{"id":9974,"date":"2021-07-27T19:31:01","date_gmt":"2021-07-27T22:31:01","guid":{"rendered":"https:\/\/uenf.br\/portal\/?p=9974"},"modified":"2021-07-27T19:31:01","modified_gmt":"2021-07-27T22:31:01","slug":"atendimentos-no-hospital-veterinario-retornam-no-inicio-de-agosto","status":"publish","type":"post","link":"https:\/\/portal1.uenf.br\/portal\/noticias\/atendimentos-no-hospital-veterinario-retornam-no-inicio-de-agosto\/","title":{"rendered":"Atendimentos no Hospital Veterin\u00e1rio retornam no in\u00edcio de agosto"},"content":{"rendered":"\n<div class=\"wp-block-image\"><figure class=\"aligncenter size-large is-resized\"><img fetchpriority=\"high\" decoding=\"async\" src=\"https:\/\/uenf.br\/portal\/wp-content\/uploads\/2021\/07\/hospital-1024x664.jpeg\" alt=\"\" class=\"wp-image-9978\" width=\"548\" height=\"355\"\/><figcaption>Hospital Veterin\u00e1rio da UENF<\/figcaption><\/figure><\/div>\n\n\n\n<p>O Hospital Veterin\u00e1rio da Universidade Estadual do Norte Fluminense Darcy Ribeiro (UENF) vai retomar o atendimento ao p\u00fablico na pr\u00f3xima segunda-feira, dia 02 de agosto. Refer\u00eancia no interior do estado, a unidade suspendeu os servi\u00e7os em 16 de mar\u00e7o de 2020, ap\u00f3s a publica\u00e7\u00e3o do decreto proibindo as atividades presenciais na UENF, em decorr\u00eancia da pandemia da Covid-19.<\/p>\n\n\n\n<p>Neste momento, os atendimentos s\u00f3 ser\u00e3o feitos ap\u00f3s agendamento e n\u00e3o ser\u00e3o atendidas emerg\u00eancias. As marca\u00e7\u00f5es devem ser feitas nos dias 28, 29 e 30 de julho, das 09h \u00e0s 12h ou das 14h \u00e0s 17h, no n\u00famero (22) 2739 7313. A previs\u00e3o \u00e9 que sejam realizados 30 atendimentos di\u00e1rios.<\/p>\n\n\n\n<p>De acordo com Fernanda Antunes, diretora do Hospital Veterin\u00e1rio, a orienta\u00e7\u00e3o \u00e9 que a popula\u00e7\u00e3o s\u00f3 traga seus animais ap\u00f3s o agendamento.<\/p>\n\n\n\n<p>\u201cPor causa das medidas de preven\u00e7\u00e3o \u00e0 Covid-19, n\u00e3o ser\u00e1 permitida a presen\u00e7a de pessoas sem o agendamento pr\u00e9vio. Vamos trabalhar de forma reduzida e buscando minimizar os riscos para a popula\u00e7\u00e3o. Um outro detalhe importante \u00e9 que n\u00e3o ser\u00e3o feitas marca\u00e7\u00f5es presenciais, somente por telefone\u201d, ponderou.<\/p>\n\n\n\n<p>O acesso ao hospital dever\u00e1 ser feito pelo port\u00e3o do estacionamento, ao lado da unidade, e s\u00f3 ser\u00e1 permitida a entrada de quem obedecer aos protocolos de seguran\u00e7a, como o uso de m\u00e1scara \u00e9 \u00e1lcool gel.<\/p>\n\n\n\n<p>Para Fernanda, a retomada nas atividades do Hospital Veterin\u00e1rio da UENF \u00e9 importante n\u00e3o s\u00f3 para a comunidade acad\u00eamica.<\/p>\n\n\n\n<p>\u201cO retorno \u00e9 importante na forma\u00e7\u00e3o de nossos alunos e para a sociedade. Diariamente, recebemos uma s\u00e9rie de solicita\u00e7\u00f5es de pessoas que sempre tiveram seus bichinhos atendidos no hospital, mas somente agora poderemos prestar esses servi\u00e7os. A UENF busca estar sempre junto da sociedade e, ao prestar essa assist\u00eancia, cuida de uma camada da popula\u00e7\u00e3o que n\u00e3o teria condi\u00e7\u00f5es arcar com as despesas m\u00e9dicas de seus animais de estima\u00e7\u00e3o\u201d, finalizou.<\/p>\n","protected":false},"excerpt":{"rendered":"<p>O Hospital Veterin\u00e1rio da Universidade Estadual do Norte Fluminense Darcy Ribeiro (UENF) vai retomar o atendimento ao p\u00fablico na pr\u00f3xima segunda-feira, dia 02 de agosto. Refer\u00eancia no interior do estado, a unidade suspendeu os servi\u00e7os em 16 de mar\u00e7o de 2020, ap\u00f3s a publica\u00e7\u00e3o do decreto proibindo as atividades presenciais na UENF, em decorr\u00eancia da [&hellip;]<\/p>\n","protected":false},"author":1,"featured_media":0,"comment_status":"closed","ping_status":"closed","sticky":false,"template":"","format":"standard","meta":{"_eb_attr":"","ocean_post_layout":"","ocean_both_sidebars_style":"","ocean_both_sidebars_content_width":0,"ocean_both_sidebars_sidebars_width":0,"ocean_sidebar":"","ocean_second_sidebar":"","ocean_disable_margins":"enable","ocean_add_body_class":"","ocean_shortcode_before_top_bar":"","ocean_shortcode_after_top_bar":"","ocean_shortcode_before_header":"","ocean_shortcode_after_header":"","ocean_has_shortcode":"","ocean_shortcode_after_title":"","ocean_shortcode_before_footer_widgets":"","ocean_shortcode_after_footer_widgets":"","ocean_shortcode_before_footer_bottom":"","ocean_shortcode_after_footer_bottom":"","ocean_display_top_bar":"default","ocean_display_header":"default","ocean_header_style":"","ocean_center_header_left_menu":"","ocean_custom_header_template":"","ocean_custom_logo":0,"ocean_custom_retina_logo":0,"ocean_custom_logo_max_width":0,"ocean_custom_logo_tablet_max_width":0,"ocean_custom_logo_mobile_max_width":0,"ocean_custom_logo_max_height":0,"ocean_custom_logo_tablet_max_height":0,"ocean_custom_logo_mobile_max_height":0,"ocean_header_custom_menu":"","ocean_menu_typo_font_family":"","ocean_menu_typo_font_subset":"","ocean_menu_typo_font_size":0,"ocean_menu_typo_font_size_tablet":0,"ocean_menu_typo_font_size_mobile":0,"ocean_menu_typo_font_size_unit":"px","ocean_menu_typo_font_weight":"","ocean_menu_typo_font_weight_tablet":"","ocean_menu_typo_font_weight_mobile":"","ocean_menu_typo_transform":"","ocean_menu_typo_transform_tablet":"","ocean_menu_typo_transform_mobile":"","ocean_menu_typo_line_height":0,"ocean_menu_typo_line_height_tablet":0,"ocean_menu_typo_line_height_mobile":0,"ocean_menu_typo_line_height_unit":"","ocean_menu_typo_spacing":0,"ocean_menu_typo_spacing_tablet":0,"ocean_menu_typo_spacing_mobile":0,"ocean_menu_typo_spacing_unit":"","ocean_menu_link_color":"","ocean_menu_link_color_hover":"","ocean_menu_link_color_active":"","ocean_menu_link_background":"","ocean_menu_link_hover_background":"","ocean_menu_link_active_background":"","ocean_menu_social_links_bg":"","ocean_menu_social_hover_links_bg":"","ocean_menu_social_links_color":"","ocean_menu_social_hover_links_color":"","ocean_disable_title":"default","ocean_disable_heading":"default","ocean_post_title":"","ocean_post_subheading":"","ocean_post_title_style":"","ocean_post_title_background_color":"","ocean_post_title_background":0,"ocean_post_title_bg_image_position":"","ocean_post_title_bg_image_attachment":"","ocean_post_title_bg_image_repeat":"","ocean_post_title_bg_image_size":"","ocean_post_title_height":0,"ocean_post_title_bg_overlay":0.5,"ocean_post_title_bg_overlay_color":"","ocean_disable_breadcrumbs":"default","ocean_breadcrumbs_color":"","ocean_breadcrumbs_separator_color":"","ocean_breadcrumbs_links_color":"","ocean_breadcrumbs_links_hover_color":"","ocean_display_footer_widgets":"default","ocean_display_footer_bottom":"default","ocean_custom_footer_template":"","ocean_post_oembed":"","ocean_post_self_hosted_media":"","ocean_post_video_embed":"","ocean_link_format":"","ocean_link_format_target":"self","ocean_quote_format":"","ocean_quote_format_link":"post","ocean_gallery_link_images":"off","ocean_gallery_id":[],"footnotes":""},"categories":[8],"tags":[],"class_list":["post-9974","post","type-post","status-publish","format-standard","hentry","category-noticias","entry"],"yoast_head":"<!-- This site is optimized with the Yoast SEO plugin v26.5 - https:\/\/yoast.com\/wordpress\/plugins\/seo\/ -->\n<title>Atendimentos no Hospital Veterin\u00e1rio retornam no in\u00edcio de agosto - UENF - Universidade Estadual do Norte Fluminense Darcy Ribeiro<\/title>\n<meta name=\"robots\" content=\"noindex, follow, max-snippet:-1, max-image-preview:large, max-video-preview:-1\" \/>\n<meta property=\"og:locale\" content=\"pt_BR\" \/>\n<meta property=\"og:type\" content=\"article\" \/>\n<meta property=\"og:title\" content=\"Atendimentos no Hospital Veterin\u00e1rio retornam no in\u00edcio de agosto - UENF - Universidade Estadual do Norte Fluminense Darcy Ribeiro\" \/>\n<meta property=\"og:description\" content=\"O Hospital Veterin\u00e1rio da Universidade Estadual do Norte Fluminense Darcy Ribeiro (UENF) vai retomar o atendimento ao p\u00fablico na pr\u00f3xima segunda-feira, dia 02 de agosto. Refer\u00eancia no interior do estado, a unidade suspendeu os servi\u00e7os em 16 de mar\u00e7o de 2020, ap\u00f3s a publica\u00e7\u00e3o do decreto proibindo as atividades presenciais na UENF, em decorr\u00eancia da [&hellip;]\" \/>\n<meta property=\"og:url\" content=\"https:\/\/portal1.uenf.br\/portal\/noticias\/atendimentos-no-hospital-veterinario-retornam-no-inicio-de-agosto\/\" \/>\n<meta property=\"og:site_name\" content=\"UENF - Universidade Estadual do Norte Fluminense Darcy Ribeiro\" \/>\n<meta property=\"article:published_time\" content=\"2021-07-27T22:31:01+00:00\" \/>\n<meta property=\"og:image\" content=\"https:\/\/uenf.br\/portal\/wp-content\/uploads\/2021\/07\/hospital-1024x664.jpeg\" \/>\n<meta name=\"author\" content=\"admin\" \/>\n<meta name=\"twitter:card\" content=\"summary_large_image\" \/>\n<meta name=\"twitter:label1\" content=\"Escrito por\" \/>\n\t<meta name=\"twitter:data1\" content=\"admin\" \/>\n\t<meta name=\"twitter:label2\" content=\"Est. tempo de leitura\" \/>\n\t<meta name=\"twitter:data2\" content=\"2 minutos\" \/>\n<script type=\"application\/ld+json\" class=\"yoast-schema-graph\">{\"@context\":\"https:\/\/schema.org\",\"@graph\":[{\"@type\":\"Article\",\"@id\":\"https:\/\/portal1.uenf.br\/portal\/noticias\/atendimentos-no-hospital-veterinario-retornam-no-inicio-de-agosto\/#article\",\"isPartOf\":{\"@id\":\"https:\/\/portal1.uenf.br\/portal\/noticias\/atendimentos-no-hospital-veterinario-retornam-no-inicio-de-agosto\/\"},\"author\":{\"name\":\"admin\",\"@id\":\"https:\/\/portal1.uenf.br\/portal\/#\/schema\/person\/068abbf03b6f8478c845bc8ded9270c7\"},\"headline\":\"Atendimentos no Hospital Veterin\u00e1rio retornam no in\u00edcio de agosto\",\"datePublished\":\"2021-07-27T22:31:01+00:00\",\"mainEntityOfPage\":{\"@id\":\"https:\/\/portal1.uenf.br\/portal\/noticias\/atendimentos-no-hospital-veterinario-retornam-no-inicio-de-agosto\/\"},\"wordCount\":347,\"publisher\":{\"@id\":\"https:\/\/portal1.uenf.br\/portal\/#organization\"},\"image\":{\"@id\":\"https:\/\/portal1.uenf.br\/portal\/noticias\/atendimentos-no-hospital-veterinario-retornam-no-inicio-de-agosto\/#primaryimage\"},\"thumbnailUrl\":\"https:\/\/uenf.br\/portal\/wp-content\/uploads\/2021\/07\/hospital-1024x664.jpeg\",\"articleSection\":[\"Not\u00edcias\"],\"inLanguage\":\"pt-BR\"},{\"@type\":\"WebPage\",\"@id\":\"https:\/\/portal1.uenf.br\/portal\/noticias\/atendimentos-no-hospital-veterinario-retornam-no-inicio-de-agosto\/\",\"url\":\"https:\/\/portal1.uenf.br\/portal\/noticias\/atendimentos-no-hospital-veterinario-retornam-no-inicio-de-agosto\/\",\"name\":\"Atendimentos no Hospital Veterin\u00e1rio retornam no in\u00edcio de agosto - UENF - Universidade Estadual do Norte Fluminense Darcy Ribeiro\",\"isPartOf\":{\"@id\":\"https:\/\/portal1.uenf.br\/portal\/#website\"},\"primaryImageOfPage\":{\"@id\":\"https:\/\/portal1.uenf.br\/portal\/noticias\/atendimentos-no-hospital-veterinario-retornam-no-inicio-de-agosto\/#primaryimage\"},\"image\":{\"@id\":\"https:\/\/portal1.uenf.br\/portal\/noticias\/atendimentos-no-hospital-veterinario-retornam-no-inicio-de-agosto\/#primaryimage\"},\"thumbnailUrl\":\"https:\/\/uenf.br\/portal\/wp-content\/uploads\/2021\/07\/hospital-1024x664.jpeg\",\"datePublished\":\"2021-07-27T22:31:01+00:00\",\"breadcrumb\":{\"@id\":\"https:\/\/portal1.uenf.br\/portal\/noticias\/atendimentos-no-hospital-veterinario-retornam-no-inicio-de-agosto\/#breadcrumb\"},\"inLanguage\":\"pt-BR\",\"potentialAction\":[{\"@type\":\"ReadAction\",\"target\":[\"https:\/\/portal1.uenf.br\/portal\/noticias\/atendimentos-no-hospital-veterinario-retornam-no-inicio-de-agosto\/\"]}]},{\"@type\":\"ImageObject\",\"inLanguage\":\"pt-BR\",\"@id\":\"https:\/\/portal1.uenf.br\/portal\/noticias\/atendimentos-no-hospital-veterinario-retornam-no-inicio-de-agosto\/#primaryimage\",\"url\":\"https:\/\/uenf.br\/portal\/wp-content\/uploads\/2021\/07\/hospital-1024x664.jpeg\",\"contentUrl\":\"https:\/\/uenf.br\/portal\/wp-content\/uploads\/2021\/07\/hospital-1024x664.jpeg\"},{\"@type\":\"BreadcrumbList\",\"@id\":\"https:\/\/portal1.uenf.br\/portal\/noticias\/atendimentos-no-hospital-veterinario-retornam-no-inicio-de-agosto\/#breadcrumb\",\"itemListElement\":[{\"@type\":\"ListItem\",\"position\":1,\"name\":\"In\u00edcio\",\"item\":\"https:\/\/portal1.uenf.br\/portal\/\"},{\"@type\":\"ListItem\",\"position\":2,\"name\":\"Atendimentos no Hospital Veterin\u00e1rio retornam no in\u00edcio de agosto\"}]},{\"@type\":\"WebSite\",\"@id\":\"https:\/\/portal1.uenf.br\/portal\/#website\",\"url\":\"https:\/\/portal1.uenf.br\/portal\/\",\"name\":\"UENF - Universidade Estadual do Norte Fluminense Darcy Ribeiro\",\"description\":\"\",\"publisher\":{\"@id\":\"https:\/\/portal1.uenf.br\/portal\/#organization\"},\"potentialAction\":[{\"@type\":\"SearchAction\",\"target\":{\"@type\":\"EntryPoint\",\"urlTemplate\":\"https:\/\/portal1.uenf.br\/portal\/?s={search_term_string}\"},\"query-input\":{\"@type\":\"PropertyValueSpecification\",\"valueRequired\":true,\"valueName\":\"search_term_string\"}}],\"inLanguage\":\"pt-BR\"},{\"@type\":\"Organization\",\"@id\":\"https:\/\/portal1.uenf.br\/portal\/#organization\",\"name\":\"UENF - Universidade Estadual do Norte Fluminense Darcy Ribeiro\",\"url\":\"https:\/\/portal1.uenf.br\/portal\/\",\"logo\":{\"@type\":\"ImageObject\",\"inLanguage\":\"pt-BR\",\"@id\":\"https:\/\/portal1.uenf.br\/portal\/#\/schema\/logo\/image\/\",\"url\":\"https:\/\/portal1.uenf.br\/portal\/wp-content\/uploads\/2018\/06\/logo-uenf-invertido-1.png\",\"contentUrl\":\"https:\/\/portal1.uenf.br\/portal\/wp-content\/uploads\/2018\/06\/logo-uenf-invertido-1.png\",\"width\":482,\"height\":83,\"caption\":\"UENF - Universidade Estadual do Norte Fluminense Darcy Ribeiro\"},\"image\":{\"@id\":\"https:\/\/portal1.uenf.br\/portal\/#\/schema\/logo\/image\/\"}},{\"@type\":\"Person\",\"@id\":\"https:\/\/portal1.uenf.br\/portal\/#\/schema\/person\/068abbf03b6f8478c845bc8ded9270c7\",\"name\":\"admin\",\"image\":{\"@type\":\"ImageObject\",\"inLanguage\":\"pt-BR\",\"@id\":\"https:\/\/portal1.uenf.br\/portal\/#\/schema\/person\/image\/\",\"url\":\"https:\/\/secure.gravatar.com\/avatar\/e5ecf9e4fae0742f4b136f518195bafa7b2d3f7c709f4bdc6707588ef68a6e25?s=96&d=mm&r=g\",\"contentUrl\":\"https:\/\/secure.gravatar.com\/avatar\/e5ecf9e4fae0742f4b136f518195bafa7b2d3f7c709f4bdc6707588ef68a6e25?s=96&d=mm&r=g\",\"caption\":\"admin\"},\"sameAs\":[\"https:\/\/portal1.uenf.br\/portal\"],\"url\":\"https:\/\/portal1.uenf.br\/portal\/author\/edson\/\"}]}<\/script>\n<!-- \/ Yoast SEO plugin. -->","yoast_head_json":{"title":"Atendimentos no Hospital Veterin\u00e1rio retornam no in\u00edcio de agosto - UENF - Universidade Estadual do Norte Fluminense Darcy Ribeiro","robots":{"index":"noindex","follow":"follow","max-snippet":"max-snippet:-1","max-image-preview":"max-image-preview:large","max-video-preview":"max-video-preview:-1"},"og_locale":"pt_BR","og_type":"article","og_title":"Atendimentos no Hospital Veterin\u00e1rio retornam no in\u00edcio de agosto - UENF - Universidade Estadual do Norte Fluminense Darcy Ribeiro","og_description":"O Hospital Veterin\u00e1rio da Universidade Estadual do Norte Fluminense Darcy Ribeiro (UENF) vai retomar o atendimento ao p\u00fablico na pr\u00f3xima segunda-feira, dia 02 de agosto. Refer\u00eancia no interior do estado, a unidade suspendeu os servi\u00e7os em 16 de mar\u00e7o de 2020, ap\u00f3s a publica\u00e7\u00e3o do decreto proibindo as atividades presenciais na UENF, em decorr\u00eancia da [&hellip;]","og_url":"https:\/\/portal1.uenf.br\/portal\/noticias\/atendimentos-no-hospital-veterinario-retornam-no-inicio-de-agosto\/","og_site_name":"UENF - Universidade Estadual do Norte Fluminense Darcy Ribeiro","article_published_time":"2021-07-27T22:31:01+00:00","og_image":[{"url":"https:\/\/uenf.br\/portal\/wp-content\/uploads\/2021\/07\/hospital-1024x664.jpeg","type":"","width":"","height":""}],"author":"admin","twitter_card":"summary_large_image","twitter_misc":{"Escrito por":"admin","Est. tempo de leitura":"2 minutos"},"schema":{"@context":"https:\/\/schema.org","@graph":[{"@type":"Article","@id":"https:\/\/portal1.uenf.br\/portal\/noticias\/atendimentos-no-hospital-veterinario-retornam-no-inicio-de-agosto\/#article","isPartOf":{"@id":"https:\/\/portal1.uenf.br\/portal\/noticias\/atendimentos-no-hospital-veterinario-retornam-no-inicio-de-agosto\/"},"author":{"name":"admin","@id":"https:\/\/portal1.uenf.br\/portal\/#\/schema\/person\/068abbf03b6f8478c845bc8ded9270c7"},"headline":"Atendimentos no Hospital Veterin\u00e1rio retornam no in\u00edcio de agosto","datePublished":"2021-07-27T22:31:01+00:00","mainEntityOfPage":{"@id":"https:\/\/portal1.uenf.br\/portal\/noticias\/atendimentos-no-hospital-veterinario-retornam-no-inicio-de-agosto\/"},"wordCount":347,"publisher":{"@id":"https:\/\/portal1.uenf.br\/portal\/#organization"},"image":{"@id":"https:\/\/portal1.uenf.br\/portal\/noticias\/atendimentos-no-hospital-veterinario-retornam-no-inicio-de-agosto\/#primaryimage"},"thumbnailUrl":"https:\/\/uenf.br\/portal\/wp-content\/uploads\/2021\/07\/hospital-1024x664.jpeg","articleSection":["Not\u00edcias"],"inLanguage":"pt-BR"},{"@type":"WebPage","@id":"https:\/\/portal1.uenf.br\/portal\/noticias\/atendimentos-no-hospital-veterinario-retornam-no-inicio-de-agosto\/","url":"https:\/\/portal1.uenf.br\/portal\/noticias\/atendimentos-no-hospital-veterinario-retornam-no-inicio-de-agosto\/","name":"Atendimentos no Hospital Veterin\u00e1rio retornam no in\u00edcio de agosto - UENF - Universidade Estadual do Norte Fluminense Darcy Ribeiro","isPartOf":{"@id":"https:\/\/portal1.uenf.br\/portal\/#website"},"primaryImageOfPage":{"@id":"https:\/\/portal1.uenf.br\/portal\/noticias\/atendimentos-no-hospital-veterinario-retornam-no-inicio-de-agosto\/#primaryimage"},"image":{"@id":"https:\/\/portal1.uenf.br\/portal\/noticias\/atendimentos-no-hospital-veterinario-retornam-no-inicio-de-agosto\/#primaryimage"},"thumbnailUrl":"https:\/\/uenf.br\/portal\/wp-content\/uploads\/2021\/07\/hospital-1024x664.jpeg","datePublished":"2021-07-27T22:31:01+00:00","breadcrumb":{"@id":"https:\/\/portal1.uenf.br\/portal\/noticias\/atendimentos-no-hospital-veterinario-retornam-no-inicio-de-agosto\/#breadcrumb"},"inLanguage":"pt-BR","potentialAction":[{"@type":"ReadAction","target":["https:\/\/portal1.uenf.br\/portal\/noticias\/atendimentos-no-hospital-veterinario-retornam-no-inicio-de-agosto\/"]}]},{"@type":"ImageObject","inLanguage":"pt-BR","@id":"https:\/\/portal1.uenf.br\/portal\/noticias\/atendimentos-no-hospital-veterinario-retornam-no-inicio-de-agosto\/#primaryimage","url":"https:\/\/uenf.br\/portal\/wp-content\/uploads\/2021\/07\/hospital-1024x664.jpeg","contentUrl":"https:\/\/uenf.br\/portal\/wp-content\/uploads\/2021\/07\/hospital-1024x664.jpeg"},{"@type":"BreadcrumbList","@id":"https:\/\/portal1.uenf.br\/portal\/noticias\/atendimentos-no-hospital-veterinario-retornam-no-inicio-de-agosto\/#breadcrumb","itemListElement":[{"@type":"ListItem","position":1,"name":"In\u00edcio","item":"https:\/\/portal1.uenf.br\/portal\/"},{"@type":"ListItem","position":2,"name":"Atendimentos no Hospital Veterin\u00e1rio retornam no in\u00edcio de agosto"}]},{"@type":"WebSite","@id":"https:\/\/portal1.uenf.br\/portal\/#website","url":"https:\/\/portal1.uenf.br\/portal\/","name":"UENF - Universidade Estadual do Norte Fluminense Darcy Ribeiro","description":"","publisher":{"@id":"https:\/\/portal1.uenf.br\/portal\/#organization"},"potentialAction":[{"@type":"SearchAction","target":{"@type":"EntryPoint","urlTemplate":"https:\/\/portal1.uenf.br\/portal\/?s={search_term_string}"},"query-input":{"@type":"PropertyValueSpecification","valueRequired":true,"valueName":"search_term_string"}}],"inLanguage":"pt-BR"},{"@type":"Organization","@id":"https:\/\/portal1.uenf.br\/portal\/#organization","name":"UENF - Universidade Estadual do Norte Fluminense Darcy Ribeiro","url":"https:\/\/portal1.uenf.br\/portal\/","logo":{"@type":"ImageObject","inLanguage":"pt-BR","@id":"https:\/\/portal1.uenf.br\/portal\/#\/schema\/logo\/image\/","url":"https:\/\/portal1.uenf.br\/portal\/wp-content\/uploads\/2018\/06\/logo-uenf-invertido-1.png","contentUrl":"https:\/\/portal1.uenf.br\/portal\/wp-content\/uploads\/2018\/06\/logo-uenf-invertido-1.png","width":482,"height":83,"caption":"UENF - Universidade Estadual do Norte Fluminense Darcy Ribeiro"},"image":{"@id":"https:\/\/portal1.uenf.br\/portal\/#\/schema\/logo\/image\/"}},{"@type":"Person","@id":"https:\/\/portal1.uenf.br\/portal\/#\/schema\/person\/068abbf03b6f8478c845bc8ded9270c7","name":"admin","image":{"@type":"ImageObject","inLanguage":"pt-BR","@id":"https:\/\/portal1.uenf.br\/portal\/#\/schema\/person\/image\/","url":"https:\/\/secure.gravatar.com\/avatar\/e5ecf9e4fae0742f4b136f518195bafa7b2d3f7c709f4bdc6707588ef68a6e25?s=96&d=mm&r=g","contentUrl":"https:\/\/secure.gravatar.com\/avatar\/e5ecf9e4fae0742f4b136f518195bafa7b2d3f7c709f4bdc6707588ef68a6e25?s=96&d=mm&r=g","caption":"admin"},"sameAs":["https:\/\/portal1.uenf.br\/portal"],"url":"https:\/\/portal1.uenf.br\/portal\/author\/edson\/"}]}},"_links":{"self":[{"href":"https:\/\/portal1.uenf.br\/portal\/wp-json\/wp\/v2\/posts\/9974","targetHints":{"allow":["GET"]}}],"collection":[{"href":"https:\/\/portal1.uenf.br\/portal\/wp-json\/wp\/v2\/posts"}],"about":[{"href":"https:\/\/portal1.uenf.br\/portal\/wp-json\/wp\/v2\/types\/post"}],"author":[{"embeddable":true,"href":"https:\/\/portal1.uenf.br\/portal\/wp-json\/wp\/v2\/users\/1"}],"replies":[{"embeddable":true,"href":"https:\/\/portal1.uenf.br\/portal\/wp-json\/wp\/v2\/comments?post=9974"}],"version-history":[{"count":0,"href":"https:\/\/portal1.uenf.br\/portal\/wp-json\/wp\/v2\/posts\/9974\/revisions"}],"wp:attachment":[{"href":"https:\/\/portal1.uenf.br\/portal\/wp-json\/wp\/v2\/media?parent=9974"}],"wp:term":[{"taxonomy":"category","embeddable":true,"href":"https:\/\/portal1.uenf.br\/portal\/wp-json\/wp\/v2\/categories?post=9974"},{"taxonomy":"post_tag","embeddable":true,"href":"https:\/\/portal1.uenf.br\/portal\/wp-json\/wp\/v2\/tags?post=9974"}],"curies":[{"name":"wp","href":"https:\/\/api.w.org\/{rel}","templated":true}]}}