{"id":8766,"date":"2021-04-05T18:17:27","date_gmt":"2021-04-05T21:17:27","guid":{"rendered":"https:\/\/uenf.br\/portal\/?p=8766"},"modified":"2021-04-05T18:17:27","modified_gmt":"2021-04-05T21:17:27","slug":"pibi-uenf-tem-nova-coordenadora","status":"publish","type":"post","link":"https:\/\/portal1.uenf.br\/portal\/noticias\/pibi-uenf-tem-nova-coordenadora\/","title":{"rendered":"PIBi-UENF tem nova coordenadora"},"content":{"rendered":"\n<p>A professora Marilvia Dansa de Alencar, do Laborat\u00f3rio de Qu\u00edmica e Fun\u00e7\u00e3o de Prote\u00ednas e Pept\u00eddeos do CBB (LQFPP) \u00e9 a nova coordenadora institucional do PIBi-UENF (Programas Institucionais de Bolsas de Inicia\u00e7\u00e3o da UENF). Ela assumiu o cargo no in\u00edcio de abril, em substitui\u00e7\u00e3o \u00e0 professora Maria Cristina Gaglianone, que passa a ser a coordenadora da rec\u00e9m-criada Comiss\u00e3o das Cole\u00e7\u00f5es Biol\u00f3gicas da Universidade. Ligado \u00e0 Pr\u00f3-Reitoria de Pesquisa e P\u00f3s-Gradua\u00e7\u00e3o, o PIBi abrange dois Programas: o PIBIC (Inicia\u00e7\u00e3o Cient\u00edfica) e o PIBITI (Inicia\u00e7\u00e3o em Desenvolvimento Tecnol\u00f3gico e Inova\u00e7\u00e3o). <\/p>\n\n\n\n<div class=\"wp-block-image\"><figure class=\"aligncenter size-large\"><img decoding=\"async\" src=\"https:\/\/uenf.br\/portal\/wp-content\/uploads\/2021\/04\/WhatsApp-Image-2021-04-05-at-13.17.38.jpeg\" alt=\"\" class=\"wp-image-8770\"\/><figcaption>Mar\u00edlvia Dansa de Alencar<\/figcaption><\/figure><\/div>\n\n\n\n<p>Mar\u00edlvia, que retornou \u00e0 UENF em 2020 depois de passar tr\u00eas anos e meio cedida \u00e0 Funda\u00e7\u00e3o Cecierj, ingressou como professora na Universidade em 1994. Ela \u00e9 graduada e mestre em Ci\u00eancias Biol\u00f3gicas e doutora em Ci\u00eancias na \u00e1rea de Qu\u00edmica Biol\u00f3gica pela UFRJ, al\u00e9m de p\u00f3s-doutora em Virologia na Colorado State University.<\/p>\n\n\n\n<p> &nbsp;\u201cO PIBi \u00e9 uma joia da nossa Universidade e, desde o in\u00edcio da UENF, sempre foi cuidado com muito carinho por todas as gest\u00f5es. Estar \u00e0 frente deste programa, que j\u00e1 \u00e9 excepcional, \u00e9 muito desafiador, especialmente em substitui\u00e7\u00e3o \u00e0 professora Maria Cristina Gaglianone, que fez um trabalho bel\u00edssimo nos \u00faltimos anos como coordenadora\u201d, diz.<\/p>\n\n\n\n<p>Segundo Mar\u00edlvia, no momento atual \u00e9 dif\u00edcil propor metas muito ousadas. \u201cO importante ser\u00e1 manter o programa, procurando encontrar sa\u00eddas para que a forma\u00e7\u00e3o cient\u00edfica dos estudantes n\u00e3o seja abruptamente interrompida como resultado da pandemia. Vamos continuar construindo&nbsp; com a Comiss\u00e3o Institucional, os orientadores e os estudantes de IC e IT os pr\u00f3ximos movimentos, percebendo onde podemos ajudar e onde podemos avan\u00e7ar\u201d, afirma.<\/p>\n\n\n\n<p>Ela reconhece que dever\u00e1 enfrentar, por\u00e9m, muitos desafios por conta da pandemia. \u201cMas felizmente encontro a casa arrumada, com todo o apoio da ProPPG e de muita gente que torce pela UENF e para que superemos essa fase sem o menor trauma poss\u00edvel\u201d, diz. \u201cNesse momento, muito pior que a pandemia, certamente \u00e9 enfrentar o retrocesso, o negacionismo e a antici\u00eancia. Como comunidade universit\u00e1ria, devemos estar unidos para superar essas dificuldades. Nesse sentido, nosso papel como programa de IC \u00e9 mais do que importante, \u00e9 absolutamente fundamental. E \u00e9 isso que me faz aceitar o desafio\u201d.<\/p>\n\n\n\n<p>Na opini\u00e3o da professora, a Inicia\u00e7\u00e3o Cient\u00edfica sempre foi uma \u201cmarca registrada\u201d da UENF. \u201cEstimulamos nossos alunos desde os primeiros dias de curso a se engajarem em atividades cient\u00edficas. Esta \u00e9 uma caracter\u00edstica nossa desde a cria\u00e7\u00e3o da UENF. A atividade de IC \u00e9 org\u00e2nica e a UENF obteve resultados impressionantes at\u00e9 aqui, como o Pr\u00eamio Destaque do Ano da Inicia\u00e7\u00e3o Cient\u00edfica, conferido \u00e0 UENF em 2003, 2009 e 2016 pelo CNPq na categoria M\u00e9rito Institucional\u201d, afirma.<\/p>\n\n\n\n<p>No \u00e2mbito social, segundo Mar\u00edlvia, a Inicia\u00e7\u00e3o Cient\u00edfica feita pela UENF vai al\u00e9m da forma\u00e7\u00e3o de profissionais para as \u00e1reas cient\u00edficas. Ela acredita que mesmo profissionais que n\u00e3o atuar\u00e3o diretamente em pesquisa adquirem uma forma\u00e7\u00e3o diferenciada. <\/p>\n\n\n\n<p>\u201cPor receberem letramento cient\u00edfico, s\u00e3o profissionais que sabem produzir e buscar conhecimento de qualidade para nortear suas atividades. Isso significa formar profissionais mais capacitados para os tempos atuais, em que a exig\u00eancia de estar sempre aprendendo e saber aprender sempre \u00e9 uma condi\u00e7\u00e3o para o sucesso profissional\u201d, disse. \u201cMas, al\u00e9m disso, no momento em que vivemos, talvez o mais importante \u00e9 que formamos pessoas capazes de pensar. Este \u00e9 o nosso maior patrim\u00f4nio e o nosso maior legado para a sociedade\u201d, diz.<\/p>\n\n\n\n<p>Mar\u00edlvia conta que se apaixonou pelo projeto da UENF desde a primeira vez em que ouviu falar da \u201cUniversidade do terceiro mil\u00eanio\u201d \u2014 como Darcy Ribeiro, seu idealizador, definia a universidade que estava sendo criada.&nbsp; <\/p>\n\n\n\n<p>\u201cDefendi o doutorado e no ano seguinte j\u00e1 estava trabalhando aqui, em um pr\u00e9dio que ficava literalmente na lama. Eu j\u00e1 era concursada do IFRJ e pedi exonera\u00e7\u00e3o para vir me aventurar em Campos dos Goytacazes. Ajudei a construir a UENF. Alguns professores atuais da UENF e de outras universidades foram meus alunos. Muitos professores que povoam as escolas da regi\u00e3o, veterin\u00e1rios, agr\u00f4nomos, bi\u00f3logos, zootecnistas tamb\u00e9m foram. A parte mais importante da minha trajet\u00f3ria profissional s\u00e3o eles.&nbsp; Formar gente \u00e9 a minha miss\u00e3o. Com 30 anos de estrada, n\u00e3o me interessa nada al\u00e9m de me dedicar \u00e0s coisas em que eu acredito\u2019, conclui.<\/p>\n\n\n\n<p><strong>Maria Cristina assume Comiss\u00e3o das Cole\u00e7\u00f5es Biol\u00f3gicas da UENF<\/strong><\/p>\n\n\n\n<p>Depois de passar 63 meses \u00e0 frente do PIBi, a professora Maria Cristina Gaglianone est\u00e1 assumindo outra miss\u00e3o importante dentro da Universidade: a coordena\u00e7\u00e3o da Comiss\u00e3o das Cole\u00e7\u00f5es Biol\u00f3gicas. A comiss\u00e3o vai elaborar um planejamento para a institucionaliza\u00e7\u00e3o das cole\u00e7\u00f5es biol\u00f3gicas da UENF, a fim de que sejam reconhecidas interna e externamente. \u201cAs cole\u00e7\u00f5es s\u00e3o patrim\u00f4nio da Institui\u00e7\u00e3o e devem seguir normas levando em considera\u00e7\u00e3o padr\u00f5es internacionais e particularidades de cada acervo. Assim, essa comiss\u00e3o tem a tarefa de propor um plano para atingirmos esta meta\u201d, afirma.<\/p>\n\n\n\n<div class=\"wp-block-image\"><figure class=\"aligncenter size-large is-resized\"><img fetchpriority=\"high\" decoding=\"async\" src=\"https:\/\/uenf.br\/portal\/wp-content\/uploads\/2021\/04\/DSC_0890-Cristina-PIBIC-1024x678.jpg\" alt=\"\" class=\"wp-image-8778\" width=\"536\" height=\"355\"\/><\/figure><\/div>\n\n\n\n<p>Na sua avalia\u00e7\u00e3o, o PiBi teve importantes conquistas nos \u00faltimos cinco anos, apesar de tantos desafios com os cortes de recursos para ci\u00eancia e tecnologia e a pandemia iniciada no in\u00edcio do ano passado. \u201cNossos projetos institucionais junto ao CNPq foram sempre aprovados e, apesar de cortes nacionais em alguns momentos, nossos pedidos de recursos foram atendidos e tivemos um aumento de 9% nas cotas de bolsas CNPq considerando esse per\u00edodo de cinco anos\u2019\u2019, diz.<\/p>\n\n\n\n<p>Ela cita como uma das conquistas de sua gest\u00e3o a cria\u00e7\u00e3o do Programa PIBIC Nota 10, que teve um car\u00e1ter inovador ao valorizar estudantes com coeficiente de rendimento acad\u00eamico mais alto, atrav\u00e9s de bolsas de maior valor. O programa, que teve in\u00edcio em 2016 com 12 bolsas, hoje oferece 44 bolsas.<\/p>\n\n\n\n<p>No per\u00edodo 2016-2021, foram publicados 23 editais de bolsas IC\/IT, Nota 10 e volunt\u00e1rios, com aumento geral de 13,2% nas cotas de bolsas. \u201cO n\u00famero de volunt\u00e1rios hoje \u00e9 mais do que 3 vezes maior do que o n\u00famero que t\u00ednhamos em 2016\u201d, pontua a professora, acrescentando que outro ponto bastante positivo foi o aumento de 24% na participa\u00e7\u00e3o de orientadores. Isso se deve, na sua opini\u00e3o, \u00e0 inser\u00e7\u00e3o de p\u00f3s-doutorandos (bolsistas dos editais Recem-Doutor da ProPPG) na orienta\u00e7\u00e3o dos estudantes de Inicia\u00e7\u00e3o.<\/p>\n\n\n\n<p>Outra conquista, segundo ela, foi o recebimento do Pr\u00eamio M\u00e9rito Institucional do CNPq pela terceira vez em 2016, \u201ccoroando o excelente trabalho que vem sendo desenvolvido ao longo do tempo no PIBIC-UENF, com a alta qualidade dos projetos e compet\u00eancia dos estudantes e orientadores\u201d.<\/p>\n\n\n\n<p>Em sua gest\u00e3o, foram realizadas as edi\u00e7\u00f5es 21 a 25 do Encontro de Inicia\u00e7\u00e3o Cient\u00edfica junto com as IES p\u00fablicas de Campos dos Goytacazes (UFF e IFF) dentro do CONFICT. E, a partir de 2017, o evento da P\u00f3s-Gradua\u00e7\u00e3o tamb\u00e9m se agregou ao Congresso Fluminense de P\u00f3s-Gradua\u00e7\u00e3o (CONPG), em uma mesma semana com programa\u00e7\u00e3o \u00fanica. \u201cEsta nova abordagem foi muito importante para ampliar a integra\u00e7\u00e3o entre os estudantes de Inicia\u00e7\u00e3o Cient\u00edfica e Tecnol\u00f3gica e os de p\u00f3s-gradua\u00e7\u00e3o\u201d, diz.<\/p>\n\n\n\n<p>\u201cEm 2020, nosso grande desafio foi realizar pela primeira vez um congresso totalmente remoto e tivemos a satisfa\u00e7\u00e3o de ter uma participa\u00e7\u00e3o muito grande de estudantes e orientadores, com a apresenta\u00e7\u00e3o de 357 trabalhos da Inicia\u00e7\u00e3o Cient\u00edfica e Tecnol\u00f3gica da UENF, que foram avaliados por 67 avaliadores internos e externos. Foi uma grande mobiliza\u00e7\u00e3o virtual, de toda a comunidade cient\u00edfica\u201d, lembra&nbsp; a professora.<\/p>\n\n\n\n<p>Segundo Cristina, no per\u00edodo, foi poss\u00edvel dar maior visibilidade aos trabalhos dos estudantes do Programa atrav\u00e9s da \u201c<a href=\"https:\/\/uenf.br\/projetos\/pibic\/revista-pibic-conhecendo-a-ciencia\/\">Revista Conhecendo a Ci\u00eancia\u201d<\/a> e no instagram @conhecendoaciencia). \u201cEla \u00e9 uma revista de divulga\u00e7\u00e3o cient\u00edfica voltada principalmente para estudantes de diversas \u00e1reas e de ensino m\u00e9dio, e que busca aproximar as pessoas da Ci\u00eancia e despertar a voca\u00e7\u00e3o cient\u00edfica\u201d, conta Cristina, que continua na Editoria da Revista.<\/p>\n\n\n\n<p>Para a professora, as maiores dificuldades no per\u00edodo em que esteve \u00e0 frente do PIBi foram os cortes de bolsas do CNPq e as mudan\u00e7as em toda a pol\u00edtica de financiamento da pesquisa no Pa\u00eds. \u201cEstas altera\u00e7\u00f5es geram grandes incertezas na continuidade dos projetos dos pesquisadores e na aceita\u00e7\u00e3o de novos estudantes no Programa\u201d, diz. J\u00e1 a pandemia trouxe, segundo ela, novos desafios para o desenvolvimento dos projetos&nbsp; devido \u00e0 necessidade de distanciamento social, dificultando muitas atividades nos projetos de pesquisa em execu\u00e7\u00e3o.<\/p>\n\n\n\n<p>Formada em Ci\u00eancias Biol\u00f3gicas pela USP, mestre e doutora em Entomologia, Maria Cristina ingressou na UENF em 2002. &nbsp;\u201cSinto-me com o dever cumprido e feliz pelo Programa ter alcan\u00e7ado bons \u00edndices em um per\u00edodo t\u00e3o dif\u00edcil que estamos enfrentando. Agrade\u00e7o muito \u00e0 equipe da ProPPG pela parceria e confian\u00e7a; e aos integrantes da Comiss\u00e3o Coordenadora\u201d, disse.<\/p>\n\n\n\n<p><strong>Pr\u00f3-reitora agradece dedica\u00e7\u00e3o<\/strong><\/p>\n\n\n\n<p>A pr\u00f3-reitora de Pesquisa e P\u00f3s-Gradua\u00e7\u00e3o, Maura da Cunha, agradeceu \u00e0 professora Maria Cristina por toda a dedica\u00e7\u00e3o ao PIBi. \u201cAl\u00e9m de ter se tornado uma grande amiga conquistada no conv\u00edvio di\u00e1rio na ProPPG, ela me ensinou muito sobre o nosso Programa. Vivenciar de perto todo o dinamismo com que este Programa oferece aos seus participantes \u00e9 uma verdadeira vit\u00f3ria nestes tempos dif\u00edceis. Este programa tem a personalidade da UENF, isso devido a todos os antigos Coordenadores do PIBIC, mas com um toque dinamismo da professora&nbsp; Maria Cristina\u201d, disse.<\/p>\n\n\n\n<p>Segundo a pr\u00f3-reitora, o PIBi-UENF conta com a participa\u00e7\u00e3o de 184 bolsistas CNPq e uma contrapartida da Universidade de 90 bolsistas e 38 bolsistas 10 (modalidade que oferece bolsa a alunos com crit\u00e9rios acad\u00eamicos mais r\u00edgidos e um valor de bolsa maior), al\u00e9m de 41 volunt\u00e1rios.<\/p>\n\n\n\n<p>Ela ressaltou a import\u00e2ncia da conquista, pela UENF, nos anos de 2003, 2009 e 2016, do Pr\u00eamio Destaque do Ano da Inicia\u00e7\u00e3o Cient\u00edfica do CNPq, por ter obtido o maior percentual de egressos da Inicia\u00e7\u00e3o Cient\u00edfica concluindo mestrado e doutorado.<\/p>\n\n\n\n<p>\u201cEstes pr\u00eamios e a experi\u00eancia nos programas de Inicia\u00e7\u00e3o Cient\u00edfica t\u00eam fortalecido novas a\u00e7\u00f5es para a melhoria deste programa visando \u00e0 entrada destes alunos em nossos programas de P\u00f3s-gradua\u00e7\u00e3o. Al\u00e9m do orgulho da UENF de ter porcentagem de 39% dos cotistas da gradua\u00e7\u00e3o com ingresso nos Cursos\/Programas de p\u00f3s-gradua\u00e7\u00e3o\u201d, disse.<\/p>\n\n\n\n<p>Segundo Maura, a indica\u00e7\u00e3o da professora Mar\u00edlvia para a Coordena\u00e7\u00e3o do PIBi e assessoria da ProPPG se embasa em sua trajet\u00f3ria na UENF desde os prim\u00f3rdios de sua cria\u00e7\u00e3o. \u201cA professora Mar\u00edlvia \u00e9 um marco de dedica\u00e7\u00e3o e comprometimento com a UENF\u201d, afirmou.<\/p>\n","protected":false},"excerpt":{"rendered":"<p>A professora Marilvia Dansa de Alencar, do Laborat\u00f3rio de Qu\u00edmica e Fun\u00e7\u00e3o de Prote\u00ednas e Pept\u00eddeos do CBB (LQFPP) \u00e9 a nova coordenadora institucional do PIBi-UENF (Programas Institucionais de Bolsas de Inicia\u00e7\u00e3o da UENF). Ela assumiu o cargo no in\u00edcio de abril, em substitui\u00e7\u00e3o \u00e0 professora Maria Cristina Gaglianone, que passa a ser a coordenadora [&hellip;]<\/p>\n","protected":false},"author":1,"featured_media":0,"comment_status":"closed","ping_status":"closed","sticky":false,"template":"","format":"standard","meta":{"_eb_attr":"","ocean_post_layout":"","ocean_both_sidebars_style":"","ocean_both_sidebars_content_width":0,"ocean_both_sidebars_sidebars_width":0,"ocean_sidebar":"","ocean_second_sidebar":"","ocean_disable_margins":"enable","ocean_add_body_class":"","ocean_shortcode_before_top_bar":"","ocean_shortcode_after_top_bar":"","ocean_shortcode_before_header":"","ocean_shortcode_after_header":"","ocean_has_shortcode":"","ocean_shortcode_after_title":"","ocean_shortcode_before_footer_widgets":"","ocean_shortcode_after_footer_widgets":"","ocean_shortcode_before_footer_bottom":"","ocean_shortcode_after_footer_bottom":"","ocean_display_top_bar":"default","ocean_display_header":"default","ocean_header_style":"","ocean_center_header_left_menu":"","ocean_custom_header_template":"","ocean_custom_logo":0,"ocean_custom_retina_logo":0,"ocean_custom_logo_max_width":0,"ocean_custom_logo_tablet_max_width":0,"ocean_custom_logo_mobile_max_width":0,"ocean_custom_logo_max_height":0,"ocean_custom_logo_tablet_max_height":0,"ocean_custom_logo_mobile_max_height":0,"ocean_header_custom_menu":"","ocean_menu_typo_font_family":"","ocean_menu_typo_font_subset":"","ocean_menu_typo_font_size":0,"ocean_menu_typo_font_size_tablet":0,"ocean_menu_typo_font_size_mobile":0,"ocean_menu_typo_font_size_unit":"px","ocean_menu_typo_font_weight":"","ocean_menu_typo_font_weight_tablet":"","ocean_menu_typo_font_weight_mobile":"","ocean_menu_typo_transform":"","ocean_menu_typo_transform_tablet":"","ocean_menu_typo_transform_mobile":"","ocean_menu_typo_line_height":0,"ocean_menu_typo_line_height_tablet":0,"ocean_menu_typo_line_height_mobile":0,"ocean_menu_typo_line_height_unit":"","ocean_menu_typo_spacing":0,"ocean_menu_typo_spacing_tablet":0,"ocean_menu_typo_spacing_mobile":0,"ocean_menu_typo_spacing_unit":"","ocean_menu_link_color":"","ocean_menu_link_color_hover":"","ocean_menu_link_color_active":"","ocean_menu_link_background":"","ocean_menu_link_hover_background":"","ocean_menu_link_active_background":"","ocean_menu_social_links_bg":"","ocean_menu_social_hover_links_bg":"","ocean_menu_social_links_color":"","ocean_menu_social_hover_links_color":"","ocean_disable_title":"default","ocean_disable_heading":"default","ocean_post_title":"","ocean_post_subheading":"","ocean_post_title_style":"","ocean_post_title_background_color":"","ocean_post_title_background":0,"ocean_post_title_bg_image_position":"","ocean_post_title_bg_image_attachment":"","ocean_post_title_bg_image_repeat":"","ocean_post_title_bg_image_size":"","ocean_post_title_height":0,"ocean_post_title_bg_overlay":0.5,"ocean_post_title_bg_overlay_color":"","ocean_disable_breadcrumbs":"default","ocean_breadcrumbs_color":"","ocean_breadcrumbs_separator_color":"","ocean_breadcrumbs_links_color":"","ocean_breadcrumbs_links_hover_color":"","ocean_display_footer_widgets":"default","ocean_display_footer_bottom":"default","ocean_custom_footer_template":"","ocean_post_oembed":"","ocean_post_self_hosted_media":"","ocean_post_video_embed":"","ocean_link_format":"","ocean_link_format_target":"self","ocean_quote_format":"","ocean_quote_format_link":"post","ocean_gallery_link_images":"off","ocean_gallery_id":[],"footnotes":""},"categories":[8],"tags":[],"class_list":["post-8766","post","type-post","status-publish","format-standard","hentry","category-noticias","entry"],"yoast_head":"<!-- This site is optimized with the Yoast SEO plugin v26.5 - https:\/\/yoast.com\/wordpress\/plugins\/seo\/ -->\n<title>PIBi-UENF tem nova coordenadora - UENF - Universidade Estadual do Norte Fluminense Darcy Ribeiro<\/title>\n<meta name=\"robots\" content=\"noindex, follow, max-snippet:-1, max-image-preview:large, max-video-preview:-1\" \/>\n<meta property=\"og:locale\" content=\"pt_BR\" \/>\n<meta property=\"og:type\" content=\"article\" \/>\n<meta property=\"og:title\" content=\"PIBi-UENF tem nova coordenadora - UENF - Universidade Estadual do Norte Fluminense Darcy Ribeiro\" \/>\n<meta property=\"og:description\" content=\"A professora Marilvia Dansa de Alencar, do Laborat\u00f3rio de Qu\u00edmica e Fun\u00e7\u00e3o de Prote\u00ednas e Pept\u00eddeos do CBB (LQFPP) \u00e9 a nova coordenadora institucional do PIBi-UENF (Programas Institucionais de Bolsas de Inicia\u00e7\u00e3o da UENF). Ela assumiu o cargo no in\u00edcio de abril, em substitui\u00e7\u00e3o \u00e0 professora Maria Cristina Gaglianone, que passa a ser a coordenadora [&hellip;]\" \/>\n<meta property=\"og:url\" content=\"https:\/\/portal1.uenf.br\/portal\/noticias\/pibi-uenf-tem-nova-coordenadora\/\" \/>\n<meta property=\"og:site_name\" content=\"UENF - Universidade Estadual do Norte Fluminense Darcy Ribeiro\" \/>\n<meta property=\"article:published_time\" content=\"2021-04-05T21:17:27+00:00\" \/>\n<meta property=\"og:image\" content=\"https:\/\/uenf.br\/portal\/wp-content\/uploads\/2021\/04\/WhatsApp-Image-2021-04-05-at-13.17.38.jpeg\" \/>\n<meta name=\"author\" content=\"admin\" \/>\n<meta name=\"twitter:card\" content=\"summary_large_image\" \/>\n<meta name=\"twitter:label1\" content=\"Escrito por\" \/>\n\t<meta name=\"twitter:data1\" content=\"admin\" \/>\n\t<meta name=\"twitter:label2\" content=\"Est. tempo de leitura\" \/>\n\t<meta name=\"twitter:data2\" content=\"9 minutos\" \/>\n<script type=\"application\/ld+json\" class=\"yoast-schema-graph\">{\"@context\":\"https:\/\/schema.org\",\"@graph\":[{\"@type\":\"Article\",\"@id\":\"https:\/\/portal1.uenf.br\/portal\/noticias\/pibi-uenf-tem-nova-coordenadora\/#article\",\"isPartOf\":{\"@id\":\"https:\/\/portal1.uenf.br\/portal\/noticias\/pibi-uenf-tem-nova-coordenadora\/\"},\"author\":{\"name\":\"admin\",\"@id\":\"https:\/\/portal1.uenf.br\/portal\/#\/schema\/person\/068abbf03b6f8478c845bc8ded9270c7\"},\"headline\":\"PIBi-UENF tem nova coordenadora\",\"datePublished\":\"2021-04-05T21:17:27+00:00\",\"mainEntityOfPage\":{\"@id\":\"https:\/\/portal1.uenf.br\/portal\/noticias\/pibi-uenf-tem-nova-coordenadora\/\"},\"wordCount\":1827,\"publisher\":{\"@id\":\"https:\/\/portal1.uenf.br\/portal\/#organization\"},\"image\":{\"@id\":\"https:\/\/portal1.uenf.br\/portal\/noticias\/pibi-uenf-tem-nova-coordenadora\/#primaryimage\"},\"thumbnailUrl\":\"https:\/\/uenf.br\/portal\/wp-content\/uploads\/2021\/04\/WhatsApp-Image-2021-04-05-at-13.17.38.jpeg\",\"articleSection\":[\"Not\u00edcias\"],\"inLanguage\":\"pt-BR\"},{\"@type\":\"WebPage\",\"@id\":\"https:\/\/portal1.uenf.br\/portal\/noticias\/pibi-uenf-tem-nova-coordenadora\/\",\"url\":\"https:\/\/portal1.uenf.br\/portal\/noticias\/pibi-uenf-tem-nova-coordenadora\/\",\"name\":\"PIBi-UENF tem nova coordenadora - UENF - Universidade Estadual do Norte Fluminense Darcy Ribeiro\",\"isPartOf\":{\"@id\":\"https:\/\/portal1.uenf.br\/portal\/#website\"},\"primaryImageOfPage\":{\"@id\":\"https:\/\/portal1.uenf.br\/portal\/noticias\/pibi-uenf-tem-nova-coordenadora\/#primaryimage\"},\"image\":{\"@id\":\"https:\/\/portal1.uenf.br\/portal\/noticias\/pibi-uenf-tem-nova-coordenadora\/#primaryimage\"},\"thumbnailUrl\":\"https:\/\/uenf.br\/portal\/wp-content\/uploads\/2021\/04\/WhatsApp-Image-2021-04-05-at-13.17.38.jpeg\",\"datePublished\":\"2021-04-05T21:17:27+00:00\",\"breadcrumb\":{\"@id\":\"https:\/\/portal1.uenf.br\/portal\/noticias\/pibi-uenf-tem-nova-coordenadora\/#breadcrumb\"},\"inLanguage\":\"pt-BR\",\"potentialAction\":[{\"@type\":\"ReadAction\",\"target\":[\"https:\/\/portal1.uenf.br\/portal\/noticias\/pibi-uenf-tem-nova-coordenadora\/\"]}]},{\"@type\":\"ImageObject\",\"inLanguage\":\"pt-BR\",\"@id\":\"https:\/\/portal1.uenf.br\/portal\/noticias\/pibi-uenf-tem-nova-coordenadora\/#primaryimage\",\"url\":\"https:\/\/uenf.br\/portal\/wp-content\/uploads\/2021\/04\/WhatsApp-Image-2021-04-05-at-13.17.38.jpeg\",\"contentUrl\":\"https:\/\/uenf.br\/portal\/wp-content\/uploads\/2021\/04\/WhatsApp-Image-2021-04-05-at-13.17.38.jpeg\"},{\"@type\":\"BreadcrumbList\",\"@id\":\"https:\/\/portal1.uenf.br\/portal\/noticias\/pibi-uenf-tem-nova-coordenadora\/#breadcrumb\",\"itemListElement\":[{\"@type\":\"ListItem\",\"position\":1,\"name\":\"In\u00edcio\",\"item\":\"https:\/\/portal1.uenf.br\/portal\/\"},{\"@type\":\"ListItem\",\"position\":2,\"name\":\"PIBi-UENF tem nova coordenadora\"}]},{\"@type\":\"WebSite\",\"@id\":\"https:\/\/portal1.uenf.br\/portal\/#website\",\"url\":\"https:\/\/portal1.uenf.br\/portal\/\",\"name\":\"UENF - Universidade Estadual do Norte Fluminense Darcy Ribeiro\",\"description\":\"\",\"publisher\":{\"@id\":\"https:\/\/portal1.uenf.br\/portal\/#organization\"},\"potentialAction\":[{\"@type\":\"SearchAction\",\"target\":{\"@type\":\"EntryPoint\",\"urlTemplate\":\"https:\/\/portal1.uenf.br\/portal\/?s={search_term_string}\"},\"query-input\":{\"@type\":\"PropertyValueSpecification\",\"valueRequired\":true,\"valueName\":\"search_term_string\"}}],\"inLanguage\":\"pt-BR\"},{\"@type\":\"Organization\",\"@id\":\"https:\/\/portal1.uenf.br\/portal\/#organization\",\"name\":\"UENF - Universidade Estadual do Norte Fluminense Darcy Ribeiro\",\"url\":\"https:\/\/portal1.uenf.br\/portal\/\",\"logo\":{\"@type\":\"ImageObject\",\"inLanguage\":\"pt-BR\",\"@id\":\"https:\/\/portal1.uenf.br\/portal\/#\/schema\/logo\/image\/\",\"url\":\"https:\/\/portal1.uenf.br\/portal\/wp-content\/uploads\/2018\/06\/logo-uenf-invertido-1.png\",\"contentUrl\":\"https:\/\/portal1.uenf.br\/portal\/wp-content\/uploads\/2018\/06\/logo-uenf-invertido-1.png\",\"width\":482,\"height\":83,\"caption\":\"UENF - Universidade Estadual do Norte Fluminense Darcy Ribeiro\"},\"image\":{\"@id\":\"https:\/\/portal1.uenf.br\/portal\/#\/schema\/logo\/image\/\"}},{\"@type\":\"Person\",\"@id\":\"https:\/\/portal1.uenf.br\/portal\/#\/schema\/person\/068abbf03b6f8478c845bc8ded9270c7\",\"name\":\"admin\",\"image\":{\"@type\":\"ImageObject\",\"inLanguage\":\"pt-BR\",\"@id\":\"https:\/\/portal1.uenf.br\/portal\/#\/schema\/person\/image\/\",\"url\":\"https:\/\/secure.gravatar.com\/avatar\/e5ecf9e4fae0742f4b136f518195bafa7b2d3f7c709f4bdc6707588ef68a6e25?s=96&d=mm&r=g\",\"contentUrl\":\"https:\/\/secure.gravatar.com\/avatar\/e5ecf9e4fae0742f4b136f518195bafa7b2d3f7c709f4bdc6707588ef68a6e25?s=96&d=mm&r=g\",\"caption\":\"admin\"},\"sameAs\":[\"https:\/\/portal1.uenf.br\/portal\"],\"url\":\"https:\/\/portal1.uenf.br\/portal\/author\/edson\/\"}]}<\/script>\n<!-- \/ Yoast SEO plugin. -->","yoast_head_json":{"title":"PIBi-UENF tem nova coordenadora - UENF - Universidade Estadual do Norte Fluminense Darcy Ribeiro","robots":{"index":"noindex","follow":"follow","max-snippet":"max-snippet:-1","max-image-preview":"max-image-preview:large","max-video-preview":"max-video-preview:-1"},"og_locale":"pt_BR","og_type":"article","og_title":"PIBi-UENF tem nova coordenadora - UENF - Universidade Estadual do Norte Fluminense Darcy Ribeiro","og_description":"A professora Marilvia Dansa de Alencar, do Laborat\u00f3rio de Qu\u00edmica e Fun\u00e7\u00e3o de Prote\u00ednas e Pept\u00eddeos do CBB (LQFPP) \u00e9 a nova coordenadora institucional do PIBi-UENF (Programas Institucionais de Bolsas de Inicia\u00e7\u00e3o da UENF). Ela assumiu o cargo no in\u00edcio de abril, em substitui\u00e7\u00e3o \u00e0 professora Maria Cristina Gaglianone, que passa a ser a coordenadora [&hellip;]","og_url":"https:\/\/portal1.uenf.br\/portal\/noticias\/pibi-uenf-tem-nova-coordenadora\/","og_site_name":"UENF - Universidade Estadual do Norte Fluminense Darcy Ribeiro","article_published_time":"2021-04-05T21:17:27+00:00","og_image":[{"url":"https:\/\/uenf.br\/portal\/wp-content\/uploads\/2021\/04\/WhatsApp-Image-2021-04-05-at-13.17.38.jpeg","type":"","width":"","height":""}],"author":"admin","twitter_card":"summary_large_image","twitter_misc":{"Escrito por":"admin","Est. tempo de leitura":"9 minutos"},"schema":{"@context":"https:\/\/schema.org","@graph":[{"@type":"Article","@id":"https:\/\/portal1.uenf.br\/portal\/noticias\/pibi-uenf-tem-nova-coordenadora\/#article","isPartOf":{"@id":"https:\/\/portal1.uenf.br\/portal\/noticias\/pibi-uenf-tem-nova-coordenadora\/"},"author":{"name":"admin","@id":"https:\/\/portal1.uenf.br\/portal\/#\/schema\/person\/068abbf03b6f8478c845bc8ded9270c7"},"headline":"PIBi-UENF tem nova coordenadora","datePublished":"2021-04-05T21:17:27+00:00","mainEntityOfPage":{"@id":"https:\/\/portal1.uenf.br\/portal\/noticias\/pibi-uenf-tem-nova-coordenadora\/"},"wordCount":1827,"publisher":{"@id":"https:\/\/portal1.uenf.br\/portal\/#organization"},"image":{"@id":"https:\/\/portal1.uenf.br\/portal\/noticias\/pibi-uenf-tem-nova-coordenadora\/#primaryimage"},"thumbnailUrl":"https:\/\/uenf.br\/portal\/wp-content\/uploads\/2021\/04\/WhatsApp-Image-2021-04-05-at-13.17.38.jpeg","articleSection":["Not\u00edcias"],"inLanguage":"pt-BR"},{"@type":"WebPage","@id":"https:\/\/portal1.uenf.br\/portal\/noticias\/pibi-uenf-tem-nova-coordenadora\/","url":"https:\/\/portal1.uenf.br\/portal\/noticias\/pibi-uenf-tem-nova-coordenadora\/","name":"PIBi-UENF tem nova coordenadora - UENF - Universidade Estadual do Norte Fluminense Darcy Ribeiro","isPartOf":{"@id":"https:\/\/portal1.uenf.br\/portal\/#website"},"primaryImageOfPage":{"@id":"https:\/\/portal1.uenf.br\/portal\/noticias\/pibi-uenf-tem-nova-coordenadora\/#primaryimage"},"image":{"@id":"https:\/\/portal1.uenf.br\/portal\/noticias\/pibi-uenf-tem-nova-coordenadora\/#primaryimage"},"thumbnailUrl":"https:\/\/uenf.br\/portal\/wp-content\/uploads\/2021\/04\/WhatsApp-Image-2021-04-05-at-13.17.38.jpeg","datePublished":"2021-04-05T21:17:27+00:00","breadcrumb":{"@id":"https:\/\/portal1.uenf.br\/portal\/noticias\/pibi-uenf-tem-nova-coordenadora\/#breadcrumb"},"inLanguage":"pt-BR","potentialAction":[{"@type":"ReadAction","target":["https:\/\/portal1.uenf.br\/portal\/noticias\/pibi-uenf-tem-nova-coordenadora\/"]}]},{"@type":"ImageObject","inLanguage":"pt-BR","@id":"https:\/\/portal1.uenf.br\/portal\/noticias\/pibi-uenf-tem-nova-coordenadora\/#primaryimage","url":"https:\/\/uenf.br\/portal\/wp-content\/uploads\/2021\/04\/WhatsApp-Image-2021-04-05-at-13.17.38.jpeg","contentUrl":"https:\/\/uenf.br\/portal\/wp-content\/uploads\/2021\/04\/WhatsApp-Image-2021-04-05-at-13.17.38.jpeg"},{"@type":"BreadcrumbList","@id":"https:\/\/portal1.uenf.br\/portal\/noticias\/pibi-uenf-tem-nova-coordenadora\/#breadcrumb","itemListElement":[{"@type":"ListItem","position":1,"name":"In\u00edcio","item":"https:\/\/portal1.uenf.br\/portal\/"},{"@type":"ListItem","position":2,"name":"PIBi-UENF tem nova coordenadora"}]},{"@type":"WebSite","@id":"https:\/\/portal1.uenf.br\/portal\/#website","url":"https:\/\/portal1.uenf.br\/portal\/","name":"UENF - Universidade Estadual do Norte Fluminense Darcy Ribeiro","description":"","publisher":{"@id":"https:\/\/portal1.uenf.br\/portal\/#organization"},"potentialAction":[{"@type":"SearchAction","target":{"@type":"EntryPoint","urlTemplate":"https:\/\/portal1.uenf.br\/portal\/?s={search_term_string}"},"query-input":{"@type":"PropertyValueSpecification","valueRequired":true,"valueName":"search_term_string"}}],"inLanguage":"pt-BR"},{"@type":"Organization","@id":"https:\/\/portal1.uenf.br\/portal\/#organization","name":"UENF - Universidade Estadual do Norte Fluminense Darcy Ribeiro","url":"https:\/\/portal1.uenf.br\/portal\/","logo":{"@type":"ImageObject","inLanguage":"pt-BR","@id":"https:\/\/portal1.uenf.br\/portal\/#\/schema\/logo\/image\/","url":"https:\/\/portal1.uenf.br\/portal\/wp-content\/uploads\/2018\/06\/logo-uenf-invertido-1.png","contentUrl":"https:\/\/portal1.uenf.br\/portal\/wp-content\/uploads\/2018\/06\/logo-uenf-invertido-1.png","width":482,"height":83,"caption":"UENF - Universidade Estadual do Norte Fluminense Darcy Ribeiro"},"image":{"@id":"https:\/\/portal1.uenf.br\/portal\/#\/schema\/logo\/image\/"}},{"@type":"Person","@id":"https:\/\/portal1.uenf.br\/portal\/#\/schema\/person\/068abbf03b6f8478c845bc8ded9270c7","name":"admin","image":{"@type":"ImageObject","inLanguage":"pt-BR","@id":"https:\/\/portal1.uenf.br\/portal\/#\/schema\/person\/image\/","url":"https:\/\/secure.gravatar.com\/avatar\/e5ecf9e4fae0742f4b136f518195bafa7b2d3f7c709f4bdc6707588ef68a6e25?s=96&d=mm&r=g","contentUrl":"https:\/\/secure.gravatar.com\/avatar\/e5ecf9e4fae0742f4b136f518195bafa7b2d3f7c709f4bdc6707588ef68a6e25?s=96&d=mm&r=g","caption":"admin"},"sameAs":["https:\/\/portal1.uenf.br\/portal"],"url":"https:\/\/portal1.uenf.br\/portal\/author\/edson\/"}]}},"_links":{"self":[{"href":"https:\/\/portal1.uenf.br\/portal\/wp-json\/wp\/v2\/posts\/8766","targetHints":{"allow":["GET"]}}],"collection":[{"href":"https:\/\/portal1.uenf.br\/portal\/wp-json\/wp\/v2\/posts"}],"about":[{"href":"https:\/\/portal1.uenf.br\/portal\/wp-json\/wp\/v2\/types\/post"}],"author":[{"embeddable":true,"href":"https:\/\/portal1.uenf.br\/portal\/wp-json\/wp\/v2\/users\/1"}],"replies":[{"embeddable":true,"href":"https:\/\/portal1.uenf.br\/portal\/wp-json\/wp\/v2\/comments?post=8766"}],"version-history":[{"count":0,"href":"https:\/\/portal1.uenf.br\/portal\/wp-json\/wp\/v2\/posts\/8766\/revisions"}],"wp:attachment":[{"href":"https:\/\/portal1.uenf.br\/portal\/wp-json\/wp\/v2\/media?parent=8766"}],"wp:term":[{"taxonomy":"category","embeddable":true,"href":"https:\/\/portal1.uenf.br\/portal\/wp-json\/wp\/v2\/categories?post=8766"},{"taxonomy":"post_tag","embeddable":true,"href":"https:\/\/portal1.uenf.br\/portal\/wp-json\/wp\/v2\/tags?post=8766"}],"curies":[{"name":"wp","href":"https:\/\/api.w.org\/{rel}","templated":true}]}}