{"id":8167,"date":"2021-02-26T17:04:15","date_gmt":"2021-02-26T20:04:15","guid":{"rendered":"https:\/\/uenf.br\/portal\/?p=8167"},"modified":"2021-02-26T17:04:15","modified_gmt":"2021-02-26T20:04:15","slug":"campus-de-macae-passa-a-se-chamar-carlos-alberto-dias","status":"publish","type":"post","link":"https:\/\/portal1.uenf.br\/portal\/noticias\/campus-de-macae-passa-a-se-chamar-carlos-alberto-dias\/","title":{"rendered":"Campus de Maca\u00e9 passa a se chamar Carlos Alberto Dias"},"content":{"rendered":"\n<p>A emo\u00e7\u00e3o marcou a Sess\u00e3o Solene do Conselho Universit\u00e1rio da UENF (CONSUNI) realizada na manh\u00e3 desta sexta-feira, 26\/02\/21, atrav\u00e9s do Google Meet, para homenagear o professor Carlos Alberto Dias, falecido em dezembro. Diversos convidados prestaram sua homenagem, como professores que participaram de sua trajet\u00f3ria profissional, alunos e os familiares mais pr\u00f3ximos: sua esposa, Maria Virg\u00ednia da Silva Dias; e seu filho, Poty Silva Dias. <\/p>\n\n\n\n<p>O Conselho deliberou que, a partir de agora, o <em>Campus<\/em> de Maca\u00e9 \u2014 onde funcionam os Laborat\u00f3rios de Engenharia e Explora\u00e7\u00e3o de Petr\u00f3leo (LENEP) e de Meteorologia (LAMET) \u2014 passa a se chamar Carlos Alberto Dias, em reconhecimento pelo seu importante papel na Universidade. Dias atuou fortemente na implanta\u00e7\u00e3o da UENF e do LENEP, onde foi professor at\u00e9 sua aposentadoria, em 2007, tendo recebido, em 2017,  o t\u00edtulo de Professor Em\u00e9rito da UENF.<\/p>\n\n\n\n<figure class=\"wp-block-image size-large\"><img decoding=\"async\" src=\"https:\/\/uenf.br\/portal\/wp-content\/uploads\/2021\/02\/consuni3-1024x377.jpg\" alt=\"\" class=\"wp-image-8177\"\/><figcaption>O reitor Raul Palacio, ao lado da esposa do prof. Dias, Maria Virg\u00ednia da Silva Dias, e de seu filho, Poty Silva Dias, participaram da Sess\u00e3o Solene do CONSUNI<\/figcaption><\/figure>\n\n\n\n<p>O primeiro convidado a prestar a sua homenagem foi o professor Wanderley de Souza, que ocupou o cargo de primeiro reitor da UENF, em 1993. Visivelmente emocionado, Wanderley contou que conheceu Dias muito antes da cria\u00e7\u00e3o da UENF, durante uma reuni\u00e3o da Sociedade Brasileira para o Progresso da Ci\u00eancia (SBPC). Mas foi em 1991 que os dois come\u00e7aram a atuar juntos na implanta\u00e7\u00e3o da UENF, a convite de Darcy Ribeiro. Numa reuni\u00e3o com Brizola para discutir as \u00e1reas da Universidade, quando foi aventada a cria\u00e7\u00e3o de um curso de petr\u00f3leo, Darcy foi categ\u00f3rico: \u201cTemos que buscar o Dias\u201d.<\/p>\n\n\n\n<p>Segundo Wanderley, isto aconteceu porque o professor Dias, j\u00e1 nesta \u00e9poca, era considerado uma sumidade no assunto. \u201cEle tinha uma carreira brilhante. Saiu do interior do Par\u00e1, veio para o Rio estudar na UFRJ, fez doutorado na Universidade da Calif\u00f3rnia, depois voltou ao Brasil e passou v\u00e1rios anos na Universidade da Bahia (UFBA) e na Universidade do Par\u00e1\u201d, lembrou.<\/p>\n\n\n\n<figure class=\"wp-block-image size-large\"><img decoding=\"async\" src=\"https:\/\/uenf.br\/portal\/wp-content\/uploads\/2021\/02\/consuni4-1024x479.jpg\" alt=\"\" class=\"wp-image-8180\"\/><figcaption>Durante a cerim\u00f4nia, foram lembrados momentos marcantes da trajet\u00f3ria do professor Dias na UENF, como o encontro com Brizola (primeira foto) e com o primeiro reitor da Universidade, Wanderley de Souza (segunda foto, \u00e0 sua direita).<\/figcaption><\/figure>\n\n\n\n<p>Ele destacou ainda outra peculiaridade do professor Dias: seu amor pela causa indigenista. \u201cDarcy sempre falava que o Dias era quase um antrop\u00f3logo. Ele tinha uma biblioteca invej\u00e1vel de livros sobre a quest\u00e3o indigenista no Brasil, a qual \u00e9 importante que seja preservada. O Darcy \u00e0s vezes queria pegar alguns livros que s\u00f3 ele tinha, mas ele n\u00e3o deixava. Durante toda a sua vida, ele se dedicou muito a esta quest\u00e3o\u201d, afirmou.<\/p>\n\n\n\n<p>O professor Alex Fi\u00faza, da Universidade Federal do Par\u00e1 (UFPA), relatou um dos \u00faltimos esfor\u00e7os de Dias, que foi o projeto&nbsp; de implanta\u00e7\u00e3o de um polo de ensino na \u00e1rea de petr\u00f3leo em Salinas, no Par\u00e1. \u201cEu era o reitor da Universidade, e ele me disse: \u2018Alex, surgiu uma oportunidade \u00fanica de eu retribuir a minha cidade natal. Estou sabendo que a Petrobras j\u00e1 tem ind\u00edcios suficientes de uma bacia de petr\u00f3leo no Norte do Brasil. Vamos ter que ser protagonistas disso, criando um polo de conhecimento de petr\u00f3leo em Salinas\u2019. J\u00e1 t\u00ednhamos 11 <em>campi<\/em>, mas era mais uma oportunidade\u201d. Segundo Fi\u00faza, &#8220;Dias tinha um profundo idealismo e dedica\u00e7\u00e3o \u00e0 ci\u00eancia e educa\u00e7\u00e3o. Na idade em que estava, n\u00e3o mediu esfor\u00e7os para criar mais uma estrutura universit\u00e1ria em sua terra natal\u201d.<\/p>\n\n\n\n<p>Para ele, n\u00e3o \u00e9 apenas a vida acad\u00eamica de Dias que \u00e9 importante resgatar, mas sobretudo seu car\u00e1ter e dedica\u00e7\u00e3o \u00e0s causas sociais. \u201cEle acreditava que era a partir do conhecimento que se conseguia a liberta\u00e7\u00e3o do ser humano. O Dias n\u00e3o buscava curr\u00edculo; isso era consequ\u00eancia. Ele n\u00e3o vivia para dentro da Universidade, mas para fora, para os desafios do Pa\u00eds, e usava a sua condi\u00e7\u00e3o universit\u00e1ria para ser protagonista da solu\u00e7\u00e3o desses desafios. Ele \u00e9 um modelo para todos n\u00f3s\u201d, disse o professor.<\/p>\n\n\n\n<figure class=\"wp-block-image size-large\"><img decoding=\"async\" src=\"https:\/\/uenf.br\/portal\/wp-content\/uploads\/2021\/02\/consuni5-1024x479.jpg\" alt=\"\" class=\"wp-image-8182\"\/><figcaption>A Sess\u00e3o Solene do CONSUNI foi realizada atrav\u00e9s do Google Meet<\/figcaption><\/figure>\n\n\n\n<p>O reitor da UENF destacou que a homenagem feita pelo Conselho Universit\u00e1rio \u00e9 uma forma de imortalizar o professor Dias. \u201cQuando a gente homenageia o professor Dias est\u00e1 homenageando tamb\u00e9m a ci\u00eancia, a educa\u00e7\u00e3o e a sociedade brasileira. Ele foi um desbravador na ci\u00eancia e na educa\u00e7\u00e3o. Um l\u00edder que conseguia unir as pessoas para alcan\u00e7ar seu objetivo, que era um compromisso muito s\u00e9rio com a comunidade\u201d, afirmou. \u201cPrecisamos todos dar continuidade ao legado desse grande brasileiro\u201d, completou a vice-reitora.<\/p>\n\n\n\n<p>Tamb\u00e9m prestaram homenagem ao professor Dias o engenheiro s\u00eanior da Petrobras e ex-orientando do professor Dias, Marcos Machado; o professor Ant\u00f4nio Lima, da UFBA (que enviou um comunicado lido pela professora Annabell Tamariz, do CCT\/UENF); o professor aposentado do Laborat\u00f3rio de Meteorologia da UENF (LAMET), Valdo Marques; o cirurgi\u00e3o dentista Poty Silva Dias, filho do professor Dias; o professor Fernando Moraes, atual chefe do LENEP; o professor Nilton Rocha Leal, que tamb\u00e9m participou da implanta\u00e7\u00e3o da UENF; a professora do CBB\/UENF, Olga Lima Tavares; a professora do CCH\/UENF, Luciane Soares; a professora do LAMET\/CCT, Maria Justi; e o professor do LENEP\/CCT, Viatcheslav Priimenko.<\/p>\n\n\n\n<figure class=\"wp-block-image size-large\"><img decoding=\"async\" src=\"https:\/\/uenf.br\/portal\/wp-content\/uploads\/2021\/02\/consuni2.jpg\" alt=\"\" class=\"wp-image-8184\"\/><figcaption>Vis\u00e3o a\u00e9rea do Campus de Maca\u00e9, que agora passa a se chamar Campus Carlos Alberto Dias<\/figcaption><\/figure>\n","protected":false},"excerpt":{"rendered":"<p>A emo\u00e7\u00e3o marcou a Sess\u00e3o Solene do Conselho Universit\u00e1rio da UENF (CONSUNI) realizada na manh\u00e3 desta sexta-feira, 26\/02\/21, atrav\u00e9s do Google Meet, para homenagear o professor Carlos Alberto Dias, falecido em dezembro. Diversos convidados prestaram sua homenagem, como professores que participaram de sua trajet\u00f3ria profissional, alunos e os familiares mais pr\u00f3ximos: sua esposa, Maria Virg\u00ednia [&hellip;]<\/p>\n","protected":false},"author":1,"featured_media":0,"comment_status":"closed","ping_status":"closed","sticky":false,"template":"","format":"standard","meta":{"_eb_attr":"","ocean_post_layout":"","ocean_both_sidebars_style":"","ocean_both_sidebars_content_width":0,"ocean_both_sidebars_sidebars_width":0,"ocean_sidebar":"","ocean_second_sidebar":"","ocean_disable_margins":"enable","ocean_add_body_class":"","ocean_shortcode_before_top_bar":"","ocean_shortcode_after_top_bar":"","ocean_shortcode_before_header":"","ocean_shortcode_after_header":"","ocean_has_shortcode":"","ocean_shortcode_after_title":"","ocean_shortcode_before_footer_widgets":"","ocean_shortcode_after_footer_widgets":"","ocean_shortcode_before_footer_bottom":"","ocean_shortcode_after_footer_bottom":"","ocean_display_top_bar":"default","ocean_display_header":"default","ocean_header_style":"","ocean_center_header_left_menu":"","ocean_custom_header_template":"","ocean_custom_logo":0,"ocean_custom_retina_logo":0,"ocean_custom_logo_max_width":0,"ocean_custom_logo_tablet_max_width":0,"ocean_custom_logo_mobile_max_width":0,"ocean_custom_logo_max_height":0,"ocean_custom_logo_tablet_max_height":0,"ocean_custom_logo_mobile_max_height":0,"ocean_header_custom_menu":"","ocean_menu_typo_font_family":"","ocean_menu_typo_font_subset":"","ocean_menu_typo_font_size":0,"ocean_menu_typo_font_size_tablet":0,"ocean_menu_typo_font_size_mobile":0,"ocean_menu_typo_font_size_unit":"px","ocean_menu_typo_font_weight":"","ocean_menu_typo_font_weight_tablet":"","ocean_menu_typo_font_weight_mobile":"","ocean_menu_typo_transform":"","ocean_menu_typo_transform_tablet":"","ocean_menu_typo_transform_mobile":"","ocean_menu_typo_line_height":0,"ocean_menu_typo_line_height_tablet":0,"ocean_menu_typo_line_height_mobile":0,"ocean_menu_typo_line_height_unit":"","ocean_menu_typo_spacing":0,"ocean_menu_typo_spacing_tablet":0,"ocean_menu_typo_spacing_mobile":0,"ocean_menu_typo_spacing_unit":"","ocean_menu_link_color":"","ocean_menu_link_color_hover":"","ocean_menu_link_color_active":"","ocean_menu_link_background":"","ocean_menu_link_hover_background":"","ocean_menu_link_active_background":"","ocean_menu_social_links_bg":"","ocean_menu_social_hover_links_bg":"","ocean_menu_social_links_color":"","ocean_menu_social_hover_links_color":"","ocean_disable_title":"default","ocean_disable_heading":"default","ocean_post_title":"","ocean_post_subheading":"","ocean_post_title_style":"","ocean_post_title_background_color":"","ocean_post_title_background":0,"ocean_post_title_bg_image_position":"","ocean_post_title_bg_image_attachment":"","ocean_post_title_bg_image_repeat":"","ocean_post_title_bg_image_size":"","ocean_post_title_height":0,"ocean_post_title_bg_overlay":0.5,"ocean_post_title_bg_overlay_color":"","ocean_disable_breadcrumbs":"default","ocean_breadcrumbs_color":"","ocean_breadcrumbs_separator_color":"","ocean_breadcrumbs_links_color":"","ocean_breadcrumbs_links_hover_color":"","ocean_display_footer_widgets":"default","ocean_display_footer_bottom":"default","ocean_custom_footer_template":"","ocean_post_oembed":"","ocean_post_self_hosted_media":"","ocean_post_video_embed":"","ocean_link_format":"","ocean_link_format_target":"self","ocean_quote_format":"","ocean_quote_format_link":"post","ocean_gallery_link_images":"off","ocean_gallery_id":[],"footnotes":""},"categories":[8],"tags":[],"class_list":["post-8167","post","type-post","status-publish","format-standard","hentry","category-noticias","entry"],"yoast_head":"<!-- This site is optimized with the Yoast SEO plugin v26.5 - https:\/\/yoast.com\/wordpress\/plugins\/seo\/ -->\n<title>Campus de Maca\u00e9 passa a se chamar Carlos Alberto Dias - UENF - Universidade Estadual do Norte Fluminense Darcy Ribeiro<\/title>\n<meta name=\"robots\" content=\"noindex, follow, max-snippet:-1, max-image-preview:large, max-video-preview:-1\" \/>\n<meta property=\"og:locale\" content=\"pt_BR\" \/>\n<meta property=\"og:type\" content=\"article\" \/>\n<meta property=\"og:title\" content=\"Campus de Maca\u00e9 passa a se chamar Carlos Alberto Dias - UENF - Universidade Estadual do Norte Fluminense Darcy Ribeiro\" \/>\n<meta property=\"og:description\" content=\"A emo\u00e7\u00e3o marcou a Sess\u00e3o Solene do Conselho Universit\u00e1rio da UENF (CONSUNI) realizada na manh\u00e3 desta sexta-feira, 26\/02\/21, atrav\u00e9s do Google Meet, para homenagear o professor Carlos Alberto Dias, falecido em dezembro. Diversos convidados prestaram sua homenagem, como professores que participaram de sua trajet\u00f3ria profissional, alunos e os familiares mais pr\u00f3ximos: sua esposa, Maria Virg\u00ednia [&hellip;]\" \/>\n<meta property=\"og:url\" content=\"https:\/\/portal1.uenf.br\/portal\/noticias\/campus-de-macae-passa-a-se-chamar-carlos-alberto-dias\/\" \/>\n<meta property=\"og:site_name\" content=\"UENF - Universidade Estadual do Norte Fluminense Darcy Ribeiro\" \/>\n<meta property=\"article:published_time\" content=\"2021-02-26T20:04:15+00:00\" \/>\n<meta property=\"og:image\" content=\"https:\/\/uenf.br\/portal\/wp-content\/uploads\/2021\/02\/consuni3-1024x377.jpg\" \/>\n<meta name=\"author\" content=\"admin\" \/>\n<meta name=\"twitter:card\" content=\"summary_large_image\" \/>\n<meta name=\"twitter:label1\" content=\"Escrito por\" \/>\n\t<meta name=\"twitter:data1\" content=\"admin\" \/>\n\t<meta name=\"twitter:label2\" content=\"Est. tempo de leitura\" \/>\n\t<meta name=\"twitter:data2\" content=\"5 minutos\" \/>\n<script type=\"application\/ld+json\" class=\"yoast-schema-graph\">{\"@context\":\"https:\/\/schema.org\",\"@graph\":[{\"@type\":\"Article\",\"@id\":\"https:\/\/portal1.uenf.br\/portal\/noticias\/campus-de-macae-passa-a-se-chamar-carlos-alberto-dias\/#article\",\"isPartOf\":{\"@id\":\"https:\/\/portal1.uenf.br\/portal\/noticias\/campus-de-macae-passa-a-se-chamar-carlos-alberto-dias\/\"},\"author\":{\"name\":\"admin\",\"@id\":\"https:\/\/portal1.uenf.br\/portal\/#\/schema\/person\/068abbf03b6f8478c845bc8ded9270c7\"},\"headline\":\"Campus de Maca\u00e9 passa a se chamar Carlos Alberto Dias\",\"datePublished\":\"2021-02-26T20:04:15+00:00\",\"mainEntityOfPage\":{\"@id\":\"https:\/\/portal1.uenf.br\/portal\/noticias\/campus-de-macae-passa-a-se-chamar-carlos-alberto-dias\/\"},\"wordCount\":940,\"publisher\":{\"@id\":\"https:\/\/portal1.uenf.br\/portal\/#organization\"},\"image\":{\"@id\":\"https:\/\/portal1.uenf.br\/portal\/noticias\/campus-de-macae-passa-a-se-chamar-carlos-alberto-dias\/#primaryimage\"},\"thumbnailUrl\":\"https:\/\/uenf.br\/portal\/wp-content\/uploads\/2021\/02\/consuni3-1024x377.jpg\",\"articleSection\":[\"Not\u00edcias\"],\"inLanguage\":\"pt-BR\"},{\"@type\":\"WebPage\",\"@id\":\"https:\/\/portal1.uenf.br\/portal\/noticias\/campus-de-macae-passa-a-se-chamar-carlos-alberto-dias\/\",\"url\":\"https:\/\/portal1.uenf.br\/portal\/noticias\/campus-de-macae-passa-a-se-chamar-carlos-alberto-dias\/\",\"name\":\"Campus de Maca\u00e9 passa a se chamar Carlos Alberto Dias - UENF - Universidade Estadual do Norte Fluminense Darcy Ribeiro\",\"isPartOf\":{\"@id\":\"https:\/\/portal1.uenf.br\/portal\/#website\"},\"primaryImageOfPage\":{\"@id\":\"https:\/\/portal1.uenf.br\/portal\/noticias\/campus-de-macae-passa-a-se-chamar-carlos-alberto-dias\/#primaryimage\"},\"image\":{\"@id\":\"https:\/\/portal1.uenf.br\/portal\/noticias\/campus-de-macae-passa-a-se-chamar-carlos-alberto-dias\/#primaryimage\"},\"thumbnailUrl\":\"https:\/\/uenf.br\/portal\/wp-content\/uploads\/2021\/02\/consuni3-1024x377.jpg\",\"datePublished\":\"2021-02-26T20:04:15+00:00\",\"breadcrumb\":{\"@id\":\"https:\/\/portal1.uenf.br\/portal\/noticias\/campus-de-macae-passa-a-se-chamar-carlos-alberto-dias\/#breadcrumb\"},\"inLanguage\":\"pt-BR\",\"potentialAction\":[{\"@type\":\"ReadAction\",\"target\":[\"https:\/\/portal1.uenf.br\/portal\/noticias\/campus-de-macae-passa-a-se-chamar-carlos-alberto-dias\/\"]}]},{\"@type\":\"ImageObject\",\"inLanguage\":\"pt-BR\",\"@id\":\"https:\/\/portal1.uenf.br\/portal\/noticias\/campus-de-macae-passa-a-se-chamar-carlos-alberto-dias\/#primaryimage\",\"url\":\"https:\/\/uenf.br\/portal\/wp-content\/uploads\/2021\/02\/consuni3-1024x377.jpg\",\"contentUrl\":\"https:\/\/uenf.br\/portal\/wp-content\/uploads\/2021\/02\/consuni3-1024x377.jpg\"},{\"@type\":\"BreadcrumbList\",\"@id\":\"https:\/\/portal1.uenf.br\/portal\/noticias\/campus-de-macae-passa-a-se-chamar-carlos-alberto-dias\/#breadcrumb\",\"itemListElement\":[{\"@type\":\"ListItem\",\"position\":1,\"name\":\"In\u00edcio\",\"item\":\"https:\/\/portal1.uenf.br\/portal\/\"},{\"@type\":\"ListItem\",\"position\":2,\"name\":\"Campus de Maca\u00e9 passa a se chamar Carlos Alberto Dias\"}]},{\"@type\":\"WebSite\",\"@id\":\"https:\/\/portal1.uenf.br\/portal\/#website\",\"url\":\"https:\/\/portal1.uenf.br\/portal\/\",\"name\":\"UENF - Universidade Estadual do Norte Fluminense Darcy Ribeiro\",\"description\":\"\",\"publisher\":{\"@id\":\"https:\/\/portal1.uenf.br\/portal\/#organization\"},\"potentialAction\":[{\"@type\":\"SearchAction\",\"target\":{\"@type\":\"EntryPoint\",\"urlTemplate\":\"https:\/\/portal1.uenf.br\/portal\/?s={search_term_string}\"},\"query-input\":{\"@type\":\"PropertyValueSpecification\",\"valueRequired\":true,\"valueName\":\"search_term_string\"}}],\"inLanguage\":\"pt-BR\"},{\"@type\":\"Organization\",\"@id\":\"https:\/\/portal1.uenf.br\/portal\/#organization\",\"name\":\"UENF - Universidade Estadual do Norte Fluminense Darcy Ribeiro\",\"url\":\"https:\/\/portal1.uenf.br\/portal\/\",\"logo\":{\"@type\":\"ImageObject\",\"inLanguage\":\"pt-BR\",\"@id\":\"https:\/\/portal1.uenf.br\/portal\/#\/schema\/logo\/image\/\",\"url\":\"https:\/\/portal1.uenf.br\/portal\/wp-content\/uploads\/2018\/06\/logo-uenf-invertido-1.png\",\"contentUrl\":\"https:\/\/portal1.uenf.br\/portal\/wp-content\/uploads\/2018\/06\/logo-uenf-invertido-1.png\",\"width\":482,\"height\":83,\"caption\":\"UENF - Universidade Estadual do Norte Fluminense Darcy Ribeiro\"},\"image\":{\"@id\":\"https:\/\/portal1.uenf.br\/portal\/#\/schema\/logo\/image\/\"}},{\"@type\":\"Person\",\"@id\":\"https:\/\/portal1.uenf.br\/portal\/#\/schema\/person\/068abbf03b6f8478c845bc8ded9270c7\",\"name\":\"admin\",\"image\":{\"@type\":\"ImageObject\",\"inLanguage\":\"pt-BR\",\"@id\":\"https:\/\/portal1.uenf.br\/portal\/#\/schema\/person\/image\/\",\"url\":\"https:\/\/secure.gravatar.com\/avatar\/e5ecf9e4fae0742f4b136f518195bafa7b2d3f7c709f4bdc6707588ef68a6e25?s=96&d=mm&r=g\",\"contentUrl\":\"https:\/\/secure.gravatar.com\/avatar\/e5ecf9e4fae0742f4b136f518195bafa7b2d3f7c709f4bdc6707588ef68a6e25?s=96&d=mm&r=g\",\"caption\":\"admin\"},\"sameAs\":[\"https:\/\/portal1.uenf.br\/portal\"],\"url\":\"https:\/\/portal1.uenf.br\/portal\/author\/edson\/\"}]}<\/script>\n<!-- \/ Yoast SEO plugin. -->","yoast_head_json":{"title":"Campus de Maca\u00e9 passa a se chamar Carlos Alberto Dias - UENF - Universidade Estadual do Norte Fluminense Darcy Ribeiro","robots":{"index":"noindex","follow":"follow","max-snippet":"max-snippet:-1","max-image-preview":"max-image-preview:large","max-video-preview":"max-video-preview:-1"},"og_locale":"pt_BR","og_type":"article","og_title":"Campus de Maca\u00e9 passa a se chamar Carlos Alberto Dias - UENF - Universidade Estadual do Norte Fluminense Darcy Ribeiro","og_description":"A emo\u00e7\u00e3o marcou a Sess\u00e3o Solene do Conselho Universit\u00e1rio da UENF (CONSUNI) realizada na manh\u00e3 desta sexta-feira, 26\/02\/21, atrav\u00e9s do Google Meet, para homenagear o professor Carlos Alberto Dias, falecido em dezembro. Diversos convidados prestaram sua homenagem, como professores que participaram de sua trajet\u00f3ria profissional, alunos e os familiares mais pr\u00f3ximos: sua esposa, Maria Virg\u00ednia [&hellip;]","og_url":"https:\/\/portal1.uenf.br\/portal\/noticias\/campus-de-macae-passa-a-se-chamar-carlos-alberto-dias\/","og_site_name":"UENF - Universidade Estadual do Norte Fluminense Darcy Ribeiro","article_published_time":"2021-02-26T20:04:15+00:00","og_image":[{"url":"https:\/\/uenf.br\/portal\/wp-content\/uploads\/2021\/02\/consuni3-1024x377.jpg","type":"","width":"","height":""}],"author":"admin","twitter_card":"summary_large_image","twitter_misc":{"Escrito por":"admin","Est. tempo de leitura":"5 minutos"},"schema":{"@context":"https:\/\/schema.org","@graph":[{"@type":"Article","@id":"https:\/\/portal1.uenf.br\/portal\/noticias\/campus-de-macae-passa-a-se-chamar-carlos-alberto-dias\/#article","isPartOf":{"@id":"https:\/\/portal1.uenf.br\/portal\/noticias\/campus-de-macae-passa-a-se-chamar-carlos-alberto-dias\/"},"author":{"name":"admin","@id":"https:\/\/portal1.uenf.br\/portal\/#\/schema\/person\/068abbf03b6f8478c845bc8ded9270c7"},"headline":"Campus de Maca\u00e9 passa a se chamar Carlos Alberto Dias","datePublished":"2021-02-26T20:04:15+00:00","mainEntityOfPage":{"@id":"https:\/\/portal1.uenf.br\/portal\/noticias\/campus-de-macae-passa-a-se-chamar-carlos-alberto-dias\/"},"wordCount":940,"publisher":{"@id":"https:\/\/portal1.uenf.br\/portal\/#organization"},"image":{"@id":"https:\/\/portal1.uenf.br\/portal\/noticias\/campus-de-macae-passa-a-se-chamar-carlos-alberto-dias\/#primaryimage"},"thumbnailUrl":"https:\/\/uenf.br\/portal\/wp-content\/uploads\/2021\/02\/consuni3-1024x377.jpg","articleSection":["Not\u00edcias"],"inLanguage":"pt-BR"},{"@type":"WebPage","@id":"https:\/\/portal1.uenf.br\/portal\/noticias\/campus-de-macae-passa-a-se-chamar-carlos-alberto-dias\/","url":"https:\/\/portal1.uenf.br\/portal\/noticias\/campus-de-macae-passa-a-se-chamar-carlos-alberto-dias\/","name":"Campus de Maca\u00e9 passa a se chamar Carlos Alberto Dias - UENF - Universidade Estadual do Norte Fluminense Darcy Ribeiro","isPartOf":{"@id":"https:\/\/portal1.uenf.br\/portal\/#website"},"primaryImageOfPage":{"@id":"https:\/\/portal1.uenf.br\/portal\/noticias\/campus-de-macae-passa-a-se-chamar-carlos-alberto-dias\/#primaryimage"},"image":{"@id":"https:\/\/portal1.uenf.br\/portal\/noticias\/campus-de-macae-passa-a-se-chamar-carlos-alberto-dias\/#primaryimage"},"thumbnailUrl":"https:\/\/uenf.br\/portal\/wp-content\/uploads\/2021\/02\/consuni3-1024x377.jpg","datePublished":"2021-02-26T20:04:15+00:00","breadcrumb":{"@id":"https:\/\/portal1.uenf.br\/portal\/noticias\/campus-de-macae-passa-a-se-chamar-carlos-alberto-dias\/#breadcrumb"},"inLanguage":"pt-BR","potentialAction":[{"@type":"ReadAction","target":["https:\/\/portal1.uenf.br\/portal\/noticias\/campus-de-macae-passa-a-se-chamar-carlos-alberto-dias\/"]}]},{"@type":"ImageObject","inLanguage":"pt-BR","@id":"https:\/\/portal1.uenf.br\/portal\/noticias\/campus-de-macae-passa-a-se-chamar-carlos-alberto-dias\/#primaryimage","url":"https:\/\/uenf.br\/portal\/wp-content\/uploads\/2021\/02\/consuni3-1024x377.jpg","contentUrl":"https:\/\/uenf.br\/portal\/wp-content\/uploads\/2021\/02\/consuni3-1024x377.jpg"},{"@type":"BreadcrumbList","@id":"https:\/\/portal1.uenf.br\/portal\/noticias\/campus-de-macae-passa-a-se-chamar-carlos-alberto-dias\/#breadcrumb","itemListElement":[{"@type":"ListItem","position":1,"name":"In\u00edcio","item":"https:\/\/portal1.uenf.br\/portal\/"},{"@type":"ListItem","position":2,"name":"Campus de Maca\u00e9 passa a se chamar Carlos Alberto Dias"}]},{"@type":"WebSite","@id":"https:\/\/portal1.uenf.br\/portal\/#website","url":"https:\/\/portal1.uenf.br\/portal\/","name":"UENF - Universidade Estadual do Norte Fluminense Darcy Ribeiro","description":"","publisher":{"@id":"https:\/\/portal1.uenf.br\/portal\/#organization"},"potentialAction":[{"@type":"SearchAction","target":{"@type":"EntryPoint","urlTemplate":"https:\/\/portal1.uenf.br\/portal\/?s={search_term_string}"},"query-input":{"@type":"PropertyValueSpecification","valueRequired":true,"valueName":"search_term_string"}}],"inLanguage":"pt-BR"},{"@type":"Organization","@id":"https:\/\/portal1.uenf.br\/portal\/#organization","name":"UENF - Universidade Estadual do Norte Fluminense Darcy Ribeiro","url":"https:\/\/portal1.uenf.br\/portal\/","logo":{"@type":"ImageObject","inLanguage":"pt-BR","@id":"https:\/\/portal1.uenf.br\/portal\/#\/schema\/logo\/image\/","url":"https:\/\/portal1.uenf.br\/portal\/wp-content\/uploads\/2018\/06\/logo-uenf-invertido-1.png","contentUrl":"https:\/\/portal1.uenf.br\/portal\/wp-content\/uploads\/2018\/06\/logo-uenf-invertido-1.png","width":482,"height":83,"caption":"UENF - Universidade Estadual do Norte Fluminense Darcy Ribeiro"},"image":{"@id":"https:\/\/portal1.uenf.br\/portal\/#\/schema\/logo\/image\/"}},{"@type":"Person","@id":"https:\/\/portal1.uenf.br\/portal\/#\/schema\/person\/068abbf03b6f8478c845bc8ded9270c7","name":"admin","image":{"@type":"ImageObject","inLanguage":"pt-BR","@id":"https:\/\/portal1.uenf.br\/portal\/#\/schema\/person\/image\/","url":"https:\/\/secure.gravatar.com\/avatar\/e5ecf9e4fae0742f4b136f518195bafa7b2d3f7c709f4bdc6707588ef68a6e25?s=96&d=mm&r=g","contentUrl":"https:\/\/secure.gravatar.com\/avatar\/e5ecf9e4fae0742f4b136f518195bafa7b2d3f7c709f4bdc6707588ef68a6e25?s=96&d=mm&r=g","caption":"admin"},"sameAs":["https:\/\/portal1.uenf.br\/portal"],"url":"https:\/\/portal1.uenf.br\/portal\/author\/edson\/"}]}},"_links":{"self":[{"href":"https:\/\/portal1.uenf.br\/portal\/wp-json\/wp\/v2\/posts\/8167","targetHints":{"allow":["GET"]}}],"collection":[{"href":"https:\/\/portal1.uenf.br\/portal\/wp-json\/wp\/v2\/posts"}],"about":[{"href":"https:\/\/portal1.uenf.br\/portal\/wp-json\/wp\/v2\/types\/post"}],"author":[{"embeddable":true,"href":"https:\/\/portal1.uenf.br\/portal\/wp-json\/wp\/v2\/users\/1"}],"replies":[{"embeddable":true,"href":"https:\/\/portal1.uenf.br\/portal\/wp-json\/wp\/v2\/comments?post=8167"}],"version-history":[{"count":0,"href":"https:\/\/portal1.uenf.br\/portal\/wp-json\/wp\/v2\/posts\/8167\/revisions"}],"wp:attachment":[{"href":"https:\/\/portal1.uenf.br\/portal\/wp-json\/wp\/v2\/media?parent=8167"}],"wp:term":[{"taxonomy":"category","embeddable":true,"href":"https:\/\/portal1.uenf.br\/portal\/wp-json\/wp\/v2\/categories?post=8167"},{"taxonomy":"post_tag","embeddable":true,"href":"https:\/\/portal1.uenf.br\/portal\/wp-json\/wp\/v2\/tags?post=8167"}],"curies":[{"name":"wp","href":"https:\/\/api.w.org\/{rel}","templated":true}]}}