{"id":7755,"date":"2021-01-22T14:07:06","date_gmt":"2021-01-22T17:07:06","guid":{"rendered":"https:\/\/uenf.br\/portal\/?p=7755"},"modified":"2021-01-22T14:07:06","modified_gmt":"2021-01-22T17:07:06","slug":"sociologa-da-uenf-avalia-a-violencia-contra-a-mulher-na-pandemia","status":"publish","type":"post","link":"https:\/\/portal1.uenf.br\/portal\/noticias\/sociologa-da-uenf-avalia-a-violencia-contra-a-mulher-na-pandemia\/","title":{"rendered":"Soci\u00f3loga da UENF avalia a viol\u00eancia contra a mulher na pandemia"},"content":{"rendered":"\n<p>Com a pandemia da Covid-19 e o isolamento social, diversas minorias est\u00e3o sujeitas a serem v\u00edtimas de agress\u00e3o. O problema \u00e9 agravado com as menores possibilidades de den\u00fancia e maior tempo de confinamento com o agressor. Levantamentos do Tribunal de Justi\u00e7a e do Instituto de Seguran\u00e7a P\u00fablica do Rio de Janeiro apontaram o aumento significativo nos casos de les\u00e3o corporal e de viol\u00eancia dom\u00e9stica no estado.<\/p>\n\n\n\n<p>Para abordar o tema, a ASCOM\/UENF fez uma entrevista com a soci\u00f3loga Luciane Soares (UENF) com o objetivo de avaliar a influ\u00eancia da pandemia no aumento do n\u00famero de casos de viol\u00eancia contra a mulher e outras minorias.<\/p>\n\n\n\n<figure class=\"wp-block-image size-large is-resized\"><img fetchpriority=\"high\" decoding=\"async\" src=\"https:\/\/uenf.br\/portal\/wp-content\/uploads\/2021\/01\/LUCIANE-SOARES.jpeg\" alt=\"\" class=\"wp-image-7756\" width=\"393\" height=\"391\"\/><figcaption>Luciane Soares \u00e9 soci\u00f3loga e pesquisadora da UENF<\/figcaption><\/figure>\n\n\n\n<p><strong>ASCOM \u2013 Diante de todas as mazelas sociais que o Brasil enfrenta, a viol\u00eancia contra a mulher tornou-se mais um desafio durante a pandemia da Covid-19. Como voc\u00ea v\u00ea o aumento no n\u00famero de casos, principalmente no estado do Rio de Janeiro, que j\u00e1 \u00e9 acometido pela viol\u00eancia de um modo geral?<\/strong><\/p>\n\n\n\n<p><strong>LUCIANE <\/strong>&#8211; Estamos vivendo agora uma situa\u00e7\u00e3o <em>sui generis<\/em>, que \u00e9 essa conviv\u00eancia em casa devido ao isolamento. Pessoas que tinham suas rotinas de trabalho e estudo passaram a ter um cotidiano confinado, e esse \u00e9 um dos elementos para o aumento da viol\u00eancia contra a mulher. Por outro lado, os acessos a redes de apoio tamb\u00e9m se tornam mais complicados. Todas as rela\u00e7\u00f5es ficaram extremamente dif\u00edceis. E a forma da representa\u00e7\u00e3o social constru\u00edda nos pap\u00e9is de g\u00eanero faz com que muitos homens s\u00f3 se reconhe\u00e7am na sua masculinidade no mundo do trabalho, muitas vezes rejeitando as atividades dom\u00e9sticas. Isso sobrecarregou as mulheres durante a pandemia. Os filhos est\u00e3o em casa, mas tamb\u00e9m t\u00eam aula, e muitos maridos partem para o videogame, para as redes sociais. Agora, isso n\u00e3o necessariamente implica no tipo de viol\u00eancia dom\u00e9stica f\u00edsica, mas de uma maneira geral. \u00c9 claro que estamos falando de uma situa\u00e7\u00e3o de exce\u00e7\u00e3o, que pode produzir, sim, situa\u00e7\u00f5es de viol\u00eancia dentro desse quadro. <\/p>\n\n\n\n<p><strong>ASCOM \u2013 A sa\u00fade e a educa\u00e7\u00e3o t\u00eam sido constantemente negligenciadas pelo governo federal durante a pandemia. Recentemente, comemoramos os 72 anos da Declara\u00e7\u00e3o Universal dos Direitos Humanos. Qual a import\u00e2ncia de discutir a viol\u00eancia contra a mulher neste contexto?<\/strong><\/p>\n\n\n\n<p>H\u00e1 algum tempo eu tenho falado sobre feminic\u00eddio e coletado dados para pesquisas. E \u00e9 sempre impressionante. Recentemente recuperei o caso da Poliana Borges, em Goi\u00e2nia. A publicit\u00e1ria, de 26 anos, foi assaltada porque havia uma encomenda de um carro. No entanto, ao verem Poliana, os assaltantes resolveram mudar o plano e estupr\u00e1-la. Na medida em que o plano saiu do controle, eles a mataram com oito tiros e queimaram o carro. Esse \u00e9 um dos in\u00fameros casos de mulheres que s\u00e3o violentadas no pa\u00eds. H\u00e1 aquelas estupradas pelos pr\u00f3prios companheiros; meninas de 10 anos abusadas pelos padastros e av\u00f4s, entre outros casos, sendo que muitos destes acabam em morte. Ent\u00e3o n\u00f3s n\u00e3o estamos diante de casos isolados, mas de um fato social. E \u00e9 absolutamente fundamental observar que esta condi\u00e7\u00e3o de viol\u00eancia contra a mulher est\u00e1 para al\u00e9m das classes sociais e tem uma concentra\u00e7\u00e3o, obviamente, entre mulheres n\u00e3o brancas. \u00c9 claro que este problema n\u00e3o se restringe apenas ao Brasil. E \u00e9 absolutamente importante que a gente pare de tratar o abusador, o assassino, como um homem que sofre de algum dist\u00farbio mental, de alguma patologia espec\u00edfica, porque se fosse isso n\u00e3o seria um fen\u00f4meno t\u00e3o comum em todas as fam\u00edlias, em todas as classes e da forma como n\u00f3s temos visto a cada dia, com uso de viol\u00eancia, que vai de pedras, fios, facas, armas brancas. As modalidades s\u00e3o in\u00fameras e de extrema crueldade. Isso nos leva \u00e0 obriga\u00e7\u00e3o de repensar que n\u00e3o estamos diante de uma patologia do indiv\u00edduo, mas de uma quest\u00e3o social absolutamente central no nosso cotidiano.<\/p>\n\n\n\n<p><strong>ASCOM \u2013 Nota-se a necessidade de uma rede de apoio para que a mulher, que muitas vezes mora com o agressor, denuncie os casos de viol\u00eancia. Voc\u00ea considera eficaz essa rede de apoio? Acredita que o atendimento e acolhimento \u00e0 mulher v\u00edtima de viol\u00eancia poderia ser otimizado?<\/strong><\/p>\n\n\n\n<p class=\"has-text-align-left\"><strong>LUCIANE &#8211; <\/strong>A rede de apoio \u00e9 fundamental para que essa a v\u00edtima possa sair de casa. De acordo com os casos que estudei nesses \u00faltimos 24 meses, h\u00e1  duas caracter\u00edsticas que chamam a aten\u00e7\u00e3o: em primeiro lugar, um grande n\u00famero de casos nos quais as mulheres t\u00eam independ\u00eancia econ\u00f4mica, ou seja, n\u00e3o h\u00e1 uma correla\u00e7\u00e3o entre depend\u00eancia do companheiro e perman\u00eancia dentro da rela\u00e7\u00e3o. S\u00e3o mulheres que t\u00eam autonomia financeira. Em segundo lugar, muitas delas s\u00e3o mortas pelos ex-companheiros exatamente quando pedem o fim da rela\u00e7\u00e3o, porque eles n\u00e3o aceitam o fim daquela uni\u00e3o. E, mesmo com a medida protetiva, elas acabam morrendo. Ent\u00e3o vejam a dificuldade. Quando as pessoas criticam as mulheres que permanecem numa rela\u00e7\u00e3o abusiva, como se isso fosse uma vontade pr\u00f3pria, elas n\u00e3o t\u00eam a empatia nem a compreens\u00e3o. Ao se separar de um marido violento, que inclusive j\u00e1 fez amea\u00e7as, a mulher pode ser realmente morta. N\u00f3s estamos passando por um processo muito grave, no qual os homens, ao perderem essa centralidade social de provedores, que foi sempre a forma cl\u00e1ssica da divis\u00e3o do trabalho social e do trabalho dom\u00e9stico, sentem  uma esp\u00e9cie de inutilidade dentro de uma divis\u00e3o que era central na constru\u00e7\u00e3o da sua personalidade.<\/p>\n\n\n\n<p><strong>ASCOM \u2013 At\u00e9 quando considera que as minorias v\u00e3o sentir os reflexos sociais causados pela pandemia da Covid-19? Al\u00e9m das mulheres, quem mais sofre com a falta de aten\u00e7\u00e3o do poder p\u00fablico e o que pode ser feito para sanar essas diferen\u00e7as?<\/strong><\/p>\n\n\n\n<p><strong>LUCIANE &#8211; <\/strong>\u00c9 um conjunto dentro desse quadro. S\u00e3o as mulheres, dentro desse quadro as mulheres negras, as crian\u00e7as e os idosos. Porque os idosos precisam de cuidados, como redes de terapia, rem\u00e9dios, profissionais de fisioterapia, m\u00e9dicos e a visita de vizinhos, de parentes. O isolamento social \u00e9 particularmente danoso pra pessoas que t\u00eam uma fragilidade f\u00edsica,  emocional e doen\u00e7as que requerem um acompanhamento constante, como \u00e9 o caso dos idosos. Por outro lado, se as pessoas que os visitam \u2014 n\u00e3o s\u00f3 a fam\u00edlia como os seus cuidadores \u2014 n\u00e3o t\u00eam o cuidado social do isolamento,  podem contaminar esses idosos. Temos esses grupos que est\u00e3o na periferia, mas que tamb\u00e9m est\u00e3o na classe m\u00e9dia e possivelmente na classe m\u00e9dia alta, no caso dos idosos, e que por conta do isolamento n\u00e3o conseguem acessar os cuidados necess\u00e1rios e podem padecer de outras doen\u00e7as, o que \u00e9 um efeito indireto da pandemia de Covid-19. S\u00e3o aquelas pessoas que n\u00e3o v\u00e3o padecer com o coronav\u00edrus, mas com outras doen\u00e7as que s\u00e3o agravadas durante a quarentena. Da mesma forma, o que eu percebi atrav\u00e9s das pesquisas, principalmente na Portelinha (comunidade que fica ao lado da UENF), \u00e9 que as pessoas podem n\u00e3o morrer de Covid, mas podem morrer de fome. \u00c9 uma situa\u00e7\u00e3o da volta do Brasil ao Mapa da Fome. Uma alimenta\u00e7\u00e3o de baixa qualidade, um descontrole no que n\u00f3s temos consumido tamb\u00e9m nos torna mais vulner\u00e1veis, e \u00e9 isso que n\u00f3s temos visto em situa\u00e7\u00f5es de extrema pobreza na cidade de Campos.<\/p>\n\n\n\n<p><strong>ASCOM \u2013 Qual \u00e9 a import\u00e2ncia social de trazer um debate mais aprofundado sobre a viol\u00eancia dom\u00e9stica para a popula\u00e7\u00e3o? De falar sobre o ciclo da viol\u00eancia que \u00e9 vivenciado pelas v\u00edtimas, os diversos tipos de agress\u00f5es (morais, psicol\u00f3gicas, f\u00edsicas) que precedem maiores ofensas \u00e0 integridade da mulher, e ent\u00e3o, o feminic\u00eddio<\/strong>?<\/p>\n\n\n\n<p><strong>LUCIANE &#8211; <\/strong>N\u00f3s estamos avan\u00e7ando no debate da viol\u00eancia contra a mulher. At\u00e9 a d\u00e9cada de 90, esse tema ainda n\u00e3o era t\u00e3o central. Os chamados &#8220;crimes de honra&#8221; foram largamente aceitos socialmente, embora n\u00e3o juridicamente, at\u00e9 pouco tempo atr\u00e1s. Um caso cl\u00e1ssico foi o assassinato de \u00c2ngela Diniz por Doca Street, na d\u00e9cada de 70, que alegou ter matado por amor e foi inocentado no primeiro julgamento. As pessoas naquela \u00e9poca acreditavam que  um homem tra\u00eddo tinha o direito de &#8220;lavar a honra&#8221;. Durante muito tempo, a forma da educa\u00e7\u00e3o sentimental das mulheres passou pela ideia de um pr\u00edncipe. Quando dentro de um casamento as situa\u00e7\u00f5es de g\u00eanero mostravam a hierarquia que estava posta, o poder do homem sobre a mulher, as trai\u00e7\u00f5es que deveriam ser aceitas, isso se torna um \u201ccaldeir\u00e3o explosivo\u201d. A AIDS obrigou a nossa gera\u00e7\u00e3o a mudar seus h\u00e1bitos. Foi grande o n\u00famero de homens que infectou as suas companheiras. N\u00e3o sei se isso continua, mas h\u00e1 dez anos havia um n\u00famero muito maior de infectados em pessoas com uma idade acima de 40 anos e, muitas vezes, dentro de um relacionamento, do que entre jovens ou mesmo dentro dos grupos de risco. Ent\u00e3o n\u00f3s avan\u00e7amos na discuss\u00e3o do problema, hoje temos mais mulheres denunciando a viol\u00eancia e tamb\u00e9m mais mulheres n\u00e3o aceitando rela\u00e7\u00f5es abusivas. Ao mesmo tempo, eu me pergunto quando vejo, diariamente, a forma dos assassinatos, se eles sempre tiveram o mesmo padr\u00e3o e ele n\u00e3o era p\u00fablico. Ou seja,  se n\u00f3s temos mais mulheres denunciando ou se n\u00f3s temos mais casos de assassinatos contra mulheres e uma banaliza\u00e7\u00e3o do mal. A forma como n\u00f3s constru\u00edmos as rela\u00e7\u00f5es leva, muitas vezes, a uma trag\u00e9dia. A pr\u00f3pria forma de casamento talvez tenha mostrado a necessidade de repensarmos essa institui\u00e7\u00e3o. Talvez a forma em que n\u00f3s assentamos a institui\u00e7\u00e3o casamento  tenha que ser repensada, porque n\u00e3o \u00e9 aceit\u00e1vel a forma como as mulheres est\u00e3o sendo, literalmente, abatidas por seus companheiros, por n\u00e3o aceitarem um n\u00e3o.<\/p>\n\n\n\n<p><strong>ASCOM \u2013 A viol\u00eancia dom\u00e9stica \u00e9 um problema de car\u00e1ter hist\u00f3rico e estrutural em nosso pa\u00eds. Quais estruturas sociais propiciam a transforma\u00e7\u00e3o de nossas meninas e mulheres em v\u00edtimas? Quais padr\u00f5es repassados permitem a normaliza\u00e7\u00e3o de comportamentos abusivos e o fortalecimento de amarras sociais?<\/strong><\/p>\n\n\n\n<p><strong>LUCIANE &#8211; <\/strong>A constru\u00e7\u00e3o dos pap\u00e9is sociais, que come\u00e7a na mais tenra inf\u00e2ncia, com aquilo que \u00e9 atribu\u00eddo ao masculino e ao feminino. A viol\u00eancia contra mulher geralmente come\u00e7a na casa dos pais e m\u00e3es. O relacionamento abusivo \u00e9 apreendido dentro de casa. O n\u00famero de abusos, de viol\u00eancias, surras injustificadas, palavras desabonadoras da intelig\u00eancia feminina, palavras de compara\u00e7\u00e3o com outras, tudo isso constr\u00f3i uma psique fragilizada. Uma psique fragilizada que se encontra com uma psique violenta vai redundar em uma rela\u00e7\u00e3o abusiva. Essa rela\u00e7\u00e3o vai ser constitu\u00edda em cima do poder de um dos polos. Respeitar uma mulher \u00e9 algo que precisa ser feito desde a tenra idade. Perguntas como se o rapaz j\u00e1 come\u00e7ou a ter rela\u00e7\u00f5es sexuais, se ele \u201ct\u00e1 pegando\u201d, isso tem que parar. Porque \u00e9 como se a masculinidade residisse no \u00f3rg\u00e3o genital masculino e ela precisasse ser algo violento, algo que s\u00f3 pudesse se satisfazer por meio de um dom\u00ednio, que muitas vezes n\u00e3o \u00e9 consentido. E a\u00ed a gente t\u00e1 falando aqui do estupro, n\u00e3o \u00e9? Mas que muitas vezes tamb\u00e9m acontece dentro do casamento e isso \u00e9 resultado de uma socializa\u00e7\u00e3o. N\u00f3s n\u00e3o discutimos sexualidade na escola como dever\u00edamos e depois tamb\u00e9m n\u00e3o fazemos isso na universidade.<\/p>\n\n\n\n<p><strong>ASCOM \u2013 O cen\u00e1rio pol\u00edtico atual, em que temos um presidente com hist\u00f3rico de intoler\u00e2ncia \u00e0s minorias, poderia ter alguma influ\u00eancia neste cen\u00e1rio que estamos vivenciando, de aumento dos casos de viol\u00eancia contra a mulher?<\/strong><\/p>\n\n\n\n<p>O presidente incorpora e vocaliza uma energia, um movimento social que n\u00e3o \u00e9 recente. Todo o trabalho do avan\u00e7o do feminismo mundial produz resist\u00eancia por parte daqueles que n\u00e3o aceitam essa autonomia das mulheres, e o presidente \u00e9 um desses tipos sociais, que tem uma fixa\u00e7\u00e3o em palavras de baixo cal\u00e3o, com comportamento mis\u00f3gino, violento. Chegamos ao ponto de ter sido feito um adesivo ofensivo a uma presidenta, legitimamente eleita, no qual a bomba da gasolina era um estupro. Os casos  em outros pa\u00edses, onde h\u00e1 mulheres na pol\u00edtica, s\u00e3o tamb\u00e9m de desconstru\u00e7\u00e3o p\u00fablica que denotam estupro, morte, destrui\u00e7\u00e3o do corpo das mulheres. Ent\u00e3o n\u00e3o se resume ao Brasil, por isso que eu estou minimizando aqui o lugar do presidente, porque sen\u00e3o parece que n\u00f3s estamos falando s\u00f3 do Brasil. Estamos falando da Argentina, com a Cristina Kirchner, dos Estados Unidos, com a Kamala Harris,  das duas candidatas \u00e0 presid\u00eancia no M\u00e9xico mortas. N\u00f3s estamos falando do assassinato de Marielle Franco e de uma s\u00e9rie de assassinatos, como,por exemplo, a morte do Moa do Katend\u00ea. Durante a elei\u00e7\u00e3o de 2018, entre o in\u00edcio da elei\u00e7\u00e3o e o dia da elei\u00e7\u00e3o, n\u00f3s tivemos aproximadamente 10 mortes em fun\u00e7\u00e3o de discuss\u00e3o pol\u00edtica. E isso \u00e9 novo no Brasil, essa forma das mortes. Ent\u00e3o \u00e9 claro que ele tem um papel vocalizador e potencializador, mas n\u00e3o est\u00e1 isolado no ocidente e esse n\u00e3o \u00e9 um problema que se resume ao Brasil.<\/p>\n\n\n\n<p><\/p>\n","protected":false},"excerpt":{"rendered":"<p>Com a pandemia da Covid-19 e o isolamento social, diversas minorias est\u00e3o sujeitas a serem v\u00edtimas de agress\u00e3o. O problema \u00e9 agravado com as menores possibilidades de den\u00fancia e maior tempo de confinamento com o agressor. Levantamentos do Tribunal de Justi\u00e7a e do Instituto de Seguran\u00e7a P\u00fablica do Rio de Janeiro apontaram o aumento significativo [&hellip;]<\/p>\n","protected":false},"author":1,"featured_media":0,"comment_status":"closed","ping_status":"closed","sticky":false,"template":"","format":"standard","meta":{"_eb_attr":"","ocean_post_layout":"","ocean_both_sidebars_style":"","ocean_both_sidebars_content_width":0,"ocean_both_sidebars_sidebars_width":0,"ocean_sidebar":"","ocean_second_sidebar":"","ocean_disable_margins":"enable","ocean_add_body_class":"","ocean_shortcode_before_top_bar":"","ocean_shortcode_after_top_bar":"","ocean_shortcode_before_header":"","ocean_shortcode_after_header":"","ocean_has_shortcode":"","ocean_shortcode_after_title":"","ocean_shortcode_before_footer_widgets":"","ocean_shortcode_after_footer_widgets":"","ocean_shortcode_before_footer_bottom":"","ocean_shortcode_after_footer_bottom":"","ocean_display_top_bar":"default","ocean_display_header":"default","ocean_header_style":"","ocean_center_header_left_menu":"","ocean_custom_header_template":"","ocean_custom_logo":0,"ocean_custom_retina_logo":0,"ocean_custom_logo_max_width":0,"ocean_custom_logo_tablet_max_width":0,"ocean_custom_logo_mobile_max_width":0,"ocean_custom_logo_max_height":0,"ocean_custom_logo_tablet_max_height":0,"ocean_custom_logo_mobile_max_height":0,"ocean_header_custom_menu":"","ocean_menu_typo_font_family":"","ocean_menu_typo_font_subset":"","ocean_menu_typo_font_size":0,"ocean_menu_typo_font_size_tablet":0,"ocean_menu_typo_font_size_mobile":0,"ocean_menu_typo_font_size_unit":"px","ocean_menu_typo_font_weight":"","ocean_menu_typo_font_weight_tablet":"","ocean_menu_typo_font_weight_mobile":"","ocean_menu_typo_transform":"","ocean_menu_typo_transform_tablet":"","ocean_menu_typo_transform_mobile":"","ocean_menu_typo_line_height":0,"ocean_menu_typo_line_height_tablet":0,"ocean_menu_typo_line_height_mobile":0,"ocean_menu_typo_line_height_unit":"","ocean_menu_typo_spacing":0,"ocean_menu_typo_spacing_tablet":0,"ocean_menu_typo_spacing_mobile":0,"ocean_menu_typo_spacing_unit":"","ocean_menu_link_color":"","ocean_menu_link_color_hover":"","ocean_menu_link_color_active":"","ocean_menu_link_background":"","ocean_menu_link_hover_background":"","ocean_menu_link_active_background":"","ocean_menu_social_links_bg":"","ocean_menu_social_hover_links_bg":"","ocean_menu_social_links_color":"","ocean_menu_social_hover_links_color":"","ocean_disable_title":"default","ocean_disable_heading":"default","ocean_post_title":"","ocean_post_subheading":"","ocean_post_title_style":"","ocean_post_title_background_color":"","ocean_post_title_background":0,"ocean_post_title_bg_image_position":"","ocean_post_title_bg_image_attachment":"","ocean_post_title_bg_image_repeat":"","ocean_post_title_bg_image_size":"","ocean_post_title_height":0,"ocean_post_title_bg_overlay":0.5,"ocean_post_title_bg_overlay_color":"","ocean_disable_breadcrumbs":"default","ocean_breadcrumbs_color":"","ocean_breadcrumbs_separator_color":"","ocean_breadcrumbs_links_color":"","ocean_breadcrumbs_links_hover_color":"","ocean_display_footer_widgets":"default","ocean_display_footer_bottom":"default","ocean_custom_footer_template":"","ocean_post_oembed":"","ocean_post_self_hosted_media":"","ocean_post_video_embed":"","ocean_link_format":"","ocean_link_format_target":"self","ocean_quote_format":"","ocean_quote_format_link":"post","ocean_gallery_link_images":"off","ocean_gallery_id":[],"footnotes":""},"categories":[8],"tags":[],"class_list":["post-7755","post","type-post","status-publish","format-standard","hentry","category-noticias","entry"],"yoast_head":"<!-- This site is optimized with the Yoast SEO plugin v26.5 - https:\/\/yoast.com\/wordpress\/plugins\/seo\/ -->\n<title>Soci\u00f3loga da UENF avalia a viol\u00eancia contra a mulher na pandemia - UENF - Universidade Estadual do Norte Fluminense Darcy Ribeiro<\/title>\n<meta name=\"robots\" content=\"noindex, follow, max-snippet:-1, max-image-preview:large, max-video-preview:-1\" \/>\n<meta property=\"og:locale\" content=\"pt_BR\" \/>\n<meta property=\"og:type\" content=\"article\" \/>\n<meta property=\"og:title\" content=\"Soci\u00f3loga da UENF avalia a viol\u00eancia contra a mulher na pandemia - UENF - Universidade Estadual do Norte Fluminense Darcy Ribeiro\" \/>\n<meta property=\"og:description\" content=\"Com a pandemia da Covid-19 e o isolamento social, diversas minorias est\u00e3o sujeitas a serem v\u00edtimas de agress\u00e3o. O problema \u00e9 agravado com as menores possibilidades de den\u00fancia e maior tempo de confinamento com o agressor. Levantamentos do Tribunal de Justi\u00e7a e do Instituto de Seguran\u00e7a P\u00fablica do Rio de Janeiro apontaram o aumento significativo [&hellip;]\" \/>\n<meta property=\"og:url\" content=\"https:\/\/portal1.uenf.br\/portal\/noticias\/sociologa-da-uenf-avalia-a-violencia-contra-a-mulher-na-pandemia\/\" \/>\n<meta property=\"og:site_name\" content=\"UENF - Universidade Estadual do Norte Fluminense Darcy Ribeiro\" \/>\n<meta property=\"article:published_time\" content=\"2021-01-22T17:07:06+00:00\" \/>\n<meta property=\"og:image\" content=\"https:\/\/uenf.br\/portal\/wp-content\/uploads\/2021\/01\/LUCIANE-SOARES.jpeg\" \/>\n<meta name=\"author\" content=\"admin\" \/>\n<meta name=\"twitter:card\" content=\"summary_large_image\" \/>\n<meta name=\"twitter:label1\" content=\"Escrito por\" \/>\n\t<meta name=\"twitter:data1\" content=\"admin\" \/>\n\t<meta name=\"twitter:label2\" content=\"Est. tempo de leitura\" \/>\n\t<meta name=\"twitter:data2\" content=\"12 minutos\" \/>\n<script type=\"application\/ld+json\" class=\"yoast-schema-graph\">{\"@context\":\"https:\/\/schema.org\",\"@graph\":[{\"@type\":\"Article\",\"@id\":\"https:\/\/portal1.uenf.br\/portal\/noticias\/sociologa-da-uenf-avalia-a-violencia-contra-a-mulher-na-pandemia\/#article\",\"isPartOf\":{\"@id\":\"https:\/\/portal1.uenf.br\/portal\/noticias\/sociologa-da-uenf-avalia-a-violencia-contra-a-mulher-na-pandemia\/\"},\"author\":{\"name\":\"admin\",\"@id\":\"https:\/\/portal1.uenf.br\/portal\/#\/schema\/person\/068abbf03b6f8478c845bc8ded9270c7\"},\"headline\":\"Soci\u00f3loga da UENF avalia a viol\u00eancia contra a mulher na pandemia\",\"datePublished\":\"2021-01-22T17:07:06+00:00\",\"mainEntityOfPage\":{\"@id\":\"https:\/\/portal1.uenf.br\/portal\/noticias\/sociologa-da-uenf-avalia-a-violencia-contra-a-mulher-na-pandemia\/\"},\"wordCount\":2325,\"publisher\":{\"@id\":\"https:\/\/portal1.uenf.br\/portal\/#organization\"},\"image\":{\"@id\":\"https:\/\/portal1.uenf.br\/portal\/noticias\/sociologa-da-uenf-avalia-a-violencia-contra-a-mulher-na-pandemia\/#primaryimage\"},\"thumbnailUrl\":\"https:\/\/uenf.br\/portal\/wp-content\/uploads\/2021\/01\/LUCIANE-SOARES.jpeg\",\"articleSection\":[\"Not\u00edcias\"],\"inLanguage\":\"pt-BR\"},{\"@type\":\"WebPage\",\"@id\":\"https:\/\/portal1.uenf.br\/portal\/noticias\/sociologa-da-uenf-avalia-a-violencia-contra-a-mulher-na-pandemia\/\",\"url\":\"https:\/\/portal1.uenf.br\/portal\/noticias\/sociologa-da-uenf-avalia-a-violencia-contra-a-mulher-na-pandemia\/\",\"name\":\"Soci\u00f3loga da UENF avalia a viol\u00eancia contra a mulher na pandemia - UENF - Universidade Estadual do Norte Fluminense Darcy Ribeiro\",\"isPartOf\":{\"@id\":\"https:\/\/portal1.uenf.br\/portal\/#website\"},\"primaryImageOfPage\":{\"@id\":\"https:\/\/portal1.uenf.br\/portal\/noticias\/sociologa-da-uenf-avalia-a-violencia-contra-a-mulher-na-pandemia\/#primaryimage\"},\"image\":{\"@id\":\"https:\/\/portal1.uenf.br\/portal\/noticias\/sociologa-da-uenf-avalia-a-violencia-contra-a-mulher-na-pandemia\/#primaryimage\"},\"thumbnailUrl\":\"https:\/\/uenf.br\/portal\/wp-content\/uploads\/2021\/01\/LUCIANE-SOARES.jpeg\",\"datePublished\":\"2021-01-22T17:07:06+00:00\",\"breadcrumb\":{\"@id\":\"https:\/\/portal1.uenf.br\/portal\/noticias\/sociologa-da-uenf-avalia-a-violencia-contra-a-mulher-na-pandemia\/#breadcrumb\"},\"inLanguage\":\"pt-BR\",\"potentialAction\":[{\"@type\":\"ReadAction\",\"target\":[\"https:\/\/portal1.uenf.br\/portal\/noticias\/sociologa-da-uenf-avalia-a-violencia-contra-a-mulher-na-pandemia\/\"]}]},{\"@type\":\"ImageObject\",\"inLanguage\":\"pt-BR\",\"@id\":\"https:\/\/portal1.uenf.br\/portal\/noticias\/sociologa-da-uenf-avalia-a-violencia-contra-a-mulher-na-pandemia\/#primaryimage\",\"url\":\"https:\/\/uenf.br\/portal\/wp-content\/uploads\/2021\/01\/LUCIANE-SOARES.jpeg\",\"contentUrl\":\"https:\/\/uenf.br\/portal\/wp-content\/uploads\/2021\/01\/LUCIANE-SOARES.jpeg\"},{\"@type\":\"BreadcrumbList\",\"@id\":\"https:\/\/portal1.uenf.br\/portal\/noticias\/sociologa-da-uenf-avalia-a-violencia-contra-a-mulher-na-pandemia\/#breadcrumb\",\"itemListElement\":[{\"@type\":\"ListItem\",\"position\":1,\"name\":\"In\u00edcio\",\"item\":\"https:\/\/portal1.uenf.br\/portal\/\"},{\"@type\":\"ListItem\",\"position\":2,\"name\":\"Soci\u00f3loga da UENF avalia a viol\u00eancia contra a mulher na pandemia\"}]},{\"@type\":\"WebSite\",\"@id\":\"https:\/\/portal1.uenf.br\/portal\/#website\",\"url\":\"https:\/\/portal1.uenf.br\/portal\/\",\"name\":\"UENF - Universidade Estadual do Norte Fluminense Darcy Ribeiro\",\"description\":\"\",\"publisher\":{\"@id\":\"https:\/\/portal1.uenf.br\/portal\/#organization\"},\"potentialAction\":[{\"@type\":\"SearchAction\",\"target\":{\"@type\":\"EntryPoint\",\"urlTemplate\":\"https:\/\/portal1.uenf.br\/portal\/?s={search_term_string}\"},\"query-input\":{\"@type\":\"PropertyValueSpecification\",\"valueRequired\":true,\"valueName\":\"search_term_string\"}}],\"inLanguage\":\"pt-BR\"},{\"@type\":\"Organization\",\"@id\":\"https:\/\/portal1.uenf.br\/portal\/#organization\",\"name\":\"UENF - Universidade Estadual do Norte Fluminense Darcy Ribeiro\",\"url\":\"https:\/\/portal1.uenf.br\/portal\/\",\"logo\":{\"@type\":\"ImageObject\",\"inLanguage\":\"pt-BR\",\"@id\":\"https:\/\/portal1.uenf.br\/portal\/#\/schema\/logo\/image\/\",\"url\":\"https:\/\/portal1.uenf.br\/portal\/wp-content\/uploads\/2018\/06\/logo-uenf-invertido-1.png\",\"contentUrl\":\"https:\/\/portal1.uenf.br\/portal\/wp-content\/uploads\/2018\/06\/logo-uenf-invertido-1.png\",\"width\":482,\"height\":83,\"caption\":\"UENF - Universidade Estadual do Norte Fluminense Darcy Ribeiro\"},\"image\":{\"@id\":\"https:\/\/portal1.uenf.br\/portal\/#\/schema\/logo\/image\/\"}},{\"@type\":\"Person\",\"@id\":\"https:\/\/portal1.uenf.br\/portal\/#\/schema\/person\/068abbf03b6f8478c845bc8ded9270c7\",\"name\":\"admin\",\"image\":{\"@type\":\"ImageObject\",\"inLanguage\":\"pt-BR\",\"@id\":\"https:\/\/portal1.uenf.br\/portal\/#\/schema\/person\/image\/\",\"url\":\"https:\/\/secure.gravatar.com\/avatar\/e5ecf9e4fae0742f4b136f518195bafa7b2d3f7c709f4bdc6707588ef68a6e25?s=96&d=mm&r=g\",\"contentUrl\":\"https:\/\/secure.gravatar.com\/avatar\/e5ecf9e4fae0742f4b136f518195bafa7b2d3f7c709f4bdc6707588ef68a6e25?s=96&d=mm&r=g\",\"caption\":\"admin\"},\"sameAs\":[\"https:\/\/portal1.uenf.br\/portal\"],\"url\":\"https:\/\/portal1.uenf.br\/portal\/author\/edson\/\"}]}<\/script>\n<!-- \/ Yoast SEO plugin. -->","yoast_head_json":{"title":"Soci\u00f3loga da UENF avalia a viol\u00eancia contra a mulher na pandemia - UENF - Universidade Estadual do Norte Fluminense Darcy Ribeiro","robots":{"index":"noindex","follow":"follow","max-snippet":"max-snippet:-1","max-image-preview":"max-image-preview:large","max-video-preview":"max-video-preview:-1"},"og_locale":"pt_BR","og_type":"article","og_title":"Soci\u00f3loga da UENF avalia a viol\u00eancia contra a mulher na pandemia - UENF - Universidade Estadual do Norte Fluminense Darcy Ribeiro","og_description":"Com a pandemia da Covid-19 e o isolamento social, diversas minorias est\u00e3o sujeitas a serem v\u00edtimas de agress\u00e3o. O problema \u00e9 agravado com as menores possibilidades de den\u00fancia e maior tempo de confinamento com o agressor. Levantamentos do Tribunal de Justi\u00e7a e do Instituto de Seguran\u00e7a P\u00fablica do Rio de Janeiro apontaram o aumento significativo [&hellip;]","og_url":"https:\/\/portal1.uenf.br\/portal\/noticias\/sociologa-da-uenf-avalia-a-violencia-contra-a-mulher-na-pandemia\/","og_site_name":"UENF - Universidade Estadual do Norte Fluminense Darcy Ribeiro","article_published_time":"2021-01-22T17:07:06+00:00","og_image":[{"url":"https:\/\/uenf.br\/portal\/wp-content\/uploads\/2021\/01\/LUCIANE-SOARES.jpeg","type":"","width":"","height":""}],"author":"admin","twitter_card":"summary_large_image","twitter_misc":{"Escrito por":"admin","Est. tempo de leitura":"12 minutos"},"schema":{"@context":"https:\/\/schema.org","@graph":[{"@type":"Article","@id":"https:\/\/portal1.uenf.br\/portal\/noticias\/sociologa-da-uenf-avalia-a-violencia-contra-a-mulher-na-pandemia\/#article","isPartOf":{"@id":"https:\/\/portal1.uenf.br\/portal\/noticias\/sociologa-da-uenf-avalia-a-violencia-contra-a-mulher-na-pandemia\/"},"author":{"name":"admin","@id":"https:\/\/portal1.uenf.br\/portal\/#\/schema\/person\/068abbf03b6f8478c845bc8ded9270c7"},"headline":"Soci\u00f3loga da UENF avalia a viol\u00eancia contra a mulher na pandemia","datePublished":"2021-01-22T17:07:06+00:00","mainEntityOfPage":{"@id":"https:\/\/portal1.uenf.br\/portal\/noticias\/sociologa-da-uenf-avalia-a-violencia-contra-a-mulher-na-pandemia\/"},"wordCount":2325,"publisher":{"@id":"https:\/\/portal1.uenf.br\/portal\/#organization"},"image":{"@id":"https:\/\/portal1.uenf.br\/portal\/noticias\/sociologa-da-uenf-avalia-a-violencia-contra-a-mulher-na-pandemia\/#primaryimage"},"thumbnailUrl":"https:\/\/uenf.br\/portal\/wp-content\/uploads\/2021\/01\/LUCIANE-SOARES.jpeg","articleSection":["Not\u00edcias"],"inLanguage":"pt-BR"},{"@type":"WebPage","@id":"https:\/\/portal1.uenf.br\/portal\/noticias\/sociologa-da-uenf-avalia-a-violencia-contra-a-mulher-na-pandemia\/","url":"https:\/\/portal1.uenf.br\/portal\/noticias\/sociologa-da-uenf-avalia-a-violencia-contra-a-mulher-na-pandemia\/","name":"Soci\u00f3loga da UENF avalia a viol\u00eancia contra a mulher na pandemia - UENF - Universidade Estadual do Norte Fluminense Darcy Ribeiro","isPartOf":{"@id":"https:\/\/portal1.uenf.br\/portal\/#website"},"primaryImageOfPage":{"@id":"https:\/\/portal1.uenf.br\/portal\/noticias\/sociologa-da-uenf-avalia-a-violencia-contra-a-mulher-na-pandemia\/#primaryimage"},"image":{"@id":"https:\/\/portal1.uenf.br\/portal\/noticias\/sociologa-da-uenf-avalia-a-violencia-contra-a-mulher-na-pandemia\/#primaryimage"},"thumbnailUrl":"https:\/\/uenf.br\/portal\/wp-content\/uploads\/2021\/01\/LUCIANE-SOARES.jpeg","datePublished":"2021-01-22T17:07:06+00:00","breadcrumb":{"@id":"https:\/\/portal1.uenf.br\/portal\/noticias\/sociologa-da-uenf-avalia-a-violencia-contra-a-mulher-na-pandemia\/#breadcrumb"},"inLanguage":"pt-BR","potentialAction":[{"@type":"ReadAction","target":["https:\/\/portal1.uenf.br\/portal\/noticias\/sociologa-da-uenf-avalia-a-violencia-contra-a-mulher-na-pandemia\/"]}]},{"@type":"ImageObject","inLanguage":"pt-BR","@id":"https:\/\/portal1.uenf.br\/portal\/noticias\/sociologa-da-uenf-avalia-a-violencia-contra-a-mulher-na-pandemia\/#primaryimage","url":"https:\/\/uenf.br\/portal\/wp-content\/uploads\/2021\/01\/LUCIANE-SOARES.jpeg","contentUrl":"https:\/\/uenf.br\/portal\/wp-content\/uploads\/2021\/01\/LUCIANE-SOARES.jpeg"},{"@type":"BreadcrumbList","@id":"https:\/\/portal1.uenf.br\/portal\/noticias\/sociologa-da-uenf-avalia-a-violencia-contra-a-mulher-na-pandemia\/#breadcrumb","itemListElement":[{"@type":"ListItem","position":1,"name":"In\u00edcio","item":"https:\/\/portal1.uenf.br\/portal\/"},{"@type":"ListItem","position":2,"name":"Soci\u00f3loga da UENF avalia a viol\u00eancia contra a mulher na pandemia"}]},{"@type":"WebSite","@id":"https:\/\/portal1.uenf.br\/portal\/#website","url":"https:\/\/portal1.uenf.br\/portal\/","name":"UENF - Universidade Estadual do Norte Fluminense Darcy Ribeiro","description":"","publisher":{"@id":"https:\/\/portal1.uenf.br\/portal\/#organization"},"potentialAction":[{"@type":"SearchAction","target":{"@type":"EntryPoint","urlTemplate":"https:\/\/portal1.uenf.br\/portal\/?s={search_term_string}"},"query-input":{"@type":"PropertyValueSpecification","valueRequired":true,"valueName":"search_term_string"}}],"inLanguage":"pt-BR"},{"@type":"Organization","@id":"https:\/\/portal1.uenf.br\/portal\/#organization","name":"UENF - Universidade Estadual do Norte Fluminense Darcy Ribeiro","url":"https:\/\/portal1.uenf.br\/portal\/","logo":{"@type":"ImageObject","inLanguage":"pt-BR","@id":"https:\/\/portal1.uenf.br\/portal\/#\/schema\/logo\/image\/","url":"https:\/\/portal1.uenf.br\/portal\/wp-content\/uploads\/2018\/06\/logo-uenf-invertido-1.png","contentUrl":"https:\/\/portal1.uenf.br\/portal\/wp-content\/uploads\/2018\/06\/logo-uenf-invertido-1.png","width":482,"height":83,"caption":"UENF - Universidade Estadual do Norte Fluminense Darcy Ribeiro"},"image":{"@id":"https:\/\/portal1.uenf.br\/portal\/#\/schema\/logo\/image\/"}},{"@type":"Person","@id":"https:\/\/portal1.uenf.br\/portal\/#\/schema\/person\/068abbf03b6f8478c845bc8ded9270c7","name":"admin","image":{"@type":"ImageObject","inLanguage":"pt-BR","@id":"https:\/\/portal1.uenf.br\/portal\/#\/schema\/person\/image\/","url":"https:\/\/secure.gravatar.com\/avatar\/e5ecf9e4fae0742f4b136f518195bafa7b2d3f7c709f4bdc6707588ef68a6e25?s=96&d=mm&r=g","contentUrl":"https:\/\/secure.gravatar.com\/avatar\/e5ecf9e4fae0742f4b136f518195bafa7b2d3f7c709f4bdc6707588ef68a6e25?s=96&d=mm&r=g","caption":"admin"},"sameAs":["https:\/\/portal1.uenf.br\/portal"],"url":"https:\/\/portal1.uenf.br\/portal\/author\/edson\/"}]}},"_links":{"self":[{"href":"https:\/\/portal1.uenf.br\/portal\/wp-json\/wp\/v2\/posts\/7755","targetHints":{"allow":["GET"]}}],"collection":[{"href":"https:\/\/portal1.uenf.br\/portal\/wp-json\/wp\/v2\/posts"}],"about":[{"href":"https:\/\/portal1.uenf.br\/portal\/wp-json\/wp\/v2\/types\/post"}],"author":[{"embeddable":true,"href":"https:\/\/portal1.uenf.br\/portal\/wp-json\/wp\/v2\/users\/1"}],"replies":[{"embeddable":true,"href":"https:\/\/portal1.uenf.br\/portal\/wp-json\/wp\/v2\/comments?post=7755"}],"version-history":[{"count":0,"href":"https:\/\/portal1.uenf.br\/portal\/wp-json\/wp\/v2\/posts\/7755\/revisions"}],"wp:attachment":[{"href":"https:\/\/portal1.uenf.br\/portal\/wp-json\/wp\/v2\/media?parent=7755"}],"wp:term":[{"taxonomy":"category","embeddable":true,"href":"https:\/\/portal1.uenf.br\/portal\/wp-json\/wp\/v2\/categories?post=7755"},{"taxonomy":"post_tag","embeddable":true,"href":"https:\/\/portal1.uenf.br\/portal\/wp-json\/wp\/v2\/tags?post=7755"}],"curies":[{"name":"wp","href":"https:\/\/api.w.org\/{rel}","templated":true}]}}