{"id":7733,"date":"2021-01-19T12:19:21","date_gmt":"2021-01-19T15:19:21","guid":{"rendered":"https:\/\/uenf.br\/portal\/?p=7733"},"modified":"2021-01-19T12:19:21","modified_gmt":"2021-01-19T15:19:21","slug":"almy-promete-novo-modelo-de-politica-agricola-para-campos","status":"publish","type":"post","link":"https:\/\/portal1.uenf.br\/portal\/noticias\/almy-promete-novo-modelo-de-politica-agricola-para-campos\/","title":{"rendered":"Almy promete novo modelo de pol\u00edtica agr\u00edcola para Campos"},"content":{"rendered":"\n<p>Pela primeira vez em sua hist\u00f3ria, a UENF tem um de seus professores\/pesquisadores ocupando um cargo no alto escal\u00e3o do governo municipal. Almy J\u00fanior Cordeiro de Carvalho \u2014 reitor da UENF de 2007 a 2011 e pr\u00f3-reitor de Gradua\u00e7\u00e3o de 2003 a 2007 \u2014 \u00e9 o novo secret\u00e1rio de Agricultura de Campos dos Goytacazes. Nesta entrevista concedida \u00e0 ASCOM\/UENF, Almy tra\u00e7a um quadro desolador da \u00e1rea em que come\u00e7a a atuar. \u201cAs condi\u00e7\u00f5es nas quais encontramos o sistema p\u00fablico de agricultura do munic\u00edpio s\u00e3o muito ruins, com pouca presen\u00e7a da produ\u00e7\u00e3o agr\u00edcola na gera\u00e7\u00e3o de emprego e renda para o povo\u201d, diz Almy, que encara como principal desafio de sua gest\u00e3o a cria\u00e7\u00e3o de \u201cum novo e sustent\u00e1vel sistema de pol\u00edtica agr\u00edcola para o munic\u00edpio\u201d.<\/p>\n\n\n\n<p>Filho de produtores rurais, Almy nasceu em 1967 no munic\u00edpio de Pinheiro, no Esp\u00edrito Santo. Chegou \u00e0 UENF em 1993 \u2014 ano de inaugura\u00e7\u00e3o da Universidade \u2014 ainda como estudante de doutorado. Em 1998, tornou-se doutor em Produ\u00e7\u00e3o Vegetal e, neste mesmo ano, passou no concurso para professor associado da UENF, cargo que ocupou at\u00e9 2011, quando se tornou professor titular da Universidade. Dentre diversos cargos ocupados, atuou ainda como presidente da extinta Fenorte no per\u00edodo de 2011 a 2013 e presidente da Sociedade Brasileira de Fruticultura de 2014 a 2017.<\/p>\n\n\n\n<p>Veja a entrevista:<\/p>\n\n\n\n<figure class=\"wp-block-image size-large\"><img decoding=\"async\" src=\"https:\/\/uenf.br\/portal\/wp-content\/uploads\/2021\/01\/WhatsApp-Image-2021-01-08-at-07.03.07-1024x576.jpeg\" alt=\"\" class=\"wp-image-7735\"\/><figcaption>Almy (\u00e0 esquerda), em conversa com o subsecret\u00e1rio de Agricultura \u00c1lvaro C\u00e9sar. Ao fundo, o professor Mauro Campos, da UENF, que est\u00e1 atuando como consultor.<\/figcaption><\/figure>\n\n\n\n<p><\/p>\n\n\n\n<p><strong>ASCOM &#8211; Qual a import\u00e2ncia&nbsp; para a sociedade de termos um professor\/pesquisador da UENF ocupando um posto de governo?<\/strong><\/p>\n\n\n\n<p><strong>ALMY &#8211;<\/strong> Acredito que termos representantes das Universidades de Campos em a\u00e7\u00f5es de comando do poder p\u00fablico municipal contribui em muito para o aprimoramento da intera\u00e7\u00e3o entre o conhecimento desenvolvimento na academia e a pr\u00e1tica que vem sendo executada nos diferentes campos de a\u00e7\u00e3o do munic\u00edpio. No caso da UENF, como a maior institui\u00e7\u00e3o cient\u00edfica da regi\u00e3o, tenho certeza que, com a presen\u00e7a de um professor \/pesquisador, esta intera\u00e7\u00e3o contribuir\u00e1 muito para que a troca entre o saber pr\u00e1tico e o cient\u00edfico\/tecnol\u00f3gico seja a alavanca do desenvolvimento regional. CI\u00caNCIA \u00e9 a base fundamental para o desenvolvimento sustent\u00e1vel e a melhoria da qualidade de vida das pessoas, mas \u00e9 necess\u00e1rio conhecer bem quem precisa ser atendido.<\/p>\n\n\n\n<p><strong>ASCOM &#8211; De que forma a sua experi\u00eancia como professor e pesquisador poder\u00e1 ajudar como secret\u00e1rio?<\/strong><\/p>\n\n\n\n<p><strong>ALMY &#8211;<\/strong> Conhecer a Nossa UENF desde a sua cria\u00e7\u00e3o, notadamente na \u00e1rea na qual o prefeito Wladimir Garotinho pediu a nossa contribui\u00e7\u00e3o, aliado ao bom conhecimento que tenho da realidade dos campos de Campos dos Goytacazes, poder\u00e1 contribuir nos avan\u00e7os t\u00e3o necess\u00e1rios para ajudar a tirar o munic\u00edpio das p\u00e9ssimas condi\u00e7\u00f5es em que se encontra. Um munic\u00edpio com mais de 4000 km2 de extens\u00e3o e participa\u00e7\u00e3o p\u00edfia na produ\u00e7\u00e3o de alimentos \u00e9 um desperd\u00edcio gigante para o povo.&nbsp; De qualquer modo, \u00e9 importante salientar que, sozinho, ningu\u00e9m faz nada. \u00c9 importante estarmos &nbsp;juntos com os agricultores e saber realmente o que querem e quais as condi\u00e7\u00f5es necess\u00e1rias para avan\u00e7arem.<\/p>\n\n\n\n<p><strong>ASCOM &#8211; De que forma sua experi\u00eancia como secret\u00e1rio poder\u00e1 ajudar a UENF?<\/strong><\/p>\n\n\n\n<p><strong>ALMY &#8211;<\/strong> Neste momento, sinto que a UENF, com a &#8220;expertise&#8221; que possui, poder\u00e1 ajudar muito mais ao munic\u00edpio de Campos do que o contr\u00e1rio.&nbsp; Na verdade, se conseguirmos envolver os profissionais formados pela UENF e seus pesquisadores na constru\u00e7\u00e3o de um novo modelo de agricultura para a regi\u00e3o, estaremos ajudando a Universidade a cumprir o seu papel mais importante, que \u00e9 contribuir cada vez mais para o desenvolvimento da nossa regi\u00e3o.<\/p>\n\n\n\n<p><strong>ASCOM &#8211; Como ser\u00e1 conciliar as duas fun\u00e7\u00f5es? Vai precisar se afastar da UENF?&nbsp;<\/strong><\/p>\n\n\n\n<p><strong>ALMY &#8211;<\/strong> Oficialmente preciso me afastar, sendo cedido pela UENF para atuar na\u00a0 condi\u00e7\u00e3o de secret\u00e1rio. Isso s\u00f3 \u00e9 poss\u00edvel com a Prefeitura assumindo o \u00f4nus da minha remunera\u00e7\u00e3o junto \u00e0 UENF. N\u00e3o me afastarei das a\u00e7\u00f5es b\u00e1sicas nas quais j\u00e1 atuo, notadamente no que diz respeito \u00e0s orienta\u00e7\u00f5es (extens\u00e3o, gradua\u00e7\u00e3o, p\u00f3s-gradua\u00e7\u00e3o e p\u00f3s-doutoramento), na condu\u00e7\u00e3o dos projetos de pesquisa em andamento e na participa\u00e7\u00e3o em aulas.<\/p>\n\n\n\n<figure class=\"wp-block-gallery columns-1 is-cropped wp-block-gallery-1 is-layout-flex wp-block-gallery-is-layout-flex\"><ul class=\"blocks-gallery-grid\"><li class=\"blocks-gallery-item\"><figure><img decoding=\"async\" src=\"https:\/\/uenf.br\/portal\/wp-content\/uploads\/2021\/01\/Almy-Junior-919x1024.jpeg\" alt=\"\" data-id=\"7752\" data-full-url=\"https:\/\/uenf.br\/portal\/wp-content\/uploads\/2021\/01\/Almy-Junior-scaled.jpeg\" data-link=\"https:\/\/uenf.br\/portal\/?attachment_id=7752\" class=\"wp-image-7752\"\/><\/figure><\/li><\/ul><\/figure>\n\n\n\n<p><strong>ASCOM &#8211; Quais as suas metas \u00e0 frente da Secretaria de Agricultura?<\/strong><\/p>\n\n\n\n<p><strong>ALMY &#8211;<\/strong> As condi\u00e7\u00f5es nas quais encontramos o sistema p\u00fablico de agricultura do munic\u00edpio s\u00e3o muito ruins, com pouca presen\u00e7a do sistema de produ\u00e7\u00e3o agr\u00edcola na gera\u00e7\u00e3o de emprego e renda para o povo.&nbsp; Com o potencial que possui, tudo est\u00e1 muito ruim. O nosso desafio, em conjunto com a sociedade, \u00e9 construir um novo e sustent\u00e1vel sistema de pol\u00edtica agr\u00edcola para o munic\u00edpio. &nbsp;A Secretaria de Agricultura praticamente n\u00e3o existe; os or\u00e7amentos executados n\u00e3o condizem com o potencial que esta atividade deve representar.&nbsp; Desde modo, v\u00e1rias s\u00e3o as metas, sabendo que todas as a\u00e7\u00f5es t\u00eam efeito em m\u00e9dio e longo prazo.&nbsp; De coisas mais simples, como levar a estrutura f\u00edsica da secretaria para um local mais acess\u00edvel aos agricultores, a coisas mais complexas, como mudar sistemas de produ\u00e7\u00e3o que s\u00e3o poucos sustent\u00e1veis, do ponto de vista econ\u00f4mico e ecol\u00f3gico, que exige mudan\u00e7a de mentalidade de quem produz, fazem parte das nossas metas.&nbsp; Ressalto que, para o agricultor de Campos, o maior desafio sempre foi comercializar o que produz, notadamente do pequeno agricultor. Em tr\u00eas frases, podemos dizer que nossas metas s\u00e3o: 1) Ajudar o produtor a regularizar as suas situa\u00e7\u00f5es fiscais; 2) Estabelecer sistemas de produ\u00e7\u00e3o de acordo com a aptid\u00e3o dos agricultores e 3) Montar um sistema de Inspe\u00e7\u00e3o e rastreabilidade que permita ao agricultor ampliar a sua capacidade de comercializa\u00e7\u00e3o.<\/p>\n\n\n\n<p><strong>ASCOM &#8211;<\/strong> <strong>Como reagiu ao convite para ocupar este posto? J\u00e1 era esperado?<\/strong>&nbsp;<\/p>\n\n\n\n<p><strong>ASCOM &#8211;<\/strong>&nbsp; Surpreso e feliz, entendendo que o convite reconhece a nossa luta por uma agricultura de qualidade e que as institui\u00e7\u00f5es de pesquisa da regi\u00e3o, principalmente a UENF, t\u00eam papel fundamental nessa luta.&nbsp; Este tipo de convite sempre apareceu, mas nunca pude participar. Desta vez, aceitei porque acredito que o prefeito Wladimir e o vice-prefeito Frederico Paes t\u00eam a convic\u00e7\u00e3o de que a sa\u00edda do munic\u00edpio de Campos dos Goytacazes da situa\u00e7\u00e3o de pen\u00faria em que se encontra passa, obrigatoriamente, pelo campo.<\/p>\n\n\n\n<p><strong>ASCOM &#8211; Fale sobre sua trajet\u00f3ria profissional at\u00e9 o momento atual.<\/strong><\/p>\n\n\n\n<p><strong>ALMY &#8211;<\/strong> Um filho de pequeno produtor rural, com atua\u00e7\u00e3o sempre em atividades do campo desde a inf\u00e2ncia, que sempre estudou em escolas com foco no desenvolvimento agr\u00edcola, que teve o privil\u00e9gio de sempre estudar, at\u00e9 o doutorado, em escolas p\u00fablicas de qualidade e que acredita conhecer a dor e os percal\u00e7os que um agricultor tem para produzir, comercializar e dar melhores condi\u00e7\u00f5es de vida a sua fam\u00edlia e aos seus colaboradores.<\/p>\n\n\n\n<p><strong>ASCOM \u2013 A Secretaria Municipal de Agricultura tem um or\u00e7amento de 5,2 milh\u00f5es para o exerc\u00edcio 2021. Esse valor \u00e9 suficiente para implementar uma mudan\u00e7a e implantar novos projetos para a agricultura em Campos?<\/strong><\/p>\n\n\n\n<p><strong>ALMY &#8211;<\/strong> Or\u00e7amentos p\u00fablicos est\u00e3o sempre aqu\u00e9m das necessidades.\u00a0 Em Campos, para a Agricultura, os or\u00e7amentos oficialmente aprovados pelos \u00f3rg\u00e3os competentes, historicamente, n\u00e3o t\u00eam sido minimamente executados.\u00a0 Aliado a isso, temos uma condi\u00e7\u00e3o muito ruim para as finan\u00e7as do munic\u00edpio neste momento.\u00a0 De qualquer modo, j\u00e1 estamos atuando e podemos ter muito mais que isso.\u00a0 Neste primeiro momento, o prefeito Wladimir j\u00e1 conseguiu mais de R$ 11 milh\u00f5es em emendas, junto ao Minist\u00e9rio da Agricultura, para investirmos e j\u00e1 conseguiu, via Secretaria de Agricultura do Estado do Rio de Janeiro, m\u00e1quinas e implementos para atuarmos. \u00a0Tenho certeza de que muito mais recursos v\u00e3o aparecer. Mas isso s\u00f3 ser\u00e1 importante se tivermos um plano constru\u00eddo coletivamente com os produtores, principalmente entre as associa\u00e7\u00f5es organizadas (cooperativas, associa\u00e7\u00f5es do setor, sindicatos) e que este plano seja abra\u00e7ado pela sociedade e que seja perenizado. Sem isso ficaremos com a\u00e7\u00f5es pontuais, que \u201cmorrem\u201d muito rapidamente.<\/p>\n\n\n\n<p><strong>ASCOM &#8211; Quais s\u00e3o seus planos em rela\u00e7\u00e3o ao fortalecimento da<\/strong> <strong>agricultura familiar?<\/strong><\/p>\n\n\n\n<p><strong>ALMY &#8211;<\/strong> O pequeno produtor, n\u00e3o necessariamente o \u201cagricultor familiar\u201d, sempre precisa de mais apoio do sistema p\u00fablico.&nbsp; Entretanto, isso s\u00f3 \u00e9 poss\u00edvel se eles se organizarem. &nbsp;Em agricultura n\u00e3o sobrevive no sistema quem &nbsp;n\u00e3o tiver \u201cquantidade, qualidade e continuidade\u201d. Sem isso, sem certifica\u00e7\u00e3o, sem rastreabilidade, &nbsp;os agricultores n\u00e3o conseguem acessar os sistemas de comercializa\u00e7\u00e3o. Nossos pequenos agricultores s\u00f3 conseguir\u00e3o isso se estiverem organizados em associa\u00e7\u00f5es, e isso vale tanto para vender quanto para comprar insumos.&nbsp; Nossos agricultores hoje est\u00e3o em situa\u00e7\u00e3o fiscal muito ruim, sem registros, sem possibilidades de emitir uma nota fiscal, sem possibilidades de vender para \u00f3rg\u00e3os p\u00fablicos como, por exemplo, para o Programa Nacional de Alimenta\u00e7\u00e3o Escolar (PNAE). Se algu\u00e9m ler e ver as determina\u00e7\u00f5es da Instru\u00e7\u00e3o Normativa n\u00ba 02\/2018, publicada em conjunto entre a ANVISA e o MAPA, saber\u00e1 o que estou falando.&nbsp; A rastreabilidade de alimentos for\u00e7ar\u00e1 o agricultor e repensar todo o seu sistema de produ\u00e7\u00e3o.&nbsp; N\u00e3o \u00e9 s\u00f3 colaborar para que os pequenos produzam, precisamos ajud\u00e1-los a escoarem melhor a sua produ\u00e7\u00e3o e isso inclui desde a feira da ro\u00e7a at\u00e9 a montagem de agroind\u00fastrias que agregam, e muito, valor \u00e0 produ\u00e7\u00e3o agr\u00edcola. Temos que convencer os consumidores a priorizarem a aquisi\u00e7\u00e3o de produtos \u201clocais\u201d, produzidos no nosso entorno.<\/p>\n\n\n\n<p><strong>ASCOM &#8211; Que \u00e1reas da agricultura voc\u00ea pretende priorizar no inicio de sua gest\u00e3o?<\/strong><\/p>\n\n\n\n<p><strong>ALMY &#8211;<\/strong> A situa\u00e7\u00e3o est\u00e1 t\u00e3o cr\u00edtica que fica dif\u00edcil priorizar algo, mas o desafio \u00e9 o que nos move.&nbsp; Temos que ouvir, o que j\u00e1 estamos fazendo, os agricultores, os comerciantes de feiras e outros entes envolvidos no desenvolvimento agr\u00edcola.&nbsp; A Secretaria de Agricultura, e acho que poucos sabem, atua em diversos setores, desde colaborar com o plantio, na inspe\u00e7\u00e3o e certifica\u00e7\u00e3o da produ\u00e7\u00e3o, na manuten\u00e7\u00e3o do sistema vi\u00e1rio, na responsabilidade pelo sistema de seguran\u00e7a h\u00eddrica, na produ\u00e7\u00e3o pesqueira etc. De maneira pr\u00e1tica, com o apoio do MAPA e da Secretaria de Agricultura do Estado do Rio de Janeiro, vamos, o mais r\u00e1pido poss\u00edvel, cuidar das estradas que atendem aos produtores e que est\u00e3o em condi\u00e7\u00f5es de muita precariedade.&nbsp; S\u00f3 para terem um ideia, o munic\u00edpio de Campos dos Goytacazes possui em torno de 5000 km de estradas sob responsabilidade da Secretaria de Agricultura. Imagine fazer isso tudo e a Secretaria n\u00e3o possuir nenhum agr\u00f4nomo, veterin\u00e1rio e zootecnista do seu quadro permanente de funcion\u00e1rio.<\/p>\n\n\n\n<p><strong>ASCOM &#8211; Existe algum projeto para aproveitar o conhecimento e o desenvolvimento tecnol\u00f3gico, gerados pelas pesquisas realizadas na UENF e na UFRRJ, de maneira que o produtor rural possa ter acesso e se beneficiar?<\/strong><\/p>\n\n\n\n<p><strong>ALMY &#8211;<\/strong>&nbsp; Existem muitos projetos e a\u00e7\u00f5es j\u00e1 desenvolvidas, constru\u00eddos pelo conjunto de pesquisadores de diferentes institui\u00e7\u00f5es em Campos, n\u00e3o s\u00f3 na UENF e na UFRRJ, mas tamb\u00e9m no IFF, na Pesagro, em institui\u00e7\u00f5es particulares do munic\u00edpio, que podem ser utilizados. Conhecemos muitos e outros est\u00e3o sendo apresentados.&nbsp; Vamos atuar para transformar isso em pol\u00edticas p\u00fablicas e para \u201cconectar\u201d o pesquisador&nbsp; aos produtores. Isso sim pode ser algo que perenize as a\u00e7\u00f5es. Para tanto, \u00e9 fundamental envolver o que temos de melhor, que s\u00e3o os nossos formandos, nos diferentes n\u00edveis.&nbsp; Vamos criar um programa robusto, buscar recursos para viabilizar, que coloquem, efetivamente, os nossos ex-alunos (e tamb\u00e9m alunos em curso por meio de est\u00e1gios) em contato direto e em a\u00e7\u00f5es de parcerias com o sistema de produ\u00e7\u00e3o agr\u00edcola municipal.&nbsp; S\u00f3 acredito em agropecu\u00e1ria forte no munic\u00edpio se conseguirmos transformar nossos formandos em profissionais, em empreendedores aqui, no nosso munic\u00edpio, na nossa regi\u00e3o.<\/p>\n","protected":false},"excerpt":{"rendered":"<p>Pela primeira vez em sua hist\u00f3ria, a UENF tem um de seus professores\/pesquisadores ocupando um cargo no alto escal\u00e3o do governo municipal. Almy J\u00fanior Cordeiro de Carvalho \u2014 reitor da UENF de 2007 a 2011 e pr\u00f3-reitor de Gradua\u00e7\u00e3o de 2003 a 2007 \u2014 \u00e9 o novo secret\u00e1rio de Agricultura de Campos dos Goytacazes. Nesta [&hellip;]<\/p>\n","protected":false},"author":1,"featured_media":0,"comment_status":"closed","ping_status":"closed","sticky":false,"template":"","format":"standard","meta":{"_eb_attr":"","ocean_post_layout":"","ocean_both_sidebars_style":"","ocean_both_sidebars_content_width":0,"ocean_both_sidebars_sidebars_width":0,"ocean_sidebar":"","ocean_second_sidebar":"","ocean_disable_margins":"enable","ocean_add_body_class":"","ocean_shortcode_before_top_bar":"","ocean_shortcode_after_top_bar":"","ocean_shortcode_before_header":"","ocean_shortcode_after_header":"","ocean_has_shortcode":"","ocean_shortcode_after_title":"","ocean_shortcode_before_footer_widgets":"","ocean_shortcode_after_footer_widgets":"","ocean_shortcode_before_footer_bottom":"","ocean_shortcode_after_footer_bottom":"","ocean_display_top_bar":"default","ocean_display_header":"default","ocean_header_style":"","ocean_center_header_left_menu":"","ocean_custom_header_template":"","ocean_custom_logo":0,"ocean_custom_retina_logo":0,"ocean_custom_logo_max_width":0,"ocean_custom_logo_tablet_max_width":0,"ocean_custom_logo_mobile_max_width":0,"ocean_custom_logo_max_height":0,"ocean_custom_logo_tablet_max_height":0,"ocean_custom_logo_mobile_max_height":0,"ocean_header_custom_menu":"","ocean_menu_typo_font_family":"","ocean_menu_typo_font_subset":"","ocean_menu_typo_font_size":0,"ocean_menu_typo_font_size_tablet":0,"ocean_menu_typo_font_size_mobile":0,"ocean_menu_typo_font_size_unit":"px","ocean_menu_typo_font_weight":"","ocean_menu_typo_font_weight_tablet":"","ocean_menu_typo_font_weight_mobile":"","ocean_menu_typo_transform":"","ocean_menu_typo_transform_tablet":"","ocean_menu_typo_transform_mobile":"","ocean_menu_typo_line_height":0,"ocean_menu_typo_line_height_tablet":0,"ocean_menu_typo_line_height_mobile":0,"ocean_menu_typo_line_height_unit":"","ocean_menu_typo_spacing":0,"ocean_menu_typo_spacing_tablet":0,"ocean_menu_typo_spacing_mobile":0,"ocean_menu_typo_spacing_unit":"","ocean_menu_link_color":"","ocean_menu_link_color_hover":"","ocean_menu_link_color_active":"","ocean_menu_link_background":"","ocean_menu_link_hover_background":"","ocean_menu_link_active_background":"","ocean_menu_social_links_bg":"","ocean_menu_social_hover_links_bg":"","ocean_menu_social_links_color":"","ocean_menu_social_hover_links_color":"","ocean_disable_title":"default","ocean_disable_heading":"default","ocean_post_title":"","ocean_post_subheading":"","ocean_post_title_style":"","ocean_post_title_background_color":"","ocean_post_title_background":0,"ocean_post_title_bg_image_position":"","ocean_post_title_bg_image_attachment":"","ocean_post_title_bg_image_repeat":"","ocean_post_title_bg_image_size":"","ocean_post_title_height":0,"ocean_post_title_bg_overlay":0.5,"ocean_post_title_bg_overlay_color":"","ocean_disable_breadcrumbs":"default","ocean_breadcrumbs_color":"","ocean_breadcrumbs_separator_color":"","ocean_breadcrumbs_links_color":"","ocean_breadcrumbs_links_hover_color":"","ocean_display_footer_widgets":"default","ocean_display_footer_bottom":"default","ocean_custom_footer_template":"","ocean_post_oembed":"","ocean_post_self_hosted_media":"","ocean_post_video_embed":"","ocean_link_format":"","ocean_link_format_target":"self","ocean_quote_format":"","ocean_quote_format_link":"post","ocean_gallery_link_images":"off","ocean_gallery_id":[],"footnotes":""},"categories":[8],"tags":[],"class_list":["post-7733","post","type-post","status-publish","format-standard","hentry","category-noticias","entry"],"yoast_head":"<!-- This site is optimized with the Yoast SEO plugin v26.5 - https:\/\/yoast.com\/wordpress\/plugins\/seo\/ -->\n<title>Almy promete novo modelo de pol\u00edtica agr\u00edcola para Campos - UENF - Universidade Estadual do Norte Fluminense Darcy Ribeiro<\/title>\n<meta name=\"robots\" content=\"noindex, follow, max-snippet:-1, max-image-preview:large, max-video-preview:-1\" \/>\n<meta property=\"og:locale\" content=\"pt_BR\" \/>\n<meta property=\"og:type\" content=\"article\" \/>\n<meta property=\"og:title\" content=\"Almy promete novo modelo de pol\u00edtica agr\u00edcola para Campos - UENF - Universidade Estadual do Norte Fluminense Darcy Ribeiro\" \/>\n<meta property=\"og:description\" content=\"Pela primeira vez em sua hist\u00f3ria, a UENF tem um de seus professores\/pesquisadores ocupando um cargo no alto escal\u00e3o do governo municipal. Almy J\u00fanior Cordeiro de Carvalho \u2014 reitor da UENF de 2007 a 2011 e pr\u00f3-reitor de Gradua\u00e7\u00e3o de 2003 a 2007 \u2014 \u00e9 o novo secret\u00e1rio de Agricultura de Campos dos Goytacazes. Nesta [&hellip;]\" \/>\n<meta property=\"og:url\" content=\"https:\/\/portal1.uenf.br\/portal\/noticias\/almy-promete-novo-modelo-de-politica-agricola-para-campos\/\" \/>\n<meta property=\"og:site_name\" content=\"UENF - Universidade Estadual do Norte Fluminense Darcy Ribeiro\" \/>\n<meta property=\"article:published_time\" content=\"2021-01-19T15:19:21+00:00\" \/>\n<meta property=\"og:image\" content=\"https:\/\/uenf.br\/portal\/wp-content\/uploads\/2021\/01\/WhatsApp-Image-2021-01-08-at-07.03.07-1024x576.jpeg\" \/>\n<meta name=\"author\" content=\"admin\" \/>\n<meta name=\"twitter:card\" content=\"summary_large_image\" \/>\n<meta name=\"twitter:label1\" content=\"Escrito por\" \/>\n\t<meta name=\"twitter:data1\" content=\"admin\" \/>\n\t<meta name=\"twitter:label2\" content=\"Est. tempo de leitura\" \/>\n\t<meta name=\"twitter:data2\" content=\"10 minutos\" \/>\n<script type=\"application\/ld+json\" class=\"yoast-schema-graph\">{\"@context\":\"https:\/\/schema.org\",\"@graph\":[{\"@type\":\"Article\",\"@id\":\"https:\/\/portal1.uenf.br\/portal\/noticias\/almy-promete-novo-modelo-de-politica-agricola-para-campos\/#article\",\"isPartOf\":{\"@id\":\"https:\/\/portal1.uenf.br\/portal\/noticias\/almy-promete-novo-modelo-de-politica-agricola-para-campos\/\"},\"author\":{\"name\":\"admin\",\"@id\":\"https:\/\/portal1.uenf.br\/portal\/#\/schema\/person\/068abbf03b6f8478c845bc8ded9270c7\"},\"headline\":\"Almy promete novo modelo de pol\u00edtica agr\u00edcola para Campos\",\"datePublished\":\"2021-01-19T15:19:21+00:00\",\"mainEntityOfPage\":{\"@id\":\"https:\/\/portal1.uenf.br\/portal\/noticias\/almy-promete-novo-modelo-de-politica-agricola-para-campos\/\"},\"wordCount\":2094,\"publisher\":{\"@id\":\"https:\/\/portal1.uenf.br\/portal\/#organization\"},\"image\":{\"@id\":\"https:\/\/portal1.uenf.br\/portal\/noticias\/almy-promete-novo-modelo-de-politica-agricola-para-campos\/#primaryimage\"},\"thumbnailUrl\":\"https:\/\/uenf.br\/portal\/wp-content\/uploads\/2021\/01\/WhatsApp-Image-2021-01-08-at-07.03.07-1024x576.jpeg\",\"articleSection\":[\"Not\u00edcias\"],\"inLanguage\":\"pt-BR\"},{\"@type\":\"WebPage\",\"@id\":\"https:\/\/portal1.uenf.br\/portal\/noticias\/almy-promete-novo-modelo-de-politica-agricola-para-campos\/\",\"url\":\"https:\/\/portal1.uenf.br\/portal\/noticias\/almy-promete-novo-modelo-de-politica-agricola-para-campos\/\",\"name\":\"Almy promete novo modelo de pol\u00edtica agr\u00edcola para Campos - UENF - Universidade Estadual do Norte Fluminense Darcy Ribeiro\",\"isPartOf\":{\"@id\":\"https:\/\/portal1.uenf.br\/portal\/#website\"},\"primaryImageOfPage\":{\"@id\":\"https:\/\/portal1.uenf.br\/portal\/noticias\/almy-promete-novo-modelo-de-politica-agricola-para-campos\/#primaryimage\"},\"image\":{\"@id\":\"https:\/\/portal1.uenf.br\/portal\/noticias\/almy-promete-novo-modelo-de-politica-agricola-para-campos\/#primaryimage\"},\"thumbnailUrl\":\"https:\/\/uenf.br\/portal\/wp-content\/uploads\/2021\/01\/WhatsApp-Image-2021-01-08-at-07.03.07-1024x576.jpeg\",\"datePublished\":\"2021-01-19T15:19:21+00:00\",\"breadcrumb\":{\"@id\":\"https:\/\/portal1.uenf.br\/portal\/noticias\/almy-promete-novo-modelo-de-politica-agricola-para-campos\/#breadcrumb\"},\"inLanguage\":\"pt-BR\",\"potentialAction\":[{\"@type\":\"ReadAction\",\"target\":[\"https:\/\/portal1.uenf.br\/portal\/noticias\/almy-promete-novo-modelo-de-politica-agricola-para-campos\/\"]}]},{\"@type\":\"ImageObject\",\"inLanguage\":\"pt-BR\",\"@id\":\"https:\/\/portal1.uenf.br\/portal\/noticias\/almy-promete-novo-modelo-de-politica-agricola-para-campos\/#primaryimage\",\"url\":\"https:\/\/uenf.br\/portal\/wp-content\/uploads\/2021\/01\/WhatsApp-Image-2021-01-08-at-07.03.07-1024x576.jpeg\",\"contentUrl\":\"https:\/\/uenf.br\/portal\/wp-content\/uploads\/2021\/01\/WhatsApp-Image-2021-01-08-at-07.03.07-1024x576.jpeg\"},{\"@type\":\"BreadcrumbList\",\"@id\":\"https:\/\/portal1.uenf.br\/portal\/noticias\/almy-promete-novo-modelo-de-politica-agricola-para-campos\/#breadcrumb\",\"itemListElement\":[{\"@type\":\"ListItem\",\"position\":1,\"name\":\"In\u00edcio\",\"item\":\"https:\/\/portal1.uenf.br\/portal\/\"},{\"@type\":\"ListItem\",\"position\":2,\"name\":\"Almy promete novo modelo de pol\u00edtica agr\u00edcola para Campos\"}]},{\"@type\":\"WebSite\",\"@id\":\"https:\/\/portal1.uenf.br\/portal\/#website\",\"url\":\"https:\/\/portal1.uenf.br\/portal\/\",\"name\":\"UENF - Universidade Estadual do Norte Fluminense Darcy Ribeiro\",\"description\":\"\",\"publisher\":{\"@id\":\"https:\/\/portal1.uenf.br\/portal\/#organization\"},\"potentialAction\":[{\"@type\":\"SearchAction\",\"target\":{\"@type\":\"EntryPoint\",\"urlTemplate\":\"https:\/\/portal1.uenf.br\/portal\/?s={search_term_string}\"},\"query-input\":{\"@type\":\"PropertyValueSpecification\",\"valueRequired\":true,\"valueName\":\"search_term_string\"}}],\"inLanguage\":\"pt-BR\"},{\"@type\":\"Organization\",\"@id\":\"https:\/\/portal1.uenf.br\/portal\/#organization\",\"name\":\"UENF - Universidade Estadual do Norte Fluminense Darcy Ribeiro\",\"url\":\"https:\/\/portal1.uenf.br\/portal\/\",\"logo\":{\"@type\":\"ImageObject\",\"inLanguage\":\"pt-BR\",\"@id\":\"https:\/\/portal1.uenf.br\/portal\/#\/schema\/logo\/image\/\",\"url\":\"https:\/\/portal1.uenf.br\/portal\/wp-content\/uploads\/2018\/06\/logo-uenf-invertido-1.png\",\"contentUrl\":\"https:\/\/portal1.uenf.br\/portal\/wp-content\/uploads\/2018\/06\/logo-uenf-invertido-1.png\",\"width\":482,\"height\":83,\"caption\":\"UENF - Universidade Estadual do Norte Fluminense Darcy Ribeiro\"},\"image\":{\"@id\":\"https:\/\/portal1.uenf.br\/portal\/#\/schema\/logo\/image\/\"}},{\"@type\":\"Person\",\"@id\":\"https:\/\/portal1.uenf.br\/portal\/#\/schema\/person\/068abbf03b6f8478c845bc8ded9270c7\",\"name\":\"admin\",\"image\":{\"@type\":\"ImageObject\",\"inLanguage\":\"pt-BR\",\"@id\":\"https:\/\/portal1.uenf.br\/portal\/#\/schema\/person\/image\/\",\"url\":\"https:\/\/secure.gravatar.com\/avatar\/e5ecf9e4fae0742f4b136f518195bafa7b2d3f7c709f4bdc6707588ef68a6e25?s=96&d=mm&r=g\",\"contentUrl\":\"https:\/\/secure.gravatar.com\/avatar\/e5ecf9e4fae0742f4b136f518195bafa7b2d3f7c709f4bdc6707588ef68a6e25?s=96&d=mm&r=g\",\"caption\":\"admin\"},\"sameAs\":[\"https:\/\/portal1.uenf.br\/portal\"],\"url\":\"https:\/\/portal1.uenf.br\/portal\/author\/edson\/\"}]}<\/script>\n<!-- \/ Yoast SEO plugin. -->","yoast_head_json":{"title":"Almy promete novo modelo de pol\u00edtica agr\u00edcola para Campos - UENF - Universidade Estadual do Norte Fluminense Darcy Ribeiro","robots":{"index":"noindex","follow":"follow","max-snippet":"max-snippet:-1","max-image-preview":"max-image-preview:large","max-video-preview":"max-video-preview:-1"},"og_locale":"pt_BR","og_type":"article","og_title":"Almy promete novo modelo de pol\u00edtica agr\u00edcola para Campos - UENF - Universidade Estadual do Norte Fluminense Darcy Ribeiro","og_description":"Pela primeira vez em sua hist\u00f3ria, a UENF tem um de seus professores\/pesquisadores ocupando um cargo no alto escal\u00e3o do governo municipal. Almy J\u00fanior Cordeiro de Carvalho \u2014 reitor da UENF de 2007 a 2011 e pr\u00f3-reitor de Gradua\u00e7\u00e3o de 2003 a 2007 \u2014 \u00e9 o novo secret\u00e1rio de Agricultura de Campos dos Goytacazes. Nesta [&hellip;]","og_url":"https:\/\/portal1.uenf.br\/portal\/noticias\/almy-promete-novo-modelo-de-politica-agricola-para-campos\/","og_site_name":"UENF - Universidade Estadual do Norte Fluminense Darcy Ribeiro","article_published_time":"2021-01-19T15:19:21+00:00","og_image":[{"url":"https:\/\/uenf.br\/portal\/wp-content\/uploads\/2021\/01\/WhatsApp-Image-2021-01-08-at-07.03.07-1024x576.jpeg","type":"","width":"","height":""}],"author":"admin","twitter_card":"summary_large_image","twitter_misc":{"Escrito por":"admin","Est. tempo de leitura":"10 minutos"},"schema":{"@context":"https:\/\/schema.org","@graph":[{"@type":"Article","@id":"https:\/\/portal1.uenf.br\/portal\/noticias\/almy-promete-novo-modelo-de-politica-agricola-para-campos\/#article","isPartOf":{"@id":"https:\/\/portal1.uenf.br\/portal\/noticias\/almy-promete-novo-modelo-de-politica-agricola-para-campos\/"},"author":{"name":"admin","@id":"https:\/\/portal1.uenf.br\/portal\/#\/schema\/person\/068abbf03b6f8478c845bc8ded9270c7"},"headline":"Almy promete novo modelo de pol\u00edtica agr\u00edcola para Campos","datePublished":"2021-01-19T15:19:21+00:00","mainEntityOfPage":{"@id":"https:\/\/portal1.uenf.br\/portal\/noticias\/almy-promete-novo-modelo-de-politica-agricola-para-campos\/"},"wordCount":2094,"publisher":{"@id":"https:\/\/portal1.uenf.br\/portal\/#organization"},"image":{"@id":"https:\/\/portal1.uenf.br\/portal\/noticias\/almy-promete-novo-modelo-de-politica-agricola-para-campos\/#primaryimage"},"thumbnailUrl":"https:\/\/uenf.br\/portal\/wp-content\/uploads\/2021\/01\/WhatsApp-Image-2021-01-08-at-07.03.07-1024x576.jpeg","articleSection":["Not\u00edcias"],"inLanguage":"pt-BR"},{"@type":"WebPage","@id":"https:\/\/portal1.uenf.br\/portal\/noticias\/almy-promete-novo-modelo-de-politica-agricola-para-campos\/","url":"https:\/\/portal1.uenf.br\/portal\/noticias\/almy-promete-novo-modelo-de-politica-agricola-para-campos\/","name":"Almy promete novo modelo de pol\u00edtica agr\u00edcola para Campos - UENF - Universidade Estadual do Norte Fluminense Darcy Ribeiro","isPartOf":{"@id":"https:\/\/portal1.uenf.br\/portal\/#website"},"primaryImageOfPage":{"@id":"https:\/\/portal1.uenf.br\/portal\/noticias\/almy-promete-novo-modelo-de-politica-agricola-para-campos\/#primaryimage"},"image":{"@id":"https:\/\/portal1.uenf.br\/portal\/noticias\/almy-promete-novo-modelo-de-politica-agricola-para-campos\/#primaryimage"},"thumbnailUrl":"https:\/\/uenf.br\/portal\/wp-content\/uploads\/2021\/01\/WhatsApp-Image-2021-01-08-at-07.03.07-1024x576.jpeg","datePublished":"2021-01-19T15:19:21+00:00","breadcrumb":{"@id":"https:\/\/portal1.uenf.br\/portal\/noticias\/almy-promete-novo-modelo-de-politica-agricola-para-campos\/#breadcrumb"},"inLanguage":"pt-BR","potentialAction":[{"@type":"ReadAction","target":["https:\/\/portal1.uenf.br\/portal\/noticias\/almy-promete-novo-modelo-de-politica-agricola-para-campos\/"]}]},{"@type":"ImageObject","inLanguage":"pt-BR","@id":"https:\/\/portal1.uenf.br\/portal\/noticias\/almy-promete-novo-modelo-de-politica-agricola-para-campos\/#primaryimage","url":"https:\/\/uenf.br\/portal\/wp-content\/uploads\/2021\/01\/WhatsApp-Image-2021-01-08-at-07.03.07-1024x576.jpeg","contentUrl":"https:\/\/uenf.br\/portal\/wp-content\/uploads\/2021\/01\/WhatsApp-Image-2021-01-08-at-07.03.07-1024x576.jpeg"},{"@type":"BreadcrumbList","@id":"https:\/\/portal1.uenf.br\/portal\/noticias\/almy-promete-novo-modelo-de-politica-agricola-para-campos\/#breadcrumb","itemListElement":[{"@type":"ListItem","position":1,"name":"In\u00edcio","item":"https:\/\/portal1.uenf.br\/portal\/"},{"@type":"ListItem","position":2,"name":"Almy promete novo modelo de pol\u00edtica agr\u00edcola para Campos"}]},{"@type":"WebSite","@id":"https:\/\/portal1.uenf.br\/portal\/#website","url":"https:\/\/portal1.uenf.br\/portal\/","name":"UENF - Universidade Estadual do Norte Fluminense Darcy Ribeiro","description":"","publisher":{"@id":"https:\/\/portal1.uenf.br\/portal\/#organization"},"potentialAction":[{"@type":"SearchAction","target":{"@type":"EntryPoint","urlTemplate":"https:\/\/portal1.uenf.br\/portal\/?s={search_term_string}"},"query-input":{"@type":"PropertyValueSpecification","valueRequired":true,"valueName":"search_term_string"}}],"inLanguage":"pt-BR"},{"@type":"Organization","@id":"https:\/\/portal1.uenf.br\/portal\/#organization","name":"UENF - Universidade Estadual do Norte Fluminense Darcy Ribeiro","url":"https:\/\/portal1.uenf.br\/portal\/","logo":{"@type":"ImageObject","inLanguage":"pt-BR","@id":"https:\/\/portal1.uenf.br\/portal\/#\/schema\/logo\/image\/","url":"https:\/\/portal1.uenf.br\/portal\/wp-content\/uploads\/2018\/06\/logo-uenf-invertido-1.png","contentUrl":"https:\/\/portal1.uenf.br\/portal\/wp-content\/uploads\/2018\/06\/logo-uenf-invertido-1.png","width":482,"height":83,"caption":"UENF - Universidade Estadual do Norte Fluminense Darcy Ribeiro"},"image":{"@id":"https:\/\/portal1.uenf.br\/portal\/#\/schema\/logo\/image\/"}},{"@type":"Person","@id":"https:\/\/portal1.uenf.br\/portal\/#\/schema\/person\/068abbf03b6f8478c845bc8ded9270c7","name":"admin","image":{"@type":"ImageObject","inLanguage":"pt-BR","@id":"https:\/\/portal1.uenf.br\/portal\/#\/schema\/person\/image\/","url":"https:\/\/secure.gravatar.com\/avatar\/e5ecf9e4fae0742f4b136f518195bafa7b2d3f7c709f4bdc6707588ef68a6e25?s=96&d=mm&r=g","contentUrl":"https:\/\/secure.gravatar.com\/avatar\/e5ecf9e4fae0742f4b136f518195bafa7b2d3f7c709f4bdc6707588ef68a6e25?s=96&d=mm&r=g","caption":"admin"},"sameAs":["https:\/\/portal1.uenf.br\/portal"],"url":"https:\/\/portal1.uenf.br\/portal\/author\/edson\/"}]}},"_links":{"self":[{"href":"https:\/\/portal1.uenf.br\/portal\/wp-json\/wp\/v2\/posts\/7733","targetHints":{"allow":["GET"]}}],"collection":[{"href":"https:\/\/portal1.uenf.br\/portal\/wp-json\/wp\/v2\/posts"}],"about":[{"href":"https:\/\/portal1.uenf.br\/portal\/wp-json\/wp\/v2\/types\/post"}],"author":[{"embeddable":true,"href":"https:\/\/portal1.uenf.br\/portal\/wp-json\/wp\/v2\/users\/1"}],"replies":[{"embeddable":true,"href":"https:\/\/portal1.uenf.br\/portal\/wp-json\/wp\/v2\/comments?post=7733"}],"version-history":[{"count":0,"href":"https:\/\/portal1.uenf.br\/portal\/wp-json\/wp\/v2\/posts\/7733\/revisions"}],"wp:attachment":[{"href":"https:\/\/portal1.uenf.br\/portal\/wp-json\/wp\/v2\/media?parent=7733"}],"wp:term":[{"taxonomy":"category","embeddable":true,"href":"https:\/\/portal1.uenf.br\/portal\/wp-json\/wp\/v2\/categories?post=7733"},{"taxonomy":"post_tag","embeddable":true,"href":"https:\/\/portal1.uenf.br\/portal\/wp-json\/wp\/v2\/tags?post=7733"}],"curies":[{"name":"wp","href":"https:\/\/api.w.org\/{rel}","templated":true}]}}