{"id":7632,"date":"2021-01-08T18:47:49","date_gmt":"2021-01-08T21:47:49","guid":{"rendered":"https:\/\/uenf.br\/portal\/?p=7632"},"modified":"2021-01-08T18:47:49","modified_gmt":"2021-01-08T21:47:49","slug":"carlos-alberto-dias-e-sua-contribuicao-para-a-ciencia-brasileira-por-wanderley-de-souza","status":"publish","type":"post","link":"https:\/\/portal1.uenf.br\/portal\/noticias\/carlos-alberto-dias-e-sua-contribuicao-para-a-ciencia-brasileira-por-wanderley-de-souza\/","title":{"rendered":"Carlos Alberto Dias e sua contribui\u00e7\u00e3o para a Ci\u00eancia brasileira &#8211; por Wanderley de Souza"},"content":{"rendered":"\n<p>No dia 6 de dezembro de 2020, a UENF perdeu um dos nomes mais importantes de sua hist\u00f3ria: o professor Carlos Alberto Dias, respons\u00e1vel pela cria\u00e7\u00e3o do Laborat\u00f3rio de Engenharia de Explora\u00e7\u00e3o e Produ\u00e7\u00e3o de Petr\u00f3leo (LENEP) do <em>campus<\/em> de Maca\u00e9.  Em 2017, o professor Dias recebeu da UENF o t\u00edtulo de Professor Em\u00e9rito por sua contribui\u00e7\u00e3o na forma\u00e7\u00e3o de estudantes e para a ci\u00eancia brasileira. <\/p>\n\n\n\n<p>Carlos Alberto Dias foi um grande brasileiro, cujo trabalho, tanto no ensino quanto na pesquisa cient\u00edfica, contribuiu em muito para o desenvolvimento do Brasil. Como forma de homenage\u00e1-lo por sua dedica\u00e7\u00e3o e contribui\u00e7\u00e3o \u00e0 ci\u00eancia brasileira, reproduzimos um texto escrito pelo Professor Wanderley de Souza, primeiro reitor da UENF, publicado no dia 07\/01\/2021 no Monitor Mercantil.<\/p>\n\n\n\n<p class=\"has-medium-font-size\"><strong>&#8220;Carlos Alberto Dias e sua contribui\u00e7\u00e3o para a Ci\u00eancia brasileira<\/strong>&#8220;<\/p>\n\n\n\n<div class=\"wp-block-image\"><figure class=\"aligncenter size-large is-resized\"><img fetchpriority=\"high\" decoding=\"async\" src=\"https:\/\/uenf.br\/portal\/wp-content\/uploads\/2021\/01\/Carlos-Alberto-Dias_reproducao_video-UENF-1536x864-1-1024x576.jpg\" alt=\"\" class=\"wp-image-7633\" width=\"390\" height=\"219\"\/><figcaption>Professor Carlos Alberto Dias<\/figcaption><\/figure><\/div>\n\n\n\n<p>&#8220;L\u00e1 se foi o ano de 2020, sem deixar saudades. Do ponto de vista pessoal, guardarei apenas a oportunidade de, gra\u00e7as \u00e0 quarentena, conviver mais com minha neta Carolina e acompanhar sua din\u00e2mica evolu\u00e7\u00e3o ao caminhar para os seis anos de vida. No restante, um ano de perdas, onde colegas queridos se foram seja pelo natural desgaste de vidas bem vividas, seja ocasionada pela Covid-19.<\/p>\n\n\n\n<p>Uma perda muito sentida \u00e9 a de Carlos Alberto Dias, com quem convivi nos \u00faltimos 28 anos. Faleceu em 6 de dezembro \u00faltimo na cidade de Maca\u00e9 e foi sepultado alguns dias depois em Salin\u00f3polis. Conheci-o atrav\u00e9s de Darcy Ribeiro, nos momentos iniciais do planejamento do que \u00e9 hoje a Universidade Estadual do Norte Fluminense Darcy Ribeiro, localizada em Campos dos Goytacazes e em Maca\u00e9.<\/p>\n\n\n\n<p>Considero importante tra\u00e7ar, ainda que de forma sum\u00e1ria, seu percurso de vida. Considerava-se \u201cum indiozinho nascido em 1937 em Viriandeua, povoado de origem Tupinamb\u00e1\u201d, hoje conhecida como Salin\u00f3polis, cidade litor\u00e2nea localizada no Estado do Par\u00e1 e que hoje conta com cerca de 37 mil habitantes. Tinha 27 irm\u00e3os, o que j\u00e1 chama a aten\u00e7\u00e3o.<\/p>\n\n\n\n<p>Apesar de todas as dificuldades encontradas, conseguiu avan\u00e7ar nos estudos, migrar para o Rio de Janeiro, concluir o curso de F\u00edsica na ent\u00e3o Faculdade Nacional de Filosofia da Universidade do Brasil (hoje UFRJ). Frequentou os laborat\u00f3rios do Centro Brasileiro de Pesquisas F\u00edsicas (CBPF), onde fez os cursos b\u00e1sicos do mestrado, quando entrou em contato com grandes nomes da Ci\u00eancia brasileira como Jos\u00e9 Leite Lopes, H. Moys\u00e9s Nussenszweig e J. Tiommo. Em 1964, foi para a Universidade da Calif\u00f3rnia (Berkeley), onde obteve os t\u00edtulos de Mestre e de Doutor, atuando na \u00e1rea da Geof\u00edsica.<\/p>\n\n\n\n<p>Ao regressar ao pa\u00eds, em 1969, iniciou uma carreira brilhante, sobretudo no que Darcy Ribeiro usava para apresent\u00e1-lo, como \u201cfazedor de novas institui\u00e7\u00f5es cient\u00edficas\u201d. Realmente, no per\u00edodo de 1969 a 1987, dedicou-se a consolidar na Universidade Federal da Bahia, um centro de pesquisas em Geof\u00edsica e Geologia, que formou centenas de profissionais de alto n\u00edvel.<\/p>\n\n\n\n<p>Com base nessa experi\u00eancia ajudou, em 1972, a organiza\u00e7\u00e3o de um N\u00facleo de Ci\u00eancias Geof\u00edsicas e Geol\u00f3gicas na Universidade Federal do Par\u00e1, hoje um centro de refer\u00eancia na \u00e1rea. Para l\u00e1 migrou em 1987, permanecendo at\u00e9 1993 como professor titular.<\/p>\n\n\n\n<p>Como \u201cfazedor de novas institui\u00e7\u00f5es\u201d, aceitou o desafio posto por Leonel Brizola e Darcy Ribeiro para criar, na futura Uenf, um centro de Engenharia de Explora\u00e7\u00e3o e Produ\u00e7\u00e3o de petr\u00f3leo, na regi\u00e3o respons\u00e1vel pela maior produ\u00e7\u00e3o de petr\u00f3leo em \u00e1guas profundas, antes habitada pelos \u00edndios Goytacazes. Nasceu assim o Lenep, inaugurado pelo governador Anthony Garotinho em abril de 2002, localizado em Maca\u00e9.<\/p>\n\n\n\n<p>Ele \u00e9 fruto da perseveran\u00e7a do Carlos Alberto Dias na busca incessante por apoio financeiro junto \u00e0 Petrobras, aqui ajudado pelo engenheiro Wagner Victer. Teve ainda apoio do Governo do Estado, da Prefeitura de Maca\u00e9 e de um empres\u00e1rio local, que doou o terreno.<\/p>\n\n\n\n<p>Neste centro, Dias atuou como professor titular at\u00e9 2007, quando se aposentou compulsoriamente ao completar 70 anos. Seu legado foi lembrado por ocasi\u00e3o de um semin\u00e1rio comemorativo, realizado nas instala\u00e7\u00f5es do Lenep e organizado por colegas e colaboradores da UFBA, UFPA, Uenf, Petrobras, Capes e Sociedade Brasileira de Geof\u00edsica. Nesta oportunidade, toda a obra e contribui\u00e7\u00e3o cient\u00edfica do Dias foi lembrada pelos v\u00e1rios participantes.<\/p>\n\n\n\n<p>O resultado desse semin\u00e1rio pode ser apreciado na publica\u00e7\u00e3o intitulada&nbsp;<em>Carlos Alberto Dias \u2013 A saga da Geof\u00edsica Aplicada e da Engenharia de Explora\u00e7\u00e3o e Produ\u00e7\u00e3o de Petr\u00f3leo no Brasil<\/em>, que tive a honra de prefaciar. Personalidades externas ao meio acad\u00eamico, como Haroldo de Lima (ex-presidente da ANP), Wagner Freire, Carlos Walter Campos, Guilherme Estrella (tr\u00eas profissionais com grande destaque nos trabalhos que levaram \u00e0 descoberta e \u00e0 produ\u00e7\u00e3o de petr\u00f3leo em \u00e1guas profundas e no pr\u00e9-sal), tamb\u00e9m participaram do semin\u00e1rio.<\/p>\n\n\n\n<p>Como se tudo isso n\u00e3o bastasse, uma ocasi\u00e3o Dias me procurou para falar de uma nova iniciativa \u00e0 qual gostaria de dedicar seus \u00faltimos anos: criar um centro de pesquisas na \u00e1rea \u00e0 qual dedicou toda a sua vida, s\u00f3 que desta vez na cidade onde nasceu. Entregou-me algumas centenas de p\u00e1ginas sobre o projeto, que li e fiz algumas sugest\u00f5es. E assim surgiu o polo Cient\u00edfico e Tecnol\u00f3gico do Mar e do Petr\u00f3leo, tendo como base f\u00edsica inicial a Casa de Cultura Fonte de Caran\u00e3, constituindo um novo campus da Universidade Federal do Par\u00e1.<\/p>\n\n\n\n<p>Na \u00faltima vez que nos encontramos, me mostrou fotos da institui\u00e7\u00e3o e acertamos uma visita para abril de 2020. Devido \u00e0 pandemia da Covid-19 postergamos para uma nova data. A institui\u00e7\u00e3o j\u00e1 conta com 27 docentes, atuando nos cursos de Engenharia de Explora\u00e7\u00e3o e Produ\u00e7\u00e3o de Petr\u00f3leo e uma Licenciatura em Matem\u00e1tica, com cerca de 500 alunos.<\/p>\n\n\n\n<p>Finalizo enfatizando o lado indigenista de Dias. Como descendente dos Caraj\u00e1s, sempre se dedicou \u00e0 defesa do \u00edndio brasileiro. Organizou uma biblioteca especializada, que era admirada por Darcy Ribeiro. Chegou mesmo a publicar um artigo contendo uma an\u00e1lise etno-hist\u00f3rica da coloniza\u00e7\u00e3o do Brasil, traduzido para o alem\u00e3o por pesquisadores da Universidade de Kassel, e citado em&nbsp;<em>A forma\u00e7\u00e3o do Povo Brasileiro<\/em>, de Darcy Ribeiro. Recebeu ainda coment\u00e1rios elogiosos em cartas de Florestan Fernandes e Jos\u00e9 Hon\u00f3rio Rodrigues, que fazia quest\u00e3o de exibir. Atuou, ainda, em defesa da Ci\u00eancia brasileira, sobretudo na Sociedade Brasileira para o Progresso da Ci\u00eancia (SBPC), da qual foi vice-presidente.&#8221;<\/p>\n\n\n\n<p><em><strong>Wanderley de Souza \u00e9 professor titular da UFRJ, membro da Academia Brasileira de Ci\u00eancias e da Academia Nacional de Medicina.<\/strong><\/em><\/p>\n\n\n\n<p><\/p>\n","protected":false},"excerpt":{"rendered":"<p>No dia 6 de dezembro de 2020, a UENF perdeu um dos nomes mais importantes de sua hist\u00f3ria: o professor Carlos Alberto Dias, respons\u00e1vel pela cria\u00e7\u00e3o do Laborat\u00f3rio de Engenharia de Explora\u00e7\u00e3o e Produ\u00e7\u00e3o de Petr\u00f3leo (LENEP) do campus de Maca\u00e9. Em 2017, o professor Dias recebeu da UENF o t\u00edtulo de Professor Em\u00e9rito por [&hellip;]<\/p>\n","protected":false},"author":1,"featured_media":0,"comment_status":"closed","ping_status":"closed","sticky":false,"template":"","format":"standard","meta":{"_eb_attr":"","ocean_post_layout":"","ocean_both_sidebars_style":"","ocean_both_sidebars_content_width":0,"ocean_both_sidebars_sidebars_width":0,"ocean_sidebar":"","ocean_second_sidebar":"","ocean_disable_margins":"enable","ocean_add_body_class":"","ocean_shortcode_before_top_bar":"","ocean_shortcode_after_top_bar":"","ocean_shortcode_before_header":"","ocean_shortcode_after_header":"","ocean_has_shortcode":"","ocean_shortcode_after_title":"","ocean_shortcode_before_footer_widgets":"","ocean_shortcode_after_footer_widgets":"","ocean_shortcode_before_footer_bottom":"","ocean_shortcode_after_footer_bottom":"","ocean_display_top_bar":"default","ocean_display_header":"default","ocean_header_style":"","ocean_center_header_left_menu":"","ocean_custom_header_template":"","ocean_custom_logo":0,"ocean_custom_retina_logo":0,"ocean_custom_logo_max_width":0,"ocean_custom_logo_tablet_max_width":0,"ocean_custom_logo_mobile_max_width":0,"ocean_custom_logo_max_height":0,"ocean_custom_logo_tablet_max_height":0,"ocean_custom_logo_mobile_max_height":0,"ocean_header_custom_menu":"","ocean_menu_typo_font_family":"","ocean_menu_typo_font_subset":"","ocean_menu_typo_font_size":0,"ocean_menu_typo_font_size_tablet":0,"ocean_menu_typo_font_size_mobile":0,"ocean_menu_typo_font_size_unit":"px","ocean_menu_typo_font_weight":"","ocean_menu_typo_font_weight_tablet":"","ocean_menu_typo_font_weight_mobile":"","ocean_menu_typo_transform":"","ocean_menu_typo_transform_tablet":"","ocean_menu_typo_transform_mobile":"","ocean_menu_typo_line_height":0,"ocean_menu_typo_line_height_tablet":0,"ocean_menu_typo_line_height_mobile":0,"ocean_menu_typo_line_height_unit":"","ocean_menu_typo_spacing":0,"ocean_menu_typo_spacing_tablet":0,"ocean_menu_typo_spacing_mobile":0,"ocean_menu_typo_spacing_unit":"","ocean_menu_link_color":"","ocean_menu_link_color_hover":"","ocean_menu_link_color_active":"","ocean_menu_link_background":"","ocean_menu_link_hover_background":"","ocean_menu_link_active_background":"","ocean_menu_social_links_bg":"","ocean_menu_social_hover_links_bg":"","ocean_menu_social_links_color":"","ocean_menu_social_hover_links_color":"","ocean_disable_title":"default","ocean_disable_heading":"default","ocean_post_title":"","ocean_post_subheading":"","ocean_post_title_style":"","ocean_post_title_background_color":"","ocean_post_title_background":0,"ocean_post_title_bg_image_position":"","ocean_post_title_bg_image_attachment":"","ocean_post_title_bg_image_repeat":"","ocean_post_title_bg_image_size":"","ocean_post_title_height":0,"ocean_post_title_bg_overlay":0.5,"ocean_post_title_bg_overlay_color":"","ocean_disable_breadcrumbs":"default","ocean_breadcrumbs_color":"","ocean_breadcrumbs_separator_color":"","ocean_breadcrumbs_links_color":"","ocean_breadcrumbs_links_hover_color":"","ocean_display_footer_widgets":"default","ocean_display_footer_bottom":"default","ocean_custom_footer_template":"","ocean_post_oembed":"","ocean_post_self_hosted_media":"","ocean_post_video_embed":"","ocean_link_format":"","ocean_link_format_target":"self","ocean_quote_format":"","ocean_quote_format_link":"post","ocean_gallery_link_images":"off","ocean_gallery_id":[],"footnotes":""},"categories":[8],"tags":[],"class_list":["post-7632","post","type-post","status-publish","format-standard","hentry","category-noticias","entry"],"yoast_head":"<!-- This site is optimized with the Yoast SEO plugin v26.5 - https:\/\/yoast.com\/wordpress\/plugins\/seo\/ -->\n<title>Carlos Alberto Dias e sua contribui\u00e7\u00e3o para a Ci\u00eancia brasileira - por Wanderley de Souza - UENF - Universidade Estadual do Norte Fluminense Darcy Ribeiro<\/title>\n<meta name=\"robots\" content=\"noindex, follow, max-snippet:-1, max-image-preview:large, max-video-preview:-1\" \/>\n<meta property=\"og:locale\" content=\"pt_BR\" \/>\n<meta property=\"og:type\" content=\"article\" \/>\n<meta property=\"og:title\" content=\"Carlos Alberto Dias e sua contribui\u00e7\u00e3o para a Ci\u00eancia brasileira - por Wanderley de Souza - UENF - Universidade Estadual do Norte Fluminense Darcy Ribeiro\" \/>\n<meta property=\"og:description\" content=\"No dia 6 de dezembro de 2020, a UENF perdeu um dos nomes mais importantes de sua hist\u00f3ria: o professor Carlos Alberto Dias, respons\u00e1vel pela cria\u00e7\u00e3o do Laborat\u00f3rio de Engenharia de Explora\u00e7\u00e3o e Produ\u00e7\u00e3o de Petr\u00f3leo (LENEP) do campus de Maca\u00e9. Em 2017, o professor Dias recebeu da UENF o t\u00edtulo de Professor Em\u00e9rito por [&hellip;]\" \/>\n<meta property=\"og:url\" content=\"https:\/\/portal1.uenf.br\/portal\/noticias\/carlos-alberto-dias-e-sua-contribuicao-para-a-ciencia-brasileira-por-wanderley-de-souza\/\" \/>\n<meta property=\"og:site_name\" content=\"UENF - Universidade Estadual do Norte Fluminense Darcy Ribeiro\" \/>\n<meta property=\"article:published_time\" content=\"2021-01-08T21:47:49+00:00\" \/>\n<meta property=\"og:image\" content=\"https:\/\/uenf.br\/portal\/wp-content\/uploads\/2021\/01\/Carlos-Alberto-Dias_reproducao_video-UENF-1536x864-1-1024x576.jpg\" \/>\n<meta name=\"author\" content=\"admin\" \/>\n<meta name=\"twitter:card\" content=\"summary_large_image\" \/>\n<meta name=\"twitter:label1\" content=\"Escrito por\" \/>\n\t<meta name=\"twitter:data1\" content=\"admin\" \/>\n\t<meta name=\"twitter:label2\" content=\"Est. tempo de leitura\" \/>\n\t<meta name=\"twitter:data2\" content=\"6 minutos\" \/>\n<script type=\"application\/ld+json\" class=\"yoast-schema-graph\">{\"@context\":\"https:\/\/schema.org\",\"@graph\":[{\"@type\":\"Article\",\"@id\":\"https:\/\/portal1.uenf.br\/portal\/noticias\/carlos-alberto-dias-e-sua-contribuicao-para-a-ciencia-brasileira-por-wanderley-de-souza\/#article\",\"isPartOf\":{\"@id\":\"https:\/\/portal1.uenf.br\/portal\/noticias\/carlos-alberto-dias-e-sua-contribuicao-para-a-ciencia-brasileira-por-wanderley-de-souza\/\"},\"author\":{\"name\":\"admin\",\"@id\":\"https:\/\/portal1.uenf.br\/portal\/#\/schema\/person\/068abbf03b6f8478c845bc8ded9270c7\"},\"headline\":\"Carlos Alberto Dias e sua contribui\u00e7\u00e3o para a Ci\u00eancia brasileira &#8211; por Wanderley de Souza\",\"datePublished\":\"2021-01-08T21:47:49+00:00\",\"mainEntityOfPage\":{\"@id\":\"https:\/\/portal1.uenf.br\/portal\/noticias\/carlos-alberto-dias-e-sua-contribuicao-para-a-ciencia-brasileira-por-wanderley-de-souza\/\"},\"wordCount\":1127,\"publisher\":{\"@id\":\"https:\/\/portal1.uenf.br\/portal\/#organization\"},\"image\":{\"@id\":\"https:\/\/portal1.uenf.br\/portal\/noticias\/carlos-alberto-dias-e-sua-contribuicao-para-a-ciencia-brasileira-por-wanderley-de-souza\/#primaryimage\"},\"thumbnailUrl\":\"https:\/\/uenf.br\/portal\/wp-content\/uploads\/2021\/01\/Carlos-Alberto-Dias_reproducao_video-UENF-1536x864-1-1024x576.jpg\",\"articleSection\":[\"Not\u00edcias\"],\"inLanguage\":\"pt-BR\"},{\"@type\":\"WebPage\",\"@id\":\"https:\/\/portal1.uenf.br\/portal\/noticias\/carlos-alberto-dias-e-sua-contribuicao-para-a-ciencia-brasileira-por-wanderley-de-souza\/\",\"url\":\"https:\/\/portal1.uenf.br\/portal\/noticias\/carlos-alberto-dias-e-sua-contribuicao-para-a-ciencia-brasileira-por-wanderley-de-souza\/\",\"name\":\"Carlos Alberto Dias e sua contribui\u00e7\u00e3o para a Ci\u00eancia brasileira - por Wanderley de Souza - UENF - Universidade Estadual do Norte Fluminense Darcy Ribeiro\",\"isPartOf\":{\"@id\":\"https:\/\/portal1.uenf.br\/portal\/#website\"},\"primaryImageOfPage\":{\"@id\":\"https:\/\/portal1.uenf.br\/portal\/noticias\/carlos-alberto-dias-e-sua-contribuicao-para-a-ciencia-brasileira-por-wanderley-de-souza\/#primaryimage\"},\"image\":{\"@id\":\"https:\/\/portal1.uenf.br\/portal\/noticias\/carlos-alberto-dias-e-sua-contribuicao-para-a-ciencia-brasileira-por-wanderley-de-souza\/#primaryimage\"},\"thumbnailUrl\":\"https:\/\/uenf.br\/portal\/wp-content\/uploads\/2021\/01\/Carlos-Alberto-Dias_reproducao_video-UENF-1536x864-1-1024x576.jpg\",\"datePublished\":\"2021-01-08T21:47:49+00:00\",\"breadcrumb\":{\"@id\":\"https:\/\/portal1.uenf.br\/portal\/noticias\/carlos-alberto-dias-e-sua-contribuicao-para-a-ciencia-brasileira-por-wanderley-de-souza\/#breadcrumb\"},\"inLanguage\":\"pt-BR\",\"potentialAction\":[{\"@type\":\"ReadAction\",\"target\":[\"https:\/\/portal1.uenf.br\/portal\/noticias\/carlos-alberto-dias-e-sua-contribuicao-para-a-ciencia-brasileira-por-wanderley-de-souza\/\"]}]},{\"@type\":\"ImageObject\",\"inLanguage\":\"pt-BR\",\"@id\":\"https:\/\/portal1.uenf.br\/portal\/noticias\/carlos-alberto-dias-e-sua-contribuicao-para-a-ciencia-brasileira-por-wanderley-de-souza\/#primaryimage\",\"url\":\"https:\/\/uenf.br\/portal\/wp-content\/uploads\/2021\/01\/Carlos-Alberto-Dias_reproducao_video-UENF-1536x864-1-1024x576.jpg\",\"contentUrl\":\"https:\/\/uenf.br\/portal\/wp-content\/uploads\/2021\/01\/Carlos-Alberto-Dias_reproducao_video-UENF-1536x864-1-1024x576.jpg\"},{\"@type\":\"BreadcrumbList\",\"@id\":\"https:\/\/portal1.uenf.br\/portal\/noticias\/carlos-alberto-dias-e-sua-contribuicao-para-a-ciencia-brasileira-por-wanderley-de-souza\/#breadcrumb\",\"itemListElement\":[{\"@type\":\"ListItem\",\"position\":1,\"name\":\"In\u00edcio\",\"item\":\"https:\/\/portal1.uenf.br\/portal\/\"},{\"@type\":\"ListItem\",\"position\":2,\"name\":\"Carlos Alberto Dias e sua contribui\u00e7\u00e3o para a Ci\u00eancia brasileira &#8211; por Wanderley de Souza\"}]},{\"@type\":\"WebSite\",\"@id\":\"https:\/\/portal1.uenf.br\/portal\/#website\",\"url\":\"https:\/\/portal1.uenf.br\/portal\/\",\"name\":\"UENF - Universidade Estadual do Norte Fluminense Darcy Ribeiro\",\"description\":\"\",\"publisher\":{\"@id\":\"https:\/\/portal1.uenf.br\/portal\/#organization\"},\"potentialAction\":[{\"@type\":\"SearchAction\",\"target\":{\"@type\":\"EntryPoint\",\"urlTemplate\":\"https:\/\/portal1.uenf.br\/portal\/?s={search_term_string}\"},\"query-input\":{\"@type\":\"PropertyValueSpecification\",\"valueRequired\":true,\"valueName\":\"search_term_string\"}}],\"inLanguage\":\"pt-BR\"},{\"@type\":\"Organization\",\"@id\":\"https:\/\/portal1.uenf.br\/portal\/#organization\",\"name\":\"UENF - Universidade Estadual do Norte Fluminense Darcy Ribeiro\",\"url\":\"https:\/\/portal1.uenf.br\/portal\/\",\"logo\":{\"@type\":\"ImageObject\",\"inLanguage\":\"pt-BR\",\"@id\":\"https:\/\/portal1.uenf.br\/portal\/#\/schema\/logo\/image\/\",\"url\":\"https:\/\/portal1.uenf.br\/portal\/wp-content\/uploads\/2018\/06\/logo-uenf-invertido-1.png\",\"contentUrl\":\"https:\/\/portal1.uenf.br\/portal\/wp-content\/uploads\/2018\/06\/logo-uenf-invertido-1.png\",\"width\":482,\"height\":83,\"caption\":\"UENF - Universidade Estadual do Norte Fluminense Darcy Ribeiro\"},\"image\":{\"@id\":\"https:\/\/portal1.uenf.br\/portal\/#\/schema\/logo\/image\/\"}},{\"@type\":\"Person\",\"@id\":\"https:\/\/portal1.uenf.br\/portal\/#\/schema\/person\/068abbf03b6f8478c845bc8ded9270c7\",\"name\":\"admin\",\"image\":{\"@type\":\"ImageObject\",\"inLanguage\":\"pt-BR\",\"@id\":\"https:\/\/portal1.uenf.br\/portal\/#\/schema\/person\/image\/\",\"url\":\"https:\/\/secure.gravatar.com\/avatar\/e5ecf9e4fae0742f4b136f518195bafa7b2d3f7c709f4bdc6707588ef68a6e25?s=96&d=mm&r=g\",\"contentUrl\":\"https:\/\/secure.gravatar.com\/avatar\/e5ecf9e4fae0742f4b136f518195bafa7b2d3f7c709f4bdc6707588ef68a6e25?s=96&d=mm&r=g\",\"caption\":\"admin\"},\"sameAs\":[\"https:\/\/portal1.uenf.br\/portal\"],\"url\":\"https:\/\/portal1.uenf.br\/portal\/author\/edson\/\"}]}<\/script>\n<!-- \/ Yoast SEO plugin. -->","yoast_head_json":{"title":"Carlos Alberto Dias e sua contribui\u00e7\u00e3o para a Ci\u00eancia brasileira - por Wanderley de Souza - UENF - Universidade Estadual do Norte Fluminense Darcy Ribeiro","robots":{"index":"noindex","follow":"follow","max-snippet":"max-snippet:-1","max-image-preview":"max-image-preview:large","max-video-preview":"max-video-preview:-1"},"og_locale":"pt_BR","og_type":"article","og_title":"Carlos Alberto Dias e sua contribui\u00e7\u00e3o para a Ci\u00eancia brasileira - por Wanderley de Souza - UENF - Universidade Estadual do Norte Fluminense Darcy Ribeiro","og_description":"No dia 6 de dezembro de 2020, a UENF perdeu um dos nomes mais importantes de sua hist\u00f3ria: o professor Carlos Alberto Dias, respons\u00e1vel pela cria\u00e7\u00e3o do Laborat\u00f3rio de Engenharia de Explora\u00e7\u00e3o e Produ\u00e7\u00e3o de Petr\u00f3leo (LENEP) do campus de Maca\u00e9. Em 2017, o professor Dias recebeu da UENF o t\u00edtulo de Professor Em\u00e9rito por [&hellip;]","og_url":"https:\/\/portal1.uenf.br\/portal\/noticias\/carlos-alberto-dias-e-sua-contribuicao-para-a-ciencia-brasileira-por-wanderley-de-souza\/","og_site_name":"UENF - Universidade Estadual do Norte Fluminense Darcy Ribeiro","article_published_time":"2021-01-08T21:47:49+00:00","og_image":[{"url":"https:\/\/uenf.br\/portal\/wp-content\/uploads\/2021\/01\/Carlos-Alberto-Dias_reproducao_video-UENF-1536x864-1-1024x576.jpg","type":"","width":"","height":""}],"author":"admin","twitter_card":"summary_large_image","twitter_misc":{"Escrito por":"admin","Est. tempo de leitura":"6 minutos"},"schema":{"@context":"https:\/\/schema.org","@graph":[{"@type":"Article","@id":"https:\/\/portal1.uenf.br\/portal\/noticias\/carlos-alberto-dias-e-sua-contribuicao-para-a-ciencia-brasileira-por-wanderley-de-souza\/#article","isPartOf":{"@id":"https:\/\/portal1.uenf.br\/portal\/noticias\/carlos-alberto-dias-e-sua-contribuicao-para-a-ciencia-brasileira-por-wanderley-de-souza\/"},"author":{"name":"admin","@id":"https:\/\/portal1.uenf.br\/portal\/#\/schema\/person\/068abbf03b6f8478c845bc8ded9270c7"},"headline":"Carlos Alberto Dias e sua contribui\u00e7\u00e3o para a Ci\u00eancia brasileira &#8211; por Wanderley de Souza","datePublished":"2021-01-08T21:47:49+00:00","mainEntityOfPage":{"@id":"https:\/\/portal1.uenf.br\/portal\/noticias\/carlos-alberto-dias-e-sua-contribuicao-para-a-ciencia-brasileira-por-wanderley-de-souza\/"},"wordCount":1127,"publisher":{"@id":"https:\/\/portal1.uenf.br\/portal\/#organization"},"image":{"@id":"https:\/\/portal1.uenf.br\/portal\/noticias\/carlos-alberto-dias-e-sua-contribuicao-para-a-ciencia-brasileira-por-wanderley-de-souza\/#primaryimage"},"thumbnailUrl":"https:\/\/uenf.br\/portal\/wp-content\/uploads\/2021\/01\/Carlos-Alberto-Dias_reproducao_video-UENF-1536x864-1-1024x576.jpg","articleSection":["Not\u00edcias"],"inLanguage":"pt-BR"},{"@type":"WebPage","@id":"https:\/\/portal1.uenf.br\/portal\/noticias\/carlos-alberto-dias-e-sua-contribuicao-para-a-ciencia-brasileira-por-wanderley-de-souza\/","url":"https:\/\/portal1.uenf.br\/portal\/noticias\/carlos-alberto-dias-e-sua-contribuicao-para-a-ciencia-brasileira-por-wanderley-de-souza\/","name":"Carlos Alberto Dias e sua contribui\u00e7\u00e3o para a Ci\u00eancia brasileira - por Wanderley de Souza - UENF - Universidade Estadual do Norte Fluminense Darcy Ribeiro","isPartOf":{"@id":"https:\/\/portal1.uenf.br\/portal\/#website"},"primaryImageOfPage":{"@id":"https:\/\/portal1.uenf.br\/portal\/noticias\/carlos-alberto-dias-e-sua-contribuicao-para-a-ciencia-brasileira-por-wanderley-de-souza\/#primaryimage"},"image":{"@id":"https:\/\/portal1.uenf.br\/portal\/noticias\/carlos-alberto-dias-e-sua-contribuicao-para-a-ciencia-brasileira-por-wanderley-de-souza\/#primaryimage"},"thumbnailUrl":"https:\/\/uenf.br\/portal\/wp-content\/uploads\/2021\/01\/Carlos-Alberto-Dias_reproducao_video-UENF-1536x864-1-1024x576.jpg","datePublished":"2021-01-08T21:47:49+00:00","breadcrumb":{"@id":"https:\/\/portal1.uenf.br\/portal\/noticias\/carlos-alberto-dias-e-sua-contribuicao-para-a-ciencia-brasileira-por-wanderley-de-souza\/#breadcrumb"},"inLanguage":"pt-BR","potentialAction":[{"@type":"ReadAction","target":["https:\/\/portal1.uenf.br\/portal\/noticias\/carlos-alberto-dias-e-sua-contribuicao-para-a-ciencia-brasileira-por-wanderley-de-souza\/"]}]},{"@type":"ImageObject","inLanguage":"pt-BR","@id":"https:\/\/portal1.uenf.br\/portal\/noticias\/carlos-alberto-dias-e-sua-contribuicao-para-a-ciencia-brasileira-por-wanderley-de-souza\/#primaryimage","url":"https:\/\/uenf.br\/portal\/wp-content\/uploads\/2021\/01\/Carlos-Alberto-Dias_reproducao_video-UENF-1536x864-1-1024x576.jpg","contentUrl":"https:\/\/uenf.br\/portal\/wp-content\/uploads\/2021\/01\/Carlos-Alberto-Dias_reproducao_video-UENF-1536x864-1-1024x576.jpg"},{"@type":"BreadcrumbList","@id":"https:\/\/portal1.uenf.br\/portal\/noticias\/carlos-alberto-dias-e-sua-contribuicao-para-a-ciencia-brasileira-por-wanderley-de-souza\/#breadcrumb","itemListElement":[{"@type":"ListItem","position":1,"name":"In\u00edcio","item":"https:\/\/portal1.uenf.br\/portal\/"},{"@type":"ListItem","position":2,"name":"Carlos Alberto Dias e sua contribui\u00e7\u00e3o para a Ci\u00eancia brasileira &#8211; por Wanderley de Souza"}]},{"@type":"WebSite","@id":"https:\/\/portal1.uenf.br\/portal\/#website","url":"https:\/\/portal1.uenf.br\/portal\/","name":"UENF - Universidade Estadual do Norte Fluminense Darcy Ribeiro","description":"","publisher":{"@id":"https:\/\/portal1.uenf.br\/portal\/#organization"},"potentialAction":[{"@type":"SearchAction","target":{"@type":"EntryPoint","urlTemplate":"https:\/\/portal1.uenf.br\/portal\/?s={search_term_string}"},"query-input":{"@type":"PropertyValueSpecification","valueRequired":true,"valueName":"search_term_string"}}],"inLanguage":"pt-BR"},{"@type":"Organization","@id":"https:\/\/portal1.uenf.br\/portal\/#organization","name":"UENF - Universidade Estadual do Norte Fluminense Darcy Ribeiro","url":"https:\/\/portal1.uenf.br\/portal\/","logo":{"@type":"ImageObject","inLanguage":"pt-BR","@id":"https:\/\/portal1.uenf.br\/portal\/#\/schema\/logo\/image\/","url":"https:\/\/portal1.uenf.br\/portal\/wp-content\/uploads\/2018\/06\/logo-uenf-invertido-1.png","contentUrl":"https:\/\/portal1.uenf.br\/portal\/wp-content\/uploads\/2018\/06\/logo-uenf-invertido-1.png","width":482,"height":83,"caption":"UENF - Universidade Estadual do Norte Fluminense Darcy Ribeiro"},"image":{"@id":"https:\/\/portal1.uenf.br\/portal\/#\/schema\/logo\/image\/"}},{"@type":"Person","@id":"https:\/\/portal1.uenf.br\/portal\/#\/schema\/person\/068abbf03b6f8478c845bc8ded9270c7","name":"admin","image":{"@type":"ImageObject","inLanguage":"pt-BR","@id":"https:\/\/portal1.uenf.br\/portal\/#\/schema\/person\/image\/","url":"https:\/\/secure.gravatar.com\/avatar\/e5ecf9e4fae0742f4b136f518195bafa7b2d3f7c709f4bdc6707588ef68a6e25?s=96&d=mm&r=g","contentUrl":"https:\/\/secure.gravatar.com\/avatar\/e5ecf9e4fae0742f4b136f518195bafa7b2d3f7c709f4bdc6707588ef68a6e25?s=96&d=mm&r=g","caption":"admin"},"sameAs":["https:\/\/portal1.uenf.br\/portal"],"url":"https:\/\/portal1.uenf.br\/portal\/author\/edson\/"}]}},"_links":{"self":[{"href":"https:\/\/portal1.uenf.br\/portal\/wp-json\/wp\/v2\/posts\/7632","targetHints":{"allow":["GET"]}}],"collection":[{"href":"https:\/\/portal1.uenf.br\/portal\/wp-json\/wp\/v2\/posts"}],"about":[{"href":"https:\/\/portal1.uenf.br\/portal\/wp-json\/wp\/v2\/types\/post"}],"author":[{"embeddable":true,"href":"https:\/\/portal1.uenf.br\/portal\/wp-json\/wp\/v2\/users\/1"}],"replies":[{"embeddable":true,"href":"https:\/\/portal1.uenf.br\/portal\/wp-json\/wp\/v2\/comments?post=7632"}],"version-history":[{"count":0,"href":"https:\/\/portal1.uenf.br\/portal\/wp-json\/wp\/v2\/posts\/7632\/revisions"}],"wp:attachment":[{"href":"https:\/\/portal1.uenf.br\/portal\/wp-json\/wp\/v2\/media?parent=7632"}],"wp:term":[{"taxonomy":"category","embeddable":true,"href":"https:\/\/portal1.uenf.br\/portal\/wp-json\/wp\/v2\/categories?post=7632"},{"taxonomy":"post_tag","embeddable":true,"href":"https:\/\/portal1.uenf.br\/portal\/wp-json\/wp\/v2\/tags?post=7632"}],"curies":[{"name":"wp","href":"https:\/\/api.w.org\/{rel}","templated":true}]}}