{"id":6428,"date":"2020-09-14T18:19:48","date_gmt":"2020-09-14T21:19:48","guid":{"rendered":"https:\/\/uenf.br\/portal\/?p=6428"},"modified":"2020-09-14T18:19:48","modified_gmt":"2020-09-14T21:19:48","slug":"projeto-matematica-ao-alcance-de-todos-oferece-minicursos","status":"publish","type":"post","link":"https:\/\/portal1.uenf.br\/portal\/informes-internos\/projeto-matematica-ao-alcance-de-todos-oferece-minicursos\/","title":{"rendered":"Projeto &#8220;Matem\u00e1tica ao alcance de todos\u201d oferece minicursos"},"content":{"rendered":"\n<p><strong>Projeto de extens\u00e3o da UENF \u201cMatem\u00e1tica ao alcance de todos\u201d oferece minicursos de Matem\u00e1tica para alunos do Ensino B\u00e1sico e Superior de Campos dos Goytacazes<\/strong><\/p>\n\n\n\n<p>O Ensino da Matem\u00e1tica b\u00e1sica enfrenta grandes problemas, de\nacordo com o Sistema de Avalia\u00e7\u00e3o da Educa\u00e7\u00e3o b\u00e1sica (Saeb) 2017, em dez anos o\npercentual de estudantes do Ensino M\u00e9dio com o aprendizado adequado em Matem\u00e1tica\ncaiu 0,7%, totalizando 9,1%. Com isso, surge o projeto de extens\u00e3o da UENF\n\u201cMatem\u00e1tica ao alcance de todos\u201d, tendo como objetivo principal minimizar a\ndificuldade na aprendizagem de Matem\u00e1tica, em duas frentes: o Ensino B\u00e1sico em\nMatem\u00e1tica (Ensino Fundamental anos finais e Ensino M\u00e9dio) e a Matem\u00e1tica de\nN\u00edvel Superior.<\/p>\n\n\n\n<p>De acordo com o professor Oscar Alfredo Paz La Torre,\ncoordenador do projeto, \u201co problema n\u00e3o se restringe a dizer que os alunos n\u00e3o\nsabem Matem\u00e1tica. Nossos alunos do Ensino B\u00e1sico tem problemas de compreens\u00e3o\nde leitura. Eles podem saber muito bem as opera\u00e7\u00f5es fundamentais, \u00e1lgebra,\ngeometria, mas na hora de ler o enunciado, se ele n\u00e3o sabe compreender ou n\u00e3o\nentende o que est\u00e1 sendo solicitado, ele n\u00e3o vai resolver o problema\u201d. O\nprofessor ainda reafirma a inten\u00e7\u00e3o do projeto em minimizar a evas\u00e3o nos Cursos\nde Gradua\u00e7\u00e3o, \u201ca ideia \u00e9 tentar dar suporte aos alunos, tentar minimizar esses\nproblemas tanto dos alunos do Ensino B\u00e1sico como dos alunos que est\u00e3o chegando\n\u00e0 universidade, porque os alunos que chegam com esses problemas de conte\u00fado\ndificilmente conseguem aprova\u00e7\u00e3o. Ent\u00e3o a ideia \u00e9 minimizar essa desist\u00eancia\u201d. <\/p>\n\n\n\n<p>Os projetos de extens\u00e3o desenvolvidos pela UENF ampliam a\natua\u00e7\u00e3o do campus para al\u00e9m das salas de aula, ou seja, estendem para a\ncomunidade, de maneira pr\u00e1tica, os conhecimentos cient\u00edficos do ensino e da\npesquisa obtidos dentro da universidade. Dessa forma, esses projetos acabam\ntransformando a realidade social da comunidade em que a universidade est\u00e1 inserida.\nTendo isso em mente, o projeto de extens\u00e3o \u201cMatem\u00e1tica ao alcance de todos\u201d busca\nfornecer minicursos que devem atender a demanda do ensino b\u00e1sico, assim como, a\ndemanda dos alunos dos Cursos de Educa\u00e7\u00e3o Superior. <\/p>\n\n\n\n<p>Para a ex-aluna da UENF e professora de Matem\u00e1tica, P\u00e2mella\nde Alvarenga, o projeto \u00e9 importante para a comunidade, pois, tem o intuito de\ndiminuir a reprova\u00e7\u00e3o das disciplinas de Pr\u00e9-C\u00e1lculo e C\u00e1lculo Diferencial e\nIntegral, que representam um grande desafio para os estudantes. \u201cAs\ndificuldades dos alunos, muitas vezes, est\u00e3o diretamente relacionadas \u00e0 falta\nde requisitos necess\u00e1rios\u201d, concluiu. <\/p>\n\n\n\n<p>O projeto tem duas frentes: aulas de refor\u00e7o para alunos do Ensino B\u00e1sico das escolas p\u00fablicas e aula de refor\u00e7o para alunos de Cursos de Educa\u00e7\u00e3o Superior. Tr\u00eas alunos da Licenciatura da UENF, J\u00falia Paulino dos Santos, Marcos Felipe Barreto Guimar\u00e3es e Rosana Rodrigues Sant&#8217;ana da Silva, ir\u00e3o ministrar as aulas para os alunos do Ensino b\u00e1sico, supervisionados pelos professores do Ensino B\u00e1sico, e duas professoras ir\u00e3o ministrar as aulas para os alunos de Cursos de Educa\u00e7\u00e3o Superior de Campos dos Goytacazes. <\/p>\n\n\n\n<p>Ludmilla Rangel, tamb\u00e9m professora ligada ao projeto, que ir\u00e1\nministrar aulas para os Cursos de Educa\u00e7\u00e3o Superior, diz que o projeto \u00e9\nimportante para ajudar, principalmente, alunos eu acabam carregando algumas\ndificuldades ao longo da vida escolar e acad\u00eamica. Al\u00e9m de levar uma\nexperi\u00eancia diferente da sala de aula convencional.<\/p>\n\n\n\n<p>A princ\u00edpio, o projeto ir\u00e1 atender alunos do Col\u00e9gio Estadual Jos\u00e9 do Patroc\u00ednio, a partir do dia 23\/09\/2020 e da UENF, a partir do dia 21\/09\/2020. As aulas ocorrer\u00e3o uma vez por semana e de maneira remota, devido \u00e0 pandemia da COVID-19.   As vagas s\u00e3o limitadas e os alunos interessados nas aulas devem realizar as inscri\u00e7\u00f5es preenchendo um formul\u00e1rio no site:\u00a0 <a href=\"https:\/\/forms.gle\/dAdjnxmQ682eu5YNA\"><strong>https:\/\/forms.gle\/dAdjnxmQ682eu5YNA<\/strong><\/a>.<\/p>\n\n\n\n<p><\/p>\n","protected":false},"excerpt":{"rendered":"<p>Projeto de extens\u00e3o da UENF \u201cMatem\u00e1tica ao alcance de todos\u201d oferece minicursos de Matem\u00e1tica para alunos do Ensino B\u00e1sico e Superior de Campos dos Goytacazes O Ensino da Matem\u00e1tica b\u00e1sica enfrenta grandes problemas, de acordo com o Sistema de Avalia\u00e7\u00e3o da Educa\u00e7\u00e3o b\u00e1sica (Saeb) 2017, em dez anos o percentual de estudantes do Ensino M\u00e9dio [&hellip;]<\/p>\n","protected":false},"author":1,"featured_media":0,"comment_status":"closed","ping_status":"closed","sticky":false,"template":"","format":"standard","meta":{"_eb_attr":"","ocean_post_layout":"","ocean_both_sidebars_style":"","ocean_both_sidebars_content_width":0,"ocean_both_sidebars_sidebars_width":0,"ocean_sidebar":"","ocean_second_sidebar":"","ocean_disable_margins":"enable","ocean_add_body_class":"","ocean_shortcode_before_top_bar":"","ocean_shortcode_after_top_bar":"","ocean_shortcode_before_header":"","ocean_shortcode_after_header":"","ocean_has_shortcode":"","ocean_shortcode_after_title":"","ocean_shortcode_before_footer_widgets":"","ocean_shortcode_after_footer_widgets":"","ocean_shortcode_before_footer_bottom":"","ocean_shortcode_after_footer_bottom":"","ocean_display_top_bar":"default","ocean_display_header":"default","ocean_header_style":"","ocean_center_header_left_menu":"","ocean_custom_header_template":"","ocean_custom_logo":0,"ocean_custom_retina_logo":0,"ocean_custom_logo_max_width":0,"ocean_custom_logo_tablet_max_width":0,"ocean_custom_logo_mobile_max_width":0,"ocean_custom_logo_max_height":0,"ocean_custom_logo_tablet_max_height":0,"ocean_custom_logo_mobile_max_height":0,"ocean_header_custom_menu":"","ocean_menu_typo_font_family":"","ocean_menu_typo_font_subset":"","ocean_menu_typo_font_size":0,"ocean_menu_typo_font_size_tablet":0,"ocean_menu_typo_font_size_mobile":0,"ocean_menu_typo_font_size_unit":"px","ocean_menu_typo_font_weight":"","ocean_menu_typo_font_weight_tablet":"","ocean_menu_typo_font_weight_mobile":"","ocean_menu_typo_transform":"","ocean_menu_typo_transform_tablet":"","ocean_menu_typo_transform_mobile":"","ocean_menu_typo_line_height":0,"ocean_menu_typo_line_height_tablet":0,"ocean_menu_typo_line_height_mobile":0,"ocean_menu_typo_line_height_unit":"","ocean_menu_typo_spacing":0,"ocean_menu_typo_spacing_tablet":0,"ocean_menu_typo_spacing_mobile":0,"ocean_menu_typo_spacing_unit":"","ocean_menu_link_color":"","ocean_menu_link_color_hover":"","ocean_menu_link_color_active":"","ocean_menu_link_background":"","ocean_menu_link_hover_background":"","ocean_menu_link_active_background":"","ocean_menu_social_links_bg":"","ocean_menu_social_hover_links_bg":"","ocean_menu_social_links_color":"","ocean_menu_social_hover_links_color":"","ocean_disable_title":"default","ocean_disable_heading":"default","ocean_post_title":"","ocean_post_subheading":"","ocean_post_title_style":"","ocean_post_title_background_color":"","ocean_post_title_background":0,"ocean_post_title_bg_image_position":"","ocean_post_title_bg_image_attachment":"","ocean_post_title_bg_image_repeat":"","ocean_post_title_bg_image_size":"","ocean_post_title_height":0,"ocean_post_title_bg_overlay":0.5,"ocean_post_title_bg_overlay_color":"","ocean_disable_breadcrumbs":"default","ocean_breadcrumbs_color":"","ocean_breadcrumbs_separator_color":"","ocean_breadcrumbs_links_color":"","ocean_breadcrumbs_links_hover_color":"","ocean_display_footer_widgets":"default","ocean_display_footer_bottom":"default","ocean_custom_footer_template":"","ocean_post_oembed":"","ocean_post_self_hosted_media":"","ocean_post_video_embed":"","ocean_link_format":"","ocean_link_format_target":"self","ocean_quote_format":"","ocean_quote_format_link":"post","ocean_gallery_link_images":"off","ocean_gallery_id":[],"footnotes":""},"categories":[7,8],"tags":[],"class_list":["post-6428","post","type-post","status-publish","format-standard","hentry","category-informes-internos","category-noticias","entry"],"yoast_head":"<!-- This site is optimized with the Yoast SEO plugin v26.5 - https:\/\/yoast.com\/wordpress\/plugins\/seo\/ -->\n<title>Projeto &quot;Matem\u00e1tica ao alcance de todos\u201d oferece minicursos - UENF - Universidade Estadual do Norte Fluminense Darcy Ribeiro<\/title>\n<meta name=\"robots\" content=\"noindex, follow, max-snippet:-1, max-image-preview:large, max-video-preview:-1\" \/>\n<meta property=\"og:locale\" content=\"pt_BR\" \/>\n<meta property=\"og:type\" content=\"article\" \/>\n<meta property=\"og:title\" content=\"Projeto &quot;Matem\u00e1tica ao alcance de todos\u201d oferece minicursos - UENF - Universidade Estadual do Norte Fluminense Darcy Ribeiro\" \/>\n<meta property=\"og:description\" content=\"Projeto de extens\u00e3o da UENF \u201cMatem\u00e1tica ao alcance de todos\u201d oferece minicursos de Matem\u00e1tica para alunos do Ensino B\u00e1sico e Superior de Campos dos Goytacazes O Ensino da Matem\u00e1tica b\u00e1sica enfrenta grandes problemas, de acordo com o Sistema de Avalia\u00e7\u00e3o da Educa\u00e7\u00e3o b\u00e1sica (Saeb) 2017, em dez anos o percentual de estudantes do Ensino M\u00e9dio [&hellip;]\" \/>\n<meta property=\"og:url\" content=\"https:\/\/portal1.uenf.br\/portal\/informes-internos\/projeto-matematica-ao-alcance-de-todos-oferece-minicursos\/\" \/>\n<meta property=\"og:site_name\" content=\"UENF - Universidade Estadual do Norte Fluminense Darcy Ribeiro\" \/>\n<meta property=\"article:published_time\" content=\"2020-09-14T21:19:48+00:00\" \/>\n<meta name=\"author\" content=\"admin\" \/>\n<meta name=\"twitter:card\" content=\"summary_large_image\" \/>\n<meta name=\"twitter:label1\" content=\"Escrito por\" \/>\n\t<meta name=\"twitter:data1\" content=\"admin\" \/>\n\t<meta name=\"twitter:label2\" content=\"Est. tempo de leitura\" \/>\n\t<meta name=\"twitter:data2\" content=\"3 minutos\" \/>\n<script type=\"application\/ld+json\" class=\"yoast-schema-graph\">{\"@context\":\"https:\/\/schema.org\",\"@graph\":[{\"@type\":\"Article\",\"@id\":\"https:\/\/portal1.uenf.br\/portal\/informes-internos\/projeto-matematica-ao-alcance-de-todos-oferece-minicursos\/#article\",\"isPartOf\":{\"@id\":\"https:\/\/portal1.uenf.br\/portal\/informes-internos\/projeto-matematica-ao-alcance-de-todos-oferece-minicursos\/\"},\"author\":{\"name\":\"admin\",\"@id\":\"https:\/\/portal1.uenf.br\/portal\/#\/schema\/person\/068abbf03b6f8478c845bc8ded9270c7\"},\"headline\":\"Projeto &#8220;Matem\u00e1tica ao alcance de todos\u201d oferece minicursos\",\"datePublished\":\"2020-09-14T21:19:48+00:00\",\"mainEntityOfPage\":{\"@id\":\"https:\/\/portal1.uenf.br\/portal\/informes-internos\/projeto-matematica-ao-alcance-de-todos-oferece-minicursos\/\"},\"wordCount\":672,\"publisher\":{\"@id\":\"https:\/\/portal1.uenf.br\/portal\/#organization\"},\"articleSection\":[\"informes internos\",\"Not\u00edcias\"],\"inLanguage\":\"pt-BR\"},{\"@type\":\"WebPage\",\"@id\":\"https:\/\/portal1.uenf.br\/portal\/informes-internos\/projeto-matematica-ao-alcance-de-todos-oferece-minicursos\/\",\"url\":\"https:\/\/portal1.uenf.br\/portal\/informes-internos\/projeto-matematica-ao-alcance-de-todos-oferece-minicursos\/\",\"name\":\"Projeto \\\"Matem\u00e1tica ao alcance de todos\u201d oferece minicursos - UENF - Universidade Estadual do Norte Fluminense Darcy Ribeiro\",\"isPartOf\":{\"@id\":\"https:\/\/portal1.uenf.br\/portal\/#website\"},\"datePublished\":\"2020-09-14T21:19:48+00:00\",\"breadcrumb\":{\"@id\":\"https:\/\/portal1.uenf.br\/portal\/informes-internos\/projeto-matematica-ao-alcance-de-todos-oferece-minicursos\/#breadcrumb\"},\"inLanguage\":\"pt-BR\",\"potentialAction\":[{\"@type\":\"ReadAction\",\"target\":[\"https:\/\/portal1.uenf.br\/portal\/informes-internos\/projeto-matematica-ao-alcance-de-todos-oferece-minicursos\/\"]}]},{\"@type\":\"BreadcrumbList\",\"@id\":\"https:\/\/portal1.uenf.br\/portal\/informes-internos\/projeto-matematica-ao-alcance-de-todos-oferece-minicursos\/#breadcrumb\",\"itemListElement\":[{\"@type\":\"ListItem\",\"position\":1,\"name\":\"In\u00edcio\",\"item\":\"https:\/\/portal1.uenf.br\/portal\/\"},{\"@type\":\"ListItem\",\"position\":2,\"name\":\"Projeto &#8220;Matem\u00e1tica ao alcance de todos\u201d oferece minicursos\"}]},{\"@type\":\"WebSite\",\"@id\":\"https:\/\/portal1.uenf.br\/portal\/#website\",\"url\":\"https:\/\/portal1.uenf.br\/portal\/\",\"name\":\"UENF - Universidade Estadual do Norte Fluminense Darcy Ribeiro\",\"description\":\"\",\"publisher\":{\"@id\":\"https:\/\/portal1.uenf.br\/portal\/#organization\"},\"potentialAction\":[{\"@type\":\"SearchAction\",\"target\":{\"@type\":\"EntryPoint\",\"urlTemplate\":\"https:\/\/portal1.uenf.br\/portal\/?s={search_term_string}\"},\"query-input\":{\"@type\":\"PropertyValueSpecification\",\"valueRequired\":true,\"valueName\":\"search_term_string\"}}],\"inLanguage\":\"pt-BR\"},{\"@type\":\"Organization\",\"@id\":\"https:\/\/portal1.uenf.br\/portal\/#organization\",\"name\":\"UENF - Universidade Estadual do Norte Fluminense Darcy Ribeiro\",\"url\":\"https:\/\/portal1.uenf.br\/portal\/\",\"logo\":{\"@type\":\"ImageObject\",\"inLanguage\":\"pt-BR\",\"@id\":\"https:\/\/portal1.uenf.br\/portal\/#\/schema\/logo\/image\/\",\"url\":\"https:\/\/portal1.uenf.br\/portal\/wp-content\/uploads\/2018\/06\/logo-uenf-invertido-1.png\",\"contentUrl\":\"https:\/\/portal1.uenf.br\/portal\/wp-content\/uploads\/2018\/06\/logo-uenf-invertido-1.png\",\"width\":482,\"height\":83,\"caption\":\"UENF - Universidade Estadual do Norte Fluminense Darcy Ribeiro\"},\"image\":{\"@id\":\"https:\/\/portal1.uenf.br\/portal\/#\/schema\/logo\/image\/\"}},{\"@type\":\"Person\",\"@id\":\"https:\/\/portal1.uenf.br\/portal\/#\/schema\/person\/068abbf03b6f8478c845bc8ded9270c7\",\"name\":\"admin\",\"image\":{\"@type\":\"ImageObject\",\"inLanguage\":\"pt-BR\",\"@id\":\"https:\/\/portal1.uenf.br\/portal\/#\/schema\/person\/image\/\",\"url\":\"https:\/\/secure.gravatar.com\/avatar\/e5ecf9e4fae0742f4b136f518195bafa7b2d3f7c709f4bdc6707588ef68a6e25?s=96&d=mm&r=g\",\"contentUrl\":\"https:\/\/secure.gravatar.com\/avatar\/e5ecf9e4fae0742f4b136f518195bafa7b2d3f7c709f4bdc6707588ef68a6e25?s=96&d=mm&r=g\",\"caption\":\"admin\"},\"sameAs\":[\"https:\/\/portal1.uenf.br\/portal\"],\"url\":\"https:\/\/portal1.uenf.br\/portal\/author\/edson\/\"}]}<\/script>\n<!-- \/ Yoast SEO plugin. -->","yoast_head_json":{"title":"Projeto \"Matem\u00e1tica ao alcance de todos\u201d oferece minicursos - UENF - Universidade Estadual do Norte Fluminense Darcy Ribeiro","robots":{"index":"noindex","follow":"follow","max-snippet":"max-snippet:-1","max-image-preview":"max-image-preview:large","max-video-preview":"max-video-preview:-1"},"og_locale":"pt_BR","og_type":"article","og_title":"Projeto \"Matem\u00e1tica ao alcance de todos\u201d oferece minicursos - UENF - Universidade Estadual do Norte Fluminense Darcy Ribeiro","og_description":"Projeto de extens\u00e3o da UENF \u201cMatem\u00e1tica ao alcance de todos\u201d oferece minicursos de Matem\u00e1tica para alunos do Ensino B\u00e1sico e Superior de Campos dos Goytacazes O Ensino da Matem\u00e1tica b\u00e1sica enfrenta grandes problemas, de acordo com o Sistema de Avalia\u00e7\u00e3o da Educa\u00e7\u00e3o b\u00e1sica (Saeb) 2017, em dez anos o percentual de estudantes do Ensino M\u00e9dio [&hellip;]","og_url":"https:\/\/portal1.uenf.br\/portal\/informes-internos\/projeto-matematica-ao-alcance-de-todos-oferece-minicursos\/","og_site_name":"UENF - Universidade Estadual do Norte Fluminense Darcy Ribeiro","article_published_time":"2020-09-14T21:19:48+00:00","author":"admin","twitter_card":"summary_large_image","twitter_misc":{"Escrito por":"admin","Est. tempo de leitura":"3 minutos"},"schema":{"@context":"https:\/\/schema.org","@graph":[{"@type":"Article","@id":"https:\/\/portal1.uenf.br\/portal\/informes-internos\/projeto-matematica-ao-alcance-de-todos-oferece-minicursos\/#article","isPartOf":{"@id":"https:\/\/portal1.uenf.br\/portal\/informes-internos\/projeto-matematica-ao-alcance-de-todos-oferece-minicursos\/"},"author":{"name":"admin","@id":"https:\/\/portal1.uenf.br\/portal\/#\/schema\/person\/068abbf03b6f8478c845bc8ded9270c7"},"headline":"Projeto &#8220;Matem\u00e1tica ao alcance de todos\u201d oferece minicursos","datePublished":"2020-09-14T21:19:48+00:00","mainEntityOfPage":{"@id":"https:\/\/portal1.uenf.br\/portal\/informes-internos\/projeto-matematica-ao-alcance-de-todos-oferece-minicursos\/"},"wordCount":672,"publisher":{"@id":"https:\/\/portal1.uenf.br\/portal\/#organization"},"articleSection":["informes internos","Not\u00edcias"],"inLanguage":"pt-BR"},{"@type":"WebPage","@id":"https:\/\/portal1.uenf.br\/portal\/informes-internos\/projeto-matematica-ao-alcance-de-todos-oferece-minicursos\/","url":"https:\/\/portal1.uenf.br\/portal\/informes-internos\/projeto-matematica-ao-alcance-de-todos-oferece-minicursos\/","name":"Projeto \"Matem\u00e1tica ao alcance de todos\u201d oferece minicursos - UENF - Universidade Estadual do Norte Fluminense Darcy Ribeiro","isPartOf":{"@id":"https:\/\/portal1.uenf.br\/portal\/#website"},"datePublished":"2020-09-14T21:19:48+00:00","breadcrumb":{"@id":"https:\/\/portal1.uenf.br\/portal\/informes-internos\/projeto-matematica-ao-alcance-de-todos-oferece-minicursos\/#breadcrumb"},"inLanguage":"pt-BR","potentialAction":[{"@type":"ReadAction","target":["https:\/\/portal1.uenf.br\/portal\/informes-internos\/projeto-matematica-ao-alcance-de-todos-oferece-minicursos\/"]}]},{"@type":"BreadcrumbList","@id":"https:\/\/portal1.uenf.br\/portal\/informes-internos\/projeto-matematica-ao-alcance-de-todos-oferece-minicursos\/#breadcrumb","itemListElement":[{"@type":"ListItem","position":1,"name":"In\u00edcio","item":"https:\/\/portal1.uenf.br\/portal\/"},{"@type":"ListItem","position":2,"name":"Projeto &#8220;Matem\u00e1tica ao alcance de todos\u201d oferece minicursos"}]},{"@type":"WebSite","@id":"https:\/\/portal1.uenf.br\/portal\/#website","url":"https:\/\/portal1.uenf.br\/portal\/","name":"UENF - Universidade Estadual do Norte Fluminense Darcy Ribeiro","description":"","publisher":{"@id":"https:\/\/portal1.uenf.br\/portal\/#organization"},"potentialAction":[{"@type":"SearchAction","target":{"@type":"EntryPoint","urlTemplate":"https:\/\/portal1.uenf.br\/portal\/?s={search_term_string}"},"query-input":{"@type":"PropertyValueSpecification","valueRequired":true,"valueName":"search_term_string"}}],"inLanguage":"pt-BR"},{"@type":"Organization","@id":"https:\/\/portal1.uenf.br\/portal\/#organization","name":"UENF - Universidade Estadual do Norte Fluminense Darcy Ribeiro","url":"https:\/\/portal1.uenf.br\/portal\/","logo":{"@type":"ImageObject","inLanguage":"pt-BR","@id":"https:\/\/portal1.uenf.br\/portal\/#\/schema\/logo\/image\/","url":"https:\/\/portal1.uenf.br\/portal\/wp-content\/uploads\/2018\/06\/logo-uenf-invertido-1.png","contentUrl":"https:\/\/portal1.uenf.br\/portal\/wp-content\/uploads\/2018\/06\/logo-uenf-invertido-1.png","width":482,"height":83,"caption":"UENF - Universidade Estadual do Norte Fluminense Darcy Ribeiro"},"image":{"@id":"https:\/\/portal1.uenf.br\/portal\/#\/schema\/logo\/image\/"}},{"@type":"Person","@id":"https:\/\/portal1.uenf.br\/portal\/#\/schema\/person\/068abbf03b6f8478c845bc8ded9270c7","name":"admin","image":{"@type":"ImageObject","inLanguage":"pt-BR","@id":"https:\/\/portal1.uenf.br\/portal\/#\/schema\/person\/image\/","url":"https:\/\/secure.gravatar.com\/avatar\/e5ecf9e4fae0742f4b136f518195bafa7b2d3f7c709f4bdc6707588ef68a6e25?s=96&d=mm&r=g","contentUrl":"https:\/\/secure.gravatar.com\/avatar\/e5ecf9e4fae0742f4b136f518195bafa7b2d3f7c709f4bdc6707588ef68a6e25?s=96&d=mm&r=g","caption":"admin"},"sameAs":["https:\/\/portal1.uenf.br\/portal"],"url":"https:\/\/portal1.uenf.br\/portal\/author\/edson\/"}]}},"_links":{"self":[{"href":"https:\/\/portal1.uenf.br\/portal\/wp-json\/wp\/v2\/posts\/6428","targetHints":{"allow":["GET"]}}],"collection":[{"href":"https:\/\/portal1.uenf.br\/portal\/wp-json\/wp\/v2\/posts"}],"about":[{"href":"https:\/\/portal1.uenf.br\/portal\/wp-json\/wp\/v2\/types\/post"}],"author":[{"embeddable":true,"href":"https:\/\/portal1.uenf.br\/portal\/wp-json\/wp\/v2\/users\/1"}],"replies":[{"embeddable":true,"href":"https:\/\/portal1.uenf.br\/portal\/wp-json\/wp\/v2\/comments?post=6428"}],"version-history":[{"count":0,"href":"https:\/\/portal1.uenf.br\/portal\/wp-json\/wp\/v2\/posts\/6428\/revisions"}],"wp:attachment":[{"href":"https:\/\/portal1.uenf.br\/portal\/wp-json\/wp\/v2\/media?parent=6428"}],"wp:term":[{"taxonomy":"category","embeddable":true,"href":"https:\/\/portal1.uenf.br\/portal\/wp-json\/wp\/v2\/categories?post=6428"},{"taxonomy":"post_tag","embeddable":true,"href":"https:\/\/portal1.uenf.br\/portal\/wp-json\/wp\/v2\/tags?post=6428"}],"curies":[{"name":"wp","href":"https:\/\/api.w.org\/{rel}","templated":true}]}}