{"id":6291,"date":"2020-09-04T21:24:08","date_gmt":"2020-09-05T00:24:08","guid":{"rendered":"https:\/\/uenf.br\/portal\/?p=6291"},"modified":"2020-09-04T21:24:08","modified_gmt":"2020-09-05T00:24:08","slug":"inscricoes-abertas-paras-o-v-encontro-de-genetica-e-melhoramento-de-plantas-do-estado-do-rio-de-janeiro","status":"publish","type":"post","link":"https:\/\/portal1.uenf.br\/portal\/informes-internos\/inscricoes-abertas-paras-o-v-encontro-de-genetica-e-melhoramento-de-plantas-do-estado-do-rio-de-janeiro\/","title":{"rendered":"Inscri\u00e7\u00f5es abertas paras o V Encontro de Gen\u00e9tica e Melhoramento de Plantas do Estado do Rio de Janeiro"},"content":{"rendered":"\n<div class=\"wp-block-image\"><figure class=\"aligncenter size-large is-resized\"><img fetchpriority=\"high\" decoding=\"async\" src=\"https:\/\/uenf.br\/portal\/wp-content\/uploads\/2020\/09\/Captura-de-Tela-2020-09-04-a\u0300s-21.04.02-1024x604.png\" alt=\"\" class=\"wp-image-6293\" width=\"401\" height=\"236\"\/><\/figure><\/div>\n\n\n\n<p>Ser\u00e1 realizado nos dias 23, 25 e 27 de novembro, \u00e0s 14 horas, o V Encontro de Gen\u00e9tica e Melhoramento de Plantas do Estado do Rio de Janeiro (EGMP) com o tema: O Compromisso do Melhoramento Gen\u00e9tico Vegetal com os Objetivos do Desenvolvimento Sustent\u00e1vel da Organiza\u00e7\u00e3o das Na\u00e7\u00f5es Unidas (ONU). O evento, organizado pela Sociedade Brasileira de Melhoramento de Plantas \u2013 Regional do Rio de Janeiro, pela coordena\u00e7\u00e3o do Programa de P\u00f3s-Gradua\u00e7\u00e3o em Gen\u00e9tica e Melhoramento de Plantas da UENF  e pelo N\u00facleo de Estudos de Gen\u00e9tica e Melhoramento de Plantas \u2013 Ganho Gen\u00e9tico\/UENF, ir\u00e1 ocorrer de maneira online atrav\u00e9s das plataformas: YouTube: UENF TV e Facebook: UENF &#8211; P\u00c1GINA OFICIAL.<\/p>\n\n\n\n<p>O\nEGMP ocorre bianualmente desde 2012, sendo o principal f\u00f3rum regional para\ndiscuss\u00e3o do avan\u00e7o e do conhecimento cient\u00edfico na \u00e1rea de gen\u00e9tica e\nmelhoramento de plantas, \u00e9 uma oportunidade para que especialistas possam debater,\ncom profundidade, as rotinas, ferramentas e produtos de programas de\nmelhoramento gen\u00e9tico, em conson\u00e2ncia com as a\u00e7\u00f5es transformadoras do mundo, de\nacordo com a Agenda 2030 para o desenvolvimento sustent\u00e1vel. Conclu\u00eddas em agosto de 2015, as negocia\u00e7\u00f5es da Agenda 2030\nculminaram em um documento que prop\u00f5e 17 Objetivos do Desenvolvimento\nSustent\u00e1vel (ODS) e 169 metas correspondentes, fruto do consenso obtido pelos\ndelegados dos Estados Membros da ONU. <\/p>\n\n\n\n<p>O\nintento maior do Evento \u00e9 impulsionar inter-rela\u00e7\u00f5es entre estudantes e\nprofissionais, sobretudo professores de centros reconhecidos, al\u00e9m de invocar\nassuntos fundamentais da gen\u00e9tica e melhoramento de plantas.&nbsp;Outro\nobjetivo do evento \u00e9 aprofundar nas principais alternativas biom\u00e9tricas e nas\n\u201c\u00f4micas\u201d dispon\u00edveis, que possibilitam maximizar a efici\u00eancia dos ganhos\ngen\u00e9ticos em programas de melhoramento, bem como no desenvolvimento de novas\ncultivares, necess\u00e1rias para o avan\u00e7o da agricultura de forma sustent\u00e1vel. A cada edi\u00e7\u00e3o do EGMP, o evento vem se fortalecendo no\n\u00e2mbito acad\u00eamico-cient\u00edfico no cen\u00e1rio regional\/nacional, agregando cada vez\nmais pesquisadores, professores, estudantes de gradua\u00e7\u00e3o e de\np\u00f3s-gradua\u00e7\u00e3o.&nbsp;A quinta edi\u00e7\u00e3o do EGMP conta com palestrantes e\ndebatedores renomados em \u00e2mbito nacional e internacional, que estar\u00e3o\napresentando pesquisas cient\u00edficas de acordo com os Objetivos de\nDesenvolvimento Sustent\u00e1vel da ONU.&nbsp; <\/p>\n\n\n\n<p>O evento est\u00e1 aberto para todos os interessados. Pesquisadores, t\u00e9cnicos e demais profissionais devem enviar seus resumos at\u00e9 o dia 23\/10\/2020, os resumos ser\u00e3o recebidos dentro de tr\u00eas grandes \u00e1reas: Recursos Gen\u00e9ticos Vegetais, Melhoramento de Plantas e An\u00e1lise Gen\u00f4mica. Essas \u00e1reas s\u00e3o multidisciplinares e se relacionam com diversas outras \u00e1reas, como: fisiologia vegetal, biotecnologia, bioci\u00eancias, estat\u00edstica, produ\u00e7\u00e3o vegetal, entre outras, portanto, estudantes destas \u00e1reas tamb\u00e9m podem enviar seus resumos. Outras informa\u00e7\u00f5es sobre inscri\u00e7\u00e3o e envio de resumos est\u00e3o dispon\u00edveis no site: <a rel=\"noreferrer noopener\" href=\"https:\/\/www.ganhogenetico.com\/vmgpb2020\" target=\"_blank\"><strong>https:\/\/www.ganhogenetico.com\/vmgpb2020<\/strong><\/a>. Os tr\u00eas melhores trabalhos ser\u00e3o premiados, ser\u00e3o convidados a serem publicados na Functional Plant Breeding Journal (FPBJ), revista da UENF. As informa\u00e7\u00f5es para os interessados em participar da premia\u00e7\u00e3o est\u00e3o no site: <strong><a rel=\"noreferrer noopener\" href=\"https:\/\/www.ganhogenetico.com\/autor-guidelines-vegmp2020\" target=\"_blank\">https:\/\/www.ganhogenetico.com\/autor-guidelines-vegmp2020<\/a>.<\/strong><\/p>\n","protected":false},"excerpt":{"rendered":"<p>Ser\u00e1 realizado nos dias 23, 25 e 27 de novembro, \u00e0s 14 horas, o V Encontro de Gen\u00e9tica e Melhoramento de Plantas do Estado do Rio de Janeiro (EGMP) com o tema: O Compromisso do Melhoramento Gen\u00e9tico Vegetal com os Objetivos do Desenvolvimento Sustent\u00e1vel da Organiza\u00e7\u00e3o das Na\u00e7\u00f5es Unidas (ONU). O evento, organizado pela Sociedade [&hellip;]<\/p>\n","protected":false},"author":1,"featured_media":0,"comment_status":"closed","ping_status":"closed","sticky":false,"template":"","format":"standard","meta":{"_eb_attr":"","ocean_post_layout":"","ocean_both_sidebars_style":"","ocean_both_sidebars_content_width":0,"ocean_both_sidebars_sidebars_width":0,"ocean_sidebar":"","ocean_second_sidebar":"","ocean_disable_margins":"enable","ocean_add_body_class":"","ocean_shortcode_before_top_bar":"","ocean_shortcode_after_top_bar":"","ocean_shortcode_before_header":"","ocean_shortcode_after_header":"","ocean_has_shortcode":"","ocean_shortcode_after_title":"","ocean_shortcode_before_footer_widgets":"","ocean_shortcode_after_footer_widgets":"","ocean_shortcode_before_footer_bottom":"","ocean_shortcode_after_footer_bottom":"","ocean_display_top_bar":"default","ocean_display_header":"default","ocean_header_style":"","ocean_center_header_left_menu":"","ocean_custom_header_template":"","ocean_custom_logo":0,"ocean_custom_retina_logo":0,"ocean_custom_logo_max_width":0,"ocean_custom_logo_tablet_max_width":0,"ocean_custom_logo_mobile_max_width":0,"ocean_custom_logo_max_height":0,"ocean_custom_logo_tablet_max_height":0,"ocean_custom_logo_mobile_max_height":0,"ocean_header_custom_menu":"","ocean_menu_typo_font_family":"","ocean_menu_typo_font_subset":"","ocean_menu_typo_font_size":0,"ocean_menu_typo_font_size_tablet":0,"ocean_menu_typo_font_size_mobile":0,"ocean_menu_typo_font_size_unit":"px","ocean_menu_typo_font_weight":"","ocean_menu_typo_font_weight_tablet":"","ocean_menu_typo_font_weight_mobile":"","ocean_menu_typo_transform":"","ocean_menu_typo_transform_tablet":"","ocean_menu_typo_transform_mobile":"","ocean_menu_typo_line_height":0,"ocean_menu_typo_line_height_tablet":0,"ocean_menu_typo_line_height_mobile":0,"ocean_menu_typo_line_height_unit":"","ocean_menu_typo_spacing":0,"ocean_menu_typo_spacing_tablet":0,"ocean_menu_typo_spacing_mobile":0,"ocean_menu_typo_spacing_unit":"","ocean_menu_link_color":"","ocean_menu_link_color_hover":"","ocean_menu_link_color_active":"","ocean_menu_link_background":"","ocean_menu_link_hover_background":"","ocean_menu_link_active_background":"","ocean_menu_social_links_bg":"","ocean_menu_social_hover_links_bg":"","ocean_menu_social_links_color":"","ocean_menu_social_hover_links_color":"","ocean_disable_title":"default","ocean_disable_heading":"default","ocean_post_title":"","ocean_post_subheading":"","ocean_post_title_style":"","ocean_post_title_background_color":"","ocean_post_title_background":0,"ocean_post_title_bg_image_position":"","ocean_post_title_bg_image_attachment":"","ocean_post_title_bg_image_repeat":"","ocean_post_title_bg_image_size":"","ocean_post_title_height":0,"ocean_post_title_bg_overlay":0.5,"ocean_post_title_bg_overlay_color":"","ocean_disable_breadcrumbs":"default","ocean_breadcrumbs_color":"","ocean_breadcrumbs_separator_color":"","ocean_breadcrumbs_links_color":"","ocean_breadcrumbs_links_hover_color":"","ocean_display_footer_widgets":"default","ocean_display_footer_bottom":"default","ocean_custom_footer_template":"","ocean_post_oembed":"","ocean_post_self_hosted_media":"","ocean_post_video_embed":"","ocean_link_format":"","ocean_link_format_target":"self","ocean_quote_format":"","ocean_quote_format_link":"post","ocean_gallery_link_images":"off","ocean_gallery_id":[],"footnotes":""},"categories":[7,8],"tags":[],"class_list":["post-6291","post","type-post","status-publish","format-standard","hentry","category-informes-internos","category-noticias","entry"],"yoast_head":"<!-- This site is optimized with the Yoast SEO plugin v26.5 - https:\/\/yoast.com\/wordpress\/plugins\/seo\/ -->\n<title>Inscri\u00e7\u00f5es abertas paras o V Encontro de Gen\u00e9tica e Melhoramento de Plantas do Estado do Rio de Janeiro - UENF - Universidade Estadual do Norte Fluminense Darcy Ribeiro<\/title>\n<meta name=\"robots\" content=\"noindex, follow, max-snippet:-1, max-image-preview:large, max-video-preview:-1\" \/>\n<meta property=\"og:locale\" content=\"pt_BR\" \/>\n<meta property=\"og:type\" content=\"article\" \/>\n<meta property=\"og:title\" content=\"Inscri\u00e7\u00f5es abertas paras o V Encontro de Gen\u00e9tica e Melhoramento de Plantas do Estado do Rio de Janeiro - UENF - Universidade Estadual do Norte Fluminense Darcy Ribeiro\" \/>\n<meta property=\"og:description\" content=\"Ser\u00e1 realizado nos dias 23, 25 e 27 de novembro, \u00e0s 14 horas, o V Encontro de Gen\u00e9tica e Melhoramento de Plantas do Estado do Rio de Janeiro (EGMP) com o tema: O Compromisso do Melhoramento Gen\u00e9tico Vegetal com os Objetivos do Desenvolvimento Sustent\u00e1vel da Organiza\u00e7\u00e3o das Na\u00e7\u00f5es Unidas (ONU). O evento, organizado pela Sociedade [&hellip;]\" \/>\n<meta property=\"og:url\" content=\"https:\/\/portal1.uenf.br\/portal\/informes-internos\/inscricoes-abertas-paras-o-v-encontro-de-genetica-e-melhoramento-de-plantas-do-estado-do-rio-de-janeiro\/\" \/>\n<meta property=\"og:site_name\" content=\"UENF - Universidade Estadual do Norte Fluminense Darcy Ribeiro\" \/>\n<meta property=\"article:published_time\" content=\"2020-09-05T00:24:08+00:00\" \/>\n<meta name=\"author\" content=\"admin\" \/>\n<meta name=\"twitter:card\" content=\"summary_large_image\" \/>\n<meta name=\"twitter:label1\" content=\"Escrito por\" \/>\n\t<meta name=\"twitter:data1\" content=\"admin\" \/>\n\t<meta name=\"twitter:label2\" content=\"Est. tempo de leitura\" \/>\n\t<meta name=\"twitter:data2\" content=\"3 minutos\" \/>\n<script type=\"application\/ld+json\" class=\"yoast-schema-graph\">{\"@context\":\"https:\/\/schema.org\",\"@graph\":[{\"@type\":\"Article\",\"@id\":\"https:\/\/portal1.uenf.br\/portal\/informes-internos\/inscricoes-abertas-paras-o-v-encontro-de-genetica-e-melhoramento-de-plantas-do-estado-do-rio-de-janeiro\/#article\",\"isPartOf\":{\"@id\":\"https:\/\/portal1.uenf.br\/portal\/informes-internos\/inscricoes-abertas-paras-o-v-encontro-de-genetica-e-melhoramento-de-plantas-do-estado-do-rio-de-janeiro\/\"},\"author\":{\"name\":\"admin\",\"@id\":\"https:\/\/portal1.uenf.br\/portal\/#\/schema\/person\/068abbf03b6f8478c845bc8ded9270c7\"},\"headline\":\"Inscri\u00e7\u00f5es abertas paras o V Encontro de Gen\u00e9tica e Melhoramento de Plantas do Estado do Rio de Janeiro\",\"datePublished\":\"2020-09-05T00:24:08+00:00\",\"mainEntityOfPage\":{\"@id\":\"https:\/\/portal1.uenf.br\/portal\/informes-internos\/inscricoes-abertas-paras-o-v-encontro-de-genetica-e-melhoramento-de-plantas-do-estado-do-rio-de-janeiro\/\"},\"wordCount\":543,\"publisher\":{\"@id\":\"https:\/\/portal1.uenf.br\/portal\/#organization\"},\"articleSection\":[\"informes internos\",\"Not\u00edcias\"],\"inLanguage\":\"pt-BR\"},{\"@type\":\"WebPage\",\"@id\":\"https:\/\/portal1.uenf.br\/portal\/informes-internos\/inscricoes-abertas-paras-o-v-encontro-de-genetica-e-melhoramento-de-plantas-do-estado-do-rio-de-janeiro\/\",\"url\":\"https:\/\/portal1.uenf.br\/portal\/informes-internos\/inscricoes-abertas-paras-o-v-encontro-de-genetica-e-melhoramento-de-plantas-do-estado-do-rio-de-janeiro\/\",\"name\":\"Inscri\u00e7\u00f5es abertas paras o V Encontro de Gen\u00e9tica e Melhoramento de Plantas do Estado do Rio de Janeiro - UENF - Universidade Estadual do Norte Fluminense Darcy Ribeiro\",\"isPartOf\":{\"@id\":\"https:\/\/portal1.uenf.br\/portal\/#website\"},\"datePublished\":\"2020-09-05T00:24:08+00:00\",\"breadcrumb\":{\"@id\":\"https:\/\/portal1.uenf.br\/portal\/informes-internos\/inscricoes-abertas-paras-o-v-encontro-de-genetica-e-melhoramento-de-plantas-do-estado-do-rio-de-janeiro\/#breadcrumb\"},\"inLanguage\":\"pt-BR\",\"potentialAction\":[{\"@type\":\"ReadAction\",\"target\":[\"https:\/\/portal1.uenf.br\/portal\/informes-internos\/inscricoes-abertas-paras-o-v-encontro-de-genetica-e-melhoramento-de-plantas-do-estado-do-rio-de-janeiro\/\"]}]},{\"@type\":\"BreadcrumbList\",\"@id\":\"https:\/\/portal1.uenf.br\/portal\/informes-internos\/inscricoes-abertas-paras-o-v-encontro-de-genetica-e-melhoramento-de-plantas-do-estado-do-rio-de-janeiro\/#breadcrumb\",\"itemListElement\":[{\"@type\":\"ListItem\",\"position\":1,\"name\":\"In\u00edcio\",\"item\":\"https:\/\/portal1.uenf.br\/portal\/\"},{\"@type\":\"ListItem\",\"position\":2,\"name\":\"Inscri\u00e7\u00f5es abertas paras o V Encontro de Gen\u00e9tica e Melhoramento de Plantas do Estado do Rio de Janeiro\"}]},{\"@type\":\"WebSite\",\"@id\":\"https:\/\/portal1.uenf.br\/portal\/#website\",\"url\":\"https:\/\/portal1.uenf.br\/portal\/\",\"name\":\"UENF - Universidade Estadual do Norte Fluminense Darcy Ribeiro\",\"description\":\"\",\"publisher\":{\"@id\":\"https:\/\/portal1.uenf.br\/portal\/#organization\"},\"potentialAction\":[{\"@type\":\"SearchAction\",\"target\":{\"@type\":\"EntryPoint\",\"urlTemplate\":\"https:\/\/portal1.uenf.br\/portal\/?s={search_term_string}\"},\"query-input\":{\"@type\":\"PropertyValueSpecification\",\"valueRequired\":true,\"valueName\":\"search_term_string\"}}],\"inLanguage\":\"pt-BR\"},{\"@type\":\"Organization\",\"@id\":\"https:\/\/portal1.uenf.br\/portal\/#organization\",\"name\":\"UENF - Universidade Estadual do Norte Fluminense Darcy Ribeiro\",\"url\":\"https:\/\/portal1.uenf.br\/portal\/\",\"logo\":{\"@type\":\"ImageObject\",\"inLanguage\":\"pt-BR\",\"@id\":\"https:\/\/portal1.uenf.br\/portal\/#\/schema\/logo\/image\/\",\"url\":\"https:\/\/portal1.uenf.br\/portal\/wp-content\/uploads\/2018\/06\/logo-uenf-invertido-1.png\",\"contentUrl\":\"https:\/\/portal1.uenf.br\/portal\/wp-content\/uploads\/2018\/06\/logo-uenf-invertido-1.png\",\"width\":482,\"height\":83,\"caption\":\"UENF - Universidade Estadual do Norte Fluminense Darcy Ribeiro\"},\"image\":{\"@id\":\"https:\/\/portal1.uenf.br\/portal\/#\/schema\/logo\/image\/\"}},{\"@type\":\"Person\",\"@id\":\"https:\/\/portal1.uenf.br\/portal\/#\/schema\/person\/068abbf03b6f8478c845bc8ded9270c7\",\"name\":\"admin\",\"image\":{\"@type\":\"ImageObject\",\"inLanguage\":\"pt-BR\",\"@id\":\"https:\/\/portal1.uenf.br\/portal\/#\/schema\/person\/image\/\",\"url\":\"https:\/\/secure.gravatar.com\/avatar\/e5ecf9e4fae0742f4b136f518195bafa7b2d3f7c709f4bdc6707588ef68a6e25?s=96&d=mm&r=g\",\"contentUrl\":\"https:\/\/secure.gravatar.com\/avatar\/e5ecf9e4fae0742f4b136f518195bafa7b2d3f7c709f4bdc6707588ef68a6e25?s=96&d=mm&r=g\",\"caption\":\"admin\"},\"sameAs\":[\"https:\/\/portal1.uenf.br\/portal\"],\"url\":\"https:\/\/portal1.uenf.br\/portal\/author\/edson\/\"}]}<\/script>\n<!-- \/ Yoast SEO plugin. -->","yoast_head_json":{"title":"Inscri\u00e7\u00f5es abertas paras o V Encontro de Gen\u00e9tica e Melhoramento de Plantas do Estado do Rio de Janeiro - UENF - Universidade Estadual do Norte Fluminense Darcy Ribeiro","robots":{"index":"noindex","follow":"follow","max-snippet":"max-snippet:-1","max-image-preview":"max-image-preview:large","max-video-preview":"max-video-preview:-1"},"og_locale":"pt_BR","og_type":"article","og_title":"Inscri\u00e7\u00f5es abertas paras o V Encontro de Gen\u00e9tica e Melhoramento de Plantas do Estado do Rio de Janeiro - UENF - Universidade Estadual do Norte Fluminense Darcy Ribeiro","og_description":"Ser\u00e1 realizado nos dias 23, 25 e 27 de novembro, \u00e0s 14 horas, o V Encontro de Gen\u00e9tica e Melhoramento de Plantas do Estado do Rio de Janeiro (EGMP) com o tema: O Compromisso do Melhoramento Gen\u00e9tico Vegetal com os Objetivos do Desenvolvimento Sustent\u00e1vel da Organiza\u00e7\u00e3o das Na\u00e7\u00f5es Unidas (ONU). O evento, organizado pela Sociedade [&hellip;]","og_url":"https:\/\/portal1.uenf.br\/portal\/informes-internos\/inscricoes-abertas-paras-o-v-encontro-de-genetica-e-melhoramento-de-plantas-do-estado-do-rio-de-janeiro\/","og_site_name":"UENF - Universidade Estadual do Norte Fluminense Darcy Ribeiro","article_published_time":"2020-09-05T00:24:08+00:00","author":"admin","twitter_card":"summary_large_image","twitter_misc":{"Escrito por":"admin","Est. tempo de leitura":"3 minutos"},"schema":{"@context":"https:\/\/schema.org","@graph":[{"@type":"Article","@id":"https:\/\/portal1.uenf.br\/portal\/informes-internos\/inscricoes-abertas-paras-o-v-encontro-de-genetica-e-melhoramento-de-plantas-do-estado-do-rio-de-janeiro\/#article","isPartOf":{"@id":"https:\/\/portal1.uenf.br\/portal\/informes-internos\/inscricoes-abertas-paras-o-v-encontro-de-genetica-e-melhoramento-de-plantas-do-estado-do-rio-de-janeiro\/"},"author":{"name":"admin","@id":"https:\/\/portal1.uenf.br\/portal\/#\/schema\/person\/068abbf03b6f8478c845bc8ded9270c7"},"headline":"Inscri\u00e7\u00f5es abertas paras o V Encontro de Gen\u00e9tica e Melhoramento de Plantas do Estado do Rio de Janeiro","datePublished":"2020-09-05T00:24:08+00:00","mainEntityOfPage":{"@id":"https:\/\/portal1.uenf.br\/portal\/informes-internos\/inscricoes-abertas-paras-o-v-encontro-de-genetica-e-melhoramento-de-plantas-do-estado-do-rio-de-janeiro\/"},"wordCount":543,"publisher":{"@id":"https:\/\/portal1.uenf.br\/portal\/#organization"},"articleSection":["informes internos","Not\u00edcias"],"inLanguage":"pt-BR"},{"@type":"WebPage","@id":"https:\/\/portal1.uenf.br\/portal\/informes-internos\/inscricoes-abertas-paras-o-v-encontro-de-genetica-e-melhoramento-de-plantas-do-estado-do-rio-de-janeiro\/","url":"https:\/\/portal1.uenf.br\/portal\/informes-internos\/inscricoes-abertas-paras-o-v-encontro-de-genetica-e-melhoramento-de-plantas-do-estado-do-rio-de-janeiro\/","name":"Inscri\u00e7\u00f5es abertas paras o V Encontro de Gen\u00e9tica e Melhoramento de Plantas do Estado do Rio de Janeiro - UENF - Universidade Estadual do Norte Fluminense Darcy Ribeiro","isPartOf":{"@id":"https:\/\/portal1.uenf.br\/portal\/#website"},"datePublished":"2020-09-05T00:24:08+00:00","breadcrumb":{"@id":"https:\/\/portal1.uenf.br\/portal\/informes-internos\/inscricoes-abertas-paras-o-v-encontro-de-genetica-e-melhoramento-de-plantas-do-estado-do-rio-de-janeiro\/#breadcrumb"},"inLanguage":"pt-BR","potentialAction":[{"@type":"ReadAction","target":["https:\/\/portal1.uenf.br\/portal\/informes-internos\/inscricoes-abertas-paras-o-v-encontro-de-genetica-e-melhoramento-de-plantas-do-estado-do-rio-de-janeiro\/"]}]},{"@type":"BreadcrumbList","@id":"https:\/\/portal1.uenf.br\/portal\/informes-internos\/inscricoes-abertas-paras-o-v-encontro-de-genetica-e-melhoramento-de-plantas-do-estado-do-rio-de-janeiro\/#breadcrumb","itemListElement":[{"@type":"ListItem","position":1,"name":"In\u00edcio","item":"https:\/\/portal1.uenf.br\/portal\/"},{"@type":"ListItem","position":2,"name":"Inscri\u00e7\u00f5es abertas paras o V Encontro de Gen\u00e9tica e Melhoramento de Plantas do Estado do Rio de Janeiro"}]},{"@type":"WebSite","@id":"https:\/\/portal1.uenf.br\/portal\/#website","url":"https:\/\/portal1.uenf.br\/portal\/","name":"UENF - Universidade Estadual do Norte Fluminense Darcy Ribeiro","description":"","publisher":{"@id":"https:\/\/portal1.uenf.br\/portal\/#organization"},"potentialAction":[{"@type":"SearchAction","target":{"@type":"EntryPoint","urlTemplate":"https:\/\/portal1.uenf.br\/portal\/?s={search_term_string}"},"query-input":{"@type":"PropertyValueSpecification","valueRequired":true,"valueName":"search_term_string"}}],"inLanguage":"pt-BR"},{"@type":"Organization","@id":"https:\/\/portal1.uenf.br\/portal\/#organization","name":"UENF - Universidade Estadual do Norte Fluminense Darcy Ribeiro","url":"https:\/\/portal1.uenf.br\/portal\/","logo":{"@type":"ImageObject","inLanguage":"pt-BR","@id":"https:\/\/portal1.uenf.br\/portal\/#\/schema\/logo\/image\/","url":"https:\/\/portal1.uenf.br\/portal\/wp-content\/uploads\/2018\/06\/logo-uenf-invertido-1.png","contentUrl":"https:\/\/portal1.uenf.br\/portal\/wp-content\/uploads\/2018\/06\/logo-uenf-invertido-1.png","width":482,"height":83,"caption":"UENF - Universidade Estadual do Norte Fluminense Darcy Ribeiro"},"image":{"@id":"https:\/\/portal1.uenf.br\/portal\/#\/schema\/logo\/image\/"}},{"@type":"Person","@id":"https:\/\/portal1.uenf.br\/portal\/#\/schema\/person\/068abbf03b6f8478c845bc8ded9270c7","name":"admin","image":{"@type":"ImageObject","inLanguage":"pt-BR","@id":"https:\/\/portal1.uenf.br\/portal\/#\/schema\/person\/image\/","url":"https:\/\/secure.gravatar.com\/avatar\/e5ecf9e4fae0742f4b136f518195bafa7b2d3f7c709f4bdc6707588ef68a6e25?s=96&d=mm&r=g","contentUrl":"https:\/\/secure.gravatar.com\/avatar\/e5ecf9e4fae0742f4b136f518195bafa7b2d3f7c709f4bdc6707588ef68a6e25?s=96&d=mm&r=g","caption":"admin"},"sameAs":["https:\/\/portal1.uenf.br\/portal"],"url":"https:\/\/portal1.uenf.br\/portal\/author\/edson\/"}]}},"_links":{"self":[{"href":"https:\/\/portal1.uenf.br\/portal\/wp-json\/wp\/v2\/posts\/6291","targetHints":{"allow":["GET"]}}],"collection":[{"href":"https:\/\/portal1.uenf.br\/portal\/wp-json\/wp\/v2\/posts"}],"about":[{"href":"https:\/\/portal1.uenf.br\/portal\/wp-json\/wp\/v2\/types\/post"}],"author":[{"embeddable":true,"href":"https:\/\/portal1.uenf.br\/portal\/wp-json\/wp\/v2\/users\/1"}],"replies":[{"embeddable":true,"href":"https:\/\/portal1.uenf.br\/portal\/wp-json\/wp\/v2\/comments?post=6291"}],"version-history":[{"count":0,"href":"https:\/\/portal1.uenf.br\/portal\/wp-json\/wp\/v2\/posts\/6291\/revisions"}],"wp:attachment":[{"href":"https:\/\/portal1.uenf.br\/portal\/wp-json\/wp\/v2\/media?parent=6291"}],"wp:term":[{"taxonomy":"category","embeddable":true,"href":"https:\/\/portal1.uenf.br\/portal\/wp-json\/wp\/v2\/categories?post=6291"},{"taxonomy":"post_tag","embeddable":true,"href":"https:\/\/portal1.uenf.br\/portal\/wp-json\/wp\/v2\/tags?post=6291"}],"curies":[{"name":"wp","href":"https:\/\/api.w.org\/{rel}","templated":true}]}}