{"id":6002,"date":"2020-07-24T20:18:28","date_gmt":"2020-07-24T23:18:28","guid":{"rendered":"https:\/\/uenf.br\/portal\/?p=6002"},"modified":"2020-07-24T20:18:28","modified_gmt":"2020-07-24T23:18:28","slug":"entrevista-com-o-professor-milton-kanashiro","status":"publish","type":"post","link":"https:\/\/portal1.uenf.br\/portal\/noticias\/entrevista-com-o-professor-milton-kanashiro\/","title":{"rendered":"&#8220;Flexibiliza\u00e7\u00e3o do isolamento social&#8221;- entrevista com o professor Milton Kanashiro"},"content":{"rendered":"\n<div class=\"wp-block-image\"><figure class=\"aligncenter size-large is-resized\"><img fetchpriority=\"high\" decoding=\"async\" src=\"https:\/\/uenf.br\/portal\/wp-content\/uploads\/2020\/07\/Captura-de-Tela-2020-07-24-a\u0300s-19.38.31-1024x615.jpg\" alt=\"\" class=\"wp-image-6003\" width=\"494\" height=\"296\"\/><figcaption>Prof. Milton Kanashiro, Laborat\u00f3rio de Biologia do Reconhecer CBB\/UENF<\/figcaption><\/figure><\/div>\n\n\n\n<p><\/p>\n\n\n\n<p>Passados 150 dias ap\u00f3s a notifica\u00e7\u00e3o do primeiro caso da COVID-19 no Brasil, ocorrido em S\u00e3o Paulo, no final de fevereiro, ainda convivemos com muitas incertezas sobre o coronavirus. A demora das autoridades brasileiras em tomar medidas de enfrentamento, mesmo com casos registrados ao redor do mundo, e a inexist\u00eancia de uma pol\u00edtica nacional de combate a pandemia fez com que governadores e prefeitos assumissem o protagonismo na luta contra a dissemina\u00e7\u00e3o do coronavirus. Atualmente, impactados pela crise econ\u00f4mica, que atinge diretamente \u00e0s classes trabalhadoras, muitos estados e munic\u00edpios iniciaram um processo de flexibiliza\u00e7\u00e3o do isolamento social, liberando o retorno \u00e0s atividades de diversos segmentos da cadeia produtiva e, neste momento, alguns estados e munic\u00edpios discutem o retorno \u00e0s atividades educacionais.<\/p>\n\n\n\n<p>Para falar sobre esse tema, a ASCOM\/UENF entrevistou o Prof. Milton Kanashiro, especialista em imunologia do Laborat\u00f3rio de Biologia do Reconhecer, do Centro de Bioci\u00eancias e Biotecnologia da UENF, um dos respons\u00e1veis pela implanta\u00e7\u00e3o do Laborat\u00f3rio de Refer\u00eancia Regional de diagn\u00f3sticos da COVID-19 em Campos. Na pauta a flexibiliza\u00e7\u00e3o das medidas de distanciamento social, possibilidade do retorno \u00e0s atividades acad\u00eamicas, vacinas e pol\u00edticas p\u00fablicas de combate a pandemia.<\/p>\n\n\n\n<p><strong>ASCOM &#8211;<\/strong> Alguns munic\u00edpios do estado do Rio de\nJaneiro est\u00e3o flexibilizando o distanciamento social, como podemos avaliar as\ncondi\u00e7\u00f5es de Campos perante essa flexibiliza\u00e7\u00e3o e quais s\u00e3o os aspectos que\ndevem ser levados em conta para que a flexibiliza\u00e7\u00e3o ocorra sem riscos para a\npopula\u00e7\u00e3o.<\/p>\n\n\n\n<p><strong>MILTON KANASHIRO &#8211;<\/strong> \u00c9 preciso muita cutela para o retorno parcial as atividades permitidas com a flexibiliza\u00e7\u00e3o. A observa\u00e7\u00e3o dos novos casos, \u00f3bitos e disponibilidade de leitos hospitalares s\u00e3o alguns dos principais indicadores que devem ser considerados. A observa\u00e7\u00e3o da m\u00e9dia m\u00f3vel de novos casos <strong><a href=\"https:\/\/uenf.br\/portal\/wp-content\/uploads\/2020\/07\/Captura-de-Tela-2020-07-24-a\u0300s-21.05.26.png\">(AQUI)<\/a><\/strong> e \u00f3bitos por COVID-19 <strong><a href=\"https:\/\/uenf.br\/portal\/wp-content\/uploads\/2020\/07\/Captura-de-Tela-2020-07-24-a\u0300s-21.05.39.png\">(AQUI)<\/a><\/strong> em Campos sugere uma estabilidade com tend\u00eancia a diminui\u00e7\u00e3o (gr\u00e1ficos com base nos dados divulgados diariamente pela SMS*). Entretanto, no \u00faltimo boletim epidemiol\u00f3gico n\u00ba14 da SMS <strong><a href=\"https:\/\/uenf.br\/portal\/wp-content\/uploads\/2020\/07\/InformeEpidemologicoCampos1407.pdf\">(AQUI)<\/a><\/strong> mostra uma queda consistente no n\u00famero de \u00f3bitos no m\u00eas de Julho, esta informa\u00e7\u00e3o se baseia na data de ocorr\u00eancia do \u00f3bito. <\/p>\n\n\n\n<p>* dados divulgados com base nos diagn\u00f3sticos liberados no dia<\/p>\n\n\n\n<p><strong>ASCOM &#8211;<\/strong> Junto com a flexibiliza\u00e7\u00e3o do\ndistanciamento social, temos acompanhado tamb\u00e9m o desmonte dos hospitais de\ncampanha e uma desmobiliza\u00e7\u00e3o da aplica\u00e7\u00e3o dos recursos da sa\u00fade destinados ao\ncombate a pandemia. Realmente estamos em um processo de diminui\u00e7\u00e3o de casos e\n\u00f3bitos, \u00e9 poss\u00edvel fazer uma an\u00e1lise sobre a pandemia em Campos, mediante os\ndados fornecidos pela Secretaria de Sa\u00fade, e uma proje\u00e7\u00e3o para um futuro\npr\u00f3ximo?<\/p>\n\n\n\n<p><strong>MILTON\nKANASHIRO<\/strong> &#8211; A an\u00e1lise\ndas curvas epidemiol\u00f3gicas sugerem estabilidade com tend\u00eancia a diminui\u00e7\u00e3o da\nCOVID-19, indicando um arrefecimento da doen\u00e7a na cidade, entretanto, \u00e9 muito\nimportante ressaltar que \u00e9 fundamental import\u00e2ncia continuar com todas as\nmedidas de prote\u00e7\u00e3o individual (uso de m\u00e1scaras, uso do \u00e1lcool a 70%, lavagem\ndas m\u00e3os, distanciamento entre pessoas, etc..) para que n\u00e3o haja o retorno do\naumento do n\u00famero de novos casos. Dessa forma, a flexibiliza\u00e7\u00e3o cautelosa\nassociada a observa\u00e7\u00e3o das curvas da doen\u00e7a na cidade poder\u00e1 ser poss\u00edvel o\nretorno parcial das atividades comerciais, sociais e outras at\u00e9 a\ndisponibiliza\u00e7\u00e3o de uma vacina.&nbsp; &nbsp;<\/p>\n\n\n\n<p><strong>ASCOM <\/strong>&#8211; No \u00faltimo dia 17 de julho, dez institui\u00e7\u00f5es de ensino superior do estado do Rio de Janeiro assinaram uma nota conjunta <strong><a href=\"https:\/\/uenf.br\/portal\/wp-content\/uploads\/2020\/07\/Nota-retomada-das-atividades-na-pandemia_Comissa\u0303o-Universidades-RJ_julho_2020-2.pdf\">(AQUI)<\/a><\/strong> sobre o retorno \u00e0s atividades acad\u00eamicas durante a pandemia da COVID-19. No seu entender como deve ser feito esse retorno \u00e0s atividades presenciais nas unidades escolares e em que momento ele deve ser feito.<\/p>\n\n\n\n<p><strong>MILTON\nKANASHIRO<\/strong> &#8211; O retorno\n\u00e0s atividades presenciais irrestrito nas institui\u00e7\u00f5es de ensino e outros\nambientes s\u00f3 deve acontecer com a disponibiliza\u00e7\u00e3o de vacina e a imuniza\u00e7\u00e3o da\npopula\u00e7\u00e3o. As institui\u00e7\u00f5es de ensino est\u00e3o planejando o retorno das atividades\nde ensino na forma remota, entretanto, com o acompanhamento das curvas\nepidemiol\u00f3gicas da COVID-19, talvez seja poss\u00edvel o retorno parcial de algumas\natividades presenciais de ensino a partir do segundo semestre. E neste caso,\ndeve tomar todas as medidas sanit\u00e1rias de infraestrutura e insumos no sentido\nde prote\u00e7\u00e3o individual. Al\u00e9m das medidas para identificar os poss\u00edveis doentes.&nbsp; <\/p>\n\n\n\n<p><strong>ASCOM &#8211;<\/strong> Existem v\u00e1rias vacinas em testes\nnesse per\u00edodo, qual \u00e9 o procedimento padr\u00e3o para que uma vacina seja testada em\nseres humanos, \u00e9 prematuro afirmar que alguma dessas vacinas que est\u00e3o sendo testadas realmente tem efic\u00e1cia?<\/p>\n\n\n\n<p><strong>MILTON\nKANASHIRO &#8211;<\/strong> A efic\u00e1cia vai ser avaliada na\nfase III. De forma geral na fase pr\u00e9-cl\u00ednica s\u00e3o feitos ensaios <em>in vitro<\/em> e <em>in vivo<\/em> em animais. Na fase&nbsp;I, realizada em um pequeno grupo\nde volunt\u00e1rios&nbsp;onde procura-se avaliar a seguran\u00e7a, rela\u00e7\u00e3o dose e\nresposta imune induzida pela vacina e outros par\u00e2metros. Na&nbsp;fase II, com a\ninclus\u00e3o de um n\u00famero maior de volunt\u00e1rios, continua-se avaliando a seguran\u00e7a\nda vacina, mas tamb\u00e9m a imunogenicidade e a dose da vacina. Na&nbsp;fase III, a\nvacina \u00e9 administrada em um grande n\u00famero de volunt\u00e1rios, normalmente milhares\nde pessoas, para se avaliar a efic\u00e1cia e a seguran\u00e7a da vacina. Nesta fase de\navalia\u00e7\u00e3o, dentre os v\u00e1rios par\u00e2metros estudados, \u00e9 analisado se a vacina \u00e9\ncapaz de induzir uma resposta imune protetora nos indiv\u00edduos vacinados e as poss\u00edveis\nrea\u00e7\u00f5es adversas decorrentes do uso da vacina.&nbsp;Quando a vacina \u00e9 aprovada\ne liberada para utiliza\u00e7\u00e3o na popula\u00e7\u00e3o \u00e9 avaliada o tempo de dura\u00e7\u00e3o da\nimunidade, efeitos adversos raros, etc&#8230; esta \u00e9 a fase IV. <\/p>\n\n\n\n<p><strong>ASCOM &#8211;<\/strong> Como voc\u00ea avalia as pol\u00edticas p\u00fablicas\nimplantadas no combate a pandemia no \u00e2mbito nacional e suas consequ\u00eancias nos\nestados e munic\u00edpios?<\/p>\n\n\n\n<p><strong>MILTON\nKANASHIRO &#8211;<\/strong> A falta\nde uma pol\u00edtica nacional de combate \u00e0 pandemia resulta em um grande descompasso\nde a\u00e7\u00f5es nos n\u00edveis estaduais e municipais que se traduz na dificuldade de presta\u00e7\u00e3o\nde um servi\u00e7o de qualidade a popula\u00e7\u00e3o nas unidades de atendimento hospitalar. Associa-se\na isso a gest\u00e3o ineficiente dos recursos federais destinados ao combate da\npandemia e a proposi\u00e7\u00e3o de protocolos equivocados de tratamento sem embasamento\ncient\u00edfico, como por exemplo o uso da hidroxicloroquina.&nbsp; A caracter\u00edstica continental do Brasil necessita\nde uma coordena\u00e7\u00e3o estruturada orientando a a\u00e7\u00e3o nas diferentes regi\u00f5es que\nvivem momentos diferentes da pandemia. Existem diversos protocolos de\ntratamento da COVID-19 sendo executados em diferentes unidades de atendimento, cabe\nao minist\u00e9rio da sa\u00fade a coleta de informa\u00e7\u00e3o, a an\u00e1lise e padroniza\u00e7\u00e3o dos\nmelhores protocolos e o estabelecimento de procedimentos mais padronizados,\nbaseados em estudos cient\u00edficos. Os pa\u00edses que tiveram uma gest\u00e3o estruturada e\norganizada da pandemia tiveram os menores \u00edndices de mortalidade causada pela\nCOVID-19. &nbsp;&nbsp;<\/p>\n","protected":false},"excerpt":{"rendered":"<p>Passados 150 dias ap\u00f3s a notifica\u00e7\u00e3o do primeiro caso da COVID-19 no Brasil, ocorrido em S\u00e3o Paulo, no final de fevereiro, ainda convivemos com muitas incertezas sobre o coronavirus. A demora das autoridades brasileiras em tomar medidas de enfrentamento, mesmo com casos registrados ao redor do mundo, e a inexist\u00eancia de uma pol\u00edtica nacional de [&hellip;]<\/p>\n","protected":false},"author":1,"featured_media":0,"comment_status":"closed","ping_status":"closed","sticky":false,"template":"","format":"standard","meta":{"_eb_attr":"","ocean_post_layout":"","ocean_both_sidebars_style":"","ocean_both_sidebars_content_width":0,"ocean_both_sidebars_sidebars_width":0,"ocean_sidebar":"","ocean_second_sidebar":"","ocean_disable_margins":"enable","ocean_add_body_class":"","ocean_shortcode_before_top_bar":"","ocean_shortcode_after_top_bar":"","ocean_shortcode_before_header":"","ocean_shortcode_after_header":"","ocean_has_shortcode":"","ocean_shortcode_after_title":"","ocean_shortcode_before_footer_widgets":"","ocean_shortcode_after_footer_widgets":"","ocean_shortcode_before_footer_bottom":"","ocean_shortcode_after_footer_bottom":"","ocean_display_top_bar":"default","ocean_display_header":"default","ocean_header_style":"","ocean_center_header_left_menu":"","ocean_custom_header_template":"","ocean_custom_logo":0,"ocean_custom_retina_logo":0,"ocean_custom_logo_max_width":0,"ocean_custom_logo_tablet_max_width":0,"ocean_custom_logo_mobile_max_width":0,"ocean_custom_logo_max_height":0,"ocean_custom_logo_tablet_max_height":0,"ocean_custom_logo_mobile_max_height":0,"ocean_header_custom_menu":"","ocean_menu_typo_font_family":"","ocean_menu_typo_font_subset":"","ocean_menu_typo_font_size":0,"ocean_menu_typo_font_size_tablet":0,"ocean_menu_typo_font_size_mobile":0,"ocean_menu_typo_font_size_unit":"px","ocean_menu_typo_font_weight":"","ocean_menu_typo_font_weight_tablet":"","ocean_menu_typo_font_weight_mobile":"","ocean_menu_typo_transform":"","ocean_menu_typo_transform_tablet":"","ocean_menu_typo_transform_mobile":"","ocean_menu_typo_line_height":0,"ocean_menu_typo_line_height_tablet":0,"ocean_menu_typo_line_height_mobile":0,"ocean_menu_typo_line_height_unit":"","ocean_menu_typo_spacing":0,"ocean_menu_typo_spacing_tablet":0,"ocean_menu_typo_spacing_mobile":0,"ocean_menu_typo_spacing_unit":"","ocean_menu_link_color":"","ocean_menu_link_color_hover":"","ocean_menu_link_color_active":"","ocean_menu_link_background":"","ocean_menu_link_hover_background":"","ocean_menu_link_active_background":"","ocean_menu_social_links_bg":"","ocean_menu_social_hover_links_bg":"","ocean_menu_social_links_color":"","ocean_menu_social_hover_links_color":"","ocean_disable_title":"default","ocean_disable_heading":"default","ocean_post_title":"","ocean_post_subheading":"","ocean_post_title_style":"","ocean_post_title_background_color":"","ocean_post_title_background":0,"ocean_post_title_bg_image_position":"","ocean_post_title_bg_image_attachment":"","ocean_post_title_bg_image_repeat":"","ocean_post_title_bg_image_size":"","ocean_post_title_height":0,"ocean_post_title_bg_overlay":0.5,"ocean_post_title_bg_overlay_color":"","ocean_disable_breadcrumbs":"default","ocean_breadcrumbs_color":"","ocean_breadcrumbs_separator_color":"","ocean_breadcrumbs_links_color":"","ocean_breadcrumbs_links_hover_color":"","ocean_display_footer_widgets":"default","ocean_display_footer_bottom":"default","ocean_custom_footer_template":"","ocean_post_oembed":"","ocean_post_self_hosted_media":"","ocean_post_video_embed":"","ocean_link_format":"","ocean_link_format_target":"self","ocean_quote_format":"","ocean_quote_format_link":"post","ocean_gallery_link_images":"off","ocean_gallery_id":[6010,6011,6011,6013,6025,6029,6032,6031],"footnotes":""},"categories":[8],"tags":[],"class_list":["post-6002","post","type-post","status-publish","format-standard","hentry","category-noticias","entry"],"yoast_head":"<!-- This site is optimized with the Yoast SEO plugin v26.5 - https:\/\/yoast.com\/wordpress\/plugins\/seo\/ -->\n<title>&quot;Flexibiliza\u00e7\u00e3o do isolamento social&quot;- entrevista com o professor Milton Kanashiro - UENF - Universidade Estadual do Norte Fluminense Darcy Ribeiro<\/title>\n<meta name=\"robots\" content=\"noindex, follow, max-snippet:-1, max-image-preview:large, max-video-preview:-1\" \/>\n<meta property=\"og:locale\" content=\"pt_BR\" \/>\n<meta property=\"og:type\" content=\"article\" \/>\n<meta property=\"og:title\" content=\"&quot;Flexibiliza\u00e7\u00e3o do isolamento social&quot;- entrevista com o professor Milton Kanashiro - UENF - Universidade Estadual do Norte Fluminense Darcy Ribeiro\" \/>\n<meta property=\"og:description\" content=\"Passados 150 dias ap\u00f3s a notifica\u00e7\u00e3o do primeiro caso da COVID-19 no Brasil, ocorrido em S\u00e3o Paulo, no final de fevereiro, ainda convivemos com muitas incertezas sobre o coronavirus. A demora das autoridades brasileiras em tomar medidas de enfrentamento, mesmo com casos registrados ao redor do mundo, e a inexist\u00eancia de uma pol\u00edtica nacional de [&hellip;]\" \/>\n<meta property=\"og:url\" content=\"https:\/\/portal1.uenf.br\/portal\/noticias\/entrevista-com-o-professor-milton-kanashiro\/\" \/>\n<meta property=\"og:site_name\" content=\"UENF - Universidade Estadual do Norte Fluminense Darcy Ribeiro\" \/>\n<meta property=\"article:published_time\" content=\"2020-07-24T23:18:28+00:00\" \/>\n<meta name=\"author\" content=\"admin\" \/>\n<meta name=\"twitter:card\" content=\"summary_large_image\" \/>\n<meta name=\"twitter:label1\" content=\"Escrito por\" \/>\n\t<meta name=\"twitter:data1\" content=\"admin\" \/>\n\t<meta name=\"twitter:label2\" content=\"Est. tempo de leitura\" \/>\n\t<meta name=\"twitter:data2\" content=\"6 minutos\" \/>\n<script type=\"application\/ld+json\" class=\"yoast-schema-graph\">{\"@context\":\"https:\/\/schema.org\",\"@graph\":[{\"@type\":\"Article\",\"@id\":\"https:\/\/portal1.uenf.br\/portal\/noticias\/entrevista-com-o-professor-milton-kanashiro\/#article\",\"isPartOf\":{\"@id\":\"https:\/\/portal1.uenf.br\/portal\/noticias\/entrevista-com-o-professor-milton-kanashiro\/\"},\"author\":{\"name\":\"admin\",\"@id\":\"https:\/\/portal1.uenf.br\/portal\/#\/schema\/person\/068abbf03b6f8478c845bc8ded9270c7\"},\"headline\":\"&#8220;Flexibiliza\u00e7\u00e3o do isolamento social&#8221;- entrevista com o professor Milton Kanashiro\",\"datePublished\":\"2020-07-24T23:18:28+00:00\",\"mainEntityOfPage\":{\"@id\":\"https:\/\/portal1.uenf.br\/portal\/noticias\/entrevista-com-o-professor-milton-kanashiro\/\"},\"wordCount\":1214,\"publisher\":{\"@id\":\"https:\/\/portal1.uenf.br\/portal\/#organization\"},\"articleSection\":[\"Not\u00edcias\"],\"inLanguage\":\"pt-BR\"},{\"@type\":\"WebPage\",\"@id\":\"https:\/\/portal1.uenf.br\/portal\/noticias\/entrevista-com-o-professor-milton-kanashiro\/\",\"url\":\"https:\/\/portal1.uenf.br\/portal\/noticias\/entrevista-com-o-professor-milton-kanashiro\/\",\"name\":\"\\\"Flexibiliza\u00e7\u00e3o do isolamento social\\\"- entrevista com o professor Milton Kanashiro - UENF - Universidade Estadual do Norte Fluminense Darcy Ribeiro\",\"isPartOf\":{\"@id\":\"https:\/\/portal1.uenf.br\/portal\/#website\"},\"datePublished\":\"2020-07-24T23:18:28+00:00\",\"breadcrumb\":{\"@id\":\"https:\/\/portal1.uenf.br\/portal\/noticias\/entrevista-com-o-professor-milton-kanashiro\/#breadcrumb\"},\"inLanguage\":\"pt-BR\",\"potentialAction\":[{\"@type\":\"ReadAction\",\"target\":[\"https:\/\/portal1.uenf.br\/portal\/noticias\/entrevista-com-o-professor-milton-kanashiro\/\"]}]},{\"@type\":\"BreadcrumbList\",\"@id\":\"https:\/\/portal1.uenf.br\/portal\/noticias\/entrevista-com-o-professor-milton-kanashiro\/#breadcrumb\",\"itemListElement\":[{\"@type\":\"ListItem\",\"position\":1,\"name\":\"In\u00edcio\",\"item\":\"https:\/\/portal1.uenf.br\/portal\/\"},{\"@type\":\"ListItem\",\"position\":2,\"name\":\"&#8220;Flexibiliza\u00e7\u00e3o do isolamento social&#8221;- entrevista com o professor Milton Kanashiro\"}]},{\"@type\":\"WebSite\",\"@id\":\"https:\/\/portal1.uenf.br\/portal\/#website\",\"url\":\"https:\/\/portal1.uenf.br\/portal\/\",\"name\":\"UENF - Universidade Estadual do Norte Fluminense Darcy Ribeiro\",\"description\":\"\",\"publisher\":{\"@id\":\"https:\/\/portal1.uenf.br\/portal\/#organization\"},\"potentialAction\":[{\"@type\":\"SearchAction\",\"target\":{\"@type\":\"EntryPoint\",\"urlTemplate\":\"https:\/\/portal1.uenf.br\/portal\/?s={search_term_string}\"},\"query-input\":{\"@type\":\"PropertyValueSpecification\",\"valueRequired\":true,\"valueName\":\"search_term_string\"}}],\"inLanguage\":\"pt-BR\"},{\"@type\":\"Organization\",\"@id\":\"https:\/\/portal1.uenf.br\/portal\/#organization\",\"name\":\"UENF - Universidade Estadual do Norte Fluminense Darcy Ribeiro\",\"url\":\"https:\/\/portal1.uenf.br\/portal\/\",\"logo\":{\"@type\":\"ImageObject\",\"inLanguage\":\"pt-BR\",\"@id\":\"https:\/\/portal1.uenf.br\/portal\/#\/schema\/logo\/image\/\",\"url\":\"https:\/\/portal1.uenf.br\/portal\/wp-content\/uploads\/2018\/06\/logo-uenf-invertido-1.png\",\"contentUrl\":\"https:\/\/portal1.uenf.br\/portal\/wp-content\/uploads\/2018\/06\/logo-uenf-invertido-1.png\",\"width\":482,\"height\":83,\"caption\":\"UENF - Universidade Estadual do Norte Fluminense Darcy Ribeiro\"},\"image\":{\"@id\":\"https:\/\/portal1.uenf.br\/portal\/#\/schema\/logo\/image\/\"}},{\"@type\":\"Person\",\"@id\":\"https:\/\/portal1.uenf.br\/portal\/#\/schema\/person\/068abbf03b6f8478c845bc8ded9270c7\",\"name\":\"admin\",\"image\":{\"@type\":\"ImageObject\",\"inLanguage\":\"pt-BR\",\"@id\":\"https:\/\/portal1.uenf.br\/portal\/#\/schema\/person\/image\/\",\"url\":\"https:\/\/secure.gravatar.com\/avatar\/e5ecf9e4fae0742f4b136f518195bafa7b2d3f7c709f4bdc6707588ef68a6e25?s=96&d=mm&r=g\",\"contentUrl\":\"https:\/\/secure.gravatar.com\/avatar\/e5ecf9e4fae0742f4b136f518195bafa7b2d3f7c709f4bdc6707588ef68a6e25?s=96&d=mm&r=g\",\"caption\":\"admin\"},\"sameAs\":[\"https:\/\/portal1.uenf.br\/portal\"],\"url\":\"https:\/\/portal1.uenf.br\/portal\/author\/edson\/\"}]}<\/script>\n<!-- \/ Yoast SEO plugin. -->","yoast_head_json":{"title":"\"Flexibiliza\u00e7\u00e3o do isolamento social\"- entrevista com o professor Milton Kanashiro - UENF - Universidade Estadual do Norte Fluminense Darcy Ribeiro","robots":{"index":"noindex","follow":"follow","max-snippet":"max-snippet:-1","max-image-preview":"max-image-preview:large","max-video-preview":"max-video-preview:-1"},"og_locale":"pt_BR","og_type":"article","og_title":"\"Flexibiliza\u00e7\u00e3o do isolamento social\"- entrevista com o professor Milton Kanashiro - UENF - Universidade Estadual do Norte Fluminense Darcy Ribeiro","og_description":"Passados 150 dias ap\u00f3s a notifica\u00e7\u00e3o do primeiro caso da COVID-19 no Brasil, ocorrido em S\u00e3o Paulo, no final de fevereiro, ainda convivemos com muitas incertezas sobre o coronavirus. A demora das autoridades brasileiras em tomar medidas de enfrentamento, mesmo com casos registrados ao redor do mundo, e a inexist\u00eancia de uma pol\u00edtica nacional de [&hellip;]","og_url":"https:\/\/portal1.uenf.br\/portal\/noticias\/entrevista-com-o-professor-milton-kanashiro\/","og_site_name":"UENF - Universidade Estadual do Norte Fluminense Darcy Ribeiro","article_published_time":"2020-07-24T23:18:28+00:00","author":"admin","twitter_card":"summary_large_image","twitter_misc":{"Escrito por":"admin","Est. tempo de leitura":"6 minutos"},"schema":{"@context":"https:\/\/schema.org","@graph":[{"@type":"Article","@id":"https:\/\/portal1.uenf.br\/portal\/noticias\/entrevista-com-o-professor-milton-kanashiro\/#article","isPartOf":{"@id":"https:\/\/portal1.uenf.br\/portal\/noticias\/entrevista-com-o-professor-milton-kanashiro\/"},"author":{"name":"admin","@id":"https:\/\/portal1.uenf.br\/portal\/#\/schema\/person\/068abbf03b6f8478c845bc8ded9270c7"},"headline":"&#8220;Flexibiliza\u00e7\u00e3o do isolamento social&#8221;- entrevista com o professor Milton Kanashiro","datePublished":"2020-07-24T23:18:28+00:00","mainEntityOfPage":{"@id":"https:\/\/portal1.uenf.br\/portal\/noticias\/entrevista-com-o-professor-milton-kanashiro\/"},"wordCount":1214,"publisher":{"@id":"https:\/\/portal1.uenf.br\/portal\/#organization"},"articleSection":["Not\u00edcias"],"inLanguage":"pt-BR"},{"@type":"WebPage","@id":"https:\/\/portal1.uenf.br\/portal\/noticias\/entrevista-com-o-professor-milton-kanashiro\/","url":"https:\/\/portal1.uenf.br\/portal\/noticias\/entrevista-com-o-professor-milton-kanashiro\/","name":"\"Flexibiliza\u00e7\u00e3o do isolamento social\"- entrevista com o professor Milton Kanashiro - UENF - Universidade Estadual do Norte Fluminense Darcy Ribeiro","isPartOf":{"@id":"https:\/\/portal1.uenf.br\/portal\/#website"},"datePublished":"2020-07-24T23:18:28+00:00","breadcrumb":{"@id":"https:\/\/portal1.uenf.br\/portal\/noticias\/entrevista-com-o-professor-milton-kanashiro\/#breadcrumb"},"inLanguage":"pt-BR","potentialAction":[{"@type":"ReadAction","target":["https:\/\/portal1.uenf.br\/portal\/noticias\/entrevista-com-o-professor-milton-kanashiro\/"]}]},{"@type":"BreadcrumbList","@id":"https:\/\/portal1.uenf.br\/portal\/noticias\/entrevista-com-o-professor-milton-kanashiro\/#breadcrumb","itemListElement":[{"@type":"ListItem","position":1,"name":"In\u00edcio","item":"https:\/\/portal1.uenf.br\/portal\/"},{"@type":"ListItem","position":2,"name":"&#8220;Flexibiliza\u00e7\u00e3o do isolamento social&#8221;- entrevista com o professor Milton Kanashiro"}]},{"@type":"WebSite","@id":"https:\/\/portal1.uenf.br\/portal\/#website","url":"https:\/\/portal1.uenf.br\/portal\/","name":"UENF - Universidade Estadual do Norte Fluminense Darcy Ribeiro","description":"","publisher":{"@id":"https:\/\/portal1.uenf.br\/portal\/#organization"},"potentialAction":[{"@type":"SearchAction","target":{"@type":"EntryPoint","urlTemplate":"https:\/\/portal1.uenf.br\/portal\/?s={search_term_string}"},"query-input":{"@type":"PropertyValueSpecification","valueRequired":true,"valueName":"search_term_string"}}],"inLanguage":"pt-BR"},{"@type":"Organization","@id":"https:\/\/portal1.uenf.br\/portal\/#organization","name":"UENF - Universidade Estadual do Norte Fluminense Darcy Ribeiro","url":"https:\/\/portal1.uenf.br\/portal\/","logo":{"@type":"ImageObject","inLanguage":"pt-BR","@id":"https:\/\/portal1.uenf.br\/portal\/#\/schema\/logo\/image\/","url":"https:\/\/portal1.uenf.br\/portal\/wp-content\/uploads\/2018\/06\/logo-uenf-invertido-1.png","contentUrl":"https:\/\/portal1.uenf.br\/portal\/wp-content\/uploads\/2018\/06\/logo-uenf-invertido-1.png","width":482,"height":83,"caption":"UENF - Universidade Estadual do Norte Fluminense Darcy Ribeiro"},"image":{"@id":"https:\/\/portal1.uenf.br\/portal\/#\/schema\/logo\/image\/"}},{"@type":"Person","@id":"https:\/\/portal1.uenf.br\/portal\/#\/schema\/person\/068abbf03b6f8478c845bc8ded9270c7","name":"admin","image":{"@type":"ImageObject","inLanguage":"pt-BR","@id":"https:\/\/portal1.uenf.br\/portal\/#\/schema\/person\/image\/","url":"https:\/\/secure.gravatar.com\/avatar\/e5ecf9e4fae0742f4b136f518195bafa7b2d3f7c709f4bdc6707588ef68a6e25?s=96&d=mm&r=g","contentUrl":"https:\/\/secure.gravatar.com\/avatar\/e5ecf9e4fae0742f4b136f518195bafa7b2d3f7c709f4bdc6707588ef68a6e25?s=96&d=mm&r=g","caption":"admin"},"sameAs":["https:\/\/portal1.uenf.br\/portal"],"url":"https:\/\/portal1.uenf.br\/portal\/author\/edson\/"}]}},"_links":{"self":[{"href":"https:\/\/portal1.uenf.br\/portal\/wp-json\/wp\/v2\/posts\/6002","targetHints":{"allow":["GET"]}}],"collection":[{"href":"https:\/\/portal1.uenf.br\/portal\/wp-json\/wp\/v2\/posts"}],"about":[{"href":"https:\/\/portal1.uenf.br\/portal\/wp-json\/wp\/v2\/types\/post"}],"author":[{"embeddable":true,"href":"https:\/\/portal1.uenf.br\/portal\/wp-json\/wp\/v2\/users\/1"}],"replies":[{"embeddable":true,"href":"https:\/\/portal1.uenf.br\/portal\/wp-json\/wp\/v2\/comments?post=6002"}],"version-history":[{"count":0,"href":"https:\/\/portal1.uenf.br\/portal\/wp-json\/wp\/v2\/posts\/6002\/revisions"}],"wp:attachment":[{"href":"https:\/\/portal1.uenf.br\/portal\/wp-json\/wp\/v2\/media?parent=6002"}],"wp:term":[{"taxonomy":"category","embeddable":true,"href":"https:\/\/portal1.uenf.br\/portal\/wp-json\/wp\/v2\/categories?post=6002"},{"taxonomy":"post_tag","embeddable":true,"href":"https:\/\/portal1.uenf.br\/portal\/wp-json\/wp\/v2\/tags?post=6002"}],"curies":[{"name":"wp","href":"https:\/\/api.w.org\/{rel}","templated":true}]}}