{"id":5136,"date":"2020-04-09T17:10:26","date_gmt":"2020-04-09T20:10:26","guid":{"rendered":"https:\/\/uenf.br\/portal\/?p=5136"},"modified":"2020-04-09T17:10:26","modified_gmt":"2020-04-09T20:10:26","slug":"terceira-idade-em-acao-atividades-a-distancia","status":"publish","type":"post","link":"https:\/\/portal1.uenf.br\/portal\/noticias\/terceira-idade-em-acao-atividades-a-distancia\/","title":{"rendered":"Terceira idade em a\u00e7\u00e3o: atividades \u00e0 dist\u00e2ncia"},"content":{"rendered":"\n<p class=\"has-medium-font-size\"><strong>Informativo da UENF<\/strong><\/p>\n\n\n\n<p>Campos dos Goytacazes, quinta-feira, 9 de abril de 2020<\/p>\n\n\n\n<p><\/p>\n\n\n\n<p class=\"has-normal-font-size\"><strong>Terceira Idade em A\u00e7\u00e3o: atividades \u00e0\ndist\u00e2ncia<\/strong><\/p>\n\n\n\n<p>Fazer com que os idosos dominassem as plataformas digitais sempre foi um dos objetivos do projeto Terceira Idade em A\u00e7\u00e3o, um dos primeiros a serem afetados, na UENF, devido \u00e0 pandemia do coronav\u00edrus. Agora, todo o conhecimento assimilado durante as aulas de tecnologias digitais vem rendendo bons frutos. \u201cNossa comunica\u00e7\u00e3o \u00e9 mantida durante todos os dias da semana, mantendo-os informados e conectados\u201d, diz a coordenadora do projeto, professora do Centro de Ci\u00eancias do Homem &#8211; CCH, Rosalee Istoe, que, nesta entrevista, fala sobre como o projeto vem desenvolvendo suas atividades em tempo de quarentena, bem como sobre os desafios que o momento atual imp\u00f5e \u00e0 terceira idade. <\/p>\n\n\n\n<div class=\"wp-block-image\"><figure class=\"aligncenter size-large is-resized\"><img fetchpriority=\"high\" decoding=\"async\" src=\"https:\/\/uenf.br\/portal\/wp-content\/uploads\/2020\/04\/foto-1-1024x657.jpg\" alt=\"\" class=\"wp-image-5138\" width=\"379\" height=\"243\"\/><figcaption>Grupo do projeto Terceira Idade em A\u00e7\u00e3o em atividade f\u00edsica<\/figcaption><\/figure><\/div>\n\n\n\n<p><strong>ASCOM &#8211;<\/strong> Voc\u00ea coordena o projeto\nTerceira idade em A\u00e7\u00e3o, um dos primeiros a serem interrompidos na Uenf por\ncausa da pandemia. Levando-se em conta que o objetivo principal do projeto \u00e9\njustamente proporcionar aos idosos uma vida ativa, evitando o isolamento\nsocial, como foi convencer os participantes a permanecerem em casa? <\/p>\n\n\n\n<p><strong>Rosalee<\/strong> &#8211; N\u00e3o foi dif\u00edcil falar com eles, porque os meios de\ncomunica\u00e7\u00e3o j\u00e1 divulgavam que os idosos eram mais vulner\u00e1veis ao risco de morte\ndevido \u00e0s comorbidades que, na grande maioria, est\u00e3o presentes. <\/p>\n\n\n\n<p><strong>ASCOM<\/strong> &#8211; O projeto est\u00e1 realizando alguma atividade utilizando com apoio de\nplataformas tecnol\u00f3gicas? <\/p>\n\n\n\n<p><strong>Rosalee <\/strong>&#8211; Apesar da pandemia, n\u00f3s continuamos desenvolvendo\ntodas as nossas atividades de forma remota. Eles tinham aulas de tecnologias\ndigitais como: oficina de smartphone, letramento digital, aulas de computa\u00e7\u00e3o.\nIsso contribuiu positivamente para que eles continuassem conectados ao\nprograma. Todos os professores e bolsistas est\u00e3o preparando suas oficinas,\ncompartilhando as atividades, inclusive as atividades f\u00edsicas. Estamos\nutilizando a plataforma ZOOM, WhatsApp, Facebook, YooTube e Instagram. Eles j\u00e1\nconheciam porque tiveram aulas presenciais desde bem antes da epidemia. Por\nisso, rapidamente se familiarizaram com as ferramentas tecnol\u00f3gicas. Os que\napresentaram alguma dificuldade orientamos via WhatsApp, que \u00e9 o dom\u00ednio mais\nconhecido por eles. Nossa comunica\u00e7\u00e3o \u00e9 mantida durante todos os dias da\nsemana, mantendo-os informados e conectados. <\/p>\n\n\n\n<p><strong>ASCOM <\/strong>&#8211; Sabemos o quanto a intera\u00e7\u00e3o social \u00e9 importante na terceira idade,\nsendo fundamental para a manuten\u00e7\u00e3o de sua sa\u00fade mental. De que forma evitar\nproblemas emocionais que possam advir desse per\u00edodo de isolamento for\u00e7ado?<\/p>\n\n\n\n<p><strong>Rosalee &#8211; <\/strong>Eles entendem a necessidade do isolamento social,\nsabem que ser\u00e1 tempor\u00e1rio, e que, assim que poss\u00edvel, retornaremos as atividades\nnormais. Alguns idosos t\u00eam sentido muita falta dos netos, filhos, amigos, mas\nv\u00eam utilizado as redes sociais para esse contato, mesmo cientes de que n\u00e3o \u00e9 a\nmesma coisa da presen\u00e7a f\u00edsica destes. No entanto, eles entendem que todo\nesfor\u00e7o \u00e9 necess\u00e1rio para manter a vida. Nosso objetivo \u00e9 exatamente mant\u00ea-los\nconectados virtualmente para minimizar poss\u00edveis problemas emocionais e\ngarantir minimamente a promo\u00e7\u00e3o da sa\u00fade mental. <\/p>\n\n\n\n<p><strong>ASCOM<\/strong> &#8211; Quais s\u00e3o os maiores desafios de envelhecer na sociedade moderna? <\/p>\n\n\n\n<p><strong>Rosalee &#8211;<\/strong> O maior desafio de envelhecer na sociedade moderna \u00e9\naprender a envelhecer. Os avan\u00e7os da ci\u00eancia, tanto no diagn\u00f3stico como no\ntratamento de patologias, bem como as descobertas de novos medicamentos,\npromoveram a redu\u00e7\u00e3o da mortalidade, proporcionando uma vida mais longeva, e\ncom isso, o envelhecimento humano \u00e9 algo muito novo em nossa sociedade.\nPrecisamos aprender a lidar com uma nova gera\u00e7\u00e3o de pessoas que tem experi\u00eancia\nde vida. Elas querem viver com os recursos que j\u00e1 acumularam ao longo da vida,\nser independentes, livres e aut\u00f4nomas, com as garantias de seus direitos\nenquanto cidad\u00e3os e querem ser tratados respeitosamente por todos. <\/p>\n\n\n\n<p><strong>Ascom<\/strong> <strong>&#8211;<\/strong>\nComo as fam\u00edlias podem conciliar o envelhecimento dos familiares e \u00e0s\nexig\u00eancias do mundo moderno? <\/p>\n\n\n\n<p><strong>Rosalee &#8211;<\/strong> Primeiramente como algu\u00e9m de muito valor. Se chegarem a envelhecer, eles j\u00e1 s\u00e3o privilegiados e agregaram muito conhecimento ao longo da vida. Os familiares precisam entender, que um idoso n\u00e3o pode ser somente algu\u00e9m que, obrigatoriamente s\u00f3 tem serventia para de cuidar dos netos, dos afazeres dom\u00e9sticos, etc. O Idoso \u00e9 algu\u00e9m que tem sentimentos, valores e querem ser respeitados. S\u00f3 precisam encontrar na fam\u00edlia um lugar de acolhimento afetivo e social. O mundo moderno ainda n\u00e3o se adaptou a esta nova realidade. <\/p>\n\n\n\n<p><strong>Ascom &#8211;<\/strong> Os\nidosos tem a viv\u00eancia de uma sociedade em que as rela\u00e7\u00f5es eram presenciais, at\u00e9\nque ponto as rela\u00e7\u00f5es virtuais, baseadas no uso da tecnologia, que causam um\ndistanciamento f\u00edsico, podem afetar a sua vida? <\/p>\n\n\n\n<p><strong>Rosalee &#8211;<\/strong>\nEle entende que o mundo virtual \u00e9 uma nova forma de manter contato sem gastar\ntanto tempo e dinheiro para o deslocamento. Eles est\u00e3o mais integrados e\ninterligados do que imaginamos. A realidade do mundo virtual alargou as\npossibilidades de contato r\u00e1pido e imediato. E isso, n\u00e3o os impede de estar\nfisicamente com quem desejarem estar. <\/p>\n\n\n\n<p><strong>Ascom &#8211;<\/strong> Como\no projeto desenvolvido na UENF est\u00e1 se programando para o retorno \u00e0s\natividades? <\/p>\n\n\n\n<p><strong>Rosalee &#8211;<\/strong> As atividades ser\u00e3o retomadas t\u00e3o logo seja decretado o fim do isolamento social para pessoas idosas. Creio que inevitavelmente, muitos h\u00e1bitos ser\u00e3o melhorados, a sociedade estar\u00e1 utilizando-se desses novos h\u00e1bitos para ampliar a prote\u00e7\u00e3o e garantia de um envelhecimento saud\u00e1vel.<\/p>\n\n\n\n<p><\/p>\n\n\n\n<p>&#8230;&#8230;&#8230;&#8230;&#8230;&#8230;&#8230;&#8230;&#8230;&#8230;&#8230;&#8230;&#8230;&#8230;&#8230;&#8230;&#8230;&#8230;&#8230;&#8230;&#8230;&#8230;&#8230;&#8230;&#8230;&#8230;&#8230;&#8230;&#8230;&#8230;&#8230;&#8230;&#8230;&#8230;&#8230;&#8230;&#8230;&#8230;&#8230;..<\/p>\n\n\n\n<p><strong>Universidade Estadual do Norte Fluminense Darcy Ribeiro (UENF<\/strong>)<\/p>\n\n\n\n<p>Ger\u00eancia de Comunica\u00e7\u00e3o (ASCOM)<br \/> Av. Alberto Lamego, 2.000 \u2013 Parque Calif\u00f3rnia \u2013 Campos (RJ)<br \/> Telefones: Ascom: (22) 2739-7815 \/ 2739-7813<br \/> Reitoria: (22) 2739-7003<br \/> Email: uenf@uenf.br<\/p>\n","protected":false},"excerpt":{"rendered":"<p>Informativo da UENF Campos dos Goytacazes, quinta-feira, 9 de abril de 2020 Terceira Idade em A\u00e7\u00e3o: atividades \u00e0 dist\u00e2ncia Fazer com que os idosos dominassem as plataformas digitais sempre foi um dos objetivos do projeto Terceira Idade em A\u00e7\u00e3o, um dos primeiros a serem afetados, na UENF, devido \u00e0 pandemia do coronav\u00edrus. Agora, todo o [&hellip;]<\/p>\n","protected":false},"author":1,"featured_media":0,"comment_status":"closed","ping_status":"closed","sticky":false,"template":"","format":"standard","meta":{"_eb_attr":"","ocean_post_layout":"","ocean_both_sidebars_style":"","ocean_both_sidebars_content_width":0,"ocean_both_sidebars_sidebars_width":0,"ocean_sidebar":"","ocean_second_sidebar":"","ocean_disable_margins":"enable","ocean_add_body_class":"","ocean_shortcode_before_top_bar":"","ocean_shortcode_after_top_bar":"","ocean_shortcode_before_header":"","ocean_shortcode_after_header":"","ocean_has_shortcode":"","ocean_shortcode_after_title":"","ocean_shortcode_before_footer_widgets":"","ocean_shortcode_after_footer_widgets":"","ocean_shortcode_before_footer_bottom":"","ocean_shortcode_after_footer_bottom":"","ocean_display_top_bar":"default","ocean_display_header":"default","ocean_header_style":"","ocean_center_header_left_menu":"","ocean_custom_header_template":"","ocean_custom_logo":0,"ocean_custom_retina_logo":0,"ocean_custom_logo_max_width":0,"ocean_custom_logo_tablet_max_width":0,"ocean_custom_logo_mobile_max_width":0,"ocean_custom_logo_max_height":0,"ocean_custom_logo_tablet_max_height":0,"ocean_custom_logo_mobile_max_height":0,"ocean_header_custom_menu":"","ocean_menu_typo_font_family":"","ocean_menu_typo_font_subset":"","ocean_menu_typo_font_size":0,"ocean_menu_typo_font_size_tablet":0,"ocean_menu_typo_font_size_mobile":0,"ocean_menu_typo_font_size_unit":"px","ocean_menu_typo_font_weight":"","ocean_menu_typo_font_weight_tablet":"","ocean_menu_typo_font_weight_mobile":"","ocean_menu_typo_transform":"","ocean_menu_typo_transform_tablet":"","ocean_menu_typo_transform_mobile":"","ocean_menu_typo_line_height":0,"ocean_menu_typo_line_height_tablet":0,"ocean_menu_typo_line_height_mobile":0,"ocean_menu_typo_line_height_unit":"","ocean_menu_typo_spacing":0,"ocean_menu_typo_spacing_tablet":0,"ocean_menu_typo_spacing_mobile":0,"ocean_menu_typo_spacing_unit":"","ocean_menu_link_color":"","ocean_menu_link_color_hover":"","ocean_menu_link_color_active":"","ocean_menu_link_background":"","ocean_menu_link_hover_background":"","ocean_menu_link_active_background":"","ocean_menu_social_links_bg":"","ocean_menu_social_hover_links_bg":"","ocean_menu_social_links_color":"","ocean_menu_social_hover_links_color":"","ocean_disable_title":"default","ocean_disable_heading":"default","ocean_post_title":"","ocean_post_subheading":"","ocean_post_title_style":"","ocean_post_title_background_color":"","ocean_post_title_background":0,"ocean_post_title_bg_image_position":"","ocean_post_title_bg_image_attachment":"","ocean_post_title_bg_image_repeat":"","ocean_post_title_bg_image_size":"","ocean_post_title_height":0,"ocean_post_title_bg_overlay":0.5,"ocean_post_title_bg_overlay_color":"","ocean_disable_breadcrumbs":"default","ocean_breadcrumbs_color":"","ocean_breadcrumbs_separator_color":"","ocean_breadcrumbs_links_color":"","ocean_breadcrumbs_links_hover_color":"","ocean_display_footer_widgets":"default","ocean_display_footer_bottom":"default","ocean_custom_footer_template":"","ocean_post_oembed":"","ocean_post_self_hosted_media":"","ocean_post_video_embed":"","ocean_link_format":"","ocean_link_format_target":"self","ocean_quote_format":"","ocean_quote_format_link":"post","ocean_gallery_link_images":"off","ocean_gallery_id":[],"footnotes":""},"categories":[8],"tags":[],"class_list":["post-5136","post","type-post","status-publish","format-standard","hentry","category-noticias","entry"],"yoast_head":"<!-- This site is optimized with the Yoast SEO plugin v26.5 - https:\/\/yoast.com\/wordpress\/plugins\/seo\/ -->\n<title>Terceira idade em a\u00e7\u00e3o: atividades \u00e0 dist\u00e2ncia - UENF - Universidade Estadual do Norte Fluminense Darcy Ribeiro<\/title>\n<meta name=\"robots\" content=\"noindex, follow, max-snippet:-1, max-image-preview:large, max-video-preview:-1\" \/>\n<meta property=\"og:locale\" content=\"pt_BR\" \/>\n<meta property=\"og:type\" content=\"article\" \/>\n<meta property=\"og:title\" content=\"Terceira idade em a\u00e7\u00e3o: atividades \u00e0 dist\u00e2ncia - UENF - Universidade Estadual do Norte Fluminense Darcy Ribeiro\" \/>\n<meta property=\"og:description\" content=\"Informativo da UENF Campos dos Goytacazes, quinta-feira, 9 de abril de 2020 Terceira Idade em A\u00e7\u00e3o: atividades \u00e0 dist\u00e2ncia Fazer com que os idosos dominassem as plataformas digitais sempre foi um dos objetivos do projeto Terceira Idade em A\u00e7\u00e3o, um dos primeiros a serem afetados, na UENF, devido \u00e0 pandemia do coronav\u00edrus. Agora, todo o [&hellip;]\" \/>\n<meta property=\"og:url\" content=\"https:\/\/portal1.uenf.br\/portal\/noticias\/terceira-idade-em-acao-atividades-a-distancia\/\" \/>\n<meta property=\"og:site_name\" content=\"UENF - Universidade Estadual do Norte Fluminense Darcy Ribeiro\" \/>\n<meta property=\"article:published_time\" content=\"2020-04-09T20:10:26+00:00\" \/>\n<meta property=\"og:image\" content=\"https:\/\/uenf.br\/portal\/wp-content\/uploads\/2020\/04\/foto-1-1024x657.jpg\" \/>\n<meta name=\"author\" content=\"admin\" \/>\n<meta name=\"twitter:card\" content=\"summary_large_image\" \/>\n<meta name=\"twitter:label1\" content=\"Escrito por\" \/>\n\t<meta name=\"twitter:data1\" content=\"admin\" \/>\n\t<meta name=\"twitter:label2\" content=\"Est. tempo de leitura\" \/>\n\t<meta name=\"twitter:data2\" content=\"5 minutos\" \/>\n<script type=\"application\/ld+json\" class=\"yoast-schema-graph\">{\"@context\":\"https:\/\/schema.org\",\"@graph\":[{\"@type\":\"Article\",\"@id\":\"https:\/\/portal1.uenf.br\/portal\/noticias\/terceira-idade-em-acao-atividades-a-distancia\/#article\",\"isPartOf\":{\"@id\":\"https:\/\/portal1.uenf.br\/portal\/noticias\/terceira-idade-em-acao-atividades-a-distancia\/\"},\"author\":{\"name\":\"admin\",\"@id\":\"https:\/\/portal1.uenf.br\/portal\/#\/schema\/person\/068abbf03b6f8478c845bc8ded9270c7\"},\"headline\":\"Terceira idade em a\u00e7\u00e3o: atividades \u00e0 dist\u00e2ncia\",\"datePublished\":\"2020-04-09T20:10:26+00:00\",\"mainEntityOfPage\":{\"@id\":\"https:\/\/portal1.uenf.br\/portal\/noticias\/terceira-idade-em-acao-atividades-a-distancia\/\"},\"wordCount\":944,\"publisher\":{\"@id\":\"https:\/\/portal1.uenf.br\/portal\/#organization\"},\"image\":{\"@id\":\"https:\/\/portal1.uenf.br\/portal\/noticias\/terceira-idade-em-acao-atividades-a-distancia\/#primaryimage\"},\"thumbnailUrl\":\"https:\/\/uenf.br\/portal\/wp-content\/uploads\/2020\/04\/foto-1-1024x657.jpg\",\"articleSection\":[\"Not\u00edcias\"],\"inLanguage\":\"pt-BR\"},{\"@type\":\"WebPage\",\"@id\":\"https:\/\/portal1.uenf.br\/portal\/noticias\/terceira-idade-em-acao-atividades-a-distancia\/\",\"url\":\"https:\/\/portal1.uenf.br\/portal\/noticias\/terceira-idade-em-acao-atividades-a-distancia\/\",\"name\":\"Terceira idade em a\u00e7\u00e3o: atividades \u00e0 dist\u00e2ncia - UENF - Universidade Estadual do Norte Fluminense Darcy Ribeiro\",\"isPartOf\":{\"@id\":\"https:\/\/portal1.uenf.br\/portal\/#website\"},\"primaryImageOfPage\":{\"@id\":\"https:\/\/portal1.uenf.br\/portal\/noticias\/terceira-idade-em-acao-atividades-a-distancia\/#primaryimage\"},\"image\":{\"@id\":\"https:\/\/portal1.uenf.br\/portal\/noticias\/terceira-idade-em-acao-atividades-a-distancia\/#primaryimage\"},\"thumbnailUrl\":\"https:\/\/uenf.br\/portal\/wp-content\/uploads\/2020\/04\/foto-1-1024x657.jpg\",\"datePublished\":\"2020-04-09T20:10:26+00:00\",\"breadcrumb\":{\"@id\":\"https:\/\/portal1.uenf.br\/portal\/noticias\/terceira-idade-em-acao-atividades-a-distancia\/#breadcrumb\"},\"inLanguage\":\"pt-BR\",\"potentialAction\":[{\"@type\":\"ReadAction\",\"target\":[\"https:\/\/portal1.uenf.br\/portal\/noticias\/terceira-idade-em-acao-atividades-a-distancia\/\"]}]},{\"@type\":\"ImageObject\",\"inLanguage\":\"pt-BR\",\"@id\":\"https:\/\/portal1.uenf.br\/portal\/noticias\/terceira-idade-em-acao-atividades-a-distancia\/#primaryimage\",\"url\":\"https:\/\/uenf.br\/portal\/wp-content\/uploads\/2020\/04\/foto-1-1024x657.jpg\",\"contentUrl\":\"https:\/\/uenf.br\/portal\/wp-content\/uploads\/2020\/04\/foto-1-1024x657.jpg\"},{\"@type\":\"BreadcrumbList\",\"@id\":\"https:\/\/portal1.uenf.br\/portal\/noticias\/terceira-idade-em-acao-atividades-a-distancia\/#breadcrumb\",\"itemListElement\":[{\"@type\":\"ListItem\",\"position\":1,\"name\":\"In\u00edcio\",\"item\":\"https:\/\/portal1.uenf.br\/portal\/\"},{\"@type\":\"ListItem\",\"position\":2,\"name\":\"Terceira idade em a\u00e7\u00e3o: atividades \u00e0 dist\u00e2ncia\"}]},{\"@type\":\"WebSite\",\"@id\":\"https:\/\/portal1.uenf.br\/portal\/#website\",\"url\":\"https:\/\/portal1.uenf.br\/portal\/\",\"name\":\"UENF - Universidade Estadual do Norte Fluminense Darcy Ribeiro\",\"description\":\"\",\"publisher\":{\"@id\":\"https:\/\/portal1.uenf.br\/portal\/#organization\"},\"potentialAction\":[{\"@type\":\"SearchAction\",\"target\":{\"@type\":\"EntryPoint\",\"urlTemplate\":\"https:\/\/portal1.uenf.br\/portal\/?s={search_term_string}\"},\"query-input\":{\"@type\":\"PropertyValueSpecification\",\"valueRequired\":true,\"valueName\":\"search_term_string\"}}],\"inLanguage\":\"pt-BR\"},{\"@type\":\"Organization\",\"@id\":\"https:\/\/portal1.uenf.br\/portal\/#organization\",\"name\":\"UENF - Universidade Estadual do Norte Fluminense Darcy Ribeiro\",\"url\":\"https:\/\/portal1.uenf.br\/portal\/\",\"logo\":{\"@type\":\"ImageObject\",\"inLanguage\":\"pt-BR\",\"@id\":\"https:\/\/portal1.uenf.br\/portal\/#\/schema\/logo\/image\/\",\"url\":\"https:\/\/portal1.uenf.br\/portal\/wp-content\/uploads\/2018\/06\/logo-uenf-invertido-1.png\",\"contentUrl\":\"https:\/\/portal1.uenf.br\/portal\/wp-content\/uploads\/2018\/06\/logo-uenf-invertido-1.png\",\"width\":482,\"height\":83,\"caption\":\"UENF - Universidade Estadual do Norte Fluminense Darcy Ribeiro\"},\"image\":{\"@id\":\"https:\/\/portal1.uenf.br\/portal\/#\/schema\/logo\/image\/\"}},{\"@type\":\"Person\",\"@id\":\"https:\/\/portal1.uenf.br\/portal\/#\/schema\/person\/068abbf03b6f8478c845bc8ded9270c7\",\"name\":\"admin\",\"image\":{\"@type\":\"ImageObject\",\"inLanguage\":\"pt-BR\",\"@id\":\"https:\/\/portal1.uenf.br\/portal\/#\/schema\/person\/image\/\",\"url\":\"https:\/\/secure.gravatar.com\/avatar\/e5ecf9e4fae0742f4b136f518195bafa7b2d3f7c709f4bdc6707588ef68a6e25?s=96&d=mm&r=g\",\"contentUrl\":\"https:\/\/secure.gravatar.com\/avatar\/e5ecf9e4fae0742f4b136f518195bafa7b2d3f7c709f4bdc6707588ef68a6e25?s=96&d=mm&r=g\",\"caption\":\"admin\"},\"sameAs\":[\"https:\/\/portal1.uenf.br\/portal\"],\"url\":\"https:\/\/portal1.uenf.br\/portal\/author\/edson\/\"}]}<\/script>\n<!-- \/ Yoast SEO plugin. -->","yoast_head_json":{"title":"Terceira idade em a\u00e7\u00e3o: atividades \u00e0 dist\u00e2ncia - UENF - Universidade Estadual do Norte Fluminense Darcy Ribeiro","robots":{"index":"noindex","follow":"follow","max-snippet":"max-snippet:-1","max-image-preview":"max-image-preview:large","max-video-preview":"max-video-preview:-1"},"og_locale":"pt_BR","og_type":"article","og_title":"Terceira idade em a\u00e7\u00e3o: atividades \u00e0 dist\u00e2ncia - UENF - Universidade Estadual do Norte Fluminense Darcy Ribeiro","og_description":"Informativo da UENF Campos dos Goytacazes, quinta-feira, 9 de abril de 2020 Terceira Idade em A\u00e7\u00e3o: atividades \u00e0 dist\u00e2ncia Fazer com que os idosos dominassem as plataformas digitais sempre foi um dos objetivos do projeto Terceira Idade em A\u00e7\u00e3o, um dos primeiros a serem afetados, na UENF, devido \u00e0 pandemia do coronav\u00edrus. Agora, todo o [&hellip;]","og_url":"https:\/\/portal1.uenf.br\/portal\/noticias\/terceira-idade-em-acao-atividades-a-distancia\/","og_site_name":"UENF - Universidade Estadual do Norte Fluminense Darcy Ribeiro","article_published_time":"2020-04-09T20:10:26+00:00","og_image":[{"url":"https:\/\/uenf.br\/portal\/wp-content\/uploads\/2020\/04\/foto-1-1024x657.jpg","type":"","width":"","height":""}],"author":"admin","twitter_card":"summary_large_image","twitter_misc":{"Escrito por":"admin","Est. tempo de leitura":"5 minutos"},"schema":{"@context":"https:\/\/schema.org","@graph":[{"@type":"Article","@id":"https:\/\/portal1.uenf.br\/portal\/noticias\/terceira-idade-em-acao-atividades-a-distancia\/#article","isPartOf":{"@id":"https:\/\/portal1.uenf.br\/portal\/noticias\/terceira-idade-em-acao-atividades-a-distancia\/"},"author":{"name":"admin","@id":"https:\/\/portal1.uenf.br\/portal\/#\/schema\/person\/068abbf03b6f8478c845bc8ded9270c7"},"headline":"Terceira idade em a\u00e7\u00e3o: atividades \u00e0 dist\u00e2ncia","datePublished":"2020-04-09T20:10:26+00:00","mainEntityOfPage":{"@id":"https:\/\/portal1.uenf.br\/portal\/noticias\/terceira-idade-em-acao-atividades-a-distancia\/"},"wordCount":944,"publisher":{"@id":"https:\/\/portal1.uenf.br\/portal\/#organization"},"image":{"@id":"https:\/\/portal1.uenf.br\/portal\/noticias\/terceira-idade-em-acao-atividades-a-distancia\/#primaryimage"},"thumbnailUrl":"https:\/\/uenf.br\/portal\/wp-content\/uploads\/2020\/04\/foto-1-1024x657.jpg","articleSection":["Not\u00edcias"],"inLanguage":"pt-BR"},{"@type":"WebPage","@id":"https:\/\/portal1.uenf.br\/portal\/noticias\/terceira-idade-em-acao-atividades-a-distancia\/","url":"https:\/\/portal1.uenf.br\/portal\/noticias\/terceira-idade-em-acao-atividades-a-distancia\/","name":"Terceira idade em a\u00e7\u00e3o: atividades \u00e0 dist\u00e2ncia - UENF - Universidade Estadual do Norte Fluminense Darcy Ribeiro","isPartOf":{"@id":"https:\/\/portal1.uenf.br\/portal\/#website"},"primaryImageOfPage":{"@id":"https:\/\/portal1.uenf.br\/portal\/noticias\/terceira-idade-em-acao-atividades-a-distancia\/#primaryimage"},"image":{"@id":"https:\/\/portal1.uenf.br\/portal\/noticias\/terceira-idade-em-acao-atividades-a-distancia\/#primaryimage"},"thumbnailUrl":"https:\/\/uenf.br\/portal\/wp-content\/uploads\/2020\/04\/foto-1-1024x657.jpg","datePublished":"2020-04-09T20:10:26+00:00","breadcrumb":{"@id":"https:\/\/portal1.uenf.br\/portal\/noticias\/terceira-idade-em-acao-atividades-a-distancia\/#breadcrumb"},"inLanguage":"pt-BR","potentialAction":[{"@type":"ReadAction","target":["https:\/\/portal1.uenf.br\/portal\/noticias\/terceira-idade-em-acao-atividades-a-distancia\/"]}]},{"@type":"ImageObject","inLanguage":"pt-BR","@id":"https:\/\/portal1.uenf.br\/portal\/noticias\/terceira-idade-em-acao-atividades-a-distancia\/#primaryimage","url":"https:\/\/uenf.br\/portal\/wp-content\/uploads\/2020\/04\/foto-1-1024x657.jpg","contentUrl":"https:\/\/uenf.br\/portal\/wp-content\/uploads\/2020\/04\/foto-1-1024x657.jpg"},{"@type":"BreadcrumbList","@id":"https:\/\/portal1.uenf.br\/portal\/noticias\/terceira-idade-em-acao-atividades-a-distancia\/#breadcrumb","itemListElement":[{"@type":"ListItem","position":1,"name":"In\u00edcio","item":"https:\/\/portal1.uenf.br\/portal\/"},{"@type":"ListItem","position":2,"name":"Terceira idade em a\u00e7\u00e3o: atividades \u00e0 dist\u00e2ncia"}]},{"@type":"WebSite","@id":"https:\/\/portal1.uenf.br\/portal\/#website","url":"https:\/\/portal1.uenf.br\/portal\/","name":"UENF - Universidade Estadual do Norte Fluminense Darcy Ribeiro","description":"","publisher":{"@id":"https:\/\/portal1.uenf.br\/portal\/#organization"},"potentialAction":[{"@type":"SearchAction","target":{"@type":"EntryPoint","urlTemplate":"https:\/\/portal1.uenf.br\/portal\/?s={search_term_string}"},"query-input":{"@type":"PropertyValueSpecification","valueRequired":true,"valueName":"search_term_string"}}],"inLanguage":"pt-BR"},{"@type":"Organization","@id":"https:\/\/portal1.uenf.br\/portal\/#organization","name":"UENF - Universidade Estadual do Norte Fluminense Darcy Ribeiro","url":"https:\/\/portal1.uenf.br\/portal\/","logo":{"@type":"ImageObject","inLanguage":"pt-BR","@id":"https:\/\/portal1.uenf.br\/portal\/#\/schema\/logo\/image\/","url":"https:\/\/portal1.uenf.br\/portal\/wp-content\/uploads\/2018\/06\/logo-uenf-invertido-1.png","contentUrl":"https:\/\/portal1.uenf.br\/portal\/wp-content\/uploads\/2018\/06\/logo-uenf-invertido-1.png","width":482,"height":83,"caption":"UENF - Universidade Estadual do Norte Fluminense Darcy Ribeiro"},"image":{"@id":"https:\/\/portal1.uenf.br\/portal\/#\/schema\/logo\/image\/"}},{"@type":"Person","@id":"https:\/\/portal1.uenf.br\/portal\/#\/schema\/person\/068abbf03b6f8478c845bc8ded9270c7","name":"admin","image":{"@type":"ImageObject","inLanguage":"pt-BR","@id":"https:\/\/portal1.uenf.br\/portal\/#\/schema\/person\/image\/","url":"https:\/\/secure.gravatar.com\/avatar\/e5ecf9e4fae0742f4b136f518195bafa7b2d3f7c709f4bdc6707588ef68a6e25?s=96&d=mm&r=g","contentUrl":"https:\/\/secure.gravatar.com\/avatar\/e5ecf9e4fae0742f4b136f518195bafa7b2d3f7c709f4bdc6707588ef68a6e25?s=96&d=mm&r=g","caption":"admin"},"sameAs":["https:\/\/portal1.uenf.br\/portal"],"url":"https:\/\/portal1.uenf.br\/portal\/author\/edson\/"}]}},"_links":{"self":[{"href":"https:\/\/portal1.uenf.br\/portal\/wp-json\/wp\/v2\/posts\/5136","targetHints":{"allow":["GET"]}}],"collection":[{"href":"https:\/\/portal1.uenf.br\/portal\/wp-json\/wp\/v2\/posts"}],"about":[{"href":"https:\/\/portal1.uenf.br\/portal\/wp-json\/wp\/v2\/types\/post"}],"author":[{"embeddable":true,"href":"https:\/\/portal1.uenf.br\/portal\/wp-json\/wp\/v2\/users\/1"}],"replies":[{"embeddable":true,"href":"https:\/\/portal1.uenf.br\/portal\/wp-json\/wp\/v2\/comments?post=5136"}],"version-history":[{"count":0,"href":"https:\/\/portal1.uenf.br\/portal\/wp-json\/wp\/v2\/posts\/5136\/revisions"}],"wp:attachment":[{"href":"https:\/\/portal1.uenf.br\/portal\/wp-json\/wp\/v2\/media?parent=5136"}],"wp:term":[{"taxonomy":"category","embeddable":true,"href":"https:\/\/portal1.uenf.br\/portal\/wp-json\/wp\/v2\/categories?post=5136"},{"taxonomy":"post_tag","embeddable":true,"href":"https:\/\/portal1.uenf.br\/portal\/wp-json\/wp\/v2\/tags?post=5136"}],"curies":[{"name":"wp","href":"https:\/\/api.w.org\/{rel}","templated":true}]}}