{"id":4863,"date":"2020-03-13T15:17:02","date_gmt":"2020-03-13T18:17:02","guid":{"rendered":"https:\/\/uenf.br\/portal\/?p=4863"},"modified":"2020-03-13T15:17:02","modified_gmt":"2020-03-13T18:17:02","slug":"coronavirus-covid-19-uenf-anuncia-medidas-preventivas","status":"publish","type":"post","link":"https:\/\/portal1.uenf.br\/portal\/noticias\/coronavirus-covid-19-uenf-anuncia-medidas-preventivas\/","title":{"rendered":"Coronav\u00edrus (Covid-19): UENF anuncia medidas preventivas"},"content":{"rendered":"\n<p>Em reuni\u00e3o do Conselho Universit\u00e1rio da UENF (CONSUNI) realizada na manh\u00e3 desta sexta-feira, 13 de mar\u00e7o, o Reitor Raul Palacio informou que a Reitoria est\u00e1 ciente da grave situa\u00e7\u00e3o, decorrente da pandemia por coronav\u00edrus (Covid-19), e que o cen\u00e1rio est\u00e1 sendo acompanhado junto aos \u00f3rg\u00e3os oficiais e \u00e0s autoridades sanit\u00e1rias municipais, estaduais e federais. Uma s\u00e9rie de medidas preventivas contra o coronav\u00edrus, para a prote\u00e7\u00e3o da comunidade universit\u00e1ria, est\u00e3o sendo tomadas dentro do\u00a0<em>campus<\/em>. Um Gabinete de Crise foi formado com membros da administra\u00e7\u00e3o e pesquisadores das \u00e1reas de virologia, epidemiologia e infectologia.<\/p>\n\n\n\n<figure class=\"wp-block-image size-large\"><img fetchpriority=\"high\" decoding=\"async\" width=\"720\" height=\"480\" src=\"https:\/\/uenf.br\/portal\/wp-content\/uploads\/2020\/03\/Consuni-3-2.jpg\" alt=\"\" class=\"wp-image-4865\" srcset=\"https:\/\/portal1.uenf.br\/portal\/wp-content\/uploads\/2020\/03\/Consuni-3-2.jpg 720w, https:\/\/portal1.uenf.br\/portal\/wp-content\/uploads\/2020\/03\/Consuni-3-2-300x200.jpg 300w\" sizes=\"(max-width: 720px) 100vw, 720px\" \/><\/figure>\n\n\n\n<p>O Gabinete de Crise ter\u00e1 a fun\u00e7\u00e3o de orientar as a\u00e7\u00f5es dentro da Universidade, bem como ajudar o munic\u00edpio de Campos dos Goytacazes na preven\u00e7\u00e3o ao v\u00edrus. Na pr\u00f3xima segunda-feira, 16\/03, haver\u00e1 uma <a href=\"https:\/\/uenf.br\/portal\/noticias\/mesa-redonda-discute-covid-19-nesta-segunda\/\"><strong>mesa-redonda sobre o coronav\u00edrus<\/strong><\/a>, marcada para \u00e0s 16h. Prevista incialmente para ocorrer no audit\u00f3rio do Hospital Veterin\u00e1rio, a mesa redonda foi transferida para a Quadra do Pr\u00e9dio E1, a fim de evitar ambientes fechados.<\/p>\n\n\n\n<p>O Reitor afirmou que a probabilidade de o coronav\u00edrus chegar \u00e0 UENF n\u00e3o\n\u00e9 baixa, por diversas raz\u00f5es. \u201cA partir do momento em que o v\u00edrus for\nconstatado no munic\u00edpio, n\u00e3o teremos outra alternativa que n\u00e3o seja suspender\nas atividades da Universidade\u201d, disse. \u201cAt\u00e9 l\u00e1, me parece muito mais seguro\nmanter nossos estudantes aqui, onde n\u00e3o temos ainda nenhum caso\u201d.<\/p>\n\n\n\n<p>Por determina\u00e7\u00e3o da Reitoria est\u00e3o suspensas por 30 dias, a partir de 16 de mar\u00e7o todas as atividades extracurriculares. Projetos como o Conhecendo a UENF, Terceira Idade em A\u00e7\u00e3o e Feira de Ci\u00eancias, por exemplo, j\u00e1 tiveram suas agendas suspensas. <\/p>\n\n\n\n<p>Recomenda-se fortemente aos servidores que suspendam viagens, principalmente ao exterior e, caso isso n\u00e3o seja poss\u00edvel, que ao retornarem fiquem em quarentena, em casa, por 14 dias. Com rela\u00e7\u00e3o \u00e0 Cola\u00e7\u00e3o de Grau, prevista para o final do m\u00eas de Mar\u00e7o, a Reitoria estuda a realiza\u00e7\u00e3o de cerim\u00f4nias menores, ao ar livre e sem a presen\u00e7a de convidados externos.<\/p>\n\n\n\n<figure class=\"wp-block-image size-large\"><img decoding=\"async\" width=\"720\" height=\"480\" src=\"https:\/\/uenf.br\/portal\/wp-content\/uploads\/2020\/03\/Consuni-2-2.jpg\" alt=\"\" class=\"wp-image-4866\" srcset=\"https:\/\/portal1.uenf.br\/portal\/wp-content\/uploads\/2020\/03\/Consuni-2-2.jpg 720w, https:\/\/portal1.uenf.br\/portal\/wp-content\/uploads\/2020\/03\/Consuni-2-2-300x200.jpg 300w\" sizes=\"(max-width: 720px) 100vw, 720px\" \/><\/figure>\n\n\n\n<p>Para evitar filas e aglomera\u00e7\u00e3o dentro do Restaurante Universit\u00e1rio, a partir da pr\u00f3xima semana a empresa respons\u00e1vel pelo fornecimento das refei\u00e7\u00f5es trabalhar\u00e1 com o sistema de \u201cquentinhas\u201d e cada consumidor dever\u00e1 ter em m\u00e3os seus pr\u00f3prios talheres. Haver\u00e1 a coloca\u00e7\u00e3o de mesas nas \u00e1reas externas do restaurante. A empresa Ferthymar, que atua na limpeza do <em>campus<\/em>, est\u00e1 sendo orientada a refor\u00e7ar as medidas de higiene, aumentando a frequ\u00eancia da limpeza das mesas, ma\u00e7anetas, entre outros itens. Ser\u00e1 disponibilizado \u00e1lcool em gel junto aos recepcionistas nos diferentes pr\u00e9dios da UENF.<\/p>\n\n\n\n<p>Outras medidas de cunho geral e amplamente divulgadas devem ser\nfortemente incentivadas em todos os setores: lavar com frequ\u00eancia as m\u00e3os com\n\u00e1gua e sab\u00e3o, e quando n\u00e3o for poss\u00edvel, fazer uso do \u00e1lcool em gel, seguindo\nas orienta\u00e7\u00f5es de higiene b\u00e1sica; permanecer em ambientes com ventila\u00e7\u00e3o\nnatural; evitar aglomera\u00e7\u00f5es.<\/p>\n\n\n\n<p>Veja abaixo um resumo dos principais itens colocados pela Reitoria da\nUENF:<\/p>\n\n\n\n<p>1 &#8211; Cria\u00e7\u00e3o do Gabinete de Crise, com a Reitoria e outros professores da\n\u00e1rea de sa\u00fade;<\/p>\n\n\n\n<p>2 &#8211;&nbsp;&nbsp;&nbsp;&nbsp;Suspens\u00e3o imediata das atividades extracurriculares;<\/p>\n\n\n\n<p>3 &#8211;&nbsp;&nbsp;&nbsp;&nbsp;Formatura em ambiente aberto;<\/p>\n\n\n\n<p>4 &#8211;&nbsp;&nbsp;&nbsp;&nbsp;Suspens\u00e3o tempor\u00e1ria dos Projetos Terceira Idade em A\u00e7\u00e3o, Conhecendo a\nUENF e Feira de Ci\u00eancias;<\/p>\n\n\n\n<p>5 &#8211;&nbsp;&nbsp;&nbsp;&nbsp;Forte recomenda\u00e7\u00e3o para que os membros da comunidade universit\u00e1ria n\u00e3o\nrealizem viagens. Os que est\u00e3o em viagem, quando voltarem, devem fazer\nquarentena;<\/p>\n\n\n\n<p>6 &#8211;&nbsp;&nbsp;&nbsp;&nbsp;Aumento das medidas de higiene pela empresa Ferthymar;<\/p>\n\n\n\n<p>7 &#8211;\u00a0\u00a0\u00a0 Restaurante Universit\u00e1rio: para evitar aglomera\u00e7\u00e3o ser\u00e1 feita distribui\u00e7\u00e3o de quentinhas e os consumidores dever\u00e3o trazer seus talheres, sendo mantidas as tr\u00eas op\u00e7\u00f5es de prote\u00edna;<\/p>\n\n\n\n<p>8 &#8211;&nbsp;&nbsp;&nbsp;&nbsp;Manter comunica\u00e7\u00e3o constante com a comunidade.<\/p>\n\n\n\n<p>A UENF pauta suas a\u00e7\u00f5es com base em dados oficiais, mantendo cautela, transpar\u00eancia, tranquilidade e responsabilidade. <\/p>\n\n\n\n<p>. . . . . . . . . . . . . . . . . . . . . . . . . . . . . . . . . .  .\n . . . . . . . . . . . . . . . . . . . . . . . . . . . . . . . . .<\/p>\n\n\n\n<p><strong>Universidade Estadual do Norte Fluminense Darcy Ribeiro (UENF<\/strong>)<\/p>\n\n\n\n<p>Ger\u00eancia de Comunica\u00e7\u00e3o (ASCOM)<br \/> Av. Alberto Lamego, 2.000 \u2013 Parque Calif\u00f3rnia \u2013 Campos (RJ)<br \/> Telefones: Ascom: (22) 2739-7815 \/ 2739-7813<br \/> Reitoria: (22) 2739-7003<br \/> Email: uenf@uenf.br<\/p>\n","protected":false},"excerpt":{"rendered":"<p>Em reuni\u00e3o do Conselho Universit\u00e1rio da UENF (CONSUNI) realizada na manh\u00e3 desta sexta-feira, 13 de mar\u00e7o, o Reitor Raul Palacio informou que a Reitoria est\u00e1 ciente da grave situa\u00e7\u00e3o, decorrente da pandemia por coronav\u00edrus (Covid-19), e que o cen\u00e1rio est\u00e1 sendo acompanhado junto aos \u00f3rg\u00e3os oficiais e \u00e0s autoridades sanit\u00e1rias municipais, estaduais e federais. Uma [&hellip;]<\/p>\n","protected":false},"author":1,"featured_media":0,"comment_status":"closed","ping_status":"closed","sticky":false,"template":"","format":"standard","meta":{"_eb_attr":"","ocean_post_layout":"","ocean_both_sidebars_style":"","ocean_both_sidebars_content_width":0,"ocean_both_sidebars_sidebars_width":0,"ocean_sidebar":"","ocean_second_sidebar":"","ocean_disable_margins":"enable","ocean_add_body_class":"","ocean_shortcode_before_top_bar":"","ocean_shortcode_after_top_bar":"","ocean_shortcode_before_header":"","ocean_shortcode_after_header":"","ocean_has_shortcode":"","ocean_shortcode_after_title":"","ocean_shortcode_before_footer_widgets":"","ocean_shortcode_after_footer_widgets":"","ocean_shortcode_before_footer_bottom":"","ocean_shortcode_after_footer_bottom":"","ocean_display_top_bar":"default","ocean_display_header":"default","ocean_header_style":"","ocean_center_header_left_menu":"","ocean_custom_header_template":"","ocean_custom_logo":0,"ocean_custom_retina_logo":0,"ocean_custom_logo_max_width":0,"ocean_custom_logo_tablet_max_width":0,"ocean_custom_logo_mobile_max_width":0,"ocean_custom_logo_max_height":0,"ocean_custom_logo_tablet_max_height":0,"ocean_custom_logo_mobile_max_height":0,"ocean_header_custom_menu":"","ocean_menu_typo_font_family":"","ocean_menu_typo_font_subset":"","ocean_menu_typo_font_size":0,"ocean_menu_typo_font_size_tablet":0,"ocean_menu_typo_font_size_mobile":0,"ocean_menu_typo_font_size_unit":"px","ocean_menu_typo_font_weight":"","ocean_menu_typo_font_weight_tablet":"","ocean_menu_typo_font_weight_mobile":"","ocean_menu_typo_transform":"","ocean_menu_typo_transform_tablet":"","ocean_menu_typo_transform_mobile":"","ocean_menu_typo_line_height":0,"ocean_menu_typo_line_height_tablet":0,"ocean_menu_typo_line_height_mobile":0,"ocean_menu_typo_line_height_unit":"","ocean_menu_typo_spacing":0,"ocean_menu_typo_spacing_tablet":0,"ocean_menu_typo_spacing_mobile":0,"ocean_menu_typo_spacing_unit":"","ocean_menu_link_color":"","ocean_menu_link_color_hover":"","ocean_menu_link_color_active":"","ocean_menu_link_background":"","ocean_menu_link_hover_background":"","ocean_menu_link_active_background":"","ocean_menu_social_links_bg":"","ocean_menu_social_hover_links_bg":"","ocean_menu_social_links_color":"","ocean_menu_social_hover_links_color":"","ocean_disable_title":"default","ocean_disable_heading":"default","ocean_post_title":"","ocean_post_subheading":"","ocean_post_title_style":"","ocean_post_title_background_color":"","ocean_post_title_background":0,"ocean_post_title_bg_image_position":"","ocean_post_title_bg_image_attachment":"","ocean_post_title_bg_image_repeat":"","ocean_post_title_bg_image_size":"","ocean_post_title_height":0,"ocean_post_title_bg_overlay":0.5,"ocean_post_title_bg_overlay_color":"","ocean_disable_breadcrumbs":"default","ocean_breadcrumbs_color":"","ocean_breadcrumbs_separator_color":"","ocean_breadcrumbs_links_color":"","ocean_breadcrumbs_links_hover_color":"","ocean_display_footer_widgets":"default","ocean_display_footer_bottom":"default","ocean_custom_footer_template":"","ocean_post_oembed":"","ocean_post_self_hosted_media":"","ocean_post_video_embed":"","ocean_link_format":"","ocean_link_format_target":"self","ocean_quote_format":"","ocean_quote_format_link":"post","ocean_gallery_link_images":"off","ocean_gallery_id":[],"footnotes":""},"categories":[8],"tags":[],"class_list":["post-4863","post","type-post","status-publish","format-standard","hentry","category-noticias","entry"],"yoast_head":"<!-- This site is optimized with the Yoast SEO plugin v26.5 - https:\/\/yoast.com\/wordpress\/plugins\/seo\/ -->\n<title>Coronav\u00edrus (Covid-19): UENF anuncia medidas preventivas - UENF - Universidade Estadual do Norte Fluminense Darcy Ribeiro<\/title>\n<meta name=\"robots\" content=\"noindex, follow, max-snippet:-1, max-image-preview:large, max-video-preview:-1\" \/>\n<meta property=\"og:locale\" content=\"pt_BR\" \/>\n<meta property=\"og:type\" content=\"article\" \/>\n<meta property=\"og:title\" content=\"Coronav\u00edrus (Covid-19): UENF anuncia medidas preventivas - UENF - Universidade Estadual do Norte Fluminense Darcy Ribeiro\" \/>\n<meta property=\"og:description\" content=\"Em reuni\u00e3o do Conselho Universit\u00e1rio da UENF (CONSUNI) realizada na manh\u00e3 desta sexta-feira, 13 de mar\u00e7o, o Reitor Raul Palacio informou que a Reitoria est\u00e1 ciente da grave situa\u00e7\u00e3o, decorrente da pandemia por coronav\u00edrus (Covid-19), e que o cen\u00e1rio est\u00e1 sendo acompanhado junto aos \u00f3rg\u00e3os oficiais e \u00e0s autoridades sanit\u00e1rias municipais, estaduais e federais. Uma [&hellip;]\" \/>\n<meta property=\"og:url\" content=\"https:\/\/portal1.uenf.br\/portal\/noticias\/coronavirus-covid-19-uenf-anuncia-medidas-preventivas\/\" \/>\n<meta property=\"og:site_name\" content=\"UENF - Universidade Estadual do Norte Fluminense Darcy Ribeiro\" \/>\n<meta property=\"article:published_time\" content=\"2020-03-13T18:17:02+00:00\" \/>\n<meta property=\"og:image\" content=\"https:\/\/uenf.br\/portal\/wp-content\/uploads\/2020\/03\/Consuni-3-2.jpg\" \/>\n<meta name=\"author\" content=\"admin\" \/>\n<meta name=\"twitter:card\" content=\"summary_large_image\" \/>\n<meta name=\"twitter:label1\" content=\"Escrito por\" \/>\n\t<meta name=\"twitter:data1\" content=\"admin\" \/>\n\t<meta name=\"twitter:label2\" content=\"Est. tempo de leitura\" \/>\n\t<meta name=\"twitter:data2\" content=\"4 minutos\" \/>\n<script type=\"application\/ld+json\" class=\"yoast-schema-graph\">{\"@context\":\"https:\/\/schema.org\",\"@graph\":[{\"@type\":\"Article\",\"@id\":\"https:\/\/portal1.uenf.br\/portal\/noticias\/coronavirus-covid-19-uenf-anuncia-medidas-preventivas\/#article\",\"isPartOf\":{\"@id\":\"https:\/\/portal1.uenf.br\/portal\/noticias\/coronavirus-covid-19-uenf-anuncia-medidas-preventivas\/\"},\"author\":{\"name\":\"admin\",\"@id\":\"https:\/\/portal1.uenf.br\/portal\/#\/schema\/person\/068abbf03b6f8478c845bc8ded9270c7\"},\"headline\":\"Coronav\u00edrus (Covid-19): UENF anuncia medidas preventivas\",\"datePublished\":\"2020-03-13T18:17:02+00:00\",\"mainEntityOfPage\":{\"@id\":\"https:\/\/portal1.uenf.br\/portal\/noticias\/coronavirus-covid-19-uenf-anuncia-medidas-preventivas\/\"},\"wordCount\":736,\"publisher\":{\"@id\":\"https:\/\/portal1.uenf.br\/portal\/#organization\"},\"image\":{\"@id\":\"https:\/\/portal1.uenf.br\/portal\/noticias\/coronavirus-covid-19-uenf-anuncia-medidas-preventivas\/#primaryimage\"},\"thumbnailUrl\":\"https:\/\/uenf.br\/portal\/wp-content\/uploads\/2020\/03\/Consuni-3-2.jpg\",\"articleSection\":[\"Not\u00edcias\"],\"inLanguage\":\"pt-BR\"},{\"@type\":\"WebPage\",\"@id\":\"https:\/\/portal1.uenf.br\/portal\/noticias\/coronavirus-covid-19-uenf-anuncia-medidas-preventivas\/\",\"url\":\"https:\/\/portal1.uenf.br\/portal\/noticias\/coronavirus-covid-19-uenf-anuncia-medidas-preventivas\/\",\"name\":\"Coronav\u00edrus (Covid-19): UENF anuncia medidas preventivas - UENF - Universidade Estadual do Norte Fluminense Darcy Ribeiro\",\"isPartOf\":{\"@id\":\"https:\/\/portal1.uenf.br\/portal\/#website\"},\"primaryImageOfPage\":{\"@id\":\"https:\/\/portal1.uenf.br\/portal\/noticias\/coronavirus-covid-19-uenf-anuncia-medidas-preventivas\/#primaryimage\"},\"image\":{\"@id\":\"https:\/\/portal1.uenf.br\/portal\/noticias\/coronavirus-covid-19-uenf-anuncia-medidas-preventivas\/#primaryimage\"},\"thumbnailUrl\":\"https:\/\/uenf.br\/portal\/wp-content\/uploads\/2020\/03\/Consuni-3-2.jpg\",\"datePublished\":\"2020-03-13T18:17:02+00:00\",\"breadcrumb\":{\"@id\":\"https:\/\/portal1.uenf.br\/portal\/noticias\/coronavirus-covid-19-uenf-anuncia-medidas-preventivas\/#breadcrumb\"},\"inLanguage\":\"pt-BR\",\"potentialAction\":[{\"@type\":\"ReadAction\",\"target\":[\"https:\/\/portal1.uenf.br\/portal\/noticias\/coronavirus-covid-19-uenf-anuncia-medidas-preventivas\/\"]}]},{\"@type\":\"ImageObject\",\"inLanguage\":\"pt-BR\",\"@id\":\"https:\/\/portal1.uenf.br\/portal\/noticias\/coronavirus-covid-19-uenf-anuncia-medidas-preventivas\/#primaryimage\",\"url\":\"https:\/\/uenf.br\/portal\/wp-content\/uploads\/2020\/03\/Consuni-3-2.jpg\",\"contentUrl\":\"https:\/\/uenf.br\/portal\/wp-content\/uploads\/2020\/03\/Consuni-3-2.jpg\"},{\"@type\":\"BreadcrumbList\",\"@id\":\"https:\/\/portal1.uenf.br\/portal\/noticias\/coronavirus-covid-19-uenf-anuncia-medidas-preventivas\/#breadcrumb\",\"itemListElement\":[{\"@type\":\"ListItem\",\"position\":1,\"name\":\"In\u00edcio\",\"item\":\"https:\/\/portal1.uenf.br\/portal\/\"},{\"@type\":\"ListItem\",\"position\":2,\"name\":\"Coronav\u00edrus (Covid-19): UENF anuncia medidas preventivas\"}]},{\"@type\":\"WebSite\",\"@id\":\"https:\/\/portal1.uenf.br\/portal\/#website\",\"url\":\"https:\/\/portal1.uenf.br\/portal\/\",\"name\":\"UENF - Universidade Estadual do Norte Fluminense Darcy Ribeiro\",\"description\":\"\",\"publisher\":{\"@id\":\"https:\/\/portal1.uenf.br\/portal\/#organization\"},\"potentialAction\":[{\"@type\":\"SearchAction\",\"target\":{\"@type\":\"EntryPoint\",\"urlTemplate\":\"https:\/\/portal1.uenf.br\/portal\/?s={search_term_string}\"},\"query-input\":{\"@type\":\"PropertyValueSpecification\",\"valueRequired\":true,\"valueName\":\"search_term_string\"}}],\"inLanguage\":\"pt-BR\"},{\"@type\":\"Organization\",\"@id\":\"https:\/\/portal1.uenf.br\/portal\/#organization\",\"name\":\"UENF - Universidade Estadual do Norte Fluminense Darcy Ribeiro\",\"url\":\"https:\/\/portal1.uenf.br\/portal\/\",\"logo\":{\"@type\":\"ImageObject\",\"inLanguage\":\"pt-BR\",\"@id\":\"https:\/\/portal1.uenf.br\/portal\/#\/schema\/logo\/image\/\",\"url\":\"https:\/\/portal1.uenf.br\/portal\/wp-content\/uploads\/2018\/06\/logo-uenf-invertido-1.png\",\"contentUrl\":\"https:\/\/portal1.uenf.br\/portal\/wp-content\/uploads\/2018\/06\/logo-uenf-invertido-1.png\",\"width\":482,\"height\":83,\"caption\":\"UENF - Universidade Estadual do Norte Fluminense Darcy Ribeiro\"},\"image\":{\"@id\":\"https:\/\/portal1.uenf.br\/portal\/#\/schema\/logo\/image\/\"}},{\"@type\":\"Person\",\"@id\":\"https:\/\/portal1.uenf.br\/portal\/#\/schema\/person\/068abbf03b6f8478c845bc8ded9270c7\",\"name\":\"admin\",\"image\":{\"@type\":\"ImageObject\",\"inLanguage\":\"pt-BR\",\"@id\":\"https:\/\/portal1.uenf.br\/portal\/#\/schema\/person\/image\/\",\"url\":\"https:\/\/secure.gravatar.com\/avatar\/e5ecf9e4fae0742f4b136f518195bafa7b2d3f7c709f4bdc6707588ef68a6e25?s=96&d=mm&r=g\",\"contentUrl\":\"https:\/\/secure.gravatar.com\/avatar\/e5ecf9e4fae0742f4b136f518195bafa7b2d3f7c709f4bdc6707588ef68a6e25?s=96&d=mm&r=g\",\"caption\":\"admin\"},\"sameAs\":[\"https:\/\/portal1.uenf.br\/portal\"],\"url\":\"https:\/\/portal1.uenf.br\/portal\/author\/edson\/\"}]}<\/script>\n<!-- \/ Yoast SEO plugin. -->","yoast_head_json":{"title":"Coronav\u00edrus (Covid-19): UENF anuncia medidas preventivas - UENF - Universidade Estadual do Norte Fluminense Darcy Ribeiro","robots":{"index":"noindex","follow":"follow","max-snippet":"max-snippet:-1","max-image-preview":"max-image-preview:large","max-video-preview":"max-video-preview:-1"},"og_locale":"pt_BR","og_type":"article","og_title":"Coronav\u00edrus (Covid-19): UENF anuncia medidas preventivas - UENF - Universidade Estadual do Norte Fluminense Darcy Ribeiro","og_description":"Em reuni\u00e3o do Conselho Universit\u00e1rio da UENF (CONSUNI) realizada na manh\u00e3 desta sexta-feira, 13 de mar\u00e7o, o Reitor Raul Palacio informou que a Reitoria est\u00e1 ciente da grave situa\u00e7\u00e3o, decorrente da pandemia por coronav\u00edrus (Covid-19), e que o cen\u00e1rio est\u00e1 sendo acompanhado junto aos \u00f3rg\u00e3os oficiais e \u00e0s autoridades sanit\u00e1rias municipais, estaduais e federais. Uma [&hellip;]","og_url":"https:\/\/portal1.uenf.br\/portal\/noticias\/coronavirus-covid-19-uenf-anuncia-medidas-preventivas\/","og_site_name":"UENF - Universidade Estadual do Norte Fluminense Darcy Ribeiro","article_published_time":"2020-03-13T18:17:02+00:00","og_image":[{"url":"https:\/\/uenf.br\/portal\/wp-content\/uploads\/2020\/03\/Consuni-3-2.jpg","type":"","width":"","height":""}],"author":"admin","twitter_card":"summary_large_image","twitter_misc":{"Escrito por":"admin","Est. tempo de leitura":"4 minutos"},"schema":{"@context":"https:\/\/schema.org","@graph":[{"@type":"Article","@id":"https:\/\/portal1.uenf.br\/portal\/noticias\/coronavirus-covid-19-uenf-anuncia-medidas-preventivas\/#article","isPartOf":{"@id":"https:\/\/portal1.uenf.br\/portal\/noticias\/coronavirus-covid-19-uenf-anuncia-medidas-preventivas\/"},"author":{"name":"admin","@id":"https:\/\/portal1.uenf.br\/portal\/#\/schema\/person\/068abbf03b6f8478c845bc8ded9270c7"},"headline":"Coronav\u00edrus (Covid-19): UENF anuncia medidas preventivas","datePublished":"2020-03-13T18:17:02+00:00","mainEntityOfPage":{"@id":"https:\/\/portal1.uenf.br\/portal\/noticias\/coronavirus-covid-19-uenf-anuncia-medidas-preventivas\/"},"wordCount":736,"publisher":{"@id":"https:\/\/portal1.uenf.br\/portal\/#organization"},"image":{"@id":"https:\/\/portal1.uenf.br\/portal\/noticias\/coronavirus-covid-19-uenf-anuncia-medidas-preventivas\/#primaryimage"},"thumbnailUrl":"https:\/\/uenf.br\/portal\/wp-content\/uploads\/2020\/03\/Consuni-3-2.jpg","articleSection":["Not\u00edcias"],"inLanguage":"pt-BR"},{"@type":"WebPage","@id":"https:\/\/portal1.uenf.br\/portal\/noticias\/coronavirus-covid-19-uenf-anuncia-medidas-preventivas\/","url":"https:\/\/portal1.uenf.br\/portal\/noticias\/coronavirus-covid-19-uenf-anuncia-medidas-preventivas\/","name":"Coronav\u00edrus (Covid-19): UENF anuncia medidas preventivas - UENF - Universidade Estadual do Norte Fluminense Darcy Ribeiro","isPartOf":{"@id":"https:\/\/portal1.uenf.br\/portal\/#website"},"primaryImageOfPage":{"@id":"https:\/\/portal1.uenf.br\/portal\/noticias\/coronavirus-covid-19-uenf-anuncia-medidas-preventivas\/#primaryimage"},"image":{"@id":"https:\/\/portal1.uenf.br\/portal\/noticias\/coronavirus-covid-19-uenf-anuncia-medidas-preventivas\/#primaryimage"},"thumbnailUrl":"https:\/\/uenf.br\/portal\/wp-content\/uploads\/2020\/03\/Consuni-3-2.jpg","datePublished":"2020-03-13T18:17:02+00:00","breadcrumb":{"@id":"https:\/\/portal1.uenf.br\/portal\/noticias\/coronavirus-covid-19-uenf-anuncia-medidas-preventivas\/#breadcrumb"},"inLanguage":"pt-BR","potentialAction":[{"@type":"ReadAction","target":["https:\/\/portal1.uenf.br\/portal\/noticias\/coronavirus-covid-19-uenf-anuncia-medidas-preventivas\/"]}]},{"@type":"ImageObject","inLanguage":"pt-BR","@id":"https:\/\/portal1.uenf.br\/portal\/noticias\/coronavirus-covid-19-uenf-anuncia-medidas-preventivas\/#primaryimage","url":"https:\/\/uenf.br\/portal\/wp-content\/uploads\/2020\/03\/Consuni-3-2.jpg","contentUrl":"https:\/\/uenf.br\/portal\/wp-content\/uploads\/2020\/03\/Consuni-3-2.jpg"},{"@type":"BreadcrumbList","@id":"https:\/\/portal1.uenf.br\/portal\/noticias\/coronavirus-covid-19-uenf-anuncia-medidas-preventivas\/#breadcrumb","itemListElement":[{"@type":"ListItem","position":1,"name":"In\u00edcio","item":"https:\/\/portal1.uenf.br\/portal\/"},{"@type":"ListItem","position":2,"name":"Coronav\u00edrus (Covid-19): UENF anuncia medidas preventivas"}]},{"@type":"WebSite","@id":"https:\/\/portal1.uenf.br\/portal\/#website","url":"https:\/\/portal1.uenf.br\/portal\/","name":"UENF - Universidade Estadual do Norte Fluminense Darcy Ribeiro","description":"","publisher":{"@id":"https:\/\/portal1.uenf.br\/portal\/#organization"},"potentialAction":[{"@type":"SearchAction","target":{"@type":"EntryPoint","urlTemplate":"https:\/\/portal1.uenf.br\/portal\/?s={search_term_string}"},"query-input":{"@type":"PropertyValueSpecification","valueRequired":true,"valueName":"search_term_string"}}],"inLanguage":"pt-BR"},{"@type":"Organization","@id":"https:\/\/portal1.uenf.br\/portal\/#organization","name":"UENF - Universidade Estadual do Norte Fluminense Darcy Ribeiro","url":"https:\/\/portal1.uenf.br\/portal\/","logo":{"@type":"ImageObject","inLanguage":"pt-BR","@id":"https:\/\/portal1.uenf.br\/portal\/#\/schema\/logo\/image\/","url":"https:\/\/portal1.uenf.br\/portal\/wp-content\/uploads\/2018\/06\/logo-uenf-invertido-1.png","contentUrl":"https:\/\/portal1.uenf.br\/portal\/wp-content\/uploads\/2018\/06\/logo-uenf-invertido-1.png","width":482,"height":83,"caption":"UENF - Universidade Estadual do Norte Fluminense Darcy Ribeiro"},"image":{"@id":"https:\/\/portal1.uenf.br\/portal\/#\/schema\/logo\/image\/"}},{"@type":"Person","@id":"https:\/\/portal1.uenf.br\/portal\/#\/schema\/person\/068abbf03b6f8478c845bc8ded9270c7","name":"admin","image":{"@type":"ImageObject","inLanguage":"pt-BR","@id":"https:\/\/portal1.uenf.br\/portal\/#\/schema\/person\/image\/","url":"https:\/\/secure.gravatar.com\/avatar\/e5ecf9e4fae0742f4b136f518195bafa7b2d3f7c709f4bdc6707588ef68a6e25?s=96&d=mm&r=g","contentUrl":"https:\/\/secure.gravatar.com\/avatar\/e5ecf9e4fae0742f4b136f518195bafa7b2d3f7c709f4bdc6707588ef68a6e25?s=96&d=mm&r=g","caption":"admin"},"sameAs":["https:\/\/portal1.uenf.br\/portal"],"url":"https:\/\/portal1.uenf.br\/portal\/author\/edson\/"}]}},"_links":{"self":[{"href":"https:\/\/portal1.uenf.br\/portal\/wp-json\/wp\/v2\/posts\/4863","targetHints":{"allow":["GET"]}}],"collection":[{"href":"https:\/\/portal1.uenf.br\/portal\/wp-json\/wp\/v2\/posts"}],"about":[{"href":"https:\/\/portal1.uenf.br\/portal\/wp-json\/wp\/v2\/types\/post"}],"author":[{"embeddable":true,"href":"https:\/\/portal1.uenf.br\/portal\/wp-json\/wp\/v2\/users\/1"}],"replies":[{"embeddable":true,"href":"https:\/\/portal1.uenf.br\/portal\/wp-json\/wp\/v2\/comments?post=4863"}],"version-history":[{"count":0,"href":"https:\/\/portal1.uenf.br\/portal\/wp-json\/wp\/v2\/posts\/4863\/revisions"}],"wp:attachment":[{"href":"https:\/\/portal1.uenf.br\/portal\/wp-json\/wp\/v2\/media?parent=4863"}],"wp:term":[{"taxonomy":"category","embeddable":true,"href":"https:\/\/portal1.uenf.br\/portal\/wp-json\/wp\/v2\/categories?post=4863"},{"taxonomy":"post_tag","embeddable":true,"href":"https:\/\/portal1.uenf.br\/portal\/wp-json\/wp\/v2\/tags?post=4863"}],"curies":[{"name":"wp","href":"https:\/\/api.w.org\/{rel}","templated":true}]}}