{"id":3739,"date":"2019-10-02T17:12:16","date_gmt":"2019-10-02T20:12:16","guid":{"rendered":"https:\/\/uenf.br\/portal\/?p=3739"},"modified":"2019-10-02T17:12:16","modified_gmt":"2019-10-02T20:12:16","slug":"reuniao-de-emenda-participativa-aprova-proposta-da-uenf","status":"publish","type":"post","link":"https:\/\/portal1.uenf.br\/portal\/noticias\/reuniao-de-emenda-participativa-aprova-proposta-da-uenf\/","title":{"rendered":"Reuni\u00e3o de Emenda Participativa aprova proposta da UENF"},"content":{"rendered":"<h3><img decoding=\"async\" class=\"alignnone size-full wp-image-17567\" src=\"http:\/\/www.uenf.br\/dic\/ascom\/wp-content\/uploads\/sites\/4\/2015\/06\/logo-informativo.jpg-melhorado-PARA-PORTAL.jpg\" alt=\"logo-informativo.jpg-melhorado-PARA-PORTAL\" width=\"407\" height=\"58\"><\/h3>\n<p>Campos dos Goytacazes (RJ), sexta-feira, 27 de setembro de 2019<\/p>\n\n\n<h3 class=\"wp-block-heading\">Reuni\u00e3o de Emenda Participativa aprova proposta da UENF<\/h3>\n\n\n\n<div class=\"wp-block-image\"><figure class=\"alignright is-resized\"><img fetchpriority=\"high\" decoding=\"async\" src=\"http:\/\/uenf.br\/dic\/ascom\/wp-content\/uploads\/sites\/4\/2019\/09\/Emenda-participativa-2-web.jpg\" alt=\"\" class=\"wp-image-28345\" width=\"407\" height=\"271\"\/><\/figure><\/div>\n\n\n\n<p>Foi realizada na tarde da \u00faltima quinta-feira, 26\/09\/19, no Centro de Conven\u00e7\u00f5es da UENF, uma Reuni\u00e3o de Emenda Participativa promovida pelo deputado Glauber Braga (PSOL-RJ). Na ocasi\u00e3o, foram apresentadas e votadas propostas da Universidade. A proposta vencedora foi \u201cCi\u00eancia e conhecimento para o interior fluminense\u201d, apresentada pelo pr\u00f3-reitor de Extens\u00e3o e Assuntos Comunit\u00e1rios, Olney Motta. O projeto, voltado para a populariza\u00e7\u00e3o da ci\u00eancia, prev\u00ea a instala\u00e7\u00e3o de uma tenda cultural no&nbsp;<em>campus<\/em>&nbsp;da UENF, para a realiza\u00e7\u00e3o de eventos dirigidos \u00e0 comunidade.<\/p>\n\n\n\n<p>Estiveram presentes os assessores Landri Schettini, Alice Agmar Velasco, Maximiliano Narciso e Tatiana Maroti. Eles informaram que as reuni\u00f5es de emenda participativa s\u00e3o rotineiras e que o deputado n\u00e3o compareceu porque estava na sess\u00e3o do Congresso. Os outros projetos apresentados pela UENF foram \u201cAquisi\u00e7\u00e3o e instala\u00e7\u00e3o de sistema de gera\u00e7\u00e3o de energia fotovoltaica\u201d (que ficou em segundo lugar) e \u201cControle populacional de animais errantes do Parque Estadual Lagoa do A\u00e7u\u201d (\u00faltimo colocado).<\/p>\n\n\n\n<p>Schettini explicou que cada deputado pode indicar ao or\u00e7amento da Uni\u00e3o emendas num total de R$ 15 milh\u00f5es. Metade deste valor \u00e9 dirigido \u00e0 \u00e1rea de sa\u00fade. Segundo Schettini, o deputado Glauber Braga decidiu priorizar, este ano, a \u00e1rea de educa\u00e7\u00e3o na destina\u00e7\u00e3o dos R$ 7,5 milh\u00f5es restantes. Para a UENF, foi destinado o valor de R$ 500 mil.&nbsp;\u201cOs recursos ser\u00e3o lan\u00e7ados no or\u00e7amento de 2020. Mas a Universidade ter\u00e1 que cumprir uma s\u00e9rie de exig\u00eancias para que os recursos sejam liberados\u201d, disse.<\/p>\n\n\n\n<p>O assessor informou que este tipo de reuni\u00e3o vem sendo realizado pelo deputado Glauber Braga em todos os seus mandatos \u2014 este \u00e9 o quarto. \u201cNestas reuni\u00f5es todos t\u00eam direito a apresentar suas propostas e todos t\u00eam direito a voto. O deputado n\u00e3o interfere nas propostas escolhidas. O plen\u00e1rio \u00e9 soberano. \u00c9 um esfor\u00e7o para democratizar a escolha das emendas\u201d, disse.&nbsp;. . . . . . . . . . . . . . . . . . . . . . . . . . . . . . . . . . . . . . . . . . . . . . . . . . . . . . . . . . . . . . . . . .<strong>Universidade Estadual do Norte Fluminense Darcy Ribeiro (UENF<\/strong>)<\/p>\n\n\n\n<p>Ger\u00eancia de Comunica\u00e7\u00e3o (ASCOM)<br \/>Av. Alberto Lamego, 2.000 \u2013 Parque Calif\u00f3rnia \u2013 Campos (RJ)<br \/>Telefones: Ascom: (22) 2739-7815 \/ 2739-7813<br \/>Reitoria: (22) 2739-7003<br \/>Email: uenf@uenf.br<br \/>Gerente de Comunica\u00e7\u00e3o: Vitor Sendra<\/p>\n","protected":false},"excerpt":{"rendered":"<p>Foi realizada na tarde da \u00faltima quinta-feira, 26\/09\/19, no Centro de Conven\u00e7\u00f5es da UENF, uma Reuni\u00e3o de Emenda Participativa promovida pelo deputado Glauber Braga (PSOL-RJ). Na ocasi\u00e3o, foram apresentadas e votadas propostas da Universidade&#8230;.<\/p>\n","protected":false},"author":1,"featured_media":3713,"comment_status":"closed","ping_status":"closed","sticky":false,"template":"","format":"standard","meta":{"_eb_attr":"","ocean_post_layout":"","ocean_both_sidebars_style":"","ocean_both_sidebars_content_width":0,"ocean_both_sidebars_sidebars_width":0,"ocean_sidebar":"","ocean_second_sidebar":"","ocean_disable_margins":"enable","ocean_add_body_class":"","ocean_shortcode_before_top_bar":"","ocean_shortcode_after_top_bar":"","ocean_shortcode_before_header":"","ocean_shortcode_after_header":"","ocean_has_shortcode":"","ocean_shortcode_after_title":"","ocean_shortcode_before_footer_widgets":"","ocean_shortcode_after_footer_widgets":"","ocean_shortcode_before_footer_bottom":"","ocean_shortcode_after_footer_bottom":"","ocean_display_top_bar":"default","ocean_display_header":"default","ocean_header_style":"","ocean_center_header_left_menu":"","ocean_custom_header_template":"","ocean_custom_logo":0,"ocean_custom_retina_logo":0,"ocean_custom_logo_max_width":0,"ocean_custom_logo_tablet_max_width":0,"ocean_custom_logo_mobile_max_width":0,"ocean_custom_logo_max_height":0,"ocean_custom_logo_tablet_max_height":0,"ocean_custom_logo_mobile_max_height":0,"ocean_header_custom_menu":"","ocean_menu_typo_font_family":"","ocean_menu_typo_font_subset":"","ocean_menu_typo_font_size":0,"ocean_menu_typo_font_size_tablet":0,"ocean_menu_typo_font_size_mobile":0,"ocean_menu_typo_font_size_unit":"px","ocean_menu_typo_font_weight":"","ocean_menu_typo_font_weight_tablet":"","ocean_menu_typo_font_weight_mobile":"","ocean_menu_typo_transform":"","ocean_menu_typo_transform_tablet":"","ocean_menu_typo_transform_mobile":"","ocean_menu_typo_line_height":0,"ocean_menu_typo_line_height_tablet":0,"ocean_menu_typo_line_height_mobile":0,"ocean_menu_typo_line_height_unit":"","ocean_menu_typo_spacing":0,"ocean_menu_typo_spacing_tablet":0,"ocean_menu_typo_spacing_mobile":0,"ocean_menu_typo_spacing_unit":"","ocean_menu_link_color":"","ocean_menu_link_color_hover":"","ocean_menu_link_color_active":"","ocean_menu_link_background":"","ocean_menu_link_hover_background":"","ocean_menu_link_active_background":"","ocean_menu_social_links_bg":"","ocean_menu_social_hover_links_bg":"","ocean_menu_social_links_color":"","ocean_menu_social_hover_links_color":"","ocean_disable_title":"default","ocean_disable_heading":"default","ocean_post_title":"","ocean_post_subheading":"","ocean_post_title_style":"","ocean_post_title_background_color":"","ocean_post_title_background":0,"ocean_post_title_bg_image_position":"","ocean_post_title_bg_image_attachment":"","ocean_post_title_bg_image_repeat":"","ocean_post_title_bg_image_size":"","ocean_post_title_height":0,"ocean_post_title_bg_overlay":0.5,"ocean_post_title_bg_overlay_color":"","ocean_disable_breadcrumbs":"default","ocean_breadcrumbs_color":"","ocean_breadcrumbs_separator_color":"","ocean_breadcrumbs_links_color":"","ocean_breadcrumbs_links_hover_color":"","ocean_display_footer_widgets":"default","ocean_display_footer_bottom":"default","ocean_custom_footer_template":"","ocean_post_oembed":"","ocean_post_self_hosted_media":"","ocean_post_video_embed":"","ocean_link_format":"","ocean_link_format_target":"self","ocean_quote_format":"","ocean_quote_format_link":"post","ocean_gallery_link_images":"off","ocean_gallery_id":[],"footnotes":""},"categories":[8],"tags":[],"class_list":["post-3739","post","type-post","status-publish","format-standard","has-post-thumbnail","hentry","category-noticias","entry","has-media"],"yoast_head":"<!-- This site is optimized with the Yoast SEO plugin v26.5 - https:\/\/yoast.com\/wordpress\/plugins\/seo\/ -->\n<title>Reuni\u00e3o de Emenda Participativa aprova proposta da UENF - UENF - Universidade Estadual do Norte Fluminense Darcy Ribeiro<\/title>\n<meta name=\"robots\" content=\"noindex, follow, max-snippet:-1, max-image-preview:large, max-video-preview:-1\" \/>\n<meta property=\"og:locale\" content=\"pt_BR\" \/>\n<meta property=\"og:type\" content=\"article\" \/>\n<meta property=\"og:title\" content=\"Reuni\u00e3o de Emenda Participativa aprova proposta da UENF - UENF - Universidade Estadual do Norte Fluminense Darcy Ribeiro\" \/>\n<meta property=\"og:description\" content=\"Foi realizada na tarde da \u00faltima quinta-feira, 26\/09\/19, no Centro de Conven\u00e7\u00f5es da UENF, uma Reuni\u00e3o de Emenda Participativa promovida pelo deputado Glauber Braga (PSOL-RJ). Na ocasi\u00e3o, foram apresentadas e votadas propostas da Universidade....\" \/>\n<meta property=\"og:url\" content=\"https:\/\/portal1.uenf.br\/portal\/noticias\/reuniao-de-emenda-participativa-aprova-proposta-da-uenf\/\" \/>\n<meta property=\"og:site_name\" content=\"UENF - Universidade Estadual do Norte Fluminense Darcy Ribeiro\" \/>\n<meta property=\"article:published_time\" content=\"2019-10-02T20:12:16+00:00\" \/>\n<meta property=\"og:image\" content=\"https:\/\/portal1.uenf.br\/portal\/wp-content\/uploads\/2019\/10\/Emenda-participativa-2-web.jpg\" \/>\n\t<meta property=\"og:image:width\" content=\"720\" \/>\n\t<meta property=\"og:image:height\" content=\"480\" \/>\n\t<meta property=\"og:image:type\" content=\"image\/jpeg\" \/>\n<meta name=\"author\" content=\"admin\" \/>\n<meta name=\"twitter:card\" content=\"summary_large_image\" \/>\n<meta name=\"twitter:label1\" content=\"Escrito por\" \/>\n\t<meta name=\"twitter:data1\" content=\"admin\" \/>\n\t<meta name=\"twitter:label2\" content=\"Est. tempo de leitura\" \/>\n\t<meta name=\"twitter:data2\" content=\"2 minutos\" \/>\n<script type=\"application\/ld+json\" class=\"yoast-schema-graph\">{\"@context\":\"https:\/\/schema.org\",\"@graph\":[{\"@type\":\"Article\",\"@id\":\"https:\/\/portal1.uenf.br\/portal\/noticias\/reuniao-de-emenda-participativa-aprova-proposta-da-uenf\/#article\",\"isPartOf\":{\"@id\":\"https:\/\/portal1.uenf.br\/portal\/noticias\/reuniao-de-emenda-participativa-aprova-proposta-da-uenf\/\"},\"author\":{\"name\":\"admin\",\"@id\":\"https:\/\/portal1.uenf.br\/portal\/#\/schema\/person\/068abbf03b6f8478c845bc8ded9270c7\"},\"headline\":\"Reuni\u00e3o de Emenda Participativa aprova proposta da UENF\",\"datePublished\":\"2019-10-02T20:12:16+00:00\",\"mainEntityOfPage\":{\"@id\":\"https:\/\/portal1.uenf.br\/portal\/noticias\/reuniao-de-emenda-participativa-aprova-proposta-da-uenf\/\"},\"wordCount\":392,\"publisher\":{\"@id\":\"https:\/\/portal1.uenf.br\/portal\/#organization\"},\"image\":{\"@id\":\"https:\/\/portal1.uenf.br\/portal\/noticias\/reuniao-de-emenda-participativa-aprova-proposta-da-uenf\/#primaryimage\"},\"thumbnailUrl\":\"https:\/\/portal1.uenf.br\/portal\/wp-content\/uploads\/2019\/10\/Emenda-participativa-2-web.jpg\",\"articleSection\":[\"Not\u00edcias\"],\"inLanguage\":\"pt-BR\"},{\"@type\":\"WebPage\",\"@id\":\"https:\/\/portal1.uenf.br\/portal\/noticias\/reuniao-de-emenda-participativa-aprova-proposta-da-uenf\/\",\"url\":\"https:\/\/portal1.uenf.br\/portal\/noticias\/reuniao-de-emenda-participativa-aprova-proposta-da-uenf\/\",\"name\":\"Reuni\u00e3o de Emenda Participativa aprova proposta da UENF - UENF - Universidade Estadual do Norte Fluminense Darcy Ribeiro\",\"isPartOf\":{\"@id\":\"https:\/\/portal1.uenf.br\/portal\/#website\"},\"primaryImageOfPage\":{\"@id\":\"https:\/\/portal1.uenf.br\/portal\/noticias\/reuniao-de-emenda-participativa-aprova-proposta-da-uenf\/#primaryimage\"},\"image\":{\"@id\":\"https:\/\/portal1.uenf.br\/portal\/noticias\/reuniao-de-emenda-participativa-aprova-proposta-da-uenf\/#primaryimage\"},\"thumbnailUrl\":\"https:\/\/portal1.uenf.br\/portal\/wp-content\/uploads\/2019\/10\/Emenda-participativa-2-web.jpg\",\"datePublished\":\"2019-10-02T20:12:16+00:00\",\"breadcrumb\":{\"@id\":\"https:\/\/portal1.uenf.br\/portal\/noticias\/reuniao-de-emenda-participativa-aprova-proposta-da-uenf\/#breadcrumb\"},\"inLanguage\":\"pt-BR\",\"potentialAction\":[{\"@type\":\"ReadAction\",\"target\":[\"https:\/\/portal1.uenf.br\/portal\/noticias\/reuniao-de-emenda-participativa-aprova-proposta-da-uenf\/\"]}]},{\"@type\":\"ImageObject\",\"inLanguage\":\"pt-BR\",\"@id\":\"https:\/\/portal1.uenf.br\/portal\/noticias\/reuniao-de-emenda-participativa-aprova-proposta-da-uenf\/#primaryimage\",\"url\":\"https:\/\/portal1.uenf.br\/portal\/wp-content\/uploads\/2019\/10\/Emenda-participativa-2-web.jpg\",\"contentUrl\":\"https:\/\/portal1.uenf.br\/portal\/wp-content\/uploads\/2019\/10\/Emenda-participativa-2-web.jpg\",\"width\":720,\"height\":480},{\"@type\":\"BreadcrumbList\",\"@id\":\"https:\/\/portal1.uenf.br\/portal\/noticias\/reuniao-de-emenda-participativa-aprova-proposta-da-uenf\/#breadcrumb\",\"itemListElement\":[{\"@type\":\"ListItem\",\"position\":1,\"name\":\"In\u00edcio\",\"item\":\"https:\/\/portal1.uenf.br\/portal\/\"},{\"@type\":\"ListItem\",\"position\":2,\"name\":\"Reuni\u00e3o de Emenda Participativa aprova proposta da UENF\"}]},{\"@type\":\"WebSite\",\"@id\":\"https:\/\/portal1.uenf.br\/portal\/#website\",\"url\":\"https:\/\/portal1.uenf.br\/portal\/\",\"name\":\"UENF - Universidade Estadual do Norte Fluminense Darcy Ribeiro\",\"description\":\"\",\"publisher\":{\"@id\":\"https:\/\/portal1.uenf.br\/portal\/#organization\"},\"potentialAction\":[{\"@type\":\"SearchAction\",\"target\":{\"@type\":\"EntryPoint\",\"urlTemplate\":\"https:\/\/portal1.uenf.br\/portal\/?s={search_term_string}\"},\"query-input\":{\"@type\":\"PropertyValueSpecification\",\"valueRequired\":true,\"valueName\":\"search_term_string\"}}],\"inLanguage\":\"pt-BR\"},{\"@type\":\"Organization\",\"@id\":\"https:\/\/portal1.uenf.br\/portal\/#organization\",\"name\":\"UENF - Universidade Estadual do Norte Fluminense Darcy Ribeiro\",\"url\":\"https:\/\/portal1.uenf.br\/portal\/\",\"logo\":{\"@type\":\"ImageObject\",\"inLanguage\":\"pt-BR\",\"@id\":\"https:\/\/portal1.uenf.br\/portal\/#\/schema\/logo\/image\/\",\"url\":\"https:\/\/portal1.uenf.br\/portal\/wp-content\/uploads\/2018\/06\/logo-uenf-invertido-1.png\",\"contentUrl\":\"https:\/\/portal1.uenf.br\/portal\/wp-content\/uploads\/2018\/06\/logo-uenf-invertido-1.png\",\"width\":482,\"height\":83,\"caption\":\"UENF - Universidade Estadual do Norte Fluminense Darcy Ribeiro\"},\"image\":{\"@id\":\"https:\/\/portal1.uenf.br\/portal\/#\/schema\/logo\/image\/\"}},{\"@type\":\"Person\",\"@id\":\"https:\/\/portal1.uenf.br\/portal\/#\/schema\/person\/068abbf03b6f8478c845bc8ded9270c7\",\"name\":\"admin\",\"image\":{\"@type\":\"ImageObject\",\"inLanguage\":\"pt-BR\",\"@id\":\"https:\/\/portal1.uenf.br\/portal\/#\/schema\/person\/image\/\",\"url\":\"https:\/\/secure.gravatar.com\/avatar\/e5ecf9e4fae0742f4b136f518195bafa7b2d3f7c709f4bdc6707588ef68a6e25?s=96&d=mm&r=g\",\"contentUrl\":\"https:\/\/secure.gravatar.com\/avatar\/e5ecf9e4fae0742f4b136f518195bafa7b2d3f7c709f4bdc6707588ef68a6e25?s=96&d=mm&r=g\",\"caption\":\"admin\"},\"sameAs\":[\"https:\/\/portal1.uenf.br\/portal\"],\"url\":\"https:\/\/portal1.uenf.br\/portal\/author\/edson\/\"}]}<\/script>\n<!-- \/ Yoast SEO plugin. -->","yoast_head_json":{"title":"Reuni\u00e3o de Emenda Participativa aprova proposta da UENF - UENF - Universidade Estadual do Norte Fluminense Darcy Ribeiro","robots":{"index":"noindex","follow":"follow","max-snippet":"max-snippet:-1","max-image-preview":"max-image-preview:large","max-video-preview":"max-video-preview:-1"},"og_locale":"pt_BR","og_type":"article","og_title":"Reuni\u00e3o de Emenda Participativa aprova proposta da UENF - UENF - Universidade Estadual do Norte Fluminense Darcy Ribeiro","og_description":"Foi realizada na tarde da \u00faltima quinta-feira, 26\/09\/19, no Centro de Conven\u00e7\u00f5es da UENF, uma Reuni\u00e3o de Emenda Participativa promovida pelo deputado Glauber Braga (PSOL-RJ). Na ocasi\u00e3o, foram apresentadas e votadas propostas da Universidade....","og_url":"https:\/\/portal1.uenf.br\/portal\/noticias\/reuniao-de-emenda-participativa-aprova-proposta-da-uenf\/","og_site_name":"UENF - Universidade Estadual do Norte Fluminense Darcy Ribeiro","article_published_time":"2019-10-02T20:12:16+00:00","og_image":[{"width":720,"height":480,"url":"https:\/\/portal1.uenf.br\/portal\/wp-content\/uploads\/2019\/10\/Emenda-participativa-2-web.jpg","type":"image\/jpeg"}],"author":"admin","twitter_card":"summary_large_image","twitter_misc":{"Escrito por":"admin","Est. tempo de leitura":"2 minutos"},"schema":{"@context":"https:\/\/schema.org","@graph":[{"@type":"Article","@id":"https:\/\/portal1.uenf.br\/portal\/noticias\/reuniao-de-emenda-participativa-aprova-proposta-da-uenf\/#article","isPartOf":{"@id":"https:\/\/portal1.uenf.br\/portal\/noticias\/reuniao-de-emenda-participativa-aprova-proposta-da-uenf\/"},"author":{"name":"admin","@id":"https:\/\/portal1.uenf.br\/portal\/#\/schema\/person\/068abbf03b6f8478c845bc8ded9270c7"},"headline":"Reuni\u00e3o de Emenda Participativa aprova proposta da UENF","datePublished":"2019-10-02T20:12:16+00:00","mainEntityOfPage":{"@id":"https:\/\/portal1.uenf.br\/portal\/noticias\/reuniao-de-emenda-participativa-aprova-proposta-da-uenf\/"},"wordCount":392,"publisher":{"@id":"https:\/\/portal1.uenf.br\/portal\/#organization"},"image":{"@id":"https:\/\/portal1.uenf.br\/portal\/noticias\/reuniao-de-emenda-participativa-aprova-proposta-da-uenf\/#primaryimage"},"thumbnailUrl":"https:\/\/portal1.uenf.br\/portal\/wp-content\/uploads\/2019\/10\/Emenda-participativa-2-web.jpg","articleSection":["Not\u00edcias"],"inLanguage":"pt-BR"},{"@type":"WebPage","@id":"https:\/\/portal1.uenf.br\/portal\/noticias\/reuniao-de-emenda-participativa-aprova-proposta-da-uenf\/","url":"https:\/\/portal1.uenf.br\/portal\/noticias\/reuniao-de-emenda-participativa-aprova-proposta-da-uenf\/","name":"Reuni\u00e3o de Emenda Participativa aprova proposta da UENF - UENF - Universidade Estadual do Norte Fluminense Darcy Ribeiro","isPartOf":{"@id":"https:\/\/portal1.uenf.br\/portal\/#website"},"primaryImageOfPage":{"@id":"https:\/\/portal1.uenf.br\/portal\/noticias\/reuniao-de-emenda-participativa-aprova-proposta-da-uenf\/#primaryimage"},"image":{"@id":"https:\/\/portal1.uenf.br\/portal\/noticias\/reuniao-de-emenda-participativa-aprova-proposta-da-uenf\/#primaryimage"},"thumbnailUrl":"https:\/\/portal1.uenf.br\/portal\/wp-content\/uploads\/2019\/10\/Emenda-participativa-2-web.jpg","datePublished":"2019-10-02T20:12:16+00:00","breadcrumb":{"@id":"https:\/\/portal1.uenf.br\/portal\/noticias\/reuniao-de-emenda-participativa-aprova-proposta-da-uenf\/#breadcrumb"},"inLanguage":"pt-BR","potentialAction":[{"@type":"ReadAction","target":["https:\/\/portal1.uenf.br\/portal\/noticias\/reuniao-de-emenda-participativa-aprova-proposta-da-uenf\/"]}]},{"@type":"ImageObject","inLanguage":"pt-BR","@id":"https:\/\/portal1.uenf.br\/portal\/noticias\/reuniao-de-emenda-participativa-aprova-proposta-da-uenf\/#primaryimage","url":"https:\/\/portal1.uenf.br\/portal\/wp-content\/uploads\/2019\/10\/Emenda-participativa-2-web.jpg","contentUrl":"https:\/\/portal1.uenf.br\/portal\/wp-content\/uploads\/2019\/10\/Emenda-participativa-2-web.jpg","width":720,"height":480},{"@type":"BreadcrumbList","@id":"https:\/\/portal1.uenf.br\/portal\/noticias\/reuniao-de-emenda-participativa-aprova-proposta-da-uenf\/#breadcrumb","itemListElement":[{"@type":"ListItem","position":1,"name":"In\u00edcio","item":"https:\/\/portal1.uenf.br\/portal\/"},{"@type":"ListItem","position":2,"name":"Reuni\u00e3o de Emenda Participativa aprova proposta da UENF"}]},{"@type":"WebSite","@id":"https:\/\/portal1.uenf.br\/portal\/#website","url":"https:\/\/portal1.uenf.br\/portal\/","name":"UENF - Universidade Estadual do Norte Fluminense Darcy Ribeiro","description":"","publisher":{"@id":"https:\/\/portal1.uenf.br\/portal\/#organization"},"potentialAction":[{"@type":"SearchAction","target":{"@type":"EntryPoint","urlTemplate":"https:\/\/portal1.uenf.br\/portal\/?s={search_term_string}"},"query-input":{"@type":"PropertyValueSpecification","valueRequired":true,"valueName":"search_term_string"}}],"inLanguage":"pt-BR"},{"@type":"Organization","@id":"https:\/\/portal1.uenf.br\/portal\/#organization","name":"UENF - Universidade Estadual do Norte Fluminense Darcy Ribeiro","url":"https:\/\/portal1.uenf.br\/portal\/","logo":{"@type":"ImageObject","inLanguage":"pt-BR","@id":"https:\/\/portal1.uenf.br\/portal\/#\/schema\/logo\/image\/","url":"https:\/\/portal1.uenf.br\/portal\/wp-content\/uploads\/2018\/06\/logo-uenf-invertido-1.png","contentUrl":"https:\/\/portal1.uenf.br\/portal\/wp-content\/uploads\/2018\/06\/logo-uenf-invertido-1.png","width":482,"height":83,"caption":"UENF - Universidade Estadual do Norte Fluminense Darcy Ribeiro"},"image":{"@id":"https:\/\/portal1.uenf.br\/portal\/#\/schema\/logo\/image\/"}},{"@type":"Person","@id":"https:\/\/portal1.uenf.br\/portal\/#\/schema\/person\/068abbf03b6f8478c845bc8ded9270c7","name":"admin","image":{"@type":"ImageObject","inLanguage":"pt-BR","@id":"https:\/\/portal1.uenf.br\/portal\/#\/schema\/person\/image\/","url":"https:\/\/secure.gravatar.com\/avatar\/e5ecf9e4fae0742f4b136f518195bafa7b2d3f7c709f4bdc6707588ef68a6e25?s=96&d=mm&r=g","contentUrl":"https:\/\/secure.gravatar.com\/avatar\/e5ecf9e4fae0742f4b136f518195bafa7b2d3f7c709f4bdc6707588ef68a6e25?s=96&d=mm&r=g","caption":"admin"},"sameAs":["https:\/\/portal1.uenf.br\/portal"],"url":"https:\/\/portal1.uenf.br\/portal\/author\/edson\/"}]}},"_links":{"self":[{"href":"https:\/\/portal1.uenf.br\/portal\/wp-json\/wp\/v2\/posts\/3739","targetHints":{"allow":["GET"]}}],"collection":[{"href":"https:\/\/portal1.uenf.br\/portal\/wp-json\/wp\/v2\/posts"}],"about":[{"href":"https:\/\/portal1.uenf.br\/portal\/wp-json\/wp\/v2\/types\/post"}],"author":[{"embeddable":true,"href":"https:\/\/portal1.uenf.br\/portal\/wp-json\/wp\/v2\/users\/1"}],"replies":[{"embeddable":true,"href":"https:\/\/portal1.uenf.br\/portal\/wp-json\/wp\/v2\/comments?post=3739"}],"version-history":[{"count":0,"href":"https:\/\/portal1.uenf.br\/portal\/wp-json\/wp\/v2\/posts\/3739\/revisions"}],"wp:featuredmedia":[{"embeddable":true,"href":"https:\/\/portal1.uenf.br\/portal\/wp-json\/wp\/v2\/media\/3713"}],"wp:attachment":[{"href":"https:\/\/portal1.uenf.br\/portal\/wp-json\/wp\/v2\/media?parent=3739"}],"wp:term":[{"taxonomy":"category","embeddable":true,"href":"https:\/\/portal1.uenf.br\/portal\/wp-json\/wp\/v2\/categories?post=3739"},{"taxonomy":"post_tag","embeddable":true,"href":"https:\/\/portal1.uenf.br\/portal\/wp-json\/wp\/v2\/tags?post=3739"}],"curies":[{"name":"wp","href":"https:\/\/api.w.org\/{rel}","templated":true}]}}