{"id":3731,"date":"2019-10-02T17:45:14","date_gmt":"2019-10-02T20:45:14","guid":{"rendered":"https:\/\/uenf.br\/portal\/?p=3731"},"modified":"2019-10-02T17:45:14","modified_gmt":"2019-10-02T20:45:14","slug":"aberto-o-i-simposio-de-saude-mental-na-universidade","status":"publish","type":"post","link":"https:\/\/portal1.uenf.br\/portal\/noticias\/aberto-o-i-simposio-de-saude-mental-na-universidade\/","title":{"rendered":"Aberto o I Simp\u00f3sio de Sa\u00fade Mental na Universidade"},"content":{"rendered":"<h3><img decoding=\"async\" class=\"alignnone size-full wp-image-17567\" src=\"http:\/\/www.uenf.br\/dic\/ascom\/wp-content\/uploads\/sites\/4\/2015\/06\/logo-informativo.jpg-melhorado-PARA-PORTAL.jpg\" alt=\"logo-informativo.jpg-melhorado-PARA-PORTAL\" width=\"407\" height=\"58\"><\/h3>\n<p>Campos dos Goytacazes (RJ), ter\u00e7a-feira, 1\u00ba de outubro de 2019<\/p>\n\n\n<h3 class=\"wp-block-heading\">Aberto o I Simp\u00f3sio de Sa\u00fade Mental na Universidade<\/h3>\n\n\n\n<div class=\"wp-block-image\"><figure class=\"alignleft is-resized\"><img fetchpriority=\"high\" decoding=\"async\" src=\"http:\/\/uenf.br\/dic\/ascom\/wp-content\/uploads\/sites\/4\/2019\/10\/Simposio-2-web.jpg\" alt=\"\" class=\"wp-image-28375\" width=\"358\" height=\"238\"\/><figcaption> O evento reuniu autoridades da UENF no Centro de Conven\u00e7\u00f5es <\/figcaption><\/figure><\/div>\n\n\n\n<p>Foi realizada na manh\u00e3 desta ter\u00e7a-feira, 01\/10\/19, no Centro de Conven\u00e7\u00f5es da UENF, a abertura oficial do&nbsp;<a href=\"http:\/\/www.uenf.br\/portal\/index.php\/br\/i-simposio-saude-mental-na-universidade.html\">I Simp\u00f3sio de Sa\u00fade Mental na Universidade<\/a>, que durante tr\u00eas dias vai debater as causas do adoecimento ps\u00edquico entre a comunidade acad\u00eamica, bem como poss\u00edveis formas de acolhimento e preven\u00e7\u00e3o. O evento \u00e9 um desdobramento do I Simp\u00f3sio de Sa\u00fade Mental do Norte e Noroeste Fluminense, realizado no ano passado, no qual houve uma mesa sobre esta tem\u00e1tica. Na abertura, a coordenadora do evento, professora Verusca Reis, substituiu o Hino Nacional por um minuto de sil\u00eancio em mem\u00f3ria de todas as pessoas que cometeram suic\u00eddio.<\/p>\n\n\n\n<p>\u201cTemos visto v\u00e1rios fatores que t\u00eam levado ao adoecimento ps\u00edquico dentro das universidades, entre estudantes, professores e t\u00e9cnicos. Neste evento, vamos contemplar as causas e pensar poss\u00edveis solu\u00e7\u00f5es. Pesquisas apontam que este tipo de problema tem sido maior nestas institui\u00e7\u00f5es do que em outros setores de trabalho. \u00c9 um tema t\u00e3o complexo e relevante que em mar\u00e7o aconteceu a primeira confer\u00eancia internacional para pesquisar o adoecimento ps\u00edquico na p\u00f3s-gradua\u00e7\u00e3o\u201d, disse Verusca.<\/p>\n\n\n\n<p>Ela ressaltou que, at\u00e9 quinta-feira, \u00faltimo dia do Simp\u00f3sio, ser\u00e3o apresentados 45 trabalhos de pesquisa em grupos tem\u00e1ticos. O evento ter\u00e1 a participa\u00e7\u00e3o de 30 palestrantes, entre professores e pesquisadores da \u00e1rea, assistentes sociais e psic\u00f3logos de diversas institui\u00e7\u00f5es de Campos dos Goytacazes (UENF\/UFF\/IFF\/FMC) que trabalham com acolhimento e tratamento na universidade.<\/p>\n\n\n\n<p>A mesa de abertura teve a participa\u00e7\u00e3o da vice-reitora da UENF, professora Teresa de Jesus Peixoto Faria (representando o reitor Lu\u00eds Passoni); do pr\u00f3-reitor de Extens\u00e3o e Assuntos Comunit\u00e1rios, Olney Motta; da pr\u00f3-reitora de Pesquisa e P\u00f3s-Gradua\u00e7\u00e3o, Maura da Cunha; do assessor da Pr\u00f3-Reitoria de Gradua\u00e7\u00e3o, Juraci Aparecido Sampaio (representando a pr\u00f3-reitora Marina Suzuki); da coordenadora em exerc\u00edcio&nbsp; do Programa de P\u00f3s-Gradua\u00e7\u00e3o em Cogni\u00e7\u00e3o e Linguagem da UENF, professora Eliana Crispim; e do diretor eleito do Centro de Ci\u00eancias do Homem-CCH, professor Rodrigo Caetano (representando o diretor do CCH, Marcelo Gantos).<\/p>\n\n\n\n<p>\u201cEste \u00e9 um problema mundial, que est\u00e1 ligado \u00e0 contemporaneidade e passa por quest\u00f5es como capitalismo selvagem, competi\u00e7\u00e3o, cobran\u00e7as, exig\u00eancias, falta de entendimento das diversidades, entre outras. Trata-se de um conjunto de situa\u00e7\u00f5es que levam a esta condi\u00e7\u00e3o de adoecimento ps\u00edquico na nossa sociedade e mais ainda dentro da universidade. Ent\u00e3o, este \u00e9 um evento muito importante por discutir estas quest\u00f5es\u201d, disse a vice-reitora.O pr\u00f3-reitor de Extens\u00e3o e Assuntos Comunit\u00e1rios observou que uma das quest\u00f5es que contribuem para o problema \u00e9 o corte de verbas para as universidades. \u201cAs institui\u00e7\u00f5es de ensino e pesquisa enfrentam s\u00e9rios problemas. O stress passa pela falta de compreens\u00e3o da nossa atividade fim, que n\u00e3o \u00e9 s\u00f3 formar m\u00e3o-de-obra capacitada para o mercado de trabalho, mas tamb\u00e9m realizar pesquisas que venham a contribuir para a sociedade\u201d, afirmou.<\/p>\n\n\n\n<div class=\"wp-block-image\"><figure class=\"alignright is-resized\"><img decoding=\"async\" src=\"http:\/\/uenf.br\/dic\/ascom\/wp-content\/uploads\/sites\/4\/2019\/10\/Simposio-5-web.jpg\" alt=\"\" class=\"wp-image-28377\" width=\"340\" height=\"226\"\/><figcaption> Professora Verusca Reis fez a apresenta\u00e7\u00e3o do evento <\/figcaption><\/figure><\/div>\n\n\n\n<p>A pr\u00f3-reitora de Pesquisa e P\u00f3s-Gradua\u00e7\u00e3o lembrou que, no per\u00edodo em que o governo do estado suspendeu os repasses de verba para a UENF, bem como atrasou sal\u00e1rios e bolsas, eram in\u00fameros os casos de estudantes com problemas ps\u00edquicos em decorr\u00eancia da conjuntura. O professor Juraci Sampaio disse que a sa\u00fade mental dos alunos \u00e9 um dos problemas que levam \u00e0 evas\u00e3o. \u201c\u00c9 importante treinar os professores para essa situa\u00e7\u00e3o. Muitas vezes \u00e9 dif\u00edcil detectar os alunos que est\u00e3o passando por problemas desse tipo\u201d, afirmou.Para o professor Rodrigo Caetano, o evento \u00e9 uma oportunidade de chamar a aten\u00e7\u00e3o para a necessidade de humanizar as rela\u00e7\u00f5es dentro do campus universit\u00e1rio. \u201cToda a comunidade acad\u00eamica tem que contribuir para isso\u201d, disse o professor. \u201cA maioria das pessoas n\u00e3o imagina que este tipo de problema pode surgir perto delas. E quando acontece, muitas vezes n\u00e3o sabemos o que fazer\u201d, disse a professora Eliana Crispim, informando que ela mesma vem tendo que lidar com isso, pois tr\u00eas de seus alunos entraram num processo depressivo.<\/p>\n\n\n\n<p>Tamb\u00e9m participaram da abertura os m\u00e9dicos Paula Sobral e Cl\u00e1udio Teixeira, representando, respectivamente, o&nbsp;<a href=\"http:\/\/www.institutogalzu.org.br\/\">Instituto Galzu<\/a>&nbsp;e a&nbsp;<a href=\"http:\/\/apoiadores%20do%20evento.\/\">Vila Verde<\/a>, apoiadores do evento. Ainda na abertura, a diretora do Hemocentro Regional, Sandra Chalhoub, falou sobre a&nbsp;<a href=\"https:\/\/www.campos.rj.gov.br\/exibirNoticia.php?id_noticia=54081\">Campanha<\/a>&nbsp;para cadastro de doadores de medula \u00f3ssea, que ser\u00e1 realizada nos dias 18 e 19\/10\/19, das 8h \u00e0s 16h, no CIEP da Lapa.<\/p>\n\n\n\n<p>Veja a programa\u00e7\u00e3o do I Simp\u00f3sio de Sa\u00fade Mental na Universidade no&nbsp;<a href=\"https:\/\/www.even3.com.br\/simposiodesaudementalnauniversidade\/\"><strong>site do evento<\/strong>.<\/a>&nbsp;. . . . . . . . . . . . . . . . . . . . . . . . . . . . . . . . . . . . . . . . . . . . . . . . . . . . . . . . . . . . . . . . . .<strong>Universidade Estadual do Norte Fluminense Darcy Ribeiro (UENF<\/strong>)<\/p>\n\n\n\n<p>Ger\u00eancia de Comunica\u00e7\u00e3o (ASCOM)<br \/>Av. Alberto Lamego, 2.000 \u2013 Parque Calif\u00f3rnia \u2013 Campos (RJ)<br \/>Telefones: Ascom: (22) 2739-7815 \/ 2739-7813<br \/>Reitoria: (22) 2739-7003<br \/>Email: uenf@uenf.br<br \/>Gerente de Comunica\u00e7\u00e3o: Vitor Sendra<\/p>\n","protected":false},"excerpt":{"rendered":"<p>Foi realizada na manh\u00e3 desta ter\u00e7a-feira, 01\/10\/19, no Centro de Conven\u00e7\u00f5es da UENF, a abertura oficial do I Simp\u00f3sio de Sa\u00fade Mental na Universidade, que durante tr\u00eas dias vai debater as causas do adoecimento ps\u00edquico entre a comunidade acad\u00eamica, bem como poss\u00edveis formas de acolhimento e preven\u00e7\u00e3o. O evento \u00e9 um desdobramento do I Simp\u00f3sio de Sa\u00fade Mental do Norte e Noroeste Fluminense, realizado no ano passado, no qual houve uma mesa sobre esta tem\u00e1tica&#8230;.<\/p>\n","protected":false},"author":1,"featured_media":3715,"comment_status":"closed","ping_status":"closed","sticky":false,"template":"","format":"standard","meta":{"_eb_attr":"","ocean_post_layout":"","ocean_both_sidebars_style":"","ocean_both_sidebars_content_width":0,"ocean_both_sidebars_sidebars_width":0,"ocean_sidebar":"","ocean_second_sidebar":"","ocean_disable_margins":"enable","ocean_add_body_class":"","ocean_shortcode_before_top_bar":"","ocean_shortcode_after_top_bar":"","ocean_shortcode_before_header":"","ocean_shortcode_after_header":"","ocean_has_shortcode":"","ocean_shortcode_after_title":"","ocean_shortcode_before_footer_widgets":"","ocean_shortcode_after_footer_widgets":"","ocean_shortcode_before_footer_bottom":"","ocean_shortcode_after_footer_bottom":"","ocean_display_top_bar":"default","ocean_display_header":"default","ocean_header_style":"","ocean_center_header_left_menu":"","ocean_custom_header_template":"","ocean_custom_logo":0,"ocean_custom_retina_logo":0,"ocean_custom_logo_max_width":0,"ocean_custom_logo_tablet_max_width":0,"ocean_custom_logo_mobile_max_width":0,"ocean_custom_logo_max_height":0,"ocean_custom_logo_tablet_max_height":0,"ocean_custom_logo_mobile_max_height":0,"ocean_header_custom_menu":"","ocean_menu_typo_font_family":"","ocean_menu_typo_font_subset":"","ocean_menu_typo_font_size":0,"ocean_menu_typo_font_size_tablet":0,"ocean_menu_typo_font_size_mobile":0,"ocean_menu_typo_font_size_unit":"px","ocean_menu_typo_font_weight":"","ocean_menu_typo_font_weight_tablet":"","ocean_menu_typo_font_weight_mobile":"","ocean_menu_typo_transform":"","ocean_menu_typo_transform_tablet":"","ocean_menu_typo_transform_mobile":"","ocean_menu_typo_line_height":0,"ocean_menu_typo_line_height_tablet":0,"ocean_menu_typo_line_height_mobile":0,"ocean_menu_typo_line_height_unit":"","ocean_menu_typo_spacing":0,"ocean_menu_typo_spacing_tablet":0,"ocean_menu_typo_spacing_mobile":0,"ocean_menu_typo_spacing_unit":"","ocean_menu_link_color":"","ocean_menu_link_color_hover":"","ocean_menu_link_color_active":"","ocean_menu_link_background":"","ocean_menu_link_hover_background":"","ocean_menu_link_active_background":"","ocean_menu_social_links_bg":"","ocean_menu_social_hover_links_bg":"","ocean_menu_social_links_color":"","ocean_menu_social_hover_links_color":"","ocean_disable_title":"default","ocean_disable_heading":"default","ocean_post_title":"","ocean_post_subheading":"","ocean_post_title_style":"","ocean_post_title_background_color":"","ocean_post_title_background":0,"ocean_post_title_bg_image_position":"","ocean_post_title_bg_image_attachment":"","ocean_post_title_bg_image_repeat":"","ocean_post_title_bg_image_size":"","ocean_post_title_height":0,"ocean_post_title_bg_overlay":0.5,"ocean_post_title_bg_overlay_color":"","ocean_disable_breadcrumbs":"default","ocean_breadcrumbs_color":"","ocean_breadcrumbs_separator_color":"","ocean_breadcrumbs_links_color":"","ocean_breadcrumbs_links_hover_color":"","ocean_display_footer_widgets":"default","ocean_display_footer_bottom":"default","ocean_custom_footer_template":"","ocean_post_oembed":"","ocean_post_self_hosted_media":"","ocean_post_video_embed":"","ocean_link_format":"","ocean_link_format_target":"self","ocean_quote_format":"","ocean_quote_format_link":"post","ocean_gallery_link_images":"off","ocean_gallery_id":[],"footnotes":""},"categories":[8],"tags":[],"class_list":["post-3731","post","type-post","status-publish","format-standard","has-post-thumbnail","hentry","category-noticias","entry","has-media"],"yoast_head":"<!-- This site is optimized with the Yoast SEO plugin v26.5 - https:\/\/yoast.com\/wordpress\/plugins\/seo\/ -->\n<title>Aberto o I Simp\u00f3sio de Sa\u00fade Mental na Universidade - UENF - Universidade Estadual do Norte Fluminense Darcy Ribeiro<\/title>\n<meta name=\"robots\" content=\"noindex, follow, max-snippet:-1, max-image-preview:large, max-video-preview:-1\" \/>\n<meta property=\"og:locale\" content=\"pt_BR\" \/>\n<meta property=\"og:type\" content=\"article\" \/>\n<meta property=\"og:title\" content=\"Aberto o I Simp\u00f3sio de Sa\u00fade Mental na Universidade - UENF - Universidade Estadual do Norte Fluminense Darcy Ribeiro\" \/>\n<meta property=\"og:description\" content=\"Foi realizada na manh\u00e3 desta ter\u00e7a-feira, 01\/10\/19, no Centro de Conven\u00e7\u00f5es da UENF, a abertura oficial do I Simp\u00f3sio de Sa\u00fade Mental na Universidade, que durante tr\u00eas dias vai debater as causas do adoecimento ps\u00edquico entre a comunidade acad\u00eamica, bem como poss\u00edveis formas de acolhimento e preven\u00e7\u00e3o. O evento \u00e9 um desdobramento do I Simp\u00f3sio de Sa\u00fade Mental do Norte e Noroeste Fluminense, realizado no ano passado, no qual houve uma mesa sobre esta tem\u00e1tica....\" \/>\n<meta property=\"og:url\" content=\"https:\/\/portal1.uenf.br\/portal\/noticias\/aberto-o-i-simposio-de-saude-mental-na-universidade\/\" \/>\n<meta property=\"og:site_name\" content=\"UENF - Universidade Estadual do Norte Fluminense Darcy Ribeiro\" \/>\n<meta property=\"article:published_time\" content=\"2019-10-02T20:45:14+00:00\" \/>\n<meta property=\"og:image\" content=\"https:\/\/portal1.uenf.br\/portal\/wp-content\/uploads\/2019\/10\/Simposio-2-web.jpg\" \/>\n\t<meta property=\"og:image:width\" content=\"800\" \/>\n\t<meta property=\"og:image:height\" content=\"533\" \/>\n\t<meta property=\"og:image:type\" content=\"image\/jpeg\" \/>\n<meta name=\"author\" content=\"admin\" \/>\n<meta name=\"twitter:card\" content=\"summary_large_image\" \/>\n<meta name=\"twitter:label1\" content=\"Escrito por\" \/>\n\t<meta name=\"twitter:data1\" content=\"admin\" \/>\n\t<meta name=\"twitter:label2\" content=\"Est. tempo de leitura\" \/>\n\t<meta name=\"twitter:data2\" content=\"4 minutos\" \/>\n<script type=\"application\/ld+json\" class=\"yoast-schema-graph\">{\"@context\":\"https:\/\/schema.org\",\"@graph\":[{\"@type\":\"Article\",\"@id\":\"https:\/\/portal1.uenf.br\/portal\/noticias\/aberto-o-i-simposio-de-saude-mental-na-universidade\/#article\",\"isPartOf\":{\"@id\":\"https:\/\/portal1.uenf.br\/portal\/noticias\/aberto-o-i-simposio-de-saude-mental-na-universidade\/\"},\"author\":{\"name\":\"admin\",\"@id\":\"https:\/\/portal1.uenf.br\/portal\/#\/schema\/person\/068abbf03b6f8478c845bc8ded9270c7\"},\"headline\":\"Aberto o I Simp\u00f3sio de Sa\u00fade Mental na Universidade\",\"datePublished\":\"2019-10-02T20:45:14+00:00\",\"mainEntityOfPage\":{\"@id\":\"https:\/\/portal1.uenf.br\/portal\/noticias\/aberto-o-i-simposio-de-saude-mental-na-universidade\/\"},\"wordCount\":873,\"publisher\":{\"@id\":\"https:\/\/portal1.uenf.br\/portal\/#organization\"},\"image\":{\"@id\":\"https:\/\/portal1.uenf.br\/portal\/noticias\/aberto-o-i-simposio-de-saude-mental-na-universidade\/#primaryimage\"},\"thumbnailUrl\":\"https:\/\/portal1.uenf.br\/portal\/wp-content\/uploads\/2019\/10\/Simposio-2-web.jpg\",\"articleSection\":[\"Not\u00edcias\"],\"inLanguage\":\"pt-BR\"},{\"@type\":\"WebPage\",\"@id\":\"https:\/\/portal1.uenf.br\/portal\/noticias\/aberto-o-i-simposio-de-saude-mental-na-universidade\/\",\"url\":\"https:\/\/portal1.uenf.br\/portal\/noticias\/aberto-o-i-simposio-de-saude-mental-na-universidade\/\",\"name\":\"Aberto o I Simp\u00f3sio de Sa\u00fade Mental na Universidade - UENF - Universidade Estadual do Norte Fluminense Darcy Ribeiro\",\"isPartOf\":{\"@id\":\"https:\/\/portal1.uenf.br\/portal\/#website\"},\"primaryImageOfPage\":{\"@id\":\"https:\/\/portal1.uenf.br\/portal\/noticias\/aberto-o-i-simposio-de-saude-mental-na-universidade\/#primaryimage\"},\"image\":{\"@id\":\"https:\/\/portal1.uenf.br\/portal\/noticias\/aberto-o-i-simposio-de-saude-mental-na-universidade\/#primaryimage\"},\"thumbnailUrl\":\"https:\/\/portal1.uenf.br\/portal\/wp-content\/uploads\/2019\/10\/Simposio-2-web.jpg\",\"datePublished\":\"2019-10-02T20:45:14+00:00\",\"breadcrumb\":{\"@id\":\"https:\/\/portal1.uenf.br\/portal\/noticias\/aberto-o-i-simposio-de-saude-mental-na-universidade\/#breadcrumb\"},\"inLanguage\":\"pt-BR\",\"potentialAction\":[{\"@type\":\"ReadAction\",\"target\":[\"https:\/\/portal1.uenf.br\/portal\/noticias\/aberto-o-i-simposio-de-saude-mental-na-universidade\/\"]}]},{\"@type\":\"ImageObject\",\"inLanguage\":\"pt-BR\",\"@id\":\"https:\/\/portal1.uenf.br\/portal\/noticias\/aberto-o-i-simposio-de-saude-mental-na-universidade\/#primaryimage\",\"url\":\"https:\/\/portal1.uenf.br\/portal\/wp-content\/uploads\/2019\/10\/Simposio-2-web.jpg\",\"contentUrl\":\"https:\/\/portal1.uenf.br\/portal\/wp-content\/uploads\/2019\/10\/Simposio-2-web.jpg\",\"width\":800,\"height\":533},{\"@type\":\"BreadcrumbList\",\"@id\":\"https:\/\/portal1.uenf.br\/portal\/noticias\/aberto-o-i-simposio-de-saude-mental-na-universidade\/#breadcrumb\",\"itemListElement\":[{\"@type\":\"ListItem\",\"position\":1,\"name\":\"In\u00edcio\",\"item\":\"https:\/\/portal1.uenf.br\/portal\/\"},{\"@type\":\"ListItem\",\"position\":2,\"name\":\"Aberto o I Simp\u00f3sio de Sa\u00fade Mental na Universidade\"}]},{\"@type\":\"WebSite\",\"@id\":\"https:\/\/portal1.uenf.br\/portal\/#website\",\"url\":\"https:\/\/portal1.uenf.br\/portal\/\",\"name\":\"UENF - Universidade Estadual do Norte Fluminense Darcy Ribeiro\",\"description\":\"\",\"publisher\":{\"@id\":\"https:\/\/portal1.uenf.br\/portal\/#organization\"},\"potentialAction\":[{\"@type\":\"SearchAction\",\"target\":{\"@type\":\"EntryPoint\",\"urlTemplate\":\"https:\/\/portal1.uenf.br\/portal\/?s={search_term_string}\"},\"query-input\":{\"@type\":\"PropertyValueSpecification\",\"valueRequired\":true,\"valueName\":\"search_term_string\"}}],\"inLanguage\":\"pt-BR\"},{\"@type\":\"Organization\",\"@id\":\"https:\/\/portal1.uenf.br\/portal\/#organization\",\"name\":\"UENF - Universidade Estadual do Norte Fluminense Darcy Ribeiro\",\"url\":\"https:\/\/portal1.uenf.br\/portal\/\",\"logo\":{\"@type\":\"ImageObject\",\"inLanguage\":\"pt-BR\",\"@id\":\"https:\/\/portal1.uenf.br\/portal\/#\/schema\/logo\/image\/\",\"url\":\"https:\/\/portal1.uenf.br\/portal\/wp-content\/uploads\/2018\/06\/logo-uenf-invertido-1.png\",\"contentUrl\":\"https:\/\/portal1.uenf.br\/portal\/wp-content\/uploads\/2018\/06\/logo-uenf-invertido-1.png\",\"width\":482,\"height\":83,\"caption\":\"UENF - Universidade Estadual do Norte Fluminense Darcy Ribeiro\"},\"image\":{\"@id\":\"https:\/\/portal1.uenf.br\/portal\/#\/schema\/logo\/image\/\"}},{\"@type\":\"Person\",\"@id\":\"https:\/\/portal1.uenf.br\/portal\/#\/schema\/person\/068abbf03b6f8478c845bc8ded9270c7\",\"name\":\"admin\",\"image\":{\"@type\":\"ImageObject\",\"inLanguage\":\"pt-BR\",\"@id\":\"https:\/\/portal1.uenf.br\/portal\/#\/schema\/person\/image\/\",\"url\":\"https:\/\/secure.gravatar.com\/avatar\/e5ecf9e4fae0742f4b136f518195bafa7b2d3f7c709f4bdc6707588ef68a6e25?s=96&d=mm&r=g\",\"contentUrl\":\"https:\/\/secure.gravatar.com\/avatar\/e5ecf9e4fae0742f4b136f518195bafa7b2d3f7c709f4bdc6707588ef68a6e25?s=96&d=mm&r=g\",\"caption\":\"admin\"},\"sameAs\":[\"https:\/\/portal1.uenf.br\/portal\"],\"url\":\"https:\/\/portal1.uenf.br\/portal\/author\/edson\/\"}]}<\/script>\n<!-- \/ Yoast SEO plugin. -->","yoast_head_json":{"title":"Aberto o I Simp\u00f3sio de Sa\u00fade Mental na Universidade - UENF - Universidade Estadual do Norte Fluminense Darcy Ribeiro","robots":{"index":"noindex","follow":"follow","max-snippet":"max-snippet:-1","max-image-preview":"max-image-preview:large","max-video-preview":"max-video-preview:-1"},"og_locale":"pt_BR","og_type":"article","og_title":"Aberto o I Simp\u00f3sio de Sa\u00fade Mental na Universidade - UENF - Universidade Estadual do Norte Fluminense Darcy Ribeiro","og_description":"Foi realizada na manh\u00e3 desta ter\u00e7a-feira, 01\/10\/19, no Centro de Conven\u00e7\u00f5es da UENF, a abertura oficial do I Simp\u00f3sio de Sa\u00fade Mental na Universidade, que durante tr\u00eas dias vai debater as causas do adoecimento ps\u00edquico entre a comunidade acad\u00eamica, bem como poss\u00edveis formas de acolhimento e preven\u00e7\u00e3o. O evento \u00e9 um desdobramento do I Simp\u00f3sio de Sa\u00fade Mental do Norte e Noroeste Fluminense, realizado no ano passado, no qual houve uma mesa sobre esta tem\u00e1tica....","og_url":"https:\/\/portal1.uenf.br\/portal\/noticias\/aberto-o-i-simposio-de-saude-mental-na-universidade\/","og_site_name":"UENF - Universidade Estadual do Norte Fluminense Darcy Ribeiro","article_published_time":"2019-10-02T20:45:14+00:00","og_image":[{"width":800,"height":533,"url":"https:\/\/portal1.uenf.br\/portal\/wp-content\/uploads\/2019\/10\/Simposio-2-web.jpg","type":"image\/jpeg"}],"author":"admin","twitter_card":"summary_large_image","twitter_misc":{"Escrito por":"admin","Est. tempo de leitura":"4 minutos"},"schema":{"@context":"https:\/\/schema.org","@graph":[{"@type":"Article","@id":"https:\/\/portal1.uenf.br\/portal\/noticias\/aberto-o-i-simposio-de-saude-mental-na-universidade\/#article","isPartOf":{"@id":"https:\/\/portal1.uenf.br\/portal\/noticias\/aberto-o-i-simposio-de-saude-mental-na-universidade\/"},"author":{"name":"admin","@id":"https:\/\/portal1.uenf.br\/portal\/#\/schema\/person\/068abbf03b6f8478c845bc8ded9270c7"},"headline":"Aberto o I Simp\u00f3sio de Sa\u00fade Mental na Universidade","datePublished":"2019-10-02T20:45:14+00:00","mainEntityOfPage":{"@id":"https:\/\/portal1.uenf.br\/portal\/noticias\/aberto-o-i-simposio-de-saude-mental-na-universidade\/"},"wordCount":873,"publisher":{"@id":"https:\/\/portal1.uenf.br\/portal\/#organization"},"image":{"@id":"https:\/\/portal1.uenf.br\/portal\/noticias\/aberto-o-i-simposio-de-saude-mental-na-universidade\/#primaryimage"},"thumbnailUrl":"https:\/\/portal1.uenf.br\/portal\/wp-content\/uploads\/2019\/10\/Simposio-2-web.jpg","articleSection":["Not\u00edcias"],"inLanguage":"pt-BR"},{"@type":"WebPage","@id":"https:\/\/portal1.uenf.br\/portal\/noticias\/aberto-o-i-simposio-de-saude-mental-na-universidade\/","url":"https:\/\/portal1.uenf.br\/portal\/noticias\/aberto-o-i-simposio-de-saude-mental-na-universidade\/","name":"Aberto o I Simp\u00f3sio de Sa\u00fade Mental na Universidade - UENF - Universidade Estadual do Norte Fluminense Darcy Ribeiro","isPartOf":{"@id":"https:\/\/portal1.uenf.br\/portal\/#website"},"primaryImageOfPage":{"@id":"https:\/\/portal1.uenf.br\/portal\/noticias\/aberto-o-i-simposio-de-saude-mental-na-universidade\/#primaryimage"},"image":{"@id":"https:\/\/portal1.uenf.br\/portal\/noticias\/aberto-o-i-simposio-de-saude-mental-na-universidade\/#primaryimage"},"thumbnailUrl":"https:\/\/portal1.uenf.br\/portal\/wp-content\/uploads\/2019\/10\/Simposio-2-web.jpg","datePublished":"2019-10-02T20:45:14+00:00","breadcrumb":{"@id":"https:\/\/portal1.uenf.br\/portal\/noticias\/aberto-o-i-simposio-de-saude-mental-na-universidade\/#breadcrumb"},"inLanguage":"pt-BR","potentialAction":[{"@type":"ReadAction","target":["https:\/\/portal1.uenf.br\/portal\/noticias\/aberto-o-i-simposio-de-saude-mental-na-universidade\/"]}]},{"@type":"ImageObject","inLanguage":"pt-BR","@id":"https:\/\/portal1.uenf.br\/portal\/noticias\/aberto-o-i-simposio-de-saude-mental-na-universidade\/#primaryimage","url":"https:\/\/portal1.uenf.br\/portal\/wp-content\/uploads\/2019\/10\/Simposio-2-web.jpg","contentUrl":"https:\/\/portal1.uenf.br\/portal\/wp-content\/uploads\/2019\/10\/Simposio-2-web.jpg","width":800,"height":533},{"@type":"BreadcrumbList","@id":"https:\/\/portal1.uenf.br\/portal\/noticias\/aberto-o-i-simposio-de-saude-mental-na-universidade\/#breadcrumb","itemListElement":[{"@type":"ListItem","position":1,"name":"In\u00edcio","item":"https:\/\/portal1.uenf.br\/portal\/"},{"@type":"ListItem","position":2,"name":"Aberto o I Simp\u00f3sio de Sa\u00fade Mental na Universidade"}]},{"@type":"WebSite","@id":"https:\/\/portal1.uenf.br\/portal\/#website","url":"https:\/\/portal1.uenf.br\/portal\/","name":"UENF - Universidade Estadual do Norte Fluminense Darcy Ribeiro","description":"","publisher":{"@id":"https:\/\/portal1.uenf.br\/portal\/#organization"},"potentialAction":[{"@type":"SearchAction","target":{"@type":"EntryPoint","urlTemplate":"https:\/\/portal1.uenf.br\/portal\/?s={search_term_string}"},"query-input":{"@type":"PropertyValueSpecification","valueRequired":true,"valueName":"search_term_string"}}],"inLanguage":"pt-BR"},{"@type":"Organization","@id":"https:\/\/portal1.uenf.br\/portal\/#organization","name":"UENF - Universidade Estadual do Norte Fluminense Darcy Ribeiro","url":"https:\/\/portal1.uenf.br\/portal\/","logo":{"@type":"ImageObject","inLanguage":"pt-BR","@id":"https:\/\/portal1.uenf.br\/portal\/#\/schema\/logo\/image\/","url":"https:\/\/portal1.uenf.br\/portal\/wp-content\/uploads\/2018\/06\/logo-uenf-invertido-1.png","contentUrl":"https:\/\/portal1.uenf.br\/portal\/wp-content\/uploads\/2018\/06\/logo-uenf-invertido-1.png","width":482,"height":83,"caption":"UENF - Universidade Estadual do Norte Fluminense Darcy Ribeiro"},"image":{"@id":"https:\/\/portal1.uenf.br\/portal\/#\/schema\/logo\/image\/"}},{"@type":"Person","@id":"https:\/\/portal1.uenf.br\/portal\/#\/schema\/person\/068abbf03b6f8478c845bc8ded9270c7","name":"admin","image":{"@type":"ImageObject","inLanguage":"pt-BR","@id":"https:\/\/portal1.uenf.br\/portal\/#\/schema\/person\/image\/","url":"https:\/\/secure.gravatar.com\/avatar\/e5ecf9e4fae0742f4b136f518195bafa7b2d3f7c709f4bdc6707588ef68a6e25?s=96&d=mm&r=g","contentUrl":"https:\/\/secure.gravatar.com\/avatar\/e5ecf9e4fae0742f4b136f518195bafa7b2d3f7c709f4bdc6707588ef68a6e25?s=96&d=mm&r=g","caption":"admin"},"sameAs":["https:\/\/portal1.uenf.br\/portal"],"url":"https:\/\/portal1.uenf.br\/portal\/author\/edson\/"}]}},"_links":{"self":[{"href":"https:\/\/portal1.uenf.br\/portal\/wp-json\/wp\/v2\/posts\/3731","targetHints":{"allow":["GET"]}}],"collection":[{"href":"https:\/\/portal1.uenf.br\/portal\/wp-json\/wp\/v2\/posts"}],"about":[{"href":"https:\/\/portal1.uenf.br\/portal\/wp-json\/wp\/v2\/types\/post"}],"author":[{"embeddable":true,"href":"https:\/\/portal1.uenf.br\/portal\/wp-json\/wp\/v2\/users\/1"}],"replies":[{"embeddable":true,"href":"https:\/\/portal1.uenf.br\/portal\/wp-json\/wp\/v2\/comments?post=3731"}],"version-history":[{"count":0,"href":"https:\/\/portal1.uenf.br\/portal\/wp-json\/wp\/v2\/posts\/3731\/revisions"}],"wp:featuredmedia":[{"embeddable":true,"href":"https:\/\/portal1.uenf.br\/portal\/wp-json\/wp\/v2\/media\/3715"}],"wp:attachment":[{"href":"https:\/\/portal1.uenf.br\/portal\/wp-json\/wp\/v2\/media?parent=3731"}],"wp:term":[{"taxonomy":"category","embeddable":true,"href":"https:\/\/portal1.uenf.br\/portal\/wp-json\/wp\/v2\/categories?post=3731"},{"taxonomy":"post_tag","embeddable":true,"href":"https:\/\/portal1.uenf.br\/portal\/wp-json\/wp\/v2\/tags?post=3731"}],"curies":[{"name":"wp","href":"https:\/\/api.w.org\/{rel}","templated":true}]}}