{"id":3727,"date":"2019-10-02T17:42:03","date_gmt":"2019-10-02T20:42:03","guid":{"rendered":"https:\/\/uenf.br\/portal\/?p=3727"},"modified":"2019-10-02T17:42:03","modified_gmt":"2019-10-02T20:42:03","slug":"uenf-discute-saude-mental-no-meio-academico","status":"publish","type":"post","link":"https:\/\/portal1.uenf.br\/portal\/noticias\/uenf-discute-saude-mental-no-meio-academico\/","title":{"rendered":"UENF discute sa\u00fade mental no meio acad\u00eamico"},"content":{"rendered":"<h3><img decoding=\"async\" class=\"alignnone size-full wp-image-17567\" src=\"http:\/\/www.uenf.br\/dic\/ascom\/wp-content\/uploads\/sites\/4\/2015\/06\/logo-informativo.jpg-melhorado-PARA-PORTAL.jpg\" alt=\"logo-informativo.jpg-melhorado-PARA-PORTAL\" width=\"407\" height=\"58\"><\/h3>\n<p>Campos dos Goytacazes (RJ), segunda-feira, 30 de setembro de 2019<\/p>\n\n\n<h3 class=\"wp-block-heading\"><strong>UENF discute sa\u00fade mental no meio acad\u00eamico<\/strong><\/h3>\n\n\n\n<div class=\"wp-block-image\"><figure class=\"alignleft is-resized\"><img fetchpriority=\"high\" decoding=\"async\" src=\"http:\/\/uenf.br\/dic\/ascom\/wp-content\/uploads\/sites\/4\/2019\/09\/centro-convencoes.jpg\" alt=\"\" class=\"wp-image-28359\" width=\"320\" height=\"240\"\/><figcaption> O Simp\u00f3sio ser\u00e1 realizado no Centro de Conven\u00e7\u00f5es <\/figcaption><\/figure><\/div>\n\n\n\n<p>O m\u00eas do setembro amarelo acabou, mas o tema da sa\u00fade mental n\u00e3o pode ser esquecido. O Brasil \u00e9 o pa\u00eds com maior n\u00famero de pessoas ansiosas: 9,3% da popula\u00e7\u00e3o, segundo a Organiza\u00e7\u00e3o Mundial da Sa\u00fade (OMS). Ainda de acordo com a entidade, 86% dos brasileiros sofrem de algum transtorno mental, como ansiedade e depress\u00e3o.<\/p>\n\n\n\n<p>E, sendo a adolesc\u00eancia um per\u00edodo crucial para o desenvolvimento e manuten\u00e7\u00e3o de h\u00e1bitos sociais e emocionais importantes para o bem-estar mental, o adolescente fica mais vulner\u00e1vel ao adoecimento ps\u00edquico. Pensando nessa quest\u00e3o, a UENF vai realizar de 01 a 03\/10\/2019, de ter\u00e7a a quinta-feira, a segunda edi\u00e7\u00e3o do Simp\u00f3sio de Sa\u00fade Mental na Universidade. O evento tem como p\u00fablico-alvo alunos, professores e t\u00e9cnicos universit\u00e1rios, al\u00e9m de interessados no tema sa\u00fade mental.<\/p>\n\n\n\n<p>O Simp\u00f3sio vai acontecer no Centro de Conven\u00e7\u00f5es da UENF e contar\u00e1 com a participa\u00e7\u00e3o de professores e pesquisadores da \u00e1rea, al\u00e9m de assistentes sociais e psic\u00f3logos de diversas institui\u00e7\u00f5es de Campos dos Goytacazes (UENF\/UFF\/IFF\/FMC) que trabalham com acolhimento e tratamento na Universidade.<\/p>\n\n\n\n<p>Integrante da mesa de abertura do Simp\u00f3sio, a professora e psic\u00f3loga Valesca do Ros\u00e1rio Campista apontou os fatores que levam ao adoecimento ps\u00edquico dentro da universidade. Professora e orientadora de est\u00e1gio em Psican\u00e1lise no curso de gradua\u00e7\u00e3o em Psicologia da Universidade Est\u00e1cio de S\u00e1, ela enumera como motivos causadores do adoecimento: as incertezas que cercam os estudantes em rela\u00e7\u00e3o ao curso escolhido e seu sucesso nele; o medo de que, ap\u00f3s o diploma, a t\u00e3o sonhada mudan\u00e7a de vida n\u00e3o aconte\u00e7a; a demanda de provas, trabalhos, prazos; e o grande volume de conte\u00fado did\u00e1tico.<\/p>\n\n\n\n<p>Segundo a Organiza\u00e7\u00e3o Pan-Americana da Sa\u00fade, bra\u00e7o da OMS nas Am\u00e9ricas, as consequ\u00eancias de n\u00e3o abordar as condi\u00e7\u00f5es de sa\u00fade mental dos adolescentes se estendem \u00e0 idade adulta, prejudicando a sa\u00fade f\u00edsica e mental e limitando futuras oportunidades. Valesca observa essa car\u00eancia no meio universit\u00e1rio.<\/p>\n\n\n\n<p>\u2013 Na nossa cl\u00ednica escola (Est\u00e1cio), observo a necessidade de um projeto espec\u00edfico para a sa\u00fade mental da comunidade acad\u00eamica. Temos relatos de press\u00e3o, estresse, medo do fracasso, d\u00favidas e incertezas quanto \u00e0 escolha profissional e \u00e0 capacidade para conseguir um emprego no final do curso. Recebemos tamb\u00e9m muitos docentes, que se sentem desvalorizados, algumas vezes amea\u00e7ados pelos alunos, com sal\u00e1rio aqu\u00e9m do que seria justo para uma profiss\u00e3o que requer qualifica\u00e7\u00e3o constante. Acho que a sa\u00fade mental na atualidade est\u00e1 muito comprometida, o capitalismo selvagem produz avassalamento a cada dia e dita as regras da educa\u00e7\u00e3o, deixando a comunidade acad\u00eamica \u00e0 merc\u00ea da pol\u00edtica que nos \u00faltimos tempos mais desvaloriza os educadores do que incentiva \u2013 explica a professora.<\/p>\n\n\n\n<div class=\"wp-block-image\"><figure class=\"alignright is-resized\"><img decoding=\"async\" src=\"http:\/\/uenf.br\/dic\/ascom\/wp-content\/uploads\/sites\/4\/2019\/09\/Simp%C3%B3sio-de-Sa%C3%BAde-Mental-1.jpg\" alt=\"\" class=\"wp-image-28299\" width=\"317\" height=\"424\"\/><\/figure><\/div>\n\n\n\n<p>Outro fator que pode agravar o quadro de adoecimento \u00e9 a posi\u00e7\u00e3o do governo Bolsonaro em relegar a educa\u00e7\u00e3o a um patamar de desvaloriza\u00e7\u00e3o e incertezas. O Minist\u00e9rio da Educa\u00e7\u00e3o (MEC) divulgou no in\u00edcio deste m\u00eas que, em 2020, a Capes, principal institui\u00e7\u00e3o de apoio \u00e0 pesquisa no pa\u00eds, s\u00f3 ter\u00e1 metade do or\u00e7amento de 2019. Al\u00e9m disso, 5.613 bolsas de mestrado, doutorado e p\u00f3s-doutorado j\u00e1 foram cortadas. Com dezenove anos de experi\u00eancia acad\u00eamica e coordenadora do curso de Psicologia da Est\u00e1cio de S\u00e1, Valesca acredita que este fato afeta a todos.<\/p>\n\n\n\n<p>\u2013 A possibilidade de perda de direitos garantidos, a redu\u00e7\u00e3o no n\u00famero de vagas para os interessados em entrar na universidade e a d\u00favida sobre as condi\u00e7\u00f5es estruturais da institui\u00e7\u00e3o de ensino para continuar desenvolvendo suas atividades com qualidade deixam a todos (inclui-se a\u00ed a comunidade acad\u00eamica e social) inseguros e com medo do que possa acontecer \u2013 disse.<\/p>\n\n\n\n<p>A psic\u00f3loga tamb\u00e9m falou sobre a sa\u00fade mental dos professores e como s\u00e3o afetados pela rotina de trabalho na academia.<\/p>\n\n\n\n<p>\u2013 Al\u00e9m de dar aulas, os docentes t\u00eam que ter projeto de pesquisa e extens\u00e3o. Eles devem inserir os alunos nestes projetos, mas nem sempre os alunos est\u00e3o interessados nas pesquisas espec\u00edficas de cada professor. Os docentes precisam publicar artigos em revistas conceituadas e, quanto mais artigos produzidos, maior o reconhecimento cient\u00edfico por parte do MEC e da institui\u00e7\u00e3o de ensino superior. Todavia, com isso se perde muito em qualidade e o estresse passa a ser o regulador das rela\u00e7\u00f5es de trabalho. O prazer em produzir os resultados da pesquisa no tempo necess\u00e1rio e n\u00e3o no tempo estipulado acaba por provocar ang\u00fastia e mal-estar \u2013 finalizou.<\/p>\n\n\n\n<p>O segundo dia do evento ter\u00e1 mesas redondas com os temas \u201cAngustia, dor e adoecimento na academia\u201d, \u201cProdu\u00e7\u00e3o acad\u00eamica e sa\u00fade mental\u201d e \u201cSa\u00fade mental e extens\u00e3o universit\u00e1ria\u201d.&nbsp;As inscri\u00e7\u00f5es para o II Simp\u00f3sio de Sa\u00fade Mental na Universidade s\u00e3o gratuitas para ouvintes e podem ser feitas no&nbsp;<a href=\"https:\/\/www.even3.com.br\/simposiodesaudementalnauniversidade\/\">site do evento<\/a>&nbsp;at\u00e9 a quarta-feira, 02\/10. Apenas quem for apresentar trabalhos nos Grupos Tem\u00e1ticos deve pagar a inscri\u00e7\u00e3o.<\/p>\n\n\n\n<p><em>Texto: Gabriel Torres \u2013 estagi\u00e1rio de jornalismo<\/em>&nbsp;. . . . . . . . . . . . . . . . . . . . . . . . . . . . . . . . . . . . . . . . . . . . . . . . . . . . . . . . . . . . . . . . . .<strong>Universidade Estadual do Norte Fluminense Darcy Ribeiro (UENF<\/strong>)<\/p>\n\n\n\n<p>Ger\u00eancia de Comunica\u00e7\u00e3o (ASCOM)<br \/>Av. Alberto Lamego, 2.000 \u2013 Parque Calif\u00f3rnia \u2013 Campos (RJ)<br \/>Telefones: Ascom: (22) 2739-7815 \/ 2739-7813<br \/>Reitoria: (22) 2739-7003<br \/>Email: uenf@uenf.br<br \/>Gerente de Comunica\u00e7\u00e3o: Vitor Sendra<\/p>\n","protected":false},"excerpt":{"rendered":"<p>O m\u00eas do setembro amarelo acabou, mas o tema da sa\u00fade mental n\u00e3o pode ser esquecido. O Brasil \u00e9 o pa\u00eds com maior n\u00famero de pessoas ansiosas: 9,3% da popula\u00e7\u00e3o, segundo a Organiza\u00e7\u00e3o Mundial da Sa\u00fade (OMS). Ainda de acordo com a entidade, 86% dos brasileiros sofrem de algum transtorno mental, como ansiedade e depress\u00e3o&#8230;.<\/p>\n","protected":false},"author":1,"featured_media":3728,"comment_status":"closed","ping_status":"closed","sticky":false,"template":"","format":"standard","meta":{"_eb_attr":"","ocean_post_layout":"","ocean_both_sidebars_style":"","ocean_both_sidebars_content_width":0,"ocean_both_sidebars_sidebars_width":0,"ocean_sidebar":"","ocean_second_sidebar":"","ocean_disable_margins":"enable","ocean_add_body_class":"","ocean_shortcode_before_top_bar":"","ocean_shortcode_after_top_bar":"","ocean_shortcode_before_header":"","ocean_shortcode_after_header":"","ocean_has_shortcode":"","ocean_shortcode_after_title":"","ocean_shortcode_before_footer_widgets":"","ocean_shortcode_after_footer_widgets":"","ocean_shortcode_before_footer_bottom":"","ocean_shortcode_after_footer_bottom":"","ocean_display_top_bar":"default","ocean_display_header":"default","ocean_header_style":"","ocean_center_header_left_menu":"","ocean_custom_header_template":"","ocean_custom_logo":0,"ocean_custom_retina_logo":0,"ocean_custom_logo_max_width":0,"ocean_custom_logo_tablet_max_width":0,"ocean_custom_logo_mobile_max_width":0,"ocean_custom_logo_max_height":0,"ocean_custom_logo_tablet_max_height":0,"ocean_custom_logo_mobile_max_height":0,"ocean_header_custom_menu":"","ocean_menu_typo_font_family":"","ocean_menu_typo_font_subset":"","ocean_menu_typo_font_size":0,"ocean_menu_typo_font_size_tablet":0,"ocean_menu_typo_font_size_mobile":0,"ocean_menu_typo_font_size_unit":"px","ocean_menu_typo_font_weight":"","ocean_menu_typo_font_weight_tablet":"","ocean_menu_typo_font_weight_mobile":"","ocean_menu_typo_transform":"","ocean_menu_typo_transform_tablet":"","ocean_menu_typo_transform_mobile":"","ocean_menu_typo_line_height":0,"ocean_menu_typo_line_height_tablet":0,"ocean_menu_typo_line_height_mobile":0,"ocean_menu_typo_line_height_unit":"","ocean_menu_typo_spacing":0,"ocean_menu_typo_spacing_tablet":0,"ocean_menu_typo_spacing_mobile":0,"ocean_menu_typo_spacing_unit":"","ocean_menu_link_color":"","ocean_menu_link_color_hover":"","ocean_menu_link_color_active":"","ocean_menu_link_background":"","ocean_menu_link_hover_background":"","ocean_menu_link_active_background":"","ocean_menu_social_links_bg":"","ocean_menu_social_hover_links_bg":"","ocean_menu_social_links_color":"","ocean_menu_social_hover_links_color":"","ocean_disable_title":"default","ocean_disable_heading":"default","ocean_post_title":"","ocean_post_subheading":"","ocean_post_title_style":"","ocean_post_title_background_color":"","ocean_post_title_background":0,"ocean_post_title_bg_image_position":"","ocean_post_title_bg_image_attachment":"","ocean_post_title_bg_image_repeat":"","ocean_post_title_bg_image_size":"","ocean_post_title_height":0,"ocean_post_title_bg_overlay":0.5,"ocean_post_title_bg_overlay_color":"","ocean_disable_breadcrumbs":"default","ocean_breadcrumbs_color":"","ocean_breadcrumbs_separator_color":"","ocean_breadcrumbs_links_color":"","ocean_breadcrumbs_links_hover_color":"","ocean_display_footer_widgets":"default","ocean_display_footer_bottom":"default","ocean_custom_footer_template":"","ocean_post_oembed":"","ocean_post_self_hosted_media":"","ocean_post_video_embed":"","ocean_link_format":"","ocean_link_format_target":"self","ocean_quote_format":"","ocean_quote_format_link":"post","ocean_gallery_link_images":"off","ocean_gallery_id":[],"footnotes":""},"categories":[8],"tags":[],"class_list":["post-3727","post","type-post","status-publish","format-standard","has-post-thumbnail","hentry","category-noticias","entry","has-media"],"yoast_head":"<!-- This site is optimized with the Yoast SEO plugin v26.5 - https:\/\/yoast.com\/wordpress\/plugins\/seo\/ -->\n<title>UENF discute sa\u00fade mental no meio acad\u00eamico - UENF - Universidade Estadual do Norte Fluminense Darcy Ribeiro<\/title>\n<meta name=\"robots\" content=\"noindex, follow, max-snippet:-1, max-image-preview:large, max-video-preview:-1\" \/>\n<meta property=\"og:locale\" content=\"pt_BR\" \/>\n<meta property=\"og:type\" content=\"article\" \/>\n<meta property=\"og:title\" content=\"UENF discute sa\u00fade mental no meio acad\u00eamico - UENF - Universidade Estadual do Norte Fluminense Darcy Ribeiro\" \/>\n<meta property=\"og:description\" content=\"O m\u00eas do setembro amarelo acabou, mas o tema da sa\u00fade mental n\u00e3o pode ser esquecido. O Brasil \u00e9 o pa\u00eds com maior n\u00famero de pessoas ansiosas: 9,3% da popula\u00e7\u00e3o, segundo a Organiza\u00e7\u00e3o Mundial da Sa\u00fade (OMS). Ainda de acordo com a entidade, 86% dos brasileiros sofrem de algum transtorno mental, como ansiedade e depress\u00e3o....\" \/>\n<meta property=\"og:url\" content=\"https:\/\/portal1.uenf.br\/portal\/noticias\/uenf-discute-saude-mental-no-meio-academico\/\" \/>\n<meta property=\"og:site_name\" content=\"UENF - Universidade Estadual do Norte Fluminense Darcy Ribeiro\" \/>\n<meta property=\"article:published_time\" content=\"2019-10-02T20:42:03+00:00\" \/>\n<meta property=\"og:image\" content=\"https:\/\/portal1.uenf.br\/portal\/wp-content\/uploads\/2019\/10\/centro-convencoes.jpg\" \/>\n\t<meta property=\"og:image:width\" content=\"604\" \/>\n\t<meta property=\"og:image:height\" content=\"453\" \/>\n\t<meta property=\"og:image:type\" content=\"image\/jpeg\" \/>\n<meta name=\"author\" content=\"admin\" \/>\n<meta name=\"twitter:card\" content=\"summary_large_image\" \/>\n<meta name=\"twitter:label1\" content=\"Escrito por\" \/>\n\t<meta name=\"twitter:data1\" content=\"admin\" \/>\n\t<meta name=\"twitter:label2\" content=\"Est. tempo de leitura\" \/>\n\t<meta name=\"twitter:data2\" content=\"5 minutos\" \/>\n<script type=\"application\/ld+json\" class=\"yoast-schema-graph\">{\"@context\":\"https:\/\/schema.org\",\"@graph\":[{\"@type\":\"Article\",\"@id\":\"https:\/\/portal1.uenf.br\/portal\/noticias\/uenf-discute-saude-mental-no-meio-academico\/#article\",\"isPartOf\":{\"@id\":\"https:\/\/portal1.uenf.br\/portal\/noticias\/uenf-discute-saude-mental-no-meio-academico\/\"},\"author\":{\"name\":\"admin\",\"@id\":\"https:\/\/portal1.uenf.br\/portal\/#\/schema\/person\/068abbf03b6f8478c845bc8ded9270c7\"},\"headline\":\"UENF discute sa\u00fade mental no meio acad\u00eamico\",\"datePublished\":\"2019-10-02T20:42:03+00:00\",\"mainEntityOfPage\":{\"@id\":\"https:\/\/portal1.uenf.br\/portal\/noticias\/uenf-discute-saude-mental-no-meio-academico\/\"},\"wordCount\":963,\"publisher\":{\"@id\":\"https:\/\/portal1.uenf.br\/portal\/#organization\"},\"image\":{\"@id\":\"https:\/\/portal1.uenf.br\/portal\/noticias\/uenf-discute-saude-mental-no-meio-academico\/#primaryimage\"},\"thumbnailUrl\":\"https:\/\/portal1.uenf.br\/portal\/wp-content\/uploads\/2019\/10\/centro-convencoes.jpg\",\"articleSection\":[\"Not\u00edcias\"],\"inLanguage\":\"pt-BR\"},{\"@type\":\"WebPage\",\"@id\":\"https:\/\/portal1.uenf.br\/portal\/noticias\/uenf-discute-saude-mental-no-meio-academico\/\",\"url\":\"https:\/\/portal1.uenf.br\/portal\/noticias\/uenf-discute-saude-mental-no-meio-academico\/\",\"name\":\"UENF discute sa\u00fade mental no meio acad\u00eamico - UENF - Universidade Estadual do Norte Fluminense Darcy Ribeiro\",\"isPartOf\":{\"@id\":\"https:\/\/portal1.uenf.br\/portal\/#website\"},\"primaryImageOfPage\":{\"@id\":\"https:\/\/portal1.uenf.br\/portal\/noticias\/uenf-discute-saude-mental-no-meio-academico\/#primaryimage\"},\"image\":{\"@id\":\"https:\/\/portal1.uenf.br\/portal\/noticias\/uenf-discute-saude-mental-no-meio-academico\/#primaryimage\"},\"thumbnailUrl\":\"https:\/\/portal1.uenf.br\/portal\/wp-content\/uploads\/2019\/10\/centro-convencoes.jpg\",\"datePublished\":\"2019-10-02T20:42:03+00:00\",\"breadcrumb\":{\"@id\":\"https:\/\/portal1.uenf.br\/portal\/noticias\/uenf-discute-saude-mental-no-meio-academico\/#breadcrumb\"},\"inLanguage\":\"pt-BR\",\"potentialAction\":[{\"@type\":\"ReadAction\",\"target\":[\"https:\/\/portal1.uenf.br\/portal\/noticias\/uenf-discute-saude-mental-no-meio-academico\/\"]}]},{\"@type\":\"ImageObject\",\"inLanguage\":\"pt-BR\",\"@id\":\"https:\/\/portal1.uenf.br\/portal\/noticias\/uenf-discute-saude-mental-no-meio-academico\/#primaryimage\",\"url\":\"https:\/\/portal1.uenf.br\/portal\/wp-content\/uploads\/2019\/10\/centro-convencoes.jpg\",\"contentUrl\":\"https:\/\/portal1.uenf.br\/portal\/wp-content\/uploads\/2019\/10\/centro-convencoes.jpg\",\"width\":604,\"height\":453},{\"@type\":\"BreadcrumbList\",\"@id\":\"https:\/\/portal1.uenf.br\/portal\/noticias\/uenf-discute-saude-mental-no-meio-academico\/#breadcrumb\",\"itemListElement\":[{\"@type\":\"ListItem\",\"position\":1,\"name\":\"In\u00edcio\",\"item\":\"https:\/\/portal1.uenf.br\/portal\/\"},{\"@type\":\"ListItem\",\"position\":2,\"name\":\"UENF discute sa\u00fade mental no meio acad\u00eamico\"}]},{\"@type\":\"WebSite\",\"@id\":\"https:\/\/portal1.uenf.br\/portal\/#website\",\"url\":\"https:\/\/portal1.uenf.br\/portal\/\",\"name\":\"UENF - Universidade Estadual do Norte Fluminense Darcy Ribeiro\",\"description\":\"\",\"publisher\":{\"@id\":\"https:\/\/portal1.uenf.br\/portal\/#organization\"},\"potentialAction\":[{\"@type\":\"SearchAction\",\"target\":{\"@type\":\"EntryPoint\",\"urlTemplate\":\"https:\/\/portal1.uenf.br\/portal\/?s={search_term_string}\"},\"query-input\":{\"@type\":\"PropertyValueSpecification\",\"valueRequired\":true,\"valueName\":\"search_term_string\"}}],\"inLanguage\":\"pt-BR\"},{\"@type\":\"Organization\",\"@id\":\"https:\/\/portal1.uenf.br\/portal\/#organization\",\"name\":\"UENF - Universidade Estadual do Norte Fluminense Darcy Ribeiro\",\"url\":\"https:\/\/portal1.uenf.br\/portal\/\",\"logo\":{\"@type\":\"ImageObject\",\"inLanguage\":\"pt-BR\",\"@id\":\"https:\/\/portal1.uenf.br\/portal\/#\/schema\/logo\/image\/\",\"url\":\"https:\/\/portal1.uenf.br\/portal\/wp-content\/uploads\/2018\/06\/logo-uenf-invertido-1.png\",\"contentUrl\":\"https:\/\/portal1.uenf.br\/portal\/wp-content\/uploads\/2018\/06\/logo-uenf-invertido-1.png\",\"width\":482,\"height\":83,\"caption\":\"UENF - Universidade Estadual do Norte Fluminense Darcy Ribeiro\"},\"image\":{\"@id\":\"https:\/\/portal1.uenf.br\/portal\/#\/schema\/logo\/image\/\"}},{\"@type\":\"Person\",\"@id\":\"https:\/\/portal1.uenf.br\/portal\/#\/schema\/person\/068abbf03b6f8478c845bc8ded9270c7\",\"name\":\"admin\",\"image\":{\"@type\":\"ImageObject\",\"inLanguage\":\"pt-BR\",\"@id\":\"https:\/\/portal1.uenf.br\/portal\/#\/schema\/person\/image\/\",\"url\":\"https:\/\/secure.gravatar.com\/avatar\/e5ecf9e4fae0742f4b136f518195bafa7b2d3f7c709f4bdc6707588ef68a6e25?s=96&d=mm&r=g\",\"contentUrl\":\"https:\/\/secure.gravatar.com\/avatar\/e5ecf9e4fae0742f4b136f518195bafa7b2d3f7c709f4bdc6707588ef68a6e25?s=96&d=mm&r=g\",\"caption\":\"admin\"},\"sameAs\":[\"https:\/\/portal1.uenf.br\/portal\"],\"url\":\"https:\/\/portal1.uenf.br\/portal\/author\/edson\/\"}]}<\/script>\n<!-- \/ Yoast SEO plugin. -->","yoast_head_json":{"title":"UENF discute sa\u00fade mental no meio acad\u00eamico - UENF - Universidade Estadual do Norte Fluminense Darcy Ribeiro","robots":{"index":"noindex","follow":"follow","max-snippet":"max-snippet:-1","max-image-preview":"max-image-preview:large","max-video-preview":"max-video-preview:-1"},"og_locale":"pt_BR","og_type":"article","og_title":"UENF discute sa\u00fade mental no meio acad\u00eamico - UENF - Universidade Estadual do Norte Fluminense Darcy Ribeiro","og_description":"O m\u00eas do setembro amarelo acabou, mas o tema da sa\u00fade mental n\u00e3o pode ser esquecido. O Brasil \u00e9 o pa\u00eds com maior n\u00famero de pessoas ansiosas: 9,3% da popula\u00e7\u00e3o, segundo a Organiza\u00e7\u00e3o Mundial da Sa\u00fade (OMS). Ainda de acordo com a entidade, 86% dos brasileiros sofrem de algum transtorno mental, como ansiedade e depress\u00e3o....","og_url":"https:\/\/portal1.uenf.br\/portal\/noticias\/uenf-discute-saude-mental-no-meio-academico\/","og_site_name":"UENF - Universidade Estadual do Norte Fluminense Darcy Ribeiro","article_published_time":"2019-10-02T20:42:03+00:00","og_image":[{"width":604,"height":453,"url":"https:\/\/portal1.uenf.br\/portal\/wp-content\/uploads\/2019\/10\/centro-convencoes.jpg","type":"image\/jpeg"}],"author":"admin","twitter_card":"summary_large_image","twitter_misc":{"Escrito por":"admin","Est. tempo de leitura":"5 minutos"},"schema":{"@context":"https:\/\/schema.org","@graph":[{"@type":"Article","@id":"https:\/\/portal1.uenf.br\/portal\/noticias\/uenf-discute-saude-mental-no-meio-academico\/#article","isPartOf":{"@id":"https:\/\/portal1.uenf.br\/portal\/noticias\/uenf-discute-saude-mental-no-meio-academico\/"},"author":{"name":"admin","@id":"https:\/\/portal1.uenf.br\/portal\/#\/schema\/person\/068abbf03b6f8478c845bc8ded9270c7"},"headline":"UENF discute sa\u00fade mental no meio acad\u00eamico","datePublished":"2019-10-02T20:42:03+00:00","mainEntityOfPage":{"@id":"https:\/\/portal1.uenf.br\/portal\/noticias\/uenf-discute-saude-mental-no-meio-academico\/"},"wordCount":963,"publisher":{"@id":"https:\/\/portal1.uenf.br\/portal\/#organization"},"image":{"@id":"https:\/\/portal1.uenf.br\/portal\/noticias\/uenf-discute-saude-mental-no-meio-academico\/#primaryimage"},"thumbnailUrl":"https:\/\/portal1.uenf.br\/portal\/wp-content\/uploads\/2019\/10\/centro-convencoes.jpg","articleSection":["Not\u00edcias"],"inLanguage":"pt-BR"},{"@type":"WebPage","@id":"https:\/\/portal1.uenf.br\/portal\/noticias\/uenf-discute-saude-mental-no-meio-academico\/","url":"https:\/\/portal1.uenf.br\/portal\/noticias\/uenf-discute-saude-mental-no-meio-academico\/","name":"UENF discute sa\u00fade mental no meio acad\u00eamico - UENF - Universidade Estadual do Norte Fluminense Darcy Ribeiro","isPartOf":{"@id":"https:\/\/portal1.uenf.br\/portal\/#website"},"primaryImageOfPage":{"@id":"https:\/\/portal1.uenf.br\/portal\/noticias\/uenf-discute-saude-mental-no-meio-academico\/#primaryimage"},"image":{"@id":"https:\/\/portal1.uenf.br\/portal\/noticias\/uenf-discute-saude-mental-no-meio-academico\/#primaryimage"},"thumbnailUrl":"https:\/\/portal1.uenf.br\/portal\/wp-content\/uploads\/2019\/10\/centro-convencoes.jpg","datePublished":"2019-10-02T20:42:03+00:00","breadcrumb":{"@id":"https:\/\/portal1.uenf.br\/portal\/noticias\/uenf-discute-saude-mental-no-meio-academico\/#breadcrumb"},"inLanguage":"pt-BR","potentialAction":[{"@type":"ReadAction","target":["https:\/\/portal1.uenf.br\/portal\/noticias\/uenf-discute-saude-mental-no-meio-academico\/"]}]},{"@type":"ImageObject","inLanguage":"pt-BR","@id":"https:\/\/portal1.uenf.br\/portal\/noticias\/uenf-discute-saude-mental-no-meio-academico\/#primaryimage","url":"https:\/\/portal1.uenf.br\/portal\/wp-content\/uploads\/2019\/10\/centro-convencoes.jpg","contentUrl":"https:\/\/portal1.uenf.br\/portal\/wp-content\/uploads\/2019\/10\/centro-convencoes.jpg","width":604,"height":453},{"@type":"BreadcrumbList","@id":"https:\/\/portal1.uenf.br\/portal\/noticias\/uenf-discute-saude-mental-no-meio-academico\/#breadcrumb","itemListElement":[{"@type":"ListItem","position":1,"name":"In\u00edcio","item":"https:\/\/portal1.uenf.br\/portal\/"},{"@type":"ListItem","position":2,"name":"UENF discute sa\u00fade mental no meio acad\u00eamico"}]},{"@type":"WebSite","@id":"https:\/\/portal1.uenf.br\/portal\/#website","url":"https:\/\/portal1.uenf.br\/portal\/","name":"UENF - Universidade Estadual do Norte Fluminense Darcy Ribeiro","description":"","publisher":{"@id":"https:\/\/portal1.uenf.br\/portal\/#organization"},"potentialAction":[{"@type":"SearchAction","target":{"@type":"EntryPoint","urlTemplate":"https:\/\/portal1.uenf.br\/portal\/?s={search_term_string}"},"query-input":{"@type":"PropertyValueSpecification","valueRequired":true,"valueName":"search_term_string"}}],"inLanguage":"pt-BR"},{"@type":"Organization","@id":"https:\/\/portal1.uenf.br\/portal\/#organization","name":"UENF - Universidade Estadual do Norte Fluminense Darcy Ribeiro","url":"https:\/\/portal1.uenf.br\/portal\/","logo":{"@type":"ImageObject","inLanguage":"pt-BR","@id":"https:\/\/portal1.uenf.br\/portal\/#\/schema\/logo\/image\/","url":"https:\/\/portal1.uenf.br\/portal\/wp-content\/uploads\/2018\/06\/logo-uenf-invertido-1.png","contentUrl":"https:\/\/portal1.uenf.br\/portal\/wp-content\/uploads\/2018\/06\/logo-uenf-invertido-1.png","width":482,"height":83,"caption":"UENF - Universidade Estadual do Norte Fluminense Darcy Ribeiro"},"image":{"@id":"https:\/\/portal1.uenf.br\/portal\/#\/schema\/logo\/image\/"}},{"@type":"Person","@id":"https:\/\/portal1.uenf.br\/portal\/#\/schema\/person\/068abbf03b6f8478c845bc8ded9270c7","name":"admin","image":{"@type":"ImageObject","inLanguage":"pt-BR","@id":"https:\/\/portal1.uenf.br\/portal\/#\/schema\/person\/image\/","url":"https:\/\/secure.gravatar.com\/avatar\/e5ecf9e4fae0742f4b136f518195bafa7b2d3f7c709f4bdc6707588ef68a6e25?s=96&d=mm&r=g","contentUrl":"https:\/\/secure.gravatar.com\/avatar\/e5ecf9e4fae0742f4b136f518195bafa7b2d3f7c709f4bdc6707588ef68a6e25?s=96&d=mm&r=g","caption":"admin"},"sameAs":["https:\/\/portal1.uenf.br\/portal"],"url":"https:\/\/portal1.uenf.br\/portal\/author\/edson\/"}]}},"_links":{"self":[{"href":"https:\/\/portal1.uenf.br\/portal\/wp-json\/wp\/v2\/posts\/3727","targetHints":{"allow":["GET"]}}],"collection":[{"href":"https:\/\/portal1.uenf.br\/portal\/wp-json\/wp\/v2\/posts"}],"about":[{"href":"https:\/\/portal1.uenf.br\/portal\/wp-json\/wp\/v2\/types\/post"}],"author":[{"embeddable":true,"href":"https:\/\/portal1.uenf.br\/portal\/wp-json\/wp\/v2\/users\/1"}],"replies":[{"embeddable":true,"href":"https:\/\/portal1.uenf.br\/portal\/wp-json\/wp\/v2\/comments?post=3727"}],"version-history":[{"count":0,"href":"https:\/\/portal1.uenf.br\/portal\/wp-json\/wp\/v2\/posts\/3727\/revisions"}],"wp:featuredmedia":[{"embeddable":true,"href":"https:\/\/portal1.uenf.br\/portal\/wp-json\/wp\/v2\/media\/3728"}],"wp:attachment":[{"href":"https:\/\/portal1.uenf.br\/portal\/wp-json\/wp\/v2\/media?parent=3727"}],"wp:term":[{"taxonomy":"category","embeddable":true,"href":"https:\/\/portal1.uenf.br\/portal\/wp-json\/wp\/v2\/categories?post=3727"},{"taxonomy":"post_tag","embeddable":true,"href":"https:\/\/portal1.uenf.br\/portal\/wp-json\/wp\/v2\/tags?post=3727"}],"curies":[{"name":"wp","href":"https:\/\/api.w.org\/{rel}","templated":true}]}}