{"id":3717,"date":"2019-10-02T17:06:57","date_gmt":"2019-10-02T20:06:57","guid":{"rendered":"https:\/\/uenf.br\/portal\/?p=3717"},"modified":"2019-10-02T17:06:57","modified_gmt":"2019-10-02T20:06:57","slug":"raul-e-rosana-vencem-eleicao-na-uenf","status":"publish","type":"post","link":"https:\/\/portal1.uenf.br\/portal\/noticias\/raul-e-rosana-vencem-eleicao-na-uenf\/","title":{"rendered":"Raul e Rosana vencem elei\u00e7\u00e3o na UENF"},"content":{"rendered":"<h3><img decoding=\"async\" class=\"alignnone size-full wp-image-17567\" src=\"http:\/\/www.uenf.br\/dic\/ascom\/wp-content\/uploads\/sites\/4\/2015\/06\/logo-informativo.jpg-melhorado-PARA-PORTAL.jpg\" alt=\"logo-informativo.jpg-melhorado-PARA-PORTAL\" width=\"407\" height=\"58\"><\/h3>\n<p>Campos dos Goytacazes (RJ), quarta-feira, 18 de setembro de 2019<\/p>\n\n\n<h3 class=\"wp-block-heading\">Raul e Rosana vencem elei\u00e7\u00e3o na UENF<\/h3>\n\n\n\n<div class=\"wp-block-image\"><figure class=\"alignright is-resized\"><img fetchpriority=\"high\" decoding=\"async\" src=\"http:\/\/uenf.br\/dic\/ascom\/wp-content\/uploads\/sites\/4\/2019\/09\/raul-1.jpg\" alt=\"\" class=\"wp-image-28235\" width=\"312\" height=\"229\"\/><figcaption> Raul Ernesto Lopez Palacio <\/figcaption><\/figure><\/div>\n\n\n\n<p>Com 51,25% dos votos, a chapa 10, formada pelos professores Raul Ernesto Lopez Palacio e Rosana Rodrigues, foi eleita nesta ter\u00e7a-feira, 17\/09\/19, para comandar a Reitoria da UENF pelos pr\u00f3ximos quatro anos. Um total de 2.017 pessoas participaram da elei\u00e7\u00e3o, entre professores, t\u00e9cnico-administrativos e alunos da Universidade, nos&nbsp;<em>campi<\/em>&nbsp;de Maca\u00e9 e Campos dos Goytacazes.&nbsp; A elei\u00e7\u00e3o nos 11 polos do Cederj foi realizada no \u00faltimo s\u00e1bado, 14\/09\/19.<\/p>\n\n\n\n<p>A chapa 11, formada pelos professores Carlos Eduardo de Rezende e Juraci Aparecido Sampaio, ficou em segundo lugar, com 48,04% dos votos. Foram contabilizados 10 votos em branco e 24 votos nulos.<\/p>\n\n\n\n<p>No 1\u00ba turno da elei\u00e7\u00e3o, realizado em 31\/08 e 03\/09,&nbsp; a chapa 10 ficou em 1\u00ba lugar, com 41,70% dos votos,&nbsp; e as chapas 11 e 12 (esta formada por Enrique Medina-Acosta e Rodrigo Tavares) empataram na segunda coloca\u00e7\u00e3o, com 28,52% dos votos cada uma. A Comiss\u00e3o Eleitoral utilizou os crit\u00e9rios de desempate previstos no Regimento Interno da UENF para estabelecer qual chapa deveria disputar o 2\u00ba turno junto com a chapa 10.<\/p>\n\n\n\n<p>Logo ap\u00f3s receber o resultado da elei\u00e7\u00e3o, o professor Raul agradeceu \u00e0 comunidade universit\u00e1ria pela confian\u00e7a depositada na chapa 10. \u201cAgora a gente tem que se unir para levar a UENF \u00e0 frente e fazer com que ela esteja cada vez mais ligada \u00e0 sociedade de Campos, regi\u00e3o e do estado do Rio de Janeiro. Vamos juntos levar a Universidade ao patamar que ela realmente merece\u201d, disse.<\/p>\n\n\n\n<p>Professor associado da UENF desde 2003, Raul Ernesto L\u00f3pez Palacio ocupou o cargo de chefe de Gabinete da atual Reitoria at\u00e9 junho deste ano, quando se inscreveu como candidato. Doutor em Engenharia Mec\u00e2nica pela Universidade Estadual de Campinas (Unicamp), ele atua no Laborat\u00f3rio de Materiais Avan\u00e7ados (LAMAV) do Centro de Ci\u00eancia e Tecnologia (CCT). Possui Gradua\u00e7\u00e3o em Qu\u00edmica pela Universidad de La Habana e mestrado em Engenharia Mec\u00e2nica pela Unicamp.<\/p>\n\n\n\n<p>Nascido em Cuba, Raul foi coordenador do curso de Gradua\u00e7\u00e3o em Engenharia Metal\u00fargica e de Materiais no per\u00edodo de 2007 a 2012.&nbsp;Representou o CCT na Comiss\u00e3o Interna de bolsas de Inicia\u00e7\u00e3o Cient\u00edfica da UENF (PIBIC) de 2006 a 2013. Atuou ainda como representante da Gradua\u00e7\u00e3o no Conselho de Centro do CCT de 2008 a 2010 e foi membro do Colegiado Acad\u00eamico da UENF de 2012 a 2015.<\/p>\n\n\n\n<p>\u00c9 coordenador do Programa de Extens\u00e3o \u201cUENF Portas Abertas\u201d, que inclui tr\u00eas projetos: \u201cConhecendo a UENF\u201d; \u201cUENF Digital\u201d, e \u201cUENF Rede Social\u201d. Tem experi\u00eancia na \u00e1rea de Engenharia de Materiais e Metal\u00fargica, com \u00eanfase em biomateriais, atuando principalmente nos seguintes temas: biomateriais, materiais compostos, pol\u00edmeros, caracteriza\u00e7\u00e3o e avalia\u00e7\u00e3o mec\u00e2nica.<\/p>\n\n\n\n<div class=\"wp-block-image\"><figure class=\"alignleft is-resized\"><img decoding=\"async\" src=\"http:\/\/uenf.br\/dic\/ascom\/wp-content\/uploads\/sites\/4\/2019\/09\/rosana-2.jpg\" alt=\"\" class=\"wp-image-28248\" width=\"328\" height=\"215\"\/><figcaption> Rosana Rodrigues <\/figcaption><\/figure><\/div>\n\n\n\n<p>Rosana Rodrigues \u00e9 professora associada da UENF desde 1999 e ocupou o cargo de pr\u00f3-reitora de Pesquisa e P\u00f3s-Gradua\u00e7\u00e3o da UENF da atual gest\u00e3o at\u00e9 junho deste ano. Engenheira agr\u00f4noma pela Universidade Federal Rural do Rio de Janeiro (UFRRJ), Rosana \u00e9 mestre em Fitotecnia tamb\u00e9m pela UFRRJ e doutora em Produ\u00e7\u00e3o Vegetal pela UENF. De 2003 a 2004, fez p\u00f3s-doutorado em Biologia Molecular na&nbsp;<em>University of Florida<\/em>.&nbsp; Atualmente, Rosana \u00e9 vice-l\u00edder de grupo de pesquisa do CNPq na \u00e1rea de Recursos Gen\u00e9ticos Vegetais. Atua ainda como Cientista do Nosso Estado pela Faperj e bolsista de produtividade n\u00edvel 1 B do CNPq.<\/p>\n\n\n\n<p>Rosana foi coordenadora do Programa de P\u00f3s-Gradua\u00e7\u00e3o em Gen\u00e9tica e Melhoramento de Plantas da UENF (Nota 6 \u2013 Capes) de 2013-2015.&nbsp; Atuou como assessora da Pr\u00f3-Reitoria de Pesquisa e P\u00f3s-Gradua\u00e7\u00e3o da UENF e Coordenadora do PIBIC\/CNPq\/UENF nos per\u00edodos de 2002 a 2003 e 2005 a 2007. Foi membro da Diretoria Nacional da Associa\u00e7\u00e3o Brasileira de Melhoramento de Plantas (SBMP) de agosto de 2009 a agosto de 2011. Atualmente \u00e9 membro do Conselho Superior da Faperj. Atua principalmente nas \u00e1reas de Melhoramento de Plantas, Recursos Fitogen\u00e9ticos para Alimenta\u00e7\u00e3o e Agricultura, Resist\u00eancia de Plantas a Doen\u00e7as e Intera\u00e7\u00e3o Planta-Pat\u00f3geno.&nbsp;<\/p>\n\n\n\n<p>. . . . . . . . . . . . . . . . . . . . . . . . . . . . . . . . . . . . . . . . . . . . . . . . . . . . . . . . . . . . . . . . . . .<strong>Universidade Estadual do Norte Fluminense Darcy Ribeiro (UENF<\/strong>)<\/p>\n\n\n\n<p>Ger\u00eancia de Comunica\u00e7\u00e3o (ASCOM)<br \/>Av. Alberto Lamego, 2.000 \u2013 Parque Calif\u00f3rnia \u2013 Campos (RJ)<br \/>Telefones: Ascom: (22) 2739-7815 \/ 2739-7813<br \/>Reitoria: (22) 2739-7003<br \/>Email: uenf@uenf.br<br \/>Gerente de Comunica\u00e7\u00e3o: Vitor Sendra<\/p>\n","protected":false},"excerpt":{"rendered":"<p>Com 51,25% dos votos, a chapa 10, formada pelos professores Raul Ernesto Lopez Palacio e Rosana Rodrigues, foi eleita nesta ter\u00e7a-feira, 17\/09\/19, para comandar a Reitoria da UENF pelos pr\u00f3ximos quatro anos. Um total de 2.017 pessoas participaram da elei\u00e7\u00e3o, entre professores, t\u00e9cnico-administrativos e alunos da Universidade, nos campi de Maca\u00e9 e Campos dos Goytacazes&#8230;<\/p>\n","protected":false},"author":1,"featured_media":3718,"comment_status":"closed","ping_status":"closed","sticky":false,"template":"","format":"standard","meta":{"_eb_attr":"","ocean_post_layout":"","ocean_both_sidebars_style":"","ocean_both_sidebars_content_width":0,"ocean_both_sidebars_sidebars_width":0,"ocean_sidebar":"","ocean_second_sidebar":"","ocean_disable_margins":"enable","ocean_add_body_class":"","ocean_shortcode_before_top_bar":"","ocean_shortcode_after_top_bar":"","ocean_shortcode_before_header":"","ocean_shortcode_after_header":"","ocean_has_shortcode":"","ocean_shortcode_after_title":"","ocean_shortcode_before_footer_widgets":"","ocean_shortcode_after_footer_widgets":"","ocean_shortcode_before_footer_bottom":"","ocean_shortcode_after_footer_bottom":"","ocean_display_top_bar":"default","ocean_display_header":"default","ocean_header_style":"","ocean_center_header_left_menu":"","ocean_custom_header_template":"","ocean_custom_logo":0,"ocean_custom_retina_logo":0,"ocean_custom_logo_max_width":0,"ocean_custom_logo_tablet_max_width":0,"ocean_custom_logo_mobile_max_width":0,"ocean_custom_logo_max_height":0,"ocean_custom_logo_tablet_max_height":0,"ocean_custom_logo_mobile_max_height":0,"ocean_header_custom_menu":"","ocean_menu_typo_font_family":"","ocean_menu_typo_font_subset":"","ocean_menu_typo_font_size":0,"ocean_menu_typo_font_size_tablet":0,"ocean_menu_typo_font_size_mobile":0,"ocean_menu_typo_font_size_unit":"px","ocean_menu_typo_font_weight":"","ocean_menu_typo_font_weight_tablet":"","ocean_menu_typo_font_weight_mobile":"","ocean_menu_typo_transform":"","ocean_menu_typo_transform_tablet":"","ocean_menu_typo_transform_mobile":"","ocean_menu_typo_line_height":0,"ocean_menu_typo_line_height_tablet":0,"ocean_menu_typo_line_height_mobile":0,"ocean_menu_typo_line_height_unit":"","ocean_menu_typo_spacing":0,"ocean_menu_typo_spacing_tablet":0,"ocean_menu_typo_spacing_mobile":0,"ocean_menu_typo_spacing_unit":"","ocean_menu_link_color":"","ocean_menu_link_color_hover":"","ocean_menu_link_color_active":"","ocean_menu_link_background":"","ocean_menu_link_hover_background":"","ocean_menu_link_active_background":"","ocean_menu_social_links_bg":"","ocean_menu_social_hover_links_bg":"","ocean_menu_social_links_color":"","ocean_menu_social_hover_links_color":"","ocean_disable_title":"default","ocean_disable_heading":"default","ocean_post_title":"","ocean_post_subheading":"","ocean_post_title_style":"","ocean_post_title_background_color":"","ocean_post_title_background":0,"ocean_post_title_bg_image_position":"","ocean_post_title_bg_image_attachment":"","ocean_post_title_bg_image_repeat":"","ocean_post_title_bg_image_size":"","ocean_post_title_height":0,"ocean_post_title_bg_overlay":0.5,"ocean_post_title_bg_overlay_color":"","ocean_disable_breadcrumbs":"default","ocean_breadcrumbs_color":"","ocean_breadcrumbs_separator_color":"","ocean_breadcrumbs_links_color":"","ocean_breadcrumbs_links_hover_color":"","ocean_display_footer_widgets":"default","ocean_display_footer_bottom":"default","ocean_custom_footer_template":"","ocean_post_oembed":"","ocean_post_self_hosted_media":"","ocean_post_video_embed":"","ocean_link_format":"","ocean_link_format_target":"self","ocean_quote_format":"","ocean_quote_format_link":"post","ocean_gallery_link_images":"off","ocean_gallery_id":[],"footnotes":""},"categories":[8],"tags":[],"class_list":["post-3717","post","type-post","status-publish","format-standard","has-post-thumbnail","hentry","category-noticias","entry","has-media"],"yoast_head":"<!-- This site is optimized with the Yoast SEO plugin v26.5 - https:\/\/yoast.com\/wordpress\/plugins\/seo\/ -->\n<title>Raul e Rosana vencem elei\u00e7\u00e3o na UENF - UENF - Universidade Estadual do Norte Fluminense Darcy Ribeiro<\/title>\n<meta name=\"robots\" content=\"noindex, follow, max-snippet:-1, max-image-preview:large, max-video-preview:-1\" \/>\n<meta property=\"og:locale\" content=\"pt_BR\" \/>\n<meta property=\"og:type\" content=\"article\" \/>\n<meta property=\"og:title\" content=\"Raul e Rosana vencem elei\u00e7\u00e3o na UENF - UENF - Universidade Estadual do Norte Fluminense Darcy Ribeiro\" \/>\n<meta property=\"og:description\" content=\"Com 51,25% dos votos, a chapa 10, formada pelos professores Raul Ernesto Lopez Palacio e Rosana Rodrigues, foi eleita nesta ter\u00e7a-feira, 17\/09\/19, para comandar a Reitoria da UENF pelos pr\u00f3ximos quatro anos. Um total de 2.017 pessoas participaram da elei\u00e7\u00e3o, entre professores, t\u00e9cnico-administrativos e alunos da Universidade, nos campi de Maca\u00e9 e Campos dos Goytacazes...\" \/>\n<meta property=\"og:url\" content=\"https:\/\/portal1.uenf.br\/portal\/noticias\/raul-e-rosana-vencem-eleicao-na-uenf\/\" \/>\n<meta property=\"og:site_name\" content=\"UENF - Universidade Estadual do Norte Fluminense Darcy Ribeiro\" \/>\n<meta property=\"article:published_time\" content=\"2019-10-02T20:06:57+00:00\" \/>\n<meta property=\"og:image\" content=\"https:\/\/portal1.uenf.br\/portal\/wp-content\/uploads\/2019\/10\/raul-1.jpg\" \/>\n\t<meta property=\"og:image:width\" content=\"611\" \/>\n\t<meta property=\"og:image:height\" content=\"449\" \/>\n\t<meta property=\"og:image:type\" content=\"image\/jpeg\" \/>\n<meta name=\"author\" content=\"admin\" \/>\n<meta name=\"twitter:card\" content=\"summary_large_image\" \/>\n<meta name=\"twitter:label1\" content=\"Escrito por\" \/>\n\t<meta name=\"twitter:data1\" content=\"admin\" \/>\n\t<meta name=\"twitter:label2\" content=\"Est. tempo de leitura\" \/>\n\t<meta name=\"twitter:data2\" content=\"4 minutos\" \/>\n<script type=\"application\/ld+json\" class=\"yoast-schema-graph\">{\"@context\":\"https:\/\/schema.org\",\"@graph\":[{\"@type\":\"Article\",\"@id\":\"https:\/\/portal1.uenf.br\/portal\/noticias\/raul-e-rosana-vencem-eleicao-na-uenf\/#article\",\"isPartOf\":{\"@id\":\"https:\/\/portal1.uenf.br\/portal\/noticias\/raul-e-rosana-vencem-eleicao-na-uenf\/\"},\"author\":{\"name\":\"admin\",\"@id\":\"https:\/\/portal1.uenf.br\/portal\/#\/schema\/person\/068abbf03b6f8478c845bc8ded9270c7\"},\"headline\":\"Raul e Rosana vencem elei\u00e7\u00e3o na UENF\",\"datePublished\":\"2019-10-02T20:06:57+00:00\",\"mainEntityOfPage\":{\"@id\":\"https:\/\/portal1.uenf.br\/portal\/noticias\/raul-e-rosana-vencem-eleicao-na-uenf\/\"},\"wordCount\":717,\"publisher\":{\"@id\":\"https:\/\/portal1.uenf.br\/portal\/#organization\"},\"image\":{\"@id\":\"https:\/\/portal1.uenf.br\/portal\/noticias\/raul-e-rosana-vencem-eleicao-na-uenf\/#primaryimage\"},\"thumbnailUrl\":\"https:\/\/portal1.uenf.br\/portal\/wp-content\/uploads\/2019\/10\/raul-1.jpg\",\"articleSection\":[\"Not\u00edcias\"],\"inLanguage\":\"pt-BR\"},{\"@type\":\"WebPage\",\"@id\":\"https:\/\/portal1.uenf.br\/portal\/noticias\/raul-e-rosana-vencem-eleicao-na-uenf\/\",\"url\":\"https:\/\/portal1.uenf.br\/portal\/noticias\/raul-e-rosana-vencem-eleicao-na-uenf\/\",\"name\":\"Raul e Rosana vencem elei\u00e7\u00e3o na UENF - UENF - Universidade Estadual do Norte Fluminense Darcy Ribeiro\",\"isPartOf\":{\"@id\":\"https:\/\/portal1.uenf.br\/portal\/#website\"},\"primaryImageOfPage\":{\"@id\":\"https:\/\/portal1.uenf.br\/portal\/noticias\/raul-e-rosana-vencem-eleicao-na-uenf\/#primaryimage\"},\"image\":{\"@id\":\"https:\/\/portal1.uenf.br\/portal\/noticias\/raul-e-rosana-vencem-eleicao-na-uenf\/#primaryimage\"},\"thumbnailUrl\":\"https:\/\/portal1.uenf.br\/portal\/wp-content\/uploads\/2019\/10\/raul-1.jpg\",\"datePublished\":\"2019-10-02T20:06:57+00:00\",\"breadcrumb\":{\"@id\":\"https:\/\/portal1.uenf.br\/portal\/noticias\/raul-e-rosana-vencem-eleicao-na-uenf\/#breadcrumb\"},\"inLanguage\":\"pt-BR\",\"potentialAction\":[{\"@type\":\"ReadAction\",\"target\":[\"https:\/\/portal1.uenf.br\/portal\/noticias\/raul-e-rosana-vencem-eleicao-na-uenf\/\"]}]},{\"@type\":\"ImageObject\",\"inLanguage\":\"pt-BR\",\"@id\":\"https:\/\/portal1.uenf.br\/portal\/noticias\/raul-e-rosana-vencem-eleicao-na-uenf\/#primaryimage\",\"url\":\"https:\/\/portal1.uenf.br\/portal\/wp-content\/uploads\/2019\/10\/raul-1.jpg\",\"contentUrl\":\"https:\/\/portal1.uenf.br\/portal\/wp-content\/uploads\/2019\/10\/raul-1.jpg\",\"width\":611,\"height\":449},{\"@type\":\"BreadcrumbList\",\"@id\":\"https:\/\/portal1.uenf.br\/portal\/noticias\/raul-e-rosana-vencem-eleicao-na-uenf\/#breadcrumb\",\"itemListElement\":[{\"@type\":\"ListItem\",\"position\":1,\"name\":\"In\u00edcio\",\"item\":\"https:\/\/portal1.uenf.br\/portal\/\"},{\"@type\":\"ListItem\",\"position\":2,\"name\":\"Raul e Rosana vencem elei\u00e7\u00e3o na UENF\"}]},{\"@type\":\"WebSite\",\"@id\":\"https:\/\/portal1.uenf.br\/portal\/#website\",\"url\":\"https:\/\/portal1.uenf.br\/portal\/\",\"name\":\"UENF - Universidade Estadual do Norte Fluminense Darcy Ribeiro\",\"description\":\"\",\"publisher\":{\"@id\":\"https:\/\/portal1.uenf.br\/portal\/#organization\"},\"potentialAction\":[{\"@type\":\"SearchAction\",\"target\":{\"@type\":\"EntryPoint\",\"urlTemplate\":\"https:\/\/portal1.uenf.br\/portal\/?s={search_term_string}\"},\"query-input\":{\"@type\":\"PropertyValueSpecification\",\"valueRequired\":true,\"valueName\":\"search_term_string\"}}],\"inLanguage\":\"pt-BR\"},{\"@type\":\"Organization\",\"@id\":\"https:\/\/portal1.uenf.br\/portal\/#organization\",\"name\":\"UENF - Universidade Estadual do Norte Fluminense Darcy Ribeiro\",\"url\":\"https:\/\/portal1.uenf.br\/portal\/\",\"logo\":{\"@type\":\"ImageObject\",\"inLanguage\":\"pt-BR\",\"@id\":\"https:\/\/portal1.uenf.br\/portal\/#\/schema\/logo\/image\/\",\"url\":\"https:\/\/portal1.uenf.br\/portal\/wp-content\/uploads\/2018\/06\/logo-uenf-invertido-1.png\",\"contentUrl\":\"https:\/\/portal1.uenf.br\/portal\/wp-content\/uploads\/2018\/06\/logo-uenf-invertido-1.png\",\"width\":482,\"height\":83,\"caption\":\"UENF - Universidade Estadual do Norte Fluminense Darcy Ribeiro\"},\"image\":{\"@id\":\"https:\/\/portal1.uenf.br\/portal\/#\/schema\/logo\/image\/\"}},{\"@type\":\"Person\",\"@id\":\"https:\/\/portal1.uenf.br\/portal\/#\/schema\/person\/068abbf03b6f8478c845bc8ded9270c7\",\"name\":\"admin\",\"image\":{\"@type\":\"ImageObject\",\"inLanguage\":\"pt-BR\",\"@id\":\"https:\/\/portal1.uenf.br\/portal\/#\/schema\/person\/image\/\",\"url\":\"https:\/\/secure.gravatar.com\/avatar\/e5ecf9e4fae0742f4b136f518195bafa7b2d3f7c709f4bdc6707588ef68a6e25?s=96&d=mm&r=g\",\"contentUrl\":\"https:\/\/secure.gravatar.com\/avatar\/e5ecf9e4fae0742f4b136f518195bafa7b2d3f7c709f4bdc6707588ef68a6e25?s=96&d=mm&r=g\",\"caption\":\"admin\"},\"sameAs\":[\"https:\/\/portal1.uenf.br\/portal\"],\"url\":\"https:\/\/portal1.uenf.br\/portal\/author\/edson\/\"}]}<\/script>\n<!-- \/ Yoast SEO plugin. -->","yoast_head_json":{"title":"Raul e Rosana vencem elei\u00e7\u00e3o na UENF - UENF - Universidade Estadual do Norte Fluminense Darcy Ribeiro","robots":{"index":"noindex","follow":"follow","max-snippet":"max-snippet:-1","max-image-preview":"max-image-preview:large","max-video-preview":"max-video-preview:-1"},"og_locale":"pt_BR","og_type":"article","og_title":"Raul e Rosana vencem elei\u00e7\u00e3o na UENF - UENF - Universidade Estadual do Norte Fluminense Darcy Ribeiro","og_description":"Com 51,25% dos votos, a chapa 10, formada pelos professores Raul Ernesto Lopez Palacio e Rosana Rodrigues, foi eleita nesta ter\u00e7a-feira, 17\/09\/19, para comandar a Reitoria da UENF pelos pr\u00f3ximos quatro anos. Um total de 2.017 pessoas participaram da elei\u00e7\u00e3o, entre professores, t\u00e9cnico-administrativos e alunos da Universidade, nos campi de Maca\u00e9 e Campos dos Goytacazes...","og_url":"https:\/\/portal1.uenf.br\/portal\/noticias\/raul-e-rosana-vencem-eleicao-na-uenf\/","og_site_name":"UENF - Universidade Estadual do Norte Fluminense Darcy Ribeiro","article_published_time":"2019-10-02T20:06:57+00:00","og_image":[{"width":611,"height":449,"url":"https:\/\/portal1.uenf.br\/portal\/wp-content\/uploads\/2019\/10\/raul-1.jpg","type":"image\/jpeg"}],"author":"admin","twitter_card":"summary_large_image","twitter_misc":{"Escrito por":"admin","Est. tempo de leitura":"4 minutos"},"schema":{"@context":"https:\/\/schema.org","@graph":[{"@type":"Article","@id":"https:\/\/portal1.uenf.br\/portal\/noticias\/raul-e-rosana-vencem-eleicao-na-uenf\/#article","isPartOf":{"@id":"https:\/\/portal1.uenf.br\/portal\/noticias\/raul-e-rosana-vencem-eleicao-na-uenf\/"},"author":{"name":"admin","@id":"https:\/\/portal1.uenf.br\/portal\/#\/schema\/person\/068abbf03b6f8478c845bc8ded9270c7"},"headline":"Raul e Rosana vencem elei\u00e7\u00e3o na UENF","datePublished":"2019-10-02T20:06:57+00:00","mainEntityOfPage":{"@id":"https:\/\/portal1.uenf.br\/portal\/noticias\/raul-e-rosana-vencem-eleicao-na-uenf\/"},"wordCount":717,"publisher":{"@id":"https:\/\/portal1.uenf.br\/portal\/#organization"},"image":{"@id":"https:\/\/portal1.uenf.br\/portal\/noticias\/raul-e-rosana-vencem-eleicao-na-uenf\/#primaryimage"},"thumbnailUrl":"https:\/\/portal1.uenf.br\/portal\/wp-content\/uploads\/2019\/10\/raul-1.jpg","articleSection":["Not\u00edcias"],"inLanguage":"pt-BR"},{"@type":"WebPage","@id":"https:\/\/portal1.uenf.br\/portal\/noticias\/raul-e-rosana-vencem-eleicao-na-uenf\/","url":"https:\/\/portal1.uenf.br\/portal\/noticias\/raul-e-rosana-vencem-eleicao-na-uenf\/","name":"Raul e Rosana vencem elei\u00e7\u00e3o na UENF - UENF - Universidade Estadual do Norte Fluminense Darcy Ribeiro","isPartOf":{"@id":"https:\/\/portal1.uenf.br\/portal\/#website"},"primaryImageOfPage":{"@id":"https:\/\/portal1.uenf.br\/portal\/noticias\/raul-e-rosana-vencem-eleicao-na-uenf\/#primaryimage"},"image":{"@id":"https:\/\/portal1.uenf.br\/portal\/noticias\/raul-e-rosana-vencem-eleicao-na-uenf\/#primaryimage"},"thumbnailUrl":"https:\/\/portal1.uenf.br\/portal\/wp-content\/uploads\/2019\/10\/raul-1.jpg","datePublished":"2019-10-02T20:06:57+00:00","breadcrumb":{"@id":"https:\/\/portal1.uenf.br\/portal\/noticias\/raul-e-rosana-vencem-eleicao-na-uenf\/#breadcrumb"},"inLanguage":"pt-BR","potentialAction":[{"@type":"ReadAction","target":["https:\/\/portal1.uenf.br\/portal\/noticias\/raul-e-rosana-vencem-eleicao-na-uenf\/"]}]},{"@type":"ImageObject","inLanguage":"pt-BR","@id":"https:\/\/portal1.uenf.br\/portal\/noticias\/raul-e-rosana-vencem-eleicao-na-uenf\/#primaryimage","url":"https:\/\/portal1.uenf.br\/portal\/wp-content\/uploads\/2019\/10\/raul-1.jpg","contentUrl":"https:\/\/portal1.uenf.br\/portal\/wp-content\/uploads\/2019\/10\/raul-1.jpg","width":611,"height":449},{"@type":"BreadcrumbList","@id":"https:\/\/portal1.uenf.br\/portal\/noticias\/raul-e-rosana-vencem-eleicao-na-uenf\/#breadcrumb","itemListElement":[{"@type":"ListItem","position":1,"name":"In\u00edcio","item":"https:\/\/portal1.uenf.br\/portal\/"},{"@type":"ListItem","position":2,"name":"Raul e Rosana vencem elei\u00e7\u00e3o na UENF"}]},{"@type":"WebSite","@id":"https:\/\/portal1.uenf.br\/portal\/#website","url":"https:\/\/portal1.uenf.br\/portal\/","name":"UENF - Universidade Estadual do Norte Fluminense Darcy Ribeiro","description":"","publisher":{"@id":"https:\/\/portal1.uenf.br\/portal\/#organization"},"potentialAction":[{"@type":"SearchAction","target":{"@type":"EntryPoint","urlTemplate":"https:\/\/portal1.uenf.br\/portal\/?s={search_term_string}"},"query-input":{"@type":"PropertyValueSpecification","valueRequired":true,"valueName":"search_term_string"}}],"inLanguage":"pt-BR"},{"@type":"Organization","@id":"https:\/\/portal1.uenf.br\/portal\/#organization","name":"UENF - Universidade Estadual do Norte Fluminense Darcy Ribeiro","url":"https:\/\/portal1.uenf.br\/portal\/","logo":{"@type":"ImageObject","inLanguage":"pt-BR","@id":"https:\/\/portal1.uenf.br\/portal\/#\/schema\/logo\/image\/","url":"https:\/\/portal1.uenf.br\/portal\/wp-content\/uploads\/2018\/06\/logo-uenf-invertido-1.png","contentUrl":"https:\/\/portal1.uenf.br\/portal\/wp-content\/uploads\/2018\/06\/logo-uenf-invertido-1.png","width":482,"height":83,"caption":"UENF - Universidade Estadual do Norte Fluminense Darcy Ribeiro"},"image":{"@id":"https:\/\/portal1.uenf.br\/portal\/#\/schema\/logo\/image\/"}},{"@type":"Person","@id":"https:\/\/portal1.uenf.br\/portal\/#\/schema\/person\/068abbf03b6f8478c845bc8ded9270c7","name":"admin","image":{"@type":"ImageObject","inLanguage":"pt-BR","@id":"https:\/\/portal1.uenf.br\/portal\/#\/schema\/person\/image\/","url":"https:\/\/secure.gravatar.com\/avatar\/e5ecf9e4fae0742f4b136f518195bafa7b2d3f7c709f4bdc6707588ef68a6e25?s=96&d=mm&r=g","contentUrl":"https:\/\/secure.gravatar.com\/avatar\/e5ecf9e4fae0742f4b136f518195bafa7b2d3f7c709f4bdc6707588ef68a6e25?s=96&d=mm&r=g","caption":"admin"},"sameAs":["https:\/\/portal1.uenf.br\/portal"],"url":"https:\/\/portal1.uenf.br\/portal\/author\/edson\/"}]}},"_links":{"self":[{"href":"https:\/\/portal1.uenf.br\/portal\/wp-json\/wp\/v2\/posts\/3717","targetHints":{"allow":["GET"]}}],"collection":[{"href":"https:\/\/portal1.uenf.br\/portal\/wp-json\/wp\/v2\/posts"}],"about":[{"href":"https:\/\/portal1.uenf.br\/portal\/wp-json\/wp\/v2\/types\/post"}],"author":[{"embeddable":true,"href":"https:\/\/portal1.uenf.br\/portal\/wp-json\/wp\/v2\/users\/1"}],"replies":[{"embeddable":true,"href":"https:\/\/portal1.uenf.br\/portal\/wp-json\/wp\/v2\/comments?post=3717"}],"version-history":[{"count":0,"href":"https:\/\/portal1.uenf.br\/portal\/wp-json\/wp\/v2\/posts\/3717\/revisions"}],"wp:featuredmedia":[{"embeddable":true,"href":"https:\/\/portal1.uenf.br\/portal\/wp-json\/wp\/v2\/media\/3718"}],"wp:attachment":[{"href":"https:\/\/portal1.uenf.br\/portal\/wp-json\/wp\/v2\/media?parent=3717"}],"wp:term":[{"taxonomy":"category","embeddable":true,"href":"https:\/\/portal1.uenf.br\/portal\/wp-json\/wp\/v2\/categories?post=3717"},{"taxonomy":"post_tag","embeddable":true,"href":"https:\/\/portal1.uenf.br\/portal\/wp-json\/wp\/v2\/tags?post=3717"}],"curies":[{"name":"wp","href":"https:\/\/api.w.org\/{rel}","templated":true}]}}