{"id":3706,"date":"2019-10-02T17:11:46","date_gmt":"2019-10-02T20:11:46","guid":{"rendered":"https:\/\/uenf.br\/portal\/?p=3706"},"modified":"2019-10-02T17:11:46","modified_gmt":"2019-10-02T20:11:46","slug":"pos-graduacao-em-producao-vegetal-lanca-edital","status":"publish","type":"post","link":"https:\/\/portal1.uenf.br\/portal\/noticias\/pos-graduacao-em-producao-vegetal-lanca-edital\/","title":{"rendered":"P\u00f3s-Gradua\u00e7\u00e3o em Produ\u00e7\u00e3o Vegetal lan\u00e7a edital"},"content":{"rendered":"<h3><img decoding=\"async\" class=\"alignnone size-full wp-image-17567\" src=\"http:\/\/www.uenf.br\/dic\/ascom\/wp-content\/uploads\/sites\/4\/2015\/06\/logo-informativo.jpg-melhorado-PARA-PORTAL.jpg\" alt=\"logo-informativo.jpg-melhorado-PARA-PORTAL\" width=\"407\" height=\"58\"><\/h3>\n<p>Campos dos Goytacazes (RJ), sexta-feira, 27 de setembro de 2019<\/p>\n\n\n<h3 class=\"wp-block-heading\">P\u00f3s-Gradua\u00e7\u00e3o em Produ\u00e7\u00e3o Vegetal lan\u00e7a edital<\/h3>\n\n\n\n<div class=\"wp-block-image\"><figure class=\"alignleft is-resized\"><img fetchpriority=\"high\" decoding=\"async\" src=\"http:\/\/uenf.br\/dic\/ascom\/wp-content\/uploads\/sites\/4\/2019\/09\/produ%C3%A7%C3%A3o-vegetal.jpeg\" alt=\"\" class=\"wp-image-28325\" width=\"329\" height=\"462\"\/><\/figure><\/div>\n\n\n\n<p>O Programa de P\u00f3s Gradua\u00e7\u00e3o em Produ\u00e7\u00e3o Vegetal lan\u00e7a edital para ingresso ao programa no 1\u00ba semestre de 2020. S\u00e3o 33 vagas para o Mestrado e 21 vagas para o Doutorado em diversas linhas de pesquisa como: Agricultura Irrigada; Engenharia e Economia na Agricultura; Fisiologia Vegetal; Fitossanidade; Fitomelhoramento; Manejo, Propaga\u00e7\u00e3o de Plantas e Controle de Qualidade de Sementes e Gr\u00e3os; Solos e Nutri\u00e7\u00e3o de Plantas e Tecnologia de Alimentos e Constituintes Qu\u00edmicos Vegetais.<\/p>\n\n\n\n<p>O programa \u00e9 o maior da UENF e um dos maiores do pa\u00eds na \u00e1rea da Produ\u00e7\u00e3o Vegetal, atraindo interessados de todas as regi\u00f5es brasileiras. Atualmente s\u00e3o 160 p\u00f3s-graduandos inseridos no programa, boa parte desses com bolsas de estudo. As inscri\u00e7\u00f5es v\u00e3o de 14\/10 a 14\/11\/2019.<\/p>\n\n\n\n<p>Veja mais informa\u00e7\u00f5es no&nbsp;<a href=\"http:\/\/uenf.br\/posgraduacao\/producao-vegetal\/processo-seletivo-12020\/\"><strong>Edital.<\/strong><\/a><\/p>\n\n\n\n<p>Ger\u00eancia de Comunica\u00e7\u00e3o (ASCOM)<br \/>Av. Alberto Lamego, 2.000 \u2013 Parque Calif\u00f3rnia \u2013 Campos (RJ)<br \/>Telefones: Ascom: (22) 2739-7815 \/ 2739-7813<br \/>Reitoria: (22) 2739-7003<br \/>Email: uenf@uenf.br<br \/>Gerente de Comunica\u00e7\u00e3o: Vitor Sendra<\/p>\n","protected":false},"excerpt":{"rendered":"<p>O Programa de P\u00f3s Gradua\u00e7\u00e3o em Produ\u00e7\u00e3o Vegetal lan\u00e7a edital para ingresso ao programa no 1\u00ba semestre de 2020. S\u00e3o 33 vagas para o Mestrado e 21 vagas para o Doutorado em diversas linhas de pesquisa como: Agricultura Irrigada; Engenharia e Economia na Agricultura; Fisiologia Vegetal; Fitossanidade; Fitomelhoramento; Manejo, Propaga\u00e7\u00e3o de Plantas e Controle de Qualidade de Sementes e Gr\u00e3os; Solos e Nutri\u00e7\u00e3o de Plantas e Tecnologia de Alimentos e Constituintes Qu\u00edmicos Vegetais&#8230;.<\/p>\n","protected":false},"author":1,"featured_media":3726,"comment_status":"closed","ping_status":"closed","sticky":false,"template":"","format":"standard","meta":{"_eb_attr":"","ocean_post_layout":"","ocean_both_sidebars_style":"","ocean_both_sidebars_content_width":0,"ocean_both_sidebars_sidebars_width":0,"ocean_sidebar":"","ocean_second_sidebar":"","ocean_disable_margins":"enable","ocean_add_body_class":"","ocean_shortcode_before_top_bar":"","ocean_shortcode_after_top_bar":"","ocean_shortcode_before_header":"","ocean_shortcode_after_header":"","ocean_has_shortcode":"","ocean_shortcode_after_title":"","ocean_shortcode_before_footer_widgets":"","ocean_shortcode_after_footer_widgets":"","ocean_shortcode_before_footer_bottom":"","ocean_shortcode_after_footer_bottom":"","ocean_display_top_bar":"default","ocean_display_header":"default","ocean_header_style":"","ocean_center_header_left_menu":"","ocean_custom_header_template":"","ocean_custom_logo":0,"ocean_custom_retina_logo":0,"ocean_custom_logo_max_width":0,"ocean_custom_logo_tablet_max_width":0,"ocean_custom_logo_mobile_max_width":0,"ocean_custom_logo_max_height":0,"ocean_custom_logo_tablet_max_height":0,"ocean_custom_logo_mobile_max_height":0,"ocean_header_custom_menu":"","ocean_menu_typo_font_family":"","ocean_menu_typo_font_subset":"","ocean_menu_typo_font_size":0,"ocean_menu_typo_font_size_tablet":0,"ocean_menu_typo_font_size_mobile":0,"ocean_menu_typo_font_size_unit":"px","ocean_menu_typo_font_weight":"","ocean_menu_typo_font_weight_tablet":"","ocean_menu_typo_font_weight_mobile":"","ocean_menu_typo_transform":"","ocean_menu_typo_transform_tablet":"","ocean_menu_typo_transform_mobile":"","ocean_menu_typo_line_height":0,"ocean_menu_typo_line_height_tablet":0,"ocean_menu_typo_line_height_mobile":0,"ocean_menu_typo_line_height_unit":"","ocean_menu_typo_spacing":0,"ocean_menu_typo_spacing_tablet":0,"ocean_menu_typo_spacing_mobile":0,"ocean_menu_typo_spacing_unit":"","ocean_menu_link_color":"","ocean_menu_link_color_hover":"","ocean_menu_link_color_active":"","ocean_menu_link_background":"","ocean_menu_link_hover_background":"","ocean_menu_link_active_background":"","ocean_menu_social_links_bg":"","ocean_menu_social_hover_links_bg":"","ocean_menu_social_links_color":"","ocean_menu_social_hover_links_color":"","ocean_disable_title":"default","ocean_disable_heading":"default","ocean_post_title":"","ocean_post_subheading":"","ocean_post_title_style":"","ocean_post_title_background_color":"","ocean_post_title_background":0,"ocean_post_title_bg_image_position":"","ocean_post_title_bg_image_attachment":"","ocean_post_title_bg_image_repeat":"","ocean_post_title_bg_image_size":"","ocean_post_title_height":0,"ocean_post_title_bg_overlay":0.5,"ocean_post_title_bg_overlay_color":"","ocean_disable_breadcrumbs":"default","ocean_breadcrumbs_color":"","ocean_breadcrumbs_separator_color":"","ocean_breadcrumbs_links_color":"","ocean_breadcrumbs_links_hover_color":"","ocean_display_footer_widgets":"default","ocean_display_footer_bottom":"default","ocean_custom_footer_template":"","ocean_post_oembed":"","ocean_post_self_hosted_media":"","ocean_post_video_embed":"","ocean_link_format":"","ocean_link_format_target":"self","ocean_quote_format":"","ocean_quote_format_link":"post","ocean_gallery_link_images":"off","ocean_gallery_id":[],"footnotes":""},"categories":[8],"tags":[],"class_list":["post-3706","post","type-post","status-publish","format-standard","has-post-thumbnail","hentry","category-noticias","entry","has-media"],"yoast_head":"<!-- This site is optimized with the Yoast SEO plugin v26.5 - https:\/\/yoast.com\/wordpress\/plugins\/seo\/ -->\n<title>P\u00f3s-Gradua\u00e7\u00e3o em Produ\u00e7\u00e3o Vegetal lan\u00e7a edital - UENF - Universidade Estadual do Norte Fluminense Darcy Ribeiro<\/title>\n<meta name=\"robots\" content=\"noindex, follow, max-snippet:-1, max-image-preview:large, max-video-preview:-1\" \/>\n<meta property=\"og:locale\" content=\"pt_BR\" \/>\n<meta property=\"og:type\" content=\"article\" \/>\n<meta property=\"og:title\" content=\"P\u00f3s-Gradua\u00e7\u00e3o em Produ\u00e7\u00e3o Vegetal lan\u00e7a edital - UENF - Universidade Estadual do Norte Fluminense Darcy Ribeiro\" \/>\n<meta property=\"og:description\" content=\"O Programa de P\u00f3s Gradua\u00e7\u00e3o em Produ\u00e7\u00e3o Vegetal lan\u00e7a edital para ingresso ao programa no 1\u00ba semestre de 2020. S\u00e3o 33 vagas para o Mestrado e 21 vagas para o Doutorado em diversas linhas de pesquisa como: Agricultura Irrigada; Engenharia e Economia na Agricultura; Fisiologia Vegetal; Fitossanidade; Fitomelhoramento; Manejo, Propaga\u00e7\u00e3o de Plantas e Controle de Qualidade de Sementes e Gr\u00e3os; Solos e Nutri\u00e7\u00e3o de Plantas e Tecnologia de Alimentos e Constituintes Qu\u00edmicos Vegetais....\" \/>\n<meta property=\"og:url\" content=\"https:\/\/portal1.uenf.br\/portal\/noticias\/pos-graduacao-em-producao-vegetal-lanca-edital\/\" \/>\n<meta property=\"og:site_name\" content=\"UENF - Universidade Estadual do Norte Fluminense Darcy Ribeiro\" \/>\n<meta property=\"article:published_time\" content=\"2019-10-02T20:11:46+00:00\" \/>\n<meta property=\"og:image\" content=\"https:\/\/portal1.uenf.br\/portal\/wp-content\/uploads\/2019\/10\/producao-vegetal.jpeg\" \/>\n\t<meta property=\"og:image:width\" content=\"546\" \/>\n\t<meta property=\"og:image:height\" content=\"768\" \/>\n\t<meta property=\"og:image:type\" content=\"image\/jpeg\" \/>\n<meta name=\"author\" content=\"admin\" \/>\n<meta name=\"twitter:card\" content=\"summary_large_image\" \/>\n<meta name=\"twitter:label1\" content=\"Escrito por\" \/>\n\t<meta name=\"twitter:data1\" content=\"admin\" \/>\n\t<meta name=\"twitter:label2\" content=\"Est. tempo de leitura\" \/>\n\t<meta name=\"twitter:data2\" content=\"1 minuto\" \/>\n<script type=\"application\/ld+json\" class=\"yoast-schema-graph\">{\"@context\":\"https:\/\/schema.org\",\"@graph\":[{\"@type\":\"Article\",\"@id\":\"https:\/\/portal1.uenf.br\/portal\/noticias\/pos-graduacao-em-producao-vegetal-lanca-edital\/#article\",\"isPartOf\":{\"@id\":\"https:\/\/portal1.uenf.br\/portal\/noticias\/pos-graduacao-em-producao-vegetal-lanca-edital\/\"},\"author\":{\"name\":\"admin\",\"@id\":\"https:\/\/portal1.uenf.br\/portal\/#\/schema\/person\/068abbf03b6f8478c845bc8ded9270c7\"},\"headline\":\"P\u00f3s-Gradua\u00e7\u00e3o em Produ\u00e7\u00e3o Vegetal lan\u00e7a edital\",\"datePublished\":\"2019-10-02T20:11:46+00:00\",\"mainEntityOfPage\":{\"@id\":\"https:\/\/portal1.uenf.br\/portal\/noticias\/pos-graduacao-em-producao-vegetal-lanca-edital\/\"},\"wordCount\":191,\"publisher\":{\"@id\":\"https:\/\/portal1.uenf.br\/portal\/#organization\"},\"image\":{\"@id\":\"https:\/\/portal1.uenf.br\/portal\/noticias\/pos-graduacao-em-producao-vegetal-lanca-edital\/#primaryimage\"},\"thumbnailUrl\":\"https:\/\/portal1.uenf.br\/portal\/wp-content\/uploads\/2019\/10\/producao-vegetal.jpeg\",\"articleSection\":[\"Not\u00edcias\"],\"inLanguage\":\"pt-BR\"},{\"@type\":\"WebPage\",\"@id\":\"https:\/\/portal1.uenf.br\/portal\/noticias\/pos-graduacao-em-producao-vegetal-lanca-edital\/\",\"url\":\"https:\/\/portal1.uenf.br\/portal\/noticias\/pos-graduacao-em-producao-vegetal-lanca-edital\/\",\"name\":\"P\u00f3s-Gradua\u00e7\u00e3o em Produ\u00e7\u00e3o Vegetal lan\u00e7a edital - UENF - Universidade Estadual do Norte Fluminense Darcy Ribeiro\",\"isPartOf\":{\"@id\":\"https:\/\/portal1.uenf.br\/portal\/#website\"},\"primaryImageOfPage\":{\"@id\":\"https:\/\/portal1.uenf.br\/portal\/noticias\/pos-graduacao-em-producao-vegetal-lanca-edital\/#primaryimage\"},\"image\":{\"@id\":\"https:\/\/portal1.uenf.br\/portal\/noticias\/pos-graduacao-em-producao-vegetal-lanca-edital\/#primaryimage\"},\"thumbnailUrl\":\"https:\/\/portal1.uenf.br\/portal\/wp-content\/uploads\/2019\/10\/producao-vegetal.jpeg\",\"datePublished\":\"2019-10-02T20:11:46+00:00\",\"breadcrumb\":{\"@id\":\"https:\/\/portal1.uenf.br\/portal\/noticias\/pos-graduacao-em-producao-vegetal-lanca-edital\/#breadcrumb\"},\"inLanguage\":\"pt-BR\",\"potentialAction\":[{\"@type\":\"ReadAction\",\"target\":[\"https:\/\/portal1.uenf.br\/portal\/noticias\/pos-graduacao-em-producao-vegetal-lanca-edital\/\"]}]},{\"@type\":\"ImageObject\",\"inLanguage\":\"pt-BR\",\"@id\":\"https:\/\/portal1.uenf.br\/portal\/noticias\/pos-graduacao-em-producao-vegetal-lanca-edital\/#primaryimage\",\"url\":\"https:\/\/portal1.uenf.br\/portal\/wp-content\/uploads\/2019\/10\/producao-vegetal.jpeg\",\"contentUrl\":\"https:\/\/portal1.uenf.br\/portal\/wp-content\/uploads\/2019\/10\/producao-vegetal.jpeg\",\"width\":546,\"height\":768},{\"@type\":\"BreadcrumbList\",\"@id\":\"https:\/\/portal1.uenf.br\/portal\/noticias\/pos-graduacao-em-producao-vegetal-lanca-edital\/#breadcrumb\",\"itemListElement\":[{\"@type\":\"ListItem\",\"position\":1,\"name\":\"In\u00edcio\",\"item\":\"https:\/\/portal1.uenf.br\/portal\/\"},{\"@type\":\"ListItem\",\"position\":2,\"name\":\"P\u00f3s-Gradua\u00e7\u00e3o em Produ\u00e7\u00e3o Vegetal lan\u00e7a edital\"}]},{\"@type\":\"WebSite\",\"@id\":\"https:\/\/portal1.uenf.br\/portal\/#website\",\"url\":\"https:\/\/portal1.uenf.br\/portal\/\",\"name\":\"UENF - Universidade Estadual do Norte Fluminense Darcy Ribeiro\",\"description\":\"\",\"publisher\":{\"@id\":\"https:\/\/portal1.uenf.br\/portal\/#organization\"},\"potentialAction\":[{\"@type\":\"SearchAction\",\"target\":{\"@type\":\"EntryPoint\",\"urlTemplate\":\"https:\/\/portal1.uenf.br\/portal\/?s={search_term_string}\"},\"query-input\":{\"@type\":\"PropertyValueSpecification\",\"valueRequired\":true,\"valueName\":\"search_term_string\"}}],\"inLanguage\":\"pt-BR\"},{\"@type\":\"Organization\",\"@id\":\"https:\/\/portal1.uenf.br\/portal\/#organization\",\"name\":\"UENF - Universidade Estadual do Norte Fluminense Darcy Ribeiro\",\"url\":\"https:\/\/portal1.uenf.br\/portal\/\",\"logo\":{\"@type\":\"ImageObject\",\"inLanguage\":\"pt-BR\",\"@id\":\"https:\/\/portal1.uenf.br\/portal\/#\/schema\/logo\/image\/\",\"url\":\"https:\/\/portal1.uenf.br\/portal\/wp-content\/uploads\/2018\/06\/logo-uenf-invertido-1.png\",\"contentUrl\":\"https:\/\/portal1.uenf.br\/portal\/wp-content\/uploads\/2018\/06\/logo-uenf-invertido-1.png\",\"width\":482,\"height\":83,\"caption\":\"UENF - Universidade Estadual do Norte Fluminense Darcy Ribeiro\"},\"image\":{\"@id\":\"https:\/\/portal1.uenf.br\/portal\/#\/schema\/logo\/image\/\"}},{\"@type\":\"Person\",\"@id\":\"https:\/\/portal1.uenf.br\/portal\/#\/schema\/person\/068abbf03b6f8478c845bc8ded9270c7\",\"name\":\"admin\",\"image\":{\"@type\":\"ImageObject\",\"inLanguage\":\"pt-BR\",\"@id\":\"https:\/\/portal1.uenf.br\/portal\/#\/schema\/person\/image\/\",\"url\":\"https:\/\/secure.gravatar.com\/avatar\/e5ecf9e4fae0742f4b136f518195bafa7b2d3f7c709f4bdc6707588ef68a6e25?s=96&d=mm&r=g\",\"contentUrl\":\"https:\/\/secure.gravatar.com\/avatar\/e5ecf9e4fae0742f4b136f518195bafa7b2d3f7c709f4bdc6707588ef68a6e25?s=96&d=mm&r=g\",\"caption\":\"admin\"},\"sameAs\":[\"https:\/\/portal1.uenf.br\/portal\"],\"url\":\"https:\/\/portal1.uenf.br\/portal\/author\/edson\/\"}]}<\/script>\n<!-- \/ Yoast SEO plugin. -->","yoast_head_json":{"title":"P\u00f3s-Gradua\u00e7\u00e3o em Produ\u00e7\u00e3o Vegetal lan\u00e7a edital - UENF - Universidade Estadual do Norte Fluminense Darcy Ribeiro","robots":{"index":"noindex","follow":"follow","max-snippet":"max-snippet:-1","max-image-preview":"max-image-preview:large","max-video-preview":"max-video-preview:-1"},"og_locale":"pt_BR","og_type":"article","og_title":"P\u00f3s-Gradua\u00e7\u00e3o em Produ\u00e7\u00e3o Vegetal lan\u00e7a edital - UENF - Universidade Estadual do Norte Fluminense Darcy Ribeiro","og_description":"O Programa de P\u00f3s Gradua\u00e7\u00e3o em Produ\u00e7\u00e3o Vegetal lan\u00e7a edital para ingresso ao programa no 1\u00ba semestre de 2020. S\u00e3o 33 vagas para o Mestrado e 21 vagas para o Doutorado em diversas linhas de pesquisa como: Agricultura Irrigada; Engenharia e Economia na Agricultura; Fisiologia Vegetal; Fitossanidade; Fitomelhoramento; Manejo, Propaga\u00e7\u00e3o de Plantas e Controle de Qualidade de Sementes e Gr\u00e3os; Solos e Nutri\u00e7\u00e3o de Plantas e Tecnologia de Alimentos e Constituintes Qu\u00edmicos Vegetais....","og_url":"https:\/\/portal1.uenf.br\/portal\/noticias\/pos-graduacao-em-producao-vegetal-lanca-edital\/","og_site_name":"UENF - Universidade Estadual do Norte Fluminense Darcy Ribeiro","article_published_time":"2019-10-02T20:11:46+00:00","og_image":[{"width":546,"height":768,"url":"https:\/\/portal1.uenf.br\/portal\/wp-content\/uploads\/2019\/10\/producao-vegetal.jpeg","type":"image\/jpeg"}],"author":"admin","twitter_card":"summary_large_image","twitter_misc":{"Escrito por":"admin","Est. tempo de leitura":"1 minuto"},"schema":{"@context":"https:\/\/schema.org","@graph":[{"@type":"Article","@id":"https:\/\/portal1.uenf.br\/portal\/noticias\/pos-graduacao-em-producao-vegetal-lanca-edital\/#article","isPartOf":{"@id":"https:\/\/portal1.uenf.br\/portal\/noticias\/pos-graduacao-em-producao-vegetal-lanca-edital\/"},"author":{"name":"admin","@id":"https:\/\/portal1.uenf.br\/portal\/#\/schema\/person\/068abbf03b6f8478c845bc8ded9270c7"},"headline":"P\u00f3s-Gradua\u00e7\u00e3o em Produ\u00e7\u00e3o Vegetal lan\u00e7a edital","datePublished":"2019-10-02T20:11:46+00:00","mainEntityOfPage":{"@id":"https:\/\/portal1.uenf.br\/portal\/noticias\/pos-graduacao-em-producao-vegetal-lanca-edital\/"},"wordCount":191,"publisher":{"@id":"https:\/\/portal1.uenf.br\/portal\/#organization"},"image":{"@id":"https:\/\/portal1.uenf.br\/portal\/noticias\/pos-graduacao-em-producao-vegetal-lanca-edital\/#primaryimage"},"thumbnailUrl":"https:\/\/portal1.uenf.br\/portal\/wp-content\/uploads\/2019\/10\/producao-vegetal.jpeg","articleSection":["Not\u00edcias"],"inLanguage":"pt-BR"},{"@type":"WebPage","@id":"https:\/\/portal1.uenf.br\/portal\/noticias\/pos-graduacao-em-producao-vegetal-lanca-edital\/","url":"https:\/\/portal1.uenf.br\/portal\/noticias\/pos-graduacao-em-producao-vegetal-lanca-edital\/","name":"P\u00f3s-Gradua\u00e7\u00e3o em Produ\u00e7\u00e3o Vegetal lan\u00e7a edital - UENF - Universidade Estadual do Norte Fluminense Darcy Ribeiro","isPartOf":{"@id":"https:\/\/portal1.uenf.br\/portal\/#website"},"primaryImageOfPage":{"@id":"https:\/\/portal1.uenf.br\/portal\/noticias\/pos-graduacao-em-producao-vegetal-lanca-edital\/#primaryimage"},"image":{"@id":"https:\/\/portal1.uenf.br\/portal\/noticias\/pos-graduacao-em-producao-vegetal-lanca-edital\/#primaryimage"},"thumbnailUrl":"https:\/\/portal1.uenf.br\/portal\/wp-content\/uploads\/2019\/10\/producao-vegetal.jpeg","datePublished":"2019-10-02T20:11:46+00:00","breadcrumb":{"@id":"https:\/\/portal1.uenf.br\/portal\/noticias\/pos-graduacao-em-producao-vegetal-lanca-edital\/#breadcrumb"},"inLanguage":"pt-BR","potentialAction":[{"@type":"ReadAction","target":["https:\/\/portal1.uenf.br\/portal\/noticias\/pos-graduacao-em-producao-vegetal-lanca-edital\/"]}]},{"@type":"ImageObject","inLanguage":"pt-BR","@id":"https:\/\/portal1.uenf.br\/portal\/noticias\/pos-graduacao-em-producao-vegetal-lanca-edital\/#primaryimage","url":"https:\/\/portal1.uenf.br\/portal\/wp-content\/uploads\/2019\/10\/producao-vegetal.jpeg","contentUrl":"https:\/\/portal1.uenf.br\/portal\/wp-content\/uploads\/2019\/10\/producao-vegetal.jpeg","width":546,"height":768},{"@type":"BreadcrumbList","@id":"https:\/\/portal1.uenf.br\/portal\/noticias\/pos-graduacao-em-producao-vegetal-lanca-edital\/#breadcrumb","itemListElement":[{"@type":"ListItem","position":1,"name":"In\u00edcio","item":"https:\/\/portal1.uenf.br\/portal\/"},{"@type":"ListItem","position":2,"name":"P\u00f3s-Gradua\u00e7\u00e3o em Produ\u00e7\u00e3o Vegetal lan\u00e7a edital"}]},{"@type":"WebSite","@id":"https:\/\/portal1.uenf.br\/portal\/#website","url":"https:\/\/portal1.uenf.br\/portal\/","name":"UENF - Universidade Estadual do Norte Fluminense Darcy Ribeiro","description":"","publisher":{"@id":"https:\/\/portal1.uenf.br\/portal\/#organization"},"potentialAction":[{"@type":"SearchAction","target":{"@type":"EntryPoint","urlTemplate":"https:\/\/portal1.uenf.br\/portal\/?s={search_term_string}"},"query-input":{"@type":"PropertyValueSpecification","valueRequired":true,"valueName":"search_term_string"}}],"inLanguage":"pt-BR"},{"@type":"Organization","@id":"https:\/\/portal1.uenf.br\/portal\/#organization","name":"UENF - Universidade Estadual do Norte Fluminense Darcy Ribeiro","url":"https:\/\/portal1.uenf.br\/portal\/","logo":{"@type":"ImageObject","inLanguage":"pt-BR","@id":"https:\/\/portal1.uenf.br\/portal\/#\/schema\/logo\/image\/","url":"https:\/\/portal1.uenf.br\/portal\/wp-content\/uploads\/2018\/06\/logo-uenf-invertido-1.png","contentUrl":"https:\/\/portal1.uenf.br\/portal\/wp-content\/uploads\/2018\/06\/logo-uenf-invertido-1.png","width":482,"height":83,"caption":"UENF - Universidade Estadual do Norte Fluminense Darcy Ribeiro"},"image":{"@id":"https:\/\/portal1.uenf.br\/portal\/#\/schema\/logo\/image\/"}},{"@type":"Person","@id":"https:\/\/portal1.uenf.br\/portal\/#\/schema\/person\/068abbf03b6f8478c845bc8ded9270c7","name":"admin","image":{"@type":"ImageObject","inLanguage":"pt-BR","@id":"https:\/\/portal1.uenf.br\/portal\/#\/schema\/person\/image\/","url":"https:\/\/secure.gravatar.com\/avatar\/e5ecf9e4fae0742f4b136f518195bafa7b2d3f7c709f4bdc6707588ef68a6e25?s=96&d=mm&r=g","contentUrl":"https:\/\/secure.gravatar.com\/avatar\/e5ecf9e4fae0742f4b136f518195bafa7b2d3f7c709f4bdc6707588ef68a6e25?s=96&d=mm&r=g","caption":"admin"},"sameAs":["https:\/\/portal1.uenf.br\/portal"],"url":"https:\/\/portal1.uenf.br\/portal\/author\/edson\/"}]}},"_links":{"self":[{"href":"https:\/\/portal1.uenf.br\/portal\/wp-json\/wp\/v2\/posts\/3706","targetHints":{"allow":["GET"]}}],"collection":[{"href":"https:\/\/portal1.uenf.br\/portal\/wp-json\/wp\/v2\/posts"}],"about":[{"href":"https:\/\/portal1.uenf.br\/portal\/wp-json\/wp\/v2\/types\/post"}],"author":[{"embeddable":true,"href":"https:\/\/portal1.uenf.br\/portal\/wp-json\/wp\/v2\/users\/1"}],"replies":[{"embeddable":true,"href":"https:\/\/portal1.uenf.br\/portal\/wp-json\/wp\/v2\/comments?post=3706"}],"version-history":[{"count":0,"href":"https:\/\/portal1.uenf.br\/portal\/wp-json\/wp\/v2\/posts\/3706\/revisions"}],"wp:featuredmedia":[{"embeddable":true,"href":"https:\/\/portal1.uenf.br\/portal\/wp-json\/wp\/v2\/media\/3726"}],"wp:attachment":[{"href":"https:\/\/portal1.uenf.br\/portal\/wp-json\/wp\/v2\/media?parent=3706"}],"wp:term":[{"taxonomy":"category","embeddable":true,"href":"https:\/\/portal1.uenf.br\/portal\/wp-json\/wp\/v2\/categories?post=3706"},{"taxonomy":"post_tag","embeddable":true,"href":"https:\/\/portal1.uenf.br\/portal\/wp-json\/wp\/v2\/tags?post=3706"}],"curies":[{"name":"wp","href":"https:\/\/api.w.org\/{rel}","templated":true}]}}