{"id":3695,"date":"2019-10-02T16:56:44","date_gmt":"2019-10-02T19:56:44","guid":{"rendered":"https:\/\/uenf.br\/portal\/?p=3695"},"modified":"2019-10-02T16:56:44","modified_gmt":"2019-10-02T19:56:44","slug":"xi-mostra-de-extensao-inscricoes-abertas","status":"publish","type":"post","link":"https:\/\/portal1.uenf.br\/portal\/noticias\/xi-mostra-de-extensao-inscricoes-abertas\/","title":{"rendered":"XI Mostra de Extens\u00e3o: inscri\u00e7\u00f5es abertas"},"content":{"rendered":"<h3><img decoding=\"async\" class=\"alignnone size-full wp-image-17567\" src=\"http:\/\/www.uenf.br\/dic\/ascom\/wp-content\/uploads\/sites\/4\/2015\/06\/logo-informativo.jpg-melhorado-PARA-PORTAL.jpg\" alt=\"logo-informativo.jpg-melhorado-PARA-PORTAL\" width=\"407\" height=\"58\"><\/h3>\n<p>Campos dos Goytacazes (RJ), quarta-feira, 11 de setembro de 2019&nbsp;<\/p>\n\n\n<h3 class=\"wp-block-heading\">XI Mostra de Extens\u00e3o: inscri\u00e7\u00f5es abertas<\/h3>\n\n\n\n<p><strong>Evento, que integra a 16\u00aa Semana Nacional de Ci\u00eancia e Tecnologia, re\u00fane quatro institui\u00e7\u00f5es: IFF, UFF, UENF e UFRRJ<\/strong><\/p>\n\n\n\n<div class=\"wp-block-image\"><figure class=\"alignleft is-resized\"><img fetchpriority=\"high\" decoding=\"async\" src=\"http:\/\/uenf.br\/dic\/ascom\/wp-content\/uploads\/sites\/4\/2019\/09\/Semana-de-Extens%C3%A3o-2019.png\" alt=\"\" class=\"wp-image-28164\" width=\"400\" height=\"169\"\/><\/figure><\/div>\n\n\n\n<p>Est\u00e3o abertas as inscri\u00e7\u00f5es para a&nbsp;<a href=\"https:\/\/eventos.iff.edu.br\/ximostradeextensao\">XI Mostra de Extens\u00e3o IFF-UFF-UENF e III UFRRJ<\/a>, que ser\u00e1 realizada de 22 a 26\/10\/19 no Centro de Conven\u00e7\u00f5es da UENF. O evento ocorre no \u00e2mbito da&nbsp;<a href=\"https:\/\/www.even3.com.br\/snct19\/\">16\u00aa Semana Nacional de Ci\u00eancia e Tecnologia (SNCT)<\/a>, que este ano ser\u00e1 inspirada no tema \u201cBioeconomia: Diversidade e Riqueza para o Desenvolvimento Sustent\u00e1vel\u201d.<\/p>\n\n\n\n<p>As Institui\u00e7\u00f5es parceiras: Universidade Estadual do Norte Fluminense Darcy Ribeiro (UENF), o Instituto Federal Fluminense (IFFluminense), a Universidade Federal Fluminense (UFF) e a Universidade Federal Rural do Rio de Janeiro (UFRRJ) se prop\u00f5em durante a Mostra de Extens\u00e3o 2019 a promover \u201ccanais de comunica\u00e7\u00e3o\u201d entre a comunidade cient\u00edfica e n\u00e3o cient\u00edfica, com o intuito de adotar estrat\u00e9gias que busquem solu\u00e7\u00f5es para os problemas regionais e, consequentemente, reduzam as desigualdades sociais.<\/p>\n\n\n\n<p>Durante a Mostra de Extens\u00e3o ser\u00e3o realizadas atividades acad\u00eamicas, apresenta\u00e7\u00e3o de trabalhos de extens\u00e3o, palestras, mesas redondas, minicursos, oficinas, atividades de arte e cultura, exposi\u00e7\u00f5es. O evento ser\u00e1 aberto no dia&nbsp; 22\/10\/19, ter\u00e7a-feira, \u00e0s 15h30, com a participa\u00e7\u00e3o dos dirigentes das institui\u00e7\u00f5es envolvidas. Em seguida, haver\u00e1 apresenta\u00e7\u00e3o do Coral da UENF e, na sequ\u00eancia, confer\u00eancia com o professor Chico Alencar, da Universidade Federal do Rio de Janeiro (UFRJ).<\/p>\n\n\n\n<p>As inscri\u00e7\u00f5es podem ser feitas no&nbsp;<a href=\"https:\/\/eventos.iff.edu.br\/ximostradeextensao\">site do evento.<\/a><\/p>\n\n\n\n<p>Veja o calend\u00e1rio da Semana de Extens\u00e3o:<\/p>\n\n\n\n<ul class=\"wp-block-list\"><li>Inscri\u00e7\u00f5es no evento<strong>:&nbsp;&nbsp;21 de agosto a 22 de setembro de 2019<\/strong><\/li><li>Submiss\u00e3o de resumos pelos coordenadores dos projetos<strong>:<\/strong>&nbsp;<strong>27 de agosto a 22 de setembro de 2019<\/strong><\/li><li>Envio dos arquivos com as apresenta\u00e7\u00f5es orais<strong>&nbsp;:&nbsp;25&nbsp;<\/strong><strong>de setembro&nbsp; a 06 de outubro de<\/strong>&nbsp;<strong>2019<\/strong>&nbsp;<strong>(no<\/strong>&nbsp;<strong>site,<\/strong>&nbsp;<strong>at\u00e9<\/strong>&nbsp;<strong>23h59)<\/strong><\/li><li>O arquivo da apresenta\u00e7\u00e3o oral dever\u00e1 ser no formato pdf e com tamanho m\u00e1ximo de 2Mbytes e enviado para o email:&nbsp;&nbsp;<a href=\"mailto:mostra.oral@gmail.com\" target=\"_blank\" rel=\"noreferrer noopener\">mostra.oral@gmail.com<\/a><\/li><li>Inscri\u00e7\u00f5es nos minicursos e oficinas<strong>:<\/strong>&nbsp;<strong>16&nbsp;a<\/strong>&nbsp;<strong>30<\/strong><strong>&nbsp;de<\/strong>&nbsp;<strong>setembro<\/strong>&nbsp;<strong>de<\/strong>&nbsp;<strong>2019<\/strong>&nbsp;<strong>(no<\/strong>&nbsp;<strong>site,<\/strong>&nbsp;<strong>at\u00e9<\/strong>&nbsp;<strong>23h59)<\/strong><\/li><\/ul>\n\n\n\n<p>. . . . . . . . . . . . . . . . . . . . . . . . . . . . . . . . . . . . . . . . . . . . . . . . . . . . . . . . . . . . . . . . . . .<strong>Universidade Estadual do Norte Fluminense Darcy Ribeiro (UENF<\/strong>)<\/p>\n\n\n\n<p>Ger\u00eancia de Comunica\u00e7\u00e3o (ASCOM)<br \/>Av. Alberto Lamego, 2.000 \u2013 Parque Calif\u00f3rnia \u2013 Campos (RJ)<br \/>Telefones: Ascom: (22) 2739-7815 \/ 2739-7813<br \/>Reitoria: (22) 2739-7003<br \/>Email: uenf@uenf.br<br \/>Gerente de Comunica\u00e7\u00e3o: Vitor Sendra<\/p>\n","protected":false},"excerpt":{"rendered":"<p>Est\u00e3o abertas as inscri\u00e7\u00f5es para a XI Mostra de Extens\u00e3o IFF-UFF-UENF e III UFRRJ, que ser\u00e1 realizada de 22 a 26\/10\/19 no Centro de Conven\u00e7\u00f5es da UENF. O evento ocorre no \u00e2mbito da 16\u00aa Semana Nacional de Ci\u00eancia e Tecnologia (SNCT), que este ano ser\u00e1 inspirada no tema \u201cBioeconomia: Diversidade e Riqueza para o Desenvolvimento Sustent\u00e1vel\u201d&#8230;.<\/p>\n","protected":false},"author":1,"featured_media":3697,"comment_status":"closed","ping_status":"closed","sticky":false,"template":"","format":"standard","meta":{"_eb_attr":"","ocean_post_layout":"","ocean_both_sidebars_style":"","ocean_both_sidebars_content_width":0,"ocean_both_sidebars_sidebars_width":0,"ocean_sidebar":"","ocean_second_sidebar":"","ocean_disable_margins":"enable","ocean_add_body_class":"","ocean_shortcode_before_top_bar":"","ocean_shortcode_after_top_bar":"","ocean_shortcode_before_header":"","ocean_shortcode_after_header":"","ocean_has_shortcode":"","ocean_shortcode_after_title":"","ocean_shortcode_before_footer_widgets":"","ocean_shortcode_after_footer_widgets":"","ocean_shortcode_before_footer_bottom":"","ocean_shortcode_after_footer_bottom":"","ocean_display_top_bar":"default","ocean_display_header":"default","ocean_header_style":"","ocean_center_header_left_menu":"","ocean_custom_header_template":"","ocean_custom_logo":0,"ocean_custom_retina_logo":0,"ocean_custom_logo_max_width":0,"ocean_custom_logo_tablet_max_width":0,"ocean_custom_logo_mobile_max_width":0,"ocean_custom_logo_max_height":0,"ocean_custom_logo_tablet_max_height":0,"ocean_custom_logo_mobile_max_height":0,"ocean_header_custom_menu":"","ocean_menu_typo_font_family":"","ocean_menu_typo_font_subset":"","ocean_menu_typo_font_size":0,"ocean_menu_typo_font_size_tablet":0,"ocean_menu_typo_font_size_mobile":0,"ocean_menu_typo_font_size_unit":"px","ocean_menu_typo_font_weight":"","ocean_menu_typo_font_weight_tablet":"","ocean_menu_typo_font_weight_mobile":"","ocean_menu_typo_transform":"","ocean_menu_typo_transform_tablet":"","ocean_menu_typo_transform_mobile":"","ocean_menu_typo_line_height":0,"ocean_menu_typo_line_height_tablet":0,"ocean_menu_typo_line_height_mobile":0,"ocean_menu_typo_line_height_unit":"","ocean_menu_typo_spacing":0,"ocean_menu_typo_spacing_tablet":0,"ocean_menu_typo_spacing_mobile":0,"ocean_menu_typo_spacing_unit":"","ocean_menu_link_color":"","ocean_menu_link_color_hover":"","ocean_menu_link_color_active":"","ocean_menu_link_background":"","ocean_menu_link_hover_background":"","ocean_menu_link_active_background":"","ocean_menu_social_links_bg":"","ocean_menu_social_hover_links_bg":"","ocean_menu_social_links_color":"","ocean_menu_social_hover_links_color":"","ocean_disable_title":"default","ocean_disable_heading":"default","ocean_post_title":"","ocean_post_subheading":"","ocean_post_title_style":"","ocean_post_title_background_color":"","ocean_post_title_background":0,"ocean_post_title_bg_image_position":"","ocean_post_title_bg_image_attachment":"","ocean_post_title_bg_image_repeat":"","ocean_post_title_bg_image_size":"","ocean_post_title_height":0,"ocean_post_title_bg_overlay":0.5,"ocean_post_title_bg_overlay_color":"","ocean_disable_breadcrumbs":"default","ocean_breadcrumbs_color":"","ocean_breadcrumbs_separator_color":"","ocean_breadcrumbs_links_color":"","ocean_breadcrumbs_links_hover_color":"","ocean_display_footer_widgets":"default","ocean_display_footer_bottom":"default","ocean_custom_footer_template":"","ocean_post_oembed":"","ocean_post_self_hosted_media":"","ocean_post_video_embed":"","ocean_link_format":"","ocean_link_format_target":"self","ocean_quote_format":"","ocean_quote_format_link":"post","ocean_gallery_link_images":"off","ocean_gallery_id":[],"footnotes":""},"categories":[8],"tags":[],"class_list":["post-3695","post","type-post","status-publish","format-standard","has-post-thumbnail","hentry","category-noticias","entry","has-media"],"yoast_head":"<!-- This site is optimized with the Yoast SEO plugin v26.5 - https:\/\/yoast.com\/wordpress\/plugins\/seo\/ -->\n<title>XI Mostra de Extens\u00e3o: inscri\u00e7\u00f5es abertas - UENF - Universidade Estadual do Norte Fluminense Darcy Ribeiro<\/title>\n<meta name=\"robots\" content=\"noindex, follow, max-snippet:-1, max-image-preview:large, max-video-preview:-1\" \/>\n<meta property=\"og:locale\" content=\"pt_BR\" \/>\n<meta property=\"og:type\" content=\"article\" \/>\n<meta property=\"og:title\" content=\"XI Mostra de Extens\u00e3o: inscri\u00e7\u00f5es abertas - UENF - Universidade Estadual do Norte Fluminense Darcy Ribeiro\" \/>\n<meta property=\"og:description\" content=\"Est\u00e3o abertas as inscri\u00e7\u00f5es para a XI Mostra de Extens\u00e3o IFF-UFF-UENF e III UFRRJ, que ser\u00e1 realizada de 22 a 26\/10\/19 no Centro de Conven\u00e7\u00f5es da UENF. O evento ocorre no \u00e2mbito da 16\u00aa Semana Nacional de Ci\u00eancia e Tecnologia (SNCT), que este ano ser\u00e1 inspirada no tema \u201cBioeconomia: Diversidade e Riqueza para o Desenvolvimento Sustent\u00e1vel\u201d....\" \/>\n<meta property=\"og:url\" content=\"https:\/\/portal1.uenf.br\/portal\/noticias\/xi-mostra-de-extensao-inscricoes-abertas\/\" \/>\n<meta property=\"og:site_name\" content=\"UENF - Universidade Estadual do Norte Fluminense Darcy Ribeiro\" \/>\n<meta property=\"article:published_time\" content=\"2019-10-02T19:56:44+00:00\" \/>\n<meta property=\"og:image\" content=\"https:\/\/portal1.uenf.br\/portal\/wp-content\/uploads\/2019\/10\/Semana-de-Extensao-2019.png\" \/>\n\t<meta property=\"og:image:width\" content=\"800\" \/>\n\t<meta property=\"og:image:height\" content=\"338\" \/>\n\t<meta property=\"og:image:type\" content=\"image\/png\" \/>\n<meta name=\"author\" content=\"admin\" \/>\n<meta name=\"twitter:card\" content=\"summary_large_image\" \/>\n<meta name=\"twitter:label1\" content=\"Escrito por\" \/>\n\t<meta name=\"twitter:data1\" content=\"admin\" \/>\n\t<meta name=\"twitter:label2\" content=\"Est. tempo de leitura\" \/>\n\t<meta name=\"twitter:data2\" content=\"2 minutos\" \/>\n<script type=\"application\/ld+json\" class=\"yoast-schema-graph\">{\"@context\":\"https:\/\/schema.org\",\"@graph\":[{\"@type\":\"Article\",\"@id\":\"https:\/\/portal1.uenf.br\/portal\/noticias\/xi-mostra-de-extensao-inscricoes-abertas\/#article\",\"isPartOf\":{\"@id\":\"https:\/\/portal1.uenf.br\/portal\/noticias\/xi-mostra-de-extensao-inscricoes-abertas\/\"},\"author\":{\"name\":\"admin\",\"@id\":\"https:\/\/portal1.uenf.br\/portal\/#\/schema\/person\/068abbf03b6f8478c845bc8ded9270c7\"},\"headline\":\"XI Mostra de Extens\u00e3o: inscri\u00e7\u00f5es abertas\",\"datePublished\":\"2019-10-02T19:56:44+00:00\",\"mainEntityOfPage\":{\"@id\":\"https:\/\/portal1.uenf.br\/portal\/noticias\/xi-mostra-de-extensao-inscricoes-abertas\/\"},\"wordCount\":430,\"publisher\":{\"@id\":\"https:\/\/portal1.uenf.br\/portal\/#organization\"},\"image\":{\"@id\":\"https:\/\/portal1.uenf.br\/portal\/noticias\/xi-mostra-de-extensao-inscricoes-abertas\/#primaryimage\"},\"thumbnailUrl\":\"https:\/\/portal1.uenf.br\/portal\/wp-content\/uploads\/2019\/10\/Semana-de-Extensao-2019.png\",\"articleSection\":[\"Not\u00edcias\"],\"inLanguage\":\"pt-BR\"},{\"@type\":\"WebPage\",\"@id\":\"https:\/\/portal1.uenf.br\/portal\/noticias\/xi-mostra-de-extensao-inscricoes-abertas\/\",\"url\":\"https:\/\/portal1.uenf.br\/portal\/noticias\/xi-mostra-de-extensao-inscricoes-abertas\/\",\"name\":\"XI Mostra de Extens\u00e3o: inscri\u00e7\u00f5es abertas - UENF - Universidade Estadual do Norte Fluminense Darcy Ribeiro\",\"isPartOf\":{\"@id\":\"https:\/\/portal1.uenf.br\/portal\/#website\"},\"primaryImageOfPage\":{\"@id\":\"https:\/\/portal1.uenf.br\/portal\/noticias\/xi-mostra-de-extensao-inscricoes-abertas\/#primaryimage\"},\"image\":{\"@id\":\"https:\/\/portal1.uenf.br\/portal\/noticias\/xi-mostra-de-extensao-inscricoes-abertas\/#primaryimage\"},\"thumbnailUrl\":\"https:\/\/portal1.uenf.br\/portal\/wp-content\/uploads\/2019\/10\/Semana-de-Extensao-2019.png\",\"datePublished\":\"2019-10-02T19:56:44+00:00\",\"breadcrumb\":{\"@id\":\"https:\/\/portal1.uenf.br\/portal\/noticias\/xi-mostra-de-extensao-inscricoes-abertas\/#breadcrumb\"},\"inLanguage\":\"pt-BR\",\"potentialAction\":[{\"@type\":\"ReadAction\",\"target\":[\"https:\/\/portal1.uenf.br\/portal\/noticias\/xi-mostra-de-extensao-inscricoes-abertas\/\"]}]},{\"@type\":\"ImageObject\",\"inLanguage\":\"pt-BR\",\"@id\":\"https:\/\/portal1.uenf.br\/portal\/noticias\/xi-mostra-de-extensao-inscricoes-abertas\/#primaryimage\",\"url\":\"https:\/\/portal1.uenf.br\/portal\/wp-content\/uploads\/2019\/10\/Semana-de-Extensao-2019.png\",\"contentUrl\":\"https:\/\/portal1.uenf.br\/portal\/wp-content\/uploads\/2019\/10\/Semana-de-Extensao-2019.png\",\"width\":800,\"height\":338},{\"@type\":\"BreadcrumbList\",\"@id\":\"https:\/\/portal1.uenf.br\/portal\/noticias\/xi-mostra-de-extensao-inscricoes-abertas\/#breadcrumb\",\"itemListElement\":[{\"@type\":\"ListItem\",\"position\":1,\"name\":\"In\u00edcio\",\"item\":\"https:\/\/portal1.uenf.br\/portal\/\"},{\"@type\":\"ListItem\",\"position\":2,\"name\":\"XI Mostra de Extens\u00e3o: inscri\u00e7\u00f5es abertas\"}]},{\"@type\":\"WebSite\",\"@id\":\"https:\/\/portal1.uenf.br\/portal\/#website\",\"url\":\"https:\/\/portal1.uenf.br\/portal\/\",\"name\":\"UENF - Universidade Estadual do Norte Fluminense Darcy Ribeiro\",\"description\":\"\",\"publisher\":{\"@id\":\"https:\/\/portal1.uenf.br\/portal\/#organization\"},\"potentialAction\":[{\"@type\":\"SearchAction\",\"target\":{\"@type\":\"EntryPoint\",\"urlTemplate\":\"https:\/\/portal1.uenf.br\/portal\/?s={search_term_string}\"},\"query-input\":{\"@type\":\"PropertyValueSpecification\",\"valueRequired\":true,\"valueName\":\"search_term_string\"}}],\"inLanguage\":\"pt-BR\"},{\"@type\":\"Organization\",\"@id\":\"https:\/\/portal1.uenf.br\/portal\/#organization\",\"name\":\"UENF - Universidade Estadual do Norte Fluminense Darcy Ribeiro\",\"url\":\"https:\/\/portal1.uenf.br\/portal\/\",\"logo\":{\"@type\":\"ImageObject\",\"inLanguage\":\"pt-BR\",\"@id\":\"https:\/\/portal1.uenf.br\/portal\/#\/schema\/logo\/image\/\",\"url\":\"https:\/\/portal1.uenf.br\/portal\/wp-content\/uploads\/2018\/06\/logo-uenf-invertido-1.png\",\"contentUrl\":\"https:\/\/portal1.uenf.br\/portal\/wp-content\/uploads\/2018\/06\/logo-uenf-invertido-1.png\",\"width\":482,\"height\":83,\"caption\":\"UENF - Universidade Estadual do Norte Fluminense Darcy Ribeiro\"},\"image\":{\"@id\":\"https:\/\/portal1.uenf.br\/portal\/#\/schema\/logo\/image\/\"}},{\"@type\":\"Person\",\"@id\":\"https:\/\/portal1.uenf.br\/portal\/#\/schema\/person\/068abbf03b6f8478c845bc8ded9270c7\",\"name\":\"admin\",\"image\":{\"@type\":\"ImageObject\",\"inLanguage\":\"pt-BR\",\"@id\":\"https:\/\/portal1.uenf.br\/portal\/#\/schema\/person\/image\/\",\"url\":\"https:\/\/secure.gravatar.com\/avatar\/e5ecf9e4fae0742f4b136f518195bafa7b2d3f7c709f4bdc6707588ef68a6e25?s=96&d=mm&r=g\",\"contentUrl\":\"https:\/\/secure.gravatar.com\/avatar\/e5ecf9e4fae0742f4b136f518195bafa7b2d3f7c709f4bdc6707588ef68a6e25?s=96&d=mm&r=g\",\"caption\":\"admin\"},\"sameAs\":[\"https:\/\/portal1.uenf.br\/portal\"],\"url\":\"https:\/\/portal1.uenf.br\/portal\/author\/edson\/\"}]}<\/script>\n<!-- \/ Yoast SEO plugin. -->","yoast_head_json":{"title":"XI Mostra de Extens\u00e3o: inscri\u00e7\u00f5es abertas - UENF - Universidade Estadual do Norte Fluminense Darcy Ribeiro","robots":{"index":"noindex","follow":"follow","max-snippet":"max-snippet:-1","max-image-preview":"max-image-preview:large","max-video-preview":"max-video-preview:-1"},"og_locale":"pt_BR","og_type":"article","og_title":"XI Mostra de Extens\u00e3o: inscri\u00e7\u00f5es abertas - UENF - Universidade Estadual do Norte Fluminense Darcy Ribeiro","og_description":"Est\u00e3o abertas as inscri\u00e7\u00f5es para a XI Mostra de Extens\u00e3o IFF-UFF-UENF e III UFRRJ, que ser\u00e1 realizada de 22 a 26\/10\/19 no Centro de Conven\u00e7\u00f5es da UENF. O evento ocorre no \u00e2mbito da 16\u00aa Semana Nacional de Ci\u00eancia e Tecnologia (SNCT), que este ano ser\u00e1 inspirada no tema \u201cBioeconomia: Diversidade e Riqueza para o Desenvolvimento Sustent\u00e1vel\u201d....","og_url":"https:\/\/portal1.uenf.br\/portal\/noticias\/xi-mostra-de-extensao-inscricoes-abertas\/","og_site_name":"UENF - Universidade Estadual do Norte Fluminense Darcy Ribeiro","article_published_time":"2019-10-02T19:56:44+00:00","og_image":[{"width":800,"height":338,"url":"https:\/\/portal1.uenf.br\/portal\/wp-content\/uploads\/2019\/10\/Semana-de-Extensao-2019.png","type":"image\/png"}],"author":"admin","twitter_card":"summary_large_image","twitter_misc":{"Escrito por":"admin","Est. tempo de leitura":"2 minutos"},"schema":{"@context":"https:\/\/schema.org","@graph":[{"@type":"Article","@id":"https:\/\/portal1.uenf.br\/portal\/noticias\/xi-mostra-de-extensao-inscricoes-abertas\/#article","isPartOf":{"@id":"https:\/\/portal1.uenf.br\/portal\/noticias\/xi-mostra-de-extensao-inscricoes-abertas\/"},"author":{"name":"admin","@id":"https:\/\/portal1.uenf.br\/portal\/#\/schema\/person\/068abbf03b6f8478c845bc8ded9270c7"},"headline":"XI Mostra de Extens\u00e3o: inscri\u00e7\u00f5es abertas","datePublished":"2019-10-02T19:56:44+00:00","mainEntityOfPage":{"@id":"https:\/\/portal1.uenf.br\/portal\/noticias\/xi-mostra-de-extensao-inscricoes-abertas\/"},"wordCount":430,"publisher":{"@id":"https:\/\/portal1.uenf.br\/portal\/#organization"},"image":{"@id":"https:\/\/portal1.uenf.br\/portal\/noticias\/xi-mostra-de-extensao-inscricoes-abertas\/#primaryimage"},"thumbnailUrl":"https:\/\/portal1.uenf.br\/portal\/wp-content\/uploads\/2019\/10\/Semana-de-Extensao-2019.png","articleSection":["Not\u00edcias"],"inLanguage":"pt-BR"},{"@type":"WebPage","@id":"https:\/\/portal1.uenf.br\/portal\/noticias\/xi-mostra-de-extensao-inscricoes-abertas\/","url":"https:\/\/portal1.uenf.br\/portal\/noticias\/xi-mostra-de-extensao-inscricoes-abertas\/","name":"XI Mostra de Extens\u00e3o: inscri\u00e7\u00f5es abertas - UENF - Universidade Estadual do Norte Fluminense Darcy Ribeiro","isPartOf":{"@id":"https:\/\/portal1.uenf.br\/portal\/#website"},"primaryImageOfPage":{"@id":"https:\/\/portal1.uenf.br\/portal\/noticias\/xi-mostra-de-extensao-inscricoes-abertas\/#primaryimage"},"image":{"@id":"https:\/\/portal1.uenf.br\/portal\/noticias\/xi-mostra-de-extensao-inscricoes-abertas\/#primaryimage"},"thumbnailUrl":"https:\/\/portal1.uenf.br\/portal\/wp-content\/uploads\/2019\/10\/Semana-de-Extensao-2019.png","datePublished":"2019-10-02T19:56:44+00:00","breadcrumb":{"@id":"https:\/\/portal1.uenf.br\/portal\/noticias\/xi-mostra-de-extensao-inscricoes-abertas\/#breadcrumb"},"inLanguage":"pt-BR","potentialAction":[{"@type":"ReadAction","target":["https:\/\/portal1.uenf.br\/portal\/noticias\/xi-mostra-de-extensao-inscricoes-abertas\/"]}]},{"@type":"ImageObject","inLanguage":"pt-BR","@id":"https:\/\/portal1.uenf.br\/portal\/noticias\/xi-mostra-de-extensao-inscricoes-abertas\/#primaryimage","url":"https:\/\/portal1.uenf.br\/portal\/wp-content\/uploads\/2019\/10\/Semana-de-Extensao-2019.png","contentUrl":"https:\/\/portal1.uenf.br\/portal\/wp-content\/uploads\/2019\/10\/Semana-de-Extensao-2019.png","width":800,"height":338},{"@type":"BreadcrumbList","@id":"https:\/\/portal1.uenf.br\/portal\/noticias\/xi-mostra-de-extensao-inscricoes-abertas\/#breadcrumb","itemListElement":[{"@type":"ListItem","position":1,"name":"In\u00edcio","item":"https:\/\/portal1.uenf.br\/portal\/"},{"@type":"ListItem","position":2,"name":"XI Mostra de Extens\u00e3o: inscri\u00e7\u00f5es abertas"}]},{"@type":"WebSite","@id":"https:\/\/portal1.uenf.br\/portal\/#website","url":"https:\/\/portal1.uenf.br\/portal\/","name":"UENF - Universidade Estadual do Norte Fluminense Darcy Ribeiro","description":"","publisher":{"@id":"https:\/\/portal1.uenf.br\/portal\/#organization"},"potentialAction":[{"@type":"SearchAction","target":{"@type":"EntryPoint","urlTemplate":"https:\/\/portal1.uenf.br\/portal\/?s={search_term_string}"},"query-input":{"@type":"PropertyValueSpecification","valueRequired":true,"valueName":"search_term_string"}}],"inLanguage":"pt-BR"},{"@type":"Organization","@id":"https:\/\/portal1.uenf.br\/portal\/#organization","name":"UENF - Universidade Estadual do Norte Fluminense Darcy Ribeiro","url":"https:\/\/portal1.uenf.br\/portal\/","logo":{"@type":"ImageObject","inLanguage":"pt-BR","@id":"https:\/\/portal1.uenf.br\/portal\/#\/schema\/logo\/image\/","url":"https:\/\/portal1.uenf.br\/portal\/wp-content\/uploads\/2018\/06\/logo-uenf-invertido-1.png","contentUrl":"https:\/\/portal1.uenf.br\/portal\/wp-content\/uploads\/2018\/06\/logo-uenf-invertido-1.png","width":482,"height":83,"caption":"UENF - Universidade Estadual do Norte Fluminense Darcy Ribeiro"},"image":{"@id":"https:\/\/portal1.uenf.br\/portal\/#\/schema\/logo\/image\/"}},{"@type":"Person","@id":"https:\/\/portal1.uenf.br\/portal\/#\/schema\/person\/068abbf03b6f8478c845bc8ded9270c7","name":"admin","image":{"@type":"ImageObject","inLanguage":"pt-BR","@id":"https:\/\/portal1.uenf.br\/portal\/#\/schema\/person\/image\/","url":"https:\/\/secure.gravatar.com\/avatar\/e5ecf9e4fae0742f4b136f518195bafa7b2d3f7c709f4bdc6707588ef68a6e25?s=96&d=mm&r=g","contentUrl":"https:\/\/secure.gravatar.com\/avatar\/e5ecf9e4fae0742f4b136f518195bafa7b2d3f7c709f4bdc6707588ef68a6e25?s=96&d=mm&r=g","caption":"admin"},"sameAs":["https:\/\/portal1.uenf.br\/portal"],"url":"https:\/\/portal1.uenf.br\/portal\/author\/edson\/"}]}},"_links":{"self":[{"href":"https:\/\/portal1.uenf.br\/portal\/wp-json\/wp\/v2\/posts\/3695","targetHints":{"allow":["GET"]}}],"collection":[{"href":"https:\/\/portal1.uenf.br\/portal\/wp-json\/wp\/v2\/posts"}],"about":[{"href":"https:\/\/portal1.uenf.br\/portal\/wp-json\/wp\/v2\/types\/post"}],"author":[{"embeddable":true,"href":"https:\/\/portal1.uenf.br\/portal\/wp-json\/wp\/v2\/users\/1"}],"replies":[{"embeddable":true,"href":"https:\/\/portal1.uenf.br\/portal\/wp-json\/wp\/v2\/comments?post=3695"}],"version-history":[{"count":0,"href":"https:\/\/portal1.uenf.br\/portal\/wp-json\/wp\/v2\/posts\/3695\/revisions"}],"wp:featuredmedia":[{"embeddable":true,"href":"https:\/\/portal1.uenf.br\/portal\/wp-json\/wp\/v2\/media\/3697"}],"wp:attachment":[{"href":"https:\/\/portal1.uenf.br\/portal\/wp-json\/wp\/v2\/media?parent=3695"}],"wp:term":[{"taxonomy":"category","embeddable":true,"href":"https:\/\/portal1.uenf.br\/portal\/wp-json\/wp\/v2\/categories?post=3695"},{"taxonomy":"post_tag","embeddable":true,"href":"https:\/\/portal1.uenf.br\/portal\/wp-json\/wp\/v2\/tags?post=3695"}],"curies":[{"name":"wp","href":"https:\/\/api.w.org\/{rel}","templated":true}]}}