{"id":3687,"date":"2019-10-02T16:42:29","date_gmt":"2019-10-02T19:42:29","guid":{"rendered":"https:\/\/uenf.br\/portal\/?p=3687"},"modified":"2019-10-02T16:42:29","modified_gmt":"2019-10-02T19:42:29","slug":"raul-e-carlao-disputam-2a-turno-nas-eleicoes-da-uenf","status":"publish","type":"post","link":"https:\/\/portal1.uenf.br\/portal\/noticias\/raul-e-carlao-disputam-2a-turno-nas-eleicoes-da-uenf\/","title":{"rendered":"Raul e Carl\u00e3o disputam 2\u00aa turno nas elei\u00e7\u00f5es da UENF"},"content":{"rendered":"<h3><img decoding=\"async\" class=\"alignnone size-full wp-image-17567\" src=\"http:\/\/www.uenf.br\/dic\/ascom\/wp-content\/uploads\/sites\/4\/2015\/06\/logo-informativo.jpg-melhorado-PARA-PORTAL.jpg\" alt=\"logo-informativo.jpg-melhorado-PARA-PORTAL\" width=\"407\" height=\"58\"><\/h3>\n<p>Campos dos Goytacazes (RJ), quarta-feira, 04 de setembro de 2019<\/p>\n\n\n<h2 class=\"wp-block-heading\"> Raul e Carl\u00e3o disputam 2\u00aa turno nas elei\u00e7\u00f5es da UENF <\/h2>\n\n\n\n<div class=\"wp-block-image\"><figure class=\"alignleft is-resized\"><img fetchpriority=\"high\" decoding=\"async\" src=\"http:\/\/uenf.br\/dic\/ascom\/wp-content\/uploads\/sites\/4\/2019\/07\/selo_eleicoes01.png\" alt=\"\" class=\"wp-image-27610\" width=\"290\" height=\"290\"\/><\/figure><\/div>\n\n\n\n<p>O 2\u00ba turno das elei\u00e7\u00f5es para a escolha do reitor e vice-reitor da UENF ser\u00e1 disputado pelas chapas 10 e 11, formadas, respectivamente, pelos professores Raul Ernesto Lopez Palacio\/Rosana Rogrigues e Carlos Eduardo de Rezende (Professor Carl\u00e3o)\/Juraci Aparecido Sampaio. A decis\u00e3o foi tomada na tarde desta quarta-feira, 04\/09\/19, pela Comiss\u00e3o Eleitoral, ap\u00f3s a an\u00e1lise dos crit\u00e9rios de desempate, uma vez que, na vota\u00e7\u00e3o realizada ontem, as chapas 11 e 12 ficaram empatadas em 2\u00ba lugar.<\/p>\n\n\n\n<p>Segundo o artigo 349 do Regimento Interno da UENF, \u201cnas elei\u00e7\u00f5es e processos de escolha ou indica\u00e7\u00e3o de que, como candidatos, participarem membros do corpo docente, sempre que houver empate, ser\u00e1 considerado eleito, entre os de maior titula\u00e7\u00e3o, o mais antigo no exerc\u00edcio do magist\u00e9rio na UENF e, no caso de persistir o empate, o mais idoso\u201d.<\/p>\n\n\n\n<div class=\"wp-block-image\"><figure class=\"alignright is-resized\"><img decoding=\"async\" src=\"http:\/\/uenf.br\/dic\/ascom\/wp-content\/uploads\/sites\/4\/2019\/09\/elei%C3%A7%C3%B5es-169x300.jpeg\" alt=\"\" class=\"wp-image-28076\" width=\"211\" height=\"300\"\/><\/figure><\/div>\n\n\n\n<p>O presidente da Comiss\u00e3o Eleitoral, professor S\u00e9rgio Arruda, explicou que os dois candidatos a reitor que ficaram empatados no 2\u00ba lugar&nbsp; \u2014 Carlos Eduardo de Rezende e Enrique Medina-Acosta \u2014 tamb\u00e9m empataram nos crit\u00e9rios de titula\u00e7\u00e3o (ambos s\u00e3o doutores) e tempo de exerc\u00edcio do magist\u00e9rio (ambos ingressaram no cargo de professor da UENF em 03 de maio de 1999). No entanto, no crit\u00e9rio \u201cmais idoso\u201d, o candidato Carlos Eduardo de Rezende saiu na frente, pois sua idade \u00e9 11 meses maior do que a de Enrique Medina-Acosta. Veja&nbsp;<strong><a href=\"http:\/\/uenf.br\/dic\/ascom\/wp-content\/uploads\/sites\/4\/2019\/09\/Ata-Resultado-Elei%C3%A7%C3%A3o-Reitor-1%C2%BA-turno.pdf\">aqui<\/a><\/strong>&nbsp;a Ata da reuni\u00e3o que definiu o resultado do 1\u00ba turno das elei\u00e7\u00f5es.<\/p>\n\n\n\n<p>A Comiss\u00e3o prorrogou por um dia o prazo para interposi\u00e7\u00e3o de recursos, que, segundo a&nbsp;<a href=\"http:\/\/www.uenf.br\/portal\/images\/ELEI%C3%87%C3%95ES\/2019\/RESOLU%C3%87%C3%83O%20N%C2%BA%2001-2019%20CORRIGIDA.pdf\">Resolu\u00e7\u00e3o 01\/2019,&nbsp;<\/a>deveria terminar \u00e0s 18h de hoje. Com o novo prazo, os recursos referentes \u00e0 vota\u00e7\u00e3o do 1\u00ba turno dever\u00e3o ser entregues no Protocolo da Reitoria at\u00e9 as 18h de amanh\u00e3, 05\/09\/19. A Comiss\u00e3o dever\u00e1 analisar os recursos num prazo de 24 horas.&nbsp; Cabe ainda recurso das decis\u00f5es da Comiss\u00e3o Eleitoral ao Conselho Universit\u00e1rio da UENF (CONSUNI).<\/p>\n\n\n\n<p>O 2\u00ba turno das elei\u00e7\u00f5es para reitor e vice-reitor da UENF ser\u00e1 realizado nos dias 14\/09\/19, nos polos Cederj, e 17\/09\/19, nos&nbsp;<em>campi<\/em>&nbsp;de Maca\u00e9 e Campos dos Goytacazes.<\/p>\n\n\n\n<p>No 1\u00ba turno, a chapa 10 ficou com 41,70% dos votos, enquanto as demais chapas (11 e 12) empataram, com o percentual de 28,52% cada uma. A elei\u00e7\u00e3o teve um total de 1868 votos v\u00e1lidos, sendo 250 votos de docentes, 405 votos de t\u00e9cnicos e 1213 de discentes. Foram contabilizados 10 votos brancos e 26 votos nulos.<\/p>\n\n\n\n<p>Veja os planos de gest\u00e3o de cada chapa e outras informa\u00e7\u00f5es no&nbsp;<a href=\"http:\/\/www.uenf.br\/portal\/index.php\/br\/elei%C3%A7%C3%A3o-reitor-vice-reitor-da-uenf-gestao-2020-2023.html\">site da UENF.<\/a><\/p>\n\n\n\n<p>Veja a Ata<\/p>\n\n\n\n<p><strong>Raul foi chefe de Gabinete da atual reitoria<\/strong><\/p>\n\n\n\n<div class=\"wp-block-image\"><figure class=\"alignleft is-resized\"><img loading=\"lazy\" decoding=\"async\" src=\"http:\/\/uenf.br\/dic\/ascom\/wp-content\/uploads\/sites\/4\/2019\/09\/raul.jpg\" alt=\"\" class=\"wp-image-28084\" width=\"400\" height=\"267\"\/><\/figure><\/div>\n\n\n\n<p>Raul Palacio<\/p>\n\n\n\n<p>Professor associado da UENF desde 2003, Raul Ernesto L\u00f3pez Palacio, candidato a reitor na chapa 10, ocupou o cargo de chefe de Gabinete da atual Reitoria at\u00e9 junho deste ano, quando se inscreveu como candidato. Doutor em Engenharia Mec\u00e2nica pela Universidade Estadual de Campinas (Unicamp), ele atua no Laborat\u00f3rio de Materiais Avan\u00e7ados (LAMAV) do Centro de Ci\u00eancia e Tecnologia (CCT). Possui Gradua\u00e7\u00e3o em Qu\u00edmica pela Universidad de La Habana e mestrado em Engenharia Mec\u00e2nica pela Unicamp.<\/p>\n\n\n\n<p>Nascido em Cuba, Raul foi coordenador do curso de Gradua\u00e7\u00e3o em Engenharia Metal\u00fargica e de Materiais no per\u00edodo de 2007 a 2012.&nbsp;Representou o CCT na Comiss\u00e3o Interna de bolsas de Inicia\u00e7\u00e3o Cient\u00edfica da UENF (PIBIC) de 2006 a 2013. Atuou ainda como representante da Gradua\u00e7\u00e3o no Conselho de Centro do CCT de 2008 a 2010 e foi membro do Colegiado Acad\u00eamico da UENF de 2012 a 2015.<\/p>\n\n\n\n<p>\u00c9 coordenador do Programa de Extens\u00e3o \u201cUENF Portas Abertas\u201d, que inclui tr\u00eas projetos: \u201cConhecendo a UENF\u201d; \u201cUENF Digital\u201d, e \u201cUENF Rede Social\u201d. Tem experi\u00eancia na \u00e1rea de Engenharia de Materiais e Metal\u00fargica, com \u00eanfase em biomateriais, atuando principalmente nos seguintes temas: biomateriais, materiais compostos, pol\u00edmeros, caracteriza\u00e7\u00e3o e avalia\u00e7\u00e3o mec\u00e2nica.<\/p>\n\n\n\n<div class=\"wp-block-image\"><figure class=\"alignleft is-resized\"><img loading=\"lazy\" decoding=\"async\" src=\"http:\/\/uenf.br\/dic\/ascom\/wp-content\/uploads\/sites\/4\/2019\/09\/rosana-1.jpg\" alt=\"\" class=\"wp-image-28087\" width=\"400\" height=\"267\"\/><\/figure><\/div>\n\n\n\n<p>Rosana Rodrigues<\/p>\n\n\n\n<p>Rosana Rodrigues, candidata a vice-reitora na chapa 10,&nbsp; \u00e9 professora associada da UENF desde 1999 e ocupou o cargo de pr\u00f3-reitora de Pesquisa e P\u00f3s-Gradua\u00e7\u00e3o da UENF da atual gest\u00e3o at\u00e9 junho deste ano. Engenheira agr\u00f4noma pela Universidade Federal Rural do Rio de Janeiro (UFRRJ), Rosana \u00e9 mestre em Fitotecnia tamb\u00e9m pela UFRRJ e doutora em Produ\u00e7\u00e3o Vegetal pela UENF. De 2003 a 2004, fez p\u00f3s-doutorado em Biologia Molecular na&nbsp;<em>University of Florida<\/em>.&nbsp; Atualmente, Rosana \u00e9 vice-l\u00edder de grupo de pesquisa do CNPq na \u00e1rea de Recursos Gen\u00e9ticos Vegetais. Atua ainda como Cientista do Nosso Estado pela Faperj e bolsista de produtividade n\u00edvel 1 B do CNPq.<\/p>\n\n\n\n<p>Rosana foi coordenadora do Programa de P\u00f3s-Gradua\u00e7\u00e3o em Gen\u00e9tica e Melhoramento de Plantas da UENF (Nota 6 \u2013 Capes) de 2013-2015.&nbsp; Atuou como assessora da Pr\u00f3-Reitoria de Pesquisa e P\u00f3s-Gradua\u00e7\u00e3o da UENF e Coordenadora do PIBIC\/CNPq\/UENF nos per\u00edodos de 2002 a 2003 e 2005 a 2007. Foi membro da Diretoria Nacional da Associa\u00e7\u00e3o Brasileira de Melhoramento de Plantas (SBMP) de agosto de 2009 a agosto de 2011. Atualmente \u00e9 membro do Conselho Superior da Faperj. Atua principalmente nas \u00e1reas de Melhoramento de Plantas, Recursos Fitogen\u00e9ticos para Alimenta\u00e7\u00e3o e Agricultura, Resist\u00eancia de Plantas a Doen\u00e7as e Intera\u00e7\u00e3o Planta-Pat\u00f3geno.&nbsp;<\/p>\n\n\n\n<p><strong>Carl\u00e3o ajudou a criar o Laborat\u00f3rio de Ci\u00eancias Ambientais<\/strong><\/p>\n\n\n\n<div class=\"wp-block-image\"><figure class=\"alignleft is-resized\"><img loading=\"lazy\" decoding=\"async\" src=\"http:\/\/uenf.br\/dic\/ascom\/wp-content\/uploads\/sites\/4\/2019\/09\/carl%C3%A3o-2.jpg\" alt=\"\" class=\"wp-image-28089\" width=\"400\" height=\"288\"\/><\/figure><\/div>\n\n\n\n<p>Carlos Eduardo de Rezende<\/p>\n\n\n\n<p>Conhecido na UENF como professor Carl\u00e3o, o professor Carlos Eduardo de Rezende \u2014 candidato a reitor pela chapa 11 \u2014 \u00e9 graduado em Ci\u00eancias Biol\u00f3gicas pela Faculdade Maria Thereza, tem especializa\u00e7\u00e3o em Oceanografia Qu\u00edmica pela UFF, mestrado em Geoci\u00eancias pela UFF e doutorado em Ci\u00eancias pela UFRJ. Participou como pesquisador associado na Universidade de Washington do Grupo de Geoqu\u00edmica Org\u00e2nica liderado pelo professor John I. Hedges. \u00c9 pesquisador de Produtividade Cient\u00edfica desde 1993 e participa do Instituto Nacional de Ci\u00eancia e Tecnologia (Transfer\u00eancias de Material na Interface Continente \u2013 Oceano) do Conselho Nacional de Pesquisa e Tecnologia. Tamb\u00e9m recebeu recentemente o t\u00edtulo de Cientista do Nosso Estado concedido pela Faperj.<\/p>\n\n\n\n<p>Na UENF desde sua funda\u00e7\u00e3o, em 1993, Rezende esteve \u00e0 frente, junto com outros pesquisadores, da cria\u00e7\u00e3o e consolida\u00e7\u00e3o do Laborat\u00f3rio de Ci\u00eancias Ambientais (LCA). Na Universidade, ocupou o posto de vice-reitor de 1999 a 2002; de pr\u00f3-reitor de Gradua\u00e7\u00e3o de 1999 a 2001; e de diretor do Centro de Bioci\u00eancias e Biotecnologia (CBB) de 2003 a 2007.<\/p>\n\n\n\n<div class=\"wp-block-image\"><figure class=\"alignleft is-resized\"><img loading=\"lazy\" decoding=\"async\" src=\"http:\/\/uenf.br\/dic\/ascom\/wp-content\/uploads\/sites\/4\/2019\/09\/juraci.jpg\" alt=\"\" class=\"wp-image-28090\" width=\"400\" height=\"267\"\/><\/figure><\/div>\n\n\n\n<p>Juraci Aparecido Sampaio<\/p>\n\n\n\n<p>Sua experi\u00eancia profissional envolve a din\u00e2mica de poluentes met\u00e1licos, nutrientes, composi\u00e7\u00e3o elementar e isot\u00f3pica da mat\u00e9ria org\u00e2nica e biomarcadores na interface dos ecossistemas terrestres e aqu\u00e1ticos. Tem atuado nas \u00e1reas de Ecologia Aplicada, Manejo e Conserva\u00e7\u00e3o Ambiental de Recursos Naturais, Oceanografia Qu\u00edmica e Geoqu\u00edmica e Biogeoqu\u00edmica de Ecossistemas Aqu\u00e1ticos.<\/p>\n\n\n\n<p>Juraci Aparecido Sampaio, candidato a vice-reitor pela chapa 11, \u00e9 bacharel em F\u00edsica pela Universidade Estadual de Maring\u00e1, mestre em F\u00edsica pela Universidade Estadual de Campinas (Unicamp) e doutor em F\u00edsica pela Universidade de S\u00e3o Paulo, com p\u00f3s-doutorado em F\u00edsica Aplicada pela Unicamp e em Materials &amp; Engineering Physics, pelo Ames Laboratory (Estados Unidos).<\/p>\n\n\n\n<p>Tem experi\u00eancia na \u00e1rea de F\u00edsica, com \u00eanfase em Propriedades Fotot\u00e9rmicas, Mec\u00e2nicas, \u00d3pticas, T\u00e9rmicas e Ac\u00fasticas da Mat\u00e9ria Condensada, atuando principalmente nos seguintes temas: vidros \u00f3ticos especiais e f\u00f3sforos luminescentes. Rodrigo tem o t\u00edtulo de Bolsista Jovem Cientista do Nosso Estado Faperj.<\/p>\n\n\n\n<p>. . . . . . . . . . . . . . . . . . . . . . . . . . . . . . . . . . . . . . . . . . . . . . . . . . . . . . . . . . . . . . . . . . .<strong>Universidade Estadual do Norte Fluminense Darcy Ribeiro (UENF<\/strong>)<\/p>\n\n\n\n<p>Ger\u00eancia de Comunica\u00e7\u00e3o (ASCOM)<br \/>Av. Alberto Lamego, 2.000 \u2013 Parque Calif\u00f3rnia \u2013 Campos (RJ)<br \/>Telefones: Ascom: (22) 2739-7815 \/ 2739-7813<br \/>Reitoria: (22) 2739-7003<br \/>Email: uenf@uenf.br<br \/>Gerente de Comunica\u00e7\u00e3o: Vitor Sendra<\/p>\n","protected":false},"excerpt":{"rendered":"<p>O 2\u00ba turno das elei\u00e7\u00f5es para a escolha do reitor e vice-reitor da UENF ser\u00e1 disputado pelas chapas 10 e 11, formadas, respectivamente, pelos professores Raul Ernesto Lopez Palacio\/Rosana Rogrigues e Carlos Eduardo de Rezende (Professor Carl\u00e3o)\/Juraci Aparecido Sampaio. A decis\u00e3o foi tomada na tarde desta quarta-feira, 04\/09\/19, pela Comiss\u00e3o Eleitoral, ap\u00f3s a an\u00e1lise dos crit\u00e9rios de desempate, uma vez que, na vota\u00e7\u00e3o realizada ontem, as chapas 11 e 12 ficaram empatadas em 2\u00ba lugar&#8230;.<\/p>\n","protected":false},"author":1,"featured_media":0,"comment_status":"closed","ping_status":"closed","sticky":false,"template":"","format":"standard","meta":{"_eb_attr":"","ocean_post_layout":"","ocean_both_sidebars_style":"","ocean_both_sidebars_content_width":0,"ocean_both_sidebars_sidebars_width":0,"ocean_sidebar":"","ocean_second_sidebar":"","ocean_disable_margins":"enable","ocean_add_body_class":"","ocean_shortcode_before_top_bar":"","ocean_shortcode_after_top_bar":"","ocean_shortcode_before_header":"","ocean_shortcode_after_header":"","ocean_has_shortcode":"","ocean_shortcode_after_title":"","ocean_shortcode_before_footer_widgets":"","ocean_shortcode_after_footer_widgets":"","ocean_shortcode_before_footer_bottom":"","ocean_shortcode_after_footer_bottom":"","ocean_display_top_bar":"default","ocean_display_header":"default","ocean_header_style":"","ocean_center_header_left_menu":"","ocean_custom_header_template":"","ocean_custom_logo":0,"ocean_custom_retina_logo":0,"ocean_custom_logo_max_width":0,"ocean_custom_logo_tablet_max_width":0,"ocean_custom_logo_mobile_max_width":0,"ocean_custom_logo_max_height":0,"ocean_custom_logo_tablet_max_height":0,"ocean_custom_logo_mobile_max_height":0,"ocean_header_custom_menu":"","ocean_menu_typo_font_family":"","ocean_menu_typo_font_subset":"","ocean_menu_typo_font_size":0,"ocean_menu_typo_font_size_tablet":0,"ocean_menu_typo_font_size_mobile":0,"ocean_menu_typo_font_size_unit":"px","ocean_menu_typo_font_weight":"","ocean_menu_typo_font_weight_tablet":"","ocean_menu_typo_font_weight_mobile":"","ocean_menu_typo_transform":"","ocean_menu_typo_transform_tablet":"","ocean_menu_typo_transform_mobile":"","ocean_menu_typo_line_height":0,"ocean_menu_typo_line_height_tablet":0,"ocean_menu_typo_line_height_mobile":0,"ocean_menu_typo_line_height_unit":"","ocean_menu_typo_spacing":0,"ocean_menu_typo_spacing_tablet":0,"ocean_menu_typo_spacing_mobile":0,"ocean_menu_typo_spacing_unit":"","ocean_menu_link_color":"","ocean_menu_link_color_hover":"","ocean_menu_link_color_active":"","ocean_menu_link_background":"","ocean_menu_link_hover_background":"","ocean_menu_link_active_background":"","ocean_menu_social_links_bg":"","ocean_menu_social_hover_links_bg":"","ocean_menu_social_links_color":"","ocean_menu_social_hover_links_color":"","ocean_disable_title":"default","ocean_disable_heading":"default","ocean_post_title":"","ocean_post_subheading":"","ocean_post_title_style":"","ocean_post_title_background_color":"","ocean_post_title_background":0,"ocean_post_title_bg_image_position":"","ocean_post_title_bg_image_attachment":"","ocean_post_title_bg_image_repeat":"","ocean_post_title_bg_image_size":"","ocean_post_title_height":0,"ocean_post_title_bg_overlay":0.5,"ocean_post_title_bg_overlay_color":"","ocean_disable_breadcrumbs":"default","ocean_breadcrumbs_color":"","ocean_breadcrumbs_separator_color":"","ocean_breadcrumbs_links_color":"","ocean_breadcrumbs_links_hover_color":"","ocean_display_footer_widgets":"default","ocean_display_footer_bottom":"default","ocean_custom_footer_template":"","ocean_post_oembed":"","ocean_post_self_hosted_media":"","ocean_post_video_embed":"","ocean_link_format":"","ocean_link_format_target":"self","ocean_quote_format":"","ocean_quote_format_link":"post","ocean_gallery_link_images":"off","ocean_gallery_id":[],"footnotes":""},"categories":[8],"tags":[],"class_list":["post-3687","post","type-post","status-publish","format-standard","hentry","category-noticias","entry"],"yoast_head":"<!-- This site is optimized with the Yoast SEO plugin v26.5 - https:\/\/yoast.com\/wordpress\/plugins\/seo\/ -->\n<title>Raul e Carl\u00e3o disputam 2\u00aa turno nas elei\u00e7\u00f5es da UENF - UENF - Universidade Estadual do Norte Fluminense Darcy Ribeiro<\/title>\n<meta name=\"robots\" content=\"noindex, follow, max-snippet:-1, max-image-preview:large, max-video-preview:-1\" \/>\n<meta property=\"og:locale\" content=\"pt_BR\" \/>\n<meta property=\"og:type\" content=\"article\" \/>\n<meta property=\"og:title\" content=\"Raul e Carl\u00e3o disputam 2\u00aa turno nas elei\u00e7\u00f5es da UENF - UENF - Universidade Estadual do Norte Fluminense Darcy Ribeiro\" \/>\n<meta property=\"og:description\" content=\"O 2\u00ba turno das elei\u00e7\u00f5es para a escolha do reitor e vice-reitor da UENF ser\u00e1 disputado pelas chapas 10 e 11, formadas, respectivamente, pelos professores Raul Ernesto Lopez Palacio\/Rosana Rogrigues e Carlos Eduardo de Rezende (Professor Carl\u00e3o)\/Juraci Aparecido Sampaio. A decis\u00e3o foi tomada na tarde desta quarta-feira, 04\/09\/19, pela Comiss\u00e3o Eleitoral, ap\u00f3s a an\u00e1lise dos crit\u00e9rios de desempate, uma vez que, na vota\u00e7\u00e3o realizada ontem, as chapas 11 e 12 ficaram empatadas em 2\u00ba lugar....\" \/>\n<meta property=\"og:url\" content=\"https:\/\/portal1.uenf.br\/portal\/noticias\/raul-e-carlao-disputam-2a-turno-nas-eleicoes-da-uenf\/\" \/>\n<meta property=\"og:site_name\" content=\"UENF - Universidade Estadual do Norte Fluminense Darcy Ribeiro\" \/>\n<meta property=\"article:published_time\" content=\"2019-10-02T19:42:29+00:00\" \/>\n<meta property=\"og:image\" content=\"http:\/\/www.uenf.br\/dic\/ascom\/wp-content\/uploads\/sites\/4\/2015\/06\/logo-informativo.jpg-melhorado-PARA-PORTAL.jpg\" \/>\n<meta name=\"author\" content=\"admin\" \/>\n<meta name=\"twitter:card\" content=\"summary_large_image\" \/>\n<meta name=\"twitter:label1\" content=\"Escrito por\" \/>\n\t<meta name=\"twitter:data1\" content=\"admin\" \/>\n\t<meta name=\"twitter:label2\" content=\"Est. tempo de leitura\" \/>\n\t<meta name=\"twitter:data2\" content=\"6 minutos\" \/>\n<script type=\"application\/ld+json\" class=\"yoast-schema-graph\">{\"@context\":\"https:\/\/schema.org\",\"@graph\":[{\"@type\":\"Article\",\"@id\":\"https:\/\/portal1.uenf.br\/portal\/noticias\/raul-e-carlao-disputam-2a-turno-nas-eleicoes-da-uenf\/#article\",\"isPartOf\":{\"@id\":\"https:\/\/portal1.uenf.br\/portal\/noticias\/raul-e-carlao-disputam-2a-turno-nas-eleicoes-da-uenf\/\"},\"author\":{\"name\":\"admin\",\"@id\":\"https:\/\/portal1.uenf.br\/portal\/#\/schema\/person\/068abbf03b6f8478c845bc8ded9270c7\"},\"headline\":\"Raul e Carl\u00e3o disputam 2\u00aa turno nas elei\u00e7\u00f5es da UENF\",\"datePublished\":\"2019-10-02T19:42:29+00:00\",\"mainEntityOfPage\":{\"@id\":\"https:\/\/portal1.uenf.br\/portal\/noticias\/raul-e-carlao-disputam-2a-turno-nas-eleicoes-da-uenf\/\"},\"wordCount\":1295,\"publisher\":{\"@id\":\"https:\/\/portal1.uenf.br\/portal\/#organization\"},\"image\":{\"@id\":\"https:\/\/portal1.uenf.br\/portal\/noticias\/raul-e-carlao-disputam-2a-turno-nas-eleicoes-da-uenf\/#primaryimage\"},\"thumbnailUrl\":\"http:\/\/www.uenf.br\/dic\/ascom\/wp-content\/uploads\/sites\/4\/2015\/06\/logo-informativo.jpg-melhorado-PARA-PORTAL.jpg\",\"articleSection\":[\"Not\u00edcias\"],\"inLanguage\":\"pt-BR\"},{\"@type\":\"WebPage\",\"@id\":\"https:\/\/portal1.uenf.br\/portal\/noticias\/raul-e-carlao-disputam-2a-turno-nas-eleicoes-da-uenf\/\",\"url\":\"https:\/\/portal1.uenf.br\/portal\/noticias\/raul-e-carlao-disputam-2a-turno-nas-eleicoes-da-uenf\/\",\"name\":\"Raul e Carl\u00e3o disputam 2\u00aa turno nas elei\u00e7\u00f5es da UENF - UENF - Universidade Estadual do Norte Fluminense Darcy Ribeiro\",\"isPartOf\":{\"@id\":\"https:\/\/portal1.uenf.br\/portal\/#website\"},\"primaryImageOfPage\":{\"@id\":\"https:\/\/portal1.uenf.br\/portal\/noticias\/raul-e-carlao-disputam-2a-turno-nas-eleicoes-da-uenf\/#primaryimage\"},\"image\":{\"@id\":\"https:\/\/portal1.uenf.br\/portal\/noticias\/raul-e-carlao-disputam-2a-turno-nas-eleicoes-da-uenf\/#primaryimage\"},\"thumbnailUrl\":\"http:\/\/www.uenf.br\/dic\/ascom\/wp-content\/uploads\/sites\/4\/2015\/06\/logo-informativo.jpg-melhorado-PARA-PORTAL.jpg\",\"datePublished\":\"2019-10-02T19:42:29+00:00\",\"breadcrumb\":{\"@id\":\"https:\/\/portal1.uenf.br\/portal\/noticias\/raul-e-carlao-disputam-2a-turno-nas-eleicoes-da-uenf\/#breadcrumb\"},\"inLanguage\":\"pt-BR\",\"potentialAction\":[{\"@type\":\"ReadAction\",\"target\":[\"https:\/\/portal1.uenf.br\/portal\/noticias\/raul-e-carlao-disputam-2a-turno-nas-eleicoes-da-uenf\/\"]}]},{\"@type\":\"ImageObject\",\"inLanguage\":\"pt-BR\",\"@id\":\"https:\/\/portal1.uenf.br\/portal\/noticias\/raul-e-carlao-disputam-2a-turno-nas-eleicoes-da-uenf\/#primaryimage\",\"url\":\"http:\/\/www.uenf.br\/dic\/ascom\/wp-content\/uploads\/sites\/4\/2015\/06\/logo-informativo.jpg-melhorado-PARA-PORTAL.jpg\",\"contentUrl\":\"http:\/\/www.uenf.br\/dic\/ascom\/wp-content\/uploads\/sites\/4\/2015\/06\/logo-informativo.jpg-melhorado-PARA-PORTAL.jpg\"},{\"@type\":\"BreadcrumbList\",\"@id\":\"https:\/\/portal1.uenf.br\/portal\/noticias\/raul-e-carlao-disputam-2a-turno-nas-eleicoes-da-uenf\/#breadcrumb\",\"itemListElement\":[{\"@type\":\"ListItem\",\"position\":1,\"name\":\"In\u00edcio\",\"item\":\"https:\/\/portal1.uenf.br\/portal\/\"},{\"@type\":\"ListItem\",\"position\":2,\"name\":\"Raul e Carl\u00e3o disputam 2\u00aa turno nas elei\u00e7\u00f5es da UENF\"}]},{\"@type\":\"WebSite\",\"@id\":\"https:\/\/portal1.uenf.br\/portal\/#website\",\"url\":\"https:\/\/portal1.uenf.br\/portal\/\",\"name\":\"UENF - Universidade Estadual do Norte Fluminense Darcy Ribeiro\",\"description\":\"\",\"publisher\":{\"@id\":\"https:\/\/portal1.uenf.br\/portal\/#organization\"},\"potentialAction\":[{\"@type\":\"SearchAction\",\"target\":{\"@type\":\"EntryPoint\",\"urlTemplate\":\"https:\/\/portal1.uenf.br\/portal\/?s={search_term_string}\"},\"query-input\":{\"@type\":\"PropertyValueSpecification\",\"valueRequired\":true,\"valueName\":\"search_term_string\"}}],\"inLanguage\":\"pt-BR\"},{\"@type\":\"Organization\",\"@id\":\"https:\/\/portal1.uenf.br\/portal\/#organization\",\"name\":\"UENF - Universidade Estadual do Norte Fluminense Darcy Ribeiro\",\"url\":\"https:\/\/portal1.uenf.br\/portal\/\",\"logo\":{\"@type\":\"ImageObject\",\"inLanguage\":\"pt-BR\",\"@id\":\"https:\/\/portal1.uenf.br\/portal\/#\/schema\/logo\/image\/\",\"url\":\"https:\/\/portal1.uenf.br\/portal\/wp-content\/uploads\/2018\/06\/logo-uenf-invertido-1.png\",\"contentUrl\":\"https:\/\/portal1.uenf.br\/portal\/wp-content\/uploads\/2018\/06\/logo-uenf-invertido-1.png\",\"width\":482,\"height\":83,\"caption\":\"UENF - Universidade Estadual do Norte Fluminense Darcy Ribeiro\"},\"image\":{\"@id\":\"https:\/\/portal1.uenf.br\/portal\/#\/schema\/logo\/image\/\"}},{\"@type\":\"Person\",\"@id\":\"https:\/\/portal1.uenf.br\/portal\/#\/schema\/person\/068abbf03b6f8478c845bc8ded9270c7\",\"name\":\"admin\",\"image\":{\"@type\":\"ImageObject\",\"inLanguage\":\"pt-BR\",\"@id\":\"https:\/\/portal1.uenf.br\/portal\/#\/schema\/person\/image\/\",\"url\":\"https:\/\/secure.gravatar.com\/avatar\/e5ecf9e4fae0742f4b136f518195bafa7b2d3f7c709f4bdc6707588ef68a6e25?s=96&d=mm&r=g\",\"contentUrl\":\"https:\/\/secure.gravatar.com\/avatar\/e5ecf9e4fae0742f4b136f518195bafa7b2d3f7c709f4bdc6707588ef68a6e25?s=96&d=mm&r=g\",\"caption\":\"admin\"},\"sameAs\":[\"https:\/\/portal1.uenf.br\/portal\"],\"url\":\"https:\/\/portal1.uenf.br\/portal\/author\/edson\/\"}]}<\/script>\n<!-- \/ Yoast SEO plugin. -->","yoast_head_json":{"title":"Raul e Carl\u00e3o disputam 2\u00aa turno nas elei\u00e7\u00f5es da UENF - UENF - Universidade Estadual do Norte Fluminense Darcy Ribeiro","robots":{"index":"noindex","follow":"follow","max-snippet":"max-snippet:-1","max-image-preview":"max-image-preview:large","max-video-preview":"max-video-preview:-1"},"og_locale":"pt_BR","og_type":"article","og_title":"Raul e Carl\u00e3o disputam 2\u00aa turno nas elei\u00e7\u00f5es da UENF - UENF - Universidade Estadual do Norte Fluminense Darcy Ribeiro","og_description":"O 2\u00ba turno das elei\u00e7\u00f5es para a escolha do reitor e vice-reitor da UENF ser\u00e1 disputado pelas chapas 10 e 11, formadas, respectivamente, pelos professores Raul Ernesto Lopez Palacio\/Rosana Rogrigues e Carlos Eduardo de Rezende (Professor Carl\u00e3o)\/Juraci Aparecido Sampaio. A decis\u00e3o foi tomada na tarde desta quarta-feira, 04\/09\/19, pela Comiss\u00e3o Eleitoral, ap\u00f3s a an\u00e1lise dos crit\u00e9rios de desempate, uma vez que, na vota\u00e7\u00e3o realizada ontem, as chapas 11 e 12 ficaram empatadas em 2\u00ba lugar....","og_url":"https:\/\/portal1.uenf.br\/portal\/noticias\/raul-e-carlao-disputam-2a-turno-nas-eleicoes-da-uenf\/","og_site_name":"UENF - Universidade Estadual do Norte Fluminense Darcy Ribeiro","article_published_time":"2019-10-02T19:42:29+00:00","og_image":[{"url":"http:\/\/www.uenf.br\/dic\/ascom\/wp-content\/uploads\/sites\/4\/2015\/06\/logo-informativo.jpg-melhorado-PARA-PORTAL.jpg","type":"","width":"","height":""}],"author":"admin","twitter_card":"summary_large_image","twitter_misc":{"Escrito por":"admin","Est. tempo de leitura":"6 minutos"},"schema":{"@context":"https:\/\/schema.org","@graph":[{"@type":"Article","@id":"https:\/\/portal1.uenf.br\/portal\/noticias\/raul-e-carlao-disputam-2a-turno-nas-eleicoes-da-uenf\/#article","isPartOf":{"@id":"https:\/\/portal1.uenf.br\/portal\/noticias\/raul-e-carlao-disputam-2a-turno-nas-eleicoes-da-uenf\/"},"author":{"name":"admin","@id":"https:\/\/portal1.uenf.br\/portal\/#\/schema\/person\/068abbf03b6f8478c845bc8ded9270c7"},"headline":"Raul e Carl\u00e3o disputam 2\u00aa turno nas elei\u00e7\u00f5es da UENF","datePublished":"2019-10-02T19:42:29+00:00","mainEntityOfPage":{"@id":"https:\/\/portal1.uenf.br\/portal\/noticias\/raul-e-carlao-disputam-2a-turno-nas-eleicoes-da-uenf\/"},"wordCount":1295,"publisher":{"@id":"https:\/\/portal1.uenf.br\/portal\/#organization"},"image":{"@id":"https:\/\/portal1.uenf.br\/portal\/noticias\/raul-e-carlao-disputam-2a-turno-nas-eleicoes-da-uenf\/#primaryimage"},"thumbnailUrl":"http:\/\/www.uenf.br\/dic\/ascom\/wp-content\/uploads\/sites\/4\/2015\/06\/logo-informativo.jpg-melhorado-PARA-PORTAL.jpg","articleSection":["Not\u00edcias"],"inLanguage":"pt-BR"},{"@type":"WebPage","@id":"https:\/\/portal1.uenf.br\/portal\/noticias\/raul-e-carlao-disputam-2a-turno-nas-eleicoes-da-uenf\/","url":"https:\/\/portal1.uenf.br\/portal\/noticias\/raul-e-carlao-disputam-2a-turno-nas-eleicoes-da-uenf\/","name":"Raul e Carl\u00e3o disputam 2\u00aa turno nas elei\u00e7\u00f5es da UENF - UENF - Universidade Estadual do Norte Fluminense Darcy Ribeiro","isPartOf":{"@id":"https:\/\/portal1.uenf.br\/portal\/#website"},"primaryImageOfPage":{"@id":"https:\/\/portal1.uenf.br\/portal\/noticias\/raul-e-carlao-disputam-2a-turno-nas-eleicoes-da-uenf\/#primaryimage"},"image":{"@id":"https:\/\/portal1.uenf.br\/portal\/noticias\/raul-e-carlao-disputam-2a-turno-nas-eleicoes-da-uenf\/#primaryimage"},"thumbnailUrl":"http:\/\/www.uenf.br\/dic\/ascom\/wp-content\/uploads\/sites\/4\/2015\/06\/logo-informativo.jpg-melhorado-PARA-PORTAL.jpg","datePublished":"2019-10-02T19:42:29+00:00","breadcrumb":{"@id":"https:\/\/portal1.uenf.br\/portal\/noticias\/raul-e-carlao-disputam-2a-turno-nas-eleicoes-da-uenf\/#breadcrumb"},"inLanguage":"pt-BR","potentialAction":[{"@type":"ReadAction","target":["https:\/\/portal1.uenf.br\/portal\/noticias\/raul-e-carlao-disputam-2a-turno-nas-eleicoes-da-uenf\/"]}]},{"@type":"ImageObject","inLanguage":"pt-BR","@id":"https:\/\/portal1.uenf.br\/portal\/noticias\/raul-e-carlao-disputam-2a-turno-nas-eleicoes-da-uenf\/#primaryimage","url":"http:\/\/www.uenf.br\/dic\/ascom\/wp-content\/uploads\/sites\/4\/2015\/06\/logo-informativo.jpg-melhorado-PARA-PORTAL.jpg","contentUrl":"http:\/\/www.uenf.br\/dic\/ascom\/wp-content\/uploads\/sites\/4\/2015\/06\/logo-informativo.jpg-melhorado-PARA-PORTAL.jpg"},{"@type":"BreadcrumbList","@id":"https:\/\/portal1.uenf.br\/portal\/noticias\/raul-e-carlao-disputam-2a-turno-nas-eleicoes-da-uenf\/#breadcrumb","itemListElement":[{"@type":"ListItem","position":1,"name":"In\u00edcio","item":"https:\/\/portal1.uenf.br\/portal\/"},{"@type":"ListItem","position":2,"name":"Raul e Carl\u00e3o disputam 2\u00aa turno nas elei\u00e7\u00f5es da UENF"}]},{"@type":"WebSite","@id":"https:\/\/portal1.uenf.br\/portal\/#website","url":"https:\/\/portal1.uenf.br\/portal\/","name":"UENF - Universidade Estadual do Norte Fluminense Darcy Ribeiro","description":"","publisher":{"@id":"https:\/\/portal1.uenf.br\/portal\/#organization"},"potentialAction":[{"@type":"SearchAction","target":{"@type":"EntryPoint","urlTemplate":"https:\/\/portal1.uenf.br\/portal\/?s={search_term_string}"},"query-input":{"@type":"PropertyValueSpecification","valueRequired":true,"valueName":"search_term_string"}}],"inLanguage":"pt-BR"},{"@type":"Organization","@id":"https:\/\/portal1.uenf.br\/portal\/#organization","name":"UENF - Universidade Estadual do Norte Fluminense Darcy Ribeiro","url":"https:\/\/portal1.uenf.br\/portal\/","logo":{"@type":"ImageObject","inLanguage":"pt-BR","@id":"https:\/\/portal1.uenf.br\/portal\/#\/schema\/logo\/image\/","url":"https:\/\/portal1.uenf.br\/portal\/wp-content\/uploads\/2018\/06\/logo-uenf-invertido-1.png","contentUrl":"https:\/\/portal1.uenf.br\/portal\/wp-content\/uploads\/2018\/06\/logo-uenf-invertido-1.png","width":482,"height":83,"caption":"UENF - Universidade Estadual do Norte Fluminense Darcy Ribeiro"},"image":{"@id":"https:\/\/portal1.uenf.br\/portal\/#\/schema\/logo\/image\/"}},{"@type":"Person","@id":"https:\/\/portal1.uenf.br\/portal\/#\/schema\/person\/068abbf03b6f8478c845bc8ded9270c7","name":"admin","image":{"@type":"ImageObject","inLanguage":"pt-BR","@id":"https:\/\/portal1.uenf.br\/portal\/#\/schema\/person\/image\/","url":"https:\/\/secure.gravatar.com\/avatar\/e5ecf9e4fae0742f4b136f518195bafa7b2d3f7c709f4bdc6707588ef68a6e25?s=96&d=mm&r=g","contentUrl":"https:\/\/secure.gravatar.com\/avatar\/e5ecf9e4fae0742f4b136f518195bafa7b2d3f7c709f4bdc6707588ef68a6e25?s=96&d=mm&r=g","caption":"admin"},"sameAs":["https:\/\/portal1.uenf.br\/portal"],"url":"https:\/\/portal1.uenf.br\/portal\/author\/edson\/"}]}},"_links":{"self":[{"href":"https:\/\/portal1.uenf.br\/portal\/wp-json\/wp\/v2\/posts\/3687","targetHints":{"allow":["GET"]}}],"collection":[{"href":"https:\/\/portal1.uenf.br\/portal\/wp-json\/wp\/v2\/posts"}],"about":[{"href":"https:\/\/portal1.uenf.br\/portal\/wp-json\/wp\/v2\/types\/post"}],"author":[{"embeddable":true,"href":"https:\/\/portal1.uenf.br\/portal\/wp-json\/wp\/v2\/users\/1"}],"replies":[{"embeddable":true,"href":"https:\/\/portal1.uenf.br\/portal\/wp-json\/wp\/v2\/comments?post=3687"}],"version-history":[{"count":0,"href":"https:\/\/portal1.uenf.br\/portal\/wp-json\/wp\/v2\/posts\/3687\/revisions"}],"wp:attachment":[{"href":"https:\/\/portal1.uenf.br\/portal\/wp-json\/wp\/v2\/media?parent=3687"}],"wp:term":[{"taxonomy":"category","embeddable":true,"href":"https:\/\/portal1.uenf.br\/portal\/wp-json\/wp\/v2\/categories?post=3687"},{"taxonomy":"post_tag","embeddable":true,"href":"https:\/\/portal1.uenf.br\/portal\/wp-json\/wp\/v2\/tags?post=3687"}],"curies":[{"name":"wp","href":"https:\/\/api.w.org\/{rel}","templated":true}]}}