{"id":3156,"date":"2019-06-27T14:16:11","date_gmt":"2019-06-27T17:16:11","guid":{"rendered":"https:\/\/uenf.br\/portal\/?p=3156"},"modified":"2019-06-27T14:16:11","modified_gmt":"2019-06-27T17:16:11","slug":"3156-2","status":"publish","type":"post","link":"https:\/\/portal1.uenf.br\/portal\/noticias\/3156-2\/","title":{"rendered":"Estudantes de Custod\u00f3polis visitam a UENF"},"content":{"rendered":"<h3><img decoding=\"async\" class=\"alignnone size-full wp-image-17567 jetpack-lazy-image jetpack-lazy-image--handled\" src=\"https:\/\/i2.wp.com\/www.uenf.br\/dic\/ascom\/wp-content\/uploads\/sites\/4\/2015\/06\/logo-informativo.jpg-melhorado-PARA-PORTAL.jpg?resize=407%2C58\" alt=\"logo-informativo.jpg-melhorado-PARA-PORTAL\" width=\"407\" height=\"58\" data-recalc-dims=\"1\" data-lazy-loaded=\"1\" \/><\/h3>\n<p>Campos dos Goytacazes, quarta-feira, 26 de junho de 2019<\/p>\n<h3>Estudantes de Custod\u00f3polis visitam a UENF<\/h3>\n<div>\n<div class=\"\" data-block=\"true\" data-editor=\"d2gr3\" data-offset-key=\"am22k-0-0\">\n<div class=\"_1mf _1mj\" data-offset-key=\"am22k-0-0\"><span data-offset-key=\"am22k-0-0\"><img fetchpriority=\"high\" decoding=\"async\" class=\"alignleft wp-image-27554 jetpack-lazy-image jetpack-lazy-image--handled\" src=\"https:\/\/i0.wp.com\/www.uenf.br\/dic\/ascom\/wp-content\/uploads\/sites\/4\/2019\/06\/visita.jpg?resize=400%2C267\" alt=\"\" width=\"400\" height=\"267\" data-recalc-dims=\"1\" data-lazy-loaded=\"1\" \/>A UENF recebeu na tarde desta ter\u00e7a feira, 25\/06, atrav\u00e9s do projeto Conhecendo a UENF, a visita de alunos e professores do Instituto Batista de Ensino de Custod\u00f3polis. Os trinta alunos e quatro professores conheceram o Centro de Conven\u00e7\u00f5es da UENF, o Espa\u00e7o da Ci\u00eancia e o Herb\u00e1rio. Junto aos alunos e professores, tivemos a presen\u00e7a da aluna Sabrina Dias de Matos, do curso de Biologia, na modalidade EAD, do P\u00f3lo de Maca\u00e9.<\/span><\/div>\n<div data-offset-key=\"am22k-0-0\"><\/div>\n<\/div>\n<div class=\"\" data-block=\"true\" data-editor=\"d2gr3\" data-offset-key=\"2r6t-0-0\">\n<div class=\"_1mf _1mj\" data-offset-key=\"2r6t-0-0\"><span data-offset-key=\"2r6t-0-0\">Para Sabrina, o Conhecendo a UENF \u00e9 um projeto que visa a expans\u00e3o e difus\u00e3o do conhecimento cient\u00edfico. \u201cO projeto \u00e9 muito importante, com muita relev\u00e2ncia, tanto para os alunos que est\u00e3o aqui, como para a sociedade como um todo. Eu vim at\u00e9 a UENF com a inten\u00e7\u00e3o de levar para os alunos de meu P\u00f3lo o que \u00e9 produzido na UENF, em termos de ci\u00eancia e pesquisa, de modo a aumentar o elo entre os alunos do ensino a dist\u00e2ncia e a Universidade\u201d, afirmou Sabrina.<\/span><\/div>\n<div data-offset-key=\"2r6t-0-0\"><\/div>\n<\/div>\n<div class=\"\" data-block=\"true\" data-editor=\"d2gr3\" data-offset-key=\"7ac4n-0-0\">\n<div class=\"_1mf _1mj\" data-offset-key=\"7ac4n-0-0\"><span data-offset-key=\"7ac4n-0-0\">Para n\u00f3s, da UENF, foi uma honra receber alunos t\u00e3o comprometidos e interessados pela ci\u00eancia.<\/span><\/div>\n<div data-offset-key=\"7ac4n-0-0\"><\/div>\n<\/div>\n<div class=\"\" data-block=\"true\" data-editor=\"d2gr3\" data-offset-key=\"1dgv4-0-0\">\n<div class=\"_1mf _1mj\" data-offset-key=\"1dgv4-0-0\"><span data-offset-key=\"1dgv4-0-0\">As escolas que t\u00eam interesse em conhecer a UENF, podem fazer contato para o agendamento atrav\u00e9s do email conhecendoauenf@uenf.br.<\/span><\/div>\n<\/div>\n<\/div>\n<div><\/div>\n<div>. . . . . . . . . . . . . . . . . . . . . . . . . . . . . . . . . . . . . . . . . . . . . . .<\/div>\n<div>\n<div>\n<div>\n<div id=\"js_15j\" class=\"_5pbx userContent _3576\">\n<div class=\"yj6qo\">\n<div>\n<div>\n<div class=\"in_item clearfix\"><strong>Universidade Estadual do Norte Fluminense Darcy Ribeiro (UENF<\/strong>)<\/div>\n<div>\n<div class=\"m_5349219940626662898yiv3957686355MsoNormal\">\n<div class=\"m_1408168067650400070yiv2111265078MsoNormal\">\n<div class=\"bloco\">\n<div dir=\"auto\">\n<div>\n<div class=\"contentmod clearfix\">\n<div class=\"custom\">\n<div class=\"ajR\">\n<div id=\":m1\" class=\"hq gt a10\">\n<div class=\"a3I\">\n<div class=\"adn ads\">\n<div class=\"gs\">\n<div id=\":ds\" class=\"ii gt adP adO\">\n<div id=\":fn\" class=\"a3s aXjCH m155556a3ba815e5e\">\n<div class=\"yj6qo\">\n<div>\n<p>Ger\u00eancia de Comunica\u00e7\u00e3o (ASCOM)<br \/>\nAv. Alberto Lamego, 2.000 \u2013 Parque Calif\u00f3rnia \u2013 Campos (RJ)<br \/>\nTelefones: Ascom: (22) 2739-7815 \/ 2739-7813<br \/>\nReitoria: (22) 2739-7003<br \/>\nEmail: uenf@uenf.br<br \/>\nGerente de Comunica\u00e7\u00e3o: Vitor Sendra<\/p>\n<\/div>\n<\/div>\n<\/div>\n<\/div>\n<\/div>\n<\/div>\n<\/div>\n<\/div>\n<\/div>\n<\/div>\n<\/div>\n<\/div>\n<\/div>\n<\/div>\n<\/div>\n<\/div>\n<\/div>\n<\/div>\n<\/div>\n<\/div>\n<\/div>\n<\/div>\n<\/div>\n<\/div>\n","protected":false},"excerpt":{"rendered":"<p>A UENF recebeu na tarde desta ter\u00e7a feira, 25\/06, atrav\u00e9s do projeto Conhecendo a UENF, a visita de alunos e professores do Instituto Batista de Ensino de Custod\u00f3polis. Os trinta alunos e quatro professores conheceram o Centro de Conven\u00e7\u00f5es da UENF, o Espa\u00e7o da Ci\u00eancia e o Herb\u00e1rio. Junto aos alunos e professores, tivemos a presen\u00e7a da aluna Sabrina Dias de Matos, do curso de Biologia, na modalidade EAD, do P\u00f3lo de Maca\u00e9&#8230;<\/p>\n","protected":false},"author":1,"featured_media":3166,"comment_status":"closed","ping_status":"closed","sticky":false,"template":"","format":"standard","meta":{"_eb_attr":"","ocean_post_layout":"","ocean_both_sidebars_style":"","ocean_both_sidebars_content_width":0,"ocean_both_sidebars_sidebars_width":0,"ocean_sidebar":"","ocean_second_sidebar":"","ocean_disable_margins":"enable","ocean_add_body_class":"","ocean_shortcode_before_top_bar":"","ocean_shortcode_after_top_bar":"","ocean_shortcode_before_header":"","ocean_shortcode_after_header":"","ocean_has_shortcode":"","ocean_shortcode_after_title":"","ocean_shortcode_before_footer_widgets":"","ocean_shortcode_after_footer_widgets":"","ocean_shortcode_before_footer_bottom":"","ocean_shortcode_after_footer_bottom":"","ocean_display_top_bar":"default","ocean_display_header":"default","ocean_header_style":"","ocean_center_header_left_menu":"","ocean_custom_header_template":"","ocean_custom_logo":0,"ocean_custom_retina_logo":0,"ocean_custom_logo_max_width":0,"ocean_custom_logo_tablet_max_width":0,"ocean_custom_logo_mobile_max_width":0,"ocean_custom_logo_max_height":0,"ocean_custom_logo_tablet_max_height":0,"ocean_custom_logo_mobile_max_height":0,"ocean_header_custom_menu":"","ocean_menu_typo_font_family":"","ocean_menu_typo_font_subset":"","ocean_menu_typo_font_size":0,"ocean_menu_typo_font_size_tablet":0,"ocean_menu_typo_font_size_mobile":0,"ocean_menu_typo_font_size_unit":"px","ocean_menu_typo_font_weight":"","ocean_menu_typo_font_weight_tablet":"","ocean_menu_typo_font_weight_mobile":"","ocean_menu_typo_transform":"","ocean_menu_typo_transform_tablet":"","ocean_menu_typo_transform_mobile":"","ocean_menu_typo_line_height":0,"ocean_menu_typo_line_height_tablet":0,"ocean_menu_typo_line_height_mobile":0,"ocean_menu_typo_line_height_unit":"","ocean_menu_typo_spacing":0,"ocean_menu_typo_spacing_tablet":0,"ocean_menu_typo_spacing_mobile":0,"ocean_menu_typo_spacing_unit":"","ocean_menu_link_color":"","ocean_menu_link_color_hover":"","ocean_menu_link_color_active":"","ocean_menu_link_background":"","ocean_menu_link_hover_background":"","ocean_menu_link_active_background":"","ocean_menu_social_links_bg":"","ocean_menu_social_hover_links_bg":"","ocean_menu_social_links_color":"","ocean_menu_social_hover_links_color":"","ocean_disable_title":"default","ocean_disable_heading":"default","ocean_post_title":"","ocean_post_subheading":"","ocean_post_title_style":"","ocean_post_title_background_color":"","ocean_post_title_background":0,"ocean_post_title_bg_image_position":"","ocean_post_title_bg_image_attachment":"","ocean_post_title_bg_image_repeat":"","ocean_post_title_bg_image_size":"","ocean_post_title_height":0,"ocean_post_title_bg_overlay":0.5,"ocean_post_title_bg_overlay_color":"","ocean_disable_breadcrumbs":"default","ocean_breadcrumbs_color":"","ocean_breadcrumbs_separator_color":"","ocean_breadcrumbs_links_color":"","ocean_breadcrumbs_links_hover_color":"","ocean_display_footer_widgets":"default","ocean_display_footer_bottom":"default","ocean_custom_footer_template":"","ocean_post_oembed":"","ocean_post_self_hosted_media":"","ocean_post_video_embed":"","ocean_link_format":"","ocean_link_format_target":"self","ocean_quote_format":"","ocean_quote_format_link":"post","ocean_gallery_link_images":"off","ocean_gallery_id":[],"footnotes":""},"categories":[8],"tags":[],"class_list":["post-3156","post","type-post","status-publish","format-standard","has-post-thumbnail","hentry","category-noticias","entry","has-media"],"yoast_head":"<!-- This site is optimized with the Yoast SEO plugin v26.5 - https:\/\/yoast.com\/wordpress\/plugins\/seo\/ -->\n<title>Estudantes de Custod\u00f3polis visitam a UENF - UENF - Universidade Estadual do Norte Fluminense Darcy Ribeiro<\/title>\n<meta name=\"robots\" content=\"noindex, follow, max-snippet:-1, max-image-preview:large, max-video-preview:-1\" \/>\n<meta property=\"og:locale\" content=\"pt_BR\" \/>\n<meta property=\"og:type\" content=\"article\" \/>\n<meta property=\"og:title\" content=\"Estudantes de Custod\u00f3polis visitam a UENF - UENF - Universidade Estadual do Norte Fluminense Darcy Ribeiro\" \/>\n<meta property=\"og:description\" content=\"A UENF recebeu na tarde desta ter\u00e7a feira, 25\/06, atrav\u00e9s do projeto Conhecendo a UENF, a visita de alunos e professores do Instituto Batista de Ensino de Custod\u00f3polis. Os trinta alunos e quatro professores conheceram o Centro de Conven\u00e7\u00f5es da UENF, o Espa\u00e7o da Ci\u00eancia e o Herb\u00e1rio. Junto aos alunos e professores, tivemos a presen\u00e7a da aluna Sabrina Dias de Matos, do curso de Biologia, na modalidade EAD, do P\u00f3lo de Maca\u00e9...\" \/>\n<meta property=\"og:url\" content=\"https:\/\/portal1.uenf.br\/portal\/noticias\/3156-2\/\" \/>\n<meta property=\"og:site_name\" content=\"UENF - Universidade Estadual do Norte Fluminense Darcy Ribeiro\" \/>\n<meta property=\"article:published_time\" content=\"2019-06-27T17:16:11+00:00\" \/>\n<meta property=\"og:image\" content=\"https:\/\/portal1.uenf.br\/portal\/wp-content\/uploads\/2019\/06\/visita.jpg\" \/>\n\t<meta property=\"og:image:width\" content=\"400\" \/>\n\t<meta property=\"og:image:height\" content=\"267\" \/>\n\t<meta property=\"og:image:type\" content=\"image\/jpeg\" \/>\n<meta name=\"author\" content=\"admin\" \/>\n<meta name=\"twitter:card\" content=\"summary_large_image\" \/>\n<meta name=\"twitter:label1\" content=\"Escrito por\" \/>\n\t<meta name=\"twitter:data1\" content=\"admin\" \/>\n\t<meta name=\"twitter:label2\" content=\"Est. tempo de leitura\" \/>\n\t<meta name=\"twitter:data2\" content=\"1 minuto\" \/>\n<script type=\"application\/ld+json\" class=\"yoast-schema-graph\">{\"@context\":\"https:\/\/schema.org\",\"@graph\":[{\"@type\":\"Article\",\"@id\":\"https:\/\/portal1.uenf.br\/portal\/noticias\/3156-2\/#article\",\"isPartOf\":{\"@id\":\"https:\/\/portal1.uenf.br\/portal\/noticias\/3156-2\/\"},\"author\":{\"name\":\"admin\",\"@id\":\"https:\/\/portal1.uenf.br\/portal\/#\/schema\/person\/068abbf03b6f8478c845bc8ded9270c7\"},\"headline\":\"Estudantes de Custod\u00f3polis visitam a UENF\",\"datePublished\":\"2019-06-27T17:16:11+00:00\",\"mainEntityOfPage\":{\"@id\":\"https:\/\/portal1.uenf.br\/portal\/noticias\/3156-2\/\"},\"wordCount\":273,\"publisher\":{\"@id\":\"https:\/\/portal1.uenf.br\/portal\/#organization\"},\"image\":{\"@id\":\"https:\/\/portal1.uenf.br\/portal\/noticias\/3156-2\/#primaryimage\"},\"thumbnailUrl\":\"https:\/\/portal1.uenf.br\/portal\/wp-content\/uploads\/2019\/06\/visita.jpg\",\"articleSection\":[\"Not\u00edcias\"],\"inLanguage\":\"pt-BR\"},{\"@type\":\"WebPage\",\"@id\":\"https:\/\/portal1.uenf.br\/portal\/noticias\/3156-2\/\",\"url\":\"https:\/\/portal1.uenf.br\/portal\/noticias\/3156-2\/\",\"name\":\"Estudantes de Custod\u00f3polis visitam a UENF - UENF - Universidade Estadual do Norte Fluminense Darcy Ribeiro\",\"isPartOf\":{\"@id\":\"https:\/\/portal1.uenf.br\/portal\/#website\"},\"primaryImageOfPage\":{\"@id\":\"https:\/\/portal1.uenf.br\/portal\/noticias\/3156-2\/#primaryimage\"},\"image\":{\"@id\":\"https:\/\/portal1.uenf.br\/portal\/noticias\/3156-2\/#primaryimage\"},\"thumbnailUrl\":\"https:\/\/portal1.uenf.br\/portal\/wp-content\/uploads\/2019\/06\/visita.jpg\",\"datePublished\":\"2019-06-27T17:16:11+00:00\",\"breadcrumb\":{\"@id\":\"https:\/\/portal1.uenf.br\/portal\/noticias\/3156-2\/#breadcrumb\"},\"inLanguage\":\"pt-BR\",\"potentialAction\":[{\"@type\":\"ReadAction\",\"target\":[\"https:\/\/portal1.uenf.br\/portal\/noticias\/3156-2\/\"]}]},{\"@type\":\"ImageObject\",\"inLanguage\":\"pt-BR\",\"@id\":\"https:\/\/portal1.uenf.br\/portal\/noticias\/3156-2\/#primaryimage\",\"url\":\"https:\/\/portal1.uenf.br\/portal\/wp-content\/uploads\/2019\/06\/visita.jpg\",\"contentUrl\":\"https:\/\/portal1.uenf.br\/portal\/wp-content\/uploads\/2019\/06\/visita.jpg\",\"width\":400,\"height\":267},{\"@type\":\"BreadcrumbList\",\"@id\":\"https:\/\/portal1.uenf.br\/portal\/noticias\/3156-2\/#breadcrumb\",\"itemListElement\":[{\"@type\":\"ListItem\",\"position\":1,\"name\":\"In\u00edcio\",\"item\":\"https:\/\/portal1.uenf.br\/portal\/\"},{\"@type\":\"ListItem\",\"position\":2,\"name\":\"Estudantes de Custod\u00f3polis visitam a UENF\"}]},{\"@type\":\"WebSite\",\"@id\":\"https:\/\/portal1.uenf.br\/portal\/#website\",\"url\":\"https:\/\/portal1.uenf.br\/portal\/\",\"name\":\"UENF - Universidade Estadual do Norte Fluminense Darcy Ribeiro\",\"description\":\"\",\"publisher\":{\"@id\":\"https:\/\/portal1.uenf.br\/portal\/#organization\"},\"potentialAction\":[{\"@type\":\"SearchAction\",\"target\":{\"@type\":\"EntryPoint\",\"urlTemplate\":\"https:\/\/portal1.uenf.br\/portal\/?s={search_term_string}\"},\"query-input\":{\"@type\":\"PropertyValueSpecification\",\"valueRequired\":true,\"valueName\":\"search_term_string\"}}],\"inLanguage\":\"pt-BR\"},{\"@type\":\"Organization\",\"@id\":\"https:\/\/portal1.uenf.br\/portal\/#organization\",\"name\":\"UENF - Universidade Estadual do Norte Fluminense Darcy Ribeiro\",\"url\":\"https:\/\/portal1.uenf.br\/portal\/\",\"logo\":{\"@type\":\"ImageObject\",\"inLanguage\":\"pt-BR\",\"@id\":\"https:\/\/portal1.uenf.br\/portal\/#\/schema\/logo\/image\/\",\"url\":\"https:\/\/portal1.uenf.br\/portal\/wp-content\/uploads\/2018\/06\/logo-uenf-invertido-1.png\",\"contentUrl\":\"https:\/\/portal1.uenf.br\/portal\/wp-content\/uploads\/2018\/06\/logo-uenf-invertido-1.png\",\"width\":482,\"height\":83,\"caption\":\"UENF - Universidade Estadual do Norte Fluminense Darcy Ribeiro\"},\"image\":{\"@id\":\"https:\/\/portal1.uenf.br\/portal\/#\/schema\/logo\/image\/\"}},{\"@type\":\"Person\",\"@id\":\"https:\/\/portal1.uenf.br\/portal\/#\/schema\/person\/068abbf03b6f8478c845bc8ded9270c7\",\"name\":\"admin\",\"image\":{\"@type\":\"ImageObject\",\"inLanguage\":\"pt-BR\",\"@id\":\"https:\/\/portal1.uenf.br\/portal\/#\/schema\/person\/image\/\",\"url\":\"https:\/\/secure.gravatar.com\/avatar\/e5ecf9e4fae0742f4b136f518195bafa7b2d3f7c709f4bdc6707588ef68a6e25?s=96&d=mm&r=g\",\"contentUrl\":\"https:\/\/secure.gravatar.com\/avatar\/e5ecf9e4fae0742f4b136f518195bafa7b2d3f7c709f4bdc6707588ef68a6e25?s=96&d=mm&r=g\",\"caption\":\"admin\"},\"sameAs\":[\"https:\/\/portal1.uenf.br\/portal\"],\"url\":\"https:\/\/portal1.uenf.br\/portal\/author\/edson\/\"}]}<\/script>\n<!-- \/ Yoast SEO plugin. -->","yoast_head_json":{"title":"Estudantes de Custod\u00f3polis visitam a UENF - UENF - Universidade Estadual do Norte Fluminense Darcy Ribeiro","robots":{"index":"noindex","follow":"follow","max-snippet":"max-snippet:-1","max-image-preview":"max-image-preview:large","max-video-preview":"max-video-preview:-1"},"og_locale":"pt_BR","og_type":"article","og_title":"Estudantes de Custod\u00f3polis visitam a UENF - UENF - Universidade Estadual do Norte Fluminense Darcy Ribeiro","og_description":"A UENF recebeu na tarde desta ter\u00e7a feira, 25\/06, atrav\u00e9s do projeto Conhecendo a UENF, a visita de alunos e professores do Instituto Batista de Ensino de Custod\u00f3polis. Os trinta alunos e quatro professores conheceram o Centro de Conven\u00e7\u00f5es da UENF, o Espa\u00e7o da Ci\u00eancia e o Herb\u00e1rio. Junto aos alunos e professores, tivemos a presen\u00e7a da aluna Sabrina Dias de Matos, do curso de Biologia, na modalidade EAD, do P\u00f3lo de Maca\u00e9...","og_url":"https:\/\/portal1.uenf.br\/portal\/noticias\/3156-2\/","og_site_name":"UENF - Universidade Estadual do Norte Fluminense Darcy Ribeiro","article_published_time":"2019-06-27T17:16:11+00:00","og_image":[{"width":400,"height":267,"url":"https:\/\/portal1.uenf.br\/portal\/wp-content\/uploads\/2019\/06\/visita.jpg","type":"image\/jpeg"}],"author":"admin","twitter_card":"summary_large_image","twitter_misc":{"Escrito por":"admin","Est. tempo de leitura":"1 minuto"},"schema":{"@context":"https:\/\/schema.org","@graph":[{"@type":"Article","@id":"https:\/\/portal1.uenf.br\/portal\/noticias\/3156-2\/#article","isPartOf":{"@id":"https:\/\/portal1.uenf.br\/portal\/noticias\/3156-2\/"},"author":{"name":"admin","@id":"https:\/\/portal1.uenf.br\/portal\/#\/schema\/person\/068abbf03b6f8478c845bc8ded9270c7"},"headline":"Estudantes de Custod\u00f3polis visitam a UENF","datePublished":"2019-06-27T17:16:11+00:00","mainEntityOfPage":{"@id":"https:\/\/portal1.uenf.br\/portal\/noticias\/3156-2\/"},"wordCount":273,"publisher":{"@id":"https:\/\/portal1.uenf.br\/portal\/#organization"},"image":{"@id":"https:\/\/portal1.uenf.br\/portal\/noticias\/3156-2\/#primaryimage"},"thumbnailUrl":"https:\/\/portal1.uenf.br\/portal\/wp-content\/uploads\/2019\/06\/visita.jpg","articleSection":["Not\u00edcias"],"inLanguage":"pt-BR"},{"@type":"WebPage","@id":"https:\/\/portal1.uenf.br\/portal\/noticias\/3156-2\/","url":"https:\/\/portal1.uenf.br\/portal\/noticias\/3156-2\/","name":"Estudantes de Custod\u00f3polis visitam a UENF - UENF - Universidade Estadual do Norte Fluminense Darcy Ribeiro","isPartOf":{"@id":"https:\/\/portal1.uenf.br\/portal\/#website"},"primaryImageOfPage":{"@id":"https:\/\/portal1.uenf.br\/portal\/noticias\/3156-2\/#primaryimage"},"image":{"@id":"https:\/\/portal1.uenf.br\/portal\/noticias\/3156-2\/#primaryimage"},"thumbnailUrl":"https:\/\/portal1.uenf.br\/portal\/wp-content\/uploads\/2019\/06\/visita.jpg","datePublished":"2019-06-27T17:16:11+00:00","breadcrumb":{"@id":"https:\/\/portal1.uenf.br\/portal\/noticias\/3156-2\/#breadcrumb"},"inLanguage":"pt-BR","potentialAction":[{"@type":"ReadAction","target":["https:\/\/portal1.uenf.br\/portal\/noticias\/3156-2\/"]}]},{"@type":"ImageObject","inLanguage":"pt-BR","@id":"https:\/\/portal1.uenf.br\/portal\/noticias\/3156-2\/#primaryimage","url":"https:\/\/portal1.uenf.br\/portal\/wp-content\/uploads\/2019\/06\/visita.jpg","contentUrl":"https:\/\/portal1.uenf.br\/portal\/wp-content\/uploads\/2019\/06\/visita.jpg","width":400,"height":267},{"@type":"BreadcrumbList","@id":"https:\/\/portal1.uenf.br\/portal\/noticias\/3156-2\/#breadcrumb","itemListElement":[{"@type":"ListItem","position":1,"name":"In\u00edcio","item":"https:\/\/portal1.uenf.br\/portal\/"},{"@type":"ListItem","position":2,"name":"Estudantes de Custod\u00f3polis visitam a UENF"}]},{"@type":"WebSite","@id":"https:\/\/portal1.uenf.br\/portal\/#website","url":"https:\/\/portal1.uenf.br\/portal\/","name":"UENF - Universidade Estadual do Norte Fluminense Darcy Ribeiro","description":"","publisher":{"@id":"https:\/\/portal1.uenf.br\/portal\/#organization"},"potentialAction":[{"@type":"SearchAction","target":{"@type":"EntryPoint","urlTemplate":"https:\/\/portal1.uenf.br\/portal\/?s={search_term_string}"},"query-input":{"@type":"PropertyValueSpecification","valueRequired":true,"valueName":"search_term_string"}}],"inLanguage":"pt-BR"},{"@type":"Organization","@id":"https:\/\/portal1.uenf.br\/portal\/#organization","name":"UENF - Universidade Estadual do Norte Fluminense Darcy Ribeiro","url":"https:\/\/portal1.uenf.br\/portal\/","logo":{"@type":"ImageObject","inLanguage":"pt-BR","@id":"https:\/\/portal1.uenf.br\/portal\/#\/schema\/logo\/image\/","url":"https:\/\/portal1.uenf.br\/portal\/wp-content\/uploads\/2018\/06\/logo-uenf-invertido-1.png","contentUrl":"https:\/\/portal1.uenf.br\/portal\/wp-content\/uploads\/2018\/06\/logo-uenf-invertido-1.png","width":482,"height":83,"caption":"UENF - Universidade Estadual do Norte Fluminense Darcy Ribeiro"},"image":{"@id":"https:\/\/portal1.uenf.br\/portal\/#\/schema\/logo\/image\/"}},{"@type":"Person","@id":"https:\/\/portal1.uenf.br\/portal\/#\/schema\/person\/068abbf03b6f8478c845bc8ded9270c7","name":"admin","image":{"@type":"ImageObject","inLanguage":"pt-BR","@id":"https:\/\/portal1.uenf.br\/portal\/#\/schema\/person\/image\/","url":"https:\/\/secure.gravatar.com\/avatar\/e5ecf9e4fae0742f4b136f518195bafa7b2d3f7c709f4bdc6707588ef68a6e25?s=96&d=mm&r=g","contentUrl":"https:\/\/secure.gravatar.com\/avatar\/e5ecf9e4fae0742f4b136f518195bafa7b2d3f7c709f4bdc6707588ef68a6e25?s=96&d=mm&r=g","caption":"admin"},"sameAs":["https:\/\/portal1.uenf.br\/portal"],"url":"https:\/\/portal1.uenf.br\/portal\/author\/edson\/"}]}},"_links":{"self":[{"href":"https:\/\/portal1.uenf.br\/portal\/wp-json\/wp\/v2\/posts\/3156","targetHints":{"allow":["GET"]}}],"collection":[{"href":"https:\/\/portal1.uenf.br\/portal\/wp-json\/wp\/v2\/posts"}],"about":[{"href":"https:\/\/portal1.uenf.br\/portal\/wp-json\/wp\/v2\/types\/post"}],"author":[{"embeddable":true,"href":"https:\/\/portal1.uenf.br\/portal\/wp-json\/wp\/v2\/users\/1"}],"replies":[{"embeddable":true,"href":"https:\/\/portal1.uenf.br\/portal\/wp-json\/wp\/v2\/comments?post=3156"}],"version-history":[{"count":0,"href":"https:\/\/portal1.uenf.br\/portal\/wp-json\/wp\/v2\/posts\/3156\/revisions"}],"wp:featuredmedia":[{"embeddable":true,"href":"https:\/\/portal1.uenf.br\/portal\/wp-json\/wp\/v2\/media\/3166"}],"wp:attachment":[{"href":"https:\/\/portal1.uenf.br\/portal\/wp-json\/wp\/v2\/media?parent=3156"}],"wp:term":[{"taxonomy":"category","embeddable":true,"href":"https:\/\/portal1.uenf.br\/portal\/wp-json\/wp\/v2\/categories?post=3156"},{"taxonomy":"post_tag","embeddable":true,"href":"https:\/\/portal1.uenf.br\/portal\/wp-json\/wp\/v2\/tags?post=3156"}],"curies":[{"name":"wp","href":"https:\/\/api.w.org\/{rel}","templated":true}]}}