{"id":29126,"date":"2019-10-02T16:32:59","date_gmt":"2019-10-02T19:32:59","guid":{"rendered":"https:\/\/uenf.br\/portal\/?p=3680"},"modified":"2019-10-02T16:32:59","modified_gmt":"2019-10-02T19:32:59","slug":"uenf-realiza-sua-6a-eleicao-para-reitor-nesta-terca","status":"publish","type":"post","link":"https:\/\/portal1.uenf.br\/portal\/noticias\/uenf-realiza-sua-6a-eleicao-para-reitor-nesta-terca\/","title":{"rendered":"UENF realiza sua 6\u00aa elei\u00e7\u00e3o para reitor nesta ter\u00e7a"},"content":{"rendered":"<h3><img decoding=\"async\" class=\"alignnone size-full wp-image-17567\" src=\"http:\/\/www.uenf.br\/dic\/ascom\/wp-content\/uploads\/sites\/4\/2015\/06\/logo-informativo.jpg-melhorado-PARA-PORTAL.jpg\" alt=\"logo-informativo.jpg-melhorado-PARA-PORTAL\" width=\"407\" height=\"58\"><\/h3>\n<p>Campos dos Goytacazes (RJ), segunda-feira, 02 de setembro de 2019<\/p>\n\n\n<p><strong>Estudantes e servidores v\u00e3o \u00e0s urnas nesta ter\u00e7a-feira; tr\u00eas chapas disputam as elei\u00e7\u00f5es<\/strong><\/p>\n\n\n\n<div class=\"wp-block-image\"><figure class=\"alignleft\"><img decoding=\"async\" src=\"http:\/\/uenf.br\/dic\/ascom\/wp-content\/uploads\/sites\/4\/2019\/09\/urnas-300x200.jpg\" alt=\"\" class=\"wp-image-27979\"\/><\/figure><\/div>\n\n\n\n<p>Ser\u00e3o realizadas nesta ter\u00e7a-feira, 03\/09\/19, a partir das 9h, nos&nbsp;<em>campi<\/em>&nbsp;da UENF em Campos dos Goytacazes e em Maca\u00e9, as elei\u00e7\u00f5es para a escolha do reitor e do vice-reitor da Universidade para os pr\u00f3ximos quatro anos. Em Campos, as elei\u00e7\u00f5es ocorrem at\u00e9 as 20h e ser\u00e3o realizadas no pr\u00e9dio da Reitoria, enquanto em Maca\u00e9 as se\u00e7\u00f5es ser\u00e3o instaladas no&nbsp;<em>hall<\/em>&nbsp;de entrada do LENEP (\u00e1rea pr\u00f3xima \u00e0 Biblioteca) e a elei\u00e7\u00e3o vai at\u00e9 as 16h.&nbsp;Nos 11 polos da UENF\/Cederj (Bom Jesus do Itabapoana, Itaocara, Itaperuna, Maca\u00e9, Miracema, Nova Friburgo, Paracambi, Petr\u00f3polis, S\u00e3o Fid\u00e9lis, S\u00e3o Francisco de Itabapoana e S\u00e3o Gon\u00e7alo), as elei\u00e7\u00f5es foram realizadas no \u00faltimo s\u00e1bado, 31\/08\/19, das 10h \u00e0s 14h.<\/p>\n\n\n\n<p>Tr\u00eas chapas est\u00e3o concorrendo: a&nbsp;<a href=\"http:\/\/www.uenf.br\/portal\/index.php\/br\/chapa-cada-vez-mais-uenf-inovadora-e-participativa.html\">Chapa 10<\/a>&nbsp;(\u201cCada vez mais UENF: Inovadora e Participativa\u201d), a&nbsp;<a href=\"http:\/\/www.uenf.br\/portal\/index.php\/br\/chapa-avan%C3%A7a-uenf-ciencia-e-sociedade.html\">Chapa 11<\/a>&nbsp;(\u201cAvan\u00e7aUENF: Ci\u00eancia e Sociedade\u201d) e a&nbsp;<a href=\"http:\/\/www.uenf.br\/portal\/index.php\/br\/chapa-renova.html\">Chapa 12<\/a>&nbsp;(\u201cUENF Renova\u201d). A Chapa 10 \u00e9 composta pelos professores Raul Pal\u00e1cio e Rosana Rodrigues; a Chapa 11, pelos professores Carlos Eduardo de Rezende e Juraci Aparecido Sampaio; e a Chapa 12, pelos professores Enrique Medina-Acosta e Rodrigo Tavares Nogueira.<\/p>\n\n\n\n<p>O processo eleitoral ser\u00e1 realizado atrav\u00e9s de elei\u00e7\u00f5es diretas e com voto secreto, com participa\u00e7\u00e3o de toda a comunidade universit\u00e1ria. A Lei de Diretrizes e Bases da Educa\u00e7\u00e3o (LDB) estabelece o peso de 70% dos votos para o corpo docente, 15% para o corpo discente e 15% para o corpo t\u00e9cnico administrativo. A apura\u00e7\u00e3o dos votos ser\u00e1 realizada a partir do t\u00e9rmino da vota\u00e7\u00e3o, pela Comiss\u00e3o Eleitoral, na sala de Reuni\u00f5es da Reitoria, na presen\u00e7a dos fiscais de chapas.&nbsp;Caso haja a necessidade de 2\u00ba turno, este ser\u00e1 realizado no dia 14\/09\/19, s\u00e1bado, nos polos Cederj, e no dia 17\/09\/19, ter\u00e7a-feira, nos&nbsp;<em>campi<\/em>&nbsp;de Campos dos Goytacazes e Maca\u00e9.<\/p>\n\n\n\n<p>Para votar, \u00e9 necess\u00e1rio apresentar um documento v\u00e1lido oficialmente com foto, como C\u00e9dula de Identidade, Carteira Nacional de Habilita\u00e7\u00e3o ou Carteira de Trabalho. As elei\u00e7\u00f5es ser\u00e3o realizadas em c\u00e9dulas de papel, uma vez que o Tribunal Regional Eleitoral (TRE) indeferiu o pedido de cess\u00e3o de urnas eletr\u00f4nicas, em virtude da proximidade das elei\u00e7\u00f5es para os Conselhos Tutelares. Veja&nbsp;<a href=\"http:\/\/www.uenf.br\/portal\/images\/ELEI%C3%87%C3%95ES\/2019\/INFORMES%20ASCOM%20ELEI%C3%87%C3%95ES%20REITOR%20e%20VICE%20correto2.pdf\">aqui<\/a>&nbsp;o informe da Comiss\u00e3o Eleitoral sobre as elei\u00e7\u00f5es e&nbsp;<a href=\"http:\/\/www.uenf.br\/portal\/images\/ELEI%C3%87%C3%95ES\/2019\/RESOLU%C3%87%C3%83O%20N%C2%BA%2001-2019%20CORRIGIDA.pdf\">aqui<\/a>&nbsp;a Resolu\u00e7\u00e3o n\u00ba 01\/2019 da Comiss\u00e3o Eleitoral.<\/p>\n\n\n\n<p>. . . . . . . . . . . . . . . . . . . . . . . . . . . . . . . . . . . . . . . . . . . . . . . . . . . . . . . . . . . . . . . . . . .<strong>Universidade Estadual do Norte Fluminense Darcy Ribeiro (UENF<\/strong>)<\/p>\n\n\n\n<p>Ger\u00eancia de Comunica\u00e7\u00e3o (ASCOM)<br \/>Av. Alberto Lamego, 2.000 \u2013 Parque Calif\u00f3rnia \u2013 Campos (RJ)<br \/>Telefones: Ascom: (22) 2739-7815 \/ 2739-7813<br \/>Reitoria: (22) 2739-7003<br \/>Email: uenf@uenf.br<br \/>Gerente de Comunica\u00e7\u00e3o: Vitor Sendra<\/p>\n","protected":false},"excerpt":{"rendered":"<p>Ser\u00e3o realizadas nesta ter\u00e7a-feira, 03\/09\/19, a partir das 9h, nos campi da UENF em Campos dos Goytacazes e em Maca\u00e9, as elei\u00e7\u00f5es para a escolha do reitor e do vice-reitor da Universidade para os pr\u00f3ximos quatro anos. Em Campos, as elei\u00e7\u00f5es ocorrem at\u00e9 as 20h e ser\u00e3o realizadas no pr\u00e9dio da Reitoria, enquanto em Maca\u00e9 as se\u00e7\u00f5es ser\u00e3o instaladas no hall de entrada do LENEP (\u00e1rea pr\u00f3xima \u00e0 Biblioteca) e a elei\u00e7\u00e3o vai at\u00e9 as 16h&#8230;.<\/p>\n","protected":false},"author":1,"featured_media":3682,"comment_status":"closed","ping_status":"closed","sticky":false,"template":"","format":"standard","meta":{"_eb_attr":"","ocean_post_layout":"","ocean_both_sidebars_style":"","ocean_both_sidebars_content_width":0,"ocean_both_sidebars_sidebars_width":0,"ocean_sidebar":"","ocean_second_sidebar":"","ocean_disable_margins":"enable","ocean_add_body_class":"","ocean_shortcode_before_top_bar":"","ocean_shortcode_after_top_bar":"","ocean_shortcode_before_header":"","ocean_shortcode_after_header":"","ocean_has_shortcode":"","ocean_shortcode_after_title":"","ocean_shortcode_before_footer_widgets":"","ocean_shortcode_after_footer_widgets":"","ocean_shortcode_before_footer_bottom":"","ocean_shortcode_after_footer_bottom":"","ocean_display_top_bar":"default","ocean_display_header":"default","ocean_header_style":"","ocean_center_header_left_menu":"","ocean_custom_header_template":"","ocean_custom_logo":0,"ocean_custom_retina_logo":0,"ocean_custom_logo_max_width":0,"ocean_custom_logo_tablet_max_width":0,"ocean_custom_logo_mobile_max_width":0,"ocean_custom_logo_max_height":0,"ocean_custom_logo_tablet_max_height":0,"ocean_custom_logo_mobile_max_height":0,"ocean_header_custom_menu":"","ocean_menu_typo_font_family":"","ocean_menu_typo_font_subset":"","ocean_menu_typo_font_size":0,"ocean_menu_typo_font_size_tablet":0,"ocean_menu_typo_font_size_mobile":0,"ocean_menu_typo_font_size_unit":"px","ocean_menu_typo_font_weight":"","ocean_menu_typo_font_weight_tablet":"","ocean_menu_typo_font_weight_mobile":"","ocean_menu_typo_transform":"","ocean_menu_typo_transform_tablet":"","ocean_menu_typo_transform_mobile":"","ocean_menu_typo_line_height":0,"ocean_menu_typo_line_height_tablet":0,"ocean_menu_typo_line_height_mobile":0,"ocean_menu_typo_line_height_unit":"","ocean_menu_typo_spacing":0,"ocean_menu_typo_spacing_tablet":0,"ocean_menu_typo_spacing_mobile":0,"ocean_menu_typo_spacing_unit":"","ocean_menu_link_color":"","ocean_menu_link_color_hover":"","ocean_menu_link_color_active":"","ocean_menu_link_background":"","ocean_menu_link_hover_background":"","ocean_menu_link_active_background":"","ocean_menu_social_links_bg":"","ocean_menu_social_hover_links_bg":"","ocean_menu_social_links_color":"","ocean_menu_social_hover_links_color":"","ocean_disable_title":"default","ocean_disable_heading":"default","ocean_post_title":"","ocean_post_subheading":"","ocean_post_title_style":"","ocean_post_title_background_color":"","ocean_post_title_background":0,"ocean_post_title_bg_image_position":"","ocean_post_title_bg_image_attachment":"","ocean_post_title_bg_image_repeat":"","ocean_post_title_bg_image_size":"","ocean_post_title_height":0,"ocean_post_title_bg_overlay":0.5,"ocean_post_title_bg_overlay_color":"","ocean_disable_breadcrumbs":"default","ocean_breadcrumbs_color":"","ocean_breadcrumbs_separator_color":"","ocean_breadcrumbs_links_color":"","ocean_breadcrumbs_links_hover_color":"","ocean_display_footer_widgets":"default","ocean_display_footer_bottom":"default","ocean_custom_footer_template":"","ocean_post_oembed":"","ocean_post_self_hosted_media":"","ocean_post_video_embed":"","ocean_link_format":"","ocean_link_format_target":"self","ocean_quote_format":"","ocean_quote_format_link":"post","ocean_gallery_link_images":"off","ocean_gallery_id":[],"footnotes":""},"categories":[8],"tags":[],"class_list":["post-29126","post","type-post","status-publish","format-standard","has-post-thumbnail","hentry","category-noticias","entry","has-media"],"yoast_head":"<!-- This site is optimized with the Yoast SEO plugin v26.5 - https:\/\/yoast.com\/wordpress\/plugins\/seo\/ -->\n<title>UENF realiza sua 6\u00aa elei\u00e7\u00e3o para reitor nesta ter\u00e7a - UENF - Universidade Estadual do Norte Fluminense Darcy Ribeiro<\/title>\n<meta name=\"robots\" content=\"noindex, follow, max-snippet:-1, max-image-preview:large, max-video-preview:-1\" \/>\n<meta property=\"og:locale\" content=\"pt_BR\" \/>\n<meta property=\"og:type\" content=\"article\" \/>\n<meta property=\"og:title\" content=\"UENF realiza sua 6\u00aa elei\u00e7\u00e3o para reitor nesta ter\u00e7a - UENF - Universidade Estadual do Norte Fluminense Darcy Ribeiro\" \/>\n<meta property=\"og:description\" content=\"Ser\u00e3o realizadas nesta ter\u00e7a-feira, 03\/09\/19, a partir das 9h, nos campi da UENF em Campos dos Goytacazes e em Maca\u00e9, as elei\u00e7\u00f5es para a escolha do reitor e do vice-reitor da Universidade para os pr\u00f3ximos quatro anos. Em Campos, as elei\u00e7\u00f5es ocorrem at\u00e9 as 20h e ser\u00e3o realizadas no pr\u00e9dio da Reitoria, enquanto em Maca\u00e9 as se\u00e7\u00f5es ser\u00e3o instaladas no hall de entrada do LENEP (\u00e1rea pr\u00f3xima \u00e0 Biblioteca) e a elei\u00e7\u00e3o vai at\u00e9 as 16h....\" \/>\n<meta property=\"og:url\" content=\"https:\/\/portal1.uenf.br\/portal\/noticias\/uenf-realiza-sua-6a-eleicao-para-reitor-nesta-terca\/\" \/>\n<meta property=\"og:site_name\" content=\"UENF - Universidade Estadual do Norte Fluminense Darcy Ribeiro\" \/>\n<meta property=\"article:published_time\" content=\"2019-10-02T19:32:59+00:00\" \/>\n<meta name=\"author\" content=\"admin\" \/>\n<meta name=\"twitter:card\" content=\"summary_large_image\" \/>\n<meta name=\"twitter:label1\" content=\"Escrito por\" \/>\n\t<meta name=\"twitter:data1\" content=\"admin\" \/>\n\t<meta name=\"twitter:label2\" content=\"Est. tempo de leitura\" \/>\n\t<meta name=\"twitter:data2\" content=\"2 minutos\" \/>\n<script type=\"application\/ld+json\" class=\"yoast-schema-graph\">{\"@context\":\"https:\/\/schema.org\",\"@graph\":[{\"@type\":\"Article\",\"@id\":\"https:\/\/portal1.uenf.br\/portal\/noticias\/uenf-realiza-sua-6a-eleicao-para-reitor-nesta-terca\/#article\",\"isPartOf\":{\"@id\":\"https:\/\/portal1.uenf.br\/portal\/noticias\/uenf-realiza-sua-6a-eleicao-para-reitor-nesta-terca\/\"},\"author\":{\"name\":\"admin\",\"@id\":\"https:\/\/portal1.uenf.br\/portal\/#\/schema\/person\/068abbf03b6f8478c845bc8ded9270c7\"},\"headline\":\"UENF realiza sua 6\u00aa elei\u00e7\u00e3o para reitor nesta ter\u00e7a\",\"datePublished\":\"2019-10-02T19:32:59+00:00\",\"mainEntityOfPage\":{\"@id\":\"https:\/\/portal1.uenf.br\/portal\/noticias\/uenf-realiza-sua-6a-eleicao-para-reitor-nesta-terca\/\"},\"wordCount\":487,\"publisher\":{\"@id\":\"https:\/\/portal1.uenf.br\/portal\/#organization\"},\"image\":{\"@id\":\"https:\/\/portal1.uenf.br\/portal\/noticias\/uenf-realiza-sua-6a-eleicao-para-reitor-nesta-terca\/#primaryimage\"},\"thumbnailUrl\":\"\",\"articleSection\":[\"Not\u00edcias\"],\"inLanguage\":\"pt-BR\"},{\"@type\":\"WebPage\",\"@id\":\"https:\/\/portal1.uenf.br\/portal\/noticias\/uenf-realiza-sua-6a-eleicao-para-reitor-nesta-terca\/\",\"url\":\"https:\/\/portal1.uenf.br\/portal\/noticias\/uenf-realiza-sua-6a-eleicao-para-reitor-nesta-terca\/\",\"name\":\"UENF realiza sua 6\u00aa elei\u00e7\u00e3o para reitor nesta ter\u00e7a - UENF - Universidade Estadual do Norte Fluminense Darcy Ribeiro\",\"isPartOf\":{\"@id\":\"https:\/\/portal1.uenf.br\/portal\/#website\"},\"primaryImageOfPage\":{\"@id\":\"https:\/\/portal1.uenf.br\/portal\/noticias\/uenf-realiza-sua-6a-eleicao-para-reitor-nesta-terca\/#primaryimage\"},\"image\":{\"@id\":\"https:\/\/portal1.uenf.br\/portal\/noticias\/uenf-realiza-sua-6a-eleicao-para-reitor-nesta-terca\/#primaryimage\"},\"thumbnailUrl\":\"\",\"datePublished\":\"2019-10-02T19:32:59+00:00\",\"breadcrumb\":{\"@id\":\"https:\/\/portal1.uenf.br\/portal\/noticias\/uenf-realiza-sua-6a-eleicao-para-reitor-nesta-terca\/#breadcrumb\"},\"inLanguage\":\"pt-BR\",\"potentialAction\":[{\"@type\":\"ReadAction\",\"target\":[\"https:\/\/portal1.uenf.br\/portal\/noticias\/uenf-realiza-sua-6a-eleicao-para-reitor-nesta-terca\/\"]}]},{\"@type\":\"ImageObject\",\"inLanguage\":\"pt-BR\",\"@id\":\"https:\/\/portal1.uenf.br\/portal\/noticias\/uenf-realiza-sua-6a-eleicao-para-reitor-nesta-terca\/#primaryimage\",\"url\":\"\",\"contentUrl\":\"\"},{\"@type\":\"BreadcrumbList\",\"@id\":\"https:\/\/portal1.uenf.br\/portal\/noticias\/uenf-realiza-sua-6a-eleicao-para-reitor-nesta-terca\/#breadcrumb\",\"itemListElement\":[{\"@type\":\"ListItem\",\"position\":1,\"name\":\"In\u00edcio\",\"item\":\"https:\/\/portal1.uenf.br\/portal\/\"},{\"@type\":\"ListItem\",\"position\":2,\"name\":\"UENF realiza sua 6\u00aa elei\u00e7\u00e3o para reitor nesta ter\u00e7a\"}]},{\"@type\":\"WebSite\",\"@id\":\"https:\/\/portal1.uenf.br\/portal\/#website\",\"url\":\"https:\/\/portal1.uenf.br\/portal\/\",\"name\":\"UENF - Universidade Estadual do Norte Fluminense Darcy Ribeiro\",\"description\":\"\",\"publisher\":{\"@id\":\"https:\/\/portal1.uenf.br\/portal\/#organization\"},\"potentialAction\":[{\"@type\":\"SearchAction\",\"target\":{\"@type\":\"EntryPoint\",\"urlTemplate\":\"https:\/\/portal1.uenf.br\/portal\/?s={search_term_string}\"},\"query-input\":{\"@type\":\"PropertyValueSpecification\",\"valueRequired\":true,\"valueName\":\"search_term_string\"}}],\"inLanguage\":\"pt-BR\"},{\"@type\":\"Organization\",\"@id\":\"https:\/\/portal1.uenf.br\/portal\/#organization\",\"name\":\"UENF - Universidade Estadual do Norte Fluminense Darcy Ribeiro\",\"url\":\"https:\/\/portal1.uenf.br\/portal\/\",\"logo\":{\"@type\":\"ImageObject\",\"inLanguage\":\"pt-BR\",\"@id\":\"https:\/\/portal1.uenf.br\/portal\/#\/schema\/logo\/image\/\",\"url\":\"https:\/\/portal1.uenf.br\/portal\/wp-content\/uploads\/2018\/06\/logo-uenf-invertido-1.png\",\"contentUrl\":\"https:\/\/portal1.uenf.br\/portal\/wp-content\/uploads\/2018\/06\/logo-uenf-invertido-1.png\",\"width\":482,\"height\":83,\"caption\":\"UENF - Universidade Estadual do Norte Fluminense Darcy Ribeiro\"},\"image\":{\"@id\":\"https:\/\/portal1.uenf.br\/portal\/#\/schema\/logo\/image\/\"}},{\"@type\":\"Person\",\"@id\":\"https:\/\/portal1.uenf.br\/portal\/#\/schema\/person\/068abbf03b6f8478c845bc8ded9270c7\",\"name\":\"admin\",\"image\":{\"@type\":\"ImageObject\",\"inLanguage\":\"pt-BR\",\"@id\":\"https:\/\/portal1.uenf.br\/portal\/#\/schema\/person\/image\/\",\"url\":\"https:\/\/secure.gravatar.com\/avatar\/e5ecf9e4fae0742f4b136f518195bafa7b2d3f7c709f4bdc6707588ef68a6e25?s=96&d=mm&r=g\",\"contentUrl\":\"https:\/\/secure.gravatar.com\/avatar\/e5ecf9e4fae0742f4b136f518195bafa7b2d3f7c709f4bdc6707588ef68a6e25?s=96&d=mm&r=g\",\"caption\":\"admin\"},\"sameAs\":[\"https:\/\/portal1.uenf.br\/portal\"],\"url\":\"https:\/\/portal1.uenf.br\/portal\/author\/edson\/\"}]}<\/script>\n<!-- \/ Yoast SEO plugin. -->","yoast_head_json":{"title":"UENF realiza sua 6\u00aa elei\u00e7\u00e3o para reitor nesta ter\u00e7a - UENF - Universidade Estadual do Norte Fluminense Darcy Ribeiro","robots":{"index":"noindex","follow":"follow","max-snippet":"max-snippet:-1","max-image-preview":"max-image-preview:large","max-video-preview":"max-video-preview:-1"},"og_locale":"pt_BR","og_type":"article","og_title":"UENF realiza sua 6\u00aa elei\u00e7\u00e3o para reitor nesta ter\u00e7a - UENF - Universidade Estadual do Norte Fluminense Darcy Ribeiro","og_description":"Ser\u00e3o realizadas nesta ter\u00e7a-feira, 03\/09\/19, a partir das 9h, nos campi da UENF em Campos dos Goytacazes e em Maca\u00e9, as elei\u00e7\u00f5es para a escolha do reitor e do vice-reitor da Universidade para os pr\u00f3ximos quatro anos. Em Campos, as elei\u00e7\u00f5es ocorrem at\u00e9 as 20h e ser\u00e3o realizadas no pr\u00e9dio da Reitoria, enquanto em Maca\u00e9 as se\u00e7\u00f5es ser\u00e3o instaladas no hall de entrada do LENEP (\u00e1rea pr\u00f3xima \u00e0 Biblioteca) e a elei\u00e7\u00e3o vai at\u00e9 as 16h....","og_url":"https:\/\/portal1.uenf.br\/portal\/noticias\/uenf-realiza-sua-6a-eleicao-para-reitor-nesta-terca\/","og_site_name":"UENF - Universidade Estadual do Norte Fluminense Darcy Ribeiro","article_published_time":"2019-10-02T19:32:59+00:00","author":"admin","twitter_card":"summary_large_image","twitter_misc":{"Escrito por":"admin","Est. tempo de leitura":"2 minutos"},"schema":{"@context":"https:\/\/schema.org","@graph":[{"@type":"Article","@id":"https:\/\/portal1.uenf.br\/portal\/noticias\/uenf-realiza-sua-6a-eleicao-para-reitor-nesta-terca\/#article","isPartOf":{"@id":"https:\/\/portal1.uenf.br\/portal\/noticias\/uenf-realiza-sua-6a-eleicao-para-reitor-nesta-terca\/"},"author":{"name":"admin","@id":"https:\/\/portal1.uenf.br\/portal\/#\/schema\/person\/068abbf03b6f8478c845bc8ded9270c7"},"headline":"UENF realiza sua 6\u00aa elei\u00e7\u00e3o para reitor nesta ter\u00e7a","datePublished":"2019-10-02T19:32:59+00:00","mainEntityOfPage":{"@id":"https:\/\/portal1.uenf.br\/portal\/noticias\/uenf-realiza-sua-6a-eleicao-para-reitor-nesta-terca\/"},"wordCount":487,"publisher":{"@id":"https:\/\/portal1.uenf.br\/portal\/#organization"},"image":{"@id":"https:\/\/portal1.uenf.br\/portal\/noticias\/uenf-realiza-sua-6a-eleicao-para-reitor-nesta-terca\/#primaryimage"},"thumbnailUrl":"","articleSection":["Not\u00edcias"],"inLanguage":"pt-BR"},{"@type":"WebPage","@id":"https:\/\/portal1.uenf.br\/portal\/noticias\/uenf-realiza-sua-6a-eleicao-para-reitor-nesta-terca\/","url":"https:\/\/portal1.uenf.br\/portal\/noticias\/uenf-realiza-sua-6a-eleicao-para-reitor-nesta-terca\/","name":"UENF realiza sua 6\u00aa elei\u00e7\u00e3o para reitor nesta ter\u00e7a - UENF - Universidade Estadual do Norte Fluminense Darcy Ribeiro","isPartOf":{"@id":"https:\/\/portal1.uenf.br\/portal\/#website"},"primaryImageOfPage":{"@id":"https:\/\/portal1.uenf.br\/portal\/noticias\/uenf-realiza-sua-6a-eleicao-para-reitor-nesta-terca\/#primaryimage"},"image":{"@id":"https:\/\/portal1.uenf.br\/portal\/noticias\/uenf-realiza-sua-6a-eleicao-para-reitor-nesta-terca\/#primaryimage"},"thumbnailUrl":"","datePublished":"2019-10-02T19:32:59+00:00","breadcrumb":{"@id":"https:\/\/portal1.uenf.br\/portal\/noticias\/uenf-realiza-sua-6a-eleicao-para-reitor-nesta-terca\/#breadcrumb"},"inLanguage":"pt-BR","potentialAction":[{"@type":"ReadAction","target":["https:\/\/portal1.uenf.br\/portal\/noticias\/uenf-realiza-sua-6a-eleicao-para-reitor-nesta-terca\/"]}]},{"@type":"ImageObject","inLanguage":"pt-BR","@id":"https:\/\/portal1.uenf.br\/portal\/noticias\/uenf-realiza-sua-6a-eleicao-para-reitor-nesta-terca\/#primaryimage","url":"","contentUrl":""},{"@type":"BreadcrumbList","@id":"https:\/\/portal1.uenf.br\/portal\/noticias\/uenf-realiza-sua-6a-eleicao-para-reitor-nesta-terca\/#breadcrumb","itemListElement":[{"@type":"ListItem","position":1,"name":"In\u00edcio","item":"https:\/\/portal1.uenf.br\/portal\/"},{"@type":"ListItem","position":2,"name":"UENF realiza sua 6\u00aa elei\u00e7\u00e3o para reitor nesta ter\u00e7a"}]},{"@type":"WebSite","@id":"https:\/\/portal1.uenf.br\/portal\/#website","url":"https:\/\/portal1.uenf.br\/portal\/","name":"UENF - Universidade Estadual do Norte Fluminense Darcy Ribeiro","description":"","publisher":{"@id":"https:\/\/portal1.uenf.br\/portal\/#organization"},"potentialAction":[{"@type":"SearchAction","target":{"@type":"EntryPoint","urlTemplate":"https:\/\/portal1.uenf.br\/portal\/?s={search_term_string}"},"query-input":{"@type":"PropertyValueSpecification","valueRequired":true,"valueName":"search_term_string"}}],"inLanguage":"pt-BR"},{"@type":"Organization","@id":"https:\/\/portal1.uenf.br\/portal\/#organization","name":"UENF - Universidade Estadual do Norte Fluminense Darcy Ribeiro","url":"https:\/\/portal1.uenf.br\/portal\/","logo":{"@type":"ImageObject","inLanguage":"pt-BR","@id":"https:\/\/portal1.uenf.br\/portal\/#\/schema\/logo\/image\/","url":"https:\/\/portal1.uenf.br\/portal\/wp-content\/uploads\/2018\/06\/logo-uenf-invertido-1.png","contentUrl":"https:\/\/portal1.uenf.br\/portal\/wp-content\/uploads\/2018\/06\/logo-uenf-invertido-1.png","width":482,"height":83,"caption":"UENF - Universidade Estadual do Norte Fluminense Darcy Ribeiro"},"image":{"@id":"https:\/\/portal1.uenf.br\/portal\/#\/schema\/logo\/image\/"}},{"@type":"Person","@id":"https:\/\/portal1.uenf.br\/portal\/#\/schema\/person\/068abbf03b6f8478c845bc8ded9270c7","name":"admin","image":{"@type":"ImageObject","inLanguage":"pt-BR","@id":"https:\/\/portal1.uenf.br\/portal\/#\/schema\/person\/image\/","url":"https:\/\/secure.gravatar.com\/avatar\/e5ecf9e4fae0742f4b136f518195bafa7b2d3f7c709f4bdc6707588ef68a6e25?s=96&d=mm&r=g","contentUrl":"https:\/\/secure.gravatar.com\/avatar\/e5ecf9e4fae0742f4b136f518195bafa7b2d3f7c709f4bdc6707588ef68a6e25?s=96&d=mm&r=g","caption":"admin"},"sameAs":["https:\/\/portal1.uenf.br\/portal"],"url":"https:\/\/portal1.uenf.br\/portal\/author\/edson\/"}]}},"_links":{"self":[{"href":"https:\/\/portal1.uenf.br\/portal\/wp-json\/wp\/v2\/posts\/29126","targetHints":{"allow":["GET"]}}],"collection":[{"href":"https:\/\/portal1.uenf.br\/portal\/wp-json\/wp\/v2\/posts"}],"about":[{"href":"https:\/\/portal1.uenf.br\/portal\/wp-json\/wp\/v2\/types\/post"}],"author":[{"embeddable":true,"href":"https:\/\/portal1.uenf.br\/portal\/wp-json\/wp\/v2\/users\/1"}],"replies":[{"embeddable":true,"href":"https:\/\/portal1.uenf.br\/portal\/wp-json\/wp\/v2\/comments?post=29126"}],"version-history":[{"count":0,"href":"https:\/\/portal1.uenf.br\/portal\/wp-json\/wp\/v2\/posts\/29126\/revisions"}],"wp:featuredmedia":[{"embeddable":true,"href":"https:\/\/portal1.uenf.br\/portal\/wp-json\/"}],"wp:attachment":[{"href":"https:\/\/portal1.uenf.br\/portal\/wp-json\/wp\/v2\/media?parent=29126"}],"wp:term":[{"taxonomy":"category","embeddable":true,"href":"https:\/\/portal1.uenf.br\/portal\/wp-json\/wp\/v2\/categories?post=29126"},{"taxonomy":"post_tag","embeddable":true,"href":"https:\/\/portal1.uenf.br\/portal\/wp-json\/wp\/v2\/tags?post=29126"}],"curies":[{"name":"wp","href":"https:\/\/api.w.org\/{rel}","templated":true}]}}