{"id":29080,"date":"2024-10-08T11:17:32","date_gmt":"2024-10-08T14:17:32","guid":{"rendered":"https:\/\/uenf.br\/portal\/?p=29080"},"modified":"2026-01-06T19:31:32","modified_gmt":"2026-01-06T19:31:32","slug":"editais-dos-programas-de-pos-graduacao-da-uenf-2025","status":"publish","type":"post","link":"https:\/\/portal1.uenf.br\/portal\/editais\/editais-dos-programas-de-pos-graduacao-da-uenf-2025\/","title":{"rendered":"Editais dos Programas de P\u00f3s-Gradua\u00e7\u00e3o da UENF 2025"},"content":{"rendered":"\n<p><a href=\"https:\/\/uenf.br\/posgraduacao\/biociencias-biotecnologia\/processo-seletivo\/mestrado-e-doutorado-1o-2025\/\"><strong>Bioci\u00eancias e Biotecnologia<\/strong><\/a> (inscri\u00e7\u00f5es: 01 a 30\/10\/24)<\/p>\n\n\n\n<p><a href=\"https:\/\/uenf.br\/portal\/editais\/pos-graduacao-em-biotecnologia-vegetal-inscreve-ate-31-10\/\"><strong>Biotecnologia Vegetal<\/strong><\/a> (inscri\u00e7\u00f5es: 01 a 31\/10\/24)<\/p>\n\n\n\n<p><a href=\"https:\/\/uenf.br\/portal\/editais\/pos-graduacao-em-clima-e-energia-inscricoes-abertas-ate-27-10\/\"><strong>Clima e Energia<\/strong><\/a> (inscri\u00e7\u00f5es: 01 a 27\/10\/24)<\/p>\n\n\n\n<p><a href=\"https:\/\/ppgern.uenf.br\/informativos\/edital-de-ingresso-mestrado-e-doutorado-2025-1\/\"><strong>Ecologia e Recursos Naturais<\/strong><\/a> (inscri\u00e7\u00f5es: 07\/10 a 13\/11\/24)<\/p>\n\n\n\n<p><a href=\"https:\/\/uenf.br\/portal\/noticias\/pos-graduacao-em-engenharia-de-reservatorio-e-exploracao-inscricoes-de-25-09-a-25-10-24\/\"><strong>Engenharia de Reservat\u00f3rio e de Explora\u00e7\u00e3o<\/strong><\/a> (inscri\u00e7\u00f5es: 25\/09 a 25\/10\/24)<\/p>\n\n\n\n<p><a href=\"https:\/\/uenf.br\/portal\/noticias\/pos-graduacao-em-engenharia-e-ciencia-dos-materiais-inscreve-ate-19-11\/\"><strong>Engenharia e Ci\u00eancia dos Materiais<\/strong><\/a> (inscri\u00e7\u00f5es: 25\/09 a 19\/11\/24)<\/p>\n\n\n\n<p><a href=\"https:\/\/uenf.br\/posgraduacao\/engenharia-civil\/\"><strong>Engenharia Civil<\/strong><\/a> (inscri\u00e7\u00f5es: 30\/09 a 30\/11\/24)<\/p>\n\n\n\n<p><a href=\"https:\/\/uenf.br\/portal\/noticias\/pos-graduacao-em-genetica-e-melhoramento-de-plantas-inscreve-ate-31-10\/\"><strong>Gen\u00e9tica e Melhoramento de Plantas<\/strong><\/a> (inscri\u00e7\u00f5es: 01\/10 a 31\/10\/24)<\/p>\n\n\n\n<p><a href=\"https:\/\/uenf.br\/portal\/noticias\/mestrado-academico-em-medicina-veterinaria-inscricoes-de-21-10-a-14-11-24\/\"><strong>Mestrado Acad\u00eamico em Medicina Veterin\u00e1ria<\/strong><\/a> (inscri\u00e7\u00f5es: 21\/10 a 14\/11\/24)<\/p>\n\n\n\n<p><a href=\"https:\/\/uenf.br\/portal\/noticias\/pos-graduacao-em-politicas-sociais-inscricoes-ate-02-10\/\"><strong>Pol\u00edticas Sociais<\/strong><\/a> (inscri\u00e7\u00f5es encerradas em 02\/10\/24)<\/p>\n\n\n\n<p><a href=\"https:\/\/www.pgpvuenf.com.br\/general-4\"><strong>Produ\u00e7\u00e3o Vegetal<\/strong><\/a> (inscri\u00e7\u00f5es: 01\/10 a 01\/11\/24)<\/p>\n\n\n\n<p><a href=\"https:\/\/uenf.br\/portal\/noticias\/abertas-ate-31-10-inscricoes-para-pos-graduacao-em-sociologia-politica-da-uenf\/\"><strong>Sociologia Pol\u00edtica<\/strong><\/a> (inscri\u00e7\u00f5es: 02 a 31\/10\/24)<\/p>\n","protected":false},"excerpt":{"rendered":"<p>Bioci\u00eancias e Biotecnologia (inscri\u00e7\u00f5es: 01 a 30\/10\/24) Biotecnologia Vegetal (inscri\u00e7\u00f5es: 01 a 31\/10\/24) Clima e Energia (inscri\u00e7\u00f5es: 01 a 27\/10\/24) Ecologia e Recursos Naturais (inscri\u00e7\u00f5es: 07\/10 a 13\/11\/24) Engenharia de Reservat\u00f3rio e de Explora\u00e7\u00e3o (inscri\u00e7\u00f5es: 25\/09 a 25\/10\/24) Engenharia e Ci\u00eancia dos Materiais (inscri\u00e7\u00f5es: 25\/09 a 19\/11\/24) Engenharia Civil (inscri\u00e7\u00f5es: 30\/09 a 30\/11\/24) Gen\u00e9tica e [&hellip;]<\/p>\n","protected":false},"author":1,"featured_media":31034,"comment_status":"closed","ping_status":"closed","sticky":false,"template":"","format":"standard","meta":{"_eb_attr":"","ocean_post_layout":"","ocean_both_sidebars_style":"","ocean_both_sidebars_content_width":0,"ocean_both_sidebars_sidebars_width":0,"ocean_sidebar":"","ocean_second_sidebar":"","ocean_disable_margins":"enable","ocean_add_body_class":"","ocean_shortcode_before_top_bar":"","ocean_shortcode_after_top_bar":"","ocean_shortcode_before_header":"","ocean_shortcode_after_header":"","ocean_has_shortcode":"","ocean_shortcode_after_title":"","ocean_shortcode_before_footer_widgets":"","ocean_shortcode_after_footer_widgets":"","ocean_shortcode_before_footer_bottom":"","ocean_shortcode_after_footer_bottom":"","ocean_display_top_bar":"default","ocean_display_header":"default","ocean_header_style":"","ocean_center_header_left_menu":"","ocean_custom_header_template":"","ocean_custom_logo":0,"ocean_custom_retina_logo":0,"ocean_custom_logo_max_width":0,"ocean_custom_logo_tablet_max_width":0,"ocean_custom_logo_mobile_max_width":0,"ocean_custom_logo_max_height":0,"ocean_custom_logo_tablet_max_height":0,"ocean_custom_logo_mobile_max_height":0,"ocean_header_custom_menu":"","ocean_menu_typo_font_family":"","ocean_menu_typo_font_subset":"","ocean_menu_typo_font_size":0,"ocean_menu_typo_font_size_tablet":0,"ocean_menu_typo_font_size_mobile":0,"ocean_menu_typo_font_size_unit":"px","ocean_menu_typo_font_weight":"","ocean_menu_typo_font_weight_tablet":"","ocean_menu_typo_font_weight_mobile":"","ocean_menu_typo_transform":"","ocean_menu_typo_transform_tablet":"","ocean_menu_typo_transform_mobile":"","ocean_menu_typo_line_height":0,"ocean_menu_typo_line_height_tablet":0,"ocean_menu_typo_line_height_mobile":0,"ocean_menu_typo_line_height_unit":"","ocean_menu_typo_spacing":0,"ocean_menu_typo_spacing_tablet":0,"ocean_menu_typo_spacing_mobile":0,"ocean_menu_typo_spacing_unit":"","ocean_menu_link_color":"","ocean_menu_link_color_hover":"","ocean_menu_link_color_active":"","ocean_menu_link_background":"","ocean_menu_link_hover_background":"","ocean_menu_link_active_background":"","ocean_menu_social_links_bg":"","ocean_menu_social_hover_links_bg":"","ocean_menu_social_links_color":"","ocean_menu_social_hover_links_color":"","ocean_disable_title":"default","ocean_disable_heading":"default","ocean_post_title":"","ocean_post_subheading":"","ocean_post_title_style":"","ocean_post_title_background_color":"","ocean_post_title_background":0,"ocean_post_title_bg_image_position":"","ocean_post_title_bg_image_attachment":"","ocean_post_title_bg_image_repeat":"","ocean_post_title_bg_image_size":"","ocean_post_title_height":0,"ocean_post_title_bg_overlay":0.5,"ocean_post_title_bg_overlay_color":"","ocean_disable_breadcrumbs":"default","ocean_breadcrumbs_color":"","ocean_breadcrumbs_separator_color":"","ocean_breadcrumbs_links_color":"","ocean_breadcrumbs_links_hover_color":"","ocean_display_footer_widgets":"default","ocean_display_footer_bottom":"default","ocean_custom_footer_template":"","ocean_post_oembed":"","ocean_post_self_hosted_media":"","ocean_post_video_embed":"","ocean_link_format":"","ocean_link_format_target":"self","ocean_quote_format":"","ocean_quote_format_link":"post","ocean_gallery_link_images":"on","ocean_gallery_id":[],"footnotes":""},"categories":[5,8],"tags":[138,139],"class_list":["post-29080","post","type-post","status-publish","format-standard","has-post-thumbnail","hentry","category-editais","category-noticias","tag-editais-2","tag-pos-graduacao","entry","has-media"],"yoast_head":"<!-- This site is optimized with the Yoast SEO plugin v26.5 - https:\/\/yoast.com\/wordpress\/plugins\/seo\/ -->\n<title>Editais dos Programas de P\u00f3s-Gradua\u00e7\u00e3o da UENF 2025 - UENF - Universidade Estadual do Norte Fluminense Darcy Ribeiro<\/title>\n<meta name=\"robots\" content=\"noindex, follow, max-snippet:-1, max-image-preview:large, max-video-preview:-1\" \/>\n<meta property=\"og:locale\" content=\"pt_BR\" \/>\n<meta property=\"og:type\" content=\"article\" \/>\n<meta property=\"og:title\" content=\"Editais dos Programas de P\u00f3s-Gradua\u00e7\u00e3o da UENF 2025 - UENF - Universidade Estadual do Norte Fluminense Darcy Ribeiro\" \/>\n<meta property=\"og:description\" content=\"Bioci\u00eancias e Biotecnologia (inscri\u00e7\u00f5es: 01 a 30\/10\/24) Biotecnologia Vegetal (inscri\u00e7\u00f5es: 01 a 31\/10\/24) Clima e Energia (inscri\u00e7\u00f5es: 01 a 27\/10\/24) Ecologia e Recursos Naturais (inscri\u00e7\u00f5es: 07\/10 a 13\/11\/24) Engenharia de Reservat\u00f3rio e de Explora\u00e7\u00e3o (inscri\u00e7\u00f5es: 25\/09 a 25\/10\/24) Engenharia e Ci\u00eancia dos Materiais (inscri\u00e7\u00f5es: 25\/09 a 19\/11\/24) Engenharia Civil (inscri\u00e7\u00f5es: 30\/09 a 30\/11\/24) Gen\u00e9tica e [&hellip;]\" \/>\n<meta property=\"og:url\" content=\"https:\/\/portal1.uenf.br\/portal\/editais\/editais-dos-programas-de-pos-graduacao-da-uenf-2025\/\" \/>\n<meta property=\"og:site_name\" content=\"UENF - Universidade Estadual do Norte Fluminense Darcy Ribeiro\" \/>\n<meta property=\"article:published_time\" content=\"2024-10-08T14:17:32+00:00\" \/>\n<meta property=\"article:modified_time\" content=\"2026-01-06T19:31:32+00:00\" \/>\n<meta property=\"og:image\" content=\"https:\/\/portal1.uenf.br\/portal\/wp-content\/uploads\/2025\/02\/mengo.webp\" \/>\n\t<meta property=\"og:image:width\" content=\"760\" \/>\n\t<meta property=\"og:image:height\" content=\"407\" \/>\n\t<meta property=\"og:image:type\" content=\"image\/webp\" \/>\n<meta name=\"author\" content=\"admin\" \/>\n<meta name=\"twitter:card\" content=\"summary_large_image\" \/>\n<meta name=\"twitter:label1\" content=\"Escrito por\" \/>\n\t<meta name=\"twitter:data1\" content=\"admin\" \/>\n\t<meta name=\"twitter:label2\" content=\"Est. tempo de leitura\" \/>\n\t<meta name=\"twitter:data2\" content=\"1 minuto\" \/>\n<script type=\"application\/ld+json\" class=\"yoast-schema-graph\">{\"@context\":\"https:\/\/schema.org\",\"@graph\":[{\"@type\":\"Article\",\"@id\":\"https:\/\/portal1.uenf.br\/portal\/editais\/editais-dos-programas-de-pos-graduacao-da-uenf-2025\/#article\",\"isPartOf\":{\"@id\":\"https:\/\/portal1.uenf.br\/portal\/editais\/editais-dos-programas-de-pos-graduacao-da-uenf-2025\/\"},\"author\":{\"name\":\"admin\",\"@id\":\"https:\/\/portal1.uenf.br\/portal\/#\/schema\/person\/068abbf03b6f8478c845bc8ded9270c7\"},\"headline\":\"Editais dos Programas de P\u00f3s-Gradua\u00e7\u00e3o da UENF 2025\",\"datePublished\":\"2024-10-08T14:17:32+00:00\",\"dateModified\":\"2026-01-06T19:31:32+00:00\",\"mainEntityOfPage\":{\"@id\":\"https:\/\/portal1.uenf.br\/portal\/editais\/editais-dos-programas-de-pos-graduacao-da-uenf-2025\/\"},\"wordCount\":97,\"publisher\":{\"@id\":\"https:\/\/portal1.uenf.br\/portal\/#organization\"},\"image\":{\"@id\":\"https:\/\/portal1.uenf.br\/portal\/editais\/editais-dos-programas-de-pos-graduacao-da-uenf-2025\/#primaryimage\"},\"thumbnailUrl\":\"https:\/\/portal1.uenf.br\/portal\/wp-content\/uploads\/2025\/02\/mengo.webp\",\"keywords\":[\"editais\",\"p\u00f3s-gradua\u00e7\u00e3o\"],\"articleSection\":[\"Editais\",\"Not\u00edcias\"],\"inLanguage\":\"pt-BR\"},{\"@type\":\"WebPage\",\"@id\":\"https:\/\/portal1.uenf.br\/portal\/editais\/editais-dos-programas-de-pos-graduacao-da-uenf-2025\/\",\"url\":\"https:\/\/portal1.uenf.br\/portal\/editais\/editais-dos-programas-de-pos-graduacao-da-uenf-2025\/\",\"name\":\"Editais dos Programas de P\u00f3s-Gradua\u00e7\u00e3o da UENF 2025 - UENF - Universidade Estadual do Norte Fluminense Darcy Ribeiro\",\"isPartOf\":{\"@id\":\"https:\/\/portal1.uenf.br\/portal\/#website\"},\"primaryImageOfPage\":{\"@id\":\"https:\/\/portal1.uenf.br\/portal\/editais\/editais-dos-programas-de-pos-graduacao-da-uenf-2025\/#primaryimage\"},\"image\":{\"@id\":\"https:\/\/portal1.uenf.br\/portal\/editais\/editais-dos-programas-de-pos-graduacao-da-uenf-2025\/#primaryimage\"},\"thumbnailUrl\":\"https:\/\/portal1.uenf.br\/portal\/wp-content\/uploads\/2025\/02\/mengo.webp\",\"datePublished\":\"2024-10-08T14:17:32+00:00\",\"dateModified\":\"2026-01-06T19:31:32+00:00\",\"breadcrumb\":{\"@id\":\"https:\/\/portal1.uenf.br\/portal\/editais\/editais-dos-programas-de-pos-graduacao-da-uenf-2025\/#breadcrumb\"},\"inLanguage\":\"pt-BR\",\"potentialAction\":[{\"@type\":\"ReadAction\",\"target\":[\"https:\/\/portal1.uenf.br\/portal\/editais\/editais-dos-programas-de-pos-graduacao-da-uenf-2025\/\"]}]},{\"@type\":\"ImageObject\",\"inLanguage\":\"pt-BR\",\"@id\":\"https:\/\/portal1.uenf.br\/portal\/editais\/editais-dos-programas-de-pos-graduacao-da-uenf-2025\/#primaryimage\",\"url\":\"https:\/\/portal1.uenf.br\/portal\/wp-content\/uploads\/2025\/02\/mengo.webp\",\"contentUrl\":\"https:\/\/portal1.uenf.br\/portal\/wp-content\/uploads\/2025\/02\/mengo.webp\",\"width\":760,\"height\":407},{\"@type\":\"BreadcrumbList\",\"@id\":\"https:\/\/portal1.uenf.br\/portal\/editais\/editais-dos-programas-de-pos-graduacao-da-uenf-2025\/#breadcrumb\",\"itemListElement\":[{\"@type\":\"ListItem\",\"position\":1,\"name\":\"In\u00edcio\",\"item\":\"https:\/\/portal1.uenf.br\/portal\/\"},{\"@type\":\"ListItem\",\"position\":2,\"name\":\"Editais dos Programas de P\u00f3s-Gradua\u00e7\u00e3o da UENF 2025\"}]},{\"@type\":\"WebSite\",\"@id\":\"https:\/\/portal1.uenf.br\/portal\/#website\",\"url\":\"https:\/\/portal1.uenf.br\/portal\/\",\"name\":\"UENF - Universidade Estadual do Norte Fluminense Darcy Ribeiro\",\"description\":\"\",\"publisher\":{\"@id\":\"https:\/\/portal1.uenf.br\/portal\/#organization\"},\"potentialAction\":[{\"@type\":\"SearchAction\",\"target\":{\"@type\":\"EntryPoint\",\"urlTemplate\":\"https:\/\/portal1.uenf.br\/portal\/?s={search_term_string}\"},\"query-input\":{\"@type\":\"PropertyValueSpecification\",\"valueRequired\":true,\"valueName\":\"search_term_string\"}}],\"inLanguage\":\"pt-BR\"},{\"@type\":\"Organization\",\"@id\":\"https:\/\/portal1.uenf.br\/portal\/#organization\",\"name\":\"UENF - Universidade Estadual do Norte Fluminense Darcy Ribeiro\",\"url\":\"https:\/\/portal1.uenf.br\/portal\/\",\"logo\":{\"@type\":\"ImageObject\",\"inLanguage\":\"pt-BR\",\"@id\":\"https:\/\/portal1.uenf.br\/portal\/#\/schema\/logo\/image\/\",\"url\":\"https:\/\/portal1.uenf.br\/portal\/wp-content\/uploads\/2018\/06\/logo-uenf-invertido-1.png\",\"contentUrl\":\"https:\/\/portal1.uenf.br\/portal\/wp-content\/uploads\/2018\/06\/logo-uenf-invertido-1.png\",\"width\":482,\"height\":83,\"caption\":\"UENF - Universidade Estadual do Norte Fluminense Darcy Ribeiro\"},\"image\":{\"@id\":\"https:\/\/portal1.uenf.br\/portal\/#\/schema\/logo\/image\/\"}},{\"@type\":\"Person\",\"@id\":\"https:\/\/portal1.uenf.br\/portal\/#\/schema\/person\/068abbf03b6f8478c845bc8ded9270c7\",\"name\":\"admin\",\"image\":{\"@type\":\"ImageObject\",\"inLanguage\":\"pt-BR\",\"@id\":\"https:\/\/portal1.uenf.br\/portal\/#\/schema\/person\/image\/\",\"url\":\"https:\/\/secure.gravatar.com\/avatar\/e5ecf9e4fae0742f4b136f518195bafa7b2d3f7c709f4bdc6707588ef68a6e25?s=96&d=mm&r=g\",\"contentUrl\":\"https:\/\/secure.gravatar.com\/avatar\/e5ecf9e4fae0742f4b136f518195bafa7b2d3f7c709f4bdc6707588ef68a6e25?s=96&d=mm&r=g\",\"caption\":\"admin\"},\"sameAs\":[\"https:\/\/portal1.uenf.br\/portal\"],\"url\":\"https:\/\/portal1.uenf.br\/portal\/author\/edson\/\"}]}<\/script>\n<!-- \/ Yoast SEO plugin. -->","yoast_head_json":{"title":"Editais dos Programas de P\u00f3s-Gradua\u00e7\u00e3o da UENF 2025 - UENF - Universidade Estadual do Norte Fluminense Darcy Ribeiro","robots":{"index":"noindex","follow":"follow","max-snippet":"max-snippet:-1","max-image-preview":"max-image-preview:large","max-video-preview":"max-video-preview:-1"},"og_locale":"pt_BR","og_type":"article","og_title":"Editais dos Programas de P\u00f3s-Gradua\u00e7\u00e3o da UENF 2025 - UENF - Universidade Estadual do Norte Fluminense Darcy Ribeiro","og_description":"Bioci\u00eancias e Biotecnologia (inscri\u00e7\u00f5es: 01 a 30\/10\/24) Biotecnologia Vegetal (inscri\u00e7\u00f5es: 01 a 31\/10\/24) Clima e Energia (inscri\u00e7\u00f5es: 01 a 27\/10\/24) Ecologia e Recursos Naturais (inscri\u00e7\u00f5es: 07\/10 a 13\/11\/24) Engenharia de Reservat\u00f3rio e de Explora\u00e7\u00e3o (inscri\u00e7\u00f5es: 25\/09 a 25\/10\/24) Engenharia e Ci\u00eancia dos Materiais (inscri\u00e7\u00f5es: 25\/09 a 19\/11\/24) Engenharia Civil (inscri\u00e7\u00f5es: 30\/09 a 30\/11\/24) Gen\u00e9tica e [&hellip;]","og_url":"https:\/\/portal1.uenf.br\/portal\/editais\/editais-dos-programas-de-pos-graduacao-da-uenf-2025\/","og_site_name":"UENF - Universidade Estadual do Norte Fluminense Darcy Ribeiro","article_published_time":"2024-10-08T14:17:32+00:00","article_modified_time":"2026-01-06T19:31:32+00:00","og_image":[{"width":760,"height":407,"url":"https:\/\/portal1.uenf.br\/portal\/wp-content\/uploads\/2025\/02\/mengo.webp","type":"image\/webp"}],"author":"admin","twitter_card":"summary_large_image","twitter_misc":{"Escrito por":"admin","Est. tempo de leitura":"1 minuto"},"schema":{"@context":"https:\/\/schema.org","@graph":[{"@type":"Article","@id":"https:\/\/portal1.uenf.br\/portal\/editais\/editais-dos-programas-de-pos-graduacao-da-uenf-2025\/#article","isPartOf":{"@id":"https:\/\/portal1.uenf.br\/portal\/editais\/editais-dos-programas-de-pos-graduacao-da-uenf-2025\/"},"author":{"name":"admin","@id":"https:\/\/portal1.uenf.br\/portal\/#\/schema\/person\/068abbf03b6f8478c845bc8ded9270c7"},"headline":"Editais dos Programas de P\u00f3s-Gradua\u00e7\u00e3o da UENF 2025","datePublished":"2024-10-08T14:17:32+00:00","dateModified":"2026-01-06T19:31:32+00:00","mainEntityOfPage":{"@id":"https:\/\/portal1.uenf.br\/portal\/editais\/editais-dos-programas-de-pos-graduacao-da-uenf-2025\/"},"wordCount":97,"publisher":{"@id":"https:\/\/portal1.uenf.br\/portal\/#organization"},"image":{"@id":"https:\/\/portal1.uenf.br\/portal\/editais\/editais-dos-programas-de-pos-graduacao-da-uenf-2025\/#primaryimage"},"thumbnailUrl":"https:\/\/portal1.uenf.br\/portal\/wp-content\/uploads\/2025\/02\/mengo.webp","keywords":["editais","p\u00f3s-gradua\u00e7\u00e3o"],"articleSection":["Editais","Not\u00edcias"],"inLanguage":"pt-BR"},{"@type":"WebPage","@id":"https:\/\/portal1.uenf.br\/portal\/editais\/editais-dos-programas-de-pos-graduacao-da-uenf-2025\/","url":"https:\/\/portal1.uenf.br\/portal\/editais\/editais-dos-programas-de-pos-graduacao-da-uenf-2025\/","name":"Editais dos Programas de P\u00f3s-Gradua\u00e7\u00e3o da UENF 2025 - UENF - Universidade Estadual do Norte Fluminense Darcy Ribeiro","isPartOf":{"@id":"https:\/\/portal1.uenf.br\/portal\/#website"},"primaryImageOfPage":{"@id":"https:\/\/portal1.uenf.br\/portal\/editais\/editais-dos-programas-de-pos-graduacao-da-uenf-2025\/#primaryimage"},"image":{"@id":"https:\/\/portal1.uenf.br\/portal\/editais\/editais-dos-programas-de-pos-graduacao-da-uenf-2025\/#primaryimage"},"thumbnailUrl":"https:\/\/portal1.uenf.br\/portal\/wp-content\/uploads\/2025\/02\/mengo.webp","datePublished":"2024-10-08T14:17:32+00:00","dateModified":"2026-01-06T19:31:32+00:00","breadcrumb":{"@id":"https:\/\/portal1.uenf.br\/portal\/editais\/editais-dos-programas-de-pos-graduacao-da-uenf-2025\/#breadcrumb"},"inLanguage":"pt-BR","potentialAction":[{"@type":"ReadAction","target":["https:\/\/portal1.uenf.br\/portal\/editais\/editais-dos-programas-de-pos-graduacao-da-uenf-2025\/"]}]},{"@type":"ImageObject","inLanguage":"pt-BR","@id":"https:\/\/portal1.uenf.br\/portal\/editais\/editais-dos-programas-de-pos-graduacao-da-uenf-2025\/#primaryimage","url":"https:\/\/portal1.uenf.br\/portal\/wp-content\/uploads\/2025\/02\/mengo.webp","contentUrl":"https:\/\/portal1.uenf.br\/portal\/wp-content\/uploads\/2025\/02\/mengo.webp","width":760,"height":407},{"@type":"BreadcrumbList","@id":"https:\/\/portal1.uenf.br\/portal\/editais\/editais-dos-programas-de-pos-graduacao-da-uenf-2025\/#breadcrumb","itemListElement":[{"@type":"ListItem","position":1,"name":"In\u00edcio","item":"https:\/\/portal1.uenf.br\/portal\/"},{"@type":"ListItem","position":2,"name":"Editais dos Programas de P\u00f3s-Gradua\u00e7\u00e3o da UENF 2025"}]},{"@type":"WebSite","@id":"https:\/\/portal1.uenf.br\/portal\/#website","url":"https:\/\/portal1.uenf.br\/portal\/","name":"UENF - Universidade Estadual do Norte Fluminense Darcy Ribeiro","description":"","publisher":{"@id":"https:\/\/portal1.uenf.br\/portal\/#organization"},"potentialAction":[{"@type":"SearchAction","target":{"@type":"EntryPoint","urlTemplate":"https:\/\/portal1.uenf.br\/portal\/?s={search_term_string}"},"query-input":{"@type":"PropertyValueSpecification","valueRequired":true,"valueName":"search_term_string"}}],"inLanguage":"pt-BR"},{"@type":"Organization","@id":"https:\/\/portal1.uenf.br\/portal\/#organization","name":"UENF - Universidade Estadual do Norte Fluminense Darcy Ribeiro","url":"https:\/\/portal1.uenf.br\/portal\/","logo":{"@type":"ImageObject","inLanguage":"pt-BR","@id":"https:\/\/portal1.uenf.br\/portal\/#\/schema\/logo\/image\/","url":"https:\/\/portal1.uenf.br\/portal\/wp-content\/uploads\/2018\/06\/logo-uenf-invertido-1.png","contentUrl":"https:\/\/portal1.uenf.br\/portal\/wp-content\/uploads\/2018\/06\/logo-uenf-invertido-1.png","width":482,"height":83,"caption":"UENF - Universidade Estadual do Norte Fluminense Darcy Ribeiro"},"image":{"@id":"https:\/\/portal1.uenf.br\/portal\/#\/schema\/logo\/image\/"}},{"@type":"Person","@id":"https:\/\/portal1.uenf.br\/portal\/#\/schema\/person\/068abbf03b6f8478c845bc8ded9270c7","name":"admin","image":{"@type":"ImageObject","inLanguage":"pt-BR","@id":"https:\/\/portal1.uenf.br\/portal\/#\/schema\/person\/image\/","url":"https:\/\/secure.gravatar.com\/avatar\/e5ecf9e4fae0742f4b136f518195bafa7b2d3f7c709f4bdc6707588ef68a6e25?s=96&d=mm&r=g","contentUrl":"https:\/\/secure.gravatar.com\/avatar\/e5ecf9e4fae0742f4b136f518195bafa7b2d3f7c709f4bdc6707588ef68a6e25?s=96&d=mm&r=g","caption":"admin"},"sameAs":["https:\/\/portal1.uenf.br\/portal"],"url":"https:\/\/portal1.uenf.br\/portal\/author\/edson\/"}]}},"_links":{"self":[{"href":"https:\/\/portal1.uenf.br\/portal\/wp-json\/wp\/v2\/posts\/29080","targetHints":{"allow":["GET"]}}],"collection":[{"href":"https:\/\/portal1.uenf.br\/portal\/wp-json\/wp\/v2\/posts"}],"about":[{"href":"https:\/\/portal1.uenf.br\/portal\/wp-json\/wp\/v2\/types\/post"}],"author":[{"embeddable":true,"href":"https:\/\/portal1.uenf.br\/portal\/wp-json\/wp\/v2\/users\/1"}],"replies":[{"embeddable":true,"href":"https:\/\/portal1.uenf.br\/portal\/wp-json\/wp\/v2\/comments?post=29080"}],"version-history":[{"count":1,"href":"https:\/\/portal1.uenf.br\/portal\/wp-json\/wp\/v2\/posts\/29080\/revisions"}],"predecessor-version":[{"id":29211,"href":"https:\/\/portal1.uenf.br\/portal\/wp-json\/wp\/v2\/posts\/29080\/revisions\/29211"}],"wp:featuredmedia":[{"embeddable":true,"href":"https:\/\/portal1.uenf.br\/portal\/wp-json\/wp\/v2\/media\/31034"}],"wp:attachment":[{"href":"https:\/\/portal1.uenf.br\/portal\/wp-json\/wp\/v2\/media?parent=29080"}],"wp:term":[{"taxonomy":"category","embeddable":true,"href":"https:\/\/portal1.uenf.br\/portal\/wp-json\/wp\/v2\/categories?post=29080"},{"taxonomy":"post_tag","embeddable":true,"href":"https:\/\/portal1.uenf.br\/portal\/wp-json\/wp\/v2\/tags?post=29080"}],"curies":[{"name":"wp","href":"https:\/\/api.w.org\/{rel}","templated":true}]}}