{"id":27974,"date":"2024-08-28T15:00:11","date_gmt":"2024-08-28T18:00:11","guid":{"rendered":"https:\/\/uenf.br\/portal\/?p=27974"},"modified":"2024-08-28T15:00:11","modified_gmt":"2024-08-28T18:00:11","slug":"xviii-semana-academica-do-curso-de-engenharia-de-exploracao-e-producao-de-petroleo-da-uenf","status":"publish","type":"post","link":"https:\/\/portal1.uenf.br\/portal\/noticias\/xviii-semana-academica-do-curso-de-engenharia-de-exploracao-e-producao-de-petroleo-da-uenf\/","title":{"rendered":"XVIII Semana Acad\u00eamica do curso de Engenharia de Explora\u00e7\u00e3o e Produ\u00e7\u00e3o de Petr\u00f3leo da UENF"},"content":{"rendered":"<p dir=\"ltr\"><strong>Evento foi aberto na segunda-feira e prossegue at\u00e9 sexta-feira no\u00a0Campus\u00a0Carlos Alberto Dias em Maca\u00e9<\/strong><\/p>\n<p dir=\"ltr\"><img fetchpriority=\"high\" decoding=\"async\" class=\"size-medium wp-image-27977 alignleft\" src=\"https:\/\/uenf.br\/portal\/wp-content\/uploads\/2024\/08\/engep2024-3-400x267.jpg\" alt=\"\" width=\"400\" height=\"267\" \/>A XVIII Semana Acad\u00eamica do curso de Engenharia de Explora\u00e7\u00e3o e Produ\u00e7\u00e3o de Petr\u00f3leo da UENF foi aberta na \u00faltima segunda-feira, 26\/08\/24, no Laborat\u00f3rio de Engenharia e Explora\u00e7\u00e3o de Petr\u00f3leo (LENEP), no <em>Campus<\/em> Carlos Alberto Dias da UENF, em Maca\u00e9.<\/p>\n<p dir=\"ltr\">O evento prossegue at\u00e9 sexta-feira, 30\/08\/24, com uma vasta programa\u00e7\u00e3o, incluindo 16 palestras, 4 minicursos, 2 mesas redondas e 4 visitas t\u00e9cnicas em grandes empresas, dentre elas a Petrobras.<\/p>\n<p dir=\"ltr\">A professora Georgiana Feitosa da Cruz, do LENEP\/UENF\/Maca\u00e9, considera a Semana Acad\u00eamica do curso de Engenharia de Explora\u00e7\u00e3o e Produ\u00e7\u00e3o de Petr\u00f3leo um evento hist\u00f3rico para a universidade.<\/p>\n<p dir=\"ltr\">\u2014 A Semana \u00e9 organizada por alunos do 6\u00ba ao 8\u00ba per\u00edodo, que j\u00e1 t\u00eam uma experi\u00eancia b\u00e1sica inicial das disciplinas te\u00f3ricas. O evento traz uma intera\u00e7\u00e3o entre os alunos e os palestrantes e do que aprendem no evento e na academia \u2014 informa Georgiana.<\/p>\n<p dir=\"ltr\"><strong>Atualiza\u00e7\u00f5es e novas tecnologias do mercado de petr\u00f3leo e g\u00e1s<\/strong><\/p>\n<p dir=\"ltr\">O presidente da comiss\u00e3o organizadora da XVIII Semana Acad\u00eamica do curso de Engenharia de Explora\u00e7\u00e3o e Produ\u00e7\u00e3o de Petr\u00f3leo da UENF, Jo\u00e3o Vitor Pardo, ressalta a import\u00e2ncia do evento.<\/p>\n<p dir=\"ltr\"><img decoding=\"async\" class=\"size-medium wp-image-27978 alignright\" src=\"https:\/\/uenf.br\/portal\/wp-content\/uploads\/2024\/08\/engep2024-2-400x267.jpg\" alt=\"\" width=\"400\" height=\"267\" \/>\u2014 Aqui o aluno aprende um pouco mais, entende sobre as atualiza\u00e7\u00f5es e novas tecnologias do mercado de petr\u00f3leo e g\u00e1s. \u00c9 importante que o aluno esteja engajado nas novas tecnologias para que, quando for para o mercado de trabalho, possa mostrar para o gestor seu conhecimento sobre o que est\u00e1 acontecendo n\u00e3o s\u00f3 na sua regi\u00e3o como mundialmente \u2014 afirma.<\/p>\n<p dir=\"ltr\">Para a vice-presidente da comiss\u00e3o organizadora do evento, Laysla Rocha, a Semana Acad\u00eamica permite aos participantes uma experi\u00eancia completa de conhecimentos desde a explora\u00e7\u00e3o \u00e0 produ\u00e7\u00e3o de petr\u00f3leo.<\/p>\n<p dir=\"ltr\">\u2014 Este evento \u00e9 um marco de conex\u00e3o da UENF com a ind\u00fastria de \u00f3leo e g\u00e1s. Estamos em Maca\u00e9, que \u00e9 uma cidade de concentra\u00e7\u00e3o da ind\u00fastria de \u00f3leo e g\u00e1s, e este networking com as empresas \u00e9 muito importante \u2014 considera Laysla.<\/p>\n<p dir=\"ltr\"><strong>Desafios da ind\u00fastria do petr\u00f3leo com impactos p\u00f3s pandemia<\/strong><\/p>\n<p dir=\"ltr\">Egresso do curso de Engenharia de Explora\u00e7\u00e3o e Produ\u00e7\u00e3o de Petr\u00f3leo da UENF,\u00a0 Emerson Rodrigues participou do evento como palestrante.<\/p>\n<p dir=\"ltr\">\u2014 \u00c9 uma satisfa\u00e7\u00e3o estar aqui neste evento, que dissemina informa\u00e7\u00f5es, conhecimento e tecnologia. \u00c9 preciso pensar sobre os desafios da ind\u00fastria do petr\u00f3leo, que sofreu impactos ap\u00f3s a pandemia. E eventos como este aumentam o interesse na ind\u00fastria do petr\u00f3leo \u2014 avalia Emerson.<\/p>\n<p dir=\"ltr\">Clarindo Caetano Machado, aluno da primeira turma do curso de Engenharia de Explora\u00e7\u00e3o e Produ\u00e7\u00e3o de Petr\u00f3leo da UENF, conta como o curso foi uma mudan\u00e7a em sua vida.<\/p>\n<p dir=\"ltr\">\u2014 Sa\u00ed de Engenharia Civil na UFF para fazer Engenharia de Petr\u00f3leo na UENF, ainda em Campos, pois na \u00e9poca ainda n\u00e3o havia o LENEP em Maca\u00e9. O LENEP fez parte da minha forma\u00e7\u00e3o. Foi a mudan\u00e7a da minha vida. Sou engenheiro de petr\u00f3leo e h\u00e1 quase 30 anos estou no ramo de petr\u00f3leo \u2014 destaca Clarindo.<\/p>\n","protected":false},"excerpt":{"rendered":"<p>Evento foi aberto na segunda-feira e prossegue at\u00e9 sexta-feira no\u00a0Campus\u00a0Carlos Alberto Dias em Maca\u00e9 A XVIII Semana Acad\u00eamica do curso de Engenharia de Explora\u00e7\u00e3o e Produ\u00e7\u00e3o de Petr\u00f3leo da UENF foi aberta na \u00faltima segunda-feira, 26\/08\/24, no Laborat\u00f3rio de Engenharia e Explora\u00e7\u00e3o de Petr\u00f3leo (LENEP), no Campus Carlos Alberto Dias da UENF, em Maca\u00e9. O [&hellip;]<\/p>\n","protected":false},"author":1,"featured_media":0,"comment_status":"closed","ping_status":"closed","sticky":false,"template":"","format":"standard","meta":{"_eb_attr":"","ocean_post_layout":"","ocean_both_sidebars_style":"","ocean_both_sidebars_content_width":0,"ocean_both_sidebars_sidebars_width":0,"ocean_sidebar":"","ocean_second_sidebar":"","ocean_disable_margins":"enable","ocean_add_body_class":"","ocean_shortcode_before_top_bar":"","ocean_shortcode_after_top_bar":"","ocean_shortcode_before_header":"","ocean_shortcode_after_header":"","ocean_has_shortcode":"","ocean_shortcode_after_title":"","ocean_shortcode_before_footer_widgets":"","ocean_shortcode_after_footer_widgets":"","ocean_shortcode_before_footer_bottom":"","ocean_shortcode_after_footer_bottom":"","ocean_display_top_bar":"default","ocean_display_header":"default","ocean_header_style":"","ocean_center_header_left_menu":"","ocean_custom_header_template":"","ocean_custom_logo":0,"ocean_custom_retina_logo":0,"ocean_custom_logo_max_width":0,"ocean_custom_logo_tablet_max_width":0,"ocean_custom_logo_mobile_max_width":0,"ocean_custom_logo_max_height":0,"ocean_custom_logo_tablet_max_height":0,"ocean_custom_logo_mobile_max_height":0,"ocean_header_custom_menu":"","ocean_menu_typo_font_family":"","ocean_menu_typo_font_subset":"","ocean_menu_typo_font_size":0,"ocean_menu_typo_font_size_tablet":0,"ocean_menu_typo_font_size_mobile":0,"ocean_menu_typo_font_size_unit":"px","ocean_menu_typo_font_weight":"","ocean_menu_typo_font_weight_tablet":"","ocean_menu_typo_font_weight_mobile":"","ocean_menu_typo_transform":"","ocean_menu_typo_transform_tablet":"","ocean_menu_typo_transform_mobile":"","ocean_menu_typo_line_height":0,"ocean_menu_typo_line_height_tablet":0,"ocean_menu_typo_line_height_mobile":0,"ocean_menu_typo_line_height_unit":"","ocean_menu_typo_spacing":0,"ocean_menu_typo_spacing_tablet":0,"ocean_menu_typo_spacing_mobile":0,"ocean_menu_typo_spacing_unit":"","ocean_menu_link_color":"","ocean_menu_link_color_hover":"","ocean_menu_link_color_active":"","ocean_menu_link_background":"","ocean_menu_link_hover_background":"","ocean_menu_link_active_background":"","ocean_menu_social_links_bg":"","ocean_menu_social_hover_links_bg":"","ocean_menu_social_links_color":"","ocean_menu_social_hover_links_color":"","ocean_disable_title":"default","ocean_disable_heading":"default","ocean_post_title":"","ocean_post_subheading":"","ocean_post_title_style":"","ocean_post_title_background_color":"","ocean_post_title_background":0,"ocean_post_title_bg_image_position":"","ocean_post_title_bg_image_attachment":"","ocean_post_title_bg_image_repeat":"","ocean_post_title_bg_image_size":"","ocean_post_title_height":0,"ocean_post_title_bg_overlay":0.5,"ocean_post_title_bg_overlay_color":"","ocean_disable_breadcrumbs":"default","ocean_breadcrumbs_color":"","ocean_breadcrumbs_separator_color":"","ocean_breadcrumbs_links_color":"","ocean_breadcrumbs_links_hover_color":"","ocean_display_footer_widgets":"default","ocean_display_footer_bottom":"default","ocean_custom_footer_template":"","ocean_post_oembed":"","ocean_post_self_hosted_media":"","ocean_post_video_embed":"","ocean_link_format":"","ocean_link_format_target":"self","ocean_quote_format":"","ocean_quote_format_link":"post","ocean_gallery_link_images":"on","ocean_gallery_id":[],"footnotes":""},"categories":[8],"tags":[],"class_list":["post-27974","post","type-post","status-publish","format-standard","hentry","category-noticias","entry"],"yoast_head":"<!-- This site is optimized with the Yoast SEO plugin v26.5 - https:\/\/yoast.com\/wordpress\/plugins\/seo\/ -->\n<title>XVIII Semana Acad\u00eamica do curso de Engenharia de Explora\u00e7\u00e3o e Produ\u00e7\u00e3o de Petr\u00f3leo da UENF - UENF - Universidade Estadual do Norte Fluminense Darcy Ribeiro<\/title>\n<meta name=\"robots\" content=\"noindex, follow, max-snippet:-1, max-image-preview:large, max-video-preview:-1\" \/>\n<meta property=\"og:locale\" content=\"pt_BR\" \/>\n<meta property=\"og:type\" content=\"article\" \/>\n<meta property=\"og:title\" content=\"XVIII Semana Acad\u00eamica do curso de Engenharia de Explora\u00e7\u00e3o e Produ\u00e7\u00e3o de Petr\u00f3leo da UENF - UENF - Universidade Estadual do Norte Fluminense Darcy Ribeiro\" \/>\n<meta property=\"og:description\" content=\"Evento foi aberto na segunda-feira e prossegue at\u00e9 sexta-feira no\u00a0Campus\u00a0Carlos Alberto Dias em Maca\u00e9 A XVIII Semana Acad\u00eamica do curso de Engenharia de Explora\u00e7\u00e3o e Produ\u00e7\u00e3o de Petr\u00f3leo da UENF foi aberta na \u00faltima segunda-feira, 26\/08\/24, no Laborat\u00f3rio de Engenharia e Explora\u00e7\u00e3o de Petr\u00f3leo (LENEP), no Campus Carlos Alberto Dias da UENF, em Maca\u00e9. O [&hellip;]\" \/>\n<meta property=\"og:url\" content=\"https:\/\/portal1.uenf.br\/portal\/noticias\/xviii-semana-academica-do-curso-de-engenharia-de-exploracao-e-producao-de-petroleo-da-uenf\/\" \/>\n<meta property=\"og:site_name\" content=\"UENF - Universidade Estadual do Norte Fluminense Darcy Ribeiro\" \/>\n<meta property=\"article:published_time\" content=\"2024-08-28T18:00:11+00:00\" \/>\n<meta property=\"og:image\" content=\"https:\/\/uenf.br\/portal\/wp-content\/uploads\/2024\/08\/engep2024-3-400x267.jpg\" \/>\n<meta name=\"author\" content=\"admin\" \/>\n<meta name=\"twitter:card\" content=\"summary_large_image\" \/>\n<meta name=\"twitter:label1\" content=\"Escrito por\" \/>\n\t<meta name=\"twitter:data1\" content=\"admin\" \/>\n\t<meta name=\"twitter:label2\" content=\"Est. tempo de leitura\" \/>\n\t<meta name=\"twitter:data2\" content=\"3 minutos\" \/>\n<script type=\"application\/ld+json\" class=\"yoast-schema-graph\">{\"@context\":\"https:\/\/schema.org\",\"@graph\":[{\"@type\":\"Article\",\"@id\":\"https:\/\/portal1.uenf.br\/portal\/noticias\/xviii-semana-academica-do-curso-de-engenharia-de-exploracao-e-producao-de-petroleo-da-uenf\/#article\",\"isPartOf\":{\"@id\":\"https:\/\/portal1.uenf.br\/portal\/noticias\/xviii-semana-academica-do-curso-de-engenharia-de-exploracao-e-producao-de-petroleo-da-uenf\/\"},\"author\":{\"name\":\"admin\",\"@id\":\"https:\/\/portal1.uenf.br\/portal\/#\/schema\/person\/068abbf03b6f8478c845bc8ded9270c7\"},\"headline\":\"XVIII Semana Acad\u00eamica do curso de Engenharia de Explora\u00e7\u00e3o e Produ\u00e7\u00e3o de Petr\u00f3leo da UENF\",\"datePublished\":\"2024-08-28T18:00:11+00:00\",\"mainEntityOfPage\":{\"@id\":\"https:\/\/portal1.uenf.br\/portal\/noticias\/xviii-semana-academica-do-curso-de-engenharia-de-exploracao-e-producao-de-petroleo-da-uenf\/\"},\"wordCount\":553,\"publisher\":{\"@id\":\"https:\/\/portal1.uenf.br\/portal\/#organization\"},\"image\":{\"@id\":\"https:\/\/portal1.uenf.br\/portal\/noticias\/xviii-semana-academica-do-curso-de-engenharia-de-exploracao-e-producao-de-petroleo-da-uenf\/#primaryimage\"},\"thumbnailUrl\":\"https:\/\/uenf.br\/portal\/wp-content\/uploads\/2024\/08\/engep2024-3-400x267.jpg\",\"articleSection\":[\"Not\u00edcias\"],\"inLanguage\":\"pt-BR\"},{\"@type\":\"WebPage\",\"@id\":\"https:\/\/portal1.uenf.br\/portal\/noticias\/xviii-semana-academica-do-curso-de-engenharia-de-exploracao-e-producao-de-petroleo-da-uenf\/\",\"url\":\"https:\/\/portal1.uenf.br\/portal\/noticias\/xviii-semana-academica-do-curso-de-engenharia-de-exploracao-e-producao-de-petroleo-da-uenf\/\",\"name\":\"XVIII Semana Acad\u00eamica do curso de Engenharia de Explora\u00e7\u00e3o e Produ\u00e7\u00e3o de Petr\u00f3leo da UENF - UENF - Universidade Estadual do Norte Fluminense Darcy Ribeiro\",\"isPartOf\":{\"@id\":\"https:\/\/portal1.uenf.br\/portal\/#website\"},\"primaryImageOfPage\":{\"@id\":\"https:\/\/portal1.uenf.br\/portal\/noticias\/xviii-semana-academica-do-curso-de-engenharia-de-exploracao-e-producao-de-petroleo-da-uenf\/#primaryimage\"},\"image\":{\"@id\":\"https:\/\/portal1.uenf.br\/portal\/noticias\/xviii-semana-academica-do-curso-de-engenharia-de-exploracao-e-producao-de-petroleo-da-uenf\/#primaryimage\"},\"thumbnailUrl\":\"https:\/\/uenf.br\/portal\/wp-content\/uploads\/2024\/08\/engep2024-3-400x267.jpg\",\"datePublished\":\"2024-08-28T18:00:11+00:00\",\"breadcrumb\":{\"@id\":\"https:\/\/portal1.uenf.br\/portal\/noticias\/xviii-semana-academica-do-curso-de-engenharia-de-exploracao-e-producao-de-petroleo-da-uenf\/#breadcrumb\"},\"inLanguage\":\"pt-BR\",\"potentialAction\":[{\"@type\":\"ReadAction\",\"target\":[\"https:\/\/portal1.uenf.br\/portal\/noticias\/xviii-semana-academica-do-curso-de-engenharia-de-exploracao-e-producao-de-petroleo-da-uenf\/\"]}]},{\"@type\":\"ImageObject\",\"inLanguage\":\"pt-BR\",\"@id\":\"https:\/\/portal1.uenf.br\/portal\/noticias\/xviii-semana-academica-do-curso-de-engenharia-de-exploracao-e-producao-de-petroleo-da-uenf\/#primaryimage\",\"url\":\"https:\/\/uenf.br\/portal\/wp-content\/uploads\/2024\/08\/engep2024-3-400x267.jpg\",\"contentUrl\":\"https:\/\/uenf.br\/portal\/wp-content\/uploads\/2024\/08\/engep2024-3-400x267.jpg\"},{\"@type\":\"BreadcrumbList\",\"@id\":\"https:\/\/portal1.uenf.br\/portal\/noticias\/xviii-semana-academica-do-curso-de-engenharia-de-exploracao-e-producao-de-petroleo-da-uenf\/#breadcrumb\",\"itemListElement\":[{\"@type\":\"ListItem\",\"position\":1,\"name\":\"In\u00edcio\",\"item\":\"https:\/\/portal1.uenf.br\/portal\/\"},{\"@type\":\"ListItem\",\"position\":2,\"name\":\"XVIII Semana Acad\u00eamica do curso de Engenharia de Explora\u00e7\u00e3o e Produ\u00e7\u00e3o de Petr\u00f3leo da UENF\"}]},{\"@type\":\"WebSite\",\"@id\":\"https:\/\/portal1.uenf.br\/portal\/#website\",\"url\":\"https:\/\/portal1.uenf.br\/portal\/\",\"name\":\"UENF - Universidade Estadual do Norte Fluminense Darcy Ribeiro\",\"description\":\"\",\"publisher\":{\"@id\":\"https:\/\/portal1.uenf.br\/portal\/#organization\"},\"potentialAction\":[{\"@type\":\"SearchAction\",\"target\":{\"@type\":\"EntryPoint\",\"urlTemplate\":\"https:\/\/portal1.uenf.br\/portal\/?s={search_term_string}\"},\"query-input\":{\"@type\":\"PropertyValueSpecification\",\"valueRequired\":true,\"valueName\":\"search_term_string\"}}],\"inLanguage\":\"pt-BR\"},{\"@type\":\"Organization\",\"@id\":\"https:\/\/portal1.uenf.br\/portal\/#organization\",\"name\":\"UENF - Universidade Estadual do Norte Fluminense Darcy Ribeiro\",\"url\":\"https:\/\/portal1.uenf.br\/portal\/\",\"logo\":{\"@type\":\"ImageObject\",\"inLanguage\":\"pt-BR\",\"@id\":\"https:\/\/portal1.uenf.br\/portal\/#\/schema\/logo\/image\/\",\"url\":\"https:\/\/portal1.uenf.br\/portal\/wp-content\/uploads\/2018\/06\/logo-uenf-invertido-1.png\",\"contentUrl\":\"https:\/\/portal1.uenf.br\/portal\/wp-content\/uploads\/2018\/06\/logo-uenf-invertido-1.png\",\"width\":482,\"height\":83,\"caption\":\"UENF - Universidade Estadual do Norte Fluminense Darcy Ribeiro\"},\"image\":{\"@id\":\"https:\/\/portal1.uenf.br\/portal\/#\/schema\/logo\/image\/\"}},{\"@type\":\"Person\",\"@id\":\"https:\/\/portal1.uenf.br\/portal\/#\/schema\/person\/068abbf03b6f8478c845bc8ded9270c7\",\"name\":\"admin\",\"image\":{\"@type\":\"ImageObject\",\"inLanguage\":\"pt-BR\",\"@id\":\"https:\/\/portal1.uenf.br\/portal\/#\/schema\/person\/image\/\",\"url\":\"https:\/\/secure.gravatar.com\/avatar\/e5ecf9e4fae0742f4b136f518195bafa7b2d3f7c709f4bdc6707588ef68a6e25?s=96&d=mm&r=g\",\"contentUrl\":\"https:\/\/secure.gravatar.com\/avatar\/e5ecf9e4fae0742f4b136f518195bafa7b2d3f7c709f4bdc6707588ef68a6e25?s=96&d=mm&r=g\",\"caption\":\"admin\"},\"sameAs\":[\"https:\/\/portal1.uenf.br\/portal\"],\"url\":\"https:\/\/portal1.uenf.br\/portal\/author\/edson\/\"}]}<\/script>\n<!-- \/ Yoast SEO plugin. -->","yoast_head_json":{"title":"XVIII Semana Acad\u00eamica do curso de Engenharia de Explora\u00e7\u00e3o e Produ\u00e7\u00e3o de Petr\u00f3leo da UENF - UENF - Universidade Estadual do Norte Fluminense Darcy Ribeiro","robots":{"index":"noindex","follow":"follow","max-snippet":"max-snippet:-1","max-image-preview":"max-image-preview:large","max-video-preview":"max-video-preview:-1"},"og_locale":"pt_BR","og_type":"article","og_title":"XVIII Semana Acad\u00eamica do curso de Engenharia de Explora\u00e7\u00e3o e Produ\u00e7\u00e3o de Petr\u00f3leo da UENF - UENF - Universidade Estadual do Norte Fluminense Darcy Ribeiro","og_description":"Evento foi aberto na segunda-feira e prossegue at\u00e9 sexta-feira no\u00a0Campus\u00a0Carlos Alberto Dias em Maca\u00e9 A XVIII Semana Acad\u00eamica do curso de Engenharia de Explora\u00e7\u00e3o e Produ\u00e7\u00e3o de Petr\u00f3leo da UENF foi aberta na \u00faltima segunda-feira, 26\/08\/24, no Laborat\u00f3rio de Engenharia e Explora\u00e7\u00e3o de Petr\u00f3leo (LENEP), no Campus Carlos Alberto Dias da UENF, em Maca\u00e9. O [&hellip;]","og_url":"https:\/\/portal1.uenf.br\/portal\/noticias\/xviii-semana-academica-do-curso-de-engenharia-de-exploracao-e-producao-de-petroleo-da-uenf\/","og_site_name":"UENF - Universidade Estadual do Norte Fluminense Darcy Ribeiro","article_published_time":"2024-08-28T18:00:11+00:00","og_image":[{"url":"https:\/\/uenf.br\/portal\/wp-content\/uploads\/2024\/08\/engep2024-3-400x267.jpg","type":"","width":"","height":""}],"author":"admin","twitter_card":"summary_large_image","twitter_misc":{"Escrito por":"admin","Est. tempo de leitura":"3 minutos"},"schema":{"@context":"https:\/\/schema.org","@graph":[{"@type":"Article","@id":"https:\/\/portal1.uenf.br\/portal\/noticias\/xviii-semana-academica-do-curso-de-engenharia-de-exploracao-e-producao-de-petroleo-da-uenf\/#article","isPartOf":{"@id":"https:\/\/portal1.uenf.br\/portal\/noticias\/xviii-semana-academica-do-curso-de-engenharia-de-exploracao-e-producao-de-petroleo-da-uenf\/"},"author":{"name":"admin","@id":"https:\/\/portal1.uenf.br\/portal\/#\/schema\/person\/068abbf03b6f8478c845bc8ded9270c7"},"headline":"XVIII Semana Acad\u00eamica do curso de Engenharia de Explora\u00e7\u00e3o e Produ\u00e7\u00e3o de Petr\u00f3leo da UENF","datePublished":"2024-08-28T18:00:11+00:00","mainEntityOfPage":{"@id":"https:\/\/portal1.uenf.br\/portal\/noticias\/xviii-semana-academica-do-curso-de-engenharia-de-exploracao-e-producao-de-petroleo-da-uenf\/"},"wordCount":553,"publisher":{"@id":"https:\/\/portal1.uenf.br\/portal\/#organization"},"image":{"@id":"https:\/\/portal1.uenf.br\/portal\/noticias\/xviii-semana-academica-do-curso-de-engenharia-de-exploracao-e-producao-de-petroleo-da-uenf\/#primaryimage"},"thumbnailUrl":"https:\/\/uenf.br\/portal\/wp-content\/uploads\/2024\/08\/engep2024-3-400x267.jpg","articleSection":["Not\u00edcias"],"inLanguage":"pt-BR"},{"@type":"WebPage","@id":"https:\/\/portal1.uenf.br\/portal\/noticias\/xviii-semana-academica-do-curso-de-engenharia-de-exploracao-e-producao-de-petroleo-da-uenf\/","url":"https:\/\/portal1.uenf.br\/portal\/noticias\/xviii-semana-academica-do-curso-de-engenharia-de-exploracao-e-producao-de-petroleo-da-uenf\/","name":"XVIII Semana Acad\u00eamica do curso de Engenharia de Explora\u00e7\u00e3o e Produ\u00e7\u00e3o de Petr\u00f3leo da UENF - UENF - Universidade Estadual do Norte Fluminense Darcy Ribeiro","isPartOf":{"@id":"https:\/\/portal1.uenf.br\/portal\/#website"},"primaryImageOfPage":{"@id":"https:\/\/portal1.uenf.br\/portal\/noticias\/xviii-semana-academica-do-curso-de-engenharia-de-exploracao-e-producao-de-petroleo-da-uenf\/#primaryimage"},"image":{"@id":"https:\/\/portal1.uenf.br\/portal\/noticias\/xviii-semana-academica-do-curso-de-engenharia-de-exploracao-e-producao-de-petroleo-da-uenf\/#primaryimage"},"thumbnailUrl":"https:\/\/uenf.br\/portal\/wp-content\/uploads\/2024\/08\/engep2024-3-400x267.jpg","datePublished":"2024-08-28T18:00:11+00:00","breadcrumb":{"@id":"https:\/\/portal1.uenf.br\/portal\/noticias\/xviii-semana-academica-do-curso-de-engenharia-de-exploracao-e-producao-de-petroleo-da-uenf\/#breadcrumb"},"inLanguage":"pt-BR","potentialAction":[{"@type":"ReadAction","target":["https:\/\/portal1.uenf.br\/portal\/noticias\/xviii-semana-academica-do-curso-de-engenharia-de-exploracao-e-producao-de-petroleo-da-uenf\/"]}]},{"@type":"ImageObject","inLanguage":"pt-BR","@id":"https:\/\/portal1.uenf.br\/portal\/noticias\/xviii-semana-academica-do-curso-de-engenharia-de-exploracao-e-producao-de-petroleo-da-uenf\/#primaryimage","url":"https:\/\/uenf.br\/portal\/wp-content\/uploads\/2024\/08\/engep2024-3-400x267.jpg","contentUrl":"https:\/\/uenf.br\/portal\/wp-content\/uploads\/2024\/08\/engep2024-3-400x267.jpg"},{"@type":"BreadcrumbList","@id":"https:\/\/portal1.uenf.br\/portal\/noticias\/xviii-semana-academica-do-curso-de-engenharia-de-exploracao-e-producao-de-petroleo-da-uenf\/#breadcrumb","itemListElement":[{"@type":"ListItem","position":1,"name":"In\u00edcio","item":"https:\/\/portal1.uenf.br\/portal\/"},{"@type":"ListItem","position":2,"name":"XVIII Semana Acad\u00eamica do curso de Engenharia de Explora\u00e7\u00e3o e Produ\u00e7\u00e3o de Petr\u00f3leo da UENF"}]},{"@type":"WebSite","@id":"https:\/\/portal1.uenf.br\/portal\/#website","url":"https:\/\/portal1.uenf.br\/portal\/","name":"UENF - Universidade Estadual do Norte Fluminense Darcy Ribeiro","description":"","publisher":{"@id":"https:\/\/portal1.uenf.br\/portal\/#organization"},"potentialAction":[{"@type":"SearchAction","target":{"@type":"EntryPoint","urlTemplate":"https:\/\/portal1.uenf.br\/portal\/?s={search_term_string}"},"query-input":{"@type":"PropertyValueSpecification","valueRequired":true,"valueName":"search_term_string"}}],"inLanguage":"pt-BR"},{"@type":"Organization","@id":"https:\/\/portal1.uenf.br\/portal\/#organization","name":"UENF - Universidade Estadual do Norte Fluminense Darcy Ribeiro","url":"https:\/\/portal1.uenf.br\/portal\/","logo":{"@type":"ImageObject","inLanguage":"pt-BR","@id":"https:\/\/portal1.uenf.br\/portal\/#\/schema\/logo\/image\/","url":"https:\/\/portal1.uenf.br\/portal\/wp-content\/uploads\/2018\/06\/logo-uenf-invertido-1.png","contentUrl":"https:\/\/portal1.uenf.br\/portal\/wp-content\/uploads\/2018\/06\/logo-uenf-invertido-1.png","width":482,"height":83,"caption":"UENF - Universidade Estadual do Norte Fluminense Darcy Ribeiro"},"image":{"@id":"https:\/\/portal1.uenf.br\/portal\/#\/schema\/logo\/image\/"}},{"@type":"Person","@id":"https:\/\/portal1.uenf.br\/portal\/#\/schema\/person\/068abbf03b6f8478c845bc8ded9270c7","name":"admin","image":{"@type":"ImageObject","inLanguage":"pt-BR","@id":"https:\/\/portal1.uenf.br\/portal\/#\/schema\/person\/image\/","url":"https:\/\/secure.gravatar.com\/avatar\/e5ecf9e4fae0742f4b136f518195bafa7b2d3f7c709f4bdc6707588ef68a6e25?s=96&d=mm&r=g","contentUrl":"https:\/\/secure.gravatar.com\/avatar\/e5ecf9e4fae0742f4b136f518195bafa7b2d3f7c709f4bdc6707588ef68a6e25?s=96&d=mm&r=g","caption":"admin"},"sameAs":["https:\/\/portal1.uenf.br\/portal"],"url":"https:\/\/portal1.uenf.br\/portal\/author\/edson\/"}]}},"_links":{"self":[{"href":"https:\/\/portal1.uenf.br\/portal\/wp-json\/wp\/v2\/posts\/27974","targetHints":{"allow":["GET"]}}],"collection":[{"href":"https:\/\/portal1.uenf.br\/portal\/wp-json\/wp\/v2\/posts"}],"about":[{"href":"https:\/\/portal1.uenf.br\/portal\/wp-json\/wp\/v2\/types\/post"}],"author":[{"embeddable":true,"href":"https:\/\/portal1.uenf.br\/portal\/wp-json\/wp\/v2\/users\/1"}],"replies":[{"embeddable":true,"href":"https:\/\/portal1.uenf.br\/portal\/wp-json\/wp\/v2\/comments?post=27974"}],"version-history":[{"count":0,"href":"https:\/\/portal1.uenf.br\/portal\/wp-json\/wp\/v2\/posts\/27974\/revisions"}],"wp:attachment":[{"href":"https:\/\/portal1.uenf.br\/portal\/wp-json\/wp\/v2\/media?parent=27974"}],"wp:term":[{"taxonomy":"category","embeddable":true,"href":"https:\/\/portal1.uenf.br\/portal\/wp-json\/wp\/v2\/categories?post=27974"},{"taxonomy":"post_tag","embeddable":true,"href":"https:\/\/portal1.uenf.br\/portal\/wp-json\/wp\/v2\/tags?post=27974"}],"curies":[{"name":"wp","href":"https:\/\/api.w.org\/{rel}","templated":true}]}}