{"id":27772,"date":"2024-08-17T17:18:14","date_gmt":"2024-08-17T20:18:14","guid":{"rendered":"https:\/\/uenf.br\/portal\/?p=27772"},"modified":"2024-08-17T17:18:14","modified_gmt":"2024-08-17T20:18:14","slug":"uenf-completa-31-anos-de-existencia","status":"publish","type":"post","link":"https:\/\/portal1.uenf.br\/portal\/noticias\/uenf-completa-31-anos-de-existencia\/","title":{"rendered":"UENF completa 31 anos de exist\u00eancia"},"content":{"rendered":"<p>Com um discurso cativante, emocionado e po\u00e9tico, a professora Arlete Parrilha Sendra foi o grande destaque do anivers\u00e1rio da UENF na \u00faltima sexta-feira, 16\/08\/24. A um m\u00eas de completar 90 anos de idade \u2014 dos quais 30 dedicados \u00e0 Universidade \u2014 Arlete recebeu o t\u00edtulo de Professora Em\u00e9rita da UENF durante a Sess\u00e3o Solene do Conselho Universit\u00e1rio (CONSUNI), que tamb\u00e9m homenageou servidores ativos e aposentados e concedeu a Medalha Darcy Ribeiro ao presidente da Funda\u00e7\u00e3o Carlos Chagas Filho de Amparo \u00e0 Pesquisa do Estado do Rio de Janeiro (Faperj), J\u00e9rson Lima da Silva.<\/p>\n<p>Amigo de longa data de Arlete, o professor Marcelo Gantos, do Centro de Ci\u00eancias do Homem da UENF (CCH), fez a apresenta\u00e7\u00e3o da professora, ressaltando sua trajet\u00f3ria pessoal, desde o nascimento em Cambuci (RJ), passando pelo ingresso como t\u00e9cnica da UENF em 1994, o doutorado em 1997 e, posteriormente, o concurso que a tornou docente da UENF. Lembrou ainda o p\u00f3s-doutorado em 2001 na Espanha, onde estiveram juntos, bem como sua inser\u00e7\u00e3o, recentemente, na \u00e1rea de dramaturgia.<\/p>\n<p>\u2014 Arlete contribuiu ativamente no per\u00edodo fundacional da UENF, estabelecendo uma ponte important\u00edssima com a comunidade local, que se estende at\u00e9 hoje. Em sua vida profissional, ela esteve sempre no magist\u00e9rio, motivada pela busca de excel\u00eancia e inova\u00e7\u00e3o nas pr\u00e1ticas educativas. Tem sido respons\u00e1vel pela forma\u00e7\u00e3o de v\u00e1rias gera\u00e7\u00f5es de campistas \u2014 afirmou.<\/p>\n<p>&nbsp;<\/p>\n<figure id=\"attachment_27794\" aria-describedby=\"caption-attachment-27794\" style=\"width: 759px\" class=\"wp-caption aligncenter\"><img fetchpriority=\"high\" decoding=\"async\" class=\"wp-image-27794\" src=\"https:\/\/uenf.br\/portal\/wp-content\/uploads\/2024\/08\/0N5A2463-400x267.jpg\" alt=\"\" width=\"759\" height=\"507\" \/><figcaption id=\"caption-attachment-27794\" class=\"wp-caption-text\">A reitora da UENF, Rosana Rodrigues, entregou o t\u00edtulo de Professora Em\u00e9rita \u00e0 professora Arlete Sendra<\/figcaption><\/figure>\n<p>&nbsp;<\/p>\n<p>Em seu discurso, Arlete lembrou de sua inf\u00e2ncia em Cambuci: o casar\u00e3o da av\u00f3, os carros de boi, a cachoeira e o &#8220;val\u00e3o da saudade&#8221; \u2014 cheio de pedras com limo onde, apesar dos escorreg\u00f5es e machucados nas pernas, ela sempre voltava.<\/p>\n<p>\u2014 Eu sabia que tinha que voltar e dominar aquilo. As \u00e1guas davam para outra cachoeira e eu dizia: \u00e9 por essas \u00e1guas que vou navegar. Eu me importava com o destino das \u00e1guas, eu queria segui-las e eu as persegui, vim pelo Rio Para\u00edba e cheguei a Campos, que me acolheu. Como devo a Campos esse acolhimento, esse abra\u00e7o que hoje me envolve! \u2014 disse.<\/p>\n<p>Com espirituosidade, Arlete lembrou a estranheza que causou aos colegas da Universidade de Salamanca, ao iniciar o p\u00f3s-doutorado com a idade de 70 anos.\u00a0 Ela contou que n\u00e3o pensou duas vezes quando recebeu o convite de seu orientador de doutorado, o professor Gilberto Mendon\u00e7a Teles, para a vaga de p\u00f3s-doutorado no exterior.<\/p>\n<p>\u2014 Desconstruindo a cultura que nos rege, aos 63 anos terminei meu doutorado. E foi nesse momento, quando terminei e fui fazer o concurso para docente da UENF, que percebi a perversidade da cultura que chama as pessoas idosas de velhos. Mas por que velhos? N\u00e3o somos velhos pela idade, n\u00e3o \u00e9 a idade que nos envelhece. O que nos envelhece \u00e9 a nossa mente. Ent\u00e3o, naquele momento eu me autobiografei. Ai eu disse assim: &#8220;<em>N\u00e3o me perguntem quantos anos tenho, n\u00e3o me perguntem quantos anos fa\u00e7o. Meus caminhos come\u00e7am al\u00e9m da margem de l\u00e1, depois da curva do rio, entre pedras e cachoeiras. Que n\u00e3o lhes impressione a cor gasta de meus cabelos, nem os meus olhos fundos, profundos,\u00a0 e a pele que em rugas guarda os segredos que vivi. N\u00e3o me perguntem quantos anos fa\u00e7o. Perguntem que can\u00e7\u00f5es canto, que poemas leio, que hist\u00f3rias escrevo. Perguntem quem se aquece em meu abra\u00e7o, quem se alimenta de meus beijos e se acolhe nas minhas m\u00e3os cansadas. Perguntem pelos portos que me aguardam, pelas emo\u00e7\u00f5es que vivo, pelos horizontes que ja ultrapassei. E, quando me virem caminhando assim,\u00a0 entre sil\u00eancios e pensares, olhar distante numa falsa distra\u00e7\u00e3o, apontem-me como algu\u00e9m que ama, luta, sonha, espera e cr\u00ea. Ent\u00e3o, s\u00f3 ent\u00e3o,\u00a0 digam: a\u00ed vai uma jovem. Para quem todo amanhecer inaugura algo. E que acredita que, enquanto houver vida, n\u00e3o haver\u00e1 ponto final<\/em>&#8220;.<\/p>\n<p>&nbsp;<\/p>\n<p><strong>Homenagens a servidores<br \/>\n<\/strong><\/p>\n<figure id=\"attachment_27795\" aria-describedby=\"caption-attachment-27795\" style=\"width: 601px\" class=\"wp-caption aligncenter\"><img decoding=\"async\" class=\"wp-image-27795\" src=\"https:\/\/uenf.br\/portal\/wp-content\/uploads\/2024\/08\/0N5A1949-400x267.jpg\" alt=\"\" width=\"601\" height=\"401\" \/><figcaption id=\"caption-attachment-27795\" class=\"wp-caption-text\">A Orquestra Sinf\u00f4nica Mariuccia Iacovino fez a abertura da cerim\u00f4nia do Conselho Universit\u00e1rio<\/figcaption><\/figure>\n<p>&nbsp;<\/p>\n<p>A Sess\u00e3o Solene foi iniciada com a apresenta\u00e7\u00e3o da Orquestra Sinf\u00f4nica Mariuccia Iacovino, n\u00facleo central da Orquestrando a Vida. Em seguida, foram chamados \u00e0 mesa a reitora da UENF, Rosana Rodrigues; o vice-reitor, F\u00e1bio Lopes Olivares; o pr\u00f3-reitor de Gradua\u00e7\u00e3o, Juraci Aparecido Sampaio; a pr\u00f3-reitora de Pesquisa e P\u00f3s-Gradua\u00e7\u00e3o, Maria Cristina Canela; a pr\u00f3-reitora de Extens\u00e3o, Deborah Guerra Barroso; e o pr\u00f3-reitor de Assuntos Comunit\u00e1rios, Milton Masahiko Kanashiro.<\/p>\n<p>Representando os docentes do CONSUNI, a professora Georgiana Feitosa da Cruz, do Laborat\u00f3rio de Explora\u00e7\u00e3o e Produ\u00e7\u00e3o de Petr\u00f3leo (LENEP), saudou os presentes. Tamb\u00e9m proferiram discursos de sauda\u00e7\u00e3o o t\u00e9cnico Paulo C\u00e9sar\u00a0 Paes Fernandes, do Sintuperj, em nome dos servidores t\u00e9cnico-administrativos da Universidade, e a estudante Emanuelle de Paula Ferreira, do Diret\u00f3rio Central dos Estudantes (DCE), representando o corpo discente da UENF.<\/p>\n<p>Em seguida, foram feitas homenagens aos servidores que se aposentaram no \u00faltimo ano: Ercely Dutra da Silva,\u00a0 Ronaldo Pinheiro da Rocha Paranhos e S\u00e9rgio Xavier Manh\u00e3es, bem como a t\u00e9cnicos e docentes de cada Centro, Reitoria e Diretoria Geral Administrativa (DGA).<\/p>\n<p>Pelo Centro de Bioci\u00eancias e Biotecnologia (CBB), foram homenageados os servidores Maura da Cunha (docente) e Rog\u00e9ria de Souza Pinheiro (t\u00e9cnica); pelo Centro de Ci\u00eancias do Homem (CCH), a professora Denise Cunha Tavares (docente) e Alcemir Marques Barreto (t\u00e9cnico); pelo Centro de Ci\u00eancia e Tecnologia (CCT), Jonas Alexandre (docente) e Jos\u00e9 Fernando Abreu Almeida (t\u00e9cnico), e pelo Centro de Ci\u00eancias e Tecnologias Agropecu\u00e1rias (CCTA), Rosana Rodrigues (docente) e Leandro Espanhol (t\u00e9cnico). Pela Reitoria, foram homenageados Juraci Aparecido Sampaio (docente) e Ana Cristina Oliveira da Rocha Pessanha (t\u00e9cnica); e pela DGA, a t\u00e9cnica Eliane do Esp\u00edrito Santo Dias de Freitas.<\/p>\n<p><strong>Medalha Darcy Ribeiro<\/strong><\/p>\n<figure id=\"attachment_27796\" aria-describedby=\"caption-attachment-27796\" style=\"width: 571px\" class=\"wp-caption aligncenter\"><img decoding=\"async\" class=\"wp-image-27796\" src=\"https:\/\/uenf.br\/portal\/wp-content\/uploads\/2024\/08\/IMG_8611-400x267.jpg\" alt=\"\" width=\"571\" height=\"381\" \/><figcaption id=\"caption-attachment-27796\" class=\"wp-caption-text\">O presidente da FAPERJ, Jerson Lima, recebeu a medalha Darcy Ribeiro, principal comenda da UENF<\/figcaption><\/figure>\n<p>&nbsp;<\/p>\n<p>A pr\u00f3-reitora de Pesquisa e P\u00f3s-Gradua\u00e7\u00e3o da UENF, Maria Cristina Canela, apresentou o professor da Universidade Federal do Rio de Janeiro (UFRJ), J\u00e9rson Lima, presidente da Faperj, a quem o CONSUNI outorgou a Medalha Darcy Ribeiro. Maior honraria da UENF, a Medalha Darcy Ribeiro \u00e9 uma forma de reconhecer e homenagear aqueles que, por meio de suas a\u00e7\u00f5es e contribui\u00e7\u00f5es, t\u00eam promovido os valores e o legado de Darcy Ribeiro, idealizador da UENF, especialmente no que se refere \u00e0 valoriza\u00e7\u00e3o da educa\u00e7\u00e3o p\u00fablica e ao compromisso com o progresso social.<\/p>\n<p>\u2014 \u00c9 uma honra receber a Medalha Darcy Ribeiro. Estou muito grato por essa homenagem. Esta distin\u00e7\u00e3o carrega um significado profundo para mim, tanto pessoal quanto profissionalmente.\u00a0 Parabenizo toda a comunidade da UENF, que \u00e9 um imenso orgulho para o Estado do Rio de Janeiro e para o Brazil e que hoje completa 31 anos de exist\u00eancia. Receber essa distin\u00e7\u00e3o que leva o nome de um dos maiores intelectuais brasileiros, antrop\u00f3logo e soci\u00f3logo, \u00e9 sem d\u00favida um dos pontos altos da minha carreira \u2014 disse o presidente da Faperj.<\/p>\n<p><strong>Hist\u00f3ria da Universidade<\/strong><\/p>\n<figure id=\"attachment_27797\" aria-describedby=\"caption-attachment-27797\" style=\"width: 614px\" class=\"wp-caption alignleft\"><img loading=\"lazy\" decoding=\"async\" class=\"wp-image-27797\" src=\"https:\/\/uenf.br\/portal\/wp-content\/uploads\/2024\/08\/IMG_8648-400x267.jpg\" alt=\"\" width=\"614\" height=\"410\" \/><figcaption id=\"caption-attachment-27797\" class=\"wp-caption-text\">O vice-reitor F\u00e1bio Lopes Olivares ressaltou a import\u00e2ncia da UENF no desenvolvimento regional<\/figcaption><\/figure>\n<p>O vice-reitor da UENF, F\u00e1bio Lopes Olivares, tra\u00e7ou um panorama hist\u00f3rico da Universidade. Lembrou que a cria\u00e7\u00e3o da UENF teve um processo muito peculiar, amparado em uma demanda popular e alicer\u00e7ado pela vinda de grupos de pesquisa consolidados, oriundos de institui\u00e7\u00f5es nacionais e estrangeiras.\u00a0 Ressaltou que o modelo de gest\u00e3o preconizado por Darcy\u00a0 \u2014 que separava as atividades-meio das atividades final\u00edsticas, com as atividades administrativas a cargo da Fenorte \u2014 n\u00e3o foi \u00e0 frente, fazendo com que a UENF tivesse que caminhar sozinha.<\/p>\n<p>Segundo o vice-reitor, a primeira d\u00e9cada da UENF foi marcada por dois grandes concursos, a luta pela conquista da autonomia administrativa e a primeira gest\u00e3o de um reitor eleito. Na segunda d\u00e9cada, ocorre a expans\u00e3o da oferta de cursos de gradua\u00e7\u00e3o e p\u00f3s-gradua\u00e7\u00e3o, a consolida\u00e7\u00e3o de novos grupos de pesquisa, a consagra\u00e7\u00e3o dos programas de inicia\u00e7\u00e3o cient\u00edfica e a expans\u00e3o da infraestrutura\u00a0 f\u00edsica da Universidade. J\u00e1 a terceira d\u00e9cada se destaca pelos avan\u00e7os significativos na extens\u00e3o universit\u00e1ria, nas iniciativas de cultura e arte, no estabelecimento de pol\u00edticas robustas de assist\u00eancia e perman\u00eancia estudantil e na constru\u00e7\u00e3o e maturidade para a convers\u00e3o de pesquisas em produtos, processos e pol\u00edticas p\u00fablicas moldadas pela cultura da inova\u00e7\u00e3o e empreendedorismo, apesar da profunda crise financeira e do per\u00edodo pand\u00eamico.<\/p>\n<p>\u2014 Iniciamos recentemente a quarta d\u00e9cada de exist\u00eancia da UENF instrumentalizados para o exerc\u00edcio pleno da indissociabilidade do ensino, pesquisa e extens\u00e3o e colocados\u00a0 diante de desafios contempor\u00e2neos \u2014 disse.<\/p>\n<p>Em seu discurso, a reitora Rosana Rodrigues afirmou que, a cada anivers\u00e1rio, a UENF se consolida na hist\u00f3ria como uma universidade contempor\u00e2nea, afinada com o que h\u00e1 de mais significativo e fundamental para o progresso educacional e cient\u00edfico, valorizando o desenvolvimento social, econ\u00f4mico e ambiental.<\/p>\n<p>\u2014\u00a0 Ao longo deste per\u00edodo, a UENF se consolidou como uma institui\u00e7\u00e3o de excel\u00eancia, marcada por um compromisso inabal\u00e1vel\u00a0 com a qualidade do ensino, da pesquisa, da extens\u00e3o e com a inova\u00e7\u00e3o.\u00a0 Norteada pelos ideais de Darcy Ribeiro, a UENF se destacou por ser um modelo pioneiro de\u00a0 ensino e pesquisa integrados que rapidamente a posicionou entre as melhores do pa\u00eds e da Am\u00e9rica Latina. Hoje, com a nota 5 no \u00cdndice Geral de Cursos do MEC,\u00a0 estamos entre as 15 melhores universidades do pa\u00eds e entre as 100 melhores da Am\u00e9rica Latina \u2014 afirmou.<\/p>\n<figure id=\"attachment_27798\" aria-describedby=\"caption-attachment-27798\" style=\"width: 590px\" class=\"wp-caption alignright\"><img loading=\"lazy\" decoding=\"async\" class=\"wp-image-27798\" src=\"https:\/\/uenf.br\/portal\/wp-content\/uploads\/2024\/08\/IMG_2931-400x267.jpg\" alt=\"\" width=\"590\" height=\"394\" \/><figcaption id=\"caption-attachment-27798\" class=\"wp-caption-text\">A reitora da UENF, Rosana Rodrigues, destacou o comprometimento dos servidores e alunos como base para a consolida\u00e7\u00e3o da Universidade<\/figcaption><\/figure>\n<p>A reitora destacou que o sonho dos fundadores da UENF (Darcy, Brizola e Niemeyer), atendendo a um apelo dos campistas, se traduz hoje no futuro dos estudantes matriculados nos 20 cursos de gradua\u00e7\u00e3o e 16 programas de p\u00f3s-gradua\u00e7\u00e3o, bem como dos bolsistas dos 180 projetos de extens\u00e3o financiados pela Faperj. No entanto, muitos foram e continuam sendo os desafios enfrentados. No in\u00edcio, um desafio foi a pr\u00f3pria constru\u00e7\u00e3o dos pr\u00e9dios, bem como a forma\u00e7\u00e3o das primeiras equipes dos laborat\u00f3rios, o credenciamento dos primeiros cursos e a desvincula\u00e7\u00e3o definitiva da Fenorte.<\/p>\n<p>\u2014 Mais recentemente, tivemos outros desafios, como as restri\u00e7\u00f5es or\u00e7ament\u00e1rias e a falta de investimento em educa\u00e7\u00e3o, ci\u00eancia e tecnologia. Outro desafio foi a ades\u00e3o ao Pacto de Recupera\u00e7\u00e3o Fiscal, usado hoje como um escudo, por exemplo, para a n\u00e3o aprova\u00e7\u00e3o imediata do nosso Plano de Cargos e Vencimentos (PCV). Todos esses desafios foram, est\u00e3o sendo e ser\u00e3o vencidos em nome dessa universidade pujante, inovadora, transformadora e comprometida com pautas estrat\u00e9gicas e com o nosso desenvolvimento estadual \u2014 afirmou Rosana, lembrando que hoje a UENF possui dois <em>campi<\/em>, cinco bases avan\u00e7adas de pesquisa e est\u00e1 em 15 municipios em parceria com o Cederj. S\u00e3o mais de 10 mil profissionais formados e em torno de 5 mil teses defendidas.<\/p>\n<p><strong>Depoimentos<\/strong><\/p>\n<p>A Sess\u00e3o Solene do CONSUNI pelos 31 anos da UENF teve a participa\u00e7\u00e3o de representantes de diversas institui\u00e7\u00f5es. Um deles foi o reitor do IFF, Victor Saraiva, que destacou a transforma\u00e7\u00e3o que a chegada da UENF trouxe para a cidade de Campos e para a regi\u00e3o.<\/p>\n<p>\u2014 A UENF \u00e9 uma institui\u00e7\u00e3o que atende \u00e0 comunidade com ensino de qualidade e projetos de extens\u00e3o. Esperamos que a UENF tenha muitos mais anos de sucesso em Campos e regi\u00e3o \u2014 afirmou.<\/p>\n<p>A diretora da UFF Campos, Ana Costa, tamb\u00e9m presente \u00e0 cerim\u00f4nia, citou a UENF como refer\u00eancia em ensino, pesquisa e extens\u00e3o na regi\u00e3o.<\/p>\n<p>\u2014 A UENF, o IFF e a UFF transformaram a realidade de Campos e regi\u00e3o com projetos democr\u00e1ticos e populares que, por meio da educa\u00e7\u00e3o, resultaram em mudan\u00e7as para a classe trabalhadora \u2014 considera Ana.<\/p>\n<p>O presidente da Faperj, Jerson Lima da Silva, que foi agraciado com a Medalha Darcy Ribeiro, afirmou que Darcy foi uma figura emblem\u00e1tica, que ensinou o valor da Educa\u00e7\u00e3o e da atividade humana.<\/p>\n<p>\u2014 Darcy me inspirou a construir um novo Brasil forjado pelo conhecimento, ci\u00eancia e educa\u00e7\u00e3o. Agrade\u00e7o \u00e0 UENF, a meus mestres e meus alunos por esta medalha. Lembro quando o professor Wanderley de Souza me convidou a ministrar uma palestra na UENF. Meu caminho sempre esteve entrela\u00e7ado com a UENF \u2014 conta Jerson, que foi prestigiado por diversos servidores da Faperj, aos quais agradeceu \u00e0 presen\u00e7a na cerim\u00f4nia.<\/p>\n<p>A professora em\u00e9rita da UENF, Arlete Parrilha Sendra, afirmou que a UENF \u00e9 um sonho de Campos, que teve suas sementes lan\u00e7adas por Brizola e Darcy para que o mundo esteja aqui, cres\u00e7a e se confraternize.<\/p>\n<p>\u2014 Eu queria estar aqui dentro. Fui fazer mestrado e doutorado. Entrei no mestrado com 57 anos e terminei meu doutorado aos 63 anos. Depois surgiu a oportunidade de fazer o doutorado na Europa. E fui para Salamanca, na Espanha, de onde vieram as Parrilhas. Eu j\u00e1 tinha 70 anos, as pessoas ficavam me olhando, mas eu fiz. Eu fiz assim mesmo. Sonhos s\u00e3o passaportes. E o sonho do Darcy passou a ser meu. O sonho de uma universidade que abra\u00e7asse a todos os saberes \u2014 disse Arlete.<\/p>\n<p>A reitora da UENF, Rosana Rodrigues, que est\u00e1 na UENF desde o seu in\u00edcio, lembrou que veio para a UENF quando ainda era uma estudante de doutorado e n\u00e3o saiu mais.<\/p>\n<p>\u2014 Naquela \u00e9poca, h\u00e1 31 anos, eu era uma estudante de doutorado que buscava um espa\u00e7o na academia. E a ideia do Darcy de mesclar pesquisadores s\u00eaniores, experientes em suas \u00e1reas, lideran\u00e7as, com jovens que almejavam uma vida acad\u00eamica me encantou. Eu entendia aquilo como uma oportunidade muito diferente do que existia no Brasil at\u00e9 ent\u00e3o. Aqui na UENF n\u00f3s fomos logo absorvidos e tratados como iguais por esses professores s\u00eaniores t\u00e3o renomados. Ent\u00e3o, a UENF est\u00e1 h\u00e1 31 anos construindo junto com seus servidores e estudantes um futuro melhor de uma forma inovadora, com desenvolvimentos social, ambiental e econ\u00f4mico, de uma forma sustent\u00e1vel e justa \u2014 afirmou.<\/p>\n<p>&nbsp;<\/p>\n<p>&nbsp;<\/p>\n<p>&nbsp;<\/p>\n<p>&nbsp;<\/p>\n<p>&nbsp;<\/p>\n<p>&nbsp;<\/p>\n<p>&nbsp;<\/p>\n<p>&nbsp;<\/p>\n<p>&nbsp;<\/p>\n<p>&nbsp;<\/p>\n<p>&nbsp;<\/p>\n<p>&nbsp;<\/p>\n<p>&nbsp;<\/p>\n<p>&nbsp;<\/p>\n<p>&nbsp;<\/p>\n<p>l\u00e7<\/p>\n","protected":false},"excerpt":{"rendered":"<p>Com um discurso cativante, emocionado e po\u00e9tico, a professora Arlete Parrilha Sendra foi o grande destaque do anivers\u00e1rio da UENF na \u00faltima sexta-feira, 16\/08\/24. A um m\u00eas de completar 90 anos de idade \u2014 dos quais 30 dedicados \u00e0 Universidade \u2014 Arlete recebeu o t\u00edtulo de Professora Em\u00e9rita da UENF durante a Sess\u00e3o Solene do [&hellip;]<\/p>\n","protected":false},"author":1,"featured_media":0,"comment_status":"closed","ping_status":"closed","sticky":false,"template":"","format":"standard","meta":{"_eb_attr":"","ocean_post_layout":"","ocean_both_sidebars_style":"","ocean_both_sidebars_content_width":0,"ocean_both_sidebars_sidebars_width":0,"ocean_sidebar":"","ocean_second_sidebar":"","ocean_disable_margins":"enable","ocean_add_body_class":"","ocean_shortcode_before_top_bar":"","ocean_shortcode_after_top_bar":"","ocean_shortcode_before_header":"","ocean_shortcode_after_header":"","ocean_has_shortcode":"","ocean_shortcode_after_title":"","ocean_shortcode_before_footer_widgets":"","ocean_shortcode_after_footer_widgets":"","ocean_shortcode_before_footer_bottom":"","ocean_shortcode_after_footer_bottom":"","ocean_display_top_bar":"default","ocean_display_header":"default","ocean_header_style":"","ocean_center_header_left_menu":"","ocean_custom_header_template":"","ocean_custom_logo":0,"ocean_custom_retina_logo":0,"ocean_custom_logo_max_width":0,"ocean_custom_logo_tablet_max_width":0,"ocean_custom_logo_mobile_max_width":0,"ocean_custom_logo_max_height":0,"ocean_custom_logo_tablet_max_height":0,"ocean_custom_logo_mobile_max_height":0,"ocean_header_custom_menu":"","ocean_menu_typo_font_family":"","ocean_menu_typo_font_subset":"","ocean_menu_typo_font_size":0,"ocean_menu_typo_font_size_tablet":0,"ocean_menu_typo_font_size_mobile":0,"ocean_menu_typo_font_size_unit":"px","ocean_menu_typo_font_weight":"","ocean_menu_typo_font_weight_tablet":"","ocean_menu_typo_font_weight_mobile":"","ocean_menu_typo_transform":"","ocean_menu_typo_transform_tablet":"","ocean_menu_typo_transform_mobile":"","ocean_menu_typo_line_height":0,"ocean_menu_typo_line_height_tablet":0,"ocean_menu_typo_line_height_mobile":0,"ocean_menu_typo_line_height_unit":"","ocean_menu_typo_spacing":0,"ocean_menu_typo_spacing_tablet":0,"ocean_menu_typo_spacing_mobile":0,"ocean_menu_typo_spacing_unit":"","ocean_menu_link_color":"","ocean_menu_link_color_hover":"","ocean_menu_link_color_active":"","ocean_menu_link_background":"","ocean_menu_link_hover_background":"","ocean_menu_link_active_background":"","ocean_menu_social_links_bg":"","ocean_menu_social_hover_links_bg":"","ocean_menu_social_links_color":"","ocean_menu_social_hover_links_color":"","ocean_disable_title":"default","ocean_disable_heading":"default","ocean_post_title":"","ocean_post_subheading":"","ocean_post_title_style":"","ocean_post_title_background_color":"","ocean_post_title_background":0,"ocean_post_title_bg_image_position":"","ocean_post_title_bg_image_attachment":"","ocean_post_title_bg_image_repeat":"","ocean_post_title_bg_image_size":"","ocean_post_title_height":0,"ocean_post_title_bg_overlay":0.5,"ocean_post_title_bg_overlay_color":"","ocean_disable_breadcrumbs":"default","ocean_breadcrumbs_color":"","ocean_breadcrumbs_separator_color":"","ocean_breadcrumbs_links_color":"","ocean_breadcrumbs_links_hover_color":"","ocean_display_footer_widgets":"default","ocean_display_footer_bottom":"default","ocean_custom_footer_template":"","ocean_post_oembed":"","ocean_post_self_hosted_media":"","ocean_post_video_embed":"","ocean_link_format":"","ocean_link_format_target":"self","ocean_quote_format":"","ocean_quote_format_link":"post","ocean_gallery_link_images":"on","ocean_gallery_id":[],"footnotes":""},"categories":[8],"tags":[],"class_list":["post-27772","post","type-post","status-publish","format-standard","hentry","category-noticias","entry"],"yoast_head":"<!-- This site is optimized with the Yoast SEO plugin v26.5 - https:\/\/yoast.com\/wordpress\/plugins\/seo\/ -->\n<title>UENF completa 31 anos de exist\u00eancia - UENF - Universidade Estadual do Norte Fluminense Darcy Ribeiro<\/title>\n<meta name=\"robots\" content=\"noindex, follow, max-snippet:-1, max-image-preview:large, max-video-preview:-1\" \/>\n<meta property=\"og:locale\" content=\"pt_BR\" \/>\n<meta property=\"og:type\" content=\"article\" \/>\n<meta property=\"og:title\" content=\"UENF completa 31 anos de exist\u00eancia - UENF - Universidade Estadual do Norte Fluminense Darcy Ribeiro\" \/>\n<meta property=\"og:description\" content=\"Com um discurso cativante, emocionado e po\u00e9tico, a professora Arlete Parrilha Sendra foi o grande destaque do anivers\u00e1rio da UENF na \u00faltima sexta-feira, 16\/08\/24. A um m\u00eas de completar 90 anos de idade \u2014 dos quais 30 dedicados \u00e0 Universidade \u2014 Arlete recebeu o t\u00edtulo de Professora Em\u00e9rita da UENF durante a Sess\u00e3o Solene do [&hellip;]\" \/>\n<meta property=\"og:url\" content=\"https:\/\/portal1.uenf.br\/portal\/noticias\/uenf-completa-31-anos-de-existencia\/\" \/>\n<meta property=\"og:site_name\" content=\"UENF - Universidade Estadual do Norte Fluminense Darcy Ribeiro\" \/>\n<meta property=\"article:published_time\" content=\"2024-08-17T20:18:14+00:00\" \/>\n<meta property=\"og:image\" content=\"https:\/\/uenf.br\/portal\/wp-content\/uploads\/2024\/08\/0N5A2463-400x267.jpg\" \/>\n<meta name=\"author\" content=\"admin\" \/>\n<meta name=\"twitter:card\" content=\"summary_large_image\" \/>\n<meta name=\"twitter:label1\" content=\"Escrito por\" \/>\n\t<meta name=\"twitter:data1\" content=\"admin\" \/>\n\t<meta name=\"twitter:label2\" content=\"Est. tempo de leitura\" \/>\n\t<meta name=\"twitter:data2\" content=\"12 minutos\" \/>\n<script type=\"application\/ld+json\" class=\"yoast-schema-graph\">{\"@context\":\"https:\/\/schema.org\",\"@graph\":[{\"@type\":\"Article\",\"@id\":\"https:\/\/portal1.uenf.br\/portal\/noticias\/uenf-completa-31-anos-de-existencia\/#article\",\"isPartOf\":{\"@id\":\"https:\/\/portal1.uenf.br\/portal\/noticias\/uenf-completa-31-anos-de-existencia\/\"},\"author\":{\"name\":\"admin\",\"@id\":\"https:\/\/portal1.uenf.br\/portal\/#\/schema\/person\/068abbf03b6f8478c845bc8ded9270c7\"},\"headline\":\"UENF completa 31 anos de exist\u00eancia\",\"datePublished\":\"2024-08-17T20:18:14+00:00\",\"mainEntityOfPage\":{\"@id\":\"https:\/\/portal1.uenf.br\/portal\/noticias\/uenf-completa-31-anos-de-existencia\/\"},\"wordCount\":2477,\"publisher\":{\"@id\":\"https:\/\/portal1.uenf.br\/portal\/#organization\"},\"image\":{\"@id\":\"https:\/\/portal1.uenf.br\/portal\/noticias\/uenf-completa-31-anos-de-existencia\/#primaryimage\"},\"thumbnailUrl\":\"https:\/\/uenf.br\/portal\/wp-content\/uploads\/2024\/08\/0N5A2463-400x267.jpg\",\"articleSection\":[\"Not\u00edcias\"],\"inLanguage\":\"pt-BR\"},{\"@type\":\"WebPage\",\"@id\":\"https:\/\/portal1.uenf.br\/portal\/noticias\/uenf-completa-31-anos-de-existencia\/\",\"url\":\"https:\/\/portal1.uenf.br\/portal\/noticias\/uenf-completa-31-anos-de-existencia\/\",\"name\":\"UENF completa 31 anos de exist\u00eancia - UENF - Universidade Estadual do Norte Fluminense Darcy Ribeiro\",\"isPartOf\":{\"@id\":\"https:\/\/portal1.uenf.br\/portal\/#website\"},\"primaryImageOfPage\":{\"@id\":\"https:\/\/portal1.uenf.br\/portal\/noticias\/uenf-completa-31-anos-de-existencia\/#primaryimage\"},\"image\":{\"@id\":\"https:\/\/portal1.uenf.br\/portal\/noticias\/uenf-completa-31-anos-de-existencia\/#primaryimage\"},\"thumbnailUrl\":\"https:\/\/uenf.br\/portal\/wp-content\/uploads\/2024\/08\/0N5A2463-400x267.jpg\",\"datePublished\":\"2024-08-17T20:18:14+00:00\",\"breadcrumb\":{\"@id\":\"https:\/\/portal1.uenf.br\/portal\/noticias\/uenf-completa-31-anos-de-existencia\/#breadcrumb\"},\"inLanguage\":\"pt-BR\",\"potentialAction\":[{\"@type\":\"ReadAction\",\"target\":[\"https:\/\/portal1.uenf.br\/portal\/noticias\/uenf-completa-31-anos-de-existencia\/\"]}]},{\"@type\":\"ImageObject\",\"inLanguage\":\"pt-BR\",\"@id\":\"https:\/\/portal1.uenf.br\/portal\/noticias\/uenf-completa-31-anos-de-existencia\/#primaryimage\",\"url\":\"https:\/\/uenf.br\/portal\/wp-content\/uploads\/2024\/08\/0N5A2463-400x267.jpg\",\"contentUrl\":\"https:\/\/uenf.br\/portal\/wp-content\/uploads\/2024\/08\/0N5A2463-400x267.jpg\"},{\"@type\":\"BreadcrumbList\",\"@id\":\"https:\/\/portal1.uenf.br\/portal\/noticias\/uenf-completa-31-anos-de-existencia\/#breadcrumb\",\"itemListElement\":[{\"@type\":\"ListItem\",\"position\":1,\"name\":\"In\u00edcio\",\"item\":\"https:\/\/portal1.uenf.br\/portal\/\"},{\"@type\":\"ListItem\",\"position\":2,\"name\":\"UENF completa 31 anos de exist\u00eancia\"}]},{\"@type\":\"WebSite\",\"@id\":\"https:\/\/portal1.uenf.br\/portal\/#website\",\"url\":\"https:\/\/portal1.uenf.br\/portal\/\",\"name\":\"UENF - Universidade Estadual do Norte Fluminense Darcy Ribeiro\",\"description\":\"\",\"publisher\":{\"@id\":\"https:\/\/portal1.uenf.br\/portal\/#organization\"},\"potentialAction\":[{\"@type\":\"SearchAction\",\"target\":{\"@type\":\"EntryPoint\",\"urlTemplate\":\"https:\/\/portal1.uenf.br\/portal\/?s={search_term_string}\"},\"query-input\":{\"@type\":\"PropertyValueSpecification\",\"valueRequired\":true,\"valueName\":\"search_term_string\"}}],\"inLanguage\":\"pt-BR\"},{\"@type\":\"Organization\",\"@id\":\"https:\/\/portal1.uenf.br\/portal\/#organization\",\"name\":\"UENF - Universidade Estadual do Norte Fluminense Darcy Ribeiro\",\"url\":\"https:\/\/portal1.uenf.br\/portal\/\",\"logo\":{\"@type\":\"ImageObject\",\"inLanguage\":\"pt-BR\",\"@id\":\"https:\/\/portal1.uenf.br\/portal\/#\/schema\/logo\/image\/\",\"url\":\"https:\/\/portal1.uenf.br\/portal\/wp-content\/uploads\/2018\/06\/logo-uenf-invertido-1.png\",\"contentUrl\":\"https:\/\/portal1.uenf.br\/portal\/wp-content\/uploads\/2018\/06\/logo-uenf-invertido-1.png\",\"width\":482,\"height\":83,\"caption\":\"UENF - Universidade Estadual do Norte Fluminense Darcy Ribeiro\"},\"image\":{\"@id\":\"https:\/\/portal1.uenf.br\/portal\/#\/schema\/logo\/image\/\"}},{\"@type\":\"Person\",\"@id\":\"https:\/\/portal1.uenf.br\/portal\/#\/schema\/person\/068abbf03b6f8478c845bc8ded9270c7\",\"name\":\"admin\",\"image\":{\"@type\":\"ImageObject\",\"inLanguage\":\"pt-BR\",\"@id\":\"https:\/\/portal1.uenf.br\/portal\/#\/schema\/person\/image\/\",\"url\":\"https:\/\/secure.gravatar.com\/avatar\/e5ecf9e4fae0742f4b136f518195bafa7b2d3f7c709f4bdc6707588ef68a6e25?s=96&d=mm&r=g\",\"contentUrl\":\"https:\/\/secure.gravatar.com\/avatar\/e5ecf9e4fae0742f4b136f518195bafa7b2d3f7c709f4bdc6707588ef68a6e25?s=96&d=mm&r=g\",\"caption\":\"admin\"},\"sameAs\":[\"https:\/\/portal1.uenf.br\/portal\"],\"url\":\"https:\/\/portal1.uenf.br\/portal\/author\/edson\/\"}]}<\/script>\n<!-- \/ Yoast SEO plugin. -->","yoast_head_json":{"title":"UENF completa 31 anos de exist\u00eancia - UENF - Universidade Estadual do Norte Fluminense Darcy Ribeiro","robots":{"index":"noindex","follow":"follow","max-snippet":"max-snippet:-1","max-image-preview":"max-image-preview:large","max-video-preview":"max-video-preview:-1"},"og_locale":"pt_BR","og_type":"article","og_title":"UENF completa 31 anos de exist\u00eancia - UENF - Universidade Estadual do Norte Fluminense Darcy Ribeiro","og_description":"Com um discurso cativante, emocionado e po\u00e9tico, a professora Arlete Parrilha Sendra foi o grande destaque do anivers\u00e1rio da UENF na \u00faltima sexta-feira, 16\/08\/24. A um m\u00eas de completar 90 anos de idade \u2014 dos quais 30 dedicados \u00e0 Universidade \u2014 Arlete recebeu o t\u00edtulo de Professora Em\u00e9rita da UENF durante a Sess\u00e3o Solene do [&hellip;]","og_url":"https:\/\/portal1.uenf.br\/portal\/noticias\/uenf-completa-31-anos-de-existencia\/","og_site_name":"UENF - Universidade Estadual do Norte Fluminense Darcy Ribeiro","article_published_time":"2024-08-17T20:18:14+00:00","og_image":[{"url":"https:\/\/uenf.br\/portal\/wp-content\/uploads\/2024\/08\/0N5A2463-400x267.jpg","type":"","width":"","height":""}],"author":"admin","twitter_card":"summary_large_image","twitter_misc":{"Escrito por":"admin","Est. tempo de leitura":"12 minutos"},"schema":{"@context":"https:\/\/schema.org","@graph":[{"@type":"Article","@id":"https:\/\/portal1.uenf.br\/portal\/noticias\/uenf-completa-31-anos-de-existencia\/#article","isPartOf":{"@id":"https:\/\/portal1.uenf.br\/portal\/noticias\/uenf-completa-31-anos-de-existencia\/"},"author":{"name":"admin","@id":"https:\/\/portal1.uenf.br\/portal\/#\/schema\/person\/068abbf03b6f8478c845bc8ded9270c7"},"headline":"UENF completa 31 anos de exist\u00eancia","datePublished":"2024-08-17T20:18:14+00:00","mainEntityOfPage":{"@id":"https:\/\/portal1.uenf.br\/portal\/noticias\/uenf-completa-31-anos-de-existencia\/"},"wordCount":2477,"publisher":{"@id":"https:\/\/portal1.uenf.br\/portal\/#organization"},"image":{"@id":"https:\/\/portal1.uenf.br\/portal\/noticias\/uenf-completa-31-anos-de-existencia\/#primaryimage"},"thumbnailUrl":"https:\/\/uenf.br\/portal\/wp-content\/uploads\/2024\/08\/0N5A2463-400x267.jpg","articleSection":["Not\u00edcias"],"inLanguage":"pt-BR"},{"@type":"WebPage","@id":"https:\/\/portal1.uenf.br\/portal\/noticias\/uenf-completa-31-anos-de-existencia\/","url":"https:\/\/portal1.uenf.br\/portal\/noticias\/uenf-completa-31-anos-de-existencia\/","name":"UENF completa 31 anos de exist\u00eancia - UENF - Universidade Estadual do Norte Fluminense Darcy Ribeiro","isPartOf":{"@id":"https:\/\/portal1.uenf.br\/portal\/#website"},"primaryImageOfPage":{"@id":"https:\/\/portal1.uenf.br\/portal\/noticias\/uenf-completa-31-anos-de-existencia\/#primaryimage"},"image":{"@id":"https:\/\/portal1.uenf.br\/portal\/noticias\/uenf-completa-31-anos-de-existencia\/#primaryimage"},"thumbnailUrl":"https:\/\/uenf.br\/portal\/wp-content\/uploads\/2024\/08\/0N5A2463-400x267.jpg","datePublished":"2024-08-17T20:18:14+00:00","breadcrumb":{"@id":"https:\/\/portal1.uenf.br\/portal\/noticias\/uenf-completa-31-anos-de-existencia\/#breadcrumb"},"inLanguage":"pt-BR","potentialAction":[{"@type":"ReadAction","target":["https:\/\/portal1.uenf.br\/portal\/noticias\/uenf-completa-31-anos-de-existencia\/"]}]},{"@type":"ImageObject","inLanguage":"pt-BR","@id":"https:\/\/portal1.uenf.br\/portal\/noticias\/uenf-completa-31-anos-de-existencia\/#primaryimage","url":"https:\/\/uenf.br\/portal\/wp-content\/uploads\/2024\/08\/0N5A2463-400x267.jpg","contentUrl":"https:\/\/uenf.br\/portal\/wp-content\/uploads\/2024\/08\/0N5A2463-400x267.jpg"},{"@type":"BreadcrumbList","@id":"https:\/\/portal1.uenf.br\/portal\/noticias\/uenf-completa-31-anos-de-existencia\/#breadcrumb","itemListElement":[{"@type":"ListItem","position":1,"name":"In\u00edcio","item":"https:\/\/portal1.uenf.br\/portal\/"},{"@type":"ListItem","position":2,"name":"UENF completa 31 anos de exist\u00eancia"}]},{"@type":"WebSite","@id":"https:\/\/portal1.uenf.br\/portal\/#website","url":"https:\/\/portal1.uenf.br\/portal\/","name":"UENF - Universidade Estadual do Norte Fluminense Darcy Ribeiro","description":"","publisher":{"@id":"https:\/\/portal1.uenf.br\/portal\/#organization"},"potentialAction":[{"@type":"SearchAction","target":{"@type":"EntryPoint","urlTemplate":"https:\/\/portal1.uenf.br\/portal\/?s={search_term_string}"},"query-input":{"@type":"PropertyValueSpecification","valueRequired":true,"valueName":"search_term_string"}}],"inLanguage":"pt-BR"},{"@type":"Organization","@id":"https:\/\/portal1.uenf.br\/portal\/#organization","name":"UENF - Universidade Estadual do Norte Fluminense Darcy Ribeiro","url":"https:\/\/portal1.uenf.br\/portal\/","logo":{"@type":"ImageObject","inLanguage":"pt-BR","@id":"https:\/\/portal1.uenf.br\/portal\/#\/schema\/logo\/image\/","url":"https:\/\/portal1.uenf.br\/portal\/wp-content\/uploads\/2018\/06\/logo-uenf-invertido-1.png","contentUrl":"https:\/\/portal1.uenf.br\/portal\/wp-content\/uploads\/2018\/06\/logo-uenf-invertido-1.png","width":482,"height":83,"caption":"UENF - Universidade Estadual do Norte Fluminense Darcy Ribeiro"},"image":{"@id":"https:\/\/portal1.uenf.br\/portal\/#\/schema\/logo\/image\/"}},{"@type":"Person","@id":"https:\/\/portal1.uenf.br\/portal\/#\/schema\/person\/068abbf03b6f8478c845bc8ded9270c7","name":"admin","image":{"@type":"ImageObject","inLanguage":"pt-BR","@id":"https:\/\/portal1.uenf.br\/portal\/#\/schema\/person\/image\/","url":"https:\/\/secure.gravatar.com\/avatar\/e5ecf9e4fae0742f4b136f518195bafa7b2d3f7c709f4bdc6707588ef68a6e25?s=96&d=mm&r=g","contentUrl":"https:\/\/secure.gravatar.com\/avatar\/e5ecf9e4fae0742f4b136f518195bafa7b2d3f7c709f4bdc6707588ef68a6e25?s=96&d=mm&r=g","caption":"admin"},"sameAs":["https:\/\/portal1.uenf.br\/portal"],"url":"https:\/\/portal1.uenf.br\/portal\/author\/edson\/"}]}},"_links":{"self":[{"href":"https:\/\/portal1.uenf.br\/portal\/wp-json\/wp\/v2\/posts\/27772","targetHints":{"allow":["GET"]}}],"collection":[{"href":"https:\/\/portal1.uenf.br\/portal\/wp-json\/wp\/v2\/posts"}],"about":[{"href":"https:\/\/portal1.uenf.br\/portal\/wp-json\/wp\/v2\/types\/post"}],"author":[{"embeddable":true,"href":"https:\/\/portal1.uenf.br\/portal\/wp-json\/wp\/v2\/users\/1"}],"replies":[{"embeddable":true,"href":"https:\/\/portal1.uenf.br\/portal\/wp-json\/wp\/v2\/comments?post=27772"}],"version-history":[{"count":0,"href":"https:\/\/portal1.uenf.br\/portal\/wp-json\/wp\/v2\/posts\/27772\/revisions"}],"wp:attachment":[{"href":"https:\/\/portal1.uenf.br\/portal\/wp-json\/wp\/v2\/media?parent=27772"}],"wp:term":[{"taxonomy":"category","embeddable":true,"href":"https:\/\/portal1.uenf.br\/portal\/wp-json\/wp\/v2\/categories?post=27772"},{"taxonomy":"post_tag","embeddable":true,"href":"https:\/\/portal1.uenf.br\/portal\/wp-json\/wp\/v2\/tags?post=27772"}],"curies":[{"name":"wp","href":"https:\/\/api.w.org\/{rel}","templated":true}]}}