{"id":27628,"date":"2024-08-12T17:50:05","date_gmt":"2024-08-12T20:50:05","guid":{"rendered":"https:\/\/uenf.br\/portal\/?p=27628"},"modified":"2024-08-12T17:50:05","modified_gmt":"2024-08-12T20:50:05","slug":"uenf-completa-31-anos-nesta-sexta-feira","status":"publish","type":"post","link":"https:\/\/portal1.uenf.br\/portal\/noticias\/uenf-completa-31-anos-nesta-sexta-feira\/","title":{"rendered":"UENF completa 31 anos nesta sexta-feira"},"content":{"rendered":"<p><strong>Programa\u00e7\u00e3o de anivers\u00e1rio foi apresentada em entrevista coletiva na Casa de Cultura Villa Maria, onde tamb\u00e9m foi realizada homenagem p\u00f3stuma a Finasinha Queiroz, doadora do palacete \u00e0 Universidade<\/strong><\/p>\n<p><img fetchpriority=\"high\" decoding=\"async\" class=\"size-medium wp-image-27654 alignleft\" src=\"https:\/\/uenf.br\/portal\/wp-content\/uploads\/2024\/08\/HOMENAGEM_FINASINHA-0845-400x267.jpg\" alt=\"\" width=\"400\" height=\"267\" \/><\/p>\n<p>A programa\u00e7\u00e3o pelos 31 anos de anivers\u00e1rio da UENF come\u00e7ou nesta segunda-feira, pela manh\u00e3, na Casa de Cultura Villa Maria, com a Cerim\u00f4nia de Outorga do t\u00edtulo de Benem\u00e9rita a Finasinha Queiroz \u2014 a campista respons\u00e1vel pela doa\u00e7\u00e3o do palacete Villa Maria \u00e0 UENF. Antes, foi realizada uma entrevista coletiva na qual a reitora da UENF, Rosana Rodrigues, e o vice-reitor, F\u00e1bio Lopes Olivares, divulgaram a programa\u00e7\u00e3o do anivers\u00e1rio da Universidade, que se estende at\u00e9 o final de agosto. O anivers\u00e1rio da UENF ocorre nesta sexta-feira, 16\/08\/24.<\/p>\n<p>Nesta ter\u00e7a-feira, 12\/08\/24, o dia come\u00e7a com tr\u00eas eventos importantes, a partir das 9h: o &#8220;Presente Solid\u00e1rio&#8221;, no qual o <em>Campus<\/em> Leonel Brizola receber\u00e1 o \u00f4nibus do Hemocentro de Campos dos Goytacazes; o Encontro Itinerante do F\u00f3rum de Reitores e Reitoras das Institui\u00e7\u00f5es de Ensino Superior do Estado do Rio de Janeiro (Friperj) e a Abertura da Feira de Ci\u00eancias da UENF, ambos no Centro de Conven\u00e7\u00f5es Oscar Niemeyer.<\/p>\n<p>Segundo Rosana, o &#8220;Presente Solid\u00e1rio&#8221; envolve a coleta de sangue e tamb\u00e9m de material que ser\u00e1 analisado para poss\u00edveis doa\u00e7\u00f5es de medula \u00f3ssea, a ser armazenado em um banco de doadores.<\/p>\n<p>\u2014 Sabemos o quanto \u00e9 dif\u00edcil\u00a0 as pessoas terem acesso a esse material. Ent\u00e3o amanh\u00e3 a gente vai ter um \u00f4nibus do Hemocentro no <em>campus<\/em> universit\u00e1rio, que est\u00e1 sendo preparado para isto. N\u00f3s contamos com voc\u00eas para fazer essa divulga\u00e7\u00e3o para que muitas pessoas possam atender a esse nosso chamado. Sabemos que o Hemocentro de Campos \u00e9 uma refer\u00eancia na regi\u00e3o, ent\u00e3o o material coletado atender\u00e1 a diversos munic\u00edpios \u2014 disse a reitora.<img decoding=\"async\" class=\"size-medium wp-image-27658 alignright\" src=\"https:\/\/uenf.br\/portal\/wp-content\/uploads\/2024\/08\/HOMENAGEM_FINASINHA-0608-400x267.jpg\" alt=\"\" width=\"400\" height=\"267\" \/><\/p>\n<p>A reitora ressaltou a import\u00e2ncia do Encontro Itinerante do Friperj, que vai\u00a0 discutir um plano de a\u00e7\u00e3o para o desenvolvimento do Norte Fluminense, acrescentando que o evento ter\u00e1 a participa\u00e7\u00e3o de pesquisadores do mais alto gabarito nesta \u00e1rea. Um deles \u00e9 o professor da Universidade Federal Rural do Rio de Janeiro (UFRRJ), Mauro Os\u00f3rio, que \u00e9 o presidente do Friperj. Tamb\u00e9m participam do encontro os professores Jos\u00e9 Lu\u00eds Viana e \u00c9rica Tavares, da Universidade Federal Fluminense (UFF).<\/p>\n<p>\u2014 \u00c9 a primeira sess\u00e3o itinerante do Friperj. Ser\u00e1 uma discuss\u00e3o bastante intensa sobre os desafios do Norte Fluminense. Eu entendo que, num ano de elei\u00e7\u00f5es municipais, essa discuss\u00e3o vai ser bastante rica. Os candidatos a prefeito e vereador dos munic\u00edpios obrigatoriamente deveriam participar. O tema \u00e9 justamente &#8220;Trajet\u00f3rias e estrat\u00e9gias para o desenvolvimento do Norte Fluminense \u2014 afirmou Rosana.<\/p>\n<p>A reitora tamb\u00e9m destacou a realiza\u00e7\u00e3o, no <em>foyer<\/em> do Centro de Conven\u00e7\u00f5es, da tradicional Feira de Ci\u00eancias da UENF, que apresenta pesquisas, trabalhos de extens\u00e3o e de inicia\u00e7\u00e3o cient\u00edfica. Segundo ela, espera-se a participa\u00e7\u00e3o de cerca de 400 pessoas durante o evento.<\/p>\n<p>Ainda nesta ter\u00e7a, a partir das 13h, no Centro de Conven\u00e7\u00f5es, ser\u00e1 realizada a reuni\u00e3o do projeto &#8220;Indica\u00e7\u00f5es Geogr\u00e1ficas Brasileiras: denomina\u00e7\u00e3o de origem &#8216;Norte Fluminense&#8217; para o acabaxi&#8221;, coordenado pela professora Janie Jasmin, do Centro de Ci\u00eancias e Tecnologias Agropecu\u00e1rias (CCTA).<\/p>\n<p><img decoding=\"async\" class=\"size-medium wp-image-27656 alignleft\" src=\"https:\/\/uenf.br\/portal\/wp-content\/uploads\/2024\/08\/HOMENAGEM_FINASINHA-0007-400x267.jpg\" alt=\"\" width=\"400\" height=\"267\" \/>\u2014 A reuni\u00e3o vai mostrar como anda esse processo de solicita\u00e7\u00e3o da indica\u00e7\u00e3o geogr\u00e1fica do abacaxi produzido em S\u00e3o Francisco, o que vai fazer uma diferen\u00e7a muito grande, valorizando o produto local e a produ\u00e7\u00e3o agr\u00edcola de S\u00e3o Francisco \u2014 disse Rosana, lembrando que o processo come\u00e7ou a partir de uma parceria entre a UENF e a Prefeitura do munic\u00edpio.<\/p>\n<p><strong>Homenagem \u00e0 Finasinha<\/strong><\/p>\n<p>Ao descerrar a placa em homenagem a Finasinha Queiroz, a reitora da UENF destacou que a UENF est\u00e1 fazendo um resgate hist\u00f3rico.<\/p>\n<p>\u2014 A UENF era um sonho dessa cidade, e um dos sonhadores foi Finazinha Queiroz. Ela foi uma mulher \u00e0 frente do seu tempo, ao destinar este palacete para uma universidade p\u00fablica \u2014 afirmou Rosana.<\/p>\n<p>A reitora ressaltou que o objetivo da Casa de Cultura Villa Maria \u00e9 trabalhar a cultura e as artes de uma forma diferente.<\/p>\n<p>\u2014 A Villa Maria \u00e9 um espa\u00e7o para dialogar com a sociedade de uma forma imediata, l\u00f3gica e emocional. Essa casa tem hist\u00f3ria e procuramos valorizar a hist\u00f3ria deste espa\u00e7o privilegiado com o desenvolvimento de recursos humanos para a forma\u00e7\u00e3o cidad\u00e3 por meio das artes \u2014 disse.<\/p>\n<p><img loading=\"lazy\" decoding=\"async\" class=\"size-medium wp-image-27659 alignright\" src=\"https:\/\/uenf.br\/portal\/wp-content\/uploads\/2024\/08\/HOMENAGEM_FINASINHA-0657-400x267.jpg\" alt=\"\" width=\"400\" height=\"267\" \/>A cerim\u00f4nia teve as presen\u00e7as do vice-reitor da UENF, F\u00e1bio Olivares; do ex-reitor da UENF, Lu\u00eds C\u00e9sar Passoni; do diretor de Cultura da UENF, Giovane Nascimento; dos pr\u00f3-reitores da UENF Juraci Aparecido Sampaio (Gradua\u00e7\u00e3o), Maria Cristina Canela Gazotti (Pesquisa e P\u00f3s-Gradua\u00e7\u00e3o), Deborah Guerra Barroso (Extens\u00e3o) e Milton Masahiko Kanashiro (Assuntos Comunit\u00e1rios), al\u00e9m da ex-diretora da Casa de Cultura Villa Maria, Simonne Teixeira e diversos convidados.<\/p>\n<p>Maria Queiroz recebeu o apelido de Finasinha quando pequena, por ter nascido no dia de Finados. Nascida em 1887, Finasinha formou-se professora na Escola Normal de Campos, que na \u00e9poca funcionava no Liceu de Humanidades. Quando tinha 19 anos de idade, casou-se com o engenheiro e industrial Atilano Chris\u00f3stomo de Oliveira, dono das usinas Mineiros e S\u00e3o Pedro do Para\u00edso.<\/p>\n<p>Por suas a\u00e7\u00f5es benem\u00e9ritas, Finasinha recebeu o ep\u00edteto de \u201cRainha da Bondade\u201d. Costumava distribuir presentes todos os Natais, quando filas imensas se formavam em frente ao port\u00e3o do palacete Villa Maria.<\/p>\n<p>Finasinha faleceu em 18 de dezembro de 1970, sem deixar herdeiros vivos. Em testamento, ela doou a casa em que residiu para a futura universidade que se instalasse em Campos dos Goytacazes. O pr\u00e9dio ficou abandonado at\u00e9 1979, quando a Prefeitura se instalou no local, ali permanecendo at\u00e9 1992, quando a casa passou para as m\u00e3os da Universidade que come\u00e7ava a ser constru\u00edda.<\/p>\n<p><strong>Anivers\u00e1rio ocorre nesta sexta, 16\/08<\/strong><\/p>\n<p>Como ocorre todos os anos, o dia do anivers\u00e1rio da UENF ter\u00e1 a realiza\u00e7\u00e3o de um Conselho Universit\u00e1rio (CONSUNI) Solene, a partir das 14h, no Centro de Conven\u00e7\u00f5es Oscar Niemeyer. A data marca a realiza\u00e7\u00e3o da primeira aula magna da Universidade, realizada em 16 de agosto de 1993.<\/p>\n<p>Durante o CONSUNI de Anivers\u00e1rio, haver\u00e1 homenagem a servidores da UENF, al\u00e9m da outorga da Medalha Darcy Ribeiro ao presidente da Faperj, J\u00e9rson Lima e do t\u00edtulo de Professora Em\u00e9rita \u00e0 professora aposentada do Centro de Ci\u00eancias do Homem da UENF (CCH), Arlete Sendra,<\/p>\n<p>Veja a programa\u00e7\u00e3o completa <a href=\"https:\/\/uenf.br\/portal\/wp-content\/uploads\/2024\/08\/Programac\u0327a\u0303o-corrigida.pdf\"><strong>AQUI.<\/strong><\/a><\/p>\n","protected":false},"excerpt":{"rendered":"<p>Programa\u00e7\u00e3o de anivers\u00e1rio foi apresentada em entrevista coletiva na Casa de Cultura Villa Maria, onde tamb\u00e9m foi realizada homenagem p\u00f3stuma a Finasinha Queiroz, doadora do palacete \u00e0 Universidade A programa\u00e7\u00e3o pelos 31 anos de anivers\u00e1rio da UENF come\u00e7ou nesta segunda-feira, pela manh\u00e3, na Casa de Cultura Villa Maria, com a Cerim\u00f4nia de Outorga do t\u00edtulo [&hellip;]<\/p>\n","protected":false},"author":1,"featured_media":0,"comment_status":"closed","ping_status":"closed","sticky":false,"template":"","format":"standard","meta":{"_eb_attr":"","ocean_post_layout":"","ocean_both_sidebars_style":"","ocean_both_sidebars_content_width":0,"ocean_both_sidebars_sidebars_width":0,"ocean_sidebar":"","ocean_second_sidebar":"","ocean_disable_margins":"enable","ocean_add_body_class":"","ocean_shortcode_before_top_bar":"","ocean_shortcode_after_top_bar":"","ocean_shortcode_before_header":"","ocean_shortcode_after_header":"","ocean_has_shortcode":"","ocean_shortcode_after_title":"","ocean_shortcode_before_footer_widgets":"","ocean_shortcode_after_footer_widgets":"","ocean_shortcode_before_footer_bottom":"","ocean_shortcode_after_footer_bottom":"","ocean_display_top_bar":"default","ocean_display_header":"default","ocean_header_style":"","ocean_center_header_left_menu":"","ocean_custom_header_template":"","ocean_custom_logo":0,"ocean_custom_retina_logo":0,"ocean_custom_logo_max_width":0,"ocean_custom_logo_tablet_max_width":0,"ocean_custom_logo_mobile_max_width":0,"ocean_custom_logo_max_height":0,"ocean_custom_logo_tablet_max_height":0,"ocean_custom_logo_mobile_max_height":0,"ocean_header_custom_menu":"","ocean_menu_typo_font_family":"","ocean_menu_typo_font_subset":"","ocean_menu_typo_font_size":0,"ocean_menu_typo_font_size_tablet":0,"ocean_menu_typo_font_size_mobile":0,"ocean_menu_typo_font_size_unit":"px","ocean_menu_typo_font_weight":"","ocean_menu_typo_font_weight_tablet":"","ocean_menu_typo_font_weight_mobile":"","ocean_menu_typo_transform":"","ocean_menu_typo_transform_tablet":"","ocean_menu_typo_transform_mobile":"","ocean_menu_typo_line_height":0,"ocean_menu_typo_line_height_tablet":0,"ocean_menu_typo_line_height_mobile":0,"ocean_menu_typo_line_height_unit":"","ocean_menu_typo_spacing":0,"ocean_menu_typo_spacing_tablet":0,"ocean_menu_typo_spacing_mobile":0,"ocean_menu_typo_spacing_unit":"","ocean_menu_link_color":"","ocean_menu_link_color_hover":"","ocean_menu_link_color_active":"","ocean_menu_link_background":"","ocean_menu_link_hover_background":"","ocean_menu_link_active_background":"","ocean_menu_social_links_bg":"","ocean_menu_social_hover_links_bg":"","ocean_menu_social_links_color":"","ocean_menu_social_hover_links_color":"","ocean_disable_title":"default","ocean_disable_heading":"default","ocean_post_title":"","ocean_post_subheading":"","ocean_post_title_style":"","ocean_post_title_background_color":"","ocean_post_title_background":0,"ocean_post_title_bg_image_position":"","ocean_post_title_bg_image_attachment":"","ocean_post_title_bg_image_repeat":"","ocean_post_title_bg_image_size":"","ocean_post_title_height":0,"ocean_post_title_bg_overlay":0.5,"ocean_post_title_bg_overlay_color":"","ocean_disable_breadcrumbs":"default","ocean_breadcrumbs_color":"","ocean_breadcrumbs_separator_color":"","ocean_breadcrumbs_links_color":"","ocean_breadcrumbs_links_hover_color":"","ocean_display_footer_widgets":"default","ocean_display_footer_bottom":"default","ocean_custom_footer_template":"","ocean_post_oembed":"","ocean_post_self_hosted_media":"","ocean_post_video_embed":"","ocean_link_format":"","ocean_link_format_target":"self","ocean_quote_format":"","ocean_quote_format_link":"post","ocean_gallery_link_images":"on","ocean_gallery_id":[],"footnotes":""},"categories":[8],"tags":[],"class_list":["post-27628","post","type-post","status-publish","format-standard","hentry","category-noticias","entry"],"yoast_head":"<!-- This site is optimized with the Yoast SEO plugin v26.5 - https:\/\/yoast.com\/wordpress\/plugins\/seo\/ -->\n<title>UENF completa 31 anos nesta sexta-feira - UENF - Universidade Estadual do Norte Fluminense Darcy Ribeiro<\/title>\n<meta name=\"robots\" content=\"noindex, follow, max-snippet:-1, max-image-preview:large, max-video-preview:-1\" \/>\n<meta property=\"og:locale\" content=\"pt_BR\" \/>\n<meta property=\"og:type\" content=\"article\" \/>\n<meta property=\"og:title\" content=\"UENF completa 31 anos nesta sexta-feira - UENF - Universidade Estadual do Norte Fluminense Darcy Ribeiro\" \/>\n<meta property=\"og:description\" content=\"Programa\u00e7\u00e3o de anivers\u00e1rio foi apresentada em entrevista coletiva na Casa de Cultura Villa Maria, onde tamb\u00e9m foi realizada homenagem p\u00f3stuma a Finasinha Queiroz, doadora do palacete \u00e0 Universidade A programa\u00e7\u00e3o pelos 31 anos de anivers\u00e1rio da UENF come\u00e7ou nesta segunda-feira, pela manh\u00e3, na Casa de Cultura Villa Maria, com a Cerim\u00f4nia de Outorga do t\u00edtulo [&hellip;]\" \/>\n<meta property=\"og:url\" content=\"https:\/\/portal1.uenf.br\/portal\/noticias\/uenf-completa-31-anos-nesta-sexta-feira\/\" \/>\n<meta property=\"og:site_name\" content=\"UENF - Universidade Estadual do Norte Fluminense Darcy Ribeiro\" \/>\n<meta property=\"article:published_time\" content=\"2024-08-12T20:50:05+00:00\" \/>\n<meta property=\"og:image\" content=\"https:\/\/uenf.br\/portal\/wp-content\/uploads\/2024\/08\/HOMENAGEM_FINASINHA-0845-400x267.jpg\" \/>\n<meta name=\"author\" content=\"admin\" \/>\n<meta name=\"twitter:card\" content=\"summary_large_image\" \/>\n<meta name=\"twitter:label1\" content=\"Escrito por\" \/>\n\t<meta name=\"twitter:data1\" content=\"admin\" \/>\n\t<meta name=\"twitter:label2\" content=\"Est. tempo de leitura\" \/>\n\t<meta name=\"twitter:data2\" content=\"6 minutos\" \/>\n<script type=\"application\/ld+json\" class=\"yoast-schema-graph\">{\"@context\":\"https:\/\/schema.org\",\"@graph\":[{\"@type\":\"Article\",\"@id\":\"https:\/\/portal1.uenf.br\/portal\/noticias\/uenf-completa-31-anos-nesta-sexta-feira\/#article\",\"isPartOf\":{\"@id\":\"https:\/\/portal1.uenf.br\/portal\/noticias\/uenf-completa-31-anos-nesta-sexta-feira\/\"},\"author\":{\"name\":\"admin\",\"@id\":\"https:\/\/portal1.uenf.br\/portal\/#\/schema\/person\/068abbf03b6f8478c845bc8ded9270c7\"},\"headline\":\"UENF completa 31 anos nesta sexta-feira\",\"datePublished\":\"2024-08-12T20:50:05+00:00\",\"mainEntityOfPage\":{\"@id\":\"https:\/\/portal1.uenf.br\/portal\/noticias\/uenf-completa-31-anos-nesta-sexta-feira\/\"},\"wordCount\":1109,\"publisher\":{\"@id\":\"https:\/\/portal1.uenf.br\/portal\/#organization\"},\"image\":{\"@id\":\"https:\/\/portal1.uenf.br\/portal\/noticias\/uenf-completa-31-anos-nesta-sexta-feira\/#primaryimage\"},\"thumbnailUrl\":\"https:\/\/uenf.br\/portal\/wp-content\/uploads\/2024\/08\/HOMENAGEM_FINASINHA-0845-400x267.jpg\",\"articleSection\":[\"Not\u00edcias\"],\"inLanguage\":\"pt-BR\"},{\"@type\":\"WebPage\",\"@id\":\"https:\/\/portal1.uenf.br\/portal\/noticias\/uenf-completa-31-anos-nesta-sexta-feira\/\",\"url\":\"https:\/\/portal1.uenf.br\/portal\/noticias\/uenf-completa-31-anos-nesta-sexta-feira\/\",\"name\":\"UENF completa 31 anos nesta sexta-feira - UENF - Universidade Estadual do Norte Fluminense Darcy Ribeiro\",\"isPartOf\":{\"@id\":\"https:\/\/portal1.uenf.br\/portal\/#website\"},\"primaryImageOfPage\":{\"@id\":\"https:\/\/portal1.uenf.br\/portal\/noticias\/uenf-completa-31-anos-nesta-sexta-feira\/#primaryimage\"},\"image\":{\"@id\":\"https:\/\/portal1.uenf.br\/portal\/noticias\/uenf-completa-31-anos-nesta-sexta-feira\/#primaryimage\"},\"thumbnailUrl\":\"https:\/\/uenf.br\/portal\/wp-content\/uploads\/2024\/08\/HOMENAGEM_FINASINHA-0845-400x267.jpg\",\"datePublished\":\"2024-08-12T20:50:05+00:00\",\"breadcrumb\":{\"@id\":\"https:\/\/portal1.uenf.br\/portal\/noticias\/uenf-completa-31-anos-nesta-sexta-feira\/#breadcrumb\"},\"inLanguage\":\"pt-BR\",\"potentialAction\":[{\"@type\":\"ReadAction\",\"target\":[\"https:\/\/portal1.uenf.br\/portal\/noticias\/uenf-completa-31-anos-nesta-sexta-feira\/\"]}]},{\"@type\":\"ImageObject\",\"inLanguage\":\"pt-BR\",\"@id\":\"https:\/\/portal1.uenf.br\/portal\/noticias\/uenf-completa-31-anos-nesta-sexta-feira\/#primaryimage\",\"url\":\"https:\/\/uenf.br\/portal\/wp-content\/uploads\/2024\/08\/HOMENAGEM_FINASINHA-0845-400x267.jpg\",\"contentUrl\":\"https:\/\/uenf.br\/portal\/wp-content\/uploads\/2024\/08\/HOMENAGEM_FINASINHA-0845-400x267.jpg\"},{\"@type\":\"BreadcrumbList\",\"@id\":\"https:\/\/portal1.uenf.br\/portal\/noticias\/uenf-completa-31-anos-nesta-sexta-feira\/#breadcrumb\",\"itemListElement\":[{\"@type\":\"ListItem\",\"position\":1,\"name\":\"In\u00edcio\",\"item\":\"https:\/\/portal1.uenf.br\/portal\/\"},{\"@type\":\"ListItem\",\"position\":2,\"name\":\"UENF completa 31 anos nesta sexta-feira\"}]},{\"@type\":\"WebSite\",\"@id\":\"https:\/\/portal1.uenf.br\/portal\/#website\",\"url\":\"https:\/\/portal1.uenf.br\/portal\/\",\"name\":\"UENF - Universidade Estadual do Norte Fluminense Darcy Ribeiro\",\"description\":\"\",\"publisher\":{\"@id\":\"https:\/\/portal1.uenf.br\/portal\/#organization\"},\"potentialAction\":[{\"@type\":\"SearchAction\",\"target\":{\"@type\":\"EntryPoint\",\"urlTemplate\":\"https:\/\/portal1.uenf.br\/portal\/?s={search_term_string}\"},\"query-input\":{\"@type\":\"PropertyValueSpecification\",\"valueRequired\":true,\"valueName\":\"search_term_string\"}}],\"inLanguage\":\"pt-BR\"},{\"@type\":\"Organization\",\"@id\":\"https:\/\/portal1.uenf.br\/portal\/#organization\",\"name\":\"UENF - Universidade Estadual do Norte Fluminense Darcy Ribeiro\",\"url\":\"https:\/\/portal1.uenf.br\/portal\/\",\"logo\":{\"@type\":\"ImageObject\",\"inLanguage\":\"pt-BR\",\"@id\":\"https:\/\/portal1.uenf.br\/portal\/#\/schema\/logo\/image\/\",\"url\":\"https:\/\/portal1.uenf.br\/portal\/wp-content\/uploads\/2018\/06\/logo-uenf-invertido-1.png\",\"contentUrl\":\"https:\/\/portal1.uenf.br\/portal\/wp-content\/uploads\/2018\/06\/logo-uenf-invertido-1.png\",\"width\":482,\"height\":83,\"caption\":\"UENF - Universidade Estadual do Norte Fluminense Darcy Ribeiro\"},\"image\":{\"@id\":\"https:\/\/portal1.uenf.br\/portal\/#\/schema\/logo\/image\/\"}},{\"@type\":\"Person\",\"@id\":\"https:\/\/portal1.uenf.br\/portal\/#\/schema\/person\/068abbf03b6f8478c845bc8ded9270c7\",\"name\":\"admin\",\"image\":{\"@type\":\"ImageObject\",\"inLanguage\":\"pt-BR\",\"@id\":\"https:\/\/portal1.uenf.br\/portal\/#\/schema\/person\/image\/\",\"url\":\"https:\/\/secure.gravatar.com\/avatar\/e5ecf9e4fae0742f4b136f518195bafa7b2d3f7c709f4bdc6707588ef68a6e25?s=96&d=mm&r=g\",\"contentUrl\":\"https:\/\/secure.gravatar.com\/avatar\/e5ecf9e4fae0742f4b136f518195bafa7b2d3f7c709f4bdc6707588ef68a6e25?s=96&d=mm&r=g\",\"caption\":\"admin\"},\"sameAs\":[\"https:\/\/portal1.uenf.br\/portal\"],\"url\":\"https:\/\/portal1.uenf.br\/portal\/author\/edson\/\"}]}<\/script>\n<!-- \/ Yoast SEO plugin. -->","yoast_head_json":{"title":"UENF completa 31 anos nesta sexta-feira - UENF - Universidade Estadual do Norte Fluminense Darcy Ribeiro","robots":{"index":"noindex","follow":"follow","max-snippet":"max-snippet:-1","max-image-preview":"max-image-preview:large","max-video-preview":"max-video-preview:-1"},"og_locale":"pt_BR","og_type":"article","og_title":"UENF completa 31 anos nesta sexta-feira - UENF - Universidade Estadual do Norte Fluminense Darcy Ribeiro","og_description":"Programa\u00e7\u00e3o de anivers\u00e1rio foi apresentada em entrevista coletiva na Casa de Cultura Villa Maria, onde tamb\u00e9m foi realizada homenagem p\u00f3stuma a Finasinha Queiroz, doadora do palacete \u00e0 Universidade A programa\u00e7\u00e3o pelos 31 anos de anivers\u00e1rio da UENF come\u00e7ou nesta segunda-feira, pela manh\u00e3, na Casa de Cultura Villa Maria, com a Cerim\u00f4nia de Outorga do t\u00edtulo [&hellip;]","og_url":"https:\/\/portal1.uenf.br\/portal\/noticias\/uenf-completa-31-anos-nesta-sexta-feira\/","og_site_name":"UENF - Universidade Estadual do Norte Fluminense Darcy Ribeiro","article_published_time":"2024-08-12T20:50:05+00:00","og_image":[{"url":"https:\/\/uenf.br\/portal\/wp-content\/uploads\/2024\/08\/HOMENAGEM_FINASINHA-0845-400x267.jpg","type":"","width":"","height":""}],"author":"admin","twitter_card":"summary_large_image","twitter_misc":{"Escrito por":"admin","Est. tempo de leitura":"6 minutos"},"schema":{"@context":"https:\/\/schema.org","@graph":[{"@type":"Article","@id":"https:\/\/portal1.uenf.br\/portal\/noticias\/uenf-completa-31-anos-nesta-sexta-feira\/#article","isPartOf":{"@id":"https:\/\/portal1.uenf.br\/portal\/noticias\/uenf-completa-31-anos-nesta-sexta-feira\/"},"author":{"name":"admin","@id":"https:\/\/portal1.uenf.br\/portal\/#\/schema\/person\/068abbf03b6f8478c845bc8ded9270c7"},"headline":"UENF completa 31 anos nesta sexta-feira","datePublished":"2024-08-12T20:50:05+00:00","mainEntityOfPage":{"@id":"https:\/\/portal1.uenf.br\/portal\/noticias\/uenf-completa-31-anos-nesta-sexta-feira\/"},"wordCount":1109,"publisher":{"@id":"https:\/\/portal1.uenf.br\/portal\/#organization"},"image":{"@id":"https:\/\/portal1.uenf.br\/portal\/noticias\/uenf-completa-31-anos-nesta-sexta-feira\/#primaryimage"},"thumbnailUrl":"https:\/\/uenf.br\/portal\/wp-content\/uploads\/2024\/08\/HOMENAGEM_FINASINHA-0845-400x267.jpg","articleSection":["Not\u00edcias"],"inLanguage":"pt-BR"},{"@type":"WebPage","@id":"https:\/\/portal1.uenf.br\/portal\/noticias\/uenf-completa-31-anos-nesta-sexta-feira\/","url":"https:\/\/portal1.uenf.br\/portal\/noticias\/uenf-completa-31-anos-nesta-sexta-feira\/","name":"UENF completa 31 anos nesta sexta-feira - UENF - Universidade Estadual do Norte Fluminense Darcy Ribeiro","isPartOf":{"@id":"https:\/\/portal1.uenf.br\/portal\/#website"},"primaryImageOfPage":{"@id":"https:\/\/portal1.uenf.br\/portal\/noticias\/uenf-completa-31-anos-nesta-sexta-feira\/#primaryimage"},"image":{"@id":"https:\/\/portal1.uenf.br\/portal\/noticias\/uenf-completa-31-anos-nesta-sexta-feira\/#primaryimage"},"thumbnailUrl":"https:\/\/uenf.br\/portal\/wp-content\/uploads\/2024\/08\/HOMENAGEM_FINASINHA-0845-400x267.jpg","datePublished":"2024-08-12T20:50:05+00:00","breadcrumb":{"@id":"https:\/\/portal1.uenf.br\/portal\/noticias\/uenf-completa-31-anos-nesta-sexta-feira\/#breadcrumb"},"inLanguage":"pt-BR","potentialAction":[{"@type":"ReadAction","target":["https:\/\/portal1.uenf.br\/portal\/noticias\/uenf-completa-31-anos-nesta-sexta-feira\/"]}]},{"@type":"ImageObject","inLanguage":"pt-BR","@id":"https:\/\/portal1.uenf.br\/portal\/noticias\/uenf-completa-31-anos-nesta-sexta-feira\/#primaryimage","url":"https:\/\/uenf.br\/portal\/wp-content\/uploads\/2024\/08\/HOMENAGEM_FINASINHA-0845-400x267.jpg","contentUrl":"https:\/\/uenf.br\/portal\/wp-content\/uploads\/2024\/08\/HOMENAGEM_FINASINHA-0845-400x267.jpg"},{"@type":"BreadcrumbList","@id":"https:\/\/portal1.uenf.br\/portal\/noticias\/uenf-completa-31-anos-nesta-sexta-feira\/#breadcrumb","itemListElement":[{"@type":"ListItem","position":1,"name":"In\u00edcio","item":"https:\/\/portal1.uenf.br\/portal\/"},{"@type":"ListItem","position":2,"name":"UENF completa 31 anos nesta sexta-feira"}]},{"@type":"WebSite","@id":"https:\/\/portal1.uenf.br\/portal\/#website","url":"https:\/\/portal1.uenf.br\/portal\/","name":"UENF - Universidade Estadual do Norte Fluminense Darcy Ribeiro","description":"","publisher":{"@id":"https:\/\/portal1.uenf.br\/portal\/#organization"},"potentialAction":[{"@type":"SearchAction","target":{"@type":"EntryPoint","urlTemplate":"https:\/\/portal1.uenf.br\/portal\/?s={search_term_string}"},"query-input":{"@type":"PropertyValueSpecification","valueRequired":true,"valueName":"search_term_string"}}],"inLanguage":"pt-BR"},{"@type":"Organization","@id":"https:\/\/portal1.uenf.br\/portal\/#organization","name":"UENF - Universidade Estadual do Norte Fluminense Darcy Ribeiro","url":"https:\/\/portal1.uenf.br\/portal\/","logo":{"@type":"ImageObject","inLanguage":"pt-BR","@id":"https:\/\/portal1.uenf.br\/portal\/#\/schema\/logo\/image\/","url":"https:\/\/portal1.uenf.br\/portal\/wp-content\/uploads\/2018\/06\/logo-uenf-invertido-1.png","contentUrl":"https:\/\/portal1.uenf.br\/portal\/wp-content\/uploads\/2018\/06\/logo-uenf-invertido-1.png","width":482,"height":83,"caption":"UENF - Universidade Estadual do Norte Fluminense Darcy Ribeiro"},"image":{"@id":"https:\/\/portal1.uenf.br\/portal\/#\/schema\/logo\/image\/"}},{"@type":"Person","@id":"https:\/\/portal1.uenf.br\/portal\/#\/schema\/person\/068abbf03b6f8478c845bc8ded9270c7","name":"admin","image":{"@type":"ImageObject","inLanguage":"pt-BR","@id":"https:\/\/portal1.uenf.br\/portal\/#\/schema\/person\/image\/","url":"https:\/\/secure.gravatar.com\/avatar\/e5ecf9e4fae0742f4b136f518195bafa7b2d3f7c709f4bdc6707588ef68a6e25?s=96&d=mm&r=g","contentUrl":"https:\/\/secure.gravatar.com\/avatar\/e5ecf9e4fae0742f4b136f518195bafa7b2d3f7c709f4bdc6707588ef68a6e25?s=96&d=mm&r=g","caption":"admin"},"sameAs":["https:\/\/portal1.uenf.br\/portal"],"url":"https:\/\/portal1.uenf.br\/portal\/author\/edson\/"}]}},"_links":{"self":[{"href":"https:\/\/portal1.uenf.br\/portal\/wp-json\/wp\/v2\/posts\/27628","targetHints":{"allow":["GET"]}}],"collection":[{"href":"https:\/\/portal1.uenf.br\/portal\/wp-json\/wp\/v2\/posts"}],"about":[{"href":"https:\/\/portal1.uenf.br\/portal\/wp-json\/wp\/v2\/types\/post"}],"author":[{"embeddable":true,"href":"https:\/\/portal1.uenf.br\/portal\/wp-json\/wp\/v2\/users\/1"}],"replies":[{"embeddable":true,"href":"https:\/\/portal1.uenf.br\/portal\/wp-json\/wp\/v2\/comments?post=27628"}],"version-history":[{"count":0,"href":"https:\/\/portal1.uenf.br\/portal\/wp-json\/wp\/v2\/posts\/27628\/revisions"}],"wp:attachment":[{"href":"https:\/\/portal1.uenf.br\/portal\/wp-json\/wp\/v2\/media?parent=27628"}],"wp:term":[{"taxonomy":"category","embeddable":true,"href":"https:\/\/portal1.uenf.br\/portal\/wp-json\/wp\/v2\/categories?post=27628"},{"taxonomy":"post_tag","embeddable":true,"href":"https:\/\/portal1.uenf.br\/portal\/wp-json\/wp\/v2\/tags?post=27628"}],"curies":[{"name":"wp","href":"https:\/\/api.w.org\/{rel}","templated":true}]}}