{"id":27426,"date":"2024-07-31T11:43:10","date_gmt":"2024-07-31T14:43:10","guid":{"rendered":"https:\/\/uenf.br\/portal\/?p=27426"},"modified":"2024-07-31T11:43:10","modified_gmt":"2024-07-31T14:43:10","slug":"lenep-sedia-conferencia-internacional-sobre-metodos-em-ciencia-e-engenharia","status":"publish","type":"post","link":"https:\/\/portal1.uenf.br\/portal\/noticias\/lenep-sedia-conferencia-internacional-sobre-metodos-em-ciencia-e-engenharia\/","title":{"rendered":"LENEP sedia Confer\u00eancia Internacional sobre M\u00e9todos Integrais em Ci\u00eancias e Engenharia"},"content":{"rendered":"<figure id=\"attachment_27439\" aria-describedby=\"caption-attachment-27439\" style=\"width: 400px\" class=\"wp-caption aligncenter\"><img fetchpriority=\"high\" decoding=\"async\" class=\"wp-image-27439 size-medium\" src=\"https:\/\/uenf.br\/portal\/wp-content\/uploads\/2024\/07\/campus-macae-400x300.jpg\" alt=\"\" width=\"400\" height=\"300\" \/><figcaption id=\"caption-attachment-27439\" class=\"wp-caption-text\">Campus da UENF em Maca\u00e9, onde ser\u00e1 sediada a Confer\u00eancia<\/figcaption><\/figure>\n<p>&nbsp;<\/p>\n<p>O Laborat\u00f3rio de Engenharia e Explora\u00e7\u00e3o de Petr\u00f3leo da UENF, situado no <em>Campus<\/em> de Maca\u00e9 (RJ), vai sediar na pr\u00f3xima semana a 16\u00aa Confer\u00eancia Internacional sobre M\u00e9todos Integrais em Ci\u00eancias e Engenharia. O evento, que ocorre pela segunda vez no Brasil, contar\u00e1 com a participa\u00e7\u00e3o de 30 a 40 delegados de universidades e empresas do Brasil, Am\u00e9ricas, Europa e \u00c1sia. \u00c9 a segunda vez que a Confer\u00eancia ocorre fora do eixo Europa-Am\u00e9rica do Norte.<\/p>\n<p>Segundo o professor Adolfo Puime Pires, que preside o Comit\u00ea Organizador Local, trata-se de um evento acad\u00eamico multidisciplinar, de grande impacto cient\u00edfico, que tem por objetivo a integra\u00e7\u00e3o entre os pesquisadores e a troca de experi\u00eancias, al\u00e9m de poss\u00edveis parcerias. O foco principal ser\u00e1 a \u00e1rea de petr\u00f3leo, por\u00e9m tamb\u00e9m estar\u00e3o sendo abordadas pesquisas nas \u00e1reas de Engenharia Qu\u00edmica, Engenharia Nuclear, F\u00edsica, Matem\u00e1tica Pura e Aplicada, Intelig\u00eancia Artificial, entre outros temas.<\/p>\n<p>\u2014 Pelo fato de o LENEP estar \u00e0 frente do evento este ano, programamos um dia s\u00f3 com palestras relacionadas \u00e0 \u00e1rea do petr\u00f3leo. Ser\u00e3o apresentados temas que v\u00e3o desde\u00a0 a caracteriza\u00e7\u00e3o de reservat\u00f3rios atrav\u00e9s de imagens at\u00e9 modelos matem\u00e1ticos para recupera\u00e7\u00e3o avan\u00e7ada de petr\u00f3leo \u2014 explica o professor.<\/p>\n<p>Segundo Puime, a Confer\u00eancia vai reunir cientistas de v\u00e1rias partes do mundo e diferentes nacionalidades. Ser\u00e3o cerca de 10 estrangeiros e 30 a 40 brasileiros. Estar\u00e3o presentes pesquisadores dos Estados Unidos, Canad\u00e1, Inglaterra, Espanha, It\u00e1lia e \u00cdndia. Dentre as nacionalidades, estar\u00e3o presentes russos, romenos, franceses, italianos, espanh\u00f3is e brasileiros, entre outros.<\/p>\n<p>\u2014 Temos um contrato assinado com uma editora para, ao final do evento, publicarmos um livro com contribui\u00e7\u00f5es, em forma de artigos, dos participantes da Confer\u00eancia \u2014 afirma Adolfo.<\/p>\n<p>&nbsp;<\/p>\n<figure id=\"attachment_27438\" aria-describedby=\"caption-attachment-27438\" style=\"width: 269px\" class=\"wp-caption aligncenter\"><img decoding=\"async\" class=\"wp-image-27438\" src=\"https:\/\/uenf.br\/portal\/wp-content\/uploads\/2024\/07\/Professor-Adolfo-Puime-400x600.jpg\" alt=\"\" width=\"269\" height=\"404\" \/><figcaption id=\"caption-attachment-27438\" class=\"wp-caption-text\">Professor Adolfo Puime, presidente do Comit\u00ea Organizador<\/figcaption><\/figure>\n<p>&nbsp;<\/p>\n<p>De acordo com o professor, um dos motivos de o evento n\u00e3o ter uma participa\u00e7\u00e3o num\u00e9rica maior foi a dificuldade de financiamento. A \u00fanica institui\u00e7\u00e3o de fomento a ajudar foi a Faperj. N\u00e3o houve apoio nem da Capes nem do CNPq.<\/p>\n<p>\u2014 Quer\u00edamos fazer um pre\u00e7o mais em conta para os pesquisadores brasileiros, mas foi necess\u00e1rio utilizar os recursos das inscri\u00e7\u00f5es para trazer pesquisadores de fora. Perdemos muitos participantes por este motivo \u2014 conta.<\/p>\n<p>A cerim\u00f4nia de abertura est\u00e1 marcada para as 15h de segunda-feira, 05\/08\/24, e ter\u00e1 a presen\u00e7a da reitora da UENF, professora Rosana Rodrigues, e da chefe do LENEP, professora Georgeana Feitosa da Cruz. O evento ser\u00e1 realizado at\u00e9 sexta-feira, 09\/08\/24, na sala de Multim\u00eddia do Laborat\u00f3rio.<\/p>\n<p>O comit\u00e9 local \u00e9 formado, al\u00e9m do professor Adolfo Puime Pires, dos seguintes professores: Alvaro M. M. Peres (UENF), Bardo E. J. Bodmann (UFRGS), Bruno J. Vicente (UENF) e Viatcheslav I. Priimenko (UENF).<\/p>\n<p>Veja mais informa\u00e7\u00f5es no site do evento <a href=\"https:\/\/www.even3.com.br\/16th-international-conference-on-integral-methods-in-science-and-engineering-447097\/\"><strong>AQUI.<\/strong><\/a><\/p>\n<p>Veja a programa\u00e7\u00e3o completa <strong><a href=\"https:\/\/uenf.br\/portal\/wp-content\/uploads\/2024\/07\/Conferencia-LENEP.pdf\">AQUI<\/a>.<\/strong><\/p>\n<p><img decoding=\"async\" class=\"size-medium wp-image-27443 aligncenter\" src=\"https:\/\/uenf.br\/portal\/wp-content\/uploads\/2024\/07\/logo-conferencia-lenep-400x160.webp\" alt=\"\" width=\"400\" height=\"160\" \/><\/p>\n","protected":false},"excerpt":{"rendered":"<p>&nbsp; O Laborat\u00f3rio de Engenharia e Explora\u00e7\u00e3o de Petr\u00f3leo da UENF, situado no Campus de Maca\u00e9 (RJ), vai sediar na pr\u00f3xima semana a 16\u00aa Confer\u00eancia Internacional sobre M\u00e9todos Integrais em Ci\u00eancias e Engenharia. O evento, que ocorre pela segunda vez no Brasil, contar\u00e1 com a participa\u00e7\u00e3o de 30 a 40 delegados de universidades e empresas [&hellip;]<\/p>\n","protected":false},"author":1,"featured_media":0,"comment_status":"closed","ping_status":"closed","sticky":false,"template":"","format":"standard","meta":{"_eb_attr":"","ocean_post_layout":"","ocean_both_sidebars_style":"","ocean_both_sidebars_content_width":0,"ocean_both_sidebars_sidebars_width":0,"ocean_sidebar":"","ocean_second_sidebar":"","ocean_disable_margins":"enable","ocean_add_body_class":"","ocean_shortcode_before_top_bar":"","ocean_shortcode_after_top_bar":"","ocean_shortcode_before_header":"","ocean_shortcode_after_header":"","ocean_has_shortcode":"","ocean_shortcode_after_title":"","ocean_shortcode_before_footer_widgets":"","ocean_shortcode_after_footer_widgets":"","ocean_shortcode_before_footer_bottom":"","ocean_shortcode_after_footer_bottom":"","ocean_display_top_bar":"default","ocean_display_header":"default","ocean_header_style":"","ocean_center_header_left_menu":"","ocean_custom_header_template":"","ocean_custom_logo":0,"ocean_custom_retina_logo":0,"ocean_custom_logo_max_width":0,"ocean_custom_logo_tablet_max_width":0,"ocean_custom_logo_mobile_max_width":0,"ocean_custom_logo_max_height":0,"ocean_custom_logo_tablet_max_height":0,"ocean_custom_logo_mobile_max_height":0,"ocean_header_custom_menu":"","ocean_menu_typo_font_family":"","ocean_menu_typo_font_subset":"","ocean_menu_typo_font_size":0,"ocean_menu_typo_font_size_tablet":0,"ocean_menu_typo_font_size_mobile":0,"ocean_menu_typo_font_size_unit":"px","ocean_menu_typo_font_weight":"","ocean_menu_typo_font_weight_tablet":"","ocean_menu_typo_font_weight_mobile":"","ocean_menu_typo_transform":"","ocean_menu_typo_transform_tablet":"","ocean_menu_typo_transform_mobile":"","ocean_menu_typo_line_height":0,"ocean_menu_typo_line_height_tablet":0,"ocean_menu_typo_line_height_mobile":0,"ocean_menu_typo_line_height_unit":"","ocean_menu_typo_spacing":0,"ocean_menu_typo_spacing_tablet":0,"ocean_menu_typo_spacing_mobile":0,"ocean_menu_typo_spacing_unit":"","ocean_menu_link_color":"","ocean_menu_link_color_hover":"","ocean_menu_link_color_active":"","ocean_menu_link_background":"","ocean_menu_link_hover_background":"","ocean_menu_link_active_background":"","ocean_menu_social_links_bg":"","ocean_menu_social_hover_links_bg":"","ocean_menu_social_links_color":"","ocean_menu_social_hover_links_color":"","ocean_disable_title":"default","ocean_disable_heading":"default","ocean_post_title":"","ocean_post_subheading":"","ocean_post_title_style":"","ocean_post_title_background_color":"","ocean_post_title_background":0,"ocean_post_title_bg_image_position":"","ocean_post_title_bg_image_attachment":"","ocean_post_title_bg_image_repeat":"","ocean_post_title_bg_image_size":"","ocean_post_title_height":0,"ocean_post_title_bg_overlay":0.5,"ocean_post_title_bg_overlay_color":"","ocean_disable_breadcrumbs":"default","ocean_breadcrumbs_color":"","ocean_breadcrumbs_separator_color":"","ocean_breadcrumbs_links_color":"","ocean_breadcrumbs_links_hover_color":"","ocean_display_footer_widgets":"default","ocean_display_footer_bottom":"default","ocean_custom_footer_template":"","ocean_post_oembed":"","ocean_post_self_hosted_media":"","ocean_post_video_embed":"","ocean_link_format":"","ocean_link_format_target":"self","ocean_quote_format":"","ocean_quote_format_link":"post","ocean_gallery_link_images":"on","ocean_gallery_id":[],"footnotes":""},"categories":[8],"tags":[],"class_list":["post-27426","post","type-post","status-publish","format-standard","hentry","category-noticias","entry"],"yoast_head":"<!-- This site is optimized with the Yoast SEO plugin v26.5 - https:\/\/yoast.com\/wordpress\/plugins\/seo\/ -->\n<title>LENEP sedia Confer\u00eancia Internacional sobre M\u00e9todos Integrais em Ci\u00eancias e Engenharia - UENF - Universidade Estadual do Norte Fluminense Darcy Ribeiro<\/title>\n<meta name=\"robots\" content=\"noindex, follow, max-snippet:-1, max-image-preview:large, max-video-preview:-1\" \/>\n<meta property=\"og:locale\" content=\"pt_BR\" \/>\n<meta property=\"og:type\" content=\"article\" \/>\n<meta property=\"og:title\" content=\"LENEP sedia Confer\u00eancia Internacional sobre M\u00e9todos Integrais em Ci\u00eancias e Engenharia - UENF - Universidade Estadual do Norte Fluminense Darcy Ribeiro\" \/>\n<meta property=\"og:description\" content=\"&nbsp; O Laborat\u00f3rio de Engenharia e Explora\u00e7\u00e3o de Petr\u00f3leo da UENF, situado no Campus de Maca\u00e9 (RJ), vai sediar na pr\u00f3xima semana a 16\u00aa Confer\u00eancia Internacional sobre M\u00e9todos Integrais em Ci\u00eancias e Engenharia. O evento, que ocorre pela segunda vez no Brasil, contar\u00e1 com a participa\u00e7\u00e3o de 30 a 40 delegados de universidades e empresas [&hellip;]\" \/>\n<meta property=\"og:url\" content=\"https:\/\/portal1.uenf.br\/portal\/noticias\/lenep-sedia-conferencia-internacional-sobre-metodos-em-ciencia-e-engenharia\/\" \/>\n<meta property=\"og:site_name\" content=\"UENF - Universidade Estadual do Norte Fluminense Darcy Ribeiro\" \/>\n<meta property=\"article:published_time\" content=\"2024-07-31T14:43:10+00:00\" \/>\n<meta property=\"og:image\" content=\"https:\/\/uenf.br\/portal\/wp-content\/uploads\/2024\/07\/campus-macae-400x300.jpg\" \/>\n<meta name=\"author\" content=\"admin\" \/>\n<meta name=\"twitter:card\" content=\"summary_large_image\" \/>\n<meta name=\"twitter:label1\" content=\"Escrito por\" \/>\n\t<meta name=\"twitter:data1\" content=\"admin\" \/>\n\t<meta name=\"twitter:label2\" content=\"Est. tempo de leitura\" \/>\n\t<meta name=\"twitter:data2\" content=\"3 minutos\" \/>\n<script type=\"application\/ld+json\" class=\"yoast-schema-graph\">{\"@context\":\"https:\/\/schema.org\",\"@graph\":[{\"@type\":\"Article\",\"@id\":\"https:\/\/portal1.uenf.br\/portal\/noticias\/lenep-sedia-conferencia-internacional-sobre-metodos-em-ciencia-e-engenharia\/#article\",\"isPartOf\":{\"@id\":\"https:\/\/portal1.uenf.br\/portal\/noticias\/lenep-sedia-conferencia-internacional-sobre-metodos-em-ciencia-e-engenharia\/\"},\"author\":{\"name\":\"admin\",\"@id\":\"https:\/\/portal1.uenf.br\/portal\/#\/schema\/person\/068abbf03b6f8478c845bc8ded9270c7\"},\"headline\":\"LENEP sedia Confer\u00eancia Internacional sobre M\u00e9todos Integrais em Ci\u00eancias e Engenharia\",\"datePublished\":\"2024-07-31T14:43:10+00:00\",\"mainEntityOfPage\":{\"@id\":\"https:\/\/portal1.uenf.br\/portal\/noticias\/lenep-sedia-conferencia-internacional-sobre-metodos-em-ciencia-e-engenharia\/\"},\"wordCount\":531,\"publisher\":{\"@id\":\"https:\/\/portal1.uenf.br\/portal\/#organization\"},\"image\":{\"@id\":\"https:\/\/portal1.uenf.br\/portal\/noticias\/lenep-sedia-conferencia-internacional-sobre-metodos-em-ciencia-e-engenharia\/#primaryimage\"},\"thumbnailUrl\":\"https:\/\/uenf.br\/portal\/wp-content\/uploads\/2024\/07\/campus-macae-400x300.jpg\",\"articleSection\":[\"Not\u00edcias\"],\"inLanguage\":\"pt-BR\"},{\"@type\":\"WebPage\",\"@id\":\"https:\/\/portal1.uenf.br\/portal\/noticias\/lenep-sedia-conferencia-internacional-sobre-metodos-em-ciencia-e-engenharia\/\",\"url\":\"https:\/\/portal1.uenf.br\/portal\/noticias\/lenep-sedia-conferencia-internacional-sobre-metodos-em-ciencia-e-engenharia\/\",\"name\":\"LENEP sedia Confer\u00eancia Internacional sobre M\u00e9todos Integrais em Ci\u00eancias e Engenharia - UENF - Universidade Estadual do Norte Fluminense Darcy Ribeiro\",\"isPartOf\":{\"@id\":\"https:\/\/portal1.uenf.br\/portal\/#website\"},\"primaryImageOfPage\":{\"@id\":\"https:\/\/portal1.uenf.br\/portal\/noticias\/lenep-sedia-conferencia-internacional-sobre-metodos-em-ciencia-e-engenharia\/#primaryimage\"},\"image\":{\"@id\":\"https:\/\/portal1.uenf.br\/portal\/noticias\/lenep-sedia-conferencia-internacional-sobre-metodos-em-ciencia-e-engenharia\/#primaryimage\"},\"thumbnailUrl\":\"https:\/\/uenf.br\/portal\/wp-content\/uploads\/2024\/07\/campus-macae-400x300.jpg\",\"datePublished\":\"2024-07-31T14:43:10+00:00\",\"breadcrumb\":{\"@id\":\"https:\/\/portal1.uenf.br\/portal\/noticias\/lenep-sedia-conferencia-internacional-sobre-metodos-em-ciencia-e-engenharia\/#breadcrumb\"},\"inLanguage\":\"pt-BR\",\"potentialAction\":[{\"@type\":\"ReadAction\",\"target\":[\"https:\/\/portal1.uenf.br\/portal\/noticias\/lenep-sedia-conferencia-internacional-sobre-metodos-em-ciencia-e-engenharia\/\"]}]},{\"@type\":\"ImageObject\",\"inLanguage\":\"pt-BR\",\"@id\":\"https:\/\/portal1.uenf.br\/portal\/noticias\/lenep-sedia-conferencia-internacional-sobre-metodos-em-ciencia-e-engenharia\/#primaryimage\",\"url\":\"https:\/\/uenf.br\/portal\/wp-content\/uploads\/2024\/07\/campus-macae-400x300.jpg\",\"contentUrl\":\"https:\/\/uenf.br\/portal\/wp-content\/uploads\/2024\/07\/campus-macae-400x300.jpg\"},{\"@type\":\"BreadcrumbList\",\"@id\":\"https:\/\/portal1.uenf.br\/portal\/noticias\/lenep-sedia-conferencia-internacional-sobre-metodos-em-ciencia-e-engenharia\/#breadcrumb\",\"itemListElement\":[{\"@type\":\"ListItem\",\"position\":1,\"name\":\"In\u00edcio\",\"item\":\"https:\/\/portal1.uenf.br\/portal\/\"},{\"@type\":\"ListItem\",\"position\":2,\"name\":\"LENEP sedia Confer\u00eancia Internacional sobre M\u00e9todos Integrais em Ci\u00eancias e Engenharia\"}]},{\"@type\":\"WebSite\",\"@id\":\"https:\/\/portal1.uenf.br\/portal\/#website\",\"url\":\"https:\/\/portal1.uenf.br\/portal\/\",\"name\":\"UENF - Universidade Estadual do Norte Fluminense Darcy Ribeiro\",\"description\":\"\",\"publisher\":{\"@id\":\"https:\/\/portal1.uenf.br\/portal\/#organization\"},\"potentialAction\":[{\"@type\":\"SearchAction\",\"target\":{\"@type\":\"EntryPoint\",\"urlTemplate\":\"https:\/\/portal1.uenf.br\/portal\/?s={search_term_string}\"},\"query-input\":{\"@type\":\"PropertyValueSpecification\",\"valueRequired\":true,\"valueName\":\"search_term_string\"}}],\"inLanguage\":\"pt-BR\"},{\"@type\":\"Organization\",\"@id\":\"https:\/\/portal1.uenf.br\/portal\/#organization\",\"name\":\"UENF - Universidade Estadual do Norte Fluminense Darcy Ribeiro\",\"url\":\"https:\/\/portal1.uenf.br\/portal\/\",\"logo\":{\"@type\":\"ImageObject\",\"inLanguage\":\"pt-BR\",\"@id\":\"https:\/\/portal1.uenf.br\/portal\/#\/schema\/logo\/image\/\",\"url\":\"https:\/\/portal1.uenf.br\/portal\/wp-content\/uploads\/2018\/06\/logo-uenf-invertido-1.png\",\"contentUrl\":\"https:\/\/portal1.uenf.br\/portal\/wp-content\/uploads\/2018\/06\/logo-uenf-invertido-1.png\",\"width\":482,\"height\":83,\"caption\":\"UENF - Universidade Estadual do Norte Fluminense Darcy Ribeiro\"},\"image\":{\"@id\":\"https:\/\/portal1.uenf.br\/portal\/#\/schema\/logo\/image\/\"}},{\"@type\":\"Person\",\"@id\":\"https:\/\/portal1.uenf.br\/portal\/#\/schema\/person\/068abbf03b6f8478c845bc8ded9270c7\",\"name\":\"admin\",\"image\":{\"@type\":\"ImageObject\",\"inLanguage\":\"pt-BR\",\"@id\":\"https:\/\/portal1.uenf.br\/portal\/#\/schema\/person\/image\/\",\"url\":\"https:\/\/secure.gravatar.com\/avatar\/e5ecf9e4fae0742f4b136f518195bafa7b2d3f7c709f4bdc6707588ef68a6e25?s=96&d=mm&r=g\",\"contentUrl\":\"https:\/\/secure.gravatar.com\/avatar\/e5ecf9e4fae0742f4b136f518195bafa7b2d3f7c709f4bdc6707588ef68a6e25?s=96&d=mm&r=g\",\"caption\":\"admin\"},\"sameAs\":[\"https:\/\/portal1.uenf.br\/portal\"],\"url\":\"https:\/\/portal1.uenf.br\/portal\/author\/edson\/\"}]}<\/script>\n<!-- \/ Yoast SEO plugin. -->","yoast_head_json":{"title":"LENEP sedia Confer\u00eancia Internacional sobre M\u00e9todos Integrais em Ci\u00eancias e Engenharia - UENF - Universidade Estadual do Norte Fluminense Darcy Ribeiro","robots":{"index":"noindex","follow":"follow","max-snippet":"max-snippet:-1","max-image-preview":"max-image-preview:large","max-video-preview":"max-video-preview:-1"},"og_locale":"pt_BR","og_type":"article","og_title":"LENEP sedia Confer\u00eancia Internacional sobre M\u00e9todos Integrais em Ci\u00eancias e Engenharia - UENF - Universidade Estadual do Norte Fluminense Darcy Ribeiro","og_description":"&nbsp; O Laborat\u00f3rio de Engenharia e Explora\u00e7\u00e3o de Petr\u00f3leo da UENF, situado no Campus de Maca\u00e9 (RJ), vai sediar na pr\u00f3xima semana a 16\u00aa Confer\u00eancia Internacional sobre M\u00e9todos Integrais em Ci\u00eancias e Engenharia. O evento, que ocorre pela segunda vez no Brasil, contar\u00e1 com a participa\u00e7\u00e3o de 30 a 40 delegados de universidades e empresas [&hellip;]","og_url":"https:\/\/portal1.uenf.br\/portal\/noticias\/lenep-sedia-conferencia-internacional-sobre-metodos-em-ciencia-e-engenharia\/","og_site_name":"UENF - Universidade Estadual do Norte Fluminense Darcy Ribeiro","article_published_time":"2024-07-31T14:43:10+00:00","og_image":[{"url":"https:\/\/uenf.br\/portal\/wp-content\/uploads\/2024\/07\/campus-macae-400x300.jpg","type":"","width":"","height":""}],"author":"admin","twitter_card":"summary_large_image","twitter_misc":{"Escrito por":"admin","Est. tempo de leitura":"3 minutos"},"schema":{"@context":"https:\/\/schema.org","@graph":[{"@type":"Article","@id":"https:\/\/portal1.uenf.br\/portal\/noticias\/lenep-sedia-conferencia-internacional-sobre-metodos-em-ciencia-e-engenharia\/#article","isPartOf":{"@id":"https:\/\/portal1.uenf.br\/portal\/noticias\/lenep-sedia-conferencia-internacional-sobre-metodos-em-ciencia-e-engenharia\/"},"author":{"name":"admin","@id":"https:\/\/portal1.uenf.br\/portal\/#\/schema\/person\/068abbf03b6f8478c845bc8ded9270c7"},"headline":"LENEP sedia Confer\u00eancia Internacional sobre M\u00e9todos Integrais em Ci\u00eancias e Engenharia","datePublished":"2024-07-31T14:43:10+00:00","mainEntityOfPage":{"@id":"https:\/\/portal1.uenf.br\/portal\/noticias\/lenep-sedia-conferencia-internacional-sobre-metodos-em-ciencia-e-engenharia\/"},"wordCount":531,"publisher":{"@id":"https:\/\/portal1.uenf.br\/portal\/#organization"},"image":{"@id":"https:\/\/portal1.uenf.br\/portal\/noticias\/lenep-sedia-conferencia-internacional-sobre-metodos-em-ciencia-e-engenharia\/#primaryimage"},"thumbnailUrl":"https:\/\/uenf.br\/portal\/wp-content\/uploads\/2024\/07\/campus-macae-400x300.jpg","articleSection":["Not\u00edcias"],"inLanguage":"pt-BR"},{"@type":"WebPage","@id":"https:\/\/portal1.uenf.br\/portal\/noticias\/lenep-sedia-conferencia-internacional-sobre-metodos-em-ciencia-e-engenharia\/","url":"https:\/\/portal1.uenf.br\/portal\/noticias\/lenep-sedia-conferencia-internacional-sobre-metodos-em-ciencia-e-engenharia\/","name":"LENEP sedia Confer\u00eancia Internacional sobre M\u00e9todos Integrais em Ci\u00eancias e Engenharia - UENF - Universidade Estadual do Norte Fluminense Darcy Ribeiro","isPartOf":{"@id":"https:\/\/portal1.uenf.br\/portal\/#website"},"primaryImageOfPage":{"@id":"https:\/\/portal1.uenf.br\/portal\/noticias\/lenep-sedia-conferencia-internacional-sobre-metodos-em-ciencia-e-engenharia\/#primaryimage"},"image":{"@id":"https:\/\/portal1.uenf.br\/portal\/noticias\/lenep-sedia-conferencia-internacional-sobre-metodos-em-ciencia-e-engenharia\/#primaryimage"},"thumbnailUrl":"https:\/\/uenf.br\/portal\/wp-content\/uploads\/2024\/07\/campus-macae-400x300.jpg","datePublished":"2024-07-31T14:43:10+00:00","breadcrumb":{"@id":"https:\/\/portal1.uenf.br\/portal\/noticias\/lenep-sedia-conferencia-internacional-sobre-metodos-em-ciencia-e-engenharia\/#breadcrumb"},"inLanguage":"pt-BR","potentialAction":[{"@type":"ReadAction","target":["https:\/\/portal1.uenf.br\/portal\/noticias\/lenep-sedia-conferencia-internacional-sobre-metodos-em-ciencia-e-engenharia\/"]}]},{"@type":"ImageObject","inLanguage":"pt-BR","@id":"https:\/\/portal1.uenf.br\/portal\/noticias\/lenep-sedia-conferencia-internacional-sobre-metodos-em-ciencia-e-engenharia\/#primaryimage","url":"https:\/\/uenf.br\/portal\/wp-content\/uploads\/2024\/07\/campus-macae-400x300.jpg","contentUrl":"https:\/\/uenf.br\/portal\/wp-content\/uploads\/2024\/07\/campus-macae-400x300.jpg"},{"@type":"BreadcrumbList","@id":"https:\/\/portal1.uenf.br\/portal\/noticias\/lenep-sedia-conferencia-internacional-sobre-metodos-em-ciencia-e-engenharia\/#breadcrumb","itemListElement":[{"@type":"ListItem","position":1,"name":"In\u00edcio","item":"https:\/\/portal1.uenf.br\/portal\/"},{"@type":"ListItem","position":2,"name":"LENEP sedia Confer\u00eancia Internacional sobre M\u00e9todos Integrais em Ci\u00eancias e Engenharia"}]},{"@type":"WebSite","@id":"https:\/\/portal1.uenf.br\/portal\/#website","url":"https:\/\/portal1.uenf.br\/portal\/","name":"UENF - Universidade Estadual do Norte Fluminense Darcy Ribeiro","description":"","publisher":{"@id":"https:\/\/portal1.uenf.br\/portal\/#organization"},"potentialAction":[{"@type":"SearchAction","target":{"@type":"EntryPoint","urlTemplate":"https:\/\/portal1.uenf.br\/portal\/?s={search_term_string}"},"query-input":{"@type":"PropertyValueSpecification","valueRequired":true,"valueName":"search_term_string"}}],"inLanguage":"pt-BR"},{"@type":"Organization","@id":"https:\/\/portal1.uenf.br\/portal\/#organization","name":"UENF - Universidade Estadual do Norte Fluminense Darcy Ribeiro","url":"https:\/\/portal1.uenf.br\/portal\/","logo":{"@type":"ImageObject","inLanguage":"pt-BR","@id":"https:\/\/portal1.uenf.br\/portal\/#\/schema\/logo\/image\/","url":"https:\/\/portal1.uenf.br\/portal\/wp-content\/uploads\/2018\/06\/logo-uenf-invertido-1.png","contentUrl":"https:\/\/portal1.uenf.br\/portal\/wp-content\/uploads\/2018\/06\/logo-uenf-invertido-1.png","width":482,"height":83,"caption":"UENF - Universidade Estadual do Norte Fluminense Darcy Ribeiro"},"image":{"@id":"https:\/\/portal1.uenf.br\/portal\/#\/schema\/logo\/image\/"}},{"@type":"Person","@id":"https:\/\/portal1.uenf.br\/portal\/#\/schema\/person\/068abbf03b6f8478c845bc8ded9270c7","name":"admin","image":{"@type":"ImageObject","inLanguage":"pt-BR","@id":"https:\/\/portal1.uenf.br\/portal\/#\/schema\/person\/image\/","url":"https:\/\/secure.gravatar.com\/avatar\/e5ecf9e4fae0742f4b136f518195bafa7b2d3f7c709f4bdc6707588ef68a6e25?s=96&d=mm&r=g","contentUrl":"https:\/\/secure.gravatar.com\/avatar\/e5ecf9e4fae0742f4b136f518195bafa7b2d3f7c709f4bdc6707588ef68a6e25?s=96&d=mm&r=g","caption":"admin"},"sameAs":["https:\/\/portal1.uenf.br\/portal"],"url":"https:\/\/portal1.uenf.br\/portal\/author\/edson\/"}]}},"_links":{"self":[{"href":"https:\/\/portal1.uenf.br\/portal\/wp-json\/wp\/v2\/posts\/27426","targetHints":{"allow":["GET"]}}],"collection":[{"href":"https:\/\/portal1.uenf.br\/portal\/wp-json\/wp\/v2\/posts"}],"about":[{"href":"https:\/\/portal1.uenf.br\/portal\/wp-json\/wp\/v2\/types\/post"}],"author":[{"embeddable":true,"href":"https:\/\/portal1.uenf.br\/portal\/wp-json\/wp\/v2\/users\/1"}],"replies":[{"embeddable":true,"href":"https:\/\/portal1.uenf.br\/portal\/wp-json\/wp\/v2\/comments?post=27426"}],"version-history":[{"count":0,"href":"https:\/\/portal1.uenf.br\/portal\/wp-json\/wp\/v2\/posts\/27426\/revisions"}],"wp:attachment":[{"href":"https:\/\/portal1.uenf.br\/portal\/wp-json\/wp\/v2\/media?parent=27426"}],"wp:term":[{"taxonomy":"category","embeddable":true,"href":"https:\/\/portal1.uenf.br\/portal\/wp-json\/wp\/v2\/categories?post=27426"},{"taxonomy":"post_tag","embeddable":true,"href":"https:\/\/portal1.uenf.br\/portal\/wp-json\/wp\/v2\/tags?post=27426"}],"curies":[{"name":"wp","href":"https:\/\/api.w.org\/{rel}","templated":true}]}}