{"id":26929,"date":"2024-07-16T12:12:43","date_gmt":"2024-07-16T15:12:43","guid":{"rendered":"https:\/\/uenf.br\/portal\/?p=26929"},"modified":"2024-07-16T12:12:43","modified_gmt":"2024-07-16T15:12:43","slug":"consuni-aprova-titulo-de-doutor-honoris-causa-para-zeze-motta","status":"publish","type":"post","link":"https:\/\/portal1.uenf.br\/portal\/noticias\/consuni-aprova-titulo-de-doutor-honoris-causa-para-zeze-motta\/","title":{"rendered":"CONSUNI aprova t\u00edtulo de Doutora Honoris Causa para Zez\u00e9 Motta"},"content":{"rendered":"<p><strong>Na mesma sess\u00e3o, o CONSUNI tamb\u00e9m aprovou a concess\u00e3o do t\u00edtulo de Professora Em\u00e9rita a Arlete Sendra (CCH)<\/strong><\/p>\n<figure id=\"attachment_26989\" aria-describedby=\"caption-attachment-26989\" style=\"width: 452px\" class=\"wp-caption aligncenter\"><img fetchpriority=\"high\" decoding=\"async\" class=\"wp-image-26989 size-medium\" src=\"https:\/\/uenf.br\/portal\/wp-content\/uploads\/2024\/07\/Zeze-Motta.-Credito-Gustavo-Arrais-1-452x301.jpg\" alt=\"\" width=\"452\" height=\"301\" \/><figcaption id=\"caption-attachment-26989\" class=\"wp-caption-text\">Zez\u00e9 Motta (Foto: Gustavo Arrais)<\/figcaption><\/figure>\n<p>&nbsp;<\/p>\n<p>O Conselho Universit\u00e1rio da UENF (CONSUNI) aprovou na \u00faltima sexta-feira, 12\/07\/24, a concess\u00e3o do t\u00edtulo de Doutora Honoris Causa para a atriz e cantora Zez\u00e9 Motta.\u00a0 Zez\u00e9 Mota \u00e9 a primeira personalidade a receber este t\u00edtulo na UENF. O CONSUNI tamb\u00e9m aprovou a concess\u00e3o do t\u00edtulo de Professora Em\u00e9rita da UENF \u00e0 professora aposentada do Centro de Ci\u00eancias do Homem da UENF (CCH) Arlete Parrilha Sendra.<\/p>\n<p>\u2014 Eu fico muito feliz em saber que sirvo de refer\u00eancia. Penso que valeu a pena todas as batalhas que enfrentei at\u00e9 aqui como mulher preta, como atriz e cantora. Tenho muito orgulho em ser uma das fundadoras do Movimento Negro Unificado contra a Discrimina\u00e7\u00e3o Racial no Brasil. Neste 2024 essa homenagem vem com um sabor ainda melhor, pois estou comemorando meus 80 anos de vida e 40 anos de cria\u00e7\u00e3o do CIDAN, Centro de Informa\u00e7\u00e3o e Documenta\u00e7\u00e3o do Artista Negro no Brasil. Estou viva, em atividade, l\u00facida e com prestigio. Ando com a agenda cheia de trabalho. Isso tudo \u00e9 uma ben\u00e7\u00e3o, todo dia eu agrade\u00e7o \u2014 disse a atriz e cantora Zez\u00e9 Motta.<\/p>\n<p>De acordo com o artigo 83 do Regimento Interno da UENF, o t\u00edtulo de Professor Em\u00e9rito \u00e9 atribu\u00eddo a &#8220;ex-professores que tenham alcan\u00e7ado posi\u00e7\u00e3o eminente no ensino ou na pesquisa&#8221;. J\u00e1 o t\u00edtulo de Doutor Honoris Causa pode ser concedido a &#8220;personalidades que se tenham distinguido, seja pelo saber, seja pela contribui\u00e7\u00e3o fundamental \u00e0 consolida\u00e7\u00e3o da institui\u00e7\u00e3o acad\u00eamica, seja pela atua\u00e7\u00e3o em prol das Artes, das Ci\u00eancias, da Filosofia, das Letras ou de melhor entendimento entre os povos&#8221;.<\/p>\n<p>\u2014 A concess\u00e3o do t\u00edtulo de Doutora Honoris Causa a Zez\u00e9 Motta reflete o compromisso da UENF com a valoriza\u00e7\u00e3o de figuras que, atrav\u00e9s de suas obras e a\u00e7\u00f5es, contribuem significativamente para o enriquecimento cultural e a promo\u00e7\u00e3o da justi\u00e7a social. Zez\u00e9 Motta representa os valores de excel\u00eancia, integridade e dedica\u00e7\u00e3o que nossa universidade preza e promove \u2014 disse a reitora da UENF, professora Rosana Rodrigues.<\/p>\n<p>A proposta de concess\u00e3o do t\u00edtulo de Doutora Honoris Causa a Zez\u00e9 Motta foi feita pela Diretoria de Cultura da UENF. A homenagem reflete, segundo o diretor de Cultura, Giovane Nascimento, a preocupa\u00e7\u00e3o da Universidade em reconhecer os talentos de Campos que, mesmo n\u00e3o abandonando suas ra\u00edzes, muitas vezes n\u00e3o s\u00e3o identificados como campistas.<\/p>\n<p>\u2014 \u00c9 importante destacar ainda a relev\u00e2ncia dela como mulher preta que sai de uma cidade que, lamentavelmente, ainda carrega as feridas da escravid\u00e3o \u2014 assim como o restante do pa\u00eds \u2014, e se coloca como um \u00edcone de uma sociedade. Toda sua luta contra o racismo, a favor da popula\u00e7\u00e3o\u00a0 menos favorecida, d\u00e1 o total brilho dessa nossa homenagem e nos deixa cada vez mais seguros em rela\u00e7\u00e3o a esta indica\u00e7\u00e3o \u2014 disse Giovane.<\/p>\n<p><strong>Arlete Sendra: 24 anos de dedica\u00e7\u00e3o \u00e0 UENF<\/strong><\/p>\n<figure id=\"attachment_26942\" aria-describedby=\"caption-attachment-26942\" style=\"width: 452px\" class=\"wp-caption aligncenter\"><img decoding=\"async\" class=\"wp-image-26942 size-medium\" src=\"https:\/\/uenf.br\/portal\/wp-content\/uploads\/2024\/07\/Arlete-Sendra-Silvana-Rust-27-452x301.jpg\" alt=\"\" width=\"452\" height=\"301\" \/><figcaption id=\"caption-attachment-26942\" class=\"wp-caption-text\">Arlete Sendra<\/figcaption><\/figure>\n<p>&nbsp;<\/p>\n<p>Nascida em Campos dos Goytacazes (RJ), Arlete Sendra atuou por 24 anos como professora e pesquisadora do Laborat\u00f3rio de Cogni\u00e7\u00e3o e Linguagem do Centro de Ci\u00eancias do Homem da UENF (LCL\/CCH), tendo se aposentado em 2020. Durante sua trajet\u00f3ria na Universidade, Arlete trabalhou na Gradua\u00e7\u00e3o e na P\u00f3s- gradua\u00e7\u00e3o, sempre em estudos centrados em literaturas, semi\u00f3tica e estudos culturais.<\/p>\n<p>\u2014 Estamos muito felizes com a decis\u00e3o do Consuni. O t\u00edtulo de Professora Em\u00e9rita \u00e9 uma homenagem que reflete a admira\u00e7\u00e3o e o respeito que colegas, alunos e a comunidade acad\u00eamica t\u00eam pela Professora Arlete Sendra. Sua paix\u00e3o pelo ensino, sua dedica\u00e7\u00e3o incans\u00e1vel \u00e0 institui\u00e7\u00e3o e sua contribui\u00e7\u00e3o cont\u00ednua para a literatura e o teatro s\u00e3o um legado duradouro que continuar\u00e1 a inspirar futuras gera\u00e7\u00f5es \u2014 disse a reitora Rosana Rodrigues.<\/p>\n<p>Arlete disse que foi tomada por &#8220;intensa e profunda emo\u00e7\u00e3o&#8221; ao saber do t\u00edtulo honor\u00edfico. Contou que trabalhar na UENF foi um sonho que virou realidade.<\/p>\n<p>\u2014 Aprendi com este &#8220;em\u00e9rita&#8221; que sonhos s\u00e3o passaportes . Parei de processar a busca de raz\u00f5es e deixei livre o fluir das sensa\u00e7\u00f5es de alegria. Fiz um turismo pelos meus sessenta e dois anos de magist\u00e9rio. Meu passaporte &#8211; carimbo PUC\/Rio &#8211; me abria possibilidades de escolhas de rotas . A UENF era minha meta. A intensidade da emo\u00e7\u00e3o ainda vibra em mim. Um renascer de vida me envolveu. E \u00e9 com a pa\/lavra, este instrumento que penetra nos escaninhos de nosso pensar e lavra ideias, desperta imagin\u00e1rios que agrade\u00e7o \u00e0 UENF a honraria que me foi conferida: muito obrigada. E para viv\u00ea-la mais intensamente, recordo colegas e alunas e alunos que comigo caminharam e com eles compartilho esta nobre distin\u00e7\u00e3o \u2014 disse.<\/p>\n<p><strong>Zez\u00e9 Motta: 80 anos de vida e 56 de carreira<\/strong><\/p>\n<figure id=\"attachment_26946\" aria-describedby=\"caption-attachment-26946\" style=\"width: 452px\" class=\"wp-caption aligncenter\"><img decoding=\"async\" class=\"wp-image-26946 size-medium\" src=\"https:\/\/uenf.br\/portal\/wp-content\/uploads\/2024\/07\/Zeze-Motta-Villa-Maria-452x341.jpeg\" alt=\"\" width=\"452\" height=\"341\" \/><figcaption id=\"caption-attachment-26946\" class=\"wp-caption-text\">Zez\u00e9 Motta no show em 1995 na Villa Maria<\/figcaption><\/figure>\n<p>&nbsp;<\/p>\n<p>Nascida em Barcelos, distrito de S\u00e3o Jo\u00e3o da Barra (RJ), Zez\u00e9 Motta sempre se considerou campista, uma vez que a localidade, na \u00e9poca, pertencia ao munic\u00edpio de Campos dos Goytacazes. Em 10 de junho de 1995, ela realizou um show na Casa de Cultura Villa Maria, no qual chegou a afirmar ser &#8220;campista da gema&#8221;. O show, realizado nas escadarias da Villa, foi acompanhado por um grande p\u00fablico e teve como nome &#8220;Zez\u00e9 in Concert&#8221;.<\/p>\n<p>O p\u00fablico lotou os jardins da Villa para assistir Zez\u00e9 cantar sucessos como \u201cOdara\u201d, \u201cCrioula\u201d, \u201cQueixa\u201d, \u201cTrocando em Mi\u00fados\u201d, \u201cMeu Bem, Meu Mal\u201d, \u201cTigresa\u201d, \u201cSenhora Liberdade\u201d, entre outros, num total de 19 m\u00fasicas. Na ocasi\u00e3o, ela relatou ter recebido um cach\u00ea simb\u00f3lico, colocando-se \u00e0 disposi\u00e7\u00e3o para cantar no local \u201cat\u00e9 de gra\u00e7a\u201d, dado o seu amor pela terra goitac\u00e1.<\/p>\n<p>Uma das artistas mais premiadas do Pa\u00eds, Zez\u00e9 Motta est\u00e1 completando 80 anos de vida. Expoente da cultura afro-brasileira e uma das artistas mais premiadas do Pa\u00eds, Zez\u00e9 Motta \u00e9 uma refer\u00eancia nacional, com 56 anos de carreira, 14 discos gravados e atua\u00e7\u00e3o em 35 novelas e 70 filmes.<\/p>\n<p>Nascida em uma fam\u00edlia humilde, na adolesc\u00eancia, Zez\u00e9 trabalhou como oper\u00e1ria em uma ind\u00fastria farmac\u00eautica para ajudar nas despesas da casa, estudando \u00e0 noite no curso Normal de forma\u00e7\u00e3o de professoras. Aos finais de semana, frequentava o curso do Teatro Tablado, onde se formou atriz. A carreira art\u00edstica no teatro come\u00e7ou na d\u00e9cada de 1960, quando atuou na pe\u00e7a <em>Roda Viva<\/em>, de Chico Buarque.\u00a0Na televis\u00e3o, estreou como atriz em 1968, em um papel coadjuvante na novela da extinta TV Tupi <em>Beto Rockfeller<\/em>.<\/p>\n<p>Em 1976, Zez\u00e9 Motta se notabilizou pela atua\u00e7\u00e3o no filme <em>Xica da Silva<\/em>, de Cac\u00e1 Diegues. Recebeu os pr\u00eamios Air France, Coruja de Ouro, Governador do Estado, bem como o pr\u00eamio de Melhor Atriz no Festival de Cinema de Bras\u00edlia devido \u00e0 sua atua\u00e7\u00e3o no filme.\u00a0Em 2007, Zez\u00e9 Motta recebeu o Trof\u00e9u Oscarito no Festival de Gramado, destinado aos que mais contribu\u00edram para o cinema nacional.Em sua trajet\u00f3ria, Zez\u00e9 tamb\u00e9m se notabilizou como militante do Movimento Negro Unificado (MNU), onde denunciou racismos e atuou ativamente para combat\u00ea-lo.<\/p>\n<p>&nbsp;<\/p>\n<p>&nbsp;<\/p>\n","protected":false},"excerpt":{"rendered":"<p>Na mesma sess\u00e3o, o CONSUNI tamb\u00e9m aprovou a concess\u00e3o do t\u00edtulo de Professora Em\u00e9rita a Arlete Sendra (CCH) &nbsp; O Conselho Universit\u00e1rio da UENF (CONSUNI) aprovou na \u00faltima sexta-feira, 12\/07\/24, a concess\u00e3o do t\u00edtulo de Doutora Honoris Causa para a atriz e cantora Zez\u00e9 Motta.\u00a0 Zez\u00e9 Mota \u00e9 a primeira personalidade a receber este t\u00edtulo [&hellip;]<\/p>\n","protected":false},"author":1,"featured_media":0,"comment_status":"closed","ping_status":"closed","sticky":false,"template":"","format":"standard","meta":{"_eb_attr":"","ocean_post_layout":"","ocean_both_sidebars_style":"","ocean_both_sidebars_content_width":0,"ocean_both_sidebars_sidebars_width":0,"ocean_sidebar":"","ocean_second_sidebar":"","ocean_disable_margins":"enable","ocean_add_body_class":"","ocean_shortcode_before_top_bar":"","ocean_shortcode_after_top_bar":"","ocean_shortcode_before_header":"","ocean_shortcode_after_header":"","ocean_has_shortcode":"","ocean_shortcode_after_title":"","ocean_shortcode_before_footer_widgets":"","ocean_shortcode_after_footer_widgets":"","ocean_shortcode_before_footer_bottom":"","ocean_shortcode_after_footer_bottom":"","ocean_display_top_bar":"default","ocean_display_header":"default","ocean_header_style":"","ocean_center_header_left_menu":"","ocean_custom_header_template":"","ocean_custom_logo":0,"ocean_custom_retina_logo":0,"ocean_custom_logo_max_width":0,"ocean_custom_logo_tablet_max_width":0,"ocean_custom_logo_mobile_max_width":0,"ocean_custom_logo_max_height":0,"ocean_custom_logo_tablet_max_height":0,"ocean_custom_logo_mobile_max_height":0,"ocean_header_custom_menu":"","ocean_menu_typo_font_family":"","ocean_menu_typo_font_subset":"","ocean_menu_typo_font_size":0,"ocean_menu_typo_font_size_tablet":0,"ocean_menu_typo_font_size_mobile":0,"ocean_menu_typo_font_size_unit":"px","ocean_menu_typo_font_weight":"","ocean_menu_typo_font_weight_tablet":"","ocean_menu_typo_font_weight_mobile":"","ocean_menu_typo_transform":"","ocean_menu_typo_transform_tablet":"","ocean_menu_typo_transform_mobile":"","ocean_menu_typo_line_height":0,"ocean_menu_typo_line_height_tablet":0,"ocean_menu_typo_line_height_mobile":0,"ocean_menu_typo_line_height_unit":"","ocean_menu_typo_spacing":0,"ocean_menu_typo_spacing_tablet":0,"ocean_menu_typo_spacing_mobile":0,"ocean_menu_typo_spacing_unit":"","ocean_menu_link_color":"","ocean_menu_link_color_hover":"","ocean_menu_link_color_active":"","ocean_menu_link_background":"","ocean_menu_link_hover_background":"","ocean_menu_link_active_background":"","ocean_menu_social_links_bg":"","ocean_menu_social_hover_links_bg":"","ocean_menu_social_links_color":"","ocean_menu_social_hover_links_color":"","ocean_disable_title":"default","ocean_disable_heading":"default","ocean_post_title":"","ocean_post_subheading":"","ocean_post_title_style":"","ocean_post_title_background_color":"","ocean_post_title_background":0,"ocean_post_title_bg_image_position":"","ocean_post_title_bg_image_attachment":"","ocean_post_title_bg_image_repeat":"","ocean_post_title_bg_image_size":"","ocean_post_title_height":0,"ocean_post_title_bg_overlay":0.5,"ocean_post_title_bg_overlay_color":"","ocean_disable_breadcrumbs":"default","ocean_breadcrumbs_color":"","ocean_breadcrumbs_separator_color":"","ocean_breadcrumbs_links_color":"","ocean_breadcrumbs_links_hover_color":"","ocean_display_footer_widgets":"default","ocean_display_footer_bottom":"default","ocean_custom_footer_template":"","ocean_post_oembed":"","ocean_post_self_hosted_media":"","ocean_post_video_embed":"","ocean_link_format":"","ocean_link_format_target":"self","ocean_quote_format":"","ocean_quote_format_link":"post","ocean_gallery_link_images":"on","ocean_gallery_id":[],"footnotes":""},"categories":[8],"tags":[],"class_list":["post-26929","post","type-post","status-publish","format-standard","hentry","category-noticias","entry"],"yoast_head":"<!-- This site is optimized with the Yoast SEO plugin v26.5 - https:\/\/yoast.com\/wordpress\/plugins\/seo\/ -->\n<title>CONSUNI aprova t\u00edtulo de Doutora Honoris Causa para Zez\u00e9 Motta - UENF - Universidade Estadual do Norte Fluminense Darcy Ribeiro<\/title>\n<meta name=\"robots\" content=\"noindex, follow, max-snippet:-1, max-image-preview:large, max-video-preview:-1\" \/>\n<meta property=\"og:locale\" content=\"pt_BR\" \/>\n<meta property=\"og:type\" content=\"article\" \/>\n<meta property=\"og:title\" content=\"CONSUNI aprova t\u00edtulo de Doutora Honoris Causa para Zez\u00e9 Motta - UENF - Universidade Estadual do Norte Fluminense Darcy Ribeiro\" \/>\n<meta property=\"og:description\" content=\"Na mesma sess\u00e3o, o CONSUNI tamb\u00e9m aprovou a concess\u00e3o do t\u00edtulo de Professora Em\u00e9rita a Arlete Sendra (CCH) &nbsp; O Conselho Universit\u00e1rio da UENF (CONSUNI) aprovou na \u00faltima sexta-feira, 12\/07\/24, a concess\u00e3o do t\u00edtulo de Doutora Honoris Causa para a atriz e cantora Zez\u00e9 Motta.\u00a0 Zez\u00e9 Mota \u00e9 a primeira personalidade a receber este t\u00edtulo [&hellip;]\" \/>\n<meta property=\"og:url\" content=\"https:\/\/portal1.uenf.br\/portal\/noticias\/consuni-aprova-titulo-de-doutor-honoris-causa-para-zeze-motta\/\" \/>\n<meta property=\"og:site_name\" content=\"UENF - Universidade Estadual do Norte Fluminense Darcy Ribeiro\" \/>\n<meta property=\"article:published_time\" content=\"2024-07-16T15:12:43+00:00\" \/>\n<meta property=\"og:image\" content=\"https:\/\/uenf.br\/portal\/wp-content\/uploads\/2024\/07\/Zeze-Motta.-Credito-Gustavo-Arrais-1-452x301.jpg\" \/>\n<meta name=\"author\" content=\"admin\" \/>\n<meta name=\"twitter:card\" content=\"summary_large_image\" \/>\n<meta name=\"twitter:label1\" content=\"Escrito por\" \/>\n\t<meta name=\"twitter:data1\" content=\"admin\" \/>\n\t<meta name=\"twitter:label2\" content=\"Est. tempo de leitura\" \/>\n\t<meta name=\"twitter:data2\" content=\"6 minutos\" \/>\n<script type=\"application\/ld+json\" class=\"yoast-schema-graph\">{\"@context\":\"https:\/\/schema.org\",\"@graph\":[{\"@type\":\"Article\",\"@id\":\"https:\/\/portal1.uenf.br\/portal\/noticias\/consuni-aprova-titulo-de-doutor-honoris-causa-para-zeze-motta\/#article\",\"isPartOf\":{\"@id\":\"https:\/\/portal1.uenf.br\/portal\/noticias\/consuni-aprova-titulo-de-doutor-honoris-causa-para-zeze-motta\/\"},\"author\":{\"name\":\"admin\",\"@id\":\"https:\/\/portal1.uenf.br\/portal\/#\/schema\/person\/068abbf03b6f8478c845bc8ded9270c7\"},\"headline\":\"CONSUNI aprova t\u00edtulo de Doutora Honoris Causa para Zez\u00e9 Motta\",\"datePublished\":\"2024-07-16T15:12:43+00:00\",\"mainEntityOfPage\":{\"@id\":\"https:\/\/portal1.uenf.br\/portal\/noticias\/consuni-aprova-titulo-de-doutor-honoris-causa-para-zeze-motta\/\"},\"wordCount\":1257,\"publisher\":{\"@id\":\"https:\/\/portal1.uenf.br\/portal\/#organization\"},\"image\":{\"@id\":\"https:\/\/portal1.uenf.br\/portal\/noticias\/consuni-aprova-titulo-de-doutor-honoris-causa-para-zeze-motta\/#primaryimage\"},\"thumbnailUrl\":\"https:\/\/uenf.br\/portal\/wp-content\/uploads\/2024\/07\/Zeze-Motta.-Credito-Gustavo-Arrais-1-452x301.jpg\",\"articleSection\":[\"Not\u00edcias\"],\"inLanguage\":\"pt-BR\"},{\"@type\":\"WebPage\",\"@id\":\"https:\/\/portal1.uenf.br\/portal\/noticias\/consuni-aprova-titulo-de-doutor-honoris-causa-para-zeze-motta\/\",\"url\":\"https:\/\/portal1.uenf.br\/portal\/noticias\/consuni-aprova-titulo-de-doutor-honoris-causa-para-zeze-motta\/\",\"name\":\"CONSUNI aprova t\u00edtulo de Doutora Honoris Causa para Zez\u00e9 Motta - UENF - Universidade Estadual do Norte Fluminense Darcy Ribeiro\",\"isPartOf\":{\"@id\":\"https:\/\/portal1.uenf.br\/portal\/#website\"},\"primaryImageOfPage\":{\"@id\":\"https:\/\/portal1.uenf.br\/portal\/noticias\/consuni-aprova-titulo-de-doutor-honoris-causa-para-zeze-motta\/#primaryimage\"},\"image\":{\"@id\":\"https:\/\/portal1.uenf.br\/portal\/noticias\/consuni-aprova-titulo-de-doutor-honoris-causa-para-zeze-motta\/#primaryimage\"},\"thumbnailUrl\":\"https:\/\/uenf.br\/portal\/wp-content\/uploads\/2024\/07\/Zeze-Motta.-Credito-Gustavo-Arrais-1-452x301.jpg\",\"datePublished\":\"2024-07-16T15:12:43+00:00\",\"breadcrumb\":{\"@id\":\"https:\/\/portal1.uenf.br\/portal\/noticias\/consuni-aprova-titulo-de-doutor-honoris-causa-para-zeze-motta\/#breadcrumb\"},\"inLanguage\":\"pt-BR\",\"potentialAction\":[{\"@type\":\"ReadAction\",\"target\":[\"https:\/\/portal1.uenf.br\/portal\/noticias\/consuni-aprova-titulo-de-doutor-honoris-causa-para-zeze-motta\/\"]}]},{\"@type\":\"ImageObject\",\"inLanguage\":\"pt-BR\",\"@id\":\"https:\/\/portal1.uenf.br\/portal\/noticias\/consuni-aprova-titulo-de-doutor-honoris-causa-para-zeze-motta\/#primaryimage\",\"url\":\"https:\/\/uenf.br\/portal\/wp-content\/uploads\/2024\/07\/Zeze-Motta.-Credito-Gustavo-Arrais-1-452x301.jpg\",\"contentUrl\":\"https:\/\/uenf.br\/portal\/wp-content\/uploads\/2024\/07\/Zeze-Motta.-Credito-Gustavo-Arrais-1-452x301.jpg\"},{\"@type\":\"BreadcrumbList\",\"@id\":\"https:\/\/portal1.uenf.br\/portal\/noticias\/consuni-aprova-titulo-de-doutor-honoris-causa-para-zeze-motta\/#breadcrumb\",\"itemListElement\":[{\"@type\":\"ListItem\",\"position\":1,\"name\":\"In\u00edcio\",\"item\":\"https:\/\/portal1.uenf.br\/portal\/\"},{\"@type\":\"ListItem\",\"position\":2,\"name\":\"CONSUNI aprova t\u00edtulo de Doutora Honoris Causa para Zez\u00e9 Motta\"}]},{\"@type\":\"WebSite\",\"@id\":\"https:\/\/portal1.uenf.br\/portal\/#website\",\"url\":\"https:\/\/portal1.uenf.br\/portal\/\",\"name\":\"UENF - Universidade Estadual do Norte Fluminense Darcy Ribeiro\",\"description\":\"\",\"publisher\":{\"@id\":\"https:\/\/portal1.uenf.br\/portal\/#organization\"},\"potentialAction\":[{\"@type\":\"SearchAction\",\"target\":{\"@type\":\"EntryPoint\",\"urlTemplate\":\"https:\/\/portal1.uenf.br\/portal\/?s={search_term_string}\"},\"query-input\":{\"@type\":\"PropertyValueSpecification\",\"valueRequired\":true,\"valueName\":\"search_term_string\"}}],\"inLanguage\":\"pt-BR\"},{\"@type\":\"Organization\",\"@id\":\"https:\/\/portal1.uenf.br\/portal\/#organization\",\"name\":\"UENF - Universidade Estadual do Norte Fluminense Darcy Ribeiro\",\"url\":\"https:\/\/portal1.uenf.br\/portal\/\",\"logo\":{\"@type\":\"ImageObject\",\"inLanguage\":\"pt-BR\",\"@id\":\"https:\/\/portal1.uenf.br\/portal\/#\/schema\/logo\/image\/\",\"url\":\"https:\/\/portal1.uenf.br\/portal\/wp-content\/uploads\/2018\/06\/logo-uenf-invertido-1.png\",\"contentUrl\":\"https:\/\/portal1.uenf.br\/portal\/wp-content\/uploads\/2018\/06\/logo-uenf-invertido-1.png\",\"width\":482,\"height\":83,\"caption\":\"UENF - Universidade Estadual do Norte Fluminense Darcy Ribeiro\"},\"image\":{\"@id\":\"https:\/\/portal1.uenf.br\/portal\/#\/schema\/logo\/image\/\"}},{\"@type\":\"Person\",\"@id\":\"https:\/\/portal1.uenf.br\/portal\/#\/schema\/person\/068abbf03b6f8478c845bc8ded9270c7\",\"name\":\"admin\",\"image\":{\"@type\":\"ImageObject\",\"inLanguage\":\"pt-BR\",\"@id\":\"https:\/\/portal1.uenf.br\/portal\/#\/schema\/person\/image\/\",\"url\":\"https:\/\/secure.gravatar.com\/avatar\/e5ecf9e4fae0742f4b136f518195bafa7b2d3f7c709f4bdc6707588ef68a6e25?s=96&d=mm&r=g\",\"contentUrl\":\"https:\/\/secure.gravatar.com\/avatar\/e5ecf9e4fae0742f4b136f518195bafa7b2d3f7c709f4bdc6707588ef68a6e25?s=96&d=mm&r=g\",\"caption\":\"admin\"},\"sameAs\":[\"https:\/\/portal1.uenf.br\/portal\"],\"url\":\"https:\/\/portal1.uenf.br\/portal\/author\/edson\/\"}]}<\/script>\n<!-- \/ Yoast SEO plugin. -->","yoast_head_json":{"title":"CONSUNI aprova t\u00edtulo de Doutora Honoris Causa para Zez\u00e9 Motta - UENF - Universidade Estadual do Norte Fluminense Darcy Ribeiro","robots":{"index":"noindex","follow":"follow","max-snippet":"max-snippet:-1","max-image-preview":"max-image-preview:large","max-video-preview":"max-video-preview:-1"},"og_locale":"pt_BR","og_type":"article","og_title":"CONSUNI aprova t\u00edtulo de Doutora Honoris Causa para Zez\u00e9 Motta - UENF - Universidade Estadual do Norte Fluminense Darcy Ribeiro","og_description":"Na mesma sess\u00e3o, o CONSUNI tamb\u00e9m aprovou a concess\u00e3o do t\u00edtulo de Professora Em\u00e9rita a Arlete Sendra (CCH) &nbsp; O Conselho Universit\u00e1rio da UENF (CONSUNI) aprovou na \u00faltima sexta-feira, 12\/07\/24, a concess\u00e3o do t\u00edtulo de Doutora Honoris Causa para a atriz e cantora Zez\u00e9 Motta.\u00a0 Zez\u00e9 Mota \u00e9 a primeira personalidade a receber este t\u00edtulo [&hellip;]","og_url":"https:\/\/portal1.uenf.br\/portal\/noticias\/consuni-aprova-titulo-de-doutor-honoris-causa-para-zeze-motta\/","og_site_name":"UENF - Universidade Estadual do Norte Fluminense Darcy Ribeiro","article_published_time":"2024-07-16T15:12:43+00:00","og_image":[{"url":"https:\/\/uenf.br\/portal\/wp-content\/uploads\/2024\/07\/Zeze-Motta.-Credito-Gustavo-Arrais-1-452x301.jpg","type":"","width":"","height":""}],"author":"admin","twitter_card":"summary_large_image","twitter_misc":{"Escrito por":"admin","Est. tempo de leitura":"6 minutos"},"schema":{"@context":"https:\/\/schema.org","@graph":[{"@type":"Article","@id":"https:\/\/portal1.uenf.br\/portal\/noticias\/consuni-aprova-titulo-de-doutor-honoris-causa-para-zeze-motta\/#article","isPartOf":{"@id":"https:\/\/portal1.uenf.br\/portal\/noticias\/consuni-aprova-titulo-de-doutor-honoris-causa-para-zeze-motta\/"},"author":{"name":"admin","@id":"https:\/\/portal1.uenf.br\/portal\/#\/schema\/person\/068abbf03b6f8478c845bc8ded9270c7"},"headline":"CONSUNI aprova t\u00edtulo de Doutora Honoris Causa para Zez\u00e9 Motta","datePublished":"2024-07-16T15:12:43+00:00","mainEntityOfPage":{"@id":"https:\/\/portal1.uenf.br\/portal\/noticias\/consuni-aprova-titulo-de-doutor-honoris-causa-para-zeze-motta\/"},"wordCount":1257,"publisher":{"@id":"https:\/\/portal1.uenf.br\/portal\/#organization"},"image":{"@id":"https:\/\/portal1.uenf.br\/portal\/noticias\/consuni-aprova-titulo-de-doutor-honoris-causa-para-zeze-motta\/#primaryimage"},"thumbnailUrl":"https:\/\/uenf.br\/portal\/wp-content\/uploads\/2024\/07\/Zeze-Motta.-Credito-Gustavo-Arrais-1-452x301.jpg","articleSection":["Not\u00edcias"],"inLanguage":"pt-BR"},{"@type":"WebPage","@id":"https:\/\/portal1.uenf.br\/portal\/noticias\/consuni-aprova-titulo-de-doutor-honoris-causa-para-zeze-motta\/","url":"https:\/\/portal1.uenf.br\/portal\/noticias\/consuni-aprova-titulo-de-doutor-honoris-causa-para-zeze-motta\/","name":"CONSUNI aprova t\u00edtulo de Doutora Honoris Causa para Zez\u00e9 Motta - UENF - Universidade Estadual do Norte Fluminense Darcy Ribeiro","isPartOf":{"@id":"https:\/\/portal1.uenf.br\/portal\/#website"},"primaryImageOfPage":{"@id":"https:\/\/portal1.uenf.br\/portal\/noticias\/consuni-aprova-titulo-de-doutor-honoris-causa-para-zeze-motta\/#primaryimage"},"image":{"@id":"https:\/\/portal1.uenf.br\/portal\/noticias\/consuni-aprova-titulo-de-doutor-honoris-causa-para-zeze-motta\/#primaryimage"},"thumbnailUrl":"https:\/\/uenf.br\/portal\/wp-content\/uploads\/2024\/07\/Zeze-Motta.-Credito-Gustavo-Arrais-1-452x301.jpg","datePublished":"2024-07-16T15:12:43+00:00","breadcrumb":{"@id":"https:\/\/portal1.uenf.br\/portal\/noticias\/consuni-aprova-titulo-de-doutor-honoris-causa-para-zeze-motta\/#breadcrumb"},"inLanguage":"pt-BR","potentialAction":[{"@type":"ReadAction","target":["https:\/\/portal1.uenf.br\/portal\/noticias\/consuni-aprova-titulo-de-doutor-honoris-causa-para-zeze-motta\/"]}]},{"@type":"ImageObject","inLanguage":"pt-BR","@id":"https:\/\/portal1.uenf.br\/portal\/noticias\/consuni-aprova-titulo-de-doutor-honoris-causa-para-zeze-motta\/#primaryimage","url":"https:\/\/uenf.br\/portal\/wp-content\/uploads\/2024\/07\/Zeze-Motta.-Credito-Gustavo-Arrais-1-452x301.jpg","contentUrl":"https:\/\/uenf.br\/portal\/wp-content\/uploads\/2024\/07\/Zeze-Motta.-Credito-Gustavo-Arrais-1-452x301.jpg"},{"@type":"BreadcrumbList","@id":"https:\/\/portal1.uenf.br\/portal\/noticias\/consuni-aprova-titulo-de-doutor-honoris-causa-para-zeze-motta\/#breadcrumb","itemListElement":[{"@type":"ListItem","position":1,"name":"In\u00edcio","item":"https:\/\/portal1.uenf.br\/portal\/"},{"@type":"ListItem","position":2,"name":"CONSUNI aprova t\u00edtulo de Doutora Honoris Causa para Zez\u00e9 Motta"}]},{"@type":"WebSite","@id":"https:\/\/portal1.uenf.br\/portal\/#website","url":"https:\/\/portal1.uenf.br\/portal\/","name":"UENF - Universidade Estadual do Norte Fluminense Darcy Ribeiro","description":"","publisher":{"@id":"https:\/\/portal1.uenf.br\/portal\/#organization"},"potentialAction":[{"@type":"SearchAction","target":{"@type":"EntryPoint","urlTemplate":"https:\/\/portal1.uenf.br\/portal\/?s={search_term_string}"},"query-input":{"@type":"PropertyValueSpecification","valueRequired":true,"valueName":"search_term_string"}}],"inLanguage":"pt-BR"},{"@type":"Organization","@id":"https:\/\/portal1.uenf.br\/portal\/#organization","name":"UENF - Universidade Estadual do Norte Fluminense Darcy Ribeiro","url":"https:\/\/portal1.uenf.br\/portal\/","logo":{"@type":"ImageObject","inLanguage":"pt-BR","@id":"https:\/\/portal1.uenf.br\/portal\/#\/schema\/logo\/image\/","url":"https:\/\/portal1.uenf.br\/portal\/wp-content\/uploads\/2018\/06\/logo-uenf-invertido-1.png","contentUrl":"https:\/\/portal1.uenf.br\/portal\/wp-content\/uploads\/2018\/06\/logo-uenf-invertido-1.png","width":482,"height":83,"caption":"UENF - Universidade Estadual do Norte Fluminense Darcy Ribeiro"},"image":{"@id":"https:\/\/portal1.uenf.br\/portal\/#\/schema\/logo\/image\/"}},{"@type":"Person","@id":"https:\/\/portal1.uenf.br\/portal\/#\/schema\/person\/068abbf03b6f8478c845bc8ded9270c7","name":"admin","image":{"@type":"ImageObject","inLanguage":"pt-BR","@id":"https:\/\/portal1.uenf.br\/portal\/#\/schema\/person\/image\/","url":"https:\/\/secure.gravatar.com\/avatar\/e5ecf9e4fae0742f4b136f518195bafa7b2d3f7c709f4bdc6707588ef68a6e25?s=96&d=mm&r=g","contentUrl":"https:\/\/secure.gravatar.com\/avatar\/e5ecf9e4fae0742f4b136f518195bafa7b2d3f7c709f4bdc6707588ef68a6e25?s=96&d=mm&r=g","caption":"admin"},"sameAs":["https:\/\/portal1.uenf.br\/portal"],"url":"https:\/\/portal1.uenf.br\/portal\/author\/edson\/"}]}},"_links":{"self":[{"href":"https:\/\/portal1.uenf.br\/portal\/wp-json\/wp\/v2\/posts\/26929","targetHints":{"allow":["GET"]}}],"collection":[{"href":"https:\/\/portal1.uenf.br\/portal\/wp-json\/wp\/v2\/posts"}],"about":[{"href":"https:\/\/portal1.uenf.br\/portal\/wp-json\/wp\/v2\/types\/post"}],"author":[{"embeddable":true,"href":"https:\/\/portal1.uenf.br\/portal\/wp-json\/wp\/v2\/users\/1"}],"replies":[{"embeddable":true,"href":"https:\/\/portal1.uenf.br\/portal\/wp-json\/wp\/v2\/comments?post=26929"}],"version-history":[{"count":0,"href":"https:\/\/portal1.uenf.br\/portal\/wp-json\/wp\/v2\/posts\/26929\/revisions"}],"wp:attachment":[{"href":"https:\/\/portal1.uenf.br\/portal\/wp-json\/wp\/v2\/media?parent=26929"}],"wp:term":[{"taxonomy":"category","embeddable":true,"href":"https:\/\/portal1.uenf.br\/portal\/wp-json\/wp\/v2\/categories?post=26929"},{"taxonomy":"post_tag","embeddable":true,"href":"https:\/\/portal1.uenf.br\/portal\/wp-json\/wp\/v2\/tags?post=26929"}],"curies":[{"name":"wp","href":"https:\/\/api.w.org\/{rel}","templated":true}]}}