{"id":26282,"date":"2024-06-21T21:28:50","date_gmt":"2024-06-22T00:28:50","guid":{"rendered":"https:\/\/uenf.br\/portal\/?p=26282"},"modified":"2024-06-21T21:28:50","modified_gmt":"2024-06-22T00:28:50","slug":"conselho-universitario-da-uenf-aprova-titulo-de-benemerita-para-finasinha-queiroz","status":"publish","type":"post","link":"https:\/\/portal1.uenf.br\/portal\/noticias\/conselho-universitario-da-uenf-aprova-titulo-de-benemerita-para-finasinha-queiroz\/","title":{"rendered":"Conselho Universit\u00e1rio da UENF aprova t\u00edtulo de Benem\u00e9rita para Finasinha Queiroz"},"content":{"rendered":"<p><strong>Ela doou em testamento o palacete em que morava para a primeira universidade que se instalasse em Campos dos Goytacazes, onde hoje funciona a Casa de Cultura Villa Maria<\/strong><\/p>\n<p>Em reuni\u00e3o realizada na \u00faltima sexta-feira, 21\/06\/24, o Conselho Universit\u00e1rio da UENF (CONSUNI) aprovou a concess\u00e3o do t\u00edtulo de Benem\u00e9rita \u00e0 senhora Finasinha Queiroz, em reconhecimento \u00e0 doa\u00e7\u00e3o do Palacete que hoje abriga a Casa de Cultura Villa Maria para a UENF. A homenagem \u00e0 Finasinha ser\u00e1 realizada na Sess\u00e3o Solene do CONSUNI durante o anivers\u00e1rio de 31 anos da Universidade, em 16\/08\/24. Tamb\u00e9m ser\u00e1 colocada uma placa em sua homenagem na Casa de Cultura.<\/p>\n<p><img fetchpriority=\"high\" decoding=\"async\" class=\" wp-image-26286 aligncenter\" src=\"https:\/\/uenf.br\/portal\/wp-content\/uploads\/2024\/06\/finasinha-291x452.jpg\" alt=\"\" width=\"335\" height=\"520\" \/><\/p>\n<p><strong>Finasinha<\/strong><\/p>\n<p>Filha de Benedito de Azevedo Queiroz e Teresa Linhares Tinoco Queiroz, donos de uma casa banc\u00e1ria situada na Pra\u00e7a S\u00e3o Salvador (onde hoje est\u00e1 o pr\u00e9dio do Banco do Brasil), Maria Queiroz recebeu o apelido de Finasinha quando pequena, por ter nascido no dia de Finados.<\/p>\n<p>Finasinha nasceu em 1887, na ch\u00e1cara da fam\u00edlia, localizada na rua Gil de G\u00f3is, sendo herdeira de algumas das fam\u00edlias mais ricas de Campos do s\u00e9culo XIX: Queiroz, Tinoco, Greg\u00f3rio e Linhares. Formou-se professora na Escola Normal de Campos, que na \u00e9poca funcionava no Liceu de Humanidades. Quando tinha 19 anos de idade, casou-se com o engenheiro e industrial Atilano Chris\u00f3stomo de Oliveira, dono das usinas Mineiros e S\u00e3o Pedro do Para\u00edso.<\/p>\n<p><strong>O palacete<\/strong><\/p>\n<p>Em 1918, Atilano mandou construir o palacete Villa Maria como um presente para a esposa. Em estilo ecl\u00e9tico, inspirado nas antigas vilas italianas, a casa foi projetada pelo arquiteto Jos\u00e9 Benevento, o mesmo que projetou o Pal\u00e1cio Nilo Pe\u00e7anha (antigo F\u00f3rum) e a Catedral.<\/p>\n<p>O palacete foi palco de grandes festas, com a presen\u00e7a de autoridades. Uma delas foi o presidente Get\u00falio Vargas, que foi recebido duas vezes no local. O ent\u00e3o presidente participou de banquetes e chegou a aparecer do alto da sacada, saudando o p\u00fablico do lado de fora da casa. Outra festa concorrida foi o casamento da filha do casal, Alice, que contou com comemora\u00e7\u00f5es para todas as classes sociais.<\/p>\n<p><img decoding=\"async\" class=\" wp-image-26287 aligncenter\" src=\"https:\/\/uenf.br\/portal\/wp-content\/uploads\/2024\/06\/villa-maria-452x301.jpeg\" alt=\"\" width=\"631\" height=\"420\" \/><\/p>\n<p><strong>&#8216;Rainha da Bondade&#8217;<\/strong><\/p>\n<p>Ao ficar vi\u00fava, em 1944, Finasinha assumiu o comando de todos os neg\u00f3cios do marido \u2014 empresas, usinas e im\u00f3veis. Notabilizou-se por participar e promover eventos sociais e culturais. Um destes eventos foi a Festa do A\u00e7\u00facar, na qual era escolhida a \u201cMiss Usina\u201d, evento que ocorria em agosto, durante a Semana do Sant\u00edssimo Salvador. Era comum a presen\u00e7a de autoridades federais, convidadas pessoalmente por Finasinha.<\/p>\n<p>Ao mesmo tempo que tinha prest\u00edgio entre os poderosos, Finasinha atuava junto aos pobres. Costumava distribuir presentes todos os Natais, quando filas imensas se formavam em frente ao port\u00e3o de sua casa. Tamb\u00e9m ajudava in\u00fameras entidades beneficentes de Campos. Foi escolhida como \u201cmadrinha\u201d do Liceu de Humanidades de Campos, Pol\u00edcia Militar, Associa\u00e7\u00e3o de Imprensa Campista e Lira de Apolo. Na cidade de Campos dos Goytacazes, costumava ser chamada de &#8220;Rainha da Bondade&#8221; devido \u00e0s suas a\u00e7\u00f5es benem\u00e9ritas.<\/p>\n<p><strong>A doa\u00e7\u00e3o do palacete \u00e0 UENF<\/strong><\/p>\n<p>A vida de Finasinha sofreu um rev\u00e9s com a perda de sua \u00fanica filha, Alice, em abril de 1970. Aparentemente, ela n\u00e3o conseguiu superar a perda, pois faleceu apenas alguns meses depois, em 18 de dezembro de 1970, aos 83 anos de idade. Alice n\u00e3o tivera filhos e Finasinha decide, antes de falecer, doar o palacete onde viveu por 52 anos \u00e0 futura universidade de Campos. Vinte e tr\u00eas anos depois, era inaugurada a UENF, e o sonho de Finasinha p\u00f4de, enfim, ser realizado.<\/p>\n<p>A partir de 08 de dezembro de 1993, o palacete passou a sediar a Casa de Cultura Villa Maria, centro cultural da Universidade.<\/p>\n","protected":false},"excerpt":{"rendered":"<p>Ela doou em testamento o palacete em que morava para a primeira universidade que se instalasse em Campos dos Goytacazes, onde hoje funciona a Casa de Cultura Villa Maria Em reuni\u00e3o realizada na \u00faltima sexta-feira, 21\/06\/24, o Conselho Universit\u00e1rio da UENF (CONSUNI) aprovou a concess\u00e3o do t\u00edtulo de Benem\u00e9rita \u00e0 senhora Finasinha Queiroz, em reconhecimento [&hellip;]<\/p>\n","protected":false},"author":1,"featured_media":0,"comment_status":"closed","ping_status":"closed","sticky":false,"template":"","format":"standard","meta":{"_eb_attr":"","ocean_post_layout":"","ocean_both_sidebars_style":"","ocean_both_sidebars_content_width":0,"ocean_both_sidebars_sidebars_width":0,"ocean_sidebar":"","ocean_second_sidebar":"","ocean_disable_margins":"enable","ocean_add_body_class":"","ocean_shortcode_before_top_bar":"","ocean_shortcode_after_top_bar":"","ocean_shortcode_before_header":"","ocean_shortcode_after_header":"","ocean_has_shortcode":"","ocean_shortcode_after_title":"","ocean_shortcode_before_footer_widgets":"","ocean_shortcode_after_footer_widgets":"","ocean_shortcode_before_footer_bottom":"","ocean_shortcode_after_footer_bottom":"","ocean_display_top_bar":"default","ocean_display_header":"default","ocean_header_style":"","ocean_center_header_left_menu":"","ocean_custom_header_template":"","ocean_custom_logo":0,"ocean_custom_retina_logo":0,"ocean_custom_logo_max_width":0,"ocean_custom_logo_tablet_max_width":0,"ocean_custom_logo_mobile_max_width":0,"ocean_custom_logo_max_height":0,"ocean_custom_logo_tablet_max_height":0,"ocean_custom_logo_mobile_max_height":0,"ocean_header_custom_menu":"","ocean_menu_typo_font_family":"","ocean_menu_typo_font_subset":"","ocean_menu_typo_font_size":0,"ocean_menu_typo_font_size_tablet":0,"ocean_menu_typo_font_size_mobile":0,"ocean_menu_typo_font_size_unit":"px","ocean_menu_typo_font_weight":"","ocean_menu_typo_font_weight_tablet":"","ocean_menu_typo_font_weight_mobile":"","ocean_menu_typo_transform":"","ocean_menu_typo_transform_tablet":"","ocean_menu_typo_transform_mobile":"","ocean_menu_typo_line_height":0,"ocean_menu_typo_line_height_tablet":0,"ocean_menu_typo_line_height_mobile":0,"ocean_menu_typo_line_height_unit":"","ocean_menu_typo_spacing":0,"ocean_menu_typo_spacing_tablet":0,"ocean_menu_typo_spacing_mobile":0,"ocean_menu_typo_spacing_unit":"","ocean_menu_link_color":"","ocean_menu_link_color_hover":"","ocean_menu_link_color_active":"","ocean_menu_link_background":"","ocean_menu_link_hover_background":"","ocean_menu_link_active_background":"","ocean_menu_social_links_bg":"","ocean_menu_social_hover_links_bg":"","ocean_menu_social_links_color":"","ocean_menu_social_hover_links_color":"","ocean_disable_title":"default","ocean_disable_heading":"default","ocean_post_title":"","ocean_post_subheading":"","ocean_post_title_style":"","ocean_post_title_background_color":"","ocean_post_title_background":0,"ocean_post_title_bg_image_position":"","ocean_post_title_bg_image_attachment":"","ocean_post_title_bg_image_repeat":"","ocean_post_title_bg_image_size":"","ocean_post_title_height":0,"ocean_post_title_bg_overlay":0.5,"ocean_post_title_bg_overlay_color":"","ocean_disable_breadcrumbs":"default","ocean_breadcrumbs_color":"","ocean_breadcrumbs_separator_color":"","ocean_breadcrumbs_links_color":"","ocean_breadcrumbs_links_hover_color":"","ocean_display_footer_widgets":"default","ocean_display_footer_bottom":"default","ocean_custom_footer_template":"","ocean_post_oembed":"","ocean_post_self_hosted_media":"","ocean_post_video_embed":"","ocean_link_format":"","ocean_link_format_target":"self","ocean_quote_format":"","ocean_quote_format_link":"post","ocean_gallery_link_images":"on","ocean_gallery_id":[],"footnotes":""},"categories":[8],"tags":[],"class_list":["post-26282","post","type-post","status-publish","format-standard","hentry","category-noticias","entry"],"yoast_head":"<!-- This site is optimized with the Yoast SEO plugin v26.5 - https:\/\/yoast.com\/wordpress\/plugins\/seo\/ -->\n<title>Conselho Universit\u00e1rio da UENF aprova t\u00edtulo de Benem\u00e9rita para Finasinha Queiroz - UENF - Universidade Estadual do Norte Fluminense Darcy Ribeiro<\/title>\n<meta name=\"robots\" content=\"noindex, follow, max-snippet:-1, max-image-preview:large, max-video-preview:-1\" \/>\n<meta property=\"og:locale\" content=\"pt_BR\" \/>\n<meta property=\"og:type\" content=\"article\" \/>\n<meta property=\"og:title\" content=\"Conselho Universit\u00e1rio da UENF aprova t\u00edtulo de Benem\u00e9rita para Finasinha Queiroz - UENF - Universidade Estadual do Norte Fluminense Darcy Ribeiro\" \/>\n<meta property=\"og:description\" content=\"Ela doou em testamento o palacete em que morava para a primeira universidade que se instalasse em Campos dos Goytacazes, onde hoje funciona a Casa de Cultura Villa Maria Em reuni\u00e3o realizada na \u00faltima sexta-feira, 21\/06\/24, o Conselho Universit\u00e1rio da UENF (CONSUNI) aprovou a concess\u00e3o do t\u00edtulo de Benem\u00e9rita \u00e0 senhora Finasinha Queiroz, em reconhecimento [&hellip;]\" \/>\n<meta property=\"og:url\" content=\"https:\/\/portal1.uenf.br\/portal\/noticias\/conselho-universitario-da-uenf-aprova-titulo-de-benemerita-para-finasinha-queiroz\/\" \/>\n<meta property=\"og:site_name\" content=\"UENF - Universidade Estadual do Norte Fluminense Darcy Ribeiro\" \/>\n<meta property=\"article:published_time\" content=\"2024-06-22T00:28:50+00:00\" \/>\n<meta property=\"og:image\" content=\"https:\/\/uenf.br\/portal\/wp-content\/uploads\/2024\/06\/finasinha-291x452.jpg\" \/>\n<meta name=\"author\" content=\"admin\" \/>\n<meta name=\"twitter:card\" content=\"summary_large_image\" \/>\n<meta name=\"twitter:label1\" content=\"Escrito por\" \/>\n\t<meta name=\"twitter:data1\" content=\"admin\" \/>\n\t<meta name=\"twitter:label2\" content=\"Est. tempo de leitura\" \/>\n\t<meta name=\"twitter:data2\" content=\"3 minutos\" \/>\n<script type=\"application\/ld+json\" class=\"yoast-schema-graph\">{\"@context\":\"https:\/\/schema.org\",\"@graph\":[{\"@type\":\"Article\",\"@id\":\"https:\/\/portal1.uenf.br\/portal\/noticias\/conselho-universitario-da-uenf-aprova-titulo-de-benemerita-para-finasinha-queiroz\/#article\",\"isPartOf\":{\"@id\":\"https:\/\/portal1.uenf.br\/portal\/noticias\/conselho-universitario-da-uenf-aprova-titulo-de-benemerita-para-finasinha-queiroz\/\"},\"author\":{\"name\":\"admin\",\"@id\":\"https:\/\/portal1.uenf.br\/portal\/#\/schema\/person\/068abbf03b6f8478c845bc8ded9270c7\"},\"headline\":\"Conselho Universit\u00e1rio da UENF aprova t\u00edtulo de Benem\u00e9rita para Finasinha Queiroz\",\"datePublished\":\"2024-06-22T00:28:50+00:00\",\"mainEntityOfPage\":{\"@id\":\"https:\/\/portal1.uenf.br\/portal\/noticias\/conselho-universitario-da-uenf-aprova-titulo-de-benemerita-para-finasinha-queiroz\/\"},\"wordCount\":642,\"publisher\":{\"@id\":\"https:\/\/portal1.uenf.br\/portal\/#organization\"},\"image\":{\"@id\":\"https:\/\/portal1.uenf.br\/portal\/noticias\/conselho-universitario-da-uenf-aprova-titulo-de-benemerita-para-finasinha-queiroz\/#primaryimage\"},\"thumbnailUrl\":\"https:\/\/uenf.br\/portal\/wp-content\/uploads\/2024\/06\/finasinha-291x452.jpg\",\"articleSection\":[\"Not\u00edcias\"],\"inLanguage\":\"pt-BR\"},{\"@type\":\"WebPage\",\"@id\":\"https:\/\/portal1.uenf.br\/portal\/noticias\/conselho-universitario-da-uenf-aprova-titulo-de-benemerita-para-finasinha-queiroz\/\",\"url\":\"https:\/\/portal1.uenf.br\/portal\/noticias\/conselho-universitario-da-uenf-aprova-titulo-de-benemerita-para-finasinha-queiroz\/\",\"name\":\"Conselho Universit\u00e1rio da UENF aprova t\u00edtulo de Benem\u00e9rita para Finasinha Queiroz - UENF - Universidade Estadual do Norte Fluminense Darcy Ribeiro\",\"isPartOf\":{\"@id\":\"https:\/\/portal1.uenf.br\/portal\/#website\"},\"primaryImageOfPage\":{\"@id\":\"https:\/\/portal1.uenf.br\/portal\/noticias\/conselho-universitario-da-uenf-aprova-titulo-de-benemerita-para-finasinha-queiroz\/#primaryimage\"},\"image\":{\"@id\":\"https:\/\/portal1.uenf.br\/portal\/noticias\/conselho-universitario-da-uenf-aprova-titulo-de-benemerita-para-finasinha-queiroz\/#primaryimage\"},\"thumbnailUrl\":\"https:\/\/uenf.br\/portal\/wp-content\/uploads\/2024\/06\/finasinha-291x452.jpg\",\"datePublished\":\"2024-06-22T00:28:50+00:00\",\"breadcrumb\":{\"@id\":\"https:\/\/portal1.uenf.br\/portal\/noticias\/conselho-universitario-da-uenf-aprova-titulo-de-benemerita-para-finasinha-queiroz\/#breadcrumb\"},\"inLanguage\":\"pt-BR\",\"potentialAction\":[{\"@type\":\"ReadAction\",\"target\":[\"https:\/\/portal1.uenf.br\/portal\/noticias\/conselho-universitario-da-uenf-aprova-titulo-de-benemerita-para-finasinha-queiroz\/\"]}]},{\"@type\":\"ImageObject\",\"inLanguage\":\"pt-BR\",\"@id\":\"https:\/\/portal1.uenf.br\/portal\/noticias\/conselho-universitario-da-uenf-aprova-titulo-de-benemerita-para-finasinha-queiroz\/#primaryimage\",\"url\":\"https:\/\/uenf.br\/portal\/wp-content\/uploads\/2024\/06\/finasinha-291x452.jpg\",\"contentUrl\":\"https:\/\/uenf.br\/portal\/wp-content\/uploads\/2024\/06\/finasinha-291x452.jpg\"},{\"@type\":\"BreadcrumbList\",\"@id\":\"https:\/\/portal1.uenf.br\/portal\/noticias\/conselho-universitario-da-uenf-aprova-titulo-de-benemerita-para-finasinha-queiroz\/#breadcrumb\",\"itemListElement\":[{\"@type\":\"ListItem\",\"position\":1,\"name\":\"In\u00edcio\",\"item\":\"https:\/\/portal1.uenf.br\/portal\/\"},{\"@type\":\"ListItem\",\"position\":2,\"name\":\"Conselho Universit\u00e1rio da UENF aprova t\u00edtulo de Benem\u00e9rita para Finasinha Queiroz\"}]},{\"@type\":\"WebSite\",\"@id\":\"https:\/\/portal1.uenf.br\/portal\/#website\",\"url\":\"https:\/\/portal1.uenf.br\/portal\/\",\"name\":\"UENF - Universidade Estadual do Norte Fluminense Darcy Ribeiro\",\"description\":\"\",\"publisher\":{\"@id\":\"https:\/\/portal1.uenf.br\/portal\/#organization\"},\"potentialAction\":[{\"@type\":\"SearchAction\",\"target\":{\"@type\":\"EntryPoint\",\"urlTemplate\":\"https:\/\/portal1.uenf.br\/portal\/?s={search_term_string}\"},\"query-input\":{\"@type\":\"PropertyValueSpecification\",\"valueRequired\":true,\"valueName\":\"search_term_string\"}}],\"inLanguage\":\"pt-BR\"},{\"@type\":\"Organization\",\"@id\":\"https:\/\/portal1.uenf.br\/portal\/#organization\",\"name\":\"UENF - Universidade Estadual do Norte Fluminense Darcy Ribeiro\",\"url\":\"https:\/\/portal1.uenf.br\/portal\/\",\"logo\":{\"@type\":\"ImageObject\",\"inLanguage\":\"pt-BR\",\"@id\":\"https:\/\/portal1.uenf.br\/portal\/#\/schema\/logo\/image\/\",\"url\":\"https:\/\/portal1.uenf.br\/portal\/wp-content\/uploads\/2018\/06\/logo-uenf-invertido-1.png\",\"contentUrl\":\"https:\/\/portal1.uenf.br\/portal\/wp-content\/uploads\/2018\/06\/logo-uenf-invertido-1.png\",\"width\":482,\"height\":83,\"caption\":\"UENF - Universidade Estadual do Norte Fluminense Darcy Ribeiro\"},\"image\":{\"@id\":\"https:\/\/portal1.uenf.br\/portal\/#\/schema\/logo\/image\/\"}},{\"@type\":\"Person\",\"@id\":\"https:\/\/portal1.uenf.br\/portal\/#\/schema\/person\/068abbf03b6f8478c845bc8ded9270c7\",\"name\":\"admin\",\"image\":{\"@type\":\"ImageObject\",\"inLanguage\":\"pt-BR\",\"@id\":\"https:\/\/portal1.uenf.br\/portal\/#\/schema\/person\/image\/\",\"url\":\"https:\/\/secure.gravatar.com\/avatar\/e5ecf9e4fae0742f4b136f518195bafa7b2d3f7c709f4bdc6707588ef68a6e25?s=96&d=mm&r=g\",\"contentUrl\":\"https:\/\/secure.gravatar.com\/avatar\/e5ecf9e4fae0742f4b136f518195bafa7b2d3f7c709f4bdc6707588ef68a6e25?s=96&d=mm&r=g\",\"caption\":\"admin\"},\"sameAs\":[\"https:\/\/portal1.uenf.br\/portal\"],\"url\":\"https:\/\/portal1.uenf.br\/portal\/author\/edson\/\"}]}<\/script>\n<!-- \/ Yoast SEO plugin. -->","yoast_head_json":{"title":"Conselho Universit\u00e1rio da UENF aprova t\u00edtulo de Benem\u00e9rita para Finasinha Queiroz - UENF - Universidade Estadual do Norte Fluminense Darcy Ribeiro","robots":{"index":"noindex","follow":"follow","max-snippet":"max-snippet:-1","max-image-preview":"max-image-preview:large","max-video-preview":"max-video-preview:-1"},"og_locale":"pt_BR","og_type":"article","og_title":"Conselho Universit\u00e1rio da UENF aprova t\u00edtulo de Benem\u00e9rita para Finasinha Queiroz - UENF - Universidade Estadual do Norte Fluminense Darcy Ribeiro","og_description":"Ela doou em testamento o palacete em que morava para a primeira universidade que se instalasse em Campos dos Goytacazes, onde hoje funciona a Casa de Cultura Villa Maria Em reuni\u00e3o realizada na \u00faltima sexta-feira, 21\/06\/24, o Conselho Universit\u00e1rio da UENF (CONSUNI) aprovou a concess\u00e3o do t\u00edtulo de Benem\u00e9rita \u00e0 senhora Finasinha Queiroz, em reconhecimento [&hellip;]","og_url":"https:\/\/portal1.uenf.br\/portal\/noticias\/conselho-universitario-da-uenf-aprova-titulo-de-benemerita-para-finasinha-queiroz\/","og_site_name":"UENF - Universidade Estadual do Norte Fluminense Darcy Ribeiro","article_published_time":"2024-06-22T00:28:50+00:00","og_image":[{"url":"https:\/\/uenf.br\/portal\/wp-content\/uploads\/2024\/06\/finasinha-291x452.jpg","type":"","width":"","height":""}],"author":"admin","twitter_card":"summary_large_image","twitter_misc":{"Escrito por":"admin","Est. tempo de leitura":"3 minutos"},"schema":{"@context":"https:\/\/schema.org","@graph":[{"@type":"Article","@id":"https:\/\/portal1.uenf.br\/portal\/noticias\/conselho-universitario-da-uenf-aprova-titulo-de-benemerita-para-finasinha-queiroz\/#article","isPartOf":{"@id":"https:\/\/portal1.uenf.br\/portal\/noticias\/conselho-universitario-da-uenf-aprova-titulo-de-benemerita-para-finasinha-queiroz\/"},"author":{"name":"admin","@id":"https:\/\/portal1.uenf.br\/portal\/#\/schema\/person\/068abbf03b6f8478c845bc8ded9270c7"},"headline":"Conselho Universit\u00e1rio da UENF aprova t\u00edtulo de Benem\u00e9rita para Finasinha Queiroz","datePublished":"2024-06-22T00:28:50+00:00","mainEntityOfPage":{"@id":"https:\/\/portal1.uenf.br\/portal\/noticias\/conselho-universitario-da-uenf-aprova-titulo-de-benemerita-para-finasinha-queiroz\/"},"wordCount":642,"publisher":{"@id":"https:\/\/portal1.uenf.br\/portal\/#organization"},"image":{"@id":"https:\/\/portal1.uenf.br\/portal\/noticias\/conselho-universitario-da-uenf-aprova-titulo-de-benemerita-para-finasinha-queiroz\/#primaryimage"},"thumbnailUrl":"https:\/\/uenf.br\/portal\/wp-content\/uploads\/2024\/06\/finasinha-291x452.jpg","articleSection":["Not\u00edcias"],"inLanguage":"pt-BR"},{"@type":"WebPage","@id":"https:\/\/portal1.uenf.br\/portal\/noticias\/conselho-universitario-da-uenf-aprova-titulo-de-benemerita-para-finasinha-queiroz\/","url":"https:\/\/portal1.uenf.br\/portal\/noticias\/conselho-universitario-da-uenf-aprova-titulo-de-benemerita-para-finasinha-queiroz\/","name":"Conselho Universit\u00e1rio da UENF aprova t\u00edtulo de Benem\u00e9rita para Finasinha Queiroz - UENF - Universidade Estadual do Norte Fluminense Darcy Ribeiro","isPartOf":{"@id":"https:\/\/portal1.uenf.br\/portal\/#website"},"primaryImageOfPage":{"@id":"https:\/\/portal1.uenf.br\/portal\/noticias\/conselho-universitario-da-uenf-aprova-titulo-de-benemerita-para-finasinha-queiroz\/#primaryimage"},"image":{"@id":"https:\/\/portal1.uenf.br\/portal\/noticias\/conselho-universitario-da-uenf-aprova-titulo-de-benemerita-para-finasinha-queiroz\/#primaryimage"},"thumbnailUrl":"https:\/\/uenf.br\/portal\/wp-content\/uploads\/2024\/06\/finasinha-291x452.jpg","datePublished":"2024-06-22T00:28:50+00:00","breadcrumb":{"@id":"https:\/\/portal1.uenf.br\/portal\/noticias\/conselho-universitario-da-uenf-aprova-titulo-de-benemerita-para-finasinha-queiroz\/#breadcrumb"},"inLanguage":"pt-BR","potentialAction":[{"@type":"ReadAction","target":["https:\/\/portal1.uenf.br\/portal\/noticias\/conselho-universitario-da-uenf-aprova-titulo-de-benemerita-para-finasinha-queiroz\/"]}]},{"@type":"ImageObject","inLanguage":"pt-BR","@id":"https:\/\/portal1.uenf.br\/portal\/noticias\/conselho-universitario-da-uenf-aprova-titulo-de-benemerita-para-finasinha-queiroz\/#primaryimage","url":"https:\/\/uenf.br\/portal\/wp-content\/uploads\/2024\/06\/finasinha-291x452.jpg","contentUrl":"https:\/\/uenf.br\/portal\/wp-content\/uploads\/2024\/06\/finasinha-291x452.jpg"},{"@type":"BreadcrumbList","@id":"https:\/\/portal1.uenf.br\/portal\/noticias\/conselho-universitario-da-uenf-aprova-titulo-de-benemerita-para-finasinha-queiroz\/#breadcrumb","itemListElement":[{"@type":"ListItem","position":1,"name":"In\u00edcio","item":"https:\/\/portal1.uenf.br\/portal\/"},{"@type":"ListItem","position":2,"name":"Conselho Universit\u00e1rio da UENF aprova t\u00edtulo de Benem\u00e9rita para Finasinha Queiroz"}]},{"@type":"WebSite","@id":"https:\/\/portal1.uenf.br\/portal\/#website","url":"https:\/\/portal1.uenf.br\/portal\/","name":"UENF - Universidade Estadual do Norte Fluminense Darcy Ribeiro","description":"","publisher":{"@id":"https:\/\/portal1.uenf.br\/portal\/#organization"},"potentialAction":[{"@type":"SearchAction","target":{"@type":"EntryPoint","urlTemplate":"https:\/\/portal1.uenf.br\/portal\/?s={search_term_string}"},"query-input":{"@type":"PropertyValueSpecification","valueRequired":true,"valueName":"search_term_string"}}],"inLanguage":"pt-BR"},{"@type":"Organization","@id":"https:\/\/portal1.uenf.br\/portal\/#organization","name":"UENF - Universidade Estadual do Norte Fluminense Darcy Ribeiro","url":"https:\/\/portal1.uenf.br\/portal\/","logo":{"@type":"ImageObject","inLanguage":"pt-BR","@id":"https:\/\/portal1.uenf.br\/portal\/#\/schema\/logo\/image\/","url":"https:\/\/portal1.uenf.br\/portal\/wp-content\/uploads\/2018\/06\/logo-uenf-invertido-1.png","contentUrl":"https:\/\/portal1.uenf.br\/portal\/wp-content\/uploads\/2018\/06\/logo-uenf-invertido-1.png","width":482,"height":83,"caption":"UENF - Universidade Estadual do Norte Fluminense Darcy Ribeiro"},"image":{"@id":"https:\/\/portal1.uenf.br\/portal\/#\/schema\/logo\/image\/"}},{"@type":"Person","@id":"https:\/\/portal1.uenf.br\/portal\/#\/schema\/person\/068abbf03b6f8478c845bc8ded9270c7","name":"admin","image":{"@type":"ImageObject","inLanguage":"pt-BR","@id":"https:\/\/portal1.uenf.br\/portal\/#\/schema\/person\/image\/","url":"https:\/\/secure.gravatar.com\/avatar\/e5ecf9e4fae0742f4b136f518195bafa7b2d3f7c709f4bdc6707588ef68a6e25?s=96&d=mm&r=g","contentUrl":"https:\/\/secure.gravatar.com\/avatar\/e5ecf9e4fae0742f4b136f518195bafa7b2d3f7c709f4bdc6707588ef68a6e25?s=96&d=mm&r=g","caption":"admin"},"sameAs":["https:\/\/portal1.uenf.br\/portal"],"url":"https:\/\/portal1.uenf.br\/portal\/author\/edson\/"}]}},"_links":{"self":[{"href":"https:\/\/portal1.uenf.br\/portal\/wp-json\/wp\/v2\/posts\/26282","targetHints":{"allow":["GET"]}}],"collection":[{"href":"https:\/\/portal1.uenf.br\/portal\/wp-json\/wp\/v2\/posts"}],"about":[{"href":"https:\/\/portal1.uenf.br\/portal\/wp-json\/wp\/v2\/types\/post"}],"author":[{"embeddable":true,"href":"https:\/\/portal1.uenf.br\/portal\/wp-json\/wp\/v2\/users\/1"}],"replies":[{"embeddable":true,"href":"https:\/\/portal1.uenf.br\/portal\/wp-json\/wp\/v2\/comments?post=26282"}],"version-history":[{"count":0,"href":"https:\/\/portal1.uenf.br\/portal\/wp-json\/wp\/v2\/posts\/26282\/revisions"}],"wp:attachment":[{"href":"https:\/\/portal1.uenf.br\/portal\/wp-json\/wp\/v2\/media?parent=26282"}],"wp:term":[{"taxonomy":"category","embeddable":true,"href":"https:\/\/portal1.uenf.br\/portal\/wp-json\/wp\/v2\/categories?post=26282"},{"taxonomy":"post_tag","embeddable":true,"href":"https:\/\/portal1.uenf.br\/portal\/wp-json\/wp\/v2\/tags?post=26282"}],"curies":[{"name":"wp","href":"https:\/\/api.w.org\/{rel}","templated":true}]}}