{"id":24723,"date":"2024-05-28T13:39:21","date_gmt":"2024-05-28T16:39:21","guid":{"rendered":"https:\/\/uenf.br\/portal\/?p=24723"},"modified":"2024-05-28T13:39:21","modified_gmt":"2024-05-28T16:39:21","slug":"encanto-na-villa-acontece-no-proximo-dia-8","status":"publish","type":"post","link":"https:\/\/portal1.uenf.br\/portal\/noticias\/encanto-na-villa-acontece-no-proximo-dia-8\/","title":{"rendered":"Encanto na Villa acontece no pr\u00f3ximo dia 8"},"content":{"rendered":"\n<p><em><strong>Casa de Cultura  recebe quarta edi\u00e7\u00e3o do evento no segundo s\u00e1bado de junho, a partir das 17h<\/strong><\/em><\/p>\n\n\n<div class=\"wp-block-image\">\n<figure class=\"aligncenter size-large is-resized\"><img decoding=\"async\" src=\"https:\/\/uenf.br\/portal\/wp-content\/uploads\/2024\/05\/encanto-na-villa-576x1024.jpeg\" alt=\"\" class=\"wp-image-24728\" style=\"width:375px;height:auto\"\/><\/figure>\n<\/div>\n\n\n<p>A palavra encanto significa a pr\u00e1tica de cativar, fascinar por suas boas qualidades. Encanto \u00e9 a qualidade do que \u00e9 considerado agrad\u00e1vel. \u00c9 aquilo que deslumbra. E esse \u00e9 o objetivo do Encanto na Villa. A quarta edi\u00e7\u00e3o do j\u00e1 tradicional evento realizado pelo Coral da Universidade Estadual do Norte Fluminense Darcy Ribeiro (UENF) acontece no dia 8 de junho, a partir das 17h, na Casa de Cultura Villa Maria.<\/p>\n\n\n\n<p>O IV Encanto da Villa acontece com a proposta de promover uma tarde\/noite especial nos jardins da Casa de Cultura da UENF, com muita m\u00fasica boa, teatro, artesanato e gastronomia. A apresenta\u00e7\u00e3o cultural que est\u00e1 sendo preparada pelo grupo vai muito al\u00e9m do que se imagina quando se fala em Coral.<\/p>\n\n\n\n<p>Quem visitar os jardins da Villa Maria no segundo s\u00e1bado do m\u00eas de junho ter\u00e1 a oportunidade de se encantar, com cl\u00e1ssicos da MPB e internacionais, interpretados de forma in\u00e9dita pelo Coral da UENF. Ser\u00e3o 30 m\u00fasicas escolhidas pelos pr\u00f3prios coralistas, apresentadas em formato solo, dupla ou trio, na companhia de uma banda completa, com bateria, baixo, guitarra, teclado, sax e percuss\u00e3o. Um show diversificado, din\u00e2mico, surpreendente e verdadeiramente encantador, levando \u00e0 Villa uma oportunidade incr\u00edvel de aprecia\u00e7\u00e3o musical.&nbsp;<\/p>\n\n\n\n<p>O Encanto na Villa nasce em 2022, atrav\u00e9s de uma iniciativa do produtor musical Andr\u00e9 Rangel, com o intuito de promover uma din\u00e2mica para integrar o grupo no retorno das atividades p\u00f3s-pandemia. Hoje, se firma cada vez mais como um evento j\u00e1 tradicional no calend\u00e1rio cultural da UENF<\/p>\n\n\n\n<p>\u2014 A ideia surgiu h\u00e1 dois anos. Criamos na \u00e9poca um evento para que os coralistas pudessem interagir e se divertir. Come\u00e7ou simples, mas foi ficando cada vez mais sofisticado e atraindo um p\u00fablico que gosta de apreciar uma boa m\u00fasica. Nosso objetivo \u00e9 ir al\u00e9m de uma apresenta\u00e7\u00e3o do coral, mostrar os talentos individuais dos nossos coralistas. \u00c9 uma das nossas propostas musicais que acontecem com objetivo de contemplar n\u00e3o apenas os integrantes do coro, como tamb\u00e9m o p\u00fablico que nos assiste \u2014 destaca Andr\u00e9.<\/p>\n\n\n\n<p>O Encanto \u00e9 um momento em que o Coral da UENF mostra que \u00e9 um grupo, com trabalho em equipe, mas que tamb\u00e9m valoriza a diversidade, as particularidades de cada integrante, destacando suas prefer\u00eancias musicais, em diferentes formas de cantar e se apresentar. Assim, o evento chega \u00e0 sua quarta edi\u00e7\u00e3o com a proposta de levar \u00e0 Villa uma apresenta\u00e7\u00e3o com din\u00e2mica, movimento, as individualidades e o talento de cada coralista.<\/p>\n\n\n\n<p>\u2014 Quando voltamos para o formato presencial, senti a necessidade de criar alguma din\u00e2mica musical que pudesse divertir os coralistas e tornar os ensaios ainda mais prazerosos. Eis que nasce o &#8220;Solos de Quinta&#8221;, mais conhecido como &#8220;A Hora do Recreio&#8221;, onde, todas as quintas-feiras, ao final do ensaio, um integrante realiza uma apresenta\u00e7\u00e3o solo, com repert\u00f3rio de livre escolha. \u00c9 um momento de aprecia\u00e7\u00e3o musical e descontra\u00e7\u00e3o. A din\u00e2mica foi crescendo at\u00e9 que o diretor musical Andr\u00e9 Rangel teve a ideia de levar &#8220;A Hora do Recreio&#8221; para os jardins da Casa de Cultura Villa Maria de forma que pudesse ser apreciada, agora, pelo grande p\u00fablico. Assim surgiu o Encanto na Villa. A inten\u00e7\u00e3o \u00e9 integrar universidade e comunidade, fortalecendo cada vez mais a extens\u00e3o. E al\u00e9m do repert\u00f3rio vast\u00edssimo, teremos uma abertura teatral com integrantes do pr\u00f3prio coro. Vale a pena conferir \u2014 destaca a regente \u00c9rica Pontes.<\/p>\n\n\n\n<p>O embri\u00e3o da atividade musical na UENF teve in\u00edcio em 1997, como Coral da UENF, sob a reg\u00eancia de Fa\u00edco Ara\u00fajo, tendo a Casa de Cultura Villa Maria como palco de ensaios. Em 2008, o Coral torna-se projeto de extens\u00e3o da universidade. J\u00e1 em 2018, o produtor musical Andr\u00e9 Rangel e a maestrina \u00c9rica Pontes assumem a dire\u00e7\u00e3o do grupo, onde permanecem at\u00e9 os dias atuais. Atualmente, s\u00e3o 60 componentes ass\u00edduos, entre alunos e pessoas da comunidade.\u00a0<\/p>\n\n\n<div class=\"wp-block-image\">\n<figure class=\"aligncenter size-large is-resized\"><img decoding=\"async\" src=\"https:\/\/uenf.br\/portal\/wp-content\/uploads\/2024\/05\/foto-1-1-1024x685.jpg\" alt=\"\" class=\"wp-image-24730\" style=\"width:661px;height:auto\"\/><\/figure>\n<\/div>\n\n\n<p>\u2014 Eu entrei para o coral em 2008. Ap\u00f3s algum tempo afastada, retornei em 2019, j\u00e1 sob a reg\u00eancia da atual maestrina \u00c9rica Pontes. Fui coordenadora do grupo em 2022 e 2023, quando fizemos o Encanto na Villa, o musical Certas Can\u00e7\u00f5es, dentre outros trabalhos. Me apresentei no I Encanto da Villa cantando Ponta de Areia de Milton Nascimento \u00e0 capela. No II Encanto tomei coragem para me apresentar com a banda e cantei Imagine, do John Lennon. J\u00e1 no III Encanto da Villa, fiz um dueto interpretando <em>Let it Be<\/em>, dos Beatles. Para a quarta edi\u00e7\u00e3o farei novamente um dueto mas n\u00e3o darei <em>spoiler<\/em> da can\u00e7\u00e3o. Convido a todos para passar momentos de lazer, com boa m\u00fasica, gastronomia e artesanato \u2014 comenta a coralista Virginia Carvalho.&nbsp;<\/p>\n\n\n\n<p>Diretor de Cultura da UENF, o professor Giovane Nascimento vem trabalhando desde o in\u00edcio do ano na elabora\u00e7\u00e3o de um plano cultural, com intuito de estruturar um calend\u00e1rio de atividades com potencial de promover maior integra\u00e7\u00e3o entre a sociedade e os equipamentos culturais da universidade. Entre essas atividades culturais est\u00e3o o IV Encanto na Villa e o Jazz na Villa, que acontecer\u00e1 em julho.<\/p>\n\n\n\n<p>\u2014 O Encanto \u00e9 o resultado de um trabalho muito intenso, feito pelo Coral da UENF, que hoje ganha outras dimens\u00f5es e perspectivas. A iniciativa apresenta uma forma\u00e7\u00e3o musical oferecida pelo projeto, assim como as habilidades individuais dos seus componentes, indo al\u00e9m da concep\u00e7\u00e3o de coral. Ent\u00e3o, acho que vale conhecer, prestigiar, se encantar. Mais que isso, a Villa \u00e9 um espa\u00e7o da UENF. Eventos assim s\u00e3o uma oportunidade de mostrar outra cara da universidade, com destaque para a valoriza\u00e7\u00e3o da cultura musical e da arte \u2014 convida.<\/p>\n","protected":false},"excerpt":{"rendered":"<p>Casa de Cultura recebe quarta edi\u00e7\u00e3o do evento no segundo s\u00e1bado de junho, a partir das 17h A palavra encanto significa a pr\u00e1tica de cativar, fascinar por suas boas qualidades. Encanto \u00e9 a qualidade do que \u00e9 considerado agrad\u00e1vel. \u00c9 aquilo que deslumbra. E esse \u00e9 o objetivo do Encanto na Villa. A quarta edi\u00e7\u00e3o [&hellip;]<\/p>\n","protected":false},"author":1,"featured_media":0,"comment_status":"closed","ping_status":"closed","sticky":false,"template":"","format":"standard","meta":{"_eb_attr":"","ocean_post_layout":"","ocean_both_sidebars_style":"","ocean_both_sidebars_content_width":0,"ocean_both_sidebars_sidebars_width":0,"ocean_sidebar":"","ocean_second_sidebar":"","ocean_disable_margins":"enable","ocean_add_body_class":"","ocean_shortcode_before_top_bar":"","ocean_shortcode_after_top_bar":"","ocean_shortcode_before_header":"","ocean_shortcode_after_header":"","ocean_has_shortcode":"","ocean_shortcode_after_title":"","ocean_shortcode_before_footer_widgets":"","ocean_shortcode_after_footer_widgets":"","ocean_shortcode_before_footer_bottom":"","ocean_shortcode_after_footer_bottom":"","ocean_display_top_bar":"default","ocean_display_header":"default","ocean_header_style":"","ocean_center_header_left_menu":"","ocean_custom_header_template":"","ocean_custom_logo":0,"ocean_custom_retina_logo":0,"ocean_custom_logo_max_width":0,"ocean_custom_logo_tablet_max_width":0,"ocean_custom_logo_mobile_max_width":0,"ocean_custom_logo_max_height":0,"ocean_custom_logo_tablet_max_height":0,"ocean_custom_logo_mobile_max_height":0,"ocean_header_custom_menu":"","ocean_menu_typo_font_family":"","ocean_menu_typo_font_subset":"","ocean_menu_typo_font_size":0,"ocean_menu_typo_font_size_tablet":0,"ocean_menu_typo_font_size_mobile":0,"ocean_menu_typo_font_size_unit":"px","ocean_menu_typo_font_weight":"","ocean_menu_typo_font_weight_tablet":"","ocean_menu_typo_font_weight_mobile":"","ocean_menu_typo_transform":"","ocean_menu_typo_transform_tablet":"","ocean_menu_typo_transform_mobile":"","ocean_menu_typo_line_height":0,"ocean_menu_typo_line_height_tablet":0,"ocean_menu_typo_line_height_mobile":0,"ocean_menu_typo_line_height_unit":"","ocean_menu_typo_spacing":0,"ocean_menu_typo_spacing_tablet":0,"ocean_menu_typo_spacing_mobile":0,"ocean_menu_typo_spacing_unit":"","ocean_menu_link_color":"","ocean_menu_link_color_hover":"","ocean_menu_link_color_active":"","ocean_menu_link_background":"","ocean_menu_link_hover_background":"","ocean_menu_link_active_background":"","ocean_menu_social_links_bg":"","ocean_menu_social_hover_links_bg":"","ocean_menu_social_links_color":"","ocean_menu_social_hover_links_color":"","ocean_disable_title":"default","ocean_disable_heading":"default","ocean_post_title":"","ocean_post_subheading":"","ocean_post_title_style":"","ocean_post_title_background_color":"","ocean_post_title_background":0,"ocean_post_title_bg_image_position":"","ocean_post_title_bg_image_attachment":"","ocean_post_title_bg_image_repeat":"","ocean_post_title_bg_image_size":"","ocean_post_title_height":0,"ocean_post_title_bg_overlay":0.5,"ocean_post_title_bg_overlay_color":"","ocean_disable_breadcrumbs":"default","ocean_breadcrumbs_color":"","ocean_breadcrumbs_separator_color":"","ocean_breadcrumbs_links_color":"","ocean_breadcrumbs_links_hover_color":"","ocean_display_footer_widgets":"default","ocean_display_footer_bottom":"default","ocean_custom_footer_template":"","ocean_post_oembed":"","ocean_post_self_hosted_media":"","ocean_post_video_embed":"","ocean_link_format":"","ocean_link_format_target":"self","ocean_quote_format":"","ocean_quote_format_link":"post","ocean_gallery_link_images":"on","ocean_gallery_id":[],"footnotes":""},"categories":[8],"tags":[],"class_list":["post-24723","post","type-post","status-publish","format-standard","hentry","category-noticias","entry"],"yoast_head":"<!-- This site is optimized with the Yoast SEO plugin v26.5 - https:\/\/yoast.com\/wordpress\/plugins\/seo\/ -->\n<title>Encanto na Villa acontece no pr\u00f3ximo dia 8 - UENF - Universidade Estadual do Norte Fluminense Darcy Ribeiro<\/title>\n<meta name=\"robots\" content=\"noindex, follow, max-snippet:-1, max-image-preview:large, max-video-preview:-1\" \/>\n<meta property=\"og:locale\" content=\"pt_BR\" \/>\n<meta property=\"og:type\" content=\"article\" \/>\n<meta property=\"og:title\" content=\"Encanto na Villa acontece no pr\u00f3ximo dia 8 - UENF - Universidade Estadual do Norte Fluminense Darcy Ribeiro\" \/>\n<meta property=\"og:description\" content=\"Casa de Cultura recebe quarta edi\u00e7\u00e3o do evento no segundo s\u00e1bado de junho, a partir das 17h A palavra encanto significa a pr\u00e1tica de cativar, fascinar por suas boas qualidades. Encanto \u00e9 a qualidade do que \u00e9 considerado agrad\u00e1vel. \u00c9 aquilo que deslumbra. E esse \u00e9 o objetivo do Encanto na Villa. A quarta edi\u00e7\u00e3o [&hellip;]\" \/>\n<meta property=\"og:url\" content=\"https:\/\/portal1.uenf.br\/portal\/noticias\/encanto-na-villa-acontece-no-proximo-dia-8\/\" \/>\n<meta property=\"og:site_name\" content=\"UENF - Universidade Estadual do Norte Fluminense Darcy Ribeiro\" \/>\n<meta property=\"article:published_time\" content=\"2024-05-28T16:39:21+00:00\" \/>\n<meta property=\"og:image\" content=\"https:\/\/uenf.br\/portal\/wp-content\/uploads\/2024\/05\/encanto-na-villa-576x1024.jpeg\" \/>\n<meta name=\"author\" content=\"admin\" \/>\n<meta name=\"twitter:card\" content=\"summary_large_image\" \/>\n<meta name=\"twitter:label1\" content=\"Escrito por\" \/>\n\t<meta name=\"twitter:data1\" content=\"admin\" \/>\n\t<meta name=\"twitter:label2\" content=\"Est. tempo de leitura\" \/>\n\t<meta name=\"twitter:data2\" content=\"5 minutos\" \/>\n<script type=\"application\/ld+json\" class=\"yoast-schema-graph\">{\"@context\":\"https:\/\/schema.org\",\"@graph\":[{\"@type\":\"Article\",\"@id\":\"https:\/\/portal1.uenf.br\/portal\/noticias\/encanto-na-villa-acontece-no-proximo-dia-8\/#article\",\"isPartOf\":{\"@id\":\"https:\/\/portal1.uenf.br\/portal\/noticias\/encanto-na-villa-acontece-no-proximo-dia-8\/\"},\"author\":{\"name\":\"admin\",\"@id\":\"https:\/\/portal1.uenf.br\/portal\/#\/schema\/person\/068abbf03b6f8478c845bc8ded9270c7\"},\"headline\":\"Encanto na Villa acontece no pr\u00f3ximo dia 8\",\"datePublished\":\"2024-05-28T16:39:21+00:00\",\"mainEntityOfPage\":{\"@id\":\"https:\/\/portal1.uenf.br\/portal\/noticias\/encanto-na-villa-acontece-no-proximo-dia-8\/\"},\"wordCount\":982,\"publisher\":{\"@id\":\"https:\/\/portal1.uenf.br\/portal\/#organization\"},\"image\":{\"@id\":\"https:\/\/portal1.uenf.br\/portal\/noticias\/encanto-na-villa-acontece-no-proximo-dia-8\/#primaryimage\"},\"thumbnailUrl\":\"https:\/\/uenf.br\/portal\/wp-content\/uploads\/2024\/05\/encanto-na-villa-576x1024.jpeg\",\"articleSection\":[\"Not\u00edcias\"],\"inLanguage\":\"pt-BR\"},{\"@type\":\"WebPage\",\"@id\":\"https:\/\/portal1.uenf.br\/portal\/noticias\/encanto-na-villa-acontece-no-proximo-dia-8\/\",\"url\":\"https:\/\/portal1.uenf.br\/portal\/noticias\/encanto-na-villa-acontece-no-proximo-dia-8\/\",\"name\":\"Encanto na Villa acontece no pr\u00f3ximo dia 8 - UENF - Universidade Estadual do Norte Fluminense Darcy Ribeiro\",\"isPartOf\":{\"@id\":\"https:\/\/portal1.uenf.br\/portal\/#website\"},\"primaryImageOfPage\":{\"@id\":\"https:\/\/portal1.uenf.br\/portal\/noticias\/encanto-na-villa-acontece-no-proximo-dia-8\/#primaryimage\"},\"image\":{\"@id\":\"https:\/\/portal1.uenf.br\/portal\/noticias\/encanto-na-villa-acontece-no-proximo-dia-8\/#primaryimage\"},\"thumbnailUrl\":\"https:\/\/uenf.br\/portal\/wp-content\/uploads\/2024\/05\/encanto-na-villa-576x1024.jpeg\",\"datePublished\":\"2024-05-28T16:39:21+00:00\",\"breadcrumb\":{\"@id\":\"https:\/\/portal1.uenf.br\/portal\/noticias\/encanto-na-villa-acontece-no-proximo-dia-8\/#breadcrumb\"},\"inLanguage\":\"pt-BR\",\"potentialAction\":[{\"@type\":\"ReadAction\",\"target\":[\"https:\/\/portal1.uenf.br\/portal\/noticias\/encanto-na-villa-acontece-no-proximo-dia-8\/\"]}]},{\"@type\":\"ImageObject\",\"inLanguage\":\"pt-BR\",\"@id\":\"https:\/\/portal1.uenf.br\/portal\/noticias\/encanto-na-villa-acontece-no-proximo-dia-8\/#primaryimage\",\"url\":\"https:\/\/uenf.br\/portal\/wp-content\/uploads\/2024\/05\/encanto-na-villa-576x1024.jpeg\",\"contentUrl\":\"https:\/\/uenf.br\/portal\/wp-content\/uploads\/2024\/05\/encanto-na-villa-576x1024.jpeg\"},{\"@type\":\"BreadcrumbList\",\"@id\":\"https:\/\/portal1.uenf.br\/portal\/noticias\/encanto-na-villa-acontece-no-proximo-dia-8\/#breadcrumb\",\"itemListElement\":[{\"@type\":\"ListItem\",\"position\":1,\"name\":\"In\u00edcio\",\"item\":\"https:\/\/portal1.uenf.br\/portal\/\"},{\"@type\":\"ListItem\",\"position\":2,\"name\":\"Encanto na Villa acontece no pr\u00f3ximo dia 8\"}]},{\"@type\":\"WebSite\",\"@id\":\"https:\/\/portal1.uenf.br\/portal\/#website\",\"url\":\"https:\/\/portal1.uenf.br\/portal\/\",\"name\":\"UENF - Universidade Estadual do Norte Fluminense Darcy Ribeiro\",\"description\":\"\",\"publisher\":{\"@id\":\"https:\/\/portal1.uenf.br\/portal\/#organization\"},\"potentialAction\":[{\"@type\":\"SearchAction\",\"target\":{\"@type\":\"EntryPoint\",\"urlTemplate\":\"https:\/\/portal1.uenf.br\/portal\/?s={search_term_string}\"},\"query-input\":{\"@type\":\"PropertyValueSpecification\",\"valueRequired\":true,\"valueName\":\"search_term_string\"}}],\"inLanguage\":\"pt-BR\"},{\"@type\":\"Organization\",\"@id\":\"https:\/\/portal1.uenf.br\/portal\/#organization\",\"name\":\"UENF - Universidade Estadual do Norte Fluminense Darcy Ribeiro\",\"url\":\"https:\/\/portal1.uenf.br\/portal\/\",\"logo\":{\"@type\":\"ImageObject\",\"inLanguage\":\"pt-BR\",\"@id\":\"https:\/\/portal1.uenf.br\/portal\/#\/schema\/logo\/image\/\",\"url\":\"https:\/\/portal1.uenf.br\/portal\/wp-content\/uploads\/2018\/06\/logo-uenf-invertido-1.png\",\"contentUrl\":\"https:\/\/portal1.uenf.br\/portal\/wp-content\/uploads\/2018\/06\/logo-uenf-invertido-1.png\",\"width\":482,\"height\":83,\"caption\":\"UENF - Universidade Estadual do Norte Fluminense Darcy Ribeiro\"},\"image\":{\"@id\":\"https:\/\/portal1.uenf.br\/portal\/#\/schema\/logo\/image\/\"}},{\"@type\":\"Person\",\"@id\":\"https:\/\/portal1.uenf.br\/portal\/#\/schema\/person\/068abbf03b6f8478c845bc8ded9270c7\",\"name\":\"admin\",\"image\":{\"@type\":\"ImageObject\",\"inLanguage\":\"pt-BR\",\"@id\":\"https:\/\/portal1.uenf.br\/portal\/#\/schema\/person\/image\/\",\"url\":\"https:\/\/secure.gravatar.com\/avatar\/e5ecf9e4fae0742f4b136f518195bafa7b2d3f7c709f4bdc6707588ef68a6e25?s=96&d=mm&r=g\",\"contentUrl\":\"https:\/\/secure.gravatar.com\/avatar\/e5ecf9e4fae0742f4b136f518195bafa7b2d3f7c709f4bdc6707588ef68a6e25?s=96&d=mm&r=g\",\"caption\":\"admin\"},\"sameAs\":[\"https:\/\/portal1.uenf.br\/portal\"],\"url\":\"https:\/\/portal1.uenf.br\/portal\/author\/edson\/\"}]}<\/script>\n<!-- \/ Yoast SEO plugin. -->","yoast_head_json":{"title":"Encanto na Villa acontece no pr\u00f3ximo dia 8 - UENF - Universidade Estadual do Norte Fluminense Darcy Ribeiro","robots":{"index":"noindex","follow":"follow","max-snippet":"max-snippet:-1","max-image-preview":"max-image-preview:large","max-video-preview":"max-video-preview:-1"},"og_locale":"pt_BR","og_type":"article","og_title":"Encanto na Villa acontece no pr\u00f3ximo dia 8 - UENF - Universidade Estadual do Norte Fluminense Darcy Ribeiro","og_description":"Casa de Cultura recebe quarta edi\u00e7\u00e3o do evento no segundo s\u00e1bado de junho, a partir das 17h A palavra encanto significa a pr\u00e1tica de cativar, fascinar por suas boas qualidades. Encanto \u00e9 a qualidade do que \u00e9 considerado agrad\u00e1vel. \u00c9 aquilo que deslumbra. E esse \u00e9 o objetivo do Encanto na Villa. A quarta edi\u00e7\u00e3o [&hellip;]","og_url":"https:\/\/portal1.uenf.br\/portal\/noticias\/encanto-na-villa-acontece-no-proximo-dia-8\/","og_site_name":"UENF - Universidade Estadual do Norte Fluminense Darcy Ribeiro","article_published_time":"2024-05-28T16:39:21+00:00","og_image":[{"url":"https:\/\/uenf.br\/portal\/wp-content\/uploads\/2024\/05\/encanto-na-villa-576x1024.jpeg","type":"","width":"","height":""}],"author":"admin","twitter_card":"summary_large_image","twitter_misc":{"Escrito por":"admin","Est. tempo de leitura":"5 minutos"},"schema":{"@context":"https:\/\/schema.org","@graph":[{"@type":"Article","@id":"https:\/\/portal1.uenf.br\/portal\/noticias\/encanto-na-villa-acontece-no-proximo-dia-8\/#article","isPartOf":{"@id":"https:\/\/portal1.uenf.br\/portal\/noticias\/encanto-na-villa-acontece-no-proximo-dia-8\/"},"author":{"name":"admin","@id":"https:\/\/portal1.uenf.br\/portal\/#\/schema\/person\/068abbf03b6f8478c845bc8ded9270c7"},"headline":"Encanto na Villa acontece no pr\u00f3ximo dia 8","datePublished":"2024-05-28T16:39:21+00:00","mainEntityOfPage":{"@id":"https:\/\/portal1.uenf.br\/portal\/noticias\/encanto-na-villa-acontece-no-proximo-dia-8\/"},"wordCount":982,"publisher":{"@id":"https:\/\/portal1.uenf.br\/portal\/#organization"},"image":{"@id":"https:\/\/portal1.uenf.br\/portal\/noticias\/encanto-na-villa-acontece-no-proximo-dia-8\/#primaryimage"},"thumbnailUrl":"https:\/\/uenf.br\/portal\/wp-content\/uploads\/2024\/05\/encanto-na-villa-576x1024.jpeg","articleSection":["Not\u00edcias"],"inLanguage":"pt-BR"},{"@type":"WebPage","@id":"https:\/\/portal1.uenf.br\/portal\/noticias\/encanto-na-villa-acontece-no-proximo-dia-8\/","url":"https:\/\/portal1.uenf.br\/portal\/noticias\/encanto-na-villa-acontece-no-proximo-dia-8\/","name":"Encanto na Villa acontece no pr\u00f3ximo dia 8 - UENF - Universidade Estadual do Norte Fluminense Darcy Ribeiro","isPartOf":{"@id":"https:\/\/portal1.uenf.br\/portal\/#website"},"primaryImageOfPage":{"@id":"https:\/\/portal1.uenf.br\/portal\/noticias\/encanto-na-villa-acontece-no-proximo-dia-8\/#primaryimage"},"image":{"@id":"https:\/\/portal1.uenf.br\/portal\/noticias\/encanto-na-villa-acontece-no-proximo-dia-8\/#primaryimage"},"thumbnailUrl":"https:\/\/uenf.br\/portal\/wp-content\/uploads\/2024\/05\/encanto-na-villa-576x1024.jpeg","datePublished":"2024-05-28T16:39:21+00:00","breadcrumb":{"@id":"https:\/\/portal1.uenf.br\/portal\/noticias\/encanto-na-villa-acontece-no-proximo-dia-8\/#breadcrumb"},"inLanguage":"pt-BR","potentialAction":[{"@type":"ReadAction","target":["https:\/\/portal1.uenf.br\/portal\/noticias\/encanto-na-villa-acontece-no-proximo-dia-8\/"]}]},{"@type":"ImageObject","inLanguage":"pt-BR","@id":"https:\/\/portal1.uenf.br\/portal\/noticias\/encanto-na-villa-acontece-no-proximo-dia-8\/#primaryimage","url":"https:\/\/uenf.br\/portal\/wp-content\/uploads\/2024\/05\/encanto-na-villa-576x1024.jpeg","contentUrl":"https:\/\/uenf.br\/portal\/wp-content\/uploads\/2024\/05\/encanto-na-villa-576x1024.jpeg"},{"@type":"BreadcrumbList","@id":"https:\/\/portal1.uenf.br\/portal\/noticias\/encanto-na-villa-acontece-no-proximo-dia-8\/#breadcrumb","itemListElement":[{"@type":"ListItem","position":1,"name":"In\u00edcio","item":"https:\/\/portal1.uenf.br\/portal\/"},{"@type":"ListItem","position":2,"name":"Encanto na Villa acontece no pr\u00f3ximo dia 8"}]},{"@type":"WebSite","@id":"https:\/\/portal1.uenf.br\/portal\/#website","url":"https:\/\/portal1.uenf.br\/portal\/","name":"UENF - Universidade Estadual do Norte Fluminense Darcy Ribeiro","description":"","publisher":{"@id":"https:\/\/portal1.uenf.br\/portal\/#organization"},"potentialAction":[{"@type":"SearchAction","target":{"@type":"EntryPoint","urlTemplate":"https:\/\/portal1.uenf.br\/portal\/?s={search_term_string}"},"query-input":{"@type":"PropertyValueSpecification","valueRequired":true,"valueName":"search_term_string"}}],"inLanguage":"pt-BR"},{"@type":"Organization","@id":"https:\/\/portal1.uenf.br\/portal\/#organization","name":"UENF - Universidade Estadual do Norte Fluminense Darcy Ribeiro","url":"https:\/\/portal1.uenf.br\/portal\/","logo":{"@type":"ImageObject","inLanguage":"pt-BR","@id":"https:\/\/portal1.uenf.br\/portal\/#\/schema\/logo\/image\/","url":"https:\/\/portal1.uenf.br\/portal\/wp-content\/uploads\/2018\/06\/logo-uenf-invertido-1.png","contentUrl":"https:\/\/portal1.uenf.br\/portal\/wp-content\/uploads\/2018\/06\/logo-uenf-invertido-1.png","width":482,"height":83,"caption":"UENF - Universidade Estadual do Norte Fluminense Darcy Ribeiro"},"image":{"@id":"https:\/\/portal1.uenf.br\/portal\/#\/schema\/logo\/image\/"}},{"@type":"Person","@id":"https:\/\/portal1.uenf.br\/portal\/#\/schema\/person\/068abbf03b6f8478c845bc8ded9270c7","name":"admin","image":{"@type":"ImageObject","inLanguage":"pt-BR","@id":"https:\/\/portal1.uenf.br\/portal\/#\/schema\/person\/image\/","url":"https:\/\/secure.gravatar.com\/avatar\/e5ecf9e4fae0742f4b136f518195bafa7b2d3f7c709f4bdc6707588ef68a6e25?s=96&d=mm&r=g","contentUrl":"https:\/\/secure.gravatar.com\/avatar\/e5ecf9e4fae0742f4b136f518195bafa7b2d3f7c709f4bdc6707588ef68a6e25?s=96&d=mm&r=g","caption":"admin"},"sameAs":["https:\/\/portal1.uenf.br\/portal"],"url":"https:\/\/portal1.uenf.br\/portal\/author\/edson\/"}]}},"_links":{"self":[{"href":"https:\/\/portal1.uenf.br\/portal\/wp-json\/wp\/v2\/posts\/24723","targetHints":{"allow":["GET"]}}],"collection":[{"href":"https:\/\/portal1.uenf.br\/portal\/wp-json\/wp\/v2\/posts"}],"about":[{"href":"https:\/\/portal1.uenf.br\/portal\/wp-json\/wp\/v2\/types\/post"}],"author":[{"embeddable":true,"href":"https:\/\/portal1.uenf.br\/portal\/wp-json\/wp\/v2\/users\/1"}],"replies":[{"embeddable":true,"href":"https:\/\/portal1.uenf.br\/portal\/wp-json\/wp\/v2\/comments?post=24723"}],"version-history":[{"count":0,"href":"https:\/\/portal1.uenf.br\/portal\/wp-json\/wp\/v2\/posts\/24723\/revisions"}],"wp:attachment":[{"href":"https:\/\/portal1.uenf.br\/portal\/wp-json\/wp\/v2\/media?parent=24723"}],"wp:term":[{"taxonomy":"category","embeddable":true,"href":"https:\/\/portal1.uenf.br\/portal\/wp-json\/wp\/v2\/categories?post=24723"},{"taxonomy":"post_tag","embeddable":true,"href":"https:\/\/portal1.uenf.br\/portal\/wp-json\/wp\/v2\/tags?post=24723"}],"curies":[{"name":"wp","href":"https:\/\/api.w.org\/{rel}","templated":true}]}}