{"id":23955,"date":"2024-04-09T19:17:36","date_gmt":"2024-04-09T22:17:36","guid":{"rendered":"https:\/\/uenf.br\/portal\/?p=23955"},"modified":"2024-04-09T19:17:36","modified_gmt":"2024-04-09T22:17:36","slug":"bibliotecas-espaco-de-conhecimento-que-se-mantem-na-era-digital","status":"publish","type":"post","link":"https:\/\/portal1.uenf.br\/portal\/noticias\/bibliotecas-espaco-de-conhecimento-que-se-mantem-na-era-digital\/","title":{"rendered":"Bibliotecas: espa\u00e7o de conhecimento que se mant\u00e9m na era digital"},"content":{"rendered":"<div class=\"wp-block-image\">\n<figure class=\"aligncenter size-large is-resized\"><img decoding=\"async\" src=\"https:\/\/uenf.br\/portal\/wp-content\/uploads\/2024\/04\/Biblioteca-do-CCHFoto-Wesley-Machado-1024x768.jpeg\" alt=\"\" class=\"wp-image-23962\" style=\"width:645px;height:auto\"\/><figcaption class=\"wp-element-caption\">Biblioteca do CCH\/UENF<\/figcaption><\/figure>\n<\/div>\n\n\n<p>Desde que o alem\u00e3o Johannes Gutenberg inventou a m\u00e1quina de impress\u00e3o tipogr\u00e1fica e imprimiu o primeiro livro da Hist\u00f3ria \u2014 a B\u00edblia, em 1455 \u2014 iniciou-se uma verdadeira revolu\u00e7\u00e3o na circula\u00e7\u00e3o do conhecimento. At\u00e9 ent\u00e3o, os livros eram manuscritos e a leitura, restrita a uma pequena parcela da popula\u00e7\u00e3o. Com o computador e a internet, a humanidade vive hoje uma outra revolu\u00e7\u00e3o, com a dissemina\u00e7\u00e3o dos livros digitais. <\/p>\n\n\n\n<p>Nesta ter\u00e7a-feira, 09\/04\/2024, quando se comemora o Dia Nacional das Bibliotecas e tamb\u00e9m dos Bibliotec\u00e1rios, vale destacar que, apesar das novas tecnologias digitais, o livro f\u00edsico ainda continua ocupando seu lugar de excel\u00eancia.<\/p>\n\n\n\n<p>\u2014 Eu ainda sou pelo livro. Vou defender o livro sempre. Por mais que tenha o digital, nada vai substituir o livro e a leitura \u2014, afirma a assistente de bibliotec\u00e1ria, V\u00e2ngela Maria Lopes Soares, que tem 40 anos de servi\u00e7os prestados em bibliotecas, sendo 29 anos destes dedicados \u00e0 UENF.<\/p>\n\n\n<div class=\"wp-block-image\">\n<figure class=\"aligncenter size-large is-resized\"><img decoding=\"async\" src=\"https:\/\/uenf.br\/portal\/wp-content\/uploads\/2024\/04\/Vangela-Maria-Lopes-SoaresFoto-Wesley-Machado-1024x768.jpeg\" alt=\"\" class=\"wp-image-23960\" style=\"width:625px;height:auto\"\/><figcaption class=\"wp-element-caption\">V\u00e2ngela Maria Lopes Soares trabalha na Biblioteca do CCTA\/UENF<\/figcaption><\/figure>\n<\/div>\n\n\n<p>Esta semana tamb\u00e9m \u00e9 a Semana Nacional do Livro. Ali\u00e1s todo o m\u00eas de abril \u00e9 dedicado aos livros, sendo o dia 18 de abril o Dia do Livro Infantil e o Dia 23 de abril o Dia Mundial do Livro e o Dia do Direito do Autor.<\/p>\n\n\n\n<p>V\u00e2ngela  est\u00e1 desde 1994 na Biblioteca do Centro de Ci\u00eancias e Tecnologias Agropecu\u00e1rias (CCTA), que foi a primeira biblioteca da UENF. Ela conta que os primeiros livros da biblioteca eram em sua maioria em Ingl\u00eas, doa\u00e7\u00f5es do professor Joachim Friedrich Wilhelm von B\u00fclow, que participou da implanta\u00e7\u00e3o da UENF.<\/p>\n\n\n\n<p>\u2014 Precisamos resgatar a import\u00e2ncia dos livros, das informa\u00e7\u00f5es em si. A leitura \u00e9 um fator muito importante para as pessoas, para o conhecimento dos alunos, \u00e9 uma riqueza muito grande. A cultura a gente adquire, o conhecimento \u00e9 a sabedoria. Quem l\u00ea aprende. O que eu observo \u00e9 que, por mais que tenha a biblioteca digital, os alunos preferem a biblioteca presencial, gostam de manusear o livro \u2014 considera V\u00e2ngela.<\/p>\n\n\n<div class=\"wp-block-image\">\n<figure class=\"aligncenter size-large is-resized\"><img decoding=\"async\" src=\"https:\/\/uenf.br\/portal\/wp-content\/uploads\/2024\/04\/Sergio-Arruda-lanca-livro-1024x682.jpeg\" alt=\"\" class=\"wp-image-23967\" style=\"width:652px;height:auto\"\/><figcaption class=\"wp-element-caption\">Professor S\u00e9rgio Arruda<\/figcaption><\/figure>\n<\/div>\n\n\n<p>O&nbsp; professor da UENF, doutor em Letras, S\u00e9rgio Arruda, destaca que a necessidade de encarar um livro impresso para a leitura e frequentar uma biblioteca tem a ver com os requisitos de uma leitura verdadeira de fato.&nbsp;<\/p>\n\n\n\n<p>\u2014 Trata-se de mergulhar no universo daquilo que se est\u00e1 lendo em um ambiente de absoluta concentra\u00e7\u00e3o. \u00c9 isto que est\u00e1 faltando na juventude hoje, \u00e9 isto que atrapalha a leitura. As pessoas n\u00e3o suportam mais nada que dure mais que dois minutos, da\u00ed o sucesso das redes sociais. A leitura resulta na imers\u00e3o total no ambiente que vai ser constru\u00eddo por aquilo que est\u00e1 sendo lido. Nada de fora pode perturbar porque o texto \u00e9 autossuficiente em trazer o leitor para dentro dele num universo contextual, imerso no texto, e um contextual, tudo aquilo que o texto est\u00e1 relacionando com o lado de fora. Ent\u00e3o, a biblioteca ou um quarto de leitura ou um lugar afastado \u00e9 insubstitu\u00edvel. E a leitura de verdade \u00e9 aquela leitura concentrada, mesmo que seja em um dispositivo m\u00f3vel \u2014 afirma.<\/p>\n\n\n\n<p>O bolsista do N\u00facleo de Pesquisas Econ\u00f4micas do Rio de Janeiro (NUPERJ), doutor em Sociologia Rural, Francis Zanella, de 32 anos, informa que frequenta bibliotecas para estudar pelas condi\u00e7\u00f5es que elas oferecem. Ele atualmente estuda na Biblioteca do Centro de Bioci\u00eancias e Biotecnologia (CBB) da UENF.<\/p>\n\n\n<div class=\"wp-block-image\">\n<figure class=\"aligncenter size-large is-resized\"><img decoding=\"async\" src=\"https:\/\/uenf.br\/portal\/wp-content\/uploads\/2024\/04\/Francis-ZanellaFoto-Wesley-Machado-1-1024x768.jpeg\" alt=\"\" class=\"wp-image-23964\" style=\"width:654px;height:auto\"\/><figcaption class=\"wp-element-caption\">Francis Zanella \u00e9 bolsista do NUPERJ e frequenta a Biblioteca do CBB\/UENF<\/figcaption><\/figure>\n<\/div>\n\n\n<p>\u2014 Trabalho na parte da manh\u00e3 e na parte da tarde fico na UENF para estudar. Aqui tem sil\u00eancio, \u00e9 um ambiente agrad\u00e1vel, climatizado. Aqui eu produzo mais do que em casa e quando chego em casa me d\u00e1 um bem estar de ter produzido \u2014 argumenta Francis.<\/p>\n\n\n\n<p>As bibliotecas dos quatros centros da UENF contam com salas para estudos coletivos e cabines individuais. O n\u00famero total de exemplares das quatro bibliotecas em conjunto \u00e9 de 107.031 exemplares, sendo 47.594 t\u00edtulos diferentes, entre livros, revistas, fasc\u00edculos, TCCs. A biblioteca tamb\u00e9m possui o acervo Anselmo Macieira e uma sala de computadores para acesso dos estudantes \u00e0 internet.<\/p>\n\n\n\n<p>Os alunos, professores e t\u00e9cnicos da UENF tamb\u00e9m t\u00eam acesso \u00e0 Minha Biblioteca, um sistema de livros digitais no formato <em>flipbooks<\/em>, que s\u00e3o folhe\u00e1veis, podem ter as fontes ampliadas, t\u00eam recurso de acessibilidade com leitura em \u00e1udio para pessoas cegas ou com baixa vis\u00e3o e mecanismo de busca nos arquivos por palavras chave. O <a href=\"https:\/\/biblioteca.sophia.com.br\/terminalRI\/9688\" target=\"_blank\" rel=\"noreferrer noopener\">reposit\u00f3rio institucional<\/a>, onde est\u00e3o os TCCs e peri\u00f3dicos, tem acesso livre.<\/p>\n\n\n\n<p>A t\u00e9cnica administrativa da UENF, Maria L\u00facia Saldanha, observou que, ap\u00f3s a pandemia de Covid-19, diminuiu a procura pela Biblioteca do CBB, onde ela atua, e pelos livros f\u00edsicos.<\/p>\n\n\n\n<p>\u2014 Pode ser pela facilidade de baixar livros na internet. Mas a biblioteca tem seus atrativos. Aqui temos <em>wifi<\/em>, ar refrigerado, sil\u00eancio etc \u2014 enumera Maria L\u00facia.<\/p>\n\n\n\n<p>A mestre e doutoranda em Cogni\u00e7\u00e3o e Linguagem, professora Roberta Santana Barroso, comenta sobre os fatores positivos e negativos da leitura em telas.<\/p>\n\n\n\n<p>\u2014 As transforma\u00e7\u00f5es na leitura, da p\u00e1gina impressa \u00e0s telas digitais, n\u00e3o apenas alteraram a forma como acessamos o conhecimento, mas tamb\u00e9m reconfiguraram nossos processos cognitivos, desafiando-nos a repensar a rela\u00e7\u00e3o entre texto e mente. Como Stanislas Dehaene (2022) aponta em suas pesquisas, essas mudan\u00e7as podem ser profundamente influentes no desenvolvimento neural e na plasticidade do c\u00e9rebro. Nesse contexto, as bibliotecas universit\u00e1rias desempenham um papel crucial como espa\u00e7os de aprendizado e pesquisa, onde os estudantes podem navegar nesse novo cen\u00e1rio de leitura, combinando recursos digitais e impressos para promover uma compreens\u00e3o mais profunda do conhecimento \u2014 assegura Roberta.<\/p>\n","protected":false},"excerpt":{"rendered":"<p>Desde que o alem\u00e3o Johannes Gutenberg inventou a m\u00e1quina de impress\u00e3o tipogr\u00e1fica e imprimiu o primeiro livro da Hist\u00f3ria \u2014 a B\u00edblia, em 1455 \u2014 iniciou-se uma verdadeira revolu\u00e7\u00e3o na circula\u00e7\u00e3o do conhecimento. At\u00e9 ent\u00e3o, os livros eram manuscritos e a leitura, restrita a uma pequena parcela da popula\u00e7\u00e3o. Com o computador e a internet, [&hellip;]<\/p>\n","protected":false},"author":1,"featured_media":0,"comment_status":"closed","ping_status":"closed","sticky":false,"template":"","format":"standard","meta":{"_eb_attr":"","ocean_post_layout":"","ocean_both_sidebars_style":"","ocean_both_sidebars_content_width":0,"ocean_both_sidebars_sidebars_width":0,"ocean_sidebar":"","ocean_second_sidebar":"","ocean_disable_margins":"enable","ocean_add_body_class":"","ocean_shortcode_before_top_bar":"","ocean_shortcode_after_top_bar":"","ocean_shortcode_before_header":"","ocean_shortcode_after_header":"","ocean_has_shortcode":"","ocean_shortcode_after_title":"","ocean_shortcode_before_footer_widgets":"","ocean_shortcode_after_footer_widgets":"","ocean_shortcode_before_footer_bottom":"","ocean_shortcode_after_footer_bottom":"","ocean_display_top_bar":"default","ocean_display_header":"default","ocean_header_style":"","ocean_center_header_left_menu":"","ocean_custom_header_template":"","ocean_custom_logo":0,"ocean_custom_retina_logo":0,"ocean_custom_logo_max_width":0,"ocean_custom_logo_tablet_max_width":0,"ocean_custom_logo_mobile_max_width":0,"ocean_custom_logo_max_height":0,"ocean_custom_logo_tablet_max_height":0,"ocean_custom_logo_mobile_max_height":0,"ocean_header_custom_menu":"","ocean_menu_typo_font_family":"","ocean_menu_typo_font_subset":"","ocean_menu_typo_font_size":0,"ocean_menu_typo_font_size_tablet":0,"ocean_menu_typo_font_size_mobile":0,"ocean_menu_typo_font_size_unit":"px","ocean_menu_typo_font_weight":"","ocean_menu_typo_font_weight_tablet":"","ocean_menu_typo_font_weight_mobile":"","ocean_menu_typo_transform":"","ocean_menu_typo_transform_tablet":"","ocean_menu_typo_transform_mobile":"","ocean_menu_typo_line_height":0,"ocean_menu_typo_line_height_tablet":0,"ocean_menu_typo_line_height_mobile":0,"ocean_menu_typo_line_height_unit":"","ocean_menu_typo_spacing":0,"ocean_menu_typo_spacing_tablet":0,"ocean_menu_typo_spacing_mobile":0,"ocean_menu_typo_spacing_unit":"","ocean_menu_link_color":"","ocean_menu_link_color_hover":"","ocean_menu_link_color_active":"","ocean_menu_link_background":"","ocean_menu_link_hover_background":"","ocean_menu_link_active_background":"","ocean_menu_social_links_bg":"","ocean_menu_social_hover_links_bg":"","ocean_menu_social_links_color":"","ocean_menu_social_hover_links_color":"","ocean_disable_title":"default","ocean_disable_heading":"default","ocean_post_title":"","ocean_post_subheading":"","ocean_post_title_style":"","ocean_post_title_background_color":"","ocean_post_title_background":0,"ocean_post_title_bg_image_position":"","ocean_post_title_bg_image_attachment":"","ocean_post_title_bg_image_repeat":"","ocean_post_title_bg_image_size":"","ocean_post_title_height":0,"ocean_post_title_bg_overlay":0.5,"ocean_post_title_bg_overlay_color":"","ocean_disable_breadcrumbs":"default","ocean_breadcrumbs_color":"","ocean_breadcrumbs_separator_color":"","ocean_breadcrumbs_links_color":"","ocean_breadcrumbs_links_hover_color":"","ocean_display_footer_widgets":"default","ocean_display_footer_bottom":"default","ocean_custom_footer_template":"","ocean_post_oembed":"","ocean_post_self_hosted_media":"","ocean_post_video_embed":"","ocean_link_format":"","ocean_link_format_target":"self","ocean_quote_format":"","ocean_quote_format_link":"post","ocean_gallery_link_images":"on","ocean_gallery_id":[],"footnotes":""},"categories":[8],"tags":[],"class_list":["post-23955","post","type-post","status-publish","format-standard","hentry","category-noticias","entry"],"yoast_head":"<!-- This site is optimized with the Yoast SEO plugin v26.5 - https:\/\/yoast.com\/wordpress\/plugins\/seo\/ -->\n<title>Bibliotecas: espa\u00e7o de conhecimento que se mant\u00e9m na era digital - UENF - Universidade Estadual do Norte Fluminense Darcy Ribeiro<\/title>\n<meta name=\"robots\" content=\"noindex, follow, max-snippet:-1, max-image-preview:large, max-video-preview:-1\" \/>\n<meta property=\"og:locale\" content=\"pt_BR\" \/>\n<meta property=\"og:type\" content=\"article\" \/>\n<meta property=\"og:title\" content=\"Bibliotecas: espa\u00e7o de conhecimento que se mant\u00e9m na era digital - UENF - Universidade Estadual do Norte Fluminense Darcy Ribeiro\" \/>\n<meta property=\"og:description\" content=\"Desde que o alem\u00e3o Johannes Gutenberg inventou a m\u00e1quina de impress\u00e3o tipogr\u00e1fica e imprimiu o primeiro livro da Hist\u00f3ria \u2014 a B\u00edblia, em 1455 \u2014 iniciou-se uma verdadeira revolu\u00e7\u00e3o na circula\u00e7\u00e3o do conhecimento. At\u00e9 ent\u00e3o, os livros eram manuscritos e a leitura, restrita a uma pequena parcela da popula\u00e7\u00e3o. Com o computador e a internet, [&hellip;]\" \/>\n<meta property=\"og:url\" content=\"https:\/\/portal1.uenf.br\/portal\/noticias\/bibliotecas-espaco-de-conhecimento-que-se-mantem-na-era-digital\/\" \/>\n<meta property=\"og:site_name\" content=\"UENF - Universidade Estadual do Norte Fluminense Darcy Ribeiro\" \/>\n<meta property=\"article:published_time\" content=\"2024-04-09T22:17:36+00:00\" \/>\n<meta property=\"og:image\" content=\"https:\/\/uenf.br\/portal\/wp-content\/uploads\/2024\/04\/Biblioteca-do-CCHFoto-Wesley-Machado-1024x768.jpeg\" \/>\n<meta name=\"author\" content=\"admin\" \/>\n<meta name=\"twitter:card\" content=\"summary_large_image\" \/>\n<meta name=\"twitter:label1\" content=\"Escrito por\" \/>\n\t<meta name=\"twitter:data1\" content=\"admin\" \/>\n\t<meta name=\"twitter:label2\" content=\"Est. tempo de leitura\" \/>\n\t<meta name=\"twitter:data2\" content=\"5 minutos\" \/>\n<script type=\"application\/ld+json\" class=\"yoast-schema-graph\">{\"@context\":\"https:\/\/schema.org\",\"@graph\":[{\"@type\":\"Article\",\"@id\":\"https:\/\/portal1.uenf.br\/portal\/noticias\/bibliotecas-espaco-de-conhecimento-que-se-mantem-na-era-digital\/#article\",\"isPartOf\":{\"@id\":\"https:\/\/portal1.uenf.br\/portal\/noticias\/bibliotecas-espaco-de-conhecimento-que-se-mantem-na-era-digital\/\"},\"author\":{\"name\":\"admin\",\"@id\":\"https:\/\/portal1.uenf.br\/portal\/#\/schema\/person\/068abbf03b6f8478c845bc8ded9270c7\"},\"headline\":\"Bibliotecas: espa\u00e7o de conhecimento que se mant\u00e9m na era digital\",\"datePublished\":\"2024-04-09T22:17:36+00:00\",\"mainEntityOfPage\":{\"@id\":\"https:\/\/portal1.uenf.br\/portal\/noticias\/bibliotecas-espaco-de-conhecimento-que-se-mantem-na-era-digital\/\"},\"wordCount\":971,\"publisher\":{\"@id\":\"https:\/\/portal1.uenf.br\/portal\/#organization\"},\"image\":{\"@id\":\"https:\/\/portal1.uenf.br\/portal\/noticias\/bibliotecas-espaco-de-conhecimento-que-se-mantem-na-era-digital\/#primaryimage\"},\"thumbnailUrl\":\"https:\/\/uenf.br\/portal\/wp-content\/uploads\/2024\/04\/Biblioteca-do-CCHFoto-Wesley-Machado-1024x768.jpeg\",\"articleSection\":[\"Not\u00edcias\"],\"inLanguage\":\"pt-BR\"},{\"@type\":\"WebPage\",\"@id\":\"https:\/\/portal1.uenf.br\/portal\/noticias\/bibliotecas-espaco-de-conhecimento-que-se-mantem-na-era-digital\/\",\"url\":\"https:\/\/portal1.uenf.br\/portal\/noticias\/bibliotecas-espaco-de-conhecimento-que-se-mantem-na-era-digital\/\",\"name\":\"Bibliotecas: espa\u00e7o de conhecimento que se mant\u00e9m na era digital - UENF - Universidade Estadual do Norte Fluminense Darcy Ribeiro\",\"isPartOf\":{\"@id\":\"https:\/\/portal1.uenf.br\/portal\/#website\"},\"primaryImageOfPage\":{\"@id\":\"https:\/\/portal1.uenf.br\/portal\/noticias\/bibliotecas-espaco-de-conhecimento-que-se-mantem-na-era-digital\/#primaryimage\"},\"image\":{\"@id\":\"https:\/\/portal1.uenf.br\/portal\/noticias\/bibliotecas-espaco-de-conhecimento-que-se-mantem-na-era-digital\/#primaryimage\"},\"thumbnailUrl\":\"https:\/\/uenf.br\/portal\/wp-content\/uploads\/2024\/04\/Biblioteca-do-CCHFoto-Wesley-Machado-1024x768.jpeg\",\"datePublished\":\"2024-04-09T22:17:36+00:00\",\"breadcrumb\":{\"@id\":\"https:\/\/portal1.uenf.br\/portal\/noticias\/bibliotecas-espaco-de-conhecimento-que-se-mantem-na-era-digital\/#breadcrumb\"},\"inLanguage\":\"pt-BR\",\"potentialAction\":[{\"@type\":\"ReadAction\",\"target\":[\"https:\/\/portal1.uenf.br\/portal\/noticias\/bibliotecas-espaco-de-conhecimento-que-se-mantem-na-era-digital\/\"]}]},{\"@type\":\"ImageObject\",\"inLanguage\":\"pt-BR\",\"@id\":\"https:\/\/portal1.uenf.br\/portal\/noticias\/bibliotecas-espaco-de-conhecimento-que-se-mantem-na-era-digital\/#primaryimage\",\"url\":\"https:\/\/uenf.br\/portal\/wp-content\/uploads\/2024\/04\/Biblioteca-do-CCHFoto-Wesley-Machado-1024x768.jpeg\",\"contentUrl\":\"https:\/\/uenf.br\/portal\/wp-content\/uploads\/2024\/04\/Biblioteca-do-CCHFoto-Wesley-Machado-1024x768.jpeg\"},{\"@type\":\"BreadcrumbList\",\"@id\":\"https:\/\/portal1.uenf.br\/portal\/noticias\/bibliotecas-espaco-de-conhecimento-que-se-mantem-na-era-digital\/#breadcrumb\",\"itemListElement\":[{\"@type\":\"ListItem\",\"position\":1,\"name\":\"In\u00edcio\",\"item\":\"https:\/\/portal1.uenf.br\/portal\/\"},{\"@type\":\"ListItem\",\"position\":2,\"name\":\"Bibliotecas: espa\u00e7o de conhecimento que se mant\u00e9m na era digital\"}]},{\"@type\":\"WebSite\",\"@id\":\"https:\/\/portal1.uenf.br\/portal\/#website\",\"url\":\"https:\/\/portal1.uenf.br\/portal\/\",\"name\":\"UENF - Universidade Estadual do Norte Fluminense Darcy Ribeiro\",\"description\":\"\",\"publisher\":{\"@id\":\"https:\/\/portal1.uenf.br\/portal\/#organization\"},\"potentialAction\":[{\"@type\":\"SearchAction\",\"target\":{\"@type\":\"EntryPoint\",\"urlTemplate\":\"https:\/\/portal1.uenf.br\/portal\/?s={search_term_string}\"},\"query-input\":{\"@type\":\"PropertyValueSpecification\",\"valueRequired\":true,\"valueName\":\"search_term_string\"}}],\"inLanguage\":\"pt-BR\"},{\"@type\":\"Organization\",\"@id\":\"https:\/\/portal1.uenf.br\/portal\/#organization\",\"name\":\"UENF - Universidade Estadual do Norte Fluminense Darcy Ribeiro\",\"url\":\"https:\/\/portal1.uenf.br\/portal\/\",\"logo\":{\"@type\":\"ImageObject\",\"inLanguage\":\"pt-BR\",\"@id\":\"https:\/\/portal1.uenf.br\/portal\/#\/schema\/logo\/image\/\",\"url\":\"https:\/\/portal1.uenf.br\/portal\/wp-content\/uploads\/2018\/06\/logo-uenf-invertido-1.png\",\"contentUrl\":\"https:\/\/portal1.uenf.br\/portal\/wp-content\/uploads\/2018\/06\/logo-uenf-invertido-1.png\",\"width\":482,\"height\":83,\"caption\":\"UENF - Universidade Estadual do Norte Fluminense Darcy Ribeiro\"},\"image\":{\"@id\":\"https:\/\/portal1.uenf.br\/portal\/#\/schema\/logo\/image\/\"}},{\"@type\":\"Person\",\"@id\":\"https:\/\/portal1.uenf.br\/portal\/#\/schema\/person\/068abbf03b6f8478c845bc8ded9270c7\",\"name\":\"admin\",\"image\":{\"@type\":\"ImageObject\",\"inLanguage\":\"pt-BR\",\"@id\":\"https:\/\/portal1.uenf.br\/portal\/#\/schema\/person\/image\/\",\"url\":\"https:\/\/secure.gravatar.com\/avatar\/e5ecf9e4fae0742f4b136f518195bafa7b2d3f7c709f4bdc6707588ef68a6e25?s=96&d=mm&r=g\",\"contentUrl\":\"https:\/\/secure.gravatar.com\/avatar\/e5ecf9e4fae0742f4b136f518195bafa7b2d3f7c709f4bdc6707588ef68a6e25?s=96&d=mm&r=g\",\"caption\":\"admin\"},\"sameAs\":[\"https:\/\/portal1.uenf.br\/portal\"],\"url\":\"https:\/\/portal1.uenf.br\/portal\/author\/edson\/\"}]}<\/script>\n<!-- \/ Yoast SEO plugin. -->","yoast_head_json":{"title":"Bibliotecas: espa\u00e7o de conhecimento que se mant\u00e9m na era digital - UENF - Universidade Estadual do Norte Fluminense Darcy Ribeiro","robots":{"index":"noindex","follow":"follow","max-snippet":"max-snippet:-1","max-image-preview":"max-image-preview:large","max-video-preview":"max-video-preview:-1"},"og_locale":"pt_BR","og_type":"article","og_title":"Bibliotecas: espa\u00e7o de conhecimento que se mant\u00e9m na era digital - UENF - Universidade Estadual do Norte Fluminense Darcy Ribeiro","og_description":"Desde que o alem\u00e3o Johannes Gutenberg inventou a m\u00e1quina de impress\u00e3o tipogr\u00e1fica e imprimiu o primeiro livro da Hist\u00f3ria \u2014 a B\u00edblia, em 1455 \u2014 iniciou-se uma verdadeira revolu\u00e7\u00e3o na circula\u00e7\u00e3o do conhecimento. At\u00e9 ent\u00e3o, os livros eram manuscritos e a leitura, restrita a uma pequena parcela da popula\u00e7\u00e3o. Com o computador e a internet, [&hellip;]","og_url":"https:\/\/portal1.uenf.br\/portal\/noticias\/bibliotecas-espaco-de-conhecimento-que-se-mantem-na-era-digital\/","og_site_name":"UENF - Universidade Estadual do Norte Fluminense Darcy Ribeiro","article_published_time":"2024-04-09T22:17:36+00:00","og_image":[{"url":"https:\/\/uenf.br\/portal\/wp-content\/uploads\/2024\/04\/Biblioteca-do-CCHFoto-Wesley-Machado-1024x768.jpeg","type":"","width":"","height":""}],"author":"admin","twitter_card":"summary_large_image","twitter_misc":{"Escrito por":"admin","Est. tempo de leitura":"5 minutos"},"schema":{"@context":"https:\/\/schema.org","@graph":[{"@type":"Article","@id":"https:\/\/portal1.uenf.br\/portal\/noticias\/bibliotecas-espaco-de-conhecimento-que-se-mantem-na-era-digital\/#article","isPartOf":{"@id":"https:\/\/portal1.uenf.br\/portal\/noticias\/bibliotecas-espaco-de-conhecimento-que-se-mantem-na-era-digital\/"},"author":{"name":"admin","@id":"https:\/\/portal1.uenf.br\/portal\/#\/schema\/person\/068abbf03b6f8478c845bc8ded9270c7"},"headline":"Bibliotecas: espa\u00e7o de conhecimento que se mant\u00e9m na era digital","datePublished":"2024-04-09T22:17:36+00:00","mainEntityOfPage":{"@id":"https:\/\/portal1.uenf.br\/portal\/noticias\/bibliotecas-espaco-de-conhecimento-que-se-mantem-na-era-digital\/"},"wordCount":971,"publisher":{"@id":"https:\/\/portal1.uenf.br\/portal\/#organization"},"image":{"@id":"https:\/\/portal1.uenf.br\/portal\/noticias\/bibliotecas-espaco-de-conhecimento-que-se-mantem-na-era-digital\/#primaryimage"},"thumbnailUrl":"https:\/\/uenf.br\/portal\/wp-content\/uploads\/2024\/04\/Biblioteca-do-CCHFoto-Wesley-Machado-1024x768.jpeg","articleSection":["Not\u00edcias"],"inLanguage":"pt-BR"},{"@type":"WebPage","@id":"https:\/\/portal1.uenf.br\/portal\/noticias\/bibliotecas-espaco-de-conhecimento-que-se-mantem-na-era-digital\/","url":"https:\/\/portal1.uenf.br\/portal\/noticias\/bibliotecas-espaco-de-conhecimento-que-se-mantem-na-era-digital\/","name":"Bibliotecas: espa\u00e7o de conhecimento que se mant\u00e9m na era digital - UENF - Universidade Estadual do Norte Fluminense Darcy Ribeiro","isPartOf":{"@id":"https:\/\/portal1.uenf.br\/portal\/#website"},"primaryImageOfPage":{"@id":"https:\/\/portal1.uenf.br\/portal\/noticias\/bibliotecas-espaco-de-conhecimento-que-se-mantem-na-era-digital\/#primaryimage"},"image":{"@id":"https:\/\/portal1.uenf.br\/portal\/noticias\/bibliotecas-espaco-de-conhecimento-que-se-mantem-na-era-digital\/#primaryimage"},"thumbnailUrl":"https:\/\/uenf.br\/portal\/wp-content\/uploads\/2024\/04\/Biblioteca-do-CCHFoto-Wesley-Machado-1024x768.jpeg","datePublished":"2024-04-09T22:17:36+00:00","breadcrumb":{"@id":"https:\/\/portal1.uenf.br\/portal\/noticias\/bibliotecas-espaco-de-conhecimento-que-se-mantem-na-era-digital\/#breadcrumb"},"inLanguage":"pt-BR","potentialAction":[{"@type":"ReadAction","target":["https:\/\/portal1.uenf.br\/portal\/noticias\/bibliotecas-espaco-de-conhecimento-que-se-mantem-na-era-digital\/"]}]},{"@type":"ImageObject","inLanguage":"pt-BR","@id":"https:\/\/portal1.uenf.br\/portal\/noticias\/bibliotecas-espaco-de-conhecimento-que-se-mantem-na-era-digital\/#primaryimage","url":"https:\/\/uenf.br\/portal\/wp-content\/uploads\/2024\/04\/Biblioteca-do-CCHFoto-Wesley-Machado-1024x768.jpeg","contentUrl":"https:\/\/uenf.br\/portal\/wp-content\/uploads\/2024\/04\/Biblioteca-do-CCHFoto-Wesley-Machado-1024x768.jpeg"},{"@type":"BreadcrumbList","@id":"https:\/\/portal1.uenf.br\/portal\/noticias\/bibliotecas-espaco-de-conhecimento-que-se-mantem-na-era-digital\/#breadcrumb","itemListElement":[{"@type":"ListItem","position":1,"name":"In\u00edcio","item":"https:\/\/portal1.uenf.br\/portal\/"},{"@type":"ListItem","position":2,"name":"Bibliotecas: espa\u00e7o de conhecimento que se mant\u00e9m na era digital"}]},{"@type":"WebSite","@id":"https:\/\/portal1.uenf.br\/portal\/#website","url":"https:\/\/portal1.uenf.br\/portal\/","name":"UENF - Universidade Estadual do Norte Fluminense Darcy Ribeiro","description":"","publisher":{"@id":"https:\/\/portal1.uenf.br\/portal\/#organization"},"potentialAction":[{"@type":"SearchAction","target":{"@type":"EntryPoint","urlTemplate":"https:\/\/portal1.uenf.br\/portal\/?s={search_term_string}"},"query-input":{"@type":"PropertyValueSpecification","valueRequired":true,"valueName":"search_term_string"}}],"inLanguage":"pt-BR"},{"@type":"Organization","@id":"https:\/\/portal1.uenf.br\/portal\/#organization","name":"UENF - Universidade Estadual do Norte Fluminense Darcy Ribeiro","url":"https:\/\/portal1.uenf.br\/portal\/","logo":{"@type":"ImageObject","inLanguage":"pt-BR","@id":"https:\/\/portal1.uenf.br\/portal\/#\/schema\/logo\/image\/","url":"https:\/\/portal1.uenf.br\/portal\/wp-content\/uploads\/2018\/06\/logo-uenf-invertido-1.png","contentUrl":"https:\/\/portal1.uenf.br\/portal\/wp-content\/uploads\/2018\/06\/logo-uenf-invertido-1.png","width":482,"height":83,"caption":"UENF - Universidade Estadual do Norte Fluminense Darcy Ribeiro"},"image":{"@id":"https:\/\/portal1.uenf.br\/portal\/#\/schema\/logo\/image\/"}},{"@type":"Person","@id":"https:\/\/portal1.uenf.br\/portal\/#\/schema\/person\/068abbf03b6f8478c845bc8ded9270c7","name":"admin","image":{"@type":"ImageObject","inLanguage":"pt-BR","@id":"https:\/\/portal1.uenf.br\/portal\/#\/schema\/person\/image\/","url":"https:\/\/secure.gravatar.com\/avatar\/e5ecf9e4fae0742f4b136f518195bafa7b2d3f7c709f4bdc6707588ef68a6e25?s=96&d=mm&r=g","contentUrl":"https:\/\/secure.gravatar.com\/avatar\/e5ecf9e4fae0742f4b136f518195bafa7b2d3f7c709f4bdc6707588ef68a6e25?s=96&d=mm&r=g","caption":"admin"},"sameAs":["https:\/\/portal1.uenf.br\/portal"],"url":"https:\/\/portal1.uenf.br\/portal\/author\/edson\/"}]}},"_links":{"self":[{"href":"https:\/\/portal1.uenf.br\/portal\/wp-json\/wp\/v2\/posts\/23955","targetHints":{"allow":["GET"]}}],"collection":[{"href":"https:\/\/portal1.uenf.br\/portal\/wp-json\/wp\/v2\/posts"}],"about":[{"href":"https:\/\/portal1.uenf.br\/portal\/wp-json\/wp\/v2\/types\/post"}],"author":[{"embeddable":true,"href":"https:\/\/portal1.uenf.br\/portal\/wp-json\/wp\/v2\/users\/1"}],"replies":[{"embeddable":true,"href":"https:\/\/portal1.uenf.br\/portal\/wp-json\/wp\/v2\/comments?post=23955"}],"version-history":[{"count":0,"href":"https:\/\/portal1.uenf.br\/portal\/wp-json\/wp\/v2\/posts\/23955\/revisions"}],"wp:attachment":[{"href":"https:\/\/portal1.uenf.br\/portal\/wp-json\/wp\/v2\/media?parent=23955"}],"wp:term":[{"taxonomy":"category","embeddable":true,"href":"https:\/\/portal1.uenf.br\/portal\/wp-json\/wp\/v2\/categories?post=23955"},{"taxonomy":"post_tag","embeddable":true,"href":"https:\/\/portal1.uenf.br\/portal\/wp-json\/wp\/v2\/tags?post=23955"}],"curies":[{"name":"wp","href":"https:\/\/api.w.org\/{rel}","templated":true}]}}