{"id":23773,"date":"2024-03-26T12:08:30","date_gmt":"2024-03-26T15:08:30","guid":{"rendered":"https:\/\/uenf.br\/portal\/?p=23773"},"modified":"2024-03-26T12:08:30","modified_gmt":"2024-03-26T15:08:30","slug":"nuperj-divulga-indices-de-dinamica-economica-dos-municipios-do-norte-fluminense","status":"publish","type":"post","link":"https:\/\/portal1.uenf.br\/portal\/noticias\/nuperj-divulga-indices-de-dinamica-economica-dos-municipios-do-norte-fluminense\/","title":{"rendered":"NUPERJ divulga \u00edndices de din\u00e2mica econ\u00f4mica dos munic\u00edpios do Norte Fluminense"},"content":{"rendered":"\n<figure class=\"wp-block-image size-large\"><img decoding=\"async\" src=\"https:\/\/uenf.br\/portal\/wp-content\/uploads\/2024\/03\/dados-1024x494.png\" alt=\"\" class=\"wp-image-23781\"\/><\/figure>\n\n\n\n<p>O N\u00facleo de Pesquisa Econ\u00f4mica do Rio de Janeiro (NUPERJ\/UENF) divulgou os \u00edndices de din\u00e2mica econ\u00f4mica local dos munic\u00edpios da regi\u00e3o Norte Fluminense, correspondente \u00e0 movimenta\u00e7\u00e3o de 2022. Segundo o coordenador do NUPERJ, professor Alcimar das Chagas Ribeiro, a din\u00e2mica econ\u00f4mica regional melhorou em rela\u00e7\u00e3o a 2021, em fun\u00e7\u00e3o do retorno da estabilidade na economia p\u00f3s Covid 19. Os munic\u00edpios de S\u00e3o Francisco de Itabapoana e Campos dos Goytacazes apresentaram um melhor desempenho comparativamente aos outros munic\u00edpios da regi\u00e3o.<\/p>\n\n\n\n<p>S\u00e3o Francisco de Itabapoana saiu da oitava para a primeira posi\u00e7\u00e3o com evolu\u00e7\u00e3o incremental de 77,3% do \u00edndice m\u00e9dio, em decorr\u00eancia do forte crescimento do investimento p\u00fablico; da evolu\u00e7\u00e3o proporcional do emprego no com\u00e9rcio frente ao emprego total; do aumento proporcional das opera\u00e7\u00f5es banc\u00e1rias frente ao ativo\/passivo total e da retra\u00e7\u00e3o do grupo de vulnerabilidade social. O \u00edndice alcan\u00e7ado de 1,1435 se enquadra no padr\u00e3o de alta din\u00e2mica econ\u00f4mica.<\/p>\n\n\n\n<p>Campos dos Goytacazes saiu da sexta para a terceira posi\u00e7\u00e3o com evolu\u00e7\u00e3o incremental de 19,8% do \u00edndice m\u00e9dio, em decorr\u00eancia da evolu\u00e7\u00e3o do investimento p\u00fablico, da movimenta\u00e7\u00e3o banc\u00e1ria e da redu\u00e7\u00e3o do n\u00edvel de vulnerabilidade social. Com isso, o \u00edndice m\u00e9dio atingiu 0,8749, levando o munic\u00edpio a ocupar um padr\u00e3o de alta din\u00e2mica econ\u00f4mica.<\/p>\n\n\n\n<p>S\u00e3o Fid\u00e9lis completa o grupo de munic\u00edpios com o padr\u00e3o de alta din\u00e2mica econ\u00f4mica. O munic\u00edpio atingiu uma evolu\u00e7\u00e3o incremental de 4,77% em 2022, com base em 2021, mas perdeu a primeira posi\u00e7\u00e3o, ocupando agora a segunda posi\u00e7\u00e3o com o \u00edndice m\u00e9dio de 0,8924. A import\u00e2ncia relativa do emprego no com\u00e9rcio, a movimenta\u00e7\u00e3o banc\u00e1ria e o crescimento do investimento p\u00fablico, foram respons\u00e1veis pelo padr\u00e3o de din\u00e2mica econ\u00f4mica local. J\u00e1 o \u00edndice de Cardoso Moreiras desacelerou de 0,8169 em 2021 para 0,800 em 2022, caindo para o padr\u00e3o de din\u00e2mica econ\u00f4mica moderada no mesmo ano.<\/p>\n\n\n\n<p>Carapebus e Quissam\u00e3 tamb\u00e9m apresentaram desacelera\u00e7\u00e3o em seus \u00edndices em 2022, por\u00e9m mantiveram o padr\u00e3o de din\u00e2mica econ\u00f4mica moderada. Completa o grupo os munic\u00edpios de Maca\u00e9 e S\u00e3o Jo\u00e3o da Barra. O primeiro atingiu o \u00edndice 0,6928 e o segundo o \u00edndice de 0,6460 de din\u00e2mica econ\u00f4mica moderada.<\/p>\n\n\n\n<p>Com exce\u00e7\u00e3o de Quissam\u00e3 e Cardoso Moreira, os outros sete munic\u00edpios apresentam evolu\u00e7\u00e3o no n\u00edvel de investimento p\u00fablico, enquanto todos apresentaram queda acentuada na condi\u00e7\u00e3o de vulnerabilidade social.<\/p>\n\n\n\n<p>O \u00edndice de movimenta\u00e7\u00e3o banc\u00e1ria foi importante na melhoria do \u00edndice m\u00e9dio, j\u00e1 que em 2022 o valor do Ativo\/passivo banc\u00e1rio suprimiu as contas de compensa\u00e7\u00e3o contabilizadas em 2021. Com isso, a participa\u00e7\u00e3o relativa de cr\u00e9dito e dep\u00f3sitos avan\u00e7ou em todos os munic\u00edpios da mesorregi\u00e3o.<\/p>\n\n\n\n<p>Os dados mais abertos podem ser encontrados no site do <a href=\"https:\/\/uenf.br\/projetos\/nuperj\/\"><strong>Nuperj\/UENF<\/strong><\/a><\/p>\n\n\n<div class=\"wp-block-image\">\n<figure class=\"aligncenter size-full is-resized\"><img decoding=\"async\" src=\"https:\/\/uenf.br\/portal\/wp-content\/uploads\/2024\/03\/nuperj.png\" alt=\"\" class=\"wp-image-23783\" style=\"width:550px;height:auto\"\/><\/figure>\n<\/div>\n\n\n<p><strong>Novo \u00edndice busca corrigir distor\u00e7\u00f5es<\/strong><\/p>\n\n\n\n<p>O \u00cdndice de Din\u00e2mica Local (INDEL) foi criado pelo NUPERJ para corrigir distor\u00e7\u00f5es geradas pelos demais indicadores, que na maioria das vezes n\u00e3o refletem a real situa\u00e7\u00e3o econ\u00f4mica dos munic\u00edpios. Ele espera que o \u00edndice possa ajudar os munic\u00edpios na formula\u00e7\u00e3o de pol\u00edticas p\u00fablicas.<\/p>\n\n\n\n<p>\u2014 O INDEL mostra muita coisa que n\u00e3o se consegue com os \u00edndices tradicionais, voltados para o desenvolvimento. Eu fugi dessa tradi\u00e7\u00e3o e classifiquei como din\u00e2mica econ\u00f4mica. Porque desenvolvimento \u00e9  uma coisa muito complexa \u2014 explica Alcimar.<\/p>\n\n\n\n<p>Ele cita como exemplo os munic\u00edpios de S\u00e3o Jo\u00e3o da Barra e Maca\u00e9, que t\u00eam alto n\u00famero de empregos em virtude do Porto do A\u00e7u e da Petrobras, respectivamente. No entanto, grande parte dos empregados n\u00e3o vivem nos munic\u00edpios. Desta forma, os sal\u00e1rios n\u00e3o t\u00eam um peso na din\u00e2mica econ\u00f4mica local.<\/p>\n\n\n<div class=\"wp-block-image\">\n<figure class=\"aligncenter size-large is-resized\"><img decoding=\"async\" src=\"https:\/\/uenf.br\/portal\/wp-content\/uploads\/2024\/03\/Alcimar-576x1024.jpeg\" alt=\"\" class=\"wp-image-23785\" style=\"width:303px;height:auto\"\/><figcaption class=\"wp-element-caption\">Alcimar das Chagas Ribeiro<\/figcaption><\/figure>\n<\/div>\n\n\n<p>\u2014 Ent\u00e3o esses \u00edndices s\u00e3o question\u00e1veis, por isso que eu fugi disso e vim pra din\u00e2mica econ\u00f4mica. O que eu quero saber \u00e9 o seguinte: das entradas de recursos, o que \u00e9 na verdade fixado. \u00c9 como se fosse uma produtividade. Ent\u00e3o selecionei var\u00e1veis que indicam exatamente isso \u2014 comenta Alcimar.<\/p>\n\n\n\n<p>O INDEL utiliza cinco vari\u00e1veis: investimento p\u00fablico municipal (o percentual que o governo municipal gasta em cima das receitas do m\u00eas), o valor arrecadado atrav\u00e9s do Imposto sobre Circula\u00e7\u00e3o de Mercadorias (ICMS), o hist\u00f3rico de emprego e renda no com\u00e9rcio, a movimenta\u00e7\u00e3o banc\u00e1ria e a vulnerabilidade (diferen\u00e7a entre o grupo de pessoas assistidas pelo governo em rela\u00e7\u00e3o ao grupo de pessoas aptas ao trabalho).<\/p>\n\n\n\n<p><\/p>\n","protected":false},"excerpt":{"rendered":"<p>O N\u00facleo de Pesquisa Econ\u00f4mica do Rio de Janeiro (NUPERJ\/UENF) divulgou os \u00edndices de din\u00e2mica econ\u00f4mica local dos munic\u00edpios da regi\u00e3o Norte Fluminense, correspondente \u00e0 movimenta\u00e7\u00e3o de 2022. Segundo o coordenador do NUPERJ, professor Alcimar das Chagas Ribeiro, a din\u00e2mica econ\u00f4mica regional melhorou em rela\u00e7\u00e3o a 2021, em fun\u00e7\u00e3o do retorno da estabilidade na economia [&hellip;]<\/p>\n","protected":false},"author":1,"featured_media":0,"comment_status":"closed","ping_status":"closed","sticky":false,"template":"","format":"standard","meta":{"_eb_attr":"","ocean_post_layout":"","ocean_both_sidebars_style":"","ocean_both_sidebars_content_width":0,"ocean_both_sidebars_sidebars_width":0,"ocean_sidebar":"","ocean_second_sidebar":"","ocean_disable_margins":"enable","ocean_add_body_class":"","ocean_shortcode_before_top_bar":"","ocean_shortcode_after_top_bar":"","ocean_shortcode_before_header":"","ocean_shortcode_after_header":"","ocean_has_shortcode":"","ocean_shortcode_after_title":"","ocean_shortcode_before_footer_widgets":"","ocean_shortcode_after_footer_widgets":"","ocean_shortcode_before_footer_bottom":"","ocean_shortcode_after_footer_bottom":"","ocean_display_top_bar":"default","ocean_display_header":"default","ocean_header_style":"","ocean_center_header_left_menu":"","ocean_custom_header_template":"","ocean_custom_logo":0,"ocean_custom_retina_logo":0,"ocean_custom_logo_max_width":0,"ocean_custom_logo_tablet_max_width":0,"ocean_custom_logo_mobile_max_width":0,"ocean_custom_logo_max_height":0,"ocean_custom_logo_tablet_max_height":0,"ocean_custom_logo_mobile_max_height":0,"ocean_header_custom_menu":"","ocean_menu_typo_font_family":"","ocean_menu_typo_font_subset":"","ocean_menu_typo_font_size":0,"ocean_menu_typo_font_size_tablet":0,"ocean_menu_typo_font_size_mobile":0,"ocean_menu_typo_font_size_unit":"px","ocean_menu_typo_font_weight":"","ocean_menu_typo_font_weight_tablet":"","ocean_menu_typo_font_weight_mobile":"","ocean_menu_typo_transform":"","ocean_menu_typo_transform_tablet":"","ocean_menu_typo_transform_mobile":"","ocean_menu_typo_line_height":0,"ocean_menu_typo_line_height_tablet":0,"ocean_menu_typo_line_height_mobile":0,"ocean_menu_typo_line_height_unit":"","ocean_menu_typo_spacing":0,"ocean_menu_typo_spacing_tablet":0,"ocean_menu_typo_spacing_mobile":0,"ocean_menu_typo_spacing_unit":"","ocean_menu_link_color":"","ocean_menu_link_color_hover":"","ocean_menu_link_color_active":"","ocean_menu_link_background":"","ocean_menu_link_hover_background":"","ocean_menu_link_active_background":"","ocean_menu_social_links_bg":"","ocean_menu_social_hover_links_bg":"","ocean_menu_social_links_color":"","ocean_menu_social_hover_links_color":"","ocean_disable_title":"default","ocean_disable_heading":"default","ocean_post_title":"","ocean_post_subheading":"","ocean_post_title_style":"","ocean_post_title_background_color":"","ocean_post_title_background":0,"ocean_post_title_bg_image_position":"","ocean_post_title_bg_image_attachment":"","ocean_post_title_bg_image_repeat":"","ocean_post_title_bg_image_size":"","ocean_post_title_height":0,"ocean_post_title_bg_overlay":0.5,"ocean_post_title_bg_overlay_color":"","ocean_disable_breadcrumbs":"default","ocean_breadcrumbs_color":"","ocean_breadcrumbs_separator_color":"","ocean_breadcrumbs_links_color":"","ocean_breadcrumbs_links_hover_color":"","ocean_display_footer_widgets":"default","ocean_display_footer_bottom":"default","ocean_custom_footer_template":"","ocean_post_oembed":"","ocean_post_self_hosted_media":"","ocean_post_video_embed":"","ocean_link_format":"","ocean_link_format_target":"self","ocean_quote_format":"","ocean_quote_format_link":"post","ocean_gallery_link_images":"on","ocean_gallery_id":[],"footnotes":""},"categories":[8],"tags":[],"class_list":["post-23773","post","type-post","status-publish","format-standard","hentry","category-noticias","entry"],"yoast_head":"<!-- This site is optimized with the Yoast SEO plugin v26.5 - https:\/\/yoast.com\/wordpress\/plugins\/seo\/ -->\n<title>NUPERJ divulga \u00edndices de din\u00e2mica econ\u00f4mica dos munic\u00edpios do Norte Fluminense - UENF - Universidade Estadual do Norte Fluminense Darcy Ribeiro<\/title>\n<meta name=\"robots\" content=\"noindex, follow, max-snippet:-1, max-image-preview:large, max-video-preview:-1\" \/>\n<meta property=\"og:locale\" content=\"pt_BR\" \/>\n<meta property=\"og:type\" content=\"article\" \/>\n<meta property=\"og:title\" content=\"NUPERJ divulga \u00edndices de din\u00e2mica econ\u00f4mica dos munic\u00edpios do Norte Fluminense - UENF - Universidade Estadual do Norte Fluminense Darcy Ribeiro\" \/>\n<meta property=\"og:description\" content=\"O N\u00facleo de Pesquisa Econ\u00f4mica do Rio de Janeiro (NUPERJ\/UENF) divulgou os \u00edndices de din\u00e2mica econ\u00f4mica local dos munic\u00edpios da regi\u00e3o Norte Fluminense, correspondente \u00e0 movimenta\u00e7\u00e3o de 2022. Segundo o coordenador do NUPERJ, professor Alcimar das Chagas Ribeiro, a din\u00e2mica econ\u00f4mica regional melhorou em rela\u00e7\u00e3o a 2021, em fun\u00e7\u00e3o do retorno da estabilidade na economia [&hellip;]\" \/>\n<meta property=\"og:url\" content=\"https:\/\/portal1.uenf.br\/portal\/noticias\/nuperj-divulga-indices-de-dinamica-economica-dos-municipios-do-norte-fluminense\/\" \/>\n<meta property=\"og:site_name\" content=\"UENF - Universidade Estadual do Norte Fluminense Darcy Ribeiro\" \/>\n<meta property=\"article:published_time\" content=\"2024-03-26T15:08:30+00:00\" \/>\n<meta property=\"og:image\" content=\"https:\/\/uenf.br\/portal\/wp-content\/uploads\/2024\/03\/dados-1024x494.png\" \/>\n<meta name=\"author\" content=\"admin\" \/>\n<meta name=\"twitter:card\" content=\"summary_large_image\" \/>\n<meta name=\"twitter:label1\" content=\"Escrito por\" \/>\n\t<meta name=\"twitter:data1\" content=\"admin\" \/>\n\t<meta name=\"twitter:label2\" content=\"Est. tempo de leitura\" \/>\n\t<meta name=\"twitter:data2\" content=\"4 minutos\" \/>\n<script type=\"application\/ld+json\" class=\"yoast-schema-graph\">{\"@context\":\"https:\/\/schema.org\",\"@graph\":[{\"@type\":\"Article\",\"@id\":\"https:\/\/portal1.uenf.br\/portal\/noticias\/nuperj-divulga-indices-de-dinamica-economica-dos-municipios-do-norte-fluminense\/#article\",\"isPartOf\":{\"@id\":\"https:\/\/portal1.uenf.br\/portal\/noticias\/nuperj-divulga-indices-de-dinamica-economica-dos-municipios-do-norte-fluminense\/\"},\"author\":{\"name\":\"admin\",\"@id\":\"https:\/\/portal1.uenf.br\/portal\/#\/schema\/person\/068abbf03b6f8478c845bc8ded9270c7\"},\"headline\":\"NUPERJ divulga \u00edndices de din\u00e2mica econ\u00f4mica dos munic\u00edpios do Norte Fluminense\",\"datePublished\":\"2024-03-26T15:08:30+00:00\",\"mainEntityOfPage\":{\"@id\":\"https:\/\/portal1.uenf.br\/portal\/noticias\/nuperj-divulga-indices-de-dinamica-economica-dos-municipios-do-norte-fluminense\/\"},\"wordCount\":816,\"publisher\":{\"@id\":\"https:\/\/portal1.uenf.br\/portal\/#organization\"},\"image\":{\"@id\":\"https:\/\/portal1.uenf.br\/portal\/noticias\/nuperj-divulga-indices-de-dinamica-economica-dos-municipios-do-norte-fluminense\/#primaryimage\"},\"thumbnailUrl\":\"https:\/\/uenf.br\/portal\/wp-content\/uploads\/2024\/03\/dados-1024x494.png\",\"articleSection\":[\"Not\u00edcias\"],\"inLanguage\":\"pt-BR\"},{\"@type\":\"WebPage\",\"@id\":\"https:\/\/portal1.uenf.br\/portal\/noticias\/nuperj-divulga-indices-de-dinamica-economica-dos-municipios-do-norte-fluminense\/\",\"url\":\"https:\/\/portal1.uenf.br\/portal\/noticias\/nuperj-divulga-indices-de-dinamica-economica-dos-municipios-do-norte-fluminense\/\",\"name\":\"NUPERJ divulga \u00edndices de din\u00e2mica econ\u00f4mica dos munic\u00edpios do Norte Fluminense - UENF - Universidade Estadual do Norte Fluminense Darcy Ribeiro\",\"isPartOf\":{\"@id\":\"https:\/\/portal1.uenf.br\/portal\/#website\"},\"primaryImageOfPage\":{\"@id\":\"https:\/\/portal1.uenf.br\/portal\/noticias\/nuperj-divulga-indices-de-dinamica-economica-dos-municipios-do-norte-fluminense\/#primaryimage\"},\"image\":{\"@id\":\"https:\/\/portal1.uenf.br\/portal\/noticias\/nuperj-divulga-indices-de-dinamica-economica-dos-municipios-do-norte-fluminense\/#primaryimage\"},\"thumbnailUrl\":\"https:\/\/uenf.br\/portal\/wp-content\/uploads\/2024\/03\/dados-1024x494.png\",\"datePublished\":\"2024-03-26T15:08:30+00:00\",\"breadcrumb\":{\"@id\":\"https:\/\/portal1.uenf.br\/portal\/noticias\/nuperj-divulga-indices-de-dinamica-economica-dos-municipios-do-norte-fluminense\/#breadcrumb\"},\"inLanguage\":\"pt-BR\",\"potentialAction\":[{\"@type\":\"ReadAction\",\"target\":[\"https:\/\/portal1.uenf.br\/portal\/noticias\/nuperj-divulga-indices-de-dinamica-economica-dos-municipios-do-norte-fluminense\/\"]}]},{\"@type\":\"ImageObject\",\"inLanguage\":\"pt-BR\",\"@id\":\"https:\/\/portal1.uenf.br\/portal\/noticias\/nuperj-divulga-indices-de-dinamica-economica-dos-municipios-do-norte-fluminense\/#primaryimage\",\"url\":\"https:\/\/uenf.br\/portal\/wp-content\/uploads\/2024\/03\/dados-1024x494.png\",\"contentUrl\":\"https:\/\/uenf.br\/portal\/wp-content\/uploads\/2024\/03\/dados-1024x494.png\"},{\"@type\":\"BreadcrumbList\",\"@id\":\"https:\/\/portal1.uenf.br\/portal\/noticias\/nuperj-divulga-indices-de-dinamica-economica-dos-municipios-do-norte-fluminense\/#breadcrumb\",\"itemListElement\":[{\"@type\":\"ListItem\",\"position\":1,\"name\":\"In\u00edcio\",\"item\":\"https:\/\/portal1.uenf.br\/portal\/\"},{\"@type\":\"ListItem\",\"position\":2,\"name\":\"NUPERJ divulga \u00edndices de din\u00e2mica econ\u00f4mica dos munic\u00edpios do Norte Fluminense\"}]},{\"@type\":\"WebSite\",\"@id\":\"https:\/\/portal1.uenf.br\/portal\/#website\",\"url\":\"https:\/\/portal1.uenf.br\/portal\/\",\"name\":\"UENF - Universidade Estadual do Norte Fluminense Darcy Ribeiro\",\"description\":\"\",\"publisher\":{\"@id\":\"https:\/\/portal1.uenf.br\/portal\/#organization\"},\"potentialAction\":[{\"@type\":\"SearchAction\",\"target\":{\"@type\":\"EntryPoint\",\"urlTemplate\":\"https:\/\/portal1.uenf.br\/portal\/?s={search_term_string}\"},\"query-input\":{\"@type\":\"PropertyValueSpecification\",\"valueRequired\":true,\"valueName\":\"search_term_string\"}}],\"inLanguage\":\"pt-BR\"},{\"@type\":\"Organization\",\"@id\":\"https:\/\/portal1.uenf.br\/portal\/#organization\",\"name\":\"UENF - Universidade Estadual do Norte Fluminense Darcy Ribeiro\",\"url\":\"https:\/\/portal1.uenf.br\/portal\/\",\"logo\":{\"@type\":\"ImageObject\",\"inLanguage\":\"pt-BR\",\"@id\":\"https:\/\/portal1.uenf.br\/portal\/#\/schema\/logo\/image\/\",\"url\":\"https:\/\/portal1.uenf.br\/portal\/wp-content\/uploads\/2018\/06\/logo-uenf-invertido-1.png\",\"contentUrl\":\"https:\/\/portal1.uenf.br\/portal\/wp-content\/uploads\/2018\/06\/logo-uenf-invertido-1.png\",\"width\":482,\"height\":83,\"caption\":\"UENF - Universidade Estadual do Norte Fluminense Darcy Ribeiro\"},\"image\":{\"@id\":\"https:\/\/portal1.uenf.br\/portal\/#\/schema\/logo\/image\/\"}},{\"@type\":\"Person\",\"@id\":\"https:\/\/portal1.uenf.br\/portal\/#\/schema\/person\/068abbf03b6f8478c845bc8ded9270c7\",\"name\":\"admin\",\"image\":{\"@type\":\"ImageObject\",\"inLanguage\":\"pt-BR\",\"@id\":\"https:\/\/portal1.uenf.br\/portal\/#\/schema\/person\/image\/\",\"url\":\"https:\/\/secure.gravatar.com\/avatar\/e5ecf9e4fae0742f4b136f518195bafa7b2d3f7c709f4bdc6707588ef68a6e25?s=96&d=mm&r=g\",\"contentUrl\":\"https:\/\/secure.gravatar.com\/avatar\/e5ecf9e4fae0742f4b136f518195bafa7b2d3f7c709f4bdc6707588ef68a6e25?s=96&d=mm&r=g\",\"caption\":\"admin\"},\"sameAs\":[\"https:\/\/portal1.uenf.br\/portal\"],\"url\":\"https:\/\/portal1.uenf.br\/portal\/author\/edson\/\"}]}<\/script>\n<!-- \/ Yoast SEO plugin. -->","yoast_head_json":{"title":"NUPERJ divulga \u00edndices de din\u00e2mica econ\u00f4mica dos munic\u00edpios do Norte Fluminense - UENF - Universidade Estadual do Norte Fluminense Darcy Ribeiro","robots":{"index":"noindex","follow":"follow","max-snippet":"max-snippet:-1","max-image-preview":"max-image-preview:large","max-video-preview":"max-video-preview:-1"},"og_locale":"pt_BR","og_type":"article","og_title":"NUPERJ divulga \u00edndices de din\u00e2mica econ\u00f4mica dos munic\u00edpios do Norte Fluminense - UENF - Universidade Estadual do Norte Fluminense Darcy Ribeiro","og_description":"O N\u00facleo de Pesquisa Econ\u00f4mica do Rio de Janeiro (NUPERJ\/UENF) divulgou os \u00edndices de din\u00e2mica econ\u00f4mica local dos munic\u00edpios da regi\u00e3o Norte Fluminense, correspondente \u00e0 movimenta\u00e7\u00e3o de 2022. Segundo o coordenador do NUPERJ, professor Alcimar das Chagas Ribeiro, a din\u00e2mica econ\u00f4mica regional melhorou em rela\u00e7\u00e3o a 2021, em fun\u00e7\u00e3o do retorno da estabilidade na economia [&hellip;]","og_url":"https:\/\/portal1.uenf.br\/portal\/noticias\/nuperj-divulga-indices-de-dinamica-economica-dos-municipios-do-norte-fluminense\/","og_site_name":"UENF - Universidade Estadual do Norte Fluminense Darcy Ribeiro","article_published_time":"2024-03-26T15:08:30+00:00","og_image":[{"url":"https:\/\/uenf.br\/portal\/wp-content\/uploads\/2024\/03\/dados-1024x494.png","type":"","width":"","height":""}],"author":"admin","twitter_card":"summary_large_image","twitter_misc":{"Escrito por":"admin","Est. tempo de leitura":"4 minutos"},"schema":{"@context":"https:\/\/schema.org","@graph":[{"@type":"Article","@id":"https:\/\/portal1.uenf.br\/portal\/noticias\/nuperj-divulga-indices-de-dinamica-economica-dos-municipios-do-norte-fluminense\/#article","isPartOf":{"@id":"https:\/\/portal1.uenf.br\/portal\/noticias\/nuperj-divulga-indices-de-dinamica-economica-dos-municipios-do-norte-fluminense\/"},"author":{"name":"admin","@id":"https:\/\/portal1.uenf.br\/portal\/#\/schema\/person\/068abbf03b6f8478c845bc8ded9270c7"},"headline":"NUPERJ divulga \u00edndices de din\u00e2mica econ\u00f4mica dos munic\u00edpios do Norte Fluminense","datePublished":"2024-03-26T15:08:30+00:00","mainEntityOfPage":{"@id":"https:\/\/portal1.uenf.br\/portal\/noticias\/nuperj-divulga-indices-de-dinamica-economica-dos-municipios-do-norte-fluminense\/"},"wordCount":816,"publisher":{"@id":"https:\/\/portal1.uenf.br\/portal\/#organization"},"image":{"@id":"https:\/\/portal1.uenf.br\/portal\/noticias\/nuperj-divulga-indices-de-dinamica-economica-dos-municipios-do-norte-fluminense\/#primaryimage"},"thumbnailUrl":"https:\/\/uenf.br\/portal\/wp-content\/uploads\/2024\/03\/dados-1024x494.png","articleSection":["Not\u00edcias"],"inLanguage":"pt-BR"},{"@type":"WebPage","@id":"https:\/\/portal1.uenf.br\/portal\/noticias\/nuperj-divulga-indices-de-dinamica-economica-dos-municipios-do-norte-fluminense\/","url":"https:\/\/portal1.uenf.br\/portal\/noticias\/nuperj-divulga-indices-de-dinamica-economica-dos-municipios-do-norte-fluminense\/","name":"NUPERJ divulga \u00edndices de din\u00e2mica econ\u00f4mica dos munic\u00edpios do Norte Fluminense - UENF - Universidade Estadual do Norte Fluminense Darcy Ribeiro","isPartOf":{"@id":"https:\/\/portal1.uenf.br\/portal\/#website"},"primaryImageOfPage":{"@id":"https:\/\/portal1.uenf.br\/portal\/noticias\/nuperj-divulga-indices-de-dinamica-economica-dos-municipios-do-norte-fluminense\/#primaryimage"},"image":{"@id":"https:\/\/portal1.uenf.br\/portal\/noticias\/nuperj-divulga-indices-de-dinamica-economica-dos-municipios-do-norte-fluminense\/#primaryimage"},"thumbnailUrl":"https:\/\/uenf.br\/portal\/wp-content\/uploads\/2024\/03\/dados-1024x494.png","datePublished":"2024-03-26T15:08:30+00:00","breadcrumb":{"@id":"https:\/\/portal1.uenf.br\/portal\/noticias\/nuperj-divulga-indices-de-dinamica-economica-dos-municipios-do-norte-fluminense\/#breadcrumb"},"inLanguage":"pt-BR","potentialAction":[{"@type":"ReadAction","target":["https:\/\/portal1.uenf.br\/portal\/noticias\/nuperj-divulga-indices-de-dinamica-economica-dos-municipios-do-norte-fluminense\/"]}]},{"@type":"ImageObject","inLanguage":"pt-BR","@id":"https:\/\/portal1.uenf.br\/portal\/noticias\/nuperj-divulga-indices-de-dinamica-economica-dos-municipios-do-norte-fluminense\/#primaryimage","url":"https:\/\/uenf.br\/portal\/wp-content\/uploads\/2024\/03\/dados-1024x494.png","contentUrl":"https:\/\/uenf.br\/portal\/wp-content\/uploads\/2024\/03\/dados-1024x494.png"},{"@type":"BreadcrumbList","@id":"https:\/\/portal1.uenf.br\/portal\/noticias\/nuperj-divulga-indices-de-dinamica-economica-dos-municipios-do-norte-fluminense\/#breadcrumb","itemListElement":[{"@type":"ListItem","position":1,"name":"In\u00edcio","item":"https:\/\/portal1.uenf.br\/portal\/"},{"@type":"ListItem","position":2,"name":"NUPERJ divulga \u00edndices de din\u00e2mica econ\u00f4mica dos munic\u00edpios do Norte Fluminense"}]},{"@type":"WebSite","@id":"https:\/\/portal1.uenf.br\/portal\/#website","url":"https:\/\/portal1.uenf.br\/portal\/","name":"UENF - Universidade Estadual do Norte Fluminense Darcy Ribeiro","description":"","publisher":{"@id":"https:\/\/portal1.uenf.br\/portal\/#organization"},"potentialAction":[{"@type":"SearchAction","target":{"@type":"EntryPoint","urlTemplate":"https:\/\/portal1.uenf.br\/portal\/?s={search_term_string}"},"query-input":{"@type":"PropertyValueSpecification","valueRequired":true,"valueName":"search_term_string"}}],"inLanguage":"pt-BR"},{"@type":"Organization","@id":"https:\/\/portal1.uenf.br\/portal\/#organization","name":"UENF - Universidade Estadual do Norte Fluminense Darcy Ribeiro","url":"https:\/\/portal1.uenf.br\/portal\/","logo":{"@type":"ImageObject","inLanguage":"pt-BR","@id":"https:\/\/portal1.uenf.br\/portal\/#\/schema\/logo\/image\/","url":"https:\/\/portal1.uenf.br\/portal\/wp-content\/uploads\/2018\/06\/logo-uenf-invertido-1.png","contentUrl":"https:\/\/portal1.uenf.br\/portal\/wp-content\/uploads\/2018\/06\/logo-uenf-invertido-1.png","width":482,"height":83,"caption":"UENF - Universidade Estadual do Norte Fluminense Darcy Ribeiro"},"image":{"@id":"https:\/\/portal1.uenf.br\/portal\/#\/schema\/logo\/image\/"}},{"@type":"Person","@id":"https:\/\/portal1.uenf.br\/portal\/#\/schema\/person\/068abbf03b6f8478c845bc8ded9270c7","name":"admin","image":{"@type":"ImageObject","inLanguage":"pt-BR","@id":"https:\/\/portal1.uenf.br\/portal\/#\/schema\/person\/image\/","url":"https:\/\/secure.gravatar.com\/avatar\/e5ecf9e4fae0742f4b136f518195bafa7b2d3f7c709f4bdc6707588ef68a6e25?s=96&d=mm&r=g","contentUrl":"https:\/\/secure.gravatar.com\/avatar\/e5ecf9e4fae0742f4b136f518195bafa7b2d3f7c709f4bdc6707588ef68a6e25?s=96&d=mm&r=g","caption":"admin"},"sameAs":["https:\/\/portal1.uenf.br\/portal"],"url":"https:\/\/portal1.uenf.br\/portal\/author\/edson\/"}]}},"_links":{"self":[{"href":"https:\/\/portal1.uenf.br\/portal\/wp-json\/wp\/v2\/posts\/23773","targetHints":{"allow":["GET"]}}],"collection":[{"href":"https:\/\/portal1.uenf.br\/portal\/wp-json\/wp\/v2\/posts"}],"about":[{"href":"https:\/\/portal1.uenf.br\/portal\/wp-json\/wp\/v2\/types\/post"}],"author":[{"embeddable":true,"href":"https:\/\/portal1.uenf.br\/portal\/wp-json\/wp\/v2\/users\/1"}],"replies":[{"embeddable":true,"href":"https:\/\/portal1.uenf.br\/portal\/wp-json\/wp\/v2\/comments?post=23773"}],"version-history":[{"count":0,"href":"https:\/\/portal1.uenf.br\/portal\/wp-json\/wp\/v2\/posts\/23773\/revisions"}],"wp:attachment":[{"href":"https:\/\/portal1.uenf.br\/portal\/wp-json\/wp\/v2\/media?parent=23773"}],"wp:term":[{"taxonomy":"category","embeddable":true,"href":"https:\/\/portal1.uenf.br\/portal\/wp-json\/wp\/v2\/categories?post=23773"},{"taxonomy":"post_tag","embeddable":true,"href":"https:\/\/portal1.uenf.br\/portal\/wp-json\/wp\/v2\/tags?post=23773"}],"curies":[{"name":"wp","href":"https:\/\/api.w.org\/{rel}","templated":true}]}}