{"id":23679,"date":"2024-03-22T19:03:25","date_gmt":"2024-03-22T22:03:25","guid":{"rendered":"https:\/\/uenf.br\/portal\/?p=23679"},"modified":"2024-03-22T19:03:25","modified_gmt":"2024-03-22T22:03:25","slug":"as-mulheres-da-villa","status":"publish","type":"post","link":"https:\/\/portal1.uenf.br\/portal\/informes-internos\/as-mulheres-da-villa\/","title":{"rendered":"As mulheres da Villa"},"content":{"rendered":"<div class=\"wp-block-image\">\n<figure class=\"aligncenter size-full is-resized\"><img decoding=\"async\" src=\"https:\/\/uenf.br\/portal\/wp-content\/uploads\/2024\/03\/villa-aerea.webp\" alt=\"\" class=\"wp-image-23716\" style=\"width:542px;height:auto\"\/><figcaption class=\"wp-element-caption\">Casa de Cultura Villa Maria<\/figcaption><\/figure>\n<\/div>\n\n\n<p>O Dia Internacional da Mulher, comemorado em 8 de mar\u00e7o, foi criado pela ONU em 1970 para marcar a luta das mulheres pela plena igualdade de direitos com os homens. Muitas mulheres se destacam na hist\u00f3ria de Campos dos Goytacazes, e uma delas est\u00e1 intimamente ligada \u00e0 hist\u00f3ria da UENF: Maria Queiroz de Oliveira, a Finasinha, que em 1970 doou sua resid\u00eancia, o palacete Villa Maria, para a primeira universidade que se instalasse em Campos.<\/p>\n\n\n\n<p>Inaugurada em 8 de dezembro de 1993, a Casa de Cultura Villa Maria traz em sua hist\u00f3ria a participa\u00e7\u00e3o ativa e fundamental de muitas outras mulheres. Cada uma a seu modo, e em momentos distintos dos 30 anos de vida da Casa de Cultura Villa Maria, elas ajudaram a manter vivo o sonho de Finasinha.<\/p>\n\n\n\n<p>No m\u00eas em que se comemora o Dia Internacional da Mulher, a Diretoria de Cultura da UENF presta uma homenagem \u00e0s \u201cMulheres da Villa\u201d, que tanto contribu\u00edram para que a Casa de Cultura fosse hoje uma realidade no cen\u00e1rio cultural campista.<\/p>\n\n\n\n<p><strong>Finasinha<\/strong><\/p>\n\n\n\n<figure class=\"wp-block-gallery has-nested-images columns-default is-cropped wp-block-gallery-1 is-layout-flex wp-block-gallery-is-layout-flex\">\n<figure class=\"wp-block-image size-large\"><img decoding=\"async\" data-id=\"23707\" src=\"https:\/\/uenf.br\/portal\/wp-content\/uploads\/2024\/03\/finasinha-1-1024x576.jpg\" alt=\"\" class=\"wp-image-23707\"\/><\/figure>\n\n\n\n<figure class=\"wp-block-image size-large\"><img decoding=\"async\" data-id=\"23710\" src=\"https:\/\/uenf.br\/portal\/wp-content\/uploads\/2024\/03\/Captura-de-tela-2024-03-22-184750-1024x576.png\" alt=\"\" class=\"wp-image-23710\"\/><\/figure>\n<\/figure>\n\n\n\n<p><\/p>\n\n\n\n<p>A hist\u00f3ria da Casa de Cultura Villa Maria come\u00e7a pelas m\u00e3os de uma campista \u00e0 frente de seu tempo: Maria Tinoco Queiroz \u2014 a Dona \u201cFinasinha\u201d. Ou, para muitos que a conheceram, a \u201cRainha da Bondade\u201d, ep\u00edteto que ganhou devido a suas a\u00e7\u00f5es benem\u00e9ritas na cidade.<\/p>\n\n\n\n<p>Filha de Benedito de Azevedo Queiroz e Teresa Linhares Tinoco Queiroz, donos de uma casa banc\u00e1ria situada na Pra\u00e7a S\u00e3o Salvador (onde hoje est\u00e1 o pr\u00e9dio do Banco do Brasil), Maria Queiroz recebeu o apelido de Finasinha quando pequena, por ter nascido no dia de Finados. Nascida em 1887, na ch\u00e1cara da fam\u00edlia, localizada na rua Gil de G\u00f3is, Finasinha era herdeira de algumas das fam\u00edlias mais ricas de Campos do s\u00e9culo XIX: Queiroz, Tinoco, Greg\u00f3rio e Linhares.<\/p>\n\n\n\n<p>Formou-se professora na Escola Normal de Campos, que na \u00e9poca funcionava no Liceu de Humanidades. Quando tinha 19 anos de idade, casou-se com o engenheiro e industrial Atilano Chris\u00f3stomo de Oliveira, dono das usinas Mineiros e S\u00e3o Pedro do Para\u00edso.<\/p>\n\n\n\n<figure class=\"wp-block-gallery has-nested-images columns-default is-cropped wp-block-gallery-2 is-layout-flex wp-block-gallery-is-layout-flex\">\n<figure class=\"wp-block-image size-large\"><img decoding=\"async\" data-id=\"23711\" src=\"https:\/\/uenf.br\/portal\/wp-content\/uploads\/2024\/03\/VILLA1-1024x533.png\" alt=\"\" class=\"wp-image-23711\"\/><\/figure>\n\n\n\n<figure class=\"wp-block-image size-large\"><img decoding=\"async\" data-id=\"23712\" src=\"https:\/\/uenf.br\/portal\/wp-content\/uploads\/2024\/03\/VILLA2-1024x769.png\" alt=\"\" class=\"wp-image-23712\"\/><\/figure>\n<\/figure>\n\n\n\n<p><\/p>\n\n\n\n<p>Em 1918, Atilano mandou construir o palacete Villa Maria como um presente para a esposa. Em estilo ecl\u00e9tico, inspirado nas antigas vilas italianas, a casa foi projetada pelo arquiteto Jos\u00e9 Benevento, o mesmo que projetou o Pal\u00e1cio Nilo Pe\u00e7anha (antigo F\u00f3rum) e a Catedral.<\/p>\n\n\n\n<p>O palacete foi palco de grandes festas, com a presen\u00e7a de autoridades. Uma delas foi o presidente Get\u00falio Vargas, que foi recebido duas vezes no local. O ent\u00e3o presidente participou de banquetes e chegou a aparecer do alto da sacada, saudando o p\u00fablico do lado de fora da casa. Outra festa concorrida foi o casamento da filha do casal, Alice, que contou com comemora\u00e7\u00f5es para todas as classes sociais.<\/p>\n\n\n\n<p>Ao ficar vi\u00fava, em 1944, Finasinha assumiu o comando de todos os neg\u00f3cios do marido \u2014 empresas, usinas e im\u00f3veis. Notabilizou-se por participar e promover eventos sociais e culturais. Um destes eventos foi a Festa do A\u00e7\u00facar, na qual era escolhida a \u201cMiss Usina\u201d, evento que ocorria em agosto, durante a Semana do Sant\u00edssimo Salvador. Era comum a presen\u00e7a de autoridades federais, convidadas pessoalmente por Finasinha.<\/p>\n\n\n<div class=\"wp-block-image\">\n<figure class=\"aligncenter size-full\"><img decoding=\"async\" src=\"https:\/\/uenf.br\/portal\/wp-content\/uploads\/2024\/03\/Villa-Maria.jpg\" alt=\"\" class=\"wp-image-23702\"\/><figcaption class=\"wp-element-caption\">Palacete Villa Maria na d\u00e9cada de 1950<br \/> (Fonte: Blog &#8220;<em>Eu penso que&#8230;&#8221;<\/em>)<\/figcaption><\/figure>\n<\/div>\n\n\n<p>Ao mesmo tempo que tinha prest\u00edgio entre os poderosos, Finasinha atuava junto aos pobres. Costumava distribuir presentes todos os Natais, quando filas imensas se formavam em frente ao port\u00e3o de sua casa. Tamb\u00e9m ajudava in\u00fameras entidades beneficentes de Campos. Foi escolhida como \u201cmadrinha\u201d do Liceu de Humanidades de Campos, Pol\u00edcia Militar, Associa\u00e7\u00e3o de Imprensa Campista e Lira de Apolo.<\/p>\n\n\n\n<p>A vida de Finasinha sofreu um rev\u00e9s com a perda de sua \u00fanica filha, Alice, em abril de 1970. Aparentemente, ela n\u00e3o conseguiu superar a perda, pois faleceu apenas alguns meses depois, em 18 de dezembro de 1970, aos 83 anos de idade. Alice n\u00e3o tivera filhos e Finasinha decide, antes de falecer, doar o palacete onde viveu por 52 anos \u00e0 futura universidade de Campos. Vinte e tr\u00eas anos depois,\u00a0 era inaugurada a UENF, e o sonho de Finasinha p\u00f4de, enfim, ser realizado. O palacete passou a sediar, desde ent\u00e3o, a Casa de Cultura Villa Maria, centro cultural da Universidade.<\/p>\n\n\n\n<p><strong>As mulheres da Casa<\/strong><\/p>\n\n\n<div class=\"wp-block-image\">\n<figure class=\"aligncenter size-large is-resized\"><img decoding=\"async\" src=\"https:\/\/uenf.br\/portal\/wp-content\/uploads\/2024\/03\/Marilene-768x1024.jpeg\" alt=\"\" class=\"wp-image-23686\" style=\"width:307px;height:auto\"\/><figcaption class=\"wp-element-caption\">Marilene Reid<\/figcaption><\/figure>\n<\/div>\n\n\n<p>A servidora Marilene Reid acompanhou o in\u00edcio do funcionamento da Casa de Cultura Villa Maria, no final de 1993. Nesta \u00e9poca, a Casa era dirigida pela professora Elizabeth Campista. Atualmente lotada na Secretaria Acad\u00eamica da UENF, Marilene lembra que, ao ingressar na Villa, tinha grandes expectativas em rela\u00e7\u00e3o \u00e0 proposta da Casa, de ser o bra\u00e7o cultural da Universidade, atuando como um ve\u00edculo de integra\u00e7\u00e3o entre o universo acad\u00eamico e a sociedade.<\/p>\n\n\n\n<p>\u2014 Em pouco tempo, a Casa atingiu a sua efervesc\u00eancia cultural, oferecendo\u00a0 atividades variadas ao p\u00fablico. Recebia muitos visitantes, de todas as idades. Ouv\u00edamos hist\u00f3rias de pessoas que conheceram Finasinha, outras que ouviram contar, mas tamb\u00e9m cont\u00e1vamos a hist\u00f3ria da casa aos visitantes. Isso nos dava muito orgulho. Lembro tamb\u00e9m que algumas pessoas ficavam inibidas em entrar na Villa e perguntavam se realmente podiam entrar. A beleza arquitet\u00f4nica da casa nos encanta at\u00e9 hoje \u2014 conta.<\/p>\n\n\n<div class=\"wp-block-image\">\n<figure class=\"aligncenter size-full is-resized\"><img decoding=\"async\" src=\"https:\/\/uenf.br\/portal\/wp-content\/uploads\/2024\/03\/LidiaLarrubia_CCVM.jpeg\" alt=\"\" class=\"wp-image-23688\" style=\"width:366px;height:auto\"\/><figcaption class=\"wp-element-caption\">L\u00eddia Larrubia<\/figcaption><\/figure>\n<\/div>\n\n\n<p>A servidora L\u00eddia Larr\u00fabia Granja Moreira passou no concurso da UENF e foi designada para a Casa de Cultura Villa Maria em 2002. Atuando desde 2021 no Centro de Ci\u00eancia e Tecnologia da UENF (CCT), L\u00eddia ressalta que, durante o per\u00edodo em que trabalhou na Villa, p\u00f4de aprender muito sobre a cultura local.<\/p>\n\n\n\n<p>\u2014 Tive a honra de conviver na minha chegada com o ent\u00e3o diretor da Casa, Jo\u00e3o Vicente Gomes de Alvarenga, com quem aprendi muito sobre a cultura campista. Fiquei na Casa at\u00e9 a minha transfer\u00eancia para o <em>campus<\/em> da UENF, logo ap\u00f3s a gest\u00e3o da professora Simone Teixeira. Tamb\u00e9m foi um per\u00edodo de grande aprendizado, porque ela \u00e9 uma pessoa generosa e compartilha seu conhecimento de forma simples. Considero que foi uma &nbsp;experi\u00eancia extraordin\u00e1ria \u2014 afirma.<\/p>\n\n\n<div class=\"wp-block-image\">\n<figure class=\"aligncenter size-large is-resized\"><img decoding=\"async\" src=\"https:\/\/uenf.br\/portal\/wp-content\/uploads\/2024\/03\/Simone-768x1024.jpeg\" alt=\"\" class=\"wp-image-23681\" style=\"width:560px;height:auto\"\/><figcaption class=\"wp-element-caption\">Simonne Teixeira em frente \u00e0 Casa de Cultura Villa Maria<\/figcaption><\/figure>\n<\/div>\n\n\n<p>Professora do Laborat\u00f3rio de Estudo do Espa\u00e7o Antr\u00f3pico da UENF (LEEA),\u00a0 Simonne Teixeira foi diretora da Casa de Cultura Villa Maria de 2016 a 2019. Sua gest\u00e3o ocorreu oito anos ap\u00f3s um per\u00edodo em que a Casa ficou sem diretor. Foi uma \u00e9poca de falta de recursos financeiros, em que uma das maiores dificuldades foi motivar os funcion\u00e1rios da Casa.<\/p>\n\n\n\n<p>\u2014 Encontrei um cen\u00e1rio desolador, principalmente com rela\u00e7\u00e3o as pessoas que trabalhavam, algumas h\u00e1 muitos anos, na casa. No geral, os servidores n\u00e3o possu\u00edam forma\u00e7\u00e3o em gest\u00e3o cultural e estavam adaptados a uma rotina de manter a casa e os acervos com dedica\u00e7\u00e3o e perseveran\u00e7a. Minha sensa\u00e7\u00e3o era que tudo estava abandonado, a casa, as pessoas e os acervos, apesar do empenho coletivo de continuar suas tarefas \u2014 diz Simone.<\/p>\n\n\n\n<p>Ela conta que sua primeira preocupa\u00e7\u00e3o foi criar formas de atrair os servidores para os projetos que come\u00e7avam a ser desenvolvidos, voltados para a manuten\u00e7\u00e3o&nbsp; do acervo e aquisi\u00e7\u00e3o de novos acervos e, principalmente, par dar visibilidade ao conjunto documental (fonogr\u00e1fico, audiovisual e documental).<\/p>\n\n\n\n<p>\u2014 N\u00e3o t\u00ednhamos recursos, e a casa apresentava in\u00fameros problemas estruturais. Neste per\u00edodo criamos projetos de extens\u00e3o e pesquisa que atra\u00edram discentes, pos-doutorandos e colegas para trazer vida \u00e0 Casa. Criamos eventos, exposi\u00e7\u00f5es e programas culturais que projetaram a Villa Maria no cen\u00e1rio cultural da cidade. Foi com muito empenho coletivo, com a colabora\u00e7\u00e3o de todos e as ben\u00e7\u00e3os de Finasinha que conseguimos despertar a cidade e a pr\u00f3pria UENF para a import\u00e2ncia deste espa\u00e7o cultural \u2014 afirma.<\/p>\n\n\n<div class=\"wp-block-image\">\n<figure class=\"aligncenter size-large is-resized\"><img decoding=\"async\" src=\"https:\/\/uenf.br\/portal\/wp-content\/uploads\/2024\/03\/Priscila-1024x1024.jpeg\" alt=\"\" class=\"wp-image-23683\" style=\"width:319px;height:auto\"\/><figcaption class=\"wp-element-caption\">Priscila Castro<\/figcaption><\/figure>\n<\/div>\n\n\n<p>A professora Priscila Castro, do Laborat\u00f3rio de Ci\u00eancias F\u00edsicas da UENF (LCFIS), assumiu a dire\u00e7\u00e3o da Cultura da UENF em 2020, permanecendo at\u00e9 2023. Ela conta que seu maior compromisso foi com a democratiza\u00e7\u00e3o da cultura.<\/p>\n\n\n\n<p>\u2014Tivemos muitas dificuldades neste per\u00edodo. N\u00e3o \u00e9 f\u00e1cil ser uma gestora mulher no Brasil, assim como n\u00e3o \u00e9 f\u00e1cil ser uma gestora mulher na UENF, mas ao fim me senti realizada por todo esfor\u00e7o e os resultados obtidos. Ao final da gest\u00e3o, realizamos um total de 80 a\u00e7\u00f5es culturais na Villa e 50 sess\u00f5es no Cine Darcy. Desta forma, poderia afirmar que no per\u00edodo da minha gest\u00e3o na CCVM, as iniciativas interuniversit\u00e1rias foram fundamentais para o fortalecimento do v\u00ednculo entre a academia e a comunidade, fomentando o acesso \u00e0 cultura e \u00e0 educa\u00e7\u00e3o \u2014 diz.<\/p>\n\n\n\n<p>Ela conta que sua gest\u00e3o se estruturou em tr\u00eas eixos:&nbsp; 1) gest\u00e3o dos acervos; 2) assessoramento \u00e0 obra e posterior reorganiza\u00e7\u00e3o dos espa\u00e7os da Casa, montagem de exposi\u00e7\u00f5es e 3) gest\u00e3o de eventos da Casa e eventos em parcerias. &nbsp;<\/p>\n\n\n\n<p>\u2014 Em um primeiro momento era necess\u00e1rio analisar a trajet\u00f3ria da Casa de Cultura Villa Maria (CCVM) e seu papel na promo\u00e7\u00e3o da cultura local e regional, bem como as a\u00e7\u00f5es desenvolvidas pela gest\u00e3o da UENF. Iniciamos uma revis\u00e3o documental f\u00edsica e digital das gest\u00f5es da CCVM de 1993 a 2023, visando compreender a evolu\u00e7\u00e3o hist\u00f3rica das pol\u00edticas culturais \u2014 afirma.<\/p>\n\n\n\n<p>\u00a0No per\u00edodo p\u00f3s-pand\u00eamico, foram realizados diversos eventos com parcerias, exposi\u00e7\u00f5es, e organiza\u00e7\u00e3o\/manuten\u00e7\u00e3o do acervo e do pr\u00e9dio e organiza\u00e7\u00e3o do acervo iconogr\u00e1fico para identificar artistas que contribu\u00edram para a cultura local e regional, ampliando a compreens\u00e3o do papel da CCVM na promo\u00e7\u00e3o cultural.<\/p>\n\n\n\n<p>Fontes: <\/p>\n\n\n\n<p>Programa CAMPOS.doc, canal Mult TV, ViaCabo, Campos, exibido em maio de 2014 (Youtube: <a href=\"https:\/\/www.youtube.com\/watch?v=48a4afMBgRs\">https:\/\/www.youtube.com\/watch?v=48a4afMBgRs<\/a> )<\/p>\n\n\n\n<p>A Enciclopedia Campista (Youtube: <a href=\"https:\/\/www.youtube.com\/watch?v=p4UqEqdE6AA&amp;t=248s\">https:\/\/www.youtube.com\/watch?v=p4UqEqdE6AA&amp;t=248s<\/a> )<\/p>\n\n\n\n<p>Blog \u2018Eu penso que&#8230;\u2019 (<a href=\"http:\/\/ricandrevasconcelos.blogspot.com\/2008\/10\/villa-maria.html\">http:\/\/ricandrevasconcelos.blogspot.com\/2008\/10\/villa-maria.html<\/a>)<\/p>\n\n\n\n<p><br \/><br \/><\/p>\n","protected":false},"excerpt":{"rendered":"<p>O Dia Internacional da Mulher, comemorado em 8 de mar\u00e7o, foi criado pela ONU em 1970 para marcar a luta das mulheres pela plena igualdade de direitos com os homens. Muitas mulheres se destacam na hist\u00f3ria de Campos dos Goytacazes, e uma delas est\u00e1 intimamente ligada \u00e0 hist\u00f3ria da UENF: Maria Queiroz de Oliveira, a [&hellip;]<\/p>\n","protected":false},"author":1,"featured_media":0,"comment_status":"closed","ping_status":"closed","sticky":false,"template":"","format":"standard","meta":{"_eb_attr":"","ocean_post_layout":"","ocean_both_sidebars_style":"","ocean_both_sidebars_content_width":0,"ocean_both_sidebars_sidebars_width":0,"ocean_sidebar":"","ocean_second_sidebar":"","ocean_disable_margins":"enable","ocean_add_body_class":"","ocean_shortcode_before_top_bar":"","ocean_shortcode_after_top_bar":"","ocean_shortcode_before_header":"","ocean_shortcode_after_header":"","ocean_has_shortcode":"","ocean_shortcode_after_title":"","ocean_shortcode_before_footer_widgets":"","ocean_shortcode_after_footer_widgets":"","ocean_shortcode_before_footer_bottom":"","ocean_shortcode_after_footer_bottom":"","ocean_display_top_bar":"default","ocean_display_header":"default","ocean_header_style":"","ocean_center_header_left_menu":"","ocean_custom_header_template":"","ocean_custom_logo":0,"ocean_custom_retina_logo":0,"ocean_custom_logo_max_width":0,"ocean_custom_logo_tablet_max_width":0,"ocean_custom_logo_mobile_max_width":0,"ocean_custom_logo_max_height":0,"ocean_custom_logo_tablet_max_height":0,"ocean_custom_logo_mobile_max_height":0,"ocean_header_custom_menu":"","ocean_menu_typo_font_family":"","ocean_menu_typo_font_subset":"","ocean_menu_typo_font_size":0,"ocean_menu_typo_font_size_tablet":0,"ocean_menu_typo_font_size_mobile":0,"ocean_menu_typo_font_size_unit":"px","ocean_menu_typo_font_weight":"","ocean_menu_typo_font_weight_tablet":"","ocean_menu_typo_font_weight_mobile":"","ocean_menu_typo_transform":"","ocean_menu_typo_transform_tablet":"","ocean_menu_typo_transform_mobile":"","ocean_menu_typo_line_height":0,"ocean_menu_typo_line_height_tablet":0,"ocean_menu_typo_line_height_mobile":0,"ocean_menu_typo_line_height_unit":"","ocean_menu_typo_spacing":0,"ocean_menu_typo_spacing_tablet":0,"ocean_menu_typo_spacing_mobile":0,"ocean_menu_typo_spacing_unit":"","ocean_menu_link_color":"","ocean_menu_link_color_hover":"","ocean_menu_link_color_active":"","ocean_menu_link_background":"","ocean_menu_link_hover_background":"","ocean_menu_link_active_background":"","ocean_menu_social_links_bg":"","ocean_menu_social_hover_links_bg":"","ocean_menu_social_links_color":"","ocean_menu_social_hover_links_color":"","ocean_disable_title":"default","ocean_disable_heading":"default","ocean_post_title":"","ocean_post_subheading":"","ocean_post_title_style":"","ocean_post_title_background_color":"","ocean_post_title_background":0,"ocean_post_title_bg_image_position":"","ocean_post_title_bg_image_attachment":"","ocean_post_title_bg_image_repeat":"","ocean_post_title_bg_image_size":"","ocean_post_title_height":0,"ocean_post_title_bg_overlay":0.5,"ocean_post_title_bg_overlay_color":"","ocean_disable_breadcrumbs":"default","ocean_breadcrumbs_color":"","ocean_breadcrumbs_separator_color":"","ocean_breadcrumbs_links_color":"","ocean_breadcrumbs_links_hover_color":"","ocean_display_footer_widgets":"default","ocean_display_footer_bottom":"default","ocean_custom_footer_template":"","ocean_post_oembed":"","ocean_post_self_hosted_media":"","ocean_post_video_embed":"","ocean_link_format":"","ocean_link_format_target":"self","ocean_quote_format":"","ocean_quote_format_link":"post","ocean_gallery_link_images":"on","ocean_gallery_id":[],"footnotes":""},"categories":[7],"tags":[],"class_list":["post-23679","post","type-post","status-publish","format-standard","hentry","category-informes-internos","entry"],"yoast_head":"<!-- This site is optimized with the Yoast SEO plugin v26.5 - https:\/\/yoast.com\/wordpress\/plugins\/seo\/ -->\n<title>As mulheres da Villa - UENF - Universidade Estadual do Norte Fluminense Darcy Ribeiro<\/title>\n<meta name=\"robots\" content=\"noindex, follow, max-snippet:-1, max-image-preview:large, max-video-preview:-1\" \/>\n<meta property=\"og:locale\" content=\"pt_BR\" \/>\n<meta property=\"og:type\" content=\"article\" \/>\n<meta property=\"og:title\" content=\"As mulheres da Villa - UENF - Universidade Estadual do Norte Fluminense Darcy Ribeiro\" \/>\n<meta property=\"og:description\" content=\"O Dia Internacional da Mulher, comemorado em 8 de mar\u00e7o, foi criado pela ONU em 1970 para marcar a luta das mulheres pela plena igualdade de direitos com os homens. Muitas mulheres se destacam na hist\u00f3ria de Campos dos Goytacazes, e uma delas est\u00e1 intimamente ligada \u00e0 hist\u00f3ria da UENF: Maria Queiroz de Oliveira, a [&hellip;]\" \/>\n<meta property=\"og:url\" content=\"https:\/\/portal1.uenf.br\/portal\/informes-internos\/as-mulheres-da-villa\/\" \/>\n<meta property=\"og:site_name\" content=\"UENF - Universidade Estadual do Norte Fluminense Darcy Ribeiro\" \/>\n<meta property=\"article:published_time\" content=\"2024-03-22T22:03:25+00:00\" \/>\n<meta property=\"og:image\" content=\"https:\/\/uenf.br\/portal\/wp-content\/uploads\/2024\/03\/villa-aerea.webp\" \/>\n<meta name=\"author\" content=\"admin\" \/>\n<meta name=\"twitter:card\" content=\"summary_large_image\" \/>\n<meta name=\"twitter:label1\" content=\"Escrito por\" \/>\n\t<meta name=\"twitter:data1\" content=\"admin\" \/>\n\t<meta name=\"twitter:label2\" content=\"Est. tempo de leitura\" \/>\n\t<meta name=\"twitter:data2\" content=\"8 minutos\" \/>\n<script type=\"application\/ld+json\" class=\"yoast-schema-graph\">{\"@context\":\"https:\/\/schema.org\",\"@graph\":[{\"@type\":\"Article\",\"@id\":\"https:\/\/portal1.uenf.br\/portal\/informes-internos\/as-mulheres-da-villa\/#article\",\"isPartOf\":{\"@id\":\"https:\/\/portal1.uenf.br\/portal\/informes-internos\/as-mulheres-da-villa\/\"},\"author\":{\"name\":\"admin\",\"@id\":\"https:\/\/portal1.uenf.br\/portal\/#\/schema\/person\/068abbf03b6f8478c845bc8ded9270c7\"},\"headline\":\"As mulheres da Villa\",\"datePublished\":\"2024-03-22T22:03:25+00:00\",\"mainEntityOfPage\":{\"@id\":\"https:\/\/portal1.uenf.br\/portal\/informes-internos\/as-mulheres-da-villa\/\"},\"wordCount\":1688,\"publisher\":{\"@id\":\"https:\/\/portal1.uenf.br\/portal\/#organization\"},\"image\":{\"@id\":\"https:\/\/portal1.uenf.br\/portal\/informes-internos\/as-mulheres-da-villa\/#primaryimage\"},\"thumbnailUrl\":\"https:\/\/uenf.br\/portal\/wp-content\/uploads\/2024\/03\/villa-aerea.webp\",\"articleSection\":[\"informes internos\"],\"inLanguage\":\"pt-BR\"},{\"@type\":\"WebPage\",\"@id\":\"https:\/\/portal1.uenf.br\/portal\/informes-internos\/as-mulheres-da-villa\/\",\"url\":\"https:\/\/portal1.uenf.br\/portal\/informes-internos\/as-mulheres-da-villa\/\",\"name\":\"As mulheres da Villa - UENF - Universidade Estadual do Norte Fluminense Darcy Ribeiro\",\"isPartOf\":{\"@id\":\"https:\/\/portal1.uenf.br\/portal\/#website\"},\"primaryImageOfPage\":{\"@id\":\"https:\/\/portal1.uenf.br\/portal\/informes-internos\/as-mulheres-da-villa\/#primaryimage\"},\"image\":{\"@id\":\"https:\/\/portal1.uenf.br\/portal\/informes-internos\/as-mulheres-da-villa\/#primaryimage\"},\"thumbnailUrl\":\"https:\/\/uenf.br\/portal\/wp-content\/uploads\/2024\/03\/villa-aerea.webp\",\"datePublished\":\"2024-03-22T22:03:25+00:00\",\"breadcrumb\":{\"@id\":\"https:\/\/portal1.uenf.br\/portal\/informes-internos\/as-mulheres-da-villa\/#breadcrumb\"},\"inLanguage\":\"pt-BR\",\"potentialAction\":[{\"@type\":\"ReadAction\",\"target\":[\"https:\/\/portal1.uenf.br\/portal\/informes-internos\/as-mulheres-da-villa\/\"]}]},{\"@type\":\"ImageObject\",\"inLanguage\":\"pt-BR\",\"@id\":\"https:\/\/portal1.uenf.br\/portal\/informes-internos\/as-mulheres-da-villa\/#primaryimage\",\"url\":\"https:\/\/uenf.br\/portal\/wp-content\/uploads\/2024\/03\/villa-aerea.webp\",\"contentUrl\":\"https:\/\/uenf.br\/portal\/wp-content\/uploads\/2024\/03\/villa-aerea.webp\"},{\"@type\":\"BreadcrumbList\",\"@id\":\"https:\/\/portal1.uenf.br\/portal\/informes-internos\/as-mulheres-da-villa\/#breadcrumb\",\"itemListElement\":[{\"@type\":\"ListItem\",\"position\":1,\"name\":\"In\u00edcio\",\"item\":\"https:\/\/portal1.uenf.br\/portal\/\"},{\"@type\":\"ListItem\",\"position\":2,\"name\":\"As mulheres da Villa\"}]},{\"@type\":\"WebSite\",\"@id\":\"https:\/\/portal1.uenf.br\/portal\/#website\",\"url\":\"https:\/\/portal1.uenf.br\/portal\/\",\"name\":\"UENF - Universidade Estadual do Norte Fluminense Darcy Ribeiro\",\"description\":\"\",\"publisher\":{\"@id\":\"https:\/\/portal1.uenf.br\/portal\/#organization\"},\"potentialAction\":[{\"@type\":\"SearchAction\",\"target\":{\"@type\":\"EntryPoint\",\"urlTemplate\":\"https:\/\/portal1.uenf.br\/portal\/?s={search_term_string}\"},\"query-input\":{\"@type\":\"PropertyValueSpecification\",\"valueRequired\":true,\"valueName\":\"search_term_string\"}}],\"inLanguage\":\"pt-BR\"},{\"@type\":\"Organization\",\"@id\":\"https:\/\/portal1.uenf.br\/portal\/#organization\",\"name\":\"UENF - Universidade Estadual do Norte Fluminense Darcy Ribeiro\",\"url\":\"https:\/\/portal1.uenf.br\/portal\/\",\"logo\":{\"@type\":\"ImageObject\",\"inLanguage\":\"pt-BR\",\"@id\":\"https:\/\/portal1.uenf.br\/portal\/#\/schema\/logo\/image\/\",\"url\":\"https:\/\/portal1.uenf.br\/portal\/wp-content\/uploads\/2018\/06\/logo-uenf-invertido-1.png\",\"contentUrl\":\"https:\/\/portal1.uenf.br\/portal\/wp-content\/uploads\/2018\/06\/logo-uenf-invertido-1.png\",\"width\":482,\"height\":83,\"caption\":\"UENF - Universidade Estadual do Norte Fluminense Darcy Ribeiro\"},\"image\":{\"@id\":\"https:\/\/portal1.uenf.br\/portal\/#\/schema\/logo\/image\/\"}},{\"@type\":\"Person\",\"@id\":\"https:\/\/portal1.uenf.br\/portal\/#\/schema\/person\/068abbf03b6f8478c845bc8ded9270c7\",\"name\":\"admin\",\"image\":{\"@type\":\"ImageObject\",\"inLanguage\":\"pt-BR\",\"@id\":\"https:\/\/portal1.uenf.br\/portal\/#\/schema\/person\/image\/\",\"url\":\"https:\/\/secure.gravatar.com\/avatar\/e5ecf9e4fae0742f4b136f518195bafa7b2d3f7c709f4bdc6707588ef68a6e25?s=96&d=mm&r=g\",\"contentUrl\":\"https:\/\/secure.gravatar.com\/avatar\/e5ecf9e4fae0742f4b136f518195bafa7b2d3f7c709f4bdc6707588ef68a6e25?s=96&d=mm&r=g\",\"caption\":\"admin\"},\"sameAs\":[\"https:\/\/portal1.uenf.br\/portal\"],\"url\":\"https:\/\/portal1.uenf.br\/portal\/author\/edson\/\"}]}<\/script>\n<!-- \/ Yoast SEO plugin. -->","yoast_head_json":{"title":"As mulheres da Villa - UENF - Universidade Estadual do Norte Fluminense Darcy Ribeiro","robots":{"index":"noindex","follow":"follow","max-snippet":"max-snippet:-1","max-image-preview":"max-image-preview:large","max-video-preview":"max-video-preview:-1"},"og_locale":"pt_BR","og_type":"article","og_title":"As mulheres da Villa - UENF - Universidade Estadual do Norte Fluminense Darcy Ribeiro","og_description":"O Dia Internacional da Mulher, comemorado em 8 de mar\u00e7o, foi criado pela ONU em 1970 para marcar a luta das mulheres pela plena igualdade de direitos com os homens. Muitas mulheres se destacam na hist\u00f3ria de Campos dos Goytacazes, e uma delas est\u00e1 intimamente ligada \u00e0 hist\u00f3ria da UENF: Maria Queiroz de Oliveira, a [&hellip;]","og_url":"https:\/\/portal1.uenf.br\/portal\/informes-internos\/as-mulheres-da-villa\/","og_site_name":"UENF - Universidade Estadual do Norte Fluminense Darcy Ribeiro","article_published_time":"2024-03-22T22:03:25+00:00","og_image":[{"url":"https:\/\/uenf.br\/portal\/wp-content\/uploads\/2024\/03\/villa-aerea.webp","type":"","width":"","height":""}],"author":"admin","twitter_card":"summary_large_image","twitter_misc":{"Escrito por":"admin","Est. tempo de leitura":"8 minutos"},"schema":{"@context":"https:\/\/schema.org","@graph":[{"@type":"Article","@id":"https:\/\/portal1.uenf.br\/portal\/informes-internos\/as-mulheres-da-villa\/#article","isPartOf":{"@id":"https:\/\/portal1.uenf.br\/portal\/informes-internos\/as-mulheres-da-villa\/"},"author":{"name":"admin","@id":"https:\/\/portal1.uenf.br\/portal\/#\/schema\/person\/068abbf03b6f8478c845bc8ded9270c7"},"headline":"As mulheres da Villa","datePublished":"2024-03-22T22:03:25+00:00","mainEntityOfPage":{"@id":"https:\/\/portal1.uenf.br\/portal\/informes-internos\/as-mulheres-da-villa\/"},"wordCount":1688,"publisher":{"@id":"https:\/\/portal1.uenf.br\/portal\/#organization"},"image":{"@id":"https:\/\/portal1.uenf.br\/portal\/informes-internos\/as-mulheres-da-villa\/#primaryimage"},"thumbnailUrl":"https:\/\/uenf.br\/portal\/wp-content\/uploads\/2024\/03\/villa-aerea.webp","articleSection":["informes internos"],"inLanguage":"pt-BR"},{"@type":"WebPage","@id":"https:\/\/portal1.uenf.br\/portal\/informes-internos\/as-mulheres-da-villa\/","url":"https:\/\/portal1.uenf.br\/portal\/informes-internos\/as-mulheres-da-villa\/","name":"As mulheres da Villa - UENF - Universidade Estadual do Norte Fluminense Darcy Ribeiro","isPartOf":{"@id":"https:\/\/portal1.uenf.br\/portal\/#website"},"primaryImageOfPage":{"@id":"https:\/\/portal1.uenf.br\/portal\/informes-internos\/as-mulheres-da-villa\/#primaryimage"},"image":{"@id":"https:\/\/portal1.uenf.br\/portal\/informes-internos\/as-mulheres-da-villa\/#primaryimage"},"thumbnailUrl":"https:\/\/uenf.br\/portal\/wp-content\/uploads\/2024\/03\/villa-aerea.webp","datePublished":"2024-03-22T22:03:25+00:00","breadcrumb":{"@id":"https:\/\/portal1.uenf.br\/portal\/informes-internos\/as-mulheres-da-villa\/#breadcrumb"},"inLanguage":"pt-BR","potentialAction":[{"@type":"ReadAction","target":["https:\/\/portal1.uenf.br\/portal\/informes-internos\/as-mulheres-da-villa\/"]}]},{"@type":"ImageObject","inLanguage":"pt-BR","@id":"https:\/\/portal1.uenf.br\/portal\/informes-internos\/as-mulheres-da-villa\/#primaryimage","url":"https:\/\/uenf.br\/portal\/wp-content\/uploads\/2024\/03\/villa-aerea.webp","contentUrl":"https:\/\/uenf.br\/portal\/wp-content\/uploads\/2024\/03\/villa-aerea.webp"},{"@type":"BreadcrumbList","@id":"https:\/\/portal1.uenf.br\/portal\/informes-internos\/as-mulheres-da-villa\/#breadcrumb","itemListElement":[{"@type":"ListItem","position":1,"name":"In\u00edcio","item":"https:\/\/portal1.uenf.br\/portal\/"},{"@type":"ListItem","position":2,"name":"As mulheres da Villa"}]},{"@type":"WebSite","@id":"https:\/\/portal1.uenf.br\/portal\/#website","url":"https:\/\/portal1.uenf.br\/portal\/","name":"UENF - Universidade Estadual do Norte Fluminense Darcy Ribeiro","description":"","publisher":{"@id":"https:\/\/portal1.uenf.br\/portal\/#organization"},"potentialAction":[{"@type":"SearchAction","target":{"@type":"EntryPoint","urlTemplate":"https:\/\/portal1.uenf.br\/portal\/?s={search_term_string}"},"query-input":{"@type":"PropertyValueSpecification","valueRequired":true,"valueName":"search_term_string"}}],"inLanguage":"pt-BR"},{"@type":"Organization","@id":"https:\/\/portal1.uenf.br\/portal\/#organization","name":"UENF - Universidade Estadual do Norte Fluminense Darcy Ribeiro","url":"https:\/\/portal1.uenf.br\/portal\/","logo":{"@type":"ImageObject","inLanguage":"pt-BR","@id":"https:\/\/portal1.uenf.br\/portal\/#\/schema\/logo\/image\/","url":"https:\/\/portal1.uenf.br\/portal\/wp-content\/uploads\/2018\/06\/logo-uenf-invertido-1.png","contentUrl":"https:\/\/portal1.uenf.br\/portal\/wp-content\/uploads\/2018\/06\/logo-uenf-invertido-1.png","width":482,"height":83,"caption":"UENF - Universidade Estadual do Norte Fluminense Darcy Ribeiro"},"image":{"@id":"https:\/\/portal1.uenf.br\/portal\/#\/schema\/logo\/image\/"}},{"@type":"Person","@id":"https:\/\/portal1.uenf.br\/portal\/#\/schema\/person\/068abbf03b6f8478c845bc8ded9270c7","name":"admin","image":{"@type":"ImageObject","inLanguage":"pt-BR","@id":"https:\/\/portal1.uenf.br\/portal\/#\/schema\/person\/image\/","url":"https:\/\/secure.gravatar.com\/avatar\/e5ecf9e4fae0742f4b136f518195bafa7b2d3f7c709f4bdc6707588ef68a6e25?s=96&d=mm&r=g","contentUrl":"https:\/\/secure.gravatar.com\/avatar\/e5ecf9e4fae0742f4b136f518195bafa7b2d3f7c709f4bdc6707588ef68a6e25?s=96&d=mm&r=g","caption":"admin"},"sameAs":["https:\/\/portal1.uenf.br\/portal"],"url":"https:\/\/portal1.uenf.br\/portal\/author\/edson\/"}]}},"_links":{"self":[{"href":"https:\/\/portal1.uenf.br\/portal\/wp-json\/wp\/v2\/posts\/23679","targetHints":{"allow":["GET"]}}],"collection":[{"href":"https:\/\/portal1.uenf.br\/portal\/wp-json\/wp\/v2\/posts"}],"about":[{"href":"https:\/\/portal1.uenf.br\/portal\/wp-json\/wp\/v2\/types\/post"}],"author":[{"embeddable":true,"href":"https:\/\/portal1.uenf.br\/portal\/wp-json\/wp\/v2\/users\/1"}],"replies":[{"embeddable":true,"href":"https:\/\/portal1.uenf.br\/portal\/wp-json\/wp\/v2\/comments?post=23679"}],"version-history":[{"count":0,"href":"https:\/\/portal1.uenf.br\/portal\/wp-json\/wp\/v2\/posts\/23679\/revisions"}],"wp:attachment":[{"href":"https:\/\/portal1.uenf.br\/portal\/wp-json\/wp\/v2\/media?parent=23679"}],"wp:term":[{"taxonomy":"category","embeddable":true,"href":"https:\/\/portal1.uenf.br\/portal\/wp-json\/wp\/v2\/categories?post=23679"},{"taxonomy":"post_tag","embeddable":true,"href":"https:\/\/portal1.uenf.br\/portal\/wp-json\/wp\/v2\/tags?post=23679"}],"curies":[{"name":"wp","href":"https:\/\/api.w.org\/{rel}","templated":true}]}}