{"id":23147,"date":"2024-02-16T20:23:50","date_gmt":"2024-02-16T23:23:50","guid":{"rendered":"https:\/\/uenf.br\/portal\/?p=23147"},"modified":"2024-02-16T20:23:50","modified_gmt":"2024-02-16T23:23:50","slug":"ressaca-na-villa-um-resgate-do-carnaval-campista","status":"publish","type":"post","link":"https:\/\/portal1.uenf.br\/portal\/noticias\/ressaca-na-villa-um-resgate-do-carnaval-campista\/","title":{"rendered":"Ressaca na Villa: um resgate do carnaval campista"},"content":{"rendered":"\n<p><strong>Em sua 6\u00aa edi\u00e7\u00e3o, evento traz grupo de samba do Morrinho, Lyra de Apolo, Boi Arrast\u00e3o e muitas outras atra\u00e7\u00f5es<\/strong><\/p>\n\n\n<div class=\"wp-block-image\">\n<figure class=\"aligncenter size-large is-resized\"><img decoding=\"async\" src=\"https:\/\/uenf.br\/portal\/wp-content\/uploads\/2024\/02\/ressaca-banner-principal-576x1024.jpg\" alt=\"\" class=\"wp-image-23150\" style=\"width:274px;height:auto\"\/><\/figure>\n<\/div>\n\n\n<p>Quem disse que o Carnaval acabou? Na Casa de Cultura Villa Maria, da UENF, o s\u00e1bado (24\/02) ser\u00e1 inteiramente dedicado \u00e0 folia, com a realiza\u00e7\u00e3o da 6\u00aa edi\u00e7\u00e3o da Ressaca na Villa. As atra\u00e7\u00f5es, que come\u00e7am \u00e0s 14h e se prolongam at\u00e9 a noite, incluem shows de samba para adultos e crian\u00e7as, oficinas&nbsp; e exibi\u00e7\u00e3o de document\u00e1rio.<\/p>\n\n\n\n<p>O diretor de Cultura da UENF, Giovane Nascimento, ressalta que um dos objetivos da Ressaca na Villa \u00e9 uma maior aproxima\u00e7\u00e3o com a cultura popular e com o que h\u00e1 de melhor no Carnaval de Campos dos Goytacazes e regi\u00e3o. As atra\u00e7\u00f5es incluem a Lyra de Apolo, o Boi Arrast\u00e3o, a sambista Leny Moraes e o grupo de samba do Morrinho, entre outros.<\/p>\n\n\n\n<p>\u2014 A ideia \u00e9 ir, aos poucos, retomando esses espa\u00e7os do samba constru\u00eddos tradicionalmente e torn\u00e1-los protagonistas do evento. Esse ano, temos o Morrinho, mas nos pr\u00f3ximos queremos trazer outras comunidades. \u00c9 importante tamb\u00e9m o sentido formativo, ou seja, entender o carnaval como espa\u00e7o de cultura e forma\u00e7\u00e3o de valores \u2014 afirma Giovane.<\/p>\n\n\n<div class=\"wp-block-image\">\n<figure class=\"aligncenter size-large is-resized\"><img decoding=\"async\" src=\"https:\/\/uenf.br\/portal\/wp-content\/uploads\/2024\/02\/WhatsApp-Image-2024-02-16-at-11.01.44-1-1024x764.jpeg\" alt=\"\" class=\"wp-image-23152\" style=\"width:654px;height:auto\"\/><figcaption class=\"wp-element-caption\">Ressaca na Villa de 2023<\/figcaption><\/figure>\n<\/div>\n\n\n<p><strong>Morrinho <\/strong>&#8211; O bairro do Morrinho \u00e9 considerado um dos principais redutos do carnaval campista. Localizado entre o Parque Ros\u00e1rio e o Parque Jo\u00e3o Seixas, o Morrinho abriga diversas agremia\u00e7\u00f5es carnavalescas \u2014 uma delas \u00e9 o Boi Arrast\u00e3o, que tamb\u00e9m estar\u00e1 presente na Ressaca na Villa. O grupo de samba do Morrinho far\u00e1 o show da noite, intitulado &#8220;Morrinho vai \u00e0 Villa&#8221;, a partir das 20h.<\/p>\n\n\n\n<p>Ainda faz parte da programa\u00e7\u00e3o a exibi\u00e7\u00e3o do document\u00e1rio \u201cManifesto do Samba\u201d, por Jorge da Paz Almeida, produzido pela Unidade Experimental de Som e Imagem da UENF (UESI). Tamb\u00e9m conhecido como \u201cJorge Chin\u00eas\u201d, Jorge da Paz Almeida, falecido em 2009, foi um expoente na hist\u00f3ria do carnaval do Morrinho e do munic\u00edpio de Campos como um todo.<\/p>\n\n\n\n<p>A apresenta\u00e7\u00e3o do Boi Arrast\u00e3o ser\u00e1 junto com a Banda Lyra de Apolo, considerada a mais antiga da cidade, que este ano completa 154 anos de idade. A Lyra de Apolo tem uma liga\u00e7\u00e3o antiga com a Casa de Cultura Villa Maria. Isso porque Maria de Queiroz, a Finazinha \u2014 antiga propriet\u00e1ria do palacete Villa Maria \u2014 era madrinha da banda. Por diversas vezes, a banda se apresentou no local quando este ainda era resid\u00eancia de Finazinha.<\/p>\n\n\n\n<p><strong>Hist\u00f3ria &#8211;<\/strong> A Ressaca na Villa foi realizada pela primeira vez em 2017, na gest\u00e3o da professora Simonne Teixeira \u00e0 frente da Casa de Cultura Villa Maria. Como naquele momento a UENF passava pelo problema da falta de repasse de verbas, o evento tamb\u00e9m serviu para angariar produtos de limpeza. A primeira Ressaca foi um sucesso e continuou na gest\u00e3o seguinte, da professora Priscila Castro, sendo interrompida somente durante a pandemia de Covid-19.<\/p>\n\n\n\n<p>\u2014 A ideia era aproveitar o restinho do carnaval e, ao mesmo tempo, colocar a Villa na pauta da cidade com uma atividade cultural. O evento tamb\u00e9m marca o inicio do ano letivo. E foi muito legal  porque teve continuidade. Acho que esse \u00e9 o papel de uma casa de cultura, e se temos condi\u00e7\u00f5es de manter essa atividade  ao longo do tempo vamos consolidando  mais ainda esse espa\u00e7o  e esse momento, principalmente, de final do carnaval, de celebrar essa folia \u2014 disse Simonne. <\/p>\n\n\n\n<p><strong>Recomenda\u00e7\u00f5es para o evento:<\/strong><\/p>\n\n\n\n<p><strong>&#8211; Evento solid\u00e1rio<\/strong> \u2013 Traga um quilo de alimento n\u00e3o perec\u00edvel (arroz, feij\u00e3o, macarr\u00e3o e leite) ou produto de limpeza. O material arrecadado ser\u00e1 doado posteriormente a uma institui\u00e7\u00e3o de caridade.<\/p>\n\n\n\n<p><strong>&#8211; Lota\u00e7\u00e3o <\/strong>&#8211; &nbsp;Chegue cedo, pois o evento \u00e9 sujeito a lota\u00e7\u00e3o.<\/p>\n\n\n\n<p><strong>&#8211; Sustentabilidade \u2013 <\/strong>Traga seus copos de casa. A distribui\u00e7\u00e3o de copos descart\u00e1veis ser\u00e1 limitada.<\/p>\n\n\n\n<p>&#8211; <strong>Animais e cadeiras \u2013 <\/strong>\u00c9 permitido levar animal de estima\u00e7\u00e3o (desde que preso \u00e0 coleira) e cadeira de praia.<\/p>\n\n\n\n<p>Veja a programa\u00e7\u00e3o completa:<\/p>\n\n\n\n<p>Ressaca na Villa<\/p>\n\n\n\n<p>14h \u2013 <strong>Oficinas de Instrumentos e Fantasias<\/strong><\/p>\n\n\n\n<p>&#8211; Instrumentos (asalato) &#8211; Priscila Castro<\/p>\n\n\n\n<p>&#8211; Fantasias com materiais recicl\u00e1veis \u2013 Soraya Ateli\u00ea&nbsp;&nbsp;&nbsp;&nbsp;&nbsp;&nbsp;<\/p>\n\n\n\n<p>15h &#8211; <strong>Ressaquinha<\/strong> &#8211; Show com o Grupo Cirandarte<\/p>\n\n\n\n<p>16h30 &#8211; <strong>Encontro da Lyra com o Boi Arrast\u00e3o<\/strong><\/p>\n\n\n\n<p>16h30 <strong>Exibi\u00e7\u00e3o do document\u00e1rio \u201cManifesto do Samba\u201d,<\/strong> por Jorge da Paz Almeida \u2013 produ\u00e7\u00e3o UESI\/UENF&nbsp;&nbsp;&nbsp;&nbsp;&nbsp;&nbsp;&nbsp;&nbsp;&nbsp;&nbsp;&nbsp;&nbsp;&nbsp;&nbsp;&nbsp;&nbsp;&nbsp;&nbsp;&nbsp;&nbsp;&nbsp;&nbsp;&nbsp;&nbsp;&nbsp;&nbsp;&nbsp;&nbsp;&nbsp;&nbsp;&nbsp;&nbsp;&nbsp;&nbsp;&nbsp;&nbsp;&nbsp;&nbsp;&nbsp;&nbsp;&nbsp;&nbsp;&nbsp;&nbsp;&nbsp;&nbsp;&nbsp;&nbsp;&nbsp;&nbsp;&nbsp;&nbsp;&nbsp;&nbsp;&nbsp;&nbsp;&nbsp;&nbsp;&nbsp;&nbsp;&nbsp;&nbsp;&nbsp;&nbsp;&nbsp;&nbsp;&nbsp;&nbsp;&nbsp;&nbsp;&nbsp;&nbsp;&nbsp;&nbsp;&nbsp;&nbsp;&nbsp;&nbsp;&nbsp;&nbsp;&nbsp;&nbsp;&nbsp;&nbsp;&nbsp;&nbsp;&nbsp;&nbsp;&nbsp;&nbsp;&nbsp;&nbsp;&nbsp;&nbsp;&nbsp;&nbsp;&nbsp;&nbsp;&nbsp;&nbsp;&nbsp;&nbsp;&nbsp;&nbsp;&nbsp;&nbsp;&nbsp;&nbsp;&nbsp;&nbsp;&nbsp;&nbsp;&nbsp;&nbsp;&nbsp;&nbsp;&nbsp;&nbsp;&nbsp;&nbsp;&nbsp;&nbsp;&nbsp;&nbsp;&nbsp;&nbsp;&nbsp;&nbsp;&nbsp;&nbsp;&nbsp;&nbsp;&nbsp;&nbsp;&nbsp;&nbsp;&nbsp;&nbsp;&nbsp;&nbsp;&nbsp;&nbsp;&nbsp;&nbsp;&nbsp;&nbsp;&nbsp;&nbsp;&nbsp;&nbsp;&nbsp;&nbsp;&nbsp;&nbsp;&nbsp;&nbsp;&nbsp;&nbsp;&nbsp; 17h \u2013 <strong>Show \u201cBambas da Plan\u00edcie\u201d <\/strong>(Leny Moraes)<\/p>\n\n\n\n<p>20h \u2013 <strong>Show \u201cMorrinho vai \u00e0 Villa\u201d <\/strong>(Grupo de Samba do Morrinho)<\/p>\n","protected":false},"excerpt":{"rendered":"<p>Em sua 6\u00aa edi\u00e7\u00e3o, evento traz grupo de samba do Morrinho, Lyra de Apolo, Boi Arrast\u00e3o e muitas outras atra\u00e7\u00f5es Quem disse que o Carnaval acabou? Na Casa de Cultura Villa Maria, da UENF, o s\u00e1bado (24\/02) ser\u00e1 inteiramente dedicado \u00e0 folia, com a realiza\u00e7\u00e3o da 6\u00aa edi\u00e7\u00e3o da Ressaca na Villa. As atra\u00e7\u00f5es, que [&hellip;]<\/p>\n","protected":false},"author":1,"featured_media":0,"comment_status":"closed","ping_status":"closed","sticky":false,"template":"","format":"standard","meta":{"_eb_attr":"","ocean_post_layout":"","ocean_both_sidebars_style":"","ocean_both_sidebars_content_width":0,"ocean_both_sidebars_sidebars_width":0,"ocean_sidebar":"","ocean_second_sidebar":"","ocean_disable_margins":"enable","ocean_add_body_class":"","ocean_shortcode_before_top_bar":"","ocean_shortcode_after_top_bar":"","ocean_shortcode_before_header":"","ocean_shortcode_after_header":"","ocean_has_shortcode":"","ocean_shortcode_after_title":"","ocean_shortcode_before_footer_widgets":"","ocean_shortcode_after_footer_widgets":"","ocean_shortcode_before_footer_bottom":"","ocean_shortcode_after_footer_bottom":"","ocean_display_top_bar":"default","ocean_display_header":"default","ocean_header_style":"","ocean_center_header_left_menu":"","ocean_custom_header_template":"","ocean_custom_logo":0,"ocean_custom_retina_logo":0,"ocean_custom_logo_max_width":0,"ocean_custom_logo_tablet_max_width":0,"ocean_custom_logo_mobile_max_width":0,"ocean_custom_logo_max_height":0,"ocean_custom_logo_tablet_max_height":0,"ocean_custom_logo_mobile_max_height":0,"ocean_header_custom_menu":"","ocean_menu_typo_font_family":"","ocean_menu_typo_font_subset":"","ocean_menu_typo_font_size":0,"ocean_menu_typo_font_size_tablet":0,"ocean_menu_typo_font_size_mobile":0,"ocean_menu_typo_font_size_unit":"px","ocean_menu_typo_font_weight":"","ocean_menu_typo_font_weight_tablet":"","ocean_menu_typo_font_weight_mobile":"","ocean_menu_typo_transform":"","ocean_menu_typo_transform_tablet":"","ocean_menu_typo_transform_mobile":"","ocean_menu_typo_line_height":0,"ocean_menu_typo_line_height_tablet":0,"ocean_menu_typo_line_height_mobile":0,"ocean_menu_typo_line_height_unit":"","ocean_menu_typo_spacing":0,"ocean_menu_typo_spacing_tablet":0,"ocean_menu_typo_spacing_mobile":0,"ocean_menu_typo_spacing_unit":"","ocean_menu_link_color":"","ocean_menu_link_color_hover":"","ocean_menu_link_color_active":"","ocean_menu_link_background":"","ocean_menu_link_hover_background":"","ocean_menu_link_active_background":"","ocean_menu_social_links_bg":"","ocean_menu_social_hover_links_bg":"","ocean_menu_social_links_color":"","ocean_menu_social_hover_links_color":"","ocean_disable_title":"default","ocean_disable_heading":"default","ocean_post_title":"","ocean_post_subheading":"","ocean_post_title_style":"","ocean_post_title_background_color":"","ocean_post_title_background":0,"ocean_post_title_bg_image_position":"","ocean_post_title_bg_image_attachment":"","ocean_post_title_bg_image_repeat":"","ocean_post_title_bg_image_size":"","ocean_post_title_height":0,"ocean_post_title_bg_overlay":0.5,"ocean_post_title_bg_overlay_color":"","ocean_disable_breadcrumbs":"default","ocean_breadcrumbs_color":"","ocean_breadcrumbs_separator_color":"","ocean_breadcrumbs_links_color":"","ocean_breadcrumbs_links_hover_color":"","ocean_display_footer_widgets":"default","ocean_display_footer_bottom":"default","ocean_custom_footer_template":"","ocean_post_oembed":"","ocean_post_self_hosted_media":"","ocean_post_video_embed":"","ocean_link_format":"","ocean_link_format_target":"self","ocean_quote_format":"","ocean_quote_format_link":"post","ocean_gallery_link_images":"on","ocean_gallery_id":[],"footnotes":""},"categories":[8],"tags":[],"class_list":["post-23147","post","type-post","status-publish","format-standard","hentry","category-noticias","entry"],"yoast_head":"<!-- This site is optimized with the Yoast SEO plugin v26.5 - https:\/\/yoast.com\/wordpress\/plugins\/seo\/ -->\n<title>Ressaca na Villa: um resgate do carnaval campista - UENF - Universidade Estadual do Norte Fluminense Darcy Ribeiro<\/title>\n<meta name=\"robots\" content=\"noindex, follow, max-snippet:-1, max-image-preview:large, max-video-preview:-1\" \/>\n<meta property=\"og:locale\" content=\"pt_BR\" \/>\n<meta property=\"og:type\" content=\"article\" \/>\n<meta property=\"og:title\" content=\"Ressaca na Villa: um resgate do carnaval campista - UENF - Universidade Estadual do Norte Fluminense Darcy Ribeiro\" \/>\n<meta property=\"og:description\" content=\"Em sua 6\u00aa edi\u00e7\u00e3o, evento traz grupo de samba do Morrinho, Lyra de Apolo, Boi Arrast\u00e3o e muitas outras atra\u00e7\u00f5es Quem disse que o Carnaval acabou? Na Casa de Cultura Villa Maria, da UENF, o s\u00e1bado (24\/02) ser\u00e1 inteiramente dedicado \u00e0 folia, com a realiza\u00e7\u00e3o da 6\u00aa edi\u00e7\u00e3o da Ressaca na Villa. As atra\u00e7\u00f5es, que [&hellip;]\" \/>\n<meta property=\"og:url\" content=\"https:\/\/portal1.uenf.br\/portal\/noticias\/ressaca-na-villa-um-resgate-do-carnaval-campista\/\" \/>\n<meta property=\"og:site_name\" content=\"UENF - Universidade Estadual do Norte Fluminense Darcy Ribeiro\" \/>\n<meta property=\"article:published_time\" content=\"2024-02-16T23:23:50+00:00\" \/>\n<meta property=\"og:image\" content=\"https:\/\/uenf.br\/portal\/wp-content\/uploads\/2024\/02\/ressaca-banner-principal-576x1024.jpg\" \/>\n<meta name=\"author\" content=\"admin\" \/>\n<meta name=\"twitter:card\" content=\"summary_large_image\" \/>\n<meta name=\"twitter:label1\" content=\"Escrito por\" \/>\n\t<meta name=\"twitter:data1\" content=\"admin\" \/>\n\t<meta name=\"twitter:label2\" content=\"Est. tempo de leitura\" \/>\n\t<meta name=\"twitter:data2\" content=\"5 minutos\" \/>\n<script type=\"application\/ld+json\" class=\"yoast-schema-graph\">{\"@context\":\"https:\/\/schema.org\",\"@graph\":[{\"@type\":\"Article\",\"@id\":\"https:\/\/portal1.uenf.br\/portal\/noticias\/ressaca-na-villa-um-resgate-do-carnaval-campista\/#article\",\"isPartOf\":{\"@id\":\"https:\/\/portal1.uenf.br\/portal\/noticias\/ressaca-na-villa-um-resgate-do-carnaval-campista\/\"},\"author\":{\"name\":\"admin\",\"@id\":\"https:\/\/portal1.uenf.br\/portal\/#\/schema\/person\/068abbf03b6f8478c845bc8ded9270c7\"},\"headline\":\"Ressaca na Villa: um resgate do carnaval campista\",\"datePublished\":\"2024-02-16T23:23:50+00:00\",\"mainEntityOfPage\":{\"@id\":\"https:\/\/portal1.uenf.br\/portal\/noticias\/ressaca-na-villa-um-resgate-do-carnaval-campista\/\"},\"wordCount\":924,\"publisher\":{\"@id\":\"https:\/\/portal1.uenf.br\/portal\/#organization\"},\"image\":{\"@id\":\"https:\/\/portal1.uenf.br\/portal\/noticias\/ressaca-na-villa-um-resgate-do-carnaval-campista\/#primaryimage\"},\"thumbnailUrl\":\"https:\/\/uenf.br\/portal\/wp-content\/uploads\/2024\/02\/ressaca-banner-principal-576x1024.jpg\",\"articleSection\":[\"Not\u00edcias\"],\"inLanguage\":\"pt-BR\"},{\"@type\":\"WebPage\",\"@id\":\"https:\/\/portal1.uenf.br\/portal\/noticias\/ressaca-na-villa-um-resgate-do-carnaval-campista\/\",\"url\":\"https:\/\/portal1.uenf.br\/portal\/noticias\/ressaca-na-villa-um-resgate-do-carnaval-campista\/\",\"name\":\"Ressaca na Villa: um resgate do carnaval campista - UENF - Universidade Estadual do Norte Fluminense Darcy Ribeiro\",\"isPartOf\":{\"@id\":\"https:\/\/portal1.uenf.br\/portal\/#website\"},\"primaryImageOfPage\":{\"@id\":\"https:\/\/portal1.uenf.br\/portal\/noticias\/ressaca-na-villa-um-resgate-do-carnaval-campista\/#primaryimage\"},\"image\":{\"@id\":\"https:\/\/portal1.uenf.br\/portal\/noticias\/ressaca-na-villa-um-resgate-do-carnaval-campista\/#primaryimage\"},\"thumbnailUrl\":\"https:\/\/uenf.br\/portal\/wp-content\/uploads\/2024\/02\/ressaca-banner-principal-576x1024.jpg\",\"datePublished\":\"2024-02-16T23:23:50+00:00\",\"breadcrumb\":{\"@id\":\"https:\/\/portal1.uenf.br\/portal\/noticias\/ressaca-na-villa-um-resgate-do-carnaval-campista\/#breadcrumb\"},\"inLanguage\":\"pt-BR\",\"potentialAction\":[{\"@type\":\"ReadAction\",\"target\":[\"https:\/\/portal1.uenf.br\/portal\/noticias\/ressaca-na-villa-um-resgate-do-carnaval-campista\/\"]}]},{\"@type\":\"ImageObject\",\"inLanguage\":\"pt-BR\",\"@id\":\"https:\/\/portal1.uenf.br\/portal\/noticias\/ressaca-na-villa-um-resgate-do-carnaval-campista\/#primaryimage\",\"url\":\"https:\/\/uenf.br\/portal\/wp-content\/uploads\/2024\/02\/ressaca-banner-principal-576x1024.jpg\",\"contentUrl\":\"https:\/\/uenf.br\/portal\/wp-content\/uploads\/2024\/02\/ressaca-banner-principal-576x1024.jpg\"},{\"@type\":\"BreadcrumbList\",\"@id\":\"https:\/\/portal1.uenf.br\/portal\/noticias\/ressaca-na-villa-um-resgate-do-carnaval-campista\/#breadcrumb\",\"itemListElement\":[{\"@type\":\"ListItem\",\"position\":1,\"name\":\"In\u00edcio\",\"item\":\"https:\/\/portal1.uenf.br\/portal\/\"},{\"@type\":\"ListItem\",\"position\":2,\"name\":\"Ressaca na Villa: um resgate do carnaval campista\"}]},{\"@type\":\"WebSite\",\"@id\":\"https:\/\/portal1.uenf.br\/portal\/#website\",\"url\":\"https:\/\/portal1.uenf.br\/portal\/\",\"name\":\"UENF - Universidade Estadual do Norte Fluminense Darcy Ribeiro\",\"description\":\"\",\"publisher\":{\"@id\":\"https:\/\/portal1.uenf.br\/portal\/#organization\"},\"potentialAction\":[{\"@type\":\"SearchAction\",\"target\":{\"@type\":\"EntryPoint\",\"urlTemplate\":\"https:\/\/portal1.uenf.br\/portal\/?s={search_term_string}\"},\"query-input\":{\"@type\":\"PropertyValueSpecification\",\"valueRequired\":true,\"valueName\":\"search_term_string\"}}],\"inLanguage\":\"pt-BR\"},{\"@type\":\"Organization\",\"@id\":\"https:\/\/portal1.uenf.br\/portal\/#organization\",\"name\":\"UENF - Universidade Estadual do Norte Fluminense Darcy Ribeiro\",\"url\":\"https:\/\/portal1.uenf.br\/portal\/\",\"logo\":{\"@type\":\"ImageObject\",\"inLanguage\":\"pt-BR\",\"@id\":\"https:\/\/portal1.uenf.br\/portal\/#\/schema\/logo\/image\/\",\"url\":\"https:\/\/portal1.uenf.br\/portal\/wp-content\/uploads\/2018\/06\/logo-uenf-invertido-1.png\",\"contentUrl\":\"https:\/\/portal1.uenf.br\/portal\/wp-content\/uploads\/2018\/06\/logo-uenf-invertido-1.png\",\"width\":482,\"height\":83,\"caption\":\"UENF - Universidade Estadual do Norte Fluminense Darcy Ribeiro\"},\"image\":{\"@id\":\"https:\/\/portal1.uenf.br\/portal\/#\/schema\/logo\/image\/\"}},{\"@type\":\"Person\",\"@id\":\"https:\/\/portal1.uenf.br\/portal\/#\/schema\/person\/068abbf03b6f8478c845bc8ded9270c7\",\"name\":\"admin\",\"image\":{\"@type\":\"ImageObject\",\"inLanguage\":\"pt-BR\",\"@id\":\"https:\/\/portal1.uenf.br\/portal\/#\/schema\/person\/image\/\",\"url\":\"https:\/\/secure.gravatar.com\/avatar\/e5ecf9e4fae0742f4b136f518195bafa7b2d3f7c709f4bdc6707588ef68a6e25?s=96&d=mm&r=g\",\"contentUrl\":\"https:\/\/secure.gravatar.com\/avatar\/e5ecf9e4fae0742f4b136f518195bafa7b2d3f7c709f4bdc6707588ef68a6e25?s=96&d=mm&r=g\",\"caption\":\"admin\"},\"sameAs\":[\"https:\/\/portal1.uenf.br\/portal\"],\"url\":\"https:\/\/portal1.uenf.br\/portal\/author\/edson\/\"}]}<\/script>\n<!-- \/ Yoast SEO plugin. -->","yoast_head_json":{"title":"Ressaca na Villa: um resgate do carnaval campista - UENF - Universidade Estadual do Norte Fluminense Darcy Ribeiro","robots":{"index":"noindex","follow":"follow","max-snippet":"max-snippet:-1","max-image-preview":"max-image-preview:large","max-video-preview":"max-video-preview:-1"},"og_locale":"pt_BR","og_type":"article","og_title":"Ressaca na Villa: um resgate do carnaval campista - UENF - Universidade Estadual do Norte Fluminense Darcy Ribeiro","og_description":"Em sua 6\u00aa edi\u00e7\u00e3o, evento traz grupo de samba do Morrinho, Lyra de Apolo, Boi Arrast\u00e3o e muitas outras atra\u00e7\u00f5es Quem disse que o Carnaval acabou? Na Casa de Cultura Villa Maria, da UENF, o s\u00e1bado (24\/02) ser\u00e1 inteiramente dedicado \u00e0 folia, com a realiza\u00e7\u00e3o da 6\u00aa edi\u00e7\u00e3o da Ressaca na Villa. As atra\u00e7\u00f5es, que [&hellip;]","og_url":"https:\/\/portal1.uenf.br\/portal\/noticias\/ressaca-na-villa-um-resgate-do-carnaval-campista\/","og_site_name":"UENF - Universidade Estadual do Norte Fluminense Darcy Ribeiro","article_published_time":"2024-02-16T23:23:50+00:00","og_image":[{"url":"https:\/\/uenf.br\/portal\/wp-content\/uploads\/2024\/02\/ressaca-banner-principal-576x1024.jpg","type":"","width":"","height":""}],"author":"admin","twitter_card":"summary_large_image","twitter_misc":{"Escrito por":"admin","Est. tempo de leitura":"5 minutos"},"schema":{"@context":"https:\/\/schema.org","@graph":[{"@type":"Article","@id":"https:\/\/portal1.uenf.br\/portal\/noticias\/ressaca-na-villa-um-resgate-do-carnaval-campista\/#article","isPartOf":{"@id":"https:\/\/portal1.uenf.br\/portal\/noticias\/ressaca-na-villa-um-resgate-do-carnaval-campista\/"},"author":{"name":"admin","@id":"https:\/\/portal1.uenf.br\/portal\/#\/schema\/person\/068abbf03b6f8478c845bc8ded9270c7"},"headline":"Ressaca na Villa: um resgate do carnaval campista","datePublished":"2024-02-16T23:23:50+00:00","mainEntityOfPage":{"@id":"https:\/\/portal1.uenf.br\/portal\/noticias\/ressaca-na-villa-um-resgate-do-carnaval-campista\/"},"wordCount":924,"publisher":{"@id":"https:\/\/portal1.uenf.br\/portal\/#organization"},"image":{"@id":"https:\/\/portal1.uenf.br\/portal\/noticias\/ressaca-na-villa-um-resgate-do-carnaval-campista\/#primaryimage"},"thumbnailUrl":"https:\/\/uenf.br\/portal\/wp-content\/uploads\/2024\/02\/ressaca-banner-principal-576x1024.jpg","articleSection":["Not\u00edcias"],"inLanguage":"pt-BR"},{"@type":"WebPage","@id":"https:\/\/portal1.uenf.br\/portal\/noticias\/ressaca-na-villa-um-resgate-do-carnaval-campista\/","url":"https:\/\/portal1.uenf.br\/portal\/noticias\/ressaca-na-villa-um-resgate-do-carnaval-campista\/","name":"Ressaca na Villa: um resgate do carnaval campista - UENF - Universidade Estadual do Norte Fluminense Darcy Ribeiro","isPartOf":{"@id":"https:\/\/portal1.uenf.br\/portal\/#website"},"primaryImageOfPage":{"@id":"https:\/\/portal1.uenf.br\/portal\/noticias\/ressaca-na-villa-um-resgate-do-carnaval-campista\/#primaryimage"},"image":{"@id":"https:\/\/portal1.uenf.br\/portal\/noticias\/ressaca-na-villa-um-resgate-do-carnaval-campista\/#primaryimage"},"thumbnailUrl":"https:\/\/uenf.br\/portal\/wp-content\/uploads\/2024\/02\/ressaca-banner-principal-576x1024.jpg","datePublished":"2024-02-16T23:23:50+00:00","breadcrumb":{"@id":"https:\/\/portal1.uenf.br\/portal\/noticias\/ressaca-na-villa-um-resgate-do-carnaval-campista\/#breadcrumb"},"inLanguage":"pt-BR","potentialAction":[{"@type":"ReadAction","target":["https:\/\/portal1.uenf.br\/portal\/noticias\/ressaca-na-villa-um-resgate-do-carnaval-campista\/"]}]},{"@type":"ImageObject","inLanguage":"pt-BR","@id":"https:\/\/portal1.uenf.br\/portal\/noticias\/ressaca-na-villa-um-resgate-do-carnaval-campista\/#primaryimage","url":"https:\/\/uenf.br\/portal\/wp-content\/uploads\/2024\/02\/ressaca-banner-principal-576x1024.jpg","contentUrl":"https:\/\/uenf.br\/portal\/wp-content\/uploads\/2024\/02\/ressaca-banner-principal-576x1024.jpg"},{"@type":"BreadcrumbList","@id":"https:\/\/portal1.uenf.br\/portal\/noticias\/ressaca-na-villa-um-resgate-do-carnaval-campista\/#breadcrumb","itemListElement":[{"@type":"ListItem","position":1,"name":"In\u00edcio","item":"https:\/\/portal1.uenf.br\/portal\/"},{"@type":"ListItem","position":2,"name":"Ressaca na Villa: um resgate do carnaval campista"}]},{"@type":"WebSite","@id":"https:\/\/portal1.uenf.br\/portal\/#website","url":"https:\/\/portal1.uenf.br\/portal\/","name":"UENF - Universidade Estadual do Norte Fluminense Darcy Ribeiro","description":"","publisher":{"@id":"https:\/\/portal1.uenf.br\/portal\/#organization"},"potentialAction":[{"@type":"SearchAction","target":{"@type":"EntryPoint","urlTemplate":"https:\/\/portal1.uenf.br\/portal\/?s={search_term_string}"},"query-input":{"@type":"PropertyValueSpecification","valueRequired":true,"valueName":"search_term_string"}}],"inLanguage":"pt-BR"},{"@type":"Organization","@id":"https:\/\/portal1.uenf.br\/portal\/#organization","name":"UENF - Universidade Estadual do Norte Fluminense Darcy Ribeiro","url":"https:\/\/portal1.uenf.br\/portal\/","logo":{"@type":"ImageObject","inLanguage":"pt-BR","@id":"https:\/\/portal1.uenf.br\/portal\/#\/schema\/logo\/image\/","url":"https:\/\/portal1.uenf.br\/portal\/wp-content\/uploads\/2018\/06\/logo-uenf-invertido-1.png","contentUrl":"https:\/\/portal1.uenf.br\/portal\/wp-content\/uploads\/2018\/06\/logo-uenf-invertido-1.png","width":482,"height":83,"caption":"UENF - Universidade Estadual do Norte Fluminense Darcy Ribeiro"},"image":{"@id":"https:\/\/portal1.uenf.br\/portal\/#\/schema\/logo\/image\/"}},{"@type":"Person","@id":"https:\/\/portal1.uenf.br\/portal\/#\/schema\/person\/068abbf03b6f8478c845bc8ded9270c7","name":"admin","image":{"@type":"ImageObject","inLanguage":"pt-BR","@id":"https:\/\/portal1.uenf.br\/portal\/#\/schema\/person\/image\/","url":"https:\/\/secure.gravatar.com\/avatar\/e5ecf9e4fae0742f4b136f518195bafa7b2d3f7c709f4bdc6707588ef68a6e25?s=96&d=mm&r=g","contentUrl":"https:\/\/secure.gravatar.com\/avatar\/e5ecf9e4fae0742f4b136f518195bafa7b2d3f7c709f4bdc6707588ef68a6e25?s=96&d=mm&r=g","caption":"admin"},"sameAs":["https:\/\/portal1.uenf.br\/portal"],"url":"https:\/\/portal1.uenf.br\/portal\/author\/edson\/"}]}},"_links":{"self":[{"href":"https:\/\/portal1.uenf.br\/portal\/wp-json\/wp\/v2\/posts\/23147","targetHints":{"allow":["GET"]}}],"collection":[{"href":"https:\/\/portal1.uenf.br\/portal\/wp-json\/wp\/v2\/posts"}],"about":[{"href":"https:\/\/portal1.uenf.br\/portal\/wp-json\/wp\/v2\/types\/post"}],"author":[{"embeddable":true,"href":"https:\/\/portal1.uenf.br\/portal\/wp-json\/wp\/v2\/users\/1"}],"replies":[{"embeddable":true,"href":"https:\/\/portal1.uenf.br\/portal\/wp-json\/wp\/v2\/comments?post=23147"}],"version-history":[{"count":0,"href":"https:\/\/portal1.uenf.br\/portal\/wp-json\/wp\/v2\/posts\/23147\/revisions"}],"wp:attachment":[{"href":"https:\/\/portal1.uenf.br\/portal\/wp-json\/wp\/v2\/media?parent=23147"}],"wp:term":[{"taxonomy":"category","embeddable":true,"href":"https:\/\/portal1.uenf.br\/portal\/wp-json\/wp\/v2\/categories?post=23147"},{"taxonomy":"post_tag","embeddable":true,"href":"https:\/\/portal1.uenf.br\/portal\/wp-json\/wp\/v2\/tags?post=23147"}],"curies":[{"name":"wp","href":"https:\/\/api.w.org\/{rel}","templated":true}]}}