{"id":22699,"date":"2023-12-15T12:11:23","date_gmt":"2023-12-15T15:11:23","guid":{"rendered":"https:\/\/uenf.br\/portal\/?p=22699"},"modified":"2023-12-15T12:11:23","modified_gmt":"2023-12-15T15:11:23","slug":"universidade-aberta-da-terceira-idade-comemora-conquistas-de-2023","status":"publish","type":"post","link":"https:\/\/portal1.uenf.br\/portal\/noticias\/universidade-aberta-da-terceira-idade-comemora-conquistas-de-2023\/","title":{"rendered":"Programa Terceira Idade em A\u00e7\u00e3o comemora conquistas de 2023"},"content":{"rendered":"<div class=\"wp-block-image\">\n<figure class=\"aligncenter size-large is-resized\"><img decoding=\"async\" src=\"https:\/\/uenf.br\/portal\/wp-content\/uploads\/2023\/12\/Confraternizacao-UNATI-8-1024x682.jpeg\" alt=\"\" class=\"wp-image-22706\" style=\"width:656px;height:auto\"\/><\/figure>\n<\/div>\n\n\n<p>O Programa de Extens\u00e3o Terceira Idade em A\u00e7\u00e3o, da UENF, realizou na \u00faltima  quarta-feira, 14\/12\/23, no Audit\u00f3rio VI do Centro de Conven\u00e7\u00f5es Oscar Niemeyer, uma confraterniza\u00e7\u00e3o de fim de ano. Coordenado pela professora Rosalee Crespo, o programa atende a cerca de 300 idosos com v\u00e1rias atividades gratuitas. No evento desta quarta-feira, houve desfile de moda, apresenta\u00e7\u00f5es de grupo de dan\u00e7a e viol\u00e3o, show musical, sorteio de brindes e coffee break.<\/p>\n\n\n\n<p>A p\u00f3s-doutoranda do programa de p\u00f3s-gradua\u00e7\u00e3o em Cogni\u00e7\u00e3o e Linguagem da UENF M\u00e1rcia Pacheco, uma das organizadoras da confraterniza\u00e7\u00e3o, comentou que o objetivo do evento foi comemorar todas as conquistas de 2023.<\/p>\n\n\n\n<p>\u2014 Fortalecemos o grupo de mulheres idosas al\u00e9m do aposento, melhorando a autoestima delas \u2014 destacou M\u00e1rcia.<\/p>\n\n\n\n<figure class=\"wp-block-gallery has-nested-images columns-default is-cropped wp-block-gallery-1 is-layout-flex wp-block-gallery-is-layout-flex\">\n<figure class=\"wp-block-image size-large\"><img decoding=\"async\" data-id=\"22708\" src=\"https:\/\/uenf.br\/portal\/wp-content\/uploads\/2023\/12\/Confraternizacao-UNATI-7-1024x682.jpeg\" alt=\"\" class=\"wp-image-22708\"\/><\/figure>\n\n\n\n<figure class=\"wp-block-image size-large\"><img decoding=\"async\" data-id=\"22709\" src=\"https:\/\/uenf.br\/portal\/wp-content\/uploads\/2023\/12\/Confraternizacao-UNATI-6-682x1024.jpeg\" alt=\"\" class=\"wp-image-22709\"\/><\/figure>\n<\/figure>\n\n\n\n<p>A professora volunt\u00e1ria da oficina de Beleza e Bem-estar, Juliana Gomes, disse que \u00e9 fundamental entender que a autoestima n\u00e3o est\u00e1 relacionada s\u00f3 \u00e0 apar\u00eancia f\u00edsica.&nbsp;<\/p>\n\n\n\n<p>\u2014 A autoestima \u00e9 saber aceitar seu valor \u2014 afirmou Juliana.<\/p>\n\n\n\n<p>A professora do grupo de dan\u00e7a, Dinah Bense, tamb\u00e9m participou do evento. Ela ministra para os idosos aulas de ritmos.&nbsp;<\/p>\n\n\n\n<p>\u2014 Fazemos os idosos aproveitarem o movimento do corpo de acordo com o ritmo das m\u00fasicas, dando uma melhor qualidade de vida \u2014 informou.<\/p>\n\n\n\n<p>A idosa Maria das Dores Monteiro Pereira de Vasconcelos frequenta o programa Terceira Idade UENF h\u00e1 tr\u00eas anos com o esposo Edilmar Rangel de Vasconcelos.<\/p>\n\n\n\n<p>\u2014 Eu terminei o estudo, criei meus filhos e chegou minha melhor idade. A cada dia chega, \u00e9 natural. E, para evitar o sedentarismo, eu vim para a UENF fazer atividade f\u00edsica. Fa\u00e7o Yoga, Funcional, Tai Chi Chuan e Hidrogin\u00e1stica. Est\u00e1 valendo a pena. Estou aproveitando muito minha melhor idade. Estou tendo muita experi\u00eancia. Aprendi que beleza n\u00e3o est\u00e1 no exterior, mas sim no interior. Agrade\u00e7o a todos do programa \u2014 disse Maria das Dores.<\/p>\n\n\n<div class=\"wp-block-image\">\n<figure class=\"aligncenter size-large is-resized\"><img decoding=\"async\" src=\"https:\/\/uenf.br\/portal\/wp-content\/uploads\/2023\/12\/Confraternizacao-UNATI-10-1024x682.jpeg\" alt=\"\" class=\"wp-image-22711\" style=\"width:612px;height:auto\"\/><\/figure>\n<\/div>\n\n\n<p>A festa foi animada pelos m\u00fasicos Jadson Loureiro e Felipe Moraes, que tocaram e cantaram um repert\u00f3rio ecl\u00e9tico, abrangendo desde MPB e rock, passando por samba e pagode, at\u00e9 uma m\u00fasica gospel para finalizar em grande estilo.&nbsp;<\/p>\n\n\n\n<p><strong>Inscri\u00e7\u00f5es &#8211;<\/strong> Para se inscrever no Programa Terceira Idade em A\u00e7\u00e3o, o idoso com mais de 55 anos deve comparecer de segunda a sexta-feira, das 8 \u00e0s 12 horas, na sala 6 do Anexo do Centro de Ci\u00eancias do Homem (CCH) da UENF. Os documentos necess\u00e1rios s\u00e3o: identidade, CPF, atestado m\u00e9dico de apto para atividade f\u00edsica e comprovantes de vacina\u00e7\u00e3o de covid e gripe. Mais informa\u00e7\u00f5es pelo telefone: 2748-6063.<\/p>\n\n\n\n<p>O Programa oferece aulas gratuitas de hidrogin\u00e1stica, pilates, yoga, dan\u00e7a, mem\u00f3ria, viol\u00e3o, canto, artesanato, tai chi chuan, caminhada, funcional, ingl\u00eas, inform\u00e1tica, arteterapia, beleza e bem estar, al\u00e9m de atendimentos nutricional e psicol\u00f3gico.<\/p>\n\n\n<div class=\"wp-block-image\">\n<figure class=\"aligncenter size-large is-resized\"><img decoding=\"async\" src=\"https:\/\/uenf.br\/portal\/wp-content\/uploads\/2023\/12\/Confraternizacao-UNATI-5-1-1024x682.jpeg\" alt=\"\" class=\"wp-image-22713\" style=\"width:655px;height:auto\"\/><\/figure>\n<\/div>\n\n","protected":false},"excerpt":{"rendered":"<p>O Programa de Extens\u00e3o Terceira Idade em A\u00e7\u00e3o, da UENF, realizou na \u00faltima quarta-feira, 14\/12\/23, no Audit\u00f3rio VI do Centro de Conven\u00e7\u00f5es Oscar Niemeyer, uma confraterniza\u00e7\u00e3o de fim de ano. Coordenado pela professora Rosalee Crespo, o programa atende a cerca de 300 idosos com v\u00e1rias atividades gratuitas. No evento desta quarta-feira, houve desfile de moda, [&hellip;]<\/p>\n","protected":false},"author":1,"featured_media":0,"comment_status":"closed","ping_status":"closed","sticky":false,"template":"","format":"standard","meta":{"_eb_attr":"","ocean_post_layout":"","ocean_both_sidebars_style":"","ocean_both_sidebars_content_width":0,"ocean_both_sidebars_sidebars_width":0,"ocean_sidebar":"","ocean_second_sidebar":"","ocean_disable_margins":"enable","ocean_add_body_class":"","ocean_shortcode_before_top_bar":"","ocean_shortcode_after_top_bar":"","ocean_shortcode_before_header":"","ocean_shortcode_after_header":"","ocean_has_shortcode":"","ocean_shortcode_after_title":"","ocean_shortcode_before_footer_widgets":"","ocean_shortcode_after_footer_widgets":"","ocean_shortcode_before_footer_bottom":"","ocean_shortcode_after_footer_bottom":"","ocean_display_top_bar":"default","ocean_display_header":"default","ocean_header_style":"","ocean_center_header_left_menu":"","ocean_custom_header_template":"","ocean_custom_logo":0,"ocean_custom_retina_logo":0,"ocean_custom_logo_max_width":0,"ocean_custom_logo_tablet_max_width":0,"ocean_custom_logo_mobile_max_width":0,"ocean_custom_logo_max_height":0,"ocean_custom_logo_tablet_max_height":0,"ocean_custom_logo_mobile_max_height":0,"ocean_header_custom_menu":"","ocean_menu_typo_font_family":"","ocean_menu_typo_font_subset":"","ocean_menu_typo_font_size":0,"ocean_menu_typo_font_size_tablet":0,"ocean_menu_typo_font_size_mobile":0,"ocean_menu_typo_font_size_unit":"px","ocean_menu_typo_font_weight":"","ocean_menu_typo_font_weight_tablet":"","ocean_menu_typo_font_weight_mobile":"","ocean_menu_typo_transform":"","ocean_menu_typo_transform_tablet":"","ocean_menu_typo_transform_mobile":"","ocean_menu_typo_line_height":0,"ocean_menu_typo_line_height_tablet":0,"ocean_menu_typo_line_height_mobile":0,"ocean_menu_typo_line_height_unit":"","ocean_menu_typo_spacing":0,"ocean_menu_typo_spacing_tablet":0,"ocean_menu_typo_spacing_mobile":0,"ocean_menu_typo_spacing_unit":"","ocean_menu_link_color":"","ocean_menu_link_color_hover":"","ocean_menu_link_color_active":"","ocean_menu_link_background":"","ocean_menu_link_hover_background":"","ocean_menu_link_active_background":"","ocean_menu_social_links_bg":"","ocean_menu_social_hover_links_bg":"","ocean_menu_social_links_color":"","ocean_menu_social_hover_links_color":"","ocean_disable_title":"default","ocean_disable_heading":"default","ocean_post_title":"","ocean_post_subheading":"","ocean_post_title_style":"","ocean_post_title_background_color":"","ocean_post_title_background":0,"ocean_post_title_bg_image_position":"","ocean_post_title_bg_image_attachment":"","ocean_post_title_bg_image_repeat":"","ocean_post_title_bg_image_size":"","ocean_post_title_height":0,"ocean_post_title_bg_overlay":0.5,"ocean_post_title_bg_overlay_color":"","ocean_disable_breadcrumbs":"default","ocean_breadcrumbs_color":"","ocean_breadcrumbs_separator_color":"","ocean_breadcrumbs_links_color":"","ocean_breadcrumbs_links_hover_color":"","ocean_display_footer_widgets":"default","ocean_display_footer_bottom":"default","ocean_custom_footer_template":"","ocean_post_oembed":"","ocean_post_self_hosted_media":"","ocean_post_video_embed":"","ocean_link_format":"","ocean_link_format_target":"self","ocean_quote_format":"","ocean_quote_format_link":"post","ocean_gallery_link_images":"on","ocean_gallery_id":[],"footnotes":""},"categories":[8],"tags":[],"class_list":["post-22699","post","type-post","status-publish","format-standard","hentry","category-noticias","entry"],"yoast_head":"<!-- This site is optimized with the Yoast SEO plugin v26.5 - https:\/\/yoast.com\/wordpress\/plugins\/seo\/ -->\n<title>Programa Terceira Idade em A\u00e7\u00e3o comemora conquistas de 2023 - UENF - Universidade Estadual do Norte Fluminense Darcy Ribeiro<\/title>\n<meta name=\"robots\" content=\"noindex, follow, max-snippet:-1, max-image-preview:large, max-video-preview:-1\" \/>\n<meta property=\"og:locale\" content=\"pt_BR\" \/>\n<meta property=\"og:type\" content=\"article\" \/>\n<meta property=\"og:title\" content=\"Programa Terceira Idade em A\u00e7\u00e3o comemora conquistas de 2023 - UENF - Universidade Estadual do Norte Fluminense Darcy Ribeiro\" \/>\n<meta property=\"og:description\" content=\"O Programa de Extens\u00e3o Terceira Idade em A\u00e7\u00e3o, da UENF, realizou na \u00faltima quarta-feira, 14\/12\/23, no Audit\u00f3rio VI do Centro de Conven\u00e7\u00f5es Oscar Niemeyer, uma confraterniza\u00e7\u00e3o de fim de ano. Coordenado pela professora Rosalee Crespo, o programa atende a cerca de 300 idosos com v\u00e1rias atividades gratuitas. No evento desta quarta-feira, houve desfile de moda, [&hellip;]\" \/>\n<meta property=\"og:url\" content=\"https:\/\/portal1.uenf.br\/portal\/noticias\/universidade-aberta-da-terceira-idade-comemora-conquistas-de-2023\/\" \/>\n<meta property=\"og:site_name\" content=\"UENF - Universidade Estadual do Norte Fluminense Darcy Ribeiro\" \/>\n<meta property=\"article:published_time\" content=\"2023-12-15T15:11:23+00:00\" \/>\n<meta property=\"og:image\" content=\"https:\/\/uenf.br\/portal\/wp-content\/uploads\/2023\/12\/Confraternizacao-UNATI-8-1024x682.jpeg\" \/>\n<meta name=\"author\" content=\"admin\" \/>\n<meta name=\"twitter:card\" content=\"summary_large_image\" \/>\n<meta name=\"twitter:label1\" content=\"Escrito por\" \/>\n\t<meta name=\"twitter:data1\" content=\"admin\" \/>\n\t<meta name=\"twitter:label2\" content=\"Est. tempo de leitura\" \/>\n\t<meta name=\"twitter:data2\" content=\"2 minutos\" \/>\n<script type=\"application\/ld+json\" class=\"yoast-schema-graph\">{\"@context\":\"https:\/\/schema.org\",\"@graph\":[{\"@type\":\"Article\",\"@id\":\"https:\/\/portal1.uenf.br\/portal\/noticias\/universidade-aberta-da-terceira-idade-comemora-conquistas-de-2023\/#article\",\"isPartOf\":{\"@id\":\"https:\/\/portal1.uenf.br\/portal\/noticias\/universidade-aberta-da-terceira-idade-comemora-conquistas-de-2023\/\"},\"author\":{\"name\":\"admin\",\"@id\":\"https:\/\/portal1.uenf.br\/portal\/#\/schema\/person\/068abbf03b6f8478c845bc8ded9270c7\"},\"headline\":\"Programa Terceira Idade em A\u00e7\u00e3o comemora conquistas de 2023\",\"datePublished\":\"2023-12-15T15:11:23+00:00\",\"mainEntityOfPage\":{\"@id\":\"https:\/\/portal1.uenf.br\/portal\/noticias\/universidade-aberta-da-terceira-idade-comemora-conquistas-de-2023\/\"},\"wordCount\":483,\"publisher\":{\"@id\":\"https:\/\/portal1.uenf.br\/portal\/#organization\"},\"image\":{\"@id\":\"https:\/\/portal1.uenf.br\/portal\/noticias\/universidade-aberta-da-terceira-idade-comemora-conquistas-de-2023\/#primaryimage\"},\"thumbnailUrl\":\"https:\/\/uenf.br\/portal\/wp-content\/uploads\/2023\/12\/Confraternizacao-UNATI-8-1024x682.jpeg\",\"articleSection\":[\"Not\u00edcias\"],\"inLanguage\":\"pt-BR\"},{\"@type\":\"WebPage\",\"@id\":\"https:\/\/portal1.uenf.br\/portal\/noticias\/universidade-aberta-da-terceira-idade-comemora-conquistas-de-2023\/\",\"url\":\"https:\/\/portal1.uenf.br\/portal\/noticias\/universidade-aberta-da-terceira-idade-comemora-conquistas-de-2023\/\",\"name\":\"Programa Terceira Idade em A\u00e7\u00e3o comemora conquistas de 2023 - UENF - Universidade Estadual do Norte Fluminense Darcy Ribeiro\",\"isPartOf\":{\"@id\":\"https:\/\/portal1.uenf.br\/portal\/#website\"},\"primaryImageOfPage\":{\"@id\":\"https:\/\/portal1.uenf.br\/portal\/noticias\/universidade-aberta-da-terceira-idade-comemora-conquistas-de-2023\/#primaryimage\"},\"image\":{\"@id\":\"https:\/\/portal1.uenf.br\/portal\/noticias\/universidade-aberta-da-terceira-idade-comemora-conquistas-de-2023\/#primaryimage\"},\"thumbnailUrl\":\"https:\/\/uenf.br\/portal\/wp-content\/uploads\/2023\/12\/Confraternizacao-UNATI-8-1024x682.jpeg\",\"datePublished\":\"2023-12-15T15:11:23+00:00\",\"breadcrumb\":{\"@id\":\"https:\/\/portal1.uenf.br\/portal\/noticias\/universidade-aberta-da-terceira-idade-comemora-conquistas-de-2023\/#breadcrumb\"},\"inLanguage\":\"pt-BR\",\"potentialAction\":[{\"@type\":\"ReadAction\",\"target\":[\"https:\/\/portal1.uenf.br\/portal\/noticias\/universidade-aberta-da-terceira-idade-comemora-conquistas-de-2023\/\"]}]},{\"@type\":\"ImageObject\",\"inLanguage\":\"pt-BR\",\"@id\":\"https:\/\/portal1.uenf.br\/portal\/noticias\/universidade-aberta-da-terceira-idade-comemora-conquistas-de-2023\/#primaryimage\",\"url\":\"https:\/\/uenf.br\/portal\/wp-content\/uploads\/2023\/12\/Confraternizacao-UNATI-8-1024x682.jpeg\",\"contentUrl\":\"https:\/\/uenf.br\/portal\/wp-content\/uploads\/2023\/12\/Confraternizacao-UNATI-8-1024x682.jpeg\"},{\"@type\":\"BreadcrumbList\",\"@id\":\"https:\/\/portal1.uenf.br\/portal\/noticias\/universidade-aberta-da-terceira-idade-comemora-conquistas-de-2023\/#breadcrumb\",\"itemListElement\":[{\"@type\":\"ListItem\",\"position\":1,\"name\":\"In\u00edcio\",\"item\":\"https:\/\/portal1.uenf.br\/portal\/\"},{\"@type\":\"ListItem\",\"position\":2,\"name\":\"Programa Terceira Idade em A\u00e7\u00e3o comemora conquistas de 2023\"}]},{\"@type\":\"WebSite\",\"@id\":\"https:\/\/portal1.uenf.br\/portal\/#website\",\"url\":\"https:\/\/portal1.uenf.br\/portal\/\",\"name\":\"UENF - Universidade Estadual do Norte Fluminense Darcy Ribeiro\",\"description\":\"\",\"publisher\":{\"@id\":\"https:\/\/portal1.uenf.br\/portal\/#organization\"},\"potentialAction\":[{\"@type\":\"SearchAction\",\"target\":{\"@type\":\"EntryPoint\",\"urlTemplate\":\"https:\/\/portal1.uenf.br\/portal\/?s={search_term_string}\"},\"query-input\":{\"@type\":\"PropertyValueSpecification\",\"valueRequired\":true,\"valueName\":\"search_term_string\"}}],\"inLanguage\":\"pt-BR\"},{\"@type\":\"Organization\",\"@id\":\"https:\/\/portal1.uenf.br\/portal\/#organization\",\"name\":\"UENF - Universidade Estadual do Norte Fluminense Darcy Ribeiro\",\"url\":\"https:\/\/portal1.uenf.br\/portal\/\",\"logo\":{\"@type\":\"ImageObject\",\"inLanguage\":\"pt-BR\",\"@id\":\"https:\/\/portal1.uenf.br\/portal\/#\/schema\/logo\/image\/\",\"url\":\"https:\/\/portal1.uenf.br\/portal\/wp-content\/uploads\/2018\/06\/logo-uenf-invertido-1.png\",\"contentUrl\":\"https:\/\/portal1.uenf.br\/portal\/wp-content\/uploads\/2018\/06\/logo-uenf-invertido-1.png\",\"width\":482,\"height\":83,\"caption\":\"UENF - Universidade Estadual do Norte Fluminense Darcy Ribeiro\"},\"image\":{\"@id\":\"https:\/\/portal1.uenf.br\/portal\/#\/schema\/logo\/image\/\"}},{\"@type\":\"Person\",\"@id\":\"https:\/\/portal1.uenf.br\/portal\/#\/schema\/person\/068abbf03b6f8478c845bc8ded9270c7\",\"name\":\"admin\",\"image\":{\"@type\":\"ImageObject\",\"inLanguage\":\"pt-BR\",\"@id\":\"https:\/\/portal1.uenf.br\/portal\/#\/schema\/person\/image\/\",\"url\":\"https:\/\/secure.gravatar.com\/avatar\/e5ecf9e4fae0742f4b136f518195bafa7b2d3f7c709f4bdc6707588ef68a6e25?s=96&d=mm&r=g\",\"contentUrl\":\"https:\/\/secure.gravatar.com\/avatar\/e5ecf9e4fae0742f4b136f518195bafa7b2d3f7c709f4bdc6707588ef68a6e25?s=96&d=mm&r=g\",\"caption\":\"admin\"},\"sameAs\":[\"https:\/\/portal1.uenf.br\/portal\"],\"url\":\"https:\/\/portal1.uenf.br\/portal\/author\/edson\/\"}]}<\/script>\n<!-- \/ Yoast SEO plugin. -->","yoast_head_json":{"title":"Programa Terceira Idade em A\u00e7\u00e3o comemora conquistas de 2023 - UENF - Universidade Estadual do Norte Fluminense Darcy Ribeiro","robots":{"index":"noindex","follow":"follow","max-snippet":"max-snippet:-1","max-image-preview":"max-image-preview:large","max-video-preview":"max-video-preview:-1"},"og_locale":"pt_BR","og_type":"article","og_title":"Programa Terceira Idade em A\u00e7\u00e3o comemora conquistas de 2023 - UENF - Universidade Estadual do Norte Fluminense Darcy Ribeiro","og_description":"O Programa de Extens\u00e3o Terceira Idade em A\u00e7\u00e3o, da UENF, realizou na \u00faltima quarta-feira, 14\/12\/23, no Audit\u00f3rio VI do Centro de Conven\u00e7\u00f5es Oscar Niemeyer, uma confraterniza\u00e7\u00e3o de fim de ano. Coordenado pela professora Rosalee Crespo, o programa atende a cerca de 300 idosos com v\u00e1rias atividades gratuitas. No evento desta quarta-feira, houve desfile de moda, [&hellip;]","og_url":"https:\/\/portal1.uenf.br\/portal\/noticias\/universidade-aberta-da-terceira-idade-comemora-conquistas-de-2023\/","og_site_name":"UENF - Universidade Estadual do Norte Fluminense Darcy Ribeiro","article_published_time":"2023-12-15T15:11:23+00:00","og_image":[{"url":"https:\/\/uenf.br\/portal\/wp-content\/uploads\/2023\/12\/Confraternizacao-UNATI-8-1024x682.jpeg","type":"","width":"","height":""}],"author":"admin","twitter_card":"summary_large_image","twitter_misc":{"Escrito por":"admin","Est. tempo de leitura":"2 minutos"},"schema":{"@context":"https:\/\/schema.org","@graph":[{"@type":"Article","@id":"https:\/\/portal1.uenf.br\/portal\/noticias\/universidade-aberta-da-terceira-idade-comemora-conquistas-de-2023\/#article","isPartOf":{"@id":"https:\/\/portal1.uenf.br\/portal\/noticias\/universidade-aberta-da-terceira-idade-comemora-conquistas-de-2023\/"},"author":{"name":"admin","@id":"https:\/\/portal1.uenf.br\/portal\/#\/schema\/person\/068abbf03b6f8478c845bc8ded9270c7"},"headline":"Programa Terceira Idade em A\u00e7\u00e3o comemora conquistas de 2023","datePublished":"2023-12-15T15:11:23+00:00","mainEntityOfPage":{"@id":"https:\/\/portal1.uenf.br\/portal\/noticias\/universidade-aberta-da-terceira-idade-comemora-conquistas-de-2023\/"},"wordCount":483,"publisher":{"@id":"https:\/\/portal1.uenf.br\/portal\/#organization"},"image":{"@id":"https:\/\/portal1.uenf.br\/portal\/noticias\/universidade-aberta-da-terceira-idade-comemora-conquistas-de-2023\/#primaryimage"},"thumbnailUrl":"https:\/\/uenf.br\/portal\/wp-content\/uploads\/2023\/12\/Confraternizacao-UNATI-8-1024x682.jpeg","articleSection":["Not\u00edcias"],"inLanguage":"pt-BR"},{"@type":"WebPage","@id":"https:\/\/portal1.uenf.br\/portal\/noticias\/universidade-aberta-da-terceira-idade-comemora-conquistas-de-2023\/","url":"https:\/\/portal1.uenf.br\/portal\/noticias\/universidade-aberta-da-terceira-idade-comemora-conquistas-de-2023\/","name":"Programa Terceira Idade em A\u00e7\u00e3o comemora conquistas de 2023 - UENF - Universidade Estadual do Norte Fluminense Darcy Ribeiro","isPartOf":{"@id":"https:\/\/portal1.uenf.br\/portal\/#website"},"primaryImageOfPage":{"@id":"https:\/\/portal1.uenf.br\/portal\/noticias\/universidade-aberta-da-terceira-idade-comemora-conquistas-de-2023\/#primaryimage"},"image":{"@id":"https:\/\/portal1.uenf.br\/portal\/noticias\/universidade-aberta-da-terceira-idade-comemora-conquistas-de-2023\/#primaryimage"},"thumbnailUrl":"https:\/\/uenf.br\/portal\/wp-content\/uploads\/2023\/12\/Confraternizacao-UNATI-8-1024x682.jpeg","datePublished":"2023-12-15T15:11:23+00:00","breadcrumb":{"@id":"https:\/\/portal1.uenf.br\/portal\/noticias\/universidade-aberta-da-terceira-idade-comemora-conquistas-de-2023\/#breadcrumb"},"inLanguage":"pt-BR","potentialAction":[{"@type":"ReadAction","target":["https:\/\/portal1.uenf.br\/portal\/noticias\/universidade-aberta-da-terceira-idade-comemora-conquistas-de-2023\/"]}]},{"@type":"ImageObject","inLanguage":"pt-BR","@id":"https:\/\/portal1.uenf.br\/portal\/noticias\/universidade-aberta-da-terceira-idade-comemora-conquistas-de-2023\/#primaryimage","url":"https:\/\/uenf.br\/portal\/wp-content\/uploads\/2023\/12\/Confraternizacao-UNATI-8-1024x682.jpeg","contentUrl":"https:\/\/uenf.br\/portal\/wp-content\/uploads\/2023\/12\/Confraternizacao-UNATI-8-1024x682.jpeg"},{"@type":"BreadcrumbList","@id":"https:\/\/portal1.uenf.br\/portal\/noticias\/universidade-aberta-da-terceira-idade-comemora-conquistas-de-2023\/#breadcrumb","itemListElement":[{"@type":"ListItem","position":1,"name":"In\u00edcio","item":"https:\/\/portal1.uenf.br\/portal\/"},{"@type":"ListItem","position":2,"name":"Programa Terceira Idade em A\u00e7\u00e3o comemora conquistas de 2023"}]},{"@type":"WebSite","@id":"https:\/\/portal1.uenf.br\/portal\/#website","url":"https:\/\/portal1.uenf.br\/portal\/","name":"UENF - Universidade Estadual do Norte Fluminense Darcy Ribeiro","description":"","publisher":{"@id":"https:\/\/portal1.uenf.br\/portal\/#organization"},"potentialAction":[{"@type":"SearchAction","target":{"@type":"EntryPoint","urlTemplate":"https:\/\/portal1.uenf.br\/portal\/?s={search_term_string}"},"query-input":{"@type":"PropertyValueSpecification","valueRequired":true,"valueName":"search_term_string"}}],"inLanguage":"pt-BR"},{"@type":"Organization","@id":"https:\/\/portal1.uenf.br\/portal\/#organization","name":"UENF - Universidade Estadual do Norte Fluminense Darcy Ribeiro","url":"https:\/\/portal1.uenf.br\/portal\/","logo":{"@type":"ImageObject","inLanguage":"pt-BR","@id":"https:\/\/portal1.uenf.br\/portal\/#\/schema\/logo\/image\/","url":"https:\/\/portal1.uenf.br\/portal\/wp-content\/uploads\/2018\/06\/logo-uenf-invertido-1.png","contentUrl":"https:\/\/portal1.uenf.br\/portal\/wp-content\/uploads\/2018\/06\/logo-uenf-invertido-1.png","width":482,"height":83,"caption":"UENF - Universidade Estadual do Norte Fluminense Darcy Ribeiro"},"image":{"@id":"https:\/\/portal1.uenf.br\/portal\/#\/schema\/logo\/image\/"}},{"@type":"Person","@id":"https:\/\/portal1.uenf.br\/portal\/#\/schema\/person\/068abbf03b6f8478c845bc8ded9270c7","name":"admin","image":{"@type":"ImageObject","inLanguage":"pt-BR","@id":"https:\/\/portal1.uenf.br\/portal\/#\/schema\/person\/image\/","url":"https:\/\/secure.gravatar.com\/avatar\/e5ecf9e4fae0742f4b136f518195bafa7b2d3f7c709f4bdc6707588ef68a6e25?s=96&d=mm&r=g","contentUrl":"https:\/\/secure.gravatar.com\/avatar\/e5ecf9e4fae0742f4b136f518195bafa7b2d3f7c709f4bdc6707588ef68a6e25?s=96&d=mm&r=g","caption":"admin"},"sameAs":["https:\/\/portal1.uenf.br\/portal"],"url":"https:\/\/portal1.uenf.br\/portal\/author\/edson\/"}]}},"_links":{"self":[{"href":"https:\/\/portal1.uenf.br\/portal\/wp-json\/wp\/v2\/posts\/22699","targetHints":{"allow":["GET"]}}],"collection":[{"href":"https:\/\/portal1.uenf.br\/portal\/wp-json\/wp\/v2\/posts"}],"about":[{"href":"https:\/\/portal1.uenf.br\/portal\/wp-json\/wp\/v2\/types\/post"}],"author":[{"embeddable":true,"href":"https:\/\/portal1.uenf.br\/portal\/wp-json\/wp\/v2\/users\/1"}],"replies":[{"embeddable":true,"href":"https:\/\/portal1.uenf.br\/portal\/wp-json\/wp\/v2\/comments?post=22699"}],"version-history":[{"count":0,"href":"https:\/\/portal1.uenf.br\/portal\/wp-json\/wp\/v2\/posts\/22699\/revisions"}],"wp:attachment":[{"href":"https:\/\/portal1.uenf.br\/portal\/wp-json\/wp\/v2\/media?parent=22699"}],"wp:term":[{"taxonomy":"category","embeddable":true,"href":"https:\/\/portal1.uenf.br\/portal\/wp-json\/wp\/v2\/categories?post=22699"},{"taxonomy":"post_tag","embeddable":true,"href":"https:\/\/portal1.uenf.br\/portal\/wp-json\/wp\/v2\/tags?post=22699"}],"curies":[{"name":"wp","href":"https:\/\/api.w.org\/{rel}","templated":true}]}}