{"id":22631,"date":"2023-12-11T15:34:47","date_gmt":"2023-12-11T18:34:47","guid":{"rendered":"https:\/\/uenf.br\/portal\/?p=22631"},"modified":"2023-12-11T15:34:47","modified_gmt":"2023-12-11T18:34:47","slug":"uenf-entrega-certificados-de-curso-de-extensao-meteorologia-e-defesa-civil","status":"publish","type":"post","link":"https:\/\/portal1.uenf.br\/portal\/noticias\/uenf-entrega-certificados-de-curso-de-extensao-meteorologia-e-defesa-civil\/","title":{"rendered":"UENF entrega certificados de curso de extens\u00e3o &#8216;Meteorologia e Defesa Civil&#8217;"},"content":{"rendered":"<div class=\"wp-block-image\">\n<figure class=\"aligncenter size-large is-resized\"><img decoding=\"async\" src=\"https:\/\/uenf.br\/portal\/wp-content\/uploads\/2023\/12\/Campus-de-Macae-1024x576.jpeg\" alt=\"\" class=\"wp-image-22643\" style=\"width:600px;height:auto\"\/><\/figure>\n<\/div>\n\n\n<p>A UENF realizou na \u00faltima sexta-feira, no <em>campus<\/em> de Maca\u00e9, a solenidade de entrega dos certificados do curso de extens\u00e3o &#8220;Meteorologia e Defesa Civil&#8221;. Ministrado pelos professores do Laborat\u00f3rio de Meteorologia da UENF (LAMET), o curso teve a participa\u00e7\u00e3o de cerca de 50 profissionais da \u00e1rea de defesa civil de Maca\u00e9 e outros munic\u00edpios da Regi\u00e3o dos Lagos e Serrana.<\/p>\n\n\n\n<p>Segundo a professora Maria Gertrudes Justi, do LAMET, o curso abordou os aspectos voltados aos sistemas meteorol\u00f3gicos que atuam na regi\u00e3o e impactam a sociedade civil, bem como as ferramentas que s\u00e3o usadas dentro da meteorologia para fazer frente a isso. Dentre elas, as imagens de sat\u00e9lite e de radar e a modelagem num\u00e9rica da atmosfera, que fornece os dados para antever os problemas e dar as respostas necess\u00e1rias. <\/p>\n\n\n\n<p>\u2014 Essa liga\u00e7\u00e3o entre a universidade, que tem o conhecimento na \u00e1rea de meteorologia, e a defesa civil, que precisa ter atitudes pr\u00e1ticas em momentos decisivos, \u00e9 fundamental. Esse curso foi pensado, estimulado e provocado pela Defesa Civil de Maca\u00e9, e o LAMET respondeu, tentando subsidiar com conhecimento, para que esses profissionais possam desempenhar realmente um trabalho mais eficaz, mais produtivo \u2014 disse a professora. <\/p>\n\n\n\n<p> A cerim\u00f4nia de posse contou com a presen\u00e7a do reitor da UENF, Raul Palacio; a vice-reitora Rosana Rodrigues (reitora da UENF a partir de 1\u00ba de janeiro de 2024); o pr\u00f3-reitor de Extens\u00e3o da UENF, Olney Vieira da Motta; o chefe do LAMET e coordenador do curso, Jos\u00e9 Ricardo Siqueira; e o vice-prefeito de Maca\u00e9, C\u00e9lio Chapeta, que representou o prefeito do munic\u00edpio, Welberth Rezende.<\/p>\n\n\n<div class=\"wp-block-image\">\n<figure class=\"aligncenter size-large is-resized\"><img decoding=\"async\" src=\"https:\/\/uenf.br\/portal\/wp-content\/uploads\/2023\/12\/WhatsApp-Image-2023-12-11-at-16.10.10-1024x576.jpeg\" alt=\"\" class=\"wp-image-22650\" style=\"width:610px;height:auto\"\/><\/figure>\n<\/div>\n\n\n<p>Um dos participantes do curso foi o secret\u00e1rio adjunto de Defesa Civil de Maca\u00e9, Joseferson de Jesus Flor\u00eancio, que ressaltou a import\u00e2ncia dos conhecimentos adquiridos no curso para a gest\u00e3o do Centro de Monitoramento e Opera\u00e7\u00f5es da Defesa Civil de Maca\u00e9, inaugurado em setembro. O coordenador da Regional da Defesa Civil na Baixada Litor\u00e2nea, F\u00e1bio Gon\u00e7alves, que tamb\u00e9m participou do curso, disse que ficou surpreso com a aquiesc\u00eancia da UENF em realizar o curso.<\/p>\n\n\n\n<p>\u2014 Tamb\u00e9m me surpreendeu a forma como os professores nos trataram e como ministraram o aprendizado. A gente tem que lembrar que s\u00e3o professores universit\u00e1rios, que possuem um conhecimento muito alto e tiveram que ministrar um curso b\u00e1sico. Nessa jun\u00e7\u00e3o entre a defesa civil e a universidade, quem vai ganhar l\u00e1 na ponta vai ser a popula\u00e7\u00e3o, com profissionais mais habilitados a partir de 2024 \u2014 disse.<\/p>\n\n\n\n<p>Tamb\u00e9m presente \u00e0 cerim\u00f4nia, a secret\u00e1ria adjunta de Educa\u00e7\u00e3o B\u00e1sica de Maca\u00e9, Fl\u00e1via Picon. disse que a UENF \u00e9 uma grande parceira da Prefeitura de Maca\u00e9. <\/p>\n\n\n\n<p>\u2014 Quando a UENF se instalou aqui foi para atender a regi\u00e3o na \u00e1rea de petr\u00f3leo. Hoje, com o LAMET, esse atendimento se ampliou na vertente das quest\u00f5es meteorol\u00f3gicas. Essa forma\u00e7\u00e3o \u00e9 um grande diferencial, pois esses profissionais ter\u00e3o um potencial de poder oferecer um servi\u00e7o melhor, com mais qualidade e conhecimento mais profundo das suas possibilidades num momento de emerg\u00eancia \u2014 afirmou.<\/p>\n\n\n<div class=\"wp-block-image\">\n<figure class=\"aligncenter size-large is-resized\"><img decoding=\"async\" src=\"https:\/\/uenf.br\/portal\/wp-content\/uploads\/2023\/12\/WhatsApp-Image-2023-12-11-at-16.10.13-1024x576.jpeg\" alt=\"\" class=\"wp-image-22653\" style=\"width:514px;height:auto\"\/><\/figure>\n<\/div>\n\n\n<p><\/p>\n\n\n\n<p><\/p>\n\n\n\n<p><\/p>\n","protected":false},"excerpt":{"rendered":"<p>A UENF realizou na \u00faltima sexta-feira, no campus de Maca\u00e9, a solenidade de entrega dos certificados do curso de extens\u00e3o &#8220;Meteorologia e Defesa Civil&#8221;. Ministrado pelos professores do Laborat\u00f3rio de Meteorologia da UENF (LAMET), o curso teve a participa\u00e7\u00e3o de cerca de 50 profissionais da \u00e1rea de defesa civil de Maca\u00e9 e outros munic\u00edpios da [&hellip;]<\/p>\n","protected":false},"author":1,"featured_media":0,"comment_status":"closed","ping_status":"closed","sticky":false,"template":"","format":"standard","meta":{"_eb_attr":"","ocean_post_layout":"","ocean_both_sidebars_style":"","ocean_both_sidebars_content_width":0,"ocean_both_sidebars_sidebars_width":0,"ocean_sidebar":"","ocean_second_sidebar":"","ocean_disable_margins":"enable","ocean_add_body_class":"","ocean_shortcode_before_top_bar":"","ocean_shortcode_after_top_bar":"","ocean_shortcode_before_header":"","ocean_shortcode_after_header":"","ocean_has_shortcode":"","ocean_shortcode_after_title":"","ocean_shortcode_before_footer_widgets":"","ocean_shortcode_after_footer_widgets":"","ocean_shortcode_before_footer_bottom":"","ocean_shortcode_after_footer_bottom":"","ocean_display_top_bar":"default","ocean_display_header":"default","ocean_header_style":"","ocean_center_header_left_menu":"","ocean_custom_header_template":"","ocean_custom_logo":0,"ocean_custom_retina_logo":0,"ocean_custom_logo_max_width":0,"ocean_custom_logo_tablet_max_width":0,"ocean_custom_logo_mobile_max_width":0,"ocean_custom_logo_max_height":0,"ocean_custom_logo_tablet_max_height":0,"ocean_custom_logo_mobile_max_height":0,"ocean_header_custom_menu":"","ocean_menu_typo_font_family":"","ocean_menu_typo_font_subset":"","ocean_menu_typo_font_size":0,"ocean_menu_typo_font_size_tablet":0,"ocean_menu_typo_font_size_mobile":0,"ocean_menu_typo_font_size_unit":"px","ocean_menu_typo_font_weight":"","ocean_menu_typo_font_weight_tablet":"","ocean_menu_typo_font_weight_mobile":"","ocean_menu_typo_transform":"","ocean_menu_typo_transform_tablet":"","ocean_menu_typo_transform_mobile":"","ocean_menu_typo_line_height":0,"ocean_menu_typo_line_height_tablet":0,"ocean_menu_typo_line_height_mobile":0,"ocean_menu_typo_line_height_unit":"","ocean_menu_typo_spacing":0,"ocean_menu_typo_spacing_tablet":0,"ocean_menu_typo_spacing_mobile":0,"ocean_menu_typo_spacing_unit":"","ocean_menu_link_color":"","ocean_menu_link_color_hover":"","ocean_menu_link_color_active":"","ocean_menu_link_background":"","ocean_menu_link_hover_background":"","ocean_menu_link_active_background":"","ocean_menu_social_links_bg":"","ocean_menu_social_hover_links_bg":"","ocean_menu_social_links_color":"","ocean_menu_social_hover_links_color":"","ocean_disable_title":"default","ocean_disable_heading":"default","ocean_post_title":"","ocean_post_subheading":"","ocean_post_title_style":"","ocean_post_title_background_color":"","ocean_post_title_background":0,"ocean_post_title_bg_image_position":"","ocean_post_title_bg_image_attachment":"","ocean_post_title_bg_image_repeat":"","ocean_post_title_bg_image_size":"","ocean_post_title_height":0,"ocean_post_title_bg_overlay":0.5,"ocean_post_title_bg_overlay_color":"","ocean_disable_breadcrumbs":"default","ocean_breadcrumbs_color":"","ocean_breadcrumbs_separator_color":"","ocean_breadcrumbs_links_color":"","ocean_breadcrumbs_links_hover_color":"","ocean_display_footer_widgets":"default","ocean_display_footer_bottom":"default","ocean_custom_footer_template":"","ocean_post_oembed":"","ocean_post_self_hosted_media":"","ocean_post_video_embed":"","ocean_link_format":"","ocean_link_format_target":"self","ocean_quote_format":"","ocean_quote_format_link":"post","ocean_gallery_link_images":"on","ocean_gallery_id":[],"footnotes":""},"categories":[8],"tags":[],"class_list":["post-22631","post","type-post","status-publish","format-standard","hentry","category-noticias","entry"],"yoast_head":"<!-- This site is optimized with the Yoast SEO plugin v26.5 - https:\/\/yoast.com\/wordpress\/plugins\/seo\/ -->\n<title>UENF entrega certificados de curso de extens\u00e3o &#039;Meteorologia e Defesa Civil&#039; - UENF - Universidade Estadual do Norte Fluminense Darcy Ribeiro<\/title>\n<meta name=\"robots\" content=\"noindex, follow, max-snippet:-1, max-image-preview:large, max-video-preview:-1\" \/>\n<meta property=\"og:locale\" content=\"pt_BR\" \/>\n<meta property=\"og:type\" content=\"article\" \/>\n<meta property=\"og:title\" content=\"UENF entrega certificados de curso de extens\u00e3o &#039;Meteorologia e Defesa Civil&#039; - UENF - Universidade Estadual do Norte Fluminense Darcy Ribeiro\" \/>\n<meta property=\"og:description\" content=\"A UENF realizou na \u00faltima sexta-feira, no campus de Maca\u00e9, a solenidade de entrega dos certificados do curso de extens\u00e3o &#8220;Meteorologia e Defesa Civil&#8221;. Ministrado pelos professores do Laborat\u00f3rio de Meteorologia da UENF (LAMET), o curso teve a participa\u00e7\u00e3o de cerca de 50 profissionais da \u00e1rea de defesa civil de Maca\u00e9 e outros munic\u00edpios da [&hellip;]\" \/>\n<meta property=\"og:url\" content=\"https:\/\/portal1.uenf.br\/portal\/noticias\/uenf-entrega-certificados-de-curso-de-extensao-meteorologia-e-defesa-civil\/\" \/>\n<meta property=\"og:site_name\" content=\"UENF - Universidade Estadual do Norte Fluminense Darcy Ribeiro\" \/>\n<meta property=\"article:published_time\" content=\"2023-12-11T18:34:47+00:00\" \/>\n<meta property=\"og:image\" content=\"https:\/\/uenf.br\/portal\/wp-content\/uploads\/2023\/12\/Campus-de-Macae-1024x576.jpeg\" \/>\n<meta name=\"author\" content=\"admin\" \/>\n<meta name=\"twitter:card\" content=\"summary_large_image\" \/>\n<meta name=\"twitter:label1\" content=\"Escrito por\" \/>\n\t<meta name=\"twitter:data1\" content=\"admin\" \/>\n\t<meta name=\"twitter:label2\" content=\"Est. tempo de leitura\" \/>\n\t<meta name=\"twitter:data2\" content=\"3 minutos\" \/>\n<script type=\"application\/ld+json\" class=\"yoast-schema-graph\">{\"@context\":\"https:\/\/schema.org\",\"@graph\":[{\"@type\":\"Article\",\"@id\":\"https:\/\/portal1.uenf.br\/portal\/noticias\/uenf-entrega-certificados-de-curso-de-extensao-meteorologia-e-defesa-civil\/#article\",\"isPartOf\":{\"@id\":\"https:\/\/portal1.uenf.br\/portal\/noticias\/uenf-entrega-certificados-de-curso-de-extensao-meteorologia-e-defesa-civil\/\"},\"author\":{\"name\":\"admin\",\"@id\":\"https:\/\/portal1.uenf.br\/portal\/#\/schema\/person\/068abbf03b6f8478c845bc8ded9270c7\"},\"headline\":\"UENF entrega certificados de curso de extens\u00e3o &#8216;Meteorologia e Defesa Civil&#8217;\",\"datePublished\":\"2023-12-11T18:34:47+00:00\",\"mainEntityOfPage\":{\"@id\":\"https:\/\/portal1.uenf.br\/portal\/noticias\/uenf-entrega-certificados-de-curso-de-extensao-meteorologia-e-defesa-civil\/\"},\"wordCount\":536,\"publisher\":{\"@id\":\"https:\/\/portal1.uenf.br\/portal\/#organization\"},\"image\":{\"@id\":\"https:\/\/portal1.uenf.br\/portal\/noticias\/uenf-entrega-certificados-de-curso-de-extensao-meteorologia-e-defesa-civil\/#primaryimage\"},\"thumbnailUrl\":\"https:\/\/uenf.br\/portal\/wp-content\/uploads\/2023\/12\/Campus-de-Macae-1024x576.jpeg\",\"articleSection\":[\"Not\u00edcias\"],\"inLanguage\":\"pt-BR\"},{\"@type\":\"WebPage\",\"@id\":\"https:\/\/portal1.uenf.br\/portal\/noticias\/uenf-entrega-certificados-de-curso-de-extensao-meteorologia-e-defesa-civil\/\",\"url\":\"https:\/\/portal1.uenf.br\/portal\/noticias\/uenf-entrega-certificados-de-curso-de-extensao-meteorologia-e-defesa-civil\/\",\"name\":\"UENF entrega certificados de curso de extens\u00e3o 'Meteorologia e Defesa Civil' - UENF - Universidade Estadual do Norte Fluminense Darcy Ribeiro\",\"isPartOf\":{\"@id\":\"https:\/\/portal1.uenf.br\/portal\/#website\"},\"primaryImageOfPage\":{\"@id\":\"https:\/\/portal1.uenf.br\/portal\/noticias\/uenf-entrega-certificados-de-curso-de-extensao-meteorologia-e-defesa-civil\/#primaryimage\"},\"image\":{\"@id\":\"https:\/\/portal1.uenf.br\/portal\/noticias\/uenf-entrega-certificados-de-curso-de-extensao-meteorologia-e-defesa-civil\/#primaryimage\"},\"thumbnailUrl\":\"https:\/\/uenf.br\/portal\/wp-content\/uploads\/2023\/12\/Campus-de-Macae-1024x576.jpeg\",\"datePublished\":\"2023-12-11T18:34:47+00:00\",\"breadcrumb\":{\"@id\":\"https:\/\/portal1.uenf.br\/portal\/noticias\/uenf-entrega-certificados-de-curso-de-extensao-meteorologia-e-defesa-civil\/#breadcrumb\"},\"inLanguage\":\"pt-BR\",\"potentialAction\":[{\"@type\":\"ReadAction\",\"target\":[\"https:\/\/portal1.uenf.br\/portal\/noticias\/uenf-entrega-certificados-de-curso-de-extensao-meteorologia-e-defesa-civil\/\"]}]},{\"@type\":\"ImageObject\",\"inLanguage\":\"pt-BR\",\"@id\":\"https:\/\/portal1.uenf.br\/portal\/noticias\/uenf-entrega-certificados-de-curso-de-extensao-meteorologia-e-defesa-civil\/#primaryimage\",\"url\":\"https:\/\/uenf.br\/portal\/wp-content\/uploads\/2023\/12\/Campus-de-Macae-1024x576.jpeg\",\"contentUrl\":\"https:\/\/uenf.br\/portal\/wp-content\/uploads\/2023\/12\/Campus-de-Macae-1024x576.jpeg\"},{\"@type\":\"BreadcrumbList\",\"@id\":\"https:\/\/portal1.uenf.br\/portal\/noticias\/uenf-entrega-certificados-de-curso-de-extensao-meteorologia-e-defesa-civil\/#breadcrumb\",\"itemListElement\":[{\"@type\":\"ListItem\",\"position\":1,\"name\":\"In\u00edcio\",\"item\":\"https:\/\/portal1.uenf.br\/portal\/\"},{\"@type\":\"ListItem\",\"position\":2,\"name\":\"UENF entrega certificados de curso de extens\u00e3o &#8216;Meteorologia e Defesa Civil&#8217;\"}]},{\"@type\":\"WebSite\",\"@id\":\"https:\/\/portal1.uenf.br\/portal\/#website\",\"url\":\"https:\/\/portal1.uenf.br\/portal\/\",\"name\":\"UENF - Universidade Estadual do Norte Fluminense Darcy Ribeiro\",\"description\":\"\",\"publisher\":{\"@id\":\"https:\/\/portal1.uenf.br\/portal\/#organization\"},\"potentialAction\":[{\"@type\":\"SearchAction\",\"target\":{\"@type\":\"EntryPoint\",\"urlTemplate\":\"https:\/\/portal1.uenf.br\/portal\/?s={search_term_string}\"},\"query-input\":{\"@type\":\"PropertyValueSpecification\",\"valueRequired\":true,\"valueName\":\"search_term_string\"}}],\"inLanguage\":\"pt-BR\"},{\"@type\":\"Organization\",\"@id\":\"https:\/\/portal1.uenf.br\/portal\/#organization\",\"name\":\"UENF - Universidade Estadual do Norte Fluminense Darcy Ribeiro\",\"url\":\"https:\/\/portal1.uenf.br\/portal\/\",\"logo\":{\"@type\":\"ImageObject\",\"inLanguage\":\"pt-BR\",\"@id\":\"https:\/\/portal1.uenf.br\/portal\/#\/schema\/logo\/image\/\",\"url\":\"https:\/\/portal1.uenf.br\/portal\/wp-content\/uploads\/2018\/06\/logo-uenf-invertido-1.png\",\"contentUrl\":\"https:\/\/portal1.uenf.br\/portal\/wp-content\/uploads\/2018\/06\/logo-uenf-invertido-1.png\",\"width\":482,\"height\":83,\"caption\":\"UENF - Universidade Estadual do Norte Fluminense Darcy Ribeiro\"},\"image\":{\"@id\":\"https:\/\/portal1.uenf.br\/portal\/#\/schema\/logo\/image\/\"}},{\"@type\":\"Person\",\"@id\":\"https:\/\/portal1.uenf.br\/portal\/#\/schema\/person\/068abbf03b6f8478c845bc8ded9270c7\",\"name\":\"admin\",\"image\":{\"@type\":\"ImageObject\",\"inLanguage\":\"pt-BR\",\"@id\":\"https:\/\/portal1.uenf.br\/portal\/#\/schema\/person\/image\/\",\"url\":\"https:\/\/secure.gravatar.com\/avatar\/e5ecf9e4fae0742f4b136f518195bafa7b2d3f7c709f4bdc6707588ef68a6e25?s=96&d=mm&r=g\",\"contentUrl\":\"https:\/\/secure.gravatar.com\/avatar\/e5ecf9e4fae0742f4b136f518195bafa7b2d3f7c709f4bdc6707588ef68a6e25?s=96&d=mm&r=g\",\"caption\":\"admin\"},\"sameAs\":[\"https:\/\/portal1.uenf.br\/portal\"],\"url\":\"https:\/\/portal1.uenf.br\/portal\/author\/edson\/\"}]}<\/script>\n<!-- \/ Yoast SEO plugin. -->","yoast_head_json":{"title":"UENF entrega certificados de curso de extens\u00e3o 'Meteorologia e Defesa Civil' - UENF - Universidade Estadual do Norte Fluminense Darcy Ribeiro","robots":{"index":"noindex","follow":"follow","max-snippet":"max-snippet:-1","max-image-preview":"max-image-preview:large","max-video-preview":"max-video-preview:-1"},"og_locale":"pt_BR","og_type":"article","og_title":"UENF entrega certificados de curso de extens\u00e3o 'Meteorologia e Defesa Civil' - UENF - Universidade Estadual do Norte Fluminense Darcy Ribeiro","og_description":"A UENF realizou na \u00faltima sexta-feira, no campus de Maca\u00e9, a solenidade de entrega dos certificados do curso de extens\u00e3o &#8220;Meteorologia e Defesa Civil&#8221;. Ministrado pelos professores do Laborat\u00f3rio de Meteorologia da UENF (LAMET), o curso teve a participa\u00e7\u00e3o de cerca de 50 profissionais da \u00e1rea de defesa civil de Maca\u00e9 e outros munic\u00edpios da [&hellip;]","og_url":"https:\/\/portal1.uenf.br\/portal\/noticias\/uenf-entrega-certificados-de-curso-de-extensao-meteorologia-e-defesa-civil\/","og_site_name":"UENF - Universidade Estadual do Norte Fluminense Darcy Ribeiro","article_published_time":"2023-12-11T18:34:47+00:00","og_image":[{"url":"https:\/\/uenf.br\/portal\/wp-content\/uploads\/2023\/12\/Campus-de-Macae-1024x576.jpeg","type":"","width":"","height":""}],"author":"admin","twitter_card":"summary_large_image","twitter_misc":{"Escrito por":"admin","Est. tempo de leitura":"3 minutos"},"schema":{"@context":"https:\/\/schema.org","@graph":[{"@type":"Article","@id":"https:\/\/portal1.uenf.br\/portal\/noticias\/uenf-entrega-certificados-de-curso-de-extensao-meteorologia-e-defesa-civil\/#article","isPartOf":{"@id":"https:\/\/portal1.uenf.br\/portal\/noticias\/uenf-entrega-certificados-de-curso-de-extensao-meteorologia-e-defesa-civil\/"},"author":{"name":"admin","@id":"https:\/\/portal1.uenf.br\/portal\/#\/schema\/person\/068abbf03b6f8478c845bc8ded9270c7"},"headline":"UENF entrega certificados de curso de extens\u00e3o &#8216;Meteorologia e Defesa Civil&#8217;","datePublished":"2023-12-11T18:34:47+00:00","mainEntityOfPage":{"@id":"https:\/\/portal1.uenf.br\/portal\/noticias\/uenf-entrega-certificados-de-curso-de-extensao-meteorologia-e-defesa-civil\/"},"wordCount":536,"publisher":{"@id":"https:\/\/portal1.uenf.br\/portal\/#organization"},"image":{"@id":"https:\/\/portal1.uenf.br\/portal\/noticias\/uenf-entrega-certificados-de-curso-de-extensao-meteorologia-e-defesa-civil\/#primaryimage"},"thumbnailUrl":"https:\/\/uenf.br\/portal\/wp-content\/uploads\/2023\/12\/Campus-de-Macae-1024x576.jpeg","articleSection":["Not\u00edcias"],"inLanguage":"pt-BR"},{"@type":"WebPage","@id":"https:\/\/portal1.uenf.br\/portal\/noticias\/uenf-entrega-certificados-de-curso-de-extensao-meteorologia-e-defesa-civil\/","url":"https:\/\/portal1.uenf.br\/portal\/noticias\/uenf-entrega-certificados-de-curso-de-extensao-meteorologia-e-defesa-civil\/","name":"UENF entrega certificados de curso de extens\u00e3o 'Meteorologia e Defesa Civil' - UENF - Universidade Estadual do Norte Fluminense Darcy Ribeiro","isPartOf":{"@id":"https:\/\/portal1.uenf.br\/portal\/#website"},"primaryImageOfPage":{"@id":"https:\/\/portal1.uenf.br\/portal\/noticias\/uenf-entrega-certificados-de-curso-de-extensao-meteorologia-e-defesa-civil\/#primaryimage"},"image":{"@id":"https:\/\/portal1.uenf.br\/portal\/noticias\/uenf-entrega-certificados-de-curso-de-extensao-meteorologia-e-defesa-civil\/#primaryimage"},"thumbnailUrl":"https:\/\/uenf.br\/portal\/wp-content\/uploads\/2023\/12\/Campus-de-Macae-1024x576.jpeg","datePublished":"2023-12-11T18:34:47+00:00","breadcrumb":{"@id":"https:\/\/portal1.uenf.br\/portal\/noticias\/uenf-entrega-certificados-de-curso-de-extensao-meteorologia-e-defesa-civil\/#breadcrumb"},"inLanguage":"pt-BR","potentialAction":[{"@type":"ReadAction","target":["https:\/\/portal1.uenf.br\/portal\/noticias\/uenf-entrega-certificados-de-curso-de-extensao-meteorologia-e-defesa-civil\/"]}]},{"@type":"ImageObject","inLanguage":"pt-BR","@id":"https:\/\/portal1.uenf.br\/portal\/noticias\/uenf-entrega-certificados-de-curso-de-extensao-meteorologia-e-defesa-civil\/#primaryimage","url":"https:\/\/uenf.br\/portal\/wp-content\/uploads\/2023\/12\/Campus-de-Macae-1024x576.jpeg","contentUrl":"https:\/\/uenf.br\/portal\/wp-content\/uploads\/2023\/12\/Campus-de-Macae-1024x576.jpeg"},{"@type":"BreadcrumbList","@id":"https:\/\/portal1.uenf.br\/portal\/noticias\/uenf-entrega-certificados-de-curso-de-extensao-meteorologia-e-defesa-civil\/#breadcrumb","itemListElement":[{"@type":"ListItem","position":1,"name":"In\u00edcio","item":"https:\/\/portal1.uenf.br\/portal\/"},{"@type":"ListItem","position":2,"name":"UENF entrega certificados de curso de extens\u00e3o &#8216;Meteorologia e Defesa Civil&#8217;"}]},{"@type":"WebSite","@id":"https:\/\/portal1.uenf.br\/portal\/#website","url":"https:\/\/portal1.uenf.br\/portal\/","name":"UENF - Universidade Estadual do Norte Fluminense Darcy Ribeiro","description":"","publisher":{"@id":"https:\/\/portal1.uenf.br\/portal\/#organization"},"potentialAction":[{"@type":"SearchAction","target":{"@type":"EntryPoint","urlTemplate":"https:\/\/portal1.uenf.br\/portal\/?s={search_term_string}"},"query-input":{"@type":"PropertyValueSpecification","valueRequired":true,"valueName":"search_term_string"}}],"inLanguage":"pt-BR"},{"@type":"Organization","@id":"https:\/\/portal1.uenf.br\/portal\/#organization","name":"UENF - Universidade Estadual do Norte Fluminense Darcy Ribeiro","url":"https:\/\/portal1.uenf.br\/portal\/","logo":{"@type":"ImageObject","inLanguage":"pt-BR","@id":"https:\/\/portal1.uenf.br\/portal\/#\/schema\/logo\/image\/","url":"https:\/\/portal1.uenf.br\/portal\/wp-content\/uploads\/2018\/06\/logo-uenf-invertido-1.png","contentUrl":"https:\/\/portal1.uenf.br\/portal\/wp-content\/uploads\/2018\/06\/logo-uenf-invertido-1.png","width":482,"height":83,"caption":"UENF - Universidade Estadual do Norte Fluminense Darcy Ribeiro"},"image":{"@id":"https:\/\/portal1.uenf.br\/portal\/#\/schema\/logo\/image\/"}},{"@type":"Person","@id":"https:\/\/portal1.uenf.br\/portal\/#\/schema\/person\/068abbf03b6f8478c845bc8ded9270c7","name":"admin","image":{"@type":"ImageObject","inLanguage":"pt-BR","@id":"https:\/\/portal1.uenf.br\/portal\/#\/schema\/person\/image\/","url":"https:\/\/secure.gravatar.com\/avatar\/e5ecf9e4fae0742f4b136f518195bafa7b2d3f7c709f4bdc6707588ef68a6e25?s=96&d=mm&r=g","contentUrl":"https:\/\/secure.gravatar.com\/avatar\/e5ecf9e4fae0742f4b136f518195bafa7b2d3f7c709f4bdc6707588ef68a6e25?s=96&d=mm&r=g","caption":"admin"},"sameAs":["https:\/\/portal1.uenf.br\/portal"],"url":"https:\/\/portal1.uenf.br\/portal\/author\/edson\/"}]}},"_links":{"self":[{"href":"https:\/\/portal1.uenf.br\/portal\/wp-json\/wp\/v2\/posts\/22631","targetHints":{"allow":["GET"]}}],"collection":[{"href":"https:\/\/portal1.uenf.br\/portal\/wp-json\/wp\/v2\/posts"}],"about":[{"href":"https:\/\/portal1.uenf.br\/portal\/wp-json\/wp\/v2\/types\/post"}],"author":[{"embeddable":true,"href":"https:\/\/portal1.uenf.br\/portal\/wp-json\/wp\/v2\/users\/1"}],"replies":[{"embeddable":true,"href":"https:\/\/portal1.uenf.br\/portal\/wp-json\/wp\/v2\/comments?post=22631"}],"version-history":[{"count":0,"href":"https:\/\/portal1.uenf.br\/portal\/wp-json\/wp\/v2\/posts\/22631\/revisions"}],"wp:attachment":[{"href":"https:\/\/portal1.uenf.br\/portal\/wp-json\/wp\/v2\/media?parent=22631"}],"wp:term":[{"taxonomy":"category","embeddable":true,"href":"https:\/\/portal1.uenf.br\/portal\/wp-json\/wp\/v2\/categories?post=22631"},{"taxonomy":"post_tag","embeddable":true,"href":"https:\/\/portal1.uenf.br\/portal\/wp-json\/wp\/v2\/tags?post=22631"}],"curies":[{"name":"wp","href":"https:\/\/api.w.org\/{rel}","templated":true}]}}