{"id":20916,"date":"2023-09-20T05:42:22","date_gmt":"2023-09-20T08:42:22","guid":{"rendered":"https:\/\/uenf.br\/portal\/?p=20916"},"modified":"2023-09-20T05:42:22","modified_gmt":"2023-09-20T08:42:22","slug":"rosana-rodrigues-e-fabio-olivares-sao-eleitos-reitora-e-vice-reitor-da-uenf","status":"publish","type":"post","link":"https:\/\/portal1.uenf.br\/portal\/noticias\/rosana-rodrigues-e-fabio-olivares-sao-eleitos-reitora-e-vice-reitor-da-uenf\/","title":{"rendered":"Rosana Rodrigues e F\u00e1bio Olivares s\u00e3o eleitos reitora e vice-reitor da UENF"},"content":{"rendered":"<div class=\"wp-block-image\">\n<figure class=\"aligncenter size-large is-resized\"><img fetchpriority=\"high\" decoding=\"async\" src=\"https:\/\/uenf.br\/portal\/wp-content\/uploads\/2023\/09\/Eleicoes-Rosana-1024x782.jpeg\" alt=\"\" class=\"wp-image-20932\" width=\"750\" height=\"572\"\/><\/figure>\n<\/div>\n\n\n<p>A professora Rosana Rodrigues e o professor F\u00e1bio Lopes Olivares foram eleitos nesta ter\u00e7a-feira, 19\/09\/23, reitora e vice-reitor da Universidade Estadual do Norte Fluminense Darcy Ribeiro (UENF) para o per\u00edodo de 2024 a 2027.  A homologa\u00e7\u00e3o do resultado ocorre no dia 11\/10, em cerim\u00f4nia do Conselho Universit\u00e1rio (Consuni).<\/p>\n\n\n\n<p>A Chapa 10 obteve 51,4% dos votos, enquanto a Chapa 30 (formada pelos professores Carlos Eduardo de Rezende e Daniela Barros) ficou com 48,51%. Entre os docentes, a Chapa 10 obteve 118 votos e a chapa 30, 162. Foram 1.303 votos para a Chapa 10 entre os estudantes e 706 para a Chapa 30. J\u00e1 entre os t\u00e9cnicos, a Chapa 10 obteve 327 votos, enquanto a Chapa 30 totalizou 74.<\/p>\n\n\n\n<p>Vice-reitora da UENF na gest\u00e3o atual, Rosana Rodrigues estava licenciada desde julho para concorrer \u00e0s elei\u00e7\u00f5es. Ela \u00e9 graduada em Engenharia Agron\u00f4mica e mestre em Fitotecnia pela Universidade Federal Rural do Rio de Janeiro (UFRRJ), al\u00e9m de doutora em Produ\u00e7\u00e3o Vegetal pela UENF e p\u00f3s-doutora em Biologia Molecular pela University of Florida.<\/p>\n\n\n\n<p>Nascida no Rio de Janeiro, Rosana Rodrigues est\u00e1 na UENF desde a sua funda\u00e7\u00e3o, em 1993, quando iniciou o doutorado. Atualmente, \u00e9 professora associada do Laborat\u00f3rio de Melhoramento Gen\u00e9tico Vegetal do Centro de Ci\u00eancias e Tecnologias Agropecu\u00e1rias (CCTA) e vinculada ao Programa de P\u00f3s-Gradua\u00e7\u00e3o em Gen\u00e9tica e Melhoramento de Plantas da UENF.<\/p>\n\n\n\n<p>Em sua trajet\u00f3ria na UENF, atuou como assessora da Pr\u00f3-Reitoria de Pesquisa e P\u00f3s-Gradua\u00e7\u00e3o e coordenadora do PIBIC\/CNPq\/UENF nos per\u00edodos de 2002 a 2003 e 2005 a 2007, coordenou o Programa de P\u00f3s-Gradua\u00e7\u00e3o em Gen\u00e9tica e Melhoramento de Plantas da UENF (Nota 6 &#8211; Capes) de 2013-2015, foi pr\u00f3-reitora de Pesquisa e P\u00f3s-Gradua\u00e7\u00e3o da UENF de janeiro de 2016 a junho de 2019, al\u00e9m de vice-reitora da UENF de 2020 a 2023 (julho).<\/p>\n\n\n\n<p>Atualmente, Rosana integra o Conselho Superior da Faperj e o Comit\u00ea de Assessoramento da Agronomia no CNPq. Atua principalmente nas \u00e1reas de Melhoramento de Plantas, Recursos Fitogen\u00e9ticos para Alimenta\u00e7\u00e3o e Agricultura, Resist\u00eancia de Plantas a Doen\u00e7as e Intera\u00e7\u00e3o Planta-Pat\u00f3geno.<\/p>\n\n\n\n<p>O professor F\u00e1bio Lopes Olivares possui Gradua\u00e7\u00e3o em Engenharia Agron\u00f4mica pela Universidade Federal de Vi\u00e7osa (UFV), doutorado em Agronomia (Ci\u00eancias do Solo com \u00eanfase em Microbiologia e Bioqu\u00edmica do Solo) pela Universidade Federal Rural do Rio de Janeiro (UFRRJ), com per\u00edodo de est\u00e1gio no <em>German Research Center for Environmental Health<\/em> (Munique-Alemanha).<\/p>\n\n\n\n<p>Professor associado do Laborat\u00f3rio de Biologia Celular e Tecidual (LBCT) \u2014 o qual chefiou de 2012 a 2015 \u2014 , F\u00e1bio Olivares colaborou na funda\u00e7\u00e3o do Programa de P\u00f3s-Gradua\u00e7\u00e3o em Biotecnologia Vegetal, do qual \u00e9 o coordenador.<\/p>\n\n\n\n<p>Sua carreira cient\u00edfica est\u00e1 centrada no entendimento das intera\u00e7\u00f5es ben\u00e9ficas entre bact\u00e9rias e plantas. Ele foi o pioneiro na descri\u00e7\u00e3o do processo de infec\u00e7\u00e3o e coloniza\u00e7\u00e3o de gram\u00edneas por bact\u00e9rias diazotr\u00f3ficas endof\u00edticas e tem-se dedicado \u00e0 prospec\u00e7\u00e3o e ecologia de microrganismos ben\u00e9ficos. Em 2009, colaborou na funda\u00e7\u00e3o do N\u00facleo de Desenvolvimento de Insumos Biol\u00f3gicos para Agricultura (NUDIBA\/UENF).<\/p>\n","protected":false},"excerpt":{"rendered":"<p>A professora Rosana Rodrigues e o professor F\u00e1bio Lopes Olivares foram eleitos nesta ter\u00e7a-feira, 19\/09\/23, reitora e vice-reitor da Universidade Estadual do Norte Fluminense Darcy Ribeiro (UENF) para o per\u00edodo de 2024 a 2027. A homologa\u00e7\u00e3o do resultado ocorre no dia 11\/10, em cerim\u00f4nia do Conselho Universit\u00e1rio (Consuni). A Chapa 10 obteve 51,4% dos votos, [&hellip;]<\/p>\n","protected":false},"author":1,"featured_media":0,"comment_status":"closed","ping_status":"closed","sticky":false,"template":"","format":"standard","meta":{"_eb_attr":"","ocean_post_layout":"","ocean_both_sidebars_style":"","ocean_both_sidebars_content_width":0,"ocean_both_sidebars_sidebars_width":0,"ocean_sidebar":"","ocean_second_sidebar":"","ocean_disable_margins":"enable","ocean_add_body_class":"","ocean_shortcode_before_top_bar":"","ocean_shortcode_after_top_bar":"","ocean_shortcode_before_header":"","ocean_shortcode_after_header":"","ocean_has_shortcode":"","ocean_shortcode_after_title":"","ocean_shortcode_before_footer_widgets":"","ocean_shortcode_after_footer_widgets":"","ocean_shortcode_before_footer_bottom":"","ocean_shortcode_after_footer_bottom":"","ocean_display_top_bar":"default","ocean_display_header":"default","ocean_header_style":"","ocean_center_header_left_menu":"","ocean_custom_header_template":"","ocean_custom_logo":0,"ocean_custom_retina_logo":0,"ocean_custom_logo_max_width":0,"ocean_custom_logo_tablet_max_width":0,"ocean_custom_logo_mobile_max_width":0,"ocean_custom_logo_max_height":0,"ocean_custom_logo_tablet_max_height":0,"ocean_custom_logo_mobile_max_height":0,"ocean_header_custom_menu":"","ocean_menu_typo_font_family":"","ocean_menu_typo_font_subset":"","ocean_menu_typo_font_size":0,"ocean_menu_typo_font_size_tablet":0,"ocean_menu_typo_font_size_mobile":0,"ocean_menu_typo_font_size_unit":"px","ocean_menu_typo_font_weight":"","ocean_menu_typo_font_weight_tablet":"","ocean_menu_typo_font_weight_mobile":"","ocean_menu_typo_transform":"","ocean_menu_typo_transform_tablet":"","ocean_menu_typo_transform_mobile":"","ocean_menu_typo_line_height":0,"ocean_menu_typo_line_height_tablet":0,"ocean_menu_typo_line_height_mobile":0,"ocean_menu_typo_line_height_unit":"","ocean_menu_typo_spacing":0,"ocean_menu_typo_spacing_tablet":0,"ocean_menu_typo_spacing_mobile":0,"ocean_menu_typo_spacing_unit":"","ocean_menu_link_color":"","ocean_menu_link_color_hover":"","ocean_menu_link_color_active":"","ocean_menu_link_background":"","ocean_menu_link_hover_background":"","ocean_menu_link_active_background":"","ocean_menu_social_links_bg":"","ocean_menu_social_hover_links_bg":"","ocean_menu_social_links_color":"","ocean_menu_social_hover_links_color":"","ocean_disable_title":"default","ocean_disable_heading":"default","ocean_post_title":"","ocean_post_subheading":"","ocean_post_title_style":"","ocean_post_title_background_color":"","ocean_post_title_background":0,"ocean_post_title_bg_image_position":"","ocean_post_title_bg_image_attachment":"","ocean_post_title_bg_image_repeat":"","ocean_post_title_bg_image_size":"","ocean_post_title_height":0,"ocean_post_title_bg_overlay":0.5,"ocean_post_title_bg_overlay_color":"","ocean_disable_breadcrumbs":"default","ocean_breadcrumbs_color":"","ocean_breadcrumbs_separator_color":"","ocean_breadcrumbs_links_color":"","ocean_breadcrumbs_links_hover_color":"","ocean_display_footer_widgets":"default","ocean_display_footer_bottom":"default","ocean_custom_footer_template":"","ocean_post_oembed":"","ocean_post_self_hosted_media":"","ocean_post_video_embed":"","ocean_link_format":"","ocean_link_format_target":"self","ocean_quote_format":"","ocean_quote_format_link":"post","ocean_gallery_link_images":"off","ocean_gallery_id":[],"footnotes":""},"categories":[8],"tags":[],"class_list":["post-20916","post","type-post","status-publish","format-standard","hentry","category-noticias","entry"],"yoast_head":"<!-- This site is optimized with the Yoast SEO plugin v26.5 - https:\/\/yoast.com\/wordpress\/plugins\/seo\/ -->\n<title>Rosana Rodrigues e F\u00e1bio Olivares s\u00e3o eleitos reitora e vice-reitor da UENF - UENF - Universidade Estadual do Norte Fluminense Darcy Ribeiro<\/title>\n<meta name=\"robots\" content=\"noindex, follow, max-snippet:-1, max-image-preview:large, max-video-preview:-1\" \/>\n<meta property=\"og:locale\" content=\"pt_BR\" \/>\n<meta property=\"og:type\" content=\"article\" \/>\n<meta property=\"og:title\" content=\"Rosana Rodrigues e F\u00e1bio Olivares s\u00e3o eleitos reitora e vice-reitor da UENF - UENF - Universidade Estadual do Norte Fluminense Darcy Ribeiro\" \/>\n<meta property=\"og:description\" content=\"A professora Rosana Rodrigues e o professor F\u00e1bio Lopes Olivares foram eleitos nesta ter\u00e7a-feira, 19\/09\/23, reitora e vice-reitor da Universidade Estadual do Norte Fluminense Darcy Ribeiro (UENF) para o per\u00edodo de 2024 a 2027. A homologa\u00e7\u00e3o do resultado ocorre no dia 11\/10, em cerim\u00f4nia do Conselho Universit\u00e1rio (Consuni). A Chapa 10 obteve 51,4% dos votos, [&hellip;]\" \/>\n<meta property=\"og:url\" content=\"https:\/\/portal1.uenf.br\/portal\/noticias\/rosana-rodrigues-e-fabio-olivares-sao-eleitos-reitora-e-vice-reitor-da-uenf\/\" \/>\n<meta property=\"og:site_name\" content=\"UENF - Universidade Estadual do Norte Fluminense Darcy Ribeiro\" \/>\n<meta property=\"article:published_time\" content=\"2023-09-20T08:42:22+00:00\" \/>\n<meta property=\"og:image\" content=\"https:\/\/uenf.br\/portal\/wp-content\/uploads\/2023\/09\/Eleicoes-Rosana-1024x782.jpeg\" \/>\n<meta name=\"author\" content=\"admin\" \/>\n<meta name=\"twitter:card\" content=\"summary_large_image\" \/>\n<meta name=\"twitter:label1\" content=\"Escrito por\" \/>\n\t<meta name=\"twitter:data1\" content=\"admin\" \/>\n\t<meta name=\"twitter:label2\" content=\"Est. tempo de leitura\" \/>\n\t<meta name=\"twitter:data2\" content=\"3 minutos\" \/>\n<script type=\"application\/ld+json\" class=\"yoast-schema-graph\">{\"@context\":\"https:\/\/schema.org\",\"@graph\":[{\"@type\":\"Article\",\"@id\":\"https:\/\/portal1.uenf.br\/portal\/noticias\/rosana-rodrigues-e-fabio-olivares-sao-eleitos-reitora-e-vice-reitor-da-uenf\/#article\",\"isPartOf\":{\"@id\":\"https:\/\/portal1.uenf.br\/portal\/noticias\/rosana-rodrigues-e-fabio-olivares-sao-eleitos-reitora-e-vice-reitor-da-uenf\/\"},\"author\":{\"name\":\"admin\",\"@id\":\"https:\/\/portal1.uenf.br\/portal\/#\/schema\/person\/068abbf03b6f8478c845bc8ded9270c7\"},\"headline\":\"Rosana Rodrigues e F\u00e1bio Olivares s\u00e3o eleitos reitora e vice-reitor da UENF\",\"datePublished\":\"2023-09-20T08:42:22+00:00\",\"mainEntityOfPage\":{\"@id\":\"https:\/\/portal1.uenf.br\/portal\/noticias\/rosana-rodrigues-e-fabio-olivares-sao-eleitos-reitora-e-vice-reitor-da-uenf\/\"},\"wordCount\":524,\"publisher\":{\"@id\":\"https:\/\/portal1.uenf.br\/portal\/#organization\"},\"image\":{\"@id\":\"https:\/\/portal1.uenf.br\/portal\/noticias\/rosana-rodrigues-e-fabio-olivares-sao-eleitos-reitora-e-vice-reitor-da-uenf\/#primaryimage\"},\"thumbnailUrl\":\"https:\/\/uenf.br\/portal\/wp-content\/uploads\/2023\/09\/Eleicoes-Rosana-1024x782.jpeg\",\"articleSection\":[\"Not\u00edcias\"],\"inLanguage\":\"pt-BR\"},{\"@type\":\"WebPage\",\"@id\":\"https:\/\/portal1.uenf.br\/portal\/noticias\/rosana-rodrigues-e-fabio-olivares-sao-eleitos-reitora-e-vice-reitor-da-uenf\/\",\"url\":\"https:\/\/portal1.uenf.br\/portal\/noticias\/rosana-rodrigues-e-fabio-olivares-sao-eleitos-reitora-e-vice-reitor-da-uenf\/\",\"name\":\"Rosana Rodrigues e F\u00e1bio Olivares s\u00e3o eleitos reitora e vice-reitor da UENF - UENF - Universidade Estadual do Norte Fluminense Darcy Ribeiro\",\"isPartOf\":{\"@id\":\"https:\/\/portal1.uenf.br\/portal\/#website\"},\"primaryImageOfPage\":{\"@id\":\"https:\/\/portal1.uenf.br\/portal\/noticias\/rosana-rodrigues-e-fabio-olivares-sao-eleitos-reitora-e-vice-reitor-da-uenf\/#primaryimage\"},\"image\":{\"@id\":\"https:\/\/portal1.uenf.br\/portal\/noticias\/rosana-rodrigues-e-fabio-olivares-sao-eleitos-reitora-e-vice-reitor-da-uenf\/#primaryimage\"},\"thumbnailUrl\":\"https:\/\/uenf.br\/portal\/wp-content\/uploads\/2023\/09\/Eleicoes-Rosana-1024x782.jpeg\",\"datePublished\":\"2023-09-20T08:42:22+00:00\",\"breadcrumb\":{\"@id\":\"https:\/\/portal1.uenf.br\/portal\/noticias\/rosana-rodrigues-e-fabio-olivares-sao-eleitos-reitora-e-vice-reitor-da-uenf\/#breadcrumb\"},\"inLanguage\":\"pt-BR\",\"potentialAction\":[{\"@type\":\"ReadAction\",\"target\":[\"https:\/\/portal1.uenf.br\/portal\/noticias\/rosana-rodrigues-e-fabio-olivares-sao-eleitos-reitora-e-vice-reitor-da-uenf\/\"]}]},{\"@type\":\"ImageObject\",\"inLanguage\":\"pt-BR\",\"@id\":\"https:\/\/portal1.uenf.br\/portal\/noticias\/rosana-rodrigues-e-fabio-olivares-sao-eleitos-reitora-e-vice-reitor-da-uenf\/#primaryimage\",\"url\":\"https:\/\/uenf.br\/portal\/wp-content\/uploads\/2023\/09\/Eleicoes-Rosana-1024x782.jpeg\",\"contentUrl\":\"https:\/\/uenf.br\/portal\/wp-content\/uploads\/2023\/09\/Eleicoes-Rosana-1024x782.jpeg\"},{\"@type\":\"BreadcrumbList\",\"@id\":\"https:\/\/portal1.uenf.br\/portal\/noticias\/rosana-rodrigues-e-fabio-olivares-sao-eleitos-reitora-e-vice-reitor-da-uenf\/#breadcrumb\",\"itemListElement\":[{\"@type\":\"ListItem\",\"position\":1,\"name\":\"In\u00edcio\",\"item\":\"https:\/\/portal1.uenf.br\/portal\/\"},{\"@type\":\"ListItem\",\"position\":2,\"name\":\"Rosana Rodrigues e F\u00e1bio Olivares s\u00e3o eleitos reitora e vice-reitor da UENF\"}]},{\"@type\":\"WebSite\",\"@id\":\"https:\/\/portal1.uenf.br\/portal\/#website\",\"url\":\"https:\/\/portal1.uenf.br\/portal\/\",\"name\":\"UENF - Universidade Estadual do Norte Fluminense Darcy Ribeiro\",\"description\":\"\",\"publisher\":{\"@id\":\"https:\/\/portal1.uenf.br\/portal\/#organization\"},\"potentialAction\":[{\"@type\":\"SearchAction\",\"target\":{\"@type\":\"EntryPoint\",\"urlTemplate\":\"https:\/\/portal1.uenf.br\/portal\/?s={search_term_string}\"},\"query-input\":{\"@type\":\"PropertyValueSpecification\",\"valueRequired\":true,\"valueName\":\"search_term_string\"}}],\"inLanguage\":\"pt-BR\"},{\"@type\":\"Organization\",\"@id\":\"https:\/\/portal1.uenf.br\/portal\/#organization\",\"name\":\"UENF - Universidade Estadual do Norte Fluminense Darcy Ribeiro\",\"url\":\"https:\/\/portal1.uenf.br\/portal\/\",\"logo\":{\"@type\":\"ImageObject\",\"inLanguage\":\"pt-BR\",\"@id\":\"https:\/\/portal1.uenf.br\/portal\/#\/schema\/logo\/image\/\",\"url\":\"https:\/\/portal1.uenf.br\/portal\/wp-content\/uploads\/2018\/06\/logo-uenf-invertido-1.png\",\"contentUrl\":\"https:\/\/portal1.uenf.br\/portal\/wp-content\/uploads\/2018\/06\/logo-uenf-invertido-1.png\",\"width\":482,\"height\":83,\"caption\":\"UENF - Universidade Estadual do Norte Fluminense Darcy Ribeiro\"},\"image\":{\"@id\":\"https:\/\/portal1.uenf.br\/portal\/#\/schema\/logo\/image\/\"}},{\"@type\":\"Person\",\"@id\":\"https:\/\/portal1.uenf.br\/portal\/#\/schema\/person\/068abbf03b6f8478c845bc8ded9270c7\",\"name\":\"admin\",\"image\":{\"@type\":\"ImageObject\",\"inLanguage\":\"pt-BR\",\"@id\":\"https:\/\/portal1.uenf.br\/portal\/#\/schema\/person\/image\/\",\"url\":\"https:\/\/secure.gravatar.com\/avatar\/e5ecf9e4fae0742f4b136f518195bafa7b2d3f7c709f4bdc6707588ef68a6e25?s=96&d=mm&r=g\",\"contentUrl\":\"https:\/\/secure.gravatar.com\/avatar\/e5ecf9e4fae0742f4b136f518195bafa7b2d3f7c709f4bdc6707588ef68a6e25?s=96&d=mm&r=g\",\"caption\":\"admin\"},\"sameAs\":[\"https:\/\/portal1.uenf.br\/portal\"],\"url\":\"https:\/\/portal1.uenf.br\/portal\/author\/edson\/\"}]}<\/script>\n<!-- \/ Yoast SEO plugin. -->","yoast_head_json":{"title":"Rosana Rodrigues e F\u00e1bio Olivares s\u00e3o eleitos reitora e vice-reitor da UENF - UENF - Universidade Estadual do Norte Fluminense Darcy Ribeiro","robots":{"index":"noindex","follow":"follow","max-snippet":"max-snippet:-1","max-image-preview":"max-image-preview:large","max-video-preview":"max-video-preview:-1"},"og_locale":"pt_BR","og_type":"article","og_title":"Rosana Rodrigues e F\u00e1bio Olivares s\u00e3o eleitos reitora e vice-reitor da UENF - UENF - Universidade Estadual do Norte Fluminense Darcy Ribeiro","og_description":"A professora Rosana Rodrigues e o professor F\u00e1bio Lopes Olivares foram eleitos nesta ter\u00e7a-feira, 19\/09\/23, reitora e vice-reitor da Universidade Estadual do Norte Fluminense Darcy Ribeiro (UENF) para o per\u00edodo de 2024 a 2027. A homologa\u00e7\u00e3o do resultado ocorre no dia 11\/10, em cerim\u00f4nia do Conselho Universit\u00e1rio (Consuni). A Chapa 10 obteve 51,4% dos votos, [&hellip;]","og_url":"https:\/\/portal1.uenf.br\/portal\/noticias\/rosana-rodrigues-e-fabio-olivares-sao-eleitos-reitora-e-vice-reitor-da-uenf\/","og_site_name":"UENF - Universidade Estadual do Norte Fluminense Darcy Ribeiro","article_published_time":"2023-09-20T08:42:22+00:00","og_image":[{"url":"https:\/\/uenf.br\/portal\/wp-content\/uploads\/2023\/09\/Eleicoes-Rosana-1024x782.jpeg","type":"","width":"","height":""}],"author":"admin","twitter_card":"summary_large_image","twitter_misc":{"Escrito por":"admin","Est. tempo de leitura":"3 minutos"},"schema":{"@context":"https:\/\/schema.org","@graph":[{"@type":"Article","@id":"https:\/\/portal1.uenf.br\/portal\/noticias\/rosana-rodrigues-e-fabio-olivares-sao-eleitos-reitora-e-vice-reitor-da-uenf\/#article","isPartOf":{"@id":"https:\/\/portal1.uenf.br\/portal\/noticias\/rosana-rodrigues-e-fabio-olivares-sao-eleitos-reitora-e-vice-reitor-da-uenf\/"},"author":{"name":"admin","@id":"https:\/\/portal1.uenf.br\/portal\/#\/schema\/person\/068abbf03b6f8478c845bc8ded9270c7"},"headline":"Rosana Rodrigues e F\u00e1bio Olivares s\u00e3o eleitos reitora e vice-reitor da UENF","datePublished":"2023-09-20T08:42:22+00:00","mainEntityOfPage":{"@id":"https:\/\/portal1.uenf.br\/portal\/noticias\/rosana-rodrigues-e-fabio-olivares-sao-eleitos-reitora-e-vice-reitor-da-uenf\/"},"wordCount":524,"publisher":{"@id":"https:\/\/portal1.uenf.br\/portal\/#organization"},"image":{"@id":"https:\/\/portal1.uenf.br\/portal\/noticias\/rosana-rodrigues-e-fabio-olivares-sao-eleitos-reitora-e-vice-reitor-da-uenf\/#primaryimage"},"thumbnailUrl":"https:\/\/uenf.br\/portal\/wp-content\/uploads\/2023\/09\/Eleicoes-Rosana-1024x782.jpeg","articleSection":["Not\u00edcias"],"inLanguage":"pt-BR"},{"@type":"WebPage","@id":"https:\/\/portal1.uenf.br\/portal\/noticias\/rosana-rodrigues-e-fabio-olivares-sao-eleitos-reitora-e-vice-reitor-da-uenf\/","url":"https:\/\/portal1.uenf.br\/portal\/noticias\/rosana-rodrigues-e-fabio-olivares-sao-eleitos-reitora-e-vice-reitor-da-uenf\/","name":"Rosana Rodrigues e F\u00e1bio Olivares s\u00e3o eleitos reitora e vice-reitor da UENF - UENF - Universidade Estadual do Norte Fluminense Darcy Ribeiro","isPartOf":{"@id":"https:\/\/portal1.uenf.br\/portal\/#website"},"primaryImageOfPage":{"@id":"https:\/\/portal1.uenf.br\/portal\/noticias\/rosana-rodrigues-e-fabio-olivares-sao-eleitos-reitora-e-vice-reitor-da-uenf\/#primaryimage"},"image":{"@id":"https:\/\/portal1.uenf.br\/portal\/noticias\/rosana-rodrigues-e-fabio-olivares-sao-eleitos-reitora-e-vice-reitor-da-uenf\/#primaryimage"},"thumbnailUrl":"https:\/\/uenf.br\/portal\/wp-content\/uploads\/2023\/09\/Eleicoes-Rosana-1024x782.jpeg","datePublished":"2023-09-20T08:42:22+00:00","breadcrumb":{"@id":"https:\/\/portal1.uenf.br\/portal\/noticias\/rosana-rodrigues-e-fabio-olivares-sao-eleitos-reitora-e-vice-reitor-da-uenf\/#breadcrumb"},"inLanguage":"pt-BR","potentialAction":[{"@type":"ReadAction","target":["https:\/\/portal1.uenf.br\/portal\/noticias\/rosana-rodrigues-e-fabio-olivares-sao-eleitos-reitora-e-vice-reitor-da-uenf\/"]}]},{"@type":"ImageObject","inLanguage":"pt-BR","@id":"https:\/\/portal1.uenf.br\/portal\/noticias\/rosana-rodrigues-e-fabio-olivares-sao-eleitos-reitora-e-vice-reitor-da-uenf\/#primaryimage","url":"https:\/\/uenf.br\/portal\/wp-content\/uploads\/2023\/09\/Eleicoes-Rosana-1024x782.jpeg","contentUrl":"https:\/\/uenf.br\/portal\/wp-content\/uploads\/2023\/09\/Eleicoes-Rosana-1024x782.jpeg"},{"@type":"BreadcrumbList","@id":"https:\/\/portal1.uenf.br\/portal\/noticias\/rosana-rodrigues-e-fabio-olivares-sao-eleitos-reitora-e-vice-reitor-da-uenf\/#breadcrumb","itemListElement":[{"@type":"ListItem","position":1,"name":"In\u00edcio","item":"https:\/\/portal1.uenf.br\/portal\/"},{"@type":"ListItem","position":2,"name":"Rosana Rodrigues e F\u00e1bio Olivares s\u00e3o eleitos reitora e vice-reitor da UENF"}]},{"@type":"WebSite","@id":"https:\/\/portal1.uenf.br\/portal\/#website","url":"https:\/\/portal1.uenf.br\/portal\/","name":"UENF - Universidade Estadual do Norte Fluminense Darcy Ribeiro","description":"","publisher":{"@id":"https:\/\/portal1.uenf.br\/portal\/#organization"},"potentialAction":[{"@type":"SearchAction","target":{"@type":"EntryPoint","urlTemplate":"https:\/\/portal1.uenf.br\/portal\/?s={search_term_string}"},"query-input":{"@type":"PropertyValueSpecification","valueRequired":true,"valueName":"search_term_string"}}],"inLanguage":"pt-BR"},{"@type":"Organization","@id":"https:\/\/portal1.uenf.br\/portal\/#organization","name":"UENF - Universidade Estadual do Norte Fluminense Darcy Ribeiro","url":"https:\/\/portal1.uenf.br\/portal\/","logo":{"@type":"ImageObject","inLanguage":"pt-BR","@id":"https:\/\/portal1.uenf.br\/portal\/#\/schema\/logo\/image\/","url":"https:\/\/portal1.uenf.br\/portal\/wp-content\/uploads\/2018\/06\/logo-uenf-invertido-1.png","contentUrl":"https:\/\/portal1.uenf.br\/portal\/wp-content\/uploads\/2018\/06\/logo-uenf-invertido-1.png","width":482,"height":83,"caption":"UENF - Universidade Estadual do Norte Fluminense Darcy Ribeiro"},"image":{"@id":"https:\/\/portal1.uenf.br\/portal\/#\/schema\/logo\/image\/"}},{"@type":"Person","@id":"https:\/\/portal1.uenf.br\/portal\/#\/schema\/person\/068abbf03b6f8478c845bc8ded9270c7","name":"admin","image":{"@type":"ImageObject","inLanguage":"pt-BR","@id":"https:\/\/portal1.uenf.br\/portal\/#\/schema\/person\/image\/","url":"https:\/\/secure.gravatar.com\/avatar\/e5ecf9e4fae0742f4b136f518195bafa7b2d3f7c709f4bdc6707588ef68a6e25?s=96&d=mm&r=g","contentUrl":"https:\/\/secure.gravatar.com\/avatar\/e5ecf9e4fae0742f4b136f518195bafa7b2d3f7c709f4bdc6707588ef68a6e25?s=96&d=mm&r=g","caption":"admin"},"sameAs":["https:\/\/portal1.uenf.br\/portal"],"url":"https:\/\/portal1.uenf.br\/portal\/author\/edson\/"}]}},"_links":{"self":[{"href":"https:\/\/portal1.uenf.br\/portal\/wp-json\/wp\/v2\/posts\/20916","targetHints":{"allow":["GET"]}}],"collection":[{"href":"https:\/\/portal1.uenf.br\/portal\/wp-json\/wp\/v2\/posts"}],"about":[{"href":"https:\/\/portal1.uenf.br\/portal\/wp-json\/wp\/v2\/types\/post"}],"author":[{"embeddable":true,"href":"https:\/\/portal1.uenf.br\/portal\/wp-json\/wp\/v2\/users\/1"}],"replies":[{"embeddable":true,"href":"https:\/\/portal1.uenf.br\/portal\/wp-json\/wp\/v2\/comments?post=20916"}],"version-history":[{"count":0,"href":"https:\/\/portal1.uenf.br\/portal\/wp-json\/wp\/v2\/posts\/20916\/revisions"}],"wp:attachment":[{"href":"https:\/\/portal1.uenf.br\/portal\/wp-json\/wp\/v2\/media?parent=20916"}],"wp:term":[{"taxonomy":"category","embeddable":true,"href":"https:\/\/portal1.uenf.br\/portal\/wp-json\/wp\/v2\/categories?post=20916"},{"taxonomy":"post_tag","embeddable":true,"href":"https:\/\/portal1.uenf.br\/portal\/wp-json\/wp\/v2\/tags?post=20916"}],"curies":[{"name":"wp","href":"https:\/\/api.w.org\/{rel}","templated":true}]}}