{"id":20914,"date":"2023-10-06T15:46:33","date_gmt":"2023-10-06T18:46:33","guid":{"rendered":"https:\/\/uenf.br\/portal\/?p=20914"},"modified":"2023-10-06T15:46:33","modified_gmt":"2023-10-06T18:46:33","slug":"projeto-da-uenf-investiga-relacao-entre-microclimas-e-proliferacao-do-aedes-aegypti","status":"publish","type":"post","link":"https:\/\/portal1.uenf.br\/portal\/noticias\/projeto-da-uenf-investiga-relacao-entre-microclimas-e-proliferacao-do-aedes-aegypti\/","title":{"rendered":"Projeto da UENF investiga rela\u00e7\u00e3o entre microclimas e prolifera\u00e7\u00e3o do Aedes aegypti"},"content":{"rendered":"<div class=\"wp-block-image\">\n<figure class=\"aligncenter size-large is-resized\"><img fetchpriority=\"high\" decoding=\"async\" src=\"https:\/\/uenf.br\/portal\/wp-content\/uploads\/2023\/10\/WhatsApp-Image-2023-10-06-at-15.33.24-1024x632.jpeg\" alt=\"\" class=\"wp-image-21307\" width=\"664\" height=\"409\"\/><figcaption class=\"wp-element-caption\">Professora Maria Gertrudes Justi<\/figcaption><\/figure>\n<\/div>\n\n\n<p>Um projeto multidisciplinar desenvolvido na UENF, no <em>Campus <\/em>Alberto Dias, emMaca\u00e9, une a Meteorologia e a Biologia para investigar a rela\u00e7\u00e3o entre os microclimas em diferentes bairros da cidade e a prolifera\u00e7\u00e3o do mosquito <em>Aedes aegypti<\/em>, transmissor de arboviroses como dengue, zika e chikungunya. O trabalho \u00e9 desenvolvido no Laborat\u00f3rio de Meteorologia (Lamet) e \u00e9 coordenado pela professora da UENF e meteorologista, Maria Gertrudes Justi.<\/p>\n\n\n\n<p>De acordo com a pesquisadora, al\u00e9m de ser de fundamental import\u00e2ncia no estudo de fen\u00f4menos clim\u00e1ticos para compreens\u00e3o da natureza e previs\u00e3o de cat\u00e1strofes, a meteorologia pode tamb\u00e9m ser \u00fatil na \u00e1rea da sa\u00fade.<\/p>\n\n\n\n<p>\u2014 O mosquito \u00e9 superdependente das condi\u00e7\u00f5es clim\u00e1ticas para se desenvolver. Em Maca\u00e9, por exemplo, sabemos que, de bairro para bairro, de dia para dia, temos varia\u00e7\u00f5es no microclima. H\u00e1 dias com muitos mosquitos, outros com poucos. Condi\u00e7\u00f5es de temperatura, umidade e vento t\u00eam interfer\u00eancia direta na prolifera\u00e7\u00e3o dos mosquitos e, consequentemente, no desenvolvimento de doen\u00e7as \u2014 esclarece Justi.&nbsp;<\/p>\n\n\n\n<p>Como coordenadora do projeto de extens\u00e3o \u201cTempo de Aprender em Clima de Ensinar\u201d, a professora Justi trabalha na implanta\u00e7\u00e3o de esta\u00e7\u00f5es meteorol\u00f3gicas instaladas em escolas de diversos pontos estrat\u00e9gicos do munic\u00edpio. Nessas unidades de ensino, as crian\u00e7as podem aprender de forma pr\u00e1tica sobre clima e tempo.&nbsp; &nbsp;<\/p>\n\n\n\n<p>Al\u00e9m disso, os sensores instalados nas esta\u00e7\u00f5es captam dados como temperatura, umidade, vento, precipita\u00e7\u00e3o, radia\u00e7\u00e3o solar global e \u00edndice ultravioleta (UV). Al\u00e9m de fornecer subs\u00eddios para as pesquisas do Lamet, os dados coletados nas esta\u00e7\u00f5es meteorol\u00f3gicas podem ajudar a Defesa Civil a lidar com eventos clim\u00e1ticos.<\/p>\n\n\n<div class=\"wp-block-image\">\n<figure class=\"aligncenter size-full is-resized\"><img decoding=\"async\" src=\"https:\/\/uenf.br\/portal\/wp-content\/uploads\/2023\/10\/estacao.webp\" alt=\"\" class=\"wp-image-21309\" width=\"419\" height=\"558\"\/><\/figure>\n<\/div>\n\n\n<p>A partir de agora, a ideia \u00e9 expandir ainda mais, com uma vis\u00e3o multidisciplinar da Meteorologia, aplicada \u00e0s \u00e1reas da Sa\u00fade e da Educa\u00e7\u00e3o. Para isso, a professora conta com a ajuda do bi\u00f3logo William da Costa Marinho, que cursa doutorado no Instituto de Sustentabilidade e Biodiversidade (Nupem) da UFRJ em Maca\u00e9. Ele relata que nas proximidades das escolas onde est\u00e3o as esta\u00e7\u00f5es meteorol\u00f3gicas foram instaladas as armadilhas para capturar as f\u00eameas dos mosquitos e identificar quais esp\u00e9cies se desenvolvem no determinado microclima.&nbsp;<\/p>\n\n\n\n<p>O projeto de pesquisa conta ainda com a atua\u00e7\u00e3o da estudante do curso de Engenharia Meteorol\u00f3gica da UENF e bolsista de Inicia\u00e7\u00e3o Cient\u00edfica Nota 10, Thamiles Ferreira. Ela frisa que os resultados da pesquisa ser\u00e3o de grande import\u00e2ncia para que o poder p\u00fablico tome provid\u00eancias para conter o aumento de casos de doen\u00e7as no munic\u00edpio.&nbsp;<\/p>\n\n\n\n<p>\u2014 Inicialmente a gente pegou dados pret\u00e9ritos, entre 2007 e 2017, analisando as vari\u00e1veis meteorol\u00f3gicas como o vento, temperatura, chuva e os n\u00fameros casos de doen\u00e7as. Conseguimos identificar que o vento \u00e9 um fator preponderante. Quanto mais venta, menor o n\u00famero de mosquitos e casos de doen\u00e7a. Mas s\u00f3 isso n\u00e3o foi o suficiente. E come\u00e7amos a analisar quais eram os bairros mais afetados pelas doen\u00e7as. Observamos que temos uma discrep\u00e2ncia muito grande na cidade. Alguns bairros com muitos casos de dengue e outros com quase nenhum. Agora colocamos as armadilhas e vamos identificar quais s\u00e3o os bairros com maior n\u00famero de casos de cada doen\u00e7a e os fatores. Com isso, o poder p\u00fablico vai poder se basear nesses dados e tomar as provid\u00eancias devidas \u2014 enfatiza a estudante. &nbsp;<\/p>\n\n\n\n<p>No munic\u00edpio de Maca\u00e9, j\u00e1 foram instaladas esta\u00e7\u00f5es meteorol\u00f3gicas no Mirante da Lagoa e em Trapiche, e nas escolas Nossa Senhora da Gl\u00f3ria (Miramar), Col\u00e9gio Ativo (Gl\u00f3ria), Col\u00e9gio de Aplica\u00e7\u00e3o de Maca\u00e9 (Granja dos Cavalheiros), Col\u00e9gio T\u00e9lio Barreto (Aroeira) e Col\u00e9gio Irene Meirelles (Imbetiba), al\u00e9m da Escola Edilson Duarte, em Cabo Frio, e no Col\u00e9gio Jacintho Xavier Barreto, em Rio das Ostras.<\/p>\n","protected":false},"excerpt":{"rendered":"<p>Um projeto multidisciplinar desenvolvido na UENF, no Campus Alberto Dias, emMaca\u00e9, une a Meteorologia e a Biologia para investigar a rela\u00e7\u00e3o entre os microclimas em diferentes bairros da cidade e a prolifera\u00e7\u00e3o do mosquito Aedes aegypti, transmissor de arboviroses como dengue, zika e chikungunya. O trabalho \u00e9 desenvolvido no Laborat\u00f3rio de Meteorologia (Lamet) e \u00e9 [&hellip;]<\/p>\n","protected":false},"author":1,"featured_media":0,"comment_status":"closed","ping_status":"closed","sticky":false,"template":"","format":"standard","meta":{"_eb_attr":"","ocean_post_layout":"","ocean_both_sidebars_style":"","ocean_both_sidebars_content_width":0,"ocean_both_sidebars_sidebars_width":0,"ocean_sidebar":"","ocean_second_sidebar":"","ocean_disable_margins":"enable","ocean_add_body_class":"","ocean_shortcode_before_top_bar":"","ocean_shortcode_after_top_bar":"","ocean_shortcode_before_header":"","ocean_shortcode_after_header":"","ocean_has_shortcode":"","ocean_shortcode_after_title":"","ocean_shortcode_before_footer_widgets":"","ocean_shortcode_after_footer_widgets":"","ocean_shortcode_before_footer_bottom":"","ocean_shortcode_after_footer_bottom":"","ocean_display_top_bar":"default","ocean_display_header":"default","ocean_header_style":"","ocean_center_header_left_menu":"","ocean_custom_header_template":"","ocean_custom_logo":0,"ocean_custom_retina_logo":0,"ocean_custom_logo_max_width":0,"ocean_custom_logo_tablet_max_width":0,"ocean_custom_logo_mobile_max_width":0,"ocean_custom_logo_max_height":0,"ocean_custom_logo_tablet_max_height":0,"ocean_custom_logo_mobile_max_height":0,"ocean_header_custom_menu":"","ocean_menu_typo_font_family":"","ocean_menu_typo_font_subset":"","ocean_menu_typo_font_size":0,"ocean_menu_typo_font_size_tablet":0,"ocean_menu_typo_font_size_mobile":0,"ocean_menu_typo_font_size_unit":"px","ocean_menu_typo_font_weight":"","ocean_menu_typo_font_weight_tablet":"","ocean_menu_typo_font_weight_mobile":"","ocean_menu_typo_transform":"","ocean_menu_typo_transform_tablet":"","ocean_menu_typo_transform_mobile":"","ocean_menu_typo_line_height":0,"ocean_menu_typo_line_height_tablet":0,"ocean_menu_typo_line_height_mobile":0,"ocean_menu_typo_line_height_unit":"","ocean_menu_typo_spacing":0,"ocean_menu_typo_spacing_tablet":0,"ocean_menu_typo_spacing_mobile":0,"ocean_menu_typo_spacing_unit":"","ocean_menu_link_color":"","ocean_menu_link_color_hover":"","ocean_menu_link_color_active":"","ocean_menu_link_background":"","ocean_menu_link_hover_background":"","ocean_menu_link_active_background":"","ocean_menu_social_links_bg":"","ocean_menu_social_hover_links_bg":"","ocean_menu_social_links_color":"","ocean_menu_social_hover_links_color":"","ocean_disable_title":"default","ocean_disable_heading":"default","ocean_post_title":"","ocean_post_subheading":"","ocean_post_title_style":"","ocean_post_title_background_color":"","ocean_post_title_background":0,"ocean_post_title_bg_image_position":"","ocean_post_title_bg_image_attachment":"","ocean_post_title_bg_image_repeat":"","ocean_post_title_bg_image_size":"","ocean_post_title_height":0,"ocean_post_title_bg_overlay":0.5,"ocean_post_title_bg_overlay_color":"","ocean_disable_breadcrumbs":"default","ocean_breadcrumbs_color":"","ocean_breadcrumbs_separator_color":"","ocean_breadcrumbs_links_color":"","ocean_breadcrumbs_links_hover_color":"","ocean_display_footer_widgets":"default","ocean_display_footer_bottom":"default","ocean_custom_footer_template":"","ocean_post_oembed":"","ocean_post_self_hosted_media":"","ocean_post_video_embed":"","ocean_link_format":"","ocean_link_format_target":"self","ocean_quote_format":"","ocean_quote_format_link":"post","ocean_gallery_link_images":"off","ocean_gallery_id":[],"footnotes":""},"categories":[8],"tags":[],"class_list":["post-20914","post","type-post","status-publish","format-standard","hentry","category-noticias","entry"],"yoast_head":"<!-- This site is optimized with the Yoast SEO plugin v26.5 - https:\/\/yoast.com\/wordpress\/plugins\/seo\/ -->\n<title>Projeto da UENF investiga rela\u00e7\u00e3o entre microclimas e prolifera\u00e7\u00e3o do Aedes aegypti - UENF - Universidade Estadual do Norte Fluminense Darcy Ribeiro<\/title>\n<meta name=\"robots\" content=\"noindex, follow, max-snippet:-1, max-image-preview:large, max-video-preview:-1\" \/>\n<meta property=\"og:locale\" content=\"pt_BR\" \/>\n<meta property=\"og:type\" content=\"article\" \/>\n<meta property=\"og:title\" content=\"Projeto da UENF investiga rela\u00e7\u00e3o entre microclimas e prolifera\u00e7\u00e3o do Aedes aegypti - UENF - Universidade Estadual do Norte Fluminense Darcy Ribeiro\" \/>\n<meta property=\"og:description\" content=\"Um projeto multidisciplinar desenvolvido na UENF, no Campus Alberto Dias, emMaca\u00e9, une a Meteorologia e a Biologia para investigar a rela\u00e7\u00e3o entre os microclimas em diferentes bairros da cidade e a prolifera\u00e7\u00e3o do mosquito Aedes aegypti, transmissor de arboviroses como dengue, zika e chikungunya. O trabalho \u00e9 desenvolvido no Laborat\u00f3rio de Meteorologia (Lamet) e \u00e9 [&hellip;]\" \/>\n<meta property=\"og:url\" content=\"https:\/\/portal1.uenf.br\/portal\/noticias\/projeto-da-uenf-investiga-relacao-entre-microclimas-e-proliferacao-do-aedes-aegypti\/\" \/>\n<meta property=\"og:site_name\" content=\"UENF - Universidade Estadual do Norte Fluminense Darcy Ribeiro\" \/>\n<meta property=\"article:published_time\" content=\"2023-10-06T18:46:33+00:00\" \/>\n<meta property=\"og:image\" content=\"https:\/\/uenf.br\/portal\/wp-content\/uploads\/2023\/10\/WhatsApp-Image-2023-10-06-at-15.33.24-1024x632.jpeg\" \/>\n<meta name=\"author\" content=\"admin\" \/>\n<meta name=\"twitter:card\" content=\"summary_large_image\" \/>\n<meta name=\"twitter:label1\" content=\"Escrito por\" \/>\n\t<meta name=\"twitter:data1\" content=\"admin\" \/>\n\t<meta name=\"twitter:label2\" content=\"Est. tempo de leitura\" \/>\n\t<meta name=\"twitter:data2\" content=\"3 minutos\" \/>\n<script type=\"application\/ld+json\" class=\"yoast-schema-graph\">{\"@context\":\"https:\/\/schema.org\",\"@graph\":[{\"@type\":\"Article\",\"@id\":\"https:\/\/portal1.uenf.br\/portal\/noticias\/projeto-da-uenf-investiga-relacao-entre-microclimas-e-proliferacao-do-aedes-aegypti\/#article\",\"isPartOf\":{\"@id\":\"https:\/\/portal1.uenf.br\/portal\/noticias\/projeto-da-uenf-investiga-relacao-entre-microclimas-e-proliferacao-do-aedes-aegypti\/\"},\"author\":{\"name\":\"admin\",\"@id\":\"https:\/\/portal1.uenf.br\/portal\/#\/schema\/person\/068abbf03b6f8478c845bc8ded9270c7\"},\"headline\":\"Projeto da UENF investiga rela\u00e7\u00e3o entre microclimas e prolifera\u00e7\u00e3o do Aedes aegypti\",\"datePublished\":\"2023-10-06T18:46:33+00:00\",\"mainEntityOfPage\":{\"@id\":\"https:\/\/portal1.uenf.br\/portal\/noticias\/projeto-da-uenf-investiga-relacao-entre-microclimas-e-proliferacao-do-aedes-aegypti\/\"},\"wordCount\":676,\"publisher\":{\"@id\":\"https:\/\/portal1.uenf.br\/portal\/#organization\"},\"image\":{\"@id\":\"https:\/\/portal1.uenf.br\/portal\/noticias\/projeto-da-uenf-investiga-relacao-entre-microclimas-e-proliferacao-do-aedes-aegypti\/#primaryimage\"},\"thumbnailUrl\":\"https:\/\/uenf.br\/portal\/wp-content\/uploads\/2023\/10\/WhatsApp-Image-2023-10-06-at-15.33.24-1024x632.jpeg\",\"articleSection\":[\"Not\u00edcias\"],\"inLanguage\":\"pt-BR\"},{\"@type\":\"WebPage\",\"@id\":\"https:\/\/portal1.uenf.br\/portal\/noticias\/projeto-da-uenf-investiga-relacao-entre-microclimas-e-proliferacao-do-aedes-aegypti\/\",\"url\":\"https:\/\/portal1.uenf.br\/portal\/noticias\/projeto-da-uenf-investiga-relacao-entre-microclimas-e-proliferacao-do-aedes-aegypti\/\",\"name\":\"Projeto da UENF investiga rela\u00e7\u00e3o entre microclimas e prolifera\u00e7\u00e3o do Aedes aegypti - UENF - Universidade Estadual do Norte Fluminense Darcy Ribeiro\",\"isPartOf\":{\"@id\":\"https:\/\/portal1.uenf.br\/portal\/#website\"},\"primaryImageOfPage\":{\"@id\":\"https:\/\/portal1.uenf.br\/portal\/noticias\/projeto-da-uenf-investiga-relacao-entre-microclimas-e-proliferacao-do-aedes-aegypti\/#primaryimage\"},\"image\":{\"@id\":\"https:\/\/portal1.uenf.br\/portal\/noticias\/projeto-da-uenf-investiga-relacao-entre-microclimas-e-proliferacao-do-aedes-aegypti\/#primaryimage\"},\"thumbnailUrl\":\"https:\/\/uenf.br\/portal\/wp-content\/uploads\/2023\/10\/WhatsApp-Image-2023-10-06-at-15.33.24-1024x632.jpeg\",\"datePublished\":\"2023-10-06T18:46:33+00:00\",\"breadcrumb\":{\"@id\":\"https:\/\/portal1.uenf.br\/portal\/noticias\/projeto-da-uenf-investiga-relacao-entre-microclimas-e-proliferacao-do-aedes-aegypti\/#breadcrumb\"},\"inLanguage\":\"pt-BR\",\"potentialAction\":[{\"@type\":\"ReadAction\",\"target\":[\"https:\/\/portal1.uenf.br\/portal\/noticias\/projeto-da-uenf-investiga-relacao-entre-microclimas-e-proliferacao-do-aedes-aegypti\/\"]}]},{\"@type\":\"ImageObject\",\"inLanguage\":\"pt-BR\",\"@id\":\"https:\/\/portal1.uenf.br\/portal\/noticias\/projeto-da-uenf-investiga-relacao-entre-microclimas-e-proliferacao-do-aedes-aegypti\/#primaryimage\",\"url\":\"https:\/\/uenf.br\/portal\/wp-content\/uploads\/2023\/10\/WhatsApp-Image-2023-10-06-at-15.33.24-1024x632.jpeg\",\"contentUrl\":\"https:\/\/uenf.br\/portal\/wp-content\/uploads\/2023\/10\/WhatsApp-Image-2023-10-06-at-15.33.24-1024x632.jpeg\"},{\"@type\":\"BreadcrumbList\",\"@id\":\"https:\/\/portal1.uenf.br\/portal\/noticias\/projeto-da-uenf-investiga-relacao-entre-microclimas-e-proliferacao-do-aedes-aegypti\/#breadcrumb\",\"itemListElement\":[{\"@type\":\"ListItem\",\"position\":1,\"name\":\"In\u00edcio\",\"item\":\"https:\/\/portal1.uenf.br\/portal\/\"},{\"@type\":\"ListItem\",\"position\":2,\"name\":\"Projeto da UENF investiga rela\u00e7\u00e3o entre microclimas e prolifera\u00e7\u00e3o do Aedes aegypti\"}]},{\"@type\":\"WebSite\",\"@id\":\"https:\/\/portal1.uenf.br\/portal\/#website\",\"url\":\"https:\/\/portal1.uenf.br\/portal\/\",\"name\":\"UENF - Universidade Estadual do Norte Fluminense Darcy Ribeiro\",\"description\":\"\",\"publisher\":{\"@id\":\"https:\/\/portal1.uenf.br\/portal\/#organization\"},\"potentialAction\":[{\"@type\":\"SearchAction\",\"target\":{\"@type\":\"EntryPoint\",\"urlTemplate\":\"https:\/\/portal1.uenf.br\/portal\/?s={search_term_string}\"},\"query-input\":{\"@type\":\"PropertyValueSpecification\",\"valueRequired\":true,\"valueName\":\"search_term_string\"}}],\"inLanguage\":\"pt-BR\"},{\"@type\":\"Organization\",\"@id\":\"https:\/\/portal1.uenf.br\/portal\/#organization\",\"name\":\"UENF - Universidade Estadual do Norte Fluminense Darcy Ribeiro\",\"url\":\"https:\/\/portal1.uenf.br\/portal\/\",\"logo\":{\"@type\":\"ImageObject\",\"inLanguage\":\"pt-BR\",\"@id\":\"https:\/\/portal1.uenf.br\/portal\/#\/schema\/logo\/image\/\",\"url\":\"https:\/\/portal1.uenf.br\/portal\/wp-content\/uploads\/2018\/06\/logo-uenf-invertido-1.png\",\"contentUrl\":\"https:\/\/portal1.uenf.br\/portal\/wp-content\/uploads\/2018\/06\/logo-uenf-invertido-1.png\",\"width\":482,\"height\":83,\"caption\":\"UENF - Universidade Estadual do Norte Fluminense Darcy Ribeiro\"},\"image\":{\"@id\":\"https:\/\/portal1.uenf.br\/portal\/#\/schema\/logo\/image\/\"}},{\"@type\":\"Person\",\"@id\":\"https:\/\/portal1.uenf.br\/portal\/#\/schema\/person\/068abbf03b6f8478c845bc8ded9270c7\",\"name\":\"admin\",\"image\":{\"@type\":\"ImageObject\",\"inLanguage\":\"pt-BR\",\"@id\":\"https:\/\/portal1.uenf.br\/portal\/#\/schema\/person\/image\/\",\"url\":\"https:\/\/secure.gravatar.com\/avatar\/e5ecf9e4fae0742f4b136f518195bafa7b2d3f7c709f4bdc6707588ef68a6e25?s=96&d=mm&r=g\",\"contentUrl\":\"https:\/\/secure.gravatar.com\/avatar\/e5ecf9e4fae0742f4b136f518195bafa7b2d3f7c709f4bdc6707588ef68a6e25?s=96&d=mm&r=g\",\"caption\":\"admin\"},\"sameAs\":[\"https:\/\/portal1.uenf.br\/portal\"],\"url\":\"https:\/\/portal1.uenf.br\/portal\/author\/edson\/\"}]}<\/script>\n<!-- \/ Yoast SEO plugin. -->","yoast_head_json":{"title":"Projeto da UENF investiga rela\u00e7\u00e3o entre microclimas e prolifera\u00e7\u00e3o do Aedes aegypti - UENF - Universidade Estadual do Norte Fluminense Darcy Ribeiro","robots":{"index":"noindex","follow":"follow","max-snippet":"max-snippet:-1","max-image-preview":"max-image-preview:large","max-video-preview":"max-video-preview:-1"},"og_locale":"pt_BR","og_type":"article","og_title":"Projeto da UENF investiga rela\u00e7\u00e3o entre microclimas e prolifera\u00e7\u00e3o do Aedes aegypti - UENF - Universidade Estadual do Norte Fluminense Darcy Ribeiro","og_description":"Um projeto multidisciplinar desenvolvido na UENF, no Campus Alberto Dias, emMaca\u00e9, une a Meteorologia e a Biologia para investigar a rela\u00e7\u00e3o entre os microclimas em diferentes bairros da cidade e a prolifera\u00e7\u00e3o do mosquito Aedes aegypti, transmissor de arboviroses como dengue, zika e chikungunya. O trabalho \u00e9 desenvolvido no Laborat\u00f3rio de Meteorologia (Lamet) e \u00e9 [&hellip;]","og_url":"https:\/\/portal1.uenf.br\/portal\/noticias\/projeto-da-uenf-investiga-relacao-entre-microclimas-e-proliferacao-do-aedes-aegypti\/","og_site_name":"UENF - Universidade Estadual do Norte Fluminense Darcy Ribeiro","article_published_time":"2023-10-06T18:46:33+00:00","og_image":[{"url":"https:\/\/uenf.br\/portal\/wp-content\/uploads\/2023\/10\/WhatsApp-Image-2023-10-06-at-15.33.24-1024x632.jpeg","type":"","width":"","height":""}],"author":"admin","twitter_card":"summary_large_image","twitter_misc":{"Escrito por":"admin","Est. tempo de leitura":"3 minutos"},"schema":{"@context":"https:\/\/schema.org","@graph":[{"@type":"Article","@id":"https:\/\/portal1.uenf.br\/portal\/noticias\/projeto-da-uenf-investiga-relacao-entre-microclimas-e-proliferacao-do-aedes-aegypti\/#article","isPartOf":{"@id":"https:\/\/portal1.uenf.br\/portal\/noticias\/projeto-da-uenf-investiga-relacao-entre-microclimas-e-proliferacao-do-aedes-aegypti\/"},"author":{"name":"admin","@id":"https:\/\/portal1.uenf.br\/portal\/#\/schema\/person\/068abbf03b6f8478c845bc8ded9270c7"},"headline":"Projeto da UENF investiga rela\u00e7\u00e3o entre microclimas e prolifera\u00e7\u00e3o do Aedes aegypti","datePublished":"2023-10-06T18:46:33+00:00","mainEntityOfPage":{"@id":"https:\/\/portal1.uenf.br\/portal\/noticias\/projeto-da-uenf-investiga-relacao-entre-microclimas-e-proliferacao-do-aedes-aegypti\/"},"wordCount":676,"publisher":{"@id":"https:\/\/portal1.uenf.br\/portal\/#organization"},"image":{"@id":"https:\/\/portal1.uenf.br\/portal\/noticias\/projeto-da-uenf-investiga-relacao-entre-microclimas-e-proliferacao-do-aedes-aegypti\/#primaryimage"},"thumbnailUrl":"https:\/\/uenf.br\/portal\/wp-content\/uploads\/2023\/10\/WhatsApp-Image-2023-10-06-at-15.33.24-1024x632.jpeg","articleSection":["Not\u00edcias"],"inLanguage":"pt-BR"},{"@type":"WebPage","@id":"https:\/\/portal1.uenf.br\/portal\/noticias\/projeto-da-uenf-investiga-relacao-entre-microclimas-e-proliferacao-do-aedes-aegypti\/","url":"https:\/\/portal1.uenf.br\/portal\/noticias\/projeto-da-uenf-investiga-relacao-entre-microclimas-e-proliferacao-do-aedes-aegypti\/","name":"Projeto da UENF investiga rela\u00e7\u00e3o entre microclimas e prolifera\u00e7\u00e3o do Aedes aegypti - UENF - Universidade Estadual do Norte Fluminense Darcy Ribeiro","isPartOf":{"@id":"https:\/\/portal1.uenf.br\/portal\/#website"},"primaryImageOfPage":{"@id":"https:\/\/portal1.uenf.br\/portal\/noticias\/projeto-da-uenf-investiga-relacao-entre-microclimas-e-proliferacao-do-aedes-aegypti\/#primaryimage"},"image":{"@id":"https:\/\/portal1.uenf.br\/portal\/noticias\/projeto-da-uenf-investiga-relacao-entre-microclimas-e-proliferacao-do-aedes-aegypti\/#primaryimage"},"thumbnailUrl":"https:\/\/uenf.br\/portal\/wp-content\/uploads\/2023\/10\/WhatsApp-Image-2023-10-06-at-15.33.24-1024x632.jpeg","datePublished":"2023-10-06T18:46:33+00:00","breadcrumb":{"@id":"https:\/\/portal1.uenf.br\/portal\/noticias\/projeto-da-uenf-investiga-relacao-entre-microclimas-e-proliferacao-do-aedes-aegypti\/#breadcrumb"},"inLanguage":"pt-BR","potentialAction":[{"@type":"ReadAction","target":["https:\/\/portal1.uenf.br\/portal\/noticias\/projeto-da-uenf-investiga-relacao-entre-microclimas-e-proliferacao-do-aedes-aegypti\/"]}]},{"@type":"ImageObject","inLanguage":"pt-BR","@id":"https:\/\/portal1.uenf.br\/portal\/noticias\/projeto-da-uenf-investiga-relacao-entre-microclimas-e-proliferacao-do-aedes-aegypti\/#primaryimage","url":"https:\/\/uenf.br\/portal\/wp-content\/uploads\/2023\/10\/WhatsApp-Image-2023-10-06-at-15.33.24-1024x632.jpeg","contentUrl":"https:\/\/uenf.br\/portal\/wp-content\/uploads\/2023\/10\/WhatsApp-Image-2023-10-06-at-15.33.24-1024x632.jpeg"},{"@type":"BreadcrumbList","@id":"https:\/\/portal1.uenf.br\/portal\/noticias\/projeto-da-uenf-investiga-relacao-entre-microclimas-e-proliferacao-do-aedes-aegypti\/#breadcrumb","itemListElement":[{"@type":"ListItem","position":1,"name":"In\u00edcio","item":"https:\/\/portal1.uenf.br\/portal\/"},{"@type":"ListItem","position":2,"name":"Projeto da UENF investiga rela\u00e7\u00e3o entre microclimas e prolifera\u00e7\u00e3o do Aedes aegypti"}]},{"@type":"WebSite","@id":"https:\/\/portal1.uenf.br\/portal\/#website","url":"https:\/\/portal1.uenf.br\/portal\/","name":"UENF - Universidade Estadual do Norte Fluminense Darcy Ribeiro","description":"","publisher":{"@id":"https:\/\/portal1.uenf.br\/portal\/#organization"},"potentialAction":[{"@type":"SearchAction","target":{"@type":"EntryPoint","urlTemplate":"https:\/\/portal1.uenf.br\/portal\/?s={search_term_string}"},"query-input":{"@type":"PropertyValueSpecification","valueRequired":true,"valueName":"search_term_string"}}],"inLanguage":"pt-BR"},{"@type":"Organization","@id":"https:\/\/portal1.uenf.br\/portal\/#organization","name":"UENF - Universidade Estadual do Norte Fluminense Darcy Ribeiro","url":"https:\/\/portal1.uenf.br\/portal\/","logo":{"@type":"ImageObject","inLanguage":"pt-BR","@id":"https:\/\/portal1.uenf.br\/portal\/#\/schema\/logo\/image\/","url":"https:\/\/portal1.uenf.br\/portal\/wp-content\/uploads\/2018\/06\/logo-uenf-invertido-1.png","contentUrl":"https:\/\/portal1.uenf.br\/portal\/wp-content\/uploads\/2018\/06\/logo-uenf-invertido-1.png","width":482,"height":83,"caption":"UENF - Universidade Estadual do Norte Fluminense Darcy Ribeiro"},"image":{"@id":"https:\/\/portal1.uenf.br\/portal\/#\/schema\/logo\/image\/"}},{"@type":"Person","@id":"https:\/\/portal1.uenf.br\/portal\/#\/schema\/person\/068abbf03b6f8478c845bc8ded9270c7","name":"admin","image":{"@type":"ImageObject","inLanguage":"pt-BR","@id":"https:\/\/portal1.uenf.br\/portal\/#\/schema\/person\/image\/","url":"https:\/\/secure.gravatar.com\/avatar\/e5ecf9e4fae0742f4b136f518195bafa7b2d3f7c709f4bdc6707588ef68a6e25?s=96&d=mm&r=g","contentUrl":"https:\/\/secure.gravatar.com\/avatar\/e5ecf9e4fae0742f4b136f518195bafa7b2d3f7c709f4bdc6707588ef68a6e25?s=96&d=mm&r=g","caption":"admin"},"sameAs":["https:\/\/portal1.uenf.br\/portal"],"url":"https:\/\/portal1.uenf.br\/portal\/author\/edson\/"}]}},"_links":{"self":[{"href":"https:\/\/portal1.uenf.br\/portal\/wp-json\/wp\/v2\/posts\/20914","targetHints":{"allow":["GET"]}}],"collection":[{"href":"https:\/\/portal1.uenf.br\/portal\/wp-json\/wp\/v2\/posts"}],"about":[{"href":"https:\/\/portal1.uenf.br\/portal\/wp-json\/wp\/v2\/types\/post"}],"author":[{"embeddable":true,"href":"https:\/\/portal1.uenf.br\/portal\/wp-json\/wp\/v2\/users\/1"}],"replies":[{"embeddable":true,"href":"https:\/\/portal1.uenf.br\/portal\/wp-json\/wp\/v2\/comments?post=20914"}],"version-history":[{"count":0,"href":"https:\/\/portal1.uenf.br\/portal\/wp-json\/wp\/v2\/posts\/20914\/revisions"}],"wp:attachment":[{"href":"https:\/\/portal1.uenf.br\/portal\/wp-json\/wp\/v2\/media?parent=20914"}],"wp:term":[{"taxonomy":"category","embeddable":true,"href":"https:\/\/portal1.uenf.br\/portal\/wp-json\/wp\/v2\/categories?post=20914"},{"taxonomy":"post_tag","embeddable":true,"href":"https:\/\/portal1.uenf.br\/portal\/wp-json\/wp\/v2\/tags?post=20914"}],"curies":[{"name":"wp","href":"https:\/\/api.w.org\/{rel}","templated":true}]}}