{"id":20826,"date":"2023-09-12T19:36:25","date_gmt":"2023-09-12T22:36:25","guid":{"rendered":"https:\/\/uenf.br\/portal\/?p=20826"},"modified":"2023-09-12T19:36:25","modified_gmt":"2023-09-12T22:36:25","slug":"eleicoes-para-reitoria-nesta-terca-feira-19-09","status":"publish","type":"post","link":"https:\/\/portal1.uenf.br\/portal\/noticias\/eleicoes-para-reitoria-nesta-terca-feira-19-09\/","title":{"rendered":"Elei\u00e7\u00f5es para Reitoria ser\u00e3o realizadas no s\u00e1bado e na ter\u00e7a-feira"},"content":{"rendered":"\n<p><\/p>\n\n\n<div class=\"wp-block-image\">\n<figure class=\"aligncenter size-full is-resized\"><img fetchpriority=\"high\" decoding=\"async\" src=\"https:\/\/uenf.br\/portal\/wp-content\/uploads\/2023\/09\/uenf.webp\" alt=\"\" class=\"wp-image-20835\" width=\"643\" height=\"399\"\/><\/figure>\n<\/div>\n\n\n<p>Ser\u00e3o realizadas neste s\u00e1bado, 16\/09\/23, nos polos EaD do CEDERJ, as elei\u00e7\u00f5es que ir\u00e3o definir o(a) pr\u00f3ximo(a) reitor(a) e vice-retor(a) da UENF para o per\u00edodo de 2024 a 2027. Nos <em>campi<\/em> da UENF em Campos dos Goytacazes e em Maca\u00e9, a elei\u00e7\u00e3o ser\u00e1 realizada na ter\u00e7a-feira, 19\/09\/23. Para votar, \u00e9 necess\u00e1rio apresentar documento com foto. <\/p>\n\n\n\n<p>Nos polos do CEDERJ, o hor\u00e1rio de vota\u00e7\u00e3o ser\u00e1 das 10h \u00e0s 15h. J\u00e1 no <em>Campus<\/em> Alberto Dias, de Maca\u00e9, a elei\u00e7\u00e3o ocorrer\u00e1 das 9h \u00e0s 16h. E no <em>Campus<\/em> Leonel Brizola, em Campos dos Goytacazes, a vota\u00e7\u00e3o ter\u00e1 in\u00edcio \u00e0s 9h e t\u00e9rmino \u00e0s 21h. Em Campos, as elei\u00e7\u00f5es ser\u00e3o realizadas no pr\u00e9dio da Reitoria, enquanto em Maca\u00e9 as se\u00e7\u00f5es ser\u00e3o instaladas no <em>hall<\/em> de entrada do LENEP. <\/p>\n\n\n\n<p><strong>Debate &#8211; <\/strong>Nesta quinta-feira, 14\/09\/23, das 17h \u00e0s 20h, no Centro de Conven\u00e7\u00f5es, a Comiss\u00e3o Eleitoral realiza debate entre as duas chapas que est\u00e3o concorrendo \u00e0 elei\u00e7\u00e3o: a chapa 10, formada pelos professores Rosana Rodrigues (reitora) e F\u00e1bio Olivares (vice); e a chapa 30, formada pelos professores Carlos Eduardo de Rezende (reitor) e Daniela Barros de Oliveira (vice).<\/p>\n\n\n\n<p>O processo eleitoral ser\u00e1 realizado atrav\u00e9s de elei\u00e7\u00f5es diretas e com voto secreto, com participa\u00e7\u00e3o dos membros do corpo docente, corpo t\u00e9cnico-administrativo e corpo discente. De acordo com a Lei de Diretrizes e Bases da Educa\u00e7\u00e3o Nacional (LDB Lei No 9394\/96), ser\u00e1 garantido o peso de 70% para o corpo docente, 15% para o corpo discente e 15% para o corpo t\u00e9cnico-administrativo.<\/p>\n\n\n\n<p>Ser\u00e3o considerados eleitos reitor e vice-reitor da UENF os componentes da chapa que obtiverem mais de 50% do total de votos v\u00e1lidos. Caso seja necess\u00e1ria a realiza\u00e7\u00e3o de 2\u00ba turno, ele ser\u00e1 realizado nos dias 29 (<em>Campi<\/em> da UENF) e 30\/09\/23 (Polos EaD CEDERJ).<\/p>\n\n\n\n<p>A apura\u00e7\u00e3o dos votos ser\u00e1 iniciada logo ap\u00f3s o encerramento da vota\u00e7\u00e3o, pela Comiss\u00e3o Eleitoral, na presen\u00e7a dos fiscais das chapas, na Sala de Reuni\u00f5es da Reitoria. A Homologa\u00e7\u00e3o do Resultado da Elei\u00e7\u00e3o est\u00e1 prevista para 11\/10\/23 e a posse dos vencedores ocorrer\u00e1 em janeiro.<\/p>\n\n\n\n<p><\/p>\n\n\n\n<p><\/p>\n\n\n\n<p><\/p>\n\n\n\n<p><\/p>\n\n\n\n<p><\/p>\n","protected":false},"excerpt":{"rendered":"<p>Ser\u00e3o realizadas neste s\u00e1bado, 16\/09\/23, nos polos EaD do CEDERJ, as elei\u00e7\u00f5es que ir\u00e3o definir o(a) pr\u00f3ximo(a) reitor(a) e vice-retor(a) da UENF para o per\u00edodo de 2024 a 2027. Nos campi da UENF em Campos dos Goytacazes e em Maca\u00e9, a elei\u00e7\u00e3o ser\u00e1 realizada na ter\u00e7a-feira, 19\/09\/23. Para votar, \u00e9 necess\u00e1rio apresentar documento com foto. [&hellip;]<\/p>\n","protected":false},"author":1,"featured_media":0,"comment_status":"closed","ping_status":"closed","sticky":false,"template":"","format":"standard","meta":{"_eb_attr":"","ocean_post_layout":"","ocean_both_sidebars_style":"","ocean_both_sidebars_content_width":0,"ocean_both_sidebars_sidebars_width":0,"ocean_sidebar":"","ocean_second_sidebar":"","ocean_disable_margins":"enable","ocean_add_body_class":"","ocean_shortcode_before_top_bar":"","ocean_shortcode_after_top_bar":"","ocean_shortcode_before_header":"","ocean_shortcode_after_header":"","ocean_has_shortcode":"","ocean_shortcode_after_title":"","ocean_shortcode_before_footer_widgets":"","ocean_shortcode_after_footer_widgets":"","ocean_shortcode_before_footer_bottom":"","ocean_shortcode_after_footer_bottom":"","ocean_display_top_bar":"default","ocean_display_header":"default","ocean_header_style":"","ocean_center_header_left_menu":"","ocean_custom_header_template":"","ocean_custom_logo":0,"ocean_custom_retina_logo":0,"ocean_custom_logo_max_width":0,"ocean_custom_logo_tablet_max_width":0,"ocean_custom_logo_mobile_max_width":0,"ocean_custom_logo_max_height":0,"ocean_custom_logo_tablet_max_height":0,"ocean_custom_logo_mobile_max_height":0,"ocean_header_custom_menu":"","ocean_menu_typo_font_family":"","ocean_menu_typo_font_subset":"","ocean_menu_typo_font_size":0,"ocean_menu_typo_font_size_tablet":0,"ocean_menu_typo_font_size_mobile":0,"ocean_menu_typo_font_size_unit":"px","ocean_menu_typo_font_weight":"","ocean_menu_typo_font_weight_tablet":"","ocean_menu_typo_font_weight_mobile":"","ocean_menu_typo_transform":"","ocean_menu_typo_transform_tablet":"","ocean_menu_typo_transform_mobile":"","ocean_menu_typo_line_height":0,"ocean_menu_typo_line_height_tablet":0,"ocean_menu_typo_line_height_mobile":0,"ocean_menu_typo_line_height_unit":"","ocean_menu_typo_spacing":0,"ocean_menu_typo_spacing_tablet":0,"ocean_menu_typo_spacing_mobile":0,"ocean_menu_typo_spacing_unit":"","ocean_menu_link_color":"","ocean_menu_link_color_hover":"","ocean_menu_link_color_active":"","ocean_menu_link_background":"","ocean_menu_link_hover_background":"","ocean_menu_link_active_background":"","ocean_menu_social_links_bg":"","ocean_menu_social_hover_links_bg":"","ocean_menu_social_links_color":"","ocean_menu_social_hover_links_color":"","ocean_disable_title":"default","ocean_disable_heading":"default","ocean_post_title":"","ocean_post_subheading":"","ocean_post_title_style":"","ocean_post_title_background_color":"","ocean_post_title_background":0,"ocean_post_title_bg_image_position":"","ocean_post_title_bg_image_attachment":"","ocean_post_title_bg_image_repeat":"","ocean_post_title_bg_image_size":"","ocean_post_title_height":0,"ocean_post_title_bg_overlay":0.5,"ocean_post_title_bg_overlay_color":"","ocean_disable_breadcrumbs":"default","ocean_breadcrumbs_color":"","ocean_breadcrumbs_separator_color":"","ocean_breadcrumbs_links_color":"","ocean_breadcrumbs_links_hover_color":"","ocean_display_footer_widgets":"default","ocean_display_footer_bottom":"default","ocean_custom_footer_template":"","ocean_post_oembed":"","ocean_post_self_hosted_media":"","ocean_post_video_embed":"","ocean_link_format":"","ocean_link_format_target":"self","ocean_quote_format":"","ocean_quote_format_link":"post","ocean_gallery_link_images":"off","ocean_gallery_id":[],"footnotes":""},"categories":[8],"tags":[],"class_list":["post-20826","post","type-post","status-publish","format-standard","hentry","category-noticias","entry"],"yoast_head":"<!-- This site is optimized with the Yoast SEO plugin v26.5 - https:\/\/yoast.com\/wordpress\/plugins\/seo\/ -->\n<title>Elei\u00e7\u00f5es para Reitoria ser\u00e3o realizadas no s\u00e1bado e na ter\u00e7a-feira - UENF - Universidade Estadual do Norte Fluminense Darcy Ribeiro<\/title>\n<meta name=\"robots\" content=\"noindex, follow, max-snippet:-1, max-image-preview:large, max-video-preview:-1\" \/>\n<meta property=\"og:locale\" content=\"pt_BR\" \/>\n<meta property=\"og:type\" content=\"article\" \/>\n<meta property=\"og:title\" content=\"Elei\u00e7\u00f5es para Reitoria ser\u00e3o realizadas no s\u00e1bado e na ter\u00e7a-feira - UENF - Universidade Estadual do Norte Fluminense Darcy Ribeiro\" \/>\n<meta property=\"og:description\" content=\"Ser\u00e3o realizadas neste s\u00e1bado, 16\/09\/23, nos polos EaD do CEDERJ, as elei\u00e7\u00f5es que ir\u00e3o definir o(a) pr\u00f3ximo(a) reitor(a) e vice-retor(a) da UENF para o per\u00edodo de 2024 a 2027. Nos campi da UENF em Campos dos Goytacazes e em Maca\u00e9, a elei\u00e7\u00e3o ser\u00e1 realizada na ter\u00e7a-feira, 19\/09\/23. Para votar, \u00e9 necess\u00e1rio apresentar documento com foto. [&hellip;]\" \/>\n<meta property=\"og:url\" content=\"https:\/\/portal1.uenf.br\/portal\/noticias\/eleicoes-para-reitoria-nesta-terca-feira-19-09\/\" \/>\n<meta property=\"og:site_name\" content=\"UENF - Universidade Estadual do Norte Fluminense Darcy Ribeiro\" \/>\n<meta property=\"article:published_time\" content=\"2023-09-12T22:36:25+00:00\" \/>\n<meta property=\"og:image\" content=\"https:\/\/uenf.br\/portal\/wp-content\/uploads\/2023\/09\/uenf.webp\" \/>\n<meta name=\"author\" content=\"admin\" \/>\n<meta name=\"twitter:card\" content=\"summary_large_image\" \/>\n<meta name=\"twitter:label1\" content=\"Escrito por\" \/>\n\t<meta name=\"twitter:data1\" content=\"admin\" \/>\n\t<meta name=\"twitter:label2\" content=\"Est. tempo de leitura\" \/>\n\t<meta name=\"twitter:data2\" content=\"2 minutos\" \/>\n<script type=\"application\/ld+json\" class=\"yoast-schema-graph\">{\"@context\":\"https:\/\/schema.org\",\"@graph\":[{\"@type\":\"Article\",\"@id\":\"https:\/\/portal1.uenf.br\/portal\/noticias\/eleicoes-para-reitoria-nesta-terca-feira-19-09\/#article\",\"isPartOf\":{\"@id\":\"https:\/\/portal1.uenf.br\/portal\/noticias\/eleicoes-para-reitoria-nesta-terca-feira-19-09\/\"},\"author\":{\"name\":\"admin\",\"@id\":\"https:\/\/portal1.uenf.br\/portal\/#\/schema\/person\/068abbf03b6f8478c845bc8ded9270c7\"},\"headline\":\"Elei\u00e7\u00f5es para Reitoria ser\u00e3o realizadas no s\u00e1bado e na ter\u00e7a-feira\",\"datePublished\":\"2023-09-12T22:36:25+00:00\",\"mainEntityOfPage\":{\"@id\":\"https:\/\/portal1.uenf.br\/portal\/noticias\/eleicoes-para-reitoria-nesta-terca-feira-19-09\/\"},\"wordCount\":376,\"publisher\":{\"@id\":\"https:\/\/portal1.uenf.br\/portal\/#organization\"},\"image\":{\"@id\":\"https:\/\/portal1.uenf.br\/portal\/noticias\/eleicoes-para-reitoria-nesta-terca-feira-19-09\/#primaryimage\"},\"thumbnailUrl\":\"https:\/\/uenf.br\/portal\/wp-content\/uploads\/2023\/09\/uenf.webp\",\"articleSection\":[\"Not\u00edcias\"],\"inLanguage\":\"pt-BR\"},{\"@type\":\"WebPage\",\"@id\":\"https:\/\/portal1.uenf.br\/portal\/noticias\/eleicoes-para-reitoria-nesta-terca-feira-19-09\/\",\"url\":\"https:\/\/portal1.uenf.br\/portal\/noticias\/eleicoes-para-reitoria-nesta-terca-feira-19-09\/\",\"name\":\"Elei\u00e7\u00f5es para Reitoria ser\u00e3o realizadas no s\u00e1bado e na ter\u00e7a-feira - UENF - Universidade Estadual do Norte Fluminense Darcy Ribeiro\",\"isPartOf\":{\"@id\":\"https:\/\/portal1.uenf.br\/portal\/#website\"},\"primaryImageOfPage\":{\"@id\":\"https:\/\/portal1.uenf.br\/portal\/noticias\/eleicoes-para-reitoria-nesta-terca-feira-19-09\/#primaryimage\"},\"image\":{\"@id\":\"https:\/\/portal1.uenf.br\/portal\/noticias\/eleicoes-para-reitoria-nesta-terca-feira-19-09\/#primaryimage\"},\"thumbnailUrl\":\"https:\/\/uenf.br\/portal\/wp-content\/uploads\/2023\/09\/uenf.webp\",\"datePublished\":\"2023-09-12T22:36:25+00:00\",\"breadcrumb\":{\"@id\":\"https:\/\/portal1.uenf.br\/portal\/noticias\/eleicoes-para-reitoria-nesta-terca-feira-19-09\/#breadcrumb\"},\"inLanguage\":\"pt-BR\",\"potentialAction\":[{\"@type\":\"ReadAction\",\"target\":[\"https:\/\/portal1.uenf.br\/portal\/noticias\/eleicoes-para-reitoria-nesta-terca-feira-19-09\/\"]}]},{\"@type\":\"ImageObject\",\"inLanguage\":\"pt-BR\",\"@id\":\"https:\/\/portal1.uenf.br\/portal\/noticias\/eleicoes-para-reitoria-nesta-terca-feira-19-09\/#primaryimage\",\"url\":\"https:\/\/uenf.br\/portal\/wp-content\/uploads\/2023\/09\/uenf.webp\",\"contentUrl\":\"https:\/\/uenf.br\/portal\/wp-content\/uploads\/2023\/09\/uenf.webp\"},{\"@type\":\"BreadcrumbList\",\"@id\":\"https:\/\/portal1.uenf.br\/portal\/noticias\/eleicoes-para-reitoria-nesta-terca-feira-19-09\/#breadcrumb\",\"itemListElement\":[{\"@type\":\"ListItem\",\"position\":1,\"name\":\"In\u00edcio\",\"item\":\"https:\/\/portal1.uenf.br\/portal\/\"},{\"@type\":\"ListItem\",\"position\":2,\"name\":\"Elei\u00e7\u00f5es para Reitoria ser\u00e3o realizadas no s\u00e1bado e na ter\u00e7a-feira\"}]},{\"@type\":\"WebSite\",\"@id\":\"https:\/\/portal1.uenf.br\/portal\/#website\",\"url\":\"https:\/\/portal1.uenf.br\/portal\/\",\"name\":\"UENF - Universidade Estadual do Norte Fluminense Darcy Ribeiro\",\"description\":\"\",\"publisher\":{\"@id\":\"https:\/\/portal1.uenf.br\/portal\/#organization\"},\"potentialAction\":[{\"@type\":\"SearchAction\",\"target\":{\"@type\":\"EntryPoint\",\"urlTemplate\":\"https:\/\/portal1.uenf.br\/portal\/?s={search_term_string}\"},\"query-input\":{\"@type\":\"PropertyValueSpecification\",\"valueRequired\":true,\"valueName\":\"search_term_string\"}}],\"inLanguage\":\"pt-BR\"},{\"@type\":\"Organization\",\"@id\":\"https:\/\/portal1.uenf.br\/portal\/#organization\",\"name\":\"UENF - Universidade Estadual do Norte Fluminense Darcy Ribeiro\",\"url\":\"https:\/\/portal1.uenf.br\/portal\/\",\"logo\":{\"@type\":\"ImageObject\",\"inLanguage\":\"pt-BR\",\"@id\":\"https:\/\/portal1.uenf.br\/portal\/#\/schema\/logo\/image\/\",\"url\":\"https:\/\/portal1.uenf.br\/portal\/wp-content\/uploads\/2018\/06\/logo-uenf-invertido-1.png\",\"contentUrl\":\"https:\/\/portal1.uenf.br\/portal\/wp-content\/uploads\/2018\/06\/logo-uenf-invertido-1.png\",\"width\":482,\"height\":83,\"caption\":\"UENF - Universidade Estadual do Norte Fluminense Darcy Ribeiro\"},\"image\":{\"@id\":\"https:\/\/portal1.uenf.br\/portal\/#\/schema\/logo\/image\/\"}},{\"@type\":\"Person\",\"@id\":\"https:\/\/portal1.uenf.br\/portal\/#\/schema\/person\/068abbf03b6f8478c845bc8ded9270c7\",\"name\":\"admin\",\"image\":{\"@type\":\"ImageObject\",\"inLanguage\":\"pt-BR\",\"@id\":\"https:\/\/portal1.uenf.br\/portal\/#\/schema\/person\/image\/\",\"url\":\"https:\/\/secure.gravatar.com\/avatar\/e5ecf9e4fae0742f4b136f518195bafa7b2d3f7c709f4bdc6707588ef68a6e25?s=96&d=mm&r=g\",\"contentUrl\":\"https:\/\/secure.gravatar.com\/avatar\/e5ecf9e4fae0742f4b136f518195bafa7b2d3f7c709f4bdc6707588ef68a6e25?s=96&d=mm&r=g\",\"caption\":\"admin\"},\"sameAs\":[\"https:\/\/portal1.uenf.br\/portal\"],\"url\":\"https:\/\/portal1.uenf.br\/portal\/author\/edson\/\"}]}<\/script>\n<!-- \/ Yoast SEO plugin. -->","yoast_head_json":{"title":"Elei\u00e7\u00f5es para Reitoria ser\u00e3o realizadas no s\u00e1bado e na ter\u00e7a-feira - UENF - Universidade Estadual do Norte Fluminense Darcy Ribeiro","robots":{"index":"noindex","follow":"follow","max-snippet":"max-snippet:-1","max-image-preview":"max-image-preview:large","max-video-preview":"max-video-preview:-1"},"og_locale":"pt_BR","og_type":"article","og_title":"Elei\u00e7\u00f5es para Reitoria ser\u00e3o realizadas no s\u00e1bado e na ter\u00e7a-feira - UENF - Universidade Estadual do Norte Fluminense Darcy Ribeiro","og_description":"Ser\u00e3o realizadas neste s\u00e1bado, 16\/09\/23, nos polos EaD do CEDERJ, as elei\u00e7\u00f5es que ir\u00e3o definir o(a) pr\u00f3ximo(a) reitor(a) e vice-retor(a) da UENF para o per\u00edodo de 2024 a 2027. Nos campi da UENF em Campos dos Goytacazes e em Maca\u00e9, a elei\u00e7\u00e3o ser\u00e1 realizada na ter\u00e7a-feira, 19\/09\/23. Para votar, \u00e9 necess\u00e1rio apresentar documento com foto. [&hellip;]","og_url":"https:\/\/portal1.uenf.br\/portal\/noticias\/eleicoes-para-reitoria-nesta-terca-feira-19-09\/","og_site_name":"UENF - Universidade Estadual do Norte Fluminense Darcy Ribeiro","article_published_time":"2023-09-12T22:36:25+00:00","og_image":[{"url":"https:\/\/uenf.br\/portal\/wp-content\/uploads\/2023\/09\/uenf.webp","type":"","width":"","height":""}],"author":"admin","twitter_card":"summary_large_image","twitter_misc":{"Escrito por":"admin","Est. tempo de leitura":"2 minutos"},"schema":{"@context":"https:\/\/schema.org","@graph":[{"@type":"Article","@id":"https:\/\/portal1.uenf.br\/portal\/noticias\/eleicoes-para-reitoria-nesta-terca-feira-19-09\/#article","isPartOf":{"@id":"https:\/\/portal1.uenf.br\/portal\/noticias\/eleicoes-para-reitoria-nesta-terca-feira-19-09\/"},"author":{"name":"admin","@id":"https:\/\/portal1.uenf.br\/portal\/#\/schema\/person\/068abbf03b6f8478c845bc8ded9270c7"},"headline":"Elei\u00e7\u00f5es para Reitoria ser\u00e3o realizadas no s\u00e1bado e na ter\u00e7a-feira","datePublished":"2023-09-12T22:36:25+00:00","mainEntityOfPage":{"@id":"https:\/\/portal1.uenf.br\/portal\/noticias\/eleicoes-para-reitoria-nesta-terca-feira-19-09\/"},"wordCount":376,"publisher":{"@id":"https:\/\/portal1.uenf.br\/portal\/#organization"},"image":{"@id":"https:\/\/portal1.uenf.br\/portal\/noticias\/eleicoes-para-reitoria-nesta-terca-feira-19-09\/#primaryimage"},"thumbnailUrl":"https:\/\/uenf.br\/portal\/wp-content\/uploads\/2023\/09\/uenf.webp","articleSection":["Not\u00edcias"],"inLanguage":"pt-BR"},{"@type":"WebPage","@id":"https:\/\/portal1.uenf.br\/portal\/noticias\/eleicoes-para-reitoria-nesta-terca-feira-19-09\/","url":"https:\/\/portal1.uenf.br\/portal\/noticias\/eleicoes-para-reitoria-nesta-terca-feira-19-09\/","name":"Elei\u00e7\u00f5es para Reitoria ser\u00e3o realizadas no s\u00e1bado e na ter\u00e7a-feira - UENF - Universidade Estadual do Norte Fluminense Darcy Ribeiro","isPartOf":{"@id":"https:\/\/portal1.uenf.br\/portal\/#website"},"primaryImageOfPage":{"@id":"https:\/\/portal1.uenf.br\/portal\/noticias\/eleicoes-para-reitoria-nesta-terca-feira-19-09\/#primaryimage"},"image":{"@id":"https:\/\/portal1.uenf.br\/portal\/noticias\/eleicoes-para-reitoria-nesta-terca-feira-19-09\/#primaryimage"},"thumbnailUrl":"https:\/\/uenf.br\/portal\/wp-content\/uploads\/2023\/09\/uenf.webp","datePublished":"2023-09-12T22:36:25+00:00","breadcrumb":{"@id":"https:\/\/portal1.uenf.br\/portal\/noticias\/eleicoes-para-reitoria-nesta-terca-feira-19-09\/#breadcrumb"},"inLanguage":"pt-BR","potentialAction":[{"@type":"ReadAction","target":["https:\/\/portal1.uenf.br\/portal\/noticias\/eleicoes-para-reitoria-nesta-terca-feira-19-09\/"]}]},{"@type":"ImageObject","inLanguage":"pt-BR","@id":"https:\/\/portal1.uenf.br\/portal\/noticias\/eleicoes-para-reitoria-nesta-terca-feira-19-09\/#primaryimage","url":"https:\/\/uenf.br\/portal\/wp-content\/uploads\/2023\/09\/uenf.webp","contentUrl":"https:\/\/uenf.br\/portal\/wp-content\/uploads\/2023\/09\/uenf.webp"},{"@type":"BreadcrumbList","@id":"https:\/\/portal1.uenf.br\/portal\/noticias\/eleicoes-para-reitoria-nesta-terca-feira-19-09\/#breadcrumb","itemListElement":[{"@type":"ListItem","position":1,"name":"In\u00edcio","item":"https:\/\/portal1.uenf.br\/portal\/"},{"@type":"ListItem","position":2,"name":"Elei\u00e7\u00f5es para Reitoria ser\u00e3o realizadas no s\u00e1bado e na ter\u00e7a-feira"}]},{"@type":"WebSite","@id":"https:\/\/portal1.uenf.br\/portal\/#website","url":"https:\/\/portal1.uenf.br\/portal\/","name":"UENF - Universidade Estadual do Norte Fluminense Darcy Ribeiro","description":"","publisher":{"@id":"https:\/\/portal1.uenf.br\/portal\/#organization"},"potentialAction":[{"@type":"SearchAction","target":{"@type":"EntryPoint","urlTemplate":"https:\/\/portal1.uenf.br\/portal\/?s={search_term_string}"},"query-input":{"@type":"PropertyValueSpecification","valueRequired":true,"valueName":"search_term_string"}}],"inLanguage":"pt-BR"},{"@type":"Organization","@id":"https:\/\/portal1.uenf.br\/portal\/#organization","name":"UENF - Universidade Estadual do Norte Fluminense Darcy Ribeiro","url":"https:\/\/portal1.uenf.br\/portal\/","logo":{"@type":"ImageObject","inLanguage":"pt-BR","@id":"https:\/\/portal1.uenf.br\/portal\/#\/schema\/logo\/image\/","url":"https:\/\/portal1.uenf.br\/portal\/wp-content\/uploads\/2018\/06\/logo-uenf-invertido-1.png","contentUrl":"https:\/\/portal1.uenf.br\/portal\/wp-content\/uploads\/2018\/06\/logo-uenf-invertido-1.png","width":482,"height":83,"caption":"UENF - Universidade Estadual do Norte Fluminense Darcy Ribeiro"},"image":{"@id":"https:\/\/portal1.uenf.br\/portal\/#\/schema\/logo\/image\/"}},{"@type":"Person","@id":"https:\/\/portal1.uenf.br\/portal\/#\/schema\/person\/068abbf03b6f8478c845bc8ded9270c7","name":"admin","image":{"@type":"ImageObject","inLanguage":"pt-BR","@id":"https:\/\/portal1.uenf.br\/portal\/#\/schema\/person\/image\/","url":"https:\/\/secure.gravatar.com\/avatar\/e5ecf9e4fae0742f4b136f518195bafa7b2d3f7c709f4bdc6707588ef68a6e25?s=96&d=mm&r=g","contentUrl":"https:\/\/secure.gravatar.com\/avatar\/e5ecf9e4fae0742f4b136f518195bafa7b2d3f7c709f4bdc6707588ef68a6e25?s=96&d=mm&r=g","caption":"admin"},"sameAs":["https:\/\/portal1.uenf.br\/portal"],"url":"https:\/\/portal1.uenf.br\/portal\/author\/edson\/"}]}},"_links":{"self":[{"href":"https:\/\/portal1.uenf.br\/portal\/wp-json\/wp\/v2\/posts\/20826","targetHints":{"allow":["GET"]}}],"collection":[{"href":"https:\/\/portal1.uenf.br\/portal\/wp-json\/wp\/v2\/posts"}],"about":[{"href":"https:\/\/portal1.uenf.br\/portal\/wp-json\/wp\/v2\/types\/post"}],"author":[{"embeddable":true,"href":"https:\/\/portal1.uenf.br\/portal\/wp-json\/wp\/v2\/users\/1"}],"replies":[{"embeddable":true,"href":"https:\/\/portal1.uenf.br\/portal\/wp-json\/wp\/v2\/comments?post=20826"}],"version-history":[{"count":0,"href":"https:\/\/portal1.uenf.br\/portal\/wp-json\/wp\/v2\/posts\/20826\/revisions"}],"wp:attachment":[{"href":"https:\/\/portal1.uenf.br\/portal\/wp-json\/wp\/v2\/media?parent=20826"}],"wp:term":[{"taxonomy":"category","embeddable":true,"href":"https:\/\/portal1.uenf.br\/portal\/wp-json\/wp\/v2\/categories?post=20826"},{"taxonomy":"post_tag","embeddable":true,"href":"https:\/\/portal1.uenf.br\/portal\/wp-json\/wp\/v2\/tags?post=20826"}],"curies":[{"name":"wp","href":"https:\/\/api.w.org\/{rel}","templated":true}]}}