{"id":20455,"date":"2023-08-17T16:05:08","date_gmt":"2023-08-17T19:05:08","guid":{"rendered":"https:\/\/uenf.br\/portal\/?p=20455"},"modified":"2023-08-17T16:05:08","modified_gmt":"2023-08-17T19:05:08","slug":"uenf-realiza-sessao-solene-do-conselho-universitario-pelos-seus-30-anos-de-vida","status":"publish","type":"post","link":"https:\/\/portal1.uenf.br\/portal\/noticias\/uenf-realiza-sessao-solene-do-conselho-universitario-pelos-seus-30-anos-de-vida\/","title":{"rendered":"UENF realiza Sess\u00e3o Solene do Conselho Universit\u00e1rio pelos seus 30 anos de vida"},"content":{"rendered":"<div class=\"wp-block-image\">\n<figure class=\"aligncenter size-large is-resized\"><img fetchpriority=\"high\" decoding=\"async\" src=\"https:\/\/uenf.br\/portal\/wp-content\/uploads\/2023\/08\/Consuni2-1024x682.jpeg\" alt=\"\" class=\"wp-image-20485\" width=\"647\" height=\"431\"\/><\/figure>\n<\/div>\n\n\n<p>Com o audit\u00f3rio do Centro de Conven\u00e7\u00f5es Oscar Niemeyer lotado, foi realizada na tarde da \u00faltima quarta-feira, 16\/08\/23, a Sess\u00e3o Solene do Conselho Universit\u00e1rio (CONSUNI) em homenagem aos 30 anos da UENF. Durante o evento, foram feitas homenagens a 45 servidores da Universidade, al\u00e9m da entrega da Medalha Darcy Ribeiro \u2014 honraria m\u00e1xima concedida pela institui\u00e7\u00e3o \u2014 ao servidor Ademir Ribeiro Manh\u00e3es, que atua na UENF desde 1994.<\/p>\n\n\n\n<p>A cerim\u00f4nia foi iniciada com uma apresenta\u00e7\u00e3o do Coral da UENF, formado por servidores e alunos da Universidade e regido pela maestrina \u00c9rica Pontes. Em seguida, foi formada a mesa solene, com a presen\u00e7a do reitor Raul Pal\u00e1cio, dos pr\u00f3-reitores e diretores de Centro. A sess\u00e3o foi aberta pelo reitor, que agradeceu a todos os presentes e lamentou a perda do professor em\u00e9rito da UENF Helion Vargas, ocorrida no \u00faltimo s\u00e1bado, 12\/08\/23. <\/p>\n\n\n\n<p>O professor Marcelo Gomes, do Laborat\u00f3rio de Ci\u00eancias F\u00edsicas da UENF (LCFIS), prestou uma homenagem ao professor H\u00e9lion Vargas, seu colega de laborat\u00f3rio. Em seguida, o reitor prop\u00f4s um minuto de sil\u00eancio em mem\u00f3ria do professor Helion.<\/p>\n\n\n<div class=\"wp-block-image\">\n<figure class=\"aligncenter size-large is-resized\"><img decoding=\"async\" src=\"https:\/\/uenf.br\/portal\/wp-content\/uploads\/2023\/08\/consuni-30-anos1-1-1024x682.jpeg\" alt=\"\" class=\"wp-image-20487\" width=\"625\" height=\"416\"\/><\/figure>\n<\/div>\n\n\n<p>A mesa foi formada, al\u00e9m do reitor, pela pr\u00f3-reitora de Assuntos Comunit\u00e1rios, Cl\u00edcia Grativol; o pr\u00f3-reitor de Extens\u00e3o, Olney Vieira da Motta; o pr\u00f3-reitor de Gradua\u00e7\u00e3o, Manuel Antonio Molina Palma; a pr\u00f3-reitora de Pesquisa e P\u00f3s-Gradua\u00e7\u00e3o, Maura da Cunha; o diretor do Centro de Bioci\u00eancias e Biotecnologia (CBB), Vanildo Silveira; o diretor do Centro de Ci\u00eancias do Homem (CCH), Rodrigo Caetano; o diretor do Centro de Ci\u00eancia e Tecnologia (CCT), Oscar Alfredo Paz La Torre; e o diretor do Centro de Ci\u00eancias e Tecnologias Agropecu\u00e1rias (CCTA), Manuel Vazquez Vidal J\u00fanior.<\/p>\n\n\n\n<p>Foram homenageados os seguintes servidores do CBB: Ana Beatriz Garcia, Ana Paula Madeira Di Beneditto, Juliana de Azevedo da Silva, Marlene Flausindo dos Santos, Olga Lima Tavares Machado, Renato Augusto DaMatta e Valdirene Moreira Gomes.<\/p>\n\n\n\n<p>J\u00e1 o CCH prestou homenagem aos seguintes servidores: Adriana Lu\u00edsa Figueiredo Ribeiro, Carlos Henrique Medeiros de Souza, Daliane da Mata Almeida, Mauro Macedo Campos, Rodrigo Trindade Rodrigues e Wania Am\u00e9lia Belchior Mesquita. <\/p>\n\n\n\n<p>O CCT homenageou os servidores Eliane Nunes Gon\u00e7alves M. Santos, Guilherme Chagas Cordeiro, Maria Gertrudes Alvarez Justi e Rog\u00e9rio Almeida Ribeiro de Castro.<\/p>\n\n\n<div class=\"wp-block-image\">\n<figure class=\"aligncenter size-large is-resized\"><img decoding=\"async\" src=\"https:\/\/uenf.br\/portal\/wp-content\/uploads\/2023\/08\/Consuni4-1024x682.jpeg\" alt=\"\" class=\"wp-image-20489\" width=\"629\" height=\"419\"\/><\/figure>\n<\/div>\n\n\n<p>J\u00e1 o CCTA prestou homenagem aos servidores Antonio Gesualdi J\u00fanior, Elias Fernandes De Sousa, Herval Martinho Ferreira Paes, Karla Silva, Marcela Santana Bastos Boechat, Marcia Rezende Faes, Marcio Manh\u00e3es Folly, Maria De Lourdes Amaral Bernardino Fernandes, Paulo Sergio Oliveira De Castro, Romildo Domingos Gottardo, Silverio De Paiva Freitas e Telma Nair Santana Pereira.<\/p>\n\n\n\n<p>A Reitoria homenageou os seguintes servidores: Carlos Jober Brito de Barros, Eliane Vieira Parente, Etiene Marques Ambrosio, Gina Costa de Almeida Sanguedo, Hedwiges Fernandes de Souza Teixeira, Marcio Toledo Barreto, Maria Helena Ribeiro de Barros Barbosa, Marilene de Almeida Viana Reid Silva, Marta Valeria Lanunce, Paulo Cesar Gomes de Oliveira, Pedro Cesar da Costa Soares, Rodrigo Soares Manh\u00e3es e Tania Virginia de Souza e Silva.<\/p>\n\n\n\n<p>Foram ainda homenageados os servidores aposentados Edmundo Jorge Ab\u00edlio, Gilberto Miranda dos Santos e Jorge Francisco Pinto Filho. A Medalha Darcy Ribeiro foi entregue pelo reitor ao servidor Ademir Ribeiro Manh\u00e3es, cuja indica\u00e7\u00e3o foi sugerida pelo Sintuperj, pelo seu &#8220;comprometimento e atua\u00e7\u00e3o em momentos decisivos da hist\u00f3ria da Universidade&#8221;.\u00a0Ao ser homenageado, Ademir foi bastante aplaudido pelos presentes.<\/p>\n\n\n<div class=\"wp-block-image\">\n<figure class=\"aligncenter size-large is-resized\"><img loading=\"lazy\" decoding=\"async\" src=\"https:\/\/uenf.br\/portal\/wp-content\/uploads\/2023\/08\/consuni-30-anos1-3-1024x682.jpeg\" alt=\"\" class=\"wp-image-20491\" width=\"632\" height=\"421\"\/><\/figure>\n<\/div>\n\n\n<p>A cerim\u00f4nia contou com a exibi\u00e7\u00e3o de um v\u00eddeo sobre os 30 anos da UENF, produzido pela Assessoria de Comunica\u00e7\u00e3o da UENF (ASCOM), e com o lan\u00e7amento oficial do livro &#8220;Trinta Anos da UENF&#8221;, editado pela Eduenf (Editora da UENF). A coordenadora da Eduenf, professora K\u00e1tia Valevski Sales Fernandes, falou sobre o livro, que traz artigos sobre as Pr\u00f3-Reitorias, Assessorias, Villa Maria, Centros, Sintuperj e DCE. O livro pode ser acessado virtualmente <a href=\"https:\/\/drive.google.com\/file\/d\/1ZOB9PB00_IB5yqTZ6QiQmrfFc8fXADzS\/view\" target=\"_blank\" rel=\"noreferrer noopener\"><strong>AQUI.<\/strong><\/a><\/p>\n\n\n\n<p>Em seu pronunciamento, o reitor ressaltou algumas datas importantes ao longo dos 30 anos da UENF, lembrando inicialmente o ano de 1989, quando foi realizado um abaixo-assinado com mais de 4 mil assinaturas em prol da cria\u00e7\u00e3o da UENF. Lembrou ainda o ano de 1991, quando foi aprovado o estatuto da UENF; 2001, quando a Universidade conquistou sua autonomia administrativa, desligando-se da extinta Fenorte; e 2002, quando a UENF passou a integrar o sistema Cederj para a oferta de cursos semi-presenciais.<\/p>\n\n\n<div class=\"wp-block-image\">\n<figure class=\"aligncenter size-large is-resized\"><img loading=\"lazy\" decoding=\"async\" src=\"https:\/\/uenf.br\/portal\/wp-content\/uploads\/2023\/08\/consuni-30-anos-1024x682.jpg\" alt=\"\" class=\"wp-image-20493\" width=\"650\" height=\"432\"\/><\/figure>\n<\/div>\n\n\n<p>\u2014 A UENF \u00e9 uma universidade extremamente premiada, com muito prest\u00edgio na regi\u00e3o, no pa\u00eds e tamb\u00e9m internacionalmente. Est\u00e1 entre as 15 melhores universidades do Brasil de acordo com o MEC, ganhou o Pr\u00eamio Nacional de Direitos Humanos e conquistou por tr\u00eas vezes o pr\u00eamio de destaque na Inicia\u00e7\u00e3o Cientifica \u2014 ressaltou, acrescentando que a UENF j\u00e1 formou mais de 15 mil alunos na gradua\u00e7\u00e3o.<\/p>\n\n\n\n<p>Em rela\u00e7\u00e3o aos \u00faltimos anos, o reitor relatou a supera\u00e7\u00e3o de muitas dificuldades. Lembrou o ano de 2016, quando a institui\u00e7\u00e3o ficou sem recursos, e 2019, quando houve um processo de desvaloriza\u00e7\u00e3o das universidades em todo o pa\u00eds. Segundo afirmou, o cen\u00e1rio melhorou, com a volta de or\u00e7amentos dignos para as universidades e o aumento das bolsas da p\u00f3s-gradua\u00e7\u00e3o, por\u00e9m ainda h\u00e1 uma luta importante: a retirada da Educa\u00e7\u00e3o do Regime de Recupera\u00e7\u00e3o Fiscal.<\/p>\n\n\n\n<p>Fechando a programa\u00e7\u00e3o dos 30 Anos da UENF, foram realizados shows na Concha Ac\u00fastica do Centro de Conven\u00e7\u00f5es, com a Banda Produto de Rock, a cantora Roberta Campos e a Orquestra Petrobras Sinf\u00f4nica.<\/p>\n\n\n\n<p><\/p>\n\n\n\n<p><\/p>\n","protected":false},"excerpt":{"rendered":"<p>Com o audit\u00f3rio do Centro de Conven\u00e7\u00f5es Oscar Niemeyer lotado, foi realizada na tarde da \u00faltima quarta-feira, 16\/08\/23, a Sess\u00e3o Solene do Conselho Universit\u00e1rio (CONSUNI) em homenagem aos 30 anos da UENF. Durante o evento, foram feitas homenagens a 45 servidores da Universidade, al\u00e9m da entrega da Medalha Darcy Ribeiro \u2014 honraria m\u00e1xima concedida pela [&hellip;]<\/p>\n","protected":false},"author":1,"featured_media":0,"comment_status":"closed","ping_status":"closed","sticky":false,"template":"","format":"standard","meta":{"_eb_attr":"","ocean_post_layout":"","ocean_both_sidebars_style":"","ocean_both_sidebars_content_width":0,"ocean_both_sidebars_sidebars_width":0,"ocean_sidebar":"","ocean_second_sidebar":"","ocean_disable_margins":"enable","ocean_add_body_class":"","ocean_shortcode_before_top_bar":"","ocean_shortcode_after_top_bar":"","ocean_shortcode_before_header":"","ocean_shortcode_after_header":"","ocean_has_shortcode":"","ocean_shortcode_after_title":"","ocean_shortcode_before_footer_widgets":"","ocean_shortcode_after_footer_widgets":"","ocean_shortcode_before_footer_bottom":"","ocean_shortcode_after_footer_bottom":"","ocean_display_top_bar":"default","ocean_display_header":"default","ocean_header_style":"","ocean_center_header_left_menu":"","ocean_custom_header_template":"","ocean_custom_logo":0,"ocean_custom_retina_logo":0,"ocean_custom_logo_max_width":0,"ocean_custom_logo_tablet_max_width":0,"ocean_custom_logo_mobile_max_width":0,"ocean_custom_logo_max_height":0,"ocean_custom_logo_tablet_max_height":0,"ocean_custom_logo_mobile_max_height":0,"ocean_header_custom_menu":"","ocean_menu_typo_font_family":"","ocean_menu_typo_font_subset":"","ocean_menu_typo_font_size":0,"ocean_menu_typo_font_size_tablet":0,"ocean_menu_typo_font_size_mobile":0,"ocean_menu_typo_font_size_unit":"px","ocean_menu_typo_font_weight":"","ocean_menu_typo_font_weight_tablet":"","ocean_menu_typo_font_weight_mobile":"","ocean_menu_typo_transform":"","ocean_menu_typo_transform_tablet":"","ocean_menu_typo_transform_mobile":"","ocean_menu_typo_line_height":0,"ocean_menu_typo_line_height_tablet":0,"ocean_menu_typo_line_height_mobile":0,"ocean_menu_typo_line_height_unit":"","ocean_menu_typo_spacing":0,"ocean_menu_typo_spacing_tablet":0,"ocean_menu_typo_spacing_mobile":0,"ocean_menu_typo_spacing_unit":"","ocean_menu_link_color":"","ocean_menu_link_color_hover":"","ocean_menu_link_color_active":"","ocean_menu_link_background":"","ocean_menu_link_hover_background":"","ocean_menu_link_active_background":"","ocean_menu_social_links_bg":"","ocean_menu_social_hover_links_bg":"","ocean_menu_social_links_color":"","ocean_menu_social_hover_links_color":"","ocean_disable_title":"default","ocean_disable_heading":"default","ocean_post_title":"","ocean_post_subheading":"","ocean_post_title_style":"","ocean_post_title_background_color":"","ocean_post_title_background":0,"ocean_post_title_bg_image_position":"","ocean_post_title_bg_image_attachment":"","ocean_post_title_bg_image_repeat":"","ocean_post_title_bg_image_size":"","ocean_post_title_height":0,"ocean_post_title_bg_overlay":0.5,"ocean_post_title_bg_overlay_color":"","ocean_disable_breadcrumbs":"default","ocean_breadcrumbs_color":"","ocean_breadcrumbs_separator_color":"","ocean_breadcrumbs_links_color":"","ocean_breadcrumbs_links_hover_color":"","ocean_display_footer_widgets":"default","ocean_display_footer_bottom":"default","ocean_custom_footer_template":"","ocean_post_oembed":"","ocean_post_self_hosted_media":"","ocean_post_video_embed":"","ocean_link_format":"","ocean_link_format_target":"self","ocean_quote_format":"","ocean_quote_format_link":"post","ocean_gallery_link_images":"off","ocean_gallery_id":[],"footnotes":""},"categories":[8],"tags":[],"class_list":["post-20455","post","type-post","status-publish","format-standard","hentry","category-noticias","entry"],"yoast_head":"<!-- This site is optimized with the Yoast SEO plugin v26.5 - https:\/\/yoast.com\/wordpress\/plugins\/seo\/ -->\n<title>UENF realiza Sess\u00e3o Solene do Conselho Universit\u00e1rio pelos seus 30 anos de vida - UENF - Universidade Estadual do Norte Fluminense Darcy Ribeiro<\/title>\n<meta name=\"robots\" content=\"noindex, follow, max-snippet:-1, max-image-preview:large, max-video-preview:-1\" \/>\n<meta property=\"og:locale\" content=\"pt_BR\" \/>\n<meta property=\"og:type\" content=\"article\" \/>\n<meta property=\"og:title\" content=\"UENF realiza Sess\u00e3o Solene do Conselho Universit\u00e1rio pelos seus 30 anos de vida - UENF - Universidade Estadual do Norte Fluminense Darcy Ribeiro\" \/>\n<meta property=\"og:description\" content=\"Com o audit\u00f3rio do Centro de Conven\u00e7\u00f5es Oscar Niemeyer lotado, foi realizada na tarde da \u00faltima quarta-feira, 16\/08\/23, a Sess\u00e3o Solene do Conselho Universit\u00e1rio (CONSUNI) em homenagem aos 30 anos da UENF. Durante o evento, foram feitas homenagens a 45 servidores da Universidade, al\u00e9m da entrega da Medalha Darcy Ribeiro \u2014 honraria m\u00e1xima concedida pela [&hellip;]\" \/>\n<meta property=\"og:url\" content=\"https:\/\/portal1.uenf.br\/portal\/noticias\/uenf-realiza-sessao-solene-do-conselho-universitario-pelos-seus-30-anos-de-vida\/\" \/>\n<meta property=\"og:site_name\" content=\"UENF - Universidade Estadual do Norte Fluminense Darcy Ribeiro\" \/>\n<meta property=\"article:published_time\" content=\"2023-08-17T19:05:08+00:00\" \/>\n<meta property=\"og:image\" content=\"https:\/\/uenf.br\/portal\/wp-content\/uploads\/2023\/08\/Consuni2-1024x682.jpeg\" \/>\n<meta name=\"author\" content=\"admin\" \/>\n<meta name=\"twitter:card\" content=\"summary_large_image\" \/>\n<meta name=\"twitter:label1\" content=\"Escrito por\" \/>\n\t<meta name=\"twitter:data1\" content=\"admin\" \/>\n\t<meta name=\"twitter:label2\" content=\"Est. tempo de leitura\" \/>\n\t<meta name=\"twitter:data2\" content=\"5 minutos\" \/>\n<script type=\"application\/ld+json\" class=\"yoast-schema-graph\">{\"@context\":\"https:\/\/schema.org\",\"@graph\":[{\"@type\":\"Article\",\"@id\":\"https:\/\/portal1.uenf.br\/portal\/noticias\/uenf-realiza-sessao-solene-do-conselho-universitario-pelos-seus-30-anos-de-vida\/#article\",\"isPartOf\":{\"@id\":\"https:\/\/portal1.uenf.br\/portal\/noticias\/uenf-realiza-sessao-solene-do-conselho-universitario-pelos-seus-30-anos-de-vida\/\"},\"author\":{\"name\":\"admin\",\"@id\":\"https:\/\/portal1.uenf.br\/portal\/#\/schema\/person\/068abbf03b6f8478c845bc8ded9270c7\"},\"headline\":\"UENF realiza Sess\u00e3o Solene do Conselho Universit\u00e1rio pelos seus 30 anos de vida\",\"datePublished\":\"2023-08-17T19:05:08+00:00\",\"mainEntityOfPage\":{\"@id\":\"https:\/\/portal1.uenf.br\/portal\/noticias\/uenf-realiza-sessao-solene-do-conselho-universitario-pelos-seus-30-anos-de-vida\/\"},\"wordCount\":937,\"publisher\":{\"@id\":\"https:\/\/portal1.uenf.br\/portal\/#organization\"},\"image\":{\"@id\":\"https:\/\/portal1.uenf.br\/portal\/noticias\/uenf-realiza-sessao-solene-do-conselho-universitario-pelos-seus-30-anos-de-vida\/#primaryimage\"},\"thumbnailUrl\":\"https:\/\/uenf.br\/portal\/wp-content\/uploads\/2023\/08\/Consuni2-1024x682.jpeg\",\"articleSection\":[\"Not\u00edcias\"],\"inLanguage\":\"pt-BR\"},{\"@type\":\"WebPage\",\"@id\":\"https:\/\/portal1.uenf.br\/portal\/noticias\/uenf-realiza-sessao-solene-do-conselho-universitario-pelos-seus-30-anos-de-vida\/\",\"url\":\"https:\/\/portal1.uenf.br\/portal\/noticias\/uenf-realiza-sessao-solene-do-conselho-universitario-pelos-seus-30-anos-de-vida\/\",\"name\":\"UENF realiza Sess\u00e3o Solene do Conselho Universit\u00e1rio pelos seus 30 anos de vida - UENF - Universidade Estadual do Norte Fluminense Darcy Ribeiro\",\"isPartOf\":{\"@id\":\"https:\/\/portal1.uenf.br\/portal\/#website\"},\"primaryImageOfPage\":{\"@id\":\"https:\/\/portal1.uenf.br\/portal\/noticias\/uenf-realiza-sessao-solene-do-conselho-universitario-pelos-seus-30-anos-de-vida\/#primaryimage\"},\"image\":{\"@id\":\"https:\/\/portal1.uenf.br\/portal\/noticias\/uenf-realiza-sessao-solene-do-conselho-universitario-pelos-seus-30-anos-de-vida\/#primaryimage\"},\"thumbnailUrl\":\"https:\/\/uenf.br\/portal\/wp-content\/uploads\/2023\/08\/Consuni2-1024x682.jpeg\",\"datePublished\":\"2023-08-17T19:05:08+00:00\",\"breadcrumb\":{\"@id\":\"https:\/\/portal1.uenf.br\/portal\/noticias\/uenf-realiza-sessao-solene-do-conselho-universitario-pelos-seus-30-anos-de-vida\/#breadcrumb\"},\"inLanguage\":\"pt-BR\",\"potentialAction\":[{\"@type\":\"ReadAction\",\"target\":[\"https:\/\/portal1.uenf.br\/portal\/noticias\/uenf-realiza-sessao-solene-do-conselho-universitario-pelos-seus-30-anos-de-vida\/\"]}]},{\"@type\":\"ImageObject\",\"inLanguage\":\"pt-BR\",\"@id\":\"https:\/\/portal1.uenf.br\/portal\/noticias\/uenf-realiza-sessao-solene-do-conselho-universitario-pelos-seus-30-anos-de-vida\/#primaryimage\",\"url\":\"https:\/\/uenf.br\/portal\/wp-content\/uploads\/2023\/08\/Consuni2-1024x682.jpeg\",\"contentUrl\":\"https:\/\/uenf.br\/portal\/wp-content\/uploads\/2023\/08\/Consuni2-1024x682.jpeg\"},{\"@type\":\"BreadcrumbList\",\"@id\":\"https:\/\/portal1.uenf.br\/portal\/noticias\/uenf-realiza-sessao-solene-do-conselho-universitario-pelos-seus-30-anos-de-vida\/#breadcrumb\",\"itemListElement\":[{\"@type\":\"ListItem\",\"position\":1,\"name\":\"In\u00edcio\",\"item\":\"https:\/\/portal1.uenf.br\/portal\/\"},{\"@type\":\"ListItem\",\"position\":2,\"name\":\"UENF realiza Sess\u00e3o Solene do Conselho Universit\u00e1rio pelos seus 30 anos de vida\"}]},{\"@type\":\"WebSite\",\"@id\":\"https:\/\/portal1.uenf.br\/portal\/#website\",\"url\":\"https:\/\/portal1.uenf.br\/portal\/\",\"name\":\"UENF - Universidade Estadual do Norte Fluminense Darcy Ribeiro\",\"description\":\"\",\"publisher\":{\"@id\":\"https:\/\/portal1.uenf.br\/portal\/#organization\"},\"potentialAction\":[{\"@type\":\"SearchAction\",\"target\":{\"@type\":\"EntryPoint\",\"urlTemplate\":\"https:\/\/portal1.uenf.br\/portal\/?s={search_term_string}\"},\"query-input\":{\"@type\":\"PropertyValueSpecification\",\"valueRequired\":true,\"valueName\":\"search_term_string\"}}],\"inLanguage\":\"pt-BR\"},{\"@type\":\"Organization\",\"@id\":\"https:\/\/portal1.uenf.br\/portal\/#organization\",\"name\":\"UENF - Universidade Estadual do Norte Fluminense Darcy Ribeiro\",\"url\":\"https:\/\/portal1.uenf.br\/portal\/\",\"logo\":{\"@type\":\"ImageObject\",\"inLanguage\":\"pt-BR\",\"@id\":\"https:\/\/portal1.uenf.br\/portal\/#\/schema\/logo\/image\/\",\"url\":\"https:\/\/portal1.uenf.br\/portal\/wp-content\/uploads\/2018\/06\/logo-uenf-invertido-1.png\",\"contentUrl\":\"https:\/\/portal1.uenf.br\/portal\/wp-content\/uploads\/2018\/06\/logo-uenf-invertido-1.png\",\"width\":482,\"height\":83,\"caption\":\"UENF - Universidade Estadual do Norte Fluminense Darcy Ribeiro\"},\"image\":{\"@id\":\"https:\/\/portal1.uenf.br\/portal\/#\/schema\/logo\/image\/\"}},{\"@type\":\"Person\",\"@id\":\"https:\/\/portal1.uenf.br\/portal\/#\/schema\/person\/068abbf03b6f8478c845bc8ded9270c7\",\"name\":\"admin\",\"image\":{\"@type\":\"ImageObject\",\"inLanguage\":\"pt-BR\",\"@id\":\"https:\/\/portal1.uenf.br\/portal\/#\/schema\/person\/image\/\",\"url\":\"https:\/\/secure.gravatar.com\/avatar\/e5ecf9e4fae0742f4b136f518195bafa7b2d3f7c709f4bdc6707588ef68a6e25?s=96&d=mm&r=g\",\"contentUrl\":\"https:\/\/secure.gravatar.com\/avatar\/e5ecf9e4fae0742f4b136f518195bafa7b2d3f7c709f4bdc6707588ef68a6e25?s=96&d=mm&r=g\",\"caption\":\"admin\"},\"sameAs\":[\"https:\/\/portal1.uenf.br\/portal\"],\"url\":\"https:\/\/portal1.uenf.br\/portal\/author\/edson\/\"}]}<\/script>\n<!-- \/ Yoast SEO plugin. -->","yoast_head_json":{"title":"UENF realiza Sess\u00e3o Solene do Conselho Universit\u00e1rio pelos seus 30 anos de vida - UENF - Universidade Estadual do Norte Fluminense Darcy Ribeiro","robots":{"index":"noindex","follow":"follow","max-snippet":"max-snippet:-1","max-image-preview":"max-image-preview:large","max-video-preview":"max-video-preview:-1"},"og_locale":"pt_BR","og_type":"article","og_title":"UENF realiza Sess\u00e3o Solene do Conselho Universit\u00e1rio pelos seus 30 anos de vida - UENF - Universidade Estadual do Norte Fluminense Darcy Ribeiro","og_description":"Com o audit\u00f3rio do Centro de Conven\u00e7\u00f5es Oscar Niemeyer lotado, foi realizada na tarde da \u00faltima quarta-feira, 16\/08\/23, a Sess\u00e3o Solene do Conselho Universit\u00e1rio (CONSUNI) em homenagem aos 30 anos da UENF. Durante o evento, foram feitas homenagens a 45 servidores da Universidade, al\u00e9m da entrega da Medalha Darcy Ribeiro \u2014 honraria m\u00e1xima concedida pela [&hellip;]","og_url":"https:\/\/portal1.uenf.br\/portal\/noticias\/uenf-realiza-sessao-solene-do-conselho-universitario-pelos-seus-30-anos-de-vida\/","og_site_name":"UENF - Universidade Estadual do Norte Fluminense Darcy Ribeiro","article_published_time":"2023-08-17T19:05:08+00:00","og_image":[{"url":"https:\/\/uenf.br\/portal\/wp-content\/uploads\/2023\/08\/Consuni2-1024x682.jpeg","type":"","width":"","height":""}],"author":"admin","twitter_card":"summary_large_image","twitter_misc":{"Escrito por":"admin","Est. tempo de leitura":"5 minutos"},"schema":{"@context":"https:\/\/schema.org","@graph":[{"@type":"Article","@id":"https:\/\/portal1.uenf.br\/portal\/noticias\/uenf-realiza-sessao-solene-do-conselho-universitario-pelos-seus-30-anos-de-vida\/#article","isPartOf":{"@id":"https:\/\/portal1.uenf.br\/portal\/noticias\/uenf-realiza-sessao-solene-do-conselho-universitario-pelos-seus-30-anos-de-vida\/"},"author":{"name":"admin","@id":"https:\/\/portal1.uenf.br\/portal\/#\/schema\/person\/068abbf03b6f8478c845bc8ded9270c7"},"headline":"UENF realiza Sess\u00e3o Solene do Conselho Universit\u00e1rio pelos seus 30 anos de vida","datePublished":"2023-08-17T19:05:08+00:00","mainEntityOfPage":{"@id":"https:\/\/portal1.uenf.br\/portal\/noticias\/uenf-realiza-sessao-solene-do-conselho-universitario-pelos-seus-30-anos-de-vida\/"},"wordCount":937,"publisher":{"@id":"https:\/\/portal1.uenf.br\/portal\/#organization"},"image":{"@id":"https:\/\/portal1.uenf.br\/portal\/noticias\/uenf-realiza-sessao-solene-do-conselho-universitario-pelos-seus-30-anos-de-vida\/#primaryimage"},"thumbnailUrl":"https:\/\/uenf.br\/portal\/wp-content\/uploads\/2023\/08\/Consuni2-1024x682.jpeg","articleSection":["Not\u00edcias"],"inLanguage":"pt-BR"},{"@type":"WebPage","@id":"https:\/\/portal1.uenf.br\/portal\/noticias\/uenf-realiza-sessao-solene-do-conselho-universitario-pelos-seus-30-anos-de-vida\/","url":"https:\/\/portal1.uenf.br\/portal\/noticias\/uenf-realiza-sessao-solene-do-conselho-universitario-pelos-seus-30-anos-de-vida\/","name":"UENF realiza Sess\u00e3o Solene do Conselho Universit\u00e1rio pelos seus 30 anos de vida - UENF - Universidade Estadual do Norte Fluminense Darcy Ribeiro","isPartOf":{"@id":"https:\/\/portal1.uenf.br\/portal\/#website"},"primaryImageOfPage":{"@id":"https:\/\/portal1.uenf.br\/portal\/noticias\/uenf-realiza-sessao-solene-do-conselho-universitario-pelos-seus-30-anos-de-vida\/#primaryimage"},"image":{"@id":"https:\/\/portal1.uenf.br\/portal\/noticias\/uenf-realiza-sessao-solene-do-conselho-universitario-pelos-seus-30-anos-de-vida\/#primaryimage"},"thumbnailUrl":"https:\/\/uenf.br\/portal\/wp-content\/uploads\/2023\/08\/Consuni2-1024x682.jpeg","datePublished":"2023-08-17T19:05:08+00:00","breadcrumb":{"@id":"https:\/\/portal1.uenf.br\/portal\/noticias\/uenf-realiza-sessao-solene-do-conselho-universitario-pelos-seus-30-anos-de-vida\/#breadcrumb"},"inLanguage":"pt-BR","potentialAction":[{"@type":"ReadAction","target":["https:\/\/portal1.uenf.br\/portal\/noticias\/uenf-realiza-sessao-solene-do-conselho-universitario-pelos-seus-30-anos-de-vida\/"]}]},{"@type":"ImageObject","inLanguage":"pt-BR","@id":"https:\/\/portal1.uenf.br\/portal\/noticias\/uenf-realiza-sessao-solene-do-conselho-universitario-pelos-seus-30-anos-de-vida\/#primaryimage","url":"https:\/\/uenf.br\/portal\/wp-content\/uploads\/2023\/08\/Consuni2-1024x682.jpeg","contentUrl":"https:\/\/uenf.br\/portal\/wp-content\/uploads\/2023\/08\/Consuni2-1024x682.jpeg"},{"@type":"BreadcrumbList","@id":"https:\/\/portal1.uenf.br\/portal\/noticias\/uenf-realiza-sessao-solene-do-conselho-universitario-pelos-seus-30-anos-de-vida\/#breadcrumb","itemListElement":[{"@type":"ListItem","position":1,"name":"In\u00edcio","item":"https:\/\/portal1.uenf.br\/portal\/"},{"@type":"ListItem","position":2,"name":"UENF realiza Sess\u00e3o Solene do Conselho Universit\u00e1rio pelos seus 30 anos de vida"}]},{"@type":"WebSite","@id":"https:\/\/portal1.uenf.br\/portal\/#website","url":"https:\/\/portal1.uenf.br\/portal\/","name":"UENF - Universidade Estadual do Norte Fluminense Darcy Ribeiro","description":"","publisher":{"@id":"https:\/\/portal1.uenf.br\/portal\/#organization"},"potentialAction":[{"@type":"SearchAction","target":{"@type":"EntryPoint","urlTemplate":"https:\/\/portal1.uenf.br\/portal\/?s={search_term_string}"},"query-input":{"@type":"PropertyValueSpecification","valueRequired":true,"valueName":"search_term_string"}}],"inLanguage":"pt-BR"},{"@type":"Organization","@id":"https:\/\/portal1.uenf.br\/portal\/#organization","name":"UENF - Universidade Estadual do Norte Fluminense Darcy Ribeiro","url":"https:\/\/portal1.uenf.br\/portal\/","logo":{"@type":"ImageObject","inLanguage":"pt-BR","@id":"https:\/\/portal1.uenf.br\/portal\/#\/schema\/logo\/image\/","url":"https:\/\/portal1.uenf.br\/portal\/wp-content\/uploads\/2018\/06\/logo-uenf-invertido-1.png","contentUrl":"https:\/\/portal1.uenf.br\/portal\/wp-content\/uploads\/2018\/06\/logo-uenf-invertido-1.png","width":482,"height":83,"caption":"UENF - Universidade Estadual do Norte Fluminense Darcy Ribeiro"},"image":{"@id":"https:\/\/portal1.uenf.br\/portal\/#\/schema\/logo\/image\/"}},{"@type":"Person","@id":"https:\/\/portal1.uenf.br\/portal\/#\/schema\/person\/068abbf03b6f8478c845bc8ded9270c7","name":"admin","image":{"@type":"ImageObject","inLanguage":"pt-BR","@id":"https:\/\/portal1.uenf.br\/portal\/#\/schema\/person\/image\/","url":"https:\/\/secure.gravatar.com\/avatar\/e5ecf9e4fae0742f4b136f518195bafa7b2d3f7c709f4bdc6707588ef68a6e25?s=96&d=mm&r=g","contentUrl":"https:\/\/secure.gravatar.com\/avatar\/e5ecf9e4fae0742f4b136f518195bafa7b2d3f7c709f4bdc6707588ef68a6e25?s=96&d=mm&r=g","caption":"admin"},"sameAs":["https:\/\/portal1.uenf.br\/portal"],"url":"https:\/\/portal1.uenf.br\/portal\/author\/edson\/"}]}},"_links":{"self":[{"href":"https:\/\/portal1.uenf.br\/portal\/wp-json\/wp\/v2\/posts\/20455","targetHints":{"allow":["GET"]}}],"collection":[{"href":"https:\/\/portal1.uenf.br\/portal\/wp-json\/wp\/v2\/posts"}],"about":[{"href":"https:\/\/portal1.uenf.br\/portal\/wp-json\/wp\/v2\/types\/post"}],"author":[{"embeddable":true,"href":"https:\/\/portal1.uenf.br\/portal\/wp-json\/wp\/v2\/users\/1"}],"replies":[{"embeddable":true,"href":"https:\/\/portal1.uenf.br\/portal\/wp-json\/wp\/v2\/comments?post=20455"}],"version-history":[{"count":0,"href":"https:\/\/portal1.uenf.br\/portal\/wp-json\/wp\/v2\/posts\/20455\/revisions"}],"wp:attachment":[{"href":"https:\/\/portal1.uenf.br\/portal\/wp-json\/wp\/v2\/media?parent=20455"}],"wp:term":[{"taxonomy":"category","embeddable":true,"href":"https:\/\/portal1.uenf.br\/portal\/wp-json\/wp\/v2\/categories?post=20455"},{"taxonomy":"post_tag","embeddable":true,"href":"https:\/\/portal1.uenf.br\/portal\/wp-json\/wp\/v2\/tags?post=20455"}],"curies":[{"name":"wp","href":"https:\/\/api.w.org\/{rel}","templated":true}]}}