{"id":20318,"date":"2023-08-09T12:33:56","date_gmt":"2023-08-09T15:33:56","guid":{"rendered":"https:\/\/uenf.br\/portal\/?p=20318"},"modified":"2023-08-09T12:33:56","modified_gmt":"2023-08-09T15:33:56","slug":"aniversario-de-30-anos-da-uenf-em-ritmo-de-rock","status":"publish","type":"post","link":"https:\/\/portal1.uenf.br\/portal\/noticias\/aniversario-de-30-anos-da-uenf-em-ritmo-de-rock\/","title":{"rendered":"Anivers\u00e1rio de 30 anos da UENF em ritmo de rock"},"content":{"rendered":"<div class=\"wp-block-image\">\n<figure class=\"aligncenter size-large is-resized\"><img fetchpriority=\"high\" decoding=\"async\" src=\"https:\/\/uenf.br\/portal\/wp-content\/uploads\/2023\/08\/Produto-de-Rock-1024x768.jpeg\" alt=\"\" class=\"wp-image-20320\" width=\"682\" height=\"512\"\/><\/figure>\n<\/div>\n\n\n<p>No ano de 1997, no anivers\u00e1rio de quatro anos da UENF, foi realizado o primeiro e \u00fanico Rock UENF. Uma das tr\u00eas bandas que tocaram no evento foi a Zaratustra, composta pelo j\u00e1 servidor da UENF, Gustavo Rangel, e os estudantes bolsistas da ent\u00e3o rec\u00e9m criada universidade, Edson Barreto, Frank Souto e C\u00e9sar Gomes.<\/p>\n\n\n\n<p>Aos 49 anos, o servidor se recorda do Rock UENF.&nbsp;<\/p>\n\n\n\n<p>\u2014 Deu uma galera na quadra do CCH. Foi muito bacana aquela coisa bem jovem, de trincheira rockeira \u2014 lembra Gustavo.<\/p>\n\n\n\n<p>Vinte e seis anos depois, Gustavo voltar\u00e1 a cantar e tocar no anivers\u00e1rio da UENF, desta vez com a banda Produto de Rock, da qual \u00e9 l\u00edder, vocalista e violonista. Ser\u00e1 no dia 16 de agosto, \u00e0s 18 horas, na abertura do evento gratuito, comemorativo pelos 30 anos da Universidade. Gustavo tamb\u00e9m completa este ano, em dezembro, 30 anos como servidor da UENF.<\/p>\n\n\n\n<p>\u2014 Entrei com 19 anos na UENF. Este ano eu completo 30 anos de institui\u00e7\u00e3o, lotado na Casa de Cultura Villa Maria. Vivo esta Universidade, da qual muito me orgulho, nestes 30 anos muito intensamente. Tenho verdadeira paix\u00e3o. Eu me sinto honrado por trabalhar em um local e em uma institui\u00e7\u00e3o que eu gosto. Trabalho naquilo que eu amo, sou muito feliz e realizado \u2014 afirma Gustavo.<\/p>\n\n\n\n<p>O artista est\u00e1 triplamente feliz em cantar e tocar no anivers\u00e1rio da UENF, pois o grupo musical tamb\u00e9m est\u00e1 completando 30 anos.<\/p>\n\n\n\n<p>\u2014 O primeiro show da banda foi em 1993. Meu irm\u00e3o Marco Rangel \u00e9 o fundador da banda. Eu era mais novo, mas j\u00e1 acompanhava a banda em ensaios. Ent\u00e3o s\u00e3o 30 anos de banda, 30 anos de Villa Maria e 30 anos da universidade. Sou muito feliz e grato por esta oportunidade e esta lembran\u00e7a que a Universidade teve de me prestar uma homenagem como servidor. Sinto-me homenageado e honrado e estendo esta honraria a todos os meus colegas da institui\u00e7\u00e3o \u2014 diz Gustavo.<\/p>\n\n\n\n<p>Sobre o repert\u00f3rio do show do dia 16\/08, denominado \u201cCelebra\u00e7\u00e3o\u201d, Gustavo antecipa que ser\u00e1 de m\u00fasicas autorais da banda, que s\u00e3o composi\u00e7\u00f5es dele; poemas de autores campistas, como \u00c1lvaro Marcos Teles e Artur Gomes, musicados pela banda; releituras de m\u00fasicas da MPB, como de Almir Sater, Z\u00e9 Ramalho e Alceu Valen\u00e7a, em ritmo de rock; e cl\u00e1ssicos do Brock, como Legi\u00e3o Urbana, Bar\u00e3o Vermelho e Lob\u00e3o.<\/p>\n\n\n\n<p>Gustavo considera de extrema import\u00e2ncia valorizar a m\u00fasica brasileira. Segundo ele, o forte da banda sempre foi o rock brasileiro. &nbsp;<\/p>\n\n\n<div class=\"wp-block-image\">\n<figure class=\"aligncenter size-full is-resized\"><img decoding=\"async\" src=\"https:\/\/uenf.br\/portal\/wp-content\/uploads\/2023\/08\/Gustavo-Rangel-1.jpeg\" alt=\"\" class=\"wp-image-20322\" width=\"553\" height=\"737\"\/><\/figure>\n<\/div>\n\n\n<p>\u2014 \u00c9 mais f\u00e1cil a gente cantar, tocar,&nbsp;levar a mensagem quando \u00e9 feita na nossa l\u00edngua. A gente gosta de valorizar a nossa l\u00edngua e valorizar a nossa regi\u00e3o. \u00c9 uma oportunidade \u00fanica. Este repert\u00f3rio foi feito exclusivamente em homenagem \u00e0 universidade \u2014 informou Gustavo, que tamb\u00e9m \u00e9 jornalista formado.<\/p>\n\n\n\n<p>A banda Produto de Rock \u00e9 formada por Gustavo Rangel (voz e viol\u00e3o), Marco Rangel (baixo), Val\u00e9ria Braga (percuss\u00e3o), Filippe Caldas (guitarra) e Lucas Bastos (bateria).<\/p>\n\n\n\n<p>O filho de Gustavo, Gabriel Aino, de 21 anos, tamb\u00e9m tem uma rela\u00e7\u00e3o com a UENF, sendo estudante de Ci\u00eancias Biol\u00f3gicas. O pai comentou sobre a import\u00e2ncia da UENF para a vida profissional do seu filho. <\/p>\n\n\n\n<p>\u2014 \u00c9 outra satisfa\u00e7\u00e3o enorme como servidor ter meu filho em uma universidade do quilate que \u00e9 a UENF, com todo o reconhecimento que a institui\u00e7\u00e3o tem nacionalmente e at\u00e9 internacionalmente. Sei o quanto o fato de ser formado na UENF vai agregar ao curr\u00edculo dele. Muito em breve meu filho vai ser o mais novo pesquisador da UENF \u2014 conta Gustavo.<\/p>\n\n\n\n<p>A programa\u00e7\u00e3o do anivers\u00e1rio de 30 anos da UENF ter\u00e1 ainda shows da cantora Roberta Campos e da Orquestra Petrobras Sinf\u00f4nica, que trar\u00e1 a Campos dos Goytacazes o repert\u00f3rio \u201cNa trilha do rock\u201d com m\u00fasicas do Rock dos anos 1980.<\/p>\n","protected":false},"excerpt":{"rendered":"<p>No ano de 1997, no anivers\u00e1rio de quatro anos da UENF, foi realizado o primeiro e \u00fanico Rock UENF. Uma das tr\u00eas bandas que tocaram no evento foi a Zaratustra, composta pelo j\u00e1 servidor da UENF, Gustavo Rangel, e os estudantes bolsistas da ent\u00e3o rec\u00e9m criada universidade, Edson Barreto, Frank Souto e C\u00e9sar Gomes. Aos [&hellip;]<\/p>\n","protected":false},"author":1,"featured_media":0,"comment_status":"closed","ping_status":"closed","sticky":false,"template":"","format":"standard","meta":{"_eb_attr":"","ocean_post_layout":"","ocean_both_sidebars_style":"","ocean_both_sidebars_content_width":0,"ocean_both_sidebars_sidebars_width":0,"ocean_sidebar":"","ocean_second_sidebar":"","ocean_disable_margins":"enable","ocean_add_body_class":"","ocean_shortcode_before_top_bar":"","ocean_shortcode_after_top_bar":"","ocean_shortcode_before_header":"","ocean_shortcode_after_header":"","ocean_has_shortcode":"","ocean_shortcode_after_title":"","ocean_shortcode_before_footer_widgets":"","ocean_shortcode_after_footer_widgets":"","ocean_shortcode_before_footer_bottom":"","ocean_shortcode_after_footer_bottom":"","ocean_display_top_bar":"default","ocean_display_header":"default","ocean_header_style":"","ocean_center_header_left_menu":"","ocean_custom_header_template":"","ocean_custom_logo":0,"ocean_custom_retina_logo":0,"ocean_custom_logo_max_width":0,"ocean_custom_logo_tablet_max_width":0,"ocean_custom_logo_mobile_max_width":0,"ocean_custom_logo_max_height":0,"ocean_custom_logo_tablet_max_height":0,"ocean_custom_logo_mobile_max_height":0,"ocean_header_custom_menu":"","ocean_menu_typo_font_family":"","ocean_menu_typo_font_subset":"","ocean_menu_typo_font_size":0,"ocean_menu_typo_font_size_tablet":0,"ocean_menu_typo_font_size_mobile":0,"ocean_menu_typo_font_size_unit":"px","ocean_menu_typo_font_weight":"","ocean_menu_typo_font_weight_tablet":"","ocean_menu_typo_font_weight_mobile":"","ocean_menu_typo_transform":"","ocean_menu_typo_transform_tablet":"","ocean_menu_typo_transform_mobile":"","ocean_menu_typo_line_height":0,"ocean_menu_typo_line_height_tablet":0,"ocean_menu_typo_line_height_mobile":0,"ocean_menu_typo_line_height_unit":"","ocean_menu_typo_spacing":0,"ocean_menu_typo_spacing_tablet":0,"ocean_menu_typo_spacing_mobile":0,"ocean_menu_typo_spacing_unit":"","ocean_menu_link_color":"","ocean_menu_link_color_hover":"","ocean_menu_link_color_active":"","ocean_menu_link_background":"","ocean_menu_link_hover_background":"","ocean_menu_link_active_background":"","ocean_menu_social_links_bg":"","ocean_menu_social_hover_links_bg":"","ocean_menu_social_links_color":"","ocean_menu_social_hover_links_color":"","ocean_disable_title":"default","ocean_disable_heading":"default","ocean_post_title":"","ocean_post_subheading":"","ocean_post_title_style":"","ocean_post_title_background_color":"","ocean_post_title_background":0,"ocean_post_title_bg_image_position":"","ocean_post_title_bg_image_attachment":"","ocean_post_title_bg_image_repeat":"","ocean_post_title_bg_image_size":"","ocean_post_title_height":0,"ocean_post_title_bg_overlay":0.5,"ocean_post_title_bg_overlay_color":"","ocean_disable_breadcrumbs":"default","ocean_breadcrumbs_color":"","ocean_breadcrumbs_separator_color":"","ocean_breadcrumbs_links_color":"","ocean_breadcrumbs_links_hover_color":"","ocean_display_footer_widgets":"default","ocean_display_footer_bottom":"default","ocean_custom_footer_template":"","ocean_post_oembed":"","ocean_post_self_hosted_media":"","ocean_post_video_embed":"","ocean_link_format":"","ocean_link_format_target":"self","ocean_quote_format":"","ocean_quote_format_link":"post","ocean_gallery_link_images":"off","ocean_gallery_id":[],"footnotes":""},"categories":[8],"tags":[],"class_list":["post-20318","post","type-post","status-publish","format-standard","hentry","category-noticias","entry"],"yoast_head":"<!-- This site is optimized with the Yoast SEO plugin v26.5 - https:\/\/yoast.com\/wordpress\/plugins\/seo\/ -->\n<title>Anivers\u00e1rio de 30 anos da UENF em ritmo de rock - UENF - Universidade Estadual do Norte Fluminense Darcy Ribeiro<\/title>\n<meta name=\"robots\" content=\"noindex, follow, max-snippet:-1, max-image-preview:large, max-video-preview:-1\" \/>\n<meta property=\"og:locale\" content=\"pt_BR\" \/>\n<meta property=\"og:type\" content=\"article\" \/>\n<meta property=\"og:title\" content=\"Anivers\u00e1rio de 30 anos da UENF em ritmo de rock - UENF - Universidade Estadual do Norte Fluminense Darcy Ribeiro\" \/>\n<meta property=\"og:description\" content=\"No ano de 1997, no anivers\u00e1rio de quatro anos da UENF, foi realizado o primeiro e \u00fanico Rock UENF. Uma das tr\u00eas bandas que tocaram no evento foi a Zaratustra, composta pelo j\u00e1 servidor da UENF, Gustavo Rangel, e os estudantes bolsistas da ent\u00e3o rec\u00e9m criada universidade, Edson Barreto, Frank Souto e C\u00e9sar Gomes. Aos [&hellip;]\" \/>\n<meta property=\"og:url\" content=\"https:\/\/portal1.uenf.br\/portal\/noticias\/aniversario-de-30-anos-da-uenf-em-ritmo-de-rock\/\" \/>\n<meta property=\"og:site_name\" content=\"UENF - Universidade Estadual do Norte Fluminense Darcy Ribeiro\" \/>\n<meta property=\"article:published_time\" content=\"2023-08-09T15:33:56+00:00\" \/>\n<meta property=\"og:image\" content=\"https:\/\/uenf.br\/portal\/wp-content\/uploads\/2023\/08\/Produto-de-Rock-1024x768.jpeg\" \/>\n<meta name=\"author\" content=\"admin\" \/>\n<meta name=\"twitter:card\" content=\"summary_large_image\" \/>\n<meta name=\"twitter:label1\" content=\"Escrito por\" \/>\n\t<meta name=\"twitter:data1\" content=\"admin\" \/>\n\t<meta name=\"twitter:label2\" content=\"Est. tempo de leitura\" \/>\n\t<meta name=\"twitter:data2\" content=\"3 minutos\" \/>\n<script type=\"application\/ld+json\" class=\"yoast-schema-graph\">{\"@context\":\"https:\/\/schema.org\",\"@graph\":[{\"@type\":\"Article\",\"@id\":\"https:\/\/portal1.uenf.br\/portal\/noticias\/aniversario-de-30-anos-da-uenf-em-ritmo-de-rock\/#article\",\"isPartOf\":{\"@id\":\"https:\/\/portal1.uenf.br\/portal\/noticias\/aniversario-de-30-anos-da-uenf-em-ritmo-de-rock\/\"},\"author\":{\"name\":\"admin\",\"@id\":\"https:\/\/portal1.uenf.br\/portal\/#\/schema\/person\/068abbf03b6f8478c845bc8ded9270c7\"},\"headline\":\"Anivers\u00e1rio de 30 anos da UENF em ritmo de rock\",\"datePublished\":\"2023-08-09T15:33:56+00:00\",\"mainEntityOfPage\":{\"@id\":\"https:\/\/portal1.uenf.br\/portal\/noticias\/aniversario-de-30-anos-da-uenf-em-ritmo-de-rock\/\"},\"wordCount\":651,\"publisher\":{\"@id\":\"https:\/\/portal1.uenf.br\/portal\/#organization\"},\"image\":{\"@id\":\"https:\/\/portal1.uenf.br\/portal\/noticias\/aniversario-de-30-anos-da-uenf-em-ritmo-de-rock\/#primaryimage\"},\"thumbnailUrl\":\"https:\/\/uenf.br\/portal\/wp-content\/uploads\/2023\/08\/Produto-de-Rock-1024x768.jpeg\",\"articleSection\":[\"Not\u00edcias\"],\"inLanguage\":\"pt-BR\"},{\"@type\":\"WebPage\",\"@id\":\"https:\/\/portal1.uenf.br\/portal\/noticias\/aniversario-de-30-anos-da-uenf-em-ritmo-de-rock\/\",\"url\":\"https:\/\/portal1.uenf.br\/portal\/noticias\/aniversario-de-30-anos-da-uenf-em-ritmo-de-rock\/\",\"name\":\"Anivers\u00e1rio de 30 anos da UENF em ritmo de rock - UENF - Universidade Estadual do Norte Fluminense Darcy Ribeiro\",\"isPartOf\":{\"@id\":\"https:\/\/portal1.uenf.br\/portal\/#website\"},\"primaryImageOfPage\":{\"@id\":\"https:\/\/portal1.uenf.br\/portal\/noticias\/aniversario-de-30-anos-da-uenf-em-ritmo-de-rock\/#primaryimage\"},\"image\":{\"@id\":\"https:\/\/portal1.uenf.br\/portal\/noticias\/aniversario-de-30-anos-da-uenf-em-ritmo-de-rock\/#primaryimage\"},\"thumbnailUrl\":\"https:\/\/uenf.br\/portal\/wp-content\/uploads\/2023\/08\/Produto-de-Rock-1024x768.jpeg\",\"datePublished\":\"2023-08-09T15:33:56+00:00\",\"breadcrumb\":{\"@id\":\"https:\/\/portal1.uenf.br\/portal\/noticias\/aniversario-de-30-anos-da-uenf-em-ritmo-de-rock\/#breadcrumb\"},\"inLanguage\":\"pt-BR\",\"potentialAction\":[{\"@type\":\"ReadAction\",\"target\":[\"https:\/\/portal1.uenf.br\/portal\/noticias\/aniversario-de-30-anos-da-uenf-em-ritmo-de-rock\/\"]}]},{\"@type\":\"ImageObject\",\"inLanguage\":\"pt-BR\",\"@id\":\"https:\/\/portal1.uenf.br\/portal\/noticias\/aniversario-de-30-anos-da-uenf-em-ritmo-de-rock\/#primaryimage\",\"url\":\"https:\/\/uenf.br\/portal\/wp-content\/uploads\/2023\/08\/Produto-de-Rock-1024x768.jpeg\",\"contentUrl\":\"https:\/\/uenf.br\/portal\/wp-content\/uploads\/2023\/08\/Produto-de-Rock-1024x768.jpeg\"},{\"@type\":\"BreadcrumbList\",\"@id\":\"https:\/\/portal1.uenf.br\/portal\/noticias\/aniversario-de-30-anos-da-uenf-em-ritmo-de-rock\/#breadcrumb\",\"itemListElement\":[{\"@type\":\"ListItem\",\"position\":1,\"name\":\"In\u00edcio\",\"item\":\"https:\/\/portal1.uenf.br\/portal\/\"},{\"@type\":\"ListItem\",\"position\":2,\"name\":\"Anivers\u00e1rio de 30 anos da UENF em ritmo de rock\"}]},{\"@type\":\"WebSite\",\"@id\":\"https:\/\/portal1.uenf.br\/portal\/#website\",\"url\":\"https:\/\/portal1.uenf.br\/portal\/\",\"name\":\"UENF - Universidade Estadual do Norte Fluminense Darcy Ribeiro\",\"description\":\"\",\"publisher\":{\"@id\":\"https:\/\/portal1.uenf.br\/portal\/#organization\"},\"potentialAction\":[{\"@type\":\"SearchAction\",\"target\":{\"@type\":\"EntryPoint\",\"urlTemplate\":\"https:\/\/portal1.uenf.br\/portal\/?s={search_term_string}\"},\"query-input\":{\"@type\":\"PropertyValueSpecification\",\"valueRequired\":true,\"valueName\":\"search_term_string\"}}],\"inLanguage\":\"pt-BR\"},{\"@type\":\"Organization\",\"@id\":\"https:\/\/portal1.uenf.br\/portal\/#organization\",\"name\":\"UENF - Universidade Estadual do Norte Fluminense Darcy Ribeiro\",\"url\":\"https:\/\/portal1.uenf.br\/portal\/\",\"logo\":{\"@type\":\"ImageObject\",\"inLanguage\":\"pt-BR\",\"@id\":\"https:\/\/portal1.uenf.br\/portal\/#\/schema\/logo\/image\/\",\"url\":\"https:\/\/portal1.uenf.br\/portal\/wp-content\/uploads\/2018\/06\/logo-uenf-invertido-1.png\",\"contentUrl\":\"https:\/\/portal1.uenf.br\/portal\/wp-content\/uploads\/2018\/06\/logo-uenf-invertido-1.png\",\"width\":482,\"height\":83,\"caption\":\"UENF - Universidade Estadual do Norte Fluminense Darcy Ribeiro\"},\"image\":{\"@id\":\"https:\/\/portal1.uenf.br\/portal\/#\/schema\/logo\/image\/\"}},{\"@type\":\"Person\",\"@id\":\"https:\/\/portal1.uenf.br\/portal\/#\/schema\/person\/068abbf03b6f8478c845bc8ded9270c7\",\"name\":\"admin\",\"image\":{\"@type\":\"ImageObject\",\"inLanguage\":\"pt-BR\",\"@id\":\"https:\/\/portal1.uenf.br\/portal\/#\/schema\/person\/image\/\",\"url\":\"https:\/\/secure.gravatar.com\/avatar\/e5ecf9e4fae0742f4b136f518195bafa7b2d3f7c709f4bdc6707588ef68a6e25?s=96&d=mm&r=g\",\"contentUrl\":\"https:\/\/secure.gravatar.com\/avatar\/e5ecf9e4fae0742f4b136f518195bafa7b2d3f7c709f4bdc6707588ef68a6e25?s=96&d=mm&r=g\",\"caption\":\"admin\"},\"sameAs\":[\"https:\/\/portal1.uenf.br\/portal\"],\"url\":\"https:\/\/portal1.uenf.br\/portal\/author\/edson\/\"}]}<\/script>\n<!-- \/ Yoast SEO plugin. -->","yoast_head_json":{"title":"Anivers\u00e1rio de 30 anos da UENF em ritmo de rock - UENF - Universidade Estadual do Norte Fluminense Darcy Ribeiro","robots":{"index":"noindex","follow":"follow","max-snippet":"max-snippet:-1","max-image-preview":"max-image-preview:large","max-video-preview":"max-video-preview:-1"},"og_locale":"pt_BR","og_type":"article","og_title":"Anivers\u00e1rio de 30 anos da UENF em ritmo de rock - UENF - Universidade Estadual do Norte Fluminense Darcy Ribeiro","og_description":"No ano de 1997, no anivers\u00e1rio de quatro anos da UENF, foi realizado o primeiro e \u00fanico Rock UENF. Uma das tr\u00eas bandas que tocaram no evento foi a Zaratustra, composta pelo j\u00e1 servidor da UENF, Gustavo Rangel, e os estudantes bolsistas da ent\u00e3o rec\u00e9m criada universidade, Edson Barreto, Frank Souto e C\u00e9sar Gomes. Aos [&hellip;]","og_url":"https:\/\/portal1.uenf.br\/portal\/noticias\/aniversario-de-30-anos-da-uenf-em-ritmo-de-rock\/","og_site_name":"UENF - Universidade Estadual do Norte Fluminense Darcy Ribeiro","article_published_time":"2023-08-09T15:33:56+00:00","og_image":[{"url":"https:\/\/uenf.br\/portal\/wp-content\/uploads\/2023\/08\/Produto-de-Rock-1024x768.jpeg","type":"","width":"","height":""}],"author":"admin","twitter_card":"summary_large_image","twitter_misc":{"Escrito por":"admin","Est. tempo de leitura":"3 minutos"},"schema":{"@context":"https:\/\/schema.org","@graph":[{"@type":"Article","@id":"https:\/\/portal1.uenf.br\/portal\/noticias\/aniversario-de-30-anos-da-uenf-em-ritmo-de-rock\/#article","isPartOf":{"@id":"https:\/\/portal1.uenf.br\/portal\/noticias\/aniversario-de-30-anos-da-uenf-em-ritmo-de-rock\/"},"author":{"name":"admin","@id":"https:\/\/portal1.uenf.br\/portal\/#\/schema\/person\/068abbf03b6f8478c845bc8ded9270c7"},"headline":"Anivers\u00e1rio de 30 anos da UENF em ritmo de rock","datePublished":"2023-08-09T15:33:56+00:00","mainEntityOfPage":{"@id":"https:\/\/portal1.uenf.br\/portal\/noticias\/aniversario-de-30-anos-da-uenf-em-ritmo-de-rock\/"},"wordCount":651,"publisher":{"@id":"https:\/\/portal1.uenf.br\/portal\/#organization"},"image":{"@id":"https:\/\/portal1.uenf.br\/portal\/noticias\/aniversario-de-30-anos-da-uenf-em-ritmo-de-rock\/#primaryimage"},"thumbnailUrl":"https:\/\/uenf.br\/portal\/wp-content\/uploads\/2023\/08\/Produto-de-Rock-1024x768.jpeg","articleSection":["Not\u00edcias"],"inLanguage":"pt-BR"},{"@type":"WebPage","@id":"https:\/\/portal1.uenf.br\/portal\/noticias\/aniversario-de-30-anos-da-uenf-em-ritmo-de-rock\/","url":"https:\/\/portal1.uenf.br\/portal\/noticias\/aniversario-de-30-anos-da-uenf-em-ritmo-de-rock\/","name":"Anivers\u00e1rio de 30 anos da UENF em ritmo de rock - UENF - Universidade Estadual do Norte Fluminense Darcy Ribeiro","isPartOf":{"@id":"https:\/\/portal1.uenf.br\/portal\/#website"},"primaryImageOfPage":{"@id":"https:\/\/portal1.uenf.br\/portal\/noticias\/aniversario-de-30-anos-da-uenf-em-ritmo-de-rock\/#primaryimage"},"image":{"@id":"https:\/\/portal1.uenf.br\/portal\/noticias\/aniversario-de-30-anos-da-uenf-em-ritmo-de-rock\/#primaryimage"},"thumbnailUrl":"https:\/\/uenf.br\/portal\/wp-content\/uploads\/2023\/08\/Produto-de-Rock-1024x768.jpeg","datePublished":"2023-08-09T15:33:56+00:00","breadcrumb":{"@id":"https:\/\/portal1.uenf.br\/portal\/noticias\/aniversario-de-30-anos-da-uenf-em-ritmo-de-rock\/#breadcrumb"},"inLanguage":"pt-BR","potentialAction":[{"@type":"ReadAction","target":["https:\/\/portal1.uenf.br\/portal\/noticias\/aniversario-de-30-anos-da-uenf-em-ritmo-de-rock\/"]}]},{"@type":"ImageObject","inLanguage":"pt-BR","@id":"https:\/\/portal1.uenf.br\/portal\/noticias\/aniversario-de-30-anos-da-uenf-em-ritmo-de-rock\/#primaryimage","url":"https:\/\/uenf.br\/portal\/wp-content\/uploads\/2023\/08\/Produto-de-Rock-1024x768.jpeg","contentUrl":"https:\/\/uenf.br\/portal\/wp-content\/uploads\/2023\/08\/Produto-de-Rock-1024x768.jpeg"},{"@type":"BreadcrumbList","@id":"https:\/\/portal1.uenf.br\/portal\/noticias\/aniversario-de-30-anos-da-uenf-em-ritmo-de-rock\/#breadcrumb","itemListElement":[{"@type":"ListItem","position":1,"name":"In\u00edcio","item":"https:\/\/portal1.uenf.br\/portal\/"},{"@type":"ListItem","position":2,"name":"Anivers\u00e1rio de 30 anos da UENF em ritmo de rock"}]},{"@type":"WebSite","@id":"https:\/\/portal1.uenf.br\/portal\/#website","url":"https:\/\/portal1.uenf.br\/portal\/","name":"UENF - Universidade Estadual do Norte Fluminense Darcy Ribeiro","description":"","publisher":{"@id":"https:\/\/portal1.uenf.br\/portal\/#organization"},"potentialAction":[{"@type":"SearchAction","target":{"@type":"EntryPoint","urlTemplate":"https:\/\/portal1.uenf.br\/portal\/?s={search_term_string}"},"query-input":{"@type":"PropertyValueSpecification","valueRequired":true,"valueName":"search_term_string"}}],"inLanguage":"pt-BR"},{"@type":"Organization","@id":"https:\/\/portal1.uenf.br\/portal\/#organization","name":"UENF - Universidade Estadual do Norte Fluminense Darcy Ribeiro","url":"https:\/\/portal1.uenf.br\/portal\/","logo":{"@type":"ImageObject","inLanguage":"pt-BR","@id":"https:\/\/portal1.uenf.br\/portal\/#\/schema\/logo\/image\/","url":"https:\/\/portal1.uenf.br\/portal\/wp-content\/uploads\/2018\/06\/logo-uenf-invertido-1.png","contentUrl":"https:\/\/portal1.uenf.br\/portal\/wp-content\/uploads\/2018\/06\/logo-uenf-invertido-1.png","width":482,"height":83,"caption":"UENF - Universidade Estadual do Norte Fluminense Darcy Ribeiro"},"image":{"@id":"https:\/\/portal1.uenf.br\/portal\/#\/schema\/logo\/image\/"}},{"@type":"Person","@id":"https:\/\/portal1.uenf.br\/portal\/#\/schema\/person\/068abbf03b6f8478c845bc8ded9270c7","name":"admin","image":{"@type":"ImageObject","inLanguage":"pt-BR","@id":"https:\/\/portal1.uenf.br\/portal\/#\/schema\/person\/image\/","url":"https:\/\/secure.gravatar.com\/avatar\/e5ecf9e4fae0742f4b136f518195bafa7b2d3f7c709f4bdc6707588ef68a6e25?s=96&d=mm&r=g","contentUrl":"https:\/\/secure.gravatar.com\/avatar\/e5ecf9e4fae0742f4b136f518195bafa7b2d3f7c709f4bdc6707588ef68a6e25?s=96&d=mm&r=g","caption":"admin"},"sameAs":["https:\/\/portal1.uenf.br\/portal"],"url":"https:\/\/portal1.uenf.br\/portal\/author\/edson\/"}]}},"_links":{"self":[{"href":"https:\/\/portal1.uenf.br\/portal\/wp-json\/wp\/v2\/posts\/20318","targetHints":{"allow":["GET"]}}],"collection":[{"href":"https:\/\/portal1.uenf.br\/portal\/wp-json\/wp\/v2\/posts"}],"about":[{"href":"https:\/\/portal1.uenf.br\/portal\/wp-json\/wp\/v2\/types\/post"}],"author":[{"embeddable":true,"href":"https:\/\/portal1.uenf.br\/portal\/wp-json\/wp\/v2\/users\/1"}],"replies":[{"embeddable":true,"href":"https:\/\/portal1.uenf.br\/portal\/wp-json\/wp\/v2\/comments?post=20318"}],"version-history":[{"count":0,"href":"https:\/\/portal1.uenf.br\/portal\/wp-json\/wp\/v2\/posts\/20318\/revisions"}],"wp:attachment":[{"href":"https:\/\/portal1.uenf.br\/portal\/wp-json\/wp\/v2\/media?parent=20318"}],"wp:term":[{"taxonomy":"category","embeddable":true,"href":"https:\/\/portal1.uenf.br\/portal\/wp-json\/wp\/v2\/categories?post=20318"},{"taxonomy":"post_tag","embeddable":true,"href":"https:\/\/portal1.uenf.br\/portal\/wp-json\/wp\/v2\/tags?post=20318"}],"curies":[{"name":"wp","href":"https:\/\/api.w.org\/{rel}","templated":true}]}}