{"id":19840,"date":"2023-07-04T13:20:31","date_gmt":"2023-07-04T16:20:31","guid":{"rendered":"https:\/\/uenf.br\/portal\/?p=19840"},"modified":"2023-07-04T13:20:31","modified_gmt":"2023-07-04T16:20:31","slug":"nuperj-apresenta-novo-indice-economico","status":"publish","type":"post","link":"https:\/\/portal1.uenf.br\/portal\/noticias\/nuperj-apresenta-novo-indice-economico\/","title":{"rendered":"Nuperj apresenta novo \u00edndice econ\u00f4mico"},"content":{"rendered":"\n<p><strong>\u00cdndice de Din\u00e2mica Local (INDEL), concebido pelo N\u00facleo da UENF, se prop\u00f5e a medir a din\u00e2mica econ\u00f4mica local de cada munic\u00edpio<\/strong><\/p>\n\n\n<div class=\"wp-block-image\">\n<figure class=\"aligncenter size-large is-resized\"><img fetchpriority=\"high\" decoding=\"async\" src=\"https:\/\/uenf.br\/portal\/wp-content\/uploads\/2023\/07\/nuperj1-1024x682.jpg\" alt=\"\" class=\"wp-image-19850\" width=\"695\" height=\"463\"\/><figcaption class=\"wp-element-caption\">O coordenador do NUPERJ, professor Alcimar das Chagas Ribeiro, apresentou o semin\u00e1rio<\/figcaption><\/figure>\n<\/div>\n\n\n<p>O N\u00facleo de Pesquisa Econ\u00f4mica do Rio de Janeiro (NUPERJ) realizou na tarde de ontem, 03\/07\/23, no audit\u00f3rio do pr\u00e9dio P5, na UENF, um semin\u00e1rio com o objetivo de apresentar o \u00cdndice de Din\u00e2mica Local (INDEL). Desenvolvido pelo N\u00facleo, o INDEL utiliza vari\u00e1veis diferentes das comumente utilizadas pelos \u00edndices que medem o desenvolvimento econ\u00f4mico, como o PIB, IDH, entre outros. Segundo o coordenador do NUPERJ, professor Alcimar das Chagas Ribeiro, a inten\u00e7\u00e3o \u00e9 medir a din\u00e2mica econ\u00f4mica local de cada munic\u00edpio.<\/p>\n\n\n\n<p>\u2014 Nosso \u00cdndice n\u00e3o tem a pretens\u00e3o de investigar o desenvolvimento econ\u00f4mico nos munic\u00edpios e sim a din\u00e2mica econ\u00f4mica. At\u00e9 porque entendemos que, antes de se pensar no desenvolvimento econ\u00f4mico, temos que pensar exatamente nessa din\u00e2mica. Porque o desenvolvimento depende dessa condi\u00e7\u00e3o econ\u00f4mica inicialmente \u2014 disse Alcimar.<\/p>\n\n\n<div class=\"wp-block-image\">\n<figure class=\"aligncenter size-large is-resized\"><img decoding=\"async\" src=\"https:\/\/uenf.br\/portal\/wp-content\/uploads\/2023\/07\/nuperj3-1024x682.jpg\" alt=\"\" class=\"wp-image-19854\" width=\"696\" height=\"463\"\/><\/figure>\n<\/div>\n\n\n<p>O INDEL utiliza cinco vari\u00e1veis: investimento p\u00fablico municipal (o percentual que o governo municipal gasta em cima das receitas do m\u00eas), o valor arrecadado atrav\u00e9s do Imposto sobre Circula\u00e7\u00e3o de Mercadorias (ICMS), o hist\u00f3rico de emprego e renda no com\u00e9rcio, a movimenta\u00e7\u00e3o banc\u00e1ria e a vulnerabilidade (diferen\u00e7a entre o grupo de pessoas assistidas pelo governo em rela\u00e7\u00e3o ao grupo de pessoas aptas ao trabalho).<\/p>\n\n\n\n<p>De acordo com Alcimar, o \u00edndice criado pelo NUPERJ permite corrigir distor\u00e7\u00f5es, dando uma ideia mais clara da situa\u00e7\u00e3o econ\u00f4mica de cada munic\u00edpio.<\/p>\n\n\n\n<p>\u2014 Quando olhamos para os indicadores econ\u00f4micos dos munic\u00edpios da nossa regi\u00e3o, corremos o risco de ter uma vis\u00e3o muito diferente do que realmente ocorre naquele sistema econ\u00f4mico local. Se olharmos o PIB <em>per capita<\/em> de Quissam\u00e3 ou S\u00e3o Jo\u00e3o da Barra, por exemplo, podemos comparar estes munic\u00edpios com algumas capitais da Europa. E a gente sabe que isso n\u00e3o representa a realidade  \u2014 disse.<\/p>\n\n\n\n<p>Alcimar ressaltou que a escolha da vari\u00e1vel &#8220;hist\u00f3rico de emprego e renda no com\u00e9rcio&#8221; \u00e9 mais adequada do que o hist\u00f3rico geral de empregos porque nem sempre este \u00faltimo tem reflexos na economia local. Isto porque grandes empreendimentos, como o Porto do A\u00e7u, por exemplo, contratam, em sua maioria, profissionais de fora dos munic\u00edpios. J\u00e1 os empregos no com\u00e9rcio s\u00e3o quase todos preenchidos pela popula\u00e7\u00e3o local.<\/p>\n\n\n<div class=\"wp-block-image\">\n<figure class=\"aligncenter size-large is-resized\"><img decoding=\"async\" src=\"https:\/\/uenf.br\/portal\/wp-content\/uploads\/2023\/07\/nuperj2-1024x682.jpg\" alt=\"\" class=\"wp-image-19852\" width=\"740\" height=\"492\"\/><figcaption class=\"wp-element-caption\">O reitor da UENF, Raul Palacio, tamb\u00e9m participou do semin\u00e1rio<\/figcaption><\/figure>\n<\/div>\n\n\n<p>A vice-reitora da UENF, Rosana Rodrigues, ressaltou a import\u00e2ncia do trabalho do NUPERJ para nortear pol\u00edticas p\u00fablicas na regi\u00e3o.<\/p>\n\n\n\n<p>\u2014 A gente v\u00ea com muita clareza a import\u00e2ncia do que \u00e9 feito no NUPERJ. \u00c9 importante que essas informa\u00e7\u00f5es sejam colocadas a servi\u00e7o dos gestores, para que possamos sempre melhorar a qualidade de vida da nossa popula\u00e7\u00e3o. Esse \u00e9 um papel muito relevante da Universidade \u2014 disse.<\/p>\n\n\n\n<p>O reitor da UENF, Raul Palacio, destacou a import\u00e2ncia das pesquisas realizadas pelo NUPERJ.<\/p>\n\n\n<div class=\"wp-block-image\">\n<figure class=\"aligncenter size-large is-resized\"><img loading=\"lazy\" decoding=\"async\" src=\"https:\/\/uenf.br\/portal\/wp-content\/uploads\/2023\/07\/nuperj5-1024x683.jpg\" alt=\"\" class=\"wp-image-19855\" width=\"706\" height=\"471\"\/><\/figure>\n<\/div>\n\n\n<p>\u2014 Estamos conseguindo mostrar a import\u00e2ncia do interior. Porque \u00e0s vezes s\u00f3 se considera economicamente importante a capital e seu entorno. Conseguimos incluir o NUPERJ como representante do interior do Estado, e isso \u00e9 muito importante \u2014 disse.<\/p>\n\n\n\n<p>O evento teve a participa\u00e7\u00e3o de representantes de diversos \u00f3rg\u00e3os, como o IFF, UCAM, Prefeitura de Campos, Emater-RJ, Prefeitura de Bom Jesus, Faetec, entre outros. <\/p>\n\n\n\n<p> Saiba mais no site do NUPERJ <a href=\"http:\/\/site.coneflu.com.br\/indice-de-dinamica-economica-e-apresentado-pelo-nuperj-na-uenf\/?fbclid=IwAR0Cyu0sYTIeomhv1JRUWVreeLj4qbTGNXiDAP8dgh11z9qLttZIK-yACn0\" target=\"_blank\" rel=\"noreferrer noopener\">AQUI<\/a><\/p>\n\n\n\n<p><\/p>\n","protected":false},"excerpt":{"rendered":"<p>\u00cdndice de Din\u00e2mica Local (INDEL), concebido pelo N\u00facleo da UENF, se prop\u00f5e a medir a din\u00e2mica econ\u00f4mica local de cada munic\u00edpio O N\u00facleo de Pesquisa Econ\u00f4mica do Rio de Janeiro (NUPERJ) realizou na tarde de ontem, 03\/07\/23, no audit\u00f3rio do pr\u00e9dio P5, na UENF, um semin\u00e1rio com o objetivo de apresentar o \u00cdndice de Din\u00e2mica [&hellip;]<\/p>\n","protected":false},"author":1,"featured_media":0,"comment_status":"closed","ping_status":"closed","sticky":false,"template":"","format":"standard","meta":{"_eb_attr":"","ocean_post_layout":"","ocean_both_sidebars_style":"","ocean_both_sidebars_content_width":0,"ocean_both_sidebars_sidebars_width":0,"ocean_sidebar":"","ocean_second_sidebar":"","ocean_disable_margins":"enable","ocean_add_body_class":"","ocean_shortcode_before_top_bar":"","ocean_shortcode_after_top_bar":"","ocean_shortcode_before_header":"","ocean_shortcode_after_header":"","ocean_has_shortcode":"","ocean_shortcode_after_title":"","ocean_shortcode_before_footer_widgets":"","ocean_shortcode_after_footer_widgets":"","ocean_shortcode_before_footer_bottom":"","ocean_shortcode_after_footer_bottom":"","ocean_display_top_bar":"default","ocean_display_header":"default","ocean_header_style":"","ocean_center_header_left_menu":"","ocean_custom_header_template":"","ocean_custom_logo":0,"ocean_custom_retina_logo":0,"ocean_custom_logo_max_width":0,"ocean_custom_logo_tablet_max_width":0,"ocean_custom_logo_mobile_max_width":0,"ocean_custom_logo_max_height":0,"ocean_custom_logo_tablet_max_height":0,"ocean_custom_logo_mobile_max_height":0,"ocean_header_custom_menu":"","ocean_menu_typo_font_family":"","ocean_menu_typo_font_subset":"","ocean_menu_typo_font_size":0,"ocean_menu_typo_font_size_tablet":0,"ocean_menu_typo_font_size_mobile":0,"ocean_menu_typo_font_size_unit":"px","ocean_menu_typo_font_weight":"","ocean_menu_typo_font_weight_tablet":"","ocean_menu_typo_font_weight_mobile":"","ocean_menu_typo_transform":"","ocean_menu_typo_transform_tablet":"","ocean_menu_typo_transform_mobile":"","ocean_menu_typo_line_height":0,"ocean_menu_typo_line_height_tablet":0,"ocean_menu_typo_line_height_mobile":0,"ocean_menu_typo_line_height_unit":"","ocean_menu_typo_spacing":0,"ocean_menu_typo_spacing_tablet":0,"ocean_menu_typo_spacing_mobile":0,"ocean_menu_typo_spacing_unit":"","ocean_menu_link_color":"","ocean_menu_link_color_hover":"","ocean_menu_link_color_active":"","ocean_menu_link_background":"","ocean_menu_link_hover_background":"","ocean_menu_link_active_background":"","ocean_menu_social_links_bg":"","ocean_menu_social_hover_links_bg":"","ocean_menu_social_links_color":"","ocean_menu_social_hover_links_color":"","ocean_disable_title":"default","ocean_disable_heading":"default","ocean_post_title":"","ocean_post_subheading":"","ocean_post_title_style":"","ocean_post_title_background_color":"","ocean_post_title_background":0,"ocean_post_title_bg_image_position":"","ocean_post_title_bg_image_attachment":"","ocean_post_title_bg_image_repeat":"","ocean_post_title_bg_image_size":"","ocean_post_title_height":0,"ocean_post_title_bg_overlay":0.5,"ocean_post_title_bg_overlay_color":"","ocean_disable_breadcrumbs":"default","ocean_breadcrumbs_color":"","ocean_breadcrumbs_separator_color":"","ocean_breadcrumbs_links_color":"","ocean_breadcrumbs_links_hover_color":"","ocean_display_footer_widgets":"default","ocean_display_footer_bottom":"default","ocean_custom_footer_template":"","ocean_post_oembed":"","ocean_post_self_hosted_media":"","ocean_post_video_embed":"","ocean_link_format":"","ocean_link_format_target":"self","ocean_quote_format":"","ocean_quote_format_link":"post","ocean_gallery_link_images":"off","ocean_gallery_id":[],"footnotes":""},"categories":[8],"tags":[],"class_list":["post-19840","post","type-post","status-publish","format-standard","hentry","category-noticias","entry"],"yoast_head":"<!-- This site is optimized with the Yoast SEO plugin v26.5 - https:\/\/yoast.com\/wordpress\/plugins\/seo\/ -->\n<title>Nuperj apresenta novo \u00edndice econ\u00f4mico - UENF - Universidade Estadual do Norte Fluminense Darcy Ribeiro<\/title>\n<meta name=\"robots\" content=\"noindex, follow, max-snippet:-1, max-image-preview:large, max-video-preview:-1\" \/>\n<meta property=\"og:locale\" content=\"pt_BR\" \/>\n<meta property=\"og:type\" content=\"article\" \/>\n<meta property=\"og:title\" content=\"Nuperj apresenta novo \u00edndice econ\u00f4mico - UENF - Universidade Estadual do Norte Fluminense Darcy Ribeiro\" \/>\n<meta property=\"og:description\" content=\"\u00cdndice de Din\u00e2mica Local (INDEL), concebido pelo N\u00facleo da UENF, se prop\u00f5e a medir a din\u00e2mica econ\u00f4mica local de cada munic\u00edpio O N\u00facleo de Pesquisa Econ\u00f4mica do Rio de Janeiro (NUPERJ) realizou na tarde de ontem, 03\/07\/23, no audit\u00f3rio do pr\u00e9dio P5, na UENF, um semin\u00e1rio com o objetivo de apresentar o \u00cdndice de Din\u00e2mica [&hellip;]\" \/>\n<meta property=\"og:url\" content=\"https:\/\/portal1.uenf.br\/portal\/noticias\/nuperj-apresenta-novo-indice-economico\/\" \/>\n<meta property=\"og:site_name\" content=\"UENF - Universidade Estadual do Norte Fluminense Darcy Ribeiro\" \/>\n<meta property=\"article:published_time\" content=\"2023-07-04T16:20:31+00:00\" \/>\n<meta property=\"og:image\" content=\"https:\/\/uenf.br\/portal\/wp-content\/uploads\/2023\/07\/nuperj1-1024x682.jpg\" \/>\n<meta name=\"author\" content=\"admin\" \/>\n<meta name=\"twitter:card\" content=\"summary_large_image\" \/>\n<meta name=\"twitter:label1\" content=\"Escrito por\" \/>\n\t<meta name=\"twitter:data1\" content=\"admin\" \/>\n\t<meta name=\"twitter:label2\" content=\"Est. tempo de leitura\" \/>\n\t<meta name=\"twitter:data2\" content=\"3 minutos\" \/>\n<script type=\"application\/ld+json\" class=\"yoast-schema-graph\">{\"@context\":\"https:\/\/schema.org\",\"@graph\":[{\"@type\":\"Article\",\"@id\":\"https:\/\/portal1.uenf.br\/portal\/noticias\/nuperj-apresenta-novo-indice-economico\/#article\",\"isPartOf\":{\"@id\":\"https:\/\/portal1.uenf.br\/portal\/noticias\/nuperj-apresenta-novo-indice-economico\/\"},\"author\":{\"name\":\"admin\",\"@id\":\"https:\/\/portal1.uenf.br\/portal\/#\/schema\/person\/068abbf03b6f8478c845bc8ded9270c7\"},\"headline\":\"Nuperj apresenta novo \u00edndice econ\u00f4mico\",\"datePublished\":\"2023-07-04T16:20:31+00:00\",\"mainEntityOfPage\":{\"@id\":\"https:\/\/portal1.uenf.br\/portal\/noticias\/nuperj-apresenta-novo-indice-economico\/\"},\"wordCount\":608,\"publisher\":{\"@id\":\"https:\/\/portal1.uenf.br\/portal\/#organization\"},\"image\":{\"@id\":\"https:\/\/portal1.uenf.br\/portal\/noticias\/nuperj-apresenta-novo-indice-economico\/#primaryimage\"},\"thumbnailUrl\":\"https:\/\/uenf.br\/portal\/wp-content\/uploads\/2023\/07\/nuperj1-1024x682.jpg\",\"articleSection\":[\"Not\u00edcias\"],\"inLanguage\":\"pt-BR\"},{\"@type\":\"WebPage\",\"@id\":\"https:\/\/portal1.uenf.br\/portal\/noticias\/nuperj-apresenta-novo-indice-economico\/\",\"url\":\"https:\/\/portal1.uenf.br\/portal\/noticias\/nuperj-apresenta-novo-indice-economico\/\",\"name\":\"Nuperj apresenta novo \u00edndice econ\u00f4mico - UENF - Universidade Estadual do Norte Fluminense Darcy Ribeiro\",\"isPartOf\":{\"@id\":\"https:\/\/portal1.uenf.br\/portal\/#website\"},\"primaryImageOfPage\":{\"@id\":\"https:\/\/portal1.uenf.br\/portal\/noticias\/nuperj-apresenta-novo-indice-economico\/#primaryimage\"},\"image\":{\"@id\":\"https:\/\/portal1.uenf.br\/portal\/noticias\/nuperj-apresenta-novo-indice-economico\/#primaryimage\"},\"thumbnailUrl\":\"https:\/\/uenf.br\/portal\/wp-content\/uploads\/2023\/07\/nuperj1-1024x682.jpg\",\"datePublished\":\"2023-07-04T16:20:31+00:00\",\"breadcrumb\":{\"@id\":\"https:\/\/portal1.uenf.br\/portal\/noticias\/nuperj-apresenta-novo-indice-economico\/#breadcrumb\"},\"inLanguage\":\"pt-BR\",\"potentialAction\":[{\"@type\":\"ReadAction\",\"target\":[\"https:\/\/portal1.uenf.br\/portal\/noticias\/nuperj-apresenta-novo-indice-economico\/\"]}]},{\"@type\":\"ImageObject\",\"inLanguage\":\"pt-BR\",\"@id\":\"https:\/\/portal1.uenf.br\/portal\/noticias\/nuperj-apresenta-novo-indice-economico\/#primaryimage\",\"url\":\"https:\/\/uenf.br\/portal\/wp-content\/uploads\/2023\/07\/nuperj1-1024x682.jpg\",\"contentUrl\":\"https:\/\/uenf.br\/portal\/wp-content\/uploads\/2023\/07\/nuperj1-1024x682.jpg\"},{\"@type\":\"BreadcrumbList\",\"@id\":\"https:\/\/portal1.uenf.br\/portal\/noticias\/nuperj-apresenta-novo-indice-economico\/#breadcrumb\",\"itemListElement\":[{\"@type\":\"ListItem\",\"position\":1,\"name\":\"In\u00edcio\",\"item\":\"https:\/\/portal1.uenf.br\/portal\/\"},{\"@type\":\"ListItem\",\"position\":2,\"name\":\"Nuperj apresenta novo \u00edndice econ\u00f4mico\"}]},{\"@type\":\"WebSite\",\"@id\":\"https:\/\/portal1.uenf.br\/portal\/#website\",\"url\":\"https:\/\/portal1.uenf.br\/portal\/\",\"name\":\"UENF - Universidade Estadual do Norte Fluminense Darcy Ribeiro\",\"description\":\"\",\"publisher\":{\"@id\":\"https:\/\/portal1.uenf.br\/portal\/#organization\"},\"potentialAction\":[{\"@type\":\"SearchAction\",\"target\":{\"@type\":\"EntryPoint\",\"urlTemplate\":\"https:\/\/portal1.uenf.br\/portal\/?s={search_term_string}\"},\"query-input\":{\"@type\":\"PropertyValueSpecification\",\"valueRequired\":true,\"valueName\":\"search_term_string\"}}],\"inLanguage\":\"pt-BR\"},{\"@type\":\"Organization\",\"@id\":\"https:\/\/portal1.uenf.br\/portal\/#organization\",\"name\":\"UENF - Universidade Estadual do Norte Fluminense Darcy Ribeiro\",\"url\":\"https:\/\/portal1.uenf.br\/portal\/\",\"logo\":{\"@type\":\"ImageObject\",\"inLanguage\":\"pt-BR\",\"@id\":\"https:\/\/portal1.uenf.br\/portal\/#\/schema\/logo\/image\/\",\"url\":\"https:\/\/portal1.uenf.br\/portal\/wp-content\/uploads\/2018\/06\/logo-uenf-invertido-1.png\",\"contentUrl\":\"https:\/\/portal1.uenf.br\/portal\/wp-content\/uploads\/2018\/06\/logo-uenf-invertido-1.png\",\"width\":482,\"height\":83,\"caption\":\"UENF - Universidade Estadual do Norte Fluminense Darcy Ribeiro\"},\"image\":{\"@id\":\"https:\/\/portal1.uenf.br\/portal\/#\/schema\/logo\/image\/\"}},{\"@type\":\"Person\",\"@id\":\"https:\/\/portal1.uenf.br\/portal\/#\/schema\/person\/068abbf03b6f8478c845bc8ded9270c7\",\"name\":\"admin\",\"image\":{\"@type\":\"ImageObject\",\"inLanguage\":\"pt-BR\",\"@id\":\"https:\/\/portal1.uenf.br\/portal\/#\/schema\/person\/image\/\",\"url\":\"https:\/\/secure.gravatar.com\/avatar\/e5ecf9e4fae0742f4b136f518195bafa7b2d3f7c709f4bdc6707588ef68a6e25?s=96&d=mm&r=g\",\"contentUrl\":\"https:\/\/secure.gravatar.com\/avatar\/e5ecf9e4fae0742f4b136f518195bafa7b2d3f7c709f4bdc6707588ef68a6e25?s=96&d=mm&r=g\",\"caption\":\"admin\"},\"sameAs\":[\"https:\/\/portal1.uenf.br\/portal\"],\"url\":\"https:\/\/portal1.uenf.br\/portal\/author\/edson\/\"}]}<\/script>\n<!-- \/ Yoast SEO plugin. -->","yoast_head_json":{"title":"Nuperj apresenta novo \u00edndice econ\u00f4mico - UENF - Universidade Estadual do Norte Fluminense Darcy Ribeiro","robots":{"index":"noindex","follow":"follow","max-snippet":"max-snippet:-1","max-image-preview":"max-image-preview:large","max-video-preview":"max-video-preview:-1"},"og_locale":"pt_BR","og_type":"article","og_title":"Nuperj apresenta novo \u00edndice econ\u00f4mico - UENF - Universidade Estadual do Norte Fluminense Darcy Ribeiro","og_description":"\u00cdndice de Din\u00e2mica Local (INDEL), concebido pelo N\u00facleo da UENF, se prop\u00f5e a medir a din\u00e2mica econ\u00f4mica local de cada munic\u00edpio O N\u00facleo de Pesquisa Econ\u00f4mica do Rio de Janeiro (NUPERJ) realizou na tarde de ontem, 03\/07\/23, no audit\u00f3rio do pr\u00e9dio P5, na UENF, um semin\u00e1rio com o objetivo de apresentar o \u00cdndice de Din\u00e2mica [&hellip;]","og_url":"https:\/\/portal1.uenf.br\/portal\/noticias\/nuperj-apresenta-novo-indice-economico\/","og_site_name":"UENF - Universidade Estadual do Norte Fluminense Darcy Ribeiro","article_published_time":"2023-07-04T16:20:31+00:00","og_image":[{"url":"https:\/\/uenf.br\/portal\/wp-content\/uploads\/2023\/07\/nuperj1-1024x682.jpg","type":"","width":"","height":""}],"author":"admin","twitter_card":"summary_large_image","twitter_misc":{"Escrito por":"admin","Est. tempo de leitura":"3 minutos"},"schema":{"@context":"https:\/\/schema.org","@graph":[{"@type":"Article","@id":"https:\/\/portal1.uenf.br\/portal\/noticias\/nuperj-apresenta-novo-indice-economico\/#article","isPartOf":{"@id":"https:\/\/portal1.uenf.br\/portal\/noticias\/nuperj-apresenta-novo-indice-economico\/"},"author":{"name":"admin","@id":"https:\/\/portal1.uenf.br\/portal\/#\/schema\/person\/068abbf03b6f8478c845bc8ded9270c7"},"headline":"Nuperj apresenta novo \u00edndice econ\u00f4mico","datePublished":"2023-07-04T16:20:31+00:00","mainEntityOfPage":{"@id":"https:\/\/portal1.uenf.br\/portal\/noticias\/nuperj-apresenta-novo-indice-economico\/"},"wordCount":608,"publisher":{"@id":"https:\/\/portal1.uenf.br\/portal\/#organization"},"image":{"@id":"https:\/\/portal1.uenf.br\/portal\/noticias\/nuperj-apresenta-novo-indice-economico\/#primaryimage"},"thumbnailUrl":"https:\/\/uenf.br\/portal\/wp-content\/uploads\/2023\/07\/nuperj1-1024x682.jpg","articleSection":["Not\u00edcias"],"inLanguage":"pt-BR"},{"@type":"WebPage","@id":"https:\/\/portal1.uenf.br\/portal\/noticias\/nuperj-apresenta-novo-indice-economico\/","url":"https:\/\/portal1.uenf.br\/portal\/noticias\/nuperj-apresenta-novo-indice-economico\/","name":"Nuperj apresenta novo \u00edndice econ\u00f4mico - UENF - Universidade Estadual do Norte Fluminense Darcy Ribeiro","isPartOf":{"@id":"https:\/\/portal1.uenf.br\/portal\/#website"},"primaryImageOfPage":{"@id":"https:\/\/portal1.uenf.br\/portal\/noticias\/nuperj-apresenta-novo-indice-economico\/#primaryimage"},"image":{"@id":"https:\/\/portal1.uenf.br\/portal\/noticias\/nuperj-apresenta-novo-indice-economico\/#primaryimage"},"thumbnailUrl":"https:\/\/uenf.br\/portal\/wp-content\/uploads\/2023\/07\/nuperj1-1024x682.jpg","datePublished":"2023-07-04T16:20:31+00:00","breadcrumb":{"@id":"https:\/\/portal1.uenf.br\/portal\/noticias\/nuperj-apresenta-novo-indice-economico\/#breadcrumb"},"inLanguage":"pt-BR","potentialAction":[{"@type":"ReadAction","target":["https:\/\/portal1.uenf.br\/portal\/noticias\/nuperj-apresenta-novo-indice-economico\/"]}]},{"@type":"ImageObject","inLanguage":"pt-BR","@id":"https:\/\/portal1.uenf.br\/portal\/noticias\/nuperj-apresenta-novo-indice-economico\/#primaryimage","url":"https:\/\/uenf.br\/portal\/wp-content\/uploads\/2023\/07\/nuperj1-1024x682.jpg","contentUrl":"https:\/\/uenf.br\/portal\/wp-content\/uploads\/2023\/07\/nuperj1-1024x682.jpg"},{"@type":"BreadcrumbList","@id":"https:\/\/portal1.uenf.br\/portal\/noticias\/nuperj-apresenta-novo-indice-economico\/#breadcrumb","itemListElement":[{"@type":"ListItem","position":1,"name":"In\u00edcio","item":"https:\/\/portal1.uenf.br\/portal\/"},{"@type":"ListItem","position":2,"name":"Nuperj apresenta novo \u00edndice econ\u00f4mico"}]},{"@type":"WebSite","@id":"https:\/\/portal1.uenf.br\/portal\/#website","url":"https:\/\/portal1.uenf.br\/portal\/","name":"UENF - Universidade Estadual do Norte Fluminense Darcy Ribeiro","description":"","publisher":{"@id":"https:\/\/portal1.uenf.br\/portal\/#organization"},"potentialAction":[{"@type":"SearchAction","target":{"@type":"EntryPoint","urlTemplate":"https:\/\/portal1.uenf.br\/portal\/?s={search_term_string}"},"query-input":{"@type":"PropertyValueSpecification","valueRequired":true,"valueName":"search_term_string"}}],"inLanguage":"pt-BR"},{"@type":"Organization","@id":"https:\/\/portal1.uenf.br\/portal\/#organization","name":"UENF - Universidade Estadual do Norte Fluminense Darcy Ribeiro","url":"https:\/\/portal1.uenf.br\/portal\/","logo":{"@type":"ImageObject","inLanguage":"pt-BR","@id":"https:\/\/portal1.uenf.br\/portal\/#\/schema\/logo\/image\/","url":"https:\/\/portal1.uenf.br\/portal\/wp-content\/uploads\/2018\/06\/logo-uenf-invertido-1.png","contentUrl":"https:\/\/portal1.uenf.br\/portal\/wp-content\/uploads\/2018\/06\/logo-uenf-invertido-1.png","width":482,"height":83,"caption":"UENF - Universidade Estadual do Norte Fluminense Darcy Ribeiro"},"image":{"@id":"https:\/\/portal1.uenf.br\/portal\/#\/schema\/logo\/image\/"}},{"@type":"Person","@id":"https:\/\/portal1.uenf.br\/portal\/#\/schema\/person\/068abbf03b6f8478c845bc8ded9270c7","name":"admin","image":{"@type":"ImageObject","inLanguage":"pt-BR","@id":"https:\/\/portal1.uenf.br\/portal\/#\/schema\/person\/image\/","url":"https:\/\/secure.gravatar.com\/avatar\/e5ecf9e4fae0742f4b136f518195bafa7b2d3f7c709f4bdc6707588ef68a6e25?s=96&d=mm&r=g","contentUrl":"https:\/\/secure.gravatar.com\/avatar\/e5ecf9e4fae0742f4b136f518195bafa7b2d3f7c709f4bdc6707588ef68a6e25?s=96&d=mm&r=g","caption":"admin"},"sameAs":["https:\/\/portal1.uenf.br\/portal"],"url":"https:\/\/portal1.uenf.br\/portal\/author\/edson\/"}]}},"_links":{"self":[{"href":"https:\/\/portal1.uenf.br\/portal\/wp-json\/wp\/v2\/posts\/19840","targetHints":{"allow":["GET"]}}],"collection":[{"href":"https:\/\/portal1.uenf.br\/portal\/wp-json\/wp\/v2\/posts"}],"about":[{"href":"https:\/\/portal1.uenf.br\/portal\/wp-json\/wp\/v2\/types\/post"}],"author":[{"embeddable":true,"href":"https:\/\/portal1.uenf.br\/portal\/wp-json\/wp\/v2\/users\/1"}],"replies":[{"embeddable":true,"href":"https:\/\/portal1.uenf.br\/portal\/wp-json\/wp\/v2\/comments?post=19840"}],"version-history":[{"count":0,"href":"https:\/\/portal1.uenf.br\/portal\/wp-json\/wp\/v2\/posts\/19840\/revisions"}],"wp:attachment":[{"href":"https:\/\/portal1.uenf.br\/portal\/wp-json\/wp\/v2\/media?parent=19840"}],"wp:term":[{"taxonomy":"category","embeddable":true,"href":"https:\/\/portal1.uenf.br\/portal\/wp-json\/wp\/v2\/categories?post=19840"},{"taxonomy":"post_tag","embeddable":true,"href":"https:\/\/portal1.uenf.br\/portal\/wp-json\/wp\/v2\/tags?post=19840"}],"curies":[{"name":"wp","href":"https:\/\/api.w.org\/{rel}","templated":true}]}}