{"id":18078,"date":"2023-03-13T17:26:00","date_gmt":"2023-03-13T20:26:00","guid":{"rendered":"https:\/\/uenf.br\/portal\/?p=18078"},"modified":"2023-03-13T17:26:00","modified_gmt":"2023-03-13T20:26:00","slug":"sociologo-da-uerj-analisa-bolsonarismo-ao-proferir-aula-magna-na-uenf","status":"publish","type":"post","link":"https:\/\/portal1.uenf.br\/portal\/informes-internos\/sociologo-da-uerj-analisa-bolsonarismo-ao-proferir-aula-magna-na-uenf\/","title":{"rendered":"Soci\u00f3logo da Uerj analisa bolsonarismo ao proferir aula magna na UENF"},"content":{"rendered":"<div class=\"wp-block-image\">\n<figure class=\"aligncenter size-large is-resized\"><img fetchpriority=\"high\" decoding=\"async\" src=\"https:\/\/uenf.br\/portal\/wp-content\/uploads\/2023\/03\/palestra-aula-magna-CCH-1024x682.jpg\" alt=\"\" class=\"wp-image-18085\" width=\"687\" height=\"457\"\/><figcaption class=\"wp-element-caption\">Soci\u00f3logo Adalberto Moreira Cardoso<\/figcaption><\/figure>\n<\/div>\n\n\n<p>Um dos maiores soci\u00f3logos brasileiros em atividade, o professor Adalberto Moreira Cardoso, do Instituto de Estudos Sociais e Pol\u00edticos (IESP), da Universidade do Estado do Rio de Janeiro (UERJ), ministrou nesta segunda-feira, 13\/03\/23, no audit\u00f3rio multim\u00eddia do Centro de Ci\u00eancias do Homem (CCH), a aula magna do Programa de P\u00f3s-Gradua\u00e7\u00e3o em Sociologia Pol\u00edtica (PPGSP) da UENF. A aula teve como tema \u201cAscens\u00e3o (e queda?) do bolsonarismo no Brasil\u201d.<\/p>\n\n\n\n<p>Em sua explana\u00e7\u00e3o, Adalberto fez um resumo de seu livro, \u201c\u00c0 beira do abismo &#8211; Uma Sociologia Pol\u00edtica do Bolsonarismo\u201d, lan\u00e7ado em 2020. Segundo afirmou, o ex-presidente \u00e9 um &#8220;filho da Lava Jato&#8221;. Ele criticou veementemente a Opera\u00e7\u00e3o da Pol\u00edcia Federal, um verdadeiro &#8220;desastre para o sistema pol\u00edtico brasileiro&#8221;.<\/p>\n\n\n\n<p>\u2014 A Lava Jato destruiu a esquerda, o centro e a direita. Sobrou a extrema direita, sobrou o bolsonarismo. Metade dos 500 deputados do Congresso Nacional, 1\/3 dos senadores, foram processados pela Lava Jato. Cinco ex-governadores do Rio foram presos. Foi um processo de abalo do sistema partid\u00e1rio. Os partidos tiveram de mudar de nome. Numa democracia, os partidos s\u00e3o os principais mediadores da vontade pol\u00edtica. N\u00e3o foi s\u00f3 o PT que foi abalado, o PSDB tamb\u00e9m \u2014 disse.  <\/p>\n\n\n\n<p>Segundo o soci\u00f3logo, o que mudou depois foram os rumores da pol\u00edtica, e n\u00e3o a lei. Adalberto observou que a mesma metodologia de influenciar e mudar elei\u00e7\u00f5es estava sendo empregada desde 2014 em diversas partes do mundo. <\/p>\n\n\n\n<p>\u2014 Tivemos a elei\u00e7\u00e3o de Trump, a sa\u00edda dos brit\u00e2nicos da Uni\u00e3o Europ\u00e9ia, a Brexit, a mudan\u00e7a de voto com propaganda direcionada a partir do perfil das pessoas no Facebook. Em novembro de 2017, Bolsonaro tinha 22% nas pesquisas de inten\u00e7\u00e3o de voto. O te\u00f3rico social belga, radicado no Brasil, Fr\u00e9d\u00e9ric&nbsp;Vandenberghe, me alertou em janeiro de 2018. Eles atacaram os medos. Uma semana antes das elei\u00e7\u00f5es de 2018, as pesquisas para o senado em Minas Gerais e em S\u00e3o Paulo davam Dilma e Suplicy eleitos. Houve um bombardeio com milh\u00f5es de mensagens, mat\u00e9rias e constru\u00e7\u00f5es anti-petistas e Haddad ainda teve 46% dos votos \u2014 afirmou.<\/p>\n\n\n<div class=\"wp-block-image\">\n<figure class=\"aligncenter size-large is-resized\"><img decoding=\"async\" src=\"https:\/\/uenf.br\/portal\/wp-content\/uploads\/2023\/03\/palestra-aula-magna-CCH-3-1024x682.jpg\" alt=\"\" class=\"wp-image-18087\" width=\"703\" height=\"468\"\/><figcaption class=\"wp-element-caption\">A aula magna foi realizada no audit\u00f3rio multim\u00eddia do Centro de Ci\u00eancias do Homem (CCH)<\/figcaption><\/figure>\n<\/div>\n\n\n<p>Adalberto analisou a trajet\u00f3ria de Jair Bolsonaro at\u00e9 chegar \u00e0 presid\u00eancia da Rep\u00fablica. Voltando ao ano de 2014, lembrou da polariza\u00e7\u00e3o entre A\u00e9cio e Dilma, j\u00e1 um pren\u00fancio do que estava por vir.<\/p>\n\n\n\n<p>\u2014 Nunca hesitei em utilizar o termo \u201cbolsonarismo\u201d, um fen\u00f4meno enraizado na sociedade brasileira, que tinha passado despercebido. Foi um raio num c\u00e9u azul. Tinha de ter acendido a luz vermelha. Em 2014 tivemos uma crise com a polariza\u00e7\u00e3o A\u00e9cio e Dilma. Imaginava-se que as institui\u00e7\u00f5es tinham segurado a barra, que \u201cnosso bipartidarismo estava consolidado\u201d. Era um filtro, que permitia ver certas coisas e n\u00e3o ver certas coisas, uma recusa em olhar no abismo e ver o que tinha l\u00e1 \u2014 disse.<\/p>\n\n\n\n<p>O soci\u00f3logo observou que, nesta \u00e9poca, Bolsonaro era um deputado do chamado &#8220;baixo clero&#8221;, que n\u00e3o tinha aprovado nenhum projeto relevante. Mesmo assim, deu uma palestra na Academia Militar das Agulhas Negras (AMAN) e disse que seria o presidente do Brasil. <\/p>\n\n\n\n<p>\u2014 Em 2015, a revista virtual de jornalismo investigativo, Ag\u00eancia P\u00fablica, publicou um dossi\u00ea sobre as direitas no Brasil. Eu percebi em um dos estudos que, al\u00e9m das liga\u00e7\u00f5es com os filhos e com Olavo de Carvalho, Bolsonaro se linkava com o Movimento Brasil Livre (MBL), com a Rachel Sheherazade, o que era invis\u00edvel para a Sociologia Pol\u00edtica e para a m\u00eddia. Teve ainda o golpe contra Dilma, abordado no livro do Wanderley Guilherme dos Santos \u2014 destacou o professor.<\/p>\n\n\n\n<p>Segundo o soci\u00f3logo,  &#8220;faltou sociologia \u00e0 ci\u00eancia pol\u00edtica&#8221;. Ou seja, &#8220;faltou reconhecer o Brasil profundo, que sempre esteve a\u00ed, de cara feia, mis\u00f3gino, autorit\u00e1rio, racista. Um Cristianismo de fachada, que esconde viol\u00eancias, como os 60 mil homic\u00eddios por ano&#8221;. Ele observou que 80% dos assassinatos cometidos pela pol\u00edcia s\u00e3o de pessoas pretas e pardas, conforme citado no livro \u201cAutoritarismo e viol\u00eancia no Brasil\u201d, de Lilian Schwarcz. <\/p>\n\n\n\n<p>\u2014 Existe um processo de estranhamento da viol\u00eancia, uma dificuldade de constru\u00e7\u00e3o de interesses comuns, onde consideramos que o outro n\u00e3o \u00e9 confi\u00e1vel. Agora nos perguntamos: ser\u00e1 a queda do bolsonarismo? Morreu Vargas e o varguismo continuou at\u00e9 o golpe de 1964 \u2014 afirmou.<\/p>\n\n\n\n<p>Doutor em Sociologia pela Universidade de S\u00e3o Paulo (USP), o soci\u00f3logo Adalberto Moreira Cardoso possui 22 livros e mais de 100 trabalhos publicados na \u00e1rea de Sociologia Urbana.<\/p>\n\n\n<div class=\"wp-block-image\">\n<figure class=\"aligncenter size-large is-resized\"><img decoding=\"async\" src=\"https:\/\/uenf.br\/portal\/wp-content\/uploads\/2023\/03\/palestra-aula-magna-CCH2-1024x682.jpg\" alt=\"\" class=\"wp-image-18088\" width=\"708\" height=\"471\"\/><figcaption class=\"wp-element-caption\">Os professores W\u00e2nia Mesquita, Rosana Rodrigues, Maura da Cunha e Rodrigo Caetano participaram da mesa de abertura da aula magna no CCH<\/figcaption><\/figure>\n<\/div>\n\n\n<p>A mesa de abertura teve a presen\u00e7a da vice-reitora da UENF, Rosana Rodrigues; da pr\u00f3-reitora de Pesquisa e P\u00f3s-Gradua\u00e7\u00e3o, Maura da Cunha; do diretor do CCH, Rodrigo Caetano; e da coordenadora do PPGSP, W\u00e2nia Mesquita.<\/p>\n\n\n\n<p>\u2014 Esta t\u00e3o esperada aula magna tem um tema bastante contempor\u00e2neo e de muito valor. O CCH \u00e9 uma for\u00e7a muito potente com as pesquisas relacionadas a pol\u00edticas p\u00fablicas. Aqui \u00e9 um celeiro de pensamentos e resultados, um espa\u00e7o efervescente. Passamos quatro anos sendo massacrados por um governo que considerava a universidade balb\u00fardia. Estamos trazendo para a UENF os grandes debates nacionais \u2014 afirmou a vice-reitora.<\/p>\n\n\n\n<p>A pr\u00f3-reitora de pesquisa e p\u00f3s-gradua\u00e7\u00e3o, Maura da Cunha, destacou que o tema da aula magna chama a aten\u00e7\u00e3o.<\/p>\n\n\n\n<p>\u2014 Parabenizo a Wania pela aula magna para os discentes, que est\u00e3o ingressando em um programa que teve o aumento de sua nota. Isto teve um impacto para a institui\u00e7\u00e3o, com o aumento de bolsas Capes (Coordena\u00e7\u00e3o de Aperfei\u00e7oamento de Pessoal de N\u00edvel Superior), m\u00e9rito dos professores e dos estudantes \u2014 disse a pr\u00f3-reitora.<\/p>\n\n\n\n<p>O diretor do Centro de Ci\u00eancias do Homem (CCH), Rodrigo Caetano, tamb\u00e9m ressaltou a import\u00e2ncia do evento:<\/p>\n\n\n\n<p>&#8211; \u00c9 muito bom ter esta sala de multim\u00eddia do CCH cheia. Engrandece muito o CCH o debate que precisamos ter na universidade p\u00fablica. Estamos aqui para aprender. Que este debate possa reverberar nas revistas cient\u00edficas, teses e disserta\u00e7\u00f5es deste programa, que est\u00e1 mais consolidado, em ascens\u00e3o pelo conceito A.<\/p>\n\n\n\n<p>A coordenadora do PPGSP, Wania Mesquita, enfatizou que a atividade desta segunda-feira n\u00e3o \u00e9 s\u00f3 uma aula inaugural.<\/p>\n\n\n\n<p>\u2014 Esta \u00e9 uma manh\u00e3 muito significativa. Nossa jornada \u00e9 intensa e extensa. A aula estar\u00e1 dispon\u00edvel no canal do PPGSP no You Tube. Ap\u00f3s dois anos em que n\u00e3o foi poss\u00edvel, nestes 15 anos de hist\u00f3ria do programa, termos uma aula magna presencial, nos reunimos neste momento de celebrar e agradecer ao IESP. A universidade \u00e9 espa\u00e7o de produ\u00e7\u00e3o de conhecimento e da democracia. A UENF se coloca nesta frente ampla pela Democracia \u2014 declarou.<\/p>\n\n\n\n<p><\/p>\n","protected":false},"excerpt":{"rendered":"<p>Um dos maiores soci\u00f3logos brasileiros em atividade, o professor Adalberto Moreira Cardoso, do Instituto de Estudos Sociais e Pol\u00edticos (IESP), da Universidade do Estado do Rio de Janeiro (UERJ), ministrou nesta segunda-feira, 13\/03\/23, no audit\u00f3rio multim\u00eddia do Centro de Ci\u00eancias do Homem (CCH), a aula magna do Programa de P\u00f3s-Gradua\u00e7\u00e3o em Sociologia Pol\u00edtica (PPGSP) da [&hellip;]<\/p>\n","protected":false},"author":1,"featured_media":0,"comment_status":"closed","ping_status":"closed","sticky":false,"template":"","format":"standard","meta":{"_eb_attr":"","ocean_post_layout":"","ocean_both_sidebars_style":"","ocean_both_sidebars_content_width":0,"ocean_both_sidebars_sidebars_width":0,"ocean_sidebar":"","ocean_second_sidebar":"","ocean_disable_margins":"enable","ocean_add_body_class":"","ocean_shortcode_before_top_bar":"","ocean_shortcode_after_top_bar":"","ocean_shortcode_before_header":"","ocean_shortcode_after_header":"","ocean_has_shortcode":"","ocean_shortcode_after_title":"","ocean_shortcode_before_footer_widgets":"","ocean_shortcode_after_footer_widgets":"","ocean_shortcode_before_footer_bottom":"","ocean_shortcode_after_footer_bottom":"","ocean_display_top_bar":"default","ocean_display_header":"default","ocean_header_style":"","ocean_center_header_left_menu":"","ocean_custom_header_template":"","ocean_custom_logo":0,"ocean_custom_retina_logo":0,"ocean_custom_logo_max_width":0,"ocean_custom_logo_tablet_max_width":0,"ocean_custom_logo_mobile_max_width":0,"ocean_custom_logo_max_height":0,"ocean_custom_logo_tablet_max_height":0,"ocean_custom_logo_mobile_max_height":0,"ocean_header_custom_menu":"","ocean_menu_typo_font_family":"","ocean_menu_typo_font_subset":"","ocean_menu_typo_font_size":0,"ocean_menu_typo_font_size_tablet":0,"ocean_menu_typo_font_size_mobile":0,"ocean_menu_typo_font_size_unit":"px","ocean_menu_typo_font_weight":"","ocean_menu_typo_font_weight_tablet":"","ocean_menu_typo_font_weight_mobile":"","ocean_menu_typo_transform":"","ocean_menu_typo_transform_tablet":"","ocean_menu_typo_transform_mobile":"","ocean_menu_typo_line_height":0,"ocean_menu_typo_line_height_tablet":0,"ocean_menu_typo_line_height_mobile":0,"ocean_menu_typo_line_height_unit":"","ocean_menu_typo_spacing":0,"ocean_menu_typo_spacing_tablet":0,"ocean_menu_typo_spacing_mobile":0,"ocean_menu_typo_spacing_unit":"","ocean_menu_link_color":"","ocean_menu_link_color_hover":"","ocean_menu_link_color_active":"","ocean_menu_link_background":"","ocean_menu_link_hover_background":"","ocean_menu_link_active_background":"","ocean_menu_social_links_bg":"","ocean_menu_social_hover_links_bg":"","ocean_menu_social_links_color":"","ocean_menu_social_hover_links_color":"","ocean_disable_title":"default","ocean_disable_heading":"default","ocean_post_title":"","ocean_post_subheading":"","ocean_post_title_style":"","ocean_post_title_background_color":"","ocean_post_title_background":0,"ocean_post_title_bg_image_position":"","ocean_post_title_bg_image_attachment":"","ocean_post_title_bg_image_repeat":"","ocean_post_title_bg_image_size":"","ocean_post_title_height":0,"ocean_post_title_bg_overlay":0.5,"ocean_post_title_bg_overlay_color":"","ocean_disable_breadcrumbs":"default","ocean_breadcrumbs_color":"","ocean_breadcrumbs_separator_color":"","ocean_breadcrumbs_links_color":"","ocean_breadcrumbs_links_hover_color":"","ocean_display_footer_widgets":"default","ocean_display_footer_bottom":"default","ocean_custom_footer_template":"","ocean_post_oembed":"","ocean_post_self_hosted_media":"","ocean_post_video_embed":"","ocean_link_format":"","ocean_link_format_target":"self","ocean_quote_format":"","ocean_quote_format_link":"post","ocean_gallery_link_images":"off","ocean_gallery_id":[],"footnotes":""},"categories":[7],"tags":[],"class_list":["post-18078","post","type-post","status-publish","format-standard","hentry","category-informes-internos","entry"],"yoast_head":"<!-- This site is optimized with the Yoast SEO plugin v26.5 - https:\/\/yoast.com\/wordpress\/plugins\/seo\/ -->\n<title>Soci\u00f3logo da Uerj analisa bolsonarismo ao proferir aula magna na UENF - UENF - Universidade Estadual do Norte Fluminense Darcy Ribeiro<\/title>\n<meta name=\"robots\" content=\"noindex, follow, max-snippet:-1, max-image-preview:large, max-video-preview:-1\" \/>\n<meta property=\"og:locale\" content=\"pt_BR\" \/>\n<meta property=\"og:type\" content=\"article\" \/>\n<meta property=\"og:title\" content=\"Soci\u00f3logo da Uerj analisa bolsonarismo ao proferir aula magna na UENF - UENF - Universidade Estadual do Norte Fluminense Darcy Ribeiro\" \/>\n<meta property=\"og:description\" content=\"Um dos maiores soci\u00f3logos brasileiros em atividade, o professor Adalberto Moreira Cardoso, do Instituto de Estudos Sociais e Pol\u00edticos (IESP), da Universidade do Estado do Rio de Janeiro (UERJ), ministrou nesta segunda-feira, 13\/03\/23, no audit\u00f3rio multim\u00eddia do Centro de Ci\u00eancias do Homem (CCH), a aula magna do Programa de P\u00f3s-Gradua\u00e7\u00e3o em Sociologia Pol\u00edtica (PPGSP) da [&hellip;]\" \/>\n<meta property=\"og:url\" content=\"https:\/\/portal1.uenf.br\/portal\/informes-internos\/sociologo-da-uerj-analisa-bolsonarismo-ao-proferir-aula-magna-na-uenf\/\" \/>\n<meta property=\"og:site_name\" content=\"UENF - Universidade Estadual do Norte Fluminense Darcy Ribeiro\" \/>\n<meta property=\"article:published_time\" content=\"2023-03-13T20:26:00+00:00\" \/>\n<meta property=\"og:image\" content=\"https:\/\/uenf.br\/portal\/wp-content\/uploads\/2023\/03\/palestra-aula-magna-CCH-1024x682.jpg\" \/>\n<meta name=\"author\" content=\"admin\" \/>\n<meta name=\"twitter:card\" content=\"summary_large_image\" \/>\n<meta name=\"twitter:label1\" content=\"Escrito por\" \/>\n\t<meta name=\"twitter:data1\" content=\"admin\" \/>\n\t<meta name=\"twitter:label2\" content=\"Est. tempo de leitura\" \/>\n\t<meta name=\"twitter:data2\" content=\"6 minutos\" \/>\n<script type=\"application\/ld+json\" class=\"yoast-schema-graph\">{\"@context\":\"https:\/\/schema.org\",\"@graph\":[{\"@type\":\"Article\",\"@id\":\"https:\/\/portal1.uenf.br\/portal\/informes-internos\/sociologo-da-uerj-analisa-bolsonarismo-ao-proferir-aula-magna-na-uenf\/#article\",\"isPartOf\":{\"@id\":\"https:\/\/portal1.uenf.br\/portal\/informes-internos\/sociologo-da-uerj-analisa-bolsonarismo-ao-proferir-aula-magna-na-uenf\/\"},\"author\":{\"name\":\"admin\",\"@id\":\"https:\/\/portal1.uenf.br\/portal\/#\/schema\/person\/068abbf03b6f8478c845bc8ded9270c7\"},\"headline\":\"Soci\u00f3logo da Uerj analisa bolsonarismo ao proferir aula magna na UENF\",\"datePublished\":\"2023-03-13T20:26:00+00:00\",\"mainEntityOfPage\":{\"@id\":\"https:\/\/portal1.uenf.br\/portal\/informes-internos\/sociologo-da-uerj-analisa-bolsonarismo-ao-proferir-aula-magna-na-uenf\/\"},\"wordCount\":1175,\"publisher\":{\"@id\":\"https:\/\/portal1.uenf.br\/portal\/#organization\"},\"image\":{\"@id\":\"https:\/\/portal1.uenf.br\/portal\/informes-internos\/sociologo-da-uerj-analisa-bolsonarismo-ao-proferir-aula-magna-na-uenf\/#primaryimage\"},\"thumbnailUrl\":\"https:\/\/uenf.br\/portal\/wp-content\/uploads\/2023\/03\/palestra-aula-magna-CCH-1024x682.jpg\",\"articleSection\":[\"informes internos\"],\"inLanguage\":\"pt-BR\"},{\"@type\":\"WebPage\",\"@id\":\"https:\/\/portal1.uenf.br\/portal\/informes-internos\/sociologo-da-uerj-analisa-bolsonarismo-ao-proferir-aula-magna-na-uenf\/\",\"url\":\"https:\/\/portal1.uenf.br\/portal\/informes-internos\/sociologo-da-uerj-analisa-bolsonarismo-ao-proferir-aula-magna-na-uenf\/\",\"name\":\"Soci\u00f3logo da Uerj analisa bolsonarismo ao proferir aula magna na UENF - UENF - Universidade Estadual do Norte Fluminense Darcy Ribeiro\",\"isPartOf\":{\"@id\":\"https:\/\/portal1.uenf.br\/portal\/#website\"},\"primaryImageOfPage\":{\"@id\":\"https:\/\/portal1.uenf.br\/portal\/informes-internos\/sociologo-da-uerj-analisa-bolsonarismo-ao-proferir-aula-magna-na-uenf\/#primaryimage\"},\"image\":{\"@id\":\"https:\/\/portal1.uenf.br\/portal\/informes-internos\/sociologo-da-uerj-analisa-bolsonarismo-ao-proferir-aula-magna-na-uenf\/#primaryimage\"},\"thumbnailUrl\":\"https:\/\/uenf.br\/portal\/wp-content\/uploads\/2023\/03\/palestra-aula-magna-CCH-1024x682.jpg\",\"datePublished\":\"2023-03-13T20:26:00+00:00\",\"breadcrumb\":{\"@id\":\"https:\/\/portal1.uenf.br\/portal\/informes-internos\/sociologo-da-uerj-analisa-bolsonarismo-ao-proferir-aula-magna-na-uenf\/#breadcrumb\"},\"inLanguage\":\"pt-BR\",\"potentialAction\":[{\"@type\":\"ReadAction\",\"target\":[\"https:\/\/portal1.uenf.br\/portal\/informes-internos\/sociologo-da-uerj-analisa-bolsonarismo-ao-proferir-aula-magna-na-uenf\/\"]}]},{\"@type\":\"ImageObject\",\"inLanguage\":\"pt-BR\",\"@id\":\"https:\/\/portal1.uenf.br\/portal\/informes-internos\/sociologo-da-uerj-analisa-bolsonarismo-ao-proferir-aula-magna-na-uenf\/#primaryimage\",\"url\":\"https:\/\/uenf.br\/portal\/wp-content\/uploads\/2023\/03\/palestra-aula-magna-CCH-1024x682.jpg\",\"contentUrl\":\"https:\/\/uenf.br\/portal\/wp-content\/uploads\/2023\/03\/palestra-aula-magna-CCH-1024x682.jpg\"},{\"@type\":\"BreadcrumbList\",\"@id\":\"https:\/\/portal1.uenf.br\/portal\/informes-internos\/sociologo-da-uerj-analisa-bolsonarismo-ao-proferir-aula-magna-na-uenf\/#breadcrumb\",\"itemListElement\":[{\"@type\":\"ListItem\",\"position\":1,\"name\":\"In\u00edcio\",\"item\":\"https:\/\/portal1.uenf.br\/portal\/\"},{\"@type\":\"ListItem\",\"position\":2,\"name\":\"Soci\u00f3logo da Uerj analisa bolsonarismo ao proferir aula magna na UENF\"}]},{\"@type\":\"WebSite\",\"@id\":\"https:\/\/portal1.uenf.br\/portal\/#website\",\"url\":\"https:\/\/portal1.uenf.br\/portal\/\",\"name\":\"UENF - Universidade Estadual do Norte Fluminense Darcy Ribeiro\",\"description\":\"\",\"publisher\":{\"@id\":\"https:\/\/portal1.uenf.br\/portal\/#organization\"},\"potentialAction\":[{\"@type\":\"SearchAction\",\"target\":{\"@type\":\"EntryPoint\",\"urlTemplate\":\"https:\/\/portal1.uenf.br\/portal\/?s={search_term_string}\"},\"query-input\":{\"@type\":\"PropertyValueSpecification\",\"valueRequired\":true,\"valueName\":\"search_term_string\"}}],\"inLanguage\":\"pt-BR\"},{\"@type\":\"Organization\",\"@id\":\"https:\/\/portal1.uenf.br\/portal\/#organization\",\"name\":\"UENF - Universidade Estadual do Norte Fluminense Darcy Ribeiro\",\"url\":\"https:\/\/portal1.uenf.br\/portal\/\",\"logo\":{\"@type\":\"ImageObject\",\"inLanguage\":\"pt-BR\",\"@id\":\"https:\/\/portal1.uenf.br\/portal\/#\/schema\/logo\/image\/\",\"url\":\"https:\/\/portal1.uenf.br\/portal\/wp-content\/uploads\/2018\/06\/logo-uenf-invertido-1.png\",\"contentUrl\":\"https:\/\/portal1.uenf.br\/portal\/wp-content\/uploads\/2018\/06\/logo-uenf-invertido-1.png\",\"width\":482,\"height\":83,\"caption\":\"UENF - Universidade Estadual do Norte Fluminense Darcy Ribeiro\"},\"image\":{\"@id\":\"https:\/\/portal1.uenf.br\/portal\/#\/schema\/logo\/image\/\"}},{\"@type\":\"Person\",\"@id\":\"https:\/\/portal1.uenf.br\/portal\/#\/schema\/person\/068abbf03b6f8478c845bc8ded9270c7\",\"name\":\"admin\",\"image\":{\"@type\":\"ImageObject\",\"inLanguage\":\"pt-BR\",\"@id\":\"https:\/\/portal1.uenf.br\/portal\/#\/schema\/person\/image\/\",\"url\":\"https:\/\/secure.gravatar.com\/avatar\/e5ecf9e4fae0742f4b136f518195bafa7b2d3f7c709f4bdc6707588ef68a6e25?s=96&d=mm&r=g\",\"contentUrl\":\"https:\/\/secure.gravatar.com\/avatar\/e5ecf9e4fae0742f4b136f518195bafa7b2d3f7c709f4bdc6707588ef68a6e25?s=96&d=mm&r=g\",\"caption\":\"admin\"},\"sameAs\":[\"https:\/\/portal1.uenf.br\/portal\"],\"url\":\"https:\/\/portal1.uenf.br\/portal\/author\/edson\/\"}]}<\/script>\n<!-- \/ Yoast SEO plugin. -->","yoast_head_json":{"title":"Soci\u00f3logo da Uerj analisa bolsonarismo ao proferir aula magna na UENF - UENF - Universidade Estadual do Norte Fluminense Darcy Ribeiro","robots":{"index":"noindex","follow":"follow","max-snippet":"max-snippet:-1","max-image-preview":"max-image-preview:large","max-video-preview":"max-video-preview:-1"},"og_locale":"pt_BR","og_type":"article","og_title":"Soci\u00f3logo da Uerj analisa bolsonarismo ao proferir aula magna na UENF - UENF - Universidade Estadual do Norte Fluminense Darcy Ribeiro","og_description":"Um dos maiores soci\u00f3logos brasileiros em atividade, o professor Adalberto Moreira Cardoso, do Instituto de Estudos Sociais e Pol\u00edticos (IESP), da Universidade do Estado do Rio de Janeiro (UERJ), ministrou nesta segunda-feira, 13\/03\/23, no audit\u00f3rio multim\u00eddia do Centro de Ci\u00eancias do Homem (CCH), a aula magna do Programa de P\u00f3s-Gradua\u00e7\u00e3o em Sociologia Pol\u00edtica (PPGSP) da [&hellip;]","og_url":"https:\/\/portal1.uenf.br\/portal\/informes-internos\/sociologo-da-uerj-analisa-bolsonarismo-ao-proferir-aula-magna-na-uenf\/","og_site_name":"UENF - Universidade Estadual do Norte Fluminense Darcy Ribeiro","article_published_time":"2023-03-13T20:26:00+00:00","og_image":[{"url":"https:\/\/uenf.br\/portal\/wp-content\/uploads\/2023\/03\/palestra-aula-magna-CCH-1024x682.jpg","type":"","width":"","height":""}],"author":"admin","twitter_card":"summary_large_image","twitter_misc":{"Escrito por":"admin","Est. tempo de leitura":"6 minutos"},"schema":{"@context":"https:\/\/schema.org","@graph":[{"@type":"Article","@id":"https:\/\/portal1.uenf.br\/portal\/informes-internos\/sociologo-da-uerj-analisa-bolsonarismo-ao-proferir-aula-magna-na-uenf\/#article","isPartOf":{"@id":"https:\/\/portal1.uenf.br\/portal\/informes-internos\/sociologo-da-uerj-analisa-bolsonarismo-ao-proferir-aula-magna-na-uenf\/"},"author":{"name":"admin","@id":"https:\/\/portal1.uenf.br\/portal\/#\/schema\/person\/068abbf03b6f8478c845bc8ded9270c7"},"headline":"Soci\u00f3logo da Uerj analisa bolsonarismo ao proferir aula magna na UENF","datePublished":"2023-03-13T20:26:00+00:00","mainEntityOfPage":{"@id":"https:\/\/portal1.uenf.br\/portal\/informes-internos\/sociologo-da-uerj-analisa-bolsonarismo-ao-proferir-aula-magna-na-uenf\/"},"wordCount":1175,"publisher":{"@id":"https:\/\/portal1.uenf.br\/portal\/#organization"},"image":{"@id":"https:\/\/portal1.uenf.br\/portal\/informes-internos\/sociologo-da-uerj-analisa-bolsonarismo-ao-proferir-aula-magna-na-uenf\/#primaryimage"},"thumbnailUrl":"https:\/\/uenf.br\/portal\/wp-content\/uploads\/2023\/03\/palestra-aula-magna-CCH-1024x682.jpg","articleSection":["informes internos"],"inLanguage":"pt-BR"},{"@type":"WebPage","@id":"https:\/\/portal1.uenf.br\/portal\/informes-internos\/sociologo-da-uerj-analisa-bolsonarismo-ao-proferir-aula-magna-na-uenf\/","url":"https:\/\/portal1.uenf.br\/portal\/informes-internos\/sociologo-da-uerj-analisa-bolsonarismo-ao-proferir-aula-magna-na-uenf\/","name":"Soci\u00f3logo da Uerj analisa bolsonarismo ao proferir aula magna na UENF - UENF - Universidade Estadual do Norte Fluminense Darcy Ribeiro","isPartOf":{"@id":"https:\/\/portal1.uenf.br\/portal\/#website"},"primaryImageOfPage":{"@id":"https:\/\/portal1.uenf.br\/portal\/informes-internos\/sociologo-da-uerj-analisa-bolsonarismo-ao-proferir-aula-magna-na-uenf\/#primaryimage"},"image":{"@id":"https:\/\/portal1.uenf.br\/portal\/informes-internos\/sociologo-da-uerj-analisa-bolsonarismo-ao-proferir-aula-magna-na-uenf\/#primaryimage"},"thumbnailUrl":"https:\/\/uenf.br\/portal\/wp-content\/uploads\/2023\/03\/palestra-aula-magna-CCH-1024x682.jpg","datePublished":"2023-03-13T20:26:00+00:00","breadcrumb":{"@id":"https:\/\/portal1.uenf.br\/portal\/informes-internos\/sociologo-da-uerj-analisa-bolsonarismo-ao-proferir-aula-magna-na-uenf\/#breadcrumb"},"inLanguage":"pt-BR","potentialAction":[{"@type":"ReadAction","target":["https:\/\/portal1.uenf.br\/portal\/informes-internos\/sociologo-da-uerj-analisa-bolsonarismo-ao-proferir-aula-magna-na-uenf\/"]}]},{"@type":"ImageObject","inLanguage":"pt-BR","@id":"https:\/\/portal1.uenf.br\/portal\/informes-internos\/sociologo-da-uerj-analisa-bolsonarismo-ao-proferir-aula-magna-na-uenf\/#primaryimage","url":"https:\/\/uenf.br\/portal\/wp-content\/uploads\/2023\/03\/palestra-aula-magna-CCH-1024x682.jpg","contentUrl":"https:\/\/uenf.br\/portal\/wp-content\/uploads\/2023\/03\/palestra-aula-magna-CCH-1024x682.jpg"},{"@type":"BreadcrumbList","@id":"https:\/\/portal1.uenf.br\/portal\/informes-internos\/sociologo-da-uerj-analisa-bolsonarismo-ao-proferir-aula-magna-na-uenf\/#breadcrumb","itemListElement":[{"@type":"ListItem","position":1,"name":"In\u00edcio","item":"https:\/\/portal1.uenf.br\/portal\/"},{"@type":"ListItem","position":2,"name":"Soci\u00f3logo da Uerj analisa bolsonarismo ao proferir aula magna na UENF"}]},{"@type":"WebSite","@id":"https:\/\/portal1.uenf.br\/portal\/#website","url":"https:\/\/portal1.uenf.br\/portal\/","name":"UENF - Universidade Estadual do Norte Fluminense Darcy Ribeiro","description":"","publisher":{"@id":"https:\/\/portal1.uenf.br\/portal\/#organization"},"potentialAction":[{"@type":"SearchAction","target":{"@type":"EntryPoint","urlTemplate":"https:\/\/portal1.uenf.br\/portal\/?s={search_term_string}"},"query-input":{"@type":"PropertyValueSpecification","valueRequired":true,"valueName":"search_term_string"}}],"inLanguage":"pt-BR"},{"@type":"Organization","@id":"https:\/\/portal1.uenf.br\/portal\/#organization","name":"UENF - Universidade Estadual do Norte Fluminense Darcy Ribeiro","url":"https:\/\/portal1.uenf.br\/portal\/","logo":{"@type":"ImageObject","inLanguage":"pt-BR","@id":"https:\/\/portal1.uenf.br\/portal\/#\/schema\/logo\/image\/","url":"https:\/\/portal1.uenf.br\/portal\/wp-content\/uploads\/2018\/06\/logo-uenf-invertido-1.png","contentUrl":"https:\/\/portal1.uenf.br\/portal\/wp-content\/uploads\/2018\/06\/logo-uenf-invertido-1.png","width":482,"height":83,"caption":"UENF - Universidade Estadual do Norte Fluminense Darcy Ribeiro"},"image":{"@id":"https:\/\/portal1.uenf.br\/portal\/#\/schema\/logo\/image\/"}},{"@type":"Person","@id":"https:\/\/portal1.uenf.br\/portal\/#\/schema\/person\/068abbf03b6f8478c845bc8ded9270c7","name":"admin","image":{"@type":"ImageObject","inLanguage":"pt-BR","@id":"https:\/\/portal1.uenf.br\/portal\/#\/schema\/person\/image\/","url":"https:\/\/secure.gravatar.com\/avatar\/e5ecf9e4fae0742f4b136f518195bafa7b2d3f7c709f4bdc6707588ef68a6e25?s=96&d=mm&r=g","contentUrl":"https:\/\/secure.gravatar.com\/avatar\/e5ecf9e4fae0742f4b136f518195bafa7b2d3f7c709f4bdc6707588ef68a6e25?s=96&d=mm&r=g","caption":"admin"},"sameAs":["https:\/\/portal1.uenf.br\/portal"],"url":"https:\/\/portal1.uenf.br\/portal\/author\/edson\/"}]}},"_links":{"self":[{"href":"https:\/\/portal1.uenf.br\/portal\/wp-json\/wp\/v2\/posts\/18078","targetHints":{"allow":["GET"]}}],"collection":[{"href":"https:\/\/portal1.uenf.br\/portal\/wp-json\/wp\/v2\/posts"}],"about":[{"href":"https:\/\/portal1.uenf.br\/portal\/wp-json\/wp\/v2\/types\/post"}],"author":[{"embeddable":true,"href":"https:\/\/portal1.uenf.br\/portal\/wp-json\/wp\/v2\/users\/1"}],"replies":[{"embeddable":true,"href":"https:\/\/portal1.uenf.br\/portal\/wp-json\/wp\/v2\/comments?post=18078"}],"version-history":[{"count":0,"href":"https:\/\/portal1.uenf.br\/portal\/wp-json\/wp\/v2\/posts\/18078\/revisions"}],"wp:attachment":[{"href":"https:\/\/portal1.uenf.br\/portal\/wp-json\/wp\/v2\/media?parent=18078"}],"wp:term":[{"taxonomy":"category","embeddable":true,"href":"https:\/\/portal1.uenf.br\/portal\/wp-json\/wp\/v2\/categories?post=18078"},{"taxonomy":"post_tag","embeddable":true,"href":"https:\/\/portal1.uenf.br\/portal\/wp-json\/wp\/v2\/tags?post=18078"}],"curies":[{"name":"wp","href":"https:\/\/api.w.org\/{rel}","templated":true}]}}