{"id":17905,"date":"2023-03-07T17:22:15","date_gmt":"2023-03-07T20:22:15","guid":{"rendered":"https:\/\/uenf.br\/portal\/?p=17905"},"modified":"2023-03-07T17:22:15","modified_gmt":"2023-03-07T20:22:15","slug":"projeto-conhecendo-a-uenf-recebe-novos-estudantes-da-uenf","status":"publish","type":"post","link":"https:\/\/portal1.uenf.br\/portal\/informes-internos\/projeto-conhecendo-a-uenf-recebe-novos-estudantes-da-uenf\/","title":{"rendered":"Projeto &#8216;Conhecendo a UENF&#8217; recebe novos estudantes da Universidade"},"content":{"rendered":"\n<figure class=\"wp-block-gallery has-nested-images columns-default is-cropped wp-block-gallery-1 is-layout-flex wp-block-gallery-is-layout-flex\">\n<figure class=\"wp-block-image size-large\"><img decoding=\"async\" data-id=\"17914\" src=\"https:\/\/uenf.br\/portal\/wp-content\/uploads\/2023\/03\/calouros-dia-2-9738-1-1024x683.jpg\" alt=\"\" class=\"wp-image-17914\"\/><\/figure>\n\n\n\n<figure class=\"wp-block-image size-large\"><img decoding=\"async\" data-id=\"17913\" src=\"https:\/\/uenf.br\/portal\/wp-content\/uploads\/2023\/03\/calouros-dia-2-9813-1-1024x683.jpg\" alt=\"\" class=\"wp-image-17913\"\/><\/figure>\n\n\n\n<figure class=\"wp-block-image size-large\"><img decoding=\"async\" data-id=\"17912\" src=\"https:\/\/uenf.br\/portal\/wp-content\/uploads\/2023\/03\/calouros-dia-2-9852-1-1024x683.jpg\" alt=\"\" class=\"wp-image-17912\"\/><\/figure>\n<\/figure>\n\n\n\n<p>O projeto \u201cConhecendo a UENF\u201d recebeu nesta ter\u00e7a-feira, 07\/03, os novos estudantes da Universidade que conheceram os diversos Centros da UENF, alguns laborat\u00f3rios e as pesquisas desenvolvidas pela institui\u00e7\u00e3o. A visita faz parte da programa\u00e7\u00e3o da Semana de Acolhimento, que marca o in\u00edcio do primeiro per\u00edodo letivo deste ano.&nbsp;&nbsp;<\/p>\n\n\n\n<p>A apresenta\u00e7\u00e3o come\u00e7ou no Anfiteatro IV do Centro de Conven\u00e7\u00f5es, onde a equipe do projeto Conhecendo a UENF e um representante do Diret\u00f3rio Central dos Estudantes (DCE) esclareceram assuntos importantes como as modalidades de bolsas e aux\u00edlios destinados aos estudantes de gradua\u00e7\u00e3o, Coeficiente de Rendimento Efetivo (CRE), funcionamento do Restaurante Universit\u00e1rio, entre outros. Em seguida, os alunos conheceram o Hospital Veterin\u00e1rio, circularam pelos pr\u00e9dios e conclu\u00edram a visita no Restaurante Universit\u00e1rio.&nbsp;&nbsp;<\/p>\n\n\n\n<p>O representante do DCE e aluno do curso de Ci\u00eancia da Computa\u00e7\u00e3o da UENF Estef\u00e2nio Silva esclareceu que o DCE funciona como ponto de conex\u00e3o entre o aluno e a gest\u00e3o da UENF.<\/p>\n\n\n\n<p>\u2014 \u00c9 um porta-voz do aluno, atendendo em qualquer necessidade. Temos foco em debates, melhorias, esclarecer os deveres e direitos dos estudantes, propor conscientiza\u00e7\u00e3o em geral. Os alunos devem nos procurar e seguir o @dceuenfoficial para ficarem atualizados das nossas a\u00e7\u00f5es \u2014 ressaltou representante.&nbsp;&nbsp;&nbsp;&nbsp;<\/p>\n\n\n\n<p>Um dos alunos que participaram da visita ao <em>campus <\/em>da UENF foi Jo\u00e3o Neto Castellani da Silva, que ingressou no curso de Ci\u00eancias Biol\u00f3gicas. Aos 17 anos, ele veio de longe para estudar na UENF. Jo\u00e3o \u00e9 natural de Balne\u00e1rio Pi\u00e7arras, em Santa Catarina, a 1.200 quil\u00f4metros de dist\u00e2ncia de Campos dos Goytacazes. <\/p>\n\n\n<div class=\"wp-block-image\">\n<figure class=\"aligncenter size-large is-resized\"><img fetchpriority=\"high\" decoding=\"async\" src=\"https:\/\/uenf.br\/portal\/wp-content\/uploads\/2023\/03\/conhecendo-a-uenf1-1024x682.jpg\" alt=\"\" class=\"wp-image-17915\" width=\"693\" height=\"461\"\/><\/figure>\n<\/div>\n\n\n<p>\u2014 Conheci a UENF por meio de uma mat\u00e9ria divulgada na internet. Pesquisei mais e vi que o corpo docente \u00e9 formado por doutores e a Universidade tem nota alta no MEC. Estou impressionado com a estrutura da UENF \u2014 declarou o estudante que sempre estudou em escola p\u00fablica.&nbsp;&nbsp;<\/p>\n\n\n\n<p>Nova aluna do curso de Agronomia, Kauana dos Santos Siqueira Vilches, 24 anos, \u00e9 do Bairro Penha, em Campos, e ingressou na UENF por incentivo do irm\u00e3o, que tamb\u00e9m \u00e9 aluno da Universidade. <\/p>\n\n\n\n<p>\u2014 Sempre quis fazer Agronomia. Estudar na UENF \u00e9 a realiza\u00e7\u00e3o de um sonho. Estou impressionada com tudo que estou vendo aqui. Estava trabalhando, mas decidi sair para me dedicar exclusivamente aos estudos. Quero seguir a vida acad\u00eamica, fazer Mestrado e Doutorado. Vou aproveitar tudo que a Universidade pode me proporcionar \u2014 afirmou a estudante.<\/p>\n\n\n\n<p><strong>Confira a programa\u00e7\u00e3o&nbsp;<\/strong>&nbsp;<\/p>\n\n\n\n<p>Nesta quarta-feira, 08\/03, v\u00e3o ocorrer atividades em comemora\u00e7\u00e3o ao Dia Internacional da Mulher. Para que os novos estudantes possam conhecer alguns dos diversos projetos de extens\u00e3o da UENF, a Feira de Ci\u00eancias ser\u00e1 realizada no Centro de Conven\u00e7\u00f5es, entre 9h e 16h.&nbsp;<\/p>\n\n\n\n<p>Na quarta tamb\u00e9m haver\u00e1, a partir das 16h, uma sess\u00e3o de cinema com apresenta\u00e7\u00e3o de filmes de diretores campistas, seguida de debate.&nbsp;<\/p>\n\n\n\n<p>A programa\u00e7\u00e3o continua na quinta-feira, 09\/03, quando ser\u00e1 realizado o encontro com os diretores dos centros. Neste dia, os novos alunos v\u00e3o conhecer as instala\u00e7\u00f5es dos Centros onde v\u00e3o desenvolver suas atividades acad\u00eamicas.&nbsp;<\/p>\n\n\n\n<p>E na segunda-feira, 13\/03, \u00e0s 16h, no Centro de Conven\u00e7\u00f5es, acontecer\u00e1 o \u201cEncontro com o reitor\u201d. Uma apresenta\u00e7\u00e3o da UENF realizada pelo reitor Prof. Raul Palacio, dando boas-vindas aos novos e antigos alunos.&nbsp;<\/p>\n\n\n<div class=\"wp-block-image\">\n<figure class=\"aligncenter size-large is-resized\"><img decoding=\"async\" src=\"https:\/\/uenf.br\/portal\/wp-content\/uploads\/2023\/03\/conhecendo-a-uenf2-1024x682.jpg\" alt=\"\" class=\"wp-image-17916\" width=\"685\" height=\"456\"\/><\/figure>\n<\/div>","protected":false},"excerpt":{"rendered":"<p>O projeto \u201cConhecendo a UENF\u201d recebeu nesta ter\u00e7a-feira, 07\/03, os novos estudantes da Universidade que conheceram os diversos Centros da UENF, alguns laborat\u00f3rios e as pesquisas desenvolvidas pela institui\u00e7\u00e3o. A visita faz parte da programa\u00e7\u00e3o da Semana de Acolhimento, que marca o in\u00edcio do primeiro per\u00edodo letivo deste ano.&nbsp;&nbsp; A apresenta\u00e7\u00e3o come\u00e7ou no Anfiteatro IV [&hellip;]<\/p>\n","protected":false},"author":1,"featured_media":0,"comment_status":"closed","ping_status":"closed","sticky":false,"template":"","format":"standard","meta":{"_eb_attr":"","ocean_post_layout":"","ocean_both_sidebars_style":"","ocean_both_sidebars_content_width":0,"ocean_both_sidebars_sidebars_width":0,"ocean_sidebar":"","ocean_second_sidebar":"","ocean_disable_margins":"enable","ocean_add_body_class":"","ocean_shortcode_before_top_bar":"","ocean_shortcode_after_top_bar":"","ocean_shortcode_before_header":"","ocean_shortcode_after_header":"","ocean_has_shortcode":"","ocean_shortcode_after_title":"","ocean_shortcode_before_footer_widgets":"","ocean_shortcode_after_footer_widgets":"","ocean_shortcode_before_footer_bottom":"","ocean_shortcode_after_footer_bottom":"","ocean_display_top_bar":"default","ocean_display_header":"default","ocean_header_style":"","ocean_center_header_left_menu":"","ocean_custom_header_template":"","ocean_custom_logo":0,"ocean_custom_retina_logo":0,"ocean_custom_logo_max_width":0,"ocean_custom_logo_tablet_max_width":0,"ocean_custom_logo_mobile_max_width":0,"ocean_custom_logo_max_height":0,"ocean_custom_logo_tablet_max_height":0,"ocean_custom_logo_mobile_max_height":0,"ocean_header_custom_menu":"","ocean_menu_typo_font_family":"","ocean_menu_typo_font_subset":"","ocean_menu_typo_font_size":0,"ocean_menu_typo_font_size_tablet":0,"ocean_menu_typo_font_size_mobile":0,"ocean_menu_typo_font_size_unit":"px","ocean_menu_typo_font_weight":"","ocean_menu_typo_font_weight_tablet":"","ocean_menu_typo_font_weight_mobile":"","ocean_menu_typo_transform":"","ocean_menu_typo_transform_tablet":"","ocean_menu_typo_transform_mobile":"","ocean_menu_typo_line_height":0,"ocean_menu_typo_line_height_tablet":0,"ocean_menu_typo_line_height_mobile":0,"ocean_menu_typo_line_height_unit":"","ocean_menu_typo_spacing":0,"ocean_menu_typo_spacing_tablet":0,"ocean_menu_typo_spacing_mobile":0,"ocean_menu_typo_spacing_unit":"","ocean_menu_link_color":"","ocean_menu_link_color_hover":"","ocean_menu_link_color_active":"","ocean_menu_link_background":"","ocean_menu_link_hover_background":"","ocean_menu_link_active_background":"","ocean_menu_social_links_bg":"","ocean_menu_social_hover_links_bg":"","ocean_menu_social_links_color":"","ocean_menu_social_hover_links_color":"","ocean_disable_title":"default","ocean_disable_heading":"default","ocean_post_title":"","ocean_post_subheading":"","ocean_post_title_style":"","ocean_post_title_background_color":"","ocean_post_title_background":0,"ocean_post_title_bg_image_position":"","ocean_post_title_bg_image_attachment":"","ocean_post_title_bg_image_repeat":"","ocean_post_title_bg_image_size":"","ocean_post_title_height":0,"ocean_post_title_bg_overlay":0.5,"ocean_post_title_bg_overlay_color":"","ocean_disable_breadcrumbs":"default","ocean_breadcrumbs_color":"","ocean_breadcrumbs_separator_color":"","ocean_breadcrumbs_links_color":"","ocean_breadcrumbs_links_hover_color":"","ocean_display_footer_widgets":"default","ocean_display_footer_bottom":"default","ocean_custom_footer_template":"","ocean_post_oembed":"","ocean_post_self_hosted_media":"","ocean_post_video_embed":"","ocean_link_format":"","ocean_link_format_target":"self","ocean_quote_format":"","ocean_quote_format_link":"post","ocean_gallery_link_images":"off","ocean_gallery_id":[],"footnotes":""},"categories":[7],"tags":[],"class_list":["post-17905","post","type-post","status-publish","format-standard","hentry","category-informes-internos","entry"],"yoast_head":"<!-- This site is optimized with the Yoast SEO plugin v26.5 - https:\/\/yoast.com\/wordpress\/plugins\/seo\/ -->\n<title>Projeto &#039;Conhecendo a UENF&#039; recebe novos estudantes da Universidade - UENF - Universidade Estadual do Norte Fluminense Darcy Ribeiro<\/title>\n<meta name=\"robots\" content=\"noindex, follow, max-snippet:-1, max-image-preview:large, max-video-preview:-1\" \/>\n<meta property=\"og:locale\" content=\"pt_BR\" \/>\n<meta property=\"og:type\" content=\"article\" \/>\n<meta property=\"og:title\" content=\"Projeto &#039;Conhecendo a UENF&#039; recebe novos estudantes da Universidade - UENF - Universidade Estadual do Norte Fluminense Darcy Ribeiro\" \/>\n<meta property=\"og:description\" content=\"O projeto \u201cConhecendo a UENF\u201d recebeu nesta ter\u00e7a-feira, 07\/03, os novos estudantes da Universidade que conheceram os diversos Centros da UENF, alguns laborat\u00f3rios e as pesquisas desenvolvidas pela institui\u00e7\u00e3o. A visita faz parte da programa\u00e7\u00e3o da Semana de Acolhimento, que marca o in\u00edcio do primeiro per\u00edodo letivo deste ano.&nbsp;&nbsp; A apresenta\u00e7\u00e3o come\u00e7ou no Anfiteatro IV [&hellip;]\" \/>\n<meta property=\"og:url\" content=\"https:\/\/portal1.uenf.br\/portal\/informes-internos\/projeto-conhecendo-a-uenf-recebe-novos-estudantes-da-uenf\/\" \/>\n<meta property=\"og:site_name\" content=\"UENF - Universidade Estadual do Norte Fluminense Darcy Ribeiro\" \/>\n<meta property=\"article:published_time\" content=\"2023-03-07T20:22:15+00:00\" \/>\n<meta property=\"og:image\" content=\"https:\/\/uenf.br\/portal\/wp-content\/uploads\/2023\/03\/calouros-dia-2-9738-1-1024x683.jpg\" \/>\n<meta name=\"author\" content=\"admin\" \/>\n<meta name=\"twitter:card\" content=\"summary_large_image\" \/>\n<meta name=\"twitter:label1\" content=\"Escrito por\" \/>\n\t<meta name=\"twitter:data1\" content=\"admin\" \/>\n\t<meta name=\"twitter:label2\" content=\"Est. tempo de leitura\" \/>\n\t<meta name=\"twitter:data2\" content=\"3 minutos\" \/>\n<script type=\"application\/ld+json\" class=\"yoast-schema-graph\">{\"@context\":\"https:\/\/schema.org\",\"@graph\":[{\"@type\":\"Article\",\"@id\":\"https:\/\/portal1.uenf.br\/portal\/informes-internos\/projeto-conhecendo-a-uenf-recebe-novos-estudantes-da-uenf\/#article\",\"isPartOf\":{\"@id\":\"https:\/\/portal1.uenf.br\/portal\/informes-internos\/projeto-conhecendo-a-uenf-recebe-novos-estudantes-da-uenf\/\"},\"author\":{\"name\":\"admin\",\"@id\":\"https:\/\/portal1.uenf.br\/portal\/#\/schema\/person\/068abbf03b6f8478c845bc8ded9270c7\"},\"headline\":\"Projeto &#8216;Conhecendo a UENF&#8217; recebe novos estudantes da Universidade\",\"datePublished\":\"2023-03-07T20:22:15+00:00\",\"mainEntityOfPage\":{\"@id\":\"https:\/\/portal1.uenf.br\/portal\/informes-internos\/projeto-conhecendo-a-uenf-recebe-novos-estudantes-da-uenf\/\"},\"wordCount\":580,\"publisher\":{\"@id\":\"https:\/\/portal1.uenf.br\/portal\/#organization\"},\"image\":{\"@id\":\"https:\/\/portal1.uenf.br\/portal\/informes-internos\/projeto-conhecendo-a-uenf-recebe-novos-estudantes-da-uenf\/#primaryimage\"},\"thumbnailUrl\":\"https:\/\/uenf.br\/portal\/wp-content\/uploads\/2023\/03\/calouros-dia-2-9738-1-1024x683.jpg\",\"articleSection\":[\"informes internos\"],\"inLanguage\":\"pt-BR\"},{\"@type\":\"WebPage\",\"@id\":\"https:\/\/portal1.uenf.br\/portal\/informes-internos\/projeto-conhecendo-a-uenf-recebe-novos-estudantes-da-uenf\/\",\"url\":\"https:\/\/portal1.uenf.br\/portal\/informes-internos\/projeto-conhecendo-a-uenf-recebe-novos-estudantes-da-uenf\/\",\"name\":\"Projeto 'Conhecendo a UENF' recebe novos estudantes da Universidade - UENF - Universidade Estadual do Norte Fluminense Darcy Ribeiro\",\"isPartOf\":{\"@id\":\"https:\/\/portal1.uenf.br\/portal\/#website\"},\"primaryImageOfPage\":{\"@id\":\"https:\/\/portal1.uenf.br\/portal\/informes-internos\/projeto-conhecendo-a-uenf-recebe-novos-estudantes-da-uenf\/#primaryimage\"},\"image\":{\"@id\":\"https:\/\/portal1.uenf.br\/portal\/informes-internos\/projeto-conhecendo-a-uenf-recebe-novos-estudantes-da-uenf\/#primaryimage\"},\"thumbnailUrl\":\"https:\/\/uenf.br\/portal\/wp-content\/uploads\/2023\/03\/calouros-dia-2-9738-1-1024x683.jpg\",\"datePublished\":\"2023-03-07T20:22:15+00:00\",\"breadcrumb\":{\"@id\":\"https:\/\/portal1.uenf.br\/portal\/informes-internos\/projeto-conhecendo-a-uenf-recebe-novos-estudantes-da-uenf\/#breadcrumb\"},\"inLanguage\":\"pt-BR\",\"potentialAction\":[{\"@type\":\"ReadAction\",\"target\":[\"https:\/\/portal1.uenf.br\/portal\/informes-internos\/projeto-conhecendo-a-uenf-recebe-novos-estudantes-da-uenf\/\"]}]},{\"@type\":\"ImageObject\",\"inLanguage\":\"pt-BR\",\"@id\":\"https:\/\/portal1.uenf.br\/portal\/informes-internos\/projeto-conhecendo-a-uenf-recebe-novos-estudantes-da-uenf\/#primaryimage\",\"url\":\"https:\/\/uenf.br\/portal\/wp-content\/uploads\/2023\/03\/calouros-dia-2-9738-1-1024x683.jpg\",\"contentUrl\":\"https:\/\/uenf.br\/portal\/wp-content\/uploads\/2023\/03\/calouros-dia-2-9738-1-1024x683.jpg\"},{\"@type\":\"BreadcrumbList\",\"@id\":\"https:\/\/portal1.uenf.br\/portal\/informes-internos\/projeto-conhecendo-a-uenf-recebe-novos-estudantes-da-uenf\/#breadcrumb\",\"itemListElement\":[{\"@type\":\"ListItem\",\"position\":1,\"name\":\"In\u00edcio\",\"item\":\"https:\/\/portal1.uenf.br\/portal\/\"},{\"@type\":\"ListItem\",\"position\":2,\"name\":\"Projeto &#8216;Conhecendo a UENF&#8217; recebe novos estudantes da Universidade\"}]},{\"@type\":\"WebSite\",\"@id\":\"https:\/\/portal1.uenf.br\/portal\/#website\",\"url\":\"https:\/\/portal1.uenf.br\/portal\/\",\"name\":\"UENF - Universidade Estadual do Norte Fluminense Darcy Ribeiro\",\"description\":\"\",\"publisher\":{\"@id\":\"https:\/\/portal1.uenf.br\/portal\/#organization\"},\"potentialAction\":[{\"@type\":\"SearchAction\",\"target\":{\"@type\":\"EntryPoint\",\"urlTemplate\":\"https:\/\/portal1.uenf.br\/portal\/?s={search_term_string}\"},\"query-input\":{\"@type\":\"PropertyValueSpecification\",\"valueRequired\":true,\"valueName\":\"search_term_string\"}}],\"inLanguage\":\"pt-BR\"},{\"@type\":\"Organization\",\"@id\":\"https:\/\/portal1.uenf.br\/portal\/#organization\",\"name\":\"UENF - Universidade Estadual do Norte Fluminense Darcy Ribeiro\",\"url\":\"https:\/\/portal1.uenf.br\/portal\/\",\"logo\":{\"@type\":\"ImageObject\",\"inLanguage\":\"pt-BR\",\"@id\":\"https:\/\/portal1.uenf.br\/portal\/#\/schema\/logo\/image\/\",\"url\":\"https:\/\/portal1.uenf.br\/portal\/wp-content\/uploads\/2018\/06\/logo-uenf-invertido-1.png\",\"contentUrl\":\"https:\/\/portal1.uenf.br\/portal\/wp-content\/uploads\/2018\/06\/logo-uenf-invertido-1.png\",\"width\":482,\"height\":83,\"caption\":\"UENF - Universidade Estadual do Norte Fluminense Darcy Ribeiro\"},\"image\":{\"@id\":\"https:\/\/portal1.uenf.br\/portal\/#\/schema\/logo\/image\/\"}},{\"@type\":\"Person\",\"@id\":\"https:\/\/portal1.uenf.br\/portal\/#\/schema\/person\/068abbf03b6f8478c845bc8ded9270c7\",\"name\":\"admin\",\"image\":{\"@type\":\"ImageObject\",\"inLanguage\":\"pt-BR\",\"@id\":\"https:\/\/portal1.uenf.br\/portal\/#\/schema\/person\/image\/\",\"url\":\"https:\/\/secure.gravatar.com\/avatar\/e5ecf9e4fae0742f4b136f518195bafa7b2d3f7c709f4bdc6707588ef68a6e25?s=96&d=mm&r=g\",\"contentUrl\":\"https:\/\/secure.gravatar.com\/avatar\/e5ecf9e4fae0742f4b136f518195bafa7b2d3f7c709f4bdc6707588ef68a6e25?s=96&d=mm&r=g\",\"caption\":\"admin\"},\"sameAs\":[\"https:\/\/portal1.uenf.br\/portal\"],\"url\":\"https:\/\/portal1.uenf.br\/portal\/author\/edson\/\"}]}<\/script>\n<!-- \/ Yoast SEO plugin. -->","yoast_head_json":{"title":"Projeto 'Conhecendo a UENF' recebe novos estudantes da Universidade - UENF - Universidade Estadual do Norte Fluminense Darcy Ribeiro","robots":{"index":"noindex","follow":"follow","max-snippet":"max-snippet:-1","max-image-preview":"max-image-preview:large","max-video-preview":"max-video-preview:-1"},"og_locale":"pt_BR","og_type":"article","og_title":"Projeto 'Conhecendo a UENF' recebe novos estudantes da Universidade - UENF - Universidade Estadual do Norte Fluminense Darcy Ribeiro","og_description":"O projeto \u201cConhecendo a UENF\u201d recebeu nesta ter\u00e7a-feira, 07\/03, os novos estudantes da Universidade que conheceram os diversos Centros da UENF, alguns laborat\u00f3rios e as pesquisas desenvolvidas pela institui\u00e7\u00e3o. A visita faz parte da programa\u00e7\u00e3o da Semana de Acolhimento, que marca o in\u00edcio do primeiro per\u00edodo letivo deste ano.&nbsp;&nbsp; A apresenta\u00e7\u00e3o come\u00e7ou no Anfiteatro IV [&hellip;]","og_url":"https:\/\/portal1.uenf.br\/portal\/informes-internos\/projeto-conhecendo-a-uenf-recebe-novos-estudantes-da-uenf\/","og_site_name":"UENF - Universidade Estadual do Norte Fluminense Darcy Ribeiro","article_published_time":"2023-03-07T20:22:15+00:00","og_image":[{"url":"https:\/\/uenf.br\/portal\/wp-content\/uploads\/2023\/03\/calouros-dia-2-9738-1-1024x683.jpg","type":"","width":"","height":""}],"author":"admin","twitter_card":"summary_large_image","twitter_misc":{"Escrito por":"admin","Est. tempo de leitura":"3 minutos"},"schema":{"@context":"https:\/\/schema.org","@graph":[{"@type":"Article","@id":"https:\/\/portal1.uenf.br\/portal\/informes-internos\/projeto-conhecendo-a-uenf-recebe-novos-estudantes-da-uenf\/#article","isPartOf":{"@id":"https:\/\/portal1.uenf.br\/portal\/informes-internos\/projeto-conhecendo-a-uenf-recebe-novos-estudantes-da-uenf\/"},"author":{"name":"admin","@id":"https:\/\/portal1.uenf.br\/portal\/#\/schema\/person\/068abbf03b6f8478c845bc8ded9270c7"},"headline":"Projeto &#8216;Conhecendo a UENF&#8217; recebe novos estudantes da Universidade","datePublished":"2023-03-07T20:22:15+00:00","mainEntityOfPage":{"@id":"https:\/\/portal1.uenf.br\/portal\/informes-internos\/projeto-conhecendo-a-uenf-recebe-novos-estudantes-da-uenf\/"},"wordCount":580,"publisher":{"@id":"https:\/\/portal1.uenf.br\/portal\/#organization"},"image":{"@id":"https:\/\/portal1.uenf.br\/portal\/informes-internos\/projeto-conhecendo-a-uenf-recebe-novos-estudantes-da-uenf\/#primaryimage"},"thumbnailUrl":"https:\/\/uenf.br\/portal\/wp-content\/uploads\/2023\/03\/calouros-dia-2-9738-1-1024x683.jpg","articleSection":["informes internos"],"inLanguage":"pt-BR"},{"@type":"WebPage","@id":"https:\/\/portal1.uenf.br\/portal\/informes-internos\/projeto-conhecendo-a-uenf-recebe-novos-estudantes-da-uenf\/","url":"https:\/\/portal1.uenf.br\/portal\/informes-internos\/projeto-conhecendo-a-uenf-recebe-novos-estudantes-da-uenf\/","name":"Projeto 'Conhecendo a UENF' recebe novos estudantes da Universidade - UENF - Universidade Estadual do Norte Fluminense Darcy Ribeiro","isPartOf":{"@id":"https:\/\/portal1.uenf.br\/portal\/#website"},"primaryImageOfPage":{"@id":"https:\/\/portal1.uenf.br\/portal\/informes-internos\/projeto-conhecendo-a-uenf-recebe-novos-estudantes-da-uenf\/#primaryimage"},"image":{"@id":"https:\/\/portal1.uenf.br\/portal\/informes-internos\/projeto-conhecendo-a-uenf-recebe-novos-estudantes-da-uenf\/#primaryimage"},"thumbnailUrl":"https:\/\/uenf.br\/portal\/wp-content\/uploads\/2023\/03\/calouros-dia-2-9738-1-1024x683.jpg","datePublished":"2023-03-07T20:22:15+00:00","breadcrumb":{"@id":"https:\/\/portal1.uenf.br\/portal\/informes-internos\/projeto-conhecendo-a-uenf-recebe-novos-estudantes-da-uenf\/#breadcrumb"},"inLanguage":"pt-BR","potentialAction":[{"@type":"ReadAction","target":["https:\/\/portal1.uenf.br\/portal\/informes-internos\/projeto-conhecendo-a-uenf-recebe-novos-estudantes-da-uenf\/"]}]},{"@type":"ImageObject","inLanguage":"pt-BR","@id":"https:\/\/portal1.uenf.br\/portal\/informes-internos\/projeto-conhecendo-a-uenf-recebe-novos-estudantes-da-uenf\/#primaryimage","url":"https:\/\/uenf.br\/portal\/wp-content\/uploads\/2023\/03\/calouros-dia-2-9738-1-1024x683.jpg","contentUrl":"https:\/\/uenf.br\/portal\/wp-content\/uploads\/2023\/03\/calouros-dia-2-9738-1-1024x683.jpg"},{"@type":"BreadcrumbList","@id":"https:\/\/portal1.uenf.br\/portal\/informes-internos\/projeto-conhecendo-a-uenf-recebe-novos-estudantes-da-uenf\/#breadcrumb","itemListElement":[{"@type":"ListItem","position":1,"name":"In\u00edcio","item":"https:\/\/portal1.uenf.br\/portal\/"},{"@type":"ListItem","position":2,"name":"Projeto &#8216;Conhecendo a UENF&#8217; recebe novos estudantes da Universidade"}]},{"@type":"WebSite","@id":"https:\/\/portal1.uenf.br\/portal\/#website","url":"https:\/\/portal1.uenf.br\/portal\/","name":"UENF - Universidade Estadual do Norte Fluminense Darcy Ribeiro","description":"","publisher":{"@id":"https:\/\/portal1.uenf.br\/portal\/#organization"},"potentialAction":[{"@type":"SearchAction","target":{"@type":"EntryPoint","urlTemplate":"https:\/\/portal1.uenf.br\/portal\/?s={search_term_string}"},"query-input":{"@type":"PropertyValueSpecification","valueRequired":true,"valueName":"search_term_string"}}],"inLanguage":"pt-BR"},{"@type":"Organization","@id":"https:\/\/portal1.uenf.br\/portal\/#organization","name":"UENF - Universidade Estadual do Norte Fluminense Darcy Ribeiro","url":"https:\/\/portal1.uenf.br\/portal\/","logo":{"@type":"ImageObject","inLanguage":"pt-BR","@id":"https:\/\/portal1.uenf.br\/portal\/#\/schema\/logo\/image\/","url":"https:\/\/portal1.uenf.br\/portal\/wp-content\/uploads\/2018\/06\/logo-uenf-invertido-1.png","contentUrl":"https:\/\/portal1.uenf.br\/portal\/wp-content\/uploads\/2018\/06\/logo-uenf-invertido-1.png","width":482,"height":83,"caption":"UENF - Universidade Estadual do Norte Fluminense Darcy Ribeiro"},"image":{"@id":"https:\/\/portal1.uenf.br\/portal\/#\/schema\/logo\/image\/"}},{"@type":"Person","@id":"https:\/\/portal1.uenf.br\/portal\/#\/schema\/person\/068abbf03b6f8478c845bc8ded9270c7","name":"admin","image":{"@type":"ImageObject","inLanguage":"pt-BR","@id":"https:\/\/portal1.uenf.br\/portal\/#\/schema\/person\/image\/","url":"https:\/\/secure.gravatar.com\/avatar\/e5ecf9e4fae0742f4b136f518195bafa7b2d3f7c709f4bdc6707588ef68a6e25?s=96&d=mm&r=g","contentUrl":"https:\/\/secure.gravatar.com\/avatar\/e5ecf9e4fae0742f4b136f518195bafa7b2d3f7c709f4bdc6707588ef68a6e25?s=96&d=mm&r=g","caption":"admin"},"sameAs":["https:\/\/portal1.uenf.br\/portal"],"url":"https:\/\/portal1.uenf.br\/portal\/author\/edson\/"}]}},"_links":{"self":[{"href":"https:\/\/portal1.uenf.br\/portal\/wp-json\/wp\/v2\/posts\/17905","targetHints":{"allow":["GET"]}}],"collection":[{"href":"https:\/\/portal1.uenf.br\/portal\/wp-json\/wp\/v2\/posts"}],"about":[{"href":"https:\/\/portal1.uenf.br\/portal\/wp-json\/wp\/v2\/types\/post"}],"author":[{"embeddable":true,"href":"https:\/\/portal1.uenf.br\/portal\/wp-json\/wp\/v2\/users\/1"}],"replies":[{"embeddable":true,"href":"https:\/\/portal1.uenf.br\/portal\/wp-json\/wp\/v2\/comments?post=17905"}],"version-history":[{"count":0,"href":"https:\/\/portal1.uenf.br\/portal\/wp-json\/wp\/v2\/posts\/17905\/revisions"}],"wp:attachment":[{"href":"https:\/\/portal1.uenf.br\/portal\/wp-json\/wp\/v2\/media?parent=17905"}],"wp:term":[{"taxonomy":"category","embeddable":true,"href":"https:\/\/portal1.uenf.br\/portal\/wp-json\/wp\/v2\/categories?post=17905"},{"taxonomy":"post_tag","embeddable":true,"href":"https:\/\/portal1.uenf.br\/portal\/wp-json\/wp\/v2\/tags?post=17905"}],"curies":[{"name":"wp","href":"https:\/\/api.w.org\/{rel}","templated":true}]}}