{"id":17469,"date":"2023-02-11T12:15:15","date_gmt":"2023-02-11T15:15:15","guid":{"rendered":"https:\/\/uenf.br\/portal\/?p=17469"},"modified":"2023-02-11T12:15:15","modified_gmt":"2023-02-11T15:15:15","slug":"dia-internacional-de-mulheres-e-meninas-na-ciencia","status":"publish","type":"post","link":"https:\/\/portal1.uenf.br\/portal\/noticias\/dia-internacional-de-mulheres-e-meninas-na-ciencia\/","title":{"rendered":"Dia Internacional de Mulheres e Meninas na Ci\u00eancia"},"content":{"rendered":"<div class=\"wp-block-image\">\n<figure class=\"aligncenter size-large is-resized\"><img fetchpriority=\"high\" decoding=\"async\" src=\"https:\/\/uenf.br\/portal\/wp-content\/uploads\/2023\/02\/WhatsApp-Image-2023-02-11-at-08.22.24-1024x1024.jpeg\" alt=\"\" class=\"wp-image-17470\" width=\"388\" height=\"388\"\/><\/figure>\n<\/div>\n\n\n<p><strong>Dia Internacional de Mulheres e Meninas na Ci\u00eancia 2023<\/strong><\/p>\n\n\n\n<p>Neste s\u00e1bado, 11 de fevereiro, \u00e9 comemorado o Dia Internacional de Mulheres e Meninas na Ci\u00eancia. Esta data comemorativa foi institu\u00edda em 2015 pela Assembleia das Na\u00e7\u00f5es Unidas com o objetivo de dar destaque aos esfor\u00e7os necess\u00e1rios para a participa\u00e7\u00e3o igualit\u00e1ria das mulheres na ci\u00eancia.<\/p>\n\n\n\n<p>A Universidade Estadual do Norte Fluminense Darcy Ribeiro (UENF) entende que a data traz uma reflex\u00e3o sobre a import\u00e2ncia da inser\u00e7\u00e3o das mulheres e das meninas na ci\u00eancia, e tem buscado formas de incentivar a participa\u00e7\u00e3o da comunidade universit\u00e1ria no compromisso da promo\u00e7\u00e3o da igualdade de g\u00eanero, criando condi\u00e7\u00f5es para desenvolvimento de projetos, como aqueles aprovados em editais da Faperj espec\u00edficos para esta tem\u00e1tica.<\/p>\n\n\n\n<p>A vice-reitora da UENF, professora Rosana Rodrigues, afirmou que: \u201cA data exalta a import\u00e2ncia de conscientizar toda a sociedade sobre a igualdade de direitos nos diferentes n\u00edveis no sistema educacional. \u00c9 fundamental que sejam discutidas e implantadas pol\u00edticas nas universidades e centros de pesquisa que enfatizem o quanto \u00e9 importante a diversidade em prol de uma vida acad\u00eamica mais inclusiva e que tragam novos olhares, novas opini\u00f5es e solu\u00e7\u00f5es para os desafios na academia e na ci\u00eancia. Apesar de muito j\u00e1 ter sido conquistado, a participa\u00e7\u00e3o das mulheres em altos cargos de gest\u00e3o na ci\u00eancia ainda \u00e9 vista tamb\u00e9m com surpresa. Embora n\u00e3o seja uma situa\u00e7\u00e3o observada apenas no Brasil, no meio cient\u00edfico brasileiro, por exemplo, h\u00e1 a situa\u00e7\u00e3o da distribui\u00e7\u00e3o das bolsas de produtividade em pesquisa do CNPq. Em pesquisa recente, ficou demonstrado que mulheres s\u00e3o minoria entre os bolsistas de produtividade em pesquisa: apenas 18,9% das bolsas est\u00e3o concedidas a mulheres. Portanto, h\u00e1 um longo caminho e muito trabalho a fazer para que possamos garantir \u00e0s meninas o acesso ao conhecimento sobre a ci\u00eancia e \u00e0s mulheres oportunidades para ingressarem na carreira cient\u00edfica e alcan\u00e7arem postos de lideran\u00e7a acad\u00eamico-cient\u00edfica, como a chefia de departamentos, laborat\u00f3rios e centros de pesquisa.\u201d<\/p>\n\n\n\n<p>A Professora Dra. Georgiana Feitosa da Cruz. do Lenep\/UENF\/Maca\u00e9, \u00e9 coordenadora do Projeto \u201cClima, Energia e Meio Ambiente: A\u00e7\u00f5es voltadas para meninas de col\u00e9gios estaduais dos munic\u00edpios de Rio das Ostras e Mac\u00e1e, Rio de Janeiro\u201d, aprovado na Faperj. Este projeto tem na equipe a Prof\u00aa Dr\u00aa Eliane Barbosa Santos (Lamet\/UENF), Prof\u00aa Dr\u00aa Maria Gertrudes Alvarez Justi da Silva (Lamet\/UENF) e Prof\u00aa Dr\u00aa Isabela Cristina da Silveira e Silva Rangel (FeMASS\/Maca\u00e9). Participam ainda do projeto as professoras Geizila Aparecida Pires Abib, do Col\u00e9gio Estadual Jacintho Xavier Martins (Rio das Ostras); Gisele Pereira Vieira de Souza, do Col\u00e9gio Estadual Dr. T\u00e9lio Barreto (Maca\u00e9); Valdirene Quirino dos Santos, do Col\u00e9gio Estadual Irene Meirelles (Maca\u00e9); e M\u00e1rcia A. S. Alfradique de Oliveira, do Col\u00e9gio de Aplica\u00e7\u00e3o (CAp) de Maca\u00e9.<\/p>\n\n\n\n<p>&#8211; Foram aprovadas 15 alunas. Algumas cursando o 2\u00ba ano e outras o 3\u00ba do ensino m\u00e9dio nas escolas participantes. Este projeto visa promover oficinas te\u00f3rico-pr\u00e1ticas sobre temas relacionados \u00e0s ci\u00eancias atmosf\u00e9ricas, a variabilidade e os impactos sobre os recursos h\u00eddricos e eventos clim\u00e1ticos extremos, assim como sobre a preserva\u00e7\u00e3o do meio ambiente, dando aten\u00e7\u00e3o ao impacto causado pela ind\u00fastria do petr\u00f3leo e sua rela\u00e7\u00e3o com as mudan\u00e7as clim\u00e1ticas, com o intuito de atrair meninas para a carreira de Ci\u00eancias &#8211; informa a professora Georgiana.<\/p>\n\n\n\n<p>O projeto foi dividido em tr\u00eas estudos de caso. O primeiro estudo de caso, \u201cCi\u00eancias Atmosf\u00e9ricas: o Tempo, o Clima e seus Impactos\u201d, tem como respons\u00e1vel a professora Maria Gertrudes A. Justi da Silva. Nesta etapa do projeto as alunas aprendem sobre os instrumentos, m\u00e9todos e t\u00e9cnicas que possibilitam a realiza\u00e7\u00e3o das previs\u00f5es do tempo e do clima para que consigam distinguir os diferentes fen\u00f4menos meteorol\u00f3gicos que ocorrem, suas causas e consequ\u00eancias.<\/p>\n\n\n\n<p>O segundo estudo de caso,\u201dRecursos h\u00eddricos e eventos clim\u00e1ticos extremos: variabilidade e impactos\u201d tem como respons\u00e1veis as professoras Eliane B. Santos e Isabela Cristina da S. e S. Rangel. O objetivo deste estudo de caso \u00e9 apresentar \u00e0s meninas do ensino m\u00e9dio ferramentas e m\u00e9todos para analisar o comportamento da precipita\u00e7\u00e3o e seus extremos, bem como estudar os impactos dos extremos clim\u00e1ticos.<\/p>\n\n\n\n<p>No terceiro estudo de caso, \u201cInd\u00fastria do Petr\u00f3leo no contexto da mudan\u00e7a clim\u00e1tica e seus impactos para o meio ambiente\u201d, a respons\u00e1vel \u00e9 a professora Georgiana F. da Cruz, coordenadora do projeto. Nesta etapa as meninas das escolas p\u00fablicas aprendem sobre o papel dos combust\u00edveis f\u00f3sseis e sua rela\u00e7\u00e3o no contexto da mudan\u00e7a clim\u00e1tica.<\/p>\n\n\n\n<p>Estudantes da UENF, inseridas nas pesquisas e pr\u00e1ticas de Ci\u00eancia na universidade, comentam sobre o que representa a ci\u00eancia para elas enquanto cientistas. A doutoranda em Biotecnologia Vegetal na UENF, Analyse Villanueva Gaete, disse que: \u201cCom a ci\u00eancia podemos observar e entender o mundo. Como pesquisadora, tenho certeza que a ci\u00eancia tem o poder de inspirar, informar e transformar nossas vidas\u201d, considerou Analyse.<\/p>\n\n\n\n<p>A bacharelanda em Ci\u00eancias Biol\u00f3gicas na UENF, Carolina Verdan, destacou que:<\/p>\n\n\n\n<p>\u201cAtualmente eu vejo a ci\u00eancia como a possibilidade de um futuro melhor, mas quando eu comento sobre ci\u00eancia n\u00e3o cito apenas sobre os estudos em laborat\u00f3rios, eu incluo o fazer ci\u00eancia no dia a dia com o saber do povo. Acredito que isto \u00e9 uma parcela do que a ci\u00eancia representa para mim e da forma que eu quero representar a ci\u00eancia como uma futura cientista\u201d, ponderou Carolina.<\/p>\n","protected":false},"excerpt":{"rendered":"<p>Dia Internacional de Mulheres e Meninas na Ci\u00eancia 2023 Neste s\u00e1bado, 11 de fevereiro, \u00e9 comemorado o Dia Internacional de Mulheres e Meninas na Ci\u00eancia. Esta data comemorativa foi institu\u00edda em 2015 pela Assembleia das Na\u00e7\u00f5es Unidas com o objetivo de dar destaque aos esfor\u00e7os necess\u00e1rios para a participa\u00e7\u00e3o igualit\u00e1ria das mulheres na ci\u00eancia. A [&hellip;]<\/p>\n","protected":false},"author":1,"featured_media":0,"comment_status":"closed","ping_status":"closed","sticky":false,"template":"","format":"standard","meta":{"_eb_attr":"","ocean_post_layout":"","ocean_both_sidebars_style":"","ocean_both_sidebars_content_width":0,"ocean_both_sidebars_sidebars_width":0,"ocean_sidebar":"","ocean_second_sidebar":"","ocean_disable_margins":"enable","ocean_add_body_class":"","ocean_shortcode_before_top_bar":"","ocean_shortcode_after_top_bar":"","ocean_shortcode_before_header":"","ocean_shortcode_after_header":"","ocean_has_shortcode":"","ocean_shortcode_after_title":"","ocean_shortcode_before_footer_widgets":"","ocean_shortcode_after_footer_widgets":"","ocean_shortcode_before_footer_bottom":"","ocean_shortcode_after_footer_bottom":"","ocean_display_top_bar":"default","ocean_display_header":"default","ocean_header_style":"","ocean_center_header_left_menu":"","ocean_custom_header_template":"","ocean_custom_logo":0,"ocean_custom_retina_logo":0,"ocean_custom_logo_max_width":0,"ocean_custom_logo_tablet_max_width":0,"ocean_custom_logo_mobile_max_width":0,"ocean_custom_logo_max_height":0,"ocean_custom_logo_tablet_max_height":0,"ocean_custom_logo_mobile_max_height":0,"ocean_header_custom_menu":"","ocean_menu_typo_font_family":"","ocean_menu_typo_font_subset":"","ocean_menu_typo_font_size":0,"ocean_menu_typo_font_size_tablet":0,"ocean_menu_typo_font_size_mobile":0,"ocean_menu_typo_font_size_unit":"px","ocean_menu_typo_font_weight":"","ocean_menu_typo_font_weight_tablet":"","ocean_menu_typo_font_weight_mobile":"","ocean_menu_typo_transform":"","ocean_menu_typo_transform_tablet":"","ocean_menu_typo_transform_mobile":"","ocean_menu_typo_line_height":0,"ocean_menu_typo_line_height_tablet":0,"ocean_menu_typo_line_height_mobile":0,"ocean_menu_typo_line_height_unit":"","ocean_menu_typo_spacing":0,"ocean_menu_typo_spacing_tablet":0,"ocean_menu_typo_spacing_mobile":0,"ocean_menu_typo_spacing_unit":"","ocean_menu_link_color":"","ocean_menu_link_color_hover":"","ocean_menu_link_color_active":"","ocean_menu_link_background":"","ocean_menu_link_hover_background":"","ocean_menu_link_active_background":"","ocean_menu_social_links_bg":"","ocean_menu_social_hover_links_bg":"","ocean_menu_social_links_color":"","ocean_menu_social_hover_links_color":"","ocean_disable_title":"default","ocean_disable_heading":"default","ocean_post_title":"","ocean_post_subheading":"","ocean_post_title_style":"","ocean_post_title_background_color":"","ocean_post_title_background":0,"ocean_post_title_bg_image_position":"","ocean_post_title_bg_image_attachment":"","ocean_post_title_bg_image_repeat":"","ocean_post_title_bg_image_size":"","ocean_post_title_height":0,"ocean_post_title_bg_overlay":0.5,"ocean_post_title_bg_overlay_color":"","ocean_disable_breadcrumbs":"default","ocean_breadcrumbs_color":"","ocean_breadcrumbs_separator_color":"","ocean_breadcrumbs_links_color":"","ocean_breadcrumbs_links_hover_color":"","ocean_display_footer_widgets":"default","ocean_display_footer_bottom":"default","ocean_custom_footer_template":"","ocean_post_oembed":"","ocean_post_self_hosted_media":"","ocean_post_video_embed":"","ocean_link_format":"","ocean_link_format_target":"self","ocean_quote_format":"","ocean_quote_format_link":"post","ocean_gallery_link_images":"off","ocean_gallery_id":[],"footnotes":""},"categories":[8],"tags":[],"class_list":["post-17469","post","type-post","status-publish","format-standard","hentry","category-noticias","entry"],"yoast_head":"<!-- This site is optimized with the Yoast SEO plugin v26.5 - https:\/\/yoast.com\/wordpress\/plugins\/seo\/ -->\n<title>Dia Internacional de Mulheres e Meninas na Ci\u00eancia - UENF - Universidade Estadual do Norte Fluminense Darcy Ribeiro<\/title>\n<meta name=\"robots\" content=\"noindex, follow, max-snippet:-1, max-image-preview:large, max-video-preview:-1\" \/>\n<meta property=\"og:locale\" content=\"pt_BR\" \/>\n<meta property=\"og:type\" content=\"article\" \/>\n<meta property=\"og:title\" content=\"Dia Internacional de Mulheres e Meninas na Ci\u00eancia - UENF - Universidade Estadual do Norte Fluminense Darcy Ribeiro\" \/>\n<meta property=\"og:description\" content=\"Dia Internacional de Mulheres e Meninas na Ci\u00eancia 2023 Neste s\u00e1bado, 11 de fevereiro, \u00e9 comemorado o Dia Internacional de Mulheres e Meninas na Ci\u00eancia. Esta data comemorativa foi institu\u00edda em 2015 pela Assembleia das Na\u00e7\u00f5es Unidas com o objetivo de dar destaque aos esfor\u00e7os necess\u00e1rios para a participa\u00e7\u00e3o igualit\u00e1ria das mulheres na ci\u00eancia. A [&hellip;]\" \/>\n<meta property=\"og:url\" content=\"https:\/\/portal1.uenf.br\/portal\/noticias\/dia-internacional-de-mulheres-e-meninas-na-ciencia\/\" \/>\n<meta property=\"og:site_name\" content=\"UENF - Universidade Estadual do Norte Fluminense Darcy Ribeiro\" \/>\n<meta property=\"article:published_time\" content=\"2023-02-11T15:15:15+00:00\" \/>\n<meta property=\"og:image\" content=\"https:\/\/uenf.br\/portal\/wp-content\/uploads\/2023\/02\/WhatsApp-Image-2023-02-11-at-08.22.24-1024x1024.jpeg\" \/>\n<meta name=\"author\" content=\"admin\" \/>\n<meta name=\"twitter:card\" content=\"summary_large_image\" \/>\n<meta name=\"twitter:label1\" content=\"Escrito por\" \/>\n\t<meta name=\"twitter:data1\" content=\"admin\" \/>\n\t<meta name=\"twitter:label2\" content=\"Est. tempo de leitura\" \/>\n\t<meta name=\"twitter:data2\" content=\"5 minutos\" \/>\n<script type=\"application\/ld+json\" class=\"yoast-schema-graph\">{\"@context\":\"https:\/\/schema.org\",\"@graph\":[{\"@type\":\"Article\",\"@id\":\"https:\/\/portal1.uenf.br\/portal\/noticias\/dia-internacional-de-mulheres-e-meninas-na-ciencia\/#article\",\"isPartOf\":{\"@id\":\"https:\/\/portal1.uenf.br\/portal\/noticias\/dia-internacional-de-mulheres-e-meninas-na-ciencia\/\"},\"author\":{\"name\":\"admin\",\"@id\":\"https:\/\/portal1.uenf.br\/portal\/#\/schema\/person\/068abbf03b6f8478c845bc8ded9270c7\"},\"headline\":\"Dia Internacional de Mulheres e Meninas na Ci\u00eancia\",\"datePublished\":\"2023-02-11T15:15:15+00:00\",\"mainEntityOfPage\":{\"@id\":\"https:\/\/portal1.uenf.br\/portal\/noticias\/dia-internacional-de-mulheres-e-meninas-na-ciencia\/\"},\"wordCount\":975,\"publisher\":{\"@id\":\"https:\/\/portal1.uenf.br\/portal\/#organization\"},\"image\":{\"@id\":\"https:\/\/portal1.uenf.br\/portal\/noticias\/dia-internacional-de-mulheres-e-meninas-na-ciencia\/#primaryimage\"},\"thumbnailUrl\":\"https:\/\/uenf.br\/portal\/wp-content\/uploads\/2023\/02\/WhatsApp-Image-2023-02-11-at-08.22.24-1024x1024.jpeg\",\"articleSection\":[\"Not\u00edcias\"],\"inLanguage\":\"pt-BR\"},{\"@type\":\"WebPage\",\"@id\":\"https:\/\/portal1.uenf.br\/portal\/noticias\/dia-internacional-de-mulheres-e-meninas-na-ciencia\/\",\"url\":\"https:\/\/portal1.uenf.br\/portal\/noticias\/dia-internacional-de-mulheres-e-meninas-na-ciencia\/\",\"name\":\"Dia Internacional de Mulheres e Meninas na Ci\u00eancia - UENF - Universidade Estadual do Norte Fluminense Darcy Ribeiro\",\"isPartOf\":{\"@id\":\"https:\/\/portal1.uenf.br\/portal\/#website\"},\"primaryImageOfPage\":{\"@id\":\"https:\/\/portal1.uenf.br\/portal\/noticias\/dia-internacional-de-mulheres-e-meninas-na-ciencia\/#primaryimage\"},\"image\":{\"@id\":\"https:\/\/portal1.uenf.br\/portal\/noticias\/dia-internacional-de-mulheres-e-meninas-na-ciencia\/#primaryimage\"},\"thumbnailUrl\":\"https:\/\/uenf.br\/portal\/wp-content\/uploads\/2023\/02\/WhatsApp-Image-2023-02-11-at-08.22.24-1024x1024.jpeg\",\"datePublished\":\"2023-02-11T15:15:15+00:00\",\"breadcrumb\":{\"@id\":\"https:\/\/portal1.uenf.br\/portal\/noticias\/dia-internacional-de-mulheres-e-meninas-na-ciencia\/#breadcrumb\"},\"inLanguage\":\"pt-BR\",\"potentialAction\":[{\"@type\":\"ReadAction\",\"target\":[\"https:\/\/portal1.uenf.br\/portal\/noticias\/dia-internacional-de-mulheres-e-meninas-na-ciencia\/\"]}]},{\"@type\":\"ImageObject\",\"inLanguage\":\"pt-BR\",\"@id\":\"https:\/\/portal1.uenf.br\/portal\/noticias\/dia-internacional-de-mulheres-e-meninas-na-ciencia\/#primaryimage\",\"url\":\"https:\/\/uenf.br\/portal\/wp-content\/uploads\/2023\/02\/WhatsApp-Image-2023-02-11-at-08.22.24-1024x1024.jpeg\",\"contentUrl\":\"https:\/\/uenf.br\/portal\/wp-content\/uploads\/2023\/02\/WhatsApp-Image-2023-02-11-at-08.22.24-1024x1024.jpeg\"},{\"@type\":\"BreadcrumbList\",\"@id\":\"https:\/\/portal1.uenf.br\/portal\/noticias\/dia-internacional-de-mulheres-e-meninas-na-ciencia\/#breadcrumb\",\"itemListElement\":[{\"@type\":\"ListItem\",\"position\":1,\"name\":\"In\u00edcio\",\"item\":\"https:\/\/portal1.uenf.br\/portal\/\"},{\"@type\":\"ListItem\",\"position\":2,\"name\":\"Dia Internacional de Mulheres e Meninas na Ci\u00eancia\"}]},{\"@type\":\"WebSite\",\"@id\":\"https:\/\/portal1.uenf.br\/portal\/#website\",\"url\":\"https:\/\/portal1.uenf.br\/portal\/\",\"name\":\"UENF - Universidade Estadual do Norte Fluminense Darcy Ribeiro\",\"description\":\"\",\"publisher\":{\"@id\":\"https:\/\/portal1.uenf.br\/portal\/#organization\"},\"potentialAction\":[{\"@type\":\"SearchAction\",\"target\":{\"@type\":\"EntryPoint\",\"urlTemplate\":\"https:\/\/portal1.uenf.br\/portal\/?s={search_term_string}\"},\"query-input\":{\"@type\":\"PropertyValueSpecification\",\"valueRequired\":true,\"valueName\":\"search_term_string\"}}],\"inLanguage\":\"pt-BR\"},{\"@type\":\"Organization\",\"@id\":\"https:\/\/portal1.uenf.br\/portal\/#organization\",\"name\":\"UENF - Universidade Estadual do Norte Fluminense Darcy Ribeiro\",\"url\":\"https:\/\/portal1.uenf.br\/portal\/\",\"logo\":{\"@type\":\"ImageObject\",\"inLanguage\":\"pt-BR\",\"@id\":\"https:\/\/portal1.uenf.br\/portal\/#\/schema\/logo\/image\/\",\"url\":\"https:\/\/portal1.uenf.br\/portal\/wp-content\/uploads\/2018\/06\/logo-uenf-invertido-1.png\",\"contentUrl\":\"https:\/\/portal1.uenf.br\/portal\/wp-content\/uploads\/2018\/06\/logo-uenf-invertido-1.png\",\"width\":482,\"height\":83,\"caption\":\"UENF - Universidade Estadual do Norte Fluminense Darcy Ribeiro\"},\"image\":{\"@id\":\"https:\/\/portal1.uenf.br\/portal\/#\/schema\/logo\/image\/\"}},{\"@type\":\"Person\",\"@id\":\"https:\/\/portal1.uenf.br\/portal\/#\/schema\/person\/068abbf03b6f8478c845bc8ded9270c7\",\"name\":\"admin\",\"image\":{\"@type\":\"ImageObject\",\"inLanguage\":\"pt-BR\",\"@id\":\"https:\/\/portal1.uenf.br\/portal\/#\/schema\/person\/image\/\",\"url\":\"https:\/\/secure.gravatar.com\/avatar\/e5ecf9e4fae0742f4b136f518195bafa7b2d3f7c709f4bdc6707588ef68a6e25?s=96&d=mm&r=g\",\"contentUrl\":\"https:\/\/secure.gravatar.com\/avatar\/e5ecf9e4fae0742f4b136f518195bafa7b2d3f7c709f4bdc6707588ef68a6e25?s=96&d=mm&r=g\",\"caption\":\"admin\"},\"sameAs\":[\"https:\/\/portal1.uenf.br\/portal\"],\"url\":\"https:\/\/portal1.uenf.br\/portal\/author\/edson\/\"}]}<\/script>\n<!-- \/ Yoast SEO plugin. -->","yoast_head_json":{"title":"Dia Internacional de Mulheres e Meninas na Ci\u00eancia - UENF - Universidade Estadual do Norte Fluminense Darcy Ribeiro","robots":{"index":"noindex","follow":"follow","max-snippet":"max-snippet:-1","max-image-preview":"max-image-preview:large","max-video-preview":"max-video-preview:-1"},"og_locale":"pt_BR","og_type":"article","og_title":"Dia Internacional de Mulheres e Meninas na Ci\u00eancia - UENF - Universidade Estadual do Norte Fluminense Darcy Ribeiro","og_description":"Dia Internacional de Mulheres e Meninas na Ci\u00eancia 2023 Neste s\u00e1bado, 11 de fevereiro, \u00e9 comemorado o Dia Internacional de Mulheres e Meninas na Ci\u00eancia. Esta data comemorativa foi institu\u00edda em 2015 pela Assembleia das Na\u00e7\u00f5es Unidas com o objetivo de dar destaque aos esfor\u00e7os necess\u00e1rios para a participa\u00e7\u00e3o igualit\u00e1ria das mulheres na ci\u00eancia. A [&hellip;]","og_url":"https:\/\/portal1.uenf.br\/portal\/noticias\/dia-internacional-de-mulheres-e-meninas-na-ciencia\/","og_site_name":"UENF - Universidade Estadual do Norte Fluminense Darcy Ribeiro","article_published_time":"2023-02-11T15:15:15+00:00","og_image":[{"url":"https:\/\/uenf.br\/portal\/wp-content\/uploads\/2023\/02\/WhatsApp-Image-2023-02-11-at-08.22.24-1024x1024.jpeg","type":"","width":"","height":""}],"author":"admin","twitter_card":"summary_large_image","twitter_misc":{"Escrito por":"admin","Est. tempo de leitura":"5 minutos"},"schema":{"@context":"https:\/\/schema.org","@graph":[{"@type":"Article","@id":"https:\/\/portal1.uenf.br\/portal\/noticias\/dia-internacional-de-mulheres-e-meninas-na-ciencia\/#article","isPartOf":{"@id":"https:\/\/portal1.uenf.br\/portal\/noticias\/dia-internacional-de-mulheres-e-meninas-na-ciencia\/"},"author":{"name":"admin","@id":"https:\/\/portal1.uenf.br\/portal\/#\/schema\/person\/068abbf03b6f8478c845bc8ded9270c7"},"headline":"Dia Internacional de Mulheres e Meninas na Ci\u00eancia","datePublished":"2023-02-11T15:15:15+00:00","mainEntityOfPage":{"@id":"https:\/\/portal1.uenf.br\/portal\/noticias\/dia-internacional-de-mulheres-e-meninas-na-ciencia\/"},"wordCount":975,"publisher":{"@id":"https:\/\/portal1.uenf.br\/portal\/#organization"},"image":{"@id":"https:\/\/portal1.uenf.br\/portal\/noticias\/dia-internacional-de-mulheres-e-meninas-na-ciencia\/#primaryimage"},"thumbnailUrl":"https:\/\/uenf.br\/portal\/wp-content\/uploads\/2023\/02\/WhatsApp-Image-2023-02-11-at-08.22.24-1024x1024.jpeg","articleSection":["Not\u00edcias"],"inLanguage":"pt-BR"},{"@type":"WebPage","@id":"https:\/\/portal1.uenf.br\/portal\/noticias\/dia-internacional-de-mulheres-e-meninas-na-ciencia\/","url":"https:\/\/portal1.uenf.br\/portal\/noticias\/dia-internacional-de-mulheres-e-meninas-na-ciencia\/","name":"Dia Internacional de Mulheres e Meninas na Ci\u00eancia - UENF - Universidade Estadual do Norte Fluminense Darcy Ribeiro","isPartOf":{"@id":"https:\/\/portal1.uenf.br\/portal\/#website"},"primaryImageOfPage":{"@id":"https:\/\/portal1.uenf.br\/portal\/noticias\/dia-internacional-de-mulheres-e-meninas-na-ciencia\/#primaryimage"},"image":{"@id":"https:\/\/portal1.uenf.br\/portal\/noticias\/dia-internacional-de-mulheres-e-meninas-na-ciencia\/#primaryimage"},"thumbnailUrl":"https:\/\/uenf.br\/portal\/wp-content\/uploads\/2023\/02\/WhatsApp-Image-2023-02-11-at-08.22.24-1024x1024.jpeg","datePublished":"2023-02-11T15:15:15+00:00","breadcrumb":{"@id":"https:\/\/portal1.uenf.br\/portal\/noticias\/dia-internacional-de-mulheres-e-meninas-na-ciencia\/#breadcrumb"},"inLanguage":"pt-BR","potentialAction":[{"@type":"ReadAction","target":["https:\/\/portal1.uenf.br\/portal\/noticias\/dia-internacional-de-mulheres-e-meninas-na-ciencia\/"]}]},{"@type":"ImageObject","inLanguage":"pt-BR","@id":"https:\/\/portal1.uenf.br\/portal\/noticias\/dia-internacional-de-mulheres-e-meninas-na-ciencia\/#primaryimage","url":"https:\/\/uenf.br\/portal\/wp-content\/uploads\/2023\/02\/WhatsApp-Image-2023-02-11-at-08.22.24-1024x1024.jpeg","contentUrl":"https:\/\/uenf.br\/portal\/wp-content\/uploads\/2023\/02\/WhatsApp-Image-2023-02-11-at-08.22.24-1024x1024.jpeg"},{"@type":"BreadcrumbList","@id":"https:\/\/portal1.uenf.br\/portal\/noticias\/dia-internacional-de-mulheres-e-meninas-na-ciencia\/#breadcrumb","itemListElement":[{"@type":"ListItem","position":1,"name":"In\u00edcio","item":"https:\/\/portal1.uenf.br\/portal\/"},{"@type":"ListItem","position":2,"name":"Dia Internacional de Mulheres e Meninas na Ci\u00eancia"}]},{"@type":"WebSite","@id":"https:\/\/portal1.uenf.br\/portal\/#website","url":"https:\/\/portal1.uenf.br\/portal\/","name":"UENF - Universidade Estadual do Norte Fluminense Darcy Ribeiro","description":"","publisher":{"@id":"https:\/\/portal1.uenf.br\/portal\/#organization"},"potentialAction":[{"@type":"SearchAction","target":{"@type":"EntryPoint","urlTemplate":"https:\/\/portal1.uenf.br\/portal\/?s={search_term_string}"},"query-input":{"@type":"PropertyValueSpecification","valueRequired":true,"valueName":"search_term_string"}}],"inLanguage":"pt-BR"},{"@type":"Organization","@id":"https:\/\/portal1.uenf.br\/portal\/#organization","name":"UENF - Universidade Estadual do Norte Fluminense Darcy Ribeiro","url":"https:\/\/portal1.uenf.br\/portal\/","logo":{"@type":"ImageObject","inLanguage":"pt-BR","@id":"https:\/\/portal1.uenf.br\/portal\/#\/schema\/logo\/image\/","url":"https:\/\/portal1.uenf.br\/portal\/wp-content\/uploads\/2018\/06\/logo-uenf-invertido-1.png","contentUrl":"https:\/\/portal1.uenf.br\/portal\/wp-content\/uploads\/2018\/06\/logo-uenf-invertido-1.png","width":482,"height":83,"caption":"UENF - Universidade Estadual do Norte Fluminense Darcy Ribeiro"},"image":{"@id":"https:\/\/portal1.uenf.br\/portal\/#\/schema\/logo\/image\/"}},{"@type":"Person","@id":"https:\/\/portal1.uenf.br\/portal\/#\/schema\/person\/068abbf03b6f8478c845bc8ded9270c7","name":"admin","image":{"@type":"ImageObject","inLanguage":"pt-BR","@id":"https:\/\/portal1.uenf.br\/portal\/#\/schema\/person\/image\/","url":"https:\/\/secure.gravatar.com\/avatar\/e5ecf9e4fae0742f4b136f518195bafa7b2d3f7c709f4bdc6707588ef68a6e25?s=96&d=mm&r=g","contentUrl":"https:\/\/secure.gravatar.com\/avatar\/e5ecf9e4fae0742f4b136f518195bafa7b2d3f7c709f4bdc6707588ef68a6e25?s=96&d=mm&r=g","caption":"admin"},"sameAs":["https:\/\/portal1.uenf.br\/portal"],"url":"https:\/\/portal1.uenf.br\/portal\/author\/edson\/"}]}},"_links":{"self":[{"href":"https:\/\/portal1.uenf.br\/portal\/wp-json\/wp\/v2\/posts\/17469","targetHints":{"allow":["GET"]}}],"collection":[{"href":"https:\/\/portal1.uenf.br\/portal\/wp-json\/wp\/v2\/posts"}],"about":[{"href":"https:\/\/portal1.uenf.br\/portal\/wp-json\/wp\/v2\/types\/post"}],"author":[{"embeddable":true,"href":"https:\/\/portal1.uenf.br\/portal\/wp-json\/wp\/v2\/users\/1"}],"replies":[{"embeddable":true,"href":"https:\/\/portal1.uenf.br\/portal\/wp-json\/wp\/v2\/comments?post=17469"}],"version-history":[{"count":0,"href":"https:\/\/portal1.uenf.br\/portal\/wp-json\/wp\/v2\/posts\/17469\/revisions"}],"wp:attachment":[{"href":"https:\/\/portal1.uenf.br\/portal\/wp-json\/wp\/v2\/media?parent=17469"}],"wp:term":[{"taxonomy":"category","embeddable":true,"href":"https:\/\/portal1.uenf.br\/portal\/wp-json\/wp\/v2\/categories?post=17469"},{"taxonomy":"post_tag","embeddable":true,"href":"https:\/\/portal1.uenf.br\/portal\/wp-json\/wp\/v2\/tags?post=17469"}],"curies":[{"name":"wp","href":"https:\/\/api.w.org\/{rel}","templated":true}]}}