{"id":16998,"date":"2022-12-12T12:43:25","date_gmt":"2022-12-12T15:43:25","guid":{"rendered":"https:\/\/uenf.br\/portal\/?p=16998"},"modified":"2022-12-12T12:43:25","modified_gmt":"2022-12-12T15:43:25","slug":"projeto-de-extensao-desenvolve-repelente","status":"publish","type":"post","link":"https:\/\/portal1.uenf.br\/portal\/noticias\/projeto-de-extensao-desenvolve-repelente\/","title":{"rendered":"Projeto de extens\u00e3o desenvolve repelente"},"content":{"rendered":"<div class=\"wp-block-image\">\n<figure class=\"aligncenter size-large is-resized\"><img fetchpriority=\"high\" decoding=\"async\" src=\"https:\/\/uenf.br\/portal\/wp-content\/uploads\/2022\/12\/Repelente-1-1024x682.jpeg\" alt=\"\" class=\"wp-image-17066\" width=\"602\" height=\"401\"\/><\/figure>\n<\/div>\n\n\n<p>As chuvas frequentes e as altas temperaturas do ver\u00e3o s\u00e3o prop\u00edcias para a prolifera\u00e7\u00e3o do <em>Aedes aegypti<\/em>, mosquito transmissor de doen\u00e7as como a dengue, zika e chikungunya. Os meios convencionais, centrados muitas vezes apenas no controle qu\u00edmico do mosquito, n\u00e3o t\u00eam se mostrado efetivos para conter o avan\u00e7o da doen\u00e7a. Baseado nisso, um projeto de extens\u00e3o universit\u00e1ria da UENF desenvolveu um repelente em barra in\u00e9dito, denominado Barrepel, j\u00e1 patenteado.&nbsp;&nbsp;<\/p>\n\n\n\n<p>O projeto de extens\u00e3o \u00e9 coordenado pelo professor Edmilson Jos\u00e9 Maria,<em> <\/em>do<strong><em> <\/em><\/strong>Laborat\u00f3rio de Ci\u00eancias Qu\u00edmica (LCQUI), do CCT-UENF. O estudo elabora a viabilidade de controle e monitoramento do <em>Aedes aegypti<\/em>, atrav\u00e9s da produ\u00e7\u00e3o e distribui\u00e7\u00e3o para popula\u00e7\u00e3o carente de repelente em barra e armadilhas de monitoramento em \u00e1reas end\u00eamicas da regi\u00e3o Norte Fluminense, Lagos e Sul Capixaba.&nbsp;&nbsp;<\/p>\n\n\n\n<p>A Barrepel \u00e9 constitu\u00edda por uma mistura de subst\u00e2ncias sint\u00e9ticas e naturais. Tem como princ\u00edpio ativo a associa\u00e7\u00e3o do repelente sint\u00e9tico \u2013 Deet com um dos \u00f3leos essenciais como Eugenol, Citronelal ou Citral. Segundo o coordenador, o produto pode ser aplicado sobre a pele, roupas e superf\u00edcies, evitando a aproxima\u00e7\u00e3o dos insetos. O foi Barrepel foi testado em humanos sadios.\u00a0\u00a0<\/p>\n\n\n<div class=\"wp-block-image\">\n<figure class=\"aligncenter size-large is-resized\"><img decoding=\"async\" src=\"https:\/\/uenf.br\/portal\/wp-content\/uploads\/2022\/12\/Repelente-2-1024x682.jpeg\" alt=\"\" class=\"wp-image-17067\" width=\"626\" height=\"417\"\/><\/figure>\n<\/div>\n\n\n<p>O projeto de extens\u00e3o visa a produ\u00e7\u00e3o em escala piloto do repelente Barrepel. \u2013 Uma solu\u00e7\u00e3o mais eficaz talvez esteja em m\u00e9todos interdisciplinares surgidos no campo da Ecosa\u00fade. Nessas abordagens, o envolvimento das popula\u00e7\u00f5es locais e do poder p\u00fablico \u00e9 essencial para o sucesso das a\u00e7\u00f5es. Os repelentes qu\u00edmicos t\u00f3picos s\u00e3o os mais usados ao redor do mundo, por\u00e9m seu uso, inclusive em \u00e1reas end\u00eamicas, ocorre de forma inapropriada, n\u00e3o garantindo uma prote\u00e7\u00e3o adequada \u2013 ressalta.&nbsp;<\/p>\n\n\n\n<p>O professor explica que o repelente foi elaborado nas seguintes concentra\u00e7\u00f5es: base glicerinada 68%, DEET 20%, Eugenol 6% e manteiga de cacau 6%.<strong> <\/strong>O produto \u00e9 misturado, aquecido e envazado. Ap\u00f3s a secagem, \u00e9 identificado para a distribui\u00e7\u00e3o.&nbsp; No ano de 2022, j\u00e1 foram produzidas 1200 unidades de barra repelente.&nbsp;<\/p>\n\n\n\n<p>Vantagens do repelente Barrepel&nbsp;<\/p>\n\n\n\n<p>&#8211; Possui baixas concentra\u00e7\u00f5es de subst\u00e2ncias ativas;&nbsp;<\/p>\n\n\n\n<p>&#8211; Sem efeitos colaterais;&nbsp;<\/p>\n\n\n\n<p>&#8211; \u00c9 \u00fatil contra insetos, mosquitos e carrapatos;&nbsp;<\/p>\n\n\n\n<p><em>&#8211; <\/em>\u00c9 leve e compacto, sendo f\u00e1cil de transportar;&nbsp;<\/p>\n\n\n\n<p>&#8211; Possui maior dura\u00e7\u00e3o; &nbsp;<\/p>\n\n\n\n<p><em>&#8211; <\/em>F\u00e1cil de ser utilizado e manuseado;&nbsp;<\/p>\n\n\n\n<p>-N\u00e3o exige pessoal especializado, infraestrutura onerosa ou equipamentos sofisticados para promover, implementar e controlar a sua utiliza\u00e7\u00e3o em \u00e1reas end\u00eamicas.<em>&nbsp;<\/em>&nbsp;<\/p>\n","protected":false},"excerpt":{"rendered":"<p>As chuvas frequentes e as altas temperaturas do ver\u00e3o s\u00e3o prop\u00edcias para a prolifera\u00e7\u00e3o do Aedes aegypti, mosquito transmissor de doen\u00e7as como a dengue, zika e chikungunya. Os meios convencionais, centrados muitas vezes apenas no controle qu\u00edmico do mosquito, n\u00e3o t\u00eam se mostrado efetivos para conter o avan\u00e7o da doen\u00e7a. Baseado nisso, um projeto de [&hellip;]<\/p>\n","protected":false},"author":1,"featured_media":0,"comment_status":"closed","ping_status":"closed","sticky":false,"template":"","format":"standard","meta":{"_eb_attr":"","ocean_post_layout":"","ocean_both_sidebars_style":"","ocean_both_sidebars_content_width":0,"ocean_both_sidebars_sidebars_width":0,"ocean_sidebar":"","ocean_second_sidebar":"","ocean_disable_margins":"enable","ocean_add_body_class":"","ocean_shortcode_before_top_bar":"","ocean_shortcode_after_top_bar":"","ocean_shortcode_before_header":"","ocean_shortcode_after_header":"","ocean_has_shortcode":"","ocean_shortcode_after_title":"","ocean_shortcode_before_footer_widgets":"","ocean_shortcode_after_footer_widgets":"","ocean_shortcode_before_footer_bottom":"","ocean_shortcode_after_footer_bottom":"","ocean_display_top_bar":"default","ocean_display_header":"default","ocean_header_style":"","ocean_center_header_left_menu":"","ocean_custom_header_template":"","ocean_custom_logo":0,"ocean_custom_retina_logo":0,"ocean_custom_logo_max_width":0,"ocean_custom_logo_tablet_max_width":0,"ocean_custom_logo_mobile_max_width":0,"ocean_custom_logo_max_height":0,"ocean_custom_logo_tablet_max_height":0,"ocean_custom_logo_mobile_max_height":0,"ocean_header_custom_menu":"","ocean_menu_typo_font_family":"","ocean_menu_typo_font_subset":"","ocean_menu_typo_font_size":0,"ocean_menu_typo_font_size_tablet":0,"ocean_menu_typo_font_size_mobile":0,"ocean_menu_typo_font_size_unit":"px","ocean_menu_typo_font_weight":"","ocean_menu_typo_font_weight_tablet":"","ocean_menu_typo_font_weight_mobile":"","ocean_menu_typo_transform":"","ocean_menu_typo_transform_tablet":"","ocean_menu_typo_transform_mobile":"","ocean_menu_typo_line_height":0,"ocean_menu_typo_line_height_tablet":0,"ocean_menu_typo_line_height_mobile":0,"ocean_menu_typo_line_height_unit":"","ocean_menu_typo_spacing":0,"ocean_menu_typo_spacing_tablet":0,"ocean_menu_typo_spacing_mobile":0,"ocean_menu_typo_spacing_unit":"","ocean_menu_link_color":"","ocean_menu_link_color_hover":"","ocean_menu_link_color_active":"","ocean_menu_link_background":"","ocean_menu_link_hover_background":"","ocean_menu_link_active_background":"","ocean_menu_social_links_bg":"","ocean_menu_social_hover_links_bg":"","ocean_menu_social_links_color":"","ocean_menu_social_hover_links_color":"","ocean_disable_title":"default","ocean_disable_heading":"default","ocean_post_title":"","ocean_post_subheading":"","ocean_post_title_style":"","ocean_post_title_background_color":"","ocean_post_title_background":0,"ocean_post_title_bg_image_position":"","ocean_post_title_bg_image_attachment":"","ocean_post_title_bg_image_repeat":"","ocean_post_title_bg_image_size":"","ocean_post_title_height":0,"ocean_post_title_bg_overlay":0.5,"ocean_post_title_bg_overlay_color":"","ocean_disable_breadcrumbs":"default","ocean_breadcrumbs_color":"","ocean_breadcrumbs_separator_color":"","ocean_breadcrumbs_links_color":"","ocean_breadcrumbs_links_hover_color":"","ocean_display_footer_widgets":"default","ocean_display_footer_bottom":"default","ocean_custom_footer_template":"","ocean_post_oembed":"","ocean_post_self_hosted_media":"","ocean_post_video_embed":"","ocean_link_format":"","ocean_link_format_target":"self","ocean_quote_format":"","ocean_quote_format_link":"post","ocean_gallery_link_images":"off","ocean_gallery_id":[],"footnotes":""},"categories":[8],"tags":[],"class_list":["post-16998","post","type-post","status-publish","format-standard","hentry","category-noticias","entry"],"yoast_head":"<!-- This site is optimized with the Yoast SEO plugin v26.5 - https:\/\/yoast.com\/wordpress\/plugins\/seo\/ -->\n<title>Projeto de extens\u00e3o desenvolve repelente - UENF - Universidade Estadual do Norte Fluminense Darcy Ribeiro<\/title>\n<meta name=\"robots\" content=\"noindex, follow, max-snippet:-1, max-image-preview:large, max-video-preview:-1\" \/>\n<meta property=\"og:locale\" content=\"pt_BR\" \/>\n<meta property=\"og:type\" content=\"article\" \/>\n<meta property=\"og:title\" content=\"Projeto de extens\u00e3o desenvolve repelente - UENF - Universidade Estadual do Norte Fluminense Darcy Ribeiro\" \/>\n<meta property=\"og:description\" content=\"As chuvas frequentes e as altas temperaturas do ver\u00e3o s\u00e3o prop\u00edcias para a prolifera\u00e7\u00e3o do Aedes aegypti, mosquito transmissor de doen\u00e7as como a dengue, zika e chikungunya. Os meios convencionais, centrados muitas vezes apenas no controle qu\u00edmico do mosquito, n\u00e3o t\u00eam se mostrado efetivos para conter o avan\u00e7o da doen\u00e7a. Baseado nisso, um projeto de [&hellip;]\" \/>\n<meta property=\"og:url\" content=\"https:\/\/portal1.uenf.br\/portal\/noticias\/projeto-de-extensao-desenvolve-repelente\/\" \/>\n<meta property=\"og:site_name\" content=\"UENF - Universidade Estadual do Norte Fluminense Darcy Ribeiro\" \/>\n<meta property=\"article:published_time\" content=\"2022-12-12T15:43:25+00:00\" \/>\n<meta property=\"og:image\" content=\"https:\/\/uenf.br\/portal\/wp-content\/uploads\/2022\/12\/Repelente-1-1024x682.jpeg\" \/>\n<meta name=\"author\" content=\"admin\" \/>\n<meta name=\"twitter:card\" content=\"summary_large_image\" \/>\n<meta name=\"twitter:label1\" content=\"Escrito por\" \/>\n\t<meta name=\"twitter:data1\" content=\"admin\" \/>\n\t<meta name=\"twitter:label2\" content=\"Est. tempo de leitura\" \/>\n\t<meta name=\"twitter:data2\" content=\"2 minutos\" \/>\n<script type=\"application\/ld+json\" class=\"yoast-schema-graph\">{\"@context\":\"https:\/\/schema.org\",\"@graph\":[{\"@type\":\"Article\",\"@id\":\"https:\/\/portal1.uenf.br\/portal\/noticias\/projeto-de-extensao-desenvolve-repelente\/#article\",\"isPartOf\":{\"@id\":\"https:\/\/portal1.uenf.br\/portal\/noticias\/projeto-de-extensao-desenvolve-repelente\/\"},\"author\":{\"name\":\"admin\",\"@id\":\"https:\/\/portal1.uenf.br\/portal\/#\/schema\/person\/068abbf03b6f8478c845bc8ded9270c7\"},\"headline\":\"Projeto de extens\u00e3o desenvolve repelente\",\"datePublished\":\"2022-12-12T15:43:25+00:00\",\"mainEntityOfPage\":{\"@id\":\"https:\/\/portal1.uenf.br\/portal\/noticias\/projeto-de-extensao-desenvolve-repelente\/\"},\"wordCount\":439,\"publisher\":{\"@id\":\"https:\/\/portal1.uenf.br\/portal\/#organization\"},\"image\":{\"@id\":\"https:\/\/portal1.uenf.br\/portal\/noticias\/projeto-de-extensao-desenvolve-repelente\/#primaryimage\"},\"thumbnailUrl\":\"https:\/\/uenf.br\/portal\/wp-content\/uploads\/2022\/12\/Repelente-1-1024x682.jpeg\",\"articleSection\":[\"Not\u00edcias\"],\"inLanguage\":\"pt-BR\"},{\"@type\":\"WebPage\",\"@id\":\"https:\/\/portal1.uenf.br\/portal\/noticias\/projeto-de-extensao-desenvolve-repelente\/\",\"url\":\"https:\/\/portal1.uenf.br\/portal\/noticias\/projeto-de-extensao-desenvolve-repelente\/\",\"name\":\"Projeto de extens\u00e3o desenvolve repelente - UENF - Universidade Estadual do Norte Fluminense Darcy Ribeiro\",\"isPartOf\":{\"@id\":\"https:\/\/portal1.uenf.br\/portal\/#website\"},\"primaryImageOfPage\":{\"@id\":\"https:\/\/portal1.uenf.br\/portal\/noticias\/projeto-de-extensao-desenvolve-repelente\/#primaryimage\"},\"image\":{\"@id\":\"https:\/\/portal1.uenf.br\/portal\/noticias\/projeto-de-extensao-desenvolve-repelente\/#primaryimage\"},\"thumbnailUrl\":\"https:\/\/uenf.br\/portal\/wp-content\/uploads\/2022\/12\/Repelente-1-1024x682.jpeg\",\"datePublished\":\"2022-12-12T15:43:25+00:00\",\"breadcrumb\":{\"@id\":\"https:\/\/portal1.uenf.br\/portal\/noticias\/projeto-de-extensao-desenvolve-repelente\/#breadcrumb\"},\"inLanguage\":\"pt-BR\",\"potentialAction\":[{\"@type\":\"ReadAction\",\"target\":[\"https:\/\/portal1.uenf.br\/portal\/noticias\/projeto-de-extensao-desenvolve-repelente\/\"]}]},{\"@type\":\"ImageObject\",\"inLanguage\":\"pt-BR\",\"@id\":\"https:\/\/portal1.uenf.br\/portal\/noticias\/projeto-de-extensao-desenvolve-repelente\/#primaryimage\",\"url\":\"https:\/\/uenf.br\/portal\/wp-content\/uploads\/2022\/12\/Repelente-1-1024x682.jpeg\",\"contentUrl\":\"https:\/\/uenf.br\/portal\/wp-content\/uploads\/2022\/12\/Repelente-1-1024x682.jpeg\"},{\"@type\":\"BreadcrumbList\",\"@id\":\"https:\/\/portal1.uenf.br\/portal\/noticias\/projeto-de-extensao-desenvolve-repelente\/#breadcrumb\",\"itemListElement\":[{\"@type\":\"ListItem\",\"position\":1,\"name\":\"In\u00edcio\",\"item\":\"https:\/\/portal1.uenf.br\/portal\/\"},{\"@type\":\"ListItem\",\"position\":2,\"name\":\"Projeto de extens\u00e3o desenvolve repelente\"}]},{\"@type\":\"WebSite\",\"@id\":\"https:\/\/portal1.uenf.br\/portal\/#website\",\"url\":\"https:\/\/portal1.uenf.br\/portal\/\",\"name\":\"UENF - Universidade Estadual do Norte Fluminense Darcy Ribeiro\",\"description\":\"\",\"publisher\":{\"@id\":\"https:\/\/portal1.uenf.br\/portal\/#organization\"},\"potentialAction\":[{\"@type\":\"SearchAction\",\"target\":{\"@type\":\"EntryPoint\",\"urlTemplate\":\"https:\/\/portal1.uenf.br\/portal\/?s={search_term_string}\"},\"query-input\":{\"@type\":\"PropertyValueSpecification\",\"valueRequired\":true,\"valueName\":\"search_term_string\"}}],\"inLanguage\":\"pt-BR\"},{\"@type\":\"Organization\",\"@id\":\"https:\/\/portal1.uenf.br\/portal\/#organization\",\"name\":\"UENF - Universidade Estadual do Norte Fluminense Darcy Ribeiro\",\"url\":\"https:\/\/portal1.uenf.br\/portal\/\",\"logo\":{\"@type\":\"ImageObject\",\"inLanguage\":\"pt-BR\",\"@id\":\"https:\/\/portal1.uenf.br\/portal\/#\/schema\/logo\/image\/\",\"url\":\"https:\/\/portal1.uenf.br\/portal\/wp-content\/uploads\/2018\/06\/logo-uenf-invertido-1.png\",\"contentUrl\":\"https:\/\/portal1.uenf.br\/portal\/wp-content\/uploads\/2018\/06\/logo-uenf-invertido-1.png\",\"width\":482,\"height\":83,\"caption\":\"UENF - Universidade Estadual do Norte Fluminense Darcy Ribeiro\"},\"image\":{\"@id\":\"https:\/\/portal1.uenf.br\/portal\/#\/schema\/logo\/image\/\"}},{\"@type\":\"Person\",\"@id\":\"https:\/\/portal1.uenf.br\/portal\/#\/schema\/person\/068abbf03b6f8478c845bc8ded9270c7\",\"name\":\"admin\",\"image\":{\"@type\":\"ImageObject\",\"inLanguage\":\"pt-BR\",\"@id\":\"https:\/\/portal1.uenf.br\/portal\/#\/schema\/person\/image\/\",\"url\":\"https:\/\/secure.gravatar.com\/avatar\/e5ecf9e4fae0742f4b136f518195bafa7b2d3f7c709f4bdc6707588ef68a6e25?s=96&d=mm&r=g\",\"contentUrl\":\"https:\/\/secure.gravatar.com\/avatar\/e5ecf9e4fae0742f4b136f518195bafa7b2d3f7c709f4bdc6707588ef68a6e25?s=96&d=mm&r=g\",\"caption\":\"admin\"},\"sameAs\":[\"https:\/\/portal1.uenf.br\/portal\"],\"url\":\"https:\/\/portal1.uenf.br\/portal\/author\/edson\/\"}]}<\/script>\n<!-- \/ Yoast SEO plugin. -->","yoast_head_json":{"title":"Projeto de extens\u00e3o desenvolve repelente - UENF - Universidade Estadual do Norte Fluminense Darcy Ribeiro","robots":{"index":"noindex","follow":"follow","max-snippet":"max-snippet:-1","max-image-preview":"max-image-preview:large","max-video-preview":"max-video-preview:-1"},"og_locale":"pt_BR","og_type":"article","og_title":"Projeto de extens\u00e3o desenvolve repelente - UENF - Universidade Estadual do Norte Fluminense Darcy Ribeiro","og_description":"As chuvas frequentes e as altas temperaturas do ver\u00e3o s\u00e3o prop\u00edcias para a prolifera\u00e7\u00e3o do Aedes aegypti, mosquito transmissor de doen\u00e7as como a dengue, zika e chikungunya. Os meios convencionais, centrados muitas vezes apenas no controle qu\u00edmico do mosquito, n\u00e3o t\u00eam se mostrado efetivos para conter o avan\u00e7o da doen\u00e7a. Baseado nisso, um projeto de [&hellip;]","og_url":"https:\/\/portal1.uenf.br\/portal\/noticias\/projeto-de-extensao-desenvolve-repelente\/","og_site_name":"UENF - Universidade Estadual do Norte Fluminense Darcy Ribeiro","article_published_time":"2022-12-12T15:43:25+00:00","og_image":[{"url":"https:\/\/uenf.br\/portal\/wp-content\/uploads\/2022\/12\/Repelente-1-1024x682.jpeg","type":"","width":"","height":""}],"author":"admin","twitter_card":"summary_large_image","twitter_misc":{"Escrito por":"admin","Est. tempo de leitura":"2 minutos"},"schema":{"@context":"https:\/\/schema.org","@graph":[{"@type":"Article","@id":"https:\/\/portal1.uenf.br\/portal\/noticias\/projeto-de-extensao-desenvolve-repelente\/#article","isPartOf":{"@id":"https:\/\/portal1.uenf.br\/portal\/noticias\/projeto-de-extensao-desenvolve-repelente\/"},"author":{"name":"admin","@id":"https:\/\/portal1.uenf.br\/portal\/#\/schema\/person\/068abbf03b6f8478c845bc8ded9270c7"},"headline":"Projeto de extens\u00e3o desenvolve repelente","datePublished":"2022-12-12T15:43:25+00:00","mainEntityOfPage":{"@id":"https:\/\/portal1.uenf.br\/portal\/noticias\/projeto-de-extensao-desenvolve-repelente\/"},"wordCount":439,"publisher":{"@id":"https:\/\/portal1.uenf.br\/portal\/#organization"},"image":{"@id":"https:\/\/portal1.uenf.br\/portal\/noticias\/projeto-de-extensao-desenvolve-repelente\/#primaryimage"},"thumbnailUrl":"https:\/\/uenf.br\/portal\/wp-content\/uploads\/2022\/12\/Repelente-1-1024x682.jpeg","articleSection":["Not\u00edcias"],"inLanguage":"pt-BR"},{"@type":"WebPage","@id":"https:\/\/portal1.uenf.br\/portal\/noticias\/projeto-de-extensao-desenvolve-repelente\/","url":"https:\/\/portal1.uenf.br\/portal\/noticias\/projeto-de-extensao-desenvolve-repelente\/","name":"Projeto de extens\u00e3o desenvolve repelente - UENF - Universidade Estadual do Norte Fluminense Darcy Ribeiro","isPartOf":{"@id":"https:\/\/portal1.uenf.br\/portal\/#website"},"primaryImageOfPage":{"@id":"https:\/\/portal1.uenf.br\/portal\/noticias\/projeto-de-extensao-desenvolve-repelente\/#primaryimage"},"image":{"@id":"https:\/\/portal1.uenf.br\/portal\/noticias\/projeto-de-extensao-desenvolve-repelente\/#primaryimage"},"thumbnailUrl":"https:\/\/uenf.br\/portal\/wp-content\/uploads\/2022\/12\/Repelente-1-1024x682.jpeg","datePublished":"2022-12-12T15:43:25+00:00","breadcrumb":{"@id":"https:\/\/portal1.uenf.br\/portal\/noticias\/projeto-de-extensao-desenvolve-repelente\/#breadcrumb"},"inLanguage":"pt-BR","potentialAction":[{"@type":"ReadAction","target":["https:\/\/portal1.uenf.br\/portal\/noticias\/projeto-de-extensao-desenvolve-repelente\/"]}]},{"@type":"ImageObject","inLanguage":"pt-BR","@id":"https:\/\/portal1.uenf.br\/portal\/noticias\/projeto-de-extensao-desenvolve-repelente\/#primaryimage","url":"https:\/\/uenf.br\/portal\/wp-content\/uploads\/2022\/12\/Repelente-1-1024x682.jpeg","contentUrl":"https:\/\/uenf.br\/portal\/wp-content\/uploads\/2022\/12\/Repelente-1-1024x682.jpeg"},{"@type":"BreadcrumbList","@id":"https:\/\/portal1.uenf.br\/portal\/noticias\/projeto-de-extensao-desenvolve-repelente\/#breadcrumb","itemListElement":[{"@type":"ListItem","position":1,"name":"In\u00edcio","item":"https:\/\/portal1.uenf.br\/portal\/"},{"@type":"ListItem","position":2,"name":"Projeto de extens\u00e3o desenvolve repelente"}]},{"@type":"WebSite","@id":"https:\/\/portal1.uenf.br\/portal\/#website","url":"https:\/\/portal1.uenf.br\/portal\/","name":"UENF - Universidade Estadual do Norte Fluminense Darcy Ribeiro","description":"","publisher":{"@id":"https:\/\/portal1.uenf.br\/portal\/#organization"},"potentialAction":[{"@type":"SearchAction","target":{"@type":"EntryPoint","urlTemplate":"https:\/\/portal1.uenf.br\/portal\/?s={search_term_string}"},"query-input":{"@type":"PropertyValueSpecification","valueRequired":true,"valueName":"search_term_string"}}],"inLanguage":"pt-BR"},{"@type":"Organization","@id":"https:\/\/portal1.uenf.br\/portal\/#organization","name":"UENF - Universidade Estadual do Norte Fluminense Darcy Ribeiro","url":"https:\/\/portal1.uenf.br\/portal\/","logo":{"@type":"ImageObject","inLanguage":"pt-BR","@id":"https:\/\/portal1.uenf.br\/portal\/#\/schema\/logo\/image\/","url":"https:\/\/portal1.uenf.br\/portal\/wp-content\/uploads\/2018\/06\/logo-uenf-invertido-1.png","contentUrl":"https:\/\/portal1.uenf.br\/portal\/wp-content\/uploads\/2018\/06\/logo-uenf-invertido-1.png","width":482,"height":83,"caption":"UENF - Universidade Estadual do Norte Fluminense Darcy Ribeiro"},"image":{"@id":"https:\/\/portal1.uenf.br\/portal\/#\/schema\/logo\/image\/"}},{"@type":"Person","@id":"https:\/\/portal1.uenf.br\/portal\/#\/schema\/person\/068abbf03b6f8478c845bc8ded9270c7","name":"admin","image":{"@type":"ImageObject","inLanguage":"pt-BR","@id":"https:\/\/portal1.uenf.br\/portal\/#\/schema\/person\/image\/","url":"https:\/\/secure.gravatar.com\/avatar\/e5ecf9e4fae0742f4b136f518195bafa7b2d3f7c709f4bdc6707588ef68a6e25?s=96&d=mm&r=g","contentUrl":"https:\/\/secure.gravatar.com\/avatar\/e5ecf9e4fae0742f4b136f518195bafa7b2d3f7c709f4bdc6707588ef68a6e25?s=96&d=mm&r=g","caption":"admin"},"sameAs":["https:\/\/portal1.uenf.br\/portal"],"url":"https:\/\/portal1.uenf.br\/portal\/author\/edson\/"}]}},"_links":{"self":[{"href":"https:\/\/portal1.uenf.br\/portal\/wp-json\/wp\/v2\/posts\/16998","targetHints":{"allow":["GET"]}}],"collection":[{"href":"https:\/\/portal1.uenf.br\/portal\/wp-json\/wp\/v2\/posts"}],"about":[{"href":"https:\/\/portal1.uenf.br\/portal\/wp-json\/wp\/v2\/types\/post"}],"author":[{"embeddable":true,"href":"https:\/\/portal1.uenf.br\/portal\/wp-json\/wp\/v2\/users\/1"}],"replies":[{"embeddable":true,"href":"https:\/\/portal1.uenf.br\/portal\/wp-json\/wp\/v2\/comments?post=16998"}],"version-history":[{"count":0,"href":"https:\/\/portal1.uenf.br\/portal\/wp-json\/wp\/v2\/posts\/16998\/revisions"}],"wp:attachment":[{"href":"https:\/\/portal1.uenf.br\/portal\/wp-json\/wp\/v2\/media?parent=16998"}],"wp:term":[{"taxonomy":"category","embeddable":true,"href":"https:\/\/portal1.uenf.br\/portal\/wp-json\/wp\/v2\/categories?post=16998"},{"taxonomy":"post_tag","embeddable":true,"href":"https:\/\/portal1.uenf.br\/portal\/wp-json\/wp\/v2\/tags?post=16998"}],"curies":[{"name":"wp","href":"https:\/\/api.w.org\/{rel}","templated":true}]}}