{"id":16978,"date":"2022-12-13T11:19:00","date_gmt":"2022-12-13T14:19:00","guid":{"rendered":"https:\/\/uenf.br\/portal\/?p=16978"},"modified":"2022-12-13T11:19:00","modified_gmt":"2022-12-13T14:19:00","slug":"lamet-uenf-ajuda-no-monitoramento-do-clima-na-regiao","status":"publish","type":"post","link":"https:\/\/portal1.uenf.br\/portal\/noticias\/lamet-uenf-ajuda-no-monitoramento-do-clima-na-regiao\/","title":{"rendered":"LAMET\/UENF ajuda no monitoramento do clima na regi\u00e3o"},"content":{"rendered":"<div class=\"wp-block-image\">\n<figure class=\"aligncenter size-large is-resized\"><img fetchpriority=\"high\" decoding=\"async\" src=\"https:\/\/uenf.br\/portal\/wp-content\/uploads\/2022\/12\/WhatsApp-Image-2022-12-03-at-07.30.27-768x1024.jpeg\" alt=\"\" class=\"wp-image-17089\" width=\"513\" height=\"684\"\/><\/figure>\n<\/div>\n\n\n<p>O Laborat\u00f3rio de Meteorologia da UENF (LAMET), situado no <em>campus<\/em> de Maca\u00e9, tem desempenhado um papel fundamental no monitoramento do clima em toda a regi\u00e3o. Al\u00e9m de fornecer subs\u00eddios para as pesquisas do Laborat\u00f3rio, um total de nove esta\u00e7\u00f5es meteorol\u00f3gicas instaladas em escolas e pontos estrat\u00e9gicos de Maca\u00e9, Cabo Frio e Rio das Ostras v\u00eam ajudando a Defesa Civil a lidar com eventos clim\u00e1ticos extremos, como ocorreu recentemente com as fortes chuvas que ca\u00edram na regi\u00e3o.<\/p>\n\n\n\n<p>Em Maca\u00e9, h\u00e1 sete esta\u00e7\u00f5es, situadas no Mirante da Lagoa e em Trapiche, al\u00e9m das escolas Nossa Senhora da Gl\u00f3ria (Miramar), Col\u00e9gio Ativo (Gl\u00f3ria), Col\u00e9gio de Aplica\u00e7\u00e3o de Maca\u00e9 (Granja dos Cavalheiros), Col\u00e9gio T\u00e9lio Barreto (Aroeira) e Col\u00e9gio Irene Meirelles (Imbetiba). Outras duas est\u00e3o situadas na Escola Edilson Duarte, em Cabo Frio, e no Col\u00e9gio Jacintho Xavier Barreto, em Rio das Ostras. <\/p>\n\n\n\n<p>Os dados colhidos t\u00eam permitido, entre outras coisas, saber a distribui\u00e7\u00e3o das chuvas nos munic\u00edpios. No \u00faltimo dia 30, por exemplo, as esta\u00e7\u00f5es indicaram que choveu no litoral, mas a chuva foi imensamente menor na esta\u00e7\u00e3o colocada na Serra e em Trapiche.<\/p>\n\n\n\n<p>\u2014 Em pouco mais de 12h, no Mirante da Lagoa, choveu mais do que 240mm, o que acarretou deslizamento de uma encosta na Rodovia Amaral Peixoto no trecho ao lado, assim como provocou o transbordamento da Lagoa de Imboassica que teve que ser aberta ao mar. Muitas ruas e casas ficaram completamente intransit\u00e1veis. J\u00e1 na Cidade Universit\u00e1ria, choveu mais de 180mm inundando toda a \u00e1rea no entorno deste complexo universit\u00e1rio, que ficou inacess\u00edvel por dias \u2014 diz a chefe do LAMET, professora Maria Gertrudes Justi. <\/p>\n\n\n<div class=\"wp-block-image\">\n<figure class=\"aligncenter size-large is-resized\"><img decoding=\"async\" src=\"https:\/\/uenf.br\/portal\/wp-content\/uploads\/2022\/12\/WhatsApp-Image-2022-12-03-at-07.32.06-768x1024.jpeg\" alt=\"\" class=\"wp-image-17090\" width=\"532\" height=\"709\"\/><figcaption>Instala\u00e7\u00e3o da esta\u00e7\u00e3o meteorol\u00f3gica em uma das escolas<\/figcaption><\/figure>\n<\/div>\n\n\n<p>Segundo Justi, h\u00e1 a previs\u00e3o de instala\u00e7\u00e3o de mais uma esta\u00e7\u00e3o em Cabo Frio e outras duas em escolas de Campos dos Goytacazes. Outras oito esta\u00e7\u00f5es ser\u00e3o instaladas em Maca\u00e9 para atender ao Projeto de Extens\u00e3o Tempo de Aprender em Clima, bem como a um projeto de pesquisa da Faperj que correlaciona a incid\u00eancia das arboviroses (Zica, Dengue e Chikungunya) com as varia\u00e7\u00f5es dos microclimas do Munic\u00edpio de Maca\u00e9. O local para instala\u00e7\u00e3o das novas esta\u00e7\u00f5es est\u00e1 sendo definido levando em conta os bairros com maior incid\u00eancia de casos dessas doen\u00e7as registrados pelos institui\u00e7\u00f5es ligadas \u00e0 sa\u00fade.<\/p>\n\n\n\n<p>\u2014 O objetivo do projeto \u00e9 envolver professores e alunos  no entendimento das quest\u00f5es ligadas \u00e0 variabilidade clim\u00e1tica, no conhecimento dos sistemas meteorol\u00f3gicos intensos e nas condi\u00e7\u00f5es meteorol\u00f3gicas que levam \u00e0 concentra\u00e7\u00e3o de poluentes. Tamb\u00e9m queremos destacar com eles a import\u00e2ncia do uso das energias renov\u00e1veis, como a e\u00f3lica e solar, que s\u00e3o estudadas dentro do escopo das ci\u00eancias atmosf\u00e9ricas \u2014 explica a professora.<\/p>\n\n\n\n<p> De acordo com Justi, a implanta\u00e7\u00e3o das esta\u00e7\u00f5es em diferentes bairros de Maca\u00e9 tem possibilitado a identifica\u00e7\u00e3o e a caracteriza\u00e7\u00e3o de diferentes microclimas, com regimes de chuvas diferentes. Um exemplo \u00e9 a chegada de frentes frias ou quando se estabelecem sistemas meteorol\u00f3gicos como a ZCAS (Zona de Converg\u00eancia do Atl\u00e2ntico Sul),&nbsp; que afetou muito Maca\u00e9 com \u00e1pice no dia 30 de novembro sobre a regi\u00e3o e o litoral vizinho. A caracteriza\u00e7\u00e3o dos microclimas vem contribuindo tamb\u00e9m para a pesquisa que busca um maior entendimento da incid\u00eancia em Maca\u00e9 das arboviroses transmitidas pelo mosquito <em>Aedes aegypti<\/em> , cujos focos s\u00e3o muito dependentes das condi\u00e7\u00f5es de umidade, temperatura e vento. <\/p>\n\n\n\n<p>\u2014 Mais oito esta\u00e7\u00f5es est\u00e3o sendo instaladas visando atender a esse pesquisa. S\u00e3o muitas as aplica\u00e7\u00f5es que podem ser atendidas como subproduto das a\u00e7\u00f5es do Projeto de Extens\u00e3o, incluindo subs\u00eddios \u00e0s a\u00e7\u00f5es da mobilidade urbana, da identifica\u00e7\u00e3o de \u00e1reas de risco e planejamento e opera\u00e7\u00e3o da drenagem urbana \u2014 informou a professora. <\/p>\n\n\n\n<p>De acordo com ela, as esta\u00e7\u00f5es s\u00e3o instaladas nas escolas de tal forma que seus sensores (temperatura, umidade, vento, precipita\u00e7\u00e3o, radia\u00e7\u00e3o solar global e \u00edndice UV) enviam automaticamente e em tempo real os valores observados para um pequeno console que fica na \u00e1rea administrativa da escola. Atrav\u00e9s desse console, os dados s\u00e3o transmitidos via Wi-fi para a &#8220;nuvem&#8221;, para acesso em todo o mundo. Os dados podem ser acessados por qualquer pessoa pela internet ou via aplicativo de celular.<\/p>\n\n\n<div class=\"wp-block-image\">\n<figure class=\"aligncenter size-full is-resized\"><img decoding=\"async\" src=\"https:\/\/uenf.br\/portal\/wp-content\/uploads\/2022\/12\/WhatsApp-Image-2022-12-03-at-07.45.37.jpeg\" alt=\"\" class=\"wp-image-17092\" width=\"679\" height=\"385\"\/><\/figure>\n<\/div>","protected":false},"excerpt":{"rendered":"<p>O Laborat\u00f3rio de Meteorologia da UENF (LAMET), situado no campus de Maca\u00e9, tem desempenhado um papel fundamental no monitoramento do clima em toda a regi\u00e3o. Al\u00e9m de fornecer subs\u00eddios para as pesquisas do Laborat\u00f3rio, um total de nove esta\u00e7\u00f5es meteorol\u00f3gicas instaladas em escolas e pontos estrat\u00e9gicos de Maca\u00e9, Cabo Frio e Rio das Ostras v\u00eam [&hellip;]<\/p>\n","protected":false},"author":1,"featured_media":0,"comment_status":"closed","ping_status":"closed","sticky":false,"template":"","format":"standard","meta":{"_eb_attr":"","ocean_post_layout":"","ocean_both_sidebars_style":"","ocean_both_sidebars_content_width":0,"ocean_both_sidebars_sidebars_width":0,"ocean_sidebar":"","ocean_second_sidebar":"","ocean_disable_margins":"enable","ocean_add_body_class":"","ocean_shortcode_before_top_bar":"","ocean_shortcode_after_top_bar":"","ocean_shortcode_before_header":"","ocean_shortcode_after_header":"","ocean_has_shortcode":"","ocean_shortcode_after_title":"","ocean_shortcode_before_footer_widgets":"","ocean_shortcode_after_footer_widgets":"","ocean_shortcode_before_footer_bottom":"","ocean_shortcode_after_footer_bottom":"","ocean_display_top_bar":"default","ocean_display_header":"default","ocean_header_style":"","ocean_center_header_left_menu":"","ocean_custom_header_template":"","ocean_custom_logo":0,"ocean_custom_retina_logo":0,"ocean_custom_logo_max_width":0,"ocean_custom_logo_tablet_max_width":0,"ocean_custom_logo_mobile_max_width":0,"ocean_custom_logo_max_height":0,"ocean_custom_logo_tablet_max_height":0,"ocean_custom_logo_mobile_max_height":0,"ocean_header_custom_menu":"","ocean_menu_typo_font_family":"","ocean_menu_typo_font_subset":"","ocean_menu_typo_font_size":0,"ocean_menu_typo_font_size_tablet":0,"ocean_menu_typo_font_size_mobile":0,"ocean_menu_typo_font_size_unit":"px","ocean_menu_typo_font_weight":"","ocean_menu_typo_font_weight_tablet":"","ocean_menu_typo_font_weight_mobile":"","ocean_menu_typo_transform":"","ocean_menu_typo_transform_tablet":"","ocean_menu_typo_transform_mobile":"","ocean_menu_typo_line_height":0,"ocean_menu_typo_line_height_tablet":0,"ocean_menu_typo_line_height_mobile":0,"ocean_menu_typo_line_height_unit":"","ocean_menu_typo_spacing":0,"ocean_menu_typo_spacing_tablet":0,"ocean_menu_typo_spacing_mobile":0,"ocean_menu_typo_spacing_unit":"","ocean_menu_link_color":"","ocean_menu_link_color_hover":"","ocean_menu_link_color_active":"","ocean_menu_link_background":"","ocean_menu_link_hover_background":"","ocean_menu_link_active_background":"","ocean_menu_social_links_bg":"","ocean_menu_social_hover_links_bg":"","ocean_menu_social_links_color":"","ocean_menu_social_hover_links_color":"","ocean_disable_title":"default","ocean_disable_heading":"default","ocean_post_title":"","ocean_post_subheading":"","ocean_post_title_style":"","ocean_post_title_background_color":"","ocean_post_title_background":0,"ocean_post_title_bg_image_position":"","ocean_post_title_bg_image_attachment":"","ocean_post_title_bg_image_repeat":"","ocean_post_title_bg_image_size":"","ocean_post_title_height":0,"ocean_post_title_bg_overlay":0.5,"ocean_post_title_bg_overlay_color":"","ocean_disable_breadcrumbs":"default","ocean_breadcrumbs_color":"","ocean_breadcrumbs_separator_color":"","ocean_breadcrumbs_links_color":"","ocean_breadcrumbs_links_hover_color":"","ocean_display_footer_widgets":"default","ocean_display_footer_bottom":"default","ocean_custom_footer_template":"","ocean_post_oembed":"","ocean_post_self_hosted_media":"","ocean_post_video_embed":"","ocean_link_format":"","ocean_link_format_target":"self","ocean_quote_format":"","ocean_quote_format_link":"post","ocean_gallery_link_images":"off","ocean_gallery_id":[],"footnotes":""},"categories":[8],"tags":[],"class_list":["post-16978","post","type-post","status-publish","format-standard","hentry","category-noticias","entry"],"yoast_head":"<!-- This site is optimized with the Yoast SEO plugin v26.5 - https:\/\/yoast.com\/wordpress\/plugins\/seo\/ -->\n<title>LAMET\/UENF ajuda no monitoramento do clima na regi\u00e3o - UENF - Universidade Estadual do Norte Fluminense Darcy Ribeiro<\/title>\n<meta name=\"robots\" content=\"noindex, follow, max-snippet:-1, max-image-preview:large, max-video-preview:-1\" \/>\n<meta property=\"og:locale\" content=\"pt_BR\" \/>\n<meta property=\"og:type\" content=\"article\" \/>\n<meta property=\"og:title\" content=\"LAMET\/UENF ajuda no monitoramento do clima na regi\u00e3o - UENF - Universidade Estadual do Norte Fluminense Darcy Ribeiro\" \/>\n<meta property=\"og:description\" content=\"O Laborat\u00f3rio de Meteorologia da UENF (LAMET), situado no campus de Maca\u00e9, tem desempenhado um papel fundamental no monitoramento do clima em toda a regi\u00e3o. Al\u00e9m de fornecer subs\u00eddios para as pesquisas do Laborat\u00f3rio, um total de nove esta\u00e7\u00f5es meteorol\u00f3gicas instaladas em escolas e pontos estrat\u00e9gicos de Maca\u00e9, Cabo Frio e Rio das Ostras v\u00eam [&hellip;]\" \/>\n<meta property=\"og:url\" content=\"https:\/\/portal1.uenf.br\/portal\/noticias\/lamet-uenf-ajuda-no-monitoramento-do-clima-na-regiao\/\" \/>\n<meta property=\"og:site_name\" content=\"UENF - Universidade Estadual do Norte Fluminense Darcy Ribeiro\" \/>\n<meta property=\"article:published_time\" content=\"2022-12-13T14:19:00+00:00\" \/>\n<meta property=\"og:image\" content=\"https:\/\/uenf.br\/portal\/wp-content\/uploads\/2022\/12\/WhatsApp-Image-2022-12-03-at-07.30.27-768x1024.jpeg\" \/>\n<meta name=\"author\" content=\"admin\" \/>\n<meta name=\"twitter:card\" content=\"summary_large_image\" \/>\n<meta name=\"twitter:label1\" content=\"Escrito por\" \/>\n\t<meta name=\"twitter:data1\" content=\"admin\" \/>\n\t<meta name=\"twitter:label2\" content=\"Est. tempo de leitura\" \/>\n\t<meta name=\"twitter:data2\" content=\"4 minutos\" \/>\n<script type=\"application\/ld+json\" class=\"yoast-schema-graph\">{\"@context\":\"https:\/\/schema.org\",\"@graph\":[{\"@type\":\"Article\",\"@id\":\"https:\/\/portal1.uenf.br\/portal\/noticias\/lamet-uenf-ajuda-no-monitoramento-do-clima-na-regiao\/#article\",\"isPartOf\":{\"@id\":\"https:\/\/portal1.uenf.br\/portal\/noticias\/lamet-uenf-ajuda-no-monitoramento-do-clima-na-regiao\/\"},\"author\":{\"name\":\"admin\",\"@id\":\"https:\/\/portal1.uenf.br\/portal\/#\/schema\/person\/068abbf03b6f8478c845bc8ded9270c7\"},\"headline\":\"LAMET\/UENF ajuda no monitoramento do clima na regi\u00e3o\",\"datePublished\":\"2022-12-13T14:19:00+00:00\",\"mainEntityOfPage\":{\"@id\":\"https:\/\/portal1.uenf.br\/portal\/noticias\/lamet-uenf-ajuda-no-monitoramento-do-clima-na-regiao\/\"},\"wordCount\":763,\"publisher\":{\"@id\":\"https:\/\/portal1.uenf.br\/portal\/#organization\"},\"image\":{\"@id\":\"https:\/\/portal1.uenf.br\/portal\/noticias\/lamet-uenf-ajuda-no-monitoramento-do-clima-na-regiao\/#primaryimage\"},\"thumbnailUrl\":\"https:\/\/uenf.br\/portal\/wp-content\/uploads\/2022\/12\/WhatsApp-Image-2022-12-03-at-07.30.27-768x1024.jpeg\",\"articleSection\":[\"Not\u00edcias\"],\"inLanguage\":\"pt-BR\"},{\"@type\":\"WebPage\",\"@id\":\"https:\/\/portal1.uenf.br\/portal\/noticias\/lamet-uenf-ajuda-no-monitoramento-do-clima-na-regiao\/\",\"url\":\"https:\/\/portal1.uenf.br\/portal\/noticias\/lamet-uenf-ajuda-no-monitoramento-do-clima-na-regiao\/\",\"name\":\"LAMET\/UENF ajuda no monitoramento do clima na regi\u00e3o - UENF - Universidade Estadual do Norte Fluminense Darcy Ribeiro\",\"isPartOf\":{\"@id\":\"https:\/\/portal1.uenf.br\/portal\/#website\"},\"primaryImageOfPage\":{\"@id\":\"https:\/\/portal1.uenf.br\/portal\/noticias\/lamet-uenf-ajuda-no-monitoramento-do-clima-na-regiao\/#primaryimage\"},\"image\":{\"@id\":\"https:\/\/portal1.uenf.br\/portal\/noticias\/lamet-uenf-ajuda-no-monitoramento-do-clima-na-regiao\/#primaryimage\"},\"thumbnailUrl\":\"https:\/\/uenf.br\/portal\/wp-content\/uploads\/2022\/12\/WhatsApp-Image-2022-12-03-at-07.30.27-768x1024.jpeg\",\"datePublished\":\"2022-12-13T14:19:00+00:00\",\"breadcrumb\":{\"@id\":\"https:\/\/portal1.uenf.br\/portal\/noticias\/lamet-uenf-ajuda-no-monitoramento-do-clima-na-regiao\/#breadcrumb\"},\"inLanguage\":\"pt-BR\",\"potentialAction\":[{\"@type\":\"ReadAction\",\"target\":[\"https:\/\/portal1.uenf.br\/portal\/noticias\/lamet-uenf-ajuda-no-monitoramento-do-clima-na-regiao\/\"]}]},{\"@type\":\"ImageObject\",\"inLanguage\":\"pt-BR\",\"@id\":\"https:\/\/portal1.uenf.br\/portal\/noticias\/lamet-uenf-ajuda-no-monitoramento-do-clima-na-regiao\/#primaryimage\",\"url\":\"https:\/\/uenf.br\/portal\/wp-content\/uploads\/2022\/12\/WhatsApp-Image-2022-12-03-at-07.30.27-768x1024.jpeg\",\"contentUrl\":\"https:\/\/uenf.br\/portal\/wp-content\/uploads\/2022\/12\/WhatsApp-Image-2022-12-03-at-07.30.27-768x1024.jpeg\"},{\"@type\":\"BreadcrumbList\",\"@id\":\"https:\/\/portal1.uenf.br\/portal\/noticias\/lamet-uenf-ajuda-no-monitoramento-do-clima-na-regiao\/#breadcrumb\",\"itemListElement\":[{\"@type\":\"ListItem\",\"position\":1,\"name\":\"In\u00edcio\",\"item\":\"https:\/\/portal1.uenf.br\/portal\/\"},{\"@type\":\"ListItem\",\"position\":2,\"name\":\"LAMET\/UENF ajuda no monitoramento do clima na regi\u00e3o\"}]},{\"@type\":\"WebSite\",\"@id\":\"https:\/\/portal1.uenf.br\/portal\/#website\",\"url\":\"https:\/\/portal1.uenf.br\/portal\/\",\"name\":\"UENF - Universidade Estadual do Norte Fluminense Darcy Ribeiro\",\"description\":\"\",\"publisher\":{\"@id\":\"https:\/\/portal1.uenf.br\/portal\/#organization\"},\"potentialAction\":[{\"@type\":\"SearchAction\",\"target\":{\"@type\":\"EntryPoint\",\"urlTemplate\":\"https:\/\/portal1.uenf.br\/portal\/?s={search_term_string}\"},\"query-input\":{\"@type\":\"PropertyValueSpecification\",\"valueRequired\":true,\"valueName\":\"search_term_string\"}}],\"inLanguage\":\"pt-BR\"},{\"@type\":\"Organization\",\"@id\":\"https:\/\/portal1.uenf.br\/portal\/#organization\",\"name\":\"UENF - Universidade Estadual do Norte Fluminense Darcy Ribeiro\",\"url\":\"https:\/\/portal1.uenf.br\/portal\/\",\"logo\":{\"@type\":\"ImageObject\",\"inLanguage\":\"pt-BR\",\"@id\":\"https:\/\/portal1.uenf.br\/portal\/#\/schema\/logo\/image\/\",\"url\":\"https:\/\/portal1.uenf.br\/portal\/wp-content\/uploads\/2018\/06\/logo-uenf-invertido-1.png\",\"contentUrl\":\"https:\/\/portal1.uenf.br\/portal\/wp-content\/uploads\/2018\/06\/logo-uenf-invertido-1.png\",\"width\":482,\"height\":83,\"caption\":\"UENF - Universidade Estadual do Norte Fluminense Darcy Ribeiro\"},\"image\":{\"@id\":\"https:\/\/portal1.uenf.br\/portal\/#\/schema\/logo\/image\/\"}},{\"@type\":\"Person\",\"@id\":\"https:\/\/portal1.uenf.br\/portal\/#\/schema\/person\/068abbf03b6f8478c845bc8ded9270c7\",\"name\":\"admin\",\"image\":{\"@type\":\"ImageObject\",\"inLanguage\":\"pt-BR\",\"@id\":\"https:\/\/portal1.uenf.br\/portal\/#\/schema\/person\/image\/\",\"url\":\"https:\/\/secure.gravatar.com\/avatar\/e5ecf9e4fae0742f4b136f518195bafa7b2d3f7c709f4bdc6707588ef68a6e25?s=96&d=mm&r=g\",\"contentUrl\":\"https:\/\/secure.gravatar.com\/avatar\/e5ecf9e4fae0742f4b136f518195bafa7b2d3f7c709f4bdc6707588ef68a6e25?s=96&d=mm&r=g\",\"caption\":\"admin\"},\"sameAs\":[\"https:\/\/portal1.uenf.br\/portal\"],\"url\":\"https:\/\/portal1.uenf.br\/portal\/author\/edson\/\"}]}<\/script>\n<!-- \/ Yoast SEO plugin. -->","yoast_head_json":{"title":"LAMET\/UENF ajuda no monitoramento do clima na regi\u00e3o - UENF - Universidade Estadual do Norte Fluminense Darcy Ribeiro","robots":{"index":"noindex","follow":"follow","max-snippet":"max-snippet:-1","max-image-preview":"max-image-preview:large","max-video-preview":"max-video-preview:-1"},"og_locale":"pt_BR","og_type":"article","og_title":"LAMET\/UENF ajuda no monitoramento do clima na regi\u00e3o - UENF - Universidade Estadual do Norte Fluminense Darcy Ribeiro","og_description":"O Laborat\u00f3rio de Meteorologia da UENF (LAMET), situado no campus de Maca\u00e9, tem desempenhado um papel fundamental no monitoramento do clima em toda a regi\u00e3o. Al\u00e9m de fornecer subs\u00eddios para as pesquisas do Laborat\u00f3rio, um total de nove esta\u00e7\u00f5es meteorol\u00f3gicas instaladas em escolas e pontos estrat\u00e9gicos de Maca\u00e9, Cabo Frio e Rio das Ostras v\u00eam [&hellip;]","og_url":"https:\/\/portal1.uenf.br\/portal\/noticias\/lamet-uenf-ajuda-no-monitoramento-do-clima-na-regiao\/","og_site_name":"UENF - Universidade Estadual do Norte Fluminense Darcy Ribeiro","article_published_time":"2022-12-13T14:19:00+00:00","og_image":[{"url":"https:\/\/uenf.br\/portal\/wp-content\/uploads\/2022\/12\/WhatsApp-Image-2022-12-03-at-07.30.27-768x1024.jpeg","type":"","width":"","height":""}],"author":"admin","twitter_card":"summary_large_image","twitter_misc":{"Escrito por":"admin","Est. tempo de leitura":"4 minutos"},"schema":{"@context":"https:\/\/schema.org","@graph":[{"@type":"Article","@id":"https:\/\/portal1.uenf.br\/portal\/noticias\/lamet-uenf-ajuda-no-monitoramento-do-clima-na-regiao\/#article","isPartOf":{"@id":"https:\/\/portal1.uenf.br\/portal\/noticias\/lamet-uenf-ajuda-no-monitoramento-do-clima-na-regiao\/"},"author":{"name":"admin","@id":"https:\/\/portal1.uenf.br\/portal\/#\/schema\/person\/068abbf03b6f8478c845bc8ded9270c7"},"headline":"LAMET\/UENF ajuda no monitoramento do clima na regi\u00e3o","datePublished":"2022-12-13T14:19:00+00:00","mainEntityOfPage":{"@id":"https:\/\/portal1.uenf.br\/portal\/noticias\/lamet-uenf-ajuda-no-monitoramento-do-clima-na-regiao\/"},"wordCount":763,"publisher":{"@id":"https:\/\/portal1.uenf.br\/portal\/#organization"},"image":{"@id":"https:\/\/portal1.uenf.br\/portal\/noticias\/lamet-uenf-ajuda-no-monitoramento-do-clima-na-regiao\/#primaryimage"},"thumbnailUrl":"https:\/\/uenf.br\/portal\/wp-content\/uploads\/2022\/12\/WhatsApp-Image-2022-12-03-at-07.30.27-768x1024.jpeg","articleSection":["Not\u00edcias"],"inLanguage":"pt-BR"},{"@type":"WebPage","@id":"https:\/\/portal1.uenf.br\/portal\/noticias\/lamet-uenf-ajuda-no-monitoramento-do-clima-na-regiao\/","url":"https:\/\/portal1.uenf.br\/portal\/noticias\/lamet-uenf-ajuda-no-monitoramento-do-clima-na-regiao\/","name":"LAMET\/UENF ajuda no monitoramento do clima na regi\u00e3o - UENF - Universidade Estadual do Norte Fluminense Darcy Ribeiro","isPartOf":{"@id":"https:\/\/portal1.uenf.br\/portal\/#website"},"primaryImageOfPage":{"@id":"https:\/\/portal1.uenf.br\/portal\/noticias\/lamet-uenf-ajuda-no-monitoramento-do-clima-na-regiao\/#primaryimage"},"image":{"@id":"https:\/\/portal1.uenf.br\/portal\/noticias\/lamet-uenf-ajuda-no-monitoramento-do-clima-na-regiao\/#primaryimage"},"thumbnailUrl":"https:\/\/uenf.br\/portal\/wp-content\/uploads\/2022\/12\/WhatsApp-Image-2022-12-03-at-07.30.27-768x1024.jpeg","datePublished":"2022-12-13T14:19:00+00:00","breadcrumb":{"@id":"https:\/\/portal1.uenf.br\/portal\/noticias\/lamet-uenf-ajuda-no-monitoramento-do-clima-na-regiao\/#breadcrumb"},"inLanguage":"pt-BR","potentialAction":[{"@type":"ReadAction","target":["https:\/\/portal1.uenf.br\/portal\/noticias\/lamet-uenf-ajuda-no-monitoramento-do-clima-na-regiao\/"]}]},{"@type":"ImageObject","inLanguage":"pt-BR","@id":"https:\/\/portal1.uenf.br\/portal\/noticias\/lamet-uenf-ajuda-no-monitoramento-do-clima-na-regiao\/#primaryimage","url":"https:\/\/uenf.br\/portal\/wp-content\/uploads\/2022\/12\/WhatsApp-Image-2022-12-03-at-07.30.27-768x1024.jpeg","contentUrl":"https:\/\/uenf.br\/portal\/wp-content\/uploads\/2022\/12\/WhatsApp-Image-2022-12-03-at-07.30.27-768x1024.jpeg"},{"@type":"BreadcrumbList","@id":"https:\/\/portal1.uenf.br\/portal\/noticias\/lamet-uenf-ajuda-no-monitoramento-do-clima-na-regiao\/#breadcrumb","itemListElement":[{"@type":"ListItem","position":1,"name":"In\u00edcio","item":"https:\/\/portal1.uenf.br\/portal\/"},{"@type":"ListItem","position":2,"name":"LAMET\/UENF ajuda no monitoramento do clima na regi\u00e3o"}]},{"@type":"WebSite","@id":"https:\/\/portal1.uenf.br\/portal\/#website","url":"https:\/\/portal1.uenf.br\/portal\/","name":"UENF - Universidade Estadual do Norte Fluminense Darcy Ribeiro","description":"","publisher":{"@id":"https:\/\/portal1.uenf.br\/portal\/#organization"},"potentialAction":[{"@type":"SearchAction","target":{"@type":"EntryPoint","urlTemplate":"https:\/\/portal1.uenf.br\/portal\/?s={search_term_string}"},"query-input":{"@type":"PropertyValueSpecification","valueRequired":true,"valueName":"search_term_string"}}],"inLanguage":"pt-BR"},{"@type":"Organization","@id":"https:\/\/portal1.uenf.br\/portal\/#organization","name":"UENF - Universidade Estadual do Norte Fluminense Darcy Ribeiro","url":"https:\/\/portal1.uenf.br\/portal\/","logo":{"@type":"ImageObject","inLanguage":"pt-BR","@id":"https:\/\/portal1.uenf.br\/portal\/#\/schema\/logo\/image\/","url":"https:\/\/portal1.uenf.br\/portal\/wp-content\/uploads\/2018\/06\/logo-uenf-invertido-1.png","contentUrl":"https:\/\/portal1.uenf.br\/portal\/wp-content\/uploads\/2018\/06\/logo-uenf-invertido-1.png","width":482,"height":83,"caption":"UENF - Universidade Estadual do Norte Fluminense Darcy Ribeiro"},"image":{"@id":"https:\/\/portal1.uenf.br\/portal\/#\/schema\/logo\/image\/"}},{"@type":"Person","@id":"https:\/\/portal1.uenf.br\/portal\/#\/schema\/person\/068abbf03b6f8478c845bc8ded9270c7","name":"admin","image":{"@type":"ImageObject","inLanguage":"pt-BR","@id":"https:\/\/portal1.uenf.br\/portal\/#\/schema\/person\/image\/","url":"https:\/\/secure.gravatar.com\/avatar\/e5ecf9e4fae0742f4b136f518195bafa7b2d3f7c709f4bdc6707588ef68a6e25?s=96&d=mm&r=g","contentUrl":"https:\/\/secure.gravatar.com\/avatar\/e5ecf9e4fae0742f4b136f518195bafa7b2d3f7c709f4bdc6707588ef68a6e25?s=96&d=mm&r=g","caption":"admin"},"sameAs":["https:\/\/portal1.uenf.br\/portal"],"url":"https:\/\/portal1.uenf.br\/portal\/author\/edson\/"}]}},"_links":{"self":[{"href":"https:\/\/portal1.uenf.br\/portal\/wp-json\/wp\/v2\/posts\/16978","targetHints":{"allow":["GET"]}}],"collection":[{"href":"https:\/\/portal1.uenf.br\/portal\/wp-json\/wp\/v2\/posts"}],"about":[{"href":"https:\/\/portal1.uenf.br\/portal\/wp-json\/wp\/v2\/types\/post"}],"author":[{"embeddable":true,"href":"https:\/\/portal1.uenf.br\/portal\/wp-json\/wp\/v2\/users\/1"}],"replies":[{"embeddable":true,"href":"https:\/\/portal1.uenf.br\/portal\/wp-json\/wp\/v2\/comments?post=16978"}],"version-history":[{"count":0,"href":"https:\/\/portal1.uenf.br\/portal\/wp-json\/wp\/v2\/posts\/16978\/revisions"}],"wp:attachment":[{"href":"https:\/\/portal1.uenf.br\/portal\/wp-json\/wp\/v2\/media?parent=16978"}],"wp:term":[{"taxonomy":"category","embeddable":true,"href":"https:\/\/portal1.uenf.br\/portal\/wp-json\/wp\/v2\/categories?post=16978"},{"taxonomy":"post_tag","embeddable":true,"href":"https:\/\/portal1.uenf.br\/portal\/wp-json\/wp\/v2\/tags?post=16978"}],"curies":[{"name":"wp","href":"https:\/\/api.w.org\/{rel}","templated":true}]}}