{"id":16914,"date":"2022-11-30T15:11:22","date_gmt":"2022-11-30T18:11:22","guid":{"rendered":"https:\/\/uenf.br\/portal\/?p=16914"},"modified":"2022-11-30T15:11:22","modified_gmt":"2022-11-30T18:11:22","slug":"vii-forum-discente-de-sociologia-politica-dias-7-e-8-de-dezembro-no-cch","status":"publish","type":"post","link":"https:\/\/portal1.uenf.br\/portal\/noticias\/vii-forum-discente-de-sociologia-politica-dias-7-e-8-de-dezembro-no-cch\/","title":{"rendered":"VII F\u00f3rum Discente de Sociologia Pol\u00edtica dias 7 e 8\/12"},"content":{"rendered":"\n<figure class=\"wp-block-image size-large\"><img decoding=\"async\" src=\"https:\/\/uenf.br\/portal\/wp-content\/uploads\/2022\/11\/Arte-VII-FDSP-CCH-UENF-1024x410.png\" alt=\"\" class=\"wp-image-16915\"\/><\/figure>\n\n\n\n<p>O Programa e P\u00f3s-Gradua\u00e7\u00e3o em Sociologia Pol\u00edtica (PPGSP) da Universidade Estadual do Norte Fluminense Darcy Ribeiro (UENF) realiza nos dias 7 e 8 de dezembro de 2022 o VII F\u00f3rum Discente de Sociologia Pol\u00edtica (FDSP) no Centro de Ci\u00eancias do Homem (CCH) da UENF. O evento acad\u00eamico tem como tema central \u201cBrasil: Dimens\u00f5es da Independ\u00eancia e das Desigualdades Sociais\u201d. Segundo os organizadores, o VII FDSP \u201cbusca debater a tem\u00e1tica abordando o potencial das manifesta\u00e7\u00f5es pol\u00edticas e do engajamento nas a\u00e7\u00f5es coletivas, em vista da constru\u00e7\u00e3o de um futuro democr\u00e1tico para o pa\u00eds\u201d.\u00a0<\/p>\n\n\n\n<p>A abertura do evento ser\u00e1 na quarta-feira (07\/12), \u00e0s 9 horas, no Audit\u00f3rio Multim\u00eddia do CCH UENF. Ainda na parte da manh\u00e3 da quarta-feira, haver\u00e1 uma confer\u00eancia de abertura, das 10 \u00e0s 12 horas, no canal do PPGSP no You Tube. O evento prossegue neste dia na parte da tarde com mais atividades, com as sess\u00f5es tem\u00e1ticas com apresenta\u00e7\u00f5es de trabalho, das 14h \u00e0s 16h30, no CCH. Tamb\u00e9m na quarta-feira, das 17 \u00e0s 18 horas, no Audit\u00f3rio Multim\u00eddia do CCH UENF, a Mesa &#8220;A revista Terceiro Mil\u00eanio e os desafios da editora\u00e7\u00e3o de peri\u00f3dicos no Brasil&#8221; e, das 18h30 \u00e0s 20h30, no Tablado do CCH UENF, conversa com o professor Fabr\u00edcio Pereira da Silva, autor da obra &#8220;Os futuros de Darcy Ribeiro&#8221;.<\/p>\n\n\n\n<p>Na quinta-feira (08\/12) a programa\u00e7\u00e3o do VII F\u00f3rum Discente de Sociologia Pol\u00edtica tem prosseguimento com apresenta\u00e7\u00f5es de trabalhos de pesquisas nas sess\u00f5es tem\u00e1ticas das 9h \u00e0s 12h e das 14h \u00e0s 16h30, no CCH. Das 17 \u00e0s 18h30, no Audit\u00f3rio Multim\u00eddia do CCH UENF, haver\u00e1 a confer\u00eancia de encerramento do evento &#8220;Avalia\u00e7\u00e3o da P\u00f3s-Gradua\u00e7\u00e3o: Inova\u00e7\u00f5es, limites e perspectivas&#8221; e das 19 \u00e0s 20 horas, no CCH, ser\u00e1 realizado o lan\u00e7amento do livro &#8211; &#8220;Funk para al\u00e9m da festa: disputas simb\u00f3licas e pr\u00e1ticas culturais no Rio de Janeiro&#8221;, da professora associada da UENF, Luciane Soares.<\/p>\n\n\n\n<p>O VII F\u00f3rum Discente de Sociologia Pol\u00edtica (FDSP) tem apoio da Coordena\u00e7\u00e3o de Aperfei\u00e7oamento de Pessoal de N\u00edvel Superior (Capes), Funda\u00e7\u00e3o Carlos Chagas Filho de Amparo \u00e0 Pesquisa do Estado do Rio de Janeiro (Faperj) e Pr\u00f3-Reitoria de Pesquisa e P\u00f3s-Gradua\u00e7\u00e3o (ProPPG) da UENF. O Programa de P\u00f3s-Gradua\u00e7\u00e3o em Sociologia Pol\u00edtica (PPGSP) est\u00e1 completando 15 anos de hist\u00f3ria e na \u00faltima avalia\u00e7\u00e3o da Capes o conceito do PPGSP subiu de 4 para 5, conceito que \u00e9 considerado \u201cmuito bom\u201d pela Capes.<\/p>\n\n\n\n<p>Mais informa\u00e7\u00f5es sobre o evento e a programa\u00e7\u00e3o completa do VII FDSP <a href=\"https:\/\/www.even3.com.br\/vii-forum-discente-de-sociologia-politica-uenf-292517\/\" target=\"_blank\" rel=\"noreferrer noopener\">aqui<\/a>.<\/p>\n","protected":false},"excerpt":{"rendered":"<p>O Programa e P\u00f3s-Gradua\u00e7\u00e3o em Sociologia Pol\u00edtica (PPGSP) da Universidade Estadual do Norte Fluminense Darcy Ribeiro (UENF) realiza nos dias 7 e 8 de dezembro de 2022 o VII F\u00f3rum Discente de Sociologia Pol\u00edtica (FDSP) no Centro de Ci\u00eancias do Homem (CCH) da UENF. O evento acad\u00eamico tem como tema central \u201cBrasil: Dimens\u00f5es da Independ\u00eancia [&hellip;]<\/p>\n","protected":false},"author":1,"featured_media":0,"comment_status":"closed","ping_status":"closed","sticky":false,"template":"","format":"standard","meta":{"_eb_attr":"","ocean_post_layout":"","ocean_both_sidebars_style":"","ocean_both_sidebars_content_width":0,"ocean_both_sidebars_sidebars_width":0,"ocean_sidebar":"","ocean_second_sidebar":"","ocean_disable_margins":"enable","ocean_add_body_class":"","ocean_shortcode_before_top_bar":"","ocean_shortcode_after_top_bar":"","ocean_shortcode_before_header":"","ocean_shortcode_after_header":"","ocean_has_shortcode":"","ocean_shortcode_after_title":"","ocean_shortcode_before_footer_widgets":"","ocean_shortcode_after_footer_widgets":"","ocean_shortcode_before_footer_bottom":"","ocean_shortcode_after_footer_bottom":"","ocean_display_top_bar":"default","ocean_display_header":"default","ocean_header_style":"","ocean_center_header_left_menu":"","ocean_custom_header_template":"","ocean_custom_logo":0,"ocean_custom_retina_logo":0,"ocean_custom_logo_max_width":0,"ocean_custom_logo_tablet_max_width":0,"ocean_custom_logo_mobile_max_width":0,"ocean_custom_logo_max_height":0,"ocean_custom_logo_tablet_max_height":0,"ocean_custom_logo_mobile_max_height":0,"ocean_header_custom_menu":"","ocean_menu_typo_font_family":"","ocean_menu_typo_font_subset":"","ocean_menu_typo_font_size":0,"ocean_menu_typo_font_size_tablet":0,"ocean_menu_typo_font_size_mobile":0,"ocean_menu_typo_font_size_unit":"px","ocean_menu_typo_font_weight":"","ocean_menu_typo_font_weight_tablet":"","ocean_menu_typo_font_weight_mobile":"","ocean_menu_typo_transform":"","ocean_menu_typo_transform_tablet":"","ocean_menu_typo_transform_mobile":"","ocean_menu_typo_line_height":0,"ocean_menu_typo_line_height_tablet":0,"ocean_menu_typo_line_height_mobile":0,"ocean_menu_typo_line_height_unit":"","ocean_menu_typo_spacing":0,"ocean_menu_typo_spacing_tablet":0,"ocean_menu_typo_spacing_mobile":0,"ocean_menu_typo_spacing_unit":"","ocean_menu_link_color":"","ocean_menu_link_color_hover":"","ocean_menu_link_color_active":"","ocean_menu_link_background":"","ocean_menu_link_hover_background":"","ocean_menu_link_active_background":"","ocean_menu_social_links_bg":"","ocean_menu_social_hover_links_bg":"","ocean_menu_social_links_color":"","ocean_menu_social_hover_links_color":"","ocean_disable_title":"default","ocean_disable_heading":"default","ocean_post_title":"","ocean_post_subheading":"","ocean_post_title_style":"","ocean_post_title_background_color":"","ocean_post_title_background":0,"ocean_post_title_bg_image_position":"","ocean_post_title_bg_image_attachment":"","ocean_post_title_bg_image_repeat":"","ocean_post_title_bg_image_size":"","ocean_post_title_height":0,"ocean_post_title_bg_overlay":0.5,"ocean_post_title_bg_overlay_color":"","ocean_disable_breadcrumbs":"default","ocean_breadcrumbs_color":"","ocean_breadcrumbs_separator_color":"","ocean_breadcrumbs_links_color":"","ocean_breadcrumbs_links_hover_color":"","ocean_display_footer_widgets":"default","ocean_display_footer_bottom":"default","ocean_custom_footer_template":"","ocean_post_oembed":"","ocean_post_self_hosted_media":"","ocean_post_video_embed":"","ocean_link_format":"","ocean_link_format_target":"self","ocean_quote_format":"","ocean_quote_format_link":"post","ocean_gallery_link_images":"off","ocean_gallery_id":[],"footnotes":""},"categories":[8],"tags":[],"class_list":["post-16914","post","type-post","status-publish","format-standard","hentry","category-noticias","entry"],"yoast_head":"<!-- This site is optimized with the Yoast SEO plugin v26.5 - https:\/\/yoast.com\/wordpress\/plugins\/seo\/ -->\n<title>VII F\u00f3rum Discente de Sociologia Pol\u00edtica dias 7 e 8\/12 - UENF - Universidade Estadual do Norte Fluminense Darcy Ribeiro<\/title>\n<meta name=\"robots\" content=\"noindex, follow, max-snippet:-1, max-image-preview:large, max-video-preview:-1\" \/>\n<meta property=\"og:locale\" content=\"pt_BR\" \/>\n<meta property=\"og:type\" content=\"article\" \/>\n<meta property=\"og:title\" content=\"VII F\u00f3rum Discente de Sociologia Pol\u00edtica dias 7 e 8\/12 - UENF - Universidade Estadual do Norte Fluminense Darcy Ribeiro\" \/>\n<meta property=\"og:description\" content=\"O Programa e P\u00f3s-Gradua\u00e7\u00e3o em Sociologia Pol\u00edtica (PPGSP) da Universidade Estadual do Norte Fluminense Darcy Ribeiro (UENF) realiza nos dias 7 e 8 de dezembro de 2022 o VII F\u00f3rum Discente de Sociologia Pol\u00edtica (FDSP) no Centro de Ci\u00eancias do Homem (CCH) da UENF. O evento acad\u00eamico tem como tema central \u201cBrasil: Dimens\u00f5es da Independ\u00eancia [&hellip;]\" \/>\n<meta property=\"og:url\" content=\"https:\/\/portal1.uenf.br\/portal\/noticias\/vii-forum-discente-de-sociologia-politica-dias-7-e-8-de-dezembro-no-cch\/\" \/>\n<meta property=\"og:site_name\" content=\"UENF - Universidade Estadual do Norte Fluminense Darcy Ribeiro\" \/>\n<meta property=\"article:published_time\" content=\"2022-11-30T18:11:22+00:00\" \/>\n<meta property=\"og:image\" content=\"https:\/\/uenf.br\/portal\/wp-content\/uploads\/2022\/11\/Arte-VII-FDSP-CCH-UENF-1024x410.png\" \/>\n<meta name=\"author\" content=\"admin\" \/>\n<meta name=\"twitter:card\" content=\"summary_large_image\" \/>\n<meta name=\"twitter:label1\" content=\"Escrito por\" \/>\n\t<meta name=\"twitter:data1\" content=\"admin\" \/>\n\t<meta name=\"twitter:label2\" content=\"Est. tempo de leitura\" \/>\n\t<meta name=\"twitter:data2\" content=\"2 minutos\" \/>\n<script type=\"application\/ld+json\" class=\"yoast-schema-graph\">{\"@context\":\"https:\/\/schema.org\",\"@graph\":[{\"@type\":\"Article\",\"@id\":\"https:\/\/portal1.uenf.br\/portal\/noticias\/vii-forum-discente-de-sociologia-politica-dias-7-e-8-de-dezembro-no-cch\/#article\",\"isPartOf\":{\"@id\":\"https:\/\/portal1.uenf.br\/portal\/noticias\/vii-forum-discente-de-sociologia-politica-dias-7-e-8-de-dezembro-no-cch\/\"},\"author\":{\"name\":\"admin\",\"@id\":\"https:\/\/portal1.uenf.br\/portal\/#\/schema\/person\/068abbf03b6f8478c845bc8ded9270c7\"},\"headline\":\"VII F\u00f3rum Discente de Sociologia Pol\u00edtica dias 7 e 8\/12\",\"datePublished\":\"2022-11-30T18:11:22+00:00\",\"mainEntityOfPage\":{\"@id\":\"https:\/\/portal1.uenf.br\/portal\/noticias\/vii-forum-discente-de-sociologia-politica-dias-7-e-8-de-dezembro-no-cch\/\"},\"wordCount\":456,\"publisher\":{\"@id\":\"https:\/\/portal1.uenf.br\/portal\/#organization\"},\"image\":{\"@id\":\"https:\/\/portal1.uenf.br\/portal\/noticias\/vii-forum-discente-de-sociologia-politica-dias-7-e-8-de-dezembro-no-cch\/#primaryimage\"},\"thumbnailUrl\":\"https:\/\/uenf.br\/portal\/wp-content\/uploads\/2022\/11\/Arte-VII-FDSP-CCH-UENF-1024x410.png\",\"articleSection\":[\"Not\u00edcias\"],\"inLanguage\":\"pt-BR\"},{\"@type\":\"WebPage\",\"@id\":\"https:\/\/portal1.uenf.br\/portal\/noticias\/vii-forum-discente-de-sociologia-politica-dias-7-e-8-de-dezembro-no-cch\/\",\"url\":\"https:\/\/portal1.uenf.br\/portal\/noticias\/vii-forum-discente-de-sociologia-politica-dias-7-e-8-de-dezembro-no-cch\/\",\"name\":\"VII F\u00f3rum Discente de Sociologia Pol\u00edtica dias 7 e 8\/12 - UENF - Universidade Estadual do Norte Fluminense Darcy Ribeiro\",\"isPartOf\":{\"@id\":\"https:\/\/portal1.uenf.br\/portal\/#website\"},\"primaryImageOfPage\":{\"@id\":\"https:\/\/portal1.uenf.br\/portal\/noticias\/vii-forum-discente-de-sociologia-politica-dias-7-e-8-de-dezembro-no-cch\/#primaryimage\"},\"image\":{\"@id\":\"https:\/\/portal1.uenf.br\/portal\/noticias\/vii-forum-discente-de-sociologia-politica-dias-7-e-8-de-dezembro-no-cch\/#primaryimage\"},\"thumbnailUrl\":\"https:\/\/uenf.br\/portal\/wp-content\/uploads\/2022\/11\/Arte-VII-FDSP-CCH-UENF-1024x410.png\",\"datePublished\":\"2022-11-30T18:11:22+00:00\",\"breadcrumb\":{\"@id\":\"https:\/\/portal1.uenf.br\/portal\/noticias\/vii-forum-discente-de-sociologia-politica-dias-7-e-8-de-dezembro-no-cch\/#breadcrumb\"},\"inLanguage\":\"pt-BR\",\"potentialAction\":[{\"@type\":\"ReadAction\",\"target\":[\"https:\/\/portal1.uenf.br\/portal\/noticias\/vii-forum-discente-de-sociologia-politica-dias-7-e-8-de-dezembro-no-cch\/\"]}]},{\"@type\":\"ImageObject\",\"inLanguage\":\"pt-BR\",\"@id\":\"https:\/\/portal1.uenf.br\/portal\/noticias\/vii-forum-discente-de-sociologia-politica-dias-7-e-8-de-dezembro-no-cch\/#primaryimage\",\"url\":\"https:\/\/uenf.br\/portal\/wp-content\/uploads\/2022\/11\/Arte-VII-FDSP-CCH-UENF-1024x410.png\",\"contentUrl\":\"https:\/\/uenf.br\/portal\/wp-content\/uploads\/2022\/11\/Arte-VII-FDSP-CCH-UENF-1024x410.png\"},{\"@type\":\"BreadcrumbList\",\"@id\":\"https:\/\/portal1.uenf.br\/portal\/noticias\/vii-forum-discente-de-sociologia-politica-dias-7-e-8-de-dezembro-no-cch\/#breadcrumb\",\"itemListElement\":[{\"@type\":\"ListItem\",\"position\":1,\"name\":\"In\u00edcio\",\"item\":\"https:\/\/portal1.uenf.br\/portal\/\"},{\"@type\":\"ListItem\",\"position\":2,\"name\":\"VII F\u00f3rum Discente de Sociologia Pol\u00edtica dias 7 e 8\/12\"}]},{\"@type\":\"WebSite\",\"@id\":\"https:\/\/portal1.uenf.br\/portal\/#website\",\"url\":\"https:\/\/portal1.uenf.br\/portal\/\",\"name\":\"UENF - Universidade Estadual do Norte Fluminense Darcy Ribeiro\",\"description\":\"\",\"publisher\":{\"@id\":\"https:\/\/portal1.uenf.br\/portal\/#organization\"},\"potentialAction\":[{\"@type\":\"SearchAction\",\"target\":{\"@type\":\"EntryPoint\",\"urlTemplate\":\"https:\/\/portal1.uenf.br\/portal\/?s={search_term_string}\"},\"query-input\":{\"@type\":\"PropertyValueSpecification\",\"valueRequired\":true,\"valueName\":\"search_term_string\"}}],\"inLanguage\":\"pt-BR\"},{\"@type\":\"Organization\",\"@id\":\"https:\/\/portal1.uenf.br\/portal\/#organization\",\"name\":\"UENF - Universidade Estadual do Norte Fluminense Darcy Ribeiro\",\"url\":\"https:\/\/portal1.uenf.br\/portal\/\",\"logo\":{\"@type\":\"ImageObject\",\"inLanguage\":\"pt-BR\",\"@id\":\"https:\/\/portal1.uenf.br\/portal\/#\/schema\/logo\/image\/\",\"url\":\"https:\/\/portal1.uenf.br\/portal\/wp-content\/uploads\/2018\/06\/logo-uenf-invertido-1.png\",\"contentUrl\":\"https:\/\/portal1.uenf.br\/portal\/wp-content\/uploads\/2018\/06\/logo-uenf-invertido-1.png\",\"width\":482,\"height\":83,\"caption\":\"UENF - Universidade Estadual do Norte Fluminense Darcy Ribeiro\"},\"image\":{\"@id\":\"https:\/\/portal1.uenf.br\/portal\/#\/schema\/logo\/image\/\"}},{\"@type\":\"Person\",\"@id\":\"https:\/\/portal1.uenf.br\/portal\/#\/schema\/person\/068abbf03b6f8478c845bc8ded9270c7\",\"name\":\"admin\",\"image\":{\"@type\":\"ImageObject\",\"inLanguage\":\"pt-BR\",\"@id\":\"https:\/\/portal1.uenf.br\/portal\/#\/schema\/person\/image\/\",\"url\":\"https:\/\/secure.gravatar.com\/avatar\/e5ecf9e4fae0742f4b136f518195bafa7b2d3f7c709f4bdc6707588ef68a6e25?s=96&d=mm&r=g\",\"contentUrl\":\"https:\/\/secure.gravatar.com\/avatar\/e5ecf9e4fae0742f4b136f518195bafa7b2d3f7c709f4bdc6707588ef68a6e25?s=96&d=mm&r=g\",\"caption\":\"admin\"},\"sameAs\":[\"https:\/\/portal1.uenf.br\/portal\"],\"url\":\"https:\/\/portal1.uenf.br\/portal\/author\/edson\/\"}]}<\/script>\n<!-- \/ Yoast SEO plugin. -->","yoast_head_json":{"title":"VII F\u00f3rum Discente de Sociologia Pol\u00edtica dias 7 e 8\/12 - UENF - Universidade Estadual do Norte Fluminense Darcy Ribeiro","robots":{"index":"noindex","follow":"follow","max-snippet":"max-snippet:-1","max-image-preview":"max-image-preview:large","max-video-preview":"max-video-preview:-1"},"og_locale":"pt_BR","og_type":"article","og_title":"VII F\u00f3rum Discente de Sociologia Pol\u00edtica dias 7 e 8\/12 - UENF - Universidade Estadual do Norte Fluminense Darcy Ribeiro","og_description":"O Programa e P\u00f3s-Gradua\u00e7\u00e3o em Sociologia Pol\u00edtica (PPGSP) da Universidade Estadual do Norte Fluminense Darcy Ribeiro (UENF) realiza nos dias 7 e 8 de dezembro de 2022 o VII F\u00f3rum Discente de Sociologia Pol\u00edtica (FDSP) no Centro de Ci\u00eancias do Homem (CCH) da UENF. O evento acad\u00eamico tem como tema central \u201cBrasil: Dimens\u00f5es da Independ\u00eancia [&hellip;]","og_url":"https:\/\/portal1.uenf.br\/portal\/noticias\/vii-forum-discente-de-sociologia-politica-dias-7-e-8-de-dezembro-no-cch\/","og_site_name":"UENF - Universidade Estadual do Norte Fluminense Darcy Ribeiro","article_published_time":"2022-11-30T18:11:22+00:00","og_image":[{"url":"https:\/\/uenf.br\/portal\/wp-content\/uploads\/2022\/11\/Arte-VII-FDSP-CCH-UENF-1024x410.png","type":"","width":"","height":""}],"author":"admin","twitter_card":"summary_large_image","twitter_misc":{"Escrito por":"admin","Est. tempo de leitura":"2 minutos"},"schema":{"@context":"https:\/\/schema.org","@graph":[{"@type":"Article","@id":"https:\/\/portal1.uenf.br\/portal\/noticias\/vii-forum-discente-de-sociologia-politica-dias-7-e-8-de-dezembro-no-cch\/#article","isPartOf":{"@id":"https:\/\/portal1.uenf.br\/portal\/noticias\/vii-forum-discente-de-sociologia-politica-dias-7-e-8-de-dezembro-no-cch\/"},"author":{"name":"admin","@id":"https:\/\/portal1.uenf.br\/portal\/#\/schema\/person\/068abbf03b6f8478c845bc8ded9270c7"},"headline":"VII F\u00f3rum Discente de Sociologia Pol\u00edtica dias 7 e 8\/12","datePublished":"2022-11-30T18:11:22+00:00","mainEntityOfPage":{"@id":"https:\/\/portal1.uenf.br\/portal\/noticias\/vii-forum-discente-de-sociologia-politica-dias-7-e-8-de-dezembro-no-cch\/"},"wordCount":456,"publisher":{"@id":"https:\/\/portal1.uenf.br\/portal\/#organization"},"image":{"@id":"https:\/\/portal1.uenf.br\/portal\/noticias\/vii-forum-discente-de-sociologia-politica-dias-7-e-8-de-dezembro-no-cch\/#primaryimage"},"thumbnailUrl":"https:\/\/uenf.br\/portal\/wp-content\/uploads\/2022\/11\/Arte-VII-FDSP-CCH-UENF-1024x410.png","articleSection":["Not\u00edcias"],"inLanguage":"pt-BR"},{"@type":"WebPage","@id":"https:\/\/portal1.uenf.br\/portal\/noticias\/vii-forum-discente-de-sociologia-politica-dias-7-e-8-de-dezembro-no-cch\/","url":"https:\/\/portal1.uenf.br\/portal\/noticias\/vii-forum-discente-de-sociologia-politica-dias-7-e-8-de-dezembro-no-cch\/","name":"VII F\u00f3rum Discente de Sociologia Pol\u00edtica dias 7 e 8\/12 - UENF - Universidade Estadual do Norte Fluminense Darcy Ribeiro","isPartOf":{"@id":"https:\/\/portal1.uenf.br\/portal\/#website"},"primaryImageOfPage":{"@id":"https:\/\/portal1.uenf.br\/portal\/noticias\/vii-forum-discente-de-sociologia-politica-dias-7-e-8-de-dezembro-no-cch\/#primaryimage"},"image":{"@id":"https:\/\/portal1.uenf.br\/portal\/noticias\/vii-forum-discente-de-sociologia-politica-dias-7-e-8-de-dezembro-no-cch\/#primaryimage"},"thumbnailUrl":"https:\/\/uenf.br\/portal\/wp-content\/uploads\/2022\/11\/Arte-VII-FDSP-CCH-UENF-1024x410.png","datePublished":"2022-11-30T18:11:22+00:00","breadcrumb":{"@id":"https:\/\/portal1.uenf.br\/portal\/noticias\/vii-forum-discente-de-sociologia-politica-dias-7-e-8-de-dezembro-no-cch\/#breadcrumb"},"inLanguage":"pt-BR","potentialAction":[{"@type":"ReadAction","target":["https:\/\/portal1.uenf.br\/portal\/noticias\/vii-forum-discente-de-sociologia-politica-dias-7-e-8-de-dezembro-no-cch\/"]}]},{"@type":"ImageObject","inLanguage":"pt-BR","@id":"https:\/\/portal1.uenf.br\/portal\/noticias\/vii-forum-discente-de-sociologia-politica-dias-7-e-8-de-dezembro-no-cch\/#primaryimage","url":"https:\/\/uenf.br\/portal\/wp-content\/uploads\/2022\/11\/Arte-VII-FDSP-CCH-UENF-1024x410.png","contentUrl":"https:\/\/uenf.br\/portal\/wp-content\/uploads\/2022\/11\/Arte-VII-FDSP-CCH-UENF-1024x410.png"},{"@type":"BreadcrumbList","@id":"https:\/\/portal1.uenf.br\/portal\/noticias\/vii-forum-discente-de-sociologia-politica-dias-7-e-8-de-dezembro-no-cch\/#breadcrumb","itemListElement":[{"@type":"ListItem","position":1,"name":"In\u00edcio","item":"https:\/\/portal1.uenf.br\/portal\/"},{"@type":"ListItem","position":2,"name":"VII F\u00f3rum Discente de Sociologia Pol\u00edtica dias 7 e 8\/12"}]},{"@type":"WebSite","@id":"https:\/\/portal1.uenf.br\/portal\/#website","url":"https:\/\/portal1.uenf.br\/portal\/","name":"UENF - Universidade Estadual do Norte Fluminense Darcy Ribeiro","description":"","publisher":{"@id":"https:\/\/portal1.uenf.br\/portal\/#organization"},"potentialAction":[{"@type":"SearchAction","target":{"@type":"EntryPoint","urlTemplate":"https:\/\/portal1.uenf.br\/portal\/?s={search_term_string}"},"query-input":{"@type":"PropertyValueSpecification","valueRequired":true,"valueName":"search_term_string"}}],"inLanguage":"pt-BR"},{"@type":"Organization","@id":"https:\/\/portal1.uenf.br\/portal\/#organization","name":"UENF - Universidade Estadual do Norte Fluminense Darcy Ribeiro","url":"https:\/\/portal1.uenf.br\/portal\/","logo":{"@type":"ImageObject","inLanguage":"pt-BR","@id":"https:\/\/portal1.uenf.br\/portal\/#\/schema\/logo\/image\/","url":"https:\/\/portal1.uenf.br\/portal\/wp-content\/uploads\/2018\/06\/logo-uenf-invertido-1.png","contentUrl":"https:\/\/portal1.uenf.br\/portal\/wp-content\/uploads\/2018\/06\/logo-uenf-invertido-1.png","width":482,"height":83,"caption":"UENF - Universidade Estadual do Norte Fluminense Darcy Ribeiro"},"image":{"@id":"https:\/\/portal1.uenf.br\/portal\/#\/schema\/logo\/image\/"}},{"@type":"Person","@id":"https:\/\/portal1.uenf.br\/portal\/#\/schema\/person\/068abbf03b6f8478c845bc8ded9270c7","name":"admin","image":{"@type":"ImageObject","inLanguage":"pt-BR","@id":"https:\/\/portal1.uenf.br\/portal\/#\/schema\/person\/image\/","url":"https:\/\/secure.gravatar.com\/avatar\/e5ecf9e4fae0742f4b136f518195bafa7b2d3f7c709f4bdc6707588ef68a6e25?s=96&d=mm&r=g","contentUrl":"https:\/\/secure.gravatar.com\/avatar\/e5ecf9e4fae0742f4b136f518195bafa7b2d3f7c709f4bdc6707588ef68a6e25?s=96&d=mm&r=g","caption":"admin"},"sameAs":["https:\/\/portal1.uenf.br\/portal"],"url":"https:\/\/portal1.uenf.br\/portal\/author\/edson\/"}]}},"_links":{"self":[{"href":"https:\/\/portal1.uenf.br\/portal\/wp-json\/wp\/v2\/posts\/16914","targetHints":{"allow":["GET"]}}],"collection":[{"href":"https:\/\/portal1.uenf.br\/portal\/wp-json\/wp\/v2\/posts"}],"about":[{"href":"https:\/\/portal1.uenf.br\/portal\/wp-json\/wp\/v2\/types\/post"}],"author":[{"embeddable":true,"href":"https:\/\/portal1.uenf.br\/portal\/wp-json\/wp\/v2\/users\/1"}],"replies":[{"embeddable":true,"href":"https:\/\/portal1.uenf.br\/portal\/wp-json\/wp\/v2\/comments?post=16914"}],"version-history":[{"count":0,"href":"https:\/\/portal1.uenf.br\/portal\/wp-json\/wp\/v2\/posts\/16914\/revisions"}],"wp:attachment":[{"href":"https:\/\/portal1.uenf.br\/portal\/wp-json\/wp\/v2\/media?parent=16914"}],"wp:term":[{"taxonomy":"category","embeddable":true,"href":"https:\/\/portal1.uenf.br\/portal\/wp-json\/wp\/v2\/categories?post=16914"},{"taxonomy":"post_tag","embeddable":true,"href":"https:\/\/portal1.uenf.br\/portal\/wp-json\/wp\/v2\/tags?post=16914"}],"curies":[{"name":"wp","href":"https:\/\/api.w.org\/{rel}","templated":true}]}}