{"id":16911,"date":"2022-11-30T15:08:48","date_gmt":"2022-11-30T18:08:48","guid":{"rendered":"https:\/\/uenf.br\/portal\/?p=16911"},"modified":"2022-11-30T15:08:48","modified_gmt":"2022-11-30T18:08:48","slug":"presidente-da-capes-nomeia-os-coordenadores-das-49-areas-de-avaliacao","status":"publish","type":"post","link":"https:\/\/portal1.uenf.br\/portal\/informes-internos\/presidente-da-capes-nomeia-os-coordenadores-das-49-areas-de-avaliacao\/","title":{"rendered":"Presidente da CAPES nomeia os coordenadores das 49 \u00e1reas de avalia\u00e7\u00e3o"},"content":{"rendered":"\n<p>Cl\u00e1udia Queda de Toledo, presidente da CAPES, nomeou nesta segunda-feira, 28 de novembro, os coordenadores das 49 \u00e1reas de avalia\u00e7\u00e3o para o quadri\u00eanio 2021-2024. O processo eleitoral para a escolha das 49 coordena\u00e7\u00f5es foi pautado pelo crit\u00e9rio do n\u00famero de votos advindos da Academia, o que demarca a natureza democr\u00e1tica do procedimento de indica\u00e7\u00e3o dos novos e novas coordenadores e coordenadoras. A este crit\u00e9rio de escolha foram acrescidos aqueles estabelecidos na <a href=\"http:\/\/app10.iazn.net\/action\/cli\/2719\/47265\/24948045\/24763293\/138960\" target=\"_blank\" rel=\"noreferrer noopener\">Portaria 171\/2022<\/a> que determina a equidade de g\u00eanero, etnia e igualdade nas distribui\u00e7\u00e3o das regi\u00f5es do Pa\u00eds.<\/p>\n\n\n\n<p>A lista de professores e pesquisadores, cujos mandatos come\u00e7am em 10 de dezembro deste ano e seguem at\u00e9 15 de mar\u00e7o de 2026, consta na <a rel=\"noreferrer noopener\" href=\"http:\/\/app10.iazn.net\/action\/cli\/2719\/47265\/24948045\/24763293\/138961\" target=\"_blank\">Portaria n\u00ba 265\/2022<\/a>, publicada no Di\u00e1rio Oficial da Uni\u00e3o e no site da Funda\u00e7\u00e3o. O pr\u00f3ximo passo ser\u00e1 a indica\u00e7\u00e3o pelos novos coordenadores dos seus adjuntos e profissionais. &nbsp;<\/p>\n\n\n\n<p>Os coordenadores das \u00e1reas de avalia\u00e7\u00e3o s\u00e3o consultores respons\u00e1veis por coordenar, planejar e executar as atividades das \u00e1reas junto \u00e0 CAPES. Isso inclui, por exemplo, o trabalho relativo \u00e0 Avalia\u00e7\u00e3o Quadrienal, como o acompanhamento de grupos e comiss\u00f5es regulares, interlocu\u00e7\u00e3o com membros do Conselho T\u00e9cnico-Cient\u00edfico da Educa\u00e7\u00e3o Superior e fundamenta\u00e7\u00e3o e organiza\u00e7\u00e3o dos processos de avalia\u00e7\u00e3o das \u00e1reas.<\/p>\n\n\n\n<p>Os nomes indicados pela comunidade acad\u00eamico-cient\u00edfica passaram pelo crivo do Conselho Superior da CAPES, em reuni\u00e3o ocorrida no dia 28 de setembro deste ano. O colegiado elaborou listas tr\u00edplices baseadas nos crit\u00e9rios que legitimassem cada indicado, como ter reconhecida experi\u00eancia em ensino e orienta\u00e7\u00e3o de p\u00f3s-gradua\u00e7\u00e3o, pesquisa e inova\u00e7\u00e3o.<\/p>\n\n\n\n<p><strong>Conhe\u00e7a os coordenadores eleitos clicando <a href=\"http:\/\/app10.iazn.net\/action\/cli\/2719\/47265\/24948045\/24763293\/138962\" target=\"_blank\" rel=\"noreferrer noopener\">aqui<\/a><\/strong><\/p>\n\n\n\n<p>(Fonte: <em>CGCOM\/CAPES<\/em>)<\/p>\n","protected":false},"excerpt":{"rendered":"<p>Cl\u00e1udia Queda de Toledo, presidente da CAPES, nomeou nesta segunda-feira, 28 de novembro, os coordenadores das 49 \u00e1reas de avalia\u00e7\u00e3o para o quadri\u00eanio 2021-2024. O processo eleitoral para a escolha das 49 coordena\u00e7\u00f5es foi pautado pelo crit\u00e9rio do n\u00famero de votos advindos da Academia, o que demarca a natureza democr\u00e1tica do procedimento de indica\u00e7\u00e3o dos [&hellip;]<\/p>\n","protected":false},"author":1,"featured_media":0,"comment_status":"closed","ping_status":"closed","sticky":false,"template":"","format":"standard","meta":{"_eb_attr":"","ocean_post_layout":"","ocean_both_sidebars_style":"","ocean_both_sidebars_content_width":0,"ocean_both_sidebars_sidebars_width":0,"ocean_sidebar":"","ocean_second_sidebar":"","ocean_disable_margins":"enable","ocean_add_body_class":"","ocean_shortcode_before_top_bar":"","ocean_shortcode_after_top_bar":"","ocean_shortcode_before_header":"","ocean_shortcode_after_header":"","ocean_has_shortcode":"","ocean_shortcode_after_title":"","ocean_shortcode_before_footer_widgets":"","ocean_shortcode_after_footer_widgets":"","ocean_shortcode_before_footer_bottom":"","ocean_shortcode_after_footer_bottom":"","ocean_display_top_bar":"default","ocean_display_header":"default","ocean_header_style":"","ocean_center_header_left_menu":"","ocean_custom_header_template":"","ocean_custom_logo":0,"ocean_custom_retina_logo":0,"ocean_custom_logo_max_width":0,"ocean_custom_logo_tablet_max_width":0,"ocean_custom_logo_mobile_max_width":0,"ocean_custom_logo_max_height":0,"ocean_custom_logo_tablet_max_height":0,"ocean_custom_logo_mobile_max_height":0,"ocean_header_custom_menu":"","ocean_menu_typo_font_family":"","ocean_menu_typo_font_subset":"","ocean_menu_typo_font_size":0,"ocean_menu_typo_font_size_tablet":0,"ocean_menu_typo_font_size_mobile":0,"ocean_menu_typo_font_size_unit":"px","ocean_menu_typo_font_weight":"","ocean_menu_typo_font_weight_tablet":"","ocean_menu_typo_font_weight_mobile":"","ocean_menu_typo_transform":"","ocean_menu_typo_transform_tablet":"","ocean_menu_typo_transform_mobile":"","ocean_menu_typo_line_height":0,"ocean_menu_typo_line_height_tablet":0,"ocean_menu_typo_line_height_mobile":0,"ocean_menu_typo_line_height_unit":"","ocean_menu_typo_spacing":0,"ocean_menu_typo_spacing_tablet":0,"ocean_menu_typo_spacing_mobile":0,"ocean_menu_typo_spacing_unit":"","ocean_menu_link_color":"","ocean_menu_link_color_hover":"","ocean_menu_link_color_active":"","ocean_menu_link_background":"","ocean_menu_link_hover_background":"","ocean_menu_link_active_background":"","ocean_menu_social_links_bg":"","ocean_menu_social_hover_links_bg":"","ocean_menu_social_links_color":"","ocean_menu_social_hover_links_color":"","ocean_disable_title":"default","ocean_disable_heading":"default","ocean_post_title":"","ocean_post_subheading":"","ocean_post_title_style":"","ocean_post_title_background_color":"","ocean_post_title_background":0,"ocean_post_title_bg_image_position":"","ocean_post_title_bg_image_attachment":"","ocean_post_title_bg_image_repeat":"","ocean_post_title_bg_image_size":"","ocean_post_title_height":0,"ocean_post_title_bg_overlay":0.5,"ocean_post_title_bg_overlay_color":"","ocean_disable_breadcrumbs":"default","ocean_breadcrumbs_color":"","ocean_breadcrumbs_separator_color":"","ocean_breadcrumbs_links_color":"","ocean_breadcrumbs_links_hover_color":"","ocean_display_footer_widgets":"default","ocean_display_footer_bottom":"default","ocean_custom_footer_template":"","ocean_post_oembed":"","ocean_post_self_hosted_media":"","ocean_post_video_embed":"","ocean_link_format":"","ocean_link_format_target":"self","ocean_quote_format":"","ocean_quote_format_link":"post","ocean_gallery_link_images":"off","ocean_gallery_id":[],"footnotes":""},"categories":[7],"tags":[],"class_list":["post-16911","post","type-post","status-publish","format-standard","hentry","category-informes-internos","entry"],"yoast_head":"<!-- This site is optimized with the Yoast SEO plugin v26.5 - https:\/\/yoast.com\/wordpress\/plugins\/seo\/ -->\n<title>Presidente da CAPES nomeia os coordenadores das 49 \u00e1reas de avalia\u00e7\u00e3o - UENF - Universidade Estadual do Norte Fluminense Darcy Ribeiro<\/title>\n<meta name=\"robots\" content=\"noindex, follow, max-snippet:-1, max-image-preview:large, max-video-preview:-1\" \/>\n<meta property=\"og:locale\" content=\"pt_BR\" \/>\n<meta property=\"og:type\" content=\"article\" \/>\n<meta property=\"og:title\" content=\"Presidente da CAPES nomeia os coordenadores das 49 \u00e1reas de avalia\u00e7\u00e3o - UENF - Universidade Estadual do Norte Fluminense Darcy Ribeiro\" \/>\n<meta property=\"og:description\" content=\"Cl\u00e1udia Queda de Toledo, presidente da CAPES, nomeou nesta segunda-feira, 28 de novembro, os coordenadores das 49 \u00e1reas de avalia\u00e7\u00e3o para o quadri\u00eanio 2021-2024. O processo eleitoral para a escolha das 49 coordena\u00e7\u00f5es foi pautado pelo crit\u00e9rio do n\u00famero de votos advindos da Academia, o que demarca a natureza democr\u00e1tica do procedimento de indica\u00e7\u00e3o dos [&hellip;]\" \/>\n<meta property=\"og:url\" content=\"https:\/\/portal1.uenf.br\/portal\/informes-internos\/presidente-da-capes-nomeia-os-coordenadores-das-49-areas-de-avaliacao\/\" \/>\n<meta property=\"og:site_name\" content=\"UENF - Universidade Estadual do Norte Fluminense Darcy Ribeiro\" \/>\n<meta property=\"article:published_time\" content=\"2022-11-30T18:08:48+00:00\" \/>\n<meta name=\"author\" content=\"admin\" \/>\n<meta name=\"twitter:card\" content=\"summary_large_image\" \/>\n<meta name=\"twitter:label1\" content=\"Escrito por\" \/>\n\t<meta name=\"twitter:data1\" content=\"admin\" \/>\n\t<meta name=\"twitter:label2\" content=\"Est. tempo de leitura\" \/>\n\t<meta name=\"twitter:data2\" content=\"1 minuto\" \/>\n<script type=\"application\/ld+json\" class=\"yoast-schema-graph\">{\"@context\":\"https:\/\/schema.org\",\"@graph\":[{\"@type\":\"Article\",\"@id\":\"https:\/\/portal1.uenf.br\/portal\/informes-internos\/presidente-da-capes-nomeia-os-coordenadores-das-49-areas-de-avaliacao\/#article\",\"isPartOf\":{\"@id\":\"https:\/\/portal1.uenf.br\/portal\/informes-internos\/presidente-da-capes-nomeia-os-coordenadores-das-49-areas-de-avaliacao\/\"},\"author\":{\"name\":\"admin\",\"@id\":\"https:\/\/portal1.uenf.br\/portal\/#\/schema\/person\/068abbf03b6f8478c845bc8ded9270c7\"},\"headline\":\"Presidente da CAPES nomeia os coordenadores das 49 \u00e1reas de avalia\u00e7\u00e3o\",\"datePublished\":\"2022-11-30T18:08:48+00:00\",\"mainEntityOfPage\":{\"@id\":\"https:\/\/portal1.uenf.br\/portal\/informes-internos\/presidente-da-capes-nomeia-os-coordenadores-das-49-areas-de-avaliacao\/\"},\"wordCount\":301,\"publisher\":{\"@id\":\"https:\/\/portal1.uenf.br\/portal\/#organization\"},\"articleSection\":[\"informes internos\"],\"inLanguage\":\"pt-BR\"},{\"@type\":\"WebPage\",\"@id\":\"https:\/\/portal1.uenf.br\/portal\/informes-internos\/presidente-da-capes-nomeia-os-coordenadores-das-49-areas-de-avaliacao\/\",\"url\":\"https:\/\/portal1.uenf.br\/portal\/informes-internos\/presidente-da-capes-nomeia-os-coordenadores-das-49-areas-de-avaliacao\/\",\"name\":\"Presidente da CAPES nomeia os coordenadores das 49 \u00e1reas de avalia\u00e7\u00e3o - UENF - Universidade Estadual do Norte Fluminense Darcy Ribeiro\",\"isPartOf\":{\"@id\":\"https:\/\/portal1.uenf.br\/portal\/#website\"},\"datePublished\":\"2022-11-30T18:08:48+00:00\",\"breadcrumb\":{\"@id\":\"https:\/\/portal1.uenf.br\/portal\/informes-internos\/presidente-da-capes-nomeia-os-coordenadores-das-49-areas-de-avaliacao\/#breadcrumb\"},\"inLanguage\":\"pt-BR\",\"potentialAction\":[{\"@type\":\"ReadAction\",\"target\":[\"https:\/\/portal1.uenf.br\/portal\/informes-internos\/presidente-da-capes-nomeia-os-coordenadores-das-49-areas-de-avaliacao\/\"]}]},{\"@type\":\"BreadcrumbList\",\"@id\":\"https:\/\/portal1.uenf.br\/portal\/informes-internos\/presidente-da-capes-nomeia-os-coordenadores-das-49-areas-de-avaliacao\/#breadcrumb\",\"itemListElement\":[{\"@type\":\"ListItem\",\"position\":1,\"name\":\"In\u00edcio\",\"item\":\"https:\/\/portal1.uenf.br\/portal\/\"},{\"@type\":\"ListItem\",\"position\":2,\"name\":\"Presidente da CAPES nomeia os coordenadores das 49 \u00e1reas de avalia\u00e7\u00e3o\"}]},{\"@type\":\"WebSite\",\"@id\":\"https:\/\/portal1.uenf.br\/portal\/#website\",\"url\":\"https:\/\/portal1.uenf.br\/portal\/\",\"name\":\"UENF - Universidade Estadual do Norte Fluminense Darcy Ribeiro\",\"description\":\"\",\"publisher\":{\"@id\":\"https:\/\/portal1.uenf.br\/portal\/#organization\"},\"potentialAction\":[{\"@type\":\"SearchAction\",\"target\":{\"@type\":\"EntryPoint\",\"urlTemplate\":\"https:\/\/portal1.uenf.br\/portal\/?s={search_term_string}\"},\"query-input\":{\"@type\":\"PropertyValueSpecification\",\"valueRequired\":true,\"valueName\":\"search_term_string\"}}],\"inLanguage\":\"pt-BR\"},{\"@type\":\"Organization\",\"@id\":\"https:\/\/portal1.uenf.br\/portal\/#organization\",\"name\":\"UENF - Universidade Estadual do Norte Fluminense Darcy Ribeiro\",\"url\":\"https:\/\/portal1.uenf.br\/portal\/\",\"logo\":{\"@type\":\"ImageObject\",\"inLanguage\":\"pt-BR\",\"@id\":\"https:\/\/portal1.uenf.br\/portal\/#\/schema\/logo\/image\/\",\"url\":\"https:\/\/portal1.uenf.br\/portal\/wp-content\/uploads\/2018\/06\/logo-uenf-invertido-1.png\",\"contentUrl\":\"https:\/\/portal1.uenf.br\/portal\/wp-content\/uploads\/2018\/06\/logo-uenf-invertido-1.png\",\"width\":482,\"height\":83,\"caption\":\"UENF - Universidade Estadual do Norte Fluminense Darcy Ribeiro\"},\"image\":{\"@id\":\"https:\/\/portal1.uenf.br\/portal\/#\/schema\/logo\/image\/\"}},{\"@type\":\"Person\",\"@id\":\"https:\/\/portal1.uenf.br\/portal\/#\/schema\/person\/068abbf03b6f8478c845bc8ded9270c7\",\"name\":\"admin\",\"image\":{\"@type\":\"ImageObject\",\"inLanguage\":\"pt-BR\",\"@id\":\"https:\/\/portal1.uenf.br\/portal\/#\/schema\/person\/image\/\",\"url\":\"https:\/\/secure.gravatar.com\/avatar\/e5ecf9e4fae0742f4b136f518195bafa7b2d3f7c709f4bdc6707588ef68a6e25?s=96&d=mm&r=g\",\"contentUrl\":\"https:\/\/secure.gravatar.com\/avatar\/e5ecf9e4fae0742f4b136f518195bafa7b2d3f7c709f4bdc6707588ef68a6e25?s=96&d=mm&r=g\",\"caption\":\"admin\"},\"sameAs\":[\"https:\/\/portal1.uenf.br\/portal\"],\"url\":\"https:\/\/portal1.uenf.br\/portal\/author\/edson\/\"}]}<\/script>\n<!-- \/ Yoast SEO plugin. -->","yoast_head_json":{"title":"Presidente da CAPES nomeia os coordenadores das 49 \u00e1reas de avalia\u00e7\u00e3o - UENF - Universidade Estadual do Norte Fluminense Darcy Ribeiro","robots":{"index":"noindex","follow":"follow","max-snippet":"max-snippet:-1","max-image-preview":"max-image-preview:large","max-video-preview":"max-video-preview:-1"},"og_locale":"pt_BR","og_type":"article","og_title":"Presidente da CAPES nomeia os coordenadores das 49 \u00e1reas de avalia\u00e7\u00e3o - UENF - Universidade Estadual do Norte Fluminense Darcy Ribeiro","og_description":"Cl\u00e1udia Queda de Toledo, presidente da CAPES, nomeou nesta segunda-feira, 28 de novembro, os coordenadores das 49 \u00e1reas de avalia\u00e7\u00e3o para o quadri\u00eanio 2021-2024. O processo eleitoral para a escolha das 49 coordena\u00e7\u00f5es foi pautado pelo crit\u00e9rio do n\u00famero de votos advindos da Academia, o que demarca a natureza democr\u00e1tica do procedimento de indica\u00e7\u00e3o dos [&hellip;]","og_url":"https:\/\/portal1.uenf.br\/portal\/informes-internos\/presidente-da-capes-nomeia-os-coordenadores-das-49-areas-de-avaliacao\/","og_site_name":"UENF - Universidade Estadual do Norte Fluminense Darcy Ribeiro","article_published_time":"2022-11-30T18:08:48+00:00","author":"admin","twitter_card":"summary_large_image","twitter_misc":{"Escrito por":"admin","Est. tempo de leitura":"1 minuto"},"schema":{"@context":"https:\/\/schema.org","@graph":[{"@type":"Article","@id":"https:\/\/portal1.uenf.br\/portal\/informes-internos\/presidente-da-capes-nomeia-os-coordenadores-das-49-areas-de-avaliacao\/#article","isPartOf":{"@id":"https:\/\/portal1.uenf.br\/portal\/informes-internos\/presidente-da-capes-nomeia-os-coordenadores-das-49-areas-de-avaliacao\/"},"author":{"name":"admin","@id":"https:\/\/portal1.uenf.br\/portal\/#\/schema\/person\/068abbf03b6f8478c845bc8ded9270c7"},"headline":"Presidente da CAPES nomeia os coordenadores das 49 \u00e1reas de avalia\u00e7\u00e3o","datePublished":"2022-11-30T18:08:48+00:00","mainEntityOfPage":{"@id":"https:\/\/portal1.uenf.br\/portal\/informes-internos\/presidente-da-capes-nomeia-os-coordenadores-das-49-areas-de-avaliacao\/"},"wordCount":301,"publisher":{"@id":"https:\/\/portal1.uenf.br\/portal\/#organization"},"articleSection":["informes internos"],"inLanguage":"pt-BR"},{"@type":"WebPage","@id":"https:\/\/portal1.uenf.br\/portal\/informes-internos\/presidente-da-capes-nomeia-os-coordenadores-das-49-areas-de-avaliacao\/","url":"https:\/\/portal1.uenf.br\/portal\/informes-internos\/presidente-da-capes-nomeia-os-coordenadores-das-49-areas-de-avaliacao\/","name":"Presidente da CAPES nomeia os coordenadores das 49 \u00e1reas de avalia\u00e7\u00e3o - UENF - Universidade Estadual do Norte Fluminense Darcy Ribeiro","isPartOf":{"@id":"https:\/\/portal1.uenf.br\/portal\/#website"},"datePublished":"2022-11-30T18:08:48+00:00","breadcrumb":{"@id":"https:\/\/portal1.uenf.br\/portal\/informes-internos\/presidente-da-capes-nomeia-os-coordenadores-das-49-areas-de-avaliacao\/#breadcrumb"},"inLanguage":"pt-BR","potentialAction":[{"@type":"ReadAction","target":["https:\/\/portal1.uenf.br\/portal\/informes-internos\/presidente-da-capes-nomeia-os-coordenadores-das-49-areas-de-avaliacao\/"]}]},{"@type":"BreadcrumbList","@id":"https:\/\/portal1.uenf.br\/portal\/informes-internos\/presidente-da-capes-nomeia-os-coordenadores-das-49-areas-de-avaliacao\/#breadcrumb","itemListElement":[{"@type":"ListItem","position":1,"name":"In\u00edcio","item":"https:\/\/portal1.uenf.br\/portal\/"},{"@type":"ListItem","position":2,"name":"Presidente da CAPES nomeia os coordenadores das 49 \u00e1reas de avalia\u00e7\u00e3o"}]},{"@type":"WebSite","@id":"https:\/\/portal1.uenf.br\/portal\/#website","url":"https:\/\/portal1.uenf.br\/portal\/","name":"UENF - Universidade Estadual do Norte Fluminense Darcy Ribeiro","description":"","publisher":{"@id":"https:\/\/portal1.uenf.br\/portal\/#organization"},"potentialAction":[{"@type":"SearchAction","target":{"@type":"EntryPoint","urlTemplate":"https:\/\/portal1.uenf.br\/portal\/?s={search_term_string}"},"query-input":{"@type":"PropertyValueSpecification","valueRequired":true,"valueName":"search_term_string"}}],"inLanguage":"pt-BR"},{"@type":"Organization","@id":"https:\/\/portal1.uenf.br\/portal\/#organization","name":"UENF - Universidade Estadual do Norte Fluminense Darcy Ribeiro","url":"https:\/\/portal1.uenf.br\/portal\/","logo":{"@type":"ImageObject","inLanguage":"pt-BR","@id":"https:\/\/portal1.uenf.br\/portal\/#\/schema\/logo\/image\/","url":"https:\/\/portal1.uenf.br\/portal\/wp-content\/uploads\/2018\/06\/logo-uenf-invertido-1.png","contentUrl":"https:\/\/portal1.uenf.br\/portal\/wp-content\/uploads\/2018\/06\/logo-uenf-invertido-1.png","width":482,"height":83,"caption":"UENF - Universidade Estadual do Norte Fluminense Darcy Ribeiro"},"image":{"@id":"https:\/\/portal1.uenf.br\/portal\/#\/schema\/logo\/image\/"}},{"@type":"Person","@id":"https:\/\/portal1.uenf.br\/portal\/#\/schema\/person\/068abbf03b6f8478c845bc8ded9270c7","name":"admin","image":{"@type":"ImageObject","inLanguage":"pt-BR","@id":"https:\/\/portal1.uenf.br\/portal\/#\/schema\/person\/image\/","url":"https:\/\/secure.gravatar.com\/avatar\/e5ecf9e4fae0742f4b136f518195bafa7b2d3f7c709f4bdc6707588ef68a6e25?s=96&d=mm&r=g","contentUrl":"https:\/\/secure.gravatar.com\/avatar\/e5ecf9e4fae0742f4b136f518195bafa7b2d3f7c709f4bdc6707588ef68a6e25?s=96&d=mm&r=g","caption":"admin"},"sameAs":["https:\/\/portal1.uenf.br\/portal"],"url":"https:\/\/portal1.uenf.br\/portal\/author\/edson\/"}]}},"_links":{"self":[{"href":"https:\/\/portal1.uenf.br\/portal\/wp-json\/wp\/v2\/posts\/16911","targetHints":{"allow":["GET"]}}],"collection":[{"href":"https:\/\/portal1.uenf.br\/portal\/wp-json\/wp\/v2\/posts"}],"about":[{"href":"https:\/\/portal1.uenf.br\/portal\/wp-json\/wp\/v2\/types\/post"}],"author":[{"embeddable":true,"href":"https:\/\/portal1.uenf.br\/portal\/wp-json\/wp\/v2\/users\/1"}],"replies":[{"embeddable":true,"href":"https:\/\/portal1.uenf.br\/portal\/wp-json\/wp\/v2\/comments?post=16911"}],"version-history":[{"count":0,"href":"https:\/\/portal1.uenf.br\/portal\/wp-json\/wp\/v2\/posts\/16911\/revisions"}],"wp:attachment":[{"href":"https:\/\/portal1.uenf.br\/portal\/wp-json\/wp\/v2\/media?parent=16911"}],"wp:term":[{"taxonomy":"category","embeddable":true,"href":"https:\/\/portal1.uenf.br\/portal\/wp-json\/wp\/v2\/categories?post=16911"},{"taxonomy":"post_tag","embeddable":true,"href":"https:\/\/portal1.uenf.br\/portal\/wp-json\/wp\/v2\/tags?post=16911"}],"curies":[{"name":"wp","href":"https:\/\/api.w.org\/{rel}","templated":true}]}}