{"id":16853,"date":"2022-11-29T15:48:12","date_gmt":"2022-11-29T18:48:12","guid":{"rendered":"https:\/\/uenf.br\/portal\/?p=16853"},"modified":"2022-11-29T15:48:12","modified_gmt":"2022-11-29T18:48:12","slug":"pesquisador-visitante-da-uenf-e-referencia-na-area-de-melhoramento-de-plantas","status":"publish","type":"post","link":"https:\/\/portal1.uenf.br\/portal\/noticias\/pesquisador-visitante-da-uenf-e-referencia-na-area-de-melhoramento-de-plantas\/","title":{"rendered":"Pesquisador visitante da UENF \u00e9 refer\u00eancia na \u00e1rea de melhoramento de plantas"},"content":{"rendered":"<div class=\"wp-block-image\">\n<figure class=\"aligncenter size-large is-resized\"><img fetchpriority=\"high\" decoding=\"async\" src=\"https:\/\/uenf.br\/portal\/wp-content\/uploads\/2022\/11\/pesquisador2-1024x682.jpg\" alt=\"\" class=\"wp-image-16859\" width=\"627\" height=\"417\"\/><figcaption>Cosme Dami\u00e3o Cruz<\/figcaption><\/figure>\n<\/div>\n\n\n<p>O final de 2022 trouxe excelente not\u00edcia para a UENF, em especial para a \u00e1rea de melhoramento de plantas da institui\u00e7\u00e3o. Com o apoio da FAPERJ, a UENF passar\u00e1 a contar em seu quadro docente com a presen\u00e7a do professor Cosme Dami\u00e3o Cruz, na condi\u00e7\u00e3o de pesquisador visitante. Resultado do edital 08\/2022 &#8211; Pesquisador Visitante, essa iniciativa da FAPERJ visa propiciar condi\u00e7\u00f5es para pesquisadores de reconhecida excel\u00eancia, prioritariamente do exterior ou de outros estados, desenvolverem atividades de ensino e pesquisa em institui\u00e7\u00e3o sediada no estado do Rio de Janeiro. Nesta modalidade, em 2022, foram apenas 14 contemplados, destacando ainda mais a import\u00e2ncia da vinda do professor Cruz para a UENF.<\/p>\n\n\n\n<p>O professor Cruz, atualmente aposentado como titular pela Universidade Federal de Vi\u00e7osa, tem ampla experi\u00eancia na \u00e1rea de Gen\u00e9tica, com \u00eanfase em Biometria. \u00c9 autor dos aplicativos computacionais Genes, Gbol, Gqmol e Gdm, utilizados para an\u00e1lise e estudos biom\u00e9tricos e de gen\u00f4mica. \u00c9 autor de mais de 650 artigos cient\u00edficos tratando dos mais diversos temas envolvendo o uso da biometria e da gen\u00e9tica molecular no melhoramento vegetal. Tamb\u00e9m \u00e9 autor de v\u00e1rios livros, dentre eles Modelos Biom\u00e9tricos Aplicados ao Melhoramento Gen\u00e9tico, Estat\u00edstica Gen\u00f4mica, Introdu\u00e7\u00e3o \u00e0 Gen\u00e9tica Quantitativa, Fundamentos de Gen\u00e9tica, Biometria Aplicada ao Estudo da Diversidade Gen\u00e9tica, e Biometria Aplicada ao Melhoramento da soja, todos amplamente usados como livros-textos em cursos de gradua\u00e7\u00e3o e Programas de P\u00f3s-Gradua\u00e7\u00e3o.<\/p>\n\n\n<div class=\"wp-block-image\">\n<figure class=\"aligncenter size-large is-resized\"><img decoding=\"async\" src=\"https:\/\/uenf.br\/portal\/wp-content\/uploads\/2022\/11\/pesquisador1-1024x682.jpg\" alt=\"\" class=\"wp-image-16860\" width=\"664\" height=\"442\"\/><figcaption>Professores Cosme Dami\u00e3o, Rosana Rodrigues e Ant\u00f4nio Teixeira Amaral<\/figcaption><\/figure>\n<\/div>\n\n\n<p>Segundo o professor Alexandre Pio Viana, coordenador do Programa de P\u00f3s-Gradua\u00e7\u00e3o em Gen\u00e9tica e Melhoramento de Plantas, o professor Cosme \u00e9 um dos nomes mais respeitados nesta \u00e1rea em todo o Brasil. <\/p>\n\n\n\n<p>\u2014 Ele \u00e9 autor do <em>Software <\/em>GENES, um programa de an\u00e1lise biom\u00e9trica aplicado ao melhoramento de plantas, que desde seu lan\u00e7amento \u00e9 respons\u00e1vel pela elabora\u00e7\u00e3o de centenas de teses e disserta\u00e7\u00f5es no Brasil. O programa impactou na forma\u00e7\u00e3o de recursos humanos na nossa \u00e1rea a na condu\u00e7\u00e3o de programas de melhoramento de diversas esp\u00e9cies vegetais, tendo contribu\u00eddo efetivamente para o desenvolvimento econ\u00f4mico e social do pa\u00eds \u2014 afirmou.<\/p>\n\n\n\n<p>\u2014 A atua\u00e7\u00e3o do professor Cosme junto ao Laborat\u00f3rio de Melhoramento Gen\u00e9tico Vegetal \u00e9 uma oportunidade \u00edmpar de construir caminhos para a gera\u00e7\u00e3o de saberes acad\u00eamicos, via oferta de disciplinas e por meio da potencializa\u00e7\u00e3o de arranjos acad\u00eamicos. Em particular \u00e0 linha de atua\u00e7\u00e3o com a qual \u00e9 part\u00edcipe direto, representa a oportuniza\u00e7\u00e3o de novas conquistas em \u00e1rea fronteiri\u00e7a do conhecimento \u2014 disse o professor Antonio Teixeira do Amaral J\u00fanior, chefe do Laborat\u00f3rio de Melhoramento Gen\u00e9tico Vegetal (LMGV).<\/p>\n\n\n\n<p>Na opini\u00e3o da professora Rosana Rodrigues, vice-reitora da UENF, a chegada do professor Cruz na UENF &#8220;\u00e9 uma oportunidade \u00edmpar de promover o crescimento da \u00e1rea n\u00e3o s\u00f3 na p\u00f3s-gradua\u00e7\u00e3o, mas tamb\u00e9m na inicia\u00e7\u00e3o cient\u00edfica, pelo pr\u00f3prio perfil e experi\u00eancia do pesquisador, beneficiando toda a pesquisa em melhoramento de plantas&#8221;.<\/p>\n\n\n\n<p> \u2014 Al\u00e9m disso, h\u00e1 expectativa de contarmos tamb\u00e9m com toda a expertise do professor Cruz como gestor e indutor de pol\u00edticas institucionais, visto que ele atuou como pr\u00f3-reitor de Pesquisa e P\u00f3s-Gradua\u00e7\u00e3o, e coordenador de Programa de PG na Universidade Federal de Vi\u00e7osa. Antevemos muitas conversas prof\u00edcuas sobre os rumos da pesquisa e da p\u00f3s-gradua\u00e7\u00e3o no pa\u00eds \u2014 disse Rosana, que tamb\u00e9m que tamb\u00e9m \u00e9 docente permanente do Programa de Gen\u00e9tica e Melhoramento de Plantas.<\/p>\n\n\n<div class=\"wp-block-image\">\n<figure class=\"aligncenter size-large is-resized\"><img decoding=\"async\" src=\"https:\/\/uenf.br\/portal\/wp-content\/uploads\/2022\/11\/cosme-1024x682.jpg\" alt=\"\" class=\"wp-image-16863\" width=\"718\" height=\"478\"\/><figcaption>O reitor da UENF, Raul Palacio (\u00e0 direita) se reuniu com o professor Cosme (\u00e0 esquerda), a vice-reitora Rosana Rodrigues (\u00e0 esquerda), o professor Ant\u00f4nio Teixeira e a pr\u00f3-reitora de Assuntos Comunit\u00e1rios Cl\u00edcia Grativol<\/figcaption><\/figure>\n<\/div>\n\n\n<p><\/p>\n\n\n\n<p><\/p>\n","protected":false},"excerpt":{"rendered":"<p>O final de 2022 trouxe excelente not\u00edcia para a UENF, em especial para a \u00e1rea de melhoramento de plantas da institui\u00e7\u00e3o. Com o apoio da FAPERJ, a UENF passar\u00e1 a contar em seu quadro docente com a presen\u00e7a do professor Cosme Dami\u00e3o Cruz, na condi\u00e7\u00e3o de pesquisador visitante. Resultado do edital 08\/2022 &#8211; Pesquisador Visitante, [&hellip;]<\/p>\n","protected":false},"author":1,"featured_media":0,"comment_status":"closed","ping_status":"closed","sticky":false,"template":"","format":"standard","meta":{"_eb_attr":"","ocean_post_layout":"","ocean_both_sidebars_style":"","ocean_both_sidebars_content_width":0,"ocean_both_sidebars_sidebars_width":0,"ocean_sidebar":"","ocean_second_sidebar":"","ocean_disable_margins":"enable","ocean_add_body_class":"","ocean_shortcode_before_top_bar":"","ocean_shortcode_after_top_bar":"","ocean_shortcode_before_header":"","ocean_shortcode_after_header":"","ocean_has_shortcode":"","ocean_shortcode_after_title":"","ocean_shortcode_before_footer_widgets":"","ocean_shortcode_after_footer_widgets":"","ocean_shortcode_before_footer_bottom":"","ocean_shortcode_after_footer_bottom":"","ocean_display_top_bar":"default","ocean_display_header":"default","ocean_header_style":"","ocean_center_header_left_menu":"","ocean_custom_header_template":"","ocean_custom_logo":0,"ocean_custom_retina_logo":0,"ocean_custom_logo_max_width":0,"ocean_custom_logo_tablet_max_width":0,"ocean_custom_logo_mobile_max_width":0,"ocean_custom_logo_max_height":0,"ocean_custom_logo_tablet_max_height":0,"ocean_custom_logo_mobile_max_height":0,"ocean_header_custom_menu":"","ocean_menu_typo_font_family":"","ocean_menu_typo_font_subset":"","ocean_menu_typo_font_size":0,"ocean_menu_typo_font_size_tablet":0,"ocean_menu_typo_font_size_mobile":0,"ocean_menu_typo_font_size_unit":"px","ocean_menu_typo_font_weight":"","ocean_menu_typo_font_weight_tablet":"","ocean_menu_typo_font_weight_mobile":"","ocean_menu_typo_transform":"","ocean_menu_typo_transform_tablet":"","ocean_menu_typo_transform_mobile":"","ocean_menu_typo_line_height":0,"ocean_menu_typo_line_height_tablet":0,"ocean_menu_typo_line_height_mobile":0,"ocean_menu_typo_line_height_unit":"","ocean_menu_typo_spacing":0,"ocean_menu_typo_spacing_tablet":0,"ocean_menu_typo_spacing_mobile":0,"ocean_menu_typo_spacing_unit":"","ocean_menu_link_color":"","ocean_menu_link_color_hover":"","ocean_menu_link_color_active":"","ocean_menu_link_background":"","ocean_menu_link_hover_background":"","ocean_menu_link_active_background":"","ocean_menu_social_links_bg":"","ocean_menu_social_hover_links_bg":"","ocean_menu_social_links_color":"","ocean_menu_social_hover_links_color":"","ocean_disable_title":"default","ocean_disable_heading":"default","ocean_post_title":"","ocean_post_subheading":"","ocean_post_title_style":"","ocean_post_title_background_color":"","ocean_post_title_background":0,"ocean_post_title_bg_image_position":"","ocean_post_title_bg_image_attachment":"","ocean_post_title_bg_image_repeat":"","ocean_post_title_bg_image_size":"","ocean_post_title_height":0,"ocean_post_title_bg_overlay":0.5,"ocean_post_title_bg_overlay_color":"","ocean_disable_breadcrumbs":"default","ocean_breadcrumbs_color":"","ocean_breadcrumbs_separator_color":"","ocean_breadcrumbs_links_color":"","ocean_breadcrumbs_links_hover_color":"","ocean_display_footer_widgets":"default","ocean_display_footer_bottom":"default","ocean_custom_footer_template":"","ocean_post_oembed":"","ocean_post_self_hosted_media":"","ocean_post_video_embed":"","ocean_link_format":"","ocean_link_format_target":"self","ocean_quote_format":"","ocean_quote_format_link":"post","ocean_gallery_link_images":"off","ocean_gallery_id":[],"footnotes":""},"categories":[8],"tags":[],"class_list":["post-16853","post","type-post","status-publish","format-standard","hentry","category-noticias","entry"],"yoast_head":"<!-- This site is optimized with the Yoast SEO plugin v26.5 - https:\/\/yoast.com\/wordpress\/plugins\/seo\/ -->\n<title>Pesquisador visitante da UENF \u00e9 refer\u00eancia na \u00e1rea de melhoramento de plantas - UENF - Universidade Estadual do Norte Fluminense Darcy Ribeiro<\/title>\n<meta name=\"robots\" content=\"noindex, follow, max-snippet:-1, max-image-preview:large, max-video-preview:-1\" \/>\n<meta property=\"og:locale\" content=\"pt_BR\" \/>\n<meta property=\"og:type\" content=\"article\" \/>\n<meta property=\"og:title\" content=\"Pesquisador visitante da UENF \u00e9 refer\u00eancia na \u00e1rea de melhoramento de plantas - UENF - Universidade Estadual do Norte Fluminense Darcy Ribeiro\" \/>\n<meta property=\"og:description\" content=\"O final de 2022 trouxe excelente not\u00edcia para a UENF, em especial para a \u00e1rea de melhoramento de plantas da institui\u00e7\u00e3o. Com o apoio da FAPERJ, a UENF passar\u00e1 a contar em seu quadro docente com a presen\u00e7a do professor Cosme Dami\u00e3o Cruz, na condi\u00e7\u00e3o de pesquisador visitante. Resultado do edital 08\/2022 &#8211; Pesquisador Visitante, [&hellip;]\" \/>\n<meta property=\"og:url\" content=\"https:\/\/portal1.uenf.br\/portal\/noticias\/pesquisador-visitante-da-uenf-e-referencia-na-area-de-melhoramento-de-plantas\/\" \/>\n<meta property=\"og:site_name\" content=\"UENF - Universidade Estadual do Norte Fluminense Darcy Ribeiro\" \/>\n<meta property=\"article:published_time\" content=\"2022-11-29T18:48:12+00:00\" \/>\n<meta property=\"og:image\" content=\"https:\/\/uenf.br\/portal\/wp-content\/uploads\/2022\/11\/pesquisador2-1024x682.jpg\" \/>\n<meta name=\"author\" content=\"admin\" \/>\n<meta name=\"twitter:card\" content=\"summary_large_image\" \/>\n<meta name=\"twitter:label1\" content=\"Escrito por\" \/>\n\t<meta name=\"twitter:data1\" content=\"admin\" \/>\n\t<meta name=\"twitter:label2\" content=\"Est. tempo de leitura\" \/>\n\t<meta name=\"twitter:data2\" content=\"3 minutos\" \/>\n<script type=\"application\/ld+json\" class=\"yoast-schema-graph\">{\"@context\":\"https:\/\/schema.org\",\"@graph\":[{\"@type\":\"Article\",\"@id\":\"https:\/\/portal1.uenf.br\/portal\/noticias\/pesquisador-visitante-da-uenf-e-referencia-na-area-de-melhoramento-de-plantas\/#article\",\"isPartOf\":{\"@id\":\"https:\/\/portal1.uenf.br\/portal\/noticias\/pesquisador-visitante-da-uenf-e-referencia-na-area-de-melhoramento-de-plantas\/\"},\"author\":{\"name\":\"admin\",\"@id\":\"https:\/\/portal1.uenf.br\/portal\/#\/schema\/person\/068abbf03b6f8478c845bc8ded9270c7\"},\"headline\":\"Pesquisador visitante da UENF \u00e9 refer\u00eancia na \u00e1rea de melhoramento de plantas\",\"datePublished\":\"2022-11-29T18:48:12+00:00\",\"mainEntityOfPage\":{\"@id\":\"https:\/\/portal1.uenf.br\/portal\/noticias\/pesquisador-visitante-da-uenf-e-referencia-na-area-de-melhoramento-de-plantas\/\"},\"wordCount\":651,\"publisher\":{\"@id\":\"https:\/\/portal1.uenf.br\/portal\/#organization\"},\"image\":{\"@id\":\"https:\/\/portal1.uenf.br\/portal\/noticias\/pesquisador-visitante-da-uenf-e-referencia-na-area-de-melhoramento-de-plantas\/#primaryimage\"},\"thumbnailUrl\":\"https:\/\/uenf.br\/portal\/wp-content\/uploads\/2022\/11\/pesquisador2-1024x682.jpg\",\"articleSection\":[\"Not\u00edcias\"],\"inLanguage\":\"pt-BR\"},{\"@type\":\"WebPage\",\"@id\":\"https:\/\/portal1.uenf.br\/portal\/noticias\/pesquisador-visitante-da-uenf-e-referencia-na-area-de-melhoramento-de-plantas\/\",\"url\":\"https:\/\/portal1.uenf.br\/portal\/noticias\/pesquisador-visitante-da-uenf-e-referencia-na-area-de-melhoramento-de-plantas\/\",\"name\":\"Pesquisador visitante da UENF \u00e9 refer\u00eancia na \u00e1rea de melhoramento de plantas - UENF - Universidade Estadual do Norte Fluminense Darcy Ribeiro\",\"isPartOf\":{\"@id\":\"https:\/\/portal1.uenf.br\/portal\/#website\"},\"primaryImageOfPage\":{\"@id\":\"https:\/\/portal1.uenf.br\/portal\/noticias\/pesquisador-visitante-da-uenf-e-referencia-na-area-de-melhoramento-de-plantas\/#primaryimage\"},\"image\":{\"@id\":\"https:\/\/portal1.uenf.br\/portal\/noticias\/pesquisador-visitante-da-uenf-e-referencia-na-area-de-melhoramento-de-plantas\/#primaryimage\"},\"thumbnailUrl\":\"https:\/\/uenf.br\/portal\/wp-content\/uploads\/2022\/11\/pesquisador2-1024x682.jpg\",\"datePublished\":\"2022-11-29T18:48:12+00:00\",\"breadcrumb\":{\"@id\":\"https:\/\/portal1.uenf.br\/portal\/noticias\/pesquisador-visitante-da-uenf-e-referencia-na-area-de-melhoramento-de-plantas\/#breadcrumb\"},\"inLanguage\":\"pt-BR\",\"potentialAction\":[{\"@type\":\"ReadAction\",\"target\":[\"https:\/\/portal1.uenf.br\/portal\/noticias\/pesquisador-visitante-da-uenf-e-referencia-na-area-de-melhoramento-de-plantas\/\"]}]},{\"@type\":\"ImageObject\",\"inLanguage\":\"pt-BR\",\"@id\":\"https:\/\/portal1.uenf.br\/portal\/noticias\/pesquisador-visitante-da-uenf-e-referencia-na-area-de-melhoramento-de-plantas\/#primaryimage\",\"url\":\"https:\/\/uenf.br\/portal\/wp-content\/uploads\/2022\/11\/pesquisador2-1024x682.jpg\",\"contentUrl\":\"https:\/\/uenf.br\/portal\/wp-content\/uploads\/2022\/11\/pesquisador2-1024x682.jpg\"},{\"@type\":\"BreadcrumbList\",\"@id\":\"https:\/\/portal1.uenf.br\/portal\/noticias\/pesquisador-visitante-da-uenf-e-referencia-na-area-de-melhoramento-de-plantas\/#breadcrumb\",\"itemListElement\":[{\"@type\":\"ListItem\",\"position\":1,\"name\":\"In\u00edcio\",\"item\":\"https:\/\/portal1.uenf.br\/portal\/\"},{\"@type\":\"ListItem\",\"position\":2,\"name\":\"Pesquisador visitante da UENF \u00e9 refer\u00eancia na \u00e1rea de melhoramento de plantas\"}]},{\"@type\":\"WebSite\",\"@id\":\"https:\/\/portal1.uenf.br\/portal\/#website\",\"url\":\"https:\/\/portal1.uenf.br\/portal\/\",\"name\":\"UENF - Universidade Estadual do Norte Fluminense Darcy Ribeiro\",\"description\":\"\",\"publisher\":{\"@id\":\"https:\/\/portal1.uenf.br\/portal\/#organization\"},\"potentialAction\":[{\"@type\":\"SearchAction\",\"target\":{\"@type\":\"EntryPoint\",\"urlTemplate\":\"https:\/\/portal1.uenf.br\/portal\/?s={search_term_string}\"},\"query-input\":{\"@type\":\"PropertyValueSpecification\",\"valueRequired\":true,\"valueName\":\"search_term_string\"}}],\"inLanguage\":\"pt-BR\"},{\"@type\":\"Organization\",\"@id\":\"https:\/\/portal1.uenf.br\/portal\/#organization\",\"name\":\"UENF - Universidade Estadual do Norte Fluminense Darcy Ribeiro\",\"url\":\"https:\/\/portal1.uenf.br\/portal\/\",\"logo\":{\"@type\":\"ImageObject\",\"inLanguage\":\"pt-BR\",\"@id\":\"https:\/\/portal1.uenf.br\/portal\/#\/schema\/logo\/image\/\",\"url\":\"https:\/\/portal1.uenf.br\/portal\/wp-content\/uploads\/2018\/06\/logo-uenf-invertido-1.png\",\"contentUrl\":\"https:\/\/portal1.uenf.br\/portal\/wp-content\/uploads\/2018\/06\/logo-uenf-invertido-1.png\",\"width\":482,\"height\":83,\"caption\":\"UENF - Universidade Estadual do Norte Fluminense Darcy Ribeiro\"},\"image\":{\"@id\":\"https:\/\/portal1.uenf.br\/portal\/#\/schema\/logo\/image\/\"}},{\"@type\":\"Person\",\"@id\":\"https:\/\/portal1.uenf.br\/portal\/#\/schema\/person\/068abbf03b6f8478c845bc8ded9270c7\",\"name\":\"admin\",\"image\":{\"@type\":\"ImageObject\",\"inLanguage\":\"pt-BR\",\"@id\":\"https:\/\/portal1.uenf.br\/portal\/#\/schema\/person\/image\/\",\"url\":\"https:\/\/secure.gravatar.com\/avatar\/e5ecf9e4fae0742f4b136f518195bafa7b2d3f7c709f4bdc6707588ef68a6e25?s=96&d=mm&r=g\",\"contentUrl\":\"https:\/\/secure.gravatar.com\/avatar\/e5ecf9e4fae0742f4b136f518195bafa7b2d3f7c709f4bdc6707588ef68a6e25?s=96&d=mm&r=g\",\"caption\":\"admin\"},\"sameAs\":[\"https:\/\/portal1.uenf.br\/portal\"],\"url\":\"https:\/\/portal1.uenf.br\/portal\/author\/edson\/\"}]}<\/script>\n<!-- \/ Yoast SEO plugin. -->","yoast_head_json":{"title":"Pesquisador visitante da UENF \u00e9 refer\u00eancia na \u00e1rea de melhoramento de plantas - UENF - Universidade Estadual do Norte Fluminense Darcy Ribeiro","robots":{"index":"noindex","follow":"follow","max-snippet":"max-snippet:-1","max-image-preview":"max-image-preview:large","max-video-preview":"max-video-preview:-1"},"og_locale":"pt_BR","og_type":"article","og_title":"Pesquisador visitante da UENF \u00e9 refer\u00eancia na \u00e1rea de melhoramento de plantas - UENF - Universidade Estadual do Norte Fluminense Darcy Ribeiro","og_description":"O final de 2022 trouxe excelente not\u00edcia para a UENF, em especial para a \u00e1rea de melhoramento de plantas da institui\u00e7\u00e3o. Com o apoio da FAPERJ, a UENF passar\u00e1 a contar em seu quadro docente com a presen\u00e7a do professor Cosme Dami\u00e3o Cruz, na condi\u00e7\u00e3o de pesquisador visitante. Resultado do edital 08\/2022 &#8211; Pesquisador Visitante, [&hellip;]","og_url":"https:\/\/portal1.uenf.br\/portal\/noticias\/pesquisador-visitante-da-uenf-e-referencia-na-area-de-melhoramento-de-plantas\/","og_site_name":"UENF - Universidade Estadual do Norte Fluminense Darcy Ribeiro","article_published_time":"2022-11-29T18:48:12+00:00","og_image":[{"url":"https:\/\/uenf.br\/portal\/wp-content\/uploads\/2022\/11\/pesquisador2-1024x682.jpg","type":"","width":"","height":""}],"author":"admin","twitter_card":"summary_large_image","twitter_misc":{"Escrito por":"admin","Est. tempo de leitura":"3 minutos"},"schema":{"@context":"https:\/\/schema.org","@graph":[{"@type":"Article","@id":"https:\/\/portal1.uenf.br\/portal\/noticias\/pesquisador-visitante-da-uenf-e-referencia-na-area-de-melhoramento-de-plantas\/#article","isPartOf":{"@id":"https:\/\/portal1.uenf.br\/portal\/noticias\/pesquisador-visitante-da-uenf-e-referencia-na-area-de-melhoramento-de-plantas\/"},"author":{"name":"admin","@id":"https:\/\/portal1.uenf.br\/portal\/#\/schema\/person\/068abbf03b6f8478c845bc8ded9270c7"},"headline":"Pesquisador visitante da UENF \u00e9 refer\u00eancia na \u00e1rea de melhoramento de plantas","datePublished":"2022-11-29T18:48:12+00:00","mainEntityOfPage":{"@id":"https:\/\/portal1.uenf.br\/portal\/noticias\/pesquisador-visitante-da-uenf-e-referencia-na-area-de-melhoramento-de-plantas\/"},"wordCount":651,"publisher":{"@id":"https:\/\/portal1.uenf.br\/portal\/#organization"},"image":{"@id":"https:\/\/portal1.uenf.br\/portal\/noticias\/pesquisador-visitante-da-uenf-e-referencia-na-area-de-melhoramento-de-plantas\/#primaryimage"},"thumbnailUrl":"https:\/\/uenf.br\/portal\/wp-content\/uploads\/2022\/11\/pesquisador2-1024x682.jpg","articleSection":["Not\u00edcias"],"inLanguage":"pt-BR"},{"@type":"WebPage","@id":"https:\/\/portal1.uenf.br\/portal\/noticias\/pesquisador-visitante-da-uenf-e-referencia-na-area-de-melhoramento-de-plantas\/","url":"https:\/\/portal1.uenf.br\/portal\/noticias\/pesquisador-visitante-da-uenf-e-referencia-na-area-de-melhoramento-de-plantas\/","name":"Pesquisador visitante da UENF \u00e9 refer\u00eancia na \u00e1rea de melhoramento de plantas - UENF - Universidade Estadual do Norte Fluminense Darcy Ribeiro","isPartOf":{"@id":"https:\/\/portal1.uenf.br\/portal\/#website"},"primaryImageOfPage":{"@id":"https:\/\/portal1.uenf.br\/portal\/noticias\/pesquisador-visitante-da-uenf-e-referencia-na-area-de-melhoramento-de-plantas\/#primaryimage"},"image":{"@id":"https:\/\/portal1.uenf.br\/portal\/noticias\/pesquisador-visitante-da-uenf-e-referencia-na-area-de-melhoramento-de-plantas\/#primaryimage"},"thumbnailUrl":"https:\/\/uenf.br\/portal\/wp-content\/uploads\/2022\/11\/pesquisador2-1024x682.jpg","datePublished":"2022-11-29T18:48:12+00:00","breadcrumb":{"@id":"https:\/\/portal1.uenf.br\/portal\/noticias\/pesquisador-visitante-da-uenf-e-referencia-na-area-de-melhoramento-de-plantas\/#breadcrumb"},"inLanguage":"pt-BR","potentialAction":[{"@type":"ReadAction","target":["https:\/\/portal1.uenf.br\/portal\/noticias\/pesquisador-visitante-da-uenf-e-referencia-na-area-de-melhoramento-de-plantas\/"]}]},{"@type":"ImageObject","inLanguage":"pt-BR","@id":"https:\/\/portal1.uenf.br\/portal\/noticias\/pesquisador-visitante-da-uenf-e-referencia-na-area-de-melhoramento-de-plantas\/#primaryimage","url":"https:\/\/uenf.br\/portal\/wp-content\/uploads\/2022\/11\/pesquisador2-1024x682.jpg","contentUrl":"https:\/\/uenf.br\/portal\/wp-content\/uploads\/2022\/11\/pesquisador2-1024x682.jpg"},{"@type":"BreadcrumbList","@id":"https:\/\/portal1.uenf.br\/portal\/noticias\/pesquisador-visitante-da-uenf-e-referencia-na-area-de-melhoramento-de-plantas\/#breadcrumb","itemListElement":[{"@type":"ListItem","position":1,"name":"In\u00edcio","item":"https:\/\/portal1.uenf.br\/portal\/"},{"@type":"ListItem","position":2,"name":"Pesquisador visitante da UENF \u00e9 refer\u00eancia na \u00e1rea de melhoramento de plantas"}]},{"@type":"WebSite","@id":"https:\/\/portal1.uenf.br\/portal\/#website","url":"https:\/\/portal1.uenf.br\/portal\/","name":"UENF - Universidade Estadual do Norte Fluminense Darcy Ribeiro","description":"","publisher":{"@id":"https:\/\/portal1.uenf.br\/portal\/#organization"},"potentialAction":[{"@type":"SearchAction","target":{"@type":"EntryPoint","urlTemplate":"https:\/\/portal1.uenf.br\/portal\/?s={search_term_string}"},"query-input":{"@type":"PropertyValueSpecification","valueRequired":true,"valueName":"search_term_string"}}],"inLanguage":"pt-BR"},{"@type":"Organization","@id":"https:\/\/portal1.uenf.br\/portal\/#organization","name":"UENF - Universidade Estadual do Norte Fluminense Darcy Ribeiro","url":"https:\/\/portal1.uenf.br\/portal\/","logo":{"@type":"ImageObject","inLanguage":"pt-BR","@id":"https:\/\/portal1.uenf.br\/portal\/#\/schema\/logo\/image\/","url":"https:\/\/portal1.uenf.br\/portal\/wp-content\/uploads\/2018\/06\/logo-uenf-invertido-1.png","contentUrl":"https:\/\/portal1.uenf.br\/portal\/wp-content\/uploads\/2018\/06\/logo-uenf-invertido-1.png","width":482,"height":83,"caption":"UENF - Universidade Estadual do Norte Fluminense Darcy Ribeiro"},"image":{"@id":"https:\/\/portal1.uenf.br\/portal\/#\/schema\/logo\/image\/"}},{"@type":"Person","@id":"https:\/\/portal1.uenf.br\/portal\/#\/schema\/person\/068abbf03b6f8478c845bc8ded9270c7","name":"admin","image":{"@type":"ImageObject","inLanguage":"pt-BR","@id":"https:\/\/portal1.uenf.br\/portal\/#\/schema\/person\/image\/","url":"https:\/\/secure.gravatar.com\/avatar\/e5ecf9e4fae0742f4b136f518195bafa7b2d3f7c709f4bdc6707588ef68a6e25?s=96&d=mm&r=g","contentUrl":"https:\/\/secure.gravatar.com\/avatar\/e5ecf9e4fae0742f4b136f518195bafa7b2d3f7c709f4bdc6707588ef68a6e25?s=96&d=mm&r=g","caption":"admin"},"sameAs":["https:\/\/portal1.uenf.br\/portal"],"url":"https:\/\/portal1.uenf.br\/portal\/author\/edson\/"}]}},"_links":{"self":[{"href":"https:\/\/portal1.uenf.br\/portal\/wp-json\/wp\/v2\/posts\/16853","targetHints":{"allow":["GET"]}}],"collection":[{"href":"https:\/\/portal1.uenf.br\/portal\/wp-json\/wp\/v2\/posts"}],"about":[{"href":"https:\/\/portal1.uenf.br\/portal\/wp-json\/wp\/v2\/types\/post"}],"author":[{"embeddable":true,"href":"https:\/\/portal1.uenf.br\/portal\/wp-json\/wp\/v2\/users\/1"}],"replies":[{"embeddable":true,"href":"https:\/\/portal1.uenf.br\/portal\/wp-json\/wp\/v2\/comments?post=16853"}],"version-history":[{"count":0,"href":"https:\/\/portal1.uenf.br\/portal\/wp-json\/wp\/v2\/posts\/16853\/revisions"}],"wp:attachment":[{"href":"https:\/\/portal1.uenf.br\/portal\/wp-json\/wp\/v2\/media?parent=16853"}],"wp:term":[{"taxonomy":"category","embeddable":true,"href":"https:\/\/portal1.uenf.br\/portal\/wp-json\/wp\/v2\/categories?post=16853"},{"taxonomy":"post_tag","embeddable":true,"href":"https:\/\/portal1.uenf.br\/portal\/wp-json\/wp\/v2\/tags?post=16853"}],"curies":[{"name":"wp","href":"https:\/\/api.w.org\/{rel}","templated":true}]}}