{"id":16563,"date":"2022-11-14T09:59:52","date_gmt":"2022-11-14T12:59:52","guid":{"rendered":"https:\/\/uenf.br\/portal\/?p=16563"},"modified":"2022-11-14T09:59:52","modified_gmt":"2022-11-14T12:59:52","slug":"nuperj-apresenta-modelagem-economica-para-o-estado-em-seminario-nesta-quinta-feira","status":"publish","type":"post","link":"https:\/\/portal1.uenf.br\/portal\/noticias\/nuperj-apresenta-modelagem-economica-para-o-estado-em-seminario-nesta-quinta-feira\/","title":{"rendered":"NUPERJ apresenta modelagem econ\u00f4mica para o estado em semin\u00e1rio nesta quinta-feira"},"content":{"rendered":"\n<figure class=\"wp-block-gallery has-nested-images columns-default is-cropped wp-block-gallery-1 is-layout-flex wp-block-gallery-is-layout-flex\">\n<figure class=\"wp-block-image size-large\"><img decoding=\"async\" data-id=\"16588\" src=\"https:\/\/uenf.br\/portal\/wp-content\/uploads\/2022\/11\/nuperj.jpg\" alt=\"\" class=\"wp-image-16588\"\/><\/figure>\n\n\n\n<figure class=\"wp-block-image size-large\"><img decoding=\"async\" data-id=\"16589\" src=\"https:\/\/uenf.br\/portal\/wp-content\/uploads\/2022\/11\/nuperj2.jpg\" alt=\"\" class=\"wp-image-16589\"\/><\/figure>\n<\/figure>\n\n\n\n<p>Como resolver os problemas econ\u00f4micos do Estado do Rio de Janeiro e, ao mesmo tempo, diminuir a desigualdade social? O N\u00facleo de Pesquisa do Estado do Rio de Janeiro (NUPERJ), que desde o in\u00edcio deste ano passou a ser um projeto de exens\u00e3o da UENF, vem trabalhado nesse sentido. E nesta quinta-feira, 17\/11\/22, a partir das 8h, no audit\u00f3rio do P5, o N\u00facleo vai apresentar seus objetivos e metas \u00e0 comunidade interna, com o objetivo de envolver pesquisadores de todos os centros da Universidade.<\/p>\n\n\n\n<p>Criado em 2019 pelo professor Alcimar das Chagas Ribeiro, do Laborat\u00f3rio de Engenharia de Produ\u00e7\u00e3o (LEPROD), o NUPERJ surgiu para suprir uma lacuna em rela\u00e7\u00e3o \u00e0 sistematiza\u00e7\u00e3o de dados econ\u00f4micos regionais. &nbsp;<\/p>\n\n\n\n<p>\u2014 Temos os \u00f3rg\u00e3os oficiais que disponibilizam indicadores, mas a sistematiza\u00e7\u00e3o regional disso n\u00e3o \u00e9 muito comum. Os economistas est\u00e3o muito mais preocupados com a macroeconomia, e o Estado do Rio perde espa\u00e7o com isso. Isso motivou trabalhos anteriores, como um blog, o site Coneflu, at\u00e9 chegar no NUPERJ. A ideia era ampliar a discuss\u00e3o e envolver tamb\u00e9m outros pesquisadores, trazendo essa discuss\u00e3o para dentro da Universidade \u2014 disse.&nbsp;<\/p>\n\n\n\n<p>Al\u00e9m de levantar os indicadores da economia do Estado do Rio de Janeiro, o NUPERJ produz mensalmente um relat\u00f3rio t\u00e9cnico abordando a conjuntura econ\u00f4mica estadual. S\u00e3o trabalhados temas espec\u00edficos, como produ\u00e7\u00e3o industrial, atividade do com\u00e9rcio, servi\u00e7os, empregos e gest\u00e3o or\u00e7ament\u00e1ria.&nbsp;<\/p>\n\n\n\n<p>\u2014 Nosso diferencial \u00e9 exatamente esse. Porque os esfor\u00e7os nesse sentido acabam se concentrando na capital e regi\u00e3o metropolitana. N\u00f3s ampliamos a discuss\u00e3o, abrangendo as seis mesorregi\u00f5es: norte, noroeste, baixada, centro, sul e metropolitana \u2014 afirma Alcimar.&nbsp;<\/p>\n\n\n<div class=\"wp-block-image\">\n<figure class=\"aligncenter size-full is-resized\"><img fetchpriority=\"high\" decoding=\"async\" src=\"https:\/\/uenf.br\/portal\/wp-content\/uploads\/2022\/11\/WhatsApp-Image-2022-11-14-at-09.04.29-1.jpeg\" alt=\"\" class=\"wp-image-16591\" width=\"358\" height=\"358\"\/><figcaption>Alcimar das Chagas Ribeiro, coordenador do NUPERJ<\/figcaption><\/figure>\n<\/div>\n\n\n<p>Segundo ele, no entanto, ainda h\u00e1 algumas dificuldades para obter dados regionais, al\u00e9m da limita\u00e7\u00e3o de pessoal para atuar no projeto. &nbsp;<\/p>\n\n\n\n<p>Os trabalhos permitiram iniciar o desenvolvimento de um novo \u00edndice, o Indicador de Din\u00e2mica Econ\u00f4mica. Segundo Alcimar, o objetivo do \u00edndice \u00e9 atender \u00e0 economia local. Ele ressalta que existe toda uma discuss\u00e3o entre os economistas a respeito dos atuais indicadores, que n\u00e3o refletem as din\u00e2micas econ\u00f4micas regionais. &nbsp;<\/p>\n\n\n\n<p>\u2014 Os indicadores que existem, como o PNUD, PIB, IDH entre outros, mascaram muito as realidades locais. Por exemplo, Campos e S\u00e3o Jo\u00e3o da Barra t\u00eam PIBs exagerados por conta da produ\u00e7\u00e3o de petr\u00f3leo, mas que n\u00e3o representam a din\u00e2mica econ\u00f4mica desses munic\u00edpios. S\u00e3o Jo\u00e3o da Barra tem nove mil empregos por conta do Porto, mas essas pessoas n\u00e3o moram l\u00e1. Quissam\u00e3 tem um PIB <em>per capita<\/em>, por exemplo, do tamanho de PIBs da Europa \u2014 explica. &nbsp;<\/p>\n\n\n\n<p>O novo indicador utiliza dados como o investimento p\u00fablico (o que o governo est\u00e1 investido no local), o ICMS (que representa a din\u00e2mica dos neg\u00f3cios, tudo que compra e vende), o emprego e renda no com\u00e9rcio e o n\u00famero de pessoas que recebem benef\u00edcios sociais. <\/p>\n\n\n\n<p>\u2014 Essa popula\u00e7\u00e3o \u00e9 vulner\u00e1vel. Ent\u00e3o a diferen\u00e7a dela para 100% da popula\u00e7\u00e3o representa aqueles que efetivamente atuam na din\u00e2mica econ\u00f4mica local \u2014  disse.&nbsp;<\/p>\n\n\n\n<p>Os dados utilizados pelo NUPERJ s\u00e3o levantados por \u00f3rg\u00e3os como Instituto Brasileiro de Geografia e Estat\u00edstica (IBGE),  Minist\u00e9rio do Trabalho,  Banco Central,  Minist\u00e9rio do Desenvolvimento Econ\u00f4mico e Industrial, Cadastro Geral de Empregados e Desempregados (Caged),  Tribunal de Contas do Estado (TCE), e  portal da Transpar\u00eancia federal.&nbsp;<\/p>\n\n\n\n<p>\u2014 Nossa linha \u00e9 entender a din\u00e2mica do munic\u00edpio, at\u00e9 porque o desenvolvimento vem depois. Voc\u00ea precisa primeiro reconhecer seu munic\u00edpio para a\u00ed, sim, ver os pontos que precisa melhorar \u2014 diz Alcimar.&nbsp;<\/p>\n\n\n\n<p>Durante o semin\u00e1rio ser\u00e1 apresentada a modelagem de um programa de desenvolvimento territorial local. Uma das quest\u00f5es abordadas \u00e9 a depend\u00eancia dos <em>royalties<\/em> do petr\u00f3leo.<\/p>\n\n\n\n<p>\u2014 A Bacia de Campos j\u00e1 tem 40 anos e est\u00e1 em fase de decl\u00ednio. Por mais que se discuta a sua reativa\u00e7\u00e3o, n\u00e3o h\u00e1 garantias de que isso v\u00e1 acontecer. Muitos falam de uma alternativa ao petr\u00f3leo. N\u00e3o \u00e9 uma alternativa ao petr\u00f3leo que precisamos, mas uma alternativa econ\u00f4mica para que o estado possa se reerguer \u2014 afirma.&nbsp;<\/p>\n\n\n\n<p>Com rela\u00e7\u00e3o \u00e0 agropecu\u00e1ria, h\u00e1 uma cr\u00edtica ao que vem sendo tradicionalmente trabalhado no Estado. Para Alcimar, a ideia de transfer\u00eancia de tecnologia j\u00e1 demonstrou que, na pr\u00e1tica, n\u00e3o funciona.&nbsp;<\/p>\n\n\n<div class=\"wp-block-image\">\n<figure class=\"aligncenter size-full is-resized\"><img decoding=\"async\" src=\"https:\/\/uenf.br\/portal\/wp-content\/uploads\/2022\/11\/petroleo-2.jpeg\" alt=\"\" class=\"wp-image-16592\" width=\"540\" height=\"317\"\/><\/figure>\n<\/div>\n\n\n<p>\u2014 O hist\u00f3rico mostra que n\u00e3o adianta transferir conhecimento para quem n\u00e3o est\u00e1 preparado para receber. Assim como n\u00e3o adianta passar dinheiro se o produtor n\u00e3o souber qual a melhor maneira de utilizar esses recursos \u2014 diz.&nbsp;<\/p>\n\n\n\n<p>Na modelagem do NUPERJ, a vis\u00e3o de transfer\u00eancia de tecnologia, microecon\u00f4mica, \u00e9 subsitu\u00edda por uma vis\u00e3o mesoecon\u00f4mica, baseada na reestrutura\u00e7\u00e3o produtiva feita na Europa pelos distritos industriais nas d\u00e9cadas de 1960 e 1970. O foco \u00e9 retirado da vis\u00e3o microecon\u00f4mica do pequeno produtor para a vis\u00e3o mesoecon\u00f4mica do territ\u00f3rio.&nbsp;<\/p>\n\n\n\n<p>\u2014 A vis\u00e3o microecon\u00f4mica n\u00e3o tem compet\u00eancia para evoluir sozinha. No vis\u00e3o mesoecon\u00f4mica de territ\u00f3rio, temos a coopera\u00e7\u00e3o entre os diversos produtores, com uma governan\u00e7a por tr\u00e1s, planejando, orientando, dizendo como deve funcionar. A\u00ed entram as prefeituras, as universidades e outras institui\u00e7\u00f5es \u2014 explica.&nbsp;<\/p>\n\n\n\n<p>Al\u00e9m disso, o benef\u00edcio transferido pelos governos deve ser substitu\u00eddo pelo planejamento do investimento que venha capacitar, melhorar as condi\u00e7\u00f5es desses produtores, definindo padr\u00f5es de produtos, de produ\u00e7\u00e3o, bem como incentivando a estrutura\u00e7\u00e3o e planejamento de cadeias produtivas, ao inv\u00e9s de incentivar a produ\u00e7\u00e3o para a venda de <em>comodities<\/em>, como ocorre atualmente.&nbsp;<\/p>\n\n\n\n<p>\u2014 \u00c9 a agroind\u00fastria. Na produ\u00e7\u00e3o de maracuj\u00e1, por exemplo, voc\u00ea pensa em uma f\u00e1brica que processe o fruto e gere trabalho, pois a preocupa\u00e7\u00e3o \u00e9 com a redu\u00e7\u00e3o da desigualdade social. Voc\u00ea cumpre esse papel quando cria alternativas para os diversos padr\u00f5es educacionais. Precisa inserir a produ\u00e7\u00e3o nos diversos nichos, a partir de cadeias que integrem conhecimentos de diferentes padr\u00f5es \u2014 explica Alcimar.&nbsp;<\/p>\n\n\n\n<p>O projeto NUPERJ tem o apoio da FAPERJ e conta com participa\u00e7\u00e3o dos professores da UENF Jos\u00e9 Arica (LEPROD\/CCT), \u00c9der Dutra (LTA\/CCTA) e Paulo Nagipe (LCQUI\/CCT), al\u00e9m da economista e professora da UFRJ Lia Hasencler (UFRJ), tendo como parceiro tamb\u00e9m o Comit\u00ea da Bacia Hidrogr\u00e1fica do Baixo Para\u00edba do Sul, sob coordena\u00e7\u00e3o do dr. Jo\u00e3o Gomes, da UENF.  Atuam no projeto ainda nove bolsistas de extens\u00e3o, alunos de diversos cursos de gradua\u00e7\u00e3o da UENF.<\/p>\n\n\n\n<p><\/p>\n","protected":false},"excerpt":{"rendered":"<p>Como resolver os problemas econ\u00f4micos do Estado do Rio de Janeiro e, ao mesmo tempo, diminuir a desigualdade social? O N\u00facleo de Pesquisa do Estado do Rio de Janeiro (NUPERJ), que desde o in\u00edcio deste ano passou a ser um projeto de exens\u00e3o da UENF, vem trabalhado nesse sentido. E nesta quinta-feira, 17\/11\/22, a partir [&hellip;]<\/p>\n","protected":false},"author":1,"featured_media":0,"comment_status":"closed","ping_status":"closed","sticky":false,"template":"","format":"standard","meta":{"_eb_attr":"","ocean_post_layout":"","ocean_both_sidebars_style":"","ocean_both_sidebars_content_width":0,"ocean_both_sidebars_sidebars_width":0,"ocean_sidebar":"","ocean_second_sidebar":"","ocean_disable_margins":"enable","ocean_add_body_class":"","ocean_shortcode_before_top_bar":"","ocean_shortcode_after_top_bar":"","ocean_shortcode_before_header":"","ocean_shortcode_after_header":"","ocean_has_shortcode":"","ocean_shortcode_after_title":"","ocean_shortcode_before_footer_widgets":"","ocean_shortcode_after_footer_widgets":"","ocean_shortcode_before_footer_bottom":"","ocean_shortcode_after_footer_bottom":"","ocean_display_top_bar":"default","ocean_display_header":"default","ocean_header_style":"","ocean_center_header_left_menu":"","ocean_custom_header_template":"","ocean_custom_logo":0,"ocean_custom_retina_logo":0,"ocean_custom_logo_max_width":0,"ocean_custom_logo_tablet_max_width":0,"ocean_custom_logo_mobile_max_width":0,"ocean_custom_logo_max_height":0,"ocean_custom_logo_tablet_max_height":0,"ocean_custom_logo_mobile_max_height":0,"ocean_header_custom_menu":"","ocean_menu_typo_font_family":"","ocean_menu_typo_font_subset":"","ocean_menu_typo_font_size":0,"ocean_menu_typo_font_size_tablet":0,"ocean_menu_typo_font_size_mobile":0,"ocean_menu_typo_font_size_unit":"px","ocean_menu_typo_font_weight":"","ocean_menu_typo_font_weight_tablet":"","ocean_menu_typo_font_weight_mobile":"","ocean_menu_typo_transform":"","ocean_menu_typo_transform_tablet":"","ocean_menu_typo_transform_mobile":"","ocean_menu_typo_line_height":0,"ocean_menu_typo_line_height_tablet":0,"ocean_menu_typo_line_height_mobile":0,"ocean_menu_typo_line_height_unit":"","ocean_menu_typo_spacing":0,"ocean_menu_typo_spacing_tablet":0,"ocean_menu_typo_spacing_mobile":0,"ocean_menu_typo_spacing_unit":"","ocean_menu_link_color":"","ocean_menu_link_color_hover":"","ocean_menu_link_color_active":"","ocean_menu_link_background":"","ocean_menu_link_hover_background":"","ocean_menu_link_active_background":"","ocean_menu_social_links_bg":"","ocean_menu_social_hover_links_bg":"","ocean_menu_social_links_color":"","ocean_menu_social_hover_links_color":"","ocean_disable_title":"default","ocean_disable_heading":"default","ocean_post_title":"","ocean_post_subheading":"","ocean_post_title_style":"","ocean_post_title_background_color":"","ocean_post_title_background":0,"ocean_post_title_bg_image_position":"","ocean_post_title_bg_image_attachment":"","ocean_post_title_bg_image_repeat":"","ocean_post_title_bg_image_size":"","ocean_post_title_height":0,"ocean_post_title_bg_overlay":0.5,"ocean_post_title_bg_overlay_color":"","ocean_disable_breadcrumbs":"default","ocean_breadcrumbs_color":"","ocean_breadcrumbs_separator_color":"","ocean_breadcrumbs_links_color":"","ocean_breadcrumbs_links_hover_color":"","ocean_display_footer_widgets":"default","ocean_display_footer_bottom":"default","ocean_custom_footer_template":"","ocean_post_oembed":"","ocean_post_self_hosted_media":"","ocean_post_video_embed":"","ocean_link_format":"","ocean_link_format_target":"self","ocean_quote_format":"","ocean_quote_format_link":"post","ocean_gallery_link_images":"off","ocean_gallery_id":[],"footnotes":""},"categories":[8],"tags":[],"class_list":["post-16563","post","type-post","status-publish","format-standard","hentry","category-noticias","entry"],"yoast_head":"<!-- This site is optimized with the Yoast SEO plugin v26.5 - https:\/\/yoast.com\/wordpress\/plugins\/seo\/ -->\n<title>NUPERJ apresenta modelagem econ\u00f4mica para o estado em semin\u00e1rio nesta quinta-feira - UENF - Universidade Estadual do Norte Fluminense Darcy Ribeiro<\/title>\n<meta name=\"robots\" content=\"noindex, follow, max-snippet:-1, max-image-preview:large, max-video-preview:-1\" \/>\n<meta property=\"og:locale\" content=\"pt_BR\" \/>\n<meta property=\"og:type\" content=\"article\" \/>\n<meta property=\"og:title\" content=\"NUPERJ apresenta modelagem econ\u00f4mica para o estado em semin\u00e1rio nesta quinta-feira - UENF - Universidade Estadual do Norte Fluminense Darcy Ribeiro\" \/>\n<meta property=\"og:description\" content=\"Como resolver os problemas econ\u00f4micos do Estado do Rio de Janeiro e, ao mesmo tempo, diminuir a desigualdade social? O N\u00facleo de Pesquisa do Estado do Rio de Janeiro (NUPERJ), que desde o in\u00edcio deste ano passou a ser um projeto de exens\u00e3o da UENF, vem trabalhado nesse sentido. E nesta quinta-feira, 17\/11\/22, a partir [&hellip;]\" \/>\n<meta property=\"og:url\" content=\"https:\/\/portal1.uenf.br\/portal\/noticias\/nuperj-apresenta-modelagem-economica-para-o-estado-em-seminario-nesta-quinta-feira\/\" \/>\n<meta property=\"og:site_name\" content=\"UENF - Universidade Estadual do Norte Fluminense Darcy Ribeiro\" \/>\n<meta property=\"article:published_time\" content=\"2022-11-14T12:59:52+00:00\" \/>\n<meta property=\"og:image\" content=\"https:\/\/uenf.br\/portal\/wp-content\/uploads\/2022\/11\/nuperj.jpg\" \/>\n<meta name=\"author\" content=\"admin\" \/>\n<meta name=\"twitter:card\" content=\"summary_large_image\" \/>\n<meta name=\"twitter:label1\" content=\"Escrito por\" \/>\n\t<meta name=\"twitter:data1\" content=\"admin\" \/>\n\t<meta name=\"twitter:label2\" content=\"Est. tempo de leitura\" \/>\n\t<meta name=\"twitter:data2\" content=\"6 minutos\" \/>\n<script type=\"application\/ld+json\" class=\"yoast-schema-graph\">{\"@context\":\"https:\/\/schema.org\",\"@graph\":[{\"@type\":\"Article\",\"@id\":\"https:\/\/portal1.uenf.br\/portal\/noticias\/nuperj-apresenta-modelagem-economica-para-o-estado-em-seminario-nesta-quinta-feira\/#article\",\"isPartOf\":{\"@id\":\"https:\/\/portal1.uenf.br\/portal\/noticias\/nuperj-apresenta-modelagem-economica-para-o-estado-em-seminario-nesta-quinta-feira\/\"},\"author\":{\"name\":\"admin\",\"@id\":\"https:\/\/portal1.uenf.br\/portal\/#\/schema\/person\/068abbf03b6f8478c845bc8ded9270c7\"},\"headline\":\"NUPERJ apresenta modelagem econ\u00f4mica para o estado em semin\u00e1rio nesta quinta-feira\",\"datePublished\":\"2022-11-14T12:59:52+00:00\",\"mainEntityOfPage\":{\"@id\":\"https:\/\/portal1.uenf.br\/portal\/noticias\/nuperj-apresenta-modelagem-economica-para-o-estado-em-seminario-nesta-quinta-feira\/\"},\"wordCount\":1141,\"publisher\":{\"@id\":\"https:\/\/portal1.uenf.br\/portal\/#organization\"},\"image\":{\"@id\":\"https:\/\/portal1.uenf.br\/portal\/noticias\/nuperj-apresenta-modelagem-economica-para-o-estado-em-seminario-nesta-quinta-feira\/#primaryimage\"},\"thumbnailUrl\":\"https:\/\/uenf.br\/portal\/wp-content\/uploads\/2022\/11\/nuperj.jpg\",\"articleSection\":[\"Not\u00edcias\"],\"inLanguage\":\"pt-BR\"},{\"@type\":\"WebPage\",\"@id\":\"https:\/\/portal1.uenf.br\/portal\/noticias\/nuperj-apresenta-modelagem-economica-para-o-estado-em-seminario-nesta-quinta-feira\/\",\"url\":\"https:\/\/portal1.uenf.br\/portal\/noticias\/nuperj-apresenta-modelagem-economica-para-o-estado-em-seminario-nesta-quinta-feira\/\",\"name\":\"NUPERJ apresenta modelagem econ\u00f4mica para o estado em semin\u00e1rio nesta quinta-feira - UENF - Universidade Estadual do Norte Fluminense Darcy Ribeiro\",\"isPartOf\":{\"@id\":\"https:\/\/portal1.uenf.br\/portal\/#website\"},\"primaryImageOfPage\":{\"@id\":\"https:\/\/portal1.uenf.br\/portal\/noticias\/nuperj-apresenta-modelagem-economica-para-o-estado-em-seminario-nesta-quinta-feira\/#primaryimage\"},\"image\":{\"@id\":\"https:\/\/portal1.uenf.br\/portal\/noticias\/nuperj-apresenta-modelagem-economica-para-o-estado-em-seminario-nesta-quinta-feira\/#primaryimage\"},\"thumbnailUrl\":\"https:\/\/uenf.br\/portal\/wp-content\/uploads\/2022\/11\/nuperj.jpg\",\"datePublished\":\"2022-11-14T12:59:52+00:00\",\"breadcrumb\":{\"@id\":\"https:\/\/portal1.uenf.br\/portal\/noticias\/nuperj-apresenta-modelagem-economica-para-o-estado-em-seminario-nesta-quinta-feira\/#breadcrumb\"},\"inLanguage\":\"pt-BR\",\"potentialAction\":[{\"@type\":\"ReadAction\",\"target\":[\"https:\/\/portal1.uenf.br\/portal\/noticias\/nuperj-apresenta-modelagem-economica-para-o-estado-em-seminario-nesta-quinta-feira\/\"]}]},{\"@type\":\"ImageObject\",\"inLanguage\":\"pt-BR\",\"@id\":\"https:\/\/portal1.uenf.br\/portal\/noticias\/nuperj-apresenta-modelagem-economica-para-o-estado-em-seminario-nesta-quinta-feira\/#primaryimage\",\"url\":\"https:\/\/uenf.br\/portal\/wp-content\/uploads\/2022\/11\/nuperj.jpg\",\"contentUrl\":\"https:\/\/uenf.br\/portal\/wp-content\/uploads\/2022\/11\/nuperj.jpg\"},{\"@type\":\"BreadcrumbList\",\"@id\":\"https:\/\/portal1.uenf.br\/portal\/noticias\/nuperj-apresenta-modelagem-economica-para-o-estado-em-seminario-nesta-quinta-feira\/#breadcrumb\",\"itemListElement\":[{\"@type\":\"ListItem\",\"position\":1,\"name\":\"In\u00edcio\",\"item\":\"https:\/\/portal1.uenf.br\/portal\/\"},{\"@type\":\"ListItem\",\"position\":2,\"name\":\"NUPERJ apresenta modelagem econ\u00f4mica para o estado em semin\u00e1rio nesta quinta-feira\"}]},{\"@type\":\"WebSite\",\"@id\":\"https:\/\/portal1.uenf.br\/portal\/#website\",\"url\":\"https:\/\/portal1.uenf.br\/portal\/\",\"name\":\"UENF - Universidade Estadual do Norte Fluminense Darcy Ribeiro\",\"description\":\"\",\"publisher\":{\"@id\":\"https:\/\/portal1.uenf.br\/portal\/#organization\"},\"potentialAction\":[{\"@type\":\"SearchAction\",\"target\":{\"@type\":\"EntryPoint\",\"urlTemplate\":\"https:\/\/portal1.uenf.br\/portal\/?s={search_term_string}\"},\"query-input\":{\"@type\":\"PropertyValueSpecification\",\"valueRequired\":true,\"valueName\":\"search_term_string\"}}],\"inLanguage\":\"pt-BR\"},{\"@type\":\"Organization\",\"@id\":\"https:\/\/portal1.uenf.br\/portal\/#organization\",\"name\":\"UENF - Universidade Estadual do Norte Fluminense Darcy Ribeiro\",\"url\":\"https:\/\/portal1.uenf.br\/portal\/\",\"logo\":{\"@type\":\"ImageObject\",\"inLanguage\":\"pt-BR\",\"@id\":\"https:\/\/portal1.uenf.br\/portal\/#\/schema\/logo\/image\/\",\"url\":\"https:\/\/portal1.uenf.br\/portal\/wp-content\/uploads\/2018\/06\/logo-uenf-invertido-1.png\",\"contentUrl\":\"https:\/\/portal1.uenf.br\/portal\/wp-content\/uploads\/2018\/06\/logo-uenf-invertido-1.png\",\"width\":482,\"height\":83,\"caption\":\"UENF - Universidade Estadual do Norte Fluminense Darcy Ribeiro\"},\"image\":{\"@id\":\"https:\/\/portal1.uenf.br\/portal\/#\/schema\/logo\/image\/\"}},{\"@type\":\"Person\",\"@id\":\"https:\/\/portal1.uenf.br\/portal\/#\/schema\/person\/068abbf03b6f8478c845bc8ded9270c7\",\"name\":\"admin\",\"image\":{\"@type\":\"ImageObject\",\"inLanguage\":\"pt-BR\",\"@id\":\"https:\/\/portal1.uenf.br\/portal\/#\/schema\/person\/image\/\",\"url\":\"https:\/\/secure.gravatar.com\/avatar\/e5ecf9e4fae0742f4b136f518195bafa7b2d3f7c709f4bdc6707588ef68a6e25?s=96&d=mm&r=g\",\"contentUrl\":\"https:\/\/secure.gravatar.com\/avatar\/e5ecf9e4fae0742f4b136f518195bafa7b2d3f7c709f4bdc6707588ef68a6e25?s=96&d=mm&r=g\",\"caption\":\"admin\"},\"sameAs\":[\"https:\/\/portal1.uenf.br\/portal\"],\"url\":\"https:\/\/portal1.uenf.br\/portal\/author\/edson\/\"}]}<\/script>\n<!-- \/ Yoast SEO plugin. -->","yoast_head_json":{"title":"NUPERJ apresenta modelagem econ\u00f4mica para o estado em semin\u00e1rio nesta quinta-feira - UENF - Universidade Estadual do Norte Fluminense Darcy Ribeiro","robots":{"index":"noindex","follow":"follow","max-snippet":"max-snippet:-1","max-image-preview":"max-image-preview:large","max-video-preview":"max-video-preview:-1"},"og_locale":"pt_BR","og_type":"article","og_title":"NUPERJ apresenta modelagem econ\u00f4mica para o estado em semin\u00e1rio nesta quinta-feira - UENF - Universidade Estadual do Norte Fluminense Darcy Ribeiro","og_description":"Como resolver os problemas econ\u00f4micos do Estado do Rio de Janeiro e, ao mesmo tempo, diminuir a desigualdade social? O N\u00facleo de Pesquisa do Estado do Rio de Janeiro (NUPERJ), que desde o in\u00edcio deste ano passou a ser um projeto de exens\u00e3o da UENF, vem trabalhado nesse sentido. E nesta quinta-feira, 17\/11\/22, a partir [&hellip;]","og_url":"https:\/\/portal1.uenf.br\/portal\/noticias\/nuperj-apresenta-modelagem-economica-para-o-estado-em-seminario-nesta-quinta-feira\/","og_site_name":"UENF - Universidade Estadual do Norte Fluminense Darcy Ribeiro","article_published_time":"2022-11-14T12:59:52+00:00","og_image":[{"url":"https:\/\/uenf.br\/portal\/wp-content\/uploads\/2022\/11\/nuperj.jpg","type":"","width":"","height":""}],"author":"admin","twitter_card":"summary_large_image","twitter_misc":{"Escrito por":"admin","Est. tempo de leitura":"6 minutos"},"schema":{"@context":"https:\/\/schema.org","@graph":[{"@type":"Article","@id":"https:\/\/portal1.uenf.br\/portal\/noticias\/nuperj-apresenta-modelagem-economica-para-o-estado-em-seminario-nesta-quinta-feira\/#article","isPartOf":{"@id":"https:\/\/portal1.uenf.br\/portal\/noticias\/nuperj-apresenta-modelagem-economica-para-o-estado-em-seminario-nesta-quinta-feira\/"},"author":{"name":"admin","@id":"https:\/\/portal1.uenf.br\/portal\/#\/schema\/person\/068abbf03b6f8478c845bc8ded9270c7"},"headline":"NUPERJ apresenta modelagem econ\u00f4mica para o estado em semin\u00e1rio nesta quinta-feira","datePublished":"2022-11-14T12:59:52+00:00","mainEntityOfPage":{"@id":"https:\/\/portal1.uenf.br\/portal\/noticias\/nuperj-apresenta-modelagem-economica-para-o-estado-em-seminario-nesta-quinta-feira\/"},"wordCount":1141,"publisher":{"@id":"https:\/\/portal1.uenf.br\/portal\/#organization"},"image":{"@id":"https:\/\/portal1.uenf.br\/portal\/noticias\/nuperj-apresenta-modelagem-economica-para-o-estado-em-seminario-nesta-quinta-feira\/#primaryimage"},"thumbnailUrl":"https:\/\/uenf.br\/portal\/wp-content\/uploads\/2022\/11\/nuperj.jpg","articleSection":["Not\u00edcias"],"inLanguage":"pt-BR"},{"@type":"WebPage","@id":"https:\/\/portal1.uenf.br\/portal\/noticias\/nuperj-apresenta-modelagem-economica-para-o-estado-em-seminario-nesta-quinta-feira\/","url":"https:\/\/portal1.uenf.br\/portal\/noticias\/nuperj-apresenta-modelagem-economica-para-o-estado-em-seminario-nesta-quinta-feira\/","name":"NUPERJ apresenta modelagem econ\u00f4mica para o estado em semin\u00e1rio nesta quinta-feira - UENF - Universidade Estadual do Norte Fluminense Darcy Ribeiro","isPartOf":{"@id":"https:\/\/portal1.uenf.br\/portal\/#website"},"primaryImageOfPage":{"@id":"https:\/\/portal1.uenf.br\/portal\/noticias\/nuperj-apresenta-modelagem-economica-para-o-estado-em-seminario-nesta-quinta-feira\/#primaryimage"},"image":{"@id":"https:\/\/portal1.uenf.br\/portal\/noticias\/nuperj-apresenta-modelagem-economica-para-o-estado-em-seminario-nesta-quinta-feira\/#primaryimage"},"thumbnailUrl":"https:\/\/uenf.br\/portal\/wp-content\/uploads\/2022\/11\/nuperj.jpg","datePublished":"2022-11-14T12:59:52+00:00","breadcrumb":{"@id":"https:\/\/portal1.uenf.br\/portal\/noticias\/nuperj-apresenta-modelagem-economica-para-o-estado-em-seminario-nesta-quinta-feira\/#breadcrumb"},"inLanguage":"pt-BR","potentialAction":[{"@type":"ReadAction","target":["https:\/\/portal1.uenf.br\/portal\/noticias\/nuperj-apresenta-modelagem-economica-para-o-estado-em-seminario-nesta-quinta-feira\/"]}]},{"@type":"ImageObject","inLanguage":"pt-BR","@id":"https:\/\/portal1.uenf.br\/portal\/noticias\/nuperj-apresenta-modelagem-economica-para-o-estado-em-seminario-nesta-quinta-feira\/#primaryimage","url":"https:\/\/uenf.br\/portal\/wp-content\/uploads\/2022\/11\/nuperj.jpg","contentUrl":"https:\/\/uenf.br\/portal\/wp-content\/uploads\/2022\/11\/nuperj.jpg"},{"@type":"BreadcrumbList","@id":"https:\/\/portal1.uenf.br\/portal\/noticias\/nuperj-apresenta-modelagem-economica-para-o-estado-em-seminario-nesta-quinta-feira\/#breadcrumb","itemListElement":[{"@type":"ListItem","position":1,"name":"In\u00edcio","item":"https:\/\/portal1.uenf.br\/portal\/"},{"@type":"ListItem","position":2,"name":"NUPERJ apresenta modelagem econ\u00f4mica para o estado em semin\u00e1rio nesta quinta-feira"}]},{"@type":"WebSite","@id":"https:\/\/portal1.uenf.br\/portal\/#website","url":"https:\/\/portal1.uenf.br\/portal\/","name":"UENF - Universidade Estadual do Norte Fluminense Darcy Ribeiro","description":"","publisher":{"@id":"https:\/\/portal1.uenf.br\/portal\/#organization"},"potentialAction":[{"@type":"SearchAction","target":{"@type":"EntryPoint","urlTemplate":"https:\/\/portal1.uenf.br\/portal\/?s={search_term_string}"},"query-input":{"@type":"PropertyValueSpecification","valueRequired":true,"valueName":"search_term_string"}}],"inLanguage":"pt-BR"},{"@type":"Organization","@id":"https:\/\/portal1.uenf.br\/portal\/#organization","name":"UENF - Universidade Estadual do Norte Fluminense Darcy Ribeiro","url":"https:\/\/portal1.uenf.br\/portal\/","logo":{"@type":"ImageObject","inLanguage":"pt-BR","@id":"https:\/\/portal1.uenf.br\/portal\/#\/schema\/logo\/image\/","url":"https:\/\/portal1.uenf.br\/portal\/wp-content\/uploads\/2018\/06\/logo-uenf-invertido-1.png","contentUrl":"https:\/\/portal1.uenf.br\/portal\/wp-content\/uploads\/2018\/06\/logo-uenf-invertido-1.png","width":482,"height":83,"caption":"UENF - Universidade Estadual do Norte Fluminense Darcy Ribeiro"},"image":{"@id":"https:\/\/portal1.uenf.br\/portal\/#\/schema\/logo\/image\/"}},{"@type":"Person","@id":"https:\/\/portal1.uenf.br\/portal\/#\/schema\/person\/068abbf03b6f8478c845bc8ded9270c7","name":"admin","image":{"@type":"ImageObject","inLanguage":"pt-BR","@id":"https:\/\/portal1.uenf.br\/portal\/#\/schema\/person\/image\/","url":"https:\/\/secure.gravatar.com\/avatar\/e5ecf9e4fae0742f4b136f518195bafa7b2d3f7c709f4bdc6707588ef68a6e25?s=96&d=mm&r=g","contentUrl":"https:\/\/secure.gravatar.com\/avatar\/e5ecf9e4fae0742f4b136f518195bafa7b2d3f7c709f4bdc6707588ef68a6e25?s=96&d=mm&r=g","caption":"admin"},"sameAs":["https:\/\/portal1.uenf.br\/portal"],"url":"https:\/\/portal1.uenf.br\/portal\/author\/edson\/"}]}},"_links":{"self":[{"href":"https:\/\/portal1.uenf.br\/portal\/wp-json\/wp\/v2\/posts\/16563","targetHints":{"allow":["GET"]}}],"collection":[{"href":"https:\/\/portal1.uenf.br\/portal\/wp-json\/wp\/v2\/posts"}],"about":[{"href":"https:\/\/portal1.uenf.br\/portal\/wp-json\/wp\/v2\/types\/post"}],"author":[{"embeddable":true,"href":"https:\/\/portal1.uenf.br\/portal\/wp-json\/wp\/v2\/users\/1"}],"replies":[{"embeddable":true,"href":"https:\/\/portal1.uenf.br\/portal\/wp-json\/wp\/v2\/comments?post=16563"}],"version-history":[{"count":0,"href":"https:\/\/portal1.uenf.br\/portal\/wp-json\/wp\/v2\/posts\/16563\/revisions"}],"wp:attachment":[{"href":"https:\/\/portal1.uenf.br\/portal\/wp-json\/wp\/v2\/media?parent=16563"}],"wp:term":[{"taxonomy":"category","embeddable":true,"href":"https:\/\/portal1.uenf.br\/portal\/wp-json\/wp\/v2\/categories?post=16563"},{"taxonomy":"post_tag","embeddable":true,"href":"https:\/\/portal1.uenf.br\/portal\/wp-json\/wp\/v2\/tags?post=16563"}],"curies":[{"name":"wp","href":"https:\/\/api.w.org\/{rel}","templated":true}]}}