{"id":16322,"date":"2022-11-03T14:33:25","date_gmt":"2022-11-03T17:33:25","guid":{"rendered":"https:\/\/uenf.br\/portal\/?p=16322"},"modified":"2022-11-03T14:33:25","modified_gmt":"2022-11-03T17:33:25","slug":"pos-graduacao-em-sociologia-politica-inscreve-ate-19-de-novembro-para-mestrado-e-doutorado","status":"publish","type":"post","link":"https:\/\/portal1.uenf.br\/portal\/noticias\/pos-graduacao-em-sociologia-politica-inscreve-ate-19-de-novembro-para-mestrado-e-doutorado\/","title":{"rendered":"P\u00f3s Gradua\u00e7\u00e3o em Sociologia Pol\u00edtica inscreve at\u00e9 19\/11  para mestrado e doutorado"},"content":{"rendered":"\n<p><strong>Ao completar 15 anos, o Programa de Sociologia Pol\u00edtica teve seu conceito Capes aumentado de 4 para 5<\/strong><\/p>\n\n\n<div class=\"wp-block-image\">\n<figure class=\"aligncenter size-full is-resized\"><img fetchpriority=\"high\" decoding=\"async\" src=\"https:\/\/uenf.br\/portal\/wp-content\/uploads\/2022\/11\/Logo-PPGSP.jpg\" alt=\"\" class=\"wp-image-16325\" width=\"456\" height=\"456\"\/><\/figure>\n<\/div>\n\n\n<p>O Programa de P\u00f3s Gradua\u00e7\u00e3o em Sociologia Pol\u00edtica (PPGSP) da UENF, que na \u00faltima avalia\u00e7\u00e3o da Capes aumentou seu conceito de 4 para 5, est\u00e1 com inscri\u00e7\u00f5es abertas at\u00e9 19\/11\/22 para Mestrado e Doutorado. Este ano, o Programa est\u00e1 completando 15 anos em 2022 de exist\u00eancia.<\/p>\n\n\n\n<p>Veja o Edital do processo seletivo e mais informa\u00e7\u00f5es <a href=\"https:\/\/uenf.br\/posgraduacao\/sociologia-politica\/processos-seletivos\/processo-seletivo-ppgsp-2023\/\" target=\"_blank\" rel=\"noreferrer noopener\"><strong>AQUI.<\/strong><\/a><\/p>\n\n\n\n<p>Segundo a coordenadora do PPGSP, Wania Mesquita, o resultado do aumento do conceito para 5, considerado \u201cmuito bom\u201d pela Capes, \u00e9 uma conquista coletiva.<\/p>\n\n\n\n<p> \u201cA conquista coletiva da nota 5 foi obtida com o esfor\u00e7o de muitas pessoas ao longo dos 15 anos do PPGSP. Especialmente neste quadri\u00eanio tivemos, antes de mais nada, que nos fortalecer em rela\u00e7\u00e3o \u00e0s atitudes de amea\u00e7a \u00e0s institui\u00e7\u00f5es de pesquisa e ensino no Pa\u00eds e \u00e0s Ci\u00eancias Humanas e Sociais em particular. Tamb\u00e9m se demandou muito trabalho e&nbsp; aten\u00e7\u00e3o \u00e0s modifica\u00e7\u00f5es do sistema de avalia\u00e7\u00e3o da Capes, ainda no contexto da Pandemia de Covid-19\u201d, disse.<\/p>\n\n\n\n<p>Para ela, o resultado da avalia\u00e7\u00e3o &#8220;expressa o empenho e o compromisso dos estudantes, professores e p\u00f3s- doutorandos nessa jornada de qualifica\u00e7\u00e3o e aperfei\u00e7oamento crescentes do ensino, pesquisa, produ\u00e7\u00e3o intelectual, inser\u00e7\u00e3o e impacto social&#8221;.<\/p>\n\n\n\n<p>&#8220;Contamos, ainda, com a dedica\u00e7\u00e3o do pessoal t\u00e9cnico e administrativo da UENF, que contribuiu de forma efetiva, assim como o apoio da Pr\u00f3-Reitoria de Pesquisa e P\u00f3s-Gradua\u00e7\u00e3o da UENF, do F\u00f3rum dos Coordenadores dos Programas de P\u00f3s-Gradua\u00e7\u00e3o em Sociologia e da Coordena\u00e7\u00e3o da \u00c1rea de Sociologia da Capes. Para n\u00f3s, esse resultado refor\u00e7a a convic\u00e7\u00e3o de que o \u00eaxito est\u00e1 ao alcance quando se trabalha com afinco e aten\u00e7\u00e3o tanto a grandes quest\u00f5es como a detalhes aparentemente inexpressivos\u201d, afirma Wania.<\/p>\n\n\n\n<p><\/p>\n","protected":false},"excerpt":{"rendered":"<p>Ao completar 15 anos, o Programa de Sociologia Pol\u00edtica teve seu conceito Capes aumentado de 4 para 5 O Programa de P\u00f3s Gradua\u00e7\u00e3o em Sociologia Pol\u00edtica (PPGSP) da UENF, que na \u00faltima avalia\u00e7\u00e3o da Capes aumentou seu conceito de 4 para 5, est\u00e1 com inscri\u00e7\u00f5es abertas at\u00e9 19\/11\/22 para Mestrado e Doutorado. Este ano, o [&hellip;]<\/p>\n","protected":false},"author":1,"featured_media":0,"comment_status":"closed","ping_status":"closed","sticky":false,"template":"","format":"standard","meta":{"_eb_attr":"","ocean_post_layout":"","ocean_both_sidebars_style":"","ocean_both_sidebars_content_width":0,"ocean_both_sidebars_sidebars_width":0,"ocean_sidebar":"","ocean_second_sidebar":"","ocean_disable_margins":"enable","ocean_add_body_class":"","ocean_shortcode_before_top_bar":"","ocean_shortcode_after_top_bar":"","ocean_shortcode_before_header":"","ocean_shortcode_after_header":"","ocean_has_shortcode":"","ocean_shortcode_after_title":"","ocean_shortcode_before_footer_widgets":"","ocean_shortcode_after_footer_widgets":"","ocean_shortcode_before_footer_bottom":"","ocean_shortcode_after_footer_bottom":"","ocean_display_top_bar":"default","ocean_display_header":"default","ocean_header_style":"","ocean_center_header_left_menu":"","ocean_custom_header_template":"","ocean_custom_logo":0,"ocean_custom_retina_logo":0,"ocean_custom_logo_max_width":0,"ocean_custom_logo_tablet_max_width":0,"ocean_custom_logo_mobile_max_width":0,"ocean_custom_logo_max_height":0,"ocean_custom_logo_tablet_max_height":0,"ocean_custom_logo_mobile_max_height":0,"ocean_header_custom_menu":"","ocean_menu_typo_font_family":"","ocean_menu_typo_font_subset":"","ocean_menu_typo_font_size":0,"ocean_menu_typo_font_size_tablet":0,"ocean_menu_typo_font_size_mobile":0,"ocean_menu_typo_font_size_unit":"px","ocean_menu_typo_font_weight":"","ocean_menu_typo_font_weight_tablet":"","ocean_menu_typo_font_weight_mobile":"","ocean_menu_typo_transform":"","ocean_menu_typo_transform_tablet":"","ocean_menu_typo_transform_mobile":"","ocean_menu_typo_line_height":0,"ocean_menu_typo_line_height_tablet":0,"ocean_menu_typo_line_height_mobile":0,"ocean_menu_typo_line_height_unit":"","ocean_menu_typo_spacing":0,"ocean_menu_typo_spacing_tablet":0,"ocean_menu_typo_spacing_mobile":0,"ocean_menu_typo_spacing_unit":"","ocean_menu_link_color":"","ocean_menu_link_color_hover":"","ocean_menu_link_color_active":"","ocean_menu_link_background":"","ocean_menu_link_hover_background":"","ocean_menu_link_active_background":"","ocean_menu_social_links_bg":"","ocean_menu_social_hover_links_bg":"","ocean_menu_social_links_color":"","ocean_menu_social_hover_links_color":"","ocean_disable_title":"default","ocean_disable_heading":"default","ocean_post_title":"","ocean_post_subheading":"","ocean_post_title_style":"","ocean_post_title_background_color":"","ocean_post_title_background":0,"ocean_post_title_bg_image_position":"","ocean_post_title_bg_image_attachment":"","ocean_post_title_bg_image_repeat":"","ocean_post_title_bg_image_size":"","ocean_post_title_height":0,"ocean_post_title_bg_overlay":0.5,"ocean_post_title_bg_overlay_color":"","ocean_disable_breadcrumbs":"default","ocean_breadcrumbs_color":"","ocean_breadcrumbs_separator_color":"","ocean_breadcrumbs_links_color":"","ocean_breadcrumbs_links_hover_color":"","ocean_display_footer_widgets":"default","ocean_display_footer_bottom":"default","ocean_custom_footer_template":"","ocean_post_oembed":"","ocean_post_self_hosted_media":"","ocean_post_video_embed":"","ocean_link_format":"","ocean_link_format_target":"self","ocean_quote_format":"","ocean_quote_format_link":"post","ocean_gallery_link_images":"off","ocean_gallery_id":[],"footnotes":""},"categories":[8],"tags":[],"class_list":["post-16322","post","type-post","status-publish","format-standard","hentry","category-noticias","entry"],"yoast_head":"<!-- This site is optimized with the Yoast SEO plugin v26.5 - https:\/\/yoast.com\/wordpress\/plugins\/seo\/ -->\n<title>P\u00f3s Gradua\u00e7\u00e3o em Sociologia Pol\u00edtica inscreve at\u00e9 19\/11 para mestrado e doutorado - UENF - Universidade Estadual do Norte Fluminense Darcy Ribeiro<\/title>\n<meta name=\"robots\" content=\"noindex, follow, max-snippet:-1, max-image-preview:large, max-video-preview:-1\" \/>\n<meta property=\"og:locale\" content=\"pt_BR\" \/>\n<meta property=\"og:type\" content=\"article\" \/>\n<meta property=\"og:title\" content=\"P\u00f3s Gradua\u00e7\u00e3o em Sociologia Pol\u00edtica inscreve at\u00e9 19\/11 para mestrado e doutorado - UENF - Universidade Estadual do Norte Fluminense Darcy Ribeiro\" \/>\n<meta property=\"og:description\" content=\"Ao completar 15 anos, o Programa de Sociologia Pol\u00edtica teve seu conceito Capes aumentado de 4 para 5 O Programa de P\u00f3s Gradua\u00e7\u00e3o em Sociologia Pol\u00edtica (PPGSP) da UENF, que na \u00faltima avalia\u00e7\u00e3o da Capes aumentou seu conceito de 4 para 5, est\u00e1 com inscri\u00e7\u00f5es abertas at\u00e9 19\/11\/22 para Mestrado e Doutorado. Este ano, o [&hellip;]\" \/>\n<meta property=\"og:url\" content=\"https:\/\/portal1.uenf.br\/portal\/noticias\/pos-graduacao-em-sociologia-politica-inscreve-ate-19-de-novembro-para-mestrado-e-doutorado\/\" \/>\n<meta property=\"og:site_name\" content=\"UENF - Universidade Estadual do Norte Fluminense Darcy Ribeiro\" \/>\n<meta property=\"article:published_time\" content=\"2022-11-03T17:33:25+00:00\" \/>\n<meta property=\"og:image\" content=\"https:\/\/uenf.br\/portal\/wp-content\/uploads\/2022\/11\/Logo-PPGSP.jpg\" \/>\n<meta name=\"author\" content=\"admin\" \/>\n<meta name=\"twitter:card\" content=\"summary_large_image\" \/>\n<meta name=\"twitter:label1\" content=\"Escrito por\" \/>\n\t<meta name=\"twitter:data1\" content=\"admin\" \/>\n\t<meta name=\"twitter:label2\" content=\"Est. tempo de leitura\" \/>\n\t<meta name=\"twitter:data2\" content=\"2 minutos\" \/>\n<script type=\"application\/ld+json\" class=\"yoast-schema-graph\">{\"@context\":\"https:\/\/schema.org\",\"@graph\":[{\"@type\":\"Article\",\"@id\":\"https:\/\/portal1.uenf.br\/portal\/noticias\/pos-graduacao-em-sociologia-politica-inscreve-ate-19-de-novembro-para-mestrado-e-doutorado\/#article\",\"isPartOf\":{\"@id\":\"https:\/\/portal1.uenf.br\/portal\/noticias\/pos-graduacao-em-sociologia-politica-inscreve-ate-19-de-novembro-para-mestrado-e-doutorado\/\"},\"author\":{\"name\":\"admin\",\"@id\":\"https:\/\/portal1.uenf.br\/portal\/#\/schema\/person\/068abbf03b6f8478c845bc8ded9270c7\"},\"headline\":\"P\u00f3s Gradua\u00e7\u00e3o em Sociologia Pol\u00edtica inscreve at\u00e9 19\/11 para mestrado e doutorado\",\"datePublished\":\"2022-11-03T17:33:25+00:00\",\"mainEntityOfPage\":{\"@id\":\"https:\/\/portal1.uenf.br\/portal\/noticias\/pos-graduacao-em-sociologia-politica-inscreve-ate-19-de-novembro-para-mestrado-e-doutorado\/\"},\"wordCount\":331,\"publisher\":{\"@id\":\"https:\/\/portal1.uenf.br\/portal\/#organization\"},\"image\":{\"@id\":\"https:\/\/portal1.uenf.br\/portal\/noticias\/pos-graduacao-em-sociologia-politica-inscreve-ate-19-de-novembro-para-mestrado-e-doutorado\/#primaryimage\"},\"thumbnailUrl\":\"https:\/\/uenf.br\/portal\/wp-content\/uploads\/2022\/11\/Logo-PPGSP.jpg\",\"articleSection\":[\"Not\u00edcias\"],\"inLanguage\":\"pt-BR\"},{\"@type\":\"WebPage\",\"@id\":\"https:\/\/portal1.uenf.br\/portal\/noticias\/pos-graduacao-em-sociologia-politica-inscreve-ate-19-de-novembro-para-mestrado-e-doutorado\/\",\"url\":\"https:\/\/portal1.uenf.br\/portal\/noticias\/pos-graduacao-em-sociologia-politica-inscreve-ate-19-de-novembro-para-mestrado-e-doutorado\/\",\"name\":\"P\u00f3s Gradua\u00e7\u00e3o em Sociologia Pol\u00edtica inscreve at\u00e9 19\/11 para mestrado e doutorado - UENF - Universidade Estadual do Norte Fluminense Darcy Ribeiro\",\"isPartOf\":{\"@id\":\"https:\/\/portal1.uenf.br\/portal\/#website\"},\"primaryImageOfPage\":{\"@id\":\"https:\/\/portal1.uenf.br\/portal\/noticias\/pos-graduacao-em-sociologia-politica-inscreve-ate-19-de-novembro-para-mestrado-e-doutorado\/#primaryimage\"},\"image\":{\"@id\":\"https:\/\/portal1.uenf.br\/portal\/noticias\/pos-graduacao-em-sociologia-politica-inscreve-ate-19-de-novembro-para-mestrado-e-doutorado\/#primaryimage\"},\"thumbnailUrl\":\"https:\/\/uenf.br\/portal\/wp-content\/uploads\/2022\/11\/Logo-PPGSP.jpg\",\"datePublished\":\"2022-11-03T17:33:25+00:00\",\"breadcrumb\":{\"@id\":\"https:\/\/portal1.uenf.br\/portal\/noticias\/pos-graduacao-em-sociologia-politica-inscreve-ate-19-de-novembro-para-mestrado-e-doutorado\/#breadcrumb\"},\"inLanguage\":\"pt-BR\",\"potentialAction\":[{\"@type\":\"ReadAction\",\"target\":[\"https:\/\/portal1.uenf.br\/portal\/noticias\/pos-graduacao-em-sociologia-politica-inscreve-ate-19-de-novembro-para-mestrado-e-doutorado\/\"]}]},{\"@type\":\"ImageObject\",\"inLanguage\":\"pt-BR\",\"@id\":\"https:\/\/portal1.uenf.br\/portal\/noticias\/pos-graduacao-em-sociologia-politica-inscreve-ate-19-de-novembro-para-mestrado-e-doutorado\/#primaryimage\",\"url\":\"https:\/\/uenf.br\/portal\/wp-content\/uploads\/2022\/11\/Logo-PPGSP.jpg\",\"contentUrl\":\"https:\/\/uenf.br\/portal\/wp-content\/uploads\/2022\/11\/Logo-PPGSP.jpg\"},{\"@type\":\"BreadcrumbList\",\"@id\":\"https:\/\/portal1.uenf.br\/portal\/noticias\/pos-graduacao-em-sociologia-politica-inscreve-ate-19-de-novembro-para-mestrado-e-doutorado\/#breadcrumb\",\"itemListElement\":[{\"@type\":\"ListItem\",\"position\":1,\"name\":\"In\u00edcio\",\"item\":\"https:\/\/portal1.uenf.br\/portal\/\"},{\"@type\":\"ListItem\",\"position\":2,\"name\":\"P\u00f3s Gradua\u00e7\u00e3o em Sociologia Pol\u00edtica inscreve at\u00e9 19\/11 para mestrado e doutorado\"}]},{\"@type\":\"WebSite\",\"@id\":\"https:\/\/portal1.uenf.br\/portal\/#website\",\"url\":\"https:\/\/portal1.uenf.br\/portal\/\",\"name\":\"UENF - Universidade Estadual do Norte Fluminense Darcy Ribeiro\",\"description\":\"\",\"publisher\":{\"@id\":\"https:\/\/portal1.uenf.br\/portal\/#organization\"},\"potentialAction\":[{\"@type\":\"SearchAction\",\"target\":{\"@type\":\"EntryPoint\",\"urlTemplate\":\"https:\/\/portal1.uenf.br\/portal\/?s={search_term_string}\"},\"query-input\":{\"@type\":\"PropertyValueSpecification\",\"valueRequired\":true,\"valueName\":\"search_term_string\"}}],\"inLanguage\":\"pt-BR\"},{\"@type\":\"Organization\",\"@id\":\"https:\/\/portal1.uenf.br\/portal\/#organization\",\"name\":\"UENF - Universidade Estadual do Norte Fluminense Darcy Ribeiro\",\"url\":\"https:\/\/portal1.uenf.br\/portal\/\",\"logo\":{\"@type\":\"ImageObject\",\"inLanguage\":\"pt-BR\",\"@id\":\"https:\/\/portal1.uenf.br\/portal\/#\/schema\/logo\/image\/\",\"url\":\"https:\/\/portal1.uenf.br\/portal\/wp-content\/uploads\/2018\/06\/logo-uenf-invertido-1.png\",\"contentUrl\":\"https:\/\/portal1.uenf.br\/portal\/wp-content\/uploads\/2018\/06\/logo-uenf-invertido-1.png\",\"width\":482,\"height\":83,\"caption\":\"UENF - Universidade Estadual do Norte Fluminense Darcy Ribeiro\"},\"image\":{\"@id\":\"https:\/\/portal1.uenf.br\/portal\/#\/schema\/logo\/image\/\"}},{\"@type\":\"Person\",\"@id\":\"https:\/\/portal1.uenf.br\/portal\/#\/schema\/person\/068abbf03b6f8478c845bc8ded9270c7\",\"name\":\"admin\",\"image\":{\"@type\":\"ImageObject\",\"inLanguage\":\"pt-BR\",\"@id\":\"https:\/\/portal1.uenf.br\/portal\/#\/schema\/person\/image\/\",\"url\":\"https:\/\/secure.gravatar.com\/avatar\/e5ecf9e4fae0742f4b136f518195bafa7b2d3f7c709f4bdc6707588ef68a6e25?s=96&d=mm&r=g\",\"contentUrl\":\"https:\/\/secure.gravatar.com\/avatar\/e5ecf9e4fae0742f4b136f518195bafa7b2d3f7c709f4bdc6707588ef68a6e25?s=96&d=mm&r=g\",\"caption\":\"admin\"},\"sameAs\":[\"https:\/\/portal1.uenf.br\/portal\"],\"url\":\"https:\/\/portal1.uenf.br\/portal\/author\/edson\/\"}]}<\/script>\n<!-- \/ Yoast SEO plugin. -->","yoast_head_json":{"title":"P\u00f3s Gradua\u00e7\u00e3o em Sociologia Pol\u00edtica inscreve at\u00e9 19\/11 para mestrado e doutorado - UENF - Universidade Estadual do Norte Fluminense Darcy Ribeiro","robots":{"index":"noindex","follow":"follow","max-snippet":"max-snippet:-1","max-image-preview":"max-image-preview:large","max-video-preview":"max-video-preview:-1"},"og_locale":"pt_BR","og_type":"article","og_title":"P\u00f3s Gradua\u00e7\u00e3o em Sociologia Pol\u00edtica inscreve at\u00e9 19\/11 para mestrado e doutorado - UENF - Universidade Estadual do Norte Fluminense Darcy Ribeiro","og_description":"Ao completar 15 anos, o Programa de Sociologia Pol\u00edtica teve seu conceito Capes aumentado de 4 para 5 O Programa de P\u00f3s Gradua\u00e7\u00e3o em Sociologia Pol\u00edtica (PPGSP) da UENF, que na \u00faltima avalia\u00e7\u00e3o da Capes aumentou seu conceito de 4 para 5, est\u00e1 com inscri\u00e7\u00f5es abertas at\u00e9 19\/11\/22 para Mestrado e Doutorado. Este ano, o [&hellip;]","og_url":"https:\/\/portal1.uenf.br\/portal\/noticias\/pos-graduacao-em-sociologia-politica-inscreve-ate-19-de-novembro-para-mestrado-e-doutorado\/","og_site_name":"UENF - Universidade Estadual do Norte Fluminense Darcy Ribeiro","article_published_time":"2022-11-03T17:33:25+00:00","og_image":[{"url":"https:\/\/uenf.br\/portal\/wp-content\/uploads\/2022\/11\/Logo-PPGSP.jpg","type":"","width":"","height":""}],"author":"admin","twitter_card":"summary_large_image","twitter_misc":{"Escrito por":"admin","Est. tempo de leitura":"2 minutos"},"schema":{"@context":"https:\/\/schema.org","@graph":[{"@type":"Article","@id":"https:\/\/portal1.uenf.br\/portal\/noticias\/pos-graduacao-em-sociologia-politica-inscreve-ate-19-de-novembro-para-mestrado-e-doutorado\/#article","isPartOf":{"@id":"https:\/\/portal1.uenf.br\/portal\/noticias\/pos-graduacao-em-sociologia-politica-inscreve-ate-19-de-novembro-para-mestrado-e-doutorado\/"},"author":{"name":"admin","@id":"https:\/\/portal1.uenf.br\/portal\/#\/schema\/person\/068abbf03b6f8478c845bc8ded9270c7"},"headline":"P\u00f3s Gradua\u00e7\u00e3o em Sociologia Pol\u00edtica inscreve at\u00e9 19\/11 para mestrado e doutorado","datePublished":"2022-11-03T17:33:25+00:00","mainEntityOfPage":{"@id":"https:\/\/portal1.uenf.br\/portal\/noticias\/pos-graduacao-em-sociologia-politica-inscreve-ate-19-de-novembro-para-mestrado-e-doutorado\/"},"wordCount":331,"publisher":{"@id":"https:\/\/portal1.uenf.br\/portal\/#organization"},"image":{"@id":"https:\/\/portal1.uenf.br\/portal\/noticias\/pos-graduacao-em-sociologia-politica-inscreve-ate-19-de-novembro-para-mestrado-e-doutorado\/#primaryimage"},"thumbnailUrl":"https:\/\/uenf.br\/portal\/wp-content\/uploads\/2022\/11\/Logo-PPGSP.jpg","articleSection":["Not\u00edcias"],"inLanguage":"pt-BR"},{"@type":"WebPage","@id":"https:\/\/portal1.uenf.br\/portal\/noticias\/pos-graduacao-em-sociologia-politica-inscreve-ate-19-de-novembro-para-mestrado-e-doutorado\/","url":"https:\/\/portal1.uenf.br\/portal\/noticias\/pos-graduacao-em-sociologia-politica-inscreve-ate-19-de-novembro-para-mestrado-e-doutorado\/","name":"P\u00f3s Gradua\u00e7\u00e3o em Sociologia Pol\u00edtica inscreve at\u00e9 19\/11 para mestrado e doutorado - UENF - Universidade Estadual do Norte Fluminense Darcy Ribeiro","isPartOf":{"@id":"https:\/\/portal1.uenf.br\/portal\/#website"},"primaryImageOfPage":{"@id":"https:\/\/portal1.uenf.br\/portal\/noticias\/pos-graduacao-em-sociologia-politica-inscreve-ate-19-de-novembro-para-mestrado-e-doutorado\/#primaryimage"},"image":{"@id":"https:\/\/portal1.uenf.br\/portal\/noticias\/pos-graduacao-em-sociologia-politica-inscreve-ate-19-de-novembro-para-mestrado-e-doutorado\/#primaryimage"},"thumbnailUrl":"https:\/\/uenf.br\/portal\/wp-content\/uploads\/2022\/11\/Logo-PPGSP.jpg","datePublished":"2022-11-03T17:33:25+00:00","breadcrumb":{"@id":"https:\/\/portal1.uenf.br\/portal\/noticias\/pos-graduacao-em-sociologia-politica-inscreve-ate-19-de-novembro-para-mestrado-e-doutorado\/#breadcrumb"},"inLanguage":"pt-BR","potentialAction":[{"@type":"ReadAction","target":["https:\/\/portal1.uenf.br\/portal\/noticias\/pos-graduacao-em-sociologia-politica-inscreve-ate-19-de-novembro-para-mestrado-e-doutorado\/"]}]},{"@type":"ImageObject","inLanguage":"pt-BR","@id":"https:\/\/portal1.uenf.br\/portal\/noticias\/pos-graduacao-em-sociologia-politica-inscreve-ate-19-de-novembro-para-mestrado-e-doutorado\/#primaryimage","url":"https:\/\/uenf.br\/portal\/wp-content\/uploads\/2022\/11\/Logo-PPGSP.jpg","contentUrl":"https:\/\/uenf.br\/portal\/wp-content\/uploads\/2022\/11\/Logo-PPGSP.jpg"},{"@type":"BreadcrumbList","@id":"https:\/\/portal1.uenf.br\/portal\/noticias\/pos-graduacao-em-sociologia-politica-inscreve-ate-19-de-novembro-para-mestrado-e-doutorado\/#breadcrumb","itemListElement":[{"@type":"ListItem","position":1,"name":"In\u00edcio","item":"https:\/\/portal1.uenf.br\/portal\/"},{"@type":"ListItem","position":2,"name":"P\u00f3s Gradua\u00e7\u00e3o em Sociologia Pol\u00edtica inscreve at\u00e9 19\/11 para mestrado e doutorado"}]},{"@type":"WebSite","@id":"https:\/\/portal1.uenf.br\/portal\/#website","url":"https:\/\/portal1.uenf.br\/portal\/","name":"UENF - Universidade Estadual do Norte Fluminense Darcy Ribeiro","description":"","publisher":{"@id":"https:\/\/portal1.uenf.br\/portal\/#organization"},"potentialAction":[{"@type":"SearchAction","target":{"@type":"EntryPoint","urlTemplate":"https:\/\/portal1.uenf.br\/portal\/?s={search_term_string}"},"query-input":{"@type":"PropertyValueSpecification","valueRequired":true,"valueName":"search_term_string"}}],"inLanguage":"pt-BR"},{"@type":"Organization","@id":"https:\/\/portal1.uenf.br\/portal\/#organization","name":"UENF - Universidade Estadual do Norte Fluminense Darcy Ribeiro","url":"https:\/\/portal1.uenf.br\/portal\/","logo":{"@type":"ImageObject","inLanguage":"pt-BR","@id":"https:\/\/portal1.uenf.br\/portal\/#\/schema\/logo\/image\/","url":"https:\/\/portal1.uenf.br\/portal\/wp-content\/uploads\/2018\/06\/logo-uenf-invertido-1.png","contentUrl":"https:\/\/portal1.uenf.br\/portal\/wp-content\/uploads\/2018\/06\/logo-uenf-invertido-1.png","width":482,"height":83,"caption":"UENF - Universidade Estadual do Norte Fluminense Darcy Ribeiro"},"image":{"@id":"https:\/\/portal1.uenf.br\/portal\/#\/schema\/logo\/image\/"}},{"@type":"Person","@id":"https:\/\/portal1.uenf.br\/portal\/#\/schema\/person\/068abbf03b6f8478c845bc8ded9270c7","name":"admin","image":{"@type":"ImageObject","inLanguage":"pt-BR","@id":"https:\/\/portal1.uenf.br\/portal\/#\/schema\/person\/image\/","url":"https:\/\/secure.gravatar.com\/avatar\/e5ecf9e4fae0742f4b136f518195bafa7b2d3f7c709f4bdc6707588ef68a6e25?s=96&d=mm&r=g","contentUrl":"https:\/\/secure.gravatar.com\/avatar\/e5ecf9e4fae0742f4b136f518195bafa7b2d3f7c709f4bdc6707588ef68a6e25?s=96&d=mm&r=g","caption":"admin"},"sameAs":["https:\/\/portal1.uenf.br\/portal"],"url":"https:\/\/portal1.uenf.br\/portal\/author\/edson\/"}]}},"_links":{"self":[{"href":"https:\/\/portal1.uenf.br\/portal\/wp-json\/wp\/v2\/posts\/16322","targetHints":{"allow":["GET"]}}],"collection":[{"href":"https:\/\/portal1.uenf.br\/portal\/wp-json\/wp\/v2\/posts"}],"about":[{"href":"https:\/\/portal1.uenf.br\/portal\/wp-json\/wp\/v2\/types\/post"}],"author":[{"embeddable":true,"href":"https:\/\/portal1.uenf.br\/portal\/wp-json\/wp\/v2\/users\/1"}],"replies":[{"embeddable":true,"href":"https:\/\/portal1.uenf.br\/portal\/wp-json\/wp\/v2\/comments?post=16322"}],"version-history":[{"count":0,"href":"https:\/\/portal1.uenf.br\/portal\/wp-json\/wp\/v2\/posts\/16322\/revisions"}],"wp:attachment":[{"href":"https:\/\/portal1.uenf.br\/portal\/wp-json\/wp\/v2\/media?parent=16322"}],"wp:term":[{"taxonomy":"category","embeddable":true,"href":"https:\/\/portal1.uenf.br\/portal\/wp-json\/wp\/v2\/categories?post=16322"},{"taxonomy":"post_tag","embeddable":true,"href":"https:\/\/portal1.uenf.br\/portal\/wp-json\/wp\/v2\/tags?post=16322"}],"curies":[{"name":"wp","href":"https:\/\/api.w.org\/{rel}","templated":true}]}}